{"id":4167,"date":"2025-01-08T18:21:36","date_gmt":"2025-01-08T17:21:36","guid":{"rendered":"https:\/\/vieassociative.be\/actualites\/comment-faire-face-au-syndrome-du-nid-vide-pendant-la-pandemie\/"},"modified":"2025-01-08T18:21:36","modified_gmt":"2025-01-08T17:21:36","slug":"comment-faire-face-au-syndrome-du-nid-vide-pendant-la-pandemie","status":"publish","type":"post","link":"https:\/\/vieassociative.be\/actualites\/comment-faire-face-au-syndrome-du-nid-vide-pendant-la-pandemie\/","title":{"rendered":"Comment faire face au syndrome du nid vide pendant la pand\u00e9mie"},"content":{"rendered":"<div class=\"mt-4 leading-6 md:mb-8\">Ils ont d\u00e9m\u00e9nag\u00e9, ils sont revenus et maintenant ils repartent.<\/div>\n<p><\/p>\n<p>Au cours de la derni\u00e8re ann\u00e9e, de nombreux parents ont v\u00e9cu l\u2019exp\u00e9rience inattendue de voir leurs enfants adultes revenir vivre avec eux en raison de divers probl\u00e8mes li\u00e9s \u00e0 la pand\u00e9mie, tels que le passage de leur universit\u00e9 aux cours en ligne, la perte d\u2019emploi ou des difficult\u00e9s financi\u00e8res. Selon un r\u00e9cent sondage du Pew Research Center, 52 % des jeunes adultes \u00e2g\u00e9s de 18 \u00e0 29 ans vivaient avec leurs parents en juillet 2020. Il s&rsquo;agit du pourcentage le plus \u00e9lev\u00e9 enregistr\u00e9 depuis le d\u00e9but de sa mesure, le deuxi\u00e8me plus \u00e9lev\u00e9 \u00e9tant vers la fin de l&rsquo;ann\u00e9e. la Grande D\u00e9pression. Le nid, une fois vide, \u00e9tait \u00e0 nouveau plein.<\/p>\n<p>Maintenant que tout s&rsquo;ouvre \u00e0 nouveau, de nombreux parents doivent faire face au d\u00e9m\u00e9nagement de leurs enfants. <em>encore<\/em>provoquant une deuxi\u00e8me s\u00e9rie de syndrome du nid vide. Pour de nombreux parents, cela peut conduire \u00e0 un sentiment de chagrin et de perte, ainsi qu\u2019\u00e0 une r\u00e9\u00e9valuation de qui ils sont, en dehors de leur r\u00f4le parental. Et \u00e0 ce moment pr\u00e9cis, ces sentiments se m\u00ealent \u00e9galement aux nombreux autres facteurs de stress des 18 derniers mois. <\/p>\n<p>\u00ab Il y a tout simplement plus de vuln\u00e9rabilit\u00e9 avec la COVID \u00bb, a d\u00e9clar\u00e9 Natalie Caine, dont l&rsquo;organisation, Life In Transition, offre un soutien aux parents traversant des transitions, comme le d\u00e9m\u00e9nagement de leurs enfants. <\/p>\n<h2 id=\"when-adult-children-move-out-and-then-move-back-in\">Lorsque des enfants adultes d\u00e9m\u00e9nagent, puis reviennent<\/h2>\n<p>\u00ab\u00a0En tant que famille, nous avons un certain mod\u00e8le, une fa\u00e7on de vivre qui devient quelque peu confortable\u00a0\u00bb, a d\u00e9clar\u00e9 Jerrold Shapiro, professeur de psychologie clinique \u00e0 l&rsquo;Universit\u00e9 de Santa Clara et auteur du livre.<em> Trouver un sens, affronter ses peurs\u00a0: vivre pleinement entre la quarantaine et la retraite<\/em>. \u00ab Ensuite, il y a un changement o\u00f9 l&rsquo;on passe soudainement d&rsquo;un syst\u00e8me dans lequel les enfants peuvent \u00eatre le point central \u00e0 un syst\u00e8me dans lequel les parents sont simplement les uns avec les autres. Cela demande beaucoup d\u2019ajustements. <\/p>\n<p>Dans le cas d\u2019enfants adultes qui reviennent puis d\u00e9m\u00e9nagent, cela a introduit une nouvelle tension, car les parents ont d\u2019abord d\u00fb composer avec un nouvel ensemble de r\u00e8gles et d\u2019attentes familiales pour vivre avec leurs enfants adultes. M\u00eame si la relation parent-enfant est saine, le retour d\u2019un enfant adulte peut toujours \u00eatre stressant. <\/p>\n<p>\u00ab\u00a0Lorsque les enfants quittent la maison, vous vous adaptez, vous cr\u00e9ez un nouveau syst\u00e8me, puis ils reviennent, et cela n\u00e9cessite une autre s\u00e9rie d&rsquo;ajustements, et c&rsquo;est un ajustement compliqu\u00e9, car lorsque les enfants reviennent, ils ne sont plus petits\u00a0\u00bb, a d\u00e9clar\u00e9 Shapiro. Puis, une fois que leurs enfants repartent, les parents doivent \u00e0 nouveau s&rsquo;adapter. \u00ab Chacun de ces ajustements nous pousse \u00e0 avoir peur de l\u2019inconnu \u00bb, a d\u00e9clar\u00e9 Shapiro. <\/p>\n<h2 id=\"re-evaluating-your-own-goals-and-dreams\">R\u00e9\u00e9valuer vos propres objectifs et r\u00eaves<\/h2>\n<p>\u00ab Faire face aux peurs de l\u2019inconnu de mani\u00e8re raisonnable et mod\u00e9r\u00e9e est tr\u00e8s sain \u00bb, a d\u00e9clar\u00e9 Shapiro. Cela pourrait inclure l\u2019essai de nouveaux passe-temps, le changement de vitesse dans votre carri\u00e8re, ainsi que le fait de passer plus de temps avec votre partenaire afin de r\u00e9tablir une relation en dehors du contexte de son r\u00f4le parental. <\/p>\n<p>Alors que les parents sont confront\u00e9s au syndrome du nid vide, il est important d\u2019\u00eatre patients et de se rappeler que l\u2019adaptation prendra du temps. \u00ab\u00a0C&rsquo;est incroyablement difficile de faire ces ajustements\u00a0\u00bb, a d\u00e9clar\u00e9 Shapiro. \u00ab\u00a0Lorsque vous vous adaptez \u00e0 l&rsquo;arriv\u00e9e et au d\u00e9m\u00e9nagement de quelqu&rsquo;un dans votre maison, puis \u00e0 l&#8217;emm\u00e9nagement et au d\u00e9m\u00e9nagement, ces ajustements doivent \u00eatre effectu\u00e9s en permanence.\u00a0\u00bb<\/p>\n<p>Le plus grand d\u00e9fi que pose le d\u00e9m\u00e9nagement des enfants est le processus de r\u00e9tablissement de leur identit\u00e9 en dehors de leur r\u00f4le de parent. \u00ab\u00a0Les parents se demandent : \u00ab\u00a0Quel est mon r\u00f4le\u00a0?\u00a0\u00bb\u00a0\u00bb, a d\u00e9clar\u00e9 Caine. <\/p>\n<p>Passer d&rsquo;un emploi du temps charg\u00e9 d&rsquo;\u00eatre parent \u00e0 temps plein \u00e0 une maison plus calme et plus vide peut \u00eatre un choc violent, m\u00eame si c&rsquo;est la deuxi\u00e8me fois qu&rsquo;ils d\u00e9m\u00e9nagent. Pour de nombreux parents, c&rsquo;est le moment de s&rsquo;appuyer sur leur r\u00e9seau de soutien, qui comprend leurs amis et leur famille, et c&rsquo;est le bon moment pour r\u00e9\u00e9valuer certains de leurs propres objectifs et r\u00eaves. <\/p>\n<p>\u00ab\u00a0Permettez-vous de r\u00eaver \u00e0 quelque chose que vous n&rsquo;avez jamais fait auparavant et que vous pourriez vouloir faire\u00a0\u00bb, a d\u00e9clar\u00e9 Caine. \u00ab\u00a0Vous devez commencer \u00e0 avoir votre liste de r\u00eaves et votre liste de r\u00e9alit\u00e9.\u00a0\u00bb<\/p>\n<p>Pour certains, cela pourrait signifier r\u00e9inventer leur carri\u00e8re ; pour d\u2019autres, il peut s\u2019agir de se lancer dans la sant\u00e9 et la forme physique ou de s\u2019initier \u00e0 un nouveau passe-temps. Cette liste de r\u00eaves sera diff\u00e9rente pour chacun, mais il est important d&rsquo;identifier ce qui compte pour vous, plut\u00f4t que certaines des activit\u00e9s les plus st\u00e9r\u00e9otyp\u00e9es auxquelles les autres pourraient s&rsquo;attendre. <\/p>\n<h2 id=\"maintain-an-open-line-of-communication-with-your-children\"><strong>Maintenez une ligne de communication ouverte avec vos enfants<\/strong> <\/h2>\n<p>Ce n\u2019est pas parce que vos enfants ont d\u00e9m\u00e9nag\u00e9 que vous cessez d\u2019\u00eatre parent. \u00ab\u00a0L&rsquo;inqui\u00e9tude concernant les enfants apr\u00e8s leur d\u00e9part \u00e0 l&rsquo;universit\u00e9 ne diminue pas beaucoup\u00a0\u00bb, a d\u00e9clar\u00e9 Shapiro. C&rsquo;est le moment o\u00f9 vous devez esp\u00e9rer que vous avez suffisamment bien enseign\u00e9 \u00e0 vos enfants et que les choses stupides et risqu\u00e9es qu&rsquo;ils font in\u00e9vitablement ne leur feront pas de mal, du moins pas de fa\u00e7on permanente. Dans un monde avec le COVID-19, cela signifie \u00e9galement que vous devez vous soucier de savoir s\u2019ils resteront en bonne sant\u00e9. <\/p>\n<p>Comme le souligne Caine, il est important de faire savoir \u00e0 vos enfants que tout le monde fait des erreurs, y compris vous, et que vous serez toujours l\u00e0 pour eux lorsqu&rsquo;ils le feront, qu&rsquo;ils apprennent ou non quelque chose de cette exp\u00e9rience. <\/p>\n<p>\u00ab\u00a0Ne soyez pas le professeur, soyez l&rsquo;humain empathique\u00a0\u00bb, a d\u00e9clar\u00e9 Caine. Comme elle le souligne, si vous accordez trop d&rsquo;importance \u00e0 l&rsquo;apprentissage de vos erreurs, cela cr\u00e9era de la confusion chez les enfants, les amenant \u00e0 croire que s&rsquo;ils n&rsquo;apprennent pas quelque chose, vous ne serez peut-\u00eatre pas l\u00e0 pour eux. \u00ab Ce que vous voulez vraiment dire, c&rsquo;est : &lsquo;Des erreurs se produisent et nous sommes l\u00e0 pour vous.&rsquo; P\u00e9riode\u00a0\u00bb, a d\u00e9clar\u00e9 Caine. <\/p>\n","protected":false},"excerpt":{"rendered":"<p>Ils ont d\u00e9m\u00e9nag\u00e9, ils sont revenus et maintenant ils repartent. Au cours de la derni\u00e8re ann\u00e9e, de nombreux parents ont v\u00e9cu l\u2019exp\u00e9rience inattendue de voir<\/p>\n","protected":false},"author":1,"featured_media":4168,"comment_status":"","ping_status":"","sticky":false,"template":"","format":"standard","meta":{"footnotes":""},"categories":[37],"tags":[44,733,127,4616,4617,198,4615,2686],"class_list":["post-4167","post","type-post","status-publish","format-standard","has-post-thumbnail","hentry","category-famille","tag-comment","tag-face","tag-faire","tag-nid","tag-pandemie","tag-pendant","tag-syndrome","tag-vide","generate-columns","tablet-grid-50","mobile-grid-100","grid-parent","grid-33"],"yoast_head":"<!-- This site is optimized with the Yoast SEO plugin v24.0 - https:\/\/yoast.com\/wordpress\/plugins\/seo\/ -->\n<title>Comment faire face au syndrome du nid vide pendant la pand\u00e9mie | Vie Associative<\/title>\n<meta name=\"robots\" content=\"index, follow, max-snippet:-1, max-image-preview:large, max-video-preview:-1\" \/>\n<link rel=\"canonical\" href=\"https:\/\/vieassociative.be\/actualites\/comment-faire-face-au-syndrome-du-nid-vide-pendant-la-pandemie\/\" \/>\n<meta property=\"og:locale\" content=\"fr_FR\" \/>\n<meta property=\"og:type\" content=\"article\" \/>\n<meta property=\"og:title\" content=\"Comment faire face au syndrome du nid vide pendant la pand\u00e9mie | Vie Associative\" \/>\n<meta property=\"og:description\" content=\"Ils ont d\u00e9m\u00e9nag\u00e9, ils sont revenus et maintenant ils repartent. Au cours de la derni\u00e8re ann\u00e9e, de nombreux parents ont v\u00e9cu l\u2019exp\u00e9rience inattendue de voir\" \/>\n<meta property=\"og:url\" content=\"https:\/\/vieassociative.be\/actualites\/comment-faire-face-au-syndrome-du-nid-vide-pendant-la-pandemie\/\" \/>\n<meta property=\"og:site_name\" content=\"Vie Associative\" \/>\n<meta property=\"article:published_time\" content=\"2025-01-08T17:21:36+00:00\" \/>\n<meta property=\"og:image\" content=\"https:\/\/vieassociative.be\/actualites\/wp-content\/uploads\/2024\/09\/header_backgroundk-01-e1726694325946.png\" \/>\n\t<meta property=\"og:image:width\" content=\"279\" \/>\n\t<meta property=\"og:image:height\" content=\"92\" \/>\n\t<meta property=\"og:image:type\" content=\"image\/png\" \/>\n<meta name=\"author\" content=\"Julien\" \/>\n<meta name=\"twitter:card\" content=\"summary_large_image\" \/>\n<meta name=\"twitter:label1\" content=\"\u00c9crit par\" \/>\n\t<meta name=\"twitter:data1\" content=\"Julien\" \/>\n\t<meta name=\"twitter:label2\" content=\"Dur\u00e9e de lecture est.\" \/>\n\t<meta name=\"twitter:data2\" content=\"5 minutes\" \/>\n<script type=\"application\/ld+json\" class=\"yoast-schema-graph\">{\"@context\":\"https:\/\/schema.org\",\"@graph\":[{\"@type\":\"Article\",\"@id\":\"https:\/\/vieassociative.be\/actualites\/comment-faire-face-au-syndrome-du-nid-vide-pendant-la-pandemie\/#article\",\"isPartOf\":{\"@id\":\"https:\/\/vieassociative.be\/actualites\/comment-faire-face-au-syndrome-du-nid-vide-pendant-la-pandemie\/\"},\"author\":{\"name\":\"Julien\",\"@id\":\"https:\/\/vieassociative.be\/actualites\/#\/schema\/person\/b87ac4f82f9d4e7b7cec7395b679edc4\"},\"headline\":\"Comment faire face au syndrome du nid vide pendant la pand\u00e9mie\",\"datePublished\":\"2025-01-08T17:21:36+00:00\",\"dateModified\":\"2025-01-08T17:21:36+00:00\",\"mainEntityOfPage\":{\"@id\":\"https:\/\/vieassociative.be\/actualites\/comment-faire-face-au-syndrome-du-nid-vide-pendant-la-pandemie\/\"},\"wordCount\":1129,\"publisher\":{\"@id\":\"https:\/\/vieassociative.be\/actualites\/#organization\"},\"image\":{\"@id\":\"https:\/\/vieassociative.be\/actualites\/comment-faire-face-au-syndrome-du-nid-vide-pendant-la-pandemie\/#primaryimage\"},\"thumbnailUrl\":\"https:\/\/vieassociative.be\/actualites\/wp-content\/uploads\/2025\/01\/Comment-faire-face-au-syndrome-du-nid-vide-pendant-la.jpg\",\"keywords\":[\"Comment\",\"face\",\"faire\",\"nid\",\"pand\u00e9mie\",\"pendant\",\"syndrome\",\"vide\"],\"articleSection\":[\"Famille\"],\"inLanguage\":\"fr-BE\"},{\"@type\":\"WebPage\",\"@id\":\"https:\/\/vieassociative.be\/actualites\/comment-faire-face-au-syndrome-du-nid-vide-pendant-la-pandemie\/\",\"url\":\"https:\/\/vieassociative.be\/actualites\/comment-faire-face-au-syndrome-du-nid-vide-pendant-la-pandemie\/\",\"name\":\"Comment faire face au syndrome du nid vide pendant la pand\u00e9mie | Vie Associative\",\"isPartOf\":{\"@id\":\"https:\/\/vieassociative.be\/actualites\/#website\"},\"primaryImageOfPage\":{\"@id\":\"https:\/\/vieassociative.be\/actualites\/comment-faire-face-au-syndrome-du-nid-vide-pendant-la-pandemie\/#primaryimage\"},\"image\":{\"@id\":\"https:\/\/vieassociative.be\/actualites\/comment-faire-face-au-syndrome-du-nid-vide-pendant-la-pandemie\/#primaryimage\"},\"thumbnailUrl\":\"https:\/\/vieassociative.be\/actualites\/wp-content\/uploads\/2025\/01\/Comment-faire-face-au-syndrome-du-nid-vide-pendant-la.jpg\",\"datePublished\":\"2025-01-08T17:21:36+00:00\",\"dateModified\":\"2025-01-08T17:21:36+00:00\",\"breadcrumb\":{\"@id\":\"https:\/\/vieassociative.be\/actualites\/comment-faire-face-au-syndrome-du-nid-vide-pendant-la-pandemie\/#breadcrumb\"},\"inLanguage\":\"fr-BE\",\"potentialAction\":[{\"@type\":\"ReadAction\",\"target\":[\"https:\/\/vieassociative.be\/actualites\/comment-faire-face-au-syndrome-du-nid-vide-pendant-la-pandemie\/\"]}]},{\"@type\":\"ImageObject\",\"inLanguage\":\"fr-BE\",\"@id\":\"https:\/\/vieassociative.be\/actualites\/comment-faire-face-au-syndrome-du-nid-vide-pendant-la-pandemie\/#primaryimage\",\"url\":\"https:\/\/vieassociative.be\/actualites\/wp-content\/uploads\/2025\/01\/Comment-faire-face-au-syndrome-du-nid-vide-pendant-la.jpg\",\"contentUrl\":\"https:\/\/vieassociative.be\/actualites\/wp-content\/uploads\/2025\/01\/Comment-faire-face-au-syndrome-du-nid-vide-pendant-la.jpg\",\"width\":1200,\"height\":675,\"caption\":\"Comment faire face au syndrome du nid vide pendant la pand\u00e9mie\"},{\"@type\":\"BreadcrumbList\",\"@id\":\"https:\/\/vieassociative.be\/actualites\/comment-faire-face-au-syndrome-du-nid-vide-pendant-la-pandemie\/#breadcrumb\",\"itemListElement\":[{\"@type\":\"ListItem\",\"position\":1,\"name\":\"Accueil\",\"item\":\"https:\/\/vieassociative.be\/actualites\/\"},{\"@type\":\"ListItem\",\"position\":2,\"name\":\"Comment faire face au syndrome du nid vide pendant la pand\u00e9mie\"}]},{\"@type\":\"WebSite\",\"@id\":\"https:\/\/vieassociative.be\/actualites\/#website\",\"url\":\"https:\/\/vieassociative.be\/actualites\/\",\"name\":\"Vie Associative\",\"description\":\"\",\"publisher\":{\"@id\":\"https:\/\/vieassociative.be\/actualites\/#organization\"},\"potentialAction\":[{\"@type\":\"SearchAction\",\"target\":{\"@type\":\"EntryPoint\",\"urlTemplate\":\"https:\/\/vieassociative.be\/actualites\/?s={search_term_string}\"},\"query-input\":{\"@type\":\"PropertyValueSpecification\",\"valueRequired\":true,\"valueName\":\"search_term_string\"}}],\"inLanguage\":\"fr-BE\"},{\"@type\":\"Organization\",\"@id\":\"https:\/\/vieassociative.be\/actualites\/#organization\",\"name\":\"Vie Associative\",\"url\":\"https:\/\/vieassociative.be\/actualites\/\",\"logo\":{\"@type\":\"ImageObject\",\"inLanguage\":\"fr-BE\",\"@id\":\"https:\/\/vieassociative.be\/actualites\/#\/schema\/logo\/image\/\",\"url\":\"https:\/\/vieassociative.be\/actualites\/wp-content\/uploads\/2024\/09\/cropped-vieassociative_favicon.ico.png\",\"contentUrl\":\"https:\/\/vieassociative.be\/actualites\/wp-content\/uploads\/2024\/09\/cropped-vieassociative_favicon.ico.png\",\"width\":512,\"height\":512,\"caption\":\"Vie Associative\"},\"image\":{\"@id\":\"https:\/\/vieassociative.be\/actualites\/#\/schema\/logo\/image\/\"}},{\"@type\":\"Person\",\"@id\":\"https:\/\/vieassociative.be\/actualites\/#\/schema\/person\/b87ac4f82f9d4e7b7cec7395b679edc4\",\"name\":\"Julien\",\"image\":{\"@type\":\"ImageObject\",\"inLanguage\":\"fr-BE\",\"@id\":\"https:\/\/vieassociative.be\/actualites\/#\/schema\/person\/image\/\",\"url\":\"https:\/\/vieassociative.be\/actualites\/wp-content\/uploads\/2024\/09\/vie-associative-1-150x150.jpg\",\"contentUrl\":\"https:\/\/vieassociative.be\/actualites\/wp-content\/uploads\/2024\/09\/vie-associative-1-150x150.jpg\",\"caption\":\"Julien\"},\"description\":\"Je suis Julien, r\u00e9dacteur pour Vie Associative. Passionn\u00e9 par le monde associatif depuis plus de 10 ans, j'ai \u00e0 c\u0153ur de partager des histoires inspirantes et de mettre en lumi\u00e8re les initiatives locales. Mon objectif est de sensibiliser et d'encourager l'engagement communautaire \u00e0 travers mes articles.\",\"sameAs\":[\"https:\/\/vieassociative.be\/\"]}]}<\/script>\n<!-- \/ Yoast SEO plugin. -->","yoast_head_json":{"title":"Comment faire face au syndrome du nid vide pendant la pand\u00e9mie | Vie Associative","robots":{"index":"index","follow":"follow","max-snippet":"max-snippet:-1","max-image-preview":"max-image-preview:large","max-video-preview":"max-video-preview:-1"},"canonical":"https:\/\/vieassociative.be\/actualites\/comment-faire-face-au-syndrome-du-nid-vide-pendant-la-pandemie\/","og_locale":"fr_FR","og_type":"article","og_title":"Comment faire face au syndrome du nid vide pendant la pand\u00e9mie | Vie Associative","og_description":"Ils ont d\u00e9m\u00e9nag\u00e9, ils sont revenus et maintenant ils repartent. Au cours de la derni\u00e8re ann\u00e9e, de nombreux parents ont v\u00e9cu l\u2019exp\u00e9rience inattendue de voir","og_url":"https:\/\/vieassociative.be\/actualites\/comment-faire-face-au-syndrome-du-nid-vide-pendant-la-pandemie\/","og_site_name":"Vie Associative","article_published_time":"2025-01-08T17:21:36+00:00","og_image":[{"width":279,"height":92,"url":"https:\/\/vieassociative.be\/actualites\/wp-content\/uploads\/2024\/09\/header_backgroundk-01-e1726694325946.png","type":"image\/png"}],"author":"Julien","twitter_card":"summary_large_image","twitter_misc":{"\u00c9crit par":"Julien","Dur\u00e9e de lecture est.":"5 minutes"},"schema":{"@context":"https:\/\/schema.org","@graph":[{"@type":"Article","@id":"https:\/\/vieassociative.be\/actualites\/comment-faire-face-au-syndrome-du-nid-vide-pendant-la-pandemie\/#article","isPartOf":{"@id":"https:\/\/vieassociative.be\/actualites\/comment-faire-face-au-syndrome-du-nid-vide-pendant-la-pandemie\/"},"author":{"name":"Julien","@id":"https:\/\/vieassociative.be\/actualites\/#\/schema\/person\/b87ac4f82f9d4e7b7cec7395b679edc4"},"headline":"Comment faire face au syndrome du nid vide pendant la pand\u00e9mie","datePublished":"2025-01-08T17:21:36+00:00","dateModified":"2025-01-08T17:21:36+00:00","mainEntityOfPage":{"@id":"https:\/\/vieassociative.be\/actualites\/comment-faire-face-au-syndrome-du-nid-vide-pendant-la-pandemie\/"},"wordCount":1129,"publisher":{"@id":"https:\/\/vieassociative.be\/actualites\/#organization"},"image":{"@id":"https:\/\/vieassociative.be\/actualites\/comment-faire-face-au-syndrome-du-nid-vide-pendant-la-pandemie\/#primaryimage"},"thumbnailUrl":"https:\/\/vieassociative.be\/actualites\/wp-content\/uploads\/2025\/01\/Comment-faire-face-au-syndrome-du-nid-vide-pendant-la.jpg","keywords":["Comment","face","faire","nid","pand\u00e9mie","pendant","syndrome","vide"],"articleSection":["Famille"],"inLanguage":"fr-BE"},{"@type":"WebPage","@id":"https:\/\/vieassociative.be\/actualites\/comment-faire-face-au-syndrome-du-nid-vide-pendant-la-pandemie\/","url":"https:\/\/vieassociative.be\/actualites\/comment-faire-face-au-syndrome-du-nid-vide-pendant-la-pandemie\/","name":"Comment faire face au syndrome du nid vide pendant la pand\u00e9mie | Vie Associative","isPartOf":{"@id":"https:\/\/vieassociative.be\/actualites\/#website"},"primaryImageOfPage":{"@id":"https:\/\/vieassociative.be\/actualites\/comment-faire-face-au-syndrome-du-nid-vide-pendant-la-pandemie\/#primaryimage"},"image":{"@id":"https:\/\/vieassociative.be\/actualites\/comment-faire-face-au-syndrome-du-nid-vide-pendant-la-pandemie\/#primaryimage"},"thumbnailUrl":"https:\/\/vieassociative.be\/actualites\/wp-content\/uploads\/2025\/01\/Comment-faire-face-au-syndrome-du-nid-vide-pendant-la.jpg","datePublished":"2025-01-08T17:21:36+00:00","dateModified":"2025-01-08T17:21:36+00:00","breadcrumb":{"@id":"https:\/\/vieassociative.be\/actualites\/comment-faire-face-au-syndrome-du-nid-vide-pendant-la-pandemie\/#breadcrumb"},"inLanguage":"fr-BE","potentialAction":[{"@type":"ReadAction","target":["https:\/\/vieassociative.be\/actualites\/comment-faire-face-au-syndrome-du-nid-vide-pendant-la-pandemie\/"]}]},{"@type":"ImageObject","inLanguage":"fr-BE","@id":"https:\/\/vieassociative.be\/actualites\/comment-faire-face-au-syndrome-du-nid-vide-pendant-la-pandemie\/#primaryimage","url":"https:\/\/vieassociative.be\/actualites\/wp-content\/uploads\/2025\/01\/Comment-faire-face-au-syndrome-du-nid-vide-pendant-la.jpg","contentUrl":"https:\/\/vieassociative.be\/actualites\/wp-content\/uploads\/2025\/01\/Comment-faire-face-au-syndrome-du-nid-vide-pendant-la.jpg","width":1200,"height":675,"caption":"Comment faire face au syndrome du nid vide pendant la pand\u00e9mie"},{"@type":"BreadcrumbList","@id":"https:\/\/vieassociative.be\/actualites\/comment-faire-face-au-syndrome-du-nid-vide-pendant-la-pandemie\/#breadcrumb","itemListElement":[{"@type":"ListItem","position":1,"name":"Accueil","item":"https:\/\/vieassociative.be\/actualites\/"},{"@type":"ListItem","position":2,"name":"Comment faire face au syndrome du nid vide pendant la pand\u00e9mie"}]},{"@type":"WebSite","@id":"https:\/\/vieassociative.be\/actualites\/#website","url":"https:\/\/vieassociative.be\/actualites\/","name":"Vie Associative","description":"","publisher":{"@id":"https:\/\/vieassociative.be\/actualites\/#organization"},"potentialAction":[{"@type":"SearchAction","target":{"@type":"EntryPoint","urlTemplate":"https:\/\/vieassociative.be\/actualites\/?s={search_term_string}"},"query-input":{"@type":"PropertyValueSpecification","valueRequired":true,"valueName":"search_term_string"}}],"inLanguage":"fr-BE"},{"@type":"Organization","@id":"https:\/\/vieassociative.be\/actualites\/#organization","name":"Vie Associative","url":"https:\/\/vieassociative.be\/actualites\/","logo":{"@type":"ImageObject","inLanguage":"fr-BE","@id":"https:\/\/vieassociative.be\/actualites\/#\/schema\/logo\/image\/","url":"https:\/\/vieassociative.be\/actualites\/wp-content\/uploads\/2024\/09\/cropped-vieassociative_favicon.ico.png","contentUrl":"https:\/\/vieassociative.be\/actualites\/wp-content\/uploads\/2024\/09\/cropped-vieassociative_favicon.ico.png","width":512,"height":512,"caption":"Vie Associative"},"image":{"@id":"https:\/\/vieassociative.be\/actualites\/#\/schema\/logo\/image\/"}},{"@type":"Person","@id":"https:\/\/vieassociative.be\/actualites\/#\/schema\/person\/b87ac4f82f9d4e7b7cec7395b679edc4","name":"Julien","image":{"@type":"ImageObject","inLanguage":"fr-BE","@id":"https:\/\/vieassociative.be\/actualites\/#\/schema\/person\/image\/","url":"https:\/\/vieassociative.be\/actualites\/wp-content\/uploads\/2024\/09\/vie-associative-1-150x150.jpg","contentUrl":"https:\/\/vieassociative.be\/actualites\/wp-content\/uploads\/2024\/09\/vie-associative-1-150x150.jpg","caption":"Julien"},"description":"Je suis Julien, r\u00e9dacteur pour Vie Associative. Passionn\u00e9 par le monde associatif depuis plus de 10 ans, j'ai \u00e0 c\u0153ur de partager des histoires inspirantes et de mettre en lumi\u00e8re les initiatives locales. Mon objectif est de sensibiliser et d'encourager l'engagement communautaire \u00e0 travers mes articles.","sameAs":["https:\/\/vieassociative.be\/"]}]}},"_links":{"self":[{"href":"https:\/\/vieassociative.be\/actualites\/wp-json\/wp\/v2\/posts\/4167"}],"collection":[{"href":"https:\/\/vieassociative.be\/actualites\/wp-json\/wp\/v2\/posts"}],"about":[{"href":"https:\/\/vieassociative.be\/actualites\/wp-json\/wp\/v2\/types\/post"}],"author":[{"embeddable":true,"href":"https:\/\/vieassociative.be\/actualites\/wp-json\/wp\/v2\/users\/1"}],"replies":[{"embeddable":true,"href":"https:\/\/vieassociative.be\/actualites\/wp-json\/wp\/v2\/comments?post=4167"}],"version-history":[{"count":0,"href":"https:\/\/vieassociative.be\/actualites\/wp-json\/wp\/v2\/posts\/4167\/revisions"}],"wp:featuredmedia":[{"embeddable":true,"href":"https:\/\/vieassociative.be\/actualites\/wp-json\/wp\/v2\/media\/4168"}],"wp:attachment":[{"href":"https:\/\/vieassociative.be\/actualites\/wp-json\/wp\/v2\/media?parent=4167"}],"wp:term":[{"taxonomy":"category","embeddable":true,"href":"https:\/\/vieassociative.be\/actualites\/wp-json\/wp\/v2\/categories?post=4167"},{"taxonomy":"post_tag","embeddable":true,"href":"https:\/\/vieassociative.be\/actualites\/wp-json\/wp\/v2\/tags?post=4167"}],"curies":[{"name":"wp","href":"https:\/\/api.w.org\/{rel}","templated":true}]}}