{"id":4164,"date":"2025-01-08T15:16:57","date_gmt":"2025-01-08T14:16:57","guid":{"rendered":"https:\/\/vieassociative.be\/actualites\/le-circuit-de-spa-francorchamps-continuera-de-faire-partie-de-la-formule-1-jusquen-2031-mais-pas-en-2028-et-2030\/"},"modified":"2025-01-08T15:16:57","modified_gmt":"2025-01-08T14:16:57","slug":"le-circuit-de-spa-francorchamps-continuera-de-faire-partie-de-la-formule-1-jusquen-2031-mais-pas-en-2028-et-2030","status":"publish","type":"post","link":"https:\/\/vieassociative.be\/actualites\/le-circuit-de-spa-francorchamps-continuera-de-faire-partie-de-la-formule-1-jusquen-2031-mais-pas-en-2028-et-2030\/","title":{"rendered":"Le circuit de Spa-Francorchamps continuera de faire partie de la Formule 1 jusqu&rsquo;en 2031 \u2013 mais pas en 2028 et 2030"},"content":{"rendered":"<p><strong>Spa-Francorchamps est l&rsquo;un des circuits de Formule 1 les plus populaires. Le Grand Prix de Belgique s&rsquo;y d\u00e9roulera \u00e9galement jusqu&rsquo;en 2031. Mais pas tous les ans.<\/strong><\/p>\n<p><span id=\"more-405769\"><\/span>Les fans de Formule 1 pourront continuer \u00e0 regarder le Grand Prix de Belgique sur le c\u00e9l\u00e8bre circuit de Spa-Francorchamps. Comme l&rsquo;a annonc\u00e9 la cat\u00e9gorie reine du sport automobile, la course ardennaise accueillera \u00e9galement la Formule 1 en 2026, 2027, 2029 et 2031. Toutefois, la prolongation du contrat ne s\u2019applique pas aux ann\u00e9es 2028 et 2030.<\/p>\n<p>\u00ab\u00a0Spa-Francorchamps est \u00e0 juste titre salu\u00e9 par les pilotes et les fans comme l&rsquo;un des meilleurs circuits de course au monde\u00a0\u00bb, a d\u00e9clar\u00e9 Stefano Domenicali, directeur g\u00e9n\u00e9ral de la Formule 1, selon le communiqu\u00e9.<\/p>\n<p>L&rsquo;itin\u00e9raire a \u00e9t\u00e9 consid\u00e9rablement modernis\u00e9 ces derni\u00e8res ann\u00e9es. Entre autres choses, deux nouveaux stands ont \u00e9t\u00e9 construits.<\/p>\n<p>Le circuit de Spa-Francorchamps, construit en 1921, est consid\u00e9r\u00e9 comme l&rsquo;un des circuits de Formule 1 les plus traditionnels. En 1950, elle participe au premier championnat de Formule 1. L&rsquo;ann\u00e9e derni\u00e8re, la superstar britannique Lewis Hamilton (Mercedes) a remport\u00e9 sa deuxi\u00e8me victoire de la saison apr\u00e8s que son co\u00e9quipier George Russell ait \u00e9t\u00e9 disqualifi\u00e9 pour avoir une voiture trop l\u00e9g\u00e8re.<\/p>\n<p>En raison du d\u00e9nivel\u00e9 du parcours d&rsquo;environ 100 m\u00e8tres et des nombreux virages, le parcours est \u00e9galement surnomm\u00e9 les \u00ab montagnes russes ardennaises \u00bb. (dpa)<\/p>\n","protected":false},"excerpt":{"rendered":"<p>Spa-Francorchamps est l&rsquo;un des circuits de Formule 1 les plus populaires. Le Grand Prix de Belgique s&rsquo;y d\u00e9roulera \u00e9galement jusqu&rsquo;en 2031. Mais pas tous les<\/p>\n","protected":false},"author":1,"featured_media":4165,"comment_status":"","ping_status":"","sticky":false,"template":"","format":"standard","meta":{"footnotes":""},"categories":[298],"tags":[4611,4613,127,4614,803,156,1663,126,4612],"class_list":["post-4164","post","type-post","status-publish","format-standard","has-post-thumbnail","hentry","category-belgique","tag-circuit","tag-continuera","tag-faire","tag-formule","tag-jusquen","tag-mais","tag-partie","tag-pas","tag-spafrancorchamps","generate-columns","tablet-grid-50","mobile-grid-100","grid-parent","grid-33"],"yoast_head":"<!-- This site is optimized with the Yoast SEO plugin v24.0 - https:\/\/yoast.com\/wordpress\/plugins\/seo\/ -->\n<title>Le circuit de Spa-Francorchamps continuera de faire partie de la Formule 1 jusqu&#039;en 2031 \u2013 mais pas en 2028 et 2030 | Vie Associative<\/title>\n<meta name=\"robots\" content=\"index, follow, max-snippet:-1, max-image-preview:large, max-video-preview:-1\" \/>\n<link rel=\"canonical\" href=\"https:\/\/vieassociative.be\/actualites\/le-circuit-de-spa-francorchamps-continuera-de-faire-partie-de-la-formule-1-jusquen-2031-mais-pas-en-2028-et-2030\/\" \/>\n<meta property=\"og:locale\" content=\"fr_FR\" \/>\n<meta property=\"og:type\" content=\"article\" \/>\n<meta property=\"og:title\" content=\"Le circuit de Spa-Francorchamps continuera de faire partie de la Formule 1 jusqu&#039;en 2031 \u2013 mais pas en 2028 et 2030 | Vie Associative\" \/>\n<meta property=\"og:description\" content=\"Spa-Francorchamps est l&rsquo;un des circuits de Formule 1 les plus populaires. Le Grand Prix de Belgique s&rsquo;y d\u00e9roulera \u00e9galement jusqu&rsquo;en 2031. Mais pas tous les\" \/>\n<meta property=\"og:url\" content=\"https:\/\/vieassociative.be\/actualites\/le-circuit-de-spa-francorchamps-continuera-de-faire-partie-de-la-formule-1-jusquen-2031-mais-pas-en-2028-et-2030\/\" \/>\n<meta property=\"og:site_name\" content=\"Vie Associative\" \/>\n<meta property=\"article:published_time\" content=\"2025-01-08T14:16:57+00:00\" \/>\n<meta property=\"og:image\" content=\"https:\/\/vieassociative.be\/actualites\/wp-content\/uploads\/2024\/09\/header_backgroundk-01-e1726694325946.png\" \/>\n\t<meta property=\"og:image:width\" content=\"279\" \/>\n\t<meta property=\"og:image:height\" content=\"92\" \/>\n\t<meta property=\"og:image:type\" content=\"image\/png\" \/>\n<meta name=\"author\" content=\"Julien\" \/>\n<meta name=\"twitter:card\" content=\"summary_large_image\" \/>\n<meta name=\"twitter:label1\" content=\"\u00c9crit par\" \/>\n\t<meta name=\"twitter:data1\" content=\"Julien\" \/>\n\t<meta name=\"twitter:label2\" content=\"Dur\u00e9e de lecture est.\" \/>\n\t<meta name=\"twitter:data2\" content=\"1 minute\" \/>\n<script type=\"application\/ld+json\" class=\"yoast-schema-graph\">{\"@context\":\"https:\/\/schema.org\",\"@graph\":[{\"@type\":\"Article\",\"@id\":\"https:\/\/vieassociative.be\/actualites\/le-circuit-de-spa-francorchamps-continuera-de-faire-partie-de-la-formule-1-jusquen-2031-mais-pas-en-2028-et-2030\/#article\",\"isPartOf\":{\"@id\":\"https:\/\/vieassociative.be\/actualites\/le-circuit-de-spa-francorchamps-continuera-de-faire-partie-de-la-formule-1-jusquen-2031-mais-pas-en-2028-et-2030\/\"},\"author\":{\"name\":\"Julien\",\"@id\":\"https:\/\/vieassociative.be\/actualites\/#\/schema\/person\/b87ac4f82f9d4e7b7cec7395b679edc4\"},\"headline\":\"Le circuit de Spa-Francorchamps continuera de faire partie de la Formule 1 jusqu&rsquo;en 2031 \u2013 mais pas en 2028 et 2030\",\"datePublished\":\"2025-01-08T14:16:57+00:00\",\"dateModified\":\"2025-01-08T14:16:57+00:00\",\"mainEntityOfPage\":{\"@id\":\"https:\/\/vieassociative.be\/actualites\/le-circuit-de-spa-francorchamps-continuera-de-faire-partie-de-la-formule-1-jusquen-2031-mais-pas-en-2028-et-2030\/\"},\"wordCount\":247,\"publisher\":{\"@id\":\"https:\/\/vieassociative.be\/actualites\/#organization\"},\"image\":{\"@id\":\"https:\/\/vieassociative.be\/actualites\/le-circuit-de-spa-francorchamps-continuera-de-faire-partie-de-la-formule-1-jusquen-2031-mais-pas-en-2028-et-2030\/#primaryimage\"},\"thumbnailUrl\":\"https:\/\/vieassociative.be\/actualites\/wp-content\/uploads\/2025\/01\/Le-circuit-de-Spa-Francorchamps-continuera-de-faire-partie-de-la.jpg\",\"keywords\":[\"circuit\",\"continuera\",\"faire\",\"Formule\",\"jusquen\",\"mais\",\"partie\",\"pas\",\"SpaFrancorchamps\"],\"articleSection\":[\"Belgique\"],\"inLanguage\":\"fr-BE\"},{\"@type\":\"WebPage\",\"@id\":\"https:\/\/vieassociative.be\/actualites\/le-circuit-de-spa-francorchamps-continuera-de-faire-partie-de-la-formule-1-jusquen-2031-mais-pas-en-2028-et-2030\/\",\"url\":\"https:\/\/vieassociative.be\/actualites\/le-circuit-de-spa-francorchamps-continuera-de-faire-partie-de-la-formule-1-jusquen-2031-mais-pas-en-2028-et-2030\/\",\"name\":\"Le circuit de Spa-Francorchamps continuera de faire partie de la Formule 1 jusqu'en 2031 \u2013 mais pas en 2028 et 2030 | Vie Associative\",\"isPartOf\":{\"@id\":\"https:\/\/vieassociative.be\/actualites\/#website\"},\"primaryImageOfPage\":{\"@id\":\"https:\/\/vieassociative.be\/actualites\/le-circuit-de-spa-francorchamps-continuera-de-faire-partie-de-la-formule-1-jusquen-2031-mais-pas-en-2028-et-2030\/#primaryimage\"},\"image\":{\"@id\":\"https:\/\/vieassociative.be\/actualites\/le-circuit-de-spa-francorchamps-continuera-de-faire-partie-de-la-formule-1-jusquen-2031-mais-pas-en-2028-et-2030\/#primaryimage\"},\"thumbnailUrl\":\"https:\/\/vieassociative.be\/actualites\/wp-content\/uploads\/2025\/01\/Le-circuit-de-Spa-Francorchamps-continuera-de-faire-partie-de-la.jpg\",\"datePublished\":\"2025-01-08T14:16:57+00:00\",\"dateModified\":\"2025-01-08T14:16:57+00:00\",\"breadcrumb\":{\"@id\":\"https:\/\/vieassociative.be\/actualites\/le-circuit-de-spa-francorchamps-continuera-de-faire-partie-de-la-formule-1-jusquen-2031-mais-pas-en-2028-et-2030\/#breadcrumb\"},\"inLanguage\":\"fr-BE\",\"potentialAction\":[{\"@type\":\"ReadAction\",\"target\":[\"https:\/\/vieassociative.be\/actualites\/le-circuit-de-spa-francorchamps-continuera-de-faire-partie-de-la-formule-1-jusquen-2031-mais-pas-en-2028-et-2030\/\"]}]},{\"@type\":\"ImageObject\",\"inLanguage\":\"fr-BE\",\"@id\":\"https:\/\/vieassociative.be\/actualites\/le-circuit-de-spa-francorchamps-continuera-de-faire-partie-de-la-formule-1-jusquen-2031-mais-pas-en-2028-et-2030\/#primaryimage\",\"url\":\"https:\/\/vieassociative.be\/actualites\/wp-content\/uploads\/2025\/01\/Le-circuit-de-Spa-Francorchamps-continuera-de-faire-partie-de-la.jpg\",\"contentUrl\":\"https:\/\/vieassociative.be\/actualites\/wp-content\/uploads\/2025\/01\/Le-circuit-de-Spa-Francorchamps-continuera-de-faire-partie-de-la.jpg\",\"width\":1200,\"height\":798,\"caption\":\"Le circuit de Spa-Francorchamps continuera de faire partie de la Formule 1 jusqu'en 2031 \u2013 mais pas en 2028 et 2030\"},{\"@type\":\"BreadcrumbList\",\"@id\":\"https:\/\/vieassociative.be\/actualites\/le-circuit-de-spa-francorchamps-continuera-de-faire-partie-de-la-formule-1-jusquen-2031-mais-pas-en-2028-et-2030\/#breadcrumb\",\"itemListElement\":[{\"@type\":\"ListItem\",\"position\":1,\"name\":\"Accueil\",\"item\":\"https:\/\/vieassociative.be\/actualites\/\"},{\"@type\":\"ListItem\",\"position\":2,\"name\":\"Le circuit de Spa-Francorchamps continuera de faire partie de la Formule 1 jusqu&rsquo;en 2031 \u2013 mais pas en 2028 et 2030\"}]},{\"@type\":\"WebSite\",\"@id\":\"https:\/\/vieassociative.be\/actualites\/#website\",\"url\":\"https:\/\/vieassociative.be\/actualites\/\",\"name\":\"Vie Associative\",\"description\":\"\",\"publisher\":{\"@id\":\"https:\/\/vieassociative.be\/actualites\/#organization\"},\"potentialAction\":[{\"@type\":\"SearchAction\",\"target\":{\"@type\":\"EntryPoint\",\"urlTemplate\":\"https:\/\/vieassociative.be\/actualites\/?s={search_term_string}\"},\"query-input\":{\"@type\":\"PropertyValueSpecification\",\"valueRequired\":true,\"valueName\":\"search_term_string\"}}],\"inLanguage\":\"fr-BE\"},{\"@type\":\"Organization\",\"@id\":\"https:\/\/vieassociative.be\/actualites\/#organization\",\"name\":\"Vie Associative\",\"url\":\"https:\/\/vieassociative.be\/actualites\/\",\"logo\":{\"@type\":\"ImageObject\",\"inLanguage\":\"fr-BE\",\"@id\":\"https:\/\/vieassociative.be\/actualites\/#\/schema\/logo\/image\/\",\"url\":\"https:\/\/vieassociative.be\/actualites\/wp-content\/uploads\/2024\/09\/cropped-vieassociative_favicon.ico.png\",\"contentUrl\":\"https:\/\/vieassociative.be\/actualites\/wp-content\/uploads\/2024\/09\/cropped-vieassociative_favicon.ico.png\",\"width\":512,\"height\":512,\"caption\":\"Vie Associative\"},\"image\":{\"@id\":\"https:\/\/vieassociative.be\/actualites\/#\/schema\/logo\/image\/\"}},{\"@type\":\"Person\",\"@id\":\"https:\/\/vieassociative.be\/actualites\/#\/schema\/person\/b87ac4f82f9d4e7b7cec7395b679edc4\",\"name\":\"Julien\",\"image\":{\"@type\":\"ImageObject\",\"inLanguage\":\"fr-BE\",\"@id\":\"https:\/\/vieassociative.be\/actualites\/#\/schema\/person\/image\/\",\"url\":\"https:\/\/vieassociative.be\/actualites\/wp-content\/uploads\/2024\/09\/vie-associative-1-150x150.jpg\",\"contentUrl\":\"https:\/\/vieassociative.be\/actualites\/wp-content\/uploads\/2024\/09\/vie-associative-1-150x150.jpg\",\"caption\":\"Julien\"},\"description\":\"Je suis Julien, r\u00e9dacteur pour Vie Associative. Passionn\u00e9 par le monde associatif depuis plus de 10 ans, j'ai \u00e0 c\u0153ur de partager des histoires inspirantes et de mettre en lumi\u00e8re les initiatives locales. Mon objectif est de sensibiliser et d'encourager l'engagement communautaire \u00e0 travers mes articles.\",\"sameAs\":[\"https:\/\/vieassociative.be\/\"]}]}<\/script>\n<!-- \/ Yoast SEO plugin. -->","yoast_head_json":{"title":"Le circuit de Spa-Francorchamps continuera de faire partie de la Formule 1 jusqu'en 2031 \u2013 mais pas en 2028 et 2030 | Vie Associative","robots":{"index":"index","follow":"follow","max-snippet":"max-snippet:-1","max-image-preview":"max-image-preview:large","max-video-preview":"max-video-preview:-1"},"canonical":"https:\/\/vieassociative.be\/actualites\/le-circuit-de-spa-francorchamps-continuera-de-faire-partie-de-la-formule-1-jusquen-2031-mais-pas-en-2028-et-2030\/","og_locale":"fr_FR","og_type":"article","og_title":"Le circuit de Spa-Francorchamps continuera de faire partie de la Formule 1 jusqu'en 2031 \u2013 mais pas en 2028 et 2030 | Vie Associative","og_description":"Spa-Francorchamps est l&rsquo;un des circuits de Formule 1 les plus populaires. Le Grand Prix de Belgique s&rsquo;y d\u00e9roulera \u00e9galement jusqu&rsquo;en 2031. Mais pas tous les","og_url":"https:\/\/vieassociative.be\/actualites\/le-circuit-de-spa-francorchamps-continuera-de-faire-partie-de-la-formule-1-jusquen-2031-mais-pas-en-2028-et-2030\/","og_site_name":"Vie Associative","article_published_time":"2025-01-08T14:16:57+00:00","og_image":[{"width":279,"height":92,"url":"https:\/\/vieassociative.be\/actualites\/wp-content\/uploads\/2024\/09\/header_backgroundk-01-e1726694325946.png","type":"image\/png"}],"author":"Julien","twitter_card":"summary_large_image","twitter_misc":{"\u00c9crit par":"Julien","Dur\u00e9e de lecture est.":"1 minute"},"schema":{"@context":"https:\/\/schema.org","@graph":[{"@type":"Article","@id":"https:\/\/vieassociative.be\/actualites\/le-circuit-de-spa-francorchamps-continuera-de-faire-partie-de-la-formule-1-jusquen-2031-mais-pas-en-2028-et-2030\/#article","isPartOf":{"@id":"https:\/\/vieassociative.be\/actualites\/le-circuit-de-spa-francorchamps-continuera-de-faire-partie-de-la-formule-1-jusquen-2031-mais-pas-en-2028-et-2030\/"},"author":{"name":"Julien","@id":"https:\/\/vieassociative.be\/actualites\/#\/schema\/person\/b87ac4f82f9d4e7b7cec7395b679edc4"},"headline":"Le circuit de Spa-Francorchamps continuera de faire partie de la Formule 1 jusqu&rsquo;en 2031 \u2013 mais pas en 2028 et 2030","datePublished":"2025-01-08T14:16:57+00:00","dateModified":"2025-01-08T14:16:57+00:00","mainEntityOfPage":{"@id":"https:\/\/vieassociative.be\/actualites\/le-circuit-de-spa-francorchamps-continuera-de-faire-partie-de-la-formule-1-jusquen-2031-mais-pas-en-2028-et-2030\/"},"wordCount":247,"publisher":{"@id":"https:\/\/vieassociative.be\/actualites\/#organization"},"image":{"@id":"https:\/\/vieassociative.be\/actualites\/le-circuit-de-spa-francorchamps-continuera-de-faire-partie-de-la-formule-1-jusquen-2031-mais-pas-en-2028-et-2030\/#primaryimage"},"thumbnailUrl":"https:\/\/vieassociative.be\/actualites\/wp-content\/uploads\/2025\/01\/Le-circuit-de-Spa-Francorchamps-continuera-de-faire-partie-de-la.jpg","keywords":["circuit","continuera","faire","Formule","jusquen","mais","partie","pas","SpaFrancorchamps"],"articleSection":["Belgique"],"inLanguage":"fr-BE"},{"@type":"WebPage","@id":"https:\/\/vieassociative.be\/actualites\/le-circuit-de-spa-francorchamps-continuera-de-faire-partie-de-la-formule-1-jusquen-2031-mais-pas-en-2028-et-2030\/","url":"https:\/\/vieassociative.be\/actualites\/le-circuit-de-spa-francorchamps-continuera-de-faire-partie-de-la-formule-1-jusquen-2031-mais-pas-en-2028-et-2030\/","name":"Le circuit de Spa-Francorchamps continuera de faire partie de la Formule 1 jusqu'en 2031 \u2013 mais pas en 2028 et 2030 | Vie Associative","isPartOf":{"@id":"https:\/\/vieassociative.be\/actualites\/#website"},"primaryImageOfPage":{"@id":"https:\/\/vieassociative.be\/actualites\/le-circuit-de-spa-francorchamps-continuera-de-faire-partie-de-la-formule-1-jusquen-2031-mais-pas-en-2028-et-2030\/#primaryimage"},"image":{"@id":"https:\/\/vieassociative.be\/actualites\/le-circuit-de-spa-francorchamps-continuera-de-faire-partie-de-la-formule-1-jusquen-2031-mais-pas-en-2028-et-2030\/#primaryimage"},"thumbnailUrl":"https:\/\/vieassociative.be\/actualites\/wp-content\/uploads\/2025\/01\/Le-circuit-de-Spa-Francorchamps-continuera-de-faire-partie-de-la.jpg","datePublished":"2025-01-08T14:16:57+00:00","dateModified":"2025-01-08T14:16:57+00:00","breadcrumb":{"@id":"https:\/\/vieassociative.be\/actualites\/le-circuit-de-spa-francorchamps-continuera-de-faire-partie-de-la-formule-1-jusquen-2031-mais-pas-en-2028-et-2030\/#breadcrumb"},"inLanguage":"fr-BE","potentialAction":[{"@type":"ReadAction","target":["https:\/\/vieassociative.be\/actualites\/le-circuit-de-spa-francorchamps-continuera-de-faire-partie-de-la-formule-1-jusquen-2031-mais-pas-en-2028-et-2030\/"]}]},{"@type":"ImageObject","inLanguage":"fr-BE","@id":"https:\/\/vieassociative.be\/actualites\/le-circuit-de-spa-francorchamps-continuera-de-faire-partie-de-la-formule-1-jusquen-2031-mais-pas-en-2028-et-2030\/#primaryimage","url":"https:\/\/vieassociative.be\/actualites\/wp-content\/uploads\/2025\/01\/Le-circuit-de-Spa-Francorchamps-continuera-de-faire-partie-de-la.jpg","contentUrl":"https:\/\/vieassociative.be\/actualites\/wp-content\/uploads\/2025\/01\/Le-circuit-de-Spa-Francorchamps-continuera-de-faire-partie-de-la.jpg","width":1200,"height":798,"caption":"Le circuit de Spa-Francorchamps continuera de faire partie de la Formule 1 jusqu'en 2031 \u2013 mais pas en 2028 et 2030"},{"@type":"BreadcrumbList","@id":"https:\/\/vieassociative.be\/actualites\/le-circuit-de-spa-francorchamps-continuera-de-faire-partie-de-la-formule-1-jusquen-2031-mais-pas-en-2028-et-2030\/#breadcrumb","itemListElement":[{"@type":"ListItem","position":1,"name":"Accueil","item":"https:\/\/vieassociative.be\/actualites\/"},{"@type":"ListItem","position":2,"name":"Le circuit de Spa-Francorchamps continuera de faire partie de la Formule 1 jusqu&rsquo;en 2031 \u2013 mais pas en 2028 et 2030"}]},{"@type":"WebSite","@id":"https:\/\/vieassociative.be\/actualites\/#website","url":"https:\/\/vieassociative.be\/actualites\/","name":"Vie Associative","description":"","publisher":{"@id":"https:\/\/vieassociative.be\/actualites\/#organization"},"potentialAction":[{"@type":"SearchAction","target":{"@type":"EntryPoint","urlTemplate":"https:\/\/vieassociative.be\/actualites\/?s={search_term_string}"},"query-input":{"@type":"PropertyValueSpecification","valueRequired":true,"valueName":"search_term_string"}}],"inLanguage":"fr-BE"},{"@type":"Organization","@id":"https:\/\/vieassociative.be\/actualites\/#organization","name":"Vie Associative","url":"https:\/\/vieassociative.be\/actualites\/","logo":{"@type":"ImageObject","inLanguage":"fr-BE","@id":"https:\/\/vieassociative.be\/actualites\/#\/schema\/logo\/image\/","url":"https:\/\/vieassociative.be\/actualites\/wp-content\/uploads\/2024\/09\/cropped-vieassociative_favicon.ico.png","contentUrl":"https:\/\/vieassociative.be\/actualites\/wp-content\/uploads\/2024\/09\/cropped-vieassociative_favicon.ico.png","width":512,"height":512,"caption":"Vie Associative"},"image":{"@id":"https:\/\/vieassociative.be\/actualites\/#\/schema\/logo\/image\/"}},{"@type":"Person","@id":"https:\/\/vieassociative.be\/actualites\/#\/schema\/person\/b87ac4f82f9d4e7b7cec7395b679edc4","name":"Julien","image":{"@type":"ImageObject","inLanguage":"fr-BE","@id":"https:\/\/vieassociative.be\/actualites\/#\/schema\/person\/image\/","url":"https:\/\/vieassociative.be\/actualites\/wp-content\/uploads\/2024\/09\/vie-associative-1-150x150.jpg","contentUrl":"https:\/\/vieassociative.be\/actualites\/wp-content\/uploads\/2024\/09\/vie-associative-1-150x150.jpg","caption":"Julien"},"description":"Je suis Julien, r\u00e9dacteur pour Vie Associative. Passionn\u00e9 par le monde associatif depuis plus de 10 ans, j'ai \u00e0 c\u0153ur de partager des histoires inspirantes et de mettre en lumi\u00e8re les initiatives locales. Mon objectif est de sensibiliser et d'encourager l'engagement communautaire \u00e0 travers mes articles.","sameAs":["https:\/\/vieassociative.be\/"]}]}},"_links":{"self":[{"href":"https:\/\/vieassociative.be\/actualites\/wp-json\/wp\/v2\/posts\/4164"}],"collection":[{"href":"https:\/\/vieassociative.be\/actualites\/wp-json\/wp\/v2\/posts"}],"about":[{"href":"https:\/\/vieassociative.be\/actualites\/wp-json\/wp\/v2\/types\/post"}],"author":[{"embeddable":true,"href":"https:\/\/vieassociative.be\/actualites\/wp-json\/wp\/v2\/users\/1"}],"replies":[{"embeddable":true,"href":"https:\/\/vieassociative.be\/actualites\/wp-json\/wp\/v2\/comments?post=4164"}],"version-history":[{"count":0,"href":"https:\/\/vieassociative.be\/actualites\/wp-json\/wp\/v2\/posts\/4164\/revisions"}],"wp:featuredmedia":[{"embeddable":true,"href":"https:\/\/vieassociative.be\/actualites\/wp-json\/wp\/v2\/media\/4165"}],"wp:attachment":[{"href":"https:\/\/vieassociative.be\/actualites\/wp-json\/wp\/v2\/media?parent=4164"}],"wp:term":[{"taxonomy":"category","embeddable":true,"href":"https:\/\/vieassociative.be\/actualites\/wp-json\/wp\/v2\/categories?post=4164"},{"taxonomy":"post_tag","embeddable":true,"href":"https:\/\/vieassociative.be\/actualites\/wp-json\/wp\/v2\/tags?post=4164"}],"curies":[{"name":"wp","href":"https:\/\/api.w.org\/{rel}","templated":true}]}}