{"id":4162,"date":"2025-01-08T14:17:10","date_gmt":"2025-01-08T13:17:10","guid":{"rendered":"https:\/\/vieassociative.be\/actualites\/ces-2025-ce-dock-resout-le-probleme-du-bouton-dalimentation-du-mac-mini\/"},"modified":"2025-01-08T14:17:10","modified_gmt":"2025-01-08T13:17:10","slug":"ces-2025-ce-dock-resout-le-probleme-du-bouton-dalimentation-du-mac-mini","status":"publish","type":"post","link":"https:\/\/vieassociative.be\/actualites\/ces-2025-ce-dock-resout-le-probleme-du-bouton-dalimentation-du-mac-mini\/","title":{"rendered":"CES 2025 : ce Dock r\u00e9sout le probl\u00e8me du bouton d&rsquo;alimentation du Mac Mini"},"content":{"rendered":"<div class=\"mt-4 leading-6 md:mb-8\">La mini station d&rsquo;accueil M4 Mac de Satechi r\u00e9sout le probl\u00e8me pos\u00e9 par l&rsquo;une des d\u00e9cisions de conception d\u00e9routantes d&rsquo;Apple.<\/div>\n<p><\/p>\n<p>Au milieu de toutes les annonces \u00e9tranges et merveilleuses du CES 2025, il y a un accessoire pour un produit Apple qui a attir\u00e9 mon attention. Vous vous souvenez du bouton d&rsquo;alimentation mal plac\u00e9 du M4 Mac mini, qui vous oblige \u00e0 soulever l&rsquo;appareil pour l&rsquo;allumer ? C\u2019est l\u2019une des d\u00e9cisions de conception les plus d\u00e9routantes qu\u2019Apple ait jamais prises. D\u00e9sormais, le fabricant d&rsquo;accessoires Satechi a une solution pour cela. <\/p>\n<p>Les lancements de la soci\u00e9t\u00e9 au CES incluent le support et hub Mac Mini M4 avec bo\u00eetier SSD, qui pr\u00e9sente une d\u00e9coupe exactement \u00e0 l&rsquo;endroit o\u00f9 se trouve le bouton d&rsquo;alimentation du Mac mini. Cela signifie que vous pouvez appuyer sur le bouton d&rsquo;alimentation sans trop d\u00e9placer le Mac mini. La station d&rsquo;accueil repose contre la base du Mac mini et n&rsquo;augmente que l\u00e9g\u00e8rement la hauteur de l&rsquo;appareil. Ceci, associ\u00e9 \u00e0 la d\u00e9coupe, est suffisant pour vous permettre d\u2019appuyer facilement sur le bouton d\u2019alimentation.<\/p>\n<p>Le dock Satechi dispose d&rsquo;un c\u00e2ble USB-C qui lui permet de se connecter au M4 Mac mini, ce qui signifie que vous devrez sacrifier un port USB de votre ordinateur pour utiliser ce dock. Il dispose \u00e9galement d&rsquo;un bo\u00eetier SSD qui vous permet d&rsquo;\u00e9tendre le stockage de votre Mac mini jusqu&rsquo;\u00e0 4 To. De plus, il comprend des ports utiles \u00e0 l\u2019avant : un emplacement pour carte SD et trois ports USB-A. (Tous les photographes vous diront qu&rsquo;il est incroyablement pratique de ne pas avoir \u00e0 se contorsionner pour brancher une carte SD.) Satechi affirme que la station d&rsquo;accueil en aluminium est dot\u00e9e d&rsquo;a\u00e9rations dissipant la chaleur qui maintiennent l&rsquo;appareil au frais, mais ces affirmations n&rsquo;ont pas \u00e9t\u00e9 test\u00e9es pour le moment.<\/p>\n<p>Ce dock Satechi devrait sortir au printemps 2025 ; il n&rsquo;y a pas encore de prix pour cela. S&rsquo;il est propos\u00e9 \u00e0 un prix raisonnable et fonctionne comme annonc\u00e9, il peut constituer une alternative int\u00e9ressante pour mettre \u00e0 niveau le stockage sur le nouveau Mac mini M4. Maintenant, quelqu&rsquo;un\u00a0: s&rsquo;il vous pla\u00eet, cr\u00e9ez quelque chose d&rsquo;aussi \u00e9l\u00e9gant pour me permettre de charger la Magic Mouse d&rsquo;Apple. <\/p><\/p>\n","protected":false},"excerpt":{"rendered":"<p>La mini station d&rsquo;accueil M4 Mac de Satechi r\u00e9sout le probl\u00e8me pos\u00e9 par l&rsquo;une des d\u00e9cisions de conception d\u00e9routantes d&rsquo;Apple. Au milieu de toutes les<\/p>\n","protected":false},"author":1,"featured_media":4163,"comment_status":"","ping_status":"","sticky":false,"template":"","format":"standard","meta":{"footnotes":""},"categories":[13],"tags":[2011,248,2193,4608,1112,1529,4610,4609],"class_list":["post-4162","post","type-post","status-publish","format-standard","has-post-thumbnail","hentry","category-technologie","tag-bouton","tag-ces","tag-dalimentation","tag-dock","tag-mac","tag-mini","tag-probleme","tag-resout","generate-columns","tablet-grid-50","mobile-grid-100","grid-parent","grid-33"],"yoast_head":"<!-- This site is optimized with the Yoast SEO plugin v24.0 - https:\/\/yoast.com\/wordpress\/plugins\/seo\/ -->\n<title>CES 2025 : ce Dock r\u00e9sout le probl\u00e8me du bouton d&#039;alimentation du Mac Mini | Vie Associative<\/title>\n<meta name=\"robots\" content=\"index, follow, max-snippet:-1, max-image-preview:large, max-video-preview:-1\" \/>\n<link rel=\"canonical\" href=\"https:\/\/vieassociative.be\/actualites\/ces-2025-ce-dock-resout-le-probleme-du-bouton-dalimentation-du-mac-mini\/\" \/>\n<meta property=\"og:locale\" content=\"fr_FR\" \/>\n<meta property=\"og:type\" content=\"article\" \/>\n<meta property=\"og:title\" content=\"CES 2025 : ce Dock r\u00e9sout le probl\u00e8me du bouton d&#039;alimentation du Mac Mini | Vie Associative\" \/>\n<meta property=\"og:description\" content=\"La mini station d&rsquo;accueil M4 Mac de Satechi r\u00e9sout le probl\u00e8me pos\u00e9 par l&rsquo;une des d\u00e9cisions de conception d\u00e9routantes d&rsquo;Apple. Au milieu de toutes les\" \/>\n<meta property=\"og:url\" content=\"https:\/\/vieassociative.be\/actualites\/ces-2025-ce-dock-resout-le-probleme-du-bouton-dalimentation-du-mac-mini\/\" \/>\n<meta property=\"og:site_name\" content=\"Vie Associative\" \/>\n<meta property=\"article:published_time\" content=\"2025-01-08T13:17:10+00:00\" \/>\n<meta property=\"og:image\" content=\"https:\/\/vieassociative.be\/actualites\/wp-content\/uploads\/2024\/09\/header_backgroundk-01-e1726694325946.png\" \/>\n\t<meta property=\"og:image:width\" content=\"279\" \/>\n\t<meta property=\"og:image:height\" content=\"92\" \/>\n\t<meta property=\"og:image:type\" content=\"image\/png\" \/>\n<meta name=\"author\" content=\"Julien\" \/>\n<meta name=\"twitter:card\" content=\"summary_large_image\" \/>\n<meta name=\"twitter:label1\" content=\"\u00c9crit par\" \/>\n\t<meta name=\"twitter:data1\" content=\"Julien\" \/>\n\t<meta name=\"twitter:label2\" content=\"Dur\u00e9e de lecture est.\" \/>\n\t<meta name=\"twitter:data2\" content=\"2 minutes\" \/>\n<script type=\"application\/ld+json\" class=\"yoast-schema-graph\">{\"@context\":\"https:\/\/schema.org\",\"@graph\":[{\"@type\":\"Article\",\"@id\":\"https:\/\/vieassociative.be\/actualites\/ces-2025-ce-dock-resout-le-probleme-du-bouton-dalimentation-du-mac-mini\/#article\",\"isPartOf\":{\"@id\":\"https:\/\/vieassociative.be\/actualites\/ces-2025-ce-dock-resout-le-probleme-du-bouton-dalimentation-du-mac-mini\/\"},\"author\":{\"name\":\"Julien\",\"@id\":\"https:\/\/vieassociative.be\/actualites\/#\/schema\/person\/b87ac4f82f9d4e7b7cec7395b679edc4\"},\"headline\":\"CES 2025 : ce Dock r\u00e9sout le probl\u00e8me du bouton d&rsquo;alimentation du Mac Mini\",\"datePublished\":\"2025-01-08T13:17:10+00:00\",\"dateModified\":\"2025-01-08T13:17:10+00:00\",\"mainEntityOfPage\":{\"@id\":\"https:\/\/vieassociative.be\/actualites\/ces-2025-ce-dock-resout-le-probleme-du-bouton-dalimentation-du-mac-mini\/\"},\"wordCount\":421,\"publisher\":{\"@id\":\"https:\/\/vieassociative.be\/actualites\/#organization\"},\"image\":{\"@id\":\"https:\/\/vieassociative.be\/actualites\/ces-2025-ce-dock-resout-le-probleme-du-bouton-dalimentation-du-mac-mini\/#primaryimage\"},\"thumbnailUrl\":\"https:\/\/vieassociative.be\/actualites\/wp-content\/uploads\/2025\/01\/CES-2025-ce-Dock-resout-le-probleme-du-bouton.jpg\",\"keywords\":[\"bouton\",\"ces\",\"dalimentation\",\"Dock\",\"Mac\",\"Mini\",\"probl\u00e8me\",\"r\u00e9sout\"],\"articleSection\":[\"Technologie\"],\"inLanguage\":\"fr-BE\"},{\"@type\":\"WebPage\",\"@id\":\"https:\/\/vieassociative.be\/actualites\/ces-2025-ce-dock-resout-le-probleme-du-bouton-dalimentation-du-mac-mini\/\",\"url\":\"https:\/\/vieassociative.be\/actualites\/ces-2025-ce-dock-resout-le-probleme-du-bouton-dalimentation-du-mac-mini\/\",\"name\":\"CES 2025 : ce Dock r\u00e9sout le probl\u00e8me du bouton d'alimentation du Mac Mini | Vie Associative\",\"isPartOf\":{\"@id\":\"https:\/\/vieassociative.be\/actualites\/#website\"},\"primaryImageOfPage\":{\"@id\":\"https:\/\/vieassociative.be\/actualites\/ces-2025-ce-dock-resout-le-probleme-du-bouton-dalimentation-du-mac-mini\/#primaryimage\"},\"image\":{\"@id\":\"https:\/\/vieassociative.be\/actualites\/ces-2025-ce-dock-resout-le-probleme-du-bouton-dalimentation-du-mac-mini\/#primaryimage\"},\"thumbnailUrl\":\"https:\/\/vieassociative.be\/actualites\/wp-content\/uploads\/2025\/01\/CES-2025-ce-Dock-resout-le-probleme-du-bouton.jpg\",\"datePublished\":\"2025-01-08T13:17:10+00:00\",\"dateModified\":\"2025-01-08T13:17:10+00:00\",\"breadcrumb\":{\"@id\":\"https:\/\/vieassociative.be\/actualites\/ces-2025-ce-dock-resout-le-probleme-du-bouton-dalimentation-du-mac-mini\/#breadcrumb\"},\"inLanguage\":\"fr-BE\",\"potentialAction\":[{\"@type\":\"ReadAction\",\"target\":[\"https:\/\/vieassociative.be\/actualites\/ces-2025-ce-dock-resout-le-probleme-du-bouton-dalimentation-du-mac-mini\/\"]}]},{\"@type\":\"ImageObject\",\"inLanguage\":\"fr-BE\",\"@id\":\"https:\/\/vieassociative.be\/actualites\/ces-2025-ce-dock-resout-le-probleme-du-bouton-dalimentation-du-mac-mini\/#primaryimage\",\"url\":\"https:\/\/vieassociative.be\/actualites\/wp-content\/uploads\/2025\/01\/CES-2025-ce-Dock-resout-le-probleme-du-bouton.jpg\",\"contentUrl\":\"https:\/\/vieassociative.be\/actualites\/wp-content\/uploads\/2025\/01\/CES-2025-ce-Dock-resout-le-probleme-du-bouton.jpg\",\"width\":1200,\"height\":675,\"caption\":\"CES 2025 : ce Dock r\u00e9sout le probl\u00e8me du bouton d'alimentation du Mac Mini\"},{\"@type\":\"BreadcrumbList\",\"@id\":\"https:\/\/vieassociative.be\/actualites\/ces-2025-ce-dock-resout-le-probleme-du-bouton-dalimentation-du-mac-mini\/#breadcrumb\",\"itemListElement\":[{\"@type\":\"ListItem\",\"position\":1,\"name\":\"Accueil\",\"item\":\"https:\/\/vieassociative.be\/actualites\/\"},{\"@type\":\"ListItem\",\"position\":2,\"name\":\"CES 2025 : ce Dock r\u00e9sout le probl\u00e8me du bouton d&rsquo;alimentation du Mac Mini\"}]},{\"@type\":\"WebSite\",\"@id\":\"https:\/\/vieassociative.be\/actualites\/#website\",\"url\":\"https:\/\/vieassociative.be\/actualites\/\",\"name\":\"Vie Associative\",\"description\":\"\",\"publisher\":{\"@id\":\"https:\/\/vieassociative.be\/actualites\/#organization\"},\"potentialAction\":[{\"@type\":\"SearchAction\",\"target\":{\"@type\":\"EntryPoint\",\"urlTemplate\":\"https:\/\/vieassociative.be\/actualites\/?s={search_term_string}\"},\"query-input\":{\"@type\":\"PropertyValueSpecification\",\"valueRequired\":true,\"valueName\":\"search_term_string\"}}],\"inLanguage\":\"fr-BE\"},{\"@type\":\"Organization\",\"@id\":\"https:\/\/vieassociative.be\/actualites\/#organization\",\"name\":\"Vie Associative\",\"url\":\"https:\/\/vieassociative.be\/actualites\/\",\"logo\":{\"@type\":\"ImageObject\",\"inLanguage\":\"fr-BE\",\"@id\":\"https:\/\/vieassociative.be\/actualites\/#\/schema\/logo\/image\/\",\"url\":\"https:\/\/vieassociative.be\/actualites\/wp-content\/uploads\/2024\/09\/cropped-vieassociative_favicon.ico.png\",\"contentUrl\":\"https:\/\/vieassociative.be\/actualites\/wp-content\/uploads\/2024\/09\/cropped-vieassociative_favicon.ico.png\",\"width\":512,\"height\":512,\"caption\":\"Vie Associative\"},\"image\":{\"@id\":\"https:\/\/vieassociative.be\/actualites\/#\/schema\/logo\/image\/\"}},{\"@type\":\"Person\",\"@id\":\"https:\/\/vieassociative.be\/actualites\/#\/schema\/person\/b87ac4f82f9d4e7b7cec7395b679edc4\",\"name\":\"Julien\",\"image\":{\"@type\":\"ImageObject\",\"inLanguage\":\"fr-BE\",\"@id\":\"https:\/\/vieassociative.be\/actualites\/#\/schema\/person\/image\/\",\"url\":\"https:\/\/vieassociative.be\/actualites\/wp-content\/uploads\/2024\/09\/vie-associative-1-150x150.jpg\",\"contentUrl\":\"https:\/\/vieassociative.be\/actualites\/wp-content\/uploads\/2024\/09\/vie-associative-1-150x150.jpg\",\"caption\":\"Julien\"},\"description\":\"Je suis Julien, r\u00e9dacteur pour Vie Associative. Passionn\u00e9 par le monde associatif depuis plus de 10 ans, j'ai \u00e0 c\u0153ur de partager des histoires inspirantes et de mettre en lumi\u00e8re les initiatives locales. Mon objectif est de sensibiliser et d'encourager l'engagement communautaire \u00e0 travers mes articles.\",\"sameAs\":[\"https:\/\/vieassociative.be\/\"]}]}<\/script>\n<!-- \/ Yoast SEO plugin. -->","yoast_head_json":{"title":"CES 2025 : ce Dock r\u00e9sout le probl\u00e8me du bouton d'alimentation du Mac Mini | Vie Associative","robots":{"index":"index","follow":"follow","max-snippet":"max-snippet:-1","max-image-preview":"max-image-preview:large","max-video-preview":"max-video-preview:-1"},"canonical":"https:\/\/vieassociative.be\/actualites\/ces-2025-ce-dock-resout-le-probleme-du-bouton-dalimentation-du-mac-mini\/","og_locale":"fr_FR","og_type":"article","og_title":"CES 2025 : ce Dock r\u00e9sout le probl\u00e8me du bouton d'alimentation du Mac Mini | Vie Associative","og_description":"La mini station d&rsquo;accueil M4 Mac de Satechi r\u00e9sout le probl\u00e8me pos\u00e9 par l&rsquo;une des d\u00e9cisions de conception d\u00e9routantes d&rsquo;Apple. Au milieu de toutes les","og_url":"https:\/\/vieassociative.be\/actualites\/ces-2025-ce-dock-resout-le-probleme-du-bouton-dalimentation-du-mac-mini\/","og_site_name":"Vie Associative","article_published_time":"2025-01-08T13:17:10+00:00","og_image":[{"width":279,"height":92,"url":"https:\/\/vieassociative.be\/actualites\/wp-content\/uploads\/2024\/09\/header_backgroundk-01-e1726694325946.png","type":"image\/png"}],"author":"Julien","twitter_card":"summary_large_image","twitter_misc":{"\u00c9crit par":"Julien","Dur\u00e9e de lecture est.":"2 minutes"},"schema":{"@context":"https:\/\/schema.org","@graph":[{"@type":"Article","@id":"https:\/\/vieassociative.be\/actualites\/ces-2025-ce-dock-resout-le-probleme-du-bouton-dalimentation-du-mac-mini\/#article","isPartOf":{"@id":"https:\/\/vieassociative.be\/actualites\/ces-2025-ce-dock-resout-le-probleme-du-bouton-dalimentation-du-mac-mini\/"},"author":{"name":"Julien","@id":"https:\/\/vieassociative.be\/actualites\/#\/schema\/person\/b87ac4f82f9d4e7b7cec7395b679edc4"},"headline":"CES 2025 : ce Dock r\u00e9sout le probl\u00e8me du bouton d&rsquo;alimentation du Mac Mini","datePublished":"2025-01-08T13:17:10+00:00","dateModified":"2025-01-08T13:17:10+00:00","mainEntityOfPage":{"@id":"https:\/\/vieassociative.be\/actualites\/ces-2025-ce-dock-resout-le-probleme-du-bouton-dalimentation-du-mac-mini\/"},"wordCount":421,"publisher":{"@id":"https:\/\/vieassociative.be\/actualites\/#organization"},"image":{"@id":"https:\/\/vieassociative.be\/actualites\/ces-2025-ce-dock-resout-le-probleme-du-bouton-dalimentation-du-mac-mini\/#primaryimage"},"thumbnailUrl":"https:\/\/vieassociative.be\/actualites\/wp-content\/uploads\/2025\/01\/CES-2025-ce-Dock-resout-le-probleme-du-bouton.jpg","keywords":["bouton","ces","dalimentation","Dock","Mac","Mini","probl\u00e8me","r\u00e9sout"],"articleSection":["Technologie"],"inLanguage":"fr-BE"},{"@type":"WebPage","@id":"https:\/\/vieassociative.be\/actualites\/ces-2025-ce-dock-resout-le-probleme-du-bouton-dalimentation-du-mac-mini\/","url":"https:\/\/vieassociative.be\/actualites\/ces-2025-ce-dock-resout-le-probleme-du-bouton-dalimentation-du-mac-mini\/","name":"CES 2025 : ce Dock r\u00e9sout le probl\u00e8me du bouton d'alimentation du Mac Mini | Vie Associative","isPartOf":{"@id":"https:\/\/vieassociative.be\/actualites\/#website"},"primaryImageOfPage":{"@id":"https:\/\/vieassociative.be\/actualites\/ces-2025-ce-dock-resout-le-probleme-du-bouton-dalimentation-du-mac-mini\/#primaryimage"},"image":{"@id":"https:\/\/vieassociative.be\/actualites\/ces-2025-ce-dock-resout-le-probleme-du-bouton-dalimentation-du-mac-mini\/#primaryimage"},"thumbnailUrl":"https:\/\/vieassociative.be\/actualites\/wp-content\/uploads\/2025\/01\/CES-2025-ce-Dock-resout-le-probleme-du-bouton.jpg","datePublished":"2025-01-08T13:17:10+00:00","dateModified":"2025-01-08T13:17:10+00:00","breadcrumb":{"@id":"https:\/\/vieassociative.be\/actualites\/ces-2025-ce-dock-resout-le-probleme-du-bouton-dalimentation-du-mac-mini\/#breadcrumb"},"inLanguage":"fr-BE","potentialAction":[{"@type":"ReadAction","target":["https:\/\/vieassociative.be\/actualites\/ces-2025-ce-dock-resout-le-probleme-du-bouton-dalimentation-du-mac-mini\/"]}]},{"@type":"ImageObject","inLanguage":"fr-BE","@id":"https:\/\/vieassociative.be\/actualites\/ces-2025-ce-dock-resout-le-probleme-du-bouton-dalimentation-du-mac-mini\/#primaryimage","url":"https:\/\/vieassociative.be\/actualites\/wp-content\/uploads\/2025\/01\/CES-2025-ce-Dock-resout-le-probleme-du-bouton.jpg","contentUrl":"https:\/\/vieassociative.be\/actualites\/wp-content\/uploads\/2025\/01\/CES-2025-ce-Dock-resout-le-probleme-du-bouton.jpg","width":1200,"height":675,"caption":"CES 2025 : ce Dock r\u00e9sout le probl\u00e8me du bouton d'alimentation du Mac Mini"},{"@type":"BreadcrumbList","@id":"https:\/\/vieassociative.be\/actualites\/ces-2025-ce-dock-resout-le-probleme-du-bouton-dalimentation-du-mac-mini\/#breadcrumb","itemListElement":[{"@type":"ListItem","position":1,"name":"Accueil","item":"https:\/\/vieassociative.be\/actualites\/"},{"@type":"ListItem","position":2,"name":"CES 2025 : ce Dock r\u00e9sout le probl\u00e8me du bouton d&rsquo;alimentation du Mac Mini"}]},{"@type":"WebSite","@id":"https:\/\/vieassociative.be\/actualites\/#website","url":"https:\/\/vieassociative.be\/actualites\/","name":"Vie Associative","description":"","publisher":{"@id":"https:\/\/vieassociative.be\/actualites\/#organization"},"potentialAction":[{"@type":"SearchAction","target":{"@type":"EntryPoint","urlTemplate":"https:\/\/vieassociative.be\/actualites\/?s={search_term_string}"},"query-input":{"@type":"PropertyValueSpecification","valueRequired":true,"valueName":"search_term_string"}}],"inLanguage":"fr-BE"},{"@type":"Organization","@id":"https:\/\/vieassociative.be\/actualites\/#organization","name":"Vie Associative","url":"https:\/\/vieassociative.be\/actualites\/","logo":{"@type":"ImageObject","inLanguage":"fr-BE","@id":"https:\/\/vieassociative.be\/actualites\/#\/schema\/logo\/image\/","url":"https:\/\/vieassociative.be\/actualites\/wp-content\/uploads\/2024\/09\/cropped-vieassociative_favicon.ico.png","contentUrl":"https:\/\/vieassociative.be\/actualites\/wp-content\/uploads\/2024\/09\/cropped-vieassociative_favicon.ico.png","width":512,"height":512,"caption":"Vie Associative"},"image":{"@id":"https:\/\/vieassociative.be\/actualites\/#\/schema\/logo\/image\/"}},{"@type":"Person","@id":"https:\/\/vieassociative.be\/actualites\/#\/schema\/person\/b87ac4f82f9d4e7b7cec7395b679edc4","name":"Julien","image":{"@type":"ImageObject","inLanguage":"fr-BE","@id":"https:\/\/vieassociative.be\/actualites\/#\/schema\/person\/image\/","url":"https:\/\/vieassociative.be\/actualites\/wp-content\/uploads\/2024\/09\/vie-associative-1-150x150.jpg","contentUrl":"https:\/\/vieassociative.be\/actualites\/wp-content\/uploads\/2024\/09\/vie-associative-1-150x150.jpg","caption":"Julien"},"description":"Je suis Julien, r\u00e9dacteur pour Vie Associative. Passionn\u00e9 par le monde associatif depuis plus de 10 ans, j'ai \u00e0 c\u0153ur de partager des histoires inspirantes et de mettre en lumi\u00e8re les initiatives locales. Mon objectif est de sensibiliser et d'encourager l'engagement communautaire \u00e0 travers mes articles.","sameAs":["https:\/\/vieassociative.be\/"]}]}},"_links":{"self":[{"href":"https:\/\/vieassociative.be\/actualites\/wp-json\/wp\/v2\/posts\/4162"}],"collection":[{"href":"https:\/\/vieassociative.be\/actualites\/wp-json\/wp\/v2\/posts"}],"about":[{"href":"https:\/\/vieassociative.be\/actualites\/wp-json\/wp\/v2\/types\/post"}],"author":[{"embeddable":true,"href":"https:\/\/vieassociative.be\/actualites\/wp-json\/wp\/v2\/users\/1"}],"replies":[{"embeddable":true,"href":"https:\/\/vieassociative.be\/actualites\/wp-json\/wp\/v2\/comments?post=4162"}],"version-history":[{"count":0,"href":"https:\/\/vieassociative.be\/actualites\/wp-json\/wp\/v2\/posts\/4162\/revisions"}],"wp:featuredmedia":[{"embeddable":true,"href":"https:\/\/vieassociative.be\/actualites\/wp-json\/wp\/v2\/media\/4163"}],"wp:attachment":[{"href":"https:\/\/vieassociative.be\/actualites\/wp-json\/wp\/v2\/media?parent=4162"}],"wp:term":[{"taxonomy":"category","embeddable":true,"href":"https:\/\/vieassociative.be\/actualites\/wp-json\/wp\/v2\/categories?post=4162"},{"taxonomy":"post_tag","embeddable":true,"href":"https:\/\/vieassociative.be\/actualites\/wp-json\/wp\/v2\/tags?post=4162"}],"curies":[{"name":"wp","href":"https:\/\/api.w.org\/{rel}","templated":true}]}}