{"id":4158,"date":"2025-01-08T12:18:02","date_gmt":"2025-01-08T11:18:02","guid":{"rendered":"https:\/\/vieassociative.be\/actualites\/ne-montrez-jamais-de-narine-et-autres-facons-de-prendre-des-photos-de-bebe-qui-ne-sont-pas-nulles\/"},"modified":"2025-01-08T12:18:02","modified_gmt":"2025-01-08T11:18:02","slug":"ne-montrez-jamais-de-narine-et-autres-facons-de-prendre-des-photos-de-bebe-qui-ne-sont-pas-nulles","status":"publish","type":"post","link":"https:\/\/vieassociative.be\/actualites\/ne-montrez-jamais-de-narine-et-autres-facons-de-prendre-des-photos-de-bebe-qui-ne-sont-pas-nulles\/","title":{"rendered":"Ne montrez jamais de narine et autres fa\u00e7ons de prendre des photos de b\u00e9b\u00e9 qui ne sont pas nulles"},"content":{"rendered":"<div class=\"mt-4 leading-6 md:mb-8\">Vous n\u2019\u00eates clairement pas un professionnel, mais les professionnels ont des conseils \u00e0 vous donner.<\/div>\n<p><\/p>\n<p>F\u00e9licitations pour ce b\u00e9b\u00e9 super mignon que vous avez l\u00e0\u00a0! Votre petit bout de chou est si pr\u00e9cieux qu&rsquo;il est pratiquement criminel de priver vos abonn\u00e9s en ligne d&rsquo;un flux constant de photos. Mais vous avez probablement compris que photographier un b\u00e9b\u00e9 est plus difficile qu&rsquo;il n&rsquo;y para\u00eet, peu importe \u00e0 quel point il est adorable dans la vraie vie. Voici quelques conseils pour prendre les meilleures photos possibles de votre tout-petit, afin d&rsquo;arr\u00eater de dire : \u00ab Les photos ne lui rendent vraiment pas justice. \u00bb<\/p>\n<h2 id=\"understand-the-baby-calls-the-shots\"><strong>Comprendre que c&rsquo;est b\u00e9b\u00e9 qui d\u00e9cide<\/strong><\/h2>\n<p>M\u00eame si vous n&rsquo;\u00eates parent que depuis quelques jours, vous savez d\u00e9j\u00e0 que b\u00e9b\u00e9 m\u00e8ne d\u00e9sormais la danse. Le b\u00e9b\u00e9 d\u00e9cide quand vous dormez, mangez, prenez une douche et faites toutes les autres choses humaines normales que vous faisiez autrefois. Cela ne devrait donc pas \u00eatre un choc que le b\u00e9b\u00e9 <em>aussi<\/em> d\u00e9cide quand ils vont \u00eatre photographi\u00e9s (si vous voulez des r\u00e9sultats d\u00e9cents, de toute fa\u00e7on). <\/p>\n<p>Si votre b\u00e9b\u00e9 n&rsquo;est pas d&rsquo;humeur \u00e0 rire ou \u00e0 porter cette tenue en tulle irritante de tante Diane, cela n&rsquo;arrivera pas. Les b\u00e9b\u00e9s ne se soucient pas d&rsquo;Instagram ; ils se soucient du confort et de la nourriture. (Nous pourrions tous en apprendre une ou deux.) <\/p>\n<p>\u00ab\u00a0Ils savent ce qu&rsquo;ils veulent et ils dirigent le spectacle\u00a0\u00bb, a d\u00e9clar\u00e9 Aneta DeAngelo, propri\u00e9taire de Yellow Lollipop Photography dans le New Jersey et qui travaille dans ce domaine depuis une d\u00e9cennie. \u00ab Certains b\u00e9b\u00e9s aiment certaines poses ; certains les d\u00e9testent. Il en va de m\u00eame pour les emmaillotages, les accessoires, etc.<\/p>\n<p>M\u00eame lorsqu\u2019un \u00eatre humain est tout nouveau, il a des pr\u00e9f\u00e9rences. Profitez de votre s\u00e9ance de photographie amateur pour en savoir plus sur votre b\u00e9b\u00e9 et respecter ses souhaits. Si la tenue, l\u2019\u00e9clairage ou la pose vous g\u00eanent, continuez ; essayer de forcer la situation ne fera de bien \u00e0 personne.<\/p>\n<h2 id=\"go-ahead-follow-the-trends\"><strong>Allez-y\u00a0: suivez les tendances<\/strong><\/h2>\n<p>La photographie du nouveau-n\u00e9, comme tout le reste \u00e0 l\u2019\u00e8re num\u00e9rique, a ses propres tendances et modes. Embrassez-les, car ils contribueront \u00e0 faire de vos photos un rappel opportun de ce \u00e0 quoi ressemblait le monde lorsque votre enfant \u00e9tait petit, afin que vous puissiez un jour regarder en arri\u00e8re et dire : \u00ab Je ne peux pas <em>croire<\/em> nous l&rsquo;avons fait, mais <em>tout le monde <\/em>a fait! C&rsquo;\u00e9tait le style, d&rsquo;accord ? Des b\u00e9b\u00e9s nus dans des paniers aux autocollants d&rsquo;\u00e2ge sur les combinaisons, en passant par l&rsquo;exp\u00e9rience mensuelle Regardons b\u00e9b\u00e9 grandir plus grand que Teddy, ces photos sont une capsule temporelle. <\/p>\n<p>Libby Brieger, une photographe de nouveau-n\u00e9s bas\u00e9e \u00e0 Brooklyn, a d\u00e9clar\u00e9 \u00e0 Vie Associative que lorsqu&rsquo;elle a d\u00e9but\u00e9 dans le m\u00e9tier il y a quatre ans, \u00ab il \u00e9tait courant d&rsquo;habiller les nouveau-n\u00e9s avec de petites tenues en tricot avec des chapeaux assortis, comme un joueur de baseball ou un danseur de ballet ou autre. d&rsquo;animal mignon. De nos jours, c&rsquo;est plut\u00f4t un style \u00e9pur\u00e9 avec le b\u00e9b\u00e9 envelopp\u00e9 ou recroquevill\u00e9 dans une couverture, s&rsquo;accrochant \u00e0 un petit ours en peluche et dormant paisiblement.<\/p>\n<p>Aujourd&rsquo;hui, vous trouverez une gamme apparemment infinie de tapis photographiques au sol sur lesquels vous pouvez placer votre b\u00e9b\u00e9 une fois par mois et prendre une photo (ou 27) pour suivre son \u00e2ge et sa croissance. C&rsquo;est une grande tendance <em>tout de suite<\/em>mais probablement pas pour tr\u00e8s longtemps, alors lancez-vous pendant que vous le pouvez.<\/p>\n<h2 id=\"model-calmness-for-the-baby\"><strong>Mod\u00e8le de calme pour le b\u00e9b\u00e9<\/strong><\/h2>\n<p>Si vous \u00eates surexcit\u00e9e, le b\u00e9b\u00e9 sera surexcit\u00e9 et vous ne serez alors pas productif. C&rsquo;est une le\u00e7on pour les parents, en g\u00e9n\u00e9ral, mais c&rsquo;est particuli\u00e8rement vrai lorsque vous essayez de faire sourire un b\u00e9b\u00e9 suspect et d\u00e9guis\u00e9.<\/p>\n<p>\u00ab\u00a0Ce qui m&rsquo;a surpris dans la photographie des nouveau-n\u00e9s, c&rsquo;est que si j&rsquo;avais peur que les b\u00e9b\u00e9s ne s&rsquo;endorment pas, ils ne dormiraient pas\u00a0\u00bb, a d\u00e9clar\u00e9 Brieger. \u00ab Si j&rsquo;\u00e9tais anxieux ou stress\u00e9 \u00e0 propos du tournage, de ma journ\u00e9e ou autre, le tournage serait un d\u00e9sastre. J\u2019ai r\u00e9alis\u00e9 que les nouveau-n\u00e9s peuvent ressentir du calme ou de la nervosit\u00e9 et qu\u2019ils ressentiront et agiront \u00e9galement de cette fa\u00e7on. Ces jours-ci, je dois vraiment me mettre dans un \u00e9tat d\u2019esprit tr\u00e8s calme, me concentrer uniquement sur la t\u00e2che \u00e0 accomplir et avoir confiance que le b\u00e9b\u00e9 se comportera bien et s\u2019endormira. <\/p>\n<p>Oui, le b\u00e9b\u00e9 est aux commandes, mais vous pouvez toujours simuler un sentiment de contr\u00f4le\u00a0! Comme un flux Instagram bien organis\u00e9, les b\u00e9b\u00e9s sont tout au sujet <em>ambiance<\/em>. Assurez-vous que les v\u00f4tres sont bons.<\/p>\n<h2 id=\"source-online-inspo\"><strong>Source d&rsquo;inspiration en ligne<\/strong><\/h2>\n<p>Nous avons d\u00e9j\u00e0 pass\u00e9 en revue la tendance des tapis de suivi de croissance qui ont envahi Instagram, mais il y a toute une richesse d&rsquo;inspiration qui vous attend en ligne &#8211; si vous pouvez trouver un moment entre les t\u00e9t\u00e9es et les changements pour faire d\u00e9filer Pinterest, bien s\u00fbr.<\/p>\n<p>Bien s\u00fbr, il y aura des moments o\u00f9 votre b\u00e9b\u00e9 aura l&rsquo;air adorable sans aucune incitation et vous sortirez votre iPhone et prendrez une photo rapide. (Assurez-vous d&rsquo;activer la grille sur votre application appareil photo pour cadrer la photo et passer en mode portrait si vous avez le temps\u00a0!) D&rsquo;autres fois, cependant, vous pr\u00e9parerez la prise de vue, alors autant regarder ce que les autres font pour les leurs. <\/p>\n<p>\u00ab\u00a0J&rsquo;essaie toujours de nouvelles choses avec les b\u00e9b\u00e9s\u00a0\u00bb, a d\u00e9clar\u00e9 Brieger. \u00ab\u00a0Fleurs, c\u0153urs, ours en peluche\u2026 Je m&rsquo;inspire des images que je d\u00e9file sur Pinterest ou Instagram et je travaille \u00e0 partir de ces images.\u00a0\u00bb<\/p>\n<p>Cet article compte \u00e9galement comme source d&rsquo;inspiration en ligne, alors voici un conseil tr\u00e8s pr\u00e9cis et solide de Brieger : \u00ab Ne voyez jamais les narines d&rsquo;un b\u00e9b\u00e9 sur la photo. Si vous voyez les narines d&rsquo;un b\u00e9b\u00e9, votre angle est mauvais. Vous voulez tirer du haut de la t\u00eate vers le bas et que votre lumi\u00e8re circule dans la m\u00eame direction.<\/p>\n<p>Soit dit en passant, cette astuce est vraiment gagnante\u00a0; DeAngelo l&rsquo;a \u00e9galement mentionn\u00e9. Si vous retenez une chose de ce guide, c&rsquo;est que les narines dans la photographie de b\u00e9b\u00e9 sont un grand non-non. Qui savait ?<\/p>\n<p>\u00ab\u00a0Assurez-vous que le b\u00e9b\u00e9 est bien nourri et fatigu\u00e9 avant de tenter la s\u00e9ance\u00a0\u00bb, a ajout\u00e9 DeAngelo. \u00ab\u00a0Choisissez une couverture et placez-la sur un canap\u00e9. Utilisez une \u00e9charpe ou un foulard et drapez-le sur le b\u00e9b\u00e9. Placez le canap\u00e9 pr\u00e8s d&rsquo;une fen\u00eatre \u00e0 environ 45 degr\u00e9s. Les angles et la lumi\u00e8re sont tr\u00e8s importants, alors consultez certains de vos photographes pr\u00e9f\u00e9r\u00e9s et essayez de copier les angles.<\/p>\n<h2 id=\"like-every-old-lady-in-the-grocery-store-will-tell-you-just-enjoy-it\"><strong>Comme toutes les vieilles dames de l&rsquo;\u00e9picerie vous le diront\u00a0: <em>appr\u00e9cier<\/em> il <\/strong><\/h2>\n<p>Contrairement \u00e0 tant d\u2019autres s\u00e9ances photo que vous aurez dans votre vie, celle-ci ne consiste pas uniquement \u00e0 accumuler des likes en ligne. Ici, vous cr\u00e9ez des liens avec votre enfant et capturez des souvenirs dont vous pourrez vous souvenir pendant des ann\u00e9es. Profitez-en! Un moment amusant pour rire avec votre b\u00e9b\u00e9 vaut mieux qu&rsquo;une photo parfaitement cadr\u00e9e et sans narine (m\u00eame si vous devriez quand m\u00eame en essayer une).<\/p>\n<p>\u00ab\u00a0Les b\u00e9b\u00e9s ne sont que petits pendant si longtemps, donc ces moments sont \u00e9ph\u00e9m\u00e8res\u00a0\u00bb, a d\u00e9clar\u00e9 DeAngelo. Et Brieger a d\u00e9clar\u00e9 que ce que ce qu&rsquo;elle pr\u00e9f\u00e8re en tant que photographe de b\u00e9b\u00e9, ce sont les c\u00e2lins\u00a0: concentrez-vous principalement sur les c\u00e2lins et laissez le reste venir naturellement.<\/p>\n<p><script async src=\"\/\/www.instagram.com\/embed.js\"><\/script><\/p>\n","protected":false},"excerpt":{"rendered":"<p>Vous n\u2019\u00eates clairement pas un professionnel, mais les professionnels ont des conseils \u00e0 vous donner. F\u00e9licitations pour ce b\u00e9b\u00e9 super mignon que vous avez l\u00e0\u00a0!<\/p>\n","protected":false},"author":1,"featured_media":4159,"comment_status":"","ping_status":"","sticky":false,"template":"","format":"standard","meta":{"footnotes":""},"categories":[37],"tags":[276,180,29,119,851,4602,4603,4604,126,283,886,99,18],"class_list":["post-4158","post","type-post","status-publish","format-standard","has-post-thumbnail","hentry","category-famille","tag-autres","tag-bebe","tag-des","tag-facons","tag-jamais","tag-montrez","tag-narine","tag-nulles","tag-pas","tag-photos","tag-prendre","tag-qui","tag-sont","generate-columns","tablet-grid-50","mobile-grid-100","grid-parent","grid-33"],"yoast_head":"<!-- This site is optimized with the Yoast SEO plugin v24.0 - https:\/\/yoast.com\/wordpress\/plugins\/seo\/ -->\n<title>Ne montrez jamais de narine et autres fa\u00e7ons de prendre des photos de b\u00e9b\u00e9 qui ne sont pas nulles | Vie Associative<\/title>\n<meta name=\"robots\" content=\"index, follow, max-snippet:-1, max-image-preview:large, max-video-preview:-1\" \/>\n<link rel=\"canonical\" href=\"https:\/\/vieassociative.be\/actualites\/ne-montrez-jamais-de-narine-et-autres-facons-de-prendre-des-photos-de-bebe-qui-ne-sont-pas-nulles\/\" \/>\n<meta property=\"og:locale\" content=\"fr_FR\" \/>\n<meta property=\"og:type\" content=\"article\" \/>\n<meta property=\"og:title\" content=\"Ne montrez jamais de narine et autres fa\u00e7ons de prendre des photos de b\u00e9b\u00e9 qui ne sont pas nulles | Vie Associative\" \/>\n<meta property=\"og:description\" content=\"Vous n\u2019\u00eates clairement pas un professionnel, mais les professionnels ont des conseils \u00e0 vous donner. F\u00e9licitations pour ce b\u00e9b\u00e9 super mignon que vous avez l\u00e0\u00a0!\" \/>\n<meta property=\"og:url\" content=\"https:\/\/vieassociative.be\/actualites\/ne-montrez-jamais-de-narine-et-autres-facons-de-prendre-des-photos-de-bebe-qui-ne-sont-pas-nulles\/\" \/>\n<meta property=\"og:site_name\" content=\"Vie Associative\" \/>\n<meta property=\"article:published_time\" content=\"2025-01-08T11:18:02+00:00\" \/>\n<meta property=\"og:image\" content=\"https:\/\/vieassociative.be\/actualites\/wp-content\/uploads\/2024\/09\/header_backgroundk-01-e1726694325946.png\" \/>\n\t<meta property=\"og:image:width\" content=\"279\" \/>\n\t<meta property=\"og:image:height\" content=\"92\" \/>\n\t<meta property=\"og:image:type\" content=\"image\/png\" \/>\n<meta name=\"author\" content=\"Julien\" \/>\n<meta name=\"twitter:card\" content=\"summary_large_image\" \/>\n<meta name=\"twitter:label1\" content=\"\u00c9crit par\" \/>\n\t<meta name=\"twitter:data1\" content=\"Julien\" \/>\n\t<meta name=\"twitter:label2\" content=\"Dur\u00e9e de lecture est.\" \/>\n\t<meta name=\"twitter:data2\" content=\"7 minutes\" \/>\n<script type=\"application\/ld+json\" class=\"yoast-schema-graph\">{\"@context\":\"https:\/\/schema.org\",\"@graph\":[{\"@type\":\"Article\",\"@id\":\"https:\/\/vieassociative.be\/actualites\/ne-montrez-jamais-de-narine-et-autres-facons-de-prendre-des-photos-de-bebe-qui-ne-sont-pas-nulles\/#article\",\"isPartOf\":{\"@id\":\"https:\/\/vieassociative.be\/actualites\/ne-montrez-jamais-de-narine-et-autres-facons-de-prendre-des-photos-de-bebe-qui-ne-sont-pas-nulles\/\"},\"author\":{\"name\":\"Julien\",\"@id\":\"https:\/\/vieassociative.be\/actualites\/#\/schema\/person\/b87ac4f82f9d4e7b7cec7395b679edc4\"},\"headline\":\"Ne montrez jamais de narine et autres fa\u00e7ons de prendre des photos de b\u00e9b\u00e9 qui ne sont pas nulles\",\"datePublished\":\"2025-01-08T11:18:02+00:00\",\"dateModified\":\"2025-01-08T11:18:02+00:00\",\"mainEntityOfPage\":{\"@id\":\"https:\/\/vieassociative.be\/actualites\/ne-montrez-jamais-de-narine-et-autres-facons-de-prendre-des-photos-de-bebe-qui-ne-sont-pas-nulles\/\"},\"wordCount\":1380,\"publisher\":{\"@id\":\"https:\/\/vieassociative.be\/actualites\/#organization\"},\"image\":{\"@id\":\"https:\/\/vieassociative.be\/actualites\/ne-montrez-jamais-de-narine-et-autres-facons-de-prendre-des-photos-de-bebe-qui-ne-sont-pas-nulles\/#primaryimage\"},\"thumbnailUrl\":\"https:\/\/vieassociative.be\/actualites\/wp-content\/uploads\/2025\/01\/Ne-montrez-jamais-de-narine-et-autres-facons-de-prendre.jpg\",\"keywords\":[\"autres\",\"b\u00e9b\u00e9\",\"Des\",\"fa\u00e7ons\",\"jamais\",\"montrez\",\"narine\",\"nulles\",\"pas\",\"Photos\",\"prendre\",\"qui\",\"sont\"],\"articleSection\":[\"Famille\"],\"inLanguage\":\"fr-BE\"},{\"@type\":\"WebPage\",\"@id\":\"https:\/\/vieassociative.be\/actualites\/ne-montrez-jamais-de-narine-et-autres-facons-de-prendre-des-photos-de-bebe-qui-ne-sont-pas-nulles\/\",\"url\":\"https:\/\/vieassociative.be\/actualites\/ne-montrez-jamais-de-narine-et-autres-facons-de-prendre-des-photos-de-bebe-qui-ne-sont-pas-nulles\/\",\"name\":\"Ne montrez jamais de narine et autres fa\u00e7ons de prendre des photos de b\u00e9b\u00e9 qui ne sont pas nulles | Vie Associative\",\"isPartOf\":{\"@id\":\"https:\/\/vieassociative.be\/actualites\/#website\"},\"primaryImageOfPage\":{\"@id\":\"https:\/\/vieassociative.be\/actualites\/ne-montrez-jamais-de-narine-et-autres-facons-de-prendre-des-photos-de-bebe-qui-ne-sont-pas-nulles\/#primaryimage\"},\"image\":{\"@id\":\"https:\/\/vieassociative.be\/actualites\/ne-montrez-jamais-de-narine-et-autres-facons-de-prendre-des-photos-de-bebe-qui-ne-sont-pas-nulles\/#primaryimage\"},\"thumbnailUrl\":\"https:\/\/vieassociative.be\/actualites\/wp-content\/uploads\/2025\/01\/Ne-montrez-jamais-de-narine-et-autres-facons-de-prendre.jpg\",\"datePublished\":\"2025-01-08T11:18:02+00:00\",\"dateModified\":\"2025-01-08T11:18:02+00:00\",\"breadcrumb\":{\"@id\":\"https:\/\/vieassociative.be\/actualites\/ne-montrez-jamais-de-narine-et-autres-facons-de-prendre-des-photos-de-bebe-qui-ne-sont-pas-nulles\/#breadcrumb\"},\"inLanguage\":\"fr-BE\",\"potentialAction\":[{\"@type\":\"ReadAction\",\"target\":[\"https:\/\/vieassociative.be\/actualites\/ne-montrez-jamais-de-narine-et-autres-facons-de-prendre-des-photos-de-bebe-qui-ne-sont-pas-nulles\/\"]}]},{\"@type\":\"ImageObject\",\"inLanguage\":\"fr-BE\",\"@id\":\"https:\/\/vieassociative.be\/actualites\/ne-montrez-jamais-de-narine-et-autres-facons-de-prendre-des-photos-de-bebe-qui-ne-sont-pas-nulles\/#primaryimage\",\"url\":\"https:\/\/vieassociative.be\/actualites\/wp-content\/uploads\/2025\/01\/Ne-montrez-jamais-de-narine-et-autres-facons-de-prendre.jpg\",\"contentUrl\":\"https:\/\/vieassociative.be\/actualites\/wp-content\/uploads\/2025\/01\/Ne-montrez-jamais-de-narine-et-autres-facons-de-prendre.jpg\",\"width\":1200,\"height\":675,\"caption\":\"Ne montrez jamais de narine et autres fa\u00e7ons de prendre des photos de b\u00e9b\u00e9 qui ne sont pas nulles\"},{\"@type\":\"BreadcrumbList\",\"@id\":\"https:\/\/vieassociative.be\/actualites\/ne-montrez-jamais-de-narine-et-autres-facons-de-prendre-des-photos-de-bebe-qui-ne-sont-pas-nulles\/#breadcrumb\",\"itemListElement\":[{\"@type\":\"ListItem\",\"position\":1,\"name\":\"Accueil\",\"item\":\"https:\/\/vieassociative.be\/actualites\/\"},{\"@type\":\"ListItem\",\"position\":2,\"name\":\"Ne montrez jamais de narine et autres fa\u00e7ons de prendre des photos de b\u00e9b\u00e9 qui ne sont pas nulles\"}]},{\"@type\":\"WebSite\",\"@id\":\"https:\/\/vieassociative.be\/actualites\/#website\",\"url\":\"https:\/\/vieassociative.be\/actualites\/\",\"name\":\"Vie Associative\",\"description\":\"\",\"publisher\":{\"@id\":\"https:\/\/vieassociative.be\/actualites\/#organization\"},\"potentialAction\":[{\"@type\":\"SearchAction\",\"target\":{\"@type\":\"EntryPoint\",\"urlTemplate\":\"https:\/\/vieassociative.be\/actualites\/?s={search_term_string}\"},\"query-input\":{\"@type\":\"PropertyValueSpecification\",\"valueRequired\":true,\"valueName\":\"search_term_string\"}}],\"inLanguage\":\"fr-BE\"},{\"@type\":\"Organization\",\"@id\":\"https:\/\/vieassociative.be\/actualites\/#organization\",\"name\":\"Vie Associative\",\"url\":\"https:\/\/vieassociative.be\/actualites\/\",\"logo\":{\"@type\":\"ImageObject\",\"inLanguage\":\"fr-BE\",\"@id\":\"https:\/\/vieassociative.be\/actualites\/#\/schema\/logo\/image\/\",\"url\":\"https:\/\/vieassociative.be\/actualites\/wp-content\/uploads\/2024\/09\/cropped-vieassociative_favicon.ico.png\",\"contentUrl\":\"https:\/\/vieassociative.be\/actualites\/wp-content\/uploads\/2024\/09\/cropped-vieassociative_favicon.ico.png\",\"width\":512,\"height\":512,\"caption\":\"Vie Associative\"},\"image\":{\"@id\":\"https:\/\/vieassociative.be\/actualites\/#\/schema\/logo\/image\/\"}},{\"@type\":\"Person\",\"@id\":\"https:\/\/vieassociative.be\/actualites\/#\/schema\/person\/b87ac4f82f9d4e7b7cec7395b679edc4\",\"name\":\"Julien\",\"image\":{\"@type\":\"ImageObject\",\"inLanguage\":\"fr-BE\",\"@id\":\"https:\/\/vieassociative.be\/actualites\/#\/schema\/person\/image\/\",\"url\":\"https:\/\/vieassociative.be\/actualites\/wp-content\/uploads\/2024\/09\/vie-associative-1-150x150.jpg\",\"contentUrl\":\"https:\/\/vieassociative.be\/actualites\/wp-content\/uploads\/2024\/09\/vie-associative-1-150x150.jpg\",\"caption\":\"Julien\"},\"description\":\"Je suis Julien, r\u00e9dacteur pour Vie Associative. Passionn\u00e9 par le monde associatif depuis plus de 10 ans, j'ai \u00e0 c\u0153ur de partager des histoires inspirantes et de mettre en lumi\u00e8re les initiatives locales. Mon objectif est de sensibiliser et d'encourager l'engagement communautaire \u00e0 travers mes articles.\",\"sameAs\":[\"https:\/\/vieassociative.be\/\"]}]}<\/script>\n<!-- \/ Yoast SEO plugin. -->","yoast_head_json":{"title":"Ne montrez jamais de narine et autres fa\u00e7ons de prendre des photos de b\u00e9b\u00e9 qui ne sont pas nulles | Vie Associative","robots":{"index":"index","follow":"follow","max-snippet":"max-snippet:-1","max-image-preview":"max-image-preview:large","max-video-preview":"max-video-preview:-1"},"canonical":"https:\/\/vieassociative.be\/actualites\/ne-montrez-jamais-de-narine-et-autres-facons-de-prendre-des-photos-de-bebe-qui-ne-sont-pas-nulles\/","og_locale":"fr_FR","og_type":"article","og_title":"Ne montrez jamais de narine et autres fa\u00e7ons de prendre des photos de b\u00e9b\u00e9 qui ne sont pas nulles | Vie Associative","og_description":"Vous n\u2019\u00eates clairement pas un professionnel, mais les professionnels ont des conseils \u00e0 vous donner. F\u00e9licitations pour ce b\u00e9b\u00e9 super mignon que vous avez l\u00e0\u00a0!","og_url":"https:\/\/vieassociative.be\/actualites\/ne-montrez-jamais-de-narine-et-autres-facons-de-prendre-des-photos-de-bebe-qui-ne-sont-pas-nulles\/","og_site_name":"Vie Associative","article_published_time":"2025-01-08T11:18:02+00:00","og_image":[{"width":279,"height":92,"url":"https:\/\/vieassociative.be\/actualites\/wp-content\/uploads\/2024\/09\/header_backgroundk-01-e1726694325946.png","type":"image\/png"}],"author":"Julien","twitter_card":"summary_large_image","twitter_misc":{"\u00c9crit par":"Julien","Dur\u00e9e de lecture est.":"7 minutes"},"schema":{"@context":"https:\/\/schema.org","@graph":[{"@type":"Article","@id":"https:\/\/vieassociative.be\/actualites\/ne-montrez-jamais-de-narine-et-autres-facons-de-prendre-des-photos-de-bebe-qui-ne-sont-pas-nulles\/#article","isPartOf":{"@id":"https:\/\/vieassociative.be\/actualites\/ne-montrez-jamais-de-narine-et-autres-facons-de-prendre-des-photos-de-bebe-qui-ne-sont-pas-nulles\/"},"author":{"name":"Julien","@id":"https:\/\/vieassociative.be\/actualites\/#\/schema\/person\/b87ac4f82f9d4e7b7cec7395b679edc4"},"headline":"Ne montrez jamais de narine et autres fa\u00e7ons de prendre des photos de b\u00e9b\u00e9 qui ne sont pas nulles","datePublished":"2025-01-08T11:18:02+00:00","dateModified":"2025-01-08T11:18:02+00:00","mainEntityOfPage":{"@id":"https:\/\/vieassociative.be\/actualites\/ne-montrez-jamais-de-narine-et-autres-facons-de-prendre-des-photos-de-bebe-qui-ne-sont-pas-nulles\/"},"wordCount":1380,"publisher":{"@id":"https:\/\/vieassociative.be\/actualites\/#organization"},"image":{"@id":"https:\/\/vieassociative.be\/actualites\/ne-montrez-jamais-de-narine-et-autres-facons-de-prendre-des-photos-de-bebe-qui-ne-sont-pas-nulles\/#primaryimage"},"thumbnailUrl":"https:\/\/vieassociative.be\/actualites\/wp-content\/uploads\/2025\/01\/Ne-montrez-jamais-de-narine-et-autres-facons-de-prendre.jpg","keywords":["autres","b\u00e9b\u00e9","Des","fa\u00e7ons","jamais","montrez","narine","nulles","pas","Photos","prendre","qui","sont"],"articleSection":["Famille"],"inLanguage":"fr-BE"},{"@type":"WebPage","@id":"https:\/\/vieassociative.be\/actualites\/ne-montrez-jamais-de-narine-et-autres-facons-de-prendre-des-photos-de-bebe-qui-ne-sont-pas-nulles\/","url":"https:\/\/vieassociative.be\/actualites\/ne-montrez-jamais-de-narine-et-autres-facons-de-prendre-des-photos-de-bebe-qui-ne-sont-pas-nulles\/","name":"Ne montrez jamais de narine et autres fa\u00e7ons de prendre des photos de b\u00e9b\u00e9 qui ne sont pas nulles | Vie Associative","isPartOf":{"@id":"https:\/\/vieassociative.be\/actualites\/#website"},"primaryImageOfPage":{"@id":"https:\/\/vieassociative.be\/actualites\/ne-montrez-jamais-de-narine-et-autres-facons-de-prendre-des-photos-de-bebe-qui-ne-sont-pas-nulles\/#primaryimage"},"image":{"@id":"https:\/\/vieassociative.be\/actualites\/ne-montrez-jamais-de-narine-et-autres-facons-de-prendre-des-photos-de-bebe-qui-ne-sont-pas-nulles\/#primaryimage"},"thumbnailUrl":"https:\/\/vieassociative.be\/actualites\/wp-content\/uploads\/2025\/01\/Ne-montrez-jamais-de-narine-et-autres-facons-de-prendre.jpg","datePublished":"2025-01-08T11:18:02+00:00","dateModified":"2025-01-08T11:18:02+00:00","breadcrumb":{"@id":"https:\/\/vieassociative.be\/actualites\/ne-montrez-jamais-de-narine-et-autres-facons-de-prendre-des-photos-de-bebe-qui-ne-sont-pas-nulles\/#breadcrumb"},"inLanguage":"fr-BE","potentialAction":[{"@type":"ReadAction","target":["https:\/\/vieassociative.be\/actualites\/ne-montrez-jamais-de-narine-et-autres-facons-de-prendre-des-photos-de-bebe-qui-ne-sont-pas-nulles\/"]}]},{"@type":"ImageObject","inLanguage":"fr-BE","@id":"https:\/\/vieassociative.be\/actualites\/ne-montrez-jamais-de-narine-et-autres-facons-de-prendre-des-photos-de-bebe-qui-ne-sont-pas-nulles\/#primaryimage","url":"https:\/\/vieassociative.be\/actualites\/wp-content\/uploads\/2025\/01\/Ne-montrez-jamais-de-narine-et-autres-facons-de-prendre.jpg","contentUrl":"https:\/\/vieassociative.be\/actualites\/wp-content\/uploads\/2025\/01\/Ne-montrez-jamais-de-narine-et-autres-facons-de-prendre.jpg","width":1200,"height":675,"caption":"Ne montrez jamais de narine et autres fa\u00e7ons de prendre des photos de b\u00e9b\u00e9 qui ne sont pas nulles"},{"@type":"BreadcrumbList","@id":"https:\/\/vieassociative.be\/actualites\/ne-montrez-jamais-de-narine-et-autres-facons-de-prendre-des-photos-de-bebe-qui-ne-sont-pas-nulles\/#breadcrumb","itemListElement":[{"@type":"ListItem","position":1,"name":"Accueil","item":"https:\/\/vieassociative.be\/actualites\/"},{"@type":"ListItem","position":2,"name":"Ne montrez jamais de narine et autres fa\u00e7ons de prendre des photos de b\u00e9b\u00e9 qui ne sont pas nulles"}]},{"@type":"WebSite","@id":"https:\/\/vieassociative.be\/actualites\/#website","url":"https:\/\/vieassociative.be\/actualites\/","name":"Vie Associative","description":"","publisher":{"@id":"https:\/\/vieassociative.be\/actualites\/#organization"},"potentialAction":[{"@type":"SearchAction","target":{"@type":"EntryPoint","urlTemplate":"https:\/\/vieassociative.be\/actualites\/?s={search_term_string}"},"query-input":{"@type":"PropertyValueSpecification","valueRequired":true,"valueName":"search_term_string"}}],"inLanguage":"fr-BE"},{"@type":"Organization","@id":"https:\/\/vieassociative.be\/actualites\/#organization","name":"Vie Associative","url":"https:\/\/vieassociative.be\/actualites\/","logo":{"@type":"ImageObject","inLanguage":"fr-BE","@id":"https:\/\/vieassociative.be\/actualites\/#\/schema\/logo\/image\/","url":"https:\/\/vieassociative.be\/actualites\/wp-content\/uploads\/2024\/09\/cropped-vieassociative_favicon.ico.png","contentUrl":"https:\/\/vieassociative.be\/actualites\/wp-content\/uploads\/2024\/09\/cropped-vieassociative_favicon.ico.png","width":512,"height":512,"caption":"Vie Associative"},"image":{"@id":"https:\/\/vieassociative.be\/actualites\/#\/schema\/logo\/image\/"}},{"@type":"Person","@id":"https:\/\/vieassociative.be\/actualites\/#\/schema\/person\/b87ac4f82f9d4e7b7cec7395b679edc4","name":"Julien","image":{"@type":"ImageObject","inLanguage":"fr-BE","@id":"https:\/\/vieassociative.be\/actualites\/#\/schema\/person\/image\/","url":"https:\/\/vieassociative.be\/actualites\/wp-content\/uploads\/2024\/09\/vie-associative-1-150x150.jpg","contentUrl":"https:\/\/vieassociative.be\/actualites\/wp-content\/uploads\/2024\/09\/vie-associative-1-150x150.jpg","caption":"Julien"},"description":"Je suis Julien, r\u00e9dacteur pour Vie Associative. Passionn\u00e9 par le monde associatif depuis plus de 10 ans, j'ai \u00e0 c\u0153ur de partager des histoires inspirantes et de mettre en lumi\u00e8re les initiatives locales. Mon objectif est de sensibiliser et d'encourager l'engagement communautaire \u00e0 travers mes articles.","sameAs":["https:\/\/vieassociative.be\/"]}]}},"_links":{"self":[{"href":"https:\/\/vieassociative.be\/actualites\/wp-json\/wp\/v2\/posts\/4158"}],"collection":[{"href":"https:\/\/vieassociative.be\/actualites\/wp-json\/wp\/v2\/posts"}],"about":[{"href":"https:\/\/vieassociative.be\/actualites\/wp-json\/wp\/v2\/types\/post"}],"author":[{"embeddable":true,"href":"https:\/\/vieassociative.be\/actualites\/wp-json\/wp\/v2\/users\/1"}],"replies":[{"embeddable":true,"href":"https:\/\/vieassociative.be\/actualites\/wp-json\/wp\/v2\/comments?post=4158"}],"version-history":[{"count":0,"href":"https:\/\/vieassociative.be\/actualites\/wp-json\/wp\/v2\/posts\/4158\/revisions"}],"wp:featuredmedia":[{"embeddable":true,"href":"https:\/\/vieassociative.be\/actualites\/wp-json\/wp\/v2\/media\/4159"}],"wp:attachment":[{"href":"https:\/\/vieassociative.be\/actualites\/wp-json\/wp\/v2\/media?parent=4158"}],"wp:term":[{"taxonomy":"category","embeddable":true,"href":"https:\/\/vieassociative.be\/actualites\/wp-json\/wp\/v2\/categories?post=4158"},{"taxonomy":"post_tag","embeddable":true,"href":"https:\/\/vieassociative.be\/actualites\/wp-json\/wp\/v2\/tags?post=4158"}],"curies":[{"name":"wp","href":"https:\/\/api.w.org\/{rel}","templated":true}]}}