{"id":4151,"date":"2025-01-08T06:17:48","date_gmt":"2025-01-08T05:17:48","guid":{"rendered":"https:\/\/vieassociative.be\/actualites\/le-guide-des-adultes-deconnectes-de-la-culture-des-enfants-pourquoi-dababy-a-t-il-ete-annule\/"},"modified":"2025-01-08T06:17:48","modified_gmt":"2025-01-08T05:17:48","slug":"le-guide-des-adultes-deconnectes-de-la-culture-des-enfants-pourquoi-dababy-a-t-il-ete-annule","status":"publish","type":"post","link":"https:\/\/vieassociative.be\/actualites\/le-guide-des-adultes-deconnectes-de-la-culture-des-enfants-pourquoi-dababy-a-t-il-ete-annule\/","title":{"rendered":"Le guide des adultes d\u00e9connect\u00e9s de la culture des enfants\u00a0: pourquoi DaBaby a-t-il \u00e9t\u00e9 annul\u00e9\u00a0?"},"content":{"rendered":"<div class=\"mt-4 leading-6 md:mb-8\">Les victimes de la culture d&rsquo;annulation de cette semaine incluent DaBaby, le miel congel\u00e9 et les frat boys ivres dans les avions.<\/div>\n<p><\/p>\n<p>La culture d&rsquo;annulation est un probl\u00e8me tr\u00e8s important dans ma vie, et les victimes de la culture d&rsquo;annulation de cette semaine incluent DaBaby, les pires antif\u00e9ministes de Reddit, et des passagers d&rsquo;avion ivres qui jouent au golf.<\/p>\n<h2 id=\"this-week-in-culture-war-dababy-dropped-from-summer-festivals\"><strong>Cette semaine dans la guerre culturelle : DaBaby exclu des festivals d&rsquo;\u00e9t\u00e9<\/strong><\/h2>\n<p>DaBaby \u00e9tait MIA au festival Lollapalooza de cette semaine \u00e0 Chicago, exclu de sa t\u00eate d&rsquo;affiche en r\u00e9ponse \u00e0 des remarques homophobes faites lors d&rsquo;un r\u00e9cent concert \u00e0 Miami. <\/p>\n<p>Apparemment, disant \u00e0 une foule pleine \u00e0 craquer : \u00ab Si vous ne vous pr\u00e9sentez pas aujourd&rsquo;hui avec le VIH, le SIDA, ou l&rsquo;une de ces maladies sexuellement transmissibles mortelles qui vous font mourir dans deux ou trois semaines, alors allumez la lumi\u00e8re de votre t\u00e9l\u00e9phone portable en l&rsquo;air \u00bb, et \u00ab Les gars, si vous ne sucez pas la bite d&rsquo;un&#8230; dans le parking, allumez la lumi\u00e8re de votre t\u00e9l\u00e9phone portable\u00a0\u00bb suffit \u00e0 vous faire annuler de Lollapalooza, ainsi que des festivals \u00e0 venir Governors Ball, Parklife, Day N Vegas, Ville d&rsquo;Austin Limites et iHeartRadio Music. Qui savait ? Pas DaBaby.<\/p>\n<p>Cependant, DaBaby a encore une chance. Selon Billboard, la direction de DaBaby a promis que le rappeur filmerait une vid\u00e9o d&rsquo;excuses qui serait diffus\u00e9e avant son set, donc j&rsquo;esp\u00e8re (pour les fans de DaBaby, en tout cas) que cela suffira \u00e0 mettre tout le rabat au lit, et DaBaby pourra recommencer \u00e0 faire son truc DaBaby.<\/p>\n<h2 id=\"follow-up-do-not-freeze-and-eat-honey\"><strong>Suivi\u00a0: Ne pas congeler et manger du miel<\/strong><\/h2>\n<p>Vous vous souvenez des jours innocents d&rsquo;il y a une semaine ? Quand nous courions tous partout en mangeant du miel congel\u00e9 sans nous soucier du monde ? Eh bien, l&rsquo;\u00e2ge d&rsquo;or est termin\u00e9. Les soi-disant \u00ab\u00a0professionnels de la sant\u00e9\u00a0\u00bb ont tu\u00e9 le plaisir en soulignant que cela pourrait \u00eatre une mauvaise id\u00e9e de se gaver de miel, en particulier pour une personne sur trois qui souffre d&rsquo;une intol\u00e9rance alimentaire au fructose.<\/p>\n<p>\u00ab\u00a0Utiliser (du miel) pour attirer beaucoup de followers et beaucoup d&rsquo;attention et en avoir en quantit\u00e9s excessives est fou\u00a0\u00bb, a d\u00e9clar\u00e9 Kristin Kirkpatrick, di\u00e9t\u00e9tiste \u00e0 la Cleveland Clinic, \u00e0 NBC. \u00ab\u00a0Je ne vois pas de risque \u00e9norme \u00e0 court terme pour quelqu&rsquo;un qui souffre de malabsorption du fructose, autre que ce qu&rsquo;il va ressentir, c&rsquo;est-\u00e0-dire une terrible diarrh\u00e9e, des douleurs \u00e0 l&rsquo;estomac et des choses comme \u00e7a.\u00a0\u00bb<\/p>\n<p>H\u00e9, di\u00e9t\u00e9tiste Kristin Kirkpatrick\u00a0:\u00a0Vous n&rsquo;\u00eates pas mon patron. Je vais continuer \u00e0 manger du miel au litre et au diable les cons\u00e9quences. (Je vous \u00e9pargnerai les d\u00e9tails de mes fr\u00e9quents et violents d\u00e9placements aux toilettes.)<\/p>\n<h2 id=\"this-week-in-music-billie-eilish-drops-new-video\"><strong>Cette semaine en musique : Billie Eilish sort une nouvelle vid\u00e9o<\/strong><\/h2>\n<h3><\/h3>\n<p>La superstar Billie Eilish, 19 ans, a sorti un morceau classique instantan\u00e9 cette semaine. \u00ab\u00a0Happier Than Ever\u00a0\u00bb s&rsquo;appuie sur une ouverture minimaliste du style des ann\u00e9es 1920 jusqu&rsquo;\u00e0 un hymne brut et criant \u00e0 pleins poumons de d\u00e9fi et de chagrin. Comme de nombreux commentateurs l&rsquo;ont soulign\u00e9, c&rsquo;est une chanson du genre app\u00e2t \u00e0 la chair de poule qui commence lentement puis gifle. (C&rsquo;est ce que les enfants disent de la musique ces jours-ci : elle \u00ab gifle \u00bb.) Ne me croyez pas sur parole ; \u00e9coutez-le vous-m\u00eame. Cela pourrait \u00eatre une chanson encore meilleure que le banger \u00ab Muskrat Love \u00bb de The Captain et Tenneile de 1976.<\/p>\n<h2 id=\"this-week-in-culture-war-2-reddit-bans-mgtow\"><strong>Cette semaine dans Culture War 2\u00a0: Reddit interdit MGTOW<\/strong><\/h2>\n<p>Le site Internet g\u00e9n\u00e9raliste Reddit a interdit son sous-reddit \u00ab Men Going Their Own Way \u00bb. r\/MGTOW abritait plus de 100 000 affiches d\u00e9di\u00e9es \u00e0 l&rsquo;id\u00e9e que les hommes devraient se distancer des femmes parce que le f\u00e9minisme est mauvais. En d\u2019autres termes, c\u2019\u00e9tait plein de gens dont on s\u2019\u00e9loigne lentement lors des cocktails.<\/p>\n<p>\u00ab\u00a0Les politiques de Reddit \u00e0 l&rsquo;\u00e9chelle du site interdisent explicitement les contenus incitant \u00e0 la violence ou promouvant la haine bas\u00e9e sur l&rsquo;identit\u00e9 ou la vuln\u00e9rabilit\u00e9\u00a0\u00bb, a d\u00e9clar\u00e9 un porte-parole de Reddit. \u00ab\u00a0Le subreddit en question a \u00e9t\u00e9 interdit conform\u00e9ment \u00e0 ces politiques.\u00a0\u00bb<\/p>\n<p>Il n&rsquo;a fallu que 10 ans de plaintes \u00e0 Reddit concernant le forum de discussion misogyne pour agir, permettant enfin \u00e0 ses membres de suivre leur propre chemin directement vers un autre trou de merde sur Internet.  <\/p>\n<h2 id=\"this-week-in-streaming-first-look-at-amazons-lord-of-the-rings-series\"><strong>Cette semaine en streaming : premier aper\u00e7u de la s\u00e9rie Le Seigneur des Anneaux d&rsquo;Amazon<\/strong><\/h2>\n<p>Si vous mouriez d&rsquo;envie de voir une dramatisation de l&rsquo;exil de T\u00farin Turambar \u00e0 Doriath, il vous suffira d&rsquo;attendre septembre 2022 pour la prochaine s\u00e9rie du Seigneur des Anneaux d&rsquo;Amazon. La s\u00e9rie, qui n&rsquo;a pas encore de titre, est bas\u00e9e sur l&rsquo;ouvrage de Tolkien publi\u00e9 \u00e0 titre posthume. <em>Silmarillion<\/em> (contrairement \u00e0 ses livres que les gens ont r\u00e9ellement lus) et se d\u00e9roule dans le Deuxi\u00e8me \u00c2ge de la Terre du Milieu, des milliers d&rsquo;ann\u00e9es avant les \u00e9v\u00e9nements de <em>Le Hobbit<\/em> et <em>Le Seigneur des Anneaux<\/em>.<\/p>\n<p>\u00ab\u00a0Comme le dit Bilbo, &lsquo;Maintenant, je pense que je suis tout \u00e0 fait pr\u00eat \u00e0 entreprendre un autre voyage'\u00a0\u00bb, ont d\u00e9clar\u00e9 les producteurs ex\u00e9cutifs JD Payne et Patrick McKay dans une d\u00e9claration qui imite \u00e9trangement la fa\u00e7on dont les humains parlent r\u00e9ellement sur terre. \u00ab\u00a0Vivre et respirer la Terre du Milieu pendant ces nombreux mois a \u00e9t\u00e9 l&rsquo;aventure d&rsquo;une vie\u00a0\u00bb, ont ajout\u00e9 les deux hommes, vraisemblablement \u00e0 l&rsquo;unisson. Si vous souhaitez voir la premi\u00e8re image de la s\u00e9rie, il vous suffit de cliquer ici.<\/p>\n<h3><strong>Vid\u00e9o virale de la semaine\u00a0: un voyou ivre enregistr\u00e9 sur une chaise \u00e0 bord d&rsquo;un avion de ligne<\/strong><\/h3>\n<p>Le passager de la compagnie a\u00e9rienne Maxwell Wilkinson Berry est devenu c\u00e9l\u00e8bre sur Internet cette semaine pour les pires raisons. Berry, 22 ans, prenait un vol de Philadelphie \u00e0 Miami, et il s&rsquo;est saoul\u00e9, a pelot\u00e9 deux h\u00f4tesses de l&rsquo;air, a frapp\u00e9 un mec et a cri\u00e9 : \u00ab Mes parents ont deux millions de dollars \u00bb. Puis la vid\u00e9o est devenue virale.<\/p>\n<p>Berry, \u00e9tonnamment un gars de la fraternit\u00e9 jouant au golf, \u00e9tait tellement incontr\u00f4lable que l&rsquo;\u00e9quipage de conduite a \u00e9t\u00e9 oblig\u00e9 de le scotcher sur ce si\u00e8ge pendant que les autres passagers applaudissaient. Les employ\u00e9s de Frontier Airline lui ont ensuite ferm\u00e9 la bouche avec du ruban adh\u00e9sif, emp\u00eachant le monde d&rsquo;entendre combien d&rsquo;argent son grand-p\u00e8re avait en fonds communs de placement. Heureusement, un autre passager a tout enregistr\u00e9 pour que vous puissiez en profiter aussi.<\/p>\n<p>Apr\u00e8s avoir \u00e9t\u00e9 lib\u00e9r\u00e9 de prison, Berry a r\u00e9pondu avec les plus grands tweets de l\u2019histoire d\u2019Internet : \u00ab Ce sera \u00e0 jamais l\u2019exp\u00e9rience la plus d\u00e9shumanisante de toute ma vie. Beaucoup de gens m&rsquo;ont ri et ridiculis\u00e9 lorsque j&rsquo;ai \u00e9t\u00e9 maltrait\u00e9 par le personnel d&rsquo;une compagnie a\u00e9rienne PROFESSIONNELLE. Juste pour que les choses en valent la peine, cela est devenu \u00ab viral \u00bb sur Internet et ne dispara\u00eetra jamais. Et \u00ab\u00a0Quelqu&rsquo;un peut-il dire ce qu&rsquo;il y a de dr\u00f4le \u00e0 \u00eatre scotch\u00e9 sur un si\u00e8ge d&rsquo;avion ?\u00a0\u00bb Combien de temps as-tu, Max ?<\/p>\n<p><\/p>\n","protected":false},"excerpt":{"rendered":"<p>Les victimes de la culture d&rsquo;annulation de cette semaine incluent DaBaby, le miel congel\u00e9 et les frat boys ivres dans les avions. La culture d&rsquo;annulation<\/p>\n","protected":false},"author":1,"featured_media":4152,"comment_status":"","ping_status":"","sticky":false,"template":"","format":"standard","meta":{"footnotes":""},"categories":[37],"tags":[899,4600,3142,2805,4599,2806,29,324,217,461,734],"class_list":["post-4151","post","type-post","status-publish","format-standard","has-post-thumbnail","hentry","category-famille","tag-adultes","tag-annule","tag-atil","tag-culture","tag-dababy","tag-deconnectes","tag-des","tag-enfants","tag-ete","tag-guide","tag-pourquoi","generate-columns","tablet-grid-50","mobile-grid-100","grid-parent","grid-33"],"yoast_head":"<!-- This site is optimized with the Yoast SEO plugin v24.0 - https:\/\/yoast.com\/wordpress\/plugins\/seo\/ -->\n<title>Le guide des adultes d\u00e9connect\u00e9s de la culture des enfants\u00a0: pourquoi DaBaby a-t-il \u00e9t\u00e9 annul\u00e9\u00a0? | Vie Associative<\/title>\n<meta name=\"robots\" content=\"index, follow, max-snippet:-1, max-image-preview:large, max-video-preview:-1\" \/>\n<link rel=\"canonical\" href=\"https:\/\/vieassociative.be\/actualites\/le-guide-des-adultes-deconnectes-de-la-culture-des-enfants-pourquoi-dababy-a-t-il-ete-annule\/\" \/>\n<meta property=\"og:locale\" content=\"fr_FR\" \/>\n<meta property=\"og:type\" content=\"article\" \/>\n<meta property=\"og:title\" content=\"Le guide des adultes d\u00e9connect\u00e9s de la culture des enfants\u00a0: pourquoi DaBaby a-t-il \u00e9t\u00e9 annul\u00e9\u00a0? | Vie Associative\" \/>\n<meta property=\"og:description\" content=\"Les victimes de la culture d&rsquo;annulation de cette semaine incluent DaBaby, le miel congel\u00e9 et les frat boys ivres dans les avions. La culture d&rsquo;annulation\" \/>\n<meta property=\"og:url\" content=\"https:\/\/vieassociative.be\/actualites\/le-guide-des-adultes-deconnectes-de-la-culture-des-enfants-pourquoi-dababy-a-t-il-ete-annule\/\" \/>\n<meta property=\"og:site_name\" content=\"Vie Associative\" \/>\n<meta property=\"article:published_time\" content=\"2025-01-08T05:17:48+00:00\" \/>\n<meta property=\"og:image\" content=\"https:\/\/vieassociative.be\/actualites\/wp-content\/uploads\/2024\/09\/header_backgroundk-01-e1726694325946.png\" \/>\n\t<meta property=\"og:image:width\" content=\"279\" \/>\n\t<meta property=\"og:image:height\" content=\"92\" \/>\n\t<meta property=\"og:image:type\" content=\"image\/png\" \/>\n<meta name=\"author\" content=\"Julien\" \/>\n<meta name=\"twitter:card\" content=\"summary_large_image\" \/>\n<meta name=\"twitter:label1\" content=\"\u00c9crit par\" \/>\n\t<meta name=\"twitter:data1\" content=\"Julien\" \/>\n\t<meta name=\"twitter:label2\" content=\"Dur\u00e9e de lecture est.\" \/>\n\t<meta name=\"twitter:data2\" content=\"6 minutes\" \/>\n<script type=\"application\/ld+json\" class=\"yoast-schema-graph\">{\"@context\":\"https:\/\/schema.org\",\"@graph\":[{\"@type\":\"Article\",\"@id\":\"https:\/\/vieassociative.be\/actualites\/le-guide-des-adultes-deconnectes-de-la-culture-des-enfants-pourquoi-dababy-a-t-il-ete-annule\/#article\",\"isPartOf\":{\"@id\":\"https:\/\/vieassociative.be\/actualites\/le-guide-des-adultes-deconnectes-de-la-culture-des-enfants-pourquoi-dababy-a-t-il-ete-annule\/\"},\"author\":{\"name\":\"Julien\",\"@id\":\"https:\/\/vieassociative.be\/actualites\/#\/schema\/person\/b87ac4f82f9d4e7b7cec7395b679edc4\"},\"headline\":\"Le guide des adultes d\u00e9connect\u00e9s de la culture des enfants\u00a0: pourquoi DaBaby a-t-il \u00e9t\u00e9 annul\u00e9\u00a0?\",\"datePublished\":\"2025-01-08T05:17:48+00:00\",\"dateModified\":\"2025-01-08T05:17:48+00:00\",\"mainEntityOfPage\":{\"@id\":\"https:\/\/vieassociative.be\/actualites\/le-guide-des-adultes-deconnectes-de-la-culture-des-enfants-pourquoi-dababy-a-t-il-ete-annule\/\"},\"wordCount\":1234,\"publisher\":{\"@id\":\"https:\/\/vieassociative.be\/actualites\/#organization\"},\"image\":{\"@id\":\"https:\/\/vieassociative.be\/actualites\/le-guide-des-adultes-deconnectes-de-la-culture-des-enfants-pourquoi-dababy-a-t-il-ete-annule\/#primaryimage\"},\"thumbnailUrl\":\"https:\/\/vieassociative.be\/actualites\/wp-content\/uploads\/2025\/01\/Le-guide-des-adultes-deconnectes-de-la-culture-des-enfants.jpg\",\"keywords\":[\"adultes\",\"annul\u00e9\",\"atil\",\"culture\",\"DaBaby\",\"d\u00e9connect\u00e9s\",\"Des\",\"enfants\",\"\u00e9t\u00e9\",\"Guide\",\"Pourquoi\"],\"articleSection\":[\"Famille\"],\"inLanguage\":\"fr-BE\"},{\"@type\":\"WebPage\",\"@id\":\"https:\/\/vieassociative.be\/actualites\/le-guide-des-adultes-deconnectes-de-la-culture-des-enfants-pourquoi-dababy-a-t-il-ete-annule\/\",\"url\":\"https:\/\/vieassociative.be\/actualites\/le-guide-des-adultes-deconnectes-de-la-culture-des-enfants-pourquoi-dababy-a-t-il-ete-annule\/\",\"name\":\"Le guide des adultes d\u00e9connect\u00e9s de la culture des enfants\u00a0: pourquoi DaBaby a-t-il \u00e9t\u00e9 annul\u00e9\u00a0? | Vie Associative\",\"isPartOf\":{\"@id\":\"https:\/\/vieassociative.be\/actualites\/#website\"},\"primaryImageOfPage\":{\"@id\":\"https:\/\/vieassociative.be\/actualites\/le-guide-des-adultes-deconnectes-de-la-culture-des-enfants-pourquoi-dababy-a-t-il-ete-annule\/#primaryimage\"},\"image\":{\"@id\":\"https:\/\/vieassociative.be\/actualites\/le-guide-des-adultes-deconnectes-de-la-culture-des-enfants-pourquoi-dababy-a-t-il-ete-annule\/#primaryimage\"},\"thumbnailUrl\":\"https:\/\/vieassociative.be\/actualites\/wp-content\/uploads\/2025\/01\/Le-guide-des-adultes-deconnectes-de-la-culture-des-enfants.jpg\",\"datePublished\":\"2025-01-08T05:17:48+00:00\",\"dateModified\":\"2025-01-08T05:17:48+00:00\",\"breadcrumb\":{\"@id\":\"https:\/\/vieassociative.be\/actualites\/le-guide-des-adultes-deconnectes-de-la-culture-des-enfants-pourquoi-dababy-a-t-il-ete-annule\/#breadcrumb\"},\"inLanguage\":\"fr-BE\",\"potentialAction\":[{\"@type\":\"ReadAction\",\"target\":[\"https:\/\/vieassociative.be\/actualites\/le-guide-des-adultes-deconnectes-de-la-culture-des-enfants-pourquoi-dababy-a-t-il-ete-annule\/\"]}]},{\"@type\":\"ImageObject\",\"inLanguage\":\"fr-BE\",\"@id\":\"https:\/\/vieassociative.be\/actualites\/le-guide-des-adultes-deconnectes-de-la-culture-des-enfants-pourquoi-dababy-a-t-il-ete-annule\/#primaryimage\",\"url\":\"https:\/\/vieassociative.be\/actualites\/wp-content\/uploads\/2025\/01\/Le-guide-des-adultes-deconnectes-de-la-culture-des-enfants.jpg\",\"contentUrl\":\"https:\/\/vieassociative.be\/actualites\/wp-content\/uploads\/2025\/01\/Le-guide-des-adultes-deconnectes-de-la-culture-des-enfants.jpg\",\"width\":1200,\"height\":675,\"caption\":\"Le guide des adultes d\u00e9connect\u00e9s de la culture des enfants\u00a0: pourquoi DaBaby a-t-il \u00e9t\u00e9 annul\u00e9\u00a0?\"},{\"@type\":\"BreadcrumbList\",\"@id\":\"https:\/\/vieassociative.be\/actualites\/le-guide-des-adultes-deconnectes-de-la-culture-des-enfants-pourquoi-dababy-a-t-il-ete-annule\/#breadcrumb\",\"itemListElement\":[{\"@type\":\"ListItem\",\"position\":1,\"name\":\"Accueil\",\"item\":\"https:\/\/vieassociative.be\/actualites\/\"},{\"@type\":\"ListItem\",\"position\":2,\"name\":\"Le guide des adultes d\u00e9connect\u00e9s de la culture des enfants\u00a0: pourquoi DaBaby a-t-il \u00e9t\u00e9 annul\u00e9\u00a0?\"}]},{\"@type\":\"WebSite\",\"@id\":\"https:\/\/vieassociative.be\/actualites\/#website\",\"url\":\"https:\/\/vieassociative.be\/actualites\/\",\"name\":\"Vie Associative\",\"description\":\"\",\"publisher\":{\"@id\":\"https:\/\/vieassociative.be\/actualites\/#organization\"},\"potentialAction\":[{\"@type\":\"SearchAction\",\"target\":{\"@type\":\"EntryPoint\",\"urlTemplate\":\"https:\/\/vieassociative.be\/actualites\/?s={search_term_string}\"},\"query-input\":{\"@type\":\"PropertyValueSpecification\",\"valueRequired\":true,\"valueName\":\"search_term_string\"}}],\"inLanguage\":\"fr-BE\"},{\"@type\":\"Organization\",\"@id\":\"https:\/\/vieassociative.be\/actualites\/#organization\",\"name\":\"Vie Associative\",\"url\":\"https:\/\/vieassociative.be\/actualites\/\",\"logo\":{\"@type\":\"ImageObject\",\"inLanguage\":\"fr-BE\",\"@id\":\"https:\/\/vieassociative.be\/actualites\/#\/schema\/logo\/image\/\",\"url\":\"https:\/\/vieassociative.be\/actualites\/wp-content\/uploads\/2024\/09\/cropped-vieassociative_favicon.ico.png\",\"contentUrl\":\"https:\/\/vieassociative.be\/actualites\/wp-content\/uploads\/2024\/09\/cropped-vieassociative_favicon.ico.png\",\"width\":512,\"height\":512,\"caption\":\"Vie Associative\"},\"image\":{\"@id\":\"https:\/\/vieassociative.be\/actualites\/#\/schema\/logo\/image\/\"}},{\"@type\":\"Person\",\"@id\":\"https:\/\/vieassociative.be\/actualites\/#\/schema\/person\/b87ac4f82f9d4e7b7cec7395b679edc4\",\"name\":\"Julien\",\"image\":{\"@type\":\"ImageObject\",\"inLanguage\":\"fr-BE\",\"@id\":\"https:\/\/vieassociative.be\/actualites\/#\/schema\/person\/image\/\",\"url\":\"https:\/\/vieassociative.be\/actualites\/wp-content\/uploads\/2024\/09\/vie-associative-1-150x150.jpg\",\"contentUrl\":\"https:\/\/vieassociative.be\/actualites\/wp-content\/uploads\/2024\/09\/vie-associative-1-150x150.jpg\",\"caption\":\"Julien\"},\"description\":\"Je suis Julien, r\u00e9dacteur pour Vie Associative. Passionn\u00e9 par le monde associatif depuis plus de 10 ans, j'ai \u00e0 c\u0153ur de partager des histoires inspirantes et de mettre en lumi\u00e8re les initiatives locales. Mon objectif est de sensibiliser et d'encourager l'engagement communautaire \u00e0 travers mes articles.\",\"sameAs\":[\"https:\/\/vieassociative.be\/\"]}]}<\/script>\n<!-- \/ Yoast SEO plugin. -->","yoast_head_json":{"title":"Le guide des adultes d\u00e9connect\u00e9s de la culture des enfants\u00a0: pourquoi DaBaby a-t-il \u00e9t\u00e9 annul\u00e9\u00a0? | Vie Associative","robots":{"index":"index","follow":"follow","max-snippet":"max-snippet:-1","max-image-preview":"max-image-preview:large","max-video-preview":"max-video-preview:-1"},"canonical":"https:\/\/vieassociative.be\/actualites\/le-guide-des-adultes-deconnectes-de-la-culture-des-enfants-pourquoi-dababy-a-t-il-ete-annule\/","og_locale":"fr_FR","og_type":"article","og_title":"Le guide des adultes d\u00e9connect\u00e9s de la culture des enfants\u00a0: pourquoi DaBaby a-t-il \u00e9t\u00e9 annul\u00e9\u00a0? | Vie Associative","og_description":"Les victimes de la culture d&rsquo;annulation de cette semaine incluent DaBaby, le miel congel\u00e9 et les frat boys ivres dans les avions. La culture d&rsquo;annulation","og_url":"https:\/\/vieassociative.be\/actualites\/le-guide-des-adultes-deconnectes-de-la-culture-des-enfants-pourquoi-dababy-a-t-il-ete-annule\/","og_site_name":"Vie Associative","article_published_time":"2025-01-08T05:17:48+00:00","og_image":[{"width":279,"height":92,"url":"https:\/\/vieassociative.be\/actualites\/wp-content\/uploads\/2024\/09\/header_backgroundk-01-e1726694325946.png","type":"image\/png"}],"author":"Julien","twitter_card":"summary_large_image","twitter_misc":{"\u00c9crit par":"Julien","Dur\u00e9e de lecture est.":"6 minutes"},"schema":{"@context":"https:\/\/schema.org","@graph":[{"@type":"Article","@id":"https:\/\/vieassociative.be\/actualites\/le-guide-des-adultes-deconnectes-de-la-culture-des-enfants-pourquoi-dababy-a-t-il-ete-annule\/#article","isPartOf":{"@id":"https:\/\/vieassociative.be\/actualites\/le-guide-des-adultes-deconnectes-de-la-culture-des-enfants-pourquoi-dababy-a-t-il-ete-annule\/"},"author":{"name":"Julien","@id":"https:\/\/vieassociative.be\/actualites\/#\/schema\/person\/b87ac4f82f9d4e7b7cec7395b679edc4"},"headline":"Le guide des adultes d\u00e9connect\u00e9s de la culture des enfants\u00a0: pourquoi DaBaby a-t-il \u00e9t\u00e9 annul\u00e9\u00a0?","datePublished":"2025-01-08T05:17:48+00:00","dateModified":"2025-01-08T05:17:48+00:00","mainEntityOfPage":{"@id":"https:\/\/vieassociative.be\/actualites\/le-guide-des-adultes-deconnectes-de-la-culture-des-enfants-pourquoi-dababy-a-t-il-ete-annule\/"},"wordCount":1234,"publisher":{"@id":"https:\/\/vieassociative.be\/actualites\/#organization"},"image":{"@id":"https:\/\/vieassociative.be\/actualites\/le-guide-des-adultes-deconnectes-de-la-culture-des-enfants-pourquoi-dababy-a-t-il-ete-annule\/#primaryimage"},"thumbnailUrl":"https:\/\/vieassociative.be\/actualites\/wp-content\/uploads\/2025\/01\/Le-guide-des-adultes-deconnectes-de-la-culture-des-enfants.jpg","keywords":["adultes","annul\u00e9","atil","culture","DaBaby","d\u00e9connect\u00e9s","Des","enfants","\u00e9t\u00e9","Guide","Pourquoi"],"articleSection":["Famille"],"inLanguage":"fr-BE"},{"@type":"WebPage","@id":"https:\/\/vieassociative.be\/actualites\/le-guide-des-adultes-deconnectes-de-la-culture-des-enfants-pourquoi-dababy-a-t-il-ete-annule\/","url":"https:\/\/vieassociative.be\/actualites\/le-guide-des-adultes-deconnectes-de-la-culture-des-enfants-pourquoi-dababy-a-t-il-ete-annule\/","name":"Le guide des adultes d\u00e9connect\u00e9s de la culture des enfants\u00a0: pourquoi DaBaby a-t-il \u00e9t\u00e9 annul\u00e9\u00a0? | Vie Associative","isPartOf":{"@id":"https:\/\/vieassociative.be\/actualites\/#website"},"primaryImageOfPage":{"@id":"https:\/\/vieassociative.be\/actualites\/le-guide-des-adultes-deconnectes-de-la-culture-des-enfants-pourquoi-dababy-a-t-il-ete-annule\/#primaryimage"},"image":{"@id":"https:\/\/vieassociative.be\/actualites\/le-guide-des-adultes-deconnectes-de-la-culture-des-enfants-pourquoi-dababy-a-t-il-ete-annule\/#primaryimage"},"thumbnailUrl":"https:\/\/vieassociative.be\/actualites\/wp-content\/uploads\/2025\/01\/Le-guide-des-adultes-deconnectes-de-la-culture-des-enfants.jpg","datePublished":"2025-01-08T05:17:48+00:00","dateModified":"2025-01-08T05:17:48+00:00","breadcrumb":{"@id":"https:\/\/vieassociative.be\/actualites\/le-guide-des-adultes-deconnectes-de-la-culture-des-enfants-pourquoi-dababy-a-t-il-ete-annule\/#breadcrumb"},"inLanguage":"fr-BE","potentialAction":[{"@type":"ReadAction","target":["https:\/\/vieassociative.be\/actualites\/le-guide-des-adultes-deconnectes-de-la-culture-des-enfants-pourquoi-dababy-a-t-il-ete-annule\/"]}]},{"@type":"ImageObject","inLanguage":"fr-BE","@id":"https:\/\/vieassociative.be\/actualites\/le-guide-des-adultes-deconnectes-de-la-culture-des-enfants-pourquoi-dababy-a-t-il-ete-annule\/#primaryimage","url":"https:\/\/vieassociative.be\/actualites\/wp-content\/uploads\/2025\/01\/Le-guide-des-adultes-deconnectes-de-la-culture-des-enfants.jpg","contentUrl":"https:\/\/vieassociative.be\/actualites\/wp-content\/uploads\/2025\/01\/Le-guide-des-adultes-deconnectes-de-la-culture-des-enfants.jpg","width":1200,"height":675,"caption":"Le guide des adultes d\u00e9connect\u00e9s de la culture des enfants\u00a0: pourquoi DaBaby a-t-il \u00e9t\u00e9 annul\u00e9\u00a0?"},{"@type":"BreadcrumbList","@id":"https:\/\/vieassociative.be\/actualites\/le-guide-des-adultes-deconnectes-de-la-culture-des-enfants-pourquoi-dababy-a-t-il-ete-annule\/#breadcrumb","itemListElement":[{"@type":"ListItem","position":1,"name":"Accueil","item":"https:\/\/vieassociative.be\/actualites\/"},{"@type":"ListItem","position":2,"name":"Le guide des adultes d\u00e9connect\u00e9s de la culture des enfants\u00a0: pourquoi DaBaby a-t-il \u00e9t\u00e9 annul\u00e9\u00a0?"}]},{"@type":"WebSite","@id":"https:\/\/vieassociative.be\/actualites\/#website","url":"https:\/\/vieassociative.be\/actualites\/","name":"Vie Associative","description":"","publisher":{"@id":"https:\/\/vieassociative.be\/actualites\/#organization"},"potentialAction":[{"@type":"SearchAction","target":{"@type":"EntryPoint","urlTemplate":"https:\/\/vieassociative.be\/actualites\/?s={search_term_string}"},"query-input":{"@type":"PropertyValueSpecification","valueRequired":true,"valueName":"search_term_string"}}],"inLanguage":"fr-BE"},{"@type":"Organization","@id":"https:\/\/vieassociative.be\/actualites\/#organization","name":"Vie Associative","url":"https:\/\/vieassociative.be\/actualites\/","logo":{"@type":"ImageObject","inLanguage":"fr-BE","@id":"https:\/\/vieassociative.be\/actualites\/#\/schema\/logo\/image\/","url":"https:\/\/vieassociative.be\/actualites\/wp-content\/uploads\/2024\/09\/cropped-vieassociative_favicon.ico.png","contentUrl":"https:\/\/vieassociative.be\/actualites\/wp-content\/uploads\/2024\/09\/cropped-vieassociative_favicon.ico.png","width":512,"height":512,"caption":"Vie Associative"},"image":{"@id":"https:\/\/vieassociative.be\/actualites\/#\/schema\/logo\/image\/"}},{"@type":"Person","@id":"https:\/\/vieassociative.be\/actualites\/#\/schema\/person\/b87ac4f82f9d4e7b7cec7395b679edc4","name":"Julien","image":{"@type":"ImageObject","inLanguage":"fr-BE","@id":"https:\/\/vieassociative.be\/actualites\/#\/schema\/person\/image\/","url":"https:\/\/vieassociative.be\/actualites\/wp-content\/uploads\/2024\/09\/vie-associative-1-150x150.jpg","contentUrl":"https:\/\/vieassociative.be\/actualites\/wp-content\/uploads\/2024\/09\/vie-associative-1-150x150.jpg","caption":"Julien"},"description":"Je suis Julien, r\u00e9dacteur pour Vie Associative. Passionn\u00e9 par le monde associatif depuis plus de 10 ans, j'ai \u00e0 c\u0153ur de partager des histoires inspirantes et de mettre en lumi\u00e8re les initiatives locales. Mon objectif est de sensibiliser et d'encourager l'engagement communautaire \u00e0 travers mes articles.","sameAs":["https:\/\/vieassociative.be\/"]}]}},"_links":{"self":[{"href":"https:\/\/vieassociative.be\/actualites\/wp-json\/wp\/v2\/posts\/4151"}],"collection":[{"href":"https:\/\/vieassociative.be\/actualites\/wp-json\/wp\/v2\/posts"}],"about":[{"href":"https:\/\/vieassociative.be\/actualites\/wp-json\/wp\/v2\/types\/post"}],"author":[{"embeddable":true,"href":"https:\/\/vieassociative.be\/actualites\/wp-json\/wp\/v2\/users\/1"}],"replies":[{"embeddable":true,"href":"https:\/\/vieassociative.be\/actualites\/wp-json\/wp\/v2\/comments?post=4151"}],"version-history":[{"count":0,"href":"https:\/\/vieassociative.be\/actualites\/wp-json\/wp\/v2\/posts\/4151\/revisions"}],"wp:featuredmedia":[{"embeddable":true,"href":"https:\/\/vieassociative.be\/actualites\/wp-json\/wp\/v2\/media\/4152"}],"wp:attachment":[{"href":"https:\/\/vieassociative.be\/actualites\/wp-json\/wp\/v2\/media?parent=4151"}],"wp:term":[{"taxonomy":"category","embeddable":true,"href":"https:\/\/vieassociative.be\/actualites\/wp-json\/wp\/v2\/categories?post=4151"},{"taxonomy":"post_tag","embeddable":true,"href":"https:\/\/vieassociative.be\/actualites\/wp-json\/wp\/v2\/tags?post=4151"}],"curies":[{"name":"wp","href":"https:\/\/api.w.org\/{rel}","templated":true}]}}