{"id":4148,"date":"2025-01-08T03:18:07","date_gmt":"2025-01-08T02:18:07","guid":{"rendered":"https:\/\/vieassociative.be\/actualites\/etude-sur-la-qualite-des-routes-dans-le-monde-la-belgique-et-lallemagne-classees-4emes\/"},"modified":"2025-01-08T03:18:07","modified_gmt":"2025-01-08T02:18:07","slug":"etude-sur-la-qualite-des-routes-dans-le-monde-la-belgique-et-lallemagne-classees-4emes","status":"publish","type":"post","link":"https:\/\/vieassociative.be\/actualites\/etude-sur-la-qualite-des-routes-dans-le-monde-la-belgique-et-lallemagne-classees-4emes\/","title":{"rendered":"Etude sur la qualit\u00e9 des routes dans le monde &#8211; La Belgique et l&rsquo;Allemagne class\u00e9es 4\u00e8mes"},"content":{"rendered":"<p><strong>Une nouvelle \u00e9tude de DiscoverCars.com examine la qualit\u00e9 des routes dans les pays du monde entier, l&rsquo;Allemagne arrivant en quatri\u00e8me position. La Belgique n\u2019est ni parmi les meilleurs ni parmi les pires.<\/strong><\/p>\n<p><span id=\"more-405717\"><\/span>DiscoverCars a interrog\u00e9 11 003 conducteurs touristiques du monde entier sur le pays qu&rsquo;ils ont visit\u00e9 et o\u00f9 ils ont lou\u00e9 une voiture. Les questions portaient sur la qualit\u00e9 des routes du pays et sur l&rsquo;exp\u00e9rience de conduite globale qu&rsquo;ils avaient. Les touristes ont ensuite \u00e9t\u00e9 invit\u00e9s \u00e0 \u00e9valuer la qualit\u00e9 des routes du pays sur une \u00e9chelle de 1 \u00e0 10. Sur la base de ces notes, DiscoverCars a pu cr\u00e9er un classement des 10 meilleurs pays.<\/p>\n<div id=\"attachment_405734\" class=\"wp-caption alignleft\" style=\"max-width: 145px\"><img decoding=\"async\" class=\"wp-image-405734 size-medium\" src=\"https:\/\/vieassociative.be\/actualites\/wp-content\/uploads\/2025\/01\/Etude-sur-la-qualite-des-routes-dans-le-monde.webp.webp\" alt=\"\" width=\"145\" height=\"300\"  ><\/p>\n<p class=\"wp-caption-text\">Cliquez sur l&rsquo;image pour l&rsquo;agrandir. Source\u00a0: DiscoverCars.com<\/p>\n<\/div>\n<p>La Nouvelle-Z\u00e9lande occupe la premi\u00e8re place avec une note de 8,71 sur 10 points. La Pologne occupe la deuxi\u00e8me place avec une note de 8,70 sur 10 points. Les \u00eeles Canaries (Espagne) ont pris la troisi\u00e8me place avec 8,61 points sur 10. L&rsquo;Allemagne occupe la quatri\u00e8me place avec une note de 8,45 sur 10 points. La cinqui\u00e8me place est revenue aux \u00celes Bal\u00e9ares (Espagne), qui ont obtenu 8,44 sur 10 points.<\/p>\n<p>La France arrive \u00e0 la sixi\u00e8me place avec 8,40 points sur 10. La Croatie occupe la septi\u00e8me place avec 8,39 points sur 10. L&rsquo;Espagne a pris la huiti\u00e8me place avec 8,37 points sur 10. La neuvi\u00e8me place revient aux A\u00e7ores (Portugal), qui ont obtenu 8,32 sur 10 points. L&rsquo;Australie occupe la dixi\u00e8me place avec 8,24 points sur 10.<\/p>\n<p>OD a demand\u00e9 \u00e0 DiscoverCars exactement o\u00f9 se situe la Belgique dans le classement. Une r\u00e9ponse est toujours en attente.<\/p>\n<p>DiscoverCars a \u00e9galement d\u00e9couvert dans quels pays les touristes \u00e9valuent la pire qualit\u00e9 des routes. Une m\u00e9thode d\u2019\u00e9valuation diff\u00e9rente a \u00e9t\u00e9 utilis\u00e9e.<\/p>\n<p>Le pays qui, selon les touristes, a la pire qualit\u00e9 des routes est la Sicile (Italie) avec une note de 6,55 sur 10 points. Malte suit avec 6,56 points sur 10. La Mac\u00e9doine a la troisi\u00e8me pire note avec 6,60 points sur 10. La Bulgarie a obtenu 6,70 points sur 10. Et enfin, l&rsquo;Albanie a obtenu 6,89 points sur 10. (cr\u00e9er)<\/p>\n<p><em><strong>INFO \u2013 Les r\u00e9sultats complets sont disponibles sur <u>https:\/\/www.discovercars.com\/blog\/de\/road-quality<\/u><\/strong><\/em><\/p>\n","protected":false},"excerpt":{"rendered":"<p>Une nouvelle \u00e9tude de DiscoverCars.com examine la qualit\u00e9 des routes dans les pays du monde entier, l&rsquo;Allemagne arrivant en quatri\u00e8me position. La Belgique n\u2019est ni<\/p>\n","protected":false},"author":1,"featured_media":4149,"comment_status":"","ping_status":"","sticky":false,"template":"","format":"standard","meta":{"footnotes":""},"categories":[298],"tags":[4598,383,4597,166,29,4595,2375,237,791,4596,33],"class_list":["post-4148","post","type-post","status-publish","format-standard","has-post-thumbnail","hentry","category-belgique","tag-4emes","tag-belgique","tag-classees","tag-dans","tag-des","tag-etude","tag-lallemagne","tag-monde","tag-qualite","tag-routes","tag-sur","generate-columns","tablet-grid-50","mobile-grid-100","grid-parent","grid-33"],"yoast_head":"<!-- This site is optimized with the Yoast SEO plugin v24.0 - https:\/\/yoast.com\/wordpress\/plugins\/seo\/ -->\n<title>Etude sur la qualit\u00e9 des routes dans le monde - La Belgique et l&#039;Allemagne class\u00e9es 4\u00e8mes | Vie Associative<\/title>\n<meta name=\"robots\" content=\"index, follow, max-snippet:-1, max-image-preview:large, max-video-preview:-1\" \/>\n<link rel=\"canonical\" href=\"https:\/\/vieassociative.be\/actualites\/etude-sur-la-qualite-des-routes-dans-le-monde-la-belgique-et-lallemagne-classees-4emes\/\" \/>\n<meta property=\"og:locale\" content=\"fr_FR\" \/>\n<meta property=\"og:type\" content=\"article\" \/>\n<meta property=\"og:title\" content=\"Etude sur la qualit\u00e9 des routes dans le monde - La Belgique et l&#039;Allemagne class\u00e9es 4\u00e8mes | Vie Associative\" \/>\n<meta property=\"og:description\" content=\"Une nouvelle \u00e9tude de DiscoverCars.com examine la qualit\u00e9 des routes dans les pays du monde entier, l&rsquo;Allemagne arrivant en quatri\u00e8me position. La Belgique n\u2019est ni\" \/>\n<meta property=\"og:url\" content=\"https:\/\/vieassociative.be\/actualites\/etude-sur-la-qualite-des-routes-dans-le-monde-la-belgique-et-lallemagne-classees-4emes\/\" \/>\n<meta property=\"og:site_name\" content=\"Vie Associative\" \/>\n<meta property=\"article:published_time\" content=\"2025-01-08T02:18:07+00:00\" \/>\n<meta property=\"og:image\" content=\"https:\/\/vieassociative.be\/actualites\/wp-content\/uploads\/2024\/09\/header_backgroundk-01-e1726694325946.png\" \/>\n\t<meta property=\"og:image:width\" content=\"279\" \/>\n\t<meta property=\"og:image:height\" content=\"92\" \/>\n\t<meta property=\"og:image:type\" content=\"image\/png\" \/>\n<meta name=\"author\" content=\"Julien\" \/>\n<meta name=\"twitter:card\" content=\"summary_large_image\" \/>\n<meta name=\"twitter:label1\" content=\"\u00c9crit par\" \/>\n\t<meta name=\"twitter:data1\" content=\"Julien\" \/>\n\t<meta name=\"twitter:label2\" content=\"Dur\u00e9e de lecture est.\" \/>\n\t<meta name=\"twitter:data2\" content=\"2 minutes\" \/>\n<script type=\"application\/ld+json\" class=\"yoast-schema-graph\">{\"@context\":\"https:\/\/schema.org\",\"@graph\":[{\"@type\":\"Article\",\"@id\":\"https:\/\/vieassociative.be\/actualites\/etude-sur-la-qualite-des-routes-dans-le-monde-la-belgique-et-lallemagne-classees-4emes\/#article\",\"isPartOf\":{\"@id\":\"https:\/\/vieassociative.be\/actualites\/etude-sur-la-qualite-des-routes-dans-le-monde-la-belgique-et-lallemagne-classees-4emes\/\"},\"author\":{\"name\":\"Julien\",\"@id\":\"https:\/\/vieassociative.be\/actualites\/#\/schema\/person\/b87ac4f82f9d4e7b7cec7395b679edc4\"},\"headline\":\"Etude sur la qualit\u00e9 des routes dans le monde &#8211; La Belgique et l&rsquo;Allemagne class\u00e9es 4\u00e8mes\",\"datePublished\":\"2025-01-08T02:18:07+00:00\",\"dateModified\":\"2025-01-08T02:18:07+00:00\",\"mainEntityOfPage\":{\"@id\":\"https:\/\/vieassociative.be\/actualites\/etude-sur-la-qualite-des-routes-dans-le-monde-la-belgique-et-lallemagne-classees-4emes\/\"},\"wordCount\":382,\"publisher\":{\"@id\":\"https:\/\/vieassociative.be\/actualites\/#organization\"},\"image\":{\"@id\":\"https:\/\/vieassociative.be\/actualites\/etude-sur-la-qualite-des-routes-dans-le-monde-la-belgique-et-lallemagne-classees-4emes\/#primaryimage\"},\"thumbnailUrl\":\"https:\/\/vieassociative.be\/actualites\/wp-content\/uploads\/2025\/01\/Etude-sur-la-qualite-des-routes-dans-le-monde.jpg\",\"keywords\":[\"4\u00e8mes\",\"Belgique\",\"class\u00e9es\",\"dans\",\"Des\",\"Etude\",\"lAllemagne\",\"monde\",\"qualit\u00e9\",\"routes\",\"sur\"],\"articleSection\":[\"Belgique\"],\"inLanguage\":\"fr-BE\"},{\"@type\":\"WebPage\",\"@id\":\"https:\/\/vieassociative.be\/actualites\/etude-sur-la-qualite-des-routes-dans-le-monde-la-belgique-et-lallemagne-classees-4emes\/\",\"url\":\"https:\/\/vieassociative.be\/actualites\/etude-sur-la-qualite-des-routes-dans-le-monde-la-belgique-et-lallemagne-classees-4emes\/\",\"name\":\"Etude sur la qualit\u00e9 des routes dans le monde - La Belgique et l'Allemagne class\u00e9es 4\u00e8mes | Vie Associative\",\"isPartOf\":{\"@id\":\"https:\/\/vieassociative.be\/actualites\/#website\"},\"primaryImageOfPage\":{\"@id\":\"https:\/\/vieassociative.be\/actualites\/etude-sur-la-qualite-des-routes-dans-le-monde-la-belgique-et-lallemagne-classees-4emes\/#primaryimage\"},\"image\":{\"@id\":\"https:\/\/vieassociative.be\/actualites\/etude-sur-la-qualite-des-routes-dans-le-monde-la-belgique-et-lallemagne-classees-4emes\/#primaryimage\"},\"thumbnailUrl\":\"https:\/\/vieassociative.be\/actualites\/wp-content\/uploads\/2025\/01\/Etude-sur-la-qualite-des-routes-dans-le-monde.jpg\",\"datePublished\":\"2025-01-08T02:18:07+00:00\",\"dateModified\":\"2025-01-08T02:18:07+00:00\",\"breadcrumb\":{\"@id\":\"https:\/\/vieassociative.be\/actualites\/etude-sur-la-qualite-des-routes-dans-le-monde-la-belgique-et-lallemagne-classees-4emes\/#breadcrumb\"},\"inLanguage\":\"fr-BE\",\"potentialAction\":[{\"@type\":\"ReadAction\",\"target\":[\"https:\/\/vieassociative.be\/actualites\/etude-sur-la-qualite-des-routes-dans-le-monde-la-belgique-et-lallemagne-classees-4emes\/\"]}]},{\"@type\":\"ImageObject\",\"inLanguage\":\"fr-BE\",\"@id\":\"https:\/\/vieassociative.be\/actualites\/etude-sur-la-qualite-des-routes-dans-le-monde-la-belgique-et-lallemagne-classees-4emes\/#primaryimage\",\"url\":\"https:\/\/vieassociative.be\/actualites\/wp-content\/uploads\/2025\/01\/Etude-sur-la-qualite-des-routes-dans-le-monde.jpg\",\"contentUrl\":\"https:\/\/vieassociative.be\/actualites\/wp-content\/uploads\/2025\/01\/Etude-sur-la-qualite-des-routes-dans-le-monde.jpg\",\"width\":1200,\"height\":900,\"caption\":\"Etude sur la qualit\u00e9 des routes dans le monde - La Belgique et l'Allemagne class\u00e9es 4\u00e8mes\"},{\"@type\":\"BreadcrumbList\",\"@id\":\"https:\/\/vieassociative.be\/actualites\/etude-sur-la-qualite-des-routes-dans-le-monde-la-belgique-et-lallemagne-classees-4emes\/#breadcrumb\",\"itemListElement\":[{\"@type\":\"ListItem\",\"position\":1,\"name\":\"Accueil\",\"item\":\"https:\/\/vieassociative.be\/actualites\/\"},{\"@type\":\"ListItem\",\"position\":2,\"name\":\"Etude sur la qualit\u00e9 des routes dans le monde &#8211; La Belgique et l&rsquo;Allemagne class\u00e9es 4\u00e8mes\"}]},{\"@type\":\"WebSite\",\"@id\":\"https:\/\/vieassociative.be\/actualites\/#website\",\"url\":\"https:\/\/vieassociative.be\/actualites\/\",\"name\":\"Vie Associative\",\"description\":\"\",\"publisher\":{\"@id\":\"https:\/\/vieassociative.be\/actualites\/#organization\"},\"potentialAction\":[{\"@type\":\"SearchAction\",\"target\":{\"@type\":\"EntryPoint\",\"urlTemplate\":\"https:\/\/vieassociative.be\/actualites\/?s={search_term_string}\"},\"query-input\":{\"@type\":\"PropertyValueSpecification\",\"valueRequired\":true,\"valueName\":\"search_term_string\"}}],\"inLanguage\":\"fr-BE\"},{\"@type\":\"Organization\",\"@id\":\"https:\/\/vieassociative.be\/actualites\/#organization\",\"name\":\"Vie Associative\",\"url\":\"https:\/\/vieassociative.be\/actualites\/\",\"logo\":{\"@type\":\"ImageObject\",\"inLanguage\":\"fr-BE\",\"@id\":\"https:\/\/vieassociative.be\/actualites\/#\/schema\/logo\/image\/\",\"url\":\"https:\/\/vieassociative.be\/actualites\/wp-content\/uploads\/2024\/09\/cropped-vieassociative_favicon.ico.png\",\"contentUrl\":\"https:\/\/vieassociative.be\/actualites\/wp-content\/uploads\/2024\/09\/cropped-vieassociative_favicon.ico.png\",\"width\":512,\"height\":512,\"caption\":\"Vie Associative\"},\"image\":{\"@id\":\"https:\/\/vieassociative.be\/actualites\/#\/schema\/logo\/image\/\"}},{\"@type\":\"Person\",\"@id\":\"https:\/\/vieassociative.be\/actualites\/#\/schema\/person\/b87ac4f82f9d4e7b7cec7395b679edc4\",\"name\":\"Julien\",\"image\":{\"@type\":\"ImageObject\",\"inLanguage\":\"fr-BE\",\"@id\":\"https:\/\/vieassociative.be\/actualites\/#\/schema\/person\/image\/\",\"url\":\"https:\/\/vieassociative.be\/actualites\/wp-content\/uploads\/2024\/09\/vie-associative-1-150x150.jpg\",\"contentUrl\":\"https:\/\/vieassociative.be\/actualites\/wp-content\/uploads\/2024\/09\/vie-associative-1-150x150.jpg\",\"caption\":\"Julien\"},\"description\":\"Je suis Julien, r\u00e9dacteur pour Vie Associative. Passionn\u00e9 par le monde associatif depuis plus de 10 ans, j'ai \u00e0 c\u0153ur de partager des histoires inspirantes et de mettre en lumi\u00e8re les initiatives locales. Mon objectif est de sensibiliser et d'encourager l'engagement communautaire \u00e0 travers mes articles.\",\"sameAs\":[\"https:\/\/vieassociative.be\/\"]}]}<\/script>\n<!-- \/ Yoast SEO plugin. -->","yoast_head_json":{"title":"Etude sur la qualit\u00e9 des routes dans le monde - La Belgique et l'Allemagne class\u00e9es 4\u00e8mes | Vie Associative","robots":{"index":"index","follow":"follow","max-snippet":"max-snippet:-1","max-image-preview":"max-image-preview:large","max-video-preview":"max-video-preview:-1"},"canonical":"https:\/\/vieassociative.be\/actualites\/etude-sur-la-qualite-des-routes-dans-le-monde-la-belgique-et-lallemagne-classees-4emes\/","og_locale":"fr_FR","og_type":"article","og_title":"Etude sur la qualit\u00e9 des routes dans le monde - La Belgique et l'Allemagne class\u00e9es 4\u00e8mes | Vie Associative","og_description":"Une nouvelle \u00e9tude de DiscoverCars.com examine la qualit\u00e9 des routes dans les pays du monde entier, l&rsquo;Allemagne arrivant en quatri\u00e8me position. La Belgique n\u2019est ni","og_url":"https:\/\/vieassociative.be\/actualites\/etude-sur-la-qualite-des-routes-dans-le-monde-la-belgique-et-lallemagne-classees-4emes\/","og_site_name":"Vie Associative","article_published_time":"2025-01-08T02:18:07+00:00","og_image":[{"width":279,"height":92,"url":"https:\/\/vieassociative.be\/actualites\/wp-content\/uploads\/2024\/09\/header_backgroundk-01-e1726694325946.png","type":"image\/png"}],"author":"Julien","twitter_card":"summary_large_image","twitter_misc":{"\u00c9crit par":"Julien","Dur\u00e9e de lecture est.":"2 minutes"},"schema":{"@context":"https:\/\/schema.org","@graph":[{"@type":"Article","@id":"https:\/\/vieassociative.be\/actualites\/etude-sur-la-qualite-des-routes-dans-le-monde-la-belgique-et-lallemagne-classees-4emes\/#article","isPartOf":{"@id":"https:\/\/vieassociative.be\/actualites\/etude-sur-la-qualite-des-routes-dans-le-monde-la-belgique-et-lallemagne-classees-4emes\/"},"author":{"name":"Julien","@id":"https:\/\/vieassociative.be\/actualites\/#\/schema\/person\/b87ac4f82f9d4e7b7cec7395b679edc4"},"headline":"Etude sur la qualit\u00e9 des routes dans le monde &#8211; La Belgique et l&rsquo;Allemagne class\u00e9es 4\u00e8mes","datePublished":"2025-01-08T02:18:07+00:00","dateModified":"2025-01-08T02:18:07+00:00","mainEntityOfPage":{"@id":"https:\/\/vieassociative.be\/actualites\/etude-sur-la-qualite-des-routes-dans-le-monde-la-belgique-et-lallemagne-classees-4emes\/"},"wordCount":382,"publisher":{"@id":"https:\/\/vieassociative.be\/actualites\/#organization"},"image":{"@id":"https:\/\/vieassociative.be\/actualites\/etude-sur-la-qualite-des-routes-dans-le-monde-la-belgique-et-lallemagne-classees-4emes\/#primaryimage"},"thumbnailUrl":"https:\/\/vieassociative.be\/actualites\/wp-content\/uploads\/2025\/01\/Etude-sur-la-qualite-des-routes-dans-le-monde.jpg","keywords":["4\u00e8mes","Belgique","class\u00e9es","dans","Des","Etude","lAllemagne","monde","qualit\u00e9","routes","sur"],"articleSection":["Belgique"],"inLanguage":"fr-BE"},{"@type":"WebPage","@id":"https:\/\/vieassociative.be\/actualites\/etude-sur-la-qualite-des-routes-dans-le-monde-la-belgique-et-lallemagne-classees-4emes\/","url":"https:\/\/vieassociative.be\/actualites\/etude-sur-la-qualite-des-routes-dans-le-monde-la-belgique-et-lallemagne-classees-4emes\/","name":"Etude sur la qualit\u00e9 des routes dans le monde - La Belgique et l'Allemagne class\u00e9es 4\u00e8mes | Vie Associative","isPartOf":{"@id":"https:\/\/vieassociative.be\/actualites\/#website"},"primaryImageOfPage":{"@id":"https:\/\/vieassociative.be\/actualites\/etude-sur-la-qualite-des-routes-dans-le-monde-la-belgique-et-lallemagne-classees-4emes\/#primaryimage"},"image":{"@id":"https:\/\/vieassociative.be\/actualites\/etude-sur-la-qualite-des-routes-dans-le-monde-la-belgique-et-lallemagne-classees-4emes\/#primaryimage"},"thumbnailUrl":"https:\/\/vieassociative.be\/actualites\/wp-content\/uploads\/2025\/01\/Etude-sur-la-qualite-des-routes-dans-le-monde.jpg","datePublished":"2025-01-08T02:18:07+00:00","dateModified":"2025-01-08T02:18:07+00:00","breadcrumb":{"@id":"https:\/\/vieassociative.be\/actualites\/etude-sur-la-qualite-des-routes-dans-le-monde-la-belgique-et-lallemagne-classees-4emes\/#breadcrumb"},"inLanguage":"fr-BE","potentialAction":[{"@type":"ReadAction","target":["https:\/\/vieassociative.be\/actualites\/etude-sur-la-qualite-des-routes-dans-le-monde-la-belgique-et-lallemagne-classees-4emes\/"]}]},{"@type":"ImageObject","inLanguage":"fr-BE","@id":"https:\/\/vieassociative.be\/actualites\/etude-sur-la-qualite-des-routes-dans-le-monde-la-belgique-et-lallemagne-classees-4emes\/#primaryimage","url":"https:\/\/vieassociative.be\/actualites\/wp-content\/uploads\/2025\/01\/Etude-sur-la-qualite-des-routes-dans-le-monde.jpg","contentUrl":"https:\/\/vieassociative.be\/actualites\/wp-content\/uploads\/2025\/01\/Etude-sur-la-qualite-des-routes-dans-le-monde.jpg","width":1200,"height":900,"caption":"Etude sur la qualit\u00e9 des routes dans le monde - La Belgique et l'Allemagne class\u00e9es 4\u00e8mes"},{"@type":"BreadcrumbList","@id":"https:\/\/vieassociative.be\/actualites\/etude-sur-la-qualite-des-routes-dans-le-monde-la-belgique-et-lallemagne-classees-4emes\/#breadcrumb","itemListElement":[{"@type":"ListItem","position":1,"name":"Accueil","item":"https:\/\/vieassociative.be\/actualites\/"},{"@type":"ListItem","position":2,"name":"Etude sur la qualit\u00e9 des routes dans le monde &#8211; La Belgique et l&rsquo;Allemagne class\u00e9es 4\u00e8mes"}]},{"@type":"WebSite","@id":"https:\/\/vieassociative.be\/actualites\/#website","url":"https:\/\/vieassociative.be\/actualites\/","name":"Vie Associative","description":"","publisher":{"@id":"https:\/\/vieassociative.be\/actualites\/#organization"},"potentialAction":[{"@type":"SearchAction","target":{"@type":"EntryPoint","urlTemplate":"https:\/\/vieassociative.be\/actualites\/?s={search_term_string}"},"query-input":{"@type":"PropertyValueSpecification","valueRequired":true,"valueName":"search_term_string"}}],"inLanguage":"fr-BE"},{"@type":"Organization","@id":"https:\/\/vieassociative.be\/actualites\/#organization","name":"Vie Associative","url":"https:\/\/vieassociative.be\/actualites\/","logo":{"@type":"ImageObject","inLanguage":"fr-BE","@id":"https:\/\/vieassociative.be\/actualites\/#\/schema\/logo\/image\/","url":"https:\/\/vieassociative.be\/actualites\/wp-content\/uploads\/2024\/09\/cropped-vieassociative_favicon.ico.png","contentUrl":"https:\/\/vieassociative.be\/actualites\/wp-content\/uploads\/2024\/09\/cropped-vieassociative_favicon.ico.png","width":512,"height":512,"caption":"Vie Associative"},"image":{"@id":"https:\/\/vieassociative.be\/actualites\/#\/schema\/logo\/image\/"}},{"@type":"Person","@id":"https:\/\/vieassociative.be\/actualites\/#\/schema\/person\/b87ac4f82f9d4e7b7cec7395b679edc4","name":"Julien","image":{"@type":"ImageObject","inLanguage":"fr-BE","@id":"https:\/\/vieassociative.be\/actualites\/#\/schema\/person\/image\/","url":"https:\/\/vieassociative.be\/actualites\/wp-content\/uploads\/2024\/09\/vie-associative-1-150x150.jpg","contentUrl":"https:\/\/vieassociative.be\/actualites\/wp-content\/uploads\/2024\/09\/vie-associative-1-150x150.jpg","caption":"Julien"},"description":"Je suis Julien, r\u00e9dacteur pour Vie Associative. Passionn\u00e9 par le monde associatif depuis plus de 10 ans, j'ai \u00e0 c\u0153ur de partager des histoires inspirantes et de mettre en lumi\u00e8re les initiatives locales. Mon objectif est de sensibiliser et d'encourager l'engagement communautaire \u00e0 travers mes articles.","sameAs":["https:\/\/vieassociative.be\/"]}]}},"_links":{"self":[{"href":"https:\/\/vieassociative.be\/actualites\/wp-json\/wp\/v2\/posts\/4148"}],"collection":[{"href":"https:\/\/vieassociative.be\/actualites\/wp-json\/wp\/v2\/posts"}],"about":[{"href":"https:\/\/vieassociative.be\/actualites\/wp-json\/wp\/v2\/types\/post"}],"author":[{"embeddable":true,"href":"https:\/\/vieassociative.be\/actualites\/wp-json\/wp\/v2\/users\/1"}],"replies":[{"embeddable":true,"href":"https:\/\/vieassociative.be\/actualites\/wp-json\/wp\/v2\/comments?post=4148"}],"version-history":[{"count":0,"href":"https:\/\/vieassociative.be\/actualites\/wp-json\/wp\/v2\/posts\/4148\/revisions"}],"wp:featuredmedia":[{"embeddable":true,"href":"https:\/\/vieassociative.be\/actualites\/wp-json\/wp\/v2\/media\/4149"}],"wp:attachment":[{"href":"https:\/\/vieassociative.be\/actualites\/wp-json\/wp\/v2\/media?parent=4148"}],"wp:term":[{"taxonomy":"category","embeddable":true,"href":"https:\/\/vieassociative.be\/actualites\/wp-json\/wp\/v2\/categories?post=4148"},{"taxonomy":"post_tag","embeddable":true,"href":"https:\/\/vieassociative.be\/actualites\/wp-json\/wp\/v2\/tags?post=4148"}],"curies":[{"name":"wp","href":"https:\/\/api.w.org\/{rel}","templated":true}]}}