{"id":4144,"date":"2025-01-08T00:20:38","date_gmt":"2025-01-07T23:20:38","guid":{"rendered":"https:\/\/vieassociative.be\/actualites\/le-guide-de-la-culture-des-enfants-pour-les-adultes-deconnectes-qui-diable-est-emma-chamberlain\/"},"modified":"2025-01-08T00:20:38","modified_gmt":"2025-01-07T23:20:38","slug":"le-guide-de-la-culture-des-enfants-pour-les-adultes-deconnectes-qui-diable-est-emma-chamberlain","status":"publish","type":"post","link":"https:\/\/vieassociative.be\/actualites\/le-guide-de-la-culture-des-enfants-pour-les-adultes-deconnectes-qui-diable-est-emma-chamberlain\/","title":{"rendered":"Le guide de la culture des enfants pour les adultes d\u00e9connect\u00e9s\u00a0: qui diable est Emma Chamberlain\u00a0?"},"content":{"rendered":"<div class=\"mt-4 leading-6 md:mb-8\">R\u00e9v\u00e9ler les dessous cach\u00e9s de la renomm\u00e9e YouTube, de la sexualit\u00e9 des super-h\u00e9ros et des d\u00e9licieuses frites.<\/div>\n<p><\/p>\n<p>  Cette semaine est consacr\u00e9e aux connaissances interdites, alors poursuivez votre lecture pour d\u00e9couvrir les mondes cach\u00e9s des c\u00e9l\u00e9brit\u00e9s sur YouTube, de la sexualit\u00e9 des super-h\u00e9ros, des frites de restauration rapide et de la Maison Blanche elle-m\u00eame.<\/p>\n<h3><strong>C\u00e9l\u00e9brit\u00e9s dont vous n&rsquo;avez jamais entendu parler\u00a0: Emma Chamberlain<\/strong><\/h3>\n<p>Vous n&rsquo;avez probablement jamais entendu parler d&rsquo;Emma Chamberlain, mais la jeune femme de 20 ans compte pr\u00e8s de 20 millions de followers sur YouTube et Insta, un podcast \u00e0 succ\u00e8s et des millions de dollars, et elle a tout fait en \u00e9tant authentique. <\/p>\n<p>Alors que la plupart des influenceurs Internet consacrent des tonnes de temps et d\u2019argent \u00e0 se pr\u00e9senter sous un jour parfait, en contr\u00f4lant soigneusement chaque aspect de leur marque personnelle, Chamberlain laisse tout tra\u00eener. Elle ne porte pas de maquillage, ses cheveux sont en d\u00e9sordre, elle ne censure pas ses pens\u00e9es les plus \u00e9tranges et ses vid\u00e9os sont tremblantes, tourn\u00e9es avec son iPhone, des documents de v\u00e9rit\u00e9 au lieu d&rsquo;auto-publicit\u00e9s habilement produites. Les enfants s&rsquo;identifient \u00e0 elle.<\/p>\n<p>La derni\u00e8re vid\u00e9o de Chamberlain, Alt\u00e9rations, est une tranche de vie de 20 minutes dans le monde d&rsquo;Emma, \u200b\u200bo\u00f9 elle dit \u00e0 la cam\u00e9ra : \u00ab Je suis la pire avec les avocats \u00bb et \u00ab dans la majorit\u00e9 des pantalons, c&rsquo;est comme une ville flasque dans ma r\u00e9gion des fesses \u00bb et \u00ab J\u2019adore porter un chapeau, mais j\u2019ai une transpiration frontale d\u2019un niveau sup\u00e9rieur. \u00bb<\/p>\n<p>Si j&rsquo;ignore le fait que son \u00ab authenticit\u00e9 \u00bb est aussi fabriqu\u00e9e qu&rsquo;autre chose, je dois admettre que les vid\u00e9os d&rsquo;Emma donnent vraiment l&rsquo;impression de tra\u00eener et d&rsquo;avoir une conversation avec une jeune de 20 ans ; principalement parce qu&rsquo;ils me donnent envie de crier \u00ab\u00a0J\u00e9sus, qui est putain <em>se soucie<\/em>?\u00a0\u00bb Ensuite, je me rappelle que les autres jeunes de 20 ans s&rsquo;en soucient clairement et que le narcissisme des jeunes est une \u00e9tape n\u00e9cessaire pour se forger une identit\u00e9 et r\u00e9aliser \u00e0 quel point on compte peu. <\/p>\n<h3><strong>Cette semaine dans les m\u00e8mes : La variante Delta arrive pour vos projets d&rsquo;automne<\/strong><\/h3>\n<p>Le m\u00e8me chaud sur les interwebs cette semaine fait la lumi\u00e8re sur la mont\u00e9e de la variante Delta du COVID-19. Voici comment cela fonctionne\u00a0: vous sous-titrez une image d&rsquo;une chose pleine d&rsquo;espoir &#8211; par exemple un personnage de film ou un personnage historique &#8211; avec \u00ab\u00a0Mes projets d&rsquo;automne\u00a0\u00bb, puis vous \u00e9tiquetez une deuxi\u00e8me image \u00ab\u00a0La variante delta\u00a0\u00bb montrant la chose qui apporte la trag\u00e9die. Ainsi, une plantation au sud pourrait \u00eatre \u00e9tiquet\u00e9e \u00ab\u00a0Mes projets d\u2019automne\u00a0\u00bb et <a rel=\"nofollow noopener\" href=\"https:\/\/twitter.com\/DrRobThompson\/status\/1425846332187676681\" target=\"_blank\" title=\"open in a new window\">Sherman marchant vers la mer<\/a> serait \u00ab\u00a0La variante delta\u00a0\u00bb. (C&rsquo;est plus dr\u00f4le en pratique qu&rsquo;en description, croyez-moi.) Quoi qu&rsquo;il en soit, <a rel=\"nofollow noopener\" href=\"https:\/\/twitter.com\/chris_notcapn\/status\/1425501373991428104\" target=\"_blank\" title=\"open in a new window\">ici<\/a> <a rel=\"nofollow noopener\" href=\"https:\/\/twitter.com\/chuck_hardwood\/status\/1425515623426281475\" target=\"_blank\" title=\"open in a new window\">sont<\/a> <a rel=\"nofollow noopener\" href=\"https:\/\/twitter.com\/MathewTukua\/status\/1425951107906482185\" target=\"_blank\" title=\"open in a new window\">quelques<\/a> <a rel=\"nofollow noopener\" href=\"https:\/\/twitter.com\/jaylee\/status\/1425948001382637570\" target=\"_blank\" title=\"open in a new window\">de<\/a> <a rel=\"nofollow noopener\" href=\"https:\/\/twitter.com\/BrianLynch\/status\/1425248677472268294\" target=\"_blank\" title=\"open in a new window\">mon<\/a> <a rel=\"nofollow noopener\" href=\"https:\/\/twitter.com\/daveweigel\/status\/1425658283465994249\" target=\"_blank\" title=\"open in a new window\">favoris<\/a>.<\/p>\n<h3><strong>Cette semaine en BD : Robin aime les hommes<\/strong><\/h3>\n<p>Ce n&rsquo;est pas vraiment une surprise \u2013 je veux dire, ils l&rsquo;appellent \u00ab Boy Wonder \u00bb \u2013 mais il s&rsquo;av\u00e8re que l&rsquo;acolyte de Batman, Robin, aime les autres hommes. Plus pr\u00e9cis\u00e9ment, le troisi\u00e8me \u00ab Robin \u00bb, Tim Drake, est bisexuel. Drake, qui soutient Batman depuis 1989, appara\u00eet dans une anthologie <em>Batman\u00a0: L\u00e9gendes urbaines,<\/em> et dans le num\u00e9ro 6, Drake sort avec un autre gar\u00e7on et lui avoue ses sentiments \u2013 ses sentiments gay. Drake rejoint Deadpool, Wonder Woman, Harley Quinn et Loki parmi les super-h\u00e9ros qui aiment les relations homosexuelles. Je ne veux pas lancer de rumeurs, mais je suis presque s\u00fbr qu&rsquo;Aquaman joue \u00e9galement des deux c\u00f4t\u00e9s de la barri\u00e8re.<\/p>\n<h3><strong>Cette semaine dans les tendances TikTok : Invasion des filles de la sororit\u00e9<\/strong><\/h3>\n<p>J&rsquo;adore utiliser TikTok pour explorer les sous-cultures \u00e9tranges que je passe ma vie \u00e0 \u00e9viter, comme les \u00e9tudiantes se pr\u00e9cipitant dans les sororit\u00e9s de l&rsquo;Universit\u00e9 d&rsquo;Alabama. Le tout-puissant algorithme TikTok (louez son nom) a commenc\u00e9 \u00e0 servir une cargaison de Grecs en herbe de &lsquo;bama cette semaine, avec PNM (nouveaux membres potentiels) mettant en ligne des vid\u00e9os d&rsquo;eux-m\u00eames montrant leur OOTD (tenue du jour), d\u00e9taillant les marques. qu&rsquo;ils portent, les f\u00eates auxquelles ils vont, et autrement, ils sont tr\u00e8s\u2026 blonds. Ils sont tellement blonds. <\/p>\n<p>Comme vous vous en doutez probablement, les non-Grecs de TikTok ont \u200b\u200br\u00e9pondu en premier en demandant : \u00ab Pourquoi tous ces monstres insipides sont-ils dans mon flux ? puis \u00ab\u00a0Qu&rsquo;est-ce que c&rsquo;est que \u00ab\u00a0Pants Store ?\u00a0\u00bb puis r\u00e9aliser des vid\u00e9os parodiques hilarantes. Quoi qu&rsquo;il en soit, d\u00e9couvrez la folie des tags #BamaRush et #AlabamaRush sur TikTok. <\/p>\n<h3><strong>Cette semaine en alimentation : Comment sont faites les frites chez Five Guys<\/strong><\/h3>\n<p>Poursuivant notre regard sur les connaissances interdites, passons maintenant \u00e0 @Maezthegreat de TikTok qui a r\u00e9alis\u00e9 quelques vid\u00e9os r\u00e9v\u00e9lant le secret des frites Five Guys. La r\u00e9v\u00e9lation la plus choquante : ils font des frites correctement. <\/p>\n<p>Cinq gars ne d\u00e9cong\u00e8lent pas une bouillie d&rsquo;amidon approuv\u00e9e par l&rsquo;entreprise et ne collent pas \u00e0 de la graisse vieille de deux jours. Ils prennent de vraies pommes de terre, les coupent en tranches, les mettent dans une cuve d&rsquo;eau pour enlever la salet\u00e9 et l&rsquo;amidon, puis les plongent dans la friteuse pendant deux minutes. <\/p>\n<p>Vous pourriez penser que c\u2019est ici qu\u2019ils sont mis dans un sac en papier et que je les mange, mais non. C&rsquo;est ici qu&rsquo;ils attendent. Ensuite, quand quelqu&rsquo;un en commande, ils sont \u00e0 nouveau frits. Une fois la double friture, le cuisinier secoue le panier exactement 15 fois pour enlever l&rsquo;exc\u00e8s de graisse, ajoute un peu de sel, puis je les mange. Puis le regret.<\/p>\n<h3><strong>Vid\u00e9o virale de la semaine : Benny Drama encourage les vaccinations Gen-Z<\/strong><\/h3>\n<p>Dans ses efforts continus pour inciter les jeunes \u00e0 prendre d\u00e9j\u00e0 ce stupide vaccin, le gouvernement f\u00e9d\u00e9ral s\u2019est associ\u00e9 \u00e0 l\u2019influenceur de la g\u00e9n\u00e9ration Z, Benny Drama. Dans son personnage de \u00ab Kooper le stagiaire \u00bb, Drama s&rsquo;est rendu \u00e0 la Maison Blanche cette semaine, a fait des ravages et a tourn\u00e9 une vid\u00e9o hilarante. Dans ce document, Kopper travaille pour l&rsquo;attach\u00e9e de presse Jen Psaki. Entre autres d\u00e9monstrations d\u2019incomp\u00e9tence, Kooper demande si Olivia Rodrigo est toujours l\u00e0, et Psaki au visage de pierre r\u00e9pond \u00ab\u00a0Non\u00a0\u00bb. (Notre attach\u00e9e de presse est une excellente femme h\u00e9t\u00e9ro.) Cela se termine par un message \u00ab faites-vous vacciner, foutus enfants \u00bb, comme vous vous en doutez probablement.<\/p>\n<p>Comme on peut s&rsquo;y attendre, la personnalit\u00e9 flamboyante de Drama est consid\u00e9r\u00e9e comme \u00ab gay \u00bb par les conservateurs de notre pays, qui ont largement critiqu\u00e9 la vid\u00e9o, <a rel=\"nofollow noopener\" href=\"https:\/\/twitter.com\/TheRightSide24\/status\/1424848248632750081?s=20\" target=\"_blank\" title=\"open in a new window\">m\u00eame en imaginant que cela emp\u00eacherait certains<\/a> les gens de se faire vacciner, de peur, vraisemblablement, d&rsquo;\u00eatre homosexuels. Mieux vaut s&rsquo;injecter de l&rsquo;eau de Javel comme le dernier gars l&rsquo;a sugg\u00e9r\u00e9, je suppose.<\/p>\n<p><\/p>\n<p><script async src=\"https:\/\/platform.twitter.com\/widgets.js\" charset=\"utf-8\"><\/script><script async src=\"\/\/www.tiktok.com\/embed.js\"><\/script><\/p>\n","protected":false},"excerpt":{"rendered":"<p>R\u00e9v\u00e9ler les dessous cach\u00e9s de la renomm\u00e9e YouTube, de la sexualit\u00e9 des super-h\u00e9ros et des d\u00e9licieuses frites. Cette semaine est consacr\u00e9e aux connaissances interdites, alors<\/p>\n","protected":false},"author":1,"featured_media":4145,"comment_status":"","ping_status":"","sticky":false,"template":"","format":"standard","meta":{"footnotes":""},"categories":[37],"tags":[899,4593,2805,2806,29,4591,4592,324,76,461,14,81,99],"class_list":["post-4144","post","type-post","status-publish","format-standard","has-post-thumbnail","hentry","category-famille","tag-adultes","tag-chamberlain","tag-culture","tag-deconnectes","tag-des","tag-diable","tag-emma","tag-enfants","tag-est","tag-guide","tag-les","tag-pour","tag-qui","generate-columns","tablet-grid-50","mobile-grid-100","grid-parent","grid-33"],"yoast_head":"<!-- This site is optimized with the Yoast SEO plugin v24.0 - https:\/\/yoast.com\/wordpress\/plugins\/seo\/ -->\n<title>Le guide de la culture des enfants pour les adultes d\u00e9connect\u00e9s\u00a0: qui diable est Emma Chamberlain\u00a0? | Vie Associative<\/title>\n<meta name=\"robots\" content=\"index, follow, max-snippet:-1, max-image-preview:large, max-video-preview:-1\" \/>\n<link rel=\"canonical\" href=\"https:\/\/vieassociative.be\/actualites\/le-guide-de-la-culture-des-enfants-pour-les-adultes-deconnectes-qui-diable-est-emma-chamberlain\/\" \/>\n<meta property=\"og:locale\" content=\"fr_FR\" \/>\n<meta property=\"og:type\" content=\"article\" \/>\n<meta property=\"og:title\" content=\"Le guide de la culture des enfants pour les adultes d\u00e9connect\u00e9s\u00a0: qui diable est Emma Chamberlain\u00a0? | Vie Associative\" \/>\n<meta property=\"og:description\" content=\"R\u00e9v\u00e9ler les dessous cach\u00e9s de la renomm\u00e9e YouTube, de la sexualit\u00e9 des super-h\u00e9ros et des d\u00e9licieuses frites. Cette semaine est consacr\u00e9e aux connaissances interdites, alors\" \/>\n<meta property=\"og:url\" content=\"https:\/\/vieassociative.be\/actualites\/le-guide-de-la-culture-des-enfants-pour-les-adultes-deconnectes-qui-diable-est-emma-chamberlain\/\" \/>\n<meta property=\"og:site_name\" content=\"Vie Associative\" \/>\n<meta property=\"article:published_time\" content=\"2025-01-07T23:20:38+00:00\" \/>\n<meta property=\"og:image\" content=\"https:\/\/vieassociative.be\/actualites\/wp-content\/uploads\/2024\/09\/header_backgroundk-01-e1726694325946.png\" \/>\n\t<meta property=\"og:image:width\" content=\"279\" \/>\n\t<meta property=\"og:image:height\" content=\"92\" \/>\n\t<meta property=\"og:image:type\" content=\"image\/png\" \/>\n<meta name=\"author\" content=\"Julien\" \/>\n<meta name=\"twitter:card\" content=\"summary_large_image\" \/>\n<meta name=\"twitter:label1\" content=\"\u00c9crit par\" \/>\n\t<meta name=\"twitter:data1\" content=\"Julien\" \/>\n\t<meta name=\"twitter:label2\" content=\"Dur\u00e9e de lecture est.\" \/>\n\t<meta name=\"twitter:data2\" content=\"6 minutes\" \/>\n<script type=\"application\/ld+json\" class=\"yoast-schema-graph\">{\"@context\":\"https:\/\/schema.org\",\"@graph\":[{\"@type\":\"Article\",\"@id\":\"https:\/\/vieassociative.be\/actualites\/le-guide-de-la-culture-des-enfants-pour-les-adultes-deconnectes-qui-diable-est-emma-chamberlain\/#article\",\"isPartOf\":{\"@id\":\"https:\/\/vieassociative.be\/actualites\/le-guide-de-la-culture-des-enfants-pour-les-adultes-deconnectes-qui-diable-est-emma-chamberlain\/\"},\"author\":{\"name\":\"Julien\",\"@id\":\"https:\/\/vieassociative.be\/actualites\/#\/schema\/person\/b87ac4f82f9d4e7b7cec7395b679edc4\"},\"headline\":\"Le guide de la culture des enfants pour les adultes d\u00e9connect\u00e9s\u00a0: qui diable est Emma Chamberlain\u00a0?\",\"datePublished\":\"2025-01-07T23:20:38+00:00\",\"dateModified\":\"2025-01-07T23:20:38+00:00\",\"mainEntityOfPage\":{\"@id\":\"https:\/\/vieassociative.be\/actualites\/le-guide-de-la-culture-des-enfants-pour-les-adultes-deconnectes-qui-diable-est-emma-chamberlain\/\"},\"wordCount\":1207,\"publisher\":{\"@id\":\"https:\/\/vieassociative.be\/actualites\/#organization\"},\"image\":{\"@id\":\"https:\/\/vieassociative.be\/actualites\/le-guide-de-la-culture-des-enfants-pour-les-adultes-deconnectes-qui-diable-est-emma-chamberlain\/#primaryimage\"},\"thumbnailUrl\":\"https:\/\/vieassociative.be\/actualites\/wp-content\/uploads\/2025\/01\/1736292039_Le-guide-de-la-culture-des-enfants-pour-les-adultes.jpg\",\"keywords\":[\"adultes\",\"Chamberlain\",\"culture\",\"d\u00e9connect\u00e9s\",\"Des\",\"diable\",\"Emma\",\"enfants\",\"est\",\"Guide\",\"Les\",\"pour\",\"qui\"],\"articleSection\":[\"Famille\"],\"inLanguage\":\"fr-BE\"},{\"@type\":\"WebPage\",\"@id\":\"https:\/\/vieassociative.be\/actualites\/le-guide-de-la-culture-des-enfants-pour-les-adultes-deconnectes-qui-diable-est-emma-chamberlain\/\",\"url\":\"https:\/\/vieassociative.be\/actualites\/le-guide-de-la-culture-des-enfants-pour-les-adultes-deconnectes-qui-diable-est-emma-chamberlain\/\",\"name\":\"Le guide de la culture des enfants pour les adultes d\u00e9connect\u00e9s\u00a0: qui diable est Emma Chamberlain\u00a0? | Vie Associative\",\"isPartOf\":{\"@id\":\"https:\/\/vieassociative.be\/actualites\/#website\"},\"primaryImageOfPage\":{\"@id\":\"https:\/\/vieassociative.be\/actualites\/le-guide-de-la-culture-des-enfants-pour-les-adultes-deconnectes-qui-diable-est-emma-chamberlain\/#primaryimage\"},\"image\":{\"@id\":\"https:\/\/vieassociative.be\/actualites\/le-guide-de-la-culture-des-enfants-pour-les-adultes-deconnectes-qui-diable-est-emma-chamberlain\/#primaryimage\"},\"thumbnailUrl\":\"https:\/\/vieassociative.be\/actualites\/wp-content\/uploads\/2025\/01\/1736292039_Le-guide-de-la-culture-des-enfants-pour-les-adultes.jpg\",\"datePublished\":\"2025-01-07T23:20:38+00:00\",\"dateModified\":\"2025-01-07T23:20:38+00:00\",\"breadcrumb\":{\"@id\":\"https:\/\/vieassociative.be\/actualites\/le-guide-de-la-culture-des-enfants-pour-les-adultes-deconnectes-qui-diable-est-emma-chamberlain\/#breadcrumb\"},\"inLanguage\":\"fr-BE\",\"potentialAction\":[{\"@type\":\"ReadAction\",\"target\":[\"https:\/\/vieassociative.be\/actualites\/le-guide-de-la-culture-des-enfants-pour-les-adultes-deconnectes-qui-diable-est-emma-chamberlain\/\"]}]},{\"@type\":\"ImageObject\",\"inLanguage\":\"fr-BE\",\"@id\":\"https:\/\/vieassociative.be\/actualites\/le-guide-de-la-culture-des-enfants-pour-les-adultes-deconnectes-qui-diable-est-emma-chamberlain\/#primaryimage\",\"url\":\"https:\/\/vieassociative.be\/actualites\/wp-content\/uploads\/2025\/01\/1736292039_Le-guide-de-la-culture-des-enfants-pour-les-adultes.jpg\",\"contentUrl\":\"https:\/\/vieassociative.be\/actualites\/wp-content\/uploads\/2025\/01\/1736292039_Le-guide-de-la-culture-des-enfants-pour-les-adultes.jpg\",\"width\":1200,\"height\":675,\"caption\":\"Le guide de la culture des enfants pour les adultes d\u00e9connect\u00e9s\u00a0: qui diable est Emma Chamberlain\u00a0?\"},{\"@type\":\"BreadcrumbList\",\"@id\":\"https:\/\/vieassociative.be\/actualites\/le-guide-de-la-culture-des-enfants-pour-les-adultes-deconnectes-qui-diable-est-emma-chamberlain\/#breadcrumb\",\"itemListElement\":[{\"@type\":\"ListItem\",\"position\":1,\"name\":\"Accueil\",\"item\":\"https:\/\/vieassociative.be\/actualites\/\"},{\"@type\":\"ListItem\",\"position\":2,\"name\":\"Le guide de la culture des enfants pour les adultes d\u00e9connect\u00e9s\u00a0: qui diable est Emma Chamberlain\u00a0?\"}]},{\"@type\":\"WebSite\",\"@id\":\"https:\/\/vieassociative.be\/actualites\/#website\",\"url\":\"https:\/\/vieassociative.be\/actualites\/\",\"name\":\"Vie Associative\",\"description\":\"\",\"publisher\":{\"@id\":\"https:\/\/vieassociative.be\/actualites\/#organization\"},\"potentialAction\":[{\"@type\":\"SearchAction\",\"target\":{\"@type\":\"EntryPoint\",\"urlTemplate\":\"https:\/\/vieassociative.be\/actualites\/?s={search_term_string}\"},\"query-input\":{\"@type\":\"PropertyValueSpecification\",\"valueRequired\":true,\"valueName\":\"search_term_string\"}}],\"inLanguage\":\"fr-BE\"},{\"@type\":\"Organization\",\"@id\":\"https:\/\/vieassociative.be\/actualites\/#organization\",\"name\":\"Vie Associative\",\"url\":\"https:\/\/vieassociative.be\/actualites\/\",\"logo\":{\"@type\":\"ImageObject\",\"inLanguage\":\"fr-BE\",\"@id\":\"https:\/\/vieassociative.be\/actualites\/#\/schema\/logo\/image\/\",\"url\":\"https:\/\/vieassociative.be\/actualites\/wp-content\/uploads\/2024\/09\/cropped-vieassociative_favicon.ico.png\",\"contentUrl\":\"https:\/\/vieassociative.be\/actualites\/wp-content\/uploads\/2024\/09\/cropped-vieassociative_favicon.ico.png\",\"width\":512,\"height\":512,\"caption\":\"Vie Associative\"},\"image\":{\"@id\":\"https:\/\/vieassociative.be\/actualites\/#\/schema\/logo\/image\/\"}},{\"@type\":\"Person\",\"@id\":\"https:\/\/vieassociative.be\/actualites\/#\/schema\/person\/b87ac4f82f9d4e7b7cec7395b679edc4\",\"name\":\"Julien\",\"image\":{\"@type\":\"ImageObject\",\"inLanguage\":\"fr-BE\",\"@id\":\"https:\/\/vieassociative.be\/actualites\/#\/schema\/person\/image\/\",\"url\":\"https:\/\/vieassociative.be\/actualites\/wp-content\/uploads\/2024\/09\/vie-associative-1-150x150.jpg\",\"contentUrl\":\"https:\/\/vieassociative.be\/actualites\/wp-content\/uploads\/2024\/09\/vie-associative-1-150x150.jpg\",\"caption\":\"Julien\"},\"description\":\"Je suis Julien, r\u00e9dacteur pour Vie Associative. Passionn\u00e9 par le monde associatif depuis plus de 10 ans, j'ai \u00e0 c\u0153ur de partager des histoires inspirantes et de mettre en lumi\u00e8re les initiatives locales. Mon objectif est de sensibiliser et d'encourager l'engagement communautaire \u00e0 travers mes articles.\",\"sameAs\":[\"https:\/\/vieassociative.be\/\"]}]}<\/script>\n<!-- \/ Yoast SEO plugin. -->","yoast_head_json":{"title":"Le guide de la culture des enfants pour les adultes d\u00e9connect\u00e9s\u00a0: qui diable est Emma Chamberlain\u00a0? | Vie Associative","robots":{"index":"index","follow":"follow","max-snippet":"max-snippet:-1","max-image-preview":"max-image-preview:large","max-video-preview":"max-video-preview:-1"},"canonical":"https:\/\/vieassociative.be\/actualites\/le-guide-de-la-culture-des-enfants-pour-les-adultes-deconnectes-qui-diable-est-emma-chamberlain\/","og_locale":"fr_FR","og_type":"article","og_title":"Le guide de la culture des enfants pour les adultes d\u00e9connect\u00e9s\u00a0: qui diable est Emma Chamberlain\u00a0? | Vie Associative","og_description":"R\u00e9v\u00e9ler les dessous cach\u00e9s de la renomm\u00e9e YouTube, de la sexualit\u00e9 des super-h\u00e9ros et des d\u00e9licieuses frites. Cette semaine est consacr\u00e9e aux connaissances interdites, alors","og_url":"https:\/\/vieassociative.be\/actualites\/le-guide-de-la-culture-des-enfants-pour-les-adultes-deconnectes-qui-diable-est-emma-chamberlain\/","og_site_name":"Vie Associative","article_published_time":"2025-01-07T23:20:38+00:00","og_image":[{"width":279,"height":92,"url":"https:\/\/vieassociative.be\/actualites\/wp-content\/uploads\/2024\/09\/header_backgroundk-01-e1726694325946.png","type":"image\/png"}],"author":"Julien","twitter_card":"summary_large_image","twitter_misc":{"\u00c9crit par":"Julien","Dur\u00e9e de lecture est.":"6 minutes"},"schema":{"@context":"https:\/\/schema.org","@graph":[{"@type":"Article","@id":"https:\/\/vieassociative.be\/actualites\/le-guide-de-la-culture-des-enfants-pour-les-adultes-deconnectes-qui-diable-est-emma-chamberlain\/#article","isPartOf":{"@id":"https:\/\/vieassociative.be\/actualites\/le-guide-de-la-culture-des-enfants-pour-les-adultes-deconnectes-qui-diable-est-emma-chamberlain\/"},"author":{"name":"Julien","@id":"https:\/\/vieassociative.be\/actualites\/#\/schema\/person\/b87ac4f82f9d4e7b7cec7395b679edc4"},"headline":"Le guide de la culture des enfants pour les adultes d\u00e9connect\u00e9s\u00a0: qui diable est Emma Chamberlain\u00a0?","datePublished":"2025-01-07T23:20:38+00:00","dateModified":"2025-01-07T23:20:38+00:00","mainEntityOfPage":{"@id":"https:\/\/vieassociative.be\/actualites\/le-guide-de-la-culture-des-enfants-pour-les-adultes-deconnectes-qui-diable-est-emma-chamberlain\/"},"wordCount":1207,"publisher":{"@id":"https:\/\/vieassociative.be\/actualites\/#organization"},"image":{"@id":"https:\/\/vieassociative.be\/actualites\/le-guide-de-la-culture-des-enfants-pour-les-adultes-deconnectes-qui-diable-est-emma-chamberlain\/#primaryimage"},"thumbnailUrl":"https:\/\/vieassociative.be\/actualites\/wp-content\/uploads\/2025\/01\/1736292039_Le-guide-de-la-culture-des-enfants-pour-les-adultes.jpg","keywords":["adultes","Chamberlain","culture","d\u00e9connect\u00e9s","Des","diable","Emma","enfants","est","Guide","Les","pour","qui"],"articleSection":["Famille"],"inLanguage":"fr-BE"},{"@type":"WebPage","@id":"https:\/\/vieassociative.be\/actualites\/le-guide-de-la-culture-des-enfants-pour-les-adultes-deconnectes-qui-diable-est-emma-chamberlain\/","url":"https:\/\/vieassociative.be\/actualites\/le-guide-de-la-culture-des-enfants-pour-les-adultes-deconnectes-qui-diable-est-emma-chamberlain\/","name":"Le guide de la culture des enfants pour les adultes d\u00e9connect\u00e9s\u00a0: qui diable est Emma Chamberlain\u00a0? | Vie Associative","isPartOf":{"@id":"https:\/\/vieassociative.be\/actualites\/#website"},"primaryImageOfPage":{"@id":"https:\/\/vieassociative.be\/actualites\/le-guide-de-la-culture-des-enfants-pour-les-adultes-deconnectes-qui-diable-est-emma-chamberlain\/#primaryimage"},"image":{"@id":"https:\/\/vieassociative.be\/actualites\/le-guide-de-la-culture-des-enfants-pour-les-adultes-deconnectes-qui-diable-est-emma-chamberlain\/#primaryimage"},"thumbnailUrl":"https:\/\/vieassociative.be\/actualites\/wp-content\/uploads\/2025\/01\/1736292039_Le-guide-de-la-culture-des-enfants-pour-les-adultes.jpg","datePublished":"2025-01-07T23:20:38+00:00","dateModified":"2025-01-07T23:20:38+00:00","breadcrumb":{"@id":"https:\/\/vieassociative.be\/actualites\/le-guide-de-la-culture-des-enfants-pour-les-adultes-deconnectes-qui-diable-est-emma-chamberlain\/#breadcrumb"},"inLanguage":"fr-BE","potentialAction":[{"@type":"ReadAction","target":["https:\/\/vieassociative.be\/actualites\/le-guide-de-la-culture-des-enfants-pour-les-adultes-deconnectes-qui-diable-est-emma-chamberlain\/"]}]},{"@type":"ImageObject","inLanguage":"fr-BE","@id":"https:\/\/vieassociative.be\/actualites\/le-guide-de-la-culture-des-enfants-pour-les-adultes-deconnectes-qui-diable-est-emma-chamberlain\/#primaryimage","url":"https:\/\/vieassociative.be\/actualites\/wp-content\/uploads\/2025\/01\/1736292039_Le-guide-de-la-culture-des-enfants-pour-les-adultes.jpg","contentUrl":"https:\/\/vieassociative.be\/actualites\/wp-content\/uploads\/2025\/01\/1736292039_Le-guide-de-la-culture-des-enfants-pour-les-adultes.jpg","width":1200,"height":675,"caption":"Le guide de la culture des enfants pour les adultes d\u00e9connect\u00e9s\u00a0: qui diable est Emma Chamberlain\u00a0?"},{"@type":"BreadcrumbList","@id":"https:\/\/vieassociative.be\/actualites\/le-guide-de-la-culture-des-enfants-pour-les-adultes-deconnectes-qui-diable-est-emma-chamberlain\/#breadcrumb","itemListElement":[{"@type":"ListItem","position":1,"name":"Accueil","item":"https:\/\/vieassociative.be\/actualites\/"},{"@type":"ListItem","position":2,"name":"Le guide de la culture des enfants pour les adultes d\u00e9connect\u00e9s\u00a0: qui diable est Emma Chamberlain\u00a0?"}]},{"@type":"WebSite","@id":"https:\/\/vieassociative.be\/actualites\/#website","url":"https:\/\/vieassociative.be\/actualites\/","name":"Vie Associative","description":"","publisher":{"@id":"https:\/\/vieassociative.be\/actualites\/#organization"},"potentialAction":[{"@type":"SearchAction","target":{"@type":"EntryPoint","urlTemplate":"https:\/\/vieassociative.be\/actualites\/?s={search_term_string}"},"query-input":{"@type":"PropertyValueSpecification","valueRequired":true,"valueName":"search_term_string"}}],"inLanguage":"fr-BE"},{"@type":"Organization","@id":"https:\/\/vieassociative.be\/actualites\/#organization","name":"Vie Associative","url":"https:\/\/vieassociative.be\/actualites\/","logo":{"@type":"ImageObject","inLanguage":"fr-BE","@id":"https:\/\/vieassociative.be\/actualites\/#\/schema\/logo\/image\/","url":"https:\/\/vieassociative.be\/actualites\/wp-content\/uploads\/2024\/09\/cropped-vieassociative_favicon.ico.png","contentUrl":"https:\/\/vieassociative.be\/actualites\/wp-content\/uploads\/2024\/09\/cropped-vieassociative_favicon.ico.png","width":512,"height":512,"caption":"Vie Associative"},"image":{"@id":"https:\/\/vieassociative.be\/actualites\/#\/schema\/logo\/image\/"}},{"@type":"Person","@id":"https:\/\/vieassociative.be\/actualites\/#\/schema\/person\/b87ac4f82f9d4e7b7cec7395b679edc4","name":"Julien","image":{"@type":"ImageObject","inLanguage":"fr-BE","@id":"https:\/\/vieassociative.be\/actualites\/#\/schema\/person\/image\/","url":"https:\/\/vieassociative.be\/actualites\/wp-content\/uploads\/2024\/09\/vie-associative-1-150x150.jpg","contentUrl":"https:\/\/vieassociative.be\/actualites\/wp-content\/uploads\/2024\/09\/vie-associative-1-150x150.jpg","caption":"Julien"},"description":"Je suis Julien, r\u00e9dacteur pour Vie Associative. Passionn\u00e9 par le monde associatif depuis plus de 10 ans, j'ai \u00e0 c\u0153ur de partager des histoires inspirantes et de mettre en lumi\u00e8re les initiatives locales. Mon objectif est de sensibiliser et d'encourager l'engagement communautaire \u00e0 travers mes articles.","sameAs":["https:\/\/vieassociative.be\/"]}]}},"_links":{"self":[{"href":"https:\/\/vieassociative.be\/actualites\/wp-json\/wp\/v2\/posts\/4144"}],"collection":[{"href":"https:\/\/vieassociative.be\/actualites\/wp-json\/wp\/v2\/posts"}],"about":[{"href":"https:\/\/vieassociative.be\/actualites\/wp-json\/wp\/v2\/types\/post"}],"author":[{"embeddable":true,"href":"https:\/\/vieassociative.be\/actualites\/wp-json\/wp\/v2\/users\/1"}],"replies":[{"embeddable":true,"href":"https:\/\/vieassociative.be\/actualites\/wp-json\/wp\/v2\/comments?post=4144"}],"version-history":[{"count":0,"href":"https:\/\/vieassociative.be\/actualites\/wp-json\/wp\/v2\/posts\/4144\/revisions"}],"wp:featuredmedia":[{"embeddable":true,"href":"https:\/\/vieassociative.be\/actualites\/wp-json\/wp\/v2\/media\/4145"}],"wp:attachment":[{"href":"https:\/\/vieassociative.be\/actualites\/wp-json\/wp\/v2\/media?parent=4144"}],"wp:term":[{"taxonomy":"category","embeddable":true,"href":"https:\/\/vieassociative.be\/actualites\/wp-json\/wp\/v2\/categories?post=4144"},{"taxonomy":"post_tag","embeddable":true,"href":"https:\/\/vieassociative.be\/actualites\/wp-json\/wp\/v2\/tags?post=4144"}],"curies":[{"name":"wp","href":"https:\/\/api.w.org\/{rel}","templated":true}]}}