{"id":4141,"date":"2025-01-07T21:18:37","date_gmt":"2025-01-07T20:18:37","guid":{"rendered":"https:\/\/vieassociative.be\/actualites\/formation-dun-nouveau-gouvernement-le-roi-philippe-accorde-un-dernier-delai-au-formateur-de-wever\/"},"modified":"2025-01-07T21:18:37","modified_gmt":"2025-01-07T20:18:37","slug":"formation-dun-nouveau-gouvernement-le-roi-philippe-accorde-un-dernier-delai-au-formateur-de-wever","status":"publish","type":"post","link":"https:\/\/vieassociative.be\/actualites\/formation-dun-nouveau-gouvernement-le-roi-philippe-accorde-un-dernier-delai-au-formateur-de-wever\/","title":{"rendered":"Formation d&rsquo;un nouveau gouvernement : le roi Philippe accorde un dernier d\u00e9lai au formateur De Wever"},"content":{"rendered":"<p><strong>Le Roi a re\u00e7u mardi Bart De Wever en audience au Palais Royal de Bruxelles. Le n\u00e9gociateur lui a fait rapport sur sa mission en vue de former un nouveau gouvernement, notamment sur l&rsquo;avanc\u00e9e des n\u00e9gociations dans le domaine socio-\u00e9conomique.<\/strong><\/p>\n<p><span id=\"more-405746\"><\/span>\u00ab\u00a0Les diff\u00e9rents partenaires impliqu\u00e9s dans les n\u00e9gociations visant \u00e0 parvenir \u00e0 une conclusion avant la fin du mois, M. De Wever fera rapport au roi le 31 janvier\u00a0\u00bb, a indiqu\u00e9 le palais \u00e0 l&rsquo;issue de l&rsquo;audience.<\/p>\n<p>Les n\u00e9gociateurs de la N-VA, du MR, des Engag\u00e9s, du Vooruit et du CD&#038;V ont n\u00e9goci\u00e9 lundi pendant plus de 12 heures sur le march\u00e9 du travail et la fiscalit\u00e9. Mardi, le th\u00e8me des imp\u00f4ts \u00e9tait de nouveau \u00e0 l&rsquo;ordre du jour.<\/p>\n<p>S&rsquo;il n&rsquo;y a pas actuellement de v\u00e9ritables \u00ab progr\u00e8s significatifs \u00bb sur les dossiers socio-\u00e9conomiques sous la forme d&rsquo;un premier accord partiel, des progr\u00e8s ont \u00e9t\u00e9 r\u00e9alis\u00e9s ces derniers jours, selon une source \u00e0 la table des n\u00e9gociations. Cela a permis \u00e0 De Wever de demander au roi une nouvelle prolongation de son mandat.<\/p>\n<p>Le leader du gouvernement avait d\u00e9j\u00e0 indiqu\u00e9 qu&rsquo;il le ferait pour la derni\u00e8re fois. Le pr\u00e9sident de la N-VA souhaite un nouveau gouvernement f\u00e9d\u00e9ral d&rsquo;ici fin janvier.<\/p>\n","protected":false},"excerpt":{"rendered":"<p>Le Roi a re\u00e7u mardi Bart De Wever en audience au Palais Royal de Bruxelles. Le n\u00e9gociateur lui a fait rapport sur sa mission en<\/p>\n","protected":false},"author":1,"featured_media":4142,"comment_status":"","ping_status":"","sticky":false,"template":"","format":"standard","meta":{"footnotes":""},"categories":[298],"tags":[2754,2756,2682,354,4590,3245,615,553,4152,3096,2755],"class_list":["post-4141","post","type-post","status-publish","format-standard","has-post-thumbnail","hentry","category-belgique","tag-accorde","tag-delai","tag-dernier","tag-dun","tag-formateur","tag-formation","tag-gouvernement","tag-nouveau","tag-philippe","tag-roi","tag-wever","generate-columns","tablet-grid-50","mobile-grid-100","grid-parent","grid-33"],"yoast_head":"<!-- This site is optimized with the Yoast SEO plugin v24.0 - https:\/\/yoast.com\/wordpress\/plugins\/seo\/ -->\n<title>Formation d&#039;un nouveau gouvernement : le roi Philippe accorde un dernier d\u00e9lai au formateur De Wever | Vie Associative<\/title>\n<meta name=\"robots\" content=\"index, follow, max-snippet:-1, max-image-preview:large, max-video-preview:-1\" \/>\n<link rel=\"canonical\" href=\"https:\/\/vieassociative.be\/actualites\/formation-dun-nouveau-gouvernement-le-roi-philippe-accorde-un-dernier-delai-au-formateur-de-wever\/\" \/>\n<meta property=\"og:locale\" content=\"fr_FR\" \/>\n<meta property=\"og:type\" content=\"article\" \/>\n<meta property=\"og:title\" content=\"Formation d&#039;un nouveau gouvernement : le roi Philippe accorde un dernier d\u00e9lai au formateur De Wever | Vie Associative\" \/>\n<meta property=\"og:description\" content=\"Le Roi a re\u00e7u mardi Bart De Wever en audience au Palais Royal de Bruxelles. Le n\u00e9gociateur lui a fait rapport sur sa mission en\" \/>\n<meta property=\"og:url\" content=\"https:\/\/vieassociative.be\/actualites\/formation-dun-nouveau-gouvernement-le-roi-philippe-accorde-un-dernier-delai-au-formateur-de-wever\/\" \/>\n<meta property=\"og:site_name\" content=\"Vie Associative\" \/>\n<meta property=\"article:published_time\" content=\"2025-01-07T20:18:37+00:00\" \/>\n<meta property=\"og:image\" content=\"https:\/\/vieassociative.be\/actualites\/wp-content\/uploads\/2024\/09\/header_backgroundk-01-e1726694325946.png\" \/>\n\t<meta property=\"og:image:width\" content=\"279\" \/>\n\t<meta property=\"og:image:height\" content=\"92\" \/>\n\t<meta property=\"og:image:type\" content=\"image\/png\" \/>\n<meta name=\"author\" content=\"Julien\" \/>\n<meta name=\"twitter:card\" content=\"summary_large_image\" \/>\n<meta name=\"twitter:label1\" content=\"\u00c9crit par\" \/>\n\t<meta name=\"twitter:data1\" content=\"Julien\" \/>\n\t<meta name=\"twitter:label2\" content=\"Dur\u00e9e de lecture est.\" \/>\n\t<meta name=\"twitter:data2\" content=\"1 minute\" \/>\n<script type=\"application\/ld+json\" class=\"yoast-schema-graph\">{\"@context\":\"https:\/\/schema.org\",\"@graph\":[{\"@type\":\"Article\",\"@id\":\"https:\/\/vieassociative.be\/actualites\/formation-dun-nouveau-gouvernement-le-roi-philippe-accorde-un-dernier-delai-au-formateur-de-wever\/#article\",\"isPartOf\":{\"@id\":\"https:\/\/vieassociative.be\/actualites\/formation-dun-nouveau-gouvernement-le-roi-philippe-accorde-un-dernier-delai-au-formateur-de-wever\/\"},\"author\":{\"name\":\"Julien\",\"@id\":\"https:\/\/vieassociative.be\/actualites\/#\/schema\/person\/b87ac4f82f9d4e7b7cec7395b679edc4\"},\"headline\":\"Formation d&rsquo;un nouveau gouvernement : le roi Philippe accorde un dernier d\u00e9lai au formateur De Wever\",\"datePublished\":\"2025-01-07T20:18:37+00:00\",\"dateModified\":\"2025-01-07T20:18:37+00:00\",\"mainEntityOfPage\":{\"@id\":\"https:\/\/vieassociative.be\/actualites\/formation-dun-nouveau-gouvernement-le-roi-philippe-accorde-un-dernier-delai-au-formateur-de-wever\/\"},\"wordCount\":241,\"publisher\":{\"@id\":\"https:\/\/vieassociative.be\/actualites\/#organization\"},\"image\":{\"@id\":\"https:\/\/vieassociative.be\/actualites\/formation-dun-nouveau-gouvernement-le-roi-philippe-accorde-un-dernier-delai-au-formateur-de-wever\/#primaryimage\"},\"thumbnailUrl\":\"https:\/\/vieassociative.be\/actualites\/wp-content\/uploads\/2025\/01\/Formation-dun-nouveau-gouvernement-le-roi-Philippe-accorde-un.jpeg\",\"keywords\":[\"accorde\",\"d\u00e9lai\",\"dernier\",\"dun\",\"formateur\",\"formation\",\"gouvernement\",\"nouveau\",\"Philippe\",\"roi\",\"Wever\"],\"articleSection\":[\"Belgique\"],\"inLanguage\":\"fr-BE\"},{\"@type\":\"WebPage\",\"@id\":\"https:\/\/vieassociative.be\/actualites\/formation-dun-nouveau-gouvernement-le-roi-philippe-accorde-un-dernier-delai-au-formateur-de-wever\/\",\"url\":\"https:\/\/vieassociative.be\/actualites\/formation-dun-nouveau-gouvernement-le-roi-philippe-accorde-un-dernier-delai-au-formateur-de-wever\/\",\"name\":\"Formation d'un nouveau gouvernement : le roi Philippe accorde un dernier d\u00e9lai au formateur De Wever | Vie Associative\",\"isPartOf\":{\"@id\":\"https:\/\/vieassociative.be\/actualites\/#website\"},\"primaryImageOfPage\":{\"@id\":\"https:\/\/vieassociative.be\/actualites\/formation-dun-nouveau-gouvernement-le-roi-philippe-accorde-un-dernier-delai-au-formateur-de-wever\/#primaryimage\"},\"image\":{\"@id\":\"https:\/\/vieassociative.be\/actualites\/formation-dun-nouveau-gouvernement-le-roi-philippe-accorde-un-dernier-delai-au-formateur-de-wever\/#primaryimage\"},\"thumbnailUrl\":\"https:\/\/vieassociative.be\/actualites\/wp-content\/uploads\/2025\/01\/Formation-dun-nouveau-gouvernement-le-roi-Philippe-accorde-un.jpeg\",\"datePublished\":\"2025-01-07T20:18:37+00:00\",\"dateModified\":\"2025-01-07T20:18:37+00:00\",\"breadcrumb\":{\"@id\":\"https:\/\/vieassociative.be\/actualites\/formation-dun-nouveau-gouvernement-le-roi-philippe-accorde-un-dernier-delai-au-formateur-de-wever\/#breadcrumb\"},\"inLanguage\":\"fr-BE\",\"potentialAction\":[{\"@type\":\"ReadAction\",\"target\":[\"https:\/\/vieassociative.be\/actualites\/formation-dun-nouveau-gouvernement-le-roi-philippe-accorde-un-dernier-delai-au-formateur-de-wever\/\"]}]},{\"@type\":\"ImageObject\",\"inLanguage\":\"fr-BE\",\"@id\":\"https:\/\/vieassociative.be\/actualites\/formation-dun-nouveau-gouvernement-le-roi-philippe-accorde-un-dernier-delai-au-formateur-de-wever\/#primaryimage\",\"url\":\"https:\/\/vieassociative.be\/actualites\/wp-content\/uploads\/2025\/01\/Formation-dun-nouveau-gouvernement-le-roi-Philippe-accorde-un.jpeg\",\"contentUrl\":\"https:\/\/vieassociative.be\/actualites\/wp-content\/uploads\/2025\/01\/Formation-dun-nouveau-gouvernement-le-roi-Philippe-accorde-un.jpeg\",\"width\":1199,\"height\":798,\"caption\":\"Formation d'un nouveau gouvernement : le roi Philippe accorde un dernier d\u00e9lai au formateur De Wever\"},{\"@type\":\"BreadcrumbList\",\"@id\":\"https:\/\/vieassociative.be\/actualites\/formation-dun-nouveau-gouvernement-le-roi-philippe-accorde-un-dernier-delai-au-formateur-de-wever\/#breadcrumb\",\"itemListElement\":[{\"@type\":\"ListItem\",\"position\":1,\"name\":\"Accueil\",\"item\":\"https:\/\/vieassociative.be\/actualites\/\"},{\"@type\":\"ListItem\",\"position\":2,\"name\":\"Formation d&rsquo;un nouveau gouvernement : le roi Philippe accorde un dernier d\u00e9lai au formateur De Wever\"}]},{\"@type\":\"WebSite\",\"@id\":\"https:\/\/vieassociative.be\/actualites\/#website\",\"url\":\"https:\/\/vieassociative.be\/actualites\/\",\"name\":\"Vie Associative\",\"description\":\"\",\"publisher\":{\"@id\":\"https:\/\/vieassociative.be\/actualites\/#organization\"},\"potentialAction\":[{\"@type\":\"SearchAction\",\"target\":{\"@type\":\"EntryPoint\",\"urlTemplate\":\"https:\/\/vieassociative.be\/actualites\/?s={search_term_string}\"},\"query-input\":{\"@type\":\"PropertyValueSpecification\",\"valueRequired\":true,\"valueName\":\"search_term_string\"}}],\"inLanguage\":\"fr-BE\"},{\"@type\":\"Organization\",\"@id\":\"https:\/\/vieassociative.be\/actualites\/#organization\",\"name\":\"Vie Associative\",\"url\":\"https:\/\/vieassociative.be\/actualites\/\",\"logo\":{\"@type\":\"ImageObject\",\"inLanguage\":\"fr-BE\",\"@id\":\"https:\/\/vieassociative.be\/actualites\/#\/schema\/logo\/image\/\",\"url\":\"https:\/\/vieassociative.be\/actualites\/wp-content\/uploads\/2024\/09\/cropped-vieassociative_favicon.ico.png\",\"contentUrl\":\"https:\/\/vieassociative.be\/actualites\/wp-content\/uploads\/2024\/09\/cropped-vieassociative_favicon.ico.png\",\"width\":512,\"height\":512,\"caption\":\"Vie Associative\"},\"image\":{\"@id\":\"https:\/\/vieassociative.be\/actualites\/#\/schema\/logo\/image\/\"}},{\"@type\":\"Person\",\"@id\":\"https:\/\/vieassociative.be\/actualites\/#\/schema\/person\/b87ac4f82f9d4e7b7cec7395b679edc4\",\"name\":\"Julien\",\"image\":{\"@type\":\"ImageObject\",\"inLanguage\":\"fr-BE\",\"@id\":\"https:\/\/vieassociative.be\/actualites\/#\/schema\/person\/image\/\",\"url\":\"https:\/\/vieassociative.be\/actualites\/wp-content\/uploads\/2024\/09\/vie-associative-1-150x150.jpg\",\"contentUrl\":\"https:\/\/vieassociative.be\/actualites\/wp-content\/uploads\/2024\/09\/vie-associative-1-150x150.jpg\",\"caption\":\"Julien\"},\"description\":\"Je suis Julien, r\u00e9dacteur pour Vie Associative. Passionn\u00e9 par le monde associatif depuis plus de 10 ans, j'ai \u00e0 c\u0153ur de partager des histoires inspirantes et de mettre en lumi\u00e8re les initiatives locales. Mon objectif est de sensibiliser et d'encourager l'engagement communautaire \u00e0 travers mes articles.\",\"sameAs\":[\"https:\/\/vieassociative.be\/\"]}]}<\/script>\n<!-- \/ Yoast SEO plugin. -->","yoast_head_json":{"title":"Formation d'un nouveau gouvernement : le roi Philippe accorde un dernier d\u00e9lai au formateur De Wever | Vie Associative","robots":{"index":"index","follow":"follow","max-snippet":"max-snippet:-1","max-image-preview":"max-image-preview:large","max-video-preview":"max-video-preview:-1"},"canonical":"https:\/\/vieassociative.be\/actualites\/formation-dun-nouveau-gouvernement-le-roi-philippe-accorde-un-dernier-delai-au-formateur-de-wever\/","og_locale":"fr_FR","og_type":"article","og_title":"Formation d'un nouveau gouvernement : le roi Philippe accorde un dernier d\u00e9lai au formateur De Wever | Vie Associative","og_description":"Le Roi a re\u00e7u mardi Bart De Wever en audience au Palais Royal de Bruxelles. Le n\u00e9gociateur lui a fait rapport sur sa mission en","og_url":"https:\/\/vieassociative.be\/actualites\/formation-dun-nouveau-gouvernement-le-roi-philippe-accorde-un-dernier-delai-au-formateur-de-wever\/","og_site_name":"Vie Associative","article_published_time":"2025-01-07T20:18:37+00:00","og_image":[{"width":279,"height":92,"url":"https:\/\/vieassociative.be\/actualites\/wp-content\/uploads\/2024\/09\/header_backgroundk-01-e1726694325946.png","type":"image\/png"}],"author":"Julien","twitter_card":"summary_large_image","twitter_misc":{"\u00c9crit par":"Julien","Dur\u00e9e de lecture est.":"1 minute"},"schema":{"@context":"https:\/\/schema.org","@graph":[{"@type":"Article","@id":"https:\/\/vieassociative.be\/actualites\/formation-dun-nouveau-gouvernement-le-roi-philippe-accorde-un-dernier-delai-au-formateur-de-wever\/#article","isPartOf":{"@id":"https:\/\/vieassociative.be\/actualites\/formation-dun-nouveau-gouvernement-le-roi-philippe-accorde-un-dernier-delai-au-formateur-de-wever\/"},"author":{"name":"Julien","@id":"https:\/\/vieassociative.be\/actualites\/#\/schema\/person\/b87ac4f82f9d4e7b7cec7395b679edc4"},"headline":"Formation d&rsquo;un nouveau gouvernement : le roi Philippe accorde un dernier d\u00e9lai au formateur De Wever","datePublished":"2025-01-07T20:18:37+00:00","dateModified":"2025-01-07T20:18:37+00:00","mainEntityOfPage":{"@id":"https:\/\/vieassociative.be\/actualites\/formation-dun-nouveau-gouvernement-le-roi-philippe-accorde-un-dernier-delai-au-formateur-de-wever\/"},"wordCount":241,"publisher":{"@id":"https:\/\/vieassociative.be\/actualites\/#organization"},"image":{"@id":"https:\/\/vieassociative.be\/actualites\/formation-dun-nouveau-gouvernement-le-roi-philippe-accorde-un-dernier-delai-au-formateur-de-wever\/#primaryimage"},"thumbnailUrl":"https:\/\/vieassociative.be\/actualites\/wp-content\/uploads\/2025\/01\/Formation-dun-nouveau-gouvernement-le-roi-Philippe-accorde-un.jpeg","keywords":["accorde","d\u00e9lai","dernier","dun","formateur","formation","gouvernement","nouveau","Philippe","roi","Wever"],"articleSection":["Belgique"],"inLanguage":"fr-BE"},{"@type":"WebPage","@id":"https:\/\/vieassociative.be\/actualites\/formation-dun-nouveau-gouvernement-le-roi-philippe-accorde-un-dernier-delai-au-formateur-de-wever\/","url":"https:\/\/vieassociative.be\/actualites\/formation-dun-nouveau-gouvernement-le-roi-philippe-accorde-un-dernier-delai-au-formateur-de-wever\/","name":"Formation d'un nouveau gouvernement : le roi Philippe accorde un dernier d\u00e9lai au formateur De Wever | Vie Associative","isPartOf":{"@id":"https:\/\/vieassociative.be\/actualites\/#website"},"primaryImageOfPage":{"@id":"https:\/\/vieassociative.be\/actualites\/formation-dun-nouveau-gouvernement-le-roi-philippe-accorde-un-dernier-delai-au-formateur-de-wever\/#primaryimage"},"image":{"@id":"https:\/\/vieassociative.be\/actualites\/formation-dun-nouveau-gouvernement-le-roi-philippe-accorde-un-dernier-delai-au-formateur-de-wever\/#primaryimage"},"thumbnailUrl":"https:\/\/vieassociative.be\/actualites\/wp-content\/uploads\/2025\/01\/Formation-dun-nouveau-gouvernement-le-roi-Philippe-accorde-un.jpeg","datePublished":"2025-01-07T20:18:37+00:00","dateModified":"2025-01-07T20:18:37+00:00","breadcrumb":{"@id":"https:\/\/vieassociative.be\/actualites\/formation-dun-nouveau-gouvernement-le-roi-philippe-accorde-un-dernier-delai-au-formateur-de-wever\/#breadcrumb"},"inLanguage":"fr-BE","potentialAction":[{"@type":"ReadAction","target":["https:\/\/vieassociative.be\/actualites\/formation-dun-nouveau-gouvernement-le-roi-philippe-accorde-un-dernier-delai-au-formateur-de-wever\/"]}]},{"@type":"ImageObject","inLanguage":"fr-BE","@id":"https:\/\/vieassociative.be\/actualites\/formation-dun-nouveau-gouvernement-le-roi-philippe-accorde-un-dernier-delai-au-formateur-de-wever\/#primaryimage","url":"https:\/\/vieassociative.be\/actualites\/wp-content\/uploads\/2025\/01\/Formation-dun-nouveau-gouvernement-le-roi-Philippe-accorde-un.jpeg","contentUrl":"https:\/\/vieassociative.be\/actualites\/wp-content\/uploads\/2025\/01\/Formation-dun-nouveau-gouvernement-le-roi-Philippe-accorde-un.jpeg","width":1199,"height":798,"caption":"Formation d'un nouveau gouvernement : le roi Philippe accorde un dernier d\u00e9lai au formateur De Wever"},{"@type":"BreadcrumbList","@id":"https:\/\/vieassociative.be\/actualites\/formation-dun-nouveau-gouvernement-le-roi-philippe-accorde-un-dernier-delai-au-formateur-de-wever\/#breadcrumb","itemListElement":[{"@type":"ListItem","position":1,"name":"Accueil","item":"https:\/\/vieassociative.be\/actualites\/"},{"@type":"ListItem","position":2,"name":"Formation d&rsquo;un nouveau gouvernement : le roi Philippe accorde un dernier d\u00e9lai au formateur De Wever"}]},{"@type":"WebSite","@id":"https:\/\/vieassociative.be\/actualites\/#website","url":"https:\/\/vieassociative.be\/actualites\/","name":"Vie Associative","description":"","publisher":{"@id":"https:\/\/vieassociative.be\/actualites\/#organization"},"potentialAction":[{"@type":"SearchAction","target":{"@type":"EntryPoint","urlTemplate":"https:\/\/vieassociative.be\/actualites\/?s={search_term_string}"},"query-input":{"@type":"PropertyValueSpecification","valueRequired":true,"valueName":"search_term_string"}}],"inLanguage":"fr-BE"},{"@type":"Organization","@id":"https:\/\/vieassociative.be\/actualites\/#organization","name":"Vie Associative","url":"https:\/\/vieassociative.be\/actualites\/","logo":{"@type":"ImageObject","inLanguage":"fr-BE","@id":"https:\/\/vieassociative.be\/actualites\/#\/schema\/logo\/image\/","url":"https:\/\/vieassociative.be\/actualites\/wp-content\/uploads\/2024\/09\/cropped-vieassociative_favicon.ico.png","contentUrl":"https:\/\/vieassociative.be\/actualites\/wp-content\/uploads\/2024\/09\/cropped-vieassociative_favicon.ico.png","width":512,"height":512,"caption":"Vie Associative"},"image":{"@id":"https:\/\/vieassociative.be\/actualites\/#\/schema\/logo\/image\/"}},{"@type":"Person","@id":"https:\/\/vieassociative.be\/actualites\/#\/schema\/person\/b87ac4f82f9d4e7b7cec7395b679edc4","name":"Julien","image":{"@type":"ImageObject","inLanguage":"fr-BE","@id":"https:\/\/vieassociative.be\/actualites\/#\/schema\/person\/image\/","url":"https:\/\/vieassociative.be\/actualites\/wp-content\/uploads\/2024\/09\/vie-associative-1-150x150.jpg","contentUrl":"https:\/\/vieassociative.be\/actualites\/wp-content\/uploads\/2024\/09\/vie-associative-1-150x150.jpg","caption":"Julien"},"description":"Je suis Julien, r\u00e9dacteur pour Vie Associative. Passionn\u00e9 par le monde associatif depuis plus de 10 ans, j'ai \u00e0 c\u0153ur de partager des histoires inspirantes et de mettre en lumi\u00e8re les initiatives locales. Mon objectif est de sensibiliser et d'encourager l'engagement communautaire \u00e0 travers mes articles.","sameAs":["https:\/\/vieassociative.be\/"]}]}},"_links":{"self":[{"href":"https:\/\/vieassociative.be\/actualites\/wp-json\/wp\/v2\/posts\/4141"}],"collection":[{"href":"https:\/\/vieassociative.be\/actualites\/wp-json\/wp\/v2\/posts"}],"about":[{"href":"https:\/\/vieassociative.be\/actualites\/wp-json\/wp\/v2\/types\/post"}],"author":[{"embeddable":true,"href":"https:\/\/vieassociative.be\/actualites\/wp-json\/wp\/v2\/users\/1"}],"replies":[{"embeddable":true,"href":"https:\/\/vieassociative.be\/actualites\/wp-json\/wp\/v2\/comments?post=4141"}],"version-history":[{"count":0,"href":"https:\/\/vieassociative.be\/actualites\/wp-json\/wp\/v2\/posts\/4141\/revisions"}],"wp:featuredmedia":[{"embeddable":true,"href":"https:\/\/vieassociative.be\/actualites\/wp-json\/wp\/v2\/media\/4142"}],"wp:attachment":[{"href":"https:\/\/vieassociative.be\/actualites\/wp-json\/wp\/v2\/media?parent=4141"}],"wp:term":[{"taxonomy":"category","embeddable":true,"href":"https:\/\/vieassociative.be\/actualites\/wp-json\/wp\/v2\/categories?post=4141"},{"taxonomy":"post_tag","embeddable":true,"href":"https:\/\/vieassociative.be\/actualites\/wp-json\/wp\/v2\/tags?post=4141"}],"curies":[{"name":"wp","href":"https:\/\/api.w.org\/{rel}","templated":true}]}}