{"id":414,"date":"2024-09-24T18:05:19","date_gmt":"2024-09-24T16:05:19","guid":{"rendered":"https:\/\/vieassociative.be\/actualites\/uefa-drohung-le-terrain-belge-auf-losung-in-der-corona-krise\/"},"modified":"2024-09-24T18:05:22","modified_gmt":"2024-09-24T16:05:22","slug":"uefa-drohung-le-terrain-belge-auf-losung-in-der-corona-krise","status":"publish","type":"post","link":"https:\/\/vieassociative.be\/actualites\/uefa-drohung-le-terrain-belge-auf-losung-in-der-corona-krise\/","title":{"rendered":"UEFA Drohung : le terrain belge auf L\u00f6sung in der Corona-Krise"},"content":{"rendered":"<p><\/p>\n<p class=\"font-sans font-medium\">  Le patron de l&rsquo;UEFA, Aleksander Ceferin, rejoindra la Belgique dans le syst\u00e8me juridique europ\u00e9en, car le pays continuera \u00e0 profiter de la Ligue.<\/p>\n<aside class=\"h-ad-280+text lg:h-0 \" data-slot-id=\"pos1_sm\" data-breakpoint=\"sm\" data-hide-ad-text=\"false\" data-module-id=\"SparkAdSlotModule\"><\/aside>\n<p>Le Fu\u00dfball-Verband belge suit l&rsquo;Ausschluss-Drohung der Europ\u00e4ischen Fu\u00dfball-Union auf eine schnelle L\u00f6sung. Le pr\u00e9sident du Verbands Mehdi Bayat a fait en sorte que le pr\u00e9sident de l&rsquo;UEFA, Aleksander Ceferin, ait influenc\u00e9, en tenant compte de toutes les consid\u00e9rations possibles, le c\u00f4t\u00e9 du Verband am Samstag mit belge. Une solution constructive en vue. La Belgique c\u00e9l\u00e8bre actuellement la crise du Corona, qui sera abzubrechen cette saison. Ceferin hatte meurt tr\u00e8s critiqu\u00e9 et avec une ausschluss aus dem Europapokal gedroht.<\/p>\n<h3>Ceferin droht Belgien im Sportstudio<\/h3>\n<\/p>\n<div id=\"piano-banner-kampagne\" class=\"mb-4 block\"><\/div>\n<div id=\"piano-reco-widget\" class=\"mb-4 block\"><\/div>\n<p>\u00ab\u00a0Je pense que ce n&rsquo;est pas la bonne voie. Solidarit\u00e4t n&rsquo;est pas une simple voie ferr\u00e9e. L&rsquo;homme ne peut pas soutenir la communaut\u00e9 et ensuite se s\u00e9parer, quel que soit celui qui la traverse\u00a0\u00bb, a d\u00e9clar\u00e9 Ceferin au \u00ab\u00a0Aktuellen Sportstudio\u00a0\u00bb de la ZDF. \u00ab\u00a0Et je dois dire : ces Belges et d&rsquo;autres, qui sont pourtant tomb\u00e9s amoureux de leurs pens\u00e9es, ont risqu\u00e9 leur avenir en Europe au cours de la derni\u00e8re saison.\u00a0\u00bb<\/p>\n<h3>Belgiens Verband proklamiert Br\u00fcgge zum Meister<\/h3><\/p>\n","protected":false},"excerpt":{"rendered":"<p>Le patron de l&rsquo;UEFA, Aleksander Ceferin, rejoindra la Belgique dans le syst\u00e8me juridique europ\u00e9en, car le pays continuera \u00e0 profiter de la Ligue. Le Fu\u00dfball-Verband<\/p>\n","protected":false},"author":1,"featured_media":415,"comment_status":"closed","ping_status":"","sticky":false,"template":"","format":"standard","meta":{"footnotes":""},"categories":[298],"tags":[666,410,669,668,664,667,665,663],"class_list":["post-414","post","type-post","status-publish","format-standard","has-post-thumbnail","hentry","category-belgique","tag-auf","tag-belge","tag-coronakrise","tag-der","tag-drohung","tag-losung","tag-terrain","tag-uefa","generate-columns","tablet-grid-50","mobile-grid-100","grid-parent","grid-33"],"yoast_head":"<!-- This site is optimized with the Yoast SEO plugin v24.0 - https:\/\/yoast.com\/wordpress\/plugins\/seo\/ -->\n<title>UEFA Drohung : le terrain belge auf L\u00f6sung in der Corona-Krise | Vie Associative<\/title>\n<meta name=\"robots\" content=\"index, follow, max-snippet:-1, max-image-preview:large, max-video-preview:-1\" \/>\n<link rel=\"canonical\" href=\"https:\/\/vieassociative.be\/actualites\/uefa-drohung-le-terrain-belge-auf-losung-in-der-corona-krise\/\" \/>\n<meta property=\"og:locale\" content=\"fr_FR\" \/>\n<meta property=\"og:type\" content=\"article\" \/>\n<meta property=\"og:title\" content=\"UEFA Drohung : le terrain belge auf L\u00f6sung in der Corona-Krise | Vie Associative\" \/>\n<meta property=\"og:description\" content=\"Le patron de l&rsquo;UEFA, Aleksander Ceferin, rejoindra la Belgique dans le syst\u00e8me juridique europ\u00e9en, car le pays continuera \u00e0 profiter de la Ligue. Le Fu\u00dfball-Verband\" \/>\n<meta property=\"og:url\" content=\"https:\/\/vieassociative.be\/actualites\/uefa-drohung-le-terrain-belge-auf-losung-in-der-corona-krise\/\" \/>\n<meta property=\"og:site_name\" content=\"Vie Associative\" \/>\n<meta property=\"article:published_time\" content=\"2024-09-24T16:05:19+00:00\" \/>\n<meta property=\"article:modified_time\" content=\"2024-09-24T16:05:22+00:00\" \/>\n<meta property=\"og:image\" content=\"https:\/\/vieassociative.be\/actualites\/wp-content\/uploads\/2024\/09\/1727193920_UEFA-Drohung-le-terrain-belge-auf-Losung-in-der.jpeg\" \/>\n\t<meta property=\"og:image:width\" content=\"1600\" \/>\n\t<meta property=\"og:image:height\" content=\"900\" \/>\n\t<meta property=\"og:image:type\" content=\"image\/jpeg\" \/>\n<meta name=\"author\" content=\"Julien\" \/>\n<meta name=\"twitter:card\" content=\"summary_large_image\" \/>\n<meta name=\"twitter:label1\" content=\"\u00c9crit par\" \/>\n\t<meta name=\"twitter:data1\" content=\"Julien\" \/>\n\t<meta name=\"twitter:label2\" content=\"Dur\u00e9e de lecture est.\" \/>\n\t<meta name=\"twitter:data2\" content=\"1 minute\" \/>\n<script type=\"application\/ld+json\" class=\"yoast-schema-graph\">{\"@context\":\"https:\/\/schema.org\",\"@graph\":[{\"@type\":\"Article\",\"@id\":\"https:\/\/vieassociative.be\/actualites\/uefa-drohung-le-terrain-belge-auf-losung-in-der-corona-krise\/#article\",\"isPartOf\":{\"@id\":\"https:\/\/vieassociative.be\/actualites\/uefa-drohung-le-terrain-belge-auf-losung-in-der-corona-krise\/\"},\"author\":{\"name\":\"Julien\",\"@id\":\"https:\/\/vieassociative.be\/actualites\/#\/schema\/person\/b87ac4f82f9d4e7b7cec7395b679edc4\"},\"headline\":\"UEFA Drohung : le terrain belge auf L\u00f6sung in der Corona-Krise\",\"datePublished\":\"2024-09-24T16:05:19+00:00\",\"dateModified\":\"2024-09-24T16:05:22+00:00\",\"mainEntityOfPage\":{\"@id\":\"https:\/\/vieassociative.be\/actualites\/uefa-drohung-le-terrain-belge-auf-losung-in-der-corona-krise\/\"},\"wordCount\":221,\"publisher\":{\"@id\":\"https:\/\/vieassociative.be\/actualites\/#organization\"},\"image\":{\"@id\":\"https:\/\/vieassociative.be\/actualites\/uefa-drohung-le-terrain-belge-auf-losung-in-der-corona-krise\/#primaryimage\"},\"thumbnailUrl\":\"https:\/\/vieassociative.be\/actualites\/wp-content\/uploads\/2024\/09\/1727193920_UEFA-Drohung-le-terrain-belge-auf-Losung-in-der.jpeg\",\"keywords\":[\"auf\",\"belge\",\"CoronaKrise\",\"der\",\"Drohung\",\"L\u00f6sung\",\"terrain\",\"UEFA\"],\"articleSection\":[\"Belgique\"],\"inLanguage\":\"fr-BE\"},{\"@type\":\"WebPage\",\"@id\":\"https:\/\/vieassociative.be\/actualites\/uefa-drohung-le-terrain-belge-auf-losung-in-der-corona-krise\/\",\"url\":\"https:\/\/vieassociative.be\/actualites\/uefa-drohung-le-terrain-belge-auf-losung-in-der-corona-krise\/\",\"name\":\"UEFA Drohung : le terrain belge auf L\u00f6sung in der Corona-Krise | Vie Associative\",\"isPartOf\":{\"@id\":\"https:\/\/vieassociative.be\/actualites\/#website\"},\"primaryImageOfPage\":{\"@id\":\"https:\/\/vieassociative.be\/actualites\/uefa-drohung-le-terrain-belge-auf-losung-in-der-corona-krise\/#primaryimage\"},\"image\":{\"@id\":\"https:\/\/vieassociative.be\/actualites\/uefa-drohung-le-terrain-belge-auf-losung-in-der-corona-krise\/#primaryimage\"},\"thumbnailUrl\":\"https:\/\/vieassociative.be\/actualites\/wp-content\/uploads\/2024\/09\/1727193920_UEFA-Drohung-le-terrain-belge-auf-Losung-in-der.jpeg\",\"datePublished\":\"2024-09-24T16:05:19+00:00\",\"dateModified\":\"2024-09-24T16:05:22+00:00\",\"breadcrumb\":{\"@id\":\"https:\/\/vieassociative.be\/actualites\/uefa-drohung-le-terrain-belge-auf-losung-in-der-corona-krise\/#breadcrumb\"},\"inLanguage\":\"fr-BE\",\"potentialAction\":[{\"@type\":\"ReadAction\",\"target\":[\"https:\/\/vieassociative.be\/actualites\/uefa-drohung-le-terrain-belge-auf-losung-in-der-corona-krise\/\"]}]},{\"@type\":\"ImageObject\",\"inLanguage\":\"fr-BE\",\"@id\":\"https:\/\/vieassociative.be\/actualites\/uefa-drohung-le-terrain-belge-auf-losung-in-der-corona-krise\/#primaryimage\",\"url\":\"https:\/\/vieassociative.be\/actualites\/wp-content\/uploads\/2024\/09\/1727193920_UEFA-Drohung-le-terrain-belge-auf-Losung-in-der.jpeg\",\"contentUrl\":\"https:\/\/vieassociative.be\/actualites\/wp-content\/uploads\/2024\/09\/1727193920_UEFA-Drohung-le-terrain-belge-auf-Losung-in-der.jpeg\",\"width\":1600,\"height\":900,\"caption\":\"UEFA Drohung : le terrain belge auf L\u00f6sung in der Corona-Krise\"},{\"@type\":\"BreadcrumbList\",\"@id\":\"https:\/\/vieassociative.be\/actualites\/uefa-drohung-le-terrain-belge-auf-losung-in-der-corona-krise\/#breadcrumb\",\"itemListElement\":[{\"@type\":\"ListItem\",\"position\":1,\"name\":\"Accueil\",\"item\":\"https:\/\/vieassociative.be\/actualites\/\"},{\"@type\":\"ListItem\",\"position\":2,\"name\":\"UEFA Drohung : le terrain belge auf L\u00f6sung in der Corona-Krise\"}]},{\"@type\":\"WebSite\",\"@id\":\"https:\/\/vieassociative.be\/actualites\/#website\",\"url\":\"https:\/\/vieassociative.be\/actualites\/\",\"name\":\"Vie Associative\",\"description\":\"\",\"publisher\":{\"@id\":\"https:\/\/vieassociative.be\/actualites\/#organization\"},\"potentialAction\":[{\"@type\":\"SearchAction\",\"target\":{\"@type\":\"EntryPoint\",\"urlTemplate\":\"https:\/\/vieassociative.be\/actualites\/?s={search_term_string}\"},\"query-input\":{\"@type\":\"PropertyValueSpecification\",\"valueRequired\":true,\"valueName\":\"search_term_string\"}}],\"inLanguage\":\"fr-BE\"},{\"@type\":\"Organization\",\"@id\":\"https:\/\/vieassociative.be\/actualites\/#organization\",\"name\":\"Vie Associative\",\"url\":\"https:\/\/vieassociative.be\/actualites\/\",\"logo\":{\"@type\":\"ImageObject\",\"inLanguage\":\"fr-BE\",\"@id\":\"https:\/\/vieassociative.be\/actualites\/#\/schema\/logo\/image\/\",\"url\":\"https:\/\/vieassociative.be\/actualites\/wp-content\/uploads\/2024\/09\/cropped-vieassociative_favicon.ico.png\",\"contentUrl\":\"https:\/\/vieassociative.be\/actualites\/wp-content\/uploads\/2024\/09\/cropped-vieassociative_favicon.ico.png\",\"width\":512,\"height\":512,\"caption\":\"Vie Associative\"},\"image\":{\"@id\":\"https:\/\/vieassociative.be\/actualites\/#\/schema\/logo\/image\/\"}},{\"@type\":\"Person\",\"@id\":\"https:\/\/vieassociative.be\/actualites\/#\/schema\/person\/b87ac4f82f9d4e7b7cec7395b679edc4\",\"name\":\"Julien\",\"image\":{\"@type\":\"ImageObject\",\"inLanguage\":\"fr-BE\",\"@id\":\"https:\/\/vieassociative.be\/actualites\/#\/schema\/person\/image\/\",\"url\":\"https:\/\/vieassociative.be\/actualites\/wp-content\/uploads\/2024\/09\/vie-associative-1-150x150.jpg\",\"contentUrl\":\"https:\/\/vieassociative.be\/actualites\/wp-content\/uploads\/2024\/09\/vie-associative-1-150x150.jpg\",\"caption\":\"Julien\"},\"description\":\"Je suis Julien, r\u00e9dacteur pour Vie Associative. Passionn\u00e9 par le monde associatif depuis plus de 10 ans, j'ai \u00e0 c\u0153ur de partager des histoires inspirantes et de mettre en lumi\u00e8re les initiatives locales. Mon objectif est de sensibiliser et d'encourager l'engagement communautaire \u00e0 travers mes articles.\",\"sameAs\":[\"https:\/\/vieassociative.be\/\"]}]}<\/script>\n<!-- \/ Yoast SEO plugin. -->","yoast_head_json":{"title":"UEFA Drohung : le terrain belge auf L\u00f6sung in der Corona-Krise | Vie Associative","robots":{"index":"index","follow":"follow","max-snippet":"max-snippet:-1","max-image-preview":"max-image-preview:large","max-video-preview":"max-video-preview:-1"},"canonical":"https:\/\/vieassociative.be\/actualites\/uefa-drohung-le-terrain-belge-auf-losung-in-der-corona-krise\/","og_locale":"fr_FR","og_type":"article","og_title":"UEFA Drohung : le terrain belge auf L\u00f6sung in der Corona-Krise | Vie Associative","og_description":"Le patron de l&rsquo;UEFA, Aleksander Ceferin, rejoindra la Belgique dans le syst\u00e8me juridique europ\u00e9en, car le pays continuera \u00e0 profiter de la Ligue. Le Fu\u00dfball-Verband","og_url":"https:\/\/vieassociative.be\/actualites\/uefa-drohung-le-terrain-belge-auf-losung-in-der-corona-krise\/","og_site_name":"Vie Associative","article_published_time":"2024-09-24T16:05:19+00:00","article_modified_time":"2024-09-24T16:05:22+00:00","og_image":[{"width":1600,"height":900,"url":"https:\/\/vieassociative.be\/actualites\/wp-content\/uploads\/2024\/09\/1727193920_UEFA-Drohung-le-terrain-belge-auf-Losung-in-der.jpeg","type":"image\/jpeg"}],"author":"Julien","twitter_card":"summary_large_image","twitter_misc":{"\u00c9crit par":"Julien","Dur\u00e9e de lecture est.":"1 minute"},"schema":{"@context":"https:\/\/schema.org","@graph":[{"@type":"Article","@id":"https:\/\/vieassociative.be\/actualites\/uefa-drohung-le-terrain-belge-auf-losung-in-der-corona-krise\/#article","isPartOf":{"@id":"https:\/\/vieassociative.be\/actualites\/uefa-drohung-le-terrain-belge-auf-losung-in-der-corona-krise\/"},"author":{"name":"Julien","@id":"https:\/\/vieassociative.be\/actualites\/#\/schema\/person\/b87ac4f82f9d4e7b7cec7395b679edc4"},"headline":"UEFA Drohung : le terrain belge auf L\u00f6sung in der Corona-Krise","datePublished":"2024-09-24T16:05:19+00:00","dateModified":"2024-09-24T16:05:22+00:00","mainEntityOfPage":{"@id":"https:\/\/vieassociative.be\/actualites\/uefa-drohung-le-terrain-belge-auf-losung-in-der-corona-krise\/"},"wordCount":221,"publisher":{"@id":"https:\/\/vieassociative.be\/actualites\/#organization"},"image":{"@id":"https:\/\/vieassociative.be\/actualites\/uefa-drohung-le-terrain-belge-auf-losung-in-der-corona-krise\/#primaryimage"},"thumbnailUrl":"https:\/\/vieassociative.be\/actualites\/wp-content\/uploads\/2024\/09\/1727193920_UEFA-Drohung-le-terrain-belge-auf-Losung-in-der.jpeg","keywords":["auf","belge","CoronaKrise","der","Drohung","L\u00f6sung","terrain","UEFA"],"articleSection":["Belgique"],"inLanguage":"fr-BE"},{"@type":"WebPage","@id":"https:\/\/vieassociative.be\/actualites\/uefa-drohung-le-terrain-belge-auf-losung-in-der-corona-krise\/","url":"https:\/\/vieassociative.be\/actualites\/uefa-drohung-le-terrain-belge-auf-losung-in-der-corona-krise\/","name":"UEFA Drohung : le terrain belge auf L\u00f6sung in der Corona-Krise | Vie Associative","isPartOf":{"@id":"https:\/\/vieassociative.be\/actualites\/#website"},"primaryImageOfPage":{"@id":"https:\/\/vieassociative.be\/actualites\/uefa-drohung-le-terrain-belge-auf-losung-in-der-corona-krise\/#primaryimage"},"image":{"@id":"https:\/\/vieassociative.be\/actualites\/uefa-drohung-le-terrain-belge-auf-losung-in-der-corona-krise\/#primaryimage"},"thumbnailUrl":"https:\/\/vieassociative.be\/actualites\/wp-content\/uploads\/2024\/09\/1727193920_UEFA-Drohung-le-terrain-belge-auf-Losung-in-der.jpeg","datePublished":"2024-09-24T16:05:19+00:00","dateModified":"2024-09-24T16:05:22+00:00","breadcrumb":{"@id":"https:\/\/vieassociative.be\/actualites\/uefa-drohung-le-terrain-belge-auf-losung-in-der-corona-krise\/#breadcrumb"},"inLanguage":"fr-BE","potentialAction":[{"@type":"ReadAction","target":["https:\/\/vieassociative.be\/actualites\/uefa-drohung-le-terrain-belge-auf-losung-in-der-corona-krise\/"]}]},{"@type":"ImageObject","inLanguage":"fr-BE","@id":"https:\/\/vieassociative.be\/actualites\/uefa-drohung-le-terrain-belge-auf-losung-in-der-corona-krise\/#primaryimage","url":"https:\/\/vieassociative.be\/actualites\/wp-content\/uploads\/2024\/09\/1727193920_UEFA-Drohung-le-terrain-belge-auf-Losung-in-der.jpeg","contentUrl":"https:\/\/vieassociative.be\/actualites\/wp-content\/uploads\/2024\/09\/1727193920_UEFA-Drohung-le-terrain-belge-auf-Losung-in-der.jpeg","width":1600,"height":900,"caption":"UEFA Drohung : le terrain belge auf L\u00f6sung in der Corona-Krise"},{"@type":"BreadcrumbList","@id":"https:\/\/vieassociative.be\/actualites\/uefa-drohung-le-terrain-belge-auf-losung-in-der-corona-krise\/#breadcrumb","itemListElement":[{"@type":"ListItem","position":1,"name":"Accueil","item":"https:\/\/vieassociative.be\/actualites\/"},{"@type":"ListItem","position":2,"name":"UEFA Drohung : le terrain belge auf L\u00f6sung in der Corona-Krise"}]},{"@type":"WebSite","@id":"https:\/\/vieassociative.be\/actualites\/#website","url":"https:\/\/vieassociative.be\/actualites\/","name":"Vie Associative","description":"","publisher":{"@id":"https:\/\/vieassociative.be\/actualites\/#organization"},"potentialAction":[{"@type":"SearchAction","target":{"@type":"EntryPoint","urlTemplate":"https:\/\/vieassociative.be\/actualites\/?s={search_term_string}"},"query-input":{"@type":"PropertyValueSpecification","valueRequired":true,"valueName":"search_term_string"}}],"inLanguage":"fr-BE"},{"@type":"Organization","@id":"https:\/\/vieassociative.be\/actualites\/#organization","name":"Vie Associative","url":"https:\/\/vieassociative.be\/actualites\/","logo":{"@type":"ImageObject","inLanguage":"fr-BE","@id":"https:\/\/vieassociative.be\/actualites\/#\/schema\/logo\/image\/","url":"https:\/\/vieassociative.be\/actualites\/wp-content\/uploads\/2024\/09\/cropped-vieassociative_favicon.ico.png","contentUrl":"https:\/\/vieassociative.be\/actualites\/wp-content\/uploads\/2024\/09\/cropped-vieassociative_favicon.ico.png","width":512,"height":512,"caption":"Vie Associative"},"image":{"@id":"https:\/\/vieassociative.be\/actualites\/#\/schema\/logo\/image\/"}},{"@type":"Person","@id":"https:\/\/vieassociative.be\/actualites\/#\/schema\/person\/b87ac4f82f9d4e7b7cec7395b679edc4","name":"Julien","image":{"@type":"ImageObject","inLanguage":"fr-BE","@id":"https:\/\/vieassociative.be\/actualites\/#\/schema\/person\/image\/","url":"https:\/\/vieassociative.be\/actualites\/wp-content\/uploads\/2024\/09\/vie-associative-1-150x150.jpg","contentUrl":"https:\/\/vieassociative.be\/actualites\/wp-content\/uploads\/2024\/09\/vie-associative-1-150x150.jpg","caption":"Julien"},"description":"Je suis Julien, r\u00e9dacteur pour Vie Associative. Passionn\u00e9 par le monde associatif depuis plus de 10 ans, j'ai \u00e0 c\u0153ur de partager des histoires inspirantes et de mettre en lumi\u00e8re les initiatives locales. Mon objectif est de sensibiliser et d'encourager l'engagement communautaire \u00e0 travers mes articles.","sameAs":["https:\/\/vieassociative.be\/"]}]}},"_links":{"self":[{"href":"https:\/\/vieassociative.be\/actualites\/wp-json\/wp\/v2\/posts\/414"}],"collection":[{"href":"https:\/\/vieassociative.be\/actualites\/wp-json\/wp\/v2\/posts"}],"about":[{"href":"https:\/\/vieassociative.be\/actualites\/wp-json\/wp\/v2\/types\/post"}],"author":[{"embeddable":true,"href":"https:\/\/vieassociative.be\/actualites\/wp-json\/wp\/v2\/users\/1"}],"replies":[{"embeddable":true,"href":"https:\/\/vieassociative.be\/actualites\/wp-json\/wp\/v2\/comments?post=414"}],"version-history":[{"count":1,"href":"https:\/\/vieassociative.be\/actualites\/wp-json\/wp\/v2\/posts\/414\/revisions"}],"predecessor-version":[{"id":416,"href":"https:\/\/vieassociative.be\/actualites\/wp-json\/wp\/v2\/posts\/414\/revisions\/416"}],"wp:featuredmedia":[{"embeddable":true,"href":"https:\/\/vieassociative.be\/actualites\/wp-json\/wp\/v2\/media\/415"}],"wp:attachment":[{"href":"https:\/\/vieassociative.be\/actualites\/wp-json\/wp\/v2\/media?parent=414"}],"wp:term":[{"taxonomy":"category","embeddable":true,"href":"https:\/\/vieassociative.be\/actualites\/wp-json\/wp\/v2\/categories?post=414"},{"taxonomy":"post_tag","embeddable":true,"href":"https:\/\/vieassociative.be\/actualites\/wp-json\/wp\/v2\/tags?post=414"}],"curies":[{"name":"wp","href":"https:\/\/api.w.org\/{rel}","templated":true}]}}