{"id":4139,"date":"2025-01-07T20:17:32","date_gmt":"2025-01-07T19:17:32","guid":{"rendered":"https:\/\/vieassociative.be\/actualites\/mon-offre-amazon-preferee-du-jour-les-guirlandes-lumineuses-dexterieur-intelligentes-govee-2\/"},"modified":"2025-01-07T20:17:32","modified_gmt":"2025-01-07T19:17:32","slug":"mon-offre-amazon-preferee-du-jour-les-guirlandes-lumineuses-dexterieur-intelligentes-govee-2","status":"publish","type":"post","link":"https:\/\/vieassociative.be\/actualites\/mon-offre-amazon-preferee-du-jour-les-guirlandes-lumineuses-dexterieur-intelligentes-govee-2\/","title":{"rendered":"Mon offre Amazon pr\u00e9f\u00e9r\u00e9e du jour : les guirlandes lumineuses d&rsquo;ext\u00e9rieur intelligentes Govee 2"},"content":{"rendered":"<div class=\"mt-4 leading-6 md:mb-8\">Ces guirlandes lumineuses intelligentes fonctionnent avec Google et Amazon et sont \u00e0 41 % de r\u00e9duction.<\/div>\n<p><\/p>\n<p>Je suis fan des lumi\u00e8res ext\u00e9rieures. J&rsquo;en ai essay\u00e9 beaucoup au fil des ans, des projecteurs solaires aux lampes de marche en passant par les guirlandes lumineuses intelligentes. Govee est une marque qui arrive g\u00e9n\u00e9ralement en t\u00eate dans la plupart des cat\u00e9gories. J&rsquo;ai leur Govee Smart Outdoor String Lights 2 depuis quelques mois et je peux le recommander \u00e0 tous ceux qui recherchent des guirlandes lumineuses d&rsquo;ext\u00e9rieur intelligentes et imperm\u00e9ables de qualit\u00e9. \u00c0 l&rsquo;heure actuelle, vous pouvez obtenir la longueur de 144 pieds pour <strong>100,29\u00a0$ <\/strong>(\u00e0 l&rsquo;origine 169,99 $) apr\u00e8s avoir utilis\u00e9 la remise de 41 % sur la page, le prix le plus bas jamais enregistr\u00e9 selon les outils de suivi des prix. Si c&rsquo;est trop de guirlandes lumineuses pour vous, les options de 96 et 48 pieds b\u00e9n\u00e9ficient \u00e9galement d&rsquo;une r\u00e9duction.<\/p>\n<div class=\"shadow-b-2 mb-12 mt-10 rounded-md border-2 border-(#F0F0F0) px-6 py-2 shadow-lg md:px-12\" role=\"region\" aria-label=\"Products List\" x-data=\"{ showMore: false }\">\n<div class=\"flex w-full gap-x-5\">\n<div class=\"flex w-full flex-col flex-nowrap justify-center gap-2 text-black no-underline md:order-2 md:gap-y-6\">\n<div class=\"flex flex-col justify-between gap-y-2 md:w-full md:gap-y-1\">\n<div class=\"block font-sans text-xs font-semibold capitalize leading-3 text-gray-900 md:leading-4\">Type de source de lumi\u00e8re : LED, source d&rsquo;alimentation : \u00e9lectrique filaire, couleur de la lumi\u00e8re : multicolore, th\u00e8me : patio.<\/div>\n<div class=\"block w-fit cursor-pointer font-akshar text-lg font-medium leading-5 text-brand-green duration-200 ease-in-out hover:text-brand-green-700 md:text-xl md:leading-6\">\n<p>                            Guirlande lumineuse d&rsquo;ext\u00e9rieur Govee 2, 144 pieds (coupon de 41 % sur la page)\n                        <\/p><\/div>\n<\/p><\/div>\n<div class=\"hidden md:flex md:justify-between md:gap-x-4\">\n<div class=\"w-full mb-0 md:flex md:flex-col md:justify-center font-sans leading-4 text-black\">\n<div class=\"flex flex-wrap items-center justify-center gap-x-1 md:justify-start\">\n        <span class=\"font-bold\"><\/p>\n<p>            169,99\u00a0$<br \/>\n                            <span class=\"font-medium\">chez Amazon<\/span><br \/>\n                    <\/span><br \/>\n                    <img decoding=\"async\" class=\"mt-0 h-(15px)\" src=\"https:\/\/vieassociative.be\/actualites\/wp-content\/uploads\/2025\/01\/Mon-offre-Amazon-preferee-du-jour-les-guirlandes-lumineuses.svg.svg+xml\" title=\"Amazon Premier\" alt=\"Amazon Premier\">\n            <\/div>\n<\/p><\/div>\n<p>                            <button class=\"flex justify-center items-center w-full bg-brand-green text-white text-base font-sans font-medium rounded-md hover:bg-brand-green-700 hover:cursor-pointer md:text-sm hidden self-end h-12 max-w-(10rem) duration-200 ease-in-out hover:bg-brand-green-700 md:flex md:h-10\"><\/p>\n<p>    Obtenez une offre<br \/>\n<\/button>\n                        <\/div>\n<\/p><\/div>\n<div class=\"flex aspect-video h-(90px) shrink-0 items-center justify-center self-center md:order-1\">\n                        <img decoding=\"async\" class=\"m-0 max-h-full max-w-full rounded-md\" src=\"https:\/\/vieassociative.be\/actualites\/wp-content\/uploads\/2025\/01\/Mon-offre-Amazon-preferee-du-jour-les-guirlandes-lumineuses.jpg\" alt=\"Govee Lot de 2 guirlandes lumineuses d'ext\u00e9rieur intelligentes RVBIC de 45 m avec ampoules LED blanc chaud \u00e0 intensit\u00e9 variable pour No\u00ebl, 47 modes de sc\u00e8ne pour terrasse, jardin, \u00e9tanche IP65, fonctionne avec Alexa, contr\u00f4le par application\" width=\"auto\" height=\"auto\" loading=\"lazy\">\n                    <\/div>\n<\/p><\/div>\n<p>                            <button class=\"flex justify-center items-center w-full bg-brand-green text-white text-base font-sans font-medium rounded-md hover:bg-brand-green-700 hover:cursor-pointer md:text-sm w-full h-12 duration-200 ease-in-out hover:bg-brand-green-700 md:hidden md:h-10\"><\/p>\n<p>    Obtenez une offre<br \/>\n<\/button><\/p>\n<div class=\"flex flex-col items-center w-full md:hidden font-sans leading-4 text-black\">\n<div class=\"flex flex-wrap items-center justify-center gap-x-1 md:justify-start\">\n        <span class=\"font-bold\"><\/p>\n<p>            169,99\u00a0$<br \/>\n                            <span class=\"font-medium\">chez Amazon<\/span><br \/>\n                    <\/span><br \/>\n                    <img decoding=\"async\" class=\"mt-0 h-(15px)\" src=\"https:\/\/vieassociative.be\/actualites\/wp-content\/uploads\/2025\/01\/Mon-offre-Amazon-preferee-du-jour-les-guirlandes-lumineuses.svg.svg+xml\" title=\"Amazon Premier\" alt=\"Amazon Premier\">\n            <\/div>\n<\/p><\/div>\n<div class=\"flex w-full gap-x-5\">\n<div class=\"flex w-full flex-col flex-nowrap justify-center gap-2 text-black no-underline md:order-2 md:gap-y-6\">\n<div class=\"flex flex-col justify-between gap-y-2 md:w-full md:gap-y-1\">\n<div class=\"block font-sans text-xs font-semibold capitalize leading-3 text-gray-900 md:leading-4\">Type de source de lumi\u00e8re : LED, source d&rsquo;alimentation : \u00e9lectrique filaire, couleur de la lumi\u00e8re : multicolore, th\u00e8me : patio.<\/div>\n<div class=\"block w-fit cursor-pointer font-akshar text-lg font-medium leading-5 text-brand-green duration-200 ease-in-out hover:text-brand-green-700 md:text-xl md:leading-6\">\n<p>                            Guirlande lumineuse ext\u00e9rieure intelligente Govee 2, 96 pieds (coupon de 40 $ sur la page)\n                        <\/p><\/div>\n<\/p><\/div>\n<div class=\"hidden md:flex md:justify-between md:gap-x-4\">\n<div class=\"w-full mb-0 md:flex md:flex-col md:justify-center font-sans leading-4 text-black\">\n<div class=\"flex flex-wrap items-center justify-center gap-x-1 md:justify-start\">\n        <span class=\"font-bold\"><\/p>\n<p>            129,99\u00a0$<br \/>\n                            <span class=\"font-medium\">chez Amazon<\/span><br \/>\n                    <\/span><br \/>\n                    <img decoding=\"async\" class=\"mt-0 h-(15px)\" src=\"https:\/\/vieassociative.be\/actualites\/wp-content\/uploads\/2025\/01\/Mon-offre-Amazon-preferee-du-jour-les-guirlandes-lumineuses.svg.svg+xml\" title=\"Amazon Premier\" alt=\"Amazon Premier\">\n            <\/div>\n<\/p><\/div>\n<p>                            <button class=\"flex justify-center items-center w-full bg-brand-green text-white text-base font-sans font-medium rounded-md hover:bg-brand-green-700 hover:cursor-pointer md:text-sm hidden self-end h-12 max-w-(10rem) duration-200 ease-in-out hover:bg-brand-green-700 md:flex md:h-10\"><\/p>\n<p>    Obtenez une offre<br \/>\n<\/button>\n                        <\/div>\n<\/p><\/div>\n<div class=\"flex aspect-video h-(90px) shrink-0 items-center justify-center self-center md:order-1\">\n                        <img decoding=\"async\" class=\"m-0 max-h-full max-w-full rounded-md\" src=\"https:\/\/vieassociative.be\/actualites\/wp-content\/uploads\/2025\/01\/1736277452_55_Mon-offre-Amazon-preferee-du-jour-les-guirlandes-lumineuses.jpg\" alt=\"Govee Lot de 2 guirlandes lumineuses d'ext\u00e9rieur intelligentes RGBIC de 96 m avec ampoules LED blanc chaud \u00e0 intensit\u00e9 variable pour No\u00ebl, 47 modes de sc\u00e8ne pour terrasse, jardin, \u00e9tanche IP65, fonctionne avec Alexa, contr\u00f4le par application\" width=\"auto\" height=\"auto\" loading=\"lazy\">\n                    <\/div>\n<\/p><\/div>\n<p>                            <button class=\"flex justify-center items-center w-full bg-brand-green text-white text-base font-sans font-medium rounded-md hover:bg-brand-green-700 hover:cursor-pointer md:text-sm w-full h-12 duration-200 ease-in-out hover:bg-brand-green-700 md:hidden md:h-10\"><\/p>\n<p>    Obtenez une offre<br \/>\n<\/button><\/p>\n<div class=\"flex flex-col items-center w-full md:hidden font-sans leading-4 text-black\">\n<div class=\"flex flex-wrap items-center justify-center gap-x-1 md:justify-start\">\n        <span class=\"font-bold\"><\/p>\n<p>            129,99\u00a0$<br \/>\n                            <span class=\"font-medium\">chez Amazon<\/span><br \/>\n                    <\/span><br \/>\n                    <img decoding=\"async\" class=\"mt-0 h-(15px)\" src=\"https:\/\/vieassociative.be\/actualites\/wp-content\/uploads\/2025\/01\/Mon-offre-Amazon-preferee-du-jour-les-guirlandes-lumineuses.svg.svg+xml\" title=\"Amazon Premier\" alt=\"Amazon Premier\">\n            <\/div>\n<\/p><\/div>\n<div class=\"flex w-full gap-x-5\">\n<div class=\"flex w-full flex-col flex-nowrap justify-center gap-2 text-black no-underline md:order-2 md:gap-y-6\">\n<div class=\"flex flex-col justify-between gap-y-2 md:w-full md:gap-y-1\">\n<div class=\"block font-sans text-xs font-semibold capitalize leading-3 text-gray-900 md:leading-4\">Type de source de lumi\u00e8re : LED, source d&rsquo;alimentation : \u00e9lectrique filaire, couleur de la lumi\u00e8re : multicolore, th\u00e8me : patio.<\/div>\n<div class=\"block w-fit cursor-pointer font-akshar text-lg font-medium leading-5 text-brand-green duration-200 ease-in-out hover:text-brand-green-700 md:text-xl md:leading-6\">\n<p>                            Guirlande lumineuse ext\u00e9rieure intelligente Govee 2, 48 pieds (coupon de 20 $ sur la page)\n                        <\/p><\/div>\n<\/p><\/div>\n<div class=\"hidden md:flex md:justify-between md:gap-x-4\">\n<div class=\"w-full mb-0 md:flex md:flex-col md:justify-center font-sans leading-4 text-black\">\n<div class=\"flex flex-wrap items-center justify-center gap-x-1 md:justify-start\">\n        <span class=\"font-bold\"><\/p>\n<p>            79,99\u00a0$<br \/>\n                            <span class=\"font-medium\">chez Amazon<\/span><br \/>\n                    <\/span><br \/>\n                    <img decoding=\"async\" class=\"mt-0 h-(15px)\" src=\"https:\/\/vieassociative.be\/actualites\/wp-content\/uploads\/2025\/01\/Mon-offre-Amazon-preferee-du-jour-les-guirlandes-lumineuses.svg.svg+xml\" title=\"Amazon Premier\" alt=\"Amazon Premier\">\n            <\/div>\n<\/p><\/div>\n<p>                            <button class=\"flex justify-center items-center w-full bg-brand-green text-white text-base font-sans font-medium rounded-md hover:bg-brand-green-700 hover:cursor-pointer md:text-sm hidden self-end h-12 max-w-(10rem) duration-200 ease-in-out hover:bg-brand-green-700 md:flex md:h-10\"><\/p>\n<p>    Obtenez une offre<br \/>\n<\/button>\n                        <\/div>\n<\/p><\/div>\n<div class=\"flex aspect-video h-(90px) shrink-0 items-center justify-center self-center md:order-1\">\n                        <img decoding=\"async\" class=\"m-0 max-h-full max-w-full rounded-md\" src=\"https:\/\/vieassociative.be\/actualites\/wp-content\/uploads\/2025\/01\/1736277452_660_Mon-offre-Amazon-preferee-du-jour-les-guirlandes-lumineuses.jpg\" alt=\"Govee Lot de 2 guirlandes lumineuses d'ext\u00e9rieur intelligentes RVBIC de 15 m avec ampoules LED blanc chaud \u00e0 intensit\u00e9 variable pour No\u00ebl, 47 modes de sc\u00e8ne pour terrasse, jardin, \u00e9tanche IP65, fonctionne avec Alexa, contr\u00f4le par application\" width=\"auto\" height=\"auto\" loading=\"lazy\">\n                    <\/div>\n<\/p><\/div>\n<p>                            <button class=\"flex justify-center items-center w-full bg-brand-green text-white text-base font-sans font-medium rounded-md hover:bg-brand-green-700 hover:cursor-pointer md:text-sm w-full h-12 duration-200 ease-in-out hover:bg-brand-green-700 md:hidden md:h-10\"><\/p>\n<p>    Obtenez une offre<br \/>\n<\/button><\/p>\n<div class=\"flex flex-col items-center w-full md:hidden font-sans leading-4 text-black\">\n<div class=\"flex flex-wrap items-center justify-center gap-x-1 md:justify-start\">\n        <span class=\"font-bold\"><\/p>\n<p>            79,99\u00a0$<br \/>\n                            <span class=\"font-medium\">chez Amazon<\/span><br \/>\n                    <\/span><br \/>\n                    <img decoding=\"async\" class=\"mt-0 h-(15px)\" src=\"https:\/\/vieassociative.be\/actualites\/wp-content\/uploads\/2025\/01\/Mon-offre-Amazon-preferee-du-jour-les-guirlandes-lumineuses.svg.svg+xml\" title=\"Amazon Premier\" alt=\"Amazon Premier\">\n            <\/div>\n<\/p><\/div>\n<\/div>\n<p>Avant de commencer \u00e0 utiliser des guirlandes lumineuses intelligentes, je devais brancher et d\u00e9brancher manuellement mes lumi\u00e8res chaque fois que je voulais les utiliser. Je devrais aussi les changer pour les vacances, ce qui \u00e9tait p\u00e9nible. Les lumi\u00e8res intelligentes peuvent s&rsquo;allumer selon une routine d\u00e9finie (comme la programmer pour s&rsquo;allumer et s&rsquo;\u00e9teindre au coucher et au lever du soleil), peuvent \u00eatre contr\u00f4l\u00e9es \u00e0 distance avec des assistants vocaux via votre haut-parleur intelligent, et certaines peuvent changer de couleur pour s&rsquo;adapter \u00e0 diff\u00e9rentes humeurs ou vacances. J&rsquo;ai pu faire tout cela (et plus encore) avec les Govee Outdoor String Lights 2.<\/p>\n<p>L&rsquo;application de Govee est bien con\u00e7ue et c&rsquo;est ce qui la distingue de ses concurrents. Il propose toutes sortes d\u2019options de couleurs \u00e0 choisir pour la lumi\u00e8re ambiante, ainsi que des th\u00e8mes. Vous pouvez configurer des motifs de lumi\u00e8res de No\u00ebl rouges et vertes ou des lumi\u00e8res d&rsquo;Halloween clignotantes et effrayantes. Une fonctionnalit\u00e9 que j&rsquo;ai utilis\u00e9e \u00e0 de nombreuses reprises est le mode musique, qui est essentiellement un mode f\u00eate qui se synchronise avec votre musique via l&rsquo;application Govee pour vibrer au rythme. Les guirlandes lumineuses sont \u00e9tanches et devraient fournir 25 000 heures de lumi\u00e8re (soit pr\u00e8s de trois ans).<\/p>\n<p>Si cela vous semble amusant, assurez-vous de mesurer correctement la distance dont vous avez besoin\u00a0; obtenir des lumi\u00e8res suppl\u00e9mentaires co\u00fbte cher et vous devrez d\u00e9terminer o\u00f9 placer les ampoules suppl\u00e9mentaires. <\/p>\n","protected":false},"excerpt":{"rendered":"<p>Ces guirlandes lumineuses intelligentes fonctionnent avec Google et Amazon et sont \u00e0 41 % de r\u00e9duction. Je suis fan des lumi\u00e8res ext\u00e9rieures. J&rsquo;en ai essay\u00e9<\/p>\n","protected":false},"author":1,"featured_media":4140,"comment_status":"","ping_status":"","sticky":false,"template":"","format":"standard","meta":{"footnotes":""},"categories":[40],"tags":[51,322,2941,4588,2170,53,14,4589,49,50,52],"class_list":["post-4139","post","type-post","status-publish","format-standard","has-post-thumbnail","hentry","category-maison","tag-amazon","tag-dexterieur","tag-govee","tag-guirlandes","tag-intelligentes","tag-jour","tag-les","tag-lumineuses","tag-mon","tag-offre","tag-preferee","generate-columns","tablet-grid-50","mobile-grid-100","grid-parent","grid-33"],"yoast_head":"<!-- This site is optimized with the Yoast SEO plugin v24.0 - https:\/\/yoast.com\/wordpress\/plugins\/seo\/ -->\n<title>Mon offre Amazon pr\u00e9f\u00e9r\u00e9e du jour : les guirlandes lumineuses d&#039;ext\u00e9rieur intelligentes Govee 2 | Vie Associative<\/title>\n<meta name=\"robots\" content=\"index, follow, max-snippet:-1, max-image-preview:large, max-video-preview:-1\" \/>\n<link rel=\"canonical\" href=\"https:\/\/vieassociative.be\/actualites\/mon-offre-amazon-preferee-du-jour-les-guirlandes-lumineuses-dexterieur-intelligentes-govee-2\/\" \/>\n<meta property=\"og:locale\" content=\"fr_FR\" \/>\n<meta property=\"og:type\" content=\"article\" \/>\n<meta property=\"og:title\" content=\"Mon offre Amazon pr\u00e9f\u00e9r\u00e9e du jour : les guirlandes lumineuses d&#039;ext\u00e9rieur intelligentes Govee 2 | Vie Associative\" \/>\n<meta property=\"og:description\" content=\"Ces guirlandes lumineuses intelligentes fonctionnent avec Google et Amazon et sont \u00e0 41 % de r\u00e9duction. Je suis fan des lumi\u00e8res ext\u00e9rieures. J&rsquo;en ai essay\u00e9\" \/>\n<meta property=\"og:url\" content=\"https:\/\/vieassociative.be\/actualites\/mon-offre-amazon-preferee-du-jour-les-guirlandes-lumineuses-dexterieur-intelligentes-govee-2\/\" \/>\n<meta property=\"og:site_name\" content=\"Vie Associative\" \/>\n<meta property=\"article:published_time\" content=\"2025-01-07T19:17:32+00:00\" \/>\n<meta property=\"og:image\" content=\"https:\/\/vieassociative.be\/actualites\/wp-content\/uploads\/2025\/01\/Mon-offre-Amazon-preferee-du-jour-les-guirlandes-lumineuses.svg.svg+xml\" \/>\n<meta name=\"author\" content=\"Julien\" \/>\n<meta name=\"twitter:card\" content=\"summary_large_image\" \/>\n<meta name=\"twitter:label1\" content=\"\u00c9crit par\" \/>\n\t<meta name=\"twitter:data1\" content=\"Julien\" \/>\n\t<meta name=\"twitter:label2\" content=\"Dur\u00e9e de lecture est.\" \/>\n\t<meta name=\"twitter:data2\" content=\"3 minutes\" \/>\n<script type=\"application\/ld+json\" class=\"yoast-schema-graph\">{\"@context\":\"https:\/\/schema.org\",\"@graph\":[{\"@type\":\"Article\",\"@id\":\"https:\/\/vieassociative.be\/actualites\/mon-offre-amazon-preferee-du-jour-les-guirlandes-lumineuses-dexterieur-intelligentes-govee-2\/#article\",\"isPartOf\":{\"@id\":\"https:\/\/vieassociative.be\/actualites\/mon-offre-amazon-preferee-du-jour-les-guirlandes-lumineuses-dexterieur-intelligentes-govee-2\/\"},\"author\":{\"name\":\"Julien\",\"@id\":\"https:\/\/vieassociative.be\/actualites\/#\/schema\/person\/b87ac4f82f9d4e7b7cec7395b679edc4\"},\"headline\":\"Mon offre Amazon pr\u00e9f\u00e9r\u00e9e du jour : les guirlandes lumineuses d&rsquo;ext\u00e9rieur intelligentes Govee 2\",\"datePublished\":\"2025-01-07T19:17:32+00:00\",\"dateModified\":\"2025-01-07T19:17:32+00:00\",\"mainEntityOfPage\":{\"@id\":\"https:\/\/vieassociative.be\/actualites\/mon-offre-amazon-preferee-du-jour-les-guirlandes-lumineuses-dexterieur-intelligentes-govee-2\/\"},\"wordCount\":557,\"publisher\":{\"@id\":\"https:\/\/vieassociative.be\/actualites\/#organization\"},\"image\":{\"@id\":\"https:\/\/vieassociative.be\/actualites\/mon-offre-amazon-preferee-du-jour-les-guirlandes-lumineuses-dexterieur-intelligentes-govee-2\/#primaryimage\"},\"thumbnailUrl\":\"https:\/\/vieassociative.be\/actualites\/wp-content\/uploads\/2025\/01\/Mon-offre-Amazon-preferee-du-jour-les-guirlandes-lumineuses.png\",\"keywords\":[\"Amazon\",\"dext\u00e9rieur\",\"Govee\",\"guirlandes\",\"intelligentes\",\"jour\",\"Les\",\"lumineuses\",\"Mon\",\"offre\",\"pr\u00e9f\u00e9r\u00e9e\"],\"articleSection\":[\"Maison\"],\"inLanguage\":\"fr-BE\"},{\"@type\":\"WebPage\",\"@id\":\"https:\/\/vieassociative.be\/actualites\/mon-offre-amazon-preferee-du-jour-les-guirlandes-lumineuses-dexterieur-intelligentes-govee-2\/\",\"url\":\"https:\/\/vieassociative.be\/actualites\/mon-offre-amazon-preferee-du-jour-les-guirlandes-lumineuses-dexterieur-intelligentes-govee-2\/\",\"name\":\"Mon offre Amazon pr\u00e9f\u00e9r\u00e9e du jour : les guirlandes lumineuses d'ext\u00e9rieur intelligentes Govee 2 | Vie Associative\",\"isPartOf\":{\"@id\":\"https:\/\/vieassociative.be\/actualites\/#website\"},\"primaryImageOfPage\":{\"@id\":\"https:\/\/vieassociative.be\/actualites\/mon-offre-amazon-preferee-du-jour-les-guirlandes-lumineuses-dexterieur-intelligentes-govee-2\/#primaryimage\"},\"image\":{\"@id\":\"https:\/\/vieassociative.be\/actualites\/mon-offre-amazon-preferee-du-jour-les-guirlandes-lumineuses-dexterieur-intelligentes-govee-2\/#primaryimage\"},\"thumbnailUrl\":\"https:\/\/vieassociative.be\/actualites\/wp-content\/uploads\/2025\/01\/Mon-offre-Amazon-preferee-du-jour-les-guirlandes-lumineuses.png\",\"datePublished\":\"2025-01-07T19:17:32+00:00\",\"dateModified\":\"2025-01-07T19:17:32+00:00\",\"breadcrumb\":{\"@id\":\"https:\/\/vieassociative.be\/actualites\/mon-offre-amazon-preferee-du-jour-les-guirlandes-lumineuses-dexterieur-intelligentes-govee-2\/#breadcrumb\"},\"inLanguage\":\"fr-BE\",\"potentialAction\":[{\"@type\":\"ReadAction\",\"target\":[\"https:\/\/vieassociative.be\/actualites\/mon-offre-amazon-preferee-du-jour-les-guirlandes-lumineuses-dexterieur-intelligentes-govee-2\/\"]}]},{\"@type\":\"ImageObject\",\"inLanguage\":\"fr-BE\",\"@id\":\"https:\/\/vieassociative.be\/actualites\/mon-offre-amazon-preferee-du-jour-les-guirlandes-lumineuses-dexterieur-intelligentes-govee-2\/#primaryimage\",\"url\":\"https:\/\/vieassociative.be\/actualites\/wp-content\/uploads\/2025\/01\/Mon-offre-Amazon-preferee-du-jour-les-guirlandes-lumineuses.png\",\"contentUrl\":\"https:\/\/vieassociative.be\/actualites\/wp-content\/uploads\/2025\/01\/Mon-offre-Amazon-preferee-du-jour-les-guirlandes-lumineuses.png\",\"width\":1200,\"height\":675,\"caption\":\"Mon offre Amazon pr\u00e9f\u00e9r\u00e9e du jour : les guirlandes lumineuses d'ext\u00e9rieur intelligentes Govee 2\"},{\"@type\":\"BreadcrumbList\",\"@id\":\"https:\/\/vieassociative.be\/actualites\/mon-offre-amazon-preferee-du-jour-les-guirlandes-lumineuses-dexterieur-intelligentes-govee-2\/#breadcrumb\",\"itemListElement\":[{\"@type\":\"ListItem\",\"position\":1,\"name\":\"Accueil\",\"item\":\"https:\/\/vieassociative.be\/actualites\/\"},{\"@type\":\"ListItem\",\"position\":2,\"name\":\"Mon offre Amazon pr\u00e9f\u00e9r\u00e9e du jour : les guirlandes lumineuses d&rsquo;ext\u00e9rieur intelligentes Govee 2\"}]},{\"@type\":\"WebSite\",\"@id\":\"https:\/\/vieassociative.be\/actualites\/#website\",\"url\":\"https:\/\/vieassociative.be\/actualites\/\",\"name\":\"Vie Associative\",\"description\":\"\",\"publisher\":{\"@id\":\"https:\/\/vieassociative.be\/actualites\/#organization\"},\"potentialAction\":[{\"@type\":\"SearchAction\",\"target\":{\"@type\":\"EntryPoint\",\"urlTemplate\":\"https:\/\/vieassociative.be\/actualites\/?s={search_term_string}\"},\"query-input\":{\"@type\":\"PropertyValueSpecification\",\"valueRequired\":true,\"valueName\":\"search_term_string\"}}],\"inLanguage\":\"fr-BE\"},{\"@type\":\"Organization\",\"@id\":\"https:\/\/vieassociative.be\/actualites\/#organization\",\"name\":\"Vie Associative\",\"url\":\"https:\/\/vieassociative.be\/actualites\/\",\"logo\":{\"@type\":\"ImageObject\",\"inLanguage\":\"fr-BE\",\"@id\":\"https:\/\/vieassociative.be\/actualites\/#\/schema\/logo\/image\/\",\"url\":\"https:\/\/vieassociative.be\/actualites\/wp-content\/uploads\/2024\/09\/cropped-vieassociative_favicon.ico.png\",\"contentUrl\":\"https:\/\/vieassociative.be\/actualites\/wp-content\/uploads\/2024\/09\/cropped-vieassociative_favicon.ico.png\",\"width\":512,\"height\":512,\"caption\":\"Vie Associative\"},\"image\":{\"@id\":\"https:\/\/vieassociative.be\/actualites\/#\/schema\/logo\/image\/\"}},{\"@type\":\"Person\",\"@id\":\"https:\/\/vieassociative.be\/actualites\/#\/schema\/person\/b87ac4f82f9d4e7b7cec7395b679edc4\",\"name\":\"Julien\",\"image\":{\"@type\":\"ImageObject\",\"inLanguage\":\"fr-BE\",\"@id\":\"https:\/\/vieassociative.be\/actualites\/#\/schema\/person\/image\/\",\"url\":\"https:\/\/vieassociative.be\/actualites\/wp-content\/uploads\/2024\/09\/vie-associative-1-150x150.jpg\",\"contentUrl\":\"https:\/\/vieassociative.be\/actualites\/wp-content\/uploads\/2024\/09\/vie-associative-1-150x150.jpg\",\"caption\":\"Julien\"},\"description\":\"Je suis Julien, r\u00e9dacteur pour Vie Associative. Passionn\u00e9 par le monde associatif depuis plus de 10 ans, j'ai \u00e0 c\u0153ur de partager des histoires inspirantes et de mettre en lumi\u00e8re les initiatives locales. Mon objectif est de sensibiliser et d'encourager l'engagement communautaire \u00e0 travers mes articles.\",\"sameAs\":[\"https:\/\/vieassociative.be\/\"]}]}<\/script>\n<!-- \/ Yoast SEO plugin. -->","yoast_head_json":{"title":"Mon offre Amazon pr\u00e9f\u00e9r\u00e9e du jour : les guirlandes lumineuses d'ext\u00e9rieur intelligentes Govee 2 | Vie Associative","robots":{"index":"index","follow":"follow","max-snippet":"max-snippet:-1","max-image-preview":"max-image-preview:large","max-video-preview":"max-video-preview:-1"},"canonical":"https:\/\/vieassociative.be\/actualites\/mon-offre-amazon-preferee-du-jour-les-guirlandes-lumineuses-dexterieur-intelligentes-govee-2\/","og_locale":"fr_FR","og_type":"article","og_title":"Mon offre Amazon pr\u00e9f\u00e9r\u00e9e du jour : les guirlandes lumineuses d'ext\u00e9rieur intelligentes Govee 2 | Vie Associative","og_description":"Ces guirlandes lumineuses intelligentes fonctionnent avec Google et Amazon et sont \u00e0 41 % de r\u00e9duction. Je suis fan des lumi\u00e8res ext\u00e9rieures. J&rsquo;en ai essay\u00e9","og_url":"https:\/\/vieassociative.be\/actualites\/mon-offre-amazon-preferee-du-jour-les-guirlandes-lumineuses-dexterieur-intelligentes-govee-2\/","og_site_name":"Vie Associative","article_published_time":"2025-01-07T19:17:32+00:00","og_image":[{"url":"https:\/\/vieassociative.be\/actualites\/wp-content\/uploads\/2025\/01\/Mon-offre-Amazon-preferee-du-jour-les-guirlandes-lumineuses.svg.svg+xml","type":"","width":"","height":""}],"author":"Julien","twitter_card":"summary_large_image","twitter_misc":{"\u00c9crit par":"Julien","Dur\u00e9e de lecture est.":"3 minutes"},"schema":{"@context":"https:\/\/schema.org","@graph":[{"@type":"Article","@id":"https:\/\/vieassociative.be\/actualites\/mon-offre-amazon-preferee-du-jour-les-guirlandes-lumineuses-dexterieur-intelligentes-govee-2\/#article","isPartOf":{"@id":"https:\/\/vieassociative.be\/actualites\/mon-offre-amazon-preferee-du-jour-les-guirlandes-lumineuses-dexterieur-intelligentes-govee-2\/"},"author":{"name":"Julien","@id":"https:\/\/vieassociative.be\/actualites\/#\/schema\/person\/b87ac4f82f9d4e7b7cec7395b679edc4"},"headline":"Mon offre Amazon pr\u00e9f\u00e9r\u00e9e du jour : les guirlandes lumineuses d&rsquo;ext\u00e9rieur intelligentes Govee 2","datePublished":"2025-01-07T19:17:32+00:00","dateModified":"2025-01-07T19:17:32+00:00","mainEntityOfPage":{"@id":"https:\/\/vieassociative.be\/actualites\/mon-offre-amazon-preferee-du-jour-les-guirlandes-lumineuses-dexterieur-intelligentes-govee-2\/"},"wordCount":557,"publisher":{"@id":"https:\/\/vieassociative.be\/actualites\/#organization"},"image":{"@id":"https:\/\/vieassociative.be\/actualites\/mon-offre-amazon-preferee-du-jour-les-guirlandes-lumineuses-dexterieur-intelligentes-govee-2\/#primaryimage"},"thumbnailUrl":"https:\/\/vieassociative.be\/actualites\/wp-content\/uploads\/2025\/01\/Mon-offre-Amazon-preferee-du-jour-les-guirlandes-lumineuses.png","keywords":["Amazon","dext\u00e9rieur","Govee","guirlandes","intelligentes","jour","Les","lumineuses","Mon","offre","pr\u00e9f\u00e9r\u00e9e"],"articleSection":["Maison"],"inLanguage":"fr-BE"},{"@type":"WebPage","@id":"https:\/\/vieassociative.be\/actualites\/mon-offre-amazon-preferee-du-jour-les-guirlandes-lumineuses-dexterieur-intelligentes-govee-2\/","url":"https:\/\/vieassociative.be\/actualites\/mon-offre-amazon-preferee-du-jour-les-guirlandes-lumineuses-dexterieur-intelligentes-govee-2\/","name":"Mon offre Amazon pr\u00e9f\u00e9r\u00e9e du jour : les guirlandes lumineuses d'ext\u00e9rieur intelligentes Govee 2 | Vie Associative","isPartOf":{"@id":"https:\/\/vieassociative.be\/actualites\/#website"},"primaryImageOfPage":{"@id":"https:\/\/vieassociative.be\/actualites\/mon-offre-amazon-preferee-du-jour-les-guirlandes-lumineuses-dexterieur-intelligentes-govee-2\/#primaryimage"},"image":{"@id":"https:\/\/vieassociative.be\/actualites\/mon-offre-amazon-preferee-du-jour-les-guirlandes-lumineuses-dexterieur-intelligentes-govee-2\/#primaryimage"},"thumbnailUrl":"https:\/\/vieassociative.be\/actualites\/wp-content\/uploads\/2025\/01\/Mon-offre-Amazon-preferee-du-jour-les-guirlandes-lumineuses.png","datePublished":"2025-01-07T19:17:32+00:00","dateModified":"2025-01-07T19:17:32+00:00","breadcrumb":{"@id":"https:\/\/vieassociative.be\/actualites\/mon-offre-amazon-preferee-du-jour-les-guirlandes-lumineuses-dexterieur-intelligentes-govee-2\/#breadcrumb"},"inLanguage":"fr-BE","potentialAction":[{"@type":"ReadAction","target":["https:\/\/vieassociative.be\/actualites\/mon-offre-amazon-preferee-du-jour-les-guirlandes-lumineuses-dexterieur-intelligentes-govee-2\/"]}]},{"@type":"ImageObject","inLanguage":"fr-BE","@id":"https:\/\/vieassociative.be\/actualites\/mon-offre-amazon-preferee-du-jour-les-guirlandes-lumineuses-dexterieur-intelligentes-govee-2\/#primaryimage","url":"https:\/\/vieassociative.be\/actualites\/wp-content\/uploads\/2025\/01\/Mon-offre-Amazon-preferee-du-jour-les-guirlandes-lumineuses.png","contentUrl":"https:\/\/vieassociative.be\/actualites\/wp-content\/uploads\/2025\/01\/Mon-offre-Amazon-preferee-du-jour-les-guirlandes-lumineuses.png","width":1200,"height":675,"caption":"Mon offre Amazon pr\u00e9f\u00e9r\u00e9e du jour : les guirlandes lumineuses d'ext\u00e9rieur intelligentes Govee 2"},{"@type":"BreadcrumbList","@id":"https:\/\/vieassociative.be\/actualites\/mon-offre-amazon-preferee-du-jour-les-guirlandes-lumineuses-dexterieur-intelligentes-govee-2\/#breadcrumb","itemListElement":[{"@type":"ListItem","position":1,"name":"Accueil","item":"https:\/\/vieassociative.be\/actualites\/"},{"@type":"ListItem","position":2,"name":"Mon offre Amazon pr\u00e9f\u00e9r\u00e9e du jour : les guirlandes lumineuses d&rsquo;ext\u00e9rieur intelligentes Govee 2"}]},{"@type":"WebSite","@id":"https:\/\/vieassociative.be\/actualites\/#website","url":"https:\/\/vieassociative.be\/actualites\/","name":"Vie Associative","description":"","publisher":{"@id":"https:\/\/vieassociative.be\/actualites\/#organization"},"potentialAction":[{"@type":"SearchAction","target":{"@type":"EntryPoint","urlTemplate":"https:\/\/vieassociative.be\/actualites\/?s={search_term_string}"},"query-input":{"@type":"PropertyValueSpecification","valueRequired":true,"valueName":"search_term_string"}}],"inLanguage":"fr-BE"},{"@type":"Organization","@id":"https:\/\/vieassociative.be\/actualites\/#organization","name":"Vie Associative","url":"https:\/\/vieassociative.be\/actualites\/","logo":{"@type":"ImageObject","inLanguage":"fr-BE","@id":"https:\/\/vieassociative.be\/actualites\/#\/schema\/logo\/image\/","url":"https:\/\/vieassociative.be\/actualites\/wp-content\/uploads\/2024\/09\/cropped-vieassociative_favicon.ico.png","contentUrl":"https:\/\/vieassociative.be\/actualites\/wp-content\/uploads\/2024\/09\/cropped-vieassociative_favicon.ico.png","width":512,"height":512,"caption":"Vie Associative"},"image":{"@id":"https:\/\/vieassociative.be\/actualites\/#\/schema\/logo\/image\/"}},{"@type":"Person","@id":"https:\/\/vieassociative.be\/actualites\/#\/schema\/person\/b87ac4f82f9d4e7b7cec7395b679edc4","name":"Julien","image":{"@type":"ImageObject","inLanguage":"fr-BE","@id":"https:\/\/vieassociative.be\/actualites\/#\/schema\/person\/image\/","url":"https:\/\/vieassociative.be\/actualites\/wp-content\/uploads\/2024\/09\/vie-associative-1-150x150.jpg","contentUrl":"https:\/\/vieassociative.be\/actualites\/wp-content\/uploads\/2024\/09\/vie-associative-1-150x150.jpg","caption":"Julien"},"description":"Je suis Julien, r\u00e9dacteur pour Vie Associative. Passionn\u00e9 par le monde associatif depuis plus de 10 ans, j'ai \u00e0 c\u0153ur de partager des histoires inspirantes et de mettre en lumi\u00e8re les initiatives locales. Mon objectif est de sensibiliser et d'encourager l'engagement communautaire \u00e0 travers mes articles.","sameAs":["https:\/\/vieassociative.be\/"]}]}},"_links":{"self":[{"href":"https:\/\/vieassociative.be\/actualites\/wp-json\/wp\/v2\/posts\/4139"}],"collection":[{"href":"https:\/\/vieassociative.be\/actualites\/wp-json\/wp\/v2\/posts"}],"about":[{"href":"https:\/\/vieassociative.be\/actualites\/wp-json\/wp\/v2\/types\/post"}],"author":[{"embeddable":true,"href":"https:\/\/vieassociative.be\/actualites\/wp-json\/wp\/v2\/users\/1"}],"replies":[{"embeddable":true,"href":"https:\/\/vieassociative.be\/actualites\/wp-json\/wp\/v2\/comments?post=4139"}],"version-history":[{"count":0,"href":"https:\/\/vieassociative.be\/actualites\/wp-json\/wp\/v2\/posts\/4139\/revisions"}],"wp:featuredmedia":[{"embeddable":true,"href":"https:\/\/vieassociative.be\/actualites\/wp-json\/wp\/v2\/media\/4140"}],"wp:attachment":[{"href":"https:\/\/vieassociative.be\/actualites\/wp-json\/wp\/v2\/media?parent=4139"}],"wp:term":[{"taxonomy":"category","embeddable":true,"href":"https:\/\/vieassociative.be\/actualites\/wp-json\/wp\/v2\/categories?post=4139"},{"taxonomy":"post_tag","embeddable":true,"href":"https:\/\/vieassociative.be\/actualites\/wp-json\/wp\/v2\/tags?post=4139"}],"curies":[{"name":"wp","href":"https:\/\/api.w.org\/{rel}","templated":true}]}}