{"id":4137,"date":"2025-01-07T19:17:27","date_gmt":"2025-01-07T18:17:27","guid":{"rendered":"https:\/\/vieassociative.be\/actualites\/ces-2025-le-tout-nouveau-capteur-de-presence-daqara-maintient-les-lumieres-allumees-mieux-quun-detecteur-de-mouvement\/"},"modified":"2025-01-07T19:17:27","modified_gmt":"2025-01-07T18:17:27","slug":"ces-2025-le-tout-nouveau-capteur-de-presence-daqara-maintient-les-lumieres-allumees-mieux-quun-detecteur-de-mouvement","status":"publish","type":"post","link":"https:\/\/vieassociative.be\/actualites\/ces-2025-le-tout-nouveau-capteur-de-presence-daqara-maintient-les-lumieres-allumees-mieux-quun-detecteur-de-mouvement\/","title":{"rendered":"CES 2025\u00a0: le tout nouveau \u00ab\u00a0capteur de pr\u00e9sence\u00a0\u00bb d&rsquo;Aqara maintient les lumi\u00e8res allum\u00e9es mieux qu&rsquo;un d\u00e9tecteur de mouvement"},"content":{"rendered":"<div class=\"mt-4 leading-6 md:mb-8\">Un capteur de pr\u00e9sence utilise la technologie radar \u00e0 ondes pour balayer une pi\u00e8ce \u00e0 la recherche du moindre mouvement.<\/div>\n<p><\/p>\n<p>L\u2019un des premiers capteurs les plus courants que les gens ach\u00e8tent pour leur maison est un capteur de mouvement. Mais dans presque tous les cas, vous voulez un <em>pr\u00e9sence<\/em> capteur \u00e0 la place. Celui que je voudrais est le FP300, qu&rsquo;Aqara a lanc\u00e9 aujourd&rsquo;hui au CES 2025. <\/p>\n<p>Les capteurs de mouvement sont d\u00e9clench\u00e9s par les changements de lumi\u00e8re. Lorsque les gens traversent une pi\u00e8ce, la lumi\u00e8re change et un capteur de mouvement se d\u00e9clenche ; tant que les gens bougent suffisamment, un capteur de mouvement fonctionne bien. Mais quiconque travaille dans un bureau ou une biblioth\u00e8que tard le soir sait que si vous ne bougez pas suffisamment, les d\u00e9tecteurs de mouvement ne peuvent pas vous percevoir dans la pi\u00e8ce, et si l&rsquo;\u00e9clairage d\u00e9pend du d\u00e9clenchement par le mouvement, vous finirez par assis dans le noir. <\/p>\n<p>Un capteur de pr\u00e9sence utilise la technologie du radar \u00e0 ondes pour balayer une pi\u00e8ce, \u00e0 la recherche du moindre mouvement, et non des gestes larges qui seraient capt\u00e9s par un capteur de mouvement. Si vous respirez, le capteur de pr\u00e9sence le d\u00e9tectera. Il peut m\u00eame d\u00e9tecter si quelqu&rsquo;un est tomb\u00e9 au sol. Ils sont \u00e9galement tr\u00e8s dou\u00e9s pour faire la diff\u00e9rence entre les animaux de compagnie et les humains. Tout type d&rsquo;automatisation reposant sur la d\u00e9tection de la pr\u00e9sence de personnes dans la pi\u00e8ce serait probablement mieux servi par un capteur de pr\u00e9sence que par un capteur de mouvement. Du point de vue de l&rsquo;utilisateur, ils fonctionnent de la m\u00eame mani\u00e8re : vous montez le capteur en hauteur sur un mur ou au plafond et lui demandez une automatisation pour utiliser le mouvement comme d\u00e9clencheur. Ce capteur fonctionnera avec Alexa, Apple Home, Google Home, Home Assistant, Homey et SmartThings.<\/p>\n<p>Aqara a invent\u00e9 le capteur de pr\u00e9sence, le FP1, en 2021. Ils ont sorti le FP2 en 2023. \u00c0 chaque fois, Aqara a remport\u00e9 des prix aupr\u00e8s de grands organismes, dont l&rsquo;IFA et le CES. Les deux capteurs de pr\u00e9sence pr\u00e9c\u00e9dents fonctionnent si bien que l\u2019annonce de la sortie d\u2019un nouveau capteur m\u2019a surpris. Que pourraient-ils ajouter \u00e0 la fonctionnalit\u00e9\u00a0? <\/p>\n<p>Eh bien, le FP3 repose sur une batterie, et m\u00eame si cela peut para\u00eetre petit, ce n&rsquo;est pas le cas. La plupart des capteurs utilisent encore une alimentation continue, ce qui signifie une prise ; Je n&rsquo;ai jamais vu de capteurs de mouvement ou de pr\u00e9sence sans fil. Pour la quantit\u00e9 d&rsquo;action qu&rsquo;ils voient, ils ont g\u00e9n\u00e9ralement besoin d&rsquo;un afflux constant d&rsquo;\u00e9lectricit\u00e9, mais avoir un cordon n&rsquo;est pas pratique pour monter un capteur l\u00e0 o\u00f9 il doit \u00eatre. <\/p>\n<p>C&rsquo;est pourquoi ces capteurs ne sont pas utilis\u00e9s aussi souvent qu&rsquo;ils pourraient l&rsquo;\u00eatre : les cordons sont p\u00e9nibles. Un capteur sans fil est donc tr\u00e8s important s\u2019il fonctionne bien. Vous ne voulez pas avoir \u00e0 le recharger tous les mois ou \u00e0 le d\u00e9monter et \u00e0 changer les piles. Aqara affirme que la batterie durera deux ans.  <\/p>\n<p>Il y a d&rsquo;autres am\u00e9liorations en plus de la batterie. Le FP300 est compatible avec Matter et prend \u00e9galement en charge Threads et Zigbee ; avec ce type de support multiplateforme, il devrait \u00eatre utilisable dans les prochaines ann\u00e9es. Aqara a d\u00e9ploy\u00e9 de nombreuses technologies sensorielles sur cette technologie pour d\u00e9tecter ce qui se passe \u00e0 moins de 20 pieds du capteur\u00a0: mmWave (une s\u00e9rie d&rsquo;ondes radio), infrarouge passif, capteurs de lumi\u00e8re, de temp\u00e9rature et d&rsquo;humidit\u00e9.<\/p>\n<p>Aqara est, \u00e0 mon avis, la meilleure entreprise de capteurs, avec la plus large biblioth\u00e8que de capteurs pour maisons intelligentes. Ce sont \u00e9galement les capteurs les plus fiables que j\u2019ai test\u00e9s ; l&rsquo;application est bien con\u00e7ue et les capteurs sont faciles \u00e0 coupler et commencent imm\u00e9diatement \u00e0 \u00eatre utilis\u00e9s. J&rsquo;ai h\u00e2te de tester ce capteur particulier, mais je n&rsquo;ai pas encore de date de sortie ni de prix.<\/p>\n","protected":false},"excerpt":{"rendered":"<p>Un capteur de pr\u00e9sence utilise la technologie radar \u00e0 ondes pour balayer une pi\u00e8ce \u00e0 la recherche du moindre mouvement. L\u2019un des premiers capteurs les<\/p>\n","protected":false},"author":1,"featured_media":4138,"comment_status":"","ping_status":"","sticky":false,"template":"","format":"standard","meta":{"footnotes":""},"categories":[13],"tags":[4585,1526,248,4583,4586,14,1331,4584,1503,4587,553,4582,1185,236],"class_list":["post-4137","post","type-post","status-publish","format-standard","has-post-thumbnail","hentry","category-technologie","tag-allumees","tag-capteur","tag-ces","tag-daqara","tag-detecteur","tag-les","tag-lumieres","tag-maintient","tag-mieux","tag-mouvement","tag-nouveau","tag-presence","tag-quun","tag-tout","generate-columns","tablet-grid-50","mobile-grid-100","grid-parent","grid-33"],"yoast_head":"<!-- This site is optimized with the Yoast SEO plugin v24.0 - https:\/\/yoast.com\/wordpress\/plugins\/seo\/ -->\n<title>CES 2025\u00a0: le tout nouveau \u00ab\u00a0capteur de pr\u00e9sence\u00a0\u00bb d&#039;Aqara maintient les lumi\u00e8res allum\u00e9es mieux qu&#039;un d\u00e9tecteur de mouvement | Vie Associative<\/title>\n<meta name=\"robots\" content=\"index, follow, max-snippet:-1, max-image-preview:large, max-video-preview:-1\" \/>\n<link rel=\"canonical\" href=\"https:\/\/vieassociative.be\/actualites\/ces-2025-le-tout-nouveau-capteur-de-presence-daqara-maintient-les-lumieres-allumees-mieux-quun-detecteur-de-mouvement\/\" \/>\n<meta property=\"og:locale\" content=\"fr_FR\" \/>\n<meta property=\"og:type\" content=\"article\" \/>\n<meta property=\"og:title\" content=\"CES 2025\u00a0: le tout nouveau \u00ab\u00a0capteur de pr\u00e9sence\u00a0\u00bb d&#039;Aqara maintient les lumi\u00e8res allum\u00e9es mieux qu&#039;un d\u00e9tecteur de mouvement | Vie Associative\" \/>\n<meta property=\"og:description\" content=\"Un capteur de pr\u00e9sence utilise la technologie radar \u00e0 ondes pour balayer une pi\u00e8ce \u00e0 la recherche du moindre mouvement. L\u2019un des premiers capteurs les\" \/>\n<meta property=\"og:url\" content=\"https:\/\/vieassociative.be\/actualites\/ces-2025-le-tout-nouveau-capteur-de-presence-daqara-maintient-les-lumieres-allumees-mieux-quun-detecteur-de-mouvement\/\" \/>\n<meta property=\"og:site_name\" content=\"Vie Associative\" \/>\n<meta property=\"article:published_time\" content=\"2025-01-07T18:17:27+00:00\" \/>\n<meta property=\"og:image\" content=\"https:\/\/vieassociative.be\/actualites\/wp-content\/uploads\/2024\/09\/header_backgroundk-01-e1726694325946.png\" \/>\n\t<meta property=\"og:image:width\" content=\"279\" \/>\n\t<meta property=\"og:image:height\" content=\"92\" \/>\n\t<meta property=\"og:image:type\" content=\"image\/png\" \/>\n<meta name=\"author\" content=\"Julien\" \/>\n<meta name=\"twitter:card\" content=\"summary_large_image\" \/>\n<meta name=\"twitter:label1\" content=\"\u00c9crit par\" \/>\n\t<meta name=\"twitter:data1\" content=\"Julien\" \/>\n\t<meta name=\"twitter:label2\" content=\"Dur\u00e9e de lecture est.\" \/>\n\t<meta name=\"twitter:data2\" content=\"3 minutes\" \/>\n<script type=\"application\/ld+json\" class=\"yoast-schema-graph\">{\"@context\":\"https:\/\/schema.org\",\"@graph\":[{\"@type\":\"Article\",\"@id\":\"https:\/\/vieassociative.be\/actualites\/ces-2025-le-tout-nouveau-capteur-de-presence-daqara-maintient-les-lumieres-allumees-mieux-quun-detecteur-de-mouvement\/#article\",\"isPartOf\":{\"@id\":\"https:\/\/vieassociative.be\/actualites\/ces-2025-le-tout-nouveau-capteur-de-presence-daqara-maintient-les-lumieres-allumees-mieux-quun-detecteur-de-mouvement\/\"},\"author\":{\"name\":\"Julien\",\"@id\":\"https:\/\/vieassociative.be\/actualites\/#\/schema\/person\/b87ac4f82f9d4e7b7cec7395b679edc4\"},\"headline\":\"CES 2025\u00a0: le tout nouveau \u00ab\u00a0capteur de pr\u00e9sence\u00a0\u00bb d&rsquo;Aqara maintient les lumi\u00e8res allum\u00e9es mieux qu&rsquo;un d\u00e9tecteur de mouvement\",\"datePublished\":\"2025-01-07T18:17:27+00:00\",\"dateModified\":\"2025-01-07T18:17:27+00:00\",\"mainEntityOfPage\":{\"@id\":\"https:\/\/vieassociative.be\/actualites\/ces-2025-le-tout-nouveau-capteur-de-presence-daqara-maintient-les-lumieres-allumees-mieux-quun-detecteur-de-mouvement\/\"},\"wordCount\":731,\"publisher\":{\"@id\":\"https:\/\/vieassociative.be\/actualites\/#organization\"},\"image\":{\"@id\":\"https:\/\/vieassociative.be\/actualites\/ces-2025-le-tout-nouveau-capteur-de-presence-daqara-maintient-les-lumieres-allumees-mieux-quun-detecteur-de-mouvement\/#primaryimage\"},\"thumbnailUrl\":\"https:\/\/vieassociative.be\/actualites\/wp-content\/uploads\/2025\/01\/CES-2025-le-tout-nouveau-capteur-de-presence-dAqara-maintient.jpg\",\"keywords\":[\"allum\u00e9es\",\"capteur\",\"ces\",\"dAqara\",\"d\u00e9tecteur\",\"Les\",\"lumi\u00e8res\",\"maintient\",\"mieux\",\"mouvement\",\"nouveau\",\"pr\u00e9sence\",\"quun\",\"tout\"],\"articleSection\":[\"Technologie\"],\"inLanguage\":\"fr-BE\"},{\"@type\":\"WebPage\",\"@id\":\"https:\/\/vieassociative.be\/actualites\/ces-2025-le-tout-nouveau-capteur-de-presence-daqara-maintient-les-lumieres-allumees-mieux-quun-detecteur-de-mouvement\/\",\"url\":\"https:\/\/vieassociative.be\/actualites\/ces-2025-le-tout-nouveau-capteur-de-presence-daqara-maintient-les-lumieres-allumees-mieux-quun-detecteur-de-mouvement\/\",\"name\":\"CES 2025\u00a0: le tout nouveau \u00ab\u00a0capteur de pr\u00e9sence\u00a0\u00bb d'Aqara maintient les lumi\u00e8res allum\u00e9es mieux qu'un d\u00e9tecteur de mouvement | Vie Associative\",\"isPartOf\":{\"@id\":\"https:\/\/vieassociative.be\/actualites\/#website\"},\"primaryImageOfPage\":{\"@id\":\"https:\/\/vieassociative.be\/actualites\/ces-2025-le-tout-nouveau-capteur-de-presence-daqara-maintient-les-lumieres-allumees-mieux-quun-detecteur-de-mouvement\/#primaryimage\"},\"image\":{\"@id\":\"https:\/\/vieassociative.be\/actualites\/ces-2025-le-tout-nouveau-capteur-de-presence-daqara-maintient-les-lumieres-allumees-mieux-quun-detecteur-de-mouvement\/#primaryimage\"},\"thumbnailUrl\":\"https:\/\/vieassociative.be\/actualites\/wp-content\/uploads\/2025\/01\/CES-2025-le-tout-nouveau-capteur-de-presence-dAqara-maintient.jpg\",\"datePublished\":\"2025-01-07T18:17:27+00:00\",\"dateModified\":\"2025-01-07T18:17:27+00:00\",\"breadcrumb\":{\"@id\":\"https:\/\/vieassociative.be\/actualites\/ces-2025-le-tout-nouveau-capteur-de-presence-daqara-maintient-les-lumieres-allumees-mieux-quun-detecteur-de-mouvement\/#breadcrumb\"},\"inLanguage\":\"fr-BE\",\"potentialAction\":[{\"@type\":\"ReadAction\",\"target\":[\"https:\/\/vieassociative.be\/actualites\/ces-2025-le-tout-nouveau-capteur-de-presence-daqara-maintient-les-lumieres-allumees-mieux-quun-detecteur-de-mouvement\/\"]}]},{\"@type\":\"ImageObject\",\"inLanguage\":\"fr-BE\",\"@id\":\"https:\/\/vieassociative.be\/actualites\/ces-2025-le-tout-nouveau-capteur-de-presence-daqara-maintient-les-lumieres-allumees-mieux-quun-detecteur-de-mouvement\/#primaryimage\",\"url\":\"https:\/\/vieassociative.be\/actualites\/wp-content\/uploads\/2025\/01\/CES-2025-le-tout-nouveau-capteur-de-presence-dAqara-maintient.jpg\",\"contentUrl\":\"https:\/\/vieassociative.be\/actualites\/wp-content\/uploads\/2025\/01\/CES-2025-le-tout-nouveau-capteur-de-presence-dAqara-maintient.jpg\",\"width\":1200,\"height\":675,\"caption\":\"CES 2025\u00a0: le tout nouveau \u00ab\u00a0capteur de pr\u00e9sence\u00a0\u00bb d'Aqara maintient les lumi\u00e8res allum\u00e9es mieux qu'un d\u00e9tecteur de mouvement\"},{\"@type\":\"BreadcrumbList\",\"@id\":\"https:\/\/vieassociative.be\/actualites\/ces-2025-le-tout-nouveau-capteur-de-presence-daqara-maintient-les-lumieres-allumees-mieux-quun-detecteur-de-mouvement\/#breadcrumb\",\"itemListElement\":[{\"@type\":\"ListItem\",\"position\":1,\"name\":\"Accueil\",\"item\":\"https:\/\/vieassociative.be\/actualites\/\"},{\"@type\":\"ListItem\",\"position\":2,\"name\":\"CES 2025\u00a0: le tout nouveau \u00ab\u00a0capteur de pr\u00e9sence\u00a0\u00bb d&rsquo;Aqara maintient les lumi\u00e8res allum\u00e9es mieux qu&rsquo;un d\u00e9tecteur de mouvement\"}]},{\"@type\":\"WebSite\",\"@id\":\"https:\/\/vieassociative.be\/actualites\/#website\",\"url\":\"https:\/\/vieassociative.be\/actualites\/\",\"name\":\"Vie Associative\",\"description\":\"\",\"publisher\":{\"@id\":\"https:\/\/vieassociative.be\/actualites\/#organization\"},\"potentialAction\":[{\"@type\":\"SearchAction\",\"target\":{\"@type\":\"EntryPoint\",\"urlTemplate\":\"https:\/\/vieassociative.be\/actualites\/?s={search_term_string}\"},\"query-input\":{\"@type\":\"PropertyValueSpecification\",\"valueRequired\":true,\"valueName\":\"search_term_string\"}}],\"inLanguage\":\"fr-BE\"},{\"@type\":\"Organization\",\"@id\":\"https:\/\/vieassociative.be\/actualites\/#organization\",\"name\":\"Vie Associative\",\"url\":\"https:\/\/vieassociative.be\/actualites\/\",\"logo\":{\"@type\":\"ImageObject\",\"inLanguage\":\"fr-BE\",\"@id\":\"https:\/\/vieassociative.be\/actualites\/#\/schema\/logo\/image\/\",\"url\":\"https:\/\/vieassociative.be\/actualites\/wp-content\/uploads\/2024\/09\/cropped-vieassociative_favicon.ico.png\",\"contentUrl\":\"https:\/\/vieassociative.be\/actualites\/wp-content\/uploads\/2024\/09\/cropped-vieassociative_favicon.ico.png\",\"width\":512,\"height\":512,\"caption\":\"Vie Associative\"},\"image\":{\"@id\":\"https:\/\/vieassociative.be\/actualites\/#\/schema\/logo\/image\/\"}},{\"@type\":\"Person\",\"@id\":\"https:\/\/vieassociative.be\/actualites\/#\/schema\/person\/b87ac4f82f9d4e7b7cec7395b679edc4\",\"name\":\"Julien\",\"image\":{\"@type\":\"ImageObject\",\"inLanguage\":\"fr-BE\",\"@id\":\"https:\/\/vieassociative.be\/actualites\/#\/schema\/person\/image\/\",\"url\":\"https:\/\/vieassociative.be\/actualites\/wp-content\/uploads\/2024\/09\/vie-associative-1-150x150.jpg\",\"contentUrl\":\"https:\/\/vieassociative.be\/actualites\/wp-content\/uploads\/2024\/09\/vie-associative-1-150x150.jpg\",\"caption\":\"Julien\"},\"description\":\"Je suis Julien, r\u00e9dacteur pour Vie Associative. Passionn\u00e9 par le monde associatif depuis plus de 10 ans, j'ai \u00e0 c\u0153ur de partager des histoires inspirantes et de mettre en lumi\u00e8re les initiatives locales. Mon objectif est de sensibiliser et d'encourager l'engagement communautaire \u00e0 travers mes articles.\",\"sameAs\":[\"https:\/\/vieassociative.be\/\"]}]}<\/script>\n<!-- \/ Yoast SEO plugin. -->","yoast_head_json":{"title":"CES 2025\u00a0: le tout nouveau \u00ab\u00a0capteur de pr\u00e9sence\u00a0\u00bb d'Aqara maintient les lumi\u00e8res allum\u00e9es mieux qu'un d\u00e9tecteur de mouvement | Vie Associative","robots":{"index":"index","follow":"follow","max-snippet":"max-snippet:-1","max-image-preview":"max-image-preview:large","max-video-preview":"max-video-preview:-1"},"canonical":"https:\/\/vieassociative.be\/actualites\/ces-2025-le-tout-nouveau-capteur-de-presence-daqara-maintient-les-lumieres-allumees-mieux-quun-detecteur-de-mouvement\/","og_locale":"fr_FR","og_type":"article","og_title":"CES 2025\u00a0: le tout nouveau \u00ab\u00a0capteur de pr\u00e9sence\u00a0\u00bb d'Aqara maintient les lumi\u00e8res allum\u00e9es mieux qu'un d\u00e9tecteur de mouvement | Vie Associative","og_description":"Un capteur de pr\u00e9sence utilise la technologie radar \u00e0 ondes pour balayer une pi\u00e8ce \u00e0 la recherche du moindre mouvement. L\u2019un des premiers capteurs les","og_url":"https:\/\/vieassociative.be\/actualites\/ces-2025-le-tout-nouveau-capteur-de-presence-daqara-maintient-les-lumieres-allumees-mieux-quun-detecteur-de-mouvement\/","og_site_name":"Vie Associative","article_published_time":"2025-01-07T18:17:27+00:00","og_image":[{"width":279,"height":92,"url":"https:\/\/vieassociative.be\/actualites\/wp-content\/uploads\/2024\/09\/header_backgroundk-01-e1726694325946.png","type":"image\/png"}],"author":"Julien","twitter_card":"summary_large_image","twitter_misc":{"\u00c9crit par":"Julien","Dur\u00e9e de lecture est.":"3 minutes"},"schema":{"@context":"https:\/\/schema.org","@graph":[{"@type":"Article","@id":"https:\/\/vieassociative.be\/actualites\/ces-2025-le-tout-nouveau-capteur-de-presence-daqara-maintient-les-lumieres-allumees-mieux-quun-detecteur-de-mouvement\/#article","isPartOf":{"@id":"https:\/\/vieassociative.be\/actualites\/ces-2025-le-tout-nouveau-capteur-de-presence-daqara-maintient-les-lumieres-allumees-mieux-quun-detecteur-de-mouvement\/"},"author":{"name":"Julien","@id":"https:\/\/vieassociative.be\/actualites\/#\/schema\/person\/b87ac4f82f9d4e7b7cec7395b679edc4"},"headline":"CES 2025\u00a0: le tout nouveau \u00ab\u00a0capteur de pr\u00e9sence\u00a0\u00bb d&rsquo;Aqara maintient les lumi\u00e8res allum\u00e9es mieux qu&rsquo;un d\u00e9tecteur de mouvement","datePublished":"2025-01-07T18:17:27+00:00","dateModified":"2025-01-07T18:17:27+00:00","mainEntityOfPage":{"@id":"https:\/\/vieassociative.be\/actualites\/ces-2025-le-tout-nouveau-capteur-de-presence-daqara-maintient-les-lumieres-allumees-mieux-quun-detecteur-de-mouvement\/"},"wordCount":731,"publisher":{"@id":"https:\/\/vieassociative.be\/actualites\/#organization"},"image":{"@id":"https:\/\/vieassociative.be\/actualites\/ces-2025-le-tout-nouveau-capteur-de-presence-daqara-maintient-les-lumieres-allumees-mieux-quun-detecteur-de-mouvement\/#primaryimage"},"thumbnailUrl":"https:\/\/vieassociative.be\/actualites\/wp-content\/uploads\/2025\/01\/CES-2025-le-tout-nouveau-capteur-de-presence-dAqara-maintient.jpg","keywords":["allum\u00e9es","capteur","ces","dAqara","d\u00e9tecteur","Les","lumi\u00e8res","maintient","mieux","mouvement","nouveau","pr\u00e9sence","quun","tout"],"articleSection":["Technologie"],"inLanguage":"fr-BE"},{"@type":"WebPage","@id":"https:\/\/vieassociative.be\/actualites\/ces-2025-le-tout-nouveau-capteur-de-presence-daqara-maintient-les-lumieres-allumees-mieux-quun-detecteur-de-mouvement\/","url":"https:\/\/vieassociative.be\/actualites\/ces-2025-le-tout-nouveau-capteur-de-presence-daqara-maintient-les-lumieres-allumees-mieux-quun-detecteur-de-mouvement\/","name":"CES 2025\u00a0: le tout nouveau \u00ab\u00a0capteur de pr\u00e9sence\u00a0\u00bb d'Aqara maintient les lumi\u00e8res allum\u00e9es mieux qu'un d\u00e9tecteur de mouvement | Vie Associative","isPartOf":{"@id":"https:\/\/vieassociative.be\/actualites\/#website"},"primaryImageOfPage":{"@id":"https:\/\/vieassociative.be\/actualites\/ces-2025-le-tout-nouveau-capteur-de-presence-daqara-maintient-les-lumieres-allumees-mieux-quun-detecteur-de-mouvement\/#primaryimage"},"image":{"@id":"https:\/\/vieassociative.be\/actualites\/ces-2025-le-tout-nouveau-capteur-de-presence-daqara-maintient-les-lumieres-allumees-mieux-quun-detecteur-de-mouvement\/#primaryimage"},"thumbnailUrl":"https:\/\/vieassociative.be\/actualites\/wp-content\/uploads\/2025\/01\/CES-2025-le-tout-nouveau-capteur-de-presence-dAqara-maintient.jpg","datePublished":"2025-01-07T18:17:27+00:00","dateModified":"2025-01-07T18:17:27+00:00","breadcrumb":{"@id":"https:\/\/vieassociative.be\/actualites\/ces-2025-le-tout-nouveau-capteur-de-presence-daqara-maintient-les-lumieres-allumees-mieux-quun-detecteur-de-mouvement\/#breadcrumb"},"inLanguage":"fr-BE","potentialAction":[{"@type":"ReadAction","target":["https:\/\/vieassociative.be\/actualites\/ces-2025-le-tout-nouveau-capteur-de-presence-daqara-maintient-les-lumieres-allumees-mieux-quun-detecteur-de-mouvement\/"]}]},{"@type":"ImageObject","inLanguage":"fr-BE","@id":"https:\/\/vieassociative.be\/actualites\/ces-2025-le-tout-nouveau-capteur-de-presence-daqara-maintient-les-lumieres-allumees-mieux-quun-detecteur-de-mouvement\/#primaryimage","url":"https:\/\/vieassociative.be\/actualites\/wp-content\/uploads\/2025\/01\/CES-2025-le-tout-nouveau-capteur-de-presence-dAqara-maintient.jpg","contentUrl":"https:\/\/vieassociative.be\/actualites\/wp-content\/uploads\/2025\/01\/CES-2025-le-tout-nouveau-capteur-de-presence-dAqara-maintient.jpg","width":1200,"height":675,"caption":"CES 2025\u00a0: le tout nouveau \u00ab\u00a0capteur de pr\u00e9sence\u00a0\u00bb d'Aqara maintient les lumi\u00e8res allum\u00e9es mieux qu'un d\u00e9tecteur de mouvement"},{"@type":"BreadcrumbList","@id":"https:\/\/vieassociative.be\/actualites\/ces-2025-le-tout-nouveau-capteur-de-presence-daqara-maintient-les-lumieres-allumees-mieux-quun-detecteur-de-mouvement\/#breadcrumb","itemListElement":[{"@type":"ListItem","position":1,"name":"Accueil","item":"https:\/\/vieassociative.be\/actualites\/"},{"@type":"ListItem","position":2,"name":"CES 2025\u00a0: le tout nouveau \u00ab\u00a0capteur de pr\u00e9sence\u00a0\u00bb d&rsquo;Aqara maintient les lumi\u00e8res allum\u00e9es mieux qu&rsquo;un d\u00e9tecteur de mouvement"}]},{"@type":"WebSite","@id":"https:\/\/vieassociative.be\/actualites\/#website","url":"https:\/\/vieassociative.be\/actualites\/","name":"Vie Associative","description":"","publisher":{"@id":"https:\/\/vieassociative.be\/actualites\/#organization"},"potentialAction":[{"@type":"SearchAction","target":{"@type":"EntryPoint","urlTemplate":"https:\/\/vieassociative.be\/actualites\/?s={search_term_string}"},"query-input":{"@type":"PropertyValueSpecification","valueRequired":true,"valueName":"search_term_string"}}],"inLanguage":"fr-BE"},{"@type":"Organization","@id":"https:\/\/vieassociative.be\/actualites\/#organization","name":"Vie Associative","url":"https:\/\/vieassociative.be\/actualites\/","logo":{"@type":"ImageObject","inLanguage":"fr-BE","@id":"https:\/\/vieassociative.be\/actualites\/#\/schema\/logo\/image\/","url":"https:\/\/vieassociative.be\/actualites\/wp-content\/uploads\/2024\/09\/cropped-vieassociative_favicon.ico.png","contentUrl":"https:\/\/vieassociative.be\/actualites\/wp-content\/uploads\/2024\/09\/cropped-vieassociative_favicon.ico.png","width":512,"height":512,"caption":"Vie Associative"},"image":{"@id":"https:\/\/vieassociative.be\/actualites\/#\/schema\/logo\/image\/"}},{"@type":"Person","@id":"https:\/\/vieassociative.be\/actualites\/#\/schema\/person\/b87ac4f82f9d4e7b7cec7395b679edc4","name":"Julien","image":{"@type":"ImageObject","inLanguage":"fr-BE","@id":"https:\/\/vieassociative.be\/actualites\/#\/schema\/person\/image\/","url":"https:\/\/vieassociative.be\/actualites\/wp-content\/uploads\/2024\/09\/vie-associative-1-150x150.jpg","contentUrl":"https:\/\/vieassociative.be\/actualites\/wp-content\/uploads\/2024\/09\/vie-associative-1-150x150.jpg","caption":"Julien"},"description":"Je suis Julien, r\u00e9dacteur pour Vie Associative. Passionn\u00e9 par le monde associatif depuis plus de 10 ans, j'ai \u00e0 c\u0153ur de partager des histoires inspirantes et de mettre en lumi\u00e8re les initiatives locales. Mon objectif est de sensibiliser et d'encourager l'engagement communautaire \u00e0 travers mes articles.","sameAs":["https:\/\/vieassociative.be\/"]}]}},"_links":{"self":[{"href":"https:\/\/vieassociative.be\/actualites\/wp-json\/wp\/v2\/posts\/4137"}],"collection":[{"href":"https:\/\/vieassociative.be\/actualites\/wp-json\/wp\/v2\/posts"}],"about":[{"href":"https:\/\/vieassociative.be\/actualites\/wp-json\/wp\/v2\/types\/post"}],"author":[{"embeddable":true,"href":"https:\/\/vieassociative.be\/actualites\/wp-json\/wp\/v2\/users\/1"}],"replies":[{"embeddable":true,"href":"https:\/\/vieassociative.be\/actualites\/wp-json\/wp\/v2\/comments?post=4137"}],"version-history":[{"count":0,"href":"https:\/\/vieassociative.be\/actualites\/wp-json\/wp\/v2\/posts\/4137\/revisions"}],"wp:featuredmedia":[{"embeddable":true,"href":"https:\/\/vieassociative.be\/actualites\/wp-json\/wp\/v2\/media\/4138"}],"wp:attachment":[{"href":"https:\/\/vieassociative.be\/actualites\/wp-json\/wp\/v2\/media?parent=4137"}],"wp:term":[{"taxonomy":"category","embeddable":true,"href":"https:\/\/vieassociative.be\/actualites\/wp-json\/wp\/v2\/categories?post=4137"},{"taxonomy":"post_tag","embeddable":true,"href":"https:\/\/vieassociative.be\/actualites\/wp-json\/wp\/v2\/tags?post=4137"}],"curies":[{"name":"wp","href":"https:\/\/api.w.org\/{rel}","templated":true}]}}