{"id":4132,"date":"2025-01-07T15:17:29","date_gmt":"2025-01-07T14:17:29","guid":{"rendered":"https:\/\/vieassociative.be\/actualites\/jean-marie-le-pen-fondateur-du-front-national-est-mort\/"},"modified":"2025-01-07T15:17:29","modified_gmt":"2025-01-07T14:17:29","slug":"jean-marie-le-pen-fondateur-du-front-national-est-mort","status":"publish","type":"post","link":"https:\/\/vieassociative.be\/actualites\/jean-marie-le-pen-fondateur-du-front-national-est-mort\/","title":{"rendered":"Jean-Marie Le Pen, fondateur du Front National, est mort"},"content":{"rendered":"<p><strong>Pendant des d\u00e9cennies, il a fa\u00e7onn\u00e9 la politique fran\u00e7aise par des provocations lapidaires. Mais au final, les \u00e9checs de Jean-Marie Le Pen ont \u00e9t\u00e9 de trop pour son propre parti et pour sa fille Marine.<\/strong><\/p>\n<p><span id=\"more-405723\"><\/span>L&rsquo;extr\u00e9miste de droite fran\u00e7ais Jean-Marie Le Pen est mort Le fondateur du parti d\u00e9sormais rebaptis\u00e9 Front National (FN) est d\u00e9c\u00e9d\u00e9 \u00e0 l&rsquo;\u00e2ge de 96 ans, a rapport\u00e9 l&rsquo;agence de presse fran\u00e7aise AFP, citant la famille de Le Pen. Le chef du parti d\u00e9sormais rebaptis\u00e9 Rassemblement National, Jordan Bardella, a \u00e9galement \u00e9crit sur X que Jean-Marie Le Pen \u00e9tait d\u00e9c\u00e9d\u00e9.<\/p>\n<div id=\"attachment_405727\" class=\"wp-caption alignleft\" style=\"max-width: 300px\"><img fetchpriority=\"high\" decoding=\"async\" class=\"wp-image-405727 size-medium\" src=\"https:\/\/vieassociative.be\/actualites\/wp-content\/uploads\/2025\/01\/Jean-Marie-Le-Pen-fondateur-du-Front-National-est-mort.jpg\" alt=\"\" width=\"300\" height=\"199\"><\/p>\n<p class=\"wp-caption-text\">05\/01\/2012, France, Paris : Jean-Marie Le Pen (r), fondateur et ancien pr\u00e9sident du Front National (FN), et sa fille Marine, alors pr\u00e9sidente du FN, participent \u00e0 l&rsquo;assembl\u00e9e annuelle du Front National Manifestation du 1er mai. Photo : photo alliance \/ dpa<\/p>\n<\/div>\n<p>Le Pen, qui a maintenant \u00e9t\u00e9 exclu du parti, a fait la une des journaux au cours de ses derni\u00e8res ann\u00e9es, principalement \u00e0 cause de sa querelle politique en cours avec sa fille Marine Le Pen. La populiste de droite a rompu politiquement avec son p\u00e8re apr\u00e8s que celui-ci ait contrecarr\u00e9 \u00e0 plusieurs reprises sa strat\u00e9gie d\u2019apparence plus mod\u00e9r\u00e9e. Sous sa direction, le FN s&rsquo;est rebaptis\u00e9 Rassemblement National en 2018.<\/p>\n<p><b>\u2013 Le Pen a fait la grandeur du Front National : <\/b>Jean-Marie Le Pen a cofond\u00e9 le parti de droite en 1972 et l&rsquo;a dirig\u00e9 pendant pr\u00e8s de quatre d\u00e9cennies. Pendant cette p\u00e9riode, il a transform\u00e9 le FN d\u2019un groupe dissident en une force politique s\u00e9rieuse. Il a eu recours \u00e0 des provocations lapidaires pour attiser les sentiments contre les immigr\u00e9s. Sa fille Marine Le Pen lui a succ\u00e9d\u00e9 \u00e0 la direction du parti en 2011 et travaille depuis avec succ\u00e8s \u00e0 \u00ab d\u00e9-diaboliser \u00bb le parti.<\/p>\n<p>Le FN a finalement expuls\u00e9 Jean-Marie Le Pen en 2015 apr\u00e8s avoir banalis\u00e9 \u00e0 plusieurs reprises les chambres \u00e0 gaz nazies en les qualifiant de \u00ab d\u00e9tail de l\u2019histoire \u00bb de la Seconde Guerre mondiale. Il s\u2019est d\u00e9fendu avec amertume, a accus\u00e9 sa fille de \u00ab trahison \u00bb et l\u2019a attaqu\u00e9e publiquement \u00e0 plusieurs reprises. Devant le tribunal, il a obtenu qu&rsquo;il soit initialement autoris\u00e9 \u00e0 conserver le titre de pr\u00e9sident d&rsquo;honneur. Cependant, cela a \u00e9t\u00e9 annul\u00e9 par la suite.<\/p>\n<div id=\"attachment_405728\" class=\"wp-caption alignleft\" style=\"max-width: 300px\"><img decoding=\"async\" class=\"wp-image-405728 size-medium\" src=\"https:\/\/vieassociative.be\/actualites\/wp-content\/uploads\/2025\/01\/1736259449_404_Jean-Marie-Le-Pen-fondateur-du-Front-National-est-mort.jpg\" alt=\"\" width=\"300\" height=\"200\"><\/p>\n<p class=\"wp-caption-text\">12 mai 1985, France, Paris : le fondateur et ancien pr\u00e9sident du Front national fran\u00e7ais, Jean Marie Le Pen (2e \u00e0 partir de la droite), marche avec ses trois filles Marie Caroline, Yann et Marine Le Pen jusqu&rsquo;\u00e0 la statue de Jeanne d&rsquo;Arc . Photo : Herv\u00e9 Merliac\/AP\/dpa<\/p>\n<\/div>\n<p><b>\u2013 Multiples condamnations pour incitation \u00e0 la haine :<\/b> Jean-Marie Le Pen est n\u00e9 en 1928, fils d&rsquo;un p\u00eacheur breton et d&rsquo;une couturi\u00e8re. Apr\u00e8s des \u00e9tudes de droit et de politique, il rejoint la L\u00e9gion \u00e9trang\u00e8re fran\u00e7aise. Il a \u00e9t\u00e9 accus\u00e9 \u00e0 plusieurs reprises d&rsquo;avoir tortur\u00e9 des prisonniers pendant la guerre d&rsquo;Alg\u00e9rie (1954-1962), mais il a lui-m\u00eame rejet\u00e9 cette affirmation. Il a cependant perdu un proc\u00e8s en diffamation contre le journal \u00ab Le Monde \u00bb en 2003.<\/p>\n<p>Il a \u00e9t\u00e9 reconnu coupable \u00e0 plusieurs reprises de banalisation des crimes nazis et d\u2019incitation \u00e0 la haine. Le Pen a r\u00e9alis\u00e9 son plus grand coup en arrivant deuxi\u00e8me \u00e0 l&rsquo;\u00e9lection pr\u00e9sidentielle de 2002 et en se pr\u00e9sentant contre Jacques Chirac au second tour. Aujourd\u2019hui encore, la France parle du \u00ab choc du 21 avril \u00bb. Lors des \u00e9lections de 2022, les efforts de sa fille pour maintenir une position mod\u00e9r\u00e9e ont abouti \u00e0 des r\u00e9sultats dont son p\u00e8re ne pouvait que r\u00eaver : plus de 40 pour cent au dernier tour de l&rsquo;\u00e9lection pr\u00e9sidentielle et une augmentation consid\u00e9rable des si\u00e8ges parlementaires du parti. (dpa)<\/p>\n","protected":false},"excerpt":{"rendered":"<p>Pendant des d\u00e9cennies, il a fa\u00e7onn\u00e9 la politique fran\u00e7aise par des provocations lapidaires. Mais au final, les \u00e9checs de Jean-Marie Le Pen ont \u00e9t\u00e9 de<\/p>\n","protected":false},"author":1,"featured_media":4133,"comment_status":"","ping_status":"","sticky":false,"template":"","format":"standard","meta":{"footnotes":""},"categories":[298],"tags":[76,4578,4579,4576,1717,4580,4577],"class_list":["post-4132","post","type-post","status-publish","format-standard","has-post-thumbnail","hentry","category-belgique","tag-est","tag-fondateur","tag-front","tag-jeanmarie","tag-mort","tag-national","tag-pen","generate-columns","tablet-grid-50","mobile-grid-100","grid-parent","grid-33"],"yoast_head":"<!-- This site is optimized with the Yoast SEO plugin v24.0 - https:\/\/yoast.com\/wordpress\/plugins\/seo\/ -->\n<title>Jean-Marie Le Pen, fondateur du Front National, est mort | Vie Associative<\/title>\n<meta name=\"robots\" content=\"index, follow, max-snippet:-1, max-image-preview:large, max-video-preview:-1\" \/>\n<link rel=\"canonical\" href=\"https:\/\/vieassociative.be\/actualites\/jean-marie-le-pen-fondateur-du-front-national-est-mort\/\" \/>\n<meta property=\"og:locale\" content=\"fr_FR\" \/>\n<meta property=\"og:type\" content=\"article\" \/>\n<meta property=\"og:title\" content=\"Jean-Marie Le Pen, fondateur du Front National, est mort | Vie Associative\" \/>\n<meta property=\"og:description\" content=\"Pendant des d\u00e9cennies, il a fa\u00e7onn\u00e9 la politique fran\u00e7aise par des provocations lapidaires. Mais au final, les \u00e9checs de Jean-Marie Le Pen ont \u00e9t\u00e9 de\" \/>\n<meta property=\"og:url\" content=\"https:\/\/vieassociative.be\/actualites\/jean-marie-le-pen-fondateur-du-front-national-est-mort\/\" \/>\n<meta property=\"og:site_name\" content=\"Vie Associative\" \/>\n<meta property=\"article:published_time\" content=\"2025-01-07T14:17:29+00:00\" \/>\n<meta property=\"og:image\" content=\"https:\/\/vieassociative.be\/actualites\/wp-content\/uploads\/2024\/09\/header_backgroundk-01-e1726694325946.png\" \/>\n\t<meta property=\"og:image:width\" content=\"279\" \/>\n\t<meta property=\"og:image:height\" content=\"92\" \/>\n\t<meta property=\"og:image:type\" content=\"image\/png\" \/>\n<meta name=\"author\" content=\"Julien\" \/>\n<meta name=\"twitter:card\" content=\"summary_large_image\" \/>\n<meta name=\"twitter:label1\" content=\"\u00c9crit par\" \/>\n\t<meta name=\"twitter:data1\" content=\"Julien\" \/>\n\t<meta name=\"twitter:label2\" content=\"Dur\u00e9e de lecture est.\" \/>\n\t<meta name=\"twitter:data2\" content=\"3 minutes\" \/>\n<script type=\"application\/ld+json\" class=\"yoast-schema-graph\">{\"@context\":\"https:\/\/schema.org\",\"@graph\":[{\"@type\":\"Article\",\"@id\":\"https:\/\/vieassociative.be\/actualites\/jean-marie-le-pen-fondateur-du-front-national-est-mort\/#article\",\"isPartOf\":{\"@id\":\"https:\/\/vieassociative.be\/actualites\/jean-marie-le-pen-fondateur-du-front-national-est-mort\/\"},\"author\":{\"name\":\"Julien\",\"@id\":\"https:\/\/vieassociative.be\/actualites\/#\/schema\/person\/b87ac4f82f9d4e7b7cec7395b679edc4\"},\"headline\":\"Jean-Marie Le Pen, fondateur du Front National, est mort\",\"datePublished\":\"2025-01-07T14:17:29+00:00\",\"dateModified\":\"2025-01-07T14:17:29+00:00\",\"mainEntityOfPage\":{\"@id\":\"https:\/\/vieassociative.be\/actualites\/jean-marie-le-pen-fondateur-du-front-national-est-mort\/\"},\"wordCount\":640,\"publisher\":{\"@id\":\"https:\/\/vieassociative.be\/actualites\/#organization\"},\"image\":{\"@id\":\"https:\/\/vieassociative.be\/actualites\/jean-marie-le-pen-fondateur-du-front-national-est-mort\/#primaryimage\"},\"thumbnailUrl\":\"https:\/\/vieassociative.be\/actualites\/wp-content\/uploads\/2025\/01\/1736259450_Jean-Marie-Le-Pen-fondateur-du-Front-National-est-mort.jpg\",\"keywords\":[\"est\",\"fondateur\",\"Front\",\"JeanMarie\",\"mort\",\"National\",\"Pen\"],\"articleSection\":[\"Belgique\"],\"inLanguage\":\"fr-BE\"},{\"@type\":\"WebPage\",\"@id\":\"https:\/\/vieassociative.be\/actualites\/jean-marie-le-pen-fondateur-du-front-national-est-mort\/\",\"url\":\"https:\/\/vieassociative.be\/actualites\/jean-marie-le-pen-fondateur-du-front-national-est-mort\/\",\"name\":\"Jean-Marie Le Pen, fondateur du Front National, est mort | Vie Associative\",\"isPartOf\":{\"@id\":\"https:\/\/vieassociative.be\/actualites\/#website\"},\"primaryImageOfPage\":{\"@id\":\"https:\/\/vieassociative.be\/actualites\/jean-marie-le-pen-fondateur-du-front-national-est-mort\/#primaryimage\"},\"image\":{\"@id\":\"https:\/\/vieassociative.be\/actualites\/jean-marie-le-pen-fondateur-du-front-national-est-mort\/#primaryimage\"},\"thumbnailUrl\":\"https:\/\/vieassociative.be\/actualites\/wp-content\/uploads\/2025\/01\/1736259450_Jean-Marie-Le-Pen-fondateur-du-Front-National-est-mort.jpg\",\"datePublished\":\"2025-01-07T14:17:29+00:00\",\"dateModified\":\"2025-01-07T14:17:29+00:00\",\"breadcrumb\":{\"@id\":\"https:\/\/vieassociative.be\/actualites\/jean-marie-le-pen-fondateur-du-front-national-est-mort\/#breadcrumb\"},\"inLanguage\":\"fr-BE\",\"potentialAction\":[{\"@type\":\"ReadAction\",\"target\":[\"https:\/\/vieassociative.be\/actualites\/jean-marie-le-pen-fondateur-du-front-national-est-mort\/\"]}]},{\"@type\":\"ImageObject\",\"inLanguage\":\"fr-BE\",\"@id\":\"https:\/\/vieassociative.be\/actualites\/jean-marie-le-pen-fondateur-du-front-national-est-mort\/#primaryimage\",\"url\":\"https:\/\/vieassociative.be\/actualites\/wp-content\/uploads\/2025\/01\/1736259450_Jean-Marie-Le-Pen-fondateur-du-Front-National-est-mort.jpg\",\"contentUrl\":\"https:\/\/vieassociative.be\/actualites\/wp-content\/uploads\/2025\/01\/1736259450_Jean-Marie-Le-Pen-fondateur-du-Front-National-est-mort.jpg\",\"width\":1916,\"height\":1244,\"caption\":\"Jean-Marie Le Pen, fondateur du Front National, est mort\"},{\"@type\":\"BreadcrumbList\",\"@id\":\"https:\/\/vieassociative.be\/actualites\/jean-marie-le-pen-fondateur-du-front-national-est-mort\/#breadcrumb\",\"itemListElement\":[{\"@type\":\"ListItem\",\"position\":1,\"name\":\"Accueil\",\"item\":\"https:\/\/vieassociative.be\/actualites\/\"},{\"@type\":\"ListItem\",\"position\":2,\"name\":\"Jean-Marie Le Pen, fondateur du Front National, est mort\"}]},{\"@type\":\"WebSite\",\"@id\":\"https:\/\/vieassociative.be\/actualites\/#website\",\"url\":\"https:\/\/vieassociative.be\/actualites\/\",\"name\":\"Vie Associative\",\"description\":\"\",\"publisher\":{\"@id\":\"https:\/\/vieassociative.be\/actualites\/#organization\"},\"potentialAction\":[{\"@type\":\"SearchAction\",\"target\":{\"@type\":\"EntryPoint\",\"urlTemplate\":\"https:\/\/vieassociative.be\/actualites\/?s={search_term_string}\"},\"query-input\":{\"@type\":\"PropertyValueSpecification\",\"valueRequired\":true,\"valueName\":\"search_term_string\"}}],\"inLanguage\":\"fr-BE\"},{\"@type\":\"Organization\",\"@id\":\"https:\/\/vieassociative.be\/actualites\/#organization\",\"name\":\"Vie Associative\",\"url\":\"https:\/\/vieassociative.be\/actualites\/\",\"logo\":{\"@type\":\"ImageObject\",\"inLanguage\":\"fr-BE\",\"@id\":\"https:\/\/vieassociative.be\/actualites\/#\/schema\/logo\/image\/\",\"url\":\"https:\/\/vieassociative.be\/actualites\/wp-content\/uploads\/2024\/09\/cropped-vieassociative_favicon.ico.png\",\"contentUrl\":\"https:\/\/vieassociative.be\/actualites\/wp-content\/uploads\/2024\/09\/cropped-vieassociative_favicon.ico.png\",\"width\":512,\"height\":512,\"caption\":\"Vie Associative\"},\"image\":{\"@id\":\"https:\/\/vieassociative.be\/actualites\/#\/schema\/logo\/image\/\"}},{\"@type\":\"Person\",\"@id\":\"https:\/\/vieassociative.be\/actualites\/#\/schema\/person\/b87ac4f82f9d4e7b7cec7395b679edc4\",\"name\":\"Julien\",\"image\":{\"@type\":\"ImageObject\",\"inLanguage\":\"fr-BE\",\"@id\":\"https:\/\/vieassociative.be\/actualites\/#\/schema\/person\/image\/\",\"url\":\"https:\/\/vieassociative.be\/actualites\/wp-content\/uploads\/2024\/09\/vie-associative-1-150x150.jpg\",\"contentUrl\":\"https:\/\/vieassociative.be\/actualites\/wp-content\/uploads\/2024\/09\/vie-associative-1-150x150.jpg\",\"caption\":\"Julien\"},\"description\":\"Je suis Julien, r\u00e9dacteur pour Vie Associative. Passionn\u00e9 par le monde associatif depuis plus de 10 ans, j'ai \u00e0 c\u0153ur de partager des histoires inspirantes et de mettre en lumi\u00e8re les initiatives locales. Mon objectif est de sensibiliser et d'encourager l'engagement communautaire \u00e0 travers mes articles.\",\"sameAs\":[\"https:\/\/vieassociative.be\/\"]}]}<\/script>\n<!-- \/ Yoast SEO plugin. -->","yoast_head_json":{"title":"Jean-Marie Le Pen, fondateur du Front National, est mort | Vie Associative","robots":{"index":"index","follow":"follow","max-snippet":"max-snippet:-1","max-image-preview":"max-image-preview:large","max-video-preview":"max-video-preview:-1"},"canonical":"https:\/\/vieassociative.be\/actualites\/jean-marie-le-pen-fondateur-du-front-national-est-mort\/","og_locale":"fr_FR","og_type":"article","og_title":"Jean-Marie Le Pen, fondateur du Front National, est mort | Vie Associative","og_description":"Pendant des d\u00e9cennies, il a fa\u00e7onn\u00e9 la politique fran\u00e7aise par des provocations lapidaires. Mais au final, les \u00e9checs de Jean-Marie Le Pen ont \u00e9t\u00e9 de","og_url":"https:\/\/vieassociative.be\/actualites\/jean-marie-le-pen-fondateur-du-front-national-est-mort\/","og_site_name":"Vie Associative","article_published_time":"2025-01-07T14:17:29+00:00","og_image":[{"width":279,"height":92,"url":"https:\/\/vieassociative.be\/actualites\/wp-content\/uploads\/2024\/09\/header_backgroundk-01-e1726694325946.png","type":"image\/png"}],"author":"Julien","twitter_card":"summary_large_image","twitter_misc":{"\u00c9crit par":"Julien","Dur\u00e9e de lecture est.":"3 minutes"},"schema":{"@context":"https:\/\/schema.org","@graph":[{"@type":"Article","@id":"https:\/\/vieassociative.be\/actualites\/jean-marie-le-pen-fondateur-du-front-national-est-mort\/#article","isPartOf":{"@id":"https:\/\/vieassociative.be\/actualites\/jean-marie-le-pen-fondateur-du-front-national-est-mort\/"},"author":{"name":"Julien","@id":"https:\/\/vieassociative.be\/actualites\/#\/schema\/person\/b87ac4f82f9d4e7b7cec7395b679edc4"},"headline":"Jean-Marie Le Pen, fondateur du Front National, est mort","datePublished":"2025-01-07T14:17:29+00:00","dateModified":"2025-01-07T14:17:29+00:00","mainEntityOfPage":{"@id":"https:\/\/vieassociative.be\/actualites\/jean-marie-le-pen-fondateur-du-front-national-est-mort\/"},"wordCount":640,"publisher":{"@id":"https:\/\/vieassociative.be\/actualites\/#organization"},"image":{"@id":"https:\/\/vieassociative.be\/actualites\/jean-marie-le-pen-fondateur-du-front-national-est-mort\/#primaryimage"},"thumbnailUrl":"https:\/\/vieassociative.be\/actualites\/wp-content\/uploads\/2025\/01\/1736259450_Jean-Marie-Le-Pen-fondateur-du-Front-National-est-mort.jpg","keywords":["est","fondateur","Front","JeanMarie","mort","National","Pen"],"articleSection":["Belgique"],"inLanguage":"fr-BE"},{"@type":"WebPage","@id":"https:\/\/vieassociative.be\/actualites\/jean-marie-le-pen-fondateur-du-front-national-est-mort\/","url":"https:\/\/vieassociative.be\/actualites\/jean-marie-le-pen-fondateur-du-front-national-est-mort\/","name":"Jean-Marie Le Pen, fondateur du Front National, est mort | Vie Associative","isPartOf":{"@id":"https:\/\/vieassociative.be\/actualites\/#website"},"primaryImageOfPage":{"@id":"https:\/\/vieassociative.be\/actualites\/jean-marie-le-pen-fondateur-du-front-national-est-mort\/#primaryimage"},"image":{"@id":"https:\/\/vieassociative.be\/actualites\/jean-marie-le-pen-fondateur-du-front-national-est-mort\/#primaryimage"},"thumbnailUrl":"https:\/\/vieassociative.be\/actualites\/wp-content\/uploads\/2025\/01\/1736259450_Jean-Marie-Le-Pen-fondateur-du-Front-National-est-mort.jpg","datePublished":"2025-01-07T14:17:29+00:00","dateModified":"2025-01-07T14:17:29+00:00","breadcrumb":{"@id":"https:\/\/vieassociative.be\/actualites\/jean-marie-le-pen-fondateur-du-front-national-est-mort\/#breadcrumb"},"inLanguage":"fr-BE","potentialAction":[{"@type":"ReadAction","target":["https:\/\/vieassociative.be\/actualites\/jean-marie-le-pen-fondateur-du-front-national-est-mort\/"]}]},{"@type":"ImageObject","inLanguage":"fr-BE","@id":"https:\/\/vieassociative.be\/actualites\/jean-marie-le-pen-fondateur-du-front-national-est-mort\/#primaryimage","url":"https:\/\/vieassociative.be\/actualites\/wp-content\/uploads\/2025\/01\/1736259450_Jean-Marie-Le-Pen-fondateur-du-Front-National-est-mort.jpg","contentUrl":"https:\/\/vieassociative.be\/actualites\/wp-content\/uploads\/2025\/01\/1736259450_Jean-Marie-Le-Pen-fondateur-du-Front-National-est-mort.jpg","width":1916,"height":1244,"caption":"Jean-Marie Le Pen, fondateur du Front National, est mort"},{"@type":"BreadcrumbList","@id":"https:\/\/vieassociative.be\/actualites\/jean-marie-le-pen-fondateur-du-front-national-est-mort\/#breadcrumb","itemListElement":[{"@type":"ListItem","position":1,"name":"Accueil","item":"https:\/\/vieassociative.be\/actualites\/"},{"@type":"ListItem","position":2,"name":"Jean-Marie Le Pen, fondateur du Front National, est mort"}]},{"@type":"WebSite","@id":"https:\/\/vieassociative.be\/actualites\/#website","url":"https:\/\/vieassociative.be\/actualites\/","name":"Vie Associative","description":"","publisher":{"@id":"https:\/\/vieassociative.be\/actualites\/#organization"},"potentialAction":[{"@type":"SearchAction","target":{"@type":"EntryPoint","urlTemplate":"https:\/\/vieassociative.be\/actualites\/?s={search_term_string}"},"query-input":{"@type":"PropertyValueSpecification","valueRequired":true,"valueName":"search_term_string"}}],"inLanguage":"fr-BE"},{"@type":"Organization","@id":"https:\/\/vieassociative.be\/actualites\/#organization","name":"Vie Associative","url":"https:\/\/vieassociative.be\/actualites\/","logo":{"@type":"ImageObject","inLanguage":"fr-BE","@id":"https:\/\/vieassociative.be\/actualites\/#\/schema\/logo\/image\/","url":"https:\/\/vieassociative.be\/actualites\/wp-content\/uploads\/2024\/09\/cropped-vieassociative_favicon.ico.png","contentUrl":"https:\/\/vieassociative.be\/actualites\/wp-content\/uploads\/2024\/09\/cropped-vieassociative_favicon.ico.png","width":512,"height":512,"caption":"Vie Associative"},"image":{"@id":"https:\/\/vieassociative.be\/actualites\/#\/schema\/logo\/image\/"}},{"@type":"Person","@id":"https:\/\/vieassociative.be\/actualites\/#\/schema\/person\/b87ac4f82f9d4e7b7cec7395b679edc4","name":"Julien","image":{"@type":"ImageObject","inLanguage":"fr-BE","@id":"https:\/\/vieassociative.be\/actualites\/#\/schema\/person\/image\/","url":"https:\/\/vieassociative.be\/actualites\/wp-content\/uploads\/2024\/09\/vie-associative-1-150x150.jpg","contentUrl":"https:\/\/vieassociative.be\/actualites\/wp-content\/uploads\/2024\/09\/vie-associative-1-150x150.jpg","caption":"Julien"},"description":"Je suis Julien, r\u00e9dacteur pour Vie Associative. Passionn\u00e9 par le monde associatif depuis plus de 10 ans, j'ai \u00e0 c\u0153ur de partager des histoires inspirantes et de mettre en lumi\u00e8re les initiatives locales. Mon objectif est de sensibiliser et d'encourager l'engagement communautaire \u00e0 travers mes articles.","sameAs":["https:\/\/vieassociative.be\/"]}]}},"_links":{"self":[{"href":"https:\/\/vieassociative.be\/actualites\/wp-json\/wp\/v2\/posts\/4132"}],"collection":[{"href":"https:\/\/vieassociative.be\/actualites\/wp-json\/wp\/v2\/posts"}],"about":[{"href":"https:\/\/vieassociative.be\/actualites\/wp-json\/wp\/v2\/types\/post"}],"author":[{"embeddable":true,"href":"https:\/\/vieassociative.be\/actualites\/wp-json\/wp\/v2\/users\/1"}],"replies":[{"embeddable":true,"href":"https:\/\/vieassociative.be\/actualites\/wp-json\/wp\/v2\/comments?post=4132"}],"version-history":[{"count":0,"href":"https:\/\/vieassociative.be\/actualites\/wp-json\/wp\/v2\/posts\/4132\/revisions"}],"wp:featuredmedia":[{"embeddable":true,"href":"https:\/\/vieassociative.be\/actualites\/wp-json\/wp\/v2\/media\/4133"}],"wp:attachment":[{"href":"https:\/\/vieassociative.be\/actualites\/wp-json\/wp\/v2\/media?parent=4132"}],"wp:term":[{"taxonomy":"category","embeddable":true,"href":"https:\/\/vieassociative.be\/actualites\/wp-json\/wp\/v2\/categories?post=4132"},{"taxonomy":"post_tag","embeddable":true,"href":"https:\/\/vieassociative.be\/actualites\/wp-json\/wp\/v2\/tags?post=4132"}],"curies":[{"name":"wp","href":"https:\/\/api.w.org\/{rel}","templated":true}]}}