{"id":4130,"date":"2025-01-07T14:18:01","date_gmt":"2025-01-07T13:18:01","guid":{"rendered":"https:\/\/vieassociative.be\/actualites\/ces-2025-sony-vient-de-reveler-quand-la-saison-deux-de-the-last-of-us-sera-abandonnee\/"},"modified":"2025-01-07T14:18:01","modified_gmt":"2025-01-07T13:18:01","slug":"ces-2025-sony-vient-de-reveler-quand-la-saison-deux-de-the-last-of-us-sera-abandonnee","status":"publish","type":"post","link":"https:\/\/vieassociative.be\/actualites\/ces-2025-sony-vient-de-reveler-quand-la-saison-deux-de-the-last-of-us-sera-abandonnee\/","title":{"rendered":"CES 2025\u00a0: Sony vient de r\u00e9v\u00e9ler quand la saison deux de \u00ab\u00a0The Last of Us\u00a0\u00bb sera abandonn\u00e9e"},"content":{"rendered":"<div class=\"mt-4 leading-6 md:mb-8\">Une surprise, certes, mais bienvenue.<\/div>\n<p><\/p>\n<p>Sony a peut-\u00eatre remport\u00e9 le CES en ce qui me concerne, et l&rsquo;exposition n&rsquo;a m\u00eame pas officiellement commenc\u00e9. <\/p>\n<p>La soci\u00e9t\u00e9 a fait un certain nombre d&rsquo;annonces lors de son grand \u00e9v\u00e9nement m\u00e9diatique CES, notamment des informations sur les prix et la disponibilit\u00e9 de sa tr\u00e8s attendue voiture AFEELA (un partenariat avec Honda). Mais c\u2019est la derni\u00e8re annonce de la soir\u00e9e qui a particuli\u00e8rement retenu mon attention et mon enthousiasme. <\/p>\n<p>Sony nous a tous surpris en accueillant sur sc\u00e8ne Neil Druckmann, directeur du studio Naughty Dog. Druckmann a mentionn\u00e9 le prochain jeu d&rsquo;aventure spatiale du studio, <em>L&rsquo;intergalactique<\/em>,<em> <\/em>mais a ensuite r\u00e9v\u00e9l\u00e9 que la soci\u00e9t\u00e9 avait une petite annonce \u00e0 faire. <\/p>\n<div class=\"eloquent-imagery-image\">\n<div class=\"flex justify-center\">\n                    <img decoding=\"async\" class=\"border border-gray-100\" src=\"https:\/\/vieassociative.be\/actualites\/wp-content\/uploads\/2025\/01\/CES-2025-Sony-vient-de-reveler-quand-la-saison-deux.jpg\" alt=\"Neil Druckmann au Ces\" width=\"2000\" height=\"1500\" loading=\"lazy\"  >\n            <\/div>\n<\/p><\/div>\n<h2 id=\"the-last-of-us-season-two-drops-in-april\">La saison 2 de The Last of Us sort en avril <\/h2>\n<p>Comme on pouvait s&rsquo;y attendre apr\u00e8s l&rsquo;introduction de Neil Druckmann au CES, Sony a pr\u00e9sent\u00e9 un nouveau teaser pour <em>Le dernier d&rsquo;entre nous<\/em> saison deux. Bien s\u00fbr, il y a de nouvelles images que nous n&rsquo;avons pas vues dans la premi\u00e8re bande-annonce de la saison, ainsi que des extraits intrigants des performances de Pedro Pascal, Bella Ramsey, Kaitlyn Dever et Gabriel Luna. Je ne veux pas g\u00e2cher l&rsquo;histoire pour ceux qui n&rsquo;y ont pas jou\u00e9 <em>Le dernier d&rsquo;entre nous, partie II<\/em>mais si vous \u00eates fan de la premi\u00e8re saison, vous allez faire un tour. <\/p>\n<p>Cela dit, le teaser s&rsquo;est termin\u00e9 avec l&rsquo;annonce la plus importante de tous les CES : la saison deux d\u00e9butera en avril. <\/p>\n<div class=\"mx-auto mt-8 w-full max-w-4xl\">\n<div id=\"video-container-ylovT43x3yo\"><\/div>\n<\/div>\n<p>Sony n&rsquo;a pas donn\u00e9 de date exacte pour cette sortie d&rsquo;avril, mais c&rsquo;est plus d&rsquo;informations que nous n&rsquo;en avions auparavant, et je suis l\u00e0 pour cela. Je regarderai ce teaser en boucle jusqu&rsquo;\u00e0 la diffusion de l&rsquo;\u00e9mission. <\/p>\n<h2 id=\"sony-is-turning-more-of-its-games-into-shows-and-movies\">Sony transforme davantage de ses jeux en \u00e9missions et en films<\/h2>\n<p>En plus de <em>Le dernier d&rsquo;entre nous<\/em> deuxi\u00e8me saison, Sony a \u00e9galement annonc\u00e9 un <em>Le fant\u00f4me de Tsushima<\/em> anime, une adaptation cin\u00e9matographique de <em>Helldivers 2<\/em>ainsi qu&rsquo;un <em>Horizon Z\u00e9ro Aube<\/em> long m\u00e9trage, mais ce dernier n\u2019en est qu\u2019aux premiers stades de d\u00e9veloppement. <\/p>\n<p>Sony s&rsquo;investit clairement dans l&rsquo;adaptation de son IP, et je ne leur en veux pas. La soci\u00e9t\u00e9 a vant\u00e9 le succ\u00e8s au box-office de son <em>Inexplor\u00e9<\/em> film, et a not\u00e9 qu&rsquo;il \u00e9tait fier d&rsquo;autres adaptations comme <em>Grand Tourisme<\/em>, <em>M\u00e9tal tordu<\/em>et bien s\u00fbr, <em>Le dernier d&rsquo;entre nous<\/em>. La soci\u00e9t\u00e9 a \u00e9galement rappel\u00e9 au public sa prochaine adaptation cin\u00e9matographique de <em>Jusqu&rsquo;\u00e0 l&rsquo;aube<\/em>montrant un spot film\u00e9 avec l&rsquo;acteur Peter Stormare pour en faire la promotion. <\/p>\n","protected":false},"excerpt":{"rendered":"<p>Une surprise, certes, mais bienvenue. Sony a peut-\u00eatre remport\u00e9 le CES en ce qui me concerne, et l&rsquo;exposition n&rsquo;a m\u00eame pas officiellement commenc\u00e9. La soci\u00e9t\u00e9<\/p>\n","protected":false},"author":1,"featured_media":4131,"comment_status":"","ping_status":"","sticky":false,"template":"","format":"standard","meta":{"footnotes":""},"categories":[36],"tags":[4575,248,114,123,4574,690,3230,2243,1213],"class_list":["post-4130","post","type-post","status-publish","format-standard","has-post-thumbnail","hentry","category-divertissement","tag-abandonnee","tag-ces","tag-deux","tag-quand","tag-reveler","tag-saison","tag-sera","tag-sony","tag-vient","generate-columns","tablet-grid-50","mobile-grid-100","grid-parent","grid-33"],"yoast_head":"<!-- This site is optimized with the Yoast SEO plugin v24.0 - https:\/\/yoast.com\/wordpress\/plugins\/seo\/ -->\n<title>CES 2025\u00a0: Sony vient de r\u00e9v\u00e9ler quand la saison deux de &quot;The Last of Us&quot; sera abandonn\u00e9e | Vie Associative<\/title>\n<meta name=\"robots\" content=\"index, follow, max-snippet:-1, max-image-preview:large, max-video-preview:-1\" \/>\n<link rel=\"canonical\" href=\"https:\/\/vieassociative.be\/actualites\/ces-2025-sony-vient-de-reveler-quand-la-saison-deux-de-the-last-of-us-sera-abandonnee\/\" \/>\n<meta property=\"og:locale\" content=\"fr_FR\" \/>\n<meta property=\"og:type\" content=\"article\" \/>\n<meta property=\"og:title\" content=\"CES 2025\u00a0: Sony vient de r\u00e9v\u00e9ler quand la saison deux de &quot;The Last of Us&quot; sera abandonn\u00e9e | Vie Associative\" \/>\n<meta property=\"og:description\" content=\"Une surprise, certes, mais bienvenue. Sony a peut-\u00eatre remport\u00e9 le CES en ce qui me concerne, et l&rsquo;exposition n&rsquo;a m\u00eame pas officiellement commenc\u00e9. La soci\u00e9t\u00e9\" \/>\n<meta property=\"og:url\" content=\"https:\/\/vieassociative.be\/actualites\/ces-2025-sony-vient-de-reveler-quand-la-saison-deux-de-the-last-of-us-sera-abandonnee\/\" \/>\n<meta property=\"og:site_name\" content=\"Vie Associative\" \/>\n<meta property=\"article:published_time\" content=\"2025-01-07T13:18:01+00:00\" \/>\n<meta property=\"og:image\" content=\"https:\/\/vieassociative.be\/actualites\/wp-content\/uploads\/2025\/01\/CES-2025-Sony-vient-de-reveler-quand-la-saison-deux.jpg\" \/>\n<meta name=\"author\" content=\"Julien\" \/>\n<meta name=\"twitter:card\" content=\"summary_large_image\" \/>\n<meta name=\"twitter:label1\" content=\"\u00c9crit par\" \/>\n\t<meta name=\"twitter:data1\" content=\"Julien\" \/>\n\t<meta name=\"twitter:label2\" content=\"Dur\u00e9e de lecture est.\" \/>\n\t<meta name=\"twitter:data2\" content=\"2 minutes\" \/>\n<script type=\"application\/ld+json\" class=\"yoast-schema-graph\">{\"@context\":\"https:\/\/schema.org\",\"@graph\":[{\"@type\":\"Article\",\"@id\":\"https:\/\/vieassociative.be\/actualites\/ces-2025-sony-vient-de-reveler-quand-la-saison-deux-de-the-last-of-us-sera-abandonnee\/#article\",\"isPartOf\":{\"@id\":\"https:\/\/vieassociative.be\/actualites\/ces-2025-sony-vient-de-reveler-quand-la-saison-deux-de-the-last-of-us-sera-abandonnee\/\"},\"author\":{\"name\":\"Julien\",\"@id\":\"https:\/\/vieassociative.be\/actualites\/#\/schema\/person\/b87ac4f82f9d4e7b7cec7395b679edc4\"},\"headline\":\"CES 2025\u00a0: Sony vient de r\u00e9v\u00e9ler quand la saison deux de \u00ab\u00a0The Last of Us\u00a0\u00bb sera abandonn\u00e9e\",\"datePublished\":\"2025-01-07T13:18:01+00:00\",\"dateModified\":\"2025-01-07T13:18:01+00:00\",\"mainEntityOfPage\":{\"@id\":\"https:\/\/vieassociative.be\/actualites\/ces-2025-sony-vient-de-reveler-quand-la-saison-deux-de-the-last-of-us-sera-abandonnee\/\"},\"wordCount\":482,\"publisher\":{\"@id\":\"https:\/\/vieassociative.be\/actualites\/#organization\"},\"image\":{\"@id\":\"https:\/\/vieassociative.be\/actualites\/ces-2025-sony-vient-de-reveler-quand-la-saison-deux-de-the-last-of-us-sera-abandonnee\/#primaryimage\"},\"thumbnailUrl\":\"https:\/\/vieassociative.be\/actualites\/wp-content\/uploads\/2025\/01\/1736255881_CES-2025-Sony-vient-de-reveler-quand-la-saison-deux.jpg\",\"keywords\":[\"abandonn\u00e9e\",\"ces\",\"deux\",\"Quand\",\"r\u00e9v\u00e9ler\",\"Saison\",\"sera\",\"Sony\",\"vient\"],\"articleSection\":[\"Divertissement\"],\"inLanguage\":\"fr-BE\"},{\"@type\":\"WebPage\",\"@id\":\"https:\/\/vieassociative.be\/actualites\/ces-2025-sony-vient-de-reveler-quand-la-saison-deux-de-the-last-of-us-sera-abandonnee\/\",\"url\":\"https:\/\/vieassociative.be\/actualites\/ces-2025-sony-vient-de-reveler-quand-la-saison-deux-de-the-last-of-us-sera-abandonnee\/\",\"name\":\"CES 2025\u00a0: Sony vient de r\u00e9v\u00e9ler quand la saison deux de \\\"The Last of Us\\\" sera abandonn\u00e9e | Vie Associative\",\"isPartOf\":{\"@id\":\"https:\/\/vieassociative.be\/actualites\/#website\"},\"primaryImageOfPage\":{\"@id\":\"https:\/\/vieassociative.be\/actualites\/ces-2025-sony-vient-de-reveler-quand-la-saison-deux-de-the-last-of-us-sera-abandonnee\/#primaryimage\"},\"image\":{\"@id\":\"https:\/\/vieassociative.be\/actualites\/ces-2025-sony-vient-de-reveler-quand-la-saison-deux-de-the-last-of-us-sera-abandonnee\/#primaryimage\"},\"thumbnailUrl\":\"https:\/\/vieassociative.be\/actualites\/wp-content\/uploads\/2025\/01\/1736255881_CES-2025-Sony-vient-de-reveler-quand-la-saison-deux.jpg\",\"datePublished\":\"2025-01-07T13:18:01+00:00\",\"dateModified\":\"2025-01-07T13:18:01+00:00\",\"breadcrumb\":{\"@id\":\"https:\/\/vieassociative.be\/actualites\/ces-2025-sony-vient-de-reveler-quand-la-saison-deux-de-the-last-of-us-sera-abandonnee\/#breadcrumb\"},\"inLanguage\":\"fr-BE\",\"potentialAction\":[{\"@type\":\"ReadAction\",\"target\":[\"https:\/\/vieassociative.be\/actualites\/ces-2025-sony-vient-de-reveler-quand-la-saison-deux-de-the-last-of-us-sera-abandonnee\/\"]}]},{\"@type\":\"ImageObject\",\"inLanguage\":\"fr-BE\",\"@id\":\"https:\/\/vieassociative.be\/actualites\/ces-2025-sony-vient-de-reveler-quand-la-saison-deux-de-the-last-of-us-sera-abandonnee\/#primaryimage\",\"url\":\"https:\/\/vieassociative.be\/actualites\/wp-content\/uploads\/2025\/01\/1736255881_CES-2025-Sony-vient-de-reveler-quand-la-saison-deux.jpg\",\"contentUrl\":\"https:\/\/vieassociative.be\/actualites\/wp-content\/uploads\/2025\/01\/1736255881_CES-2025-Sony-vient-de-reveler-quand-la-saison-deux.jpg\",\"width\":1200,\"height\":675,\"caption\":\"CES 2025\u00a0: Sony vient de r\u00e9v\u00e9ler quand la saison deux de \\\"The Last of Us\\\" sera abandonn\u00e9e\"},{\"@type\":\"BreadcrumbList\",\"@id\":\"https:\/\/vieassociative.be\/actualites\/ces-2025-sony-vient-de-reveler-quand-la-saison-deux-de-the-last-of-us-sera-abandonnee\/#breadcrumb\",\"itemListElement\":[{\"@type\":\"ListItem\",\"position\":1,\"name\":\"Accueil\",\"item\":\"https:\/\/vieassociative.be\/actualites\/\"},{\"@type\":\"ListItem\",\"position\":2,\"name\":\"CES 2025\u00a0: Sony vient de r\u00e9v\u00e9ler quand la saison deux de \u00ab\u00a0The Last of Us\u00a0\u00bb sera abandonn\u00e9e\"}]},{\"@type\":\"WebSite\",\"@id\":\"https:\/\/vieassociative.be\/actualites\/#website\",\"url\":\"https:\/\/vieassociative.be\/actualites\/\",\"name\":\"Vie Associative\",\"description\":\"\",\"publisher\":{\"@id\":\"https:\/\/vieassociative.be\/actualites\/#organization\"},\"potentialAction\":[{\"@type\":\"SearchAction\",\"target\":{\"@type\":\"EntryPoint\",\"urlTemplate\":\"https:\/\/vieassociative.be\/actualites\/?s={search_term_string}\"},\"query-input\":{\"@type\":\"PropertyValueSpecification\",\"valueRequired\":true,\"valueName\":\"search_term_string\"}}],\"inLanguage\":\"fr-BE\"},{\"@type\":\"Organization\",\"@id\":\"https:\/\/vieassociative.be\/actualites\/#organization\",\"name\":\"Vie Associative\",\"url\":\"https:\/\/vieassociative.be\/actualites\/\",\"logo\":{\"@type\":\"ImageObject\",\"inLanguage\":\"fr-BE\",\"@id\":\"https:\/\/vieassociative.be\/actualites\/#\/schema\/logo\/image\/\",\"url\":\"https:\/\/vieassociative.be\/actualites\/wp-content\/uploads\/2024\/09\/cropped-vieassociative_favicon.ico.png\",\"contentUrl\":\"https:\/\/vieassociative.be\/actualites\/wp-content\/uploads\/2024\/09\/cropped-vieassociative_favicon.ico.png\",\"width\":512,\"height\":512,\"caption\":\"Vie Associative\"},\"image\":{\"@id\":\"https:\/\/vieassociative.be\/actualites\/#\/schema\/logo\/image\/\"}},{\"@type\":\"Person\",\"@id\":\"https:\/\/vieassociative.be\/actualites\/#\/schema\/person\/b87ac4f82f9d4e7b7cec7395b679edc4\",\"name\":\"Julien\",\"image\":{\"@type\":\"ImageObject\",\"inLanguage\":\"fr-BE\",\"@id\":\"https:\/\/vieassociative.be\/actualites\/#\/schema\/person\/image\/\",\"url\":\"https:\/\/vieassociative.be\/actualites\/wp-content\/uploads\/2024\/09\/vie-associative-1-150x150.jpg\",\"contentUrl\":\"https:\/\/vieassociative.be\/actualites\/wp-content\/uploads\/2024\/09\/vie-associative-1-150x150.jpg\",\"caption\":\"Julien\"},\"description\":\"Je suis Julien, r\u00e9dacteur pour Vie Associative. Passionn\u00e9 par le monde associatif depuis plus de 10 ans, j'ai \u00e0 c\u0153ur de partager des histoires inspirantes et de mettre en lumi\u00e8re les initiatives locales. Mon objectif est de sensibiliser et d'encourager l'engagement communautaire \u00e0 travers mes articles.\",\"sameAs\":[\"https:\/\/vieassociative.be\/\"]}]}<\/script>\n<!-- \/ Yoast SEO plugin. -->","yoast_head_json":{"title":"CES 2025\u00a0: Sony vient de r\u00e9v\u00e9ler quand la saison deux de \"The Last of Us\" sera abandonn\u00e9e | Vie Associative","robots":{"index":"index","follow":"follow","max-snippet":"max-snippet:-1","max-image-preview":"max-image-preview:large","max-video-preview":"max-video-preview:-1"},"canonical":"https:\/\/vieassociative.be\/actualites\/ces-2025-sony-vient-de-reveler-quand-la-saison-deux-de-the-last-of-us-sera-abandonnee\/","og_locale":"fr_FR","og_type":"article","og_title":"CES 2025\u00a0: Sony vient de r\u00e9v\u00e9ler quand la saison deux de \"The Last of Us\" sera abandonn\u00e9e | Vie Associative","og_description":"Une surprise, certes, mais bienvenue. Sony a peut-\u00eatre remport\u00e9 le CES en ce qui me concerne, et l&rsquo;exposition n&rsquo;a m\u00eame pas officiellement commenc\u00e9. La soci\u00e9t\u00e9","og_url":"https:\/\/vieassociative.be\/actualites\/ces-2025-sony-vient-de-reveler-quand-la-saison-deux-de-the-last-of-us-sera-abandonnee\/","og_site_name":"Vie Associative","article_published_time":"2025-01-07T13:18:01+00:00","og_image":[{"url":"https:\/\/vieassociative.be\/actualites\/wp-content\/uploads\/2025\/01\/CES-2025-Sony-vient-de-reveler-quand-la-saison-deux.jpg","type":"","width":"","height":""}],"author":"Julien","twitter_card":"summary_large_image","twitter_misc":{"\u00c9crit par":"Julien","Dur\u00e9e de lecture est.":"2 minutes"},"schema":{"@context":"https:\/\/schema.org","@graph":[{"@type":"Article","@id":"https:\/\/vieassociative.be\/actualites\/ces-2025-sony-vient-de-reveler-quand-la-saison-deux-de-the-last-of-us-sera-abandonnee\/#article","isPartOf":{"@id":"https:\/\/vieassociative.be\/actualites\/ces-2025-sony-vient-de-reveler-quand-la-saison-deux-de-the-last-of-us-sera-abandonnee\/"},"author":{"name":"Julien","@id":"https:\/\/vieassociative.be\/actualites\/#\/schema\/person\/b87ac4f82f9d4e7b7cec7395b679edc4"},"headline":"CES 2025\u00a0: Sony vient de r\u00e9v\u00e9ler quand la saison deux de \u00ab\u00a0The Last of Us\u00a0\u00bb sera abandonn\u00e9e","datePublished":"2025-01-07T13:18:01+00:00","dateModified":"2025-01-07T13:18:01+00:00","mainEntityOfPage":{"@id":"https:\/\/vieassociative.be\/actualites\/ces-2025-sony-vient-de-reveler-quand-la-saison-deux-de-the-last-of-us-sera-abandonnee\/"},"wordCount":482,"publisher":{"@id":"https:\/\/vieassociative.be\/actualites\/#organization"},"image":{"@id":"https:\/\/vieassociative.be\/actualites\/ces-2025-sony-vient-de-reveler-quand-la-saison-deux-de-the-last-of-us-sera-abandonnee\/#primaryimage"},"thumbnailUrl":"https:\/\/vieassociative.be\/actualites\/wp-content\/uploads\/2025\/01\/1736255881_CES-2025-Sony-vient-de-reveler-quand-la-saison-deux.jpg","keywords":["abandonn\u00e9e","ces","deux","Quand","r\u00e9v\u00e9ler","Saison","sera","Sony","vient"],"articleSection":["Divertissement"],"inLanguage":"fr-BE"},{"@type":"WebPage","@id":"https:\/\/vieassociative.be\/actualites\/ces-2025-sony-vient-de-reveler-quand-la-saison-deux-de-the-last-of-us-sera-abandonnee\/","url":"https:\/\/vieassociative.be\/actualites\/ces-2025-sony-vient-de-reveler-quand-la-saison-deux-de-the-last-of-us-sera-abandonnee\/","name":"CES 2025\u00a0: Sony vient de r\u00e9v\u00e9ler quand la saison deux de \"The Last of Us\" sera abandonn\u00e9e | Vie Associative","isPartOf":{"@id":"https:\/\/vieassociative.be\/actualites\/#website"},"primaryImageOfPage":{"@id":"https:\/\/vieassociative.be\/actualites\/ces-2025-sony-vient-de-reveler-quand-la-saison-deux-de-the-last-of-us-sera-abandonnee\/#primaryimage"},"image":{"@id":"https:\/\/vieassociative.be\/actualites\/ces-2025-sony-vient-de-reveler-quand-la-saison-deux-de-the-last-of-us-sera-abandonnee\/#primaryimage"},"thumbnailUrl":"https:\/\/vieassociative.be\/actualites\/wp-content\/uploads\/2025\/01\/1736255881_CES-2025-Sony-vient-de-reveler-quand-la-saison-deux.jpg","datePublished":"2025-01-07T13:18:01+00:00","dateModified":"2025-01-07T13:18:01+00:00","breadcrumb":{"@id":"https:\/\/vieassociative.be\/actualites\/ces-2025-sony-vient-de-reveler-quand-la-saison-deux-de-the-last-of-us-sera-abandonnee\/#breadcrumb"},"inLanguage":"fr-BE","potentialAction":[{"@type":"ReadAction","target":["https:\/\/vieassociative.be\/actualites\/ces-2025-sony-vient-de-reveler-quand-la-saison-deux-de-the-last-of-us-sera-abandonnee\/"]}]},{"@type":"ImageObject","inLanguage":"fr-BE","@id":"https:\/\/vieassociative.be\/actualites\/ces-2025-sony-vient-de-reveler-quand-la-saison-deux-de-the-last-of-us-sera-abandonnee\/#primaryimage","url":"https:\/\/vieassociative.be\/actualites\/wp-content\/uploads\/2025\/01\/1736255881_CES-2025-Sony-vient-de-reveler-quand-la-saison-deux.jpg","contentUrl":"https:\/\/vieassociative.be\/actualites\/wp-content\/uploads\/2025\/01\/1736255881_CES-2025-Sony-vient-de-reveler-quand-la-saison-deux.jpg","width":1200,"height":675,"caption":"CES 2025\u00a0: Sony vient de r\u00e9v\u00e9ler quand la saison deux de \"The Last of Us\" sera abandonn\u00e9e"},{"@type":"BreadcrumbList","@id":"https:\/\/vieassociative.be\/actualites\/ces-2025-sony-vient-de-reveler-quand-la-saison-deux-de-the-last-of-us-sera-abandonnee\/#breadcrumb","itemListElement":[{"@type":"ListItem","position":1,"name":"Accueil","item":"https:\/\/vieassociative.be\/actualites\/"},{"@type":"ListItem","position":2,"name":"CES 2025\u00a0: Sony vient de r\u00e9v\u00e9ler quand la saison deux de \u00ab\u00a0The Last of Us\u00a0\u00bb sera abandonn\u00e9e"}]},{"@type":"WebSite","@id":"https:\/\/vieassociative.be\/actualites\/#website","url":"https:\/\/vieassociative.be\/actualites\/","name":"Vie Associative","description":"","publisher":{"@id":"https:\/\/vieassociative.be\/actualites\/#organization"},"potentialAction":[{"@type":"SearchAction","target":{"@type":"EntryPoint","urlTemplate":"https:\/\/vieassociative.be\/actualites\/?s={search_term_string}"},"query-input":{"@type":"PropertyValueSpecification","valueRequired":true,"valueName":"search_term_string"}}],"inLanguage":"fr-BE"},{"@type":"Organization","@id":"https:\/\/vieassociative.be\/actualites\/#organization","name":"Vie Associative","url":"https:\/\/vieassociative.be\/actualites\/","logo":{"@type":"ImageObject","inLanguage":"fr-BE","@id":"https:\/\/vieassociative.be\/actualites\/#\/schema\/logo\/image\/","url":"https:\/\/vieassociative.be\/actualites\/wp-content\/uploads\/2024\/09\/cropped-vieassociative_favicon.ico.png","contentUrl":"https:\/\/vieassociative.be\/actualites\/wp-content\/uploads\/2024\/09\/cropped-vieassociative_favicon.ico.png","width":512,"height":512,"caption":"Vie Associative"},"image":{"@id":"https:\/\/vieassociative.be\/actualites\/#\/schema\/logo\/image\/"}},{"@type":"Person","@id":"https:\/\/vieassociative.be\/actualites\/#\/schema\/person\/b87ac4f82f9d4e7b7cec7395b679edc4","name":"Julien","image":{"@type":"ImageObject","inLanguage":"fr-BE","@id":"https:\/\/vieassociative.be\/actualites\/#\/schema\/person\/image\/","url":"https:\/\/vieassociative.be\/actualites\/wp-content\/uploads\/2024\/09\/vie-associative-1-150x150.jpg","contentUrl":"https:\/\/vieassociative.be\/actualites\/wp-content\/uploads\/2024\/09\/vie-associative-1-150x150.jpg","caption":"Julien"},"description":"Je suis Julien, r\u00e9dacteur pour Vie Associative. Passionn\u00e9 par le monde associatif depuis plus de 10 ans, j'ai \u00e0 c\u0153ur de partager des histoires inspirantes et de mettre en lumi\u00e8re les initiatives locales. Mon objectif est de sensibiliser et d'encourager l'engagement communautaire \u00e0 travers mes articles.","sameAs":["https:\/\/vieassociative.be\/"]}]}},"_links":{"self":[{"href":"https:\/\/vieassociative.be\/actualites\/wp-json\/wp\/v2\/posts\/4130"}],"collection":[{"href":"https:\/\/vieassociative.be\/actualites\/wp-json\/wp\/v2\/posts"}],"about":[{"href":"https:\/\/vieassociative.be\/actualites\/wp-json\/wp\/v2\/types\/post"}],"author":[{"embeddable":true,"href":"https:\/\/vieassociative.be\/actualites\/wp-json\/wp\/v2\/users\/1"}],"replies":[{"embeddable":true,"href":"https:\/\/vieassociative.be\/actualites\/wp-json\/wp\/v2\/comments?post=4130"}],"version-history":[{"count":0,"href":"https:\/\/vieassociative.be\/actualites\/wp-json\/wp\/v2\/posts\/4130\/revisions"}],"wp:featuredmedia":[{"embeddable":true,"href":"https:\/\/vieassociative.be\/actualites\/wp-json\/wp\/v2\/media\/4131"}],"wp:attachment":[{"href":"https:\/\/vieassociative.be\/actualites\/wp-json\/wp\/v2\/media?parent=4130"}],"wp:term":[{"taxonomy":"category","embeddable":true,"href":"https:\/\/vieassociative.be\/actualites\/wp-json\/wp\/v2\/categories?post=4130"},{"taxonomy":"post_tag","embeddable":true,"href":"https:\/\/vieassociative.be\/actualites\/wp-json\/wp\/v2\/tags?post=4130"}],"curies":[{"name":"wp","href":"https:\/\/api.w.org\/{rel}","templated":true}]}}