{"id":4123,"date":"2025-01-07T07:17:56","date_gmt":"2025-01-07T06:17:56","guid":{"rendered":"https:\/\/vieassociative.be\/actualites\/le-cout-reel-dutilisation-dune-machine-nespresso\/"},"modified":"2025-01-07T07:17:56","modified_gmt":"2025-01-07T06:17:56","slug":"le-cout-reel-dutilisation-dune-machine-nespresso","status":"publish","type":"post","link":"https:\/\/vieassociative.be\/actualites\/le-cout-reel-dutilisation-dune-machine-nespresso\/","title":{"rendered":"Le co\u00fbt r\u00e9el d\u2019utilisation d\u2019une machine Nespresso"},"content":{"rendered":"<div class=\"mt-4 leading-6 md:mb-8\">Il fait rapidement une bonne tasse de caf\u00e9, mais en vaut-il la peine ?<\/div>\n<p><\/p>\n<p>M\u00eame si je suis un consommateur quotidien d\u00e9vou\u00e9 de Dunkin&rsquo; Donuts, cela ne veut pas dire que je ne pr\u00e9pare pas de caf\u00e9 \u00e0 la maison. Je suis un petit maniaque du caf\u00e9\u00a0: j&rsquo;ach\u00e8te des confiseries \u00e0 base de caf\u00e9ine pr\u00eates \u00e0 l&#8217;emploi <em>et <\/em>pr\u00e9parer le mien le m\u00eame jour. Rien ne peut arr\u00eater mon habitude de caf\u00e9ine, pas m\u00eame les barri\u00e8res financi\u00e8res. <\/p>\n<p>Lorsque je veux caf\u00e9iner \u00e0 la maison, j&rsquo;utilise une machine Nespresso, qui est plus ch\u00e8re \u00e0 l&rsquo;achat que certaines autres cafeti\u00e8res, mais l&rsquo;investissement initial n&rsquo;est pas le seul changement associ\u00e9 \u00e0 son utilisation. Voici \u00e0 quoi ressemble la possession continue de Nespresso d&rsquo;un point de vue financier et comment cela se compare \u00e0 une vieille cafeti\u00e8re ordinaire. <\/p>\n<h2 id=\"the-upfront-cost-of-a-nespresso-machine\">Le co\u00fbt initial d&rsquo;une machine Nespresso<\/h2>\n<p>Tout d\u2019abord, il existe de nombreux appareils diff\u00e9rents qui entrent dans la cat\u00e9gorie des \u00ab machines Nespresso \u00bb. Je poss\u00e8de personnellement la machine \u00e0 caf\u00e9 et expresso Vertuo Next de De&rsquo;Longhi (avec mousseur \u00e0 lait), que j&rsquo;appr\u00e9cie pour son faible encombrement et son look \u00e9l\u00e9gant.<\/p>\n<div class=\"pogoClear mb-12 mt-10 rounded-md border-2 border-gray-100 py-7 shadow-xl md:py-6\">\n<div class=\"flex flex-wrap justify-between px-7 text-black no-underline md:flex-nowrap md:px-8\">\n<div class=\"order-1 mx-auto flex flex-col justify-center md:order-2 md:ml-4 md:w-full md:grow\">\n<div class=\"block cursor-pointer text-center font-akshar text-2xl font-medium leading-7 text-brand-green duration-200 ease-in-out hover:text-brand-green-700 md:text-left md:text-xl md:leading-6\">Machine \u00e0 caf\u00e9 et expresso Nespresso Vertuo Next, gris fonc\u00e9\n                <\/div>\n<div class=\"mt-4 hidden md:flex md:justify-between\">\n<div class=\"self-end\">\n<div class=\"mb-0 h-11 md:flex md:flex-col md:justify-center\">\n<div class=\" font-sans leading-4 text-black\">\n<div class=\"flex flex-wrap items-center justify-center gap-x-1 md:justify-start\">\n        <span class=\"font-bold\"><\/p>\n<p>            144,99\u00a0$<br \/>\n                            <span class=\"font-medium\">chez Amazon<\/span><br \/>\n                    <\/span>\n            <\/div>\n<div class=\"flex items-center justify-center gap-x-1 font-bold md:justify-start\">\n            <span class=\"text-sm line-through\">219,00\u00a0$<\/span><br \/>\n            <span class=\"text-sm text-brand-green\">\u00c9conomisez 74,01 $<\/span>\n        <\/div>\n<\/p><\/div>\n<\/p><\/div>\n<\/p><\/div>\n<div class=\"w-44 self-end\">\n                            <button class=\"flex justify-center items-center w-full bg-brand-green text-white text-base font-sans font-medium rounded-md hover:bg-brand-green-700 hover:cursor-pointer md:text-sm h-11\"><\/p>\n<p>    Achetez maintenant<br \/>\n<\/button>\n                        <\/div>\n<\/p><\/div>\n<\/p><\/div>\n<div class=\"order-2 mt-5 h-auto w-full md:order-1 md:mt-0 md:hidden\">\n<div class=\"flex aspect-video items-center justify-center\">\n                                            <img decoding=\"async\" class=\"m-0 max-h-full max-w-full rounded-md\" src=\"https:\/\/vieassociative.be\/actualites\/wp-content\/uploads\/2025\/01\/Le-cout-reel-dutilisation-dune-machine-Nespresso.jpg\" alt=\"Machine \u00e0 caf\u00e9 et expresso Nespresso Vertuo Next, gris fonc\u00e9\" width=\"auto\" height=\"auto\" loading=\"lazy\">\n                                    <\/div>\n<\/p><\/div>\n<div class=\"order-2 ml-2 hidden w-32 shrink-0 items-center md:order-1 md:ml-0 md:flex\">\n<div class=\"flex aspect-video items-center justify-center\">\n                                            <img decoding=\"async\" class=\"m-0 max-h-full max-w-full rounded-md\" src=\"https:\/\/vieassociative.be\/actualites\/wp-content\/uploads\/2025\/01\/Le-cout-reel-dutilisation-dune-machine-Nespresso.jpg\" alt=\"Machine \u00e0 caf\u00e9 et expresso Nespresso Vertuo Next, gris fonc\u00e9\" width=\"auto\" height=\"auto\" loading=\"lazy\">\n                                    <\/div>\n<\/p><\/div>\n<div class=\"order-3 flex grow flex-wrap md:hidden md:grow-0\">\n<div class=\"mt-4 w-full\">\n                        <button class=\"flex justify-center items-center w-full bg-brand-green text-white text-base font-sans font-medium rounded-md hover:bg-brand-green-700 hover:cursor-pointer md:text-sm h-11\"><\/p>\n<p>    Achetez maintenant<br \/>\n<\/button>\n                    <\/div>\n<div class=\"mx-2 mt-4 w-full\">\n<div class=\" font-sans leading-4 text-black\">\n<div class=\"flex flex-wrap items-center justify-center gap-x-1 md:justify-start\">\n        <span class=\"font-bold\"><\/p>\n<p>            144,99\u00a0$<br \/>\n                            <span class=\"font-medium\">chez Amazon<\/span><br \/>\n                    <\/span>\n            <\/div>\n<div class=\"flex items-center justify-center gap-x-1 font-bold md:justify-start\">\n            <span class=\"text-sm line-through\">219,00\u00a0$<\/span><br \/>\n            <span class=\"text-sm text-brand-green\">\u00c9conomisez 74,01 $<\/span>\n        <\/div>\n<\/p><\/div>\n<\/p><\/div>\n<\/p><\/div>\n<\/p><\/div>\n<\/div>\n<p>La marque propose une vari\u00e9t\u00e9 de machines au-del\u00e0 de celle-ci. Tous les appareils utilisent des dosettes jetables pour pr\u00e9parer des tasses d&rsquo;espresso ou de caf\u00e9, mais chacun est un peu diff\u00e9rent et certains peuvent co\u00fbter jusqu&rsquo;\u00e0 700 $. <\/p>\n<p>Pour le consommateur moyen, comme moi, les plus petites et les moins ch\u00e8res conviennent, mais m\u00eame dire \u00ab moins ch\u00e8res \u00bb ici est purement relatif, puisque 144 $ n&rsquo;est pas une raison de se moquer alors qu&rsquo;une machine \u00e0 caf\u00e9 standard peut \u00eatre achet\u00e9e pour environ 25 $. <\/p>\n<p><strong>Co\u00fbt des machines\u00a0:<\/strong> \u00c0 partir de 144$<\/p>\n<h2 id=\"the-best-coffee-options-for-the-nespresso\">Les meilleures options de caf\u00e9 pour le Nespresso<\/h2>\n<p>Je pr\u00e9f\u00e8re le go\u00fbt et la douceur de ma Nespresso aux autres m\u00e9thodes de pr\u00e9paration, mais je sais que cela d\u00e9pend en grande partie de la qualit\u00e9 du caf\u00e9 que j&rsquo;y mets, pas n\u00e9cessairement de la machine. J&rsquo;ai trouv\u00e9 qu&rsquo;il est plus \u00e9conomique de s&rsquo;approvisionner en dosettes directement aupr\u00e8s de la marque plut\u00f4t que de les commander sur Amazon ou de les r\u00e9cup\u00e9rer chez Target. <\/p>\n<p>Selon l&rsquo;endroit o\u00f9 vous habitez, il peut m\u00eame y avoir un magasin Nespresso pr\u00e8s de chez vous. Dans ce cas, je vous recommande de le visiter\u00a0; les employ\u00e9s ont tendance \u00e0 \u00eatre extr\u00eamement instruits dans tout ce qui concerne le caf\u00e9 et peuvent faire des recommandations pour vous aider \u00e0 trouver votre propre infusion parfaite (c&rsquo;est ainsi que j&rsquo;ai fini par privil\u00e9gier la saveur d&rsquo;arachide et de s\u00e9same torr\u00e9fi\u00e9). De plus, vous pouvez go\u00fbter \u00e0 tout et m\u00eame d\u00e9guster une tasse au comptoir \u00e0 caf\u00e9 du magasin. S&rsquo;inscrire et obtenir un abonnement peut \u00eatre utile, car vous aurez r\u00e9guli\u00e8rement droit \u00e0 des r\u00e9ductions et \u00e0 des avantages, et vous gagnerez des points qui peuvent \u00eatre \u00e9chang\u00e9s contre des choses comme des tasses sp\u00e9ciales. <\/p>\n<p>Bien entendu, vous pouvez toujours simplement commander ou acheter des pods aupr\u00e8s de vos revendeurs habituels. Alors qu&rsquo;une pochette de 10 dosettes via Nespresso co\u00fbte g\u00e9n\u00e9ralement entre 9 $ et 15 $ avant toute remise, les prix sur Amazon, tant pour les dosettes de marque Nespresso que pour d&rsquo;autres collaborations, comme Starbucks, sont comparables. Vous pouvez \u00e9galement obtenir des dosettes rechargeables \u00e0 16 $ qui peuvent \u00eatre utilis\u00e9es jusqu&rsquo;\u00e0 100 fois, bien que cela n&rsquo;inclue pas le co\u00fbt des grains que vous y mettrez.<\/p>\n<p>J&rsquo;aime acheter directement via Nespresso, non seulement pour les r\u00e9compenses d&rsquo;adh\u00e9sion, mais aussi parce qu&rsquo;il existe une telle vari\u00e9t\u00e9 de saveurs et de styles disponibles, mais je sais que la m\u00eame chose est vraie dans le monde plus large du caf\u00e9. J&rsquo;ai un abonnement Trade Coffee, par exemple, qui me fournit un nouveau sac de caf\u00e9 exotique ou rare toutes les quelques semaines, ce qui me permet de savoir combien de vari\u00e9t\u00e9s et de m\u00e9langes existent. Vous pouvez facilement pr\u00e9parer une infusion fabuleuse dans une cafeti\u00e8re standard si vous prenez le temps de rechercher des m\u00e9langes et des grains meilleurs que votre Folgers moyen. <\/p>\n<p>Pour r\u00e9f\u00e9rence, vous pouvez acheter suffisamment de marc de caf\u00e9 Folgers pour pr\u00e9parer 240 tasses de caf\u00e9 pour moins de 13 $. Mon m\u00e9lange pr\u00e9f\u00e9r\u00e9 que j&rsquo;ai re\u00e7u de Trade, le Fam\u00edlia Peixoto, co\u00fbte 15,75 $ par sac et donne 20 tasses. De toute \u00e9vidence, ces deux options sont plus \u00e9conomiques que les 10 tasses que vous obtenez pour environ 14 $ chez Nespresso, alors tenez compte de cette d\u00e9pense suppl\u00e9mentaire si vous envisagez cette machine. <\/p>\n<p><strong>Co\u00fbt des dosettes\u00a0: <\/strong>\u00c0 partir de 90 cents \u00e0 1,50 $ chacun<\/p>\n<h2 id=\"cleaning-the-nespresso-can-also-cost-you\">Nettoyer la Nespresso peut aussi vous co\u00fbter cher<\/h2>\n<p>Enfin, m\u00eame si vous pouvez nettoyer et d\u00e9tartrer votre machine Nespresso avec du vinaigre (et j&rsquo;ai m\u00eame d\u00e9crit le processus pour vous), Nespresso d\u00e9conseille de le faire et pr\u00e9f\u00e8re utiliser ses propres produits pour le nettoyage. Si vous optez pour la voie recommand\u00e9e, vous paierez 12,99\u00a0$ pour obtenir deux packs de d\u00e9tartrage. <\/p>\n<p>Apr\u00e8s avoir utilis\u00e9 ma machine pendant un an, je suis rest\u00e9 fid\u00e8le \u00e0 la m\u00e9thode du vinaigre, mais je pense que j&rsquo;utiliserai bient\u00f4t le nettoyant recommand\u00e9. Il vaut mieux pr\u00e9venir que gu\u00e9rir, et j&rsquo;ai r\u00e9cemment remarqu\u00e9 des go\u00fbts \u00e9tranges dans mon caf\u00e9, il semble donc que je vais ajouter 13 $ suppl\u00e9mentaires \u00e0 ma liste de d\u00e9penses. <\/p>\n<p><strong>Co\u00fbt du nettoyage :<\/strong> 13 $ pour deux packs de d\u00e9tartrage<\/p>\n<h2 id=\"must-have-nespresso-machine-accessories\">Accessoires indispensables pour les machines Nespresso <\/h2>\n<p>Tout comme lorsque j&rsquo;ai achet\u00e9 mon Peloton, je n&rsquo;ai pas r\u00e9fl\u00e9chi aux accessoires dont je pourrais avoir besoin pour une machine Nespresso, mais comme j&rsquo;ai fait un investissement initial si important dans les deux cas, je voulais m&rsquo;assurer d&rsquo;avoir tous les des modules compl\u00e9mentaires pour m&rsquo;aider \u00e0 en tirer le meilleur parti. Si vous \u00eates comme moi, vous devrez d\u00e9penser plus d&rsquo;argent.<\/p>\n<p>Mon am\u00e9lioration pr\u00e9f\u00e9r\u00e9e a d\u00e9finitivement \u00e9t\u00e9 mon organisateur de pods. J&rsquo;ai achet\u00e9 l&rsquo;arbre \u00e0 dosettes rotatif pour 16,99 $, mais vous pouvez \u00e9galement obtenir des tiroirs coulissants qui s&#8217;empilent sous la machine elle-m\u00eame pour environ 35 $. R\u00e9trospectivement, j&rsquo;aurais aim\u00e9 avoir le tiroir au lieu de l&rsquo;arbre rotatif, car cela ajouterait quelques centim\u00e8tres \u00e0 la hauteur de ma machine et me permettrait de brasser plus facilement directement dans mes grandes tasses \u00e0 emporter, mais le recul est 20\/20. <\/p>\n<div class=\"pogoClear mb-12 mt-10 rounded-md border-2 border-gray-100 py-7 shadow-xl md:py-6\">\n<div class=\"flex flex-wrap justify-between px-7 text-black no-underline md:flex-nowrap md:px-8\">\n<div class=\"order-1 mx-auto flex flex-col justify-center md:order-2 md:ml-4 md:w-full md:grow\">\n<div class=\"block cursor-pointer text-center font-akshar text-2xl font-medium leading-7 text-brand-green duration-200 ease-in-out hover:text-brand-green-700 md:text-left md:text-xl md:leading-6\">Tiroir \u00e0 dosettes Nespresso en verre EVERIE\n                <\/div>\n<div class=\"mt-4 hidden md:flex md:justify-between\">\n<div class=\"self-end\">\n<div class=\"mb-0 h-11 md:flex md:flex-col md:justify-center\">\n<div class=\" font-sans leading-4 text-black\">\n<div class=\"flex flex-wrap items-center justify-center gap-x-1 md:justify-start\">\n        <span class=\"font-bold\"><\/p>\n<p>            34,95\u00a0$<br \/>\n                            <span class=\"font-medium\">chez Amazon<\/span><br \/>\n                    <\/span><br \/>\n                    <img decoding=\"async\" class=\"mt-0 h-(15px)\" src=\"https:\/\/vieassociative.be\/actualites\/wp-content\/uploads\/2025\/01\/Le-cout-reel-dutilisation-dune-machine-Nespresso.svg.svg+xml\" title=\"Amazon Premier\" alt=\"Amazon Premier\">\n            <\/div>\n<\/p><\/div>\n<\/p><\/div>\n<\/p><\/div>\n<div class=\"w-44 self-end\">\n                            <button class=\"flex justify-center items-center w-full bg-brand-green text-white text-base font-sans font-medium rounded-md hover:bg-brand-green-700 hover:cursor-pointer md:text-sm h-11\"><\/p>\n<p>    Achetez maintenant<br \/>\n<\/button>\n                        <\/div>\n<\/p><\/div>\n<\/p><\/div>\n<div class=\"order-2 mt-5 h-auto w-full md:order-1 md:mt-0 md:hidden\">\n<div class=\"flex aspect-video items-center justify-center\">\n                                            <img decoding=\"async\" class=\"m-0 max-h-full max-w-full rounded-md\" src=\"https:\/\/vieassociative.be\/actualites\/wp-content\/uploads\/2025\/01\/1736230676_504_Le-cout-reel-dutilisation-dune-machine-Nespresso.jpg\" alt=\"EVERIE Support de tiroir en verre tremp\u00e9 en cristal compatible avec les capsules Nespresso Vertuo, compatible avec 40 grandes ou 52 petites dosettes Vertuoline, 30,5 cm de large, 39,9 cm de profondeur et 8,9 cm de haut\" width=\"auto\" height=\"auto\" loading=\"lazy\">\n                                    <\/div>\n<\/p><\/div>\n<div class=\"order-2 ml-2 hidden w-32 shrink-0 items-center md:order-1 md:ml-0 md:flex\">\n<div class=\"flex aspect-video items-center justify-center\">\n                                            <img decoding=\"async\" class=\"m-0 max-h-full max-w-full rounded-md\" src=\"https:\/\/vieassociative.be\/actualites\/wp-content\/uploads\/2025\/01\/1736230676_504_Le-cout-reel-dutilisation-dune-machine-Nespresso.jpg\" alt=\"EVERIE Support de tiroir en verre tremp\u00e9 en cristal compatible avec les capsules Nespresso Vertuo, compatible avec 40 grandes ou 52 petites dosettes Vertuoline, 30,5 cm de large, 39,9 cm de profondeur et 8,9 cm de haut\" width=\"auto\" height=\"auto\" loading=\"lazy\">\n                                    <\/div>\n<\/p><\/div>\n<div class=\"order-3 flex grow flex-wrap md:hidden md:grow-0\">\n<div class=\"mt-4 w-full\">\n                        <button class=\"flex justify-center items-center w-full bg-brand-green text-white text-base font-sans font-medium rounded-md hover:bg-brand-green-700 hover:cursor-pointer md:text-sm h-11\"><\/p>\n<p>    Achetez maintenant<br \/>\n<\/button>\n                    <\/div>\n<div class=\"mx-2 mt-4 w-full\">\n<div class=\" font-sans leading-4 text-black\">\n<div class=\"flex flex-wrap items-center justify-center gap-x-1 md:justify-start\">\n        <span class=\"font-bold\"><\/p>\n<p>            34,95\u00a0$<br \/>\n                            <span class=\"font-medium\">chez Amazon<\/span><br \/>\n                    <\/span><br \/>\n                    <img decoding=\"async\" class=\"mt-0 h-(15px)\" src=\"https:\/\/vieassociative.be\/actualites\/wp-content\/uploads\/2025\/01\/Le-cout-reel-dutilisation-dune-machine-Nespresso.svg.svg+xml\" title=\"Amazon Premier\" alt=\"Amazon Premier\">\n            <\/div>\n<\/p><\/div>\n<\/p><\/div>\n<\/p><\/div>\n<\/p><\/div>\n<\/div>\n<p>J&rsquo;ai aussi re\u00e7u \u00ab\u00a0The Sphere\u00a0\u00bb, qui est juste une petite boule de m\u00e9tal avec des dents que vous conservez au cong\u00e9lateur et que vous placez sur votre tasse pendant que vous pr\u00e9parez. Cela m&rsquo;a co\u00fbt\u00e9 un peu plus de 13 $ et je l&rsquo;ai achet\u00e9 en pensant que cela refroidirait mes boissons \u00e0 la temp\u00e9rature du caf\u00e9 glac\u00e9 sans les diluer, mais jusqu&rsquo;\u00e0 pr\u00e9sent, je n&rsquo;ai pas r\u00e9ussi \u00e0 le faire fonctionner de cette fa\u00e7on\u00a0; \u00e7a fait juste baisser la temp\u00e9rature <em>petit<\/em>pas beaucoup. Ce qu&rsquo;elle fait bien, c&rsquo;est d&rsquo;\u00e9liminer un peu d&rsquo;amertume de l&rsquo;infusion, ce qui est essentiel pour moi qui utilise chaque dosette deux fois pour \u00e9conomiser de l&rsquo;argent. La deuxi\u00e8me infusion d&rsquo;une dosette devient toujours un peu d\u00e9sagr\u00e9able, et cette balle y contribue, cependant. Je ne peux pas expliquer la science derri\u00e8re cela. <\/p>\n<h2 id=\"bottom-line\">Conclusion<\/h2>\n<p>M\u00eame si elle co\u00fbte plus cher qu&rsquo;une cafeti\u00e8re \u00e0 l&rsquo;ancienne, tant au niveau de l&rsquo;investissement initial qu&rsquo;au fil du temps, je recommande toujours la Nespresso et je suis content d&rsquo;en avoir une. C&rsquo;est plus facile \u00e0 utiliser et j&rsquo;aime la saveur de mon caf\u00e9. Tant que vous \u00eates pr\u00eat \u00e0 payer un suppl\u00e9ment pour la commodit\u00e9, je pense que vous serez \u00e9galement ravi.<\/p>\n","protected":false},"excerpt":{"rendered":"<p>Il fait rapidement une bonne tasse de caf\u00e9, mais en vaut-il la peine ? M\u00eame si je suis un consommateur quotidien d\u00e9vou\u00e9 de Dunkin&rsquo; Donuts,<\/p>\n","protected":false},"author":1,"featured_media":4124,"comment_status":"","ping_status":"","sticky":false,"template":"","format":"standard","meta":{"footnotes":""},"categories":[40],"tags":[2786,698,4569,4570,1517,4568],"class_list":["post-4123","post","type-post","status-publish","format-standard","has-post-thumbnail","hentry","category-maison","tag-cout","tag-dune","tag-dutilisation","tag-machine","tag-nespresso","tag-reel","generate-columns","tablet-grid-50","mobile-grid-100","grid-parent","grid-33"],"yoast_head":"<!-- This site is optimized with the Yoast SEO plugin v24.0 - https:\/\/yoast.com\/wordpress\/plugins\/seo\/ -->\n<title>Le co\u00fbt r\u00e9el d\u2019utilisation d\u2019une machine Nespresso | Vie Associative<\/title>\n<meta name=\"robots\" content=\"index, follow, max-snippet:-1, max-image-preview:large, max-video-preview:-1\" \/>\n<link rel=\"canonical\" href=\"https:\/\/vieassociative.be\/actualites\/le-cout-reel-dutilisation-dune-machine-nespresso\/\" \/>\n<meta property=\"og:locale\" content=\"fr_FR\" \/>\n<meta property=\"og:type\" content=\"article\" \/>\n<meta property=\"og:title\" content=\"Le co\u00fbt r\u00e9el d\u2019utilisation d\u2019une machine Nespresso | Vie Associative\" \/>\n<meta property=\"og:description\" content=\"Il fait rapidement une bonne tasse de caf\u00e9, mais en vaut-il la peine ? M\u00eame si je suis un consommateur quotidien d\u00e9vou\u00e9 de Dunkin&rsquo; Donuts,\" \/>\n<meta property=\"og:url\" content=\"https:\/\/vieassociative.be\/actualites\/le-cout-reel-dutilisation-dune-machine-nespresso\/\" \/>\n<meta property=\"og:site_name\" content=\"Vie Associative\" \/>\n<meta property=\"article:published_time\" content=\"2025-01-07T06:17:56+00:00\" \/>\n<meta property=\"og:image\" content=\"https:\/\/vieassociative.be\/actualites\/wp-content\/uploads\/2025\/01\/Le-cout-reel-dutilisation-dune-machine-Nespresso.jpg\" \/>\n<meta name=\"author\" content=\"Julien\" \/>\n<meta name=\"twitter:card\" content=\"summary_large_image\" \/>\n<meta name=\"twitter:label1\" content=\"\u00c9crit par\" \/>\n\t<meta name=\"twitter:data1\" content=\"Julien\" \/>\n\t<meta name=\"twitter:label2\" content=\"Dur\u00e9e de lecture est.\" \/>\n\t<meta name=\"twitter:data2\" content=\"7 minutes\" \/>\n<script type=\"application\/ld+json\" class=\"yoast-schema-graph\">{\"@context\":\"https:\/\/schema.org\",\"@graph\":[{\"@type\":\"Article\",\"@id\":\"https:\/\/vieassociative.be\/actualites\/le-cout-reel-dutilisation-dune-machine-nespresso\/#article\",\"isPartOf\":{\"@id\":\"https:\/\/vieassociative.be\/actualites\/le-cout-reel-dutilisation-dune-machine-nespresso\/\"},\"author\":{\"name\":\"Julien\",\"@id\":\"https:\/\/vieassociative.be\/actualites\/#\/schema\/person\/b87ac4f82f9d4e7b7cec7395b679edc4\"},\"headline\":\"Le co\u00fbt r\u00e9el d\u2019utilisation d\u2019une machine Nespresso\",\"datePublished\":\"2025-01-07T06:17:56+00:00\",\"dateModified\":\"2025-01-07T06:17:56+00:00\",\"mainEntityOfPage\":{\"@id\":\"https:\/\/vieassociative.be\/actualites\/le-cout-reel-dutilisation-dune-machine-nespresso\/\"},\"wordCount\":1393,\"publisher\":{\"@id\":\"https:\/\/vieassociative.be\/actualites\/#organization\"},\"image\":{\"@id\":\"https:\/\/vieassociative.be\/actualites\/le-cout-reel-dutilisation-dune-machine-nespresso\/#primaryimage\"},\"thumbnailUrl\":\"https:\/\/vieassociative.be\/actualites\/wp-content\/uploads\/2025\/01\/Le-cout-reel-dutilisation-dune-machine-Nespresso.png\",\"keywords\":[\"co\u00fbt\",\"dune\",\"dutilisation\",\"machine\",\"Nespresso\",\"r\u00e9el\"],\"articleSection\":[\"Maison\"],\"inLanguage\":\"fr-BE\"},{\"@type\":\"WebPage\",\"@id\":\"https:\/\/vieassociative.be\/actualites\/le-cout-reel-dutilisation-dune-machine-nespresso\/\",\"url\":\"https:\/\/vieassociative.be\/actualites\/le-cout-reel-dutilisation-dune-machine-nespresso\/\",\"name\":\"Le co\u00fbt r\u00e9el d\u2019utilisation d\u2019une machine Nespresso | Vie Associative\",\"isPartOf\":{\"@id\":\"https:\/\/vieassociative.be\/actualites\/#website\"},\"primaryImageOfPage\":{\"@id\":\"https:\/\/vieassociative.be\/actualites\/le-cout-reel-dutilisation-dune-machine-nespresso\/#primaryimage\"},\"image\":{\"@id\":\"https:\/\/vieassociative.be\/actualites\/le-cout-reel-dutilisation-dune-machine-nespresso\/#primaryimage\"},\"thumbnailUrl\":\"https:\/\/vieassociative.be\/actualites\/wp-content\/uploads\/2025\/01\/Le-cout-reel-dutilisation-dune-machine-Nespresso.png\",\"datePublished\":\"2025-01-07T06:17:56+00:00\",\"dateModified\":\"2025-01-07T06:17:56+00:00\",\"breadcrumb\":{\"@id\":\"https:\/\/vieassociative.be\/actualites\/le-cout-reel-dutilisation-dune-machine-nespresso\/#breadcrumb\"},\"inLanguage\":\"fr-BE\",\"potentialAction\":[{\"@type\":\"ReadAction\",\"target\":[\"https:\/\/vieassociative.be\/actualites\/le-cout-reel-dutilisation-dune-machine-nespresso\/\"]}]},{\"@type\":\"ImageObject\",\"inLanguage\":\"fr-BE\",\"@id\":\"https:\/\/vieassociative.be\/actualites\/le-cout-reel-dutilisation-dune-machine-nespresso\/#primaryimage\",\"url\":\"https:\/\/vieassociative.be\/actualites\/wp-content\/uploads\/2025\/01\/Le-cout-reel-dutilisation-dune-machine-Nespresso.png\",\"contentUrl\":\"https:\/\/vieassociative.be\/actualites\/wp-content\/uploads\/2025\/01\/Le-cout-reel-dutilisation-dune-machine-Nespresso.png\",\"width\":1200,\"height\":675,\"caption\":\"Le co\u00fbt r\u00e9el d\u2019utilisation d\u2019une machine Nespresso\"},{\"@type\":\"BreadcrumbList\",\"@id\":\"https:\/\/vieassociative.be\/actualites\/le-cout-reel-dutilisation-dune-machine-nespresso\/#breadcrumb\",\"itemListElement\":[{\"@type\":\"ListItem\",\"position\":1,\"name\":\"Accueil\",\"item\":\"https:\/\/vieassociative.be\/actualites\/\"},{\"@type\":\"ListItem\",\"position\":2,\"name\":\"Le co\u00fbt r\u00e9el d\u2019utilisation d\u2019une machine Nespresso\"}]},{\"@type\":\"WebSite\",\"@id\":\"https:\/\/vieassociative.be\/actualites\/#website\",\"url\":\"https:\/\/vieassociative.be\/actualites\/\",\"name\":\"Vie Associative\",\"description\":\"\",\"publisher\":{\"@id\":\"https:\/\/vieassociative.be\/actualites\/#organization\"},\"potentialAction\":[{\"@type\":\"SearchAction\",\"target\":{\"@type\":\"EntryPoint\",\"urlTemplate\":\"https:\/\/vieassociative.be\/actualites\/?s={search_term_string}\"},\"query-input\":{\"@type\":\"PropertyValueSpecification\",\"valueRequired\":true,\"valueName\":\"search_term_string\"}}],\"inLanguage\":\"fr-BE\"},{\"@type\":\"Organization\",\"@id\":\"https:\/\/vieassociative.be\/actualites\/#organization\",\"name\":\"Vie Associative\",\"url\":\"https:\/\/vieassociative.be\/actualites\/\",\"logo\":{\"@type\":\"ImageObject\",\"inLanguage\":\"fr-BE\",\"@id\":\"https:\/\/vieassociative.be\/actualites\/#\/schema\/logo\/image\/\",\"url\":\"https:\/\/vieassociative.be\/actualites\/wp-content\/uploads\/2024\/09\/cropped-vieassociative_favicon.ico.png\",\"contentUrl\":\"https:\/\/vieassociative.be\/actualites\/wp-content\/uploads\/2024\/09\/cropped-vieassociative_favicon.ico.png\",\"width\":512,\"height\":512,\"caption\":\"Vie Associative\"},\"image\":{\"@id\":\"https:\/\/vieassociative.be\/actualites\/#\/schema\/logo\/image\/\"}},{\"@type\":\"Person\",\"@id\":\"https:\/\/vieassociative.be\/actualites\/#\/schema\/person\/b87ac4f82f9d4e7b7cec7395b679edc4\",\"name\":\"Julien\",\"image\":{\"@type\":\"ImageObject\",\"inLanguage\":\"fr-BE\",\"@id\":\"https:\/\/vieassociative.be\/actualites\/#\/schema\/person\/image\/\",\"url\":\"https:\/\/vieassociative.be\/actualites\/wp-content\/uploads\/2024\/09\/vie-associative-1-150x150.jpg\",\"contentUrl\":\"https:\/\/vieassociative.be\/actualites\/wp-content\/uploads\/2024\/09\/vie-associative-1-150x150.jpg\",\"caption\":\"Julien\"},\"description\":\"Je suis Julien, r\u00e9dacteur pour Vie Associative. Passionn\u00e9 par le monde associatif depuis plus de 10 ans, j'ai \u00e0 c\u0153ur de partager des histoires inspirantes et de mettre en lumi\u00e8re les initiatives locales. Mon objectif est de sensibiliser et d'encourager l'engagement communautaire \u00e0 travers mes articles.\",\"sameAs\":[\"https:\/\/vieassociative.be\/\"]}]}<\/script>\n<!-- \/ Yoast SEO plugin. -->","yoast_head_json":{"title":"Le co\u00fbt r\u00e9el d\u2019utilisation d\u2019une machine Nespresso | Vie Associative","robots":{"index":"index","follow":"follow","max-snippet":"max-snippet:-1","max-image-preview":"max-image-preview:large","max-video-preview":"max-video-preview:-1"},"canonical":"https:\/\/vieassociative.be\/actualites\/le-cout-reel-dutilisation-dune-machine-nespresso\/","og_locale":"fr_FR","og_type":"article","og_title":"Le co\u00fbt r\u00e9el d\u2019utilisation d\u2019une machine Nespresso | Vie Associative","og_description":"Il fait rapidement une bonne tasse de caf\u00e9, mais en vaut-il la peine ? M\u00eame si je suis un consommateur quotidien d\u00e9vou\u00e9 de Dunkin&rsquo; Donuts,","og_url":"https:\/\/vieassociative.be\/actualites\/le-cout-reel-dutilisation-dune-machine-nespresso\/","og_site_name":"Vie Associative","article_published_time":"2025-01-07T06:17:56+00:00","og_image":[{"url":"https:\/\/vieassociative.be\/actualites\/wp-content\/uploads\/2025\/01\/Le-cout-reel-dutilisation-dune-machine-Nespresso.jpg","type":"","width":"","height":""}],"author":"Julien","twitter_card":"summary_large_image","twitter_misc":{"\u00c9crit par":"Julien","Dur\u00e9e de lecture est.":"7 minutes"},"schema":{"@context":"https:\/\/schema.org","@graph":[{"@type":"Article","@id":"https:\/\/vieassociative.be\/actualites\/le-cout-reel-dutilisation-dune-machine-nespresso\/#article","isPartOf":{"@id":"https:\/\/vieassociative.be\/actualites\/le-cout-reel-dutilisation-dune-machine-nespresso\/"},"author":{"name":"Julien","@id":"https:\/\/vieassociative.be\/actualites\/#\/schema\/person\/b87ac4f82f9d4e7b7cec7395b679edc4"},"headline":"Le co\u00fbt r\u00e9el d\u2019utilisation d\u2019une machine Nespresso","datePublished":"2025-01-07T06:17:56+00:00","dateModified":"2025-01-07T06:17:56+00:00","mainEntityOfPage":{"@id":"https:\/\/vieassociative.be\/actualites\/le-cout-reel-dutilisation-dune-machine-nespresso\/"},"wordCount":1393,"publisher":{"@id":"https:\/\/vieassociative.be\/actualites\/#organization"},"image":{"@id":"https:\/\/vieassociative.be\/actualites\/le-cout-reel-dutilisation-dune-machine-nespresso\/#primaryimage"},"thumbnailUrl":"https:\/\/vieassociative.be\/actualites\/wp-content\/uploads\/2025\/01\/Le-cout-reel-dutilisation-dune-machine-Nespresso.png","keywords":["co\u00fbt","dune","dutilisation","machine","Nespresso","r\u00e9el"],"articleSection":["Maison"],"inLanguage":"fr-BE"},{"@type":"WebPage","@id":"https:\/\/vieassociative.be\/actualites\/le-cout-reel-dutilisation-dune-machine-nespresso\/","url":"https:\/\/vieassociative.be\/actualites\/le-cout-reel-dutilisation-dune-machine-nespresso\/","name":"Le co\u00fbt r\u00e9el d\u2019utilisation d\u2019une machine Nespresso | Vie Associative","isPartOf":{"@id":"https:\/\/vieassociative.be\/actualites\/#website"},"primaryImageOfPage":{"@id":"https:\/\/vieassociative.be\/actualites\/le-cout-reel-dutilisation-dune-machine-nespresso\/#primaryimage"},"image":{"@id":"https:\/\/vieassociative.be\/actualites\/le-cout-reel-dutilisation-dune-machine-nespresso\/#primaryimage"},"thumbnailUrl":"https:\/\/vieassociative.be\/actualites\/wp-content\/uploads\/2025\/01\/Le-cout-reel-dutilisation-dune-machine-Nespresso.png","datePublished":"2025-01-07T06:17:56+00:00","dateModified":"2025-01-07T06:17:56+00:00","breadcrumb":{"@id":"https:\/\/vieassociative.be\/actualites\/le-cout-reel-dutilisation-dune-machine-nespresso\/#breadcrumb"},"inLanguage":"fr-BE","potentialAction":[{"@type":"ReadAction","target":["https:\/\/vieassociative.be\/actualites\/le-cout-reel-dutilisation-dune-machine-nespresso\/"]}]},{"@type":"ImageObject","inLanguage":"fr-BE","@id":"https:\/\/vieassociative.be\/actualites\/le-cout-reel-dutilisation-dune-machine-nespresso\/#primaryimage","url":"https:\/\/vieassociative.be\/actualites\/wp-content\/uploads\/2025\/01\/Le-cout-reel-dutilisation-dune-machine-Nespresso.png","contentUrl":"https:\/\/vieassociative.be\/actualites\/wp-content\/uploads\/2025\/01\/Le-cout-reel-dutilisation-dune-machine-Nespresso.png","width":1200,"height":675,"caption":"Le co\u00fbt r\u00e9el d\u2019utilisation d\u2019une machine Nespresso"},{"@type":"BreadcrumbList","@id":"https:\/\/vieassociative.be\/actualites\/le-cout-reel-dutilisation-dune-machine-nespresso\/#breadcrumb","itemListElement":[{"@type":"ListItem","position":1,"name":"Accueil","item":"https:\/\/vieassociative.be\/actualites\/"},{"@type":"ListItem","position":2,"name":"Le co\u00fbt r\u00e9el d\u2019utilisation d\u2019une machine Nespresso"}]},{"@type":"WebSite","@id":"https:\/\/vieassociative.be\/actualites\/#website","url":"https:\/\/vieassociative.be\/actualites\/","name":"Vie Associative","description":"","publisher":{"@id":"https:\/\/vieassociative.be\/actualites\/#organization"},"potentialAction":[{"@type":"SearchAction","target":{"@type":"EntryPoint","urlTemplate":"https:\/\/vieassociative.be\/actualites\/?s={search_term_string}"},"query-input":{"@type":"PropertyValueSpecification","valueRequired":true,"valueName":"search_term_string"}}],"inLanguage":"fr-BE"},{"@type":"Organization","@id":"https:\/\/vieassociative.be\/actualites\/#organization","name":"Vie Associative","url":"https:\/\/vieassociative.be\/actualites\/","logo":{"@type":"ImageObject","inLanguage":"fr-BE","@id":"https:\/\/vieassociative.be\/actualites\/#\/schema\/logo\/image\/","url":"https:\/\/vieassociative.be\/actualites\/wp-content\/uploads\/2024\/09\/cropped-vieassociative_favicon.ico.png","contentUrl":"https:\/\/vieassociative.be\/actualites\/wp-content\/uploads\/2024\/09\/cropped-vieassociative_favicon.ico.png","width":512,"height":512,"caption":"Vie Associative"},"image":{"@id":"https:\/\/vieassociative.be\/actualites\/#\/schema\/logo\/image\/"}},{"@type":"Person","@id":"https:\/\/vieassociative.be\/actualites\/#\/schema\/person\/b87ac4f82f9d4e7b7cec7395b679edc4","name":"Julien","image":{"@type":"ImageObject","inLanguage":"fr-BE","@id":"https:\/\/vieassociative.be\/actualites\/#\/schema\/person\/image\/","url":"https:\/\/vieassociative.be\/actualites\/wp-content\/uploads\/2024\/09\/vie-associative-1-150x150.jpg","contentUrl":"https:\/\/vieassociative.be\/actualites\/wp-content\/uploads\/2024\/09\/vie-associative-1-150x150.jpg","caption":"Julien"},"description":"Je suis Julien, r\u00e9dacteur pour Vie Associative. Passionn\u00e9 par le monde associatif depuis plus de 10 ans, j'ai \u00e0 c\u0153ur de partager des histoires inspirantes et de mettre en lumi\u00e8re les initiatives locales. Mon objectif est de sensibiliser et d'encourager l'engagement communautaire \u00e0 travers mes articles.","sameAs":["https:\/\/vieassociative.be\/"]}]}},"_links":{"self":[{"href":"https:\/\/vieassociative.be\/actualites\/wp-json\/wp\/v2\/posts\/4123"}],"collection":[{"href":"https:\/\/vieassociative.be\/actualites\/wp-json\/wp\/v2\/posts"}],"about":[{"href":"https:\/\/vieassociative.be\/actualites\/wp-json\/wp\/v2\/types\/post"}],"author":[{"embeddable":true,"href":"https:\/\/vieassociative.be\/actualites\/wp-json\/wp\/v2\/users\/1"}],"replies":[{"embeddable":true,"href":"https:\/\/vieassociative.be\/actualites\/wp-json\/wp\/v2\/comments?post=4123"}],"version-history":[{"count":0,"href":"https:\/\/vieassociative.be\/actualites\/wp-json\/wp\/v2\/posts\/4123\/revisions"}],"wp:featuredmedia":[{"embeddable":true,"href":"https:\/\/vieassociative.be\/actualites\/wp-json\/wp\/v2\/media\/4124"}],"wp:attachment":[{"href":"https:\/\/vieassociative.be\/actualites\/wp-json\/wp\/v2\/media?parent=4123"}],"wp:term":[{"taxonomy":"category","embeddable":true,"href":"https:\/\/vieassociative.be\/actualites\/wp-json\/wp\/v2\/categories?post=4123"},{"taxonomy":"post_tag","embeddable":true,"href":"https:\/\/vieassociative.be\/actualites\/wp-json\/wp\/v2\/tags?post=4123"}],"curies":[{"name":"wp","href":"https:\/\/api.w.org\/{rel}","templated":true}]}}