{"id":4121,"date":"2025-01-07T06:20:42","date_gmt":"2025-01-07T05:20:42","guid":{"rendered":"https:\/\/vieassociative.be\/actualites\/voici-un-guide-etat-par-etat-des-mandats-de-masques-scolaires\/"},"modified":"2025-01-07T06:20:42","modified_gmt":"2025-01-07T05:20:42","slug":"voici-un-guide-etat-par-etat-des-mandats-de-masques-scolaires","status":"publish","type":"post","link":"https:\/\/vieassociative.be\/actualites\/voici-un-guide-etat-par-etat-des-mandats-de-masques-scolaires\/","title":{"rendered":"Voici un guide \u00c9tat par \u00c9tat des mandats de masques scolaires"},"content":{"rendered":"<div class=\"mt-4 leading-6 md:mb-8\">Votre enfant devra-t-il porter un masque \u00e0 l&rsquo;\u00e9cole ? Cela d\u00e9pend de l&rsquo;endroit o\u00f9 vous \u00eates.<\/div>\n<p><\/p>\n<p>Alors que les enfants retournent \u00e0 l\u2019\u00e9cole \u00e0 temps plein en personne au cours des prochaines semaines alors que la variante Delta du COVID-19 fait son apparition, de nombreux parents se demandent si leurs enfants devront porter un masque.<\/p>\n<p>Dans cet esprit, les Centers for Disease Control and Prevention ont publi\u00e9 de nouvelles directives pour les \u00e9coles K-12, recommandant le port du masque universel \u00e0 l&rsquo;int\u00e9rieur pour tous les \u00e9l\u00e8ves (\u00e2g\u00e9s de 2 ans et plus), quel que soit leur statut vaccinal. Malgr\u00e9 les directives du CDC, certains \u00c9tats n&rsquo;ont pas mis en place de mandats de masques scolaires, voici donc une liste \u00e9tat par \u00e9tat pour r\u00e9sumer les r\u00e8gles l\u00e0 o\u00f9 vous vivez.<\/p>\n<p>Veuillez noter\u00a0: les politiques relatives aux masques changent constamment et les directives varient selon les districts o\u00f9 il n&rsquo;y a pas de mandat \u00e0 l&rsquo;\u00e9chelle de l&rsquo;\u00c9tat. Pour obtenir les directives les plus pr\u00e9cises sur les masques, v\u00e9rifiez aupr\u00e8s de votre district scolaire local. <\/p>\n<h2 id=\"alabama\">Alabama<\/h2>\n<p>Bien qu&rsquo;il n&rsquo;y ait pas de mandat \u00e0 l&rsquo;\u00e9chelle de l&rsquo;\u00c9tat, selon AL.com, au moins 58 des 149 districts scolaires publics de l&rsquo;Alabama exigent d\u00e9sormais des masques pour les \u00e9l\u00e8ves.<\/p>\n<h2 id=\"alaska\"><strong>Alaska<\/strong><\/h2>\n<p>Malgr\u00e9 l&rsquo;absence de mandat \u00e0 l&rsquo;\u00e9chelle de l&rsquo;\u00c9tat, sept des 10 plus grands districts scolaires de l&rsquo;\u00c9tat, dont Anchorage et Juneau, exigent le masquage universel. <\/p>\n<h2 id=\"arizona\">Arizona<\/h2>\n<p>Au moins 10 districts scolaires, dont Phoenix Elementary et Phoenix Union High School District, d\u00e9fient l&rsquo;interdiction impos\u00e9e par le gouverneur de l&rsquo;Arizona, Doug Ducey, sur les mandats de masques en exigeant que leurs \u00e9l\u00e8ves portent des masques (ce qui incite \u00e0 une bataille judiciaire en cours). <\/p>\n<h2 id=\"arkansas\">Arkansas<\/h2>\n<p>Bien que le gouverneur Asa Hutchinson ait sign\u00e9 une loi en avril interdisant aux \u00e9coles d&rsquo;exiger des masques, il s&rsquo;efforce d\u00e9sormais de lever cette interdiction, d\u00e9clarant \u00e0 l&rsquo;Associated Press : \u00ab Tout a chang\u00e9 maintenant. Et oui, avec le recul, j\u2019aurais aim\u00e9 que cela ne devienne pas une loi. <\/p>\n<h2 id=\"california\">Californie<\/h2>\n<p>La Californie exige que tous les \u00e9l\u00e8ves des \u00e9coles publiques portent des masques. <\/p>\n<h2 id=\"colorado\">Colorado<\/h2>\n<p>L&rsquo;\u00c9tat du Centenaire n&rsquo;a pas de mandat de masque pour les \u00e9coliers, mais les districts scolaires de Denver et de Jeffco l&rsquo;exigeront. <\/p>\n<h2 id=\"connecticut\">Connecticut<\/h2>\n<p>Le gouverneur Ned Lamont a mis en vigueur une politique de masques \u00e0 l\u2019\u00e9chelle de l\u2019\u00c9tat. Alors que les services locaux de sant\u00e9 publique et d\u2019\u00e9ducation publieront des politiques mises \u00e0 jour avant le d\u00e9but de l\u2019ann\u00e9e scolaire, les \u00e9coles devraient suivre la politique \u00e0 l\u2019\u00e9chelle de l\u2019\u00c9tat d\u2019ici l\u00e0. <\/p>\n<h2 id=\"delaware\">Delaware<\/h2>\n<p>Le Delaware exige que tous les \u00e9tudiants portent des masques. <\/p>\n<h2 id=\"florida\">Floride<\/h2>\n<p>Bien que le gouverneur de Floride, Ron DeSantis, ait qualifi\u00e9 les recommandations de l&rsquo;administration Biden concernant les enfants d&rsquo;\u00e2ge scolaire de \u00ab non scientifiques et incoh\u00e9rentes \u00bb et ait sign\u00e9 un d\u00e9cret prot\u00e9geant la libert\u00e9 des parents de choisir si leurs enfants portent des masques, certains comt\u00e9s ont annonc\u00e9 que les masques seront obligatoires pour l&rsquo;ann\u00e9e 2021. -Ann\u00e9e scolaire 2022.<\/p>\n<h2 id=\"georgia\">G\u00e9orgie<\/h2>\n<p>Bien qu&rsquo;il n&rsquo;y ait pas d&rsquo;obligation de masque \u00e0 l&rsquo;\u00e9chelle de l&rsquo;\u00c9tat en G\u00e9orgie, le maire d&rsquo;Atlanta, Keisha Lance Bottoms, exige des masques faciaux dans la ville, y compris dans plus de 100 \u00e9coles. <\/p>\n<h2 id=\"hawaii\">Hawaii<\/h2>\n<p>Tous les \u00e9tudiants de l\u2019\u00c9tat d\u2019Aloha doivent porter des masques. <\/p>\n<h2 id=\"idaho\">Idaho<\/h2>\n<p>Bien qu&rsquo;il n&rsquo;y ait pas de mandat \u00e0 l&rsquo;\u00e9chelle de l&rsquo;\u00c9tat de l&rsquo;Idaho, le district scolaire de Boise exige des masques. <\/p>\n<h2 id=\"illinois\">Illinois<\/h2>\n<p>D\u00e9but ao\u00fbt, citant \u00ab notre trajectoire actuelle en mati\u00e8re d\u2019hospitalisations et d\u2019utilisation des soins intensifs \u00bb, le gouverneur JB Pritzker a annonc\u00e9 que des masques seraient obligatoires pour tous les \u00e9tudiants. <\/p>\n<h2 id=\"indiana\">Indiana<\/h2>\n<p>Il n&rsquo;y a pas d&rsquo;obligation de masque \u00e0 l&rsquo;\u00e9chelle de l&rsquo;\u00c9tat de l&rsquo;Indiana, mais un nombre croissant de districts scolaires du centre de l&rsquo;Indiana l&rsquo;exigent apr\u00e8s avoir constat\u00e9 une augmentation des cas de COVID-19 depuis l&rsquo;ouverture des \u00e9coles. <\/p>\n<h2 id=\"iowa\">Iowa<\/h2>\n<p>L\u2019\u00c9tat de l\u2019Iowa a interdit aux \u00e9coles d\u2019exiger des masques. <\/p>\n<h2 id=\"kansas\">Kansas<\/h2>\n<p>Les \u00e9coles du Kansas ont la possibilit\u00e9 d\u2019imposer le port du masque. Le plus grand district de l&rsquo;\u00c9tat, les \u00e9coles publiques de Wichita, encouragera mais n&rsquo;exigera pas le port de masques \u00e0 l&rsquo;int\u00e9rieur. <\/p>\n<h2 id=\"kentucky\">Kentucky<\/h2>\n<p>Tous les \u00e9tudiants du Kentucky doivent porter des masques. Le gouverneur du Kentucky, Andy Beshear, a annonc\u00e9 le mandat de toutes les \u00e9coles K-12 le 10 ao\u00fbt. <\/p>\n<h2 id=\"louisiana\">Louisiane<\/h2>\n<p>En Louisiane, les masques sont obligatoires dans tous les lieux int\u00e9rieurs, y compris les \u00e9coles, quel que soit le statut vaccinal. <\/p>\n<h2 id=\"maine\">Maine<\/h2>\n<p>Le plus grand district scolaire du Maine, les \u00e9coles publiques de Portland, exigera un masquage universel, contrairement \u00e0 de nombreux autres districts scolaires. <\/p>\n<h2 id=\"maryland\">Maryland<\/h2>\n<p>Il n&rsquo;y a pas d&rsquo;obligation de porter un masque dans les \u00e9coles du Maryland, mais les \u00e9l\u00e8ves des districts scolaires de Baltimore City, Frederick, Montgomery et Prince George devront porter des masques \u00e0 l&rsquo;\u00e9cole. <\/p>\n<h2 id=\"massachusetts\">Massachusetts<\/h2>\n<p>Les districts scolaires du Massachusetts pourront d\u00e9cider individuellement s\u2019ils exigent ou non des masques pour les \u00e9l\u00e8ves. Les districts de Boston, Springfield et Amherst ont d\u00e9j\u00e0 pris la d\u00e9cision de leur confier cette \u00e9cole cette ann\u00e9e. <\/p>\n<h2 id=\"michigan\">Michigan<\/h2>\n<p>Bien que le minist\u00e8re de la Sant\u00e9 et des Services sociaux du Michigan encourage fortement le port du masque dans les \u00e9coles, les mandats de masques sont \u00e0 la discr\u00e9tion des districts locaux. <\/p>\n<h2 id=\"minnesota\">Minnesota<\/h2>\n<p>L&rsquo;\u00c9tat du Minnesota n&rsquo;exige pas de masques dans les \u00e9coles, mais ses plus hauts responsables de la sant\u00e9 et de l&rsquo;\u00e9ducation ont recommand\u00e9 le port du masque universel \u00e0 l&rsquo;int\u00e9rieur pour toute personne (de plus de 2 ans) en milieu scolaire. <\/p>\n<h2 id=\"mississippi\">Mississippi<\/h2>\n<p>Qualifiant les directives mises \u00e0 jour du CDC sur le port de masques de \u00ab stupides \u00bb, le gouverneur du Mississippi, Tate Reeves, n&rsquo;a pas \u00e9mis d&rsquo;obligation \u00e0 l&rsquo;\u00e9chelle de l&rsquo;\u00c9tat pour les couvre-visages dans les \u00e9coles (malgr\u00e9 l&rsquo;appel de l&rsquo;Association des \u00e9ducateurs du Mississippi).<\/p>\n<h2 id=\"missouri\">Missouri<\/h2>\n<p>Bien que les \u00e9coles publiques de Kansas City exigent que leur personnel se fasse vacciner contre le COVID-19 ou participe \u00e0 des tests hebdomadaires, les conseils scolaires locaux d\u00e9cideront si leurs \u00e9l\u00e8ves doivent les porter. <\/p>\n<h2 id=\"montana\">Montana<\/h2>\n<p>Bien que le Montana ait recommand\u00e9 le masquage \u00e0 l\u2019int\u00e9rieur pour les \u00e9tudiants, il n\u2019y a pas d\u2019exigence \u00e0 l\u2019\u00e9chelle de l\u2019\u00c9tat. <\/p>\n<h2 id=\"nebraska\">Nebraska<\/h2>\n<p>Au Nebraska, les \u00e9coles ont la possibilit\u00e9 de rendre obligatoire le port du masque. Plusieurs districts, dont les \u00e9coles publiques d&rsquo;Omaha, la plus grande de l&rsquo;\u00c9tat, exigeront que les masques soient port\u00e9s \u00e0 l&rsquo;int\u00e9rieur. <\/p>\n<h2 id=\"nevada\">Nevada<\/h2>\n<p>Dans les plus grands comt\u00e9s de l\u2019\u00c9tat, Clark et Washoe, les masques sont obligatoires. Dans les 15 autres comt\u00e9s, c&rsquo;est aux districts de d\u00e9cider. <\/p>\n<h2 id=\"new-hampshire\">New Hampshire<\/h2>\n<p>Les \u00e9coles du New Hampshire ont la possibilit\u00e9 d\u2019imposer le port du masque, mais n\u2019y sont pas oblig\u00e9es. <\/p>\n<h2 id=\"new-jersey\">New Jersey<\/h2>\n<p>Tous les \u00e9l\u00e8ves du Garden State retourneront \u00e0 l\u2019\u00e9cole avec des masques.<\/p>\n<h2 id=\"new-mexico\">New Mexico<\/h2>\n<p>Bien que les \u00e9l\u00e8ves vaccin\u00e9s des coll\u00e8ges et lyc\u00e9es ne soient pas tenus de porter un couvre-visage au Nouveau-Mexique, des masques sont obligatoires pour les \u00e9l\u00e8ves du primaire et le personnel dans tout l&rsquo;\u00c9tat, quel que soit leur statut vaccinal. <\/p>\n<h2 id=\"new-york\">New York <\/h2>\n<p>Les \u00e9coles ont la possibilit\u00e9 d&rsquo;imposer des masques dans l&rsquo;\u00c9tat de New York (et la nouvelle gouverneure Kathy Hochul a d\u00e9clar\u00e9 qu&rsquo;elle soutenait l&rsquo;obligation de masques pour les enfants \u00e0 l&rsquo;\u00e9cole). Les \u00e9coles de la ville de New York en auront besoin quel que soit le statut vaccinal. <\/p>\n<h2 id=\"north-carolina\">Caroline du Nord<\/h2>\n<p>Les \u00e9coles de Caroline du Nord ont la possibilit\u00e9 d&rsquo;imposer des masques. Selon le Citizen Times, 55 des 115 districts de l&rsquo;\u00c9tat ont rendu obligatoire le port du couvre-visage, tandis que 54 l&rsquo;ont rendu facultatif.<\/p>\n<h2 id=\"north-dakota\">Dakota du Nord<\/h2>\n<p>Les districts scolaires d\u00e9cideront si leurs \u00e9l\u00e8ves devront porter des masques dans le Dakota du Nord. <\/p>\n<h2 id=\"ohio\">Ohio<\/h2>\n<p>Il n\u2019y a pas d\u2019obligation de masque \u00e0 l\u2019\u00e9chelle de l\u2019\u00c9tat pour les \u00e9coles de l\u2019Ohio\u00a0; cependant, les \u00e9coles de Columbus, Cleveland et Akron en feront une exigence. <\/p>\n<h2 id=\"oklahoma\">Oklahoma<\/h2>\n<p>Les masques ne sont pas obligatoires dans les \u00e9coles de l\u2019Oklahoma. Lors d\u2019une conf\u00e9rence de presse en juillet, le gouverneur Kevin Stitt a exclu l\u2019obligation de porter un masque dans les \u00e9coles en d\u00e9clarant : \u00ab Il s\u2019agit d\u2019une question de responsabilit\u00e9 personnelle. Il s\u2019agit de libert\u00e9s. <\/p>\n<h2 id=\"oregon\">Oregon<\/h2>\n<p>Les masques sont obligatoires dans toutes les \u00e9coles de l\u2019Oregon. <\/p>\n<h2 id=\"pennsylvania\">Pennsylvanie<\/h2>\n<p>En Pennsylvanie, la d\u00e9cision d&rsquo;imposer le port du masque a \u00e9t\u00e9 laiss\u00e9e \u00e0 la discr\u00e9tion de chaque district scolaire. <\/p>\n<h2 id=\"rhode-island\">Rhode Island<\/h2>\n<p>Bien que le gouverneur Dan McKee n&rsquo;ait pas rendu le port du masque obligatoire dans les \u00e9coles, il fait d\u00e9sormais face \u00e0 la pression de dizaines de l\u00e9gislateurs du Rhode Island pour qu&rsquo;il impose un masque obligatoire \u00e0 l&rsquo;\u00e9chelle de l&rsquo;\u00c9tat. <\/p>\n<h2 id=\"south-carolina\">Caroline du Sud<\/h2>\n<p>Il est interdit aux \u00e9coles de Caroline du Sud d\u2019imposer des masques. <\/p>\n<h2 id=\"south-dakota\">Dakota du Sud<\/h2>\n<p>Fin juillet, la gouverneure Kristi Noem a tweet\u00e9 : \u00ab Je ne publierai aucune directive \u00e0 l\u2019\u00e9chelle de l\u2019\u00c9tat exigeant ou interdisant les masques dans nos \u00e9coles. \u00bb Cependant, plusieurs districts dont Sioux Falls et Rapid City en auront besoin. <\/p>\n<h2 id=\"tennessee\">Tennessee<\/h2>\n<p>La loi actuelle de l\u2019\u00c9tat autorise les districts scolaires \u00e0 imposer des masques s\u2019ils le souhaitent. Des mandats sont d\u00e9j\u00e0 en place dans les \u00e9coles de Memphis et de Nashville. <\/p>\n<h2 id=\"texas\">Texas<\/h2>\n<p>Bien que la loi de l\u2019\u00c9tat interdise aux \u00e9coles d\u2019exiger le port du masque, les districts de Dallas, Austin et Houston d\u00e9fient la loi et l\u2019exigent \u00e0 l\u2019\u00e9cole. Le d\u00e9bat entre l&rsquo;\u00c9tat et le gouvernement local fait cependant rage, la Cour supr\u00eame du Texas ayant temporairement suspendu les ordonnances de masques dans les comt\u00e9s de Dallas et de Bexar. <\/p>\n<h2 id=\"utah\">Utah<\/h2>\n<p>Il est interdit aux \u00e9coles d\u2019imposer des masques dans l\u2019Utah.<\/p>\n<h2 id=\"vermont\">Vermont<\/h2>\n<p>Alors que l&rsquo;Agence de l&rsquo;\u00e9ducation du Vermont recommande aux \u00e9coles d&rsquo;exiger des masques pour les personnes non vaccin\u00e9es, chaque \u00e9cole a le pouvoir de d\u00e9cider si elle rend les masques obligatoires.<\/p>\n<h2 id=\"virginia\">Virginie<\/h2>\n<p>Les masques sont obligatoires dans toutes les \u00e9coles K-12 de Virginie. <\/p>\n<h2 id=\"washington\">Washington<\/h2>\n<p>Tous les \u00e9l\u00e8ves doivent porter des masques dans les \u00e9coles de l&rsquo;\u00c9tat de Washington. <\/p>\n<h2 id=\"washington-dc\">Washington DC<\/h2>\n<p>Toute personne fr\u00e9quentant une \u00e9cole publique du district de Columbia doit porter un masque cette ann\u00e9e. <\/p>\n<h2 id=\"west-virginia\">Virginie occidentale<\/h2>\n<p>Bien que la d\u00e9cision d&rsquo;imposer des masques ait \u00e9t\u00e9 laiss\u00e9e aux \u00e9coles de Virginie-Occidentale pour l&rsquo;instant, le gouverneur Jim Justice a d\u00e9clar\u00e9 qu&rsquo;il \u00e9mettrait peut-\u00eatre un mandat de masques si les tendances du COVID-19 s&rsquo;aggravaient dans l&rsquo;\u00c9tat. <\/p>\n<h2 id=\"wisconsin\">Wisconsin<\/h2>\n<p>Bien qu&rsquo;il n&rsquo;y ait aucune loi obligeant les \u00e9tudiants \u00e0 porter des masques dans le Wisconsin, les plus grands districts de l&rsquo;\u00c9tat, Madison et Milwaukee, ont mis en place un mandat de port du masque.<\/p>\n<h2 id=\"wyoming\">Wyoming<\/h2>\n<p>La question de savoir si les \u00e9l\u00e8ves portent des masques d\u00e9pend de chaque district scolaire du Wyoming.<\/p>\n<p><\/p>\n","protected":false},"excerpt":{"rendered":"<p>Votre enfant devra-t-il porter un masque \u00e0 l&rsquo;\u00e9cole ? Cela d\u00e9pend de l&rsquo;endroit o\u00f9 vous \u00eates. Alors que les enfants retournent \u00e0 l\u2019\u00e9cole \u00e0 temps<\/p>\n","protected":false},"author":1,"featured_media":4122,"comment_status":"","ping_status":"","sticky":false,"template":"","format":"standard","meta":{"footnotes":""},"categories":[37],"tags":[29,1142,461,4566,4567,676,3431,529],"class_list":["post-4121","post","type-post","status-publish","format-standard","has-post-thumbnail","hentry","category-famille","tag-des","tag-etat","tag-guide","tag-mandats","tag-masques","tag-par","tag-scolaires","tag-voici","generate-columns","tablet-grid-50","mobile-grid-100","grid-parent","grid-33"],"yoast_head":"<!-- This site is optimized with the Yoast SEO plugin v24.0 - https:\/\/yoast.com\/wordpress\/plugins\/seo\/ -->\n<title>Voici un guide \u00c9tat par \u00c9tat des mandats de masques scolaires | Vie Associative<\/title>\n<meta name=\"robots\" content=\"index, follow, max-snippet:-1, max-image-preview:large, max-video-preview:-1\" \/>\n<link rel=\"canonical\" href=\"https:\/\/vieassociative.be\/actualites\/voici-un-guide-etat-par-etat-des-mandats-de-masques-scolaires\/\" \/>\n<meta property=\"og:locale\" content=\"fr_FR\" \/>\n<meta property=\"og:type\" content=\"article\" \/>\n<meta property=\"og:title\" content=\"Voici un guide \u00c9tat par \u00c9tat des mandats de masques scolaires | Vie Associative\" \/>\n<meta property=\"og:description\" content=\"Votre enfant devra-t-il porter un masque \u00e0 l&rsquo;\u00e9cole ? Cela d\u00e9pend de l&rsquo;endroit o\u00f9 vous \u00eates. Alors que les enfants retournent \u00e0 l\u2019\u00e9cole \u00e0 temps\" \/>\n<meta property=\"og:url\" content=\"https:\/\/vieassociative.be\/actualites\/voici-un-guide-etat-par-etat-des-mandats-de-masques-scolaires\/\" \/>\n<meta property=\"og:site_name\" content=\"Vie Associative\" \/>\n<meta property=\"article:published_time\" content=\"2025-01-07T05:20:42+00:00\" \/>\n<meta property=\"og:image\" content=\"https:\/\/vieassociative.be\/actualites\/wp-content\/uploads\/2024\/09\/header_backgroundk-01-e1726694325946.png\" \/>\n\t<meta property=\"og:image:width\" content=\"279\" \/>\n\t<meta property=\"og:image:height\" content=\"92\" \/>\n\t<meta property=\"og:image:type\" content=\"image\/png\" \/>\n<meta name=\"author\" content=\"Julien\" \/>\n<meta name=\"twitter:card\" content=\"summary_large_image\" \/>\n<meta name=\"twitter:label1\" content=\"\u00c9crit par\" \/>\n\t<meta name=\"twitter:data1\" content=\"Julien\" \/>\n\t<meta name=\"twitter:label2\" content=\"Dur\u00e9e de lecture est.\" \/>\n\t<meta name=\"twitter:data2\" content=\"9 minutes\" \/>\n<script type=\"application\/ld+json\" class=\"yoast-schema-graph\">{\"@context\":\"https:\/\/schema.org\",\"@graph\":[{\"@type\":\"Article\",\"@id\":\"https:\/\/vieassociative.be\/actualites\/voici-un-guide-etat-par-etat-des-mandats-de-masques-scolaires\/#article\",\"isPartOf\":{\"@id\":\"https:\/\/vieassociative.be\/actualites\/voici-un-guide-etat-par-etat-des-mandats-de-masques-scolaires\/\"},\"author\":{\"name\":\"Julien\",\"@id\":\"https:\/\/vieassociative.be\/actualites\/#\/schema\/person\/b87ac4f82f9d4e7b7cec7395b679edc4\"},\"headline\":\"Voici un guide \u00c9tat par \u00c9tat des mandats de masques scolaires\",\"datePublished\":\"2025-01-07T05:20:42+00:00\",\"dateModified\":\"2025-01-07T05:20:42+00:00\",\"mainEntityOfPage\":{\"@id\":\"https:\/\/vieassociative.be\/actualites\/voici-un-guide-etat-par-etat-des-mandats-de-masques-scolaires\/\"},\"wordCount\":1899,\"publisher\":{\"@id\":\"https:\/\/vieassociative.be\/actualites\/#organization\"},\"image\":{\"@id\":\"https:\/\/vieassociative.be\/actualites\/voici-un-guide-etat-par-etat-des-mandats-de-masques-scolaires\/#primaryimage\"},\"thumbnailUrl\":\"https:\/\/vieassociative.be\/actualites\/wp-content\/uploads\/2025\/01\/Voici-un-guide-Etat-par-Etat-des-mandats-de-masques.jpg\",\"keywords\":[\"Des\",\"\u00e9tat\",\"Guide\",\"mandats\",\"masques\",\"par\",\"scolaires\",\"Voici\"],\"articleSection\":[\"Famille\"],\"inLanguage\":\"fr-BE\"},{\"@type\":\"WebPage\",\"@id\":\"https:\/\/vieassociative.be\/actualites\/voici-un-guide-etat-par-etat-des-mandats-de-masques-scolaires\/\",\"url\":\"https:\/\/vieassociative.be\/actualites\/voici-un-guide-etat-par-etat-des-mandats-de-masques-scolaires\/\",\"name\":\"Voici un guide \u00c9tat par \u00c9tat des mandats de masques scolaires | Vie Associative\",\"isPartOf\":{\"@id\":\"https:\/\/vieassociative.be\/actualites\/#website\"},\"primaryImageOfPage\":{\"@id\":\"https:\/\/vieassociative.be\/actualites\/voici-un-guide-etat-par-etat-des-mandats-de-masques-scolaires\/#primaryimage\"},\"image\":{\"@id\":\"https:\/\/vieassociative.be\/actualites\/voici-un-guide-etat-par-etat-des-mandats-de-masques-scolaires\/#primaryimage\"},\"thumbnailUrl\":\"https:\/\/vieassociative.be\/actualites\/wp-content\/uploads\/2025\/01\/Voici-un-guide-Etat-par-Etat-des-mandats-de-masques.jpg\",\"datePublished\":\"2025-01-07T05:20:42+00:00\",\"dateModified\":\"2025-01-07T05:20:42+00:00\",\"breadcrumb\":{\"@id\":\"https:\/\/vieassociative.be\/actualites\/voici-un-guide-etat-par-etat-des-mandats-de-masques-scolaires\/#breadcrumb\"},\"inLanguage\":\"fr-BE\",\"potentialAction\":[{\"@type\":\"ReadAction\",\"target\":[\"https:\/\/vieassociative.be\/actualites\/voici-un-guide-etat-par-etat-des-mandats-de-masques-scolaires\/\"]}]},{\"@type\":\"ImageObject\",\"inLanguage\":\"fr-BE\",\"@id\":\"https:\/\/vieassociative.be\/actualites\/voici-un-guide-etat-par-etat-des-mandats-de-masques-scolaires\/#primaryimage\",\"url\":\"https:\/\/vieassociative.be\/actualites\/wp-content\/uploads\/2025\/01\/Voici-un-guide-Etat-par-Etat-des-mandats-de-masques.jpg\",\"contentUrl\":\"https:\/\/vieassociative.be\/actualites\/wp-content\/uploads\/2025\/01\/Voici-un-guide-Etat-par-Etat-des-mandats-de-masques.jpg\",\"width\":1200,\"height\":675,\"caption\":\"Voici un guide \u00c9tat par \u00c9tat des mandats de masques scolaires\"},{\"@type\":\"BreadcrumbList\",\"@id\":\"https:\/\/vieassociative.be\/actualites\/voici-un-guide-etat-par-etat-des-mandats-de-masques-scolaires\/#breadcrumb\",\"itemListElement\":[{\"@type\":\"ListItem\",\"position\":1,\"name\":\"Accueil\",\"item\":\"https:\/\/vieassociative.be\/actualites\/\"},{\"@type\":\"ListItem\",\"position\":2,\"name\":\"Voici un guide \u00c9tat par \u00c9tat des mandats de masques scolaires\"}]},{\"@type\":\"WebSite\",\"@id\":\"https:\/\/vieassociative.be\/actualites\/#website\",\"url\":\"https:\/\/vieassociative.be\/actualites\/\",\"name\":\"Vie Associative\",\"description\":\"\",\"publisher\":{\"@id\":\"https:\/\/vieassociative.be\/actualites\/#organization\"},\"potentialAction\":[{\"@type\":\"SearchAction\",\"target\":{\"@type\":\"EntryPoint\",\"urlTemplate\":\"https:\/\/vieassociative.be\/actualites\/?s={search_term_string}\"},\"query-input\":{\"@type\":\"PropertyValueSpecification\",\"valueRequired\":true,\"valueName\":\"search_term_string\"}}],\"inLanguage\":\"fr-BE\"},{\"@type\":\"Organization\",\"@id\":\"https:\/\/vieassociative.be\/actualites\/#organization\",\"name\":\"Vie Associative\",\"url\":\"https:\/\/vieassociative.be\/actualites\/\",\"logo\":{\"@type\":\"ImageObject\",\"inLanguage\":\"fr-BE\",\"@id\":\"https:\/\/vieassociative.be\/actualites\/#\/schema\/logo\/image\/\",\"url\":\"https:\/\/vieassociative.be\/actualites\/wp-content\/uploads\/2024\/09\/cropped-vieassociative_favicon.ico.png\",\"contentUrl\":\"https:\/\/vieassociative.be\/actualites\/wp-content\/uploads\/2024\/09\/cropped-vieassociative_favicon.ico.png\",\"width\":512,\"height\":512,\"caption\":\"Vie Associative\"},\"image\":{\"@id\":\"https:\/\/vieassociative.be\/actualites\/#\/schema\/logo\/image\/\"}},{\"@type\":\"Person\",\"@id\":\"https:\/\/vieassociative.be\/actualites\/#\/schema\/person\/b87ac4f82f9d4e7b7cec7395b679edc4\",\"name\":\"Julien\",\"image\":{\"@type\":\"ImageObject\",\"inLanguage\":\"fr-BE\",\"@id\":\"https:\/\/vieassociative.be\/actualites\/#\/schema\/person\/image\/\",\"url\":\"https:\/\/vieassociative.be\/actualites\/wp-content\/uploads\/2024\/09\/vie-associative-1-150x150.jpg\",\"contentUrl\":\"https:\/\/vieassociative.be\/actualites\/wp-content\/uploads\/2024\/09\/vie-associative-1-150x150.jpg\",\"caption\":\"Julien\"},\"description\":\"Je suis Julien, r\u00e9dacteur pour Vie Associative. Passionn\u00e9 par le monde associatif depuis plus de 10 ans, j'ai \u00e0 c\u0153ur de partager des histoires inspirantes et de mettre en lumi\u00e8re les initiatives locales. Mon objectif est de sensibiliser et d'encourager l'engagement communautaire \u00e0 travers mes articles.\",\"sameAs\":[\"https:\/\/vieassociative.be\/\"]}]}<\/script>\n<!-- \/ Yoast SEO plugin. -->","yoast_head_json":{"title":"Voici un guide \u00c9tat par \u00c9tat des mandats de masques scolaires | Vie Associative","robots":{"index":"index","follow":"follow","max-snippet":"max-snippet:-1","max-image-preview":"max-image-preview:large","max-video-preview":"max-video-preview:-1"},"canonical":"https:\/\/vieassociative.be\/actualites\/voici-un-guide-etat-par-etat-des-mandats-de-masques-scolaires\/","og_locale":"fr_FR","og_type":"article","og_title":"Voici un guide \u00c9tat par \u00c9tat des mandats de masques scolaires | Vie Associative","og_description":"Votre enfant devra-t-il porter un masque \u00e0 l&rsquo;\u00e9cole ? Cela d\u00e9pend de l&rsquo;endroit o\u00f9 vous \u00eates. Alors que les enfants retournent \u00e0 l\u2019\u00e9cole \u00e0 temps","og_url":"https:\/\/vieassociative.be\/actualites\/voici-un-guide-etat-par-etat-des-mandats-de-masques-scolaires\/","og_site_name":"Vie Associative","article_published_time":"2025-01-07T05:20:42+00:00","og_image":[{"width":279,"height":92,"url":"https:\/\/vieassociative.be\/actualites\/wp-content\/uploads\/2024\/09\/header_backgroundk-01-e1726694325946.png","type":"image\/png"}],"author":"Julien","twitter_card":"summary_large_image","twitter_misc":{"\u00c9crit par":"Julien","Dur\u00e9e de lecture est.":"9 minutes"},"schema":{"@context":"https:\/\/schema.org","@graph":[{"@type":"Article","@id":"https:\/\/vieassociative.be\/actualites\/voici-un-guide-etat-par-etat-des-mandats-de-masques-scolaires\/#article","isPartOf":{"@id":"https:\/\/vieassociative.be\/actualites\/voici-un-guide-etat-par-etat-des-mandats-de-masques-scolaires\/"},"author":{"name":"Julien","@id":"https:\/\/vieassociative.be\/actualites\/#\/schema\/person\/b87ac4f82f9d4e7b7cec7395b679edc4"},"headline":"Voici un guide \u00c9tat par \u00c9tat des mandats de masques scolaires","datePublished":"2025-01-07T05:20:42+00:00","dateModified":"2025-01-07T05:20:42+00:00","mainEntityOfPage":{"@id":"https:\/\/vieassociative.be\/actualites\/voici-un-guide-etat-par-etat-des-mandats-de-masques-scolaires\/"},"wordCount":1899,"publisher":{"@id":"https:\/\/vieassociative.be\/actualites\/#organization"},"image":{"@id":"https:\/\/vieassociative.be\/actualites\/voici-un-guide-etat-par-etat-des-mandats-de-masques-scolaires\/#primaryimage"},"thumbnailUrl":"https:\/\/vieassociative.be\/actualites\/wp-content\/uploads\/2025\/01\/Voici-un-guide-Etat-par-Etat-des-mandats-de-masques.jpg","keywords":["Des","\u00e9tat","Guide","mandats","masques","par","scolaires","Voici"],"articleSection":["Famille"],"inLanguage":"fr-BE"},{"@type":"WebPage","@id":"https:\/\/vieassociative.be\/actualites\/voici-un-guide-etat-par-etat-des-mandats-de-masques-scolaires\/","url":"https:\/\/vieassociative.be\/actualites\/voici-un-guide-etat-par-etat-des-mandats-de-masques-scolaires\/","name":"Voici un guide \u00c9tat par \u00c9tat des mandats de masques scolaires | Vie Associative","isPartOf":{"@id":"https:\/\/vieassociative.be\/actualites\/#website"},"primaryImageOfPage":{"@id":"https:\/\/vieassociative.be\/actualites\/voici-un-guide-etat-par-etat-des-mandats-de-masques-scolaires\/#primaryimage"},"image":{"@id":"https:\/\/vieassociative.be\/actualites\/voici-un-guide-etat-par-etat-des-mandats-de-masques-scolaires\/#primaryimage"},"thumbnailUrl":"https:\/\/vieassociative.be\/actualites\/wp-content\/uploads\/2025\/01\/Voici-un-guide-Etat-par-Etat-des-mandats-de-masques.jpg","datePublished":"2025-01-07T05:20:42+00:00","dateModified":"2025-01-07T05:20:42+00:00","breadcrumb":{"@id":"https:\/\/vieassociative.be\/actualites\/voici-un-guide-etat-par-etat-des-mandats-de-masques-scolaires\/#breadcrumb"},"inLanguage":"fr-BE","potentialAction":[{"@type":"ReadAction","target":["https:\/\/vieassociative.be\/actualites\/voici-un-guide-etat-par-etat-des-mandats-de-masques-scolaires\/"]}]},{"@type":"ImageObject","inLanguage":"fr-BE","@id":"https:\/\/vieassociative.be\/actualites\/voici-un-guide-etat-par-etat-des-mandats-de-masques-scolaires\/#primaryimage","url":"https:\/\/vieassociative.be\/actualites\/wp-content\/uploads\/2025\/01\/Voici-un-guide-Etat-par-Etat-des-mandats-de-masques.jpg","contentUrl":"https:\/\/vieassociative.be\/actualites\/wp-content\/uploads\/2025\/01\/Voici-un-guide-Etat-par-Etat-des-mandats-de-masques.jpg","width":1200,"height":675,"caption":"Voici un guide \u00c9tat par \u00c9tat des mandats de masques scolaires"},{"@type":"BreadcrumbList","@id":"https:\/\/vieassociative.be\/actualites\/voici-un-guide-etat-par-etat-des-mandats-de-masques-scolaires\/#breadcrumb","itemListElement":[{"@type":"ListItem","position":1,"name":"Accueil","item":"https:\/\/vieassociative.be\/actualites\/"},{"@type":"ListItem","position":2,"name":"Voici un guide \u00c9tat par \u00c9tat des mandats de masques scolaires"}]},{"@type":"WebSite","@id":"https:\/\/vieassociative.be\/actualites\/#website","url":"https:\/\/vieassociative.be\/actualites\/","name":"Vie Associative","description":"","publisher":{"@id":"https:\/\/vieassociative.be\/actualites\/#organization"},"potentialAction":[{"@type":"SearchAction","target":{"@type":"EntryPoint","urlTemplate":"https:\/\/vieassociative.be\/actualites\/?s={search_term_string}"},"query-input":{"@type":"PropertyValueSpecification","valueRequired":true,"valueName":"search_term_string"}}],"inLanguage":"fr-BE"},{"@type":"Organization","@id":"https:\/\/vieassociative.be\/actualites\/#organization","name":"Vie Associative","url":"https:\/\/vieassociative.be\/actualites\/","logo":{"@type":"ImageObject","inLanguage":"fr-BE","@id":"https:\/\/vieassociative.be\/actualites\/#\/schema\/logo\/image\/","url":"https:\/\/vieassociative.be\/actualites\/wp-content\/uploads\/2024\/09\/cropped-vieassociative_favicon.ico.png","contentUrl":"https:\/\/vieassociative.be\/actualites\/wp-content\/uploads\/2024\/09\/cropped-vieassociative_favicon.ico.png","width":512,"height":512,"caption":"Vie Associative"},"image":{"@id":"https:\/\/vieassociative.be\/actualites\/#\/schema\/logo\/image\/"}},{"@type":"Person","@id":"https:\/\/vieassociative.be\/actualites\/#\/schema\/person\/b87ac4f82f9d4e7b7cec7395b679edc4","name":"Julien","image":{"@type":"ImageObject","inLanguage":"fr-BE","@id":"https:\/\/vieassociative.be\/actualites\/#\/schema\/person\/image\/","url":"https:\/\/vieassociative.be\/actualites\/wp-content\/uploads\/2024\/09\/vie-associative-1-150x150.jpg","contentUrl":"https:\/\/vieassociative.be\/actualites\/wp-content\/uploads\/2024\/09\/vie-associative-1-150x150.jpg","caption":"Julien"},"description":"Je suis Julien, r\u00e9dacteur pour Vie Associative. Passionn\u00e9 par le monde associatif depuis plus de 10 ans, j'ai \u00e0 c\u0153ur de partager des histoires inspirantes et de mettre en lumi\u00e8re les initiatives locales. Mon objectif est de sensibiliser et d'encourager l'engagement communautaire \u00e0 travers mes articles.","sameAs":["https:\/\/vieassociative.be\/"]}]}},"_links":{"self":[{"href":"https:\/\/vieassociative.be\/actualites\/wp-json\/wp\/v2\/posts\/4121"}],"collection":[{"href":"https:\/\/vieassociative.be\/actualites\/wp-json\/wp\/v2\/posts"}],"about":[{"href":"https:\/\/vieassociative.be\/actualites\/wp-json\/wp\/v2\/types\/post"}],"author":[{"embeddable":true,"href":"https:\/\/vieassociative.be\/actualites\/wp-json\/wp\/v2\/users\/1"}],"replies":[{"embeddable":true,"href":"https:\/\/vieassociative.be\/actualites\/wp-json\/wp\/v2\/comments?post=4121"}],"version-history":[{"count":0,"href":"https:\/\/vieassociative.be\/actualites\/wp-json\/wp\/v2\/posts\/4121\/revisions"}],"wp:featuredmedia":[{"embeddable":true,"href":"https:\/\/vieassociative.be\/actualites\/wp-json\/wp\/v2\/media\/4122"}],"wp:attachment":[{"href":"https:\/\/vieassociative.be\/actualites\/wp-json\/wp\/v2\/media?parent=4121"}],"wp:term":[{"taxonomy":"category","embeddable":true,"href":"https:\/\/vieassociative.be\/actualites\/wp-json\/wp\/v2\/categories?post=4121"},{"taxonomy":"post_tag","embeddable":true,"href":"https:\/\/vieassociative.be\/actualites\/wp-json\/wp\/v2\/tags?post=4121"}],"curies":[{"name":"wp","href":"https:\/\/api.w.org\/{rel}","templated":true}]}}