{"id":4112,"date":"2025-01-06T21:17:36","date_gmt":"2025-01-06T20:17:36","guid":{"rendered":"https:\/\/vieassociative.be\/actualites\/le-livre-de-la-jungle-samedi-au-cinema-eupen\/"},"modified":"2025-01-06T21:17:36","modified_gmt":"2025-01-06T20:17:36","slug":"le-livre-de-la-jungle-samedi-au-cinema-eupen","status":"publish","type":"post","link":"https:\/\/vieassociative.be\/actualites\/le-livre-de-la-jungle-samedi-au-cinema-eupen\/","title":{"rendered":"\u00ab Le Livre de la Jungle \u00bb samedi au Cin\u00e9ma Eupen"},"content":{"rendered":"<p><strong>Dans le cadre du projet cin\u00e9ma R\u00e9trovision, le film culte de Disney de 1967 \u00ab Le Livre de la Jungle \u00bb sera projet\u00e9 au Cin\u00e9ma d&rsquo;Eupen le samedi 11 janvier 2025 \u00e0 15h.<\/strong><\/p>\n<p><span id=\"more-405668\"><\/span>Le film est devenu extr\u00eamement populaire, notamment en Europe, notamment gr\u00e2ce \u00e0 la bande originale. En Allemagne, c&rsquo;est m\u00eame le film qui a le plus de succ\u00e8s en termes de nombre de spectateurs.<\/p>\n<p>La panth\u00e8re Bagheera d\u00e9couvre un b\u00e9b\u00e9 humain dans la jungle indienne et l&rsquo;apporte \u00e0 une meute de loups, o\u00f9 le \u00ab gar\u00e7on humain \u00bb grandit dans l&rsquo;insouciance sous le nom de Mowgli. Dix ans plus tard, le tigre Shir Khan revient dans la r\u00e9gion. Il ne craint rien d&rsquo;autre que les gens et leurs armes \u00e0 feu et veut donc tuer Mowgli avant de pouvoir devenir chasseur.<\/p>\n<div id=\"attachment_400524\" class=\"wp-caption alignleft\" style=\"max-width: 212px\"><img fetchpriority=\"high\" decoding=\"async\" class=\"wp-image-400524 size-medium\" src=\"https:\/\/vieassociative.be\/actualites\/wp-content\/uploads\/2024\/10\/La-2eme-saison-de-Retrovision-au-Cinema-Eupen.jpg\" alt=\"\" width=\"212\" height=\"300\"  ><\/p>\n<p class=\"wp-caption-text\">Le programme de la 2\u00e8me saison de R\u00e9trovision.<\/p>\n<\/div>\n<p>Le c\u0153ur lourd, les animaux d\u00e9cident que Bagheera doit mettre le gar\u00e7on en s\u00e9curit\u00e9, mais Mowgli ne veut pas vivre avec les humains et s&rsquo;\u00e9chappe. Au cours de son voyage aventureux \u00e0 travers la jungle, il rencontre de nouveaux amis mais aussi des ennemis. Il doit apprendre \u00e0 s&rsquo;affirmer et finalement trouver un nouveau foyer.<\/p>\n<p>Le film d&rsquo;animation \u00ab Le Livre de la Jungle \u00bb est bas\u00e9 sur les c\u00e9l\u00e8bres histoires du m\u00eame nom de Rudyard Kipling de 1894 et 1895. Sous la supervision du l\u00e9gendaire producteur d&rsquo;animation Walt Disney, elles ont \u00e9t\u00e9 condens\u00e9es en une joyeuse aventure racont\u00e9e par la panth\u00e8re Bagheera.<\/p>\n<p>Dans des images peintes \u00e0 la main, les animateurs de Disney ont cr\u00e9\u00e9 un monde de jungle color\u00e9 dont les habitants animaux ont pour la plupart des traits humains sympathiques. Mowgli correspond au moule enfantin et s&rsquo;attache \u00e0 son c\u0153ur \u00e0 cause de sa gentillesse. Un jeune public peut aussi facilement s\u2019identifier \u00e0 son d\u00e9sir d\u2019\u00e9galit\u00e9 avec les animaux \u00ab adultes \u00bb.<\/p>\n<p>\u00ab Le Livre de la Jungle \u00bb se caract\u00e9rise par des dialogues humoristiques, des burlesques et des mises en situation qui caricaturent les faiblesses humaines. Des sc\u00e8nes musicales dans lesquelles les personnages animaux interpr\u00e8tent les chansons d\u00e9sormais populaires de la bande originale offrent d&rsquo;autres moments dr\u00f4les et r\u00e9fl\u00e9chis.<\/p>\n<div id=\"attachment_400536\" class=\"wp-caption alignleft\" style=\"max-width: 300px\"><img decoding=\"async\" class=\"wp-image-400536 size-medium\" src=\"https:\/\/vieassociative.be\/actualites\/wp-content\/uploads\/2025\/01\/Le-Livre-de-la-Jungle-samedi-au-Cinema.jpg\" alt=\"\" width=\"300\" height=\"200\"><\/p>\n<p class=\"wp-caption-text\">Photo : Shutterstock<\/p>\n<\/div>\n<p>L&rsquo;intrigue pleine de suspense et l&rsquo;humour du \u00ab Livre de la Jungle \u00bb offrent un divertissement intelligent aux cin\u00e9philes d\u00e8s l&rsquo;\u00e2ge pr\u00e9scolaire.<\/p>\n<h3>C&rsquo;est ainsi que \u00e7a continue chez Retrovision<\/h3>\n<p>La r\u00e9trovision continue apr\u00e8s le \u00ab Livre de la Jungle \u00bb le dimanche 16 f\u00e9vrier 2025, \u00e0 19h <strong>\u00ab Le Club des Po\u00e8tes Morts \u00bb<\/strong> de 1989. Le jeudi 13 mars 2025, \u00e0 20 heures, aura lieu la soir\u00e9e dite du poulet (r\u00e9serv\u00e9e aux dames) avec le film culte <strong>\u00ab Sale danse \u00bb<\/strong> \u00e0 partir de 1987.<\/p>\n<p>Le samedi 3 mai 2025, \u00e0 20 heures, \u00ab R\u00e9trovision \u00bb projettera un film entr\u00e9 dans l&rsquo;histoire du cin\u00e9ma : <strong>\u00ab\u00a0Joue-moi le chant de la mort\u00a0\u00bb<\/strong> \u00e0 partir de 1968 avec Charles Bronson, Henry Fonda et Claudia Cardinale comme acteurs et la musique du film d&rsquo;Ennio Morricone.<\/p>\n<p>Le dimanche 1er juin 2025, le strip sera \u00e0 19h <strong>\u00ab\u00a0Laurent d&rsquo;Arabie\u00a0\u00bb<\/strong> avec Peter O&rsquo;Toole et Anthony Quinn au programme avant le vendredi 27 juin 2025 \u00e0 20h <strong>Film de souhait<\/strong> conclut la deuxi\u00e8me saison de Retrovision.<\/p>\n<p><b><i>Plus d&rsquo;informations sur <u>R\u00e9trovision.cinema-eupen.be<\/u><\/i><\/b><\/p>\n","protected":false},"excerpt":{"rendered":"<p>Dans le cadre du projet cin\u00e9ma R\u00e9trovision, le film culte de Disney de 1967 \u00ab Le Livre de la Jungle \u00bb sera projet\u00e9 au Cin\u00e9ma<\/p>\n","protected":false},"author":1,"featured_media":4113,"comment_status":"","ping_status":"","sticky":false,"template":"","format":"standard","meta":{"footnotes":""},"categories":[298],"tags":[98,2329,2391,2390,355],"class_list":["post-4112","post","type-post","status-publish","format-standard","has-post-thumbnail","hentry","category-belgique","tag-cinema","tag-eupen","tag-jungle","tag-livre","tag-samedi","generate-columns","tablet-grid-50","mobile-grid-100","grid-parent","grid-33"],"yoast_head":"<!-- This site is optimized with the Yoast SEO plugin v24.0 - https:\/\/yoast.com\/wordpress\/plugins\/seo\/ -->\n<title>\u00ab Le Livre de la Jungle \u00bb samedi au Cin\u00e9ma Eupen | Vie Associative<\/title>\n<meta name=\"robots\" content=\"index, follow, max-snippet:-1, max-image-preview:large, max-video-preview:-1\" \/>\n<link rel=\"canonical\" href=\"https:\/\/vieassociative.be\/actualites\/le-livre-de-la-jungle-samedi-au-cinema-eupen\/\" \/>\n<meta property=\"og:locale\" content=\"fr_FR\" \/>\n<meta property=\"og:type\" content=\"article\" \/>\n<meta property=\"og:title\" content=\"\u00ab Le Livre de la Jungle \u00bb samedi au Cin\u00e9ma Eupen | Vie Associative\" \/>\n<meta property=\"og:description\" content=\"Dans le cadre du projet cin\u00e9ma R\u00e9trovision, le film culte de Disney de 1967 \u00ab Le Livre de la Jungle \u00bb sera projet\u00e9 au Cin\u00e9ma\" \/>\n<meta property=\"og:url\" content=\"https:\/\/vieassociative.be\/actualites\/le-livre-de-la-jungle-samedi-au-cinema-eupen\/\" \/>\n<meta property=\"og:site_name\" content=\"Vie Associative\" \/>\n<meta property=\"article:published_time\" content=\"2025-01-06T20:17:36+00:00\" \/>\n<meta property=\"og:image\" content=\"https:\/\/vieassociative.be\/actualites\/wp-content\/uploads\/2024\/09\/header_backgroundk-01-e1726694325946.png\" \/>\n\t<meta property=\"og:image:width\" content=\"279\" \/>\n\t<meta property=\"og:image:height\" content=\"92\" \/>\n\t<meta property=\"og:image:type\" content=\"image\/png\" \/>\n<meta name=\"author\" content=\"Julien\" \/>\n<meta name=\"twitter:card\" content=\"summary_large_image\" \/>\n<meta name=\"twitter:label1\" content=\"\u00c9crit par\" \/>\n\t<meta name=\"twitter:data1\" content=\"Julien\" \/>\n\t<meta name=\"twitter:label2\" content=\"Dur\u00e9e de lecture est.\" \/>\n\t<meta name=\"twitter:data2\" content=\"3 minutes\" \/>\n<script type=\"application\/ld+json\" class=\"yoast-schema-graph\">{\"@context\":\"https:\/\/schema.org\",\"@graph\":[{\"@type\":\"Article\",\"@id\":\"https:\/\/vieassociative.be\/actualites\/le-livre-de-la-jungle-samedi-au-cinema-eupen\/#article\",\"isPartOf\":{\"@id\":\"https:\/\/vieassociative.be\/actualites\/le-livre-de-la-jungle-samedi-au-cinema-eupen\/\"},\"author\":{\"name\":\"Julien\",\"@id\":\"https:\/\/vieassociative.be\/actualites\/#\/schema\/person\/b87ac4f82f9d4e7b7cec7395b679edc4\"},\"headline\":\"\u00ab Le Livre de la Jungle \u00bb samedi au Cin\u00e9ma Eupen\",\"datePublished\":\"2025-01-06T20:17:36+00:00\",\"dateModified\":\"2025-01-06T20:17:36+00:00\",\"mainEntityOfPage\":{\"@id\":\"https:\/\/vieassociative.be\/actualites\/le-livre-de-la-jungle-samedi-au-cinema-eupen\/\"},\"wordCount\":554,\"publisher\":{\"@id\":\"https:\/\/vieassociative.be\/actualites\/#organization\"},\"image\":{\"@id\":\"https:\/\/vieassociative.be\/actualites\/le-livre-de-la-jungle-samedi-au-cinema-eupen\/#primaryimage\"},\"thumbnailUrl\":\"https:\/\/vieassociative.be\/actualites\/wp-content\/uploads\/2025\/01\/1736194657_Le-Livre-de-la-Jungle-samedi-au-Cinema.jpg\",\"keywords\":[\"cin\u00e9ma\",\"Eupen\",\"Jungle\",\"Livre\",\"samedi\"],\"articleSection\":[\"Belgique\"],\"inLanguage\":\"fr-BE\"},{\"@type\":\"WebPage\",\"@id\":\"https:\/\/vieassociative.be\/actualites\/le-livre-de-la-jungle-samedi-au-cinema-eupen\/\",\"url\":\"https:\/\/vieassociative.be\/actualites\/le-livre-de-la-jungle-samedi-au-cinema-eupen\/\",\"name\":\"\u00ab Le Livre de la Jungle \u00bb samedi au Cin\u00e9ma Eupen | Vie Associative\",\"isPartOf\":{\"@id\":\"https:\/\/vieassociative.be\/actualites\/#website\"},\"primaryImageOfPage\":{\"@id\":\"https:\/\/vieassociative.be\/actualites\/le-livre-de-la-jungle-samedi-au-cinema-eupen\/#primaryimage\"},\"image\":{\"@id\":\"https:\/\/vieassociative.be\/actualites\/le-livre-de-la-jungle-samedi-au-cinema-eupen\/#primaryimage\"},\"thumbnailUrl\":\"https:\/\/vieassociative.be\/actualites\/wp-content\/uploads\/2025\/01\/1736194657_Le-Livre-de-la-Jungle-samedi-au-Cinema.jpg\",\"datePublished\":\"2025-01-06T20:17:36+00:00\",\"dateModified\":\"2025-01-06T20:17:36+00:00\",\"breadcrumb\":{\"@id\":\"https:\/\/vieassociative.be\/actualites\/le-livre-de-la-jungle-samedi-au-cinema-eupen\/#breadcrumb\"},\"inLanguage\":\"fr-BE\",\"potentialAction\":[{\"@type\":\"ReadAction\",\"target\":[\"https:\/\/vieassociative.be\/actualites\/le-livre-de-la-jungle-samedi-au-cinema-eupen\/\"]}]},{\"@type\":\"ImageObject\",\"inLanguage\":\"fr-BE\",\"@id\":\"https:\/\/vieassociative.be\/actualites\/le-livre-de-la-jungle-samedi-au-cinema-eupen\/#primaryimage\",\"url\":\"https:\/\/vieassociative.be\/actualites\/wp-content\/uploads\/2025\/01\/1736194657_Le-Livre-de-la-Jungle-samedi-au-Cinema.jpg\",\"contentUrl\":\"https:\/\/vieassociative.be\/actualites\/wp-content\/uploads\/2025\/01\/1736194657_Le-Livre-de-la-Jungle-samedi-au-Cinema.jpg\",\"width\":2560,\"height\":2197,\"caption\":\"\u00ab Le Livre de la Jungle \u00bb samedi au Cin\u00e9ma Eupen\"},{\"@type\":\"BreadcrumbList\",\"@id\":\"https:\/\/vieassociative.be\/actualites\/le-livre-de-la-jungle-samedi-au-cinema-eupen\/#breadcrumb\",\"itemListElement\":[{\"@type\":\"ListItem\",\"position\":1,\"name\":\"Accueil\",\"item\":\"https:\/\/vieassociative.be\/actualites\/\"},{\"@type\":\"ListItem\",\"position\":2,\"name\":\"\u00ab Le Livre de la Jungle \u00bb samedi au Cin\u00e9ma Eupen\"}]},{\"@type\":\"WebSite\",\"@id\":\"https:\/\/vieassociative.be\/actualites\/#website\",\"url\":\"https:\/\/vieassociative.be\/actualites\/\",\"name\":\"Vie Associative\",\"description\":\"\",\"publisher\":{\"@id\":\"https:\/\/vieassociative.be\/actualites\/#organization\"},\"potentialAction\":[{\"@type\":\"SearchAction\",\"target\":{\"@type\":\"EntryPoint\",\"urlTemplate\":\"https:\/\/vieassociative.be\/actualites\/?s={search_term_string}\"},\"query-input\":{\"@type\":\"PropertyValueSpecification\",\"valueRequired\":true,\"valueName\":\"search_term_string\"}}],\"inLanguage\":\"fr-BE\"},{\"@type\":\"Organization\",\"@id\":\"https:\/\/vieassociative.be\/actualites\/#organization\",\"name\":\"Vie Associative\",\"url\":\"https:\/\/vieassociative.be\/actualites\/\",\"logo\":{\"@type\":\"ImageObject\",\"inLanguage\":\"fr-BE\",\"@id\":\"https:\/\/vieassociative.be\/actualites\/#\/schema\/logo\/image\/\",\"url\":\"https:\/\/vieassociative.be\/actualites\/wp-content\/uploads\/2024\/09\/cropped-vieassociative_favicon.ico.png\",\"contentUrl\":\"https:\/\/vieassociative.be\/actualites\/wp-content\/uploads\/2024\/09\/cropped-vieassociative_favicon.ico.png\",\"width\":512,\"height\":512,\"caption\":\"Vie Associative\"},\"image\":{\"@id\":\"https:\/\/vieassociative.be\/actualites\/#\/schema\/logo\/image\/\"}},{\"@type\":\"Person\",\"@id\":\"https:\/\/vieassociative.be\/actualites\/#\/schema\/person\/b87ac4f82f9d4e7b7cec7395b679edc4\",\"name\":\"Julien\",\"image\":{\"@type\":\"ImageObject\",\"inLanguage\":\"fr-BE\",\"@id\":\"https:\/\/vieassociative.be\/actualites\/#\/schema\/person\/image\/\",\"url\":\"https:\/\/vieassociative.be\/actualites\/wp-content\/uploads\/2024\/09\/vie-associative-1-150x150.jpg\",\"contentUrl\":\"https:\/\/vieassociative.be\/actualites\/wp-content\/uploads\/2024\/09\/vie-associative-1-150x150.jpg\",\"caption\":\"Julien\"},\"description\":\"Je suis Julien, r\u00e9dacteur pour Vie Associative. Passionn\u00e9 par le monde associatif depuis plus de 10 ans, j'ai \u00e0 c\u0153ur de partager des histoires inspirantes et de mettre en lumi\u00e8re les initiatives locales. Mon objectif est de sensibiliser et d'encourager l'engagement communautaire \u00e0 travers mes articles.\",\"sameAs\":[\"https:\/\/vieassociative.be\/\"]}]}<\/script>\n<!-- \/ Yoast SEO plugin. -->","yoast_head_json":{"title":"\u00ab Le Livre de la Jungle \u00bb samedi au Cin\u00e9ma Eupen | Vie Associative","robots":{"index":"index","follow":"follow","max-snippet":"max-snippet:-1","max-image-preview":"max-image-preview:large","max-video-preview":"max-video-preview:-1"},"canonical":"https:\/\/vieassociative.be\/actualites\/le-livre-de-la-jungle-samedi-au-cinema-eupen\/","og_locale":"fr_FR","og_type":"article","og_title":"\u00ab Le Livre de la Jungle \u00bb samedi au Cin\u00e9ma Eupen | Vie Associative","og_description":"Dans le cadre du projet cin\u00e9ma R\u00e9trovision, le film culte de Disney de 1967 \u00ab Le Livre de la Jungle \u00bb sera projet\u00e9 au Cin\u00e9ma","og_url":"https:\/\/vieassociative.be\/actualites\/le-livre-de-la-jungle-samedi-au-cinema-eupen\/","og_site_name":"Vie Associative","article_published_time":"2025-01-06T20:17:36+00:00","og_image":[{"width":279,"height":92,"url":"https:\/\/vieassociative.be\/actualites\/wp-content\/uploads\/2024\/09\/header_backgroundk-01-e1726694325946.png","type":"image\/png"}],"author":"Julien","twitter_card":"summary_large_image","twitter_misc":{"\u00c9crit par":"Julien","Dur\u00e9e de lecture est.":"3 minutes"},"schema":{"@context":"https:\/\/schema.org","@graph":[{"@type":"Article","@id":"https:\/\/vieassociative.be\/actualites\/le-livre-de-la-jungle-samedi-au-cinema-eupen\/#article","isPartOf":{"@id":"https:\/\/vieassociative.be\/actualites\/le-livre-de-la-jungle-samedi-au-cinema-eupen\/"},"author":{"name":"Julien","@id":"https:\/\/vieassociative.be\/actualites\/#\/schema\/person\/b87ac4f82f9d4e7b7cec7395b679edc4"},"headline":"\u00ab Le Livre de la Jungle \u00bb samedi au Cin\u00e9ma Eupen","datePublished":"2025-01-06T20:17:36+00:00","dateModified":"2025-01-06T20:17:36+00:00","mainEntityOfPage":{"@id":"https:\/\/vieassociative.be\/actualites\/le-livre-de-la-jungle-samedi-au-cinema-eupen\/"},"wordCount":554,"publisher":{"@id":"https:\/\/vieassociative.be\/actualites\/#organization"},"image":{"@id":"https:\/\/vieassociative.be\/actualites\/le-livre-de-la-jungle-samedi-au-cinema-eupen\/#primaryimage"},"thumbnailUrl":"https:\/\/vieassociative.be\/actualites\/wp-content\/uploads\/2025\/01\/1736194657_Le-Livre-de-la-Jungle-samedi-au-Cinema.jpg","keywords":["cin\u00e9ma","Eupen","Jungle","Livre","samedi"],"articleSection":["Belgique"],"inLanguage":"fr-BE"},{"@type":"WebPage","@id":"https:\/\/vieassociative.be\/actualites\/le-livre-de-la-jungle-samedi-au-cinema-eupen\/","url":"https:\/\/vieassociative.be\/actualites\/le-livre-de-la-jungle-samedi-au-cinema-eupen\/","name":"\u00ab Le Livre de la Jungle \u00bb samedi au Cin\u00e9ma Eupen | Vie Associative","isPartOf":{"@id":"https:\/\/vieassociative.be\/actualites\/#website"},"primaryImageOfPage":{"@id":"https:\/\/vieassociative.be\/actualites\/le-livre-de-la-jungle-samedi-au-cinema-eupen\/#primaryimage"},"image":{"@id":"https:\/\/vieassociative.be\/actualites\/le-livre-de-la-jungle-samedi-au-cinema-eupen\/#primaryimage"},"thumbnailUrl":"https:\/\/vieassociative.be\/actualites\/wp-content\/uploads\/2025\/01\/1736194657_Le-Livre-de-la-Jungle-samedi-au-Cinema.jpg","datePublished":"2025-01-06T20:17:36+00:00","dateModified":"2025-01-06T20:17:36+00:00","breadcrumb":{"@id":"https:\/\/vieassociative.be\/actualites\/le-livre-de-la-jungle-samedi-au-cinema-eupen\/#breadcrumb"},"inLanguage":"fr-BE","potentialAction":[{"@type":"ReadAction","target":["https:\/\/vieassociative.be\/actualites\/le-livre-de-la-jungle-samedi-au-cinema-eupen\/"]}]},{"@type":"ImageObject","inLanguage":"fr-BE","@id":"https:\/\/vieassociative.be\/actualites\/le-livre-de-la-jungle-samedi-au-cinema-eupen\/#primaryimage","url":"https:\/\/vieassociative.be\/actualites\/wp-content\/uploads\/2025\/01\/1736194657_Le-Livre-de-la-Jungle-samedi-au-Cinema.jpg","contentUrl":"https:\/\/vieassociative.be\/actualites\/wp-content\/uploads\/2025\/01\/1736194657_Le-Livre-de-la-Jungle-samedi-au-Cinema.jpg","width":2560,"height":2197,"caption":"\u00ab Le Livre de la Jungle \u00bb samedi au Cin\u00e9ma Eupen"},{"@type":"BreadcrumbList","@id":"https:\/\/vieassociative.be\/actualites\/le-livre-de-la-jungle-samedi-au-cinema-eupen\/#breadcrumb","itemListElement":[{"@type":"ListItem","position":1,"name":"Accueil","item":"https:\/\/vieassociative.be\/actualites\/"},{"@type":"ListItem","position":2,"name":"\u00ab Le Livre de la Jungle \u00bb samedi au Cin\u00e9ma Eupen"}]},{"@type":"WebSite","@id":"https:\/\/vieassociative.be\/actualites\/#website","url":"https:\/\/vieassociative.be\/actualites\/","name":"Vie Associative","description":"","publisher":{"@id":"https:\/\/vieassociative.be\/actualites\/#organization"},"potentialAction":[{"@type":"SearchAction","target":{"@type":"EntryPoint","urlTemplate":"https:\/\/vieassociative.be\/actualites\/?s={search_term_string}"},"query-input":{"@type":"PropertyValueSpecification","valueRequired":true,"valueName":"search_term_string"}}],"inLanguage":"fr-BE"},{"@type":"Organization","@id":"https:\/\/vieassociative.be\/actualites\/#organization","name":"Vie Associative","url":"https:\/\/vieassociative.be\/actualites\/","logo":{"@type":"ImageObject","inLanguage":"fr-BE","@id":"https:\/\/vieassociative.be\/actualites\/#\/schema\/logo\/image\/","url":"https:\/\/vieassociative.be\/actualites\/wp-content\/uploads\/2024\/09\/cropped-vieassociative_favicon.ico.png","contentUrl":"https:\/\/vieassociative.be\/actualites\/wp-content\/uploads\/2024\/09\/cropped-vieassociative_favicon.ico.png","width":512,"height":512,"caption":"Vie Associative"},"image":{"@id":"https:\/\/vieassociative.be\/actualites\/#\/schema\/logo\/image\/"}},{"@type":"Person","@id":"https:\/\/vieassociative.be\/actualites\/#\/schema\/person\/b87ac4f82f9d4e7b7cec7395b679edc4","name":"Julien","image":{"@type":"ImageObject","inLanguage":"fr-BE","@id":"https:\/\/vieassociative.be\/actualites\/#\/schema\/person\/image\/","url":"https:\/\/vieassociative.be\/actualites\/wp-content\/uploads\/2024\/09\/vie-associative-1-150x150.jpg","contentUrl":"https:\/\/vieassociative.be\/actualites\/wp-content\/uploads\/2024\/09\/vie-associative-1-150x150.jpg","caption":"Julien"},"description":"Je suis Julien, r\u00e9dacteur pour Vie Associative. Passionn\u00e9 par le monde associatif depuis plus de 10 ans, j'ai \u00e0 c\u0153ur de partager des histoires inspirantes et de mettre en lumi\u00e8re les initiatives locales. Mon objectif est de sensibiliser et d'encourager l'engagement communautaire \u00e0 travers mes articles.","sameAs":["https:\/\/vieassociative.be\/"]}]}},"_links":{"self":[{"href":"https:\/\/vieassociative.be\/actualites\/wp-json\/wp\/v2\/posts\/4112"}],"collection":[{"href":"https:\/\/vieassociative.be\/actualites\/wp-json\/wp\/v2\/posts"}],"about":[{"href":"https:\/\/vieassociative.be\/actualites\/wp-json\/wp\/v2\/types\/post"}],"author":[{"embeddable":true,"href":"https:\/\/vieassociative.be\/actualites\/wp-json\/wp\/v2\/users\/1"}],"replies":[{"embeddable":true,"href":"https:\/\/vieassociative.be\/actualites\/wp-json\/wp\/v2\/comments?post=4112"}],"version-history":[{"count":0,"href":"https:\/\/vieassociative.be\/actualites\/wp-json\/wp\/v2\/posts\/4112\/revisions"}],"wp:featuredmedia":[{"embeddable":true,"href":"https:\/\/vieassociative.be\/actualites\/wp-json\/wp\/v2\/media\/4113"}],"wp:attachment":[{"href":"https:\/\/vieassociative.be\/actualites\/wp-json\/wp\/v2\/media?parent=4112"}],"wp:term":[{"taxonomy":"category","embeddable":true,"href":"https:\/\/vieassociative.be\/actualites\/wp-json\/wp\/v2\/categories?post=4112"},{"taxonomy":"post_tag","embeddable":true,"href":"https:\/\/vieassociative.be\/actualites\/wp-json\/wp\/v2\/tags?post=4112"}],"curies":[{"name":"wp","href":"https:\/\/api.w.org\/{rel}","templated":true}]}}