{"id":4097,"date":"2025-01-06T12:17:35","date_gmt":"2025-01-06T11:17:35","guid":{"rendered":"https:\/\/vieassociative.be\/actualites\/arretez-de-dire-ces-15-choses-aux-femmes-enceintes-ffs\/"},"modified":"2025-01-06T12:17:35","modified_gmt":"2025-01-06T11:17:35","slug":"arretez-de-dire-ces-15-choses-aux-femmes-enceintes-ffs","status":"publish","type":"post","link":"https:\/\/vieassociative.be\/actualites\/arretez-de-dire-ces-15-choses-aux-femmes-enceintes-ffs\/","title":{"rendered":"Arr\u00eatez de dire ces 15 choses aux femmes enceintes, FFS"},"content":{"rendered":"<div class=\"mt-4 leading-6 md:mb-8\">Poursuivre. Disons qu\u2019une personne enceinte est \u00ab \u00e9norme \u00bb. Nous vous d\u00e9fions.<\/div>\n<p><\/p>\n<p>\u00c0 un moment donn\u00e9 pendant la grossesse, g\u00e9n\u00e9ralement d\u00e8s que vous commencez \u00e0 vous montrer, de simples connaissances et des passants commencent \u00e0 dire des conneries vraiment inappropri\u00e9es aux personnes qui attendent un enfant. Alors que bon nombre de ces commentaires sont devenus si banals que la plupart des gens les consid\u00e8rent comme inoffensifs, apr\u00e8s une enqu\u00eate plus approfondie aupr\u00e8s d&rsquo;une myriade de personnes autrefois enceintes, nous sommes arriv\u00e9s \u00e0 cette conclusion formelle et fond\u00e9e sur des preuves : les gens doivent vraiment arr\u00eater de dire ces conneries.<\/p>\n<p>Bien intentionn\u00e9s ou non, ces questions et commentaires apparemment \u00ab innocents \u00bb peuvent atterrir comme une tonne de chevilles enfl\u00e9es pour quelqu&rsquo;un qui est sous hormones. Supprimons les commentaires suivants li\u00e9s \u00e0 la grossesse de notre lexique soci\u00e9tal, d&rsquo;accord\u00a0? <\/p>\n<h2>Vous avez l&rsquo;air fatigu\u00e9.<\/h2>\n<p>Oh, n&rsquo;est-ce pas ? C&rsquo;est int\u00e9ressant! Je me demande si c&rsquo;est l&rsquo;indigestion, l&rsquo;anxi\u00e9t\u00e9, les ronflements violents ou le fait que j&rsquo;ai tout un <em>personne<\/em> faire <em>backflips<\/em> dans ma maison de b\u00e9b\u00e9 \u00e0 minuit. Pensez-vous que c&rsquo;est \u00e7a, ou le fait que je ne peux pas dormir sur le dos parce que je pourrais \u00e9craser une veine qui am\u00e8ne le sang \u00e0 mon c\u0153ur ? Hmm, je me demande.<\/p>\n<h2>\u00c9tait-ce pr\u00e9vu ?<\/h2>\n<p>Eh bien, si tu dois savoir, <em>Suzanne<\/em>c&rsquo;\u00e9tait le r\u00e9sultat d&rsquo;une fornication imprudente et non prot\u00e9g\u00e9e dans les toilettes apr\u00e8s avoir aval\u00e9 un White Claws de trop lors d&rsquo;un concert de Def Leppard. C&rsquo;est ce que tu veux savoir ? OK, alors, ne posez probablement pas de questions sur le processus de r\u00e9flexion (ou son absence) qui a cr\u00e9\u00e9 le foutu miracle que vous voyez devant vous aujourd&rsquo;hui. C&rsquo;est priv\u00e9. <\/p>\n<h2><strong>Cela a l&rsquo;air inconfortable<\/strong><\/h2>\n<p>Ouah! Comme tu es observateur. Votre deuxi\u00e8me pr\u00e9nom est-il Sherlock ? Avez-vous d\u00e9j\u00e0 remport\u00e9 des m\u00e9dailles ou des concours internationaux pour vos comp\u00e9tences en recherche de haut niveau\u00a0? PS : Le FBI a appel\u00e9. Il veut que son stagiaire revienne.<\/p>\n<h2>Tu es si grand !<\/h2>\n<p>Parce que ce dont toute personne enceinte qui essaie de s\u2019habituer \u00e0 son nouveau corps qui s\u2019\u00e9tire, qui d\u00e9mange et qui est d\u00e9s\u00e9quilibr\u00e9 a besoin, c\u2019est d\u2019entendre qu\u2019elle est \u00e9norme. Tous les commentaires sur la taille ou la forme du corps d\u2019une femme enceinte sont interdits \u00e0 100 %. Assez dit. <\/p>\n<h2>Tu es si petit !<\/h2>\n<p>M\u00eame si, \u00e0 premi\u00e8re vue, cela peut ressembler \u00e0 un compliment, restez \u00e0 l\u2019\u00e9cart. Les futurs parents ont de nombreuses nouvelles peurs et inqui\u00e9tudes qui occupent leur esprit. Ils n\u2019en ont pas besoin d\u2019une autre, pour savoir si leur b\u00e9b\u00e9 atteint les \u00e9tapes de croissance correspondant \u00e0 leur \u00e2ge gestationnel ou s\u2019il est \u00ab trop petit \u00bb.<\/p>\n<h2>Est-ce des jumeaux ? (Tu es s\u00fbr ? Ils n&rsquo;ont pas toujours raison, tu sais)<\/h2>\n<p>Ha ha ha ! Cette blague sur le fait qu&rsquo;il doit y avoir <em>deux <\/em>de minuscules humains dans mon gros ventre (car sinon, comment pourrait-il atteindre une taille aussi gigantesque ?) &#8211; suivi d&rsquo;un second, <em>mieux<\/em>  La blague selon laquelle m\u00eame si des analyses de sang et des \u00e9chographies ont confirm\u00e9 qu&rsquo;il ne s&rsquo;agit que d&rsquo;un f\u0153tus, vous restez convaincu que les m\u00e9decins ont commis une erreur est hilarante. Clap lent pour l\u2019originalit\u00e9.<\/p>\n<h2>On dirait que le travail pourrait commencer \u00e0 tout moment\/Vous avez l&rsquo;air pr\u00eat \u00e0 \u00e9clater<\/h2>\n<p>Pourquoi merci, gentil \u00e9tranger dans l&rsquo;all\u00e9e des produits laitiers chez Target, d&rsquo;avoir remarqu\u00e9 que j&rsquo;ai la taille d&rsquo;une cabane en rondins et vous ne pouvez pas comprendre comment je pourrais \u00e9ventuellement devenir plus grand. Puisque nous partageons des observations invasives, vous semblez \u00eatre en retard pour ce rendez-vous d&rsquo;\u00e9lectrolyse de la l\u00e8vre sup\u00e9rieure.<\/p>\n<h2>C&rsquo;est du d\u00e9ca ?<\/h2>\n<p>Avez-vous simplement essay\u00e9 de sensibiliser une personne enceinte \u00e0 ce qu&rsquo;elle peut ing\u00e9rer dans son corps pendant la grossesse\u00a0? <em>En particulier<\/em> quand c&rsquo;est quelque chose d&rsquo;aussi inoffensif qu&rsquo;une tasse de caf\u00e9 ? Nous avons fait des recherches, d&rsquo;accord, Martha\u00a0? Nous connaissons les limites acceptables et nous en profitons. Nous avons d\u00e9j\u00e0 abandonn\u00e9 l&rsquo;alcool, les sushis, tous les fromages \u00e0 p\u00e2te molle, la charcuterie et la laitue en sachet. Ne prenez pas non plus notre tasse de caf\u00e9 (moins de 100 mg de caf\u00e9ine)\u00a0! Nous supplions. <\/p>\n<h2><strong>Allez-vous accoucher naturellement ?<\/strong><\/h2>\n<p><em>Ou allez-vous recevoir une p\u00e9ridurale hautement toxique ? Voulez-vous vraiment droguer votre nouveau-n\u00e9 ?!<\/em><\/p>\n<p>C&rsquo;est du moins ce que peut ressentir cette question. Si un ami proche vous demande si vous envisagez de prendre des analg\u00e9siques pendant le travail, c&rsquo;est une chose. Mais les gens que vous connaissez \u00e0 peine doivent \u00e9viter de s&rsquo;int\u00e9resser \u00e0 ce sujet personnel, car cela donne l&rsquo;impression qu&rsquo;ils sont soit 1) en train de juger silencieusement vos choix de naissance, soit 2) sur le point de vous livrer des conseils et des histoires non sollicit\u00e9s sur leur exp\u00e9rience, ce qui est tous deux nul. <\/p>\n<h2>C&rsquo;est une bonne chance de frotter le ventre d&rsquo;une femme enceinte (et j&rsquo;ai besoin de toute la chance possible)<\/h2>\n<p>Suivi de \u2014 mes yeux me trompent-ils ? \u2014 un <em>parfait inconnu<\/em> s&rsquo;aider \u00e0 votre abdomen. Lui donner quelques frottements effrayants, sans permission, pour <em>leur<\/em> avantage. Comme si vous \u00e9tiez un chaman de spectacle indiff\u00e9rent aux attouchements non sollicit\u00e9s. Note au monde\u00a0: les corps enceintes ne sont pas une propri\u00e9t\u00e9 publique. Ne touchez pas. <\/p>\n<h2>Tu devrais manger ton placenta<\/h2>\n<p>OK, je veux dire, peut-\u00eatre que je devrais ? Je suis pr\u00eat \u00e0 examiner les avantages anecdotiques et \u00e0 prendre une d\u00e9cision \u00e9clair\u00e9e, mais ne pourriez-vous pas me parler des d\u00e9licieux shakes et jus que vous avez pr\u00e9par\u00e9s avec la poudre d&rsquo;une de vos parties dess\u00e9ch\u00e9es du corps pendant que nous attendions chez le dentiste ? K, merci. <\/p>\n<h2>Je ne devrais probablement pas te dire \u00e7a pendant que tu es enceinte&#8230;<\/h2>\n<p>Non, tu ne devrais pas. Surtout si vous envisagez de faire suivre cette introduction par une histoire d&rsquo;horreur sur la fa\u00e7on dont \u00ab\u00a0Si quelqu&rsquo;un avait une arme \u00e0 feu, je lui aurais demand\u00e9 de me tirer dessus\u00a0\u00bb, lors de votre accouchement sans m\u00e9dicament ou sur la fa\u00e7on dont vous avez boit\u00e9 pendant une semaine apr\u00e8s avoir recousu ce troisi\u00e8me- d\u00e9chirure de degr\u00e9. <\/p>\n<h2><strong>Envisagez-vous d&rsquo;allaiter ?<\/strong><\/h2>\n<p>\u00c0 moins que vous ne soyez consultant en lactation ou que vous soyez sur le point d&rsquo;offrir un v\u00e9ritable tr\u00e9sor de biberons, de t\u00e9tines, de soutiens-gorge d&rsquo;allaitement, de lait maternis\u00e9 non p\u00e9rim\u00e9 et\/ou d&rsquo;un tire-lait l\u00e9g\u00e8rement usag\u00e9s au prix de 400 $, pourquoi avez-vous besoin de savoir ? Parce que vous avez envie de savoir pour pouvoir juger de la mani\u00e8re dont un parent a d\u00e9cid\u00e9 de nourrir son b\u00e9b\u00e9. Et tu sais ce que chaque maman <em>n&rsquo;a pas <\/em>besoin de plus ? Maman fait honte ! (Avant m\u00eame qu&rsquo;elle ait eu l&rsquo;enfant. Sheesh.)<\/p>\n<h2><strong>Wow, tu es courageux !<\/strong><\/h2>\n<p>C\u2019est l\u2019un de ces compliments d\u00e9tourn\u00e9s dont vous ne r\u00e9alisez peut-\u00eatre pas qu\u2019ils sont nuanc\u00e9s au d\u00e9but. (Qui ne veut pas \u00eatre courageux ?) Mais l&rsquo;implication est qu&rsquo;en ajoutant des enfants suppl\u00e9mentaires \u00e0 votre prog\u00e9niture, vous entreprenez une t\u00e2che ardue qui demande beaucoup de courage. Dit d&rsquo;une mani\u00e8re diff\u00e9rente : <em>Pourquoi as-tu un autre enfant ? Vous n&rsquo;avez pas d\u00e9j\u00e0 les mains pleines ? <\/em>(La r\u00e9ponse est oui, Donna, bien s\u00fbr. Mais j&rsquo;aime souffrir, d&rsquo;accord ? Occupez-vous de vos affaires.) <\/p>\n<h2><strong>Alors&#8230; tu as fini maintenant ?<\/strong><\/h2>\n<p>On dirait que vous vous renseignez sur ma strat\u00e9gie de planification familiale pour l&rsquo;avenir <em>ou<\/em> faire une fouille pas si subtile sur le nombre d\u2019enfants qu\u2019une personne a. Quoi qu\u2019il en soit, s\u2019il vous pla\u00eet, ne le faites pas.<\/p>\n<h2>Et alors quoi <em>devrait<\/em> tu dis \u00e0 quelqu&rsquo;un qui est enceinte ?<\/h2>\n<p>\u00ab\u00a0Tu es superbe!\u00a0\u00bb \u00ab\u00a0Puis-je vous aider avec \u00e7a?\u00a0\u00bb \u00ab\u00a0Quand puis-je d\u00e9poser des d\u00eeners que vous pourrez congeler pour r\u00e9chauffer plus tard\u00a0?\u00a0\u00bb \u00ab\u00a0Avez-vous besoin d&rsquo;une bonne femme de m\u00e9nage?\u00a0\u00bb et \u00ab\u00a0Ma ni\u00e8ce fait du babysitting. Voici son num\u00e9ro\u00a0!\u00a0\u00bb sont toutes des alternatives fantastiques.<\/p>\n<p><\/p>\n","protected":false},"excerpt":{"rendered":"<p>Poursuivre. Disons qu\u2019une personne enceinte est \u00ab \u00e9norme \u00bb. Nous vous d\u00e9fions. \u00c0 un moment donn\u00e9 pendant la grossesse, g\u00e9n\u00e9ralement d\u00e8s que vous commencez \u00e0<\/p>\n","protected":false},"author":1,"featured_media":4098,"comment_status":"","ping_status":"","sticky":false,"template":"","format":"standard","meta":{"footnotes":""},"categories":[37],"tags":[1570,289,248,93,1074,4548,1842,4549],"class_list":["post-4097","post","type-post","status-publish","format-standard","has-post-thumbnail","hentry","category-famille","tag-arretez","tag-aux","tag-ces","tag-choses","tag-dire","tag-enceintes","tag-femmes","tag-ffs","generate-columns","tablet-grid-50","mobile-grid-100","grid-parent","grid-33"],"yoast_head":"<!-- This site is optimized with the Yoast SEO plugin v24.0 - https:\/\/yoast.com\/wordpress\/plugins\/seo\/ -->\n<title>Arr\u00eatez de dire ces 15 choses aux femmes enceintes, FFS | Vie Associative<\/title>\n<meta name=\"robots\" content=\"index, follow, max-snippet:-1, max-image-preview:large, max-video-preview:-1\" \/>\n<link rel=\"canonical\" href=\"https:\/\/vieassociative.be\/actualites\/arretez-de-dire-ces-15-choses-aux-femmes-enceintes-ffs\/\" \/>\n<meta property=\"og:locale\" content=\"fr_FR\" \/>\n<meta property=\"og:type\" content=\"article\" \/>\n<meta property=\"og:title\" content=\"Arr\u00eatez de dire ces 15 choses aux femmes enceintes, FFS | Vie Associative\" \/>\n<meta property=\"og:description\" content=\"Poursuivre. Disons qu\u2019une personne enceinte est \u00ab \u00e9norme \u00bb. Nous vous d\u00e9fions. \u00c0 un moment donn\u00e9 pendant la grossesse, g\u00e9n\u00e9ralement d\u00e8s que vous commencez \u00e0\" \/>\n<meta property=\"og:url\" content=\"https:\/\/vieassociative.be\/actualites\/arretez-de-dire-ces-15-choses-aux-femmes-enceintes-ffs\/\" \/>\n<meta property=\"og:site_name\" content=\"Vie Associative\" \/>\n<meta property=\"article:published_time\" content=\"2025-01-06T11:17:35+00:00\" \/>\n<meta property=\"og:image\" content=\"https:\/\/vieassociative.be\/actualites\/wp-content\/uploads\/2024\/09\/header_backgroundk-01-e1726694325946.png\" \/>\n\t<meta property=\"og:image:width\" content=\"279\" \/>\n\t<meta property=\"og:image:height\" content=\"92\" \/>\n\t<meta property=\"og:image:type\" content=\"image\/png\" \/>\n<meta name=\"author\" content=\"Julien\" \/>\n<meta name=\"twitter:card\" content=\"summary_large_image\" \/>\n<meta name=\"twitter:label1\" content=\"\u00c9crit par\" \/>\n\t<meta name=\"twitter:data1\" content=\"Julien\" \/>\n\t<meta name=\"twitter:label2\" content=\"Dur\u00e9e de lecture est.\" \/>\n\t<meta name=\"twitter:data2\" content=\"7 minutes\" \/>\n<script type=\"application\/ld+json\" class=\"yoast-schema-graph\">{\"@context\":\"https:\/\/schema.org\",\"@graph\":[{\"@type\":\"Article\",\"@id\":\"https:\/\/vieassociative.be\/actualites\/arretez-de-dire-ces-15-choses-aux-femmes-enceintes-ffs\/#article\",\"isPartOf\":{\"@id\":\"https:\/\/vieassociative.be\/actualites\/arretez-de-dire-ces-15-choses-aux-femmes-enceintes-ffs\/\"},\"author\":{\"name\":\"Julien\",\"@id\":\"https:\/\/vieassociative.be\/actualites\/#\/schema\/person\/b87ac4f82f9d4e7b7cec7395b679edc4\"},\"headline\":\"Arr\u00eatez de dire ces 15 choses aux femmes enceintes, FFS\",\"datePublished\":\"2025-01-06T11:17:35+00:00\",\"dateModified\":\"2025-01-06T11:17:35+00:00\",\"mainEntityOfPage\":{\"@id\":\"https:\/\/vieassociative.be\/actualites\/arretez-de-dire-ces-15-choses-aux-femmes-enceintes-ffs\/\"},\"wordCount\":1415,\"publisher\":{\"@id\":\"https:\/\/vieassociative.be\/actualites\/#organization\"},\"image\":{\"@id\":\"https:\/\/vieassociative.be\/actualites\/arretez-de-dire-ces-15-choses-aux-femmes-enceintes-ffs\/#primaryimage\"},\"thumbnailUrl\":\"https:\/\/vieassociative.be\/actualites\/wp-content\/uploads\/2025\/01\/Arretez-de-dire-ces-15-choses-aux-femmes-enceintes-FFS.jpg\",\"keywords\":[\"Arr\u00eatez\",\"aux\",\"ces\",\"choses\",\"dire\",\"enceintes\",\"femmes\",\"FFS\"],\"articleSection\":[\"Famille\"],\"inLanguage\":\"fr-BE\"},{\"@type\":\"WebPage\",\"@id\":\"https:\/\/vieassociative.be\/actualites\/arretez-de-dire-ces-15-choses-aux-femmes-enceintes-ffs\/\",\"url\":\"https:\/\/vieassociative.be\/actualites\/arretez-de-dire-ces-15-choses-aux-femmes-enceintes-ffs\/\",\"name\":\"Arr\u00eatez de dire ces 15 choses aux femmes enceintes, FFS | Vie Associative\",\"isPartOf\":{\"@id\":\"https:\/\/vieassociative.be\/actualites\/#website\"},\"primaryImageOfPage\":{\"@id\":\"https:\/\/vieassociative.be\/actualites\/arretez-de-dire-ces-15-choses-aux-femmes-enceintes-ffs\/#primaryimage\"},\"image\":{\"@id\":\"https:\/\/vieassociative.be\/actualites\/arretez-de-dire-ces-15-choses-aux-femmes-enceintes-ffs\/#primaryimage\"},\"thumbnailUrl\":\"https:\/\/vieassociative.be\/actualites\/wp-content\/uploads\/2025\/01\/Arretez-de-dire-ces-15-choses-aux-femmes-enceintes-FFS.jpg\",\"datePublished\":\"2025-01-06T11:17:35+00:00\",\"dateModified\":\"2025-01-06T11:17:35+00:00\",\"breadcrumb\":{\"@id\":\"https:\/\/vieassociative.be\/actualites\/arretez-de-dire-ces-15-choses-aux-femmes-enceintes-ffs\/#breadcrumb\"},\"inLanguage\":\"fr-BE\",\"potentialAction\":[{\"@type\":\"ReadAction\",\"target\":[\"https:\/\/vieassociative.be\/actualites\/arretez-de-dire-ces-15-choses-aux-femmes-enceintes-ffs\/\"]}]},{\"@type\":\"ImageObject\",\"inLanguage\":\"fr-BE\",\"@id\":\"https:\/\/vieassociative.be\/actualites\/arretez-de-dire-ces-15-choses-aux-femmes-enceintes-ffs\/#primaryimage\",\"url\":\"https:\/\/vieassociative.be\/actualites\/wp-content\/uploads\/2025\/01\/Arretez-de-dire-ces-15-choses-aux-femmes-enceintes-FFS.jpg\",\"contentUrl\":\"https:\/\/vieassociative.be\/actualites\/wp-content\/uploads\/2025\/01\/Arretez-de-dire-ces-15-choses-aux-femmes-enceintes-FFS.jpg\",\"width\":1200,\"height\":675,\"caption\":\"Arr\u00eatez de dire ces 15 choses aux femmes enceintes, FFS\"},{\"@type\":\"BreadcrumbList\",\"@id\":\"https:\/\/vieassociative.be\/actualites\/arretez-de-dire-ces-15-choses-aux-femmes-enceintes-ffs\/#breadcrumb\",\"itemListElement\":[{\"@type\":\"ListItem\",\"position\":1,\"name\":\"Accueil\",\"item\":\"https:\/\/vieassociative.be\/actualites\/\"},{\"@type\":\"ListItem\",\"position\":2,\"name\":\"Arr\u00eatez de dire ces 15 choses aux femmes enceintes, FFS\"}]},{\"@type\":\"WebSite\",\"@id\":\"https:\/\/vieassociative.be\/actualites\/#website\",\"url\":\"https:\/\/vieassociative.be\/actualites\/\",\"name\":\"Vie Associative\",\"description\":\"\",\"publisher\":{\"@id\":\"https:\/\/vieassociative.be\/actualites\/#organization\"},\"potentialAction\":[{\"@type\":\"SearchAction\",\"target\":{\"@type\":\"EntryPoint\",\"urlTemplate\":\"https:\/\/vieassociative.be\/actualites\/?s={search_term_string}\"},\"query-input\":{\"@type\":\"PropertyValueSpecification\",\"valueRequired\":true,\"valueName\":\"search_term_string\"}}],\"inLanguage\":\"fr-BE\"},{\"@type\":\"Organization\",\"@id\":\"https:\/\/vieassociative.be\/actualites\/#organization\",\"name\":\"Vie Associative\",\"url\":\"https:\/\/vieassociative.be\/actualites\/\",\"logo\":{\"@type\":\"ImageObject\",\"inLanguage\":\"fr-BE\",\"@id\":\"https:\/\/vieassociative.be\/actualites\/#\/schema\/logo\/image\/\",\"url\":\"https:\/\/vieassociative.be\/actualites\/wp-content\/uploads\/2024\/09\/cropped-vieassociative_favicon.ico.png\",\"contentUrl\":\"https:\/\/vieassociative.be\/actualites\/wp-content\/uploads\/2024\/09\/cropped-vieassociative_favicon.ico.png\",\"width\":512,\"height\":512,\"caption\":\"Vie Associative\"},\"image\":{\"@id\":\"https:\/\/vieassociative.be\/actualites\/#\/schema\/logo\/image\/\"}},{\"@type\":\"Person\",\"@id\":\"https:\/\/vieassociative.be\/actualites\/#\/schema\/person\/b87ac4f82f9d4e7b7cec7395b679edc4\",\"name\":\"Julien\",\"image\":{\"@type\":\"ImageObject\",\"inLanguage\":\"fr-BE\",\"@id\":\"https:\/\/vieassociative.be\/actualites\/#\/schema\/person\/image\/\",\"url\":\"https:\/\/vieassociative.be\/actualites\/wp-content\/uploads\/2024\/09\/vie-associative-1-150x150.jpg\",\"contentUrl\":\"https:\/\/vieassociative.be\/actualites\/wp-content\/uploads\/2024\/09\/vie-associative-1-150x150.jpg\",\"caption\":\"Julien\"},\"description\":\"Je suis Julien, r\u00e9dacteur pour Vie Associative. Passionn\u00e9 par le monde associatif depuis plus de 10 ans, j'ai \u00e0 c\u0153ur de partager des histoires inspirantes et de mettre en lumi\u00e8re les initiatives locales. Mon objectif est de sensibiliser et d'encourager l'engagement communautaire \u00e0 travers mes articles.\",\"sameAs\":[\"https:\/\/vieassociative.be\/\"]}]}<\/script>\n<!-- \/ Yoast SEO plugin. -->","yoast_head_json":{"title":"Arr\u00eatez de dire ces 15 choses aux femmes enceintes, FFS | Vie Associative","robots":{"index":"index","follow":"follow","max-snippet":"max-snippet:-1","max-image-preview":"max-image-preview:large","max-video-preview":"max-video-preview:-1"},"canonical":"https:\/\/vieassociative.be\/actualites\/arretez-de-dire-ces-15-choses-aux-femmes-enceintes-ffs\/","og_locale":"fr_FR","og_type":"article","og_title":"Arr\u00eatez de dire ces 15 choses aux femmes enceintes, FFS | Vie Associative","og_description":"Poursuivre. Disons qu\u2019une personne enceinte est \u00ab \u00e9norme \u00bb. Nous vous d\u00e9fions. \u00c0 un moment donn\u00e9 pendant la grossesse, g\u00e9n\u00e9ralement d\u00e8s que vous commencez \u00e0","og_url":"https:\/\/vieassociative.be\/actualites\/arretez-de-dire-ces-15-choses-aux-femmes-enceintes-ffs\/","og_site_name":"Vie Associative","article_published_time":"2025-01-06T11:17:35+00:00","og_image":[{"width":279,"height":92,"url":"https:\/\/vieassociative.be\/actualites\/wp-content\/uploads\/2024\/09\/header_backgroundk-01-e1726694325946.png","type":"image\/png"}],"author":"Julien","twitter_card":"summary_large_image","twitter_misc":{"\u00c9crit par":"Julien","Dur\u00e9e de lecture est.":"7 minutes"},"schema":{"@context":"https:\/\/schema.org","@graph":[{"@type":"Article","@id":"https:\/\/vieassociative.be\/actualites\/arretez-de-dire-ces-15-choses-aux-femmes-enceintes-ffs\/#article","isPartOf":{"@id":"https:\/\/vieassociative.be\/actualites\/arretez-de-dire-ces-15-choses-aux-femmes-enceintes-ffs\/"},"author":{"name":"Julien","@id":"https:\/\/vieassociative.be\/actualites\/#\/schema\/person\/b87ac4f82f9d4e7b7cec7395b679edc4"},"headline":"Arr\u00eatez de dire ces 15 choses aux femmes enceintes, FFS","datePublished":"2025-01-06T11:17:35+00:00","dateModified":"2025-01-06T11:17:35+00:00","mainEntityOfPage":{"@id":"https:\/\/vieassociative.be\/actualites\/arretez-de-dire-ces-15-choses-aux-femmes-enceintes-ffs\/"},"wordCount":1415,"publisher":{"@id":"https:\/\/vieassociative.be\/actualites\/#organization"},"image":{"@id":"https:\/\/vieassociative.be\/actualites\/arretez-de-dire-ces-15-choses-aux-femmes-enceintes-ffs\/#primaryimage"},"thumbnailUrl":"https:\/\/vieassociative.be\/actualites\/wp-content\/uploads\/2025\/01\/Arretez-de-dire-ces-15-choses-aux-femmes-enceintes-FFS.jpg","keywords":["Arr\u00eatez","aux","ces","choses","dire","enceintes","femmes","FFS"],"articleSection":["Famille"],"inLanguage":"fr-BE"},{"@type":"WebPage","@id":"https:\/\/vieassociative.be\/actualites\/arretez-de-dire-ces-15-choses-aux-femmes-enceintes-ffs\/","url":"https:\/\/vieassociative.be\/actualites\/arretez-de-dire-ces-15-choses-aux-femmes-enceintes-ffs\/","name":"Arr\u00eatez de dire ces 15 choses aux femmes enceintes, FFS | Vie Associative","isPartOf":{"@id":"https:\/\/vieassociative.be\/actualites\/#website"},"primaryImageOfPage":{"@id":"https:\/\/vieassociative.be\/actualites\/arretez-de-dire-ces-15-choses-aux-femmes-enceintes-ffs\/#primaryimage"},"image":{"@id":"https:\/\/vieassociative.be\/actualites\/arretez-de-dire-ces-15-choses-aux-femmes-enceintes-ffs\/#primaryimage"},"thumbnailUrl":"https:\/\/vieassociative.be\/actualites\/wp-content\/uploads\/2025\/01\/Arretez-de-dire-ces-15-choses-aux-femmes-enceintes-FFS.jpg","datePublished":"2025-01-06T11:17:35+00:00","dateModified":"2025-01-06T11:17:35+00:00","breadcrumb":{"@id":"https:\/\/vieassociative.be\/actualites\/arretez-de-dire-ces-15-choses-aux-femmes-enceintes-ffs\/#breadcrumb"},"inLanguage":"fr-BE","potentialAction":[{"@type":"ReadAction","target":["https:\/\/vieassociative.be\/actualites\/arretez-de-dire-ces-15-choses-aux-femmes-enceintes-ffs\/"]}]},{"@type":"ImageObject","inLanguage":"fr-BE","@id":"https:\/\/vieassociative.be\/actualites\/arretez-de-dire-ces-15-choses-aux-femmes-enceintes-ffs\/#primaryimage","url":"https:\/\/vieassociative.be\/actualites\/wp-content\/uploads\/2025\/01\/Arretez-de-dire-ces-15-choses-aux-femmes-enceintes-FFS.jpg","contentUrl":"https:\/\/vieassociative.be\/actualites\/wp-content\/uploads\/2025\/01\/Arretez-de-dire-ces-15-choses-aux-femmes-enceintes-FFS.jpg","width":1200,"height":675,"caption":"Arr\u00eatez de dire ces 15 choses aux femmes enceintes, FFS"},{"@type":"BreadcrumbList","@id":"https:\/\/vieassociative.be\/actualites\/arretez-de-dire-ces-15-choses-aux-femmes-enceintes-ffs\/#breadcrumb","itemListElement":[{"@type":"ListItem","position":1,"name":"Accueil","item":"https:\/\/vieassociative.be\/actualites\/"},{"@type":"ListItem","position":2,"name":"Arr\u00eatez de dire ces 15 choses aux femmes enceintes, FFS"}]},{"@type":"WebSite","@id":"https:\/\/vieassociative.be\/actualites\/#website","url":"https:\/\/vieassociative.be\/actualites\/","name":"Vie Associative","description":"","publisher":{"@id":"https:\/\/vieassociative.be\/actualites\/#organization"},"potentialAction":[{"@type":"SearchAction","target":{"@type":"EntryPoint","urlTemplate":"https:\/\/vieassociative.be\/actualites\/?s={search_term_string}"},"query-input":{"@type":"PropertyValueSpecification","valueRequired":true,"valueName":"search_term_string"}}],"inLanguage":"fr-BE"},{"@type":"Organization","@id":"https:\/\/vieassociative.be\/actualites\/#organization","name":"Vie Associative","url":"https:\/\/vieassociative.be\/actualites\/","logo":{"@type":"ImageObject","inLanguage":"fr-BE","@id":"https:\/\/vieassociative.be\/actualites\/#\/schema\/logo\/image\/","url":"https:\/\/vieassociative.be\/actualites\/wp-content\/uploads\/2024\/09\/cropped-vieassociative_favicon.ico.png","contentUrl":"https:\/\/vieassociative.be\/actualites\/wp-content\/uploads\/2024\/09\/cropped-vieassociative_favicon.ico.png","width":512,"height":512,"caption":"Vie Associative"},"image":{"@id":"https:\/\/vieassociative.be\/actualites\/#\/schema\/logo\/image\/"}},{"@type":"Person","@id":"https:\/\/vieassociative.be\/actualites\/#\/schema\/person\/b87ac4f82f9d4e7b7cec7395b679edc4","name":"Julien","image":{"@type":"ImageObject","inLanguage":"fr-BE","@id":"https:\/\/vieassociative.be\/actualites\/#\/schema\/person\/image\/","url":"https:\/\/vieassociative.be\/actualites\/wp-content\/uploads\/2024\/09\/vie-associative-1-150x150.jpg","contentUrl":"https:\/\/vieassociative.be\/actualites\/wp-content\/uploads\/2024\/09\/vie-associative-1-150x150.jpg","caption":"Julien"},"description":"Je suis Julien, r\u00e9dacteur pour Vie Associative. Passionn\u00e9 par le monde associatif depuis plus de 10 ans, j'ai \u00e0 c\u0153ur de partager des histoires inspirantes et de mettre en lumi\u00e8re les initiatives locales. Mon objectif est de sensibiliser et d'encourager l'engagement communautaire \u00e0 travers mes articles.","sameAs":["https:\/\/vieassociative.be\/"]}]}},"_links":{"self":[{"href":"https:\/\/vieassociative.be\/actualites\/wp-json\/wp\/v2\/posts\/4097"}],"collection":[{"href":"https:\/\/vieassociative.be\/actualites\/wp-json\/wp\/v2\/posts"}],"about":[{"href":"https:\/\/vieassociative.be\/actualites\/wp-json\/wp\/v2\/types\/post"}],"author":[{"embeddable":true,"href":"https:\/\/vieassociative.be\/actualites\/wp-json\/wp\/v2\/users\/1"}],"replies":[{"embeddable":true,"href":"https:\/\/vieassociative.be\/actualites\/wp-json\/wp\/v2\/comments?post=4097"}],"version-history":[{"count":0,"href":"https:\/\/vieassociative.be\/actualites\/wp-json\/wp\/v2\/posts\/4097\/revisions"}],"wp:featuredmedia":[{"embeddable":true,"href":"https:\/\/vieassociative.be\/actualites\/wp-json\/wp\/v2\/media\/4098"}],"wp:attachment":[{"href":"https:\/\/vieassociative.be\/actualites\/wp-json\/wp\/v2\/media?parent=4097"}],"wp:term":[{"taxonomy":"category","embeddable":true,"href":"https:\/\/vieassociative.be\/actualites\/wp-json\/wp\/v2\/categories?post=4097"},{"taxonomy":"post_tag","embeddable":true,"href":"https:\/\/vieassociative.be\/actualites\/wp-json\/wp\/v2\/tags?post=4097"}],"curies":[{"name":"wp","href":"https:\/\/api.w.org\/{rel}","templated":true}]}}