{"id":4082,"date":"2025-01-05T21:18:30","date_gmt":"2025-01-05T20:18:30","guid":{"rendered":"https:\/\/vieassociative.be\/actualites\/autriche-un-populiste-de-droite-deviendra-t-il-chancelier-pour-la-premiere-fois\/"},"modified":"2025-01-05T21:18:30","modified_gmt":"2025-01-05T20:18:30","slug":"autriche-un-populiste-de-droite-deviendra-t-il-chancelier-pour-la-premiere-fois","status":"publish","type":"post","link":"https:\/\/vieassociative.be\/actualites\/autriche-un-populiste-de-droite-deviendra-t-il-chancelier-pour-la-premiere-fois\/","title":{"rendered":"Autriche : un populiste de droite deviendra-t-il chancelier pour la premi\u00e8re fois ?"},"content":{"rendered":"<p><strong>L&rsquo;Autriche vit un week-end dramatique avec l&rsquo;\u00e9chec des n\u00e9gociations de coalition et la d\u00e9mission de la chanceli\u00e8re. Aujourd\u2019hui, une solution \u00e9merge. Le FP\u00d6 de droite est sur le point de triompher.<\/strong><\/p>\n<p><span id=\"more-405659\"><\/span>En Autriche, apr\u00e8s des n\u00e9gociations de crise dramatiques, une coalition gouvernementale entre le FP\u00d6 de droite et l&rsquo;\u00d6VP conservateur est en train d&rsquo;\u00e9merger. Le pr\u00e9sident f\u00e9d\u00e9ral Alexander Van der Bellen a annonc\u00e9 lundi une conversation avec le leader du FP\u00d6, Herbert Kickl, sur la formation d&rsquo;un futur gouvernement &#8211; mais sans lui donner imm\u00e9diatement d&rsquo;ordre de le faire. L\u2019\u00d6VP \u00e9tait \u00e9galement ouvert \u00e0 une telle alliance. Ce serait la premi\u00e8re fois que les populistes de droite nommeraient le chancelier.<\/p>\n<p>Kickl, 56 ans, qui s&rsquo;est pr\u00e9sent\u00e9 comme \u00ab chancelier du peuple \u00bb lors de la campagne \u00e9lectorale, est connu, entre autres, pour sa position favorable \u00e0 la Russie et pour sa politique migratoire extr\u00eamement stricte avec des expulsions \u00e0 grande \u00e9chelle. Le FP\u00d6 a clairement remport\u00e9 les \u00e9lections l\u00e9gislatives il y a trois mois avec pr\u00e8s de 29 pour cent.<\/p>\n<div id=\"attachment_405663\" class=\"wp-caption alignleft\" style=\"max-width: 300px\"><img fetchpriority=\"high\" decoding=\"async\" class=\"wp-image-405663 size-medium\" src=\"https:\/\/vieassociative.be\/actualites\/wp-content\/uploads\/2025\/01\/Autriche-un-populiste-de-droite-deviendra-t-il-chancelier-pour-la.jpg\" alt=\"\" width=\"300\" height=\"205\"><\/p>\n<p class=\"wp-caption-text\">16 octobre 2024, Autriche, Vienne : le leader du FP\u00d6, Herbert Kickl, prend la parole lors d&rsquo;une conf\u00e9rence de presse. Photo : Tobias Steinmaurer\/APA\/dpa<\/p>\n<\/div>\n<p><strong>\u2013 Conversations interrompues au d\u00e9but d\u2019heures dramatiques :<\/strong> Des jours dramatiques dans la politique int\u00e9rieure ont ouvert la voie \u00e0 une coalition FP\u00d6-\u00d6VP de plus en plus probable. Initialement, les pourparlers de coalition entre le conservateur \u00d6VP, le social-d\u00e9mocrate SP\u00d6 et le lib\u00e9ral Neos ont \u00e9tonnamment \u00e9chou\u00e9 au bout de six semaines. Van der Bellen, qui avait auparavant \u00e9t\u00e9 extr\u00eamement critique \u00e0 l&rsquo;\u00e9gard de Kickl, a exprim\u00e9 sa d\u00e9ception.<\/p>\n<p>Suite \u00e0 l&rsquo;\u00e9chec des n\u00e9gociations d&rsquo;alliance, le chancelier Karl Nehammer, dont le sort politique \u00e9tait li\u00e9 au succ\u00e8s d&rsquo;une telle coalition, a annonc\u00e9 sa d\u00e9mission de son poste de chef du gouvernement et de leader de l&rsquo;\u00d6VP. Il avait jur\u00e9 \u00e0 l&rsquo;\u00d6VP de ne jamais travailler avec le FP\u00d6 sous Kickl. \u00c0 titre int\u00e9rimaire, l&rsquo;ancien secr\u00e9taire g\u00e9n\u00e9ral de l&rsquo;\u00d6VP, Christian Stocker, a \u00e9t\u00e9 d\u00e9sign\u00e9 \u00e0 la t\u00eate du parti.<\/p>\n<p>Stocker a expliqu\u00e9 que l&rsquo;\u00d6VP \u00e9tait d\u00e9sormais ouvert \u00e0 des n\u00e9gociations avec le FP\u00d6 sur une coalition gouvernementale s&rsquo;il y \u00e9tait invit\u00e9. De par leur nature, de telles conversations sont toujours \u00ab ouvertes \u00bb, a d\u00e9clar\u00e9 Stocker.<\/p>\n<p>En s&rsquo;ouvrant au FP\u00d6, l&rsquo;aile \u00e9conomique de l&rsquo;\u00d6VP a pris le dessus. Les deux partis ont r\u00e9p\u00e9t\u00e9 \u00e0 plusieurs reprises que les programmes \u00e9conomiques \u00e9taient extr\u00eamement similaires.<\/p>\n<p><strong>\u2013 Le retour de Kurz n\u00e9goci\u00e9 en option :<\/strong> \u00ab\u00a0Nous ne vendrons pas nos \u00e2mes\u00a0\u00bb, a d\u00e9clar\u00e9 l&rsquo;influent Premier ministre de Salzbourg, Wilfried Haslauer (\u00d6VP), en faisant r\u00e9f\u00e9rence aux pourparlers de coalition d\u00e9sormais attendus. Il y a fait r\u00e9f\u00e9rence. que la nouvelle option \u00e9lectorale n&rsquo;aurait pas modifi\u00e9 la position de d\u00e9part de l&rsquo;\u00d6VP.<\/p>\n<p>Entre-temps, un retour de l&rsquo;ancien chancelier Sebastian Kurz \u00e9tait \u00e9galement envisag\u00e9 pour l&rsquo;\u00d6VP. Dimanche, il est devenu clair que l&rsquo;homme de 38 ans, aujourd&rsquo;hui un entrepreneur \u00e0 succ\u00e8s, n&rsquo;\u00e9tait pas disponible pour succ\u00e9der \u00e0 l&rsquo;actuel chancelier et leader de l&rsquo;\u00d6VP Nehammer, comme l&rsquo;ont dit son entourage.<\/p>\n<div id=\"attachment_405664\" class=\"wp-caption alignleft\" style=\"max-width: 300px\"><img decoding=\"async\" class=\"wp-image-405664 size-medium\" src=\"https:\/\/vieassociative.be\/actualites\/wp-content\/uploads\/2025\/01\/1736108310_487_Autriche-un-populiste-de-droite-deviendra-t-il-chancelier-pour-la.jpg\" alt=\"\" width=\"300\" height=\"200\"><\/p>\n<p class=\"wp-caption-text\">24 juin 2024, Autriche, Vienne : Sebastian Kurz, ancien chancelier autrichien, prend la parole lors d&rsquo;un d\u00e9bat \u00e9conomique \u00e0 Vienne. Photo : Eva Manhart\/APA\/dpa<\/p>\n<\/div>\n<p>Cette \u00e9volution est \u00e9galement consid\u00e9r\u00e9e comme un coup dur pour le pr\u00e9sident f\u00e9d\u00e9ral, qui avait pr\u00e9f\u00e9r\u00e9 une coalition tripartite sans le FP\u00d6. Il s&rsquo;agit d\u00e9sormais de garantir que l&rsquo;Autriche dispose d&rsquo;un gouvernement efficace et stable, a d\u00e9clar\u00e9 le chef de l&rsquo;Etat. Il a l&rsquo;impression que les voix au sein de l&rsquo;\u00d6VP qui excluent une collaboration avec Kickl sont devenues nettement plus silencieuses. \u00ab Cela signifie qu\u2019une nouvelle voie pourrait s\u2019ouvrir. \u00bb<\/p>\n<p>Nehammer restera en fonction dans un premier temps avant de nommer un nouveau chancelier issu d&rsquo;un gouvernement de transition au cours de la semaine prochaine, a d\u00e9clar\u00e9 Van der Bellen.<\/p>\n<p>Dans ses d\u00e9clarations, le chef de l&rsquo;\u00c9tat a soulign\u00e9 \u00e0 plusieurs reprises que \u00ab dans la mesure de ses connaissances et de ses convictions \u00bb, on veillait \u00e0 ce que les piliers fondamentaux de la d\u00e9mocratie &#8211; il a mentionn\u00e9 l&rsquo;\u00c9tat de droit, la s\u00e9paration des pouvoirs, les m\u00e9dias libres et ind\u00e9pendants et l&rsquo;adh\u00e9sion \u00e0 l&rsquo;UE &#8211; ont continu\u00e9 \u00e0 \u00eatre d\u00e9fendues.<\/p>\n<p>Comme alternative aux n\u00e9gociations FP\u00d6-\u00d6VP, de nouvelles \u00e9lections ont \u00e9t\u00e9 et sont toujours envisag\u00e9es. Toutefois, en raison du long d\u00e9lai de livraison, cela n\u2019a pu \u00eatre r\u00e9alis\u00e9 que dans environ trois mois. Les sondeurs s&rsquo;attendent \u00e0 ce que le FP\u00d6 remporte les \u00e9lections encore plus clairement qu&rsquo;\u00e0 l&rsquo;automne.<\/p>\n<p><strong>\u2013 Succ\u00e8s non-stop du FP\u00d6 :<\/strong> Le FP\u00d6, qui a temporairement perdu beaucoup de cr\u00e9dit aupr\u00e8s des \u00e9lecteurs apr\u00e8s l&rsquo;affaire d&rsquo;Ibiza, c\u00e9l\u00e8bre depuis des ann\u00e9es de nombreux succ\u00e8s au niveau f\u00e9d\u00e9ral et des L\u00e4nder. Les populistes de droite gouvernent d\u00e9sormais dans cinq des neuf L\u00e4nder autrichiens et en Styrie, le FP\u00d6 est le Premier ministre. Kickl a r\u00e9ussi \u00e0 profiter de la situation \u00e9conomique extr\u00eamement difficile et \u00e0 imputer la mis\u00e8re aux autres partis.<\/p>\n<p>Il y aura encore deux \u00e9lections r\u00e9gionales cette ann\u00e9e : dans deux semaines dans le Burgenland, qui \u00e9tait auparavant gouvern\u00e9 par le SP\u00d6 avec une majorit\u00e9 absolue, et \u00e0 l&rsquo;automne \u00e0 Vienne, \u00e9galement gouvern\u00e9 par les sociaux-d\u00e9mocrates. Le FP\u00d6 peut \u00e9galement s\u2019attendre \u00e0 une forte augmentation des voix dans ces pays. (dpa)<\/p>\n","protected":false},"excerpt":{"rendered":"<p>L&rsquo;Autriche vit un week-end dramatique avec l&rsquo;\u00e9chec des n\u00e9gociations de coalition et la d\u00e9mission de la chanceli\u00e8re. Aujourd\u2019hui, une solution \u00e9merge. Le FP\u00d6 de droite<\/p>\n","protected":false},"author":1,"featured_media":4083,"comment_status":"","ping_status":"","sticky":false,"template":"","format":"standard","meta":{"footnotes":""},"categories":[298],"tags":[4535,2865,4537,2319,774,4536,81,610],"class_list":["post-4082","post","type-post","status-publish","format-standard","has-post-thumbnail","hentry","category-belgique","tag-autriche","tag-chancelier","tag-deviendratil","tag-droite","tag-fois","tag-populiste","tag-pour","tag-premiere","generate-columns","tablet-grid-50","mobile-grid-100","grid-parent","grid-33"],"yoast_head":"<!-- This site is optimized with the Yoast SEO plugin v24.0 - https:\/\/yoast.com\/wordpress\/plugins\/seo\/ -->\n<title>Autriche : un populiste de droite deviendra-t-il chancelier pour la premi\u00e8re fois ? | Vie Associative<\/title>\n<meta name=\"robots\" content=\"index, follow, max-snippet:-1, max-image-preview:large, max-video-preview:-1\" \/>\n<link rel=\"canonical\" href=\"https:\/\/vieassociative.be\/actualites\/autriche-un-populiste-de-droite-deviendra-t-il-chancelier-pour-la-premiere-fois\/\" \/>\n<meta property=\"og:locale\" content=\"fr_FR\" \/>\n<meta property=\"og:type\" content=\"article\" \/>\n<meta property=\"og:title\" content=\"Autriche : un populiste de droite deviendra-t-il chancelier pour la premi\u00e8re fois ? | Vie Associative\" \/>\n<meta property=\"og:description\" content=\"L&rsquo;Autriche vit un week-end dramatique avec l&rsquo;\u00e9chec des n\u00e9gociations de coalition et la d\u00e9mission de la chanceli\u00e8re. Aujourd\u2019hui, une solution \u00e9merge. Le FP\u00d6 de droite\" \/>\n<meta property=\"og:url\" content=\"https:\/\/vieassociative.be\/actualites\/autriche-un-populiste-de-droite-deviendra-t-il-chancelier-pour-la-premiere-fois\/\" \/>\n<meta property=\"og:site_name\" content=\"Vie Associative\" \/>\n<meta property=\"article:published_time\" content=\"2025-01-05T20:18:30+00:00\" \/>\n<meta property=\"og:image\" content=\"https:\/\/vieassociative.be\/actualites\/wp-content\/uploads\/2024\/09\/header_backgroundk-01-e1726694325946.png\" \/>\n\t<meta property=\"og:image:width\" content=\"279\" \/>\n\t<meta property=\"og:image:height\" content=\"92\" \/>\n\t<meta property=\"og:image:type\" content=\"image\/png\" \/>\n<meta name=\"author\" content=\"Julien\" \/>\n<meta name=\"twitter:card\" content=\"summary_large_image\" \/>\n<meta name=\"twitter:label1\" content=\"\u00c9crit par\" \/>\n\t<meta name=\"twitter:data1\" content=\"Julien\" \/>\n\t<meta name=\"twitter:label2\" content=\"Dur\u00e9e de lecture est.\" \/>\n\t<meta name=\"twitter:data2\" content=\"5 minutes\" \/>\n<script type=\"application\/ld+json\" class=\"yoast-schema-graph\">{\"@context\":\"https:\/\/schema.org\",\"@graph\":[{\"@type\":\"Article\",\"@id\":\"https:\/\/vieassociative.be\/actualites\/autriche-un-populiste-de-droite-deviendra-t-il-chancelier-pour-la-premiere-fois\/#article\",\"isPartOf\":{\"@id\":\"https:\/\/vieassociative.be\/actualites\/autriche-un-populiste-de-droite-deviendra-t-il-chancelier-pour-la-premiere-fois\/\"},\"author\":{\"name\":\"Julien\",\"@id\":\"https:\/\/vieassociative.be\/actualites\/#\/schema\/person\/b87ac4f82f9d4e7b7cec7395b679edc4\"},\"headline\":\"Autriche : un populiste de droite deviendra-t-il chancelier pour la premi\u00e8re fois ?\",\"datePublished\":\"2025-01-05T20:18:30+00:00\",\"dateModified\":\"2025-01-05T20:18:30+00:00\",\"mainEntityOfPage\":{\"@id\":\"https:\/\/vieassociative.be\/actualites\/autriche-un-populiste-de-droite-deviendra-t-il-chancelier-pour-la-premiere-fois\/\"},\"wordCount\":969,\"publisher\":{\"@id\":\"https:\/\/vieassociative.be\/actualites\/#organization\"},\"image\":{\"@id\":\"https:\/\/vieassociative.be\/actualites\/autriche-un-populiste-de-droite-deviendra-t-il-chancelier-pour-la-premiere-fois\/#primaryimage\"},\"thumbnailUrl\":\"https:\/\/vieassociative.be\/actualites\/wp-content\/uploads\/2025\/01\/1736108311_Autriche-un-populiste-de-droite-deviendra-t-il-chancelier-pour-la.jpg\",\"keywords\":[\"Autriche\",\"chancelier\",\"deviendratil\",\"droite\",\"fois\",\"populiste\",\"pour\",\"premi\u00e8re\"],\"articleSection\":[\"Belgique\"],\"inLanguage\":\"fr-BE\"},{\"@type\":\"WebPage\",\"@id\":\"https:\/\/vieassociative.be\/actualites\/autriche-un-populiste-de-droite-deviendra-t-il-chancelier-pour-la-premiere-fois\/\",\"url\":\"https:\/\/vieassociative.be\/actualites\/autriche-un-populiste-de-droite-deviendra-t-il-chancelier-pour-la-premiere-fois\/\",\"name\":\"Autriche : un populiste de droite deviendra-t-il chancelier pour la premi\u00e8re fois ? | Vie Associative\",\"isPartOf\":{\"@id\":\"https:\/\/vieassociative.be\/actualites\/#website\"},\"primaryImageOfPage\":{\"@id\":\"https:\/\/vieassociative.be\/actualites\/autriche-un-populiste-de-droite-deviendra-t-il-chancelier-pour-la-premiere-fois\/#primaryimage\"},\"image\":{\"@id\":\"https:\/\/vieassociative.be\/actualites\/autriche-un-populiste-de-droite-deviendra-t-il-chancelier-pour-la-premiere-fois\/#primaryimage\"},\"thumbnailUrl\":\"https:\/\/vieassociative.be\/actualites\/wp-content\/uploads\/2025\/01\/1736108311_Autriche-un-populiste-de-droite-deviendra-t-il-chancelier-pour-la.jpg\",\"datePublished\":\"2025-01-05T20:18:30+00:00\",\"dateModified\":\"2025-01-05T20:18:30+00:00\",\"breadcrumb\":{\"@id\":\"https:\/\/vieassociative.be\/actualites\/autriche-un-populiste-de-droite-deviendra-t-il-chancelier-pour-la-premiere-fois\/#breadcrumb\"},\"inLanguage\":\"fr-BE\",\"potentialAction\":[{\"@type\":\"ReadAction\",\"target\":[\"https:\/\/vieassociative.be\/actualites\/autriche-un-populiste-de-droite-deviendra-t-il-chancelier-pour-la-premiere-fois\/\"]}]},{\"@type\":\"ImageObject\",\"inLanguage\":\"fr-BE\",\"@id\":\"https:\/\/vieassociative.be\/actualites\/autriche-un-populiste-de-droite-deviendra-t-il-chancelier-pour-la-premiere-fois\/#primaryimage\",\"url\":\"https:\/\/vieassociative.be\/actualites\/wp-content\/uploads\/2025\/01\/1736108311_Autriche-un-populiste-de-droite-deviendra-t-il-chancelier-pour-la.jpg\",\"contentUrl\":\"https:\/\/vieassociative.be\/actualites\/wp-content\/uploads\/2025\/01\/1736108311_Autriche-un-populiste-de-droite-deviendra-t-il-chancelier-pour-la.jpg\",\"width\":1200,\"height\":800,\"caption\":\"Autriche : un populiste de droite deviendra-t-il chancelier pour la premi\u00e8re fois ?\"},{\"@type\":\"BreadcrumbList\",\"@id\":\"https:\/\/vieassociative.be\/actualites\/autriche-un-populiste-de-droite-deviendra-t-il-chancelier-pour-la-premiere-fois\/#breadcrumb\",\"itemListElement\":[{\"@type\":\"ListItem\",\"position\":1,\"name\":\"Accueil\",\"item\":\"https:\/\/vieassociative.be\/actualites\/\"},{\"@type\":\"ListItem\",\"position\":2,\"name\":\"Autriche : un populiste de droite deviendra-t-il chancelier pour la premi\u00e8re fois ?\"}]},{\"@type\":\"WebSite\",\"@id\":\"https:\/\/vieassociative.be\/actualites\/#website\",\"url\":\"https:\/\/vieassociative.be\/actualites\/\",\"name\":\"Vie Associative\",\"description\":\"\",\"publisher\":{\"@id\":\"https:\/\/vieassociative.be\/actualites\/#organization\"},\"potentialAction\":[{\"@type\":\"SearchAction\",\"target\":{\"@type\":\"EntryPoint\",\"urlTemplate\":\"https:\/\/vieassociative.be\/actualites\/?s={search_term_string}\"},\"query-input\":{\"@type\":\"PropertyValueSpecification\",\"valueRequired\":true,\"valueName\":\"search_term_string\"}}],\"inLanguage\":\"fr-BE\"},{\"@type\":\"Organization\",\"@id\":\"https:\/\/vieassociative.be\/actualites\/#organization\",\"name\":\"Vie Associative\",\"url\":\"https:\/\/vieassociative.be\/actualites\/\",\"logo\":{\"@type\":\"ImageObject\",\"inLanguage\":\"fr-BE\",\"@id\":\"https:\/\/vieassociative.be\/actualites\/#\/schema\/logo\/image\/\",\"url\":\"https:\/\/vieassociative.be\/actualites\/wp-content\/uploads\/2024\/09\/cropped-vieassociative_favicon.ico.png\",\"contentUrl\":\"https:\/\/vieassociative.be\/actualites\/wp-content\/uploads\/2024\/09\/cropped-vieassociative_favicon.ico.png\",\"width\":512,\"height\":512,\"caption\":\"Vie Associative\"},\"image\":{\"@id\":\"https:\/\/vieassociative.be\/actualites\/#\/schema\/logo\/image\/\"}},{\"@type\":\"Person\",\"@id\":\"https:\/\/vieassociative.be\/actualites\/#\/schema\/person\/b87ac4f82f9d4e7b7cec7395b679edc4\",\"name\":\"Julien\",\"image\":{\"@type\":\"ImageObject\",\"inLanguage\":\"fr-BE\",\"@id\":\"https:\/\/vieassociative.be\/actualites\/#\/schema\/person\/image\/\",\"url\":\"https:\/\/vieassociative.be\/actualites\/wp-content\/uploads\/2024\/09\/vie-associative-1-150x150.jpg\",\"contentUrl\":\"https:\/\/vieassociative.be\/actualites\/wp-content\/uploads\/2024\/09\/vie-associative-1-150x150.jpg\",\"caption\":\"Julien\"},\"description\":\"Je suis Julien, r\u00e9dacteur pour Vie Associative. Passionn\u00e9 par le monde associatif depuis plus de 10 ans, j'ai \u00e0 c\u0153ur de partager des histoires inspirantes et de mettre en lumi\u00e8re les initiatives locales. Mon objectif est de sensibiliser et d'encourager l'engagement communautaire \u00e0 travers mes articles.\",\"sameAs\":[\"https:\/\/vieassociative.be\/\"]}]}<\/script>\n<!-- \/ Yoast SEO plugin. -->","yoast_head_json":{"title":"Autriche : un populiste de droite deviendra-t-il chancelier pour la premi\u00e8re fois ? | Vie Associative","robots":{"index":"index","follow":"follow","max-snippet":"max-snippet:-1","max-image-preview":"max-image-preview:large","max-video-preview":"max-video-preview:-1"},"canonical":"https:\/\/vieassociative.be\/actualites\/autriche-un-populiste-de-droite-deviendra-t-il-chancelier-pour-la-premiere-fois\/","og_locale":"fr_FR","og_type":"article","og_title":"Autriche : un populiste de droite deviendra-t-il chancelier pour la premi\u00e8re fois ? | Vie Associative","og_description":"L&rsquo;Autriche vit un week-end dramatique avec l&rsquo;\u00e9chec des n\u00e9gociations de coalition et la d\u00e9mission de la chanceli\u00e8re. Aujourd\u2019hui, une solution \u00e9merge. Le FP\u00d6 de droite","og_url":"https:\/\/vieassociative.be\/actualites\/autriche-un-populiste-de-droite-deviendra-t-il-chancelier-pour-la-premiere-fois\/","og_site_name":"Vie Associative","article_published_time":"2025-01-05T20:18:30+00:00","og_image":[{"width":279,"height":92,"url":"https:\/\/vieassociative.be\/actualites\/wp-content\/uploads\/2024\/09\/header_backgroundk-01-e1726694325946.png","type":"image\/png"}],"author":"Julien","twitter_card":"summary_large_image","twitter_misc":{"\u00c9crit par":"Julien","Dur\u00e9e de lecture est.":"5 minutes"},"schema":{"@context":"https:\/\/schema.org","@graph":[{"@type":"Article","@id":"https:\/\/vieassociative.be\/actualites\/autriche-un-populiste-de-droite-deviendra-t-il-chancelier-pour-la-premiere-fois\/#article","isPartOf":{"@id":"https:\/\/vieassociative.be\/actualites\/autriche-un-populiste-de-droite-deviendra-t-il-chancelier-pour-la-premiere-fois\/"},"author":{"name":"Julien","@id":"https:\/\/vieassociative.be\/actualites\/#\/schema\/person\/b87ac4f82f9d4e7b7cec7395b679edc4"},"headline":"Autriche : un populiste de droite deviendra-t-il chancelier pour la premi\u00e8re fois ?","datePublished":"2025-01-05T20:18:30+00:00","dateModified":"2025-01-05T20:18:30+00:00","mainEntityOfPage":{"@id":"https:\/\/vieassociative.be\/actualites\/autriche-un-populiste-de-droite-deviendra-t-il-chancelier-pour-la-premiere-fois\/"},"wordCount":969,"publisher":{"@id":"https:\/\/vieassociative.be\/actualites\/#organization"},"image":{"@id":"https:\/\/vieassociative.be\/actualites\/autriche-un-populiste-de-droite-deviendra-t-il-chancelier-pour-la-premiere-fois\/#primaryimage"},"thumbnailUrl":"https:\/\/vieassociative.be\/actualites\/wp-content\/uploads\/2025\/01\/1736108311_Autriche-un-populiste-de-droite-deviendra-t-il-chancelier-pour-la.jpg","keywords":["Autriche","chancelier","deviendratil","droite","fois","populiste","pour","premi\u00e8re"],"articleSection":["Belgique"],"inLanguage":"fr-BE"},{"@type":"WebPage","@id":"https:\/\/vieassociative.be\/actualites\/autriche-un-populiste-de-droite-deviendra-t-il-chancelier-pour-la-premiere-fois\/","url":"https:\/\/vieassociative.be\/actualites\/autriche-un-populiste-de-droite-deviendra-t-il-chancelier-pour-la-premiere-fois\/","name":"Autriche : un populiste de droite deviendra-t-il chancelier pour la premi\u00e8re fois ? | Vie Associative","isPartOf":{"@id":"https:\/\/vieassociative.be\/actualites\/#website"},"primaryImageOfPage":{"@id":"https:\/\/vieassociative.be\/actualites\/autriche-un-populiste-de-droite-deviendra-t-il-chancelier-pour-la-premiere-fois\/#primaryimage"},"image":{"@id":"https:\/\/vieassociative.be\/actualites\/autriche-un-populiste-de-droite-deviendra-t-il-chancelier-pour-la-premiere-fois\/#primaryimage"},"thumbnailUrl":"https:\/\/vieassociative.be\/actualites\/wp-content\/uploads\/2025\/01\/1736108311_Autriche-un-populiste-de-droite-deviendra-t-il-chancelier-pour-la.jpg","datePublished":"2025-01-05T20:18:30+00:00","dateModified":"2025-01-05T20:18:30+00:00","breadcrumb":{"@id":"https:\/\/vieassociative.be\/actualites\/autriche-un-populiste-de-droite-deviendra-t-il-chancelier-pour-la-premiere-fois\/#breadcrumb"},"inLanguage":"fr-BE","potentialAction":[{"@type":"ReadAction","target":["https:\/\/vieassociative.be\/actualites\/autriche-un-populiste-de-droite-deviendra-t-il-chancelier-pour-la-premiere-fois\/"]}]},{"@type":"ImageObject","inLanguage":"fr-BE","@id":"https:\/\/vieassociative.be\/actualites\/autriche-un-populiste-de-droite-deviendra-t-il-chancelier-pour-la-premiere-fois\/#primaryimage","url":"https:\/\/vieassociative.be\/actualites\/wp-content\/uploads\/2025\/01\/1736108311_Autriche-un-populiste-de-droite-deviendra-t-il-chancelier-pour-la.jpg","contentUrl":"https:\/\/vieassociative.be\/actualites\/wp-content\/uploads\/2025\/01\/1736108311_Autriche-un-populiste-de-droite-deviendra-t-il-chancelier-pour-la.jpg","width":1200,"height":800,"caption":"Autriche : un populiste de droite deviendra-t-il chancelier pour la premi\u00e8re fois ?"},{"@type":"BreadcrumbList","@id":"https:\/\/vieassociative.be\/actualites\/autriche-un-populiste-de-droite-deviendra-t-il-chancelier-pour-la-premiere-fois\/#breadcrumb","itemListElement":[{"@type":"ListItem","position":1,"name":"Accueil","item":"https:\/\/vieassociative.be\/actualites\/"},{"@type":"ListItem","position":2,"name":"Autriche : un populiste de droite deviendra-t-il chancelier pour la premi\u00e8re fois ?"}]},{"@type":"WebSite","@id":"https:\/\/vieassociative.be\/actualites\/#website","url":"https:\/\/vieassociative.be\/actualites\/","name":"Vie Associative","description":"","publisher":{"@id":"https:\/\/vieassociative.be\/actualites\/#organization"},"potentialAction":[{"@type":"SearchAction","target":{"@type":"EntryPoint","urlTemplate":"https:\/\/vieassociative.be\/actualites\/?s={search_term_string}"},"query-input":{"@type":"PropertyValueSpecification","valueRequired":true,"valueName":"search_term_string"}}],"inLanguage":"fr-BE"},{"@type":"Organization","@id":"https:\/\/vieassociative.be\/actualites\/#organization","name":"Vie Associative","url":"https:\/\/vieassociative.be\/actualites\/","logo":{"@type":"ImageObject","inLanguage":"fr-BE","@id":"https:\/\/vieassociative.be\/actualites\/#\/schema\/logo\/image\/","url":"https:\/\/vieassociative.be\/actualites\/wp-content\/uploads\/2024\/09\/cropped-vieassociative_favicon.ico.png","contentUrl":"https:\/\/vieassociative.be\/actualites\/wp-content\/uploads\/2024\/09\/cropped-vieassociative_favicon.ico.png","width":512,"height":512,"caption":"Vie Associative"},"image":{"@id":"https:\/\/vieassociative.be\/actualites\/#\/schema\/logo\/image\/"}},{"@type":"Person","@id":"https:\/\/vieassociative.be\/actualites\/#\/schema\/person\/b87ac4f82f9d4e7b7cec7395b679edc4","name":"Julien","image":{"@type":"ImageObject","inLanguage":"fr-BE","@id":"https:\/\/vieassociative.be\/actualites\/#\/schema\/person\/image\/","url":"https:\/\/vieassociative.be\/actualites\/wp-content\/uploads\/2024\/09\/vie-associative-1-150x150.jpg","contentUrl":"https:\/\/vieassociative.be\/actualites\/wp-content\/uploads\/2024\/09\/vie-associative-1-150x150.jpg","caption":"Julien"},"description":"Je suis Julien, r\u00e9dacteur pour Vie Associative. Passionn\u00e9 par le monde associatif depuis plus de 10 ans, j'ai \u00e0 c\u0153ur de partager des histoires inspirantes et de mettre en lumi\u00e8re les initiatives locales. Mon objectif est de sensibiliser et d'encourager l'engagement communautaire \u00e0 travers mes articles.","sameAs":["https:\/\/vieassociative.be\/"]}]}},"_links":{"self":[{"href":"https:\/\/vieassociative.be\/actualites\/wp-json\/wp\/v2\/posts\/4082"}],"collection":[{"href":"https:\/\/vieassociative.be\/actualites\/wp-json\/wp\/v2\/posts"}],"about":[{"href":"https:\/\/vieassociative.be\/actualites\/wp-json\/wp\/v2\/types\/post"}],"author":[{"embeddable":true,"href":"https:\/\/vieassociative.be\/actualites\/wp-json\/wp\/v2\/users\/1"}],"replies":[{"embeddable":true,"href":"https:\/\/vieassociative.be\/actualites\/wp-json\/wp\/v2\/comments?post=4082"}],"version-history":[{"count":0,"href":"https:\/\/vieassociative.be\/actualites\/wp-json\/wp\/v2\/posts\/4082\/revisions"}],"wp:featuredmedia":[{"embeddable":true,"href":"https:\/\/vieassociative.be\/actualites\/wp-json\/wp\/v2\/media\/4083"}],"wp:attachment":[{"href":"https:\/\/vieassociative.be\/actualites\/wp-json\/wp\/v2\/media?parent=4082"}],"wp:term":[{"taxonomy":"category","embeddable":true,"href":"https:\/\/vieassociative.be\/actualites\/wp-json\/wp\/v2\/categories?post=4082"},{"taxonomy":"post_tag","embeddable":true,"href":"https:\/\/vieassociative.be\/actualites\/wp-json\/wp\/v2\/tags?post=4082"}],"curies":[{"name":"wp","href":"https:\/\/api.w.org\/{rel}","templated":true}]}}