{"id":4080,"date":"2025-01-05T20:17:36","date_gmt":"2025-01-05T19:17:36","guid":{"rendered":"https:\/\/vieassociative.be\/actualites\/ces-2025-belkin-a-enfin-fabrique-un-trepied-pour-son-support-de-createur-tiktok\/"},"modified":"2025-01-05T20:17:36","modified_gmt":"2025-01-05T19:17:36","slug":"ces-2025-belkin-a-enfin-fabrique-un-trepied-pour-son-support-de-createur-tiktok","status":"publish","type":"post","link":"https:\/\/vieassociative.be\/actualites\/ces-2025-belkin-a-enfin-fabrique-un-trepied-pour-son-support-de-createur-tiktok\/","title":{"rendered":"CES 2025 : Belkin a enfin fabriqu\u00e9 un tr\u00e9pied pour son support de cr\u00e9ateur TikTok"},"content":{"rendered":"<div class=\"mt-4 leading-6 md:mb-8\">Vous pouvez enfin l&rsquo;utiliser sur plus qu&rsquo;un bureau.<\/div>\n<p><\/p>\n<p>L&rsquo;ann\u00e9e derni\u00e8re, Belkin, collaborateur fr\u00e9quent d&rsquo;Apple, a publi\u00e9 ce qui pourrait \u00eatre le support t\u00e9l\u00e9phonique le plus exag\u00e9r\u00e9 de tous les temps, faisant \u00e9galement office de cam\u00e9raman pour vous suivre et vous enregistrer lorsque vous vous d\u00e9placez. Le pi\u00e8ge ? Il n&rsquo;\u00e9tait pas livr\u00e9 avec un tr\u00e9pied, jusqu&rsquo;\u00e0 pr\u00e9sent.<\/p>\n<p>Le Belkin Auto-Tracking Stand Pro est un chargeur de t\u00e9l\u00e9phone MagSafe motoris\u00e9 \u00e0 150 $ qui, en plus de fournir une charge sans fil standard de 15 W, fonctionne \u00e9galement avec le cadre DockKit d&rsquo;Apple pour pivoter \u00e0 360 degr\u00e9s et s&rsquo;incliner \u00e0 90 degr\u00e9s afin qu&rsquo;il puisse toujours vous garder dans le cadre. Il est destin\u00e9 aux livestreamers et aux vloggers et peut vous suivre automatiquement pendant que vous pr\u00e9sentez ou jouez un sketch, ce qui facilite le tournage en solo. (Cela dit, vous pouvez \u00e9galement l&rsquo;utiliser de mani\u00e8re d\u00e9contract\u00e9e, par exemple pour passer un appel FaceTime).<\/p>\n<p>Mais avec une hauteur d\u2019un peu moins de neuf pouces, sa convivialit\u00e9 d\u00e8s la sortie de la bo\u00eete \u00e9tait s\u00e9v\u00e8rement limit\u00e9e. C&rsquo;est id\u00e9al pour filmer depuis un bureau, mais si vos vid\u00e9os n\u00e9cessitent que vous vous leviez ou que vous vous \u00e9loigniez des microphones de votre t\u00e9l\u00e9phone, cela peut \u00eatre un peu plus difficile \u00e0 placer. Cela rendait difficile la vente \u00e0 son principal public d\u2019influenceurs.<\/p>\n<p>Vous pouvez contourner ce probl\u00e8me en utilisant des solutions tierces, puisque le support est livr\u00e9 avec un trou de vis de tr\u00e9pied standard en bas, mais Belkin propose d\u00e9sormais une r\u00e9ponse plus officielle. Annonc\u00e9 lors du CES de cette ann\u00e9e, le Belkin Stage Creator Bundle s&rsquo;ajoute \u00e0 l&rsquo;Auto-Tracking Stand Pro avec un tr\u00e9pied de 5,6 pieds et une paire de microphones \u00e0 pince portables. Il est \u00e9galement livr\u00e9 avec un support de t\u00e9l\u00e9phone magn\u00e9tique, donc techniquement, vous pouvez toujours utiliser l&rsquo;ensemble sans le support de suivi, en supposant que vous n&rsquo;avez pas besoin de l&rsquo;appareil photo de votre t\u00e9l\u00e9phone pour vous suivre.<\/p>\n<div class=\"eloquent-imagery-image\">\n<div class=\"flex justify-center\">\n                    <img decoding=\"async\" class=\"border border-gray-100\" src=\"https:\/\/vieassociative.be\/actualites\/wp-content\/uploads\/2025\/01\/CES-2025-Belkin-a-enfin-fabrique-un-trepied-pour.png\" alt=\"Pack Cr\u00e9ateur Belkin\" width=\"2000\" height=\"1462\" loading=\"lazy\"  >\n            <\/div>\n<\/p><\/div>\n<p>Il n&rsquo;y a toujours pas de nouvelles sur la prise en charge d&rsquo;Android, m\u00eame si cela est probablement peu probable, \u00e9tant donn\u00e9 la d\u00e9pendance du support de suivi \u00e0 l&rsquo;\u00e9gard de DockKit. M\u00eame si vous mettez un autocollant MagSage sur votre t\u00e9l\u00e9phone Android, il ne fonctionnera tout simplement pas bien avec son logiciel.<\/p>\n<p>Le prix est MIA pour le moment, tout comme les sp\u00e9cifications de ces microphones \u00e0 pince, car la sortie du pack est un peu \u00e9loign\u00e9e. (Il est actuellement pr\u00e9vu pour mai.) Pourtant, m\u00eame s&rsquo;il devra rivaliser avec des alternatives tierces (les tr\u00e9pieds et les micros sans fil ne sont pas vraiment nouveaux), l&rsquo;ensemble contribuera grandement \u00e0 donner au support motoris\u00e9 de Belkin l&rsquo;impression d&rsquo;\u00eatre un produit plus complet.<\/p>\n<div class=\"eloquent-imagery-image\">\n<div class=\"flex justify-center\">\n                    <img decoding=\"async\" class=\"border border-gray-100\" src=\"https:\/\/vieassociative.be\/actualites\/wp-content\/uploads\/2025\/01\/1736104656_413_CES-2025-Belkin-a-enfin-fabrique-un-trepied-pour.png\" alt=\"PowerGrip de sc\u00e8ne\" width=\"2000\" height=\"1125\" loading=\"lazy\"  >\n            <\/div>\n<\/p><\/div>\n<p>Le Stage PowerGrip est \u00e9galement pr\u00e9vu pour mai, qui attend \u00e9galement toujours un prix. Il s&rsquo;agit d&rsquo;un produit un peu plus novateur, car il s&rsquo;agit d&rsquo;une banque d&rsquo;alimentation MagSafe qui donne \u00e9galement \u00e0 votre t\u00e9l\u00e9phone l&rsquo;apparence d&rsquo;un appareil photo instantan\u00e9. Pour compl\u00e9ter l&rsquo;esth\u00e9tique (oui, il existe en plusieurs couleurs), une poign\u00e9e pour aligner vos photos ainsi qu&rsquo;un bouton pour les prendre, mais l\u00e0 o\u00f9 se trouverait un viseur d&rsquo;appareil photo, vous trouverez \u00e0 la place un petit \u00e9cran repr\u00e9sentant le reste de la banque. pourcentage de batterie. Comme certaines autres banques d\u2019alimentation MagSafe Belkin, vous pouvez \u00e9galement placer le PowerGrip verticalement pour l\u2019utiliser \u00e9galement comme une sorte de b\u00e9quille de t\u00e9l\u00e9phone, et il dispose d\u2019un c\u00e2ble USB-C int\u00e9gr\u00e9 pour le chargement filaire.<\/p>\n<div class=\"eloquent-imagery-image\">\n<div class=\"flex justify-center\">\n                    <img decoding=\"async\" class=\"border border-gray-100\" src=\"https:\/\/vieassociative.be\/actualites\/wp-content\/uploads\/2025\/01\/1736104656_819_CES-2025-Belkin-a-enfin-fabrique-un-trepied-pour.png\" alt=\"BoostChargePro\" width=\"2000\" height=\"2000\" loading=\"lazy\"  >\n            <\/div>\n<\/p><\/div>\n<p>Belkin propose \u00e9galement certains produits CES 2025 dont les prix sont d\u00e9j\u00e0 annonc\u00e9s. En plus d&rsquo;un nouveau chargeur mural BoostCharge Compact USB-C et d&rsquo;une nouvelle banque d&rsquo;alimentation BoostCharge d&rsquo;une capacit\u00e9 de 20 000 mAh et d&rsquo;un c\u00e2ble USB-C int\u00e9gr\u00e9, le chargeur magn\u00e9tique sans fil BoostCharge Pro est une petite rondelle de chargement sans fil qui devrait \u00eatre id\u00e9ale pour les voyages. Ce petit chargeur circulaire se connecte \u00e0 l\u2019arri\u00e8re de votre t\u00e9l\u00e9phone \u00e0 l\u2019aide de MagSafe (ou d\u2019un autocollant de style MagSafe) et est \u00e0 peu pr\u00e8s aussi \u00e9pais qu\u2019une banque d\u2019alimentation, mais prend globalement beaucoup moins de place. Gr\u00e2ce \u00e0 sa b\u00e9quille int\u00e9gr\u00e9e, l&rsquo;id\u00e9e est que vous pouvez facilement l&rsquo;utiliser comme chargeur de t\u00e9l\u00e9phone lors de vos d\u00e9placements, en soutenant votre t\u00e9l\u00e9phone pendant la nuit afin qu&rsquo;il puisse fonctionner comme un r\u00e9veil. Le seul hic ? Vous devrez toujours brancher son c\u00e2ble USB-C de 6,6 pieds sur une sorte de source d\u2019alimentation. Heureusement, vous pouvez obtenir une alimentation avec l&rsquo;unit\u00e9, ou y renoncer pour une alimentation d\u00e9j\u00e0 disponible, vous avez donc au moins des options l\u00e0-bas.<\/p>\n<p>Le chargeur magn\u00e9tique sans fil BoostCharge Pro sortira aux \u00c9tats-Unis en avril et vous co\u00fbtera 20 $ sans alimentation et 30 $ avec une. Si vous souhaitez fournir votre propre alimentation, le chargeur BoostCharge Compact USB-C fonctionnera pour cela et sortira en mars au prix de 30 $, avec une capacit\u00e9 maximale de 45 W et un port USB-C. Une version 65 W du BoostCharge Compact commencera \u00e9galement \u00e0 \u00eatre vendue en mars pour 40 $, tandis que la banque d&rsquo;alimentation BoostCharge d&rsquo;une capacit\u00e9 de 20 000 mAh et d&rsquo;un c\u00e2ble int\u00e9gr\u00e9 sera disponible en avril pour 50 $. Les produits aliment\u00e9s par USB doivent fonctionner avec n&rsquo;importe quel produit qui se charge via un port compatible, tandis que le chargeur magn\u00e9tique sans fil BoostCharge Pro fonctionnera avec n&rsquo;importe quel appareil compatible Qi2.<\/p>\n","protected":false},"excerpt":{"rendered":"<p>Vous pouvez enfin l&rsquo;utiliser sur plus qu&rsquo;un bureau. L&rsquo;ann\u00e9e derni\u00e8re, Belkin, collaborateur fr\u00e9quent d&rsquo;Apple, a publi\u00e9 ce qui pourrait \u00eatre le support t\u00e9l\u00e9phonique le plus<\/p>\n","protected":false},"author":1,"featured_media":4081,"comment_status":"","ping_status":"","sticky":false,"template":"","format":"standard","meta":{"footnotes":""},"categories":[13],"tags":[4531,248,4534,545,1018,81,800,4533,75,4532],"class_list":["post-4080","post","type-post","status-publish","format-standard","has-post-thumbnail","hentry","category-technologie","tag-belkin","tag-ces","tag-createur","tag-enfin","tag-fabrique","tag-pour","tag-son","tag-support","tag-tiktok","tag-trepied","generate-columns","tablet-grid-50","mobile-grid-100","grid-parent","grid-33"],"yoast_head":"<!-- This site is optimized with the Yoast SEO plugin v24.0 - https:\/\/yoast.com\/wordpress\/plugins\/seo\/ -->\n<title>CES 2025 : Belkin a enfin fabriqu\u00e9 un tr\u00e9pied pour son support de cr\u00e9ateur TikTok | Vie Associative<\/title>\n<meta name=\"robots\" content=\"index, follow, max-snippet:-1, max-image-preview:large, max-video-preview:-1\" \/>\n<link rel=\"canonical\" href=\"https:\/\/vieassociative.be\/actualites\/ces-2025-belkin-a-enfin-fabrique-un-trepied-pour-son-support-de-createur-tiktok\/\" \/>\n<meta property=\"og:locale\" content=\"fr_FR\" \/>\n<meta property=\"og:type\" content=\"article\" \/>\n<meta property=\"og:title\" content=\"CES 2025 : Belkin a enfin fabriqu\u00e9 un tr\u00e9pied pour son support de cr\u00e9ateur TikTok | Vie Associative\" \/>\n<meta property=\"og:description\" content=\"Vous pouvez enfin l&rsquo;utiliser sur plus qu&rsquo;un bureau. L&rsquo;ann\u00e9e derni\u00e8re, Belkin, collaborateur fr\u00e9quent d&rsquo;Apple, a publi\u00e9 ce qui pourrait \u00eatre le support t\u00e9l\u00e9phonique le plus\" \/>\n<meta property=\"og:url\" content=\"https:\/\/vieassociative.be\/actualites\/ces-2025-belkin-a-enfin-fabrique-un-trepied-pour-son-support-de-createur-tiktok\/\" \/>\n<meta property=\"og:site_name\" content=\"Vie Associative\" \/>\n<meta property=\"article:published_time\" content=\"2025-01-05T19:17:36+00:00\" \/>\n<meta property=\"og:image\" content=\"https:\/\/vieassociative.be\/actualites\/wp-content\/uploads\/2025\/01\/CES-2025-Belkin-a-enfin-fabrique-un-trepied-pour.png\" \/>\n<meta name=\"author\" content=\"Julien\" \/>\n<meta name=\"twitter:card\" content=\"summary_large_image\" \/>\n<meta name=\"twitter:label1\" content=\"\u00c9crit par\" \/>\n\t<meta name=\"twitter:data1\" content=\"Julien\" \/>\n\t<meta name=\"twitter:label2\" content=\"Dur\u00e9e de lecture est.\" \/>\n\t<meta name=\"twitter:data2\" content=\"5 minutes\" \/>\n<script type=\"application\/ld+json\" class=\"yoast-schema-graph\">{\"@context\":\"https:\/\/schema.org\",\"@graph\":[{\"@type\":\"Article\",\"@id\":\"https:\/\/vieassociative.be\/actualites\/ces-2025-belkin-a-enfin-fabrique-un-trepied-pour-son-support-de-createur-tiktok\/#article\",\"isPartOf\":{\"@id\":\"https:\/\/vieassociative.be\/actualites\/ces-2025-belkin-a-enfin-fabrique-un-trepied-pour-son-support-de-createur-tiktok\/\"},\"author\":{\"name\":\"Julien\",\"@id\":\"https:\/\/vieassociative.be\/actualites\/#\/schema\/person\/b87ac4f82f9d4e7b7cec7395b679edc4\"},\"headline\":\"CES 2025 : Belkin a enfin fabriqu\u00e9 un tr\u00e9pied pour son support de cr\u00e9ateur TikTok\",\"datePublished\":\"2025-01-05T19:17:36+00:00\",\"dateModified\":\"2025-01-05T19:17:36+00:00\",\"mainEntityOfPage\":{\"@id\":\"https:\/\/vieassociative.be\/actualites\/ces-2025-belkin-a-enfin-fabrique-un-trepied-pour-son-support-de-createur-tiktok\/\"},\"wordCount\":997,\"publisher\":{\"@id\":\"https:\/\/vieassociative.be\/actualites\/#organization\"},\"image\":{\"@id\":\"https:\/\/vieassociative.be\/actualites\/ces-2025-belkin-a-enfin-fabrique-un-trepied-pour-son-support-de-createur-tiktok\/#primaryimage\"},\"thumbnailUrl\":\"https:\/\/vieassociative.be\/actualites\/wp-content\/uploads\/2025\/01\/1736104656_CES-2025-Belkin-a-enfin-fabrique-un-trepied-pour.png\",\"keywords\":[\"Belkin\",\"ces\",\"cr\u00e9ateur\",\"enfin\",\"fabrique\",\"pour\",\"son\",\"support\",\"TikTok\",\"tr\u00e9pied\"],\"articleSection\":[\"Technologie\"],\"inLanguage\":\"fr-BE\"},{\"@type\":\"WebPage\",\"@id\":\"https:\/\/vieassociative.be\/actualites\/ces-2025-belkin-a-enfin-fabrique-un-trepied-pour-son-support-de-createur-tiktok\/\",\"url\":\"https:\/\/vieassociative.be\/actualites\/ces-2025-belkin-a-enfin-fabrique-un-trepied-pour-son-support-de-createur-tiktok\/\",\"name\":\"CES 2025 : Belkin a enfin fabriqu\u00e9 un tr\u00e9pied pour son support de cr\u00e9ateur TikTok | Vie Associative\",\"isPartOf\":{\"@id\":\"https:\/\/vieassociative.be\/actualites\/#website\"},\"primaryImageOfPage\":{\"@id\":\"https:\/\/vieassociative.be\/actualites\/ces-2025-belkin-a-enfin-fabrique-un-trepied-pour-son-support-de-createur-tiktok\/#primaryimage\"},\"image\":{\"@id\":\"https:\/\/vieassociative.be\/actualites\/ces-2025-belkin-a-enfin-fabrique-un-trepied-pour-son-support-de-createur-tiktok\/#primaryimage\"},\"thumbnailUrl\":\"https:\/\/vieassociative.be\/actualites\/wp-content\/uploads\/2025\/01\/1736104656_CES-2025-Belkin-a-enfin-fabrique-un-trepied-pour.png\",\"datePublished\":\"2025-01-05T19:17:36+00:00\",\"dateModified\":\"2025-01-05T19:17:36+00:00\",\"breadcrumb\":{\"@id\":\"https:\/\/vieassociative.be\/actualites\/ces-2025-belkin-a-enfin-fabrique-un-trepied-pour-son-support-de-createur-tiktok\/#breadcrumb\"},\"inLanguage\":\"fr-BE\",\"potentialAction\":[{\"@type\":\"ReadAction\",\"target\":[\"https:\/\/vieassociative.be\/actualites\/ces-2025-belkin-a-enfin-fabrique-un-trepied-pour-son-support-de-createur-tiktok\/\"]}]},{\"@type\":\"ImageObject\",\"inLanguage\":\"fr-BE\",\"@id\":\"https:\/\/vieassociative.be\/actualites\/ces-2025-belkin-a-enfin-fabrique-un-trepied-pour-son-support-de-createur-tiktok\/#primaryimage\",\"url\":\"https:\/\/vieassociative.be\/actualites\/wp-content\/uploads\/2025\/01\/1736104656_CES-2025-Belkin-a-enfin-fabrique-un-trepied-pour.png\",\"contentUrl\":\"https:\/\/vieassociative.be\/actualites\/wp-content\/uploads\/2025\/01\/1736104656_CES-2025-Belkin-a-enfin-fabrique-un-trepied-pour.png\",\"width\":1200,\"height\":675,\"caption\":\"CES 2025 : Belkin a enfin fabriqu\u00e9 un tr\u00e9pied pour son support de cr\u00e9ateur TikTok\"},{\"@type\":\"BreadcrumbList\",\"@id\":\"https:\/\/vieassociative.be\/actualites\/ces-2025-belkin-a-enfin-fabrique-un-trepied-pour-son-support-de-createur-tiktok\/#breadcrumb\",\"itemListElement\":[{\"@type\":\"ListItem\",\"position\":1,\"name\":\"Accueil\",\"item\":\"https:\/\/vieassociative.be\/actualites\/\"},{\"@type\":\"ListItem\",\"position\":2,\"name\":\"CES 2025 : Belkin a enfin fabriqu\u00e9 un tr\u00e9pied pour son support de cr\u00e9ateur TikTok\"}]},{\"@type\":\"WebSite\",\"@id\":\"https:\/\/vieassociative.be\/actualites\/#website\",\"url\":\"https:\/\/vieassociative.be\/actualites\/\",\"name\":\"Vie Associative\",\"description\":\"\",\"publisher\":{\"@id\":\"https:\/\/vieassociative.be\/actualites\/#organization\"},\"potentialAction\":[{\"@type\":\"SearchAction\",\"target\":{\"@type\":\"EntryPoint\",\"urlTemplate\":\"https:\/\/vieassociative.be\/actualites\/?s={search_term_string}\"},\"query-input\":{\"@type\":\"PropertyValueSpecification\",\"valueRequired\":true,\"valueName\":\"search_term_string\"}}],\"inLanguage\":\"fr-BE\"},{\"@type\":\"Organization\",\"@id\":\"https:\/\/vieassociative.be\/actualites\/#organization\",\"name\":\"Vie Associative\",\"url\":\"https:\/\/vieassociative.be\/actualites\/\",\"logo\":{\"@type\":\"ImageObject\",\"inLanguage\":\"fr-BE\",\"@id\":\"https:\/\/vieassociative.be\/actualites\/#\/schema\/logo\/image\/\",\"url\":\"https:\/\/vieassociative.be\/actualites\/wp-content\/uploads\/2024\/09\/cropped-vieassociative_favicon.ico.png\",\"contentUrl\":\"https:\/\/vieassociative.be\/actualites\/wp-content\/uploads\/2024\/09\/cropped-vieassociative_favicon.ico.png\",\"width\":512,\"height\":512,\"caption\":\"Vie Associative\"},\"image\":{\"@id\":\"https:\/\/vieassociative.be\/actualites\/#\/schema\/logo\/image\/\"}},{\"@type\":\"Person\",\"@id\":\"https:\/\/vieassociative.be\/actualites\/#\/schema\/person\/b87ac4f82f9d4e7b7cec7395b679edc4\",\"name\":\"Julien\",\"image\":{\"@type\":\"ImageObject\",\"inLanguage\":\"fr-BE\",\"@id\":\"https:\/\/vieassociative.be\/actualites\/#\/schema\/person\/image\/\",\"url\":\"https:\/\/vieassociative.be\/actualites\/wp-content\/uploads\/2024\/09\/vie-associative-1-150x150.jpg\",\"contentUrl\":\"https:\/\/vieassociative.be\/actualites\/wp-content\/uploads\/2024\/09\/vie-associative-1-150x150.jpg\",\"caption\":\"Julien\"},\"description\":\"Je suis Julien, r\u00e9dacteur pour Vie Associative. Passionn\u00e9 par le monde associatif depuis plus de 10 ans, j'ai \u00e0 c\u0153ur de partager des histoires inspirantes et de mettre en lumi\u00e8re les initiatives locales. Mon objectif est de sensibiliser et d'encourager l'engagement communautaire \u00e0 travers mes articles.\",\"sameAs\":[\"https:\/\/vieassociative.be\/\"]}]}<\/script>\n<!-- \/ Yoast SEO plugin. -->","yoast_head_json":{"title":"CES 2025 : Belkin a enfin fabriqu\u00e9 un tr\u00e9pied pour son support de cr\u00e9ateur TikTok | Vie Associative","robots":{"index":"index","follow":"follow","max-snippet":"max-snippet:-1","max-image-preview":"max-image-preview:large","max-video-preview":"max-video-preview:-1"},"canonical":"https:\/\/vieassociative.be\/actualites\/ces-2025-belkin-a-enfin-fabrique-un-trepied-pour-son-support-de-createur-tiktok\/","og_locale":"fr_FR","og_type":"article","og_title":"CES 2025 : Belkin a enfin fabriqu\u00e9 un tr\u00e9pied pour son support de cr\u00e9ateur TikTok | Vie Associative","og_description":"Vous pouvez enfin l&rsquo;utiliser sur plus qu&rsquo;un bureau. L&rsquo;ann\u00e9e derni\u00e8re, Belkin, collaborateur fr\u00e9quent d&rsquo;Apple, a publi\u00e9 ce qui pourrait \u00eatre le support t\u00e9l\u00e9phonique le plus","og_url":"https:\/\/vieassociative.be\/actualites\/ces-2025-belkin-a-enfin-fabrique-un-trepied-pour-son-support-de-createur-tiktok\/","og_site_name":"Vie Associative","article_published_time":"2025-01-05T19:17:36+00:00","og_image":[{"url":"https:\/\/vieassociative.be\/actualites\/wp-content\/uploads\/2025\/01\/CES-2025-Belkin-a-enfin-fabrique-un-trepied-pour.png","type":"","width":"","height":""}],"author":"Julien","twitter_card":"summary_large_image","twitter_misc":{"\u00c9crit par":"Julien","Dur\u00e9e de lecture est.":"5 minutes"},"schema":{"@context":"https:\/\/schema.org","@graph":[{"@type":"Article","@id":"https:\/\/vieassociative.be\/actualites\/ces-2025-belkin-a-enfin-fabrique-un-trepied-pour-son-support-de-createur-tiktok\/#article","isPartOf":{"@id":"https:\/\/vieassociative.be\/actualites\/ces-2025-belkin-a-enfin-fabrique-un-trepied-pour-son-support-de-createur-tiktok\/"},"author":{"name":"Julien","@id":"https:\/\/vieassociative.be\/actualites\/#\/schema\/person\/b87ac4f82f9d4e7b7cec7395b679edc4"},"headline":"CES 2025 : Belkin a enfin fabriqu\u00e9 un tr\u00e9pied pour son support de cr\u00e9ateur TikTok","datePublished":"2025-01-05T19:17:36+00:00","dateModified":"2025-01-05T19:17:36+00:00","mainEntityOfPage":{"@id":"https:\/\/vieassociative.be\/actualites\/ces-2025-belkin-a-enfin-fabrique-un-trepied-pour-son-support-de-createur-tiktok\/"},"wordCount":997,"publisher":{"@id":"https:\/\/vieassociative.be\/actualites\/#organization"},"image":{"@id":"https:\/\/vieassociative.be\/actualites\/ces-2025-belkin-a-enfin-fabrique-un-trepied-pour-son-support-de-createur-tiktok\/#primaryimage"},"thumbnailUrl":"https:\/\/vieassociative.be\/actualites\/wp-content\/uploads\/2025\/01\/1736104656_CES-2025-Belkin-a-enfin-fabrique-un-trepied-pour.png","keywords":["Belkin","ces","cr\u00e9ateur","enfin","fabrique","pour","son","support","TikTok","tr\u00e9pied"],"articleSection":["Technologie"],"inLanguage":"fr-BE"},{"@type":"WebPage","@id":"https:\/\/vieassociative.be\/actualites\/ces-2025-belkin-a-enfin-fabrique-un-trepied-pour-son-support-de-createur-tiktok\/","url":"https:\/\/vieassociative.be\/actualites\/ces-2025-belkin-a-enfin-fabrique-un-trepied-pour-son-support-de-createur-tiktok\/","name":"CES 2025 : Belkin a enfin fabriqu\u00e9 un tr\u00e9pied pour son support de cr\u00e9ateur TikTok | Vie Associative","isPartOf":{"@id":"https:\/\/vieassociative.be\/actualites\/#website"},"primaryImageOfPage":{"@id":"https:\/\/vieassociative.be\/actualites\/ces-2025-belkin-a-enfin-fabrique-un-trepied-pour-son-support-de-createur-tiktok\/#primaryimage"},"image":{"@id":"https:\/\/vieassociative.be\/actualites\/ces-2025-belkin-a-enfin-fabrique-un-trepied-pour-son-support-de-createur-tiktok\/#primaryimage"},"thumbnailUrl":"https:\/\/vieassociative.be\/actualites\/wp-content\/uploads\/2025\/01\/1736104656_CES-2025-Belkin-a-enfin-fabrique-un-trepied-pour.png","datePublished":"2025-01-05T19:17:36+00:00","dateModified":"2025-01-05T19:17:36+00:00","breadcrumb":{"@id":"https:\/\/vieassociative.be\/actualites\/ces-2025-belkin-a-enfin-fabrique-un-trepied-pour-son-support-de-createur-tiktok\/#breadcrumb"},"inLanguage":"fr-BE","potentialAction":[{"@type":"ReadAction","target":["https:\/\/vieassociative.be\/actualites\/ces-2025-belkin-a-enfin-fabrique-un-trepied-pour-son-support-de-createur-tiktok\/"]}]},{"@type":"ImageObject","inLanguage":"fr-BE","@id":"https:\/\/vieassociative.be\/actualites\/ces-2025-belkin-a-enfin-fabrique-un-trepied-pour-son-support-de-createur-tiktok\/#primaryimage","url":"https:\/\/vieassociative.be\/actualites\/wp-content\/uploads\/2025\/01\/1736104656_CES-2025-Belkin-a-enfin-fabrique-un-trepied-pour.png","contentUrl":"https:\/\/vieassociative.be\/actualites\/wp-content\/uploads\/2025\/01\/1736104656_CES-2025-Belkin-a-enfin-fabrique-un-trepied-pour.png","width":1200,"height":675,"caption":"CES 2025 : Belkin a enfin fabriqu\u00e9 un tr\u00e9pied pour son support de cr\u00e9ateur TikTok"},{"@type":"BreadcrumbList","@id":"https:\/\/vieassociative.be\/actualites\/ces-2025-belkin-a-enfin-fabrique-un-trepied-pour-son-support-de-createur-tiktok\/#breadcrumb","itemListElement":[{"@type":"ListItem","position":1,"name":"Accueil","item":"https:\/\/vieassociative.be\/actualites\/"},{"@type":"ListItem","position":2,"name":"CES 2025 : Belkin a enfin fabriqu\u00e9 un tr\u00e9pied pour son support de cr\u00e9ateur TikTok"}]},{"@type":"WebSite","@id":"https:\/\/vieassociative.be\/actualites\/#website","url":"https:\/\/vieassociative.be\/actualites\/","name":"Vie Associative","description":"","publisher":{"@id":"https:\/\/vieassociative.be\/actualites\/#organization"},"potentialAction":[{"@type":"SearchAction","target":{"@type":"EntryPoint","urlTemplate":"https:\/\/vieassociative.be\/actualites\/?s={search_term_string}"},"query-input":{"@type":"PropertyValueSpecification","valueRequired":true,"valueName":"search_term_string"}}],"inLanguage":"fr-BE"},{"@type":"Organization","@id":"https:\/\/vieassociative.be\/actualites\/#organization","name":"Vie Associative","url":"https:\/\/vieassociative.be\/actualites\/","logo":{"@type":"ImageObject","inLanguage":"fr-BE","@id":"https:\/\/vieassociative.be\/actualites\/#\/schema\/logo\/image\/","url":"https:\/\/vieassociative.be\/actualites\/wp-content\/uploads\/2024\/09\/cropped-vieassociative_favicon.ico.png","contentUrl":"https:\/\/vieassociative.be\/actualites\/wp-content\/uploads\/2024\/09\/cropped-vieassociative_favicon.ico.png","width":512,"height":512,"caption":"Vie Associative"},"image":{"@id":"https:\/\/vieassociative.be\/actualites\/#\/schema\/logo\/image\/"}},{"@type":"Person","@id":"https:\/\/vieassociative.be\/actualites\/#\/schema\/person\/b87ac4f82f9d4e7b7cec7395b679edc4","name":"Julien","image":{"@type":"ImageObject","inLanguage":"fr-BE","@id":"https:\/\/vieassociative.be\/actualites\/#\/schema\/person\/image\/","url":"https:\/\/vieassociative.be\/actualites\/wp-content\/uploads\/2024\/09\/vie-associative-1-150x150.jpg","contentUrl":"https:\/\/vieassociative.be\/actualites\/wp-content\/uploads\/2024\/09\/vie-associative-1-150x150.jpg","caption":"Julien"},"description":"Je suis Julien, r\u00e9dacteur pour Vie Associative. Passionn\u00e9 par le monde associatif depuis plus de 10 ans, j'ai \u00e0 c\u0153ur de partager des histoires inspirantes et de mettre en lumi\u00e8re les initiatives locales. Mon objectif est de sensibiliser et d'encourager l'engagement communautaire \u00e0 travers mes articles.","sameAs":["https:\/\/vieassociative.be\/"]}]}},"_links":{"self":[{"href":"https:\/\/vieassociative.be\/actualites\/wp-json\/wp\/v2\/posts\/4080"}],"collection":[{"href":"https:\/\/vieassociative.be\/actualites\/wp-json\/wp\/v2\/posts"}],"about":[{"href":"https:\/\/vieassociative.be\/actualites\/wp-json\/wp\/v2\/types\/post"}],"author":[{"embeddable":true,"href":"https:\/\/vieassociative.be\/actualites\/wp-json\/wp\/v2\/users\/1"}],"replies":[{"embeddable":true,"href":"https:\/\/vieassociative.be\/actualites\/wp-json\/wp\/v2\/comments?post=4080"}],"version-history":[{"count":0,"href":"https:\/\/vieassociative.be\/actualites\/wp-json\/wp\/v2\/posts\/4080\/revisions"}],"wp:featuredmedia":[{"embeddable":true,"href":"https:\/\/vieassociative.be\/actualites\/wp-json\/wp\/v2\/media\/4081"}],"wp:attachment":[{"href":"https:\/\/vieassociative.be\/actualites\/wp-json\/wp\/v2\/media?parent=4080"}],"wp:term":[{"taxonomy":"category","embeddable":true,"href":"https:\/\/vieassociative.be\/actualites\/wp-json\/wp\/v2\/categories?post=4080"},{"taxonomy":"post_tag","embeddable":true,"href":"https:\/\/vieassociative.be\/actualites\/wp-json\/wp\/v2\/tags?post=4080"}],"curies":[{"name":"wp","href":"https:\/\/api.w.org\/{rel}","templated":true}]}}