{"id":4078,"date":"2025-01-05T19:19:29","date_gmt":"2025-01-05T18:19:29","guid":{"rendered":"https:\/\/vieassociative.be\/actualites\/ces-2025-mammotion-vient-de-sortir-deux-mini-robots-tondeuses\/"},"modified":"2025-01-05T19:19:29","modified_gmt":"2025-01-05T18:19:29","slug":"ces-2025-mammotion-vient-de-sortir-deux-mini-robots-tondeuses","status":"publish","type":"post","link":"https:\/\/vieassociative.be\/actualites\/ces-2025-mammotion-vient-de-sortir-deux-mini-robots-tondeuses\/","title":{"rendered":"CES 2025 : Mammotion vient de sortir deux mini-robots tondeuses"},"content":{"rendered":"<div class=\"mt-4 leading-6 md:mb-8\">Ces mini tondeuses \u00e0 gazon robotis\u00e9es sont les versions r\u00e9duites parfaites de mes deux mod\u00e8les pr\u00e9f\u00e9r\u00e9s.<\/div>\n<p><\/p>\n<p>La semaine derni\u00e8re, avant le Consumer Electronics Show (CES), j&rsquo;ai d\u00e9clar\u00e9 : \u00ab J&rsquo;aimerais voir une flotte de petites tondeuses \u00e0 gazon robotis\u00e9es, parfaites pour les petites pelouses, et qu&rsquo;elles soient vendues \u00e0 des prix minimes. \u00bb Mammotion et moi devons \u00eatre sur la m\u00eame longueur d&rsquo;onde car aujourd&rsquo;hui au CES, ils ont annonc\u00e9 une version miniature de leurs deux robots tondeuses d&rsquo;exception : le LUBA et le YUKA. L\u2019id\u00e9e d\u2019une mini tondeuse \u00e0 gazon robot est g\u00e9niale\u00a0: de nombreuses personnes ont des pelouses plus petites, et une tondeuse plus petite signifie l\u2019accessibilit\u00e9 et la suppression de la main-d\u2019\u0153uvre inutile sans avoir \u00e0 ranger ou \u00e0 payer pour une grosse machine.<\/p>\n<p>J\u2019ai beaucoup r\u00e9fl\u00e9chi au Switchbot K10+, un mini robot aspirateur dont je suis un grand fan. Le charme du K10+ n&rsquo;est pas qu&rsquo;il soit destin\u00e9 aux espaces plus petits (il g\u00e8re en fait une maison enti\u00e8re mieux que la plupart des autres), mais que sa petite taille lui permet de s&rsquo;int\u00e9grer dans des espaces que les robots plus grands ne peuvent pas atteindre et d&rsquo;obtenir un rayon plus \u00e9troit autour des objets. Les Luba et Yuka Mini devraient faire de m\u00eame. Ils peuvent acc\u00e9der aux pelouses par des sentiers plus petits et contourner plus facilement les obstacles tels que les jardini\u00e8res et les \u00e9clairages de pelouse. Ils ne d\u00e9chireront pas votre pelouse lors d&rsquo;un virage, car leurs roues doivent \u00eatre plus petites et le robot doit \u00eatre plus l\u00e9ger. <\/p>\n<p>Le Mammotion Luba 2 a \u00e9t\u00e9 le premier robot tondeuse que j&rsquo;ai test\u00e9, et je pensais que toutes les autres tondeuses seraient \u00e0 la hauteur, mais je me suis malheureusement tromp\u00e9. Malgr\u00e9 les tests de nombreuses tondeuses l&rsquo;\u00e9t\u00e9 dernier, ce n&rsquo;\u00e9tait m\u00eame pas proche. Le Luba est tr\u00e8s comp\u00e9tent, naviguant sur n&rsquo;importe quel terrain sans cligner des yeux, d\u00e9marrant et revenant \u00e0 la base de mani\u00e8re fiable quand il le devrait et s&rsquo;en tenant aux zones sur lesquelles il est trac\u00e9. <\/p>\n<p>La Yuka est arriv\u00e9e \u00e0 la fin de l\u2019\u00e9t\u00e9, et elle s\u2019apparente \u00e0 une petite s\u0153ur des Luba. Un peu plus petit, plus agile et dot\u00e9 d&rsquo;une tr\u00e9mie pour collecter puis jeter automatiquement les feuilles, les rognures ou les d\u00e9bris l\u00e0 o\u00f9 vous le souhaitez. Le Yuka peut g\u00e9rer plus de zones de tonte que le Luba, mais le Luba n&rsquo;est pas perturb\u00e9 par tout am\u00e9nagement paysager que vous lui lancez ; il traverse facilement un grand rocher dans la pelouse de mon voisin.<\/p>\n<p>Le Luba mini ne p\u00e8sera que 33 livres, ce qui est consid\u00e9rablement plus l\u00e9ger que l&rsquo;original ; le mini Yuka p\u00e8se 22 livres. <\/p>\n<p>L\u2019un des \u00e9l\u00e9ments cl\u00e9s qui distinguent les robots tondeuses les uns des autres est leur facilit\u00e9 d\u2019installation. Les tondeuses Mammotion sont exceptionnelles car il vous suffit de les promener dans votre jardin \u00e0 l&rsquo;aide de la t\u00e9l\u00e9commande de votre application t\u00e9l\u00e9phonique, et une fois la zone cartographi\u00e9e, elles naviguent parfaitement \u00e0 l&rsquo;int\u00e9rieur de l&rsquo;espace. L&rsquo;IA utilis\u00e9e dans ce mappage automatique sera pr\u00e9sente sur les minis. <\/p>\n<p>Le Luba mini commence \u00e0 1 499 $ et le Yuka mini \u00e0 799 $ ; les deux sont disponibles en pr\u00e9commande sur le site Web de Mammotion d\u00e8s maintenant et devraient \u00eatre exp\u00e9di\u00e9s avant avril.<\/p>\n","protected":false},"excerpt":{"rendered":"<p>Ces mini tondeuses \u00e0 gazon robotis\u00e9es sont les versions r\u00e9duites parfaites de mes deux mod\u00e8les pr\u00e9f\u00e9r\u00e9s. La semaine derni\u00e8re, avant le Consumer Electronics Show (CES),<\/p>\n","protected":false},"author":1,"featured_media":4079,"comment_status":"","ping_status":"","sticky":false,"template":"","format":"standard","meta":{"footnotes":""},"categories":[13],"tags":[248,114,4528,4529,325,4530,1213],"class_list":["post-4078","post","type-post","status-publish","format-standard","has-post-thumbnail","hentry","category-technologie","tag-ces","tag-deux","tag-mammotion","tag-minirobots","tag-sortir","tag-tondeuses","tag-vient","generate-columns","tablet-grid-50","mobile-grid-100","grid-parent","grid-33"],"yoast_head":"<!-- This site is optimized with the Yoast SEO plugin v24.0 - https:\/\/yoast.com\/wordpress\/plugins\/seo\/ -->\n<title>CES 2025 : Mammotion vient de sortir deux mini-robots tondeuses | Vie Associative<\/title>\n<meta name=\"robots\" content=\"index, follow, max-snippet:-1, max-image-preview:large, max-video-preview:-1\" \/>\n<link rel=\"canonical\" href=\"https:\/\/vieassociative.be\/actualites\/ces-2025-mammotion-vient-de-sortir-deux-mini-robots-tondeuses\/\" \/>\n<meta property=\"og:locale\" content=\"fr_FR\" \/>\n<meta property=\"og:type\" content=\"article\" \/>\n<meta property=\"og:title\" content=\"CES 2025 : Mammotion vient de sortir deux mini-robots tondeuses | Vie Associative\" \/>\n<meta property=\"og:description\" content=\"Ces mini tondeuses \u00e0 gazon robotis\u00e9es sont les versions r\u00e9duites parfaites de mes deux mod\u00e8les pr\u00e9f\u00e9r\u00e9s. La semaine derni\u00e8re, avant le Consumer Electronics Show (CES),\" \/>\n<meta property=\"og:url\" content=\"https:\/\/vieassociative.be\/actualites\/ces-2025-mammotion-vient-de-sortir-deux-mini-robots-tondeuses\/\" \/>\n<meta property=\"og:site_name\" content=\"Vie Associative\" \/>\n<meta property=\"article:published_time\" content=\"2025-01-05T18:19:29+00:00\" \/>\n<meta property=\"og:image\" content=\"https:\/\/vieassociative.be\/actualites\/wp-content\/uploads\/2024\/09\/header_backgroundk-01-e1726694325946.png\" \/>\n\t<meta property=\"og:image:width\" content=\"279\" \/>\n\t<meta property=\"og:image:height\" content=\"92\" \/>\n\t<meta property=\"og:image:type\" content=\"image\/png\" \/>\n<meta name=\"author\" content=\"Julien\" \/>\n<meta name=\"twitter:card\" content=\"summary_large_image\" \/>\n<meta name=\"twitter:label1\" content=\"\u00c9crit par\" \/>\n\t<meta name=\"twitter:data1\" content=\"Julien\" \/>\n\t<meta name=\"twitter:label2\" content=\"Dur\u00e9e de lecture est.\" \/>\n\t<meta name=\"twitter:data2\" content=\"3 minutes\" \/>\n<script type=\"application\/ld+json\" class=\"yoast-schema-graph\">{\"@context\":\"https:\/\/schema.org\",\"@graph\":[{\"@type\":\"Article\",\"@id\":\"https:\/\/vieassociative.be\/actualites\/ces-2025-mammotion-vient-de-sortir-deux-mini-robots-tondeuses\/#article\",\"isPartOf\":{\"@id\":\"https:\/\/vieassociative.be\/actualites\/ces-2025-mammotion-vient-de-sortir-deux-mini-robots-tondeuses\/\"},\"author\":{\"name\":\"Julien\",\"@id\":\"https:\/\/vieassociative.be\/actualites\/#\/schema\/person\/b87ac4f82f9d4e7b7cec7395b679edc4\"},\"headline\":\"CES 2025 : Mammotion vient de sortir deux mini-robots tondeuses\",\"datePublished\":\"2025-01-05T18:19:29+00:00\",\"dateModified\":\"2025-01-05T18:19:29+00:00\",\"mainEntityOfPage\":{\"@id\":\"https:\/\/vieassociative.be\/actualites\/ces-2025-mammotion-vient-de-sortir-deux-mini-robots-tondeuses\/\"},\"wordCount\":607,\"publisher\":{\"@id\":\"https:\/\/vieassociative.be\/actualites\/#organization\"},\"image\":{\"@id\":\"https:\/\/vieassociative.be\/actualites\/ces-2025-mammotion-vient-de-sortir-deux-mini-robots-tondeuses\/#primaryimage\"},\"thumbnailUrl\":\"https:\/\/vieassociative.be\/actualites\/wp-content\/uploads\/2025\/01\/CES-2025-Mammotion-vient-de-sortir-deux-mini-robots-tondeuses.png\",\"keywords\":[\"ces\",\"deux\",\"Mammotion\",\"minirobots\",\"sortir\",\"tondeuses\",\"vient\"],\"articleSection\":[\"Technologie\"],\"inLanguage\":\"fr-BE\"},{\"@type\":\"WebPage\",\"@id\":\"https:\/\/vieassociative.be\/actualites\/ces-2025-mammotion-vient-de-sortir-deux-mini-robots-tondeuses\/\",\"url\":\"https:\/\/vieassociative.be\/actualites\/ces-2025-mammotion-vient-de-sortir-deux-mini-robots-tondeuses\/\",\"name\":\"CES 2025 : Mammotion vient de sortir deux mini-robots tondeuses | Vie Associative\",\"isPartOf\":{\"@id\":\"https:\/\/vieassociative.be\/actualites\/#website\"},\"primaryImageOfPage\":{\"@id\":\"https:\/\/vieassociative.be\/actualites\/ces-2025-mammotion-vient-de-sortir-deux-mini-robots-tondeuses\/#primaryimage\"},\"image\":{\"@id\":\"https:\/\/vieassociative.be\/actualites\/ces-2025-mammotion-vient-de-sortir-deux-mini-robots-tondeuses\/#primaryimage\"},\"thumbnailUrl\":\"https:\/\/vieassociative.be\/actualites\/wp-content\/uploads\/2025\/01\/CES-2025-Mammotion-vient-de-sortir-deux-mini-robots-tondeuses.png\",\"datePublished\":\"2025-01-05T18:19:29+00:00\",\"dateModified\":\"2025-01-05T18:19:29+00:00\",\"breadcrumb\":{\"@id\":\"https:\/\/vieassociative.be\/actualites\/ces-2025-mammotion-vient-de-sortir-deux-mini-robots-tondeuses\/#breadcrumb\"},\"inLanguage\":\"fr-BE\",\"potentialAction\":[{\"@type\":\"ReadAction\",\"target\":[\"https:\/\/vieassociative.be\/actualites\/ces-2025-mammotion-vient-de-sortir-deux-mini-robots-tondeuses\/\"]}]},{\"@type\":\"ImageObject\",\"inLanguage\":\"fr-BE\",\"@id\":\"https:\/\/vieassociative.be\/actualites\/ces-2025-mammotion-vient-de-sortir-deux-mini-robots-tondeuses\/#primaryimage\",\"url\":\"https:\/\/vieassociative.be\/actualites\/wp-content\/uploads\/2025\/01\/CES-2025-Mammotion-vient-de-sortir-deux-mini-robots-tondeuses.png\",\"contentUrl\":\"https:\/\/vieassociative.be\/actualites\/wp-content\/uploads\/2025\/01\/CES-2025-Mammotion-vient-de-sortir-deux-mini-robots-tondeuses.png\",\"width\":1200,\"height\":675,\"caption\":\"CES 2025 : Mammotion vient de sortir deux mini-robots tondeuses\"},{\"@type\":\"BreadcrumbList\",\"@id\":\"https:\/\/vieassociative.be\/actualites\/ces-2025-mammotion-vient-de-sortir-deux-mini-robots-tondeuses\/#breadcrumb\",\"itemListElement\":[{\"@type\":\"ListItem\",\"position\":1,\"name\":\"Accueil\",\"item\":\"https:\/\/vieassociative.be\/actualites\/\"},{\"@type\":\"ListItem\",\"position\":2,\"name\":\"CES 2025 : Mammotion vient de sortir deux mini-robots tondeuses\"}]},{\"@type\":\"WebSite\",\"@id\":\"https:\/\/vieassociative.be\/actualites\/#website\",\"url\":\"https:\/\/vieassociative.be\/actualites\/\",\"name\":\"Vie Associative\",\"description\":\"\",\"publisher\":{\"@id\":\"https:\/\/vieassociative.be\/actualites\/#organization\"},\"potentialAction\":[{\"@type\":\"SearchAction\",\"target\":{\"@type\":\"EntryPoint\",\"urlTemplate\":\"https:\/\/vieassociative.be\/actualites\/?s={search_term_string}\"},\"query-input\":{\"@type\":\"PropertyValueSpecification\",\"valueRequired\":true,\"valueName\":\"search_term_string\"}}],\"inLanguage\":\"fr-BE\"},{\"@type\":\"Organization\",\"@id\":\"https:\/\/vieassociative.be\/actualites\/#organization\",\"name\":\"Vie Associative\",\"url\":\"https:\/\/vieassociative.be\/actualites\/\",\"logo\":{\"@type\":\"ImageObject\",\"inLanguage\":\"fr-BE\",\"@id\":\"https:\/\/vieassociative.be\/actualites\/#\/schema\/logo\/image\/\",\"url\":\"https:\/\/vieassociative.be\/actualites\/wp-content\/uploads\/2024\/09\/cropped-vieassociative_favicon.ico.png\",\"contentUrl\":\"https:\/\/vieassociative.be\/actualites\/wp-content\/uploads\/2024\/09\/cropped-vieassociative_favicon.ico.png\",\"width\":512,\"height\":512,\"caption\":\"Vie Associative\"},\"image\":{\"@id\":\"https:\/\/vieassociative.be\/actualites\/#\/schema\/logo\/image\/\"}},{\"@type\":\"Person\",\"@id\":\"https:\/\/vieassociative.be\/actualites\/#\/schema\/person\/b87ac4f82f9d4e7b7cec7395b679edc4\",\"name\":\"Julien\",\"image\":{\"@type\":\"ImageObject\",\"inLanguage\":\"fr-BE\",\"@id\":\"https:\/\/vieassociative.be\/actualites\/#\/schema\/person\/image\/\",\"url\":\"https:\/\/vieassociative.be\/actualites\/wp-content\/uploads\/2024\/09\/vie-associative-1-150x150.jpg\",\"contentUrl\":\"https:\/\/vieassociative.be\/actualites\/wp-content\/uploads\/2024\/09\/vie-associative-1-150x150.jpg\",\"caption\":\"Julien\"},\"description\":\"Je suis Julien, r\u00e9dacteur pour Vie Associative. Passionn\u00e9 par le monde associatif depuis plus de 10 ans, j'ai \u00e0 c\u0153ur de partager des histoires inspirantes et de mettre en lumi\u00e8re les initiatives locales. Mon objectif est de sensibiliser et d'encourager l'engagement communautaire \u00e0 travers mes articles.\",\"sameAs\":[\"https:\/\/vieassociative.be\/\"]}]}<\/script>\n<!-- \/ Yoast SEO plugin. -->","yoast_head_json":{"title":"CES 2025 : Mammotion vient de sortir deux mini-robots tondeuses | Vie Associative","robots":{"index":"index","follow":"follow","max-snippet":"max-snippet:-1","max-image-preview":"max-image-preview:large","max-video-preview":"max-video-preview:-1"},"canonical":"https:\/\/vieassociative.be\/actualites\/ces-2025-mammotion-vient-de-sortir-deux-mini-robots-tondeuses\/","og_locale":"fr_FR","og_type":"article","og_title":"CES 2025 : Mammotion vient de sortir deux mini-robots tondeuses | Vie Associative","og_description":"Ces mini tondeuses \u00e0 gazon robotis\u00e9es sont les versions r\u00e9duites parfaites de mes deux mod\u00e8les pr\u00e9f\u00e9r\u00e9s. La semaine derni\u00e8re, avant le Consumer Electronics Show (CES),","og_url":"https:\/\/vieassociative.be\/actualites\/ces-2025-mammotion-vient-de-sortir-deux-mini-robots-tondeuses\/","og_site_name":"Vie Associative","article_published_time":"2025-01-05T18:19:29+00:00","og_image":[{"width":279,"height":92,"url":"https:\/\/vieassociative.be\/actualites\/wp-content\/uploads\/2024\/09\/header_backgroundk-01-e1726694325946.png","type":"image\/png"}],"author":"Julien","twitter_card":"summary_large_image","twitter_misc":{"\u00c9crit par":"Julien","Dur\u00e9e de lecture est.":"3 minutes"},"schema":{"@context":"https:\/\/schema.org","@graph":[{"@type":"Article","@id":"https:\/\/vieassociative.be\/actualites\/ces-2025-mammotion-vient-de-sortir-deux-mini-robots-tondeuses\/#article","isPartOf":{"@id":"https:\/\/vieassociative.be\/actualites\/ces-2025-mammotion-vient-de-sortir-deux-mini-robots-tondeuses\/"},"author":{"name":"Julien","@id":"https:\/\/vieassociative.be\/actualites\/#\/schema\/person\/b87ac4f82f9d4e7b7cec7395b679edc4"},"headline":"CES 2025 : Mammotion vient de sortir deux mini-robots tondeuses","datePublished":"2025-01-05T18:19:29+00:00","dateModified":"2025-01-05T18:19:29+00:00","mainEntityOfPage":{"@id":"https:\/\/vieassociative.be\/actualites\/ces-2025-mammotion-vient-de-sortir-deux-mini-robots-tondeuses\/"},"wordCount":607,"publisher":{"@id":"https:\/\/vieassociative.be\/actualites\/#organization"},"image":{"@id":"https:\/\/vieassociative.be\/actualites\/ces-2025-mammotion-vient-de-sortir-deux-mini-robots-tondeuses\/#primaryimage"},"thumbnailUrl":"https:\/\/vieassociative.be\/actualites\/wp-content\/uploads\/2025\/01\/CES-2025-Mammotion-vient-de-sortir-deux-mini-robots-tondeuses.png","keywords":["ces","deux","Mammotion","minirobots","sortir","tondeuses","vient"],"articleSection":["Technologie"],"inLanguage":"fr-BE"},{"@type":"WebPage","@id":"https:\/\/vieassociative.be\/actualites\/ces-2025-mammotion-vient-de-sortir-deux-mini-robots-tondeuses\/","url":"https:\/\/vieassociative.be\/actualites\/ces-2025-mammotion-vient-de-sortir-deux-mini-robots-tondeuses\/","name":"CES 2025 : Mammotion vient de sortir deux mini-robots tondeuses | Vie Associative","isPartOf":{"@id":"https:\/\/vieassociative.be\/actualites\/#website"},"primaryImageOfPage":{"@id":"https:\/\/vieassociative.be\/actualites\/ces-2025-mammotion-vient-de-sortir-deux-mini-robots-tondeuses\/#primaryimage"},"image":{"@id":"https:\/\/vieassociative.be\/actualites\/ces-2025-mammotion-vient-de-sortir-deux-mini-robots-tondeuses\/#primaryimage"},"thumbnailUrl":"https:\/\/vieassociative.be\/actualites\/wp-content\/uploads\/2025\/01\/CES-2025-Mammotion-vient-de-sortir-deux-mini-robots-tondeuses.png","datePublished":"2025-01-05T18:19:29+00:00","dateModified":"2025-01-05T18:19:29+00:00","breadcrumb":{"@id":"https:\/\/vieassociative.be\/actualites\/ces-2025-mammotion-vient-de-sortir-deux-mini-robots-tondeuses\/#breadcrumb"},"inLanguage":"fr-BE","potentialAction":[{"@type":"ReadAction","target":["https:\/\/vieassociative.be\/actualites\/ces-2025-mammotion-vient-de-sortir-deux-mini-robots-tondeuses\/"]}]},{"@type":"ImageObject","inLanguage":"fr-BE","@id":"https:\/\/vieassociative.be\/actualites\/ces-2025-mammotion-vient-de-sortir-deux-mini-robots-tondeuses\/#primaryimage","url":"https:\/\/vieassociative.be\/actualites\/wp-content\/uploads\/2025\/01\/CES-2025-Mammotion-vient-de-sortir-deux-mini-robots-tondeuses.png","contentUrl":"https:\/\/vieassociative.be\/actualites\/wp-content\/uploads\/2025\/01\/CES-2025-Mammotion-vient-de-sortir-deux-mini-robots-tondeuses.png","width":1200,"height":675,"caption":"CES 2025 : Mammotion vient de sortir deux mini-robots tondeuses"},{"@type":"BreadcrumbList","@id":"https:\/\/vieassociative.be\/actualites\/ces-2025-mammotion-vient-de-sortir-deux-mini-robots-tondeuses\/#breadcrumb","itemListElement":[{"@type":"ListItem","position":1,"name":"Accueil","item":"https:\/\/vieassociative.be\/actualites\/"},{"@type":"ListItem","position":2,"name":"CES 2025 : Mammotion vient de sortir deux mini-robots tondeuses"}]},{"@type":"WebSite","@id":"https:\/\/vieassociative.be\/actualites\/#website","url":"https:\/\/vieassociative.be\/actualites\/","name":"Vie Associative","description":"","publisher":{"@id":"https:\/\/vieassociative.be\/actualites\/#organization"},"potentialAction":[{"@type":"SearchAction","target":{"@type":"EntryPoint","urlTemplate":"https:\/\/vieassociative.be\/actualites\/?s={search_term_string}"},"query-input":{"@type":"PropertyValueSpecification","valueRequired":true,"valueName":"search_term_string"}}],"inLanguage":"fr-BE"},{"@type":"Organization","@id":"https:\/\/vieassociative.be\/actualites\/#organization","name":"Vie Associative","url":"https:\/\/vieassociative.be\/actualites\/","logo":{"@type":"ImageObject","inLanguage":"fr-BE","@id":"https:\/\/vieassociative.be\/actualites\/#\/schema\/logo\/image\/","url":"https:\/\/vieassociative.be\/actualites\/wp-content\/uploads\/2024\/09\/cropped-vieassociative_favicon.ico.png","contentUrl":"https:\/\/vieassociative.be\/actualites\/wp-content\/uploads\/2024\/09\/cropped-vieassociative_favicon.ico.png","width":512,"height":512,"caption":"Vie Associative"},"image":{"@id":"https:\/\/vieassociative.be\/actualites\/#\/schema\/logo\/image\/"}},{"@type":"Person","@id":"https:\/\/vieassociative.be\/actualites\/#\/schema\/person\/b87ac4f82f9d4e7b7cec7395b679edc4","name":"Julien","image":{"@type":"ImageObject","inLanguage":"fr-BE","@id":"https:\/\/vieassociative.be\/actualites\/#\/schema\/person\/image\/","url":"https:\/\/vieassociative.be\/actualites\/wp-content\/uploads\/2024\/09\/vie-associative-1-150x150.jpg","contentUrl":"https:\/\/vieassociative.be\/actualites\/wp-content\/uploads\/2024\/09\/vie-associative-1-150x150.jpg","caption":"Julien"},"description":"Je suis Julien, r\u00e9dacteur pour Vie Associative. Passionn\u00e9 par le monde associatif depuis plus de 10 ans, j'ai \u00e0 c\u0153ur de partager des histoires inspirantes et de mettre en lumi\u00e8re les initiatives locales. Mon objectif est de sensibiliser et d'encourager l'engagement communautaire \u00e0 travers mes articles.","sameAs":["https:\/\/vieassociative.be\/"]}]}},"_links":{"self":[{"href":"https:\/\/vieassociative.be\/actualites\/wp-json\/wp\/v2\/posts\/4078"}],"collection":[{"href":"https:\/\/vieassociative.be\/actualites\/wp-json\/wp\/v2\/posts"}],"about":[{"href":"https:\/\/vieassociative.be\/actualites\/wp-json\/wp\/v2\/types\/post"}],"author":[{"embeddable":true,"href":"https:\/\/vieassociative.be\/actualites\/wp-json\/wp\/v2\/users\/1"}],"replies":[{"embeddable":true,"href":"https:\/\/vieassociative.be\/actualites\/wp-json\/wp\/v2\/comments?post=4078"}],"version-history":[{"count":0,"href":"https:\/\/vieassociative.be\/actualites\/wp-json\/wp\/v2\/posts\/4078\/revisions"}],"wp:featuredmedia":[{"embeddable":true,"href":"https:\/\/vieassociative.be\/actualites\/wp-json\/wp\/v2\/media\/4079"}],"wp:attachment":[{"href":"https:\/\/vieassociative.be\/actualites\/wp-json\/wp\/v2\/media?parent=4078"}],"wp:term":[{"taxonomy":"category","embeddable":true,"href":"https:\/\/vieassociative.be\/actualites\/wp-json\/wp\/v2\/categories?post=4078"},{"taxonomy":"post_tag","embeddable":true,"href":"https:\/\/vieassociative.be\/actualites\/wp-json\/wp\/v2\/tags?post=4078"}],"curies":[{"name":"wp","href":"https:\/\/api.w.org\/{rel}","templated":true}]}}