{"id":4076,"date":"2025-01-05T18:19:44","date_gmt":"2025-01-05T17:19:44","guid":{"rendered":"https:\/\/vieassociative.be\/actualites\/ce-que-les-parents-devraient-savoir-sur-la-vague-estivale-de-cas-de-vrs\/"},"modified":"2025-01-05T18:19:44","modified_gmt":"2025-01-05T17:19:44","slug":"ce-que-les-parents-devraient-savoir-sur-la-vague-estivale-de-cas-de-vrs","status":"publish","type":"post","link":"https:\/\/vieassociative.be\/actualites\/ce-que-les-parents-devraient-savoir-sur-la-vague-estivale-de-cas-de-vrs\/","title":{"rendered":"Ce que les parents devraient savoir sur la vague estivale de cas de VRS"},"content":{"rendered":"<div class=\"mt-4 leading-6 md:mb-8\">Le VRS n\u2019appara\u00eet g\u00e9n\u00e9ralement qu\u2019\u00e0 l\u2019automne, mais les cas sont actuellement en augmentation.<\/div>\n<p><\/p>\n<p>Alors que nous sommes tous aux prises avec la vague estivale de COVID-19 due au variant Delta, il existe \u00e9galement un autre virus qui circule largement, appel\u00e9 virus respiratoire syncytial (ou RSV). Le RSV est un virus respiratoire extr\u00eamement courant, qui circule g\u00e9n\u00e9ralement entre octobre et f\u00e9vrier. Mais avec la forte hausse de cette ann\u00e9e qui frappe juste au moment de la rentr\u00e9e scolaire, il y a certaines choses dont les parents devraient \u00eatre conscients.<\/p>\n<p>Pour commencer, on estime qu\u2019\u00e0 l\u2019\u00e2ge de deux ans, presque tous les enfants auront \u00e9t\u00e9 infect\u00e9s par le VRS \u2013 et il est possible d\u2019\u00eatre infect\u00e9 plusieurs fois. \u00ab\u00a0Il est probable que tout le monde a \u00e9t\u00e9 infect\u00e9 par le RSV au moins une fois dans sa vie\u00a0\u00bb, a d\u00e9clar\u00e9 le Dr Michael Chang, professeur adjoint de p\u00e9diatrie \u00e0 l&rsquo;UTHealth Houston.<\/p>\n<p>La grande majorit\u00e9 des enfants qui contractent le VRS auront un cas b\u00e9nin\u00a0: ils peuvent d\u00e9velopper un \u00e9coulement nasal, une toux et m\u00eame une forte fi\u00e8vre, mais ils s&rsquo;en remettront tr\u00e8s bien. Pour les adultes, contracter le VRS ressemble g\u00e9n\u00e9ralement \u00e0 un vilain rhume, s\u2019ils ressentent des sympt\u00f4mes. Cependant, des cas plus graves peuvent survenir et surviennent effectivement.<\/p>\n<h2 id=\"some-children-will-need-hospitalization-due-to-rsv\"><strong>Certains enfants devront \u00eatre hospitalis\u00e9s \u00e0 cause du VRS<\/strong><\/h2>\n<p>M\u00eame si la grande majorit\u00e9 des enfants se porteront tr\u00e8s bien, certains d\u00e9velopperont un cas grave de VRS n\u00e9cessitant une hospitalisation. Un cas grave risque d\u2019\u00e9voluer soit en bronchiolite, c\u2019est-\u00e0-dire lorsque les petites voies respiratoires du poumon deviennent enflamm\u00e9es, soit en pneumonie. <\/p>\n<p>Au cours d&rsquo;une ann\u00e9e moyenne, on estime que 58 000 enfants sont hospitalis\u00e9s \u00e0 cause du VRS, la dur\u00e9e moyenne du s\u00e9jour \u00e9tant d&rsquo;un \u00e0 deux jours. Bien que les d\u00e9c\u00e8s dus au VRS soient rares, la n\u00e9cessit\u00e9 d\u2019\u00eatre hospitalis\u00e9 en raison d\u2019un cas grave de VRS ne l\u2019est pas. <\/p>\n<h2 id=\"severe-cases-of-rsv-tend-to-occur-in-young-infants\"><strong>Les cas graves de VRS surviennent g\u00e9n\u00e9ralement chez les jeunes nourrissons<\/strong> <\/h2>\n<p>Les cas graves de VRS surviennent g\u00e9n\u00e9ralement chez les jeunes nourrissons, g\u00e9n\u00e9ralement \u00e2g\u00e9s de moins de six mois, ainsi que chez les enfants souffrant de probl\u00e8mes pulmonaires ou cardiaques. Cela inclut les enfants atteints de malformations cardiaques cong\u00e9nitales, ainsi que les enfants de moins de deux ans n\u00e9s pr\u00e9matur\u00e9ment, car leurs poumons sont plus vuln\u00e9rables. <\/p>\n<p>Pour les enfants qui pr\u00e9sentent un risque \u00e9lev\u00e9 de complications li\u00e9es au VRS, il existe un m\u00e9dicament appel\u00e9 palivizumab qui peut aider \u00e0 pr\u00e9venir une maladie grave due au virus, bien qu&rsquo;il ne puisse pas gu\u00e9rir ou traiter les enfants qui ont d\u00e9j\u00e0 une forme grave du VRS. Malheureusement, il n\u2019existe toujours pas de vaccin contre le RSV. <\/p>\n<p>Si votre enfant est atteint du VRS et a du mal \u00e0 respirer, ou si vous entendez une respiration sifflante lorsqu&rsquo;il expire, c&rsquo;est le signe qu&rsquo;il doit se rendre aux soins d&rsquo;urgence ou \u00e0 l&rsquo;h\u00f4pital. Pour les b\u00e9b\u00e9s, s\u2019ils respirent vite ou mettent plus de temps \u00e0 se nourrir, c\u2019est le signe qu\u2019ils ont besoin de soins m\u00e9dicaux. <\/p>\n<h2 id=\"we-are-currently-seeing-a-summer-surge-in-rsv\">Nous assistons actuellement \u00e0 une pouss\u00e9e estivale du VRS<\/h2>\n<p>Compte tenu de toutes les pr\u00e9cautions prises contre le COVID-19 au cours de la derni\u00e8re ann\u00e9e et demie, les m\u00e9decins n&rsquo;ont pas vu beaucoup de cas de VRS au cours de l&rsquo;hiver. Cependant, une fois que les pr\u00e9cautions ont commenc\u00e9 \u00e0 \u00eatre lev\u00e9es et que les gens ont recommenc\u00e9 \u00e0 sortir, les cas de VRS ont commenc\u00e9 \u00e0 augmenter, dans une pouss\u00e9e estivale hors saison \u00e0 laquelle de nombreux m\u00e9decins, y compris des experts en maladies infectieuses comme Chang, ne s&rsquo;attendaient pas.<\/p>\n<p>Actuellement, les m\u00e9decins constatent un taux de cas de VRS qui correspond, voire d\u00e9passe, \u00e0 celui qu\u2019ils constatent normalement en hiver. \u00ab\u00a0Tout cela se produit \u00e0 la mi-ao\u00fbt et juillet, ce qui est compl\u00e8tement inhabituel pour le RSV\u00a0\u00bb, a d\u00e9clar\u00e9 Chang. <\/p>\n<h2 id=\"rsv-hospitalizations-are-coinciding-with-covid-19-hospitalizations\"><strong>Les hospitalisations pour le VRS co\u00efncident avec les hospitalisations pour le COVID-19<\/strong> <\/h2>\n<p>Malheureusement, cela signifie que les enfants qui d\u00e9veloppent des cas graves de VRS se retrouvent \u00e0 l\u2019h\u00f4pital \u00e0 une \u00e9poque o\u00f9 les capacit\u00e9s sont d\u00e9j\u00e0 limit\u00e9es \u00e0 cause du COVID. En \u00e9t\u00e9, les unit\u00e9s de soins intensifs p\u00e9diatriques ont tendance \u00e0 voir beaucoup de blessures dues \u00e0 des accidents, tandis qu&rsquo;en hiver, elles voient beaucoup de cas de grippe et de VRS. <\/p>\n<p>\u00ab\u00a0En g\u00e9n\u00e9ral, le RSV culmine et peut-\u00eatre commence \u00e0 diminuer, puis la grippe appara\u00eet\u00a0\u00bb, a d\u00e9clar\u00e9 Chang. \u00ab\u00a0C&rsquo;est g\u00e9n\u00e9ralement ce que nous voyons chaque hiver.\u00a0\u00bb <\/p>\n<p>\u00c0 l\u2019heure actuelle, ils assistent aux accidents estivaux habituels, \u00e0 un afflux de VRS, ainsi qu\u2019\u00e0 tous les patients suppl\u00e9mentaires du COVID-19. Cela signifie que les h\u00f4pitaux satur\u00e9s doivent transf\u00e9rer certains de leurs patients ailleurs.<\/p>\n<p>  \u00ab\u00a0Nous vous trouverons toujours un lit, mais il se peut que ce soit dans un autre \u00c9tat\u00a0\u00bb, a d\u00e9clar\u00e9 Chang. <\/p>\n<h2 id=\"covid-19-precautions-work-really-well-for-rsv\"><strong>Les pr\u00e9cautions contre le COVID-19 fonctionnent tr\u00e8s bien pour le VRS<\/strong><\/h2>\n<p>La bonne nouvelle est que les pr\u00e9cautions prises contre le COVID-19 sont \u00e9galement incroyablement efficaces pour emp\u00eacher la propagation du VRS. \u00ab Les interventions que nous effectuons pour le COVID-19 \u2013 masques, distance physique, hygi\u00e8ne \u2013 sont les m\u00eames que celles que vous feriez pour le VRS \u00bb, a d\u00e9clar\u00e9 Chang. <\/p>\n<p>Alors masquez-vous et continuez \u00e0 vous laver les mains, car cela emp\u00eachera non seulement la propagation du COVID-19, mais \u00e9galement du VRS. <\/p>\n","protected":false},"excerpt":{"rendered":"<p>Le VRS n\u2019appara\u00eet g\u00e9n\u00e9ralement qu\u2019\u00e0 l\u2019automne, mais les cas sont actuellement en augmentation. Alors que nous sommes tous aux prises avec la vague estivale de<\/p>\n","protected":false},"author":1,"featured_media":4077,"comment_status":"","ping_status":"","sticky":false,"template":"","format":"standard","meta":{"footnotes":""},"categories":[37],"tags":[2691,1321,1049,14,1319,183,33,3507,4527],"class_list":["post-4076","post","type-post","status-publish","format-standard","has-post-thumbnail","hentry","category-famille","tag-cas","tag-devraient","tag-estivale","tag-les","tag-parents","tag-savoir","tag-sur","tag-vague","tag-vrs","generate-columns","tablet-grid-50","mobile-grid-100","grid-parent","grid-33"],"yoast_head":"<!-- This site is optimized with the Yoast SEO plugin v24.0 - https:\/\/yoast.com\/wordpress\/plugins\/seo\/ -->\n<title>Ce que les parents devraient savoir sur la vague estivale de cas de VRS | Vie Associative<\/title>\n<meta name=\"robots\" content=\"index, follow, max-snippet:-1, max-image-preview:large, max-video-preview:-1\" \/>\n<link rel=\"canonical\" href=\"https:\/\/vieassociative.be\/actualites\/ce-que-les-parents-devraient-savoir-sur-la-vague-estivale-de-cas-de-vrs\/\" \/>\n<meta property=\"og:locale\" content=\"fr_FR\" \/>\n<meta property=\"og:type\" content=\"article\" \/>\n<meta property=\"og:title\" content=\"Ce que les parents devraient savoir sur la vague estivale de cas de VRS | Vie Associative\" \/>\n<meta property=\"og:description\" content=\"Le VRS n\u2019appara\u00eet g\u00e9n\u00e9ralement qu\u2019\u00e0 l\u2019automne, mais les cas sont actuellement en augmentation. Alors que nous sommes tous aux prises avec la vague estivale de\" \/>\n<meta property=\"og:url\" content=\"https:\/\/vieassociative.be\/actualites\/ce-que-les-parents-devraient-savoir-sur-la-vague-estivale-de-cas-de-vrs\/\" \/>\n<meta property=\"og:site_name\" content=\"Vie Associative\" \/>\n<meta property=\"article:published_time\" content=\"2025-01-05T17:19:44+00:00\" \/>\n<meta property=\"og:image\" content=\"https:\/\/vieassociative.be\/actualites\/wp-content\/uploads\/2024\/09\/header_backgroundk-01-e1726694325946.png\" \/>\n\t<meta property=\"og:image:width\" content=\"279\" \/>\n\t<meta property=\"og:image:height\" content=\"92\" \/>\n\t<meta property=\"og:image:type\" content=\"image\/png\" \/>\n<meta name=\"author\" content=\"Julien\" \/>\n<meta name=\"twitter:card\" content=\"summary_large_image\" \/>\n<meta name=\"twitter:label1\" content=\"\u00c9crit par\" \/>\n\t<meta name=\"twitter:data1\" content=\"Julien\" \/>\n\t<meta name=\"twitter:label2\" content=\"Dur\u00e9e de lecture est.\" \/>\n\t<meta name=\"twitter:data2\" content=\"5 minutes\" \/>\n<script type=\"application\/ld+json\" class=\"yoast-schema-graph\">{\"@context\":\"https:\/\/schema.org\",\"@graph\":[{\"@type\":\"Article\",\"@id\":\"https:\/\/vieassociative.be\/actualites\/ce-que-les-parents-devraient-savoir-sur-la-vague-estivale-de-cas-de-vrs\/#article\",\"isPartOf\":{\"@id\":\"https:\/\/vieassociative.be\/actualites\/ce-que-les-parents-devraient-savoir-sur-la-vague-estivale-de-cas-de-vrs\/\"},\"author\":{\"name\":\"Julien\",\"@id\":\"https:\/\/vieassociative.be\/actualites\/#\/schema\/person\/b87ac4f82f9d4e7b7cec7395b679edc4\"},\"headline\":\"Ce que les parents devraient savoir sur la vague estivale de cas de VRS\",\"datePublished\":\"2025-01-05T17:19:44+00:00\",\"dateModified\":\"2025-01-05T17:19:44+00:00\",\"mainEntityOfPage\":{\"@id\":\"https:\/\/vieassociative.be\/actualites\/ce-que-les-parents-devraient-savoir-sur-la-vague-estivale-de-cas-de-vrs\/\"},\"wordCount\":973,\"publisher\":{\"@id\":\"https:\/\/vieassociative.be\/actualites\/#organization\"},\"image\":{\"@id\":\"https:\/\/vieassociative.be\/actualites\/ce-que-les-parents-devraient-savoir-sur-la-vague-estivale-de-cas-de-vrs\/#primaryimage\"},\"thumbnailUrl\":\"https:\/\/vieassociative.be\/actualites\/wp-content\/uploads\/2025\/01\/Ce-que-les-parents-devraient-savoir-sur-la-vague-estivale.jpg\",\"keywords\":[\"cas\",\"devraient\",\"estivale\",\"Les\",\"parents\",\"savoir\",\"sur\",\"vague\",\"VRS\"],\"articleSection\":[\"Famille\"],\"inLanguage\":\"fr-BE\"},{\"@type\":\"WebPage\",\"@id\":\"https:\/\/vieassociative.be\/actualites\/ce-que-les-parents-devraient-savoir-sur-la-vague-estivale-de-cas-de-vrs\/\",\"url\":\"https:\/\/vieassociative.be\/actualites\/ce-que-les-parents-devraient-savoir-sur-la-vague-estivale-de-cas-de-vrs\/\",\"name\":\"Ce que les parents devraient savoir sur la vague estivale de cas de VRS | Vie Associative\",\"isPartOf\":{\"@id\":\"https:\/\/vieassociative.be\/actualites\/#website\"},\"primaryImageOfPage\":{\"@id\":\"https:\/\/vieassociative.be\/actualites\/ce-que-les-parents-devraient-savoir-sur-la-vague-estivale-de-cas-de-vrs\/#primaryimage\"},\"image\":{\"@id\":\"https:\/\/vieassociative.be\/actualites\/ce-que-les-parents-devraient-savoir-sur-la-vague-estivale-de-cas-de-vrs\/#primaryimage\"},\"thumbnailUrl\":\"https:\/\/vieassociative.be\/actualites\/wp-content\/uploads\/2025\/01\/Ce-que-les-parents-devraient-savoir-sur-la-vague-estivale.jpg\",\"datePublished\":\"2025-01-05T17:19:44+00:00\",\"dateModified\":\"2025-01-05T17:19:44+00:00\",\"breadcrumb\":{\"@id\":\"https:\/\/vieassociative.be\/actualites\/ce-que-les-parents-devraient-savoir-sur-la-vague-estivale-de-cas-de-vrs\/#breadcrumb\"},\"inLanguage\":\"fr-BE\",\"potentialAction\":[{\"@type\":\"ReadAction\",\"target\":[\"https:\/\/vieassociative.be\/actualites\/ce-que-les-parents-devraient-savoir-sur-la-vague-estivale-de-cas-de-vrs\/\"]}]},{\"@type\":\"ImageObject\",\"inLanguage\":\"fr-BE\",\"@id\":\"https:\/\/vieassociative.be\/actualites\/ce-que-les-parents-devraient-savoir-sur-la-vague-estivale-de-cas-de-vrs\/#primaryimage\",\"url\":\"https:\/\/vieassociative.be\/actualites\/wp-content\/uploads\/2025\/01\/Ce-que-les-parents-devraient-savoir-sur-la-vague-estivale.jpg\",\"contentUrl\":\"https:\/\/vieassociative.be\/actualites\/wp-content\/uploads\/2025\/01\/Ce-que-les-parents-devraient-savoir-sur-la-vague-estivale.jpg\",\"width\":1200,\"height\":675,\"caption\":\"Ce que les parents devraient savoir sur la vague estivale de cas de VRS\"},{\"@type\":\"BreadcrumbList\",\"@id\":\"https:\/\/vieassociative.be\/actualites\/ce-que-les-parents-devraient-savoir-sur-la-vague-estivale-de-cas-de-vrs\/#breadcrumb\",\"itemListElement\":[{\"@type\":\"ListItem\",\"position\":1,\"name\":\"Accueil\",\"item\":\"https:\/\/vieassociative.be\/actualites\/\"},{\"@type\":\"ListItem\",\"position\":2,\"name\":\"Ce que les parents devraient savoir sur la vague estivale de cas de VRS\"}]},{\"@type\":\"WebSite\",\"@id\":\"https:\/\/vieassociative.be\/actualites\/#website\",\"url\":\"https:\/\/vieassociative.be\/actualites\/\",\"name\":\"Vie Associative\",\"description\":\"\",\"publisher\":{\"@id\":\"https:\/\/vieassociative.be\/actualites\/#organization\"},\"potentialAction\":[{\"@type\":\"SearchAction\",\"target\":{\"@type\":\"EntryPoint\",\"urlTemplate\":\"https:\/\/vieassociative.be\/actualites\/?s={search_term_string}\"},\"query-input\":{\"@type\":\"PropertyValueSpecification\",\"valueRequired\":true,\"valueName\":\"search_term_string\"}}],\"inLanguage\":\"fr-BE\"},{\"@type\":\"Organization\",\"@id\":\"https:\/\/vieassociative.be\/actualites\/#organization\",\"name\":\"Vie Associative\",\"url\":\"https:\/\/vieassociative.be\/actualites\/\",\"logo\":{\"@type\":\"ImageObject\",\"inLanguage\":\"fr-BE\",\"@id\":\"https:\/\/vieassociative.be\/actualites\/#\/schema\/logo\/image\/\",\"url\":\"https:\/\/vieassociative.be\/actualites\/wp-content\/uploads\/2024\/09\/cropped-vieassociative_favicon.ico.png\",\"contentUrl\":\"https:\/\/vieassociative.be\/actualites\/wp-content\/uploads\/2024\/09\/cropped-vieassociative_favicon.ico.png\",\"width\":512,\"height\":512,\"caption\":\"Vie Associative\"},\"image\":{\"@id\":\"https:\/\/vieassociative.be\/actualites\/#\/schema\/logo\/image\/\"}},{\"@type\":\"Person\",\"@id\":\"https:\/\/vieassociative.be\/actualites\/#\/schema\/person\/b87ac4f82f9d4e7b7cec7395b679edc4\",\"name\":\"Julien\",\"image\":{\"@type\":\"ImageObject\",\"inLanguage\":\"fr-BE\",\"@id\":\"https:\/\/vieassociative.be\/actualites\/#\/schema\/person\/image\/\",\"url\":\"https:\/\/vieassociative.be\/actualites\/wp-content\/uploads\/2024\/09\/vie-associative-1-150x150.jpg\",\"contentUrl\":\"https:\/\/vieassociative.be\/actualites\/wp-content\/uploads\/2024\/09\/vie-associative-1-150x150.jpg\",\"caption\":\"Julien\"},\"description\":\"Je suis Julien, r\u00e9dacteur pour Vie Associative. Passionn\u00e9 par le monde associatif depuis plus de 10 ans, j'ai \u00e0 c\u0153ur de partager des histoires inspirantes et de mettre en lumi\u00e8re les initiatives locales. Mon objectif est de sensibiliser et d'encourager l'engagement communautaire \u00e0 travers mes articles.\",\"sameAs\":[\"https:\/\/vieassociative.be\/\"]}]}<\/script>\n<!-- \/ Yoast SEO plugin. -->","yoast_head_json":{"title":"Ce que les parents devraient savoir sur la vague estivale de cas de VRS | Vie Associative","robots":{"index":"index","follow":"follow","max-snippet":"max-snippet:-1","max-image-preview":"max-image-preview:large","max-video-preview":"max-video-preview:-1"},"canonical":"https:\/\/vieassociative.be\/actualites\/ce-que-les-parents-devraient-savoir-sur-la-vague-estivale-de-cas-de-vrs\/","og_locale":"fr_FR","og_type":"article","og_title":"Ce que les parents devraient savoir sur la vague estivale de cas de VRS | Vie Associative","og_description":"Le VRS n\u2019appara\u00eet g\u00e9n\u00e9ralement qu\u2019\u00e0 l\u2019automne, mais les cas sont actuellement en augmentation. Alors que nous sommes tous aux prises avec la vague estivale de","og_url":"https:\/\/vieassociative.be\/actualites\/ce-que-les-parents-devraient-savoir-sur-la-vague-estivale-de-cas-de-vrs\/","og_site_name":"Vie Associative","article_published_time":"2025-01-05T17:19:44+00:00","og_image":[{"width":279,"height":92,"url":"https:\/\/vieassociative.be\/actualites\/wp-content\/uploads\/2024\/09\/header_backgroundk-01-e1726694325946.png","type":"image\/png"}],"author":"Julien","twitter_card":"summary_large_image","twitter_misc":{"\u00c9crit par":"Julien","Dur\u00e9e de lecture est.":"5 minutes"},"schema":{"@context":"https:\/\/schema.org","@graph":[{"@type":"Article","@id":"https:\/\/vieassociative.be\/actualites\/ce-que-les-parents-devraient-savoir-sur-la-vague-estivale-de-cas-de-vrs\/#article","isPartOf":{"@id":"https:\/\/vieassociative.be\/actualites\/ce-que-les-parents-devraient-savoir-sur-la-vague-estivale-de-cas-de-vrs\/"},"author":{"name":"Julien","@id":"https:\/\/vieassociative.be\/actualites\/#\/schema\/person\/b87ac4f82f9d4e7b7cec7395b679edc4"},"headline":"Ce que les parents devraient savoir sur la vague estivale de cas de VRS","datePublished":"2025-01-05T17:19:44+00:00","dateModified":"2025-01-05T17:19:44+00:00","mainEntityOfPage":{"@id":"https:\/\/vieassociative.be\/actualites\/ce-que-les-parents-devraient-savoir-sur-la-vague-estivale-de-cas-de-vrs\/"},"wordCount":973,"publisher":{"@id":"https:\/\/vieassociative.be\/actualites\/#organization"},"image":{"@id":"https:\/\/vieassociative.be\/actualites\/ce-que-les-parents-devraient-savoir-sur-la-vague-estivale-de-cas-de-vrs\/#primaryimage"},"thumbnailUrl":"https:\/\/vieassociative.be\/actualites\/wp-content\/uploads\/2025\/01\/Ce-que-les-parents-devraient-savoir-sur-la-vague-estivale.jpg","keywords":["cas","devraient","estivale","Les","parents","savoir","sur","vague","VRS"],"articleSection":["Famille"],"inLanguage":"fr-BE"},{"@type":"WebPage","@id":"https:\/\/vieassociative.be\/actualites\/ce-que-les-parents-devraient-savoir-sur-la-vague-estivale-de-cas-de-vrs\/","url":"https:\/\/vieassociative.be\/actualites\/ce-que-les-parents-devraient-savoir-sur-la-vague-estivale-de-cas-de-vrs\/","name":"Ce que les parents devraient savoir sur la vague estivale de cas de VRS | Vie Associative","isPartOf":{"@id":"https:\/\/vieassociative.be\/actualites\/#website"},"primaryImageOfPage":{"@id":"https:\/\/vieassociative.be\/actualites\/ce-que-les-parents-devraient-savoir-sur-la-vague-estivale-de-cas-de-vrs\/#primaryimage"},"image":{"@id":"https:\/\/vieassociative.be\/actualites\/ce-que-les-parents-devraient-savoir-sur-la-vague-estivale-de-cas-de-vrs\/#primaryimage"},"thumbnailUrl":"https:\/\/vieassociative.be\/actualites\/wp-content\/uploads\/2025\/01\/Ce-que-les-parents-devraient-savoir-sur-la-vague-estivale.jpg","datePublished":"2025-01-05T17:19:44+00:00","dateModified":"2025-01-05T17:19:44+00:00","breadcrumb":{"@id":"https:\/\/vieassociative.be\/actualites\/ce-que-les-parents-devraient-savoir-sur-la-vague-estivale-de-cas-de-vrs\/#breadcrumb"},"inLanguage":"fr-BE","potentialAction":[{"@type":"ReadAction","target":["https:\/\/vieassociative.be\/actualites\/ce-que-les-parents-devraient-savoir-sur-la-vague-estivale-de-cas-de-vrs\/"]}]},{"@type":"ImageObject","inLanguage":"fr-BE","@id":"https:\/\/vieassociative.be\/actualites\/ce-que-les-parents-devraient-savoir-sur-la-vague-estivale-de-cas-de-vrs\/#primaryimage","url":"https:\/\/vieassociative.be\/actualites\/wp-content\/uploads\/2025\/01\/Ce-que-les-parents-devraient-savoir-sur-la-vague-estivale.jpg","contentUrl":"https:\/\/vieassociative.be\/actualites\/wp-content\/uploads\/2025\/01\/Ce-que-les-parents-devraient-savoir-sur-la-vague-estivale.jpg","width":1200,"height":675,"caption":"Ce que les parents devraient savoir sur la vague estivale de cas de VRS"},{"@type":"BreadcrumbList","@id":"https:\/\/vieassociative.be\/actualites\/ce-que-les-parents-devraient-savoir-sur-la-vague-estivale-de-cas-de-vrs\/#breadcrumb","itemListElement":[{"@type":"ListItem","position":1,"name":"Accueil","item":"https:\/\/vieassociative.be\/actualites\/"},{"@type":"ListItem","position":2,"name":"Ce que les parents devraient savoir sur la vague estivale de cas de VRS"}]},{"@type":"WebSite","@id":"https:\/\/vieassociative.be\/actualites\/#website","url":"https:\/\/vieassociative.be\/actualites\/","name":"Vie Associative","description":"","publisher":{"@id":"https:\/\/vieassociative.be\/actualites\/#organization"},"potentialAction":[{"@type":"SearchAction","target":{"@type":"EntryPoint","urlTemplate":"https:\/\/vieassociative.be\/actualites\/?s={search_term_string}"},"query-input":{"@type":"PropertyValueSpecification","valueRequired":true,"valueName":"search_term_string"}}],"inLanguage":"fr-BE"},{"@type":"Organization","@id":"https:\/\/vieassociative.be\/actualites\/#organization","name":"Vie Associative","url":"https:\/\/vieassociative.be\/actualites\/","logo":{"@type":"ImageObject","inLanguage":"fr-BE","@id":"https:\/\/vieassociative.be\/actualites\/#\/schema\/logo\/image\/","url":"https:\/\/vieassociative.be\/actualites\/wp-content\/uploads\/2024\/09\/cropped-vieassociative_favicon.ico.png","contentUrl":"https:\/\/vieassociative.be\/actualites\/wp-content\/uploads\/2024\/09\/cropped-vieassociative_favicon.ico.png","width":512,"height":512,"caption":"Vie Associative"},"image":{"@id":"https:\/\/vieassociative.be\/actualites\/#\/schema\/logo\/image\/"}},{"@type":"Person","@id":"https:\/\/vieassociative.be\/actualites\/#\/schema\/person\/b87ac4f82f9d4e7b7cec7395b679edc4","name":"Julien","image":{"@type":"ImageObject","inLanguage":"fr-BE","@id":"https:\/\/vieassociative.be\/actualites\/#\/schema\/person\/image\/","url":"https:\/\/vieassociative.be\/actualites\/wp-content\/uploads\/2024\/09\/vie-associative-1-150x150.jpg","contentUrl":"https:\/\/vieassociative.be\/actualites\/wp-content\/uploads\/2024\/09\/vie-associative-1-150x150.jpg","caption":"Julien"},"description":"Je suis Julien, r\u00e9dacteur pour Vie Associative. Passionn\u00e9 par le monde associatif depuis plus de 10 ans, j'ai \u00e0 c\u0153ur de partager des histoires inspirantes et de mettre en lumi\u00e8re les initiatives locales. Mon objectif est de sensibiliser et d'encourager l'engagement communautaire \u00e0 travers mes articles.","sameAs":["https:\/\/vieassociative.be\/"]}]}},"_links":{"self":[{"href":"https:\/\/vieassociative.be\/actualites\/wp-json\/wp\/v2\/posts\/4076"}],"collection":[{"href":"https:\/\/vieassociative.be\/actualites\/wp-json\/wp\/v2\/posts"}],"about":[{"href":"https:\/\/vieassociative.be\/actualites\/wp-json\/wp\/v2\/types\/post"}],"author":[{"embeddable":true,"href":"https:\/\/vieassociative.be\/actualites\/wp-json\/wp\/v2\/users\/1"}],"replies":[{"embeddable":true,"href":"https:\/\/vieassociative.be\/actualites\/wp-json\/wp\/v2\/comments?post=4076"}],"version-history":[{"count":0,"href":"https:\/\/vieassociative.be\/actualites\/wp-json\/wp\/v2\/posts\/4076\/revisions"}],"wp:featuredmedia":[{"embeddable":true,"href":"https:\/\/vieassociative.be\/actualites\/wp-json\/wp\/v2\/media\/4077"}],"wp:attachment":[{"href":"https:\/\/vieassociative.be\/actualites\/wp-json\/wp\/v2\/media?parent=4076"}],"wp:term":[{"taxonomy":"category","embeddable":true,"href":"https:\/\/vieassociative.be\/actualites\/wp-json\/wp\/v2\/categories?post=4076"},{"taxonomy":"post_tag","embeddable":true,"href":"https:\/\/vieassociative.be\/actualites\/wp-json\/wp\/v2\/tags?post=4076"}],"curies":[{"name":"wp","href":"https:\/\/api.w.org\/{rel}","templated":true}]}}