{"id":4073,"date":"2025-01-05T15:18:35","date_gmt":"2025-01-05T14:18:35","guid":{"rendered":"https:\/\/vieassociative.be\/actualites\/samuel-i-deneffe-le-nouveau-souverain-fou-deupen-la-proclamation-du-prince-en-images-galerie-photos\/"},"modified":"2025-01-05T15:18:35","modified_gmt":"2025-01-05T14:18:35","slug":"samuel-i-deneffe-le-nouveau-souverain-fou-deupen-la-proclamation-du-prince-en-images-galerie-photos","status":"publish","type":"post","link":"https:\/\/vieassociative.be\/actualites\/samuel-i-deneffe-le-nouveau-souverain-fou-deupen-la-proclamation-du-prince-en-images-galerie-photos\/","title":{"rendered":"Samuel I. (Deneffe) Le nouveau souverain fou d&rsquo;Eupen : La proclamation du prince en images (galerie photos)"},"content":{"rendered":"<p><strong>Eupen a un nouveau souverain fou : Samuel Ier (Deneffe) a \u00e9t\u00e9 proclam\u00e9 samedi soir prince du carnaval. Il succ\u00e8de \u00e0 Damien Ier (Warrimont). Le photographe Patrick von Staufenberg \u00e9tait sur place pour \u00ab Ostbelgien Direkt \u00bb. Voici ses photos (voir GALERIE DE PHOTOS ci-dessous).<\/strong><\/p>\n<p><span id=\"more-405395\"><\/span>Le nouveau prince a 26 ans et est membre du KG Eulenspiegel depuis 2021. Il est c\u00e9libataire et en couple avec Hanna Nellen. Samuel Ier est un carnavalier dans l&rsquo;\u00e2me. Il est le fils d&rsquo;Alfred Deneffe et d&rsquo;Edith Schneider et le fr\u00e8re de Nathan Deneffe.<\/p>\n<p>Le nouveau prince est conseiller au cabinet de J\u00e9r\u00f4me Franssen, ministre de l&rsquo;\u00c9ducation, de la Formation et de l&rsquo;Emploi.<\/p>\n<p>Ses pages sont Kim (Barth) et Lara (Bongartz). Kim a 25 ans et est la fille de Peter Barth et Alexandra Barth-Vandenhirtz. Lara a 26 ans, c\u00e9libataire et en couple avec Chris Firmenich. Elle est la fille de Dany Bongartz et Edith Herpens.<\/p>\n<\/p>\n<div id=\"attachment_405649\" class=\"wp-caption alignleft\" style=\"max-width: 300px\"><img fetchpriority=\"high\" decoding=\"async\" class=\"wp-image-405649 size-medium\" src=\"https:\/\/vieassociative.be\/actualites\/wp-content\/uploads\/2025\/01\/Samuel-I-Deneffe-Le-nouveau-souverain-fou-dEupen-La.jpg\" alt=\"\" width=\"300\" height=\"200\"  ><\/p>\n<p class=\"wp-caption-text\">Pour la premi\u00e8re fois, Thomas Lennertz, en tant que nouveau maire d&rsquo;Eupen, repr\u00e9senta la ville lors de la proclamation du nouveau prince. Photo : Patrick von Staufenberg<\/p>\n<\/div>\n<p>La devise du Prince d&rsquo;Eupen est :<\/p>\n<p><em>Le d\u00e9guisement est une bonne id\u00e9e<\/em><br \/>\n<em>Virez le carnaval du feu\u00a0!<\/em><br \/>\n<em>Ovv \u00dcul, ovv J\u00e4ck, neet \u00f6mmer braav,<\/em><br \/>\n<em>Veer roupe allemol Alaaf<\/em><\/p>\n<p>Pendant son temps libre, lorsqu&rsquo;il ne c\u00e9l\u00e8bre pas le carnaval, le nouveau souverain fou d&rsquo;Eupen est le chef d&rsquo;unit\u00e9 des ST Boy Scouts. Georges Eupen, Pr\u00e9sident de l&rsquo;Association Histoire et Mus\u00e9e d&rsquo;Eupen et s\u00e9nateur honoraire de l&rsquo;AS Fan Club C-Side.<\/p>\n<p>Oliver Krings agit comme mar\u00e9chal, J\u00fcrgen Bourseaux (48 ans) comme tr\u00e9sorier et Jean-Marie Koonen (54 ans) comme ma\u00eetre de c\u00e9r\u00e9monie.<\/p>\n<p><em><strong>Vous trouverez ci-dessous une GALERIE DE PHOTOS avec des photos du photographe Patrick von Staufenberg de la proclamation du prince samedi soir \u00e0 Kettenis (cliquez sur l&rsquo;image pour l&rsquo;agrandir)\u00a0:<\/strong><\/em><\/p>\n<div class=\"wp-gallery row\">\n<figure class=\"column small-6 medium-3 end\"><img decoding=\"async\" src=\"https:\/\/vieassociative.be\/actualites\/wp-content\/uploads\/2025\/01\/1736086708_95_Samuel-I-Deneffe-Le-nouveau-souverain-fou-dEupen-La.jpg\" width=\"159\" height=\"159\" alt=\"\"><\/figure>\n<figure class=\"column small-6 medium-3 end\"><img decoding=\"async\" src=\"https:\/\/vieassociative.be\/actualites\/wp-content\/uploads\/2025\/01\/1736086708_105_Samuel-I-Deneffe-Le-nouveau-souverain-fou-dEupen-La.jpg\" width=\"159\" height=\"159\" alt=\"\"><\/figure>\n<figure class=\"column small-6 medium-3 end\"><img loading=\"lazy\" decoding=\"async\" src=\"https:\/\/vieassociative.be\/actualites\/wp-content\/uploads\/2025\/01\/1736086709_748_Samuel-I-Deneffe-Le-nouveau-souverain-fou-dEupen-La.jpg\" width=\"159\" height=\"159\" alt=\"\"><\/figure>\n<figure class=\"column small-6 medium-3 end\"><img loading=\"lazy\" decoding=\"async\" src=\"https:\/\/vieassociative.be\/actualites\/wp-content\/uploads\/2025\/01\/1736086709_56_Samuel-I-Deneffe-Le-nouveau-souverain-fou-dEupen-La.jpg\" width=\"159\" height=\"159\" alt=\"\"><\/figure>\n<figure class=\"column small-6 medium-3 end\"><img loading=\"lazy\" decoding=\"async\" src=\"https:\/\/vieassociative.be\/actualites\/wp-content\/uploads\/2025\/01\/1736086709_205_Samuel-I-Deneffe-Le-nouveau-souverain-fou-dEupen-La.jpg\" width=\"159\" height=\"159\" alt=\"\"><\/figure>\n<figure class=\"column small-6 medium-3 end\"><img loading=\"lazy\" decoding=\"async\" src=\"https:\/\/vieassociative.be\/actualites\/wp-content\/uploads\/2025\/01\/1736086709_132_Samuel-I-Deneffe-Le-nouveau-souverain-fou-dEupen-La.jpg\" width=\"159\" height=\"159\" alt=\"\"><\/figure>\n<figure class=\"column small-6 medium-3 end\"><img loading=\"lazy\" decoding=\"async\" src=\"https:\/\/vieassociative.be\/actualites\/wp-content\/uploads\/2025\/01\/1736086709_581_Samuel-I-Deneffe-Le-nouveau-souverain-fou-dEupen-La.jpg\" width=\"159\" height=\"159\" alt=\"\"><\/figure>\n<figure class=\"column small-6 medium-3 end\"><img loading=\"lazy\" decoding=\"async\" src=\"https:\/\/vieassociative.be\/actualites\/wp-content\/uploads\/2025\/01\/1736086709_794_Samuel-I-Deneffe-Le-nouveau-souverain-fou-dEupen-La.jpg\" width=\"159\" height=\"159\" alt=\"\"><\/figure>\n<figure class=\"column small-6 medium-3 end\"><img loading=\"lazy\" decoding=\"async\" src=\"https:\/\/vieassociative.be\/actualites\/wp-content\/uploads\/2025\/01\/1736086709_73_Samuel-I-Deneffe-Le-nouveau-souverain-fou-dEupen-La.jpg\" width=\"159\" height=\"159\" alt=\"\"><\/figure>\n<figure class=\"column small-6 medium-3 end\"><img loading=\"lazy\" decoding=\"async\" src=\"https:\/\/vieassociative.be\/actualites\/wp-content\/uploads\/2025\/01\/1736086709_805_Samuel-I-Deneffe-Le-nouveau-souverain-fou-dEupen-La.jpg\" width=\"159\" height=\"159\" alt=\"\"><\/figure>\n<figure class=\"column small-6 medium-3 end\"><img loading=\"lazy\" decoding=\"async\" src=\"https:\/\/vieassociative.be\/actualites\/wp-content\/uploads\/2025\/01\/1736086709_557_Samuel-I-Deneffe-Le-nouveau-souverain-fou-dEupen-La.jpg\" width=\"159\" height=\"159\" alt=\"\"><\/figure>\n<figure class=\"column small-6 medium-3 end\"><img loading=\"lazy\" decoding=\"async\" src=\"https:\/\/vieassociative.be\/actualites\/wp-content\/uploads\/2025\/01\/1736086709_306_Samuel-I-Deneffe-Le-nouveau-souverain-fou-dEupen-La.jpg\" width=\"159\" height=\"159\" alt=\"\"><\/figure>\n<figure class=\"column small-6 medium-3 end\"><img loading=\"lazy\" decoding=\"async\" src=\"https:\/\/vieassociative.be\/actualites\/wp-content\/uploads\/2025\/01\/1736086709_880_Samuel-I-Deneffe-Le-nouveau-souverain-fou-dEupen-La.jpg\" width=\"159\" height=\"159\" alt=\"\"><\/figure>\n<figure class=\"column small-6 medium-3 end\"><img loading=\"lazy\" decoding=\"async\" src=\"https:\/\/vieassociative.be\/actualites\/wp-content\/uploads\/2025\/01\/1736086709_566_Samuel-I-Deneffe-Le-nouveau-souverain-fou-dEupen-La.jpg\" width=\"159\" height=\"159\" alt=\"\"><\/figure>\n<figure class=\"column small-6 medium-3 end\"><img loading=\"lazy\" decoding=\"async\" src=\"https:\/\/vieassociative.be\/actualites\/wp-content\/uploads\/2025\/01\/1736086709_742_Samuel-I-Deneffe-Le-nouveau-souverain-fou-dEupen-La.jpg\" width=\"159\" height=\"159\" alt=\"\"><\/figure>\n<figure class=\"column small-6 medium-3 end\"><img loading=\"lazy\" decoding=\"async\" src=\"https:\/\/vieassociative.be\/actualites\/wp-content\/uploads\/2025\/01\/1736086709_742_Samuel-I-Deneffe-Le-nouveau-souverain-fou-dEupen-La.jpg\" width=\"159\" height=\"159\" alt=\"\"><\/figure>\n<figure class=\"column small-6 medium-3 end\"><img loading=\"lazy\" decoding=\"async\" src=\"https:\/\/vieassociative.be\/actualites\/wp-content\/uploads\/2025\/01\/1736086709_575_Samuel-I-Deneffe-Le-nouveau-souverain-fou-dEupen-La.jpg\" width=\"159\" height=\"159\" alt=\"\"><\/figure>\n<figure class=\"column small-6 medium-3 end\"><img loading=\"lazy\" decoding=\"async\" src=\"https:\/\/vieassociative.be\/actualites\/wp-content\/uploads\/2025\/01\/1736086709_139_Samuel-I-Deneffe-Le-nouveau-souverain-fou-dEupen-La.jpg\" width=\"159\" height=\"159\" alt=\"\"><\/figure>\n<figure class=\"column small-6 medium-3 end\"><img loading=\"lazy\" decoding=\"async\" src=\"https:\/\/vieassociative.be\/actualites\/wp-content\/uploads\/2025\/01\/1736086709_313_Samuel-I-Deneffe-Le-nouveau-souverain-fou-dEupen-La.jpg\" width=\"159\" height=\"159\" alt=\"\"><\/figure>\n<figure class=\"column small-6 medium-3 end\"><img loading=\"lazy\" decoding=\"async\" src=\"https:\/\/vieassociative.be\/actualites\/wp-content\/uploads\/2025\/01\/1736086709_861_Samuel-I-Deneffe-Le-nouveau-souverain-fou-dEupen-La.jpg\" width=\"159\" height=\"159\" alt=\"\"><\/figure>\n<figure class=\"column small-6 medium-3 end\"><img loading=\"lazy\" decoding=\"async\" src=\"https:\/\/vieassociative.be\/actualites\/wp-content\/uploads\/2025\/01\/1736086709_950_Samuel-I-Deneffe-Le-nouveau-souverain-fou-dEupen-La.jpg\" width=\"159\" height=\"159\" alt=\"\"><\/figure>\n<figure class=\"column small-6 medium-3 end\"><img loading=\"lazy\" decoding=\"async\" src=\"https:\/\/vieassociative.be\/actualites\/wp-content\/uploads\/2025\/01\/1736086709_695_Samuel-I-Deneffe-Le-nouveau-souverain-fou-dEupen-La.jpg\" width=\"159\" height=\"159\" alt=\"\"><\/figure>\n<figure class=\"column small-6 medium-3 end\"><img loading=\"lazy\" decoding=\"async\" src=\"https:\/\/vieassociative.be\/actualites\/wp-content\/uploads\/2025\/01\/1736086709_790_Samuel-I-Deneffe-Le-nouveau-souverain-fou-dEupen-La.jpg\" width=\"159\" height=\"159\" alt=\"\"><\/figure>\n<figure class=\"column small-6 medium-3 end\"><img loading=\"lazy\" decoding=\"async\" src=\"https:\/\/vieassociative.be\/actualites\/wp-content\/uploads\/2025\/01\/1736086709_910_Samuel-I-Deneffe-Le-nouveau-souverain-fou-dEupen-La.jpg\" width=\"159\" height=\"159\" alt=\"\"><\/figure>\n<figure class=\"column small-6 medium-3 end\"><img loading=\"lazy\" decoding=\"async\" src=\"https:\/\/vieassociative.be\/actualites\/wp-content\/uploads\/2025\/01\/1736086709_298_Samuel-I-Deneffe-Le-nouveau-souverain-fou-dEupen-La.jpg\" width=\"159\" height=\"159\" alt=\"\"><\/figure>\n<figure class=\"column small-6 medium-3 end\"><img loading=\"lazy\" decoding=\"async\" src=\"https:\/\/vieassociative.be\/actualites\/wp-content\/uploads\/2025\/01\/1736086709_697_Samuel-I-Deneffe-Le-nouveau-souverain-fou-dEupen-La.jpg\" width=\"159\" height=\"159\" alt=\"\"><\/figure>\n<figure class=\"column small-6 medium-3 end\"><img loading=\"lazy\" decoding=\"async\" src=\"https:\/\/vieassociative.be\/actualites\/wp-content\/uploads\/2025\/01\/1736086709_964_Samuel-I-Deneffe-Le-nouveau-souverain-fou-dEupen-La.jpg\" width=\"159\" height=\"159\" alt=\"\"><\/figure>\n<figure class=\"column small-6 medium-3 end\"><img loading=\"lazy\" decoding=\"async\" src=\"https:\/\/vieassociative.be\/actualites\/wp-content\/uploads\/2025\/01\/1736086709_234_Samuel-I-Deneffe-Le-nouveau-souverain-fou-dEupen-La.jpg\" width=\"159\" height=\"159\" alt=\"\"><\/figure>\n<figure class=\"column small-6 medium-3 end\"><img loading=\"lazy\" decoding=\"async\" src=\"https:\/\/vieassociative.be\/actualites\/wp-content\/uploads\/2025\/01\/1736086709_32_Samuel-I-Deneffe-Le-nouveau-souverain-fou-dEupen-La.jpg\" width=\"159\" height=\"159\" alt=\"\"><\/figure>\n<figure class=\"column small-6 medium-3 end\"><img loading=\"lazy\" decoding=\"async\" src=\"https:\/\/vieassociative.be\/actualites\/wp-content\/uploads\/2025\/01\/1736086709_111_Samuel-I-Deneffe-Le-nouveau-souverain-fou-dEupen-La.jpg\" width=\"159\" height=\"159\" alt=\"\"><\/figure>\n<figure class=\"column small-6 medium-3 end\"><img loading=\"lazy\" decoding=\"async\" src=\"https:\/\/vieassociative.be\/actualites\/wp-content\/uploads\/2025\/01\/1736086709_354_Samuel-I-Deneffe-Le-nouveau-souverain-fou-dEupen-La.jpg\" width=\"159\" height=\"159\" alt=\"\"><\/figure>\n<figure class=\"column small-6 medium-3 end\"><img loading=\"lazy\" decoding=\"async\" src=\"https:\/\/vieassociative.be\/actualites\/wp-content\/uploads\/2025\/01\/1736086709_871_Samuel-I-Deneffe-Le-nouveau-souverain-fou-dEupen-La.jpg\" width=\"159\" height=\"159\" alt=\"\"><\/figure>\n<figure class=\"column small-6 medium-3 end\"><img loading=\"lazy\" decoding=\"async\" src=\"https:\/\/vieassociative.be\/actualites\/wp-content\/uploads\/2025\/01\/1736086709_716_Samuel-I-Deneffe-Le-nouveau-souverain-fou-dEupen-La.jpg\" width=\"159\" height=\"159\" alt=\"\"><\/figure>\n<figure class=\"column small-6 medium-3 end\"><img loading=\"lazy\" decoding=\"async\" src=\"https:\/\/vieassociative.be\/actualites\/wp-content\/uploads\/2025\/01\/1736086709_87_Samuel-I-Deneffe-Le-nouveau-souverain-fou-dEupen-La.jpg\" width=\"159\" height=\"159\" alt=\"\"><\/figure>\n<figure class=\"column small-6 medium-3 end\"><img loading=\"lazy\" decoding=\"async\" src=\"https:\/\/vieassociative.be\/actualites\/wp-content\/uploads\/2025\/01\/1736086709_722_Samuel-I-Deneffe-Le-nouveau-souverain-fou-dEupen-La.jpg\" width=\"159\" height=\"159\" alt=\"\"><\/figure>\n<figure class=\"column small-6 medium-3 end\"><img loading=\"lazy\" decoding=\"async\" src=\"https:\/\/vieassociative.be\/actualites\/wp-content\/uploads\/2025\/01\/1736086709_649_Samuel-I-Deneffe-Le-nouveau-souverain-fou-dEupen-La.jpg\" width=\"159\" height=\"159\" alt=\"\"><\/figure>\n<figure class=\"column small-6 medium-3 end\"><img loading=\"lazy\" decoding=\"async\" src=\"https:\/\/vieassociative.be\/actualites\/wp-content\/uploads\/2025\/01\/1736086709_624_Samuel-I-Deneffe-Le-nouveau-souverain-fou-dEupen-La.jpg\" width=\"159\" height=\"159\" alt=\"\"><\/figure>\n<figure class=\"column small-6 medium-3 end\"><img loading=\"lazy\" decoding=\"async\" src=\"https:\/\/vieassociative.be\/actualites\/wp-content\/uploads\/2025\/01\/1736086709_234_Samuel-I-Deneffe-Le-nouveau-souverain-fou-dEupen-La.jpg\" width=\"159\" height=\"159\" alt=\"\"><\/figure>\n<figure class=\"column small-6 medium-3 end\"><img loading=\"lazy\" decoding=\"async\" src=\"https:\/\/vieassociative.be\/actualites\/wp-content\/uploads\/2025\/01\/1736086709_701_Samuel-I-Deneffe-Le-nouveau-souverain-fou-dEupen-La.jpg\" width=\"159\" height=\"159\" alt=\"\"><\/figure>\n<figure class=\"column small-6 medium-3 end\"><img loading=\"lazy\" decoding=\"async\" src=\"https:\/\/vieassociative.be\/actualites\/wp-content\/uploads\/2025\/01\/1736086710_788_Samuel-I-Deneffe-Le-nouveau-souverain-fou-dEupen-La.jpg\" width=\"159\" height=\"159\" alt=\"\"><\/figure>\n<figure class=\"column small-6 medium-3 end\"><img loading=\"lazy\" decoding=\"async\" src=\"https:\/\/vieassociative.be\/actualites\/wp-content\/uploads\/2025\/01\/1736086710_152_Samuel-I-Deneffe-Le-nouveau-souverain-fou-dEupen-La.jpg\" width=\"159\" height=\"159\" alt=\"\"><\/figure>\n<figure class=\"column small-6 medium-3 end\"><img loading=\"lazy\" decoding=\"async\" src=\"https:\/\/vieassociative.be\/actualites\/wp-content\/uploads\/2025\/01\/1736086710_909_Samuel-I-Deneffe-Le-nouveau-souverain-fou-dEupen-La.jpg\" width=\"159\" height=\"159\" alt=\"\"><\/figure>\n<figure class=\"column small-6 medium-3 end\"><img loading=\"lazy\" decoding=\"async\" src=\"https:\/\/vieassociative.be\/actualites\/wp-content\/uploads\/2025\/01\/1736086710_312_Samuel-I-Deneffe-Le-nouveau-souverain-fou-dEupen-La.jpg\" width=\"159\" height=\"159\" alt=\"\"><\/figure>\n<figure class=\"column small-6 medium-3 end\"><img loading=\"lazy\" decoding=\"async\" src=\"https:\/\/vieassociative.be\/actualites\/wp-content\/uploads\/2025\/01\/1736086710_374_Samuel-I-Deneffe-Le-nouveau-souverain-fou-dEupen-La.jpg\" width=\"159\" height=\"159\" alt=\"\"><\/figure>\n<figure class=\"column small-6 medium-3 end\"><img loading=\"lazy\" decoding=\"async\" src=\"https:\/\/vieassociative.be\/actualites\/wp-content\/uploads\/2025\/01\/1736086710_974_Samuel-I-Deneffe-Le-nouveau-souverain-fou-dEupen-La.jpg\" width=\"159\" height=\"159\" alt=\"\"><\/figure>\n<figure class=\"column small-6 medium-3 end\"><img loading=\"lazy\" decoding=\"async\" src=\"https:\/\/vieassociative.be\/actualites\/wp-content\/uploads\/2025\/01\/1736086710_637_Samuel-I-Deneffe-Le-nouveau-souverain-fou-dEupen-La.jpg\" width=\"159\" height=\"159\" alt=\"\"><\/figure>\n<figure class=\"column small-6 medium-3 end\"><img loading=\"lazy\" decoding=\"async\" src=\"https:\/\/vieassociative.be\/actualites\/wp-content\/uploads\/2025\/01\/1736086710_629_Samuel-I-Deneffe-Le-nouveau-souverain-fou-dEupen-La.jpg\" width=\"159\" height=\"159\" alt=\"\"><\/figure>\n<figure class=\"column small-6 medium-3 end\"><img loading=\"lazy\" decoding=\"async\" src=\"https:\/\/vieassociative.be\/actualites\/wp-content\/uploads\/2025\/01\/1736086710_685_Samuel-I-Deneffe-Le-nouveau-souverain-fou-dEupen-La.jpg\" width=\"159\" height=\"159\" alt=\"\"><\/figure>\n<figure class=\"column small-6 medium-3 end\"><img loading=\"lazy\" decoding=\"async\" src=\"https:\/\/vieassociative.be\/actualites\/wp-content\/uploads\/2025\/01\/1736086710_752_Samuel-I-Deneffe-Le-nouveau-souverain-fou-dEupen-La.jpg\" width=\"159\" height=\"159\" alt=\"\"><\/figure>\n<figure class=\"column small-6 medium-3 end\"><img loading=\"lazy\" decoding=\"async\" src=\"https:\/\/vieassociative.be\/actualites\/wp-content\/uploads\/2025\/01\/1736086710_21_Samuel-I-Deneffe-Le-nouveau-souverain-fou-dEupen-La.jpg\" width=\"159\" height=\"159\" alt=\"\"><\/figure>\n<figure class=\"column small-6 medium-3 end\"><img loading=\"lazy\" decoding=\"async\" src=\"https:\/\/vieassociative.be\/actualites\/wp-content\/uploads\/2025\/01\/1736086710_989_Samuel-I-Deneffe-Le-nouveau-souverain-fou-dEupen-La.jpg\" width=\"159\" height=\"159\" alt=\"\"><\/figure>\n<figure class=\"column small-6 medium-3 end\"><img loading=\"lazy\" decoding=\"async\" src=\"https:\/\/vieassociative.be\/actualites\/wp-content\/uploads\/2025\/01\/1736086710_762_Samuel-I-Deneffe-Le-nouveau-souverain-fou-dEupen-La.jpg\" width=\"159\" height=\"159\" alt=\"\"><\/figure>\n<figure class=\"column small-6 medium-3 end\"><img loading=\"lazy\" decoding=\"async\" src=\"https:\/\/vieassociative.be\/actualites\/wp-content\/uploads\/2025\/01\/1736086710_287_Samuel-I-Deneffe-Le-nouveau-souverain-fou-dEupen-La.jpg\" width=\"159\" height=\"159\" alt=\"\"><\/figure>\n<figure class=\"column small-6 medium-3 end\"><img loading=\"lazy\" decoding=\"async\" src=\"https:\/\/vieassociative.be\/actualites\/wp-content\/uploads\/2025\/01\/1736086710_876_Samuel-I-Deneffe-Le-nouveau-souverain-fou-dEupen-La.jpg\" width=\"159\" height=\"159\" alt=\"\"><\/figure>\n<figure class=\"column small-6 medium-3 end\"><img loading=\"lazy\" decoding=\"async\" src=\"https:\/\/vieassociative.be\/actualites\/wp-content\/uploads\/2025\/01\/1736086710_579_Samuel-I-Deneffe-Le-nouveau-souverain-fou-dEupen-La.jpg\" width=\"159\" height=\"159\" alt=\"\"><\/figure>\n<figure class=\"column small-6 medium-3 end\"><img loading=\"lazy\" decoding=\"async\" src=\"https:\/\/vieassociative.be\/actualites\/wp-content\/uploads\/2025\/01\/1736086710_957_Samuel-I-Deneffe-Le-nouveau-souverain-fou-dEupen-La.jpg\" width=\"159\" height=\"159\" alt=\"\"><\/figure>\n<figure class=\"column small-6 medium-3 end\"><img loading=\"lazy\" decoding=\"async\" src=\"https:\/\/vieassociative.be\/actualites\/wp-content\/uploads\/2025\/01\/1736086710_776_Samuel-I-Deneffe-Le-nouveau-souverain-fou-dEupen-La.jpg\" width=\"159\" height=\"159\" alt=\"\"><\/figure>\n<figure class=\"column small-6 medium-3 end\"><img loading=\"lazy\" decoding=\"async\" src=\"https:\/\/vieassociative.be\/actualites\/wp-content\/uploads\/2025\/01\/1736086710_614_Samuel-I-Deneffe-Le-nouveau-souverain-fou-dEupen-La.jpg\" width=\"159\" height=\"159\" alt=\"\"><\/figure>\n<figure class=\"column small-6 medium-3 end\"><img loading=\"lazy\" decoding=\"async\" src=\"https:\/\/vieassociative.be\/actualites\/wp-content\/uploads\/2025\/01\/1736086710_709_Samuel-I-Deneffe-Le-nouveau-souverain-fou-dEupen-La.jpg\" width=\"159\" height=\"159\" alt=\"\"><\/figure>\n<figure class=\"column small-6 medium-3 end\"><img loading=\"lazy\" decoding=\"async\" src=\"https:\/\/vieassociative.be\/actualites\/wp-content\/uploads\/2025\/01\/1736086710_104_Samuel-I-Deneffe-Le-nouveau-souverain-fou-dEupen-La.jpg\" width=\"159\" height=\"159\" alt=\"\"><\/figure>\n<figure class=\"column small-6 medium-3 end\"><img loading=\"lazy\" decoding=\"async\" src=\"https:\/\/vieassociative.be\/actualites\/wp-content\/uploads\/2025\/01\/1736086710_176_Samuel-I-Deneffe-Le-nouveau-souverain-fou-dEupen-La.jpg\" width=\"159\" height=\"159\" alt=\"\"><\/figure>\n<figure class=\"column small-6 medium-3 end\"><img loading=\"lazy\" decoding=\"async\" src=\"https:\/\/vieassociative.be\/actualites\/wp-content\/uploads\/2025\/01\/1736086710_143_Samuel-I-Deneffe-Le-nouveau-souverain-fou-dEupen-La.jpg\" width=\"159\" height=\"159\" alt=\"\"><\/figure>\n<figure class=\"column small-6 medium-3 end\"><img loading=\"lazy\" decoding=\"async\" src=\"https:\/\/vieassociative.be\/actualites\/wp-content\/uploads\/2025\/01\/1736086710_525_Samuel-I-Deneffe-Le-nouveau-souverain-fou-dEupen-La.jpg\" width=\"159\" height=\"159\" alt=\"\"><\/figure>\n<figure class=\"column small-6 medium-3 end\"><img loading=\"lazy\" decoding=\"async\" src=\"https:\/\/vieassociative.be\/actualites\/wp-content\/uploads\/2025\/01\/1736086710_63_Samuel-I-Deneffe-Le-nouveau-souverain-fou-dEupen-La.jpg\" width=\"159\" height=\"159\" alt=\"\"><\/figure>\n<figure class=\"column small-6 medium-3 end\"><img loading=\"lazy\" decoding=\"async\" src=\"https:\/\/vieassociative.be\/actualites\/wp-content\/uploads\/2025\/01\/1736086710_167_Samuel-I-Deneffe-Le-nouveau-souverain-fou-dEupen-La.jpg\" width=\"159\" height=\"159\" alt=\"\"><\/figure>\n<figure class=\"column small-6 medium-3 end\"><img loading=\"lazy\" decoding=\"async\" src=\"https:\/\/vieassociative.be\/actualites\/wp-content\/uploads\/2025\/01\/1736086710_989_Samuel-I-Deneffe-Le-nouveau-souverain-fou-dEupen-La.jpg\" width=\"159\" height=\"159\" alt=\"\"><\/figure>\n<figure class=\"column small-6 medium-3 end\"><img loading=\"lazy\" decoding=\"async\" src=\"https:\/\/vieassociative.be\/actualites\/wp-content\/uploads\/2025\/01\/1736086710_808_Samuel-I-Deneffe-Le-nouveau-souverain-fou-dEupen-La.jpg\" width=\"159\" height=\"159\" alt=\"\"><\/figure>\n<figure class=\"column small-6 medium-3 end\"><img loading=\"lazy\" decoding=\"async\" src=\"https:\/\/vieassociative.be\/actualites\/wp-content\/uploads\/2025\/01\/1736086710_527_Samuel-I-Deneffe-Le-nouveau-souverain-fou-dEupen-La.jpg\" width=\"159\" height=\"159\" alt=\"\"><\/figure>\n<figure class=\"column small-6 medium-3 end\"><img loading=\"lazy\" decoding=\"async\" src=\"https:\/\/vieassociative.be\/actualites\/wp-content\/uploads\/2025\/01\/1736086710_734_Samuel-I-Deneffe-Le-nouveau-souverain-fou-dEupen-La.jpg\" width=\"159\" height=\"159\" alt=\"\"><\/figure>\n<figure class=\"column small-6 medium-3 end\"><img loading=\"lazy\" decoding=\"async\" src=\"https:\/\/vieassociative.be\/actualites\/wp-content\/uploads\/2025\/01\/1736086710_638_Samuel-I-Deneffe-Le-nouveau-souverain-fou-dEupen-La.jpg\" width=\"159\" height=\"159\" alt=\"\"><\/figure>\n<figure class=\"column small-6 medium-3 end\"><img loading=\"lazy\" decoding=\"async\" src=\"https:\/\/vieassociative.be\/actualites\/wp-content\/uploads\/2025\/01\/1736086710_572_Samuel-I-Deneffe-Le-nouveau-souverain-fou-dEupen-La.jpg\" width=\"159\" height=\"159\" alt=\"\"><\/figure>\n<figure class=\"column small-6 medium-3 end\"><img loading=\"lazy\" decoding=\"async\" src=\"https:\/\/vieassociative.be\/actualites\/wp-content\/uploads\/2025\/01\/1736086710_953_Samuel-I-Deneffe-Le-nouveau-souverain-fou-dEupen-La.jpg\" width=\"159\" height=\"159\" alt=\"\"><\/figure>\n<figure class=\"column small-6 medium-3 end\"><img loading=\"lazy\" decoding=\"async\" src=\"https:\/\/vieassociative.be\/actualites\/wp-content\/uploads\/2025\/01\/1736086710_823_Samuel-I-Deneffe-Le-nouveau-souverain-fou-dEupen-La.jpg\" width=\"159\" height=\"159\" alt=\"\"><\/figure>\n<figure class=\"column small-6 medium-3 end\"><img loading=\"lazy\" decoding=\"async\" src=\"https:\/\/vieassociative.be\/actualites\/wp-content\/uploads\/2025\/01\/1736086710_354_Samuel-I-Deneffe-Le-nouveau-souverain-fou-dEupen-La.jpg\" width=\"159\" height=\"159\" alt=\"\"><\/figure>\n<figure class=\"column small-6 medium-3 end\"><img loading=\"lazy\" decoding=\"async\" src=\"https:\/\/vieassociative.be\/actualites\/wp-content\/uploads\/2025\/01\/1736086710_41_Samuel-I-Deneffe-Le-nouveau-souverain-fou-dEupen-La.jpg\" width=\"159\" height=\"159\" alt=\"\"><\/figure>\n<figure class=\"column small-6 medium-3 end\"><img loading=\"lazy\" decoding=\"async\" src=\"https:\/\/vieassociative.be\/actualites\/wp-content\/uploads\/2025\/01\/1736086710_545_Samuel-I-Deneffe-Le-nouveau-souverain-fou-dEupen-La.jpg\" width=\"159\" height=\"159\" alt=\"\"><\/figure>\n<figure class=\"column small-6 medium-3 end\"><img loading=\"lazy\" decoding=\"async\" src=\"https:\/\/vieassociative.be\/actualites\/wp-content\/uploads\/2025\/01\/1736086710_117_Samuel-I-Deneffe-Le-nouveau-souverain-fou-dEupen-La.jpg\" width=\"159\" height=\"159\" alt=\"\"><\/figure>\n<figure class=\"column small-6 medium-3 end\"><img loading=\"lazy\" decoding=\"async\" src=\"https:\/\/vieassociative.be\/actualites\/wp-content\/uploads\/2025\/01\/1736086711_263_Samuel-I-Deneffe-Le-nouveau-souverain-fou-dEupen-La.jpg\" width=\"159\" height=\"159\" alt=\"\"><\/figure>\n<figure class=\"column small-6 medium-3 end\"><img loading=\"lazy\" decoding=\"async\" src=\"https:\/\/vieassociative.be\/actualites\/wp-content\/uploads\/2025\/01\/1736086711_120_Samuel-I-Deneffe-Le-nouveau-souverain-fou-dEupen-La.jpg\" width=\"159\" height=\"159\" alt=\"\"><\/figure>\n<figure class=\"column small-6 medium-3 end\"><img loading=\"lazy\" decoding=\"async\" src=\"https:\/\/vieassociative.be\/actualites\/wp-content\/uploads\/2025\/01\/1736086711_641_Samuel-I-Deneffe-Le-nouveau-souverain-fou-dEupen-La.jpg\" width=\"159\" height=\"159\" alt=\"\"><\/figure>\n<figure class=\"column small-6 medium-3 end\"><img loading=\"lazy\" decoding=\"async\" src=\"https:\/\/vieassociative.be\/actualites\/wp-content\/uploads\/2025\/01\/1736086711_160_Samuel-I-Deneffe-Le-nouveau-souverain-fou-dEupen-La.jpg\" width=\"159\" height=\"159\" alt=\"\"><\/figure>\n<figure class=\"column small-6 medium-3 end\"><img loading=\"lazy\" decoding=\"async\" src=\"https:\/\/vieassociative.be\/actualites\/wp-content\/uploads\/2025\/01\/1736086711_357_Samuel-I-Deneffe-Le-nouveau-souverain-fou-dEupen-La.jpg\" width=\"159\" height=\"159\" alt=\"\"><\/figure>\n<figure class=\"column small-6 medium-3 end\"><img loading=\"lazy\" decoding=\"async\" src=\"https:\/\/vieassociative.be\/actualites\/wp-content\/uploads\/2025\/01\/1736086711_898_Samuel-I-Deneffe-Le-nouveau-souverain-fou-dEupen-La.jpg\" width=\"159\" height=\"159\" alt=\"\"><\/figure>\n<figure class=\"column small-6 medium-3 end\"><img loading=\"lazy\" decoding=\"async\" src=\"https:\/\/vieassociative.be\/actualites\/wp-content\/uploads\/2025\/01\/1736086711_493_Samuel-I-Deneffe-Le-nouveau-souverain-fou-dEupen-La.jpg\" width=\"159\" height=\"159\" alt=\"\"><\/figure>\n<figure class=\"column small-6 medium-3 end\"><img loading=\"lazy\" decoding=\"async\" src=\"https:\/\/vieassociative.be\/actualites\/wp-content\/uploads\/2025\/01\/1736086711_863_Samuel-I-Deneffe-Le-nouveau-souverain-fou-dEupen-La.jpg\" width=\"159\" height=\"159\" alt=\"\"><\/figure>\n<figure class=\"column small-6 medium-3 end\"><img loading=\"lazy\" decoding=\"async\" src=\"https:\/\/vieassociative.be\/actualites\/wp-content\/uploads\/2025\/01\/1736086711_646_Samuel-I-Deneffe-Le-nouveau-souverain-fou-dEupen-La.jpg\" width=\"159\" height=\"159\" alt=\"\"><\/figure>\n<figure class=\"column small-6 medium-3 end\"><img loading=\"lazy\" decoding=\"async\" src=\"https:\/\/vieassociative.be\/actualites\/wp-content\/uploads\/2025\/01\/1736086711_374_Samuel-I-Deneffe-Le-nouveau-souverain-fou-dEupen-La.jpg\" width=\"159\" height=\"159\" alt=\"\"><\/figure>\n<figure class=\"column small-6 medium-3 end\"><img loading=\"lazy\" decoding=\"async\" src=\"https:\/\/vieassociative.be\/actualites\/wp-content\/uploads\/2025\/01\/1736086711_62_Samuel-I-Deneffe-Le-nouveau-souverain-fou-dEupen-La.jpg\" width=\"159\" height=\"159\" alt=\"\"><\/figure>\n<figure class=\"column small-6 medium-3 end\"><img loading=\"lazy\" decoding=\"async\" src=\"https:\/\/vieassociative.be\/actualites\/wp-content\/uploads\/2025\/01\/1736086711_308_Samuel-I-Deneffe-Le-nouveau-souverain-fou-dEupen-La.jpg\" width=\"159\" height=\"159\" alt=\"\"><\/figure>\n<figure class=\"column small-6 medium-3 end\"><img loading=\"lazy\" decoding=\"async\" src=\"https:\/\/vieassociative.be\/actualites\/wp-content\/uploads\/2025\/01\/1736086711_812_Samuel-I-Deneffe-Le-nouveau-souverain-fou-dEupen-La.jpg\" width=\"159\" height=\"159\" alt=\"\"><\/figure>\n<figure class=\"column small-6 medium-3 end\"><img loading=\"lazy\" decoding=\"async\" src=\"https:\/\/vieassociative.be\/actualites\/wp-content\/uploads\/2025\/01\/1736086711_88_Samuel-I-Deneffe-Le-nouveau-souverain-fou-dEupen-La.jpg\" width=\"159\" height=\"159\" alt=\"\"><\/figure>\n<figure class=\"column small-6 medium-3 end\"><img loading=\"lazy\" decoding=\"async\" src=\"https:\/\/vieassociative.be\/actualites\/wp-content\/uploads\/2025\/01\/1736086711_630_Samuel-I-Deneffe-Le-nouveau-souverain-fou-dEupen-La.jpg\" width=\"159\" height=\"159\" alt=\"\"><\/figure>\n<figure class=\"column small-6 medium-3 end\"><img loading=\"lazy\" decoding=\"async\" src=\"https:\/\/vieassociative.be\/actualites\/wp-content\/uploads\/2025\/01\/1736086711_318_Samuel-I-Deneffe-Le-nouveau-souverain-fou-dEupen-La.jpg\" width=\"159\" height=\"159\" alt=\"\"><\/figure>\n<figure class=\"column small-6 medium-3 end\"><img loading=\"lazy\" decoding=\"async\" src=\"https:\/\/vieassociative.be\/actualites\/wp-content\/uploads\/2025\/01\/1736086711_156_Samuel-I-Deneffe-Le-nouveau-souverain-fou-dEupen-La.jpg\" width=\"159\" height=\"159\" alt=\"\"><\/figure>\n<figure class=\"column small-6 medium-3 end\"><img loading=\"lazy\" decoding=\"async\" src=\"https:\/\/vieassociative.be\/actualites\/wp-content\/uploads\/2025\/01\/1736086711_28_Samuel-I-Deneffe-Le-nouveau-souverain-fou-dEupen-La.jpg\" width=\"159\" height=\"159\" alt=\"\"><\/figure>\n<figure class=\"column small-6 medium-3 end\"><img loading=\"lazy\" decoding=\"async\" src=\"https:\/\/vieassociative.be\/actualites\/wp-content\/uploads\/2025\/01\/1736086711_468_Samuel-I-Deneffe-Le-nouveau-souverain-fou-dEupen-La.jpg\" width=\"159\" height=\"159\" alt=\"\"><\/figure>\n<figure class=\"column small-6 medium-3 end\"><img loading=\"lazy\" decoding=\"async\" src=\"https:\/\/vieassociative.be\/actualites\/wp-content\/uploads\/2025\/01\/1736086711_150_Samuel-I-Deneffe-Le-nouveau-souverain-fou-dEupen-La.jpg\" width=\"159\" height=\"159\" alt=\"\"><\/figure>\n<figure class=\"column small-6 medium-3 end\"><img loading=\"lazy\" decoding=\"async\" src=\"https:\/\/vieassociative.be\/actualites\/wp-content\/uploads\/2025\/01\/1736086711_854_Samuel-I-Deneffe-Le-nouveau-souverain-fou-dEupen-La.jpg\" width=\"159\" height=\"159\" alt=\"\"><\/figure>\n<figure class=\"column small-6 medium-3 end\"><img loading=\"lazy\" decoding=\"async\" src=\"https:\/\/vieassociative.be\/actualites\/wp-content\/uploads\/2025\/01\/1736086711_207_Samuel-I-Deneffe-Le-nouveau-souverain-fou-dEupen-La.jpg\" width=\"159\" height=\"159\" alt=\"\"><\/figure>\n<figure class=\"column small-6 medium-3 end\"><img loading=\"lazy\" decoding=\"async\" src=\"https:\/\/vieassociative.be\/actualites\/wp-content\/uploads\/2025\/01\/1736086711_536_Samuel-I-Deneffe-Le-nouveau-souverain-fou-dEupen-La.jpg\" width=\"159\" height=\"159\" alt=\"\"><\/figure>\n<figure class=\"column small-6 medium-3 end\"><img loading=\"lazy\" decoding=\"async\" src=\"https:\/\/vieassociative.be\/actualites\/wp-content\/uploads\/2025\/01\/1736086711_92_Samuel-I-Deneffe-Le-nouveau-souverain-fou-dEupen-La.jpg\" width=\"159\" height=\"159\" alt=\"\"><\/figure>\n<figure class=\"column small-6 medium-3 end\"><img loading=\"lazy\" decoding=\"async\" src=\"https:\/\/vieassociative.be\/actualites\/wp-content\/uploads\/2025\/01\/1736086711_652_Samuel-I-Deneffe-Le-nouveau-souverain-fou-dEupen-La.jpg\" width=\"159\" height=\"159\" alt=\"\"><\/figure>\n<figure class=\"column small-6 medium-3 end\"><img loading=\"lazy\" decoding=\"async\" src=\"https:\/\/vieassociative.be\/actualites\/wp-content\/uploads\/2025\/01\/1736086711_60_Samuel-I-Deneffe-Le-nouveau-souverain-fou-dEupen-La.jpg\" width=\"159\" height=\"159\" alt=\"\"><\/figure>\n<figure class=\"column small-6 medium-3 end\"><img loading=\"lazy\" decoding=\"async\" src=\"https:\/\/vieassociative.be\/actualites\/wp-content\/uploads\/2025\/01\/1736086711_753_Samuel-I-Deneffe-Le-nouveau-souverain-fou-dEupen-La.jpg\" width=\"159\" height=\"159\" alt=\"\"><\/figure>\n<figure class=\"column small-6 medium-3 end\"><img loading=\"lazy\" decoding=\"async\" src=\"https:\/\/vieassociative.be\/actualites\/wp-content\/uploads\/2025\/01\/1736086711_331_Samuel-I-Deneffe-Le-nouveau-souverain-fou-dEupen-La.jpg\" width=\"159\" height=\"159\" alt=\"\"><\/figure>\n<figure class=\"column small-6 medium-3 end\"><img loading=\"lazy\" decoding=\"async\" src=\"https:\/\/vieassociative.be\/actualites\/wp-content\/uploads\/2025\/01\/1736086711_836_Samuel-I-Deneffe-Le-nouveau-souverain-fou-dEupen-La.jpg\" width=\"159\" height=\"159\" alt=\"\"><\/figure>\n<figure class=\"column small-6 medium-3 end\"><img loading=\"lazy\" decoding=\"async\" src=\"https:\/\/vieassociative.be\/actualites\/wp-content\/uploads\/2025\/01\/1736086711_268_Samuel-I-Deneffe-Le-nouveau-souverain-fou-dEupen-La.jpg\" width=\"159\" height=\"159\" alt=\"\"><\/figure>\n<figure class=\"column small-6 medium-3 end\"><img loading=\"lazy\" decoding=\"async\" src=\"https:\/\/vieassociative.be\/actualites\/wp-content\/uploads\/2025\/01\/1736086711_62_Samuel-I-Deneffe-Le-nouveau-souverain-fou-dEupen-La.jpg\" width=\"159\" height=\"159\" alt=\"\"><\/figure>\n<figure class=\"column small-6 medium-3 end\"><img loading=\"lazy\" decoding=\"async\" src=\"https:\/\/vieassociative.be\/actualites\/wp-content\/uploads\/2025\/01\/1736086711_323_Samuel-I-Deneffe-Le-nouveau-souverain-fou-dEupen-La.jpg\" width=\"159\" height=\"159\" alt=\"\"><\/figure>\n<figure class=\"column small-6 medium-3 end\"><img loading=\"lazy\" decoding=\"async\" src=\"https:\/\/vieassociative.be\/actualites\/wp-content\/uploads\/2025\/01\/1736086711_136_Samuel-I-Deneffe-Le-nouveau-souverain-fou-dEupen-La.jpg\" width=\"159\" height=\"159\" alt=\"\"><\/figure>\n<figure class=\"column small-6 medium-3 end\"><img loading=\"lazy\" decoding=\"async\" src=\"https:\/\/vieassociative.be\/actualites\/wp-content\/uploads\/2025\/01\/1736086711_466_Samuel-I-Deneffe-Le-nouveau-souverain-fou-dEupen-La.jpg\" width=\"159\" height=\"159\" alt=\"\"><\/figure>\n<figure class=\"column small-6 medium-3 end\"><img loading=\"lazy\" decoding=\"async\" src=\"https:\/\/vieassociative.be\/actualites\/wp-content\/uploads\/2025\/01\/1736086711_985_Samuel-I-Deneffe-Le-nouveau-souverain-fou-dEupen-La.jpg\" width=\"159\" height=\"159\" alt=\"\"><\/figure>\n<figure class=\"column small-6 medium-3 end\"><img loading=\"lazy\" decoding=\"async\" src=\"https:\/\/vieassociative.be\/actualites\/wp-content\/uploads\/2025\/01\/1736086711_53_Samuel-I-Deneffe-Le-nouveau-souverain-fou-dEupen-La.jpg\" width=\"159\" height=\"159\" alt=\"\"><\/figure>\n<figure class=\"column small-6 medium-3 end\"><img loading=\"lazy\" decoding=\"async\" src=\"https:\/\/vieassociative.be\/actualites\/wp-content\/uploads\/2025\/01\/1736086711_686_Samuel-I-Deneffe-Le-nouveau-souverain-fou-dEupen-La.jpg\" width=\"159\" height=\"159\" alt=\"\"><\/figure>\n<figure class=\"column small-6 medium-3 end\"><img loading=\"lazy\" decoding=\"async\" src=\"https:\/\/vieassociative.be\/actualites\/wp-content\/uploads\/2025\/01\/1736086712_445_Samuel-I-Deneffe-Le-nouveau-souverain-fou-dEupen-La.jpg\" width=\"159\" height=\"159\" alt=\"\"><\/figure>\n<figure class=\"column small-6 medium-3 end\"><img loading=\"lazy\" decoding=\"async\" src=\"https:\/\/vieassociative.be\/actualites\/wp-content\/uploads\/2025\/01\/1736086712_195_Samuel-I-Deneffe-Le-nouveau-souverain-fou-dEupen-La.jpg\" width=\"159\" height=\"159\" alt=\"\"><\/figure>\n<figure class=\"column small-6 medium-3 end\"><img loading=\"lazy\" decoding=\"async\" src=\"https:\/\/vieassociative.be\/actualites\/wp-content\/uploads\/2025\/01\/1736086712_946_Samuel-I-Deneffe-Le-nouveau-souverain-fou-dEupen-La.jpg\" width=\"159\" height=\"159\" alt=\"\"><\/figure>\n<figure class=\"column small-6 medium-3 end\"><img loading=\"lazy\" decoding=\"async\" src=\"https:\/\/vieassociative.be\/actualites\/wp-content\/uploads\/2025\/01\/1736086712_379_Samuel-I-Deneffe-Le-nouveau-souverain-fou-dEupen-La.jpg\" width=\"159\" height=\"159\" alt=\"\"><\/figure>\n<figure class=\"column small-6 medium-3 end\"><img loading=\"lazy\" decoding=\"async\" src=\"https:\/\/vieassociative.be\/actualites\/wp-content\/uploads\/2025\/01\/1736086712_74_Samuel-I-Deneffe-Le-nouveau-souverain-fou-dEupen-La.jpg\" width=\"159\" height=\"159\" alt=\"\"><\/figure>\n<figure class=\"column small-6 medium-3 end\"><img loading=\"lazy\" decoding=\"async\" src=\"https:\/\/vieassociative.be\/actualites\/wp-content\/uploads\/2025\/01\/1736086712_240_Samuel-I-Deneffe-Le-nouveau-souverain-fou-dEupen-La.jpg\" width=\"159\" height=\"159\" alt=\"\"><\/figure>\n<figure class=\"column small-6 medium-3 end\"><img loading=\"lazy\" decoding=\"async\" src=\"https:\/\/vieassociative.be\/actualites\/wp-content\/uploads\/2025\/01\/1736086712_153_Samuel-I-Deneffe-Le-nouveau-souverain-fou-dEupen-La.jpg\" width=\"159\" height=\"159\" alt=\"\"><\/figure>\n<figure class=\"column small-6 medium-3 end\"><img loading=\"lazy\" decoding=\"async\" src=\"https:\/\/vieassociative.be\/actualites\/wp-content\/uploads\/2025\/01\/1736086712_284_Samuel-I-Deneffe-Le-nouveau-souverain-fou-dEupen-La.jpg\" width=\"159\" height=\"159\" alt=\"\"><\/figure>\n<figure class=\"column small-6 medium-3 end\"><img loading=\"lazy\" decoding=\"async\" src=\"https:\/\/vieassociative.be\/actualites\/wp-content\/uploads\/2025\/01\/1736086712_654_Samuel-I-Deneffe-Le-nouveau-souverain-fou-dEupen-La.jpg\" width=\"159\" height=\"159\" alt=\"\"><\/figure>\n<figure class=\"column small-6 medium-3 end\"><img loading=\"lazy\" decoding=\"async\" src=\"https:\/\/vieassociative.be\/actualites\/wp-content\/uploads\/2025\/01\/1736086712_816_Samuel-I-Deneffe-Le-nouveau-souverain-fou-dEupen-La.jpg\" width=\"159\" height=\"159\" alt=\"\"><\/figure>\n<figure class=\"column small-6 medium-3 end\"><img loading=\"lazy\" decoding=\"async\" src=\"https:\/\/vieassociative.be\/actualites\/wp-content\/uploads\/2025\/01\/1736086712_0_Samuel-I-Deneffe-Le-nouveau-souverain-fou-dEupen-La.jpg\" width=\"159\" height=\"159\" alt=\"\"><\/figure>\n<figure class=\"column small-6 medium-3 end\"><img loading=\"lazy\" decoding=\"async\" src=\"https:\/\/vieassociative.be\/actualites\/wp-content\/uploads\/2025\/01\/1736086712_421_Samuel-I-Deneffe-Le-nouveau-souverain-fou-dEupen-La.jpg\" width=\"159\" height=\"159\" alt=\"\"><\/figure>\n<figure class=\"column small-6 medium-3 end\"><img loading=\"lazy\" decoding=\"async\" src=\"https:\/\/vieassociative.be\/actualites\/wp-content\/uploads\/2025\/01\/1736086712_521_Samuel-I-Deneffe-Le-nouveau-souverain-fou-dEupen-La.jpg\" width=\"159\" height=\"159\" alt=\"\"><\/figure>\n<figure class=\"column small-6 medium-3 end\"><img loading=\"lazy\" decoding=\"async\" src=\"https:\/\/vieassociative.be\/actualites\/wp-content\/uploads\/2025\/01\/1736086712_7_Samuel-I-Deneffe-Le-nouveau-souverain-fou-dEupen-La.jpg\" width=\"159\" height=\"159\" alt=\"\"><\/figure>\n<figure class=\"column small-6 medium-3 end\"><img loading=\"lazy\" decoding=\"async\" src=\"https:\/\/vieassociative.be\/actualites\/wp-content\/uploads\/2025\/01\/1736086712_794_Samuel-I-Deneffe-Le-nouveau-souverain-fou-dEupen-La.jpg\" width=\"159\" height=\"159\" alt=\"\"><\/figure>\n<figure class=\"column small-6 medium-3 end\"><img loading=\"lazy\" decoding=\"async\" src=\"https:\/\/vieassociative.be\/actualites\/wp-content\/uploads\/2025\/01\/1736086712_754_Samuel-I-Deneffe-Le-nouveau-souverain-fou-dEupen-La.jpg\" width=\"159\" height=\"159\" alt=\"\"><\/figure>\n<figure class=\"column small-6 medium-3 end\"><img loading=\"lazy\" decoding=\"async\" src=\"https:\/\/vieassociative.be\/actualites\/wp-content\/uploads\/2025\/01\/1736086712_296_Samuel-I-Deneffe-Le-nouveau-souverain-fou-dEupen-La.jpg\" width=\"159\" height=\"159\" alt=\"\"><\/figure>\n<figure class=\"column small-6 medium-3 end\"><img loading=\"lazy\" decoding=\"async\" src=\"https:\/\/vieassociative.be\/actualites\/wp-content\/uploads\/2025\/01\/1736086712_949_Samuel-I-Deneffe-Le-nouveau-souverain-fou-dEupen-La.jpg\" width=\"159\" height=\"159\" alt=\"\"><\/figure>\n<figure class=\"column small-6 medium-3 end\"><img loading=\"lazy\" decoding=\"async\" src=\"https:\/\/vieassociative.be\/actualites\/wp-content\/uploads\/2025\/01\/1736086712_635_Samuel-I-Deneffe-Le-nouveau-souverain-fou-dEupen-La.jpg\" width=\"159\" height=\"159\" alt=\"\"><\/figure>\n<figure class=\"column small-6 medium-3 end\"><img loading=\"lazy\" decoding=\"async\" src=\"https:\/\/vieassociative.be\/actualites\/wp-content\/uploads\/2025\/01\/1736086712_886_Samuel-I-Deneffe-Le-nouveau-souverain-fou-dEupen-La.jpg\" width=\"159\" height=\"159\" alt=\"\"><\/figure>\n<figure class=\"column small-6 medium-3 end\"><img loading=\"lazy\" decoding=\"async\" src=\"https:\/\/vieassociative.be\/actualites\/wp-content\/uploads\/2025\/01\/1736086712_64_Samuel-I-Deneffe-Le-nouveau-souverain-fou-dEupen-La.jpg\" width=\"159\" height=\"159\" alt=\"\"><\/figure>\n<figure class=\"column small-6 medium-3 end\"><img loading=\"lazy\" decoding=\"async\" src=\"https:\/\/vieassociative.be\/actualites\/wp-content\/uploads\/2025\/01\/1736086712_461_Samuel-I-Deneffe-Le-nouveau-souverain-fou-dEupen-La.jpg\" width=\"159\" height=\"159\" alt=\"\"><\/figure>\n<figure class=\"column small-6 medium-3 end\"><img loading=\"lazy\" decoding=\"async\" src=\"https:\/\/vieassociative.be\/actualites\/wp-content\/uploads\/2025\/01\/1736086712_573_Samuel-I-Deneffe-Le-nouveau-souverain-fou-dEupen-La.jpg\" width=\"159\" height=\"159\" alt=\"\"><\/figure>\n<figure class=\"column small-6 medium-3 end\"><img loading=\"lazy\" decoding=\"async\" src=\"https:\/\/vieassociative.be\/actualites\/wp-content\/uploads\/2025\/01\/1736086712_998_Samuel-I-Deneffe-Le-nouveau-souverain-fou-dEupen-La.jpg\" width=\"159\" height=\"159\" alt=\"\"><\/figure>\n<figure class=\"column small-6 medium-3 end\"><img loading=\"lazy\" decoding=\"async\" src=\"https:\/\/vieassociative.be\/actualites\/wp-content\/uploads\/2025\/01\/1736086712_322_Samuel-I-Deneffe-Le-nouveau-souverain-fou-dEupen-La.jpg\" width=\"159\" height=\"159\" alt=\"\"><\/figure>\n<figure class=\"column small-6 medium-3 end\"><img loading=\"lazy\" decoding=\"async\" src=\"https:\/\/vieassociative.be\/actualites\/wp-content\/uploads\/2025\/01\/1736086712_637_Samuel-I-Deneffe-Le-nouveau-souverain-fou-dEupen-La.jpg\" width=\"159\" height=\"159\" alt=\"\"><\/figure>\n<figure class=\"column small-6 medium-3 end\"><img loading=\"lazy\" decoding=\"async\" src=\"https:\/\/vieassociative.be\/actualites\/wp-content\/uploads\/2025\/01\/1736086712_851_Samuel-I-Deneffe-Le-nouveau-souverain-fou-dEupen-La.jpg\" width=\"159\" height=\"159\" alt=\"\"><\/figure>\n<figure class=\"column small-6 medium-3 end\"><img loading=\"lazy\" decoding=\"async\" src=\"https:\/\/vieassociative.be\/actualites\/wp-content\/uploads\/2025\/01\/1736086712_350_Samuel-I-Deneffe-Le-nouveau-souverain-fou-dEupen-La.jpg\" width=\"159\" height=\"159\" alt=\"\"><\/figure>\n<figure class=\"column small-6 medium-3 end\"><img loading=\"lazy\" decoding=\"async\" src=\"https:\/\/vieassociative.be\/actualites\/wp-content\/uploads\/2025\/01\/1736086712_569_Samuel-I-Deneffe-Le-nouveau-souverain-fou-dEupen-La.jpg\" width=\"159\" height=\"159\" alt=\"\"><\/figure>\n<figure class=\"column small-6 medium-3 end\"><img loading=\"lazy\" decoding=\"async\" src=\"https:\/\/vieassociative.be\/actualites\/wp-content\/uploads\/2025\/01\/1736086712_341_Samuel-I-Deneffe-Le-nouveau-souverain-fou-dEupen-La.jpg\" width=\"159\" height=\"159\" alt=\"\"><\/figure>\n<figure class=\"column small-6 medium-3 end\"><img loading=\"lazy\" decoding=\"async\" src=\"https:\/\/vieassociative.be\/actualites\/wp-content\/uploads\/2025\/01\/1736086712_818_Samuel-I-Deneffe-Le-nouveau-souverain-fou-dEupen-La.jpg\" width=\"159\" height=\"159\" alt=\"\"><\/figure>\n<figure class=\"column small-6 medium-3 end\"><img loading=\"lazy\" decoding=\"async\" src=\"https:\/\/vieassociative.be\/actualites\/wp-content\/uploads\/2025\/01\/1736086712_564_Samuel-I-Deneffe-Le-nouveau-souverain-fou-dEupen-La.jpg\" width=\"159\" height=\"159\" alt=\"\"><\/figure>\n<figure class=\"column small-6 medium-3 end\"><img loading=\"lazy\" decoding=\"async\" src=\"https:\/\/vieassociative.be\/actualites\/wp-content\/uploads\/2025\/01\/1736086712_321_Samuel-I-Deneffe-Le-nouveau-souverain-fou-dEupen-La.jpg\" width=\"159\" height=\"159\" alt=\"\"><\/figure>\n<figure class=\"column small-6 medium-3 end\"><img loading=\"lazy\" decoding=\"async\" src=\"https:\/\/vieassociative.be\/actualites\/wp-content\/uploads\/2025\/01\/1736086712_616_Samuel-I-Deneffe-Le-nouveau-souverain-fou-dEupen-La.jpg\" width=\"159\" height=\"159\" alt=\"\"><\/figure>\n<figure class=\"column small-6 medium-3 end\"><img loading=\"lazy\" decoding=\"async\" src=\"https:\/\/vieassociative.be\/actualites\/wp-content\/uploads\/2025\/01\/1736086712_895_Samuel-I-Deneffe-Le-nouveau-souverain-fou-dEupen-La.jpg\" width=\"159\" height=\"159\" alt=\"\"><\/figure>\n<figure class=\"column small-6 medium-3 end\"><img loading=\"lazy\" decoding=\"async\" src=\"https:\/\/vieassociative.be\/actualites\/wp-content\/uploads\/2025\/01\/1736086712_542_Samuel-I-Deneffe-Le-nouveau-souverain-fou-dEupen-La.jpg\" width=\"159\" height=\"159\" alt=\"\"><\/figure>\n<figure class=\"column small-6 medium-3 end\"><img loading=\"lazy\" decoding=\"async\" src=\"https:\/\/vieassociative.be\/actualites\/wp-content\/uploads\/2025\/01\/1736086712_183_Samuel-I-Deneffe-Le-nouveau-souverain-fou-dEupen-La.jpg\" width=\"159\" height=\"159\" alt=\"\"><\/figure>\n<figure class=\"column small-6 medium-3 end\"><img loading=\"lazy\" decoding=\"async\" src=\"https:\/\/vieassociative.be\/actualites\/wp-content\/uploads\/2025\/01\/1736086713_335_Samuel-I-Deneffe-Le-nouveau-souverain-fou-dEupen-La.jpg\" width=\"159\" height=\"159\" alt=\"\"><\/figure>\n<figure class=\"column small-6 medium-3 end\"><img loading=\"lazy\" decoding=\"async\" src=\"https:\/\/vieassociative.be\/actualites\/wp-content\/uploads\/2025\/01\/1736086713_710_Samuel-I-Deneffe-Le-nouveau-souverain-fou-dEupen-La.jpg\" width=\"159\" height=\"159\" alt=\"\"><\/figure>\n<figure class=\"column small-6 medium-3 end\"><img loading=\"lazy\" decoding=\"async\" src=\"https:\/\/vieassociative.be\/actualites\/wp-content\/uploads\/2025\/01\/1736086713_320_Samuel-I-Deneffe-Le-nouveau-souverain-fou-dEupen-La.jpg\" width=\"159\" height=\"159\" alt=\"\"><\/figure>\n<figure class=\"column small-6 medium-3 end\"><img loading=\"lazy\" decoding=\"async\" src=\"https:\/\/vieassociative.be\/actualites\/wp-content\/uploads\/2025\/01\/1736086713_849_Samuel-I-Deneffe-Le-nouveau-souverain-fou-dEupen-La.jpg\" width=\"159\" height=\"159\" alt=\"\"><\/figure>\n<figure class=\"column small-6 medium-3 end\"><img loading=\"lazy\" decoding=\"async\" src=\"https:\/\/vieassociative.be\/actualites\/wp-content\/uploads\/2025\/01\/1736086713_404_Samuel-I-Deneffe-Le-nouveau-souverain-fou-dEupen-La.jpg\" width=\"159\" height=\"159\" alt=\"\"><\/figure>\n<figure class=\"column small-6 medium-3 end\"><img loading=\"lazy\" decoding=\"async\" src=\"https:\/\/vieassociative.be\/actualites\/wp-content\/uploads\/2025\/01\/1736086713_966_Samuel-I-Deneffe-Le-nouveau-souverain-fou-dEupen-La.jpg\" width=\"159\" height=\"159\" alt=\"\"><\/figure>\n<figure class=\"column small-6 medium-3 end\"><img loading=\"lazy\" decoding=\"async\" src=\"https:\/\/vieassociative.be\/actualites\/wp-content\/uploads\/2025\/01\/1736086713_774_Samuel-I-Deneffe-Le-nouveau-souverain-fou-dEupen-La.jpg\" width=\"159\" height=\"159\" alt=\"\"><\/figure>\n<figure class=\"column small-6 medium-3 end\"><img loading=\"lazy\" decoding=\"async\" src=\"https:\/\/vieassociative.be\/actualites\/wp-content\/uploads\/2025\/01\/1736086713_886_Samuel-I-Deneffe-Le-nouveau-souverain-fou-dEupen-La.jpg\" width=\"159\" height=\"159\" alt=\"\"><\/figure>\n<figure class=\"column small-6 medium-3 end\"><img loading=\"lazy\" decoding=\"async\" src=\"https:\/\/vieassociative.be\/actualites\/wp-content\/uploads\/2025\/01\/1736086713_714_Samuel-I-Deneffe-Le-nouveau-souverain-fou-dEupen-La.jpg\" width=\"159\" height=\"159\" alt=\"\"><\/figure>\n<figure class=\"column small-6 medium-3 end\"><img loading=\"lazy\" decoding=\"async\" src=\"https:\/\/vieassociative.be\/actualites\/wp-content\/uploads\/2025\/01\/1736086713_669_Samuel-I-Deneffe-Le-nouveau-souverain-fou-dEupen-La.jpg\" width=\"159\" height=\"159\" alt=\"\"><\/figure>\n<figure class=\"column small-6 medium-3 end\"><img loading=\"lazy\" decoding=\"async\" src=\"https:\/\/vieassociative.be\/actualites\/wp-content\/uploads\/2025\/01\/1736086713_597_Samuel-I-Deneffe-Le-nouveau-souverain-fou-dEupen-La.jpg\" width=\"159\" height=\"159\" alt=\"\"><\/figure>\n<figure class=\"column small-6 medium-3 end\"><img loading=\"lazy\" decoding=\"async\" src=\"https:\/\/vieassociative.be\/actualites\/wp-content\/uploads\/2025\/01\/1736086713_365_Samuel-I-Deneffe-Le-nouveau-souverain-fou-dEupen-La.jpg\" width=\"159\" height=\"159\" alt=\"\"><\/figure>\n<figure class=\"column small-6 medium-3 end\"><img loading=\"lazy\" decoding=\"async\" src=\"https:\/\/vieassociative.be\/actualites\/wp-content\/uploads\/2025\/01\/1736086713_619_Samuel-I-Deneffe-Le-nouveau-souverain-fou-dEupen-La.jpg\" width=\"159\" height=\"159\" alt=\"\"><\/figure>\n<figure class=\"column small-6 medium-3 end\"><img loading=\"lazy\" decoding=\"async\" src=\"https:\/\/vieassociative.be\/actualites\/wp-content\/uploads\/2025\/01\/1736086713_66_Samuel-I-Deneffe-Le-nouveau-souverain-fou-dEupen-La.jpg\" width=\"159\" height=\"159\" alt=\"\"><\/figure>\n<figure class=\"column small-6 medium-3 end\"><img loading=\"lazy\" decoding=\"async\" src=\"https:\/\/vieassociative.be\/actualites\/wp-content\/uploads\/2025\/01\/1736086713_809_Samuel-I-Deneffe-Le-nouveau-souverain-fou-dEupen-La.jpg\" width=\"159\" height=\"159\" alt=\"\"><\/figure>\n<figure class=\"column small-6 medium-3 end\"><img loading=\"lazy\" decoding=\"async\" src=\"https:\/\/vieassociative.be\/actualites\/wp-content\/uploads\/2025\/01\/1736086713_72_Samuel-I-Deneffe-Le-nouveau-souverain-fou-dEupen-La.jpg\" width=\"159\" height=\"159\" alt=\"\"><\/figure>\n<figure class=\"column small-6 medium-3 end\"><img loading=\"lazy\" decoding=\"async\" src=\"https:\/\/vieassociative.be\/actualites\/wp-content\/uploads\/2025\/01\/1736086713_567_Samuel-I-Deneffe-Le-nouveau-souverain-fou-dEupen-La.jpg\" width=\"159\" height=\"159\" alt=\"\"><\/figure>\n<figure class=\"column small-6 medium-3 end\"><img loading=\"lazy\" decoding=\"async\" src=\"https:\/\/vieassociative.be\/actualites\/wp-content\/uploads\/2025\/01\/1736086713_944_Samuel-I-Deneffe-Le-nouveau-souverain-fou-dEupen-La.jpg\" width=\"159\" height=\"159\" alt=\"\"><\/figure>\n<figure class=\"column small-6 medium-3 end\"><img loading=\"lazy\" decoding=\"async\" src=\"https:\/\/vieassociative.be\/actualites\/wp-content\/uploads\/2025\/01\/1736086713_917_Samuel-I-Deneffe-Le-nouveau-souverain-fou-dEupen-La.jpg\" width=\"159\" height=\"159\" alt=\"\"><\/figure>\n<figure class=\"column small-6 medium-3 end\"><img loading=\"lazy\" decoding=\"async\" src=\"https:\/\/vieassociative.be\/actualites\/wp-content\/uploads\/2025\/01\/1736086713_457_Samuel-I-Deneffe-Le-nouveau-souverain-fou-dEupen-La.jpg\" width=\"159\" height=\"159\" alt=\"\"><\/figure>\n<figure class=\"column small-6 medium-3 end\"><img loading=\"lazy\" decoding=\"async\" src=\"https:\/\/vieassociative.be\/actualites\/wp-content\/uploads\/2025\/01\/1736086713_409_Samuel-I-Deneffe-Le-nouveau-souverain-fou-dEupen-La.jpg\" width=\"159\" height=\"159\" alt=\"\"><\/figure>\n<figure class=\"column small-6 medium-3 end\"><img loading=\"lazy\" decoding=\"async\" src=\"https:\/\/vieassociative.be\/actualites\/wp-content\/uploads\/2025\/01\/1736086713_576_Samuel-I-Deneffe-Le-nouveau-souverain-fou-dEupen-La.jpg\" width=\"159\" height=\"159\" alt=\"\"><\/figure>\n<figure class=\"column small-6 medium-3 end\"><img loading=\"lazy\" decoding=\"async\" src=\"https:\/\/vieassociative.be\/actualites\/wp-content\/uploads\/2025\/01\/1736086713_651_Samuel-I-Deneffe-Le-nouveau-souverain-fou-dEupen-La.jpg\" width=\"159\" height=\"159\" alt=\"\"><\/figure>\n<figure class=\"column small-6 medium-3 end\"><img loading=\"lazy\" decoding=\"async\" src=\"https:\/\/vieassociative.be\/actualites\/wp-content\/uploads\/2025\/01\/1736086713_719_Samuel-I-Deneffe-Le-nouveau-souverain-fou-dEupen-La.jpg\" width=\"159\" height=\"159\" alt=\"\"><\/figure>\n<figure class=\"column small-6 medium-3 end\"><img loading=\"lazy\" decoding=\"async\" src=\"https:\/\/vieassociative.be\/actualites\/wp-content\/uploads\/2025\/01\/1736086713_944_Samuel-I-Deneffe-Le-nouveau-souverain-fou-dEupen-La.jpg\" width=\"159\" height=\"159\" alt=\"\"><\/figure>\n<figure class=\"column small-6 medium-3 end\"><img loading=\"lazy\" decoding=\"async\" src=\"https:\/\/vieassociative.be\/actualites\/wp-content\/uploads\/2025\/01\/1736086713_287_Samuel-I-Deneffe-Le-nouveau-souverain-fou-dEupen-La.jpg\" width=\"159\" height=\"159\" alt=\"\"><\/figure>\n<figure class=\"column small-6 medium-3 end\"><img loading=\"lazy\" decoding=\"async\" src=\"https:\/\/vieassociative.be\/actualites\/wp-content\/uploads\/2025\/01\/1736086713_482_Samuel-I-Deneffe-Le-nouveau-souverain-fou-dEupen-La.jpg\" width=\"159\" height=\"159\" alt=\"\"><\/figure>\n<figure class=\"column small-6 medium-3 end\"><img loading=\"lazy\" decoding=\"async\" src=\"https:\/\/vieassociative.be\/actualites\/wp-content\/uploads\/2025\/01\/1736086713_485_Samuel-I-Deneffe-Le-nouveau-souverain-fou-dEupen-La.jpg\" width=\"159\" height=\"159\" alt=\"\"><\/figure>\n<figure class=\"column small-6 medium-3 end\"><img loading=\"lazy\" decoding=\"async\" src=\"https:\/\/vieassociative.be\/actualites\/wp-content\/uploads\/2025\/01\/1736086713_811_Samuel-I-Deneffe-Le-nouveau-souverain-fou-dEupen-La.jpg\" width=\"159\" height=\"159\" alt=\"\"><\/figure>\n<figure class=\"column small-6 medium-3 end\"><img loading=\"lazy\" decoding=\"async\" src=\"https:\/\/vieassociative.be\/actualites\/wp-content\/uploads\/2025\/01\/1736086713_649_Samuel-I-Deneffe-Le-nouveau-souverain-fou-dEupen-La.jpg\" width=\"159\" height=\"159\" alt=\"\"><\/figure>\n<figure class=\"column small-6 medium-3 end\"><img loading=\"lazy\" decoding=\"async\" src=\"https:\/\/vieassociative.be\/actualites\/wp-content\/uploads\/2025\/01\/1736086713_706_Samuel-I-Deneffe-Le-nouveau-souverain-fou-dEupen-La.jpg\" width=\"159\" height=\"159\" alt=\"\"><\/figure>\n<figure class=\"column small-6 medium-3 end\"><img loading=\"lazy\" decoding=\"async\" src=\"https:\/\/vieassociative.be\/actualites\/wp-content\/uploads\/2025\/01\/1736086713_431_Samuel-I-Deneffe-Le-nouveau-souverain-fou-dEupen-La.jpg\" width=\"159\" height=\"159\" alt=\"\"><\/figure>\n<figure class=\"column small-6 medium-3 end\"><img loading=\"lazy\" decoding=\"async\" src=\"https:\/\/vieassociative.be\/actualites\/wp-content\/uploads\/2025\/01\/1736086713_662_Samuel-I-Deneffe-Le-nouveau-souverain-fou-dEupen-La.jpg\" width=\"159\" height=\"159\" alt=\"\"><\/figure>\n<figure class=\"column small-6 medium-3 end\"><img loading=\"lazy\" decoding=\"async\" src=\"https:\/\/vieassociative.be\/actualites\/wp-content\/uploads\/2025\/01\/1736086713_40_Samuel-I-Deneffe-Le-nouveau-souverain-fou-dEupen-La.jpg\" width=\"159\" height=\"159\" alt=\"\"><\/figure>\n<figure class=\"column small-6 medium-3 end\"><img loading=\"lazy\" decoding=\"async\" src=\"https:\/\/vieassociative.be\/actualites\/wp-content\/uploads\/2025\/01\/1736086713_933_Samuel-I-Deneffe-Le-nouveau-souverain-fou-dEupen-La.jpg\" width=\"159\" height=\"159\" alt=\"\"><\/figure>\n<figure class=\"column small-6 medium-3 end\"><img loading=\"lazy\" decoding=\"async\" src=\"https:\/\/vieassociative.be\/actualites\/wp-content\/uploads\/2025\/01\/1736086713_322_Samuel-I-Deneffe-Le-nouveau-souverain-fou-dEupen-La.jpg\" width=\"159\" height=\"159\" alt=\"\"><\/figure>\n<figure class=\"column small-6 medium-3 end\"><img loading=\"lazy\" decoding=\"async\" src=\"https:\/\/vieassociative.be\/actualites\/wp-content\/uploads\/2025\/01\/1736086713_937_Samuel-I-Deneffe-Le-nouveau-souverain-fou-dEupen-La.jpg\" width=\"159\" height=\"159\" alt=\"\"><\/figure>\n<figure class=\"column small-6 medium-3 end\"><img loading=\"lazy\" decoding=\"async\" src=\"https:\/\/vieassociative.be\/actualites\/wp-content\/uploads\/2025\/01\/1736086713_167_Samuel-I-Deneffe-Le-nouveau-souverain-fou-dEupen-La.jpg\" width=\"159\" height=\"159\" alt=\"\"><\/figure>\n<figure class=\"column small-6 medium-3 end\"><img loading=\"lazy\" decoding=\"async\" src=\"https:\/\/vieassociative.be\/actualites\/wp-content\/uploads\/2025\/01\/1736086714_337_Samuel-I-Deneffe-Le-nouveau-souverain-fou-dEupen-La.jpg\" width=\"159\" height=\"159\" alt=\"\"><\/figure>\n<figure class=\"column small-6 medium-3 end\"><img loading=\"lazy\" decoding=\"async\" src=\"https:\/\/vieassociative.be\/actualites\/wp-content\/uploads\/2025\/01\/1736086714_882_Samuel-I-Deneffe-Le-nouveau-souverain-fou-dEupen-La.jpg\" width=\"159\" height=\"159\" alt=\"\"><\/figure>\n<figure class=\"column small-6 medium-3 end\"><img loading=\"lazy\" decoding=\"async\" src=\"https:\/\/vieassociative.be\/actualites\/wp-content\/uploads\/2025\/01\/1736086714_375_Samuel-I-Deneffe-Le-nouveau-souverain-fou-dEupen-La.jpg\" width=\"159\" height=\"159\" alt=\"\"><\/figure>\n<figure class=\"column small-6 medium-3 end\"><img loading=\"lazy\" decoding=\"async\" src=\"https:\/\/vieassociative.be\/actualites\/wp-content\/uploads\/2025\/01\/1736086714_868_Samuel-I-Deneffe-Le-nouveau-souverain-fou-dEupen-La.jpg\" width=\"159\" height=\"159\" alt=\"\"><\/figure>\n<figure class=\"column small-6 medium-3 end\"><img loading=\"lazy\" decoding=\"async\" src=\"https:\/\/vieassociative.be\/actualites\/wp-content\/uploads\/2025\/01\/1736086714_543_Samuel-I-Deneffe-Le-nouveau-souverain-fou-dEupen-La.jpg\" width=\"159\" height=\"159\" alt=\"\"><\/figure>\n<figure class=\"column small-6 medium-3 end\"><img loading=\"lazy\" decoding=\"async\" src=\"https:\/\/vieassociative.be\/actualites\/wp-content\/uploads\/2025\/01\/1736086714_121_Samuel-I-Deneffe-Le-nouveau-souverain-fou-dEupen-La.jpg\" width=\"159\" height=\"159\" alt=\"\"><\/figure>\n<figure class=\"column small-6 medium-3 end\"><img loading=\"lazy\" decoding=\"async\" src=\"https:\/\/vieassociative.be\/actualites\/wp-content\/uploads\/2025\/01\/1736086714_181_Samuel-I-Deneffe-Le-nouveau-souverain-fou-dEupen-La.jpg\" width=\"159\" height=\"159\" alt=\"\"><\/figure>\n<figure class=\"column small-6 medium-3 end\"><img loading=\"lazy\" decoding=\"async\" src=\"https:\/\/vieassociative.be\/actualites\/wp-content\/uploads\/2025\/01\/1736086714_597_Samuel-I-Deneffe-Le-nouveau-souverain-fou-dEupen-La.jpg\" width=\"159\" height=\"159\" alt=\"\"><\/figure>\n<figure class=\"column small-6 medium-3 end\"><img loading=\"lazy\" decoding=\"async\" src=\"https:\/\/vieassociative.be\/actualites\/wp-content\/uploads\/2025\/01\/1736086714_299_Samuel-I-Deneffe-Le-nouveau-souverain-fou-dEupen-La.jpg\" width=\"159\" height=\"159\" alt=\"\"><\/figure>\n<figure class=\"column small-6 medium-3 end\"><img loading=\"lazy\" decoding=\"async\" src=\"https:\/\/vieassociative.be\/actualites\/wp-content\/uploads\/2025\/01\/1736086714_84_Samuel-I-Deneffe-Le-nouveau-souverain-fou-dEupen-La.jpg\" width=\"159\" height=\"159\" alt=\"\"><\/figure>\n<figure class=\"column small-6 medium-3 end\"><img loading=\"lazy\" decoding=\"async\" src=\"https:\/\/vieassociative.be\/actualites\/wp-content\/uploads\/2025\/01\/1736086714_966_Samuel-I-Deneffe-Le-nouveau-souverain-fou-dEupen-La.jpg\" width=\"159\" height=\"159\" alt=\"\"><\/figure>\n<figure class=\"column small-6 medium-3 end\"><img loading=\"lazy\" decoding=\"async\" src=\"https:\/\/vieassociative.be\/actualites\/wp-content\/uploads\/2025\/01\/1736086714_868_Samuel-I-Deneffe-Le-nouveau-souverain-fou-dEupen-La.jpg\" width=\"159\" height=\"159\" alt=\"\"><\/figure>\n<figure class=\"column small-6 medium-3 end\"><img loading=\"lazy\" decoding=\"async\" src=\"https:\/\/vieassociative.be\/actualites\/wp-content\/uploads\/2025\/01\/1736086714_858_Samuel-I-Deneffe-Le-nouveau-souverain-fou-dEupen-La.jpg\" width=\"159\" height=\"159\" alt=\"\"><\/figure>\n<figure class=\"column small-6 medium-3 end\"><img loading=\"lazy\" decoding=\"async\" src=\"https:\/\/vieassociative.be\/actualites\/wp-content\/uploads\/2025\/01\/1736086714_633_Samuel-I-Deneffe-Le-nouveau-souverain-fou-dEupen-La.jpg\" width=\"159\" height=\"159\" alt=\"\"><\/figure>\n<figure class=\"column small-6 medium-3 end\"><img loading=\"lazy\" decoding=\"async\" src=\"https:\/\/vieassociative.be\/actualites\/wp-content\/uploads\/2025\/01\/1736086714_695_Samuel-I-Deneffe-Le-nouveau-souverain-fou-dEupen-La.jpg\" width=\"159\" height=\"159\" alt=\"\"><\/figure>\n<figure class=\"column small-6 medium-3 end\"><img loading=\"lazy\" decoding=\"async\" src=\"https:\/\/vieassociative.be\/actualites\/wp-content\/uploads\/2025\/01\/1736086714_995_Samuel-I-Deneffe-Le-nouveau-souverain-fou-dEupen-La.jpg\" width=\"159\" height=\"159\" alt=\"\"><\/figure>\n<figure class=\"column small-6 medium-3 end\"><img loading=\"lazy\" decoding=\"async\" src=\"https:\/\/vieassociative.be\/actualites\/wp-content\/uploads\/2025\/01\/1736086714_454_Samuel-I-Deneffe-Le-nouveau-souverain-fou-dEupen-La.jpg\" width=\"159\" height=\"159\" alt=\"\"><\/figure>\n<figure class=\"column small-6 medium-3 end\"><img loading=\"lazy\" decoding=\"async\" src=\"https:\/\/vieassociative.be\/actualites\/wp-content\/uploads\/2025\/01\/1736086714_706_Samuel-I-Deneffe-Le-nouveau-souverain-fou-dEupen-La.jpg\" width=\"159\" height=\"159\" alt=\"\"><\/figure>\n<figure class=\"column small-6 medium-3 end\"><img loading=\"lazy\" decoding=\"async\" src=\"https:\/\/vieassociative.be\/actualites\/wp-content\/uploads\/2025\/01\/1736086714_875_Samuel-I-Deneffe-Le-nouveau-souverain-fou-dEupen-La.jpg\" width=\"159\" height=\"159\" alt=\"\"><\/figure>\n<figure class=\"column small-6 medium-3 end\"><img loading=\"lazy\" decoding=\"async\" src=\"https:\/\/vieassociative.be\/actualites\/wp-content\/uploads\/2025\/01\/1736086714_497_Samuel-I-Deneffe-Le-nouveau-souverain-fou-dEupen-La.jpg\" width=\"159\" height=\"159\" alt=\"\"><\/figure>\n<figure class=\"column small-6 medium-3 end\"><img loading=\"lazy\" decoding=\"async\" src=\"https:\/\/vieassociative.be\/actualites\/wp-content\/uploads\/2025\/01\/1736086714_248_Samuel-I-Deneffe-Le-nouveau-souverain-fou-dEupen-La.jpg\" width=\"159\" height=\"159\" alt=\"\"><\/figure>\n<figure class=\"column small-6 medium-3 end\"><img loading=\"lazy\" decoding=\"async\" src=\"https:\/\/vieassociative.be\/actualites\/wp-content\/uploads\/2025\/01\/1736086714_673_Samuel-I-Deneffe-Le-nouveau-souverain-fou-dEupen-La.jpg\" width=\"159\" height=\"159\" alt=\"\"><\/figure>\n<figure class=\"column small-6 medium-3 end\"><img loading=\"lazy\" decoding=\"async\" src=\"https:\/\/vieassociative.be\/actualites\/wp-content\/uploads\/2025\/01\/1736086714_395_Samuel-I-Deneffe-Le-nouveau-souverain-fou-dEupen-La.jpg\" width=\"159\" height=\"159\" alt=\"\"><\/figure>\n<figure class=\"column small-6 medium-3 end\"><img loading=\"lazy\" decoding=\"async\" src=\"https:\/\/vieassociative.be\/actualites\/wp-content\/uploads\/2025\/01\/1736086714_431_Samuel-I-Deneffe-Le-nouveau-souverain-fou-dEupen-La.jpg\" width=\"159\" height=\"159\" alt=\"\"><\/figure>\n<figure class=\"column small-6 medium-3 end\"><img loading=\"lazy\" decoding=\"async\" src=\"https:\/\/vieassociative.be\/actualites\/wp-content\/uploads\/2025\/01\/1736086714_61_Samuel-I-Deneffe-Le-nouveau-souverain-fou-dEupen-La.jpg\" width=\"159\" height=\"159\" alt=\"\"><\/figure>\n<figure class=\"column small-6 medium-3 end\"><img loading=\"lazy\" decoding=\"async\" src=\"https:\/\/vieassociative.be\/actualites\/wp-content\/uploads\/2025\/01\/1736086714_887_Samuel-I-Deneffe-Le-nouveau-souverain-fou-dEupen-La.jpg\" width=\"159\" height=\"159\" alt=\"\"><\/figure>\n<figure class=\"column small-6 medium-3 end\"><img loading=\"lazy\" decoding=\"async\" src=\"https:\/\/vieassociative.be\/actualites\/wp-content\/uploads\/2025\/01\/1736086714_916_Samuel-I-Deneffe-Le-nouveau-souverain-fou-dEupen-La.jpg\" width=\"159\" height=\"159\" alt=\"\"><\/figure>\n<figure class=\"column small-6 medium-3 end\"><img loading=\"lazy\" decoding=\"async\" src=\"https:\/\/vieassociative.be\/actualites\/wp-content\/uploads\/2025\/01\/1736086714_278_Samuel-I-Deneffe-Le-nouveau-souverain-fou-dEupen-La.jpg\" width=\"159\" height=\"159\" alt=\"\"><\/figure>\n<figure class=\"column small-6 medium-3 end\"><img loading=\"lazy\" decoding=\"async\" src=\"https:\/\/vieassociative.be\/actualites\/wp-content\/uploads\/2025\/01\/1736086714_283_Samuel-I-Deneffe-Le-nouveau-souverain-fou-dEupen-La.jpg\" width=\"159\" height=\"159\" alt=\"\"><\/figure>\n<figure class=\"column small-6 medium-3 end\"><img loading=\"lazy\" decoding=\"async\" src=\"https:\/\/vieassociative.be\/actualites\/wp-content\/uploads\/2025\/01\/1736086714_857_Samuel-I-Deneffe-Le-nouveau-souverain-fou-dEupen-La.jpg\" width=\"159\" height=\"159\" alt=\"\"><\/figure>\n<figure class=\"column small-6 medium-3 end\"><img loading=\"lazy\" decoding=\"async\" src=\"https:\/\/vieassociative.be\/actualites\/wp-content\/uploads\/2025\/01\/1736086714_393_Samuel-I-Deneffe-Le-nouveau-souverain-fou-dEupen-La.jpg\" width=\"159\" height=\"159\" alt=\"\"><\/figure>\n<figure class=\"column small-6 medium-3 end\"><img loading=\"lazy\" decoding=\"async\" src=\"https:\/\/vieassociative.be\/actualites\/wp-content\/uploads\/2025\/01\/1736086714_497_Samuel-I-Deneffe-Le-nouveau-souverain-fou-dEupen-La.jpg\" width=\"159\" height=\"159\" alt=\"\"><\/figure>\n<figure class=\"column small-6 medium-3 end\"><img loading=\"lazy\" decoding=\"async\" src=\"https:\/\/vieassociative.be\/actualites\/wp-content\/uploads\/2025\/01\/1736086714_541_Samuel-I-Deneffe-Le-nouveau-souverain-fou-dEupen-La.jpg\" width=\"159\" height=\"159\" alt=\"\"><\/figure>\n<figure class=\"column small-6 medium-3 end\"><img loading=\"lazy\" decoding=\"async\" src=\"https:\/\/vieassociative.be\/actualites\/wp-content\/uploads\/2025\/01\/1736086714_116_Samuel-I-Deneffe-Le-nouveau-souverain-fou-dEupen-La.jpg\" width=\"159\" height=\"159\" alt=\"\"><\/figure>\n<figure class=\"column small-6 medium-3 end\"><img loading=\"lazy\" decoding=\"async\" src=\"https:\/\/vieassociative.be\/actualites\/wp-content\/uploads\/2025\/01\/1736086714_457_Samuel-I-Deneffe-Le-nouveau-souverain-fou-dEupen-La.jpg\" width=\"159\" height=\"159\" alt=\"\"><\/figure>\n<figure class=\"column small-6 medium-3 end\"><img loading=\"lazy\" decoding=\"async\" src=\"https:\/\/vieassociative.be\/actualites\/wp-content\/uploads\/2025\/01\/1736086714_549_Samuel-I-Deneffe-Le-nouveau-souverain-fou-dEupen-La.jpg\" width=\"159\" height=\"159\" alt=\"\"><\/figure>\n<figure class=\"column small-6 medium-3 end\"><img loading=\"lazy\" decoding=\"async\" src=\"https:\/\/vieassociative.be\/actualites\/wp-content\/uploads\/2025\/01\/1736086714_269_Samuel-I-Deneffe-Le-nouveau-souverain-fou-dEupen-La.jpg\" width=\"159\" height=\"159\" alt=\"\"><\/figure>\n<figure class=\"column small-6 medium-3 end\"><img loading=\"lazy\" decoding=\"async\" src=\"https:\/\/vieassociative.be\/actualites\/wp-content\/uploads\/2025\/01\/1736086715_201_Samuel-I-Deneffe-Le-nouveau-souverain-fou-dEupen-La.jpg\" width=\"159\" height=\"159\" alt=\"\"><\/figure>\n<figure class=\"column small-6 medium-3 end\"><img loading=\"lazy\" decoding=\"async\" src=\"https:\/\/vieassociative.be\/actualites\/wp-content\/uploads\/2025\/01\/1736086715_355_Samuel-I-Deneffe-Le-nouveau-souverain-fou-dEupen-La.jpg\" width=\"159\" height=\"159\" alt=\"\"><\/figure>\n<figure class=\"column small-6 medium-3 end\"><img loading=\"lazy\" decoding=\"async\" src=\"https:\/\/vieassociative.be\/actualites\/wp-content\/uploads\/2025\/01\/1736086715_912_Samuel-I-Deneffe-Le-nouveau-souverain-fou-dEupen-La.jpg\" width=\"159\" height=\"159\" alt=\"\"><\/figure>\n<figure class=\"column small-6 medium-3 end\"><img loading=\"lazy\" decoding=\"async\" src=\"https:\/\/vieassociative.be\/actualites\/wp-content\/uploads\/2025\/01\/1736086715_549_Samuel-I-Deneffe-Le-nouveau-souverain-fou-dEupen-La.jpg\" width=\"159\" height=\"159\" alt=\"\"><\/figure>\n<figure class=\"column small-6 medium-3 end\"><img loading=\"lazy\" decoding=\"async\" src=\"https:\/\/vieassociative.be\/actualites\/wp-content\/uploads\/2025\/01\/1736086715_821_Samuel-I-Deneffe-Le-nouveau-souverain-fou-dEupen-La.jpg\" width=\"159\" height=\"159\" alt=\"\"><\/figure>\n<figure class=\"column small-6 medium-3 end\"><img loading=\"lazy\" decoding=\"async\" src=\"https:\/\/vieassociative.be\/actualites\/wp-content\/uploads\/2025\/01\/1736086715_975_Samuel-I-Deneffe-Le-nouveau-souverain-fou-dEupen-La.jpg\" width=\"159\" height=\"159\" alt=\"\"><\/figure>\n<figure class=\"column small-6 medium-3 end\"><img loading=\"lazy\" decoding=\"async\" src=\"https:\/\/vieassociative.be\/actualites\/wp-content\/uploads\/2025\/01\/1736086715_625_Samuel-I-Deneffe-Le-nouveau-souverain-fou-dEupen-La.jpg\" width=\"159\" height=\"159\" alt=\"\"><\/figure>\n<figure class=\"column small-6 medium-3 end\"><img loading=\"lazy\" decoding=\"async\" src=\"https:\/\/vieassociative.be\/actualites\/wp-content\/uploads\/2025\/01\/1736086715_709_Samuel-I-Deneffe-Le-nouveau-souverain-fou-dEupen-La.jpg\" width=\"159\" height=\"159\" alt=\"\"><\/figure>\n<figure class=\"column small-6 medium-3 end\"><img loading=\"lazy\" decoding=\"async\" src=\"https:\/\/vieassociative.be\/actualites\/wp-content\/uploads\/2025\/01\/1736086715_500_Samuel-I-Deneffe-Le-nouveau-souverain-fou-dEupen-La.jpg\" width=\"159\" height=\"159\" alt=\"\"><\/figure>\n<figure class=\"column small-6 medium-3 end\"><img loading=\"lazy\" decoding=\"async\" src=\"https:\/\/vieassociative.be\/actualites\/wp-content\/uploads\/2025\/01\/1736086715_546_Samuel-I-Deneffe-Le-nouveau-souverain-fou-dEupen-La.jpg\" width=\"159\" height=\"159\" alt=\"\"><\/figure>\n<figure class=\"column small-6 medium-3 end\"><img loading=\"lazy\" decoding=\"async\" src=\"https:\/\/vieassociative.be\/actualites\/wp-content\/uploads\/2025\/01\/1736086715_894_Samuel-I-Deneffe-Le-nouveau-souverain-fou-dEupen-La.jpg\" width=\"159\" height=\"159\" alt=\"\"><\/figure>\n<figure class=\"column small-6 medium-3 end\"><img loading=\"lazy\" decoding=\"async\" src=\"https:\/\/vieassociative.be\/actualites\/wp-content\/uploads\/2025\/01\/1736086715_257_Samuel-I-Deneffe-Le-nouveau-souverain-fou-dEupen-La.jpg\" width=\"159\" height=\"159\" alt=\"\"><\/figure>\n<figure class=\"column small-6 medium-3 end\"><img loading=\"lazy\" decoding=\"async\" src=\"https:\/\/vieassociative.be\/actualites\/wp-content\/uploads\/2025\/01\/1736086715_168_Samuel-I-Deneffe-Le-nouveau-souverain-fou-dEupen-La.jpg\" width=\"159\" height=\"159\" alt=\"\"><\/figure>\n<figure class=\"column small-6 medium-3 end\"><img loading=\"lazy\" decoding=\"async\" src=\"https:\/\/vieassociative.be\/actualites\/wp-content\/uploads\/2025\/01\/1736086715_499_Samuel-I-Deneffe-Le-nouveau-souverain-fou-dEupen-La.jpg\" width=\"159\" height=\"159\" alt=\"\"><\/figure>\n<\/div>\n","protected":false},"excerpt":{"rendered":"<p>Eupen a un nouveau souverain fou : Samuel Ier (Deneffe) a \u00e9t\u00e9 proclam\u00e9 samedi soir prince du carnaval. Il succ\u00e8de \u00e0 Damien Ier (Warrimont). Le<\/p>\n","protected":false},"author":1,"featured_media":4074,"comment_status":"","ping_status":"","sticky":false,"template":"","format":"standard","meta":{"footnotes":""},"categories":[298],"tags":[4521,2403,4523,3257,4526,553,283,4525,4524,4520,4522],"class_list":["post-4073","post","type-post","status-publish","format-standard","has-post-thumbnail","hentry","category-belgique","tag-deneffe","tag-deupen","tag-fou","tag-galerie","tag-images","tag-nouveau","tag-photos","tag-prince","tag-proclamation","tag-samuel","tag-souverain","generate-columns","tablet-grid-50","mobile-grid-100","grid-parent","grid-33"],"yoast_head":"<!-- This site is optimized with the Yoast SEO plugin v24.0 - https:\/\/yoast.com\/wordpress\/plugins\/seo\/ -->\n<title>Samuel I. (Deneffe) Le nouveau souverain fou d&#039;Eupen : La proclamation du prince en images (galerie photos) | Vie Associative<\/title>\n<meta name=\"robots\" content=\"index, follow, max-snippet:-1, max-image-preview:large, max-video-preview:-1\" \/>\n<link rel=\"canonical\" href=\"https:\/\/vieassociative.be\/actualites\/samuel-i-deneffe-le-nouveau-souverain-fou-deupen-la-proclamation-du-prince-en-images-galerie-photos\/\" \/>\n<meta property=\"og:locale\" content=\"fr_FR\" \/>\n<meta property=\"og:type\" content=\"article\" \/>\n<meta property=\"og:title\" content=\"Samuel I. (Deneffe) Le nouveau souverain fou d&#039;Eupen : La proclamation du prince en images (galerie photos) | Vie Associative\" \/>\n<meta property=\"og:description\" content=\"Eupen a un nouveau souverain fou : Samuel Ier (Deneffe) a \u00e9t\u00e9 proclam\u00e9 samedi soir prince du carnaval. Il succ\u00e8de \u00e0 Damien Ier (Warrimont). Le\" \/>\n<meta property=\"og:url\" content=\"https:\/\/vieassociative.be\/actualites\/samuel-i-deneffe-le-nouveau-souverain-fou-deupen-la-proclamation-du-prince-en-images-galerie-photos\/\" \/>\n<meta property=\"og:site_name\" content=\"Vie Associative\" \/>\n<meta property=\"article:published_time\" content=\"2025-01-05T14:18:35+00:00\" \/>\n<meta property=\"og:image\" content=\"https:\/\/vieassociative.be\/actualites\/wp-content\/uploads\/2024\/09\/header_backgroundk-01-e1726694325946.png\" \/>\n\t<meta property=\"og:image:width\" content=\"279\" \/>\n\t<meta property=\"og:image:height\" content=\"92\" \/>\n\t<meta property=\"og:image:type\" content=\"image\/png\" \/>\n<meta name=\"author\" content=\"Julien\" \/>\n<meta name=\"twitter:card\" content=\"summary_large_image\" \/>\n<meta name=\"twitter:label1\" content=\"\u00c9crit par\" \/>\n\t<meta name=\"twitter:data1\" content=\"Julien\" \/>\n\t<meta name=\"twitter:label2\" content=\"Dur\u00e9e de lecture est.\" \/>\n\t<meta name=\"twitter:data2\" content=\"2 minutes\" \/>\n<script type=\"application\/ld+json\" class=\"yoast-schema-graph\">{\"@context\":\"https:\/\/schema.org\",\"@graph\":[{\"@type\":\"Article\",\"@id\":\"https:\/\/vieassociative.be\/actualites\/samuel-i-deneffe-le-nouveau-souverain-fou-deupen-la-proclamation-du-prince-en-images-galerie-photos\/#article\",\"isPartOf\":{\"@id\":\"https:\/\/vieassociative.be\/actualites\/samuel-i-deneffe-le-nouveau-souverain-fou-deupen-la-proclamation-du-prince-en-images-galerie-photos\/\"},\"author\":{\"name\":\"Julien\",\"@id\":\"https:\/\/vieassociative.be\/actualites\/#\/schema\/person\/b87ac4f82f9d4e7b7cec7395b679edc4\"},\"headline\":\"Samuel I. (Deneffe) Le nouveau souverain fou d&rsquo;Eupen : La proclamation du prince en images (galerie photos)\",\"datePublished\":\"2025-01-05T14:18:35+00:00\",\"dateModified\":\"2025-01-05T14:18:35+00:00\",\"mainEntityOfPage\":{\"@id\":\"https:\/\/vieassociative.be\/actualites\/samuel-i-deneffe-le-nouveau-souverain-fou-deupen-la-proclamation-du-prince-en-images-galerie-photos\/\"},\"wordCount\":338,\"publisher\":{\"@id\":\"https:\/\/vieassociative.be\/actualites\/#organization\"},\"image\":{\"@id\":\"https:\/\/vieassociative.be\/actualites\/samuel-i-deneffe-le-nouveau-souverain-fou-deupen-la-proclamation-du-prince-en-images-galerie-photos\/#primaryimage\"},\"thumbnailUrl\":\"https:\/\/vieassociative.be\/actualites\/wp-content\/uploads\/2025\/01\/1736086717_Samuel-I-Deneffe-Le-nouveau-souverain-fou-dEupen-La.jpg\",\"keywords\":[\"Deneffe\",\"dEupen\",\"fou\",\"galerie\",\"images\",\"nouveau\",\"Photos\",\"prince\",\"proclamation\",\"Samuel\",\"souverain\"],\"articleSection\":[\"Belgique\"],\"inLanguage\":\"fr-BE\"},{\"@type\":\"WebPage\",\"@id\":\"https:\/\/vieassociative.be\/actualites\/samuel-i-deneffe-le-nouveau-souverain-fou-deupen-la-proclamation-du-prince-en-images-galerie-photos\/\",\"url\":\"https:\/\/vieassociative.be\/actualites\/samuel-i-deneffe-le-nouveau-souverain-fou-deupen-la-proclamation-du-prince-en-images-galerie-photos\/\",\"name\":\"Samuel I. (Deneffe) Le nouveau souverain fou d'Eupen : La proclamation du prince en images (galerie photos) | Vie Associative\",\"isPartOf\":{\"@id\":\"https:\/\/vieassociative.be\/actualites\/#website\"},\"primaryImageOfPage\":{\"@id\":\"https:\/\/vieassociative.be\/actualites\/samuel-i-deneffe-le-nouveau-souverain-fou-deupen-la-proclamation-du-prince-en-images-galerie-photos\/#primaryimage\"},\"image\":{\"@id\":\"https:\/\/vieassociative.be\/actualites\/samuel-i-deneffe-le-nouveau-souverain-fou-deupen-la-proclamation-du-prince-en-images-galerie-photos\/#primaryimage\"},\"thumbnailUrl\":\"https:\/\/vieassociative.be\/actualites\/wp-content\/uploads\/2025\/01\/1736086717_Samuel-I-Deneffe-Le-nouveau-souverain-fou-dEupen-La.jpg\",\"datePublished\":\"2025-01-05T14:18:35+00:00\",\"dateModified\":\"2025-01-05T14:18:35+00:00\",\"breadcrumb\":{\"@id\":\"https:\/\/vieassociative.be\/actualites\/samuel-i-deneffe-le-nouveau-souverain-fou-deupen-la-proclamation-du-prince-en-images-galerie-photos\/#breadcrumb\"},\"inLanguage\":\"fr-BE\",\"potentialAction\":[{\"@type\":\"ReadAction\",\"target\":[\"https:\/\/vieassociative.be\/actualites\/samuel-i-deneffe-le-nouveau-souverain-fou-deupen-la-proclamation-du-prince-en-images-galerie-photos\/\"]}]},{\"@type\":\"ImageObject\",\"inLanguage\":\"fr-BE\",\"@id\":\"https:\/\/vieassociative.be\/actualites\/samuel-i-deneffe-le-nouveau-souverain-fou-deupen-la-proclamation-du-prince-en-images-galerie-photos\/#primaryimage\",\"url\":\"https:\/\/vieassociative.be\/actualites\/wp-content\/uploads\/2025\/01\/1736086717_Samuel-I-Deneffe-Le-nouveau-souverain-fou-dEupen-La.jpg\",\"contentUrl\":\"https:\/\/vieassociative.be\/actualites\/wp-content\/uploads\/2025\/01\/1736086717_Samuel-I-Deneffe-Le-nouveau-souverain-fou-dEupen-La.jpg\",\"width\":1200,\"height\":802,\"caption\":\"Samuel I. (Deneffe) Le nouveau souverain fou d'Eupen : La proclamation du prince en images (galerie photos)\"},{\"@type\":\"BreadcrumbList\",\"@id\":\"https:\/\/vieassociative.be\/actualites\/samuel-i-deneffe-le-nouveau-souverain-fou-deupen-la-proclamation-du-prince-en-images-galerie-photos\/#breadcrumb\",\"itemListElement\":[{\"@type\":\"ListItem\",\"position\":1,\"name\":\"Accueil\",\"item\":\"https:\/\/vieassociative.be\/actualites\/\"},{\"@type\":\"ListItem\",\"position\":2,\"name\":\"Samuel I. (Deneffe) Le nouveau souverain fou d&rsquo;Eupen : La proclamation du prince en images (galerie photos)\"}]},{\"@type\":\"WebSite\",\"@id\":\"https:\/\/vieassociative.be\/actualites\/#website\",\"url\":\"https:\/\/vieassociative.be\/actualites\/\",\"name\":\"Vie Associative\",\"description\":\"\",\"publisher\":{\"@id\":\"https:\/\/vieassociative.be\/actualites\/#organization\"},\"potentialAction\":[{\"@type\":\"SearchAction\",\"target\":{\"@type\":\"EntryPoint\",\"urlTemplate\":\"https:\/\/vieassociative.be\/actualites\/?s={search_term_string}\"},\"query-input\":{\"@type\":\"PropertyValueSpecification\",\"valueRequired\":true,\"valueName\":\"search_term_string\"}}],\"inLanguage\":\"fr-BE\"},{\"@type\":\"Organization\",\"@id\":\"https:\/\/vieassociative.be\/actualites\/#organization\",\"name\":\"Vie Associative\",\"url\":\"https:\/\/vieassociative.be\/actualites\/\",\"logo\":{\"@type\":\"ImageObject\",\"inLanguage\":\"fr-BE\",\"@id\":\"https:\/\/vieassociative.be\/actualites\/#\/schema\/logo\/image\/\",\"url\":\"https:\/\/vieassociative.be\/actualites\/wp-content\/uploads\/2024\/09\/cropped-vieassociative_favicon.ico.png\",\"contentUrl\":\"https:\/\/vieassociative.be\/actualites\/wp-content\/uploads\/2024\/09\/cropped-vieassociative_favicon.ico.png\",\"width\":512,\"height\":512,\"caption\":\"Vie Associative\"},\"image\":{\"@id\":\"https:\/\/vieassociative.be\/actualites\/#\/schema\/logo\/image\/\"}},{\"@type\":\"Person\",\"@id\":\"https:\/\/vieassociative.be\/actualites\/#\/schema\/person\/b87ac4f82f9d4e7b7cec7395b679edc4\",\"name\":\"Julien\",\"image\":{\"@type\":\"ImageObject\",\"inLanguage\":\"fr-BE\",\"@id\":\"https:\/\/vieassociative.be\/actualites\/#\/schema\/person\/image\/\",\"url\":\"https:\/\/vieassociative.be\/actualites\/wp-content\/uploads\/2024\/09\/vie-associative-1-150x150.jpg\",\"contentUrl\":\"https:\/\/vieassociative.be\/actualites\/wp-content\/uploads\/2024\/09\/vie-associative-1-150x150.jpg\",\"caption\":\"Julien\"},\"description\":\"Je suis Julien, r\u00e9dacteur pour Vie Associative. Passionn\u00e9 par le monde associatif depuis plus de 10 ans, j'ai \u00e0 c\u0153ur de partager des histoires inspirantes et de mettre en lumi\u00e8re les initiatives locales. Mon objectif est de sensibiliser et d'encourager l'engagement communautaire \u00e0 travers mes articles.\",\"sameAs\":[\"https:\/\/vieassociative.be\/\"]}]}<\/script>\n<!-- \/ Yoast SEO plugin. -->","yoast_head_json":{"title":"Samuel I. (Deneffe) Le nouveau souverain fou d'Eupen : La proclamation du prince en images (galerie photos) | Vie Associative","robots":{"index":"index","follow":"follow","max-snippet":"max-snippet:-1","max-image-preview":"max-image-preview:large","max-video-preview":"max-video-preview:-1"},"canonical":"https:\/\/vieassociative.be\/actualites\/samuel-i-deneffe-le-nouveau-souverain-fou-deupen-la-proclamation-du-prince-en-images-galerie-photos\/","og_locale":"fr_FR","og_type":"article","og_title":"Samuel I. (Deneffe) Le nouveau souverain fou d'Eupen : La proclamation du prince en images (galerie photos) | Vie Associative","og_description":"Eupen a un nouveau souverain fou : Samuel Ier (Deneffe) a \u00e9t\u00e9 proclam\u00e9 samedi soir prince du carnaval. Il succ\u00e8de \u00e0 Damien Ier (Warrimont). Le","og_url":"https:\/\/vieassociative.be\/actualites\/samuel-i-deneffe-le-nouveau-souverain-fou-deupen-la-proclamation-du-prince-en-images-galerie-photos\/","og_site_name":"Vie Associative","article_published_time":"2025-01-05T14:18:35+00:00","og_image":[{"width":279,"height":92,"url":"https:\/\/vieassociative.be\/actualites\/wp-content\/uploads\/2024\/09\/header_backgroundk-01-e1726694325946.png","type":"image\/png"}],"author":"Julien","twitter_card":"summary_large_image","twitter_misc":{"\u00c9crit par":"Julien","Dur\u00e9e de lecture est.":"2 minutes"},"schema":{"@context":"https:\/\/schema.org","@graph":[{"@type":"Article","@id":"https:\/\/vieassociative.be\/actualites\/samuel-i-deneffe-le-nouveau-souverain-fou-deupen-la-proclamation-du-prince-en-images-galerie-photos\/#article","isPartOf":{"@id":"https:\/\/vieassociative.be\/actualites\/samuel-i-deneffe-le-nouveau-souverain-fou-deupen-la-proclamation-du-prince-en-images-galerie-photos\/"},"author":{"name":"Julien","@id":"https:\/\/vieassociative.be\/actualites\/#\/schema\/person\/b87ac4f82f9d4e7b7cec7395b679edc4"},"headline":"Samuel I. (Deneffe) Le nouveau souverain fou d&rsquo;Eupen : La proclamation du prince en images (galerie photos)","datePublished":"2025-01-05T14:18:35+00:00","dateModified":"2025-01-05T14:18:35+00:00","mainEntityOfPage":{"@id":"https:\/\/vieassociative.be\/actualites\/samuel-i-deneffe-le-nouveau-souverain-fou-deupen-la-proclamation-du-prince-en-images-galerie-photos\/"},"wordCount":338,"publisher":{"@id":"https:\/\/vieassociative.be\/actualites\/#organization"},"image":{"@id":"https:\/\/vieassociative.be\/actualites\/samuel-i-deneffe-le-nouveau-souverain-fou-deupen-la-proclamation-du-prince-en-images-galerie-photos\/#primaryimage"},"thumbnailUrl":"https:\/\/vieassociative.be\/actualites\/wp-content\/uploads\/2025\/01\/1736086717_Samuel-I-Deneffe-Le-nouveau-souverain-fou-dEupen-La.jpg","keywords":["Deneffe","dEupen","fou","galerie","images","nouveau","Photos","prince","proclamation","Samuel","souverain"],"articleSection":["Belgique"],"inLanguage":"fr-BE"},{"@type":"WebPage","@id":"https:\/\/vieassociative.be\/actualites\/samuel-i-deneffe-le-nouveau-souverain-fou-deupen-la-proclamation-du-prince-en-images-galerie-photos\/","url":"https:\/\/vieassociative.be\/actualites\/samuel-i-deneffe-le-nouveau-souverain-fou-deupen-la-proclamation-du-prince-en-images-galerie-photos\/","name":"Samuel I. (Deneffe) Le nouveau souverain fou d'Eupen : La proclamation du prince en images (galerie photos) | Vie Associative","isPartOf":{"@id":"https:\/\/vieassociative.be\/actualites\/#website"},"primaryImageOfPage":{"@id":"https:\/\/vieassociative.be\/actualites\/samuel-i-deneffe-le-nouveau-souverain-fou-deupen-la-proclamation-du-prince-en-images-galerie-photos\/#primaryimage"},"image":{"@id":"https:\/\/vieassociative.be\/actualites\/samuel-i-deneffe-le-nouveau-souverain-fou-deupen-la-proclamation-du-prince-en-images-galerie-photos\/#primaryimage"},"thumbnailUrl":"https:\/\/vieassociative.be\/actualites\/wp-content\/uploads\/2025\/01\/1736086717_Samuel-I-Deneffe-Le-nouveau-souverain-fou-dEupen-La.jpg","datePublished":"2025-01-05T14:18:35+00:00","dateModified":"2025-01-05T14:18:35+00:00","breadcrumb":{"@id":"https:\/\/vieassociative.be\/actualites\/samuel-i-deneffe-le-nouveau-souverain-fou-deupen-la-proclamation-du-prince-en-images-galerie-photos\/#breadcrumb"},"inLanguage":"fr-BE","potentialAction":[{"@type":"ReadAction","target":["https:\/\/vieassociative.be\/actualites\/samuel-i-deneffe-le-nouveau-souverain-fou-deupen-la-proclamation-du-prince-en-images-galerie-photos\/"]}]},{"@type":"ImageObject","inLanguage":"fr-BE","@id":"https:\/\/vieassociative.be\/actualites\/samuel-i-deneffe-le-nouveau-souverain-fou-deupen-la-proclamation-du-prince-en-images-galerie-photos\/#primaryimage","url":"https:\/\/vieassociative.be\/actualites\/wp-content\/uploads\/2025\/01\/1736086717_Samuel-I-Deneffe-Le-nouveau-souverain-fou-dEupen-La.jpg","contentUrl":"https:\/\/vieassociative.be\/actualites\/wp-content\/uploads\/2025\/01\/1736086717_Samuel-I-Deneffe-Le-nouveau-souverain-fou-dEupen-La.jpg","width":1200,"height":802,"caption":"Samuel I. (Deneffe) Le nouveau souverain fou d'Eupen : La proclamation du prince en images (galerie photos)"},{"@type":"BreadcrumbList","@id":"https:\/\/vieassociative.be\/actualites\/samuel-i-deneffe-le-nouveau-souverain-fou-deupen-la-proclamation-du-prince-en-images-galerie-photos\/#breadcrumb","itemListElement":[{"@type":"ListItem","position":1,"name":"Accueil","item":"https:\/\/vieassociative.be\/actualites\/"},{"@type":"ListItem","position":2,"name":"Samuel I. (Deneffe) Le nouveau souverain fou d&rsquo;Eupen : La proclamation du prince en images (galerie photos)"}]},{"@type":"WebSite","@id":"https:\/\/vieassociative.be\/actualites\/#website","url":"https:\/\/vieassociative.be\/actualites\/","name":"Vie Associative","description":"","publisher":{"@id":"https:\/\/vieassociative.be\/actualites\/#organization"},"potentialAction":[{"@type":"SearchAction","target":{"@type":"EntryPoint","urlTemplate":"https:\/\/vieassociative.be\/actualites\/?s={search_term_string}"},"query-input":{"@type":"PropertyValueSpecification","valueRequired":true,"valueName":"search_term_string"}}],"inLanguage":"fr-BE"},{"@type":"Organization","@id":"https:\/\/vieassociative.be\/actualites\/#organization","name":"Vie Associative","url":"https:\/\/vieassociative.be\/actualites\/","logo":{"@type":"ImageObject","inLanguage":"fr-BE","@id":"https:\/\/vieassociative.be\/actualites\/#\/schema\/logo\/image\/","url":"https:\/\/vieassociative.be\/actualites\/wp-content\/uploads\/2024\/09\/cropped-vieassociative_favicon.ico.png","contentUrl":"https:\/\/vieassociative.be\/actualites\/wp-content\/uploads\/2024\/09\/cropped-vieassociative_favicon.ico.png","width":512,"height":512,"caption":"Vie Associative"},"image":{"@id":"https:\/\/vieassociative.be\/actualites\/#\/schema\/logo\/image\/"}},{"@type":"Person","@id":"https:\/\/vieassociative.be\/actualites\/#\/schema\/person\/b87ac4f82f9d4e7b7cec7395b679edc4","name":"Julien","image":{"@type":"ImageObject","inLanguage":"fr-BE","@id":"https:\/\/vieassociative.be\/actualites\/#\/schema\/person\/image\/","url":"https:\/\/vieassociative.be\/actualites\/wp-content\/uploads\/2024\/09\/vie-associative-1-150x150.jpg","contentUrl":"https:\/\/vieassociative.be\/actualites\/wp-content\/uploads\/2024\/09\/vie-associative-1-150x150.jpg","caption":"Julien"},"description":"Je suis Julien, r\u00e9dacteur pour Vie Associative. Passionn\u00e9 par le monde associatif depuis plus de 10 ans, j'ai \u00e0 c\u0153ur de partager des histoires inspirantes et de mettre en lumi\u00e8re les initiatives locales. Mon objectif est de sensibiliser et d'encourager l'engagement communautaire \u00e0 travers mes articles.","sameAs":["https:\/\/vieassociative.be\/"]}]}},"_links":{"self":[{"href":"https:\/\/vieassociative.be\/actualites\/wp-json\/wp\/v2\/posts\/4073"}],"collection":[{"href":"https:\/\/vieassociative.be\/actualites\/wp-json\/wp\/v2\/posts"}],"about":[{"href":"https:\/\/vieassociative.be\/actualites\/wp-json\/wp\/v2\/types\/post"}],"author":[{"embeddable":true,"href":"https:\/\/vieassociative.be\/actualites\/wp-json\/wp\/v2\/users\/1"}],"replies":[{"embeddable":true,"href":"https:\/\/vieassociative.be\/actualites\/wp-json\/wp\/v2\/comments?post=4073"}],"version-history":[{"count":0,"href":"https:\/\/vieassociative.be\/actualites\/wp-json\/wp\/v2\/posts\/4073\/revisions"}],"wp:featuredmedia":[{"embeddable":true,"href":"https:\/\/vieassociative.be\/actualites\/wp-json\/wp\/v2\/media\/4074"}],"wp:attachment":[{"href":"https:\/\/vieassociative.be\/actualites\/wp-json\/wp\/v2\/media?parent=4073"}],"wp:term":[{"taxonomy":"category","embeddable":true,"href":"https:\/\/vieassociative.be\/actualites\/wp-json\/wp\/v2\/categories?post=4073"},{"taxonomy":"post_tag","embeddable":true,"href":"https:\/\/vieassociative.be\/actualites\/wp-json\/wp\/v2\/tags?post=4073"}],"curies":[{"name":"wp","href":"https:\/\/api.w.org\/{rel}","templated":true}]}}