{"id":4071,"date":"2025-01-05T14:17:33","date_gmt":"2025-01-05T13:17:33","guid":{"rendered":"https:\/\/vieassociative.be\/actualites\/empechez-votre-iphone-de-partager-les-donnees-de-vos-photos-avec-apple\/"},"modified":"2025-01-05T14:17:33","modified_gmt":"2025-01-05T13:17:33","slug":"empechez-votre-iphone-de-partager-les-donnees-de-vos-photos-avec-apple","status":"publish","type":"post","link":"https:\/\/vieassociative.be\/actualites\/empechez-votre-iphone-de-partager-les-donnees-de-vos-photos-avec-apple\/","title":{"rendered":"Emp\u00eachez votre iPhone de partager les donn\u00e9es de vos photos avec Apple"},"content":{"rendered":"<div class=\"mt-4 leading-6 md:mb-8\">\u00c0 quoi sert le param\u00e8tre \u00ab\u00a0Recherche visuelle am\u00e9lior\u00e9e\u00a0\u00bb sur votre iPhone\u00a0?<\/div>\n<p><\/p>\n<p>Lorsque vous pensez \u00e0 la confidentialit\u00e9 des donn\u00e9es sur l&rsquo;iPhone, l&rsquo;accent est g\u00e9n\u00e9ralement mis sur les soci\u00e9t\u00e9s de suivi des publicit\u00e9s et autres tiers qui pourraient siphonner vos informations personnelles \u00e0 votre insu. Malheureusement, il est temps de commencer \u00e0 pr\u00eater attention aux donn\u00e9es collect\u00e9es par Apple. Bien qu&rsquo;Apple ait continuellement r\u00e9p\u00e9t\u00e9 son engagement en mati\u00e8re de confidentialit\u00e9, la soci\u00e9t\u00e9 n&rsquo;a pas toujours tenu ses promesses. Lors d&rsquo;un d\u00e9veloppement r\u00e9cent, le d\u00e9veloppeur d&rsquo;applications ind\u00e9pendantes Jeff Johnson a remarqu\u00e9 qu&rsquo;une fonctionnalit\u00e9 Photos appel\u00e9e Enhanced Visual Search est activ\u00e9e par d\u00e9faut et partage les donn\u00e9es des photos avec Apple en arri\u00e8re-plan.<\/p>\n<h2 id=\"what-is-enhanced-visual-search\">Qu\u2019est-ce que la recherche visuelle am\u00e9lior\u00e9e\u00a0?<\/h2>\n<p>Dans iOS 18.1 et macOS 15.1, Apple a introduit la recherche visuelle am\u00e9lior\u00e9e pour vous permettre de \u00ab faire correspondre en priv\u00e9 les lieux de vos photos avec un index global g\u00e9r\u00e9 par Apple \u00bb. Selon Apple, cela vous permet d&rsquo;utiliser la recherche dans l&rsquo;application Photos pour rechercher des monuments et des points d&rsquo;int\u00e9r\u00eat, ce qui facilite la localisation d&rsquo;images sp\u00e9cifiques. Cette fonctionnalit\u00e9 est similaire \u00e0 Visual Look Up, qui vous permet d&rsquo;identifier les plantes et les animaux \u00e0 l&rsquo;aide de votre iPhone. <\/p>\n<p>La recherche visuelle am\u00e9lior\u00e9e est certainement utile, mais son activation par d\u00e9faut soul\u00e8ve des inqui\u00e9tudes. M\u00eame si Apple affirme que sa mise en \u0153uvre fait correspondre en priv\u00e9 vos photos avec sa base de donn\u00e9es, je pr\u00e9f\u00e8re m&rsquo;inscrire avant de recevoir mes donn\u00e9es.<\/p>\n<h2 id=\"how-to-disable-enhanced-visual-search-on-iphone-mac\">Comment d\u00e9sactiver la recherche visuelle am\u00e9lior\u00e9e sur iPhone, Mac<\/h2>\n<div class=\"eloquent-imagery-image\">\n<div class=\"flex justify-center\">\n                    <img decoding=\"async\" class=\"border border-gray-100\" src=\"https:\/\/vieassociative.be\/actualites\/wp-content\/uploads\/2025\/01\/Empechez-votre-iPhone-de-partager-les-donnees-de-vos-photos.jpg\" alt=\"Recherche visuelle am\u00e9lior\u00e9e dans une page Param\u00e8tres de l'application Photos sur un Mac.\" width=\"2000\" height=\"1973\" loading=\"lazy\"  >\n            <\/div>\n<\/p><\/div>\n<p>Si comme moi vous n\u2019\u00eates pas \u00e0 l\u2019aise avec cette nouvelle fonctionnalit\u00e9, vous pouvez la d\u00e9sactiver assez facilement. Sur votre iPhone, acc\u00e9dez \u00e0 <strong>Param\u00e8tres > Applications > Photos<\/strong> et faites d\u00e9filer vers le bas de la page. Vous pouvez d\u00e9sactiver <strong>Recherche visuelle am\u00e9lior\u00e9e<\/strong> ici. Sur votre Mac, ouvrez l&rsquo;application Photos et cliquez sur le bouton <strong>Photos<\/strong> bouton dans la barre de menu en haut. Aller \u00e0 <strong>Param\u00e8tres > G\u00e9n\u00e9ral<\/strong> d\u00e9sactiver <strong>Recherche visuelle am\u00e9lior\u00e9e<\/strong>.<\/p>\n<p>Dans le m\u00eame ordre d&rsquo;id\u00e9es, iOS 18 vous permet \u00e9galement de supprimer automatiquement les donn\u00e9es de localisation des photos lorsque vous les partagez avec d&rsquo;autres, ce qui contribuera \u00e0 s\u00e9curiser davantage votre confidentialit\u00e9.<\/p>\n","protected":false},"excerpt":{"rendered":"<p>\u00c0 quoi sert le param\u00e8tre \u00ab\u00a0Recherche visuelle am\u00e9lior\u00e9e\u00a0\u00bb sur votre iPhone\u00a0? Lorsque vous pensez \u00e0 la confidentialit\u00e9 des donn\u00e9es sur l&rsquo;iPhone, l&rsquo;accent est g\u00e9n\u00e9ralement mis<\/p>\n","protected":false},"author":1,"featured_media":4072,"comment_status":"","ping_status":"","sticky":false,"template":"","format":"standard","meta":{"footnotes":""},"categories":[13],"tags":[54,61,154,1500,652,14,2070,283,27,8],"class_list":["post-4071","post","type-post","status-publish","format-standard","has-post-thumbnail","hentry","category-technologie","tag-apple","tag-avec","tag-donnees","tag-empechez","tag-iphone","tag-les","tag-partager","tag-photos","tag-vos","tag-votre","generate-columns","tablet-grid-50","mobile-grid-100","grid-parent","grid-33"],"yoast_head":"<!-- This site is optimized with the Yoast SEO plugin v24.0 - https:\/\/yoast.com\/wordpress\/plugins\/seo\/ -->\n<title>Emp\u00eachez votre iPhone de partager les donn\u00e9es de vos photos avec Apple | Vie Associative<\/title>\n<meta name=\"robots\" content=\"index, follow, max-snippet:-1, max-image-preview:large, max-video-preview:-1\" \/>\n<link rel=\"canonical\" href=\"https:\/\/vieassociative.be\/actualites\/empechez-votre-iphone-de-partager-les-donnees-de-vos-photos-avec-apple\/\" \/>\n<meta property=\"og:locale\" content=\"fr_FR\" \/>\n<meta property=\"og:type\" content=\"article\" \/>\n<meta property=\"og:title\" content=\"Emp\u00eachez votre iPhone de partager les donn\u00e9es de vos photos avec Apple | Vie Associative\" \/>\n<meta property=\"og:description\" content=\"\u00c0 quoi sert le param\u00e8tre \u00ab\u00a0Recherche visuelle am\u00e9lior\u00e9e\u00a0\u00bb sur votre iPhone\u00a0? Lorsque vous pensez \u00e0 la confidentialit\u00e9 des donn\u00e9es sur l&rsquo;iPhone, l&rsquo;accent est g\u00e9n\u00e9ralement mis\" \/>\n<meta property=\"og:url\" content=\"https:\/\/vieassociative.be\/actualites\/empechez-votre-iphone-de-partager-les-donnees-de-vos-photos-avec-apple\/\" \/>\n<meta property=\"og:site_name\" content=\"Vie Associative\" \/>\n<meta property=\"article:published_time\" content=\"2025-01-05T13:17:33+00:00\" \/>\n<meta property=\"og:image\" content=\"https:\/\/vieassociative.be\/actualites\/wp-content\/uploads\/2025\/01\/Empechez-votre-iPhone-de-partager-les-donnees-de-vos-photos.jpg\" \/>\n<meta name=\"author\" content=\"Julien\" \/>\n<meta name=\"twitter:card\" content=\"summary_large_image\" \/>\n<meta name=\"twitter:label1\" content=\"\u00c9crit par\" \/>\n\t<meta name=\"twitter:data1\" content=\"Julien\" \/>\n\t<meta name=\"twitter:label2\" content=\"Dur\u00e9e de lecture est.\" \/>\n\t<meta name=\"twitter:data2\" content=\"2 minutes\" \/>\n<script type=\"application\/ld+json\" class=\"yoast-schema-graph\">{\"@context\":\"https:\/\/schema.org\",\"@graph\":[{\"@type\":\"Article\",\"@id\":\"https:\/\/vieassociative.be\/actualites\/empechez-votre-iphone-de-partager-les-donnees-de-vos-photos-avec-apple\/#article\",\"isPartOf\":{\"@id\":\"https:\/\/vieassociative.be\/actualites\/empechez-votre-iphone-de-partager-les-donnees-de-vos-photos-avec-apple\/\"},\"author\":{\"name\":\"Julien\",\"@id\":\"https:\/\/vieassociative.be\/actualites\/#\/schema\/person\/b87ac4f82f9d4e7b7cec7395b679edc4\"},\"headline\":\"Emp\u00eachez votre iPhone de partager les donn\u00e9es de vos photos avec Apple\",\"datePublished\":\"2025-01-05T13:17:33+00:00\",\"dateModified\":\"2025-01-05T13:17:33+00:00\",\"mainEntityOfPage\":{\"@id\":\"https:\/\/vieassociative.be\/actualites\/empechez-votre-iphone-de-partager-les-donnees-de-vos-photos-avec-apple\/\"},\"wordCount\":436,\"publisher\":{\"@id\":\"https:\/\/vieassociative.be\/actualites\/#organization\"},\"image\":{\"@id\":\"https:\/\/vieassociative.be\/actualites\/empechez-votre-iphone-de-partager-les-donnees-de-vos-photos-avec-apple\/#primaryimage\"},\"thumbnailUrl\":\"https:\/\/vieassociative.be\/actualites\/wp-content\/uploads\/2025\/01\/1736083053_Empechez-votre-iPhone-de-partager-les-donnees-de-vos-photos.jpg\",\"keywords\":[\"Apple\",\"avec\",\"donn\u00e9es\",\"Emp\u00eachez\",\"iPhone\",\"Les\",\"partager\",\"Photos\",\"vos\",\"votre\"],\"articleSection\":[\"Technologie\"],\"inLanguage\":\"fr-BE\"},{\"@type\":\"WebPage\",\"@id\":\"https:\/\/vieassociative.be\/actualites\/empechez-votre-iphone-de-partager-les-donnees-de-vos-photos-avec-apple\/\",\"url\":\"https:\/\/vieassociative.be\/actualites\/empechez-votre-iphone-de-partager-les-donnees-de-vos-photos-avec-apple\/\",\"name\":\"Emp\u00eachez votre iPhone de partager les donn\u00e9es de vos photos avec Apple | Vie Associative\",\"isPartOf\":{\"@id\":\"https:\/\/vieassociative.be\/actualites\/#website\"},\"primaryImageOfPage\":{\"@id\":\"https:\/\/vieassociative.be\/actualites\/empechez-votre-iphone-de-partager-les-donnees-de-vos-photos-avec-apple\/#primaryimage\"},\"image\":{\"@id\":\"https:\/\/vieassociative.be\/actualites\/empechez-votre-iphone-de-partager-les-donnees-de-vos-photos-avec-apple\/#primaryimage\"},\"thumbnailUrl\":\"https:\/\/vieassociative.be\/actualites\/wp-content\/uploads\/2025\/01\/1736083053_Empechez-votre-iPhone-de-partager-les-donnees-de-vos-photos.jpg\",\"datePublished\":\"2025-01-05T13:17:33+00:00\",\"dateModified\":\"2025-01-05T13:17:33+00:00\",\"breadcrumb\":{\"@id\":\"https:\/\/vieassociative.be\/actualites\/empechez-votre-iphone-de-partager-les-donnees-de-vos-photos-avec-apple\/#breadcrumb\"},\"inLanguage\":\"fr-BE\",\"potentialAction\":[{\"@type\":\"ReadAction\",\"target\":[\"https:\/\/vieassociative.be\/actualites\/empechez-votre-iphone-de-partager-les-donnees-de-vos-photos-avec-apple\/\"]}]},{\"@type\":\"ImageObject\",\"inLanguage\":\"fr-BE\",\"@id\":\"https:\/\/vieassociative.be\/actualites\/empechez-votre-iphone-de-partager-les-donnees-de-vos-photos-avec-apple\/#primaryimage\",\"url\":\"https:\/\/vieassociative.be\/actualites\/wp-content\/uploads\/2025\/01\/1736083053_Empechez-votre-iPhone-de-partager-les-donnees-de-vos-photos.jpg\",\"contentUrl\":\"https:\/\/vieassociative.be\/actualites\/wp-content\/uploads\/2025\/01\/1736083053_Empechez-votre-iPhone-de-partager-les-donnees-de-vos-photos.jpg\",\"width\":1200,\"height\":675,\"caption\":\"Emp\u00eachez votre iPhone de partager les donn\u00e9es de vos photos avec Apple\"},{\"@type\":\"BreadcrumbList\",\"@id\":\"https:\/\/vieassociative.be\/actualites\/empechez-votre-iphone-de-partager-les-donnees-de-vos-photos-avec-apple\/#breadcrumb\",\"itemListElement\":[{\"@type\":\"ListItem\",\"position\":1,\"name\":\"Accueil\",\"item\":\"https:\/\/vieassociative.be\/actualites\/\"},{\"@type\":\"ListItem\",\"position\":2,\"name\":\"Emp\u00eachez votre iPhone de partager les donn\u00e9es de vos photos avec Apple\"}]},{\"@type\":\"WebSite\",\"@id\":\"https:\/\/vieassociative.be\/actualites\/#website\",\"url\":\"https:\/\/vieassociative.be\/actualites\/\",\"name\":\"Vie Associative\",\"description\":\"\",\"publisher\":{\"@id\":\"https:\/\/vieassociative.be\/actualites\/#organization\"},\"potentialAction\":[{\"@type\":\"SearchAction\",\"target\":{\"@type\":\"EntryPoint\",\"urlTemplate\":\"https:\/\/vieassociative.be\/actualites\/?s={search_term_string}\"},\"query-input\":{\"@type\":\"PropertyValueSpecification\",\"valueRequired\":true,\"valueName\":\"search_term_string\"}}],\"inLanguage\":\"fr-BE\"},{\"@type\":\"Organization\",\"@id\":\"https:\/\/vieassociative.be\/actualites\/#organization\",\"name\":\"Vie Associative\",\"url\":\"https:\/\/vieassociative.be\/actualites\/\",\"logo\":{\"@type\":\"ImageObject\",\"inLanguage\":\"fr-BE\",\"@id\":\"https:\/\/vieassociative.be\/actualites\/#\/schema\/logo\/image\/\",\"url\":\"https:\/\/vieassociative.be\/actualites\/wp-content\/uploads\/2024\/09\/cropped-vieassociative_favicon.ico.png\",\"contentUrl\":\"https:\/\/vieassociative.be\/actualites\/wp-content\/uploads\/2024\/09\/cropped-vieassociative_favicon.ico.png\",\"width\":512,\"height\":512,\"caption\":\"Vie Associative\"},\"image\":{\"@id\":\"https:\/\/vieassociative.be\/actualites\/#\/schema\/logo\/image\/\"}},{\"@type\":\"Person\",\"@id\":\"https:\/\/vieassociative.be\/actualites\/#\/schema\/person\/b87ac4f82f9d4e7b7cec7395b679edc4\",\"name\":\"Julien\",\"image\":{\"@type\":\"ImageObject\",\"inLanguage\":\"fr-BE\",\"@id\":\"https:\/\/vieassociative.be\/actualites\/#\/schema\/person\/image\/\",\"url\":\"https:\/\/vieassociative.be\/actualites\/wp-content\/uploads\/2024\/09\/vie-associative-1-150x150.jpg\",\"contentUrl\":\"https:\/\/vieassociative.be\/actualites\/wp-content\/uploads\/2024\/09\/vie-associative-1-150x150.jpg\",\"caption\":\"Julien\"},\"description\":\"Je suis Julien, r\u00e9dacteur pour Vie Associative. Passionn\u00e9 par le monde associatif depuis plus de 10 ans, j'ai \u00e0 c\u0153ur de partager des histoires inspirantes et de mettre en lumi\u00e8re les initiatives locales. Mon objectif est de sensibiliser et d'encourager l'engagement communautaire \u00e0 travers mes articles.\",\"sameAs\":[\"https:\/\/vieassociative.be\/\"]}]}<\/script>\n<!-- \/ Yoast SEO plugin. -->","yoast_head_json":{"title":"Emp\u00eachez votre iPhone de partager les donn\u00e9es de vos photos avec Apple | Vie Associative","robots":{"index":"index","follow":"follow","max-snippet":"max-snippet:-1","max-image-preview":"max-image-preview:large","max-video-preview":"max-video-preview:-1"},"canonical":"https:\/\/vieassociative.be\/actualites\/empechez-votre-iphone-de-partager-les-donnees-de-vos-photos-avec-apple\/","og_locale":"fr_FR","og_type":"article","og_title":"Emp\u00eachez votre iPhone de partager les donn\u00e9es de vos photos avec Apple | Vie Associative","og_description":"\u00c0 quoi sert le param\u00e8tre \u00ab\u00a0Recherche visuelle am\u00e9lior\u00e9e\u00a0\u00bb sur votre iPhone\u00a0? Lorsque vous pensez \u00e0 la confidentialit\u00e9 des donn\u00e9es sur l&rsquo;iPhone, l&rsquo;accent est g\u00e9n\u00e9ralement mis","og_url":"https:\/\/vieassociative.be\/actualites\/empechez-votre-iphone-de-partager-les-donnees-de-vos-photos-avec-apple\/","og_site_name":"Vie Associative","article_published_time":"2025-01-05T13:17:33+00:00","og_image":[{"url":"https:\/\/vieassociative.be\/actualites\/wp-content\/uploads\/2025\/01\/Empechez-votre-iPhone-de-partager-les-donnees-de-vos-photos.jpg","type":"","width":"","height":""}],"author":"Julien","twitter_card":"summary_large_image","twitter_misc":{"\u00c9crit par":"Julien","Dur\u00e9e de lecture est.":"2 minutes"},"schema":{"@context":"https:\/\/schema.org","@graph":[{"@type":"Article","@id":"https:\/\/vieassociative.be\/actualites\/empechez-votre-iphone-de-partager-les-donnees-de-vos-photos-avec-apple\/#article","isPartOf":{"@id":"https:\/\/vieassociative.be\/actualites\/empechez-votre-iphone-de-partager-les-donnees-de-vos-photos-avec-apple\/"},"author":{"name":"Julien","@id":"https:\/\/vieassociative.be\/actualites\/#\/schema\/person\/b87ac4f82f9d4e7b7cec7395b679edc4"},"headline":"Emp\u00eachez votre iPhone de partager les donn\u00e9es de vos photos avec Apple","datePublished":"2025-01-05T13:17:33+00:00","dateModified":"2025-01-05T13:17:33+00:00","mainEntityOfPage":{"@id":"https:\/\/vieassociative.be\/actualites\/empechez-votre-iphone-de-partager-les-donnees-de-vos-photos-avec-apple\/"},"wordCount":436,"publisher":{"@id":"https:\/\/vieassociative.be\/actualites\/#organization"},"image":{"@id":"https:\/\/vieassociative.be\/actualites\/empechez-votre-iphone-de-partager-les-donnees-de-vos-photos-avec-apple\/#primaryimage"},"thumbnailUrl":"https:\/\/vieassociative.be\/actualites\/wp-content\/uploads\/2025\/01\/1736083053_Empechez-votre-iPhone-de-partager-les-donnees-de-vos-photos.jpg","keywords":["Apple","avec","donn\u00e9es","Emp\u00eachez","iPhone","Les","partager","Photos","vos","votre"],"articleSection":["Technologie"],"inLanguage":"fr-BE"},{"@type":"WebPage","@id":"https:\/\/vieassociative.be\/actualites\/empechez-votre-iphone-de-partager-les-donnees-de-vos-photos-avec-apple\/","url":"https:\/\/vieassociative.be\/actualites\/empechez-votre-iphone-de-partager-les-donnees-de-vos-photos-avec-apple\/","name":"Emp\u00eachez votre iPhone de partager les donn\u00e9es de vos photos avec Apple | Vie Associative","isPartOf":{"@id":"https:\/\/vieassociative.be\/actualites\/#website"},"primaryImageOfPage":{"@id":"https:\/\/vieassociative.be\/actualites\/empechez-votre-iphone-de-partager-les-donnees-de-vos-photos-avec-apple\/#primaryimage"},"image":{"@id":"https:\/\/vieassociative.be\/actualites\/empechez-votre-iphone-de-partager-les-donnees-de-vos-photos-avec-apple\/#primaryimage"},"thumbnailUrl":"https:\/\/vieassociative.be\/actualites\/wp-content\/uploads\/2025\/01\/1736083053_Empechez-votre-iPhone-de-partager-les-donnees-de-vos-photos.jpg","datePublished":"2025-01-05T13:17:33+00:00","dateModified":"2025-01-05T13:17:33+00:00","breadcrumb":{"@id":"https:\/\/vieassociative.be\/actualites\/empechez-votre-iphone-de-partager-les-donnees-de-vos-photos-avec-apple\/#breadcrumb"},"inLanguage":"fr-BE","potentialAction":[{"@type":"ReadAction","target":["https:\/\/vieassociative.be\/actualites\/empechez-votre-iphone-de-partager-les-donnees-de-vos-photos-avec-apple\/"]}]},{"@type":"ImageObject","inLanguage":"fr-BE","@id":"https:\/\/vieassociative.be\/actualites\/empechez-votre-iphone-de-partager-les-donnees-de-vos-photos-avec-apple\/#primaryimage","url":"https:\/\/vieassociative.be\/actualites\/wp-content\/uploads\/2025\/01\/1736083053_Empechez-votre-iPhone-de-partager-les-donnees-de-vos-photos.jpg","contentUrl":"https:\/\/vieassociative.be\/actualites\/wp-content\/uploads\/2025\/01\/1736083053_Empechez-votre-iPhone-de-partager-les-donnees-de-vos-photos.jpg","width":1200,"height":675,"caption":"Emp\u00eachez votre iPhone de partager les donn\u00e9es de vos photos avec Apple"},{"@type":"BreadcrumbList","@id":"https:\/\/vieassociative.be\/actualites\/empechez-votre-iphone-de-partager-les-donnees-de-vos-photos-avec-apple\/#breadcrumb","itemListElement":[{"@type":"ListItem","position":1,"name":"Accueil","item":"https:\/\/vieassociative.be\/actualites\/"},{"@type":"ListItem","position":2,"name":"Emp\u00eachez votre iPhone de partager les donn\u00e9es de vos photos avec Apple"}]},{"@type":"WebSite","@id":"https:\/\/vieassociative.be\/actualites\/#website","url":"https:\/\/vieassociative.be\/actualites\/","name":"Vie Associative","description":"","publisher":{"@id":"https:\/\/vieassociative.be\/actualites\/#organization"},"potentialAction":[{"@type":"SearchAction","target":{"@type":"EntryPoint","urlTemplate":"https:\/\/vieassociative.be\/actualites\/?s={search_term_string}"},"query-input":{"@type":"PropertyValueSpecification","valueRequired":true,"valueName":"search_term_string"}}],"inLanguage":"fr-BE"},{"@type":"Organization","@id":"https:\/\/vieassociative.be\/actualites\/#organization","name":"Vie Associative","url":"https:\/\/vieassociative.be\/actualites\/","logo":{"@type":"ImageObject","inLanguage":"fr-BE","@id":"https:\/\/vieassociative.be\/actualites\/#\/schema\/logo\/image\/","url":"https:\/\/vieassociative.be\/actualites\/wp-content\/uploads\/2024\/09\/cropped-vieassociative_favicon.ico.png","contentUrl":"https:\/\/vieassociative.be\/actualites\/wp-content\/uploads\/2024\/09\/cropped-vieassociative_favicon.ico.png","width":512,"height":512,"caption":"Vie Associative"},"image":{"@id":"https:\/\/vieassociative.be\/actualites\/#\/schema\/logo\/image\/"}},{"@type":"Person","@id":"https:\/\/vieassociative.be\/actualites\/#\/schema\/person\/b87ac4f82f9d4e7b7cec7395b679edc4","name":"Julien","image":{"@type":"ImageObject","inLanguage":"fr-BE","@id":"https:\/\/vieassociative.be\/actualites\/#\/schema\/person\/image\/","url":"https:\/\/vieassociative.be\/actualites\/wp-content\/uploads\/2024\/09\/vie-associative-1-150x150.jpg","contentUrl":"https:\/\/vieassociative.be\/actualites\/wp-content\/uploads\/2024\/09\/vie-associative-1-150x150.jpg","caption":"Julien"},"description":"Je suis Julien, r\u00e9dacteur pour Vie Associative. Passionn\u00e9 par le monde associatif depuis plus de 10 ans, j'ai \u00e0 c\u0153ur de partager des histoires inspirantes et de mettre en lumi\u00e8re les initiatives locales. Mon objectif est de sensibiliser et d'encourager l'engagement communautaire \u00e0 travers mes articles.","sameAs":["https:\/\/vieassociative.be\/"]}]}},"_links":{"self":[{"href":"https:\/\/vieassociative.be\/actualites\/wp-json\/wp\/v2\/posts\/4071"}],"collection":[{"href":"https:\/\/vieassociative.be\/actualites\/wp-json\/wp\/v2\/posts"}],"about":[{"href":"https:\/\/vieassociative.be\/actualites\/wp-json\/wp\/v2\/types\/post"}],"author":[{"embeddable":true,"href":"https:\/\/vieassociative.be\/actualites\/wp-json\/wp\/v2\/users\/1"}],"replies":[{"embeddable":true,"href":"https:\/\/vieassociative.be\/actualites\/wp-json\/wp\/v2\/comments?post=4071"}],"version-history":[{"count":0,"href":"https:\/\/vieassociative.be\/actualites\/wp-json\/wp\/v2\/posts\/4071\/revisions"}],"wp:featuredmedia":[{"embeddable":true,"href":"https:\/\/vieassociative.be\/actualites\/wp-json\/wp\/v2\/media\/4072"}],"wp:attachment":[{"href":"https:\/\/vieassociative.be\/actualites\/wp-json\/wp\/v2\/media?parent=4071"}],"wp:term":[{"taxonomy":"category","embeddable":true,"href":"https:\/\/vieassociative.be\/actualites\/wp-json\/wp\/v2\/categories?post=4071"},{"taxonomy":"post_tag","embeddable":true,"href":"https:\/\/vieassociative.be\/actualites\/wp-json\/wp\/v2\/tags?post=4071"}],"curies":[{"name":"wp","href":"https:\/\/api.w.org\/{rel}","templated":true}]}}