{"id":4069,"date":"2025-01-05T12:18:09","date_gmt":"2025-01-05T11:18:09","guid":{"rendered":"https:\/\/vieassociative.be\/actualites\/comment-amener-votre-tout-petit-tetu-dans-son-siege-dauto\/"},"modified":"2025-01-05T12:18:09","modified_gmt":"2025-01-05T11:18:09","slug":"comment-amener-votre-tout-petit-tetu-dans-son-siege-dauto","status":"publish","type":"post","link":"https:\/\/vieassociative.be\/actualites\/comment-amener-votre-tout-petit-tetu-dans-son-siege-dauto\/","title":{"rendered":"Comment amener votre tout-petit t\u00eatu dans son si\u00e8ge d&rsquo;auto"},"content":{"rendered":"<div class=\"mt-4 leading-6 md:mb-8\">Laissez-moi vous proposer neuf strat\u00e9gies diff\u00e9rentes, car vous en aurez presque certainement toutes besoin.<\/div>\n<p><\/p>\n<p>Vous avez d\u00e9j\u00e0 achet\u00e9 des sous-v\u00eatements, des pantalons et une chemise pour votre tout-petit qui pr\u00e9f\u00e8re vraiment vivre la vie dans le chamois. Ils ont accept\u00e9 \u00e0 contrec\u0153ur les chaussettes et les chaussures, et vous avez r\u00e9ussi \u00e0 leur brosser les dents pendant les huit secondes requises, ce qui est consid\u00e9r\u00e9 comme minutieux pour le groupe d&rsquo;\u00e2ge. Et maintenant, vous devez installer la cr\u00e9ature la plus anticonformiste connue de l\u2019homme dans son si\u00e8ge auto.<\/p>\n<p>Ce n\u2019est un secret pour personne, les petites personnes \u00e2g\u00e9es de 2 \u00e0 3 ans sont t\u00eatues. Et lorsque vous essayez de les asseoir dans un si\u00e8ge \u2013 avec des boucles obligatoires \u2013 leur d\u00e9fi peut monter en fl\u00e8che. Voici quelques conseils pour les attacher sans (autant) se battre. <\/p>\n<h2 id=\"make-them-think-its-their-idea\">Faites-leur croire que c&rsquo;est leur id\u00e9e<\/h2>\n<p>Plut\u00f4t que <em>r\u00e9v\u00e9lateur<\/em> leur encore une autre chose qu&rsquo;ils doivent faire, donnez-leur la chance de vous le dire. Faites l&rsquo;idiot et faites comme si vous ne savez pas ce qui va suivre dans la routine matinale. \u00ab\u00a0OK, nous avons mis des v\u00eatements, pris le petit-d\u00e9jeuner, nous sommes bross\u00e9 les dents&#8230; que faisons-nous ensuite ?\u00a0\u00bb Cela perturbera probablement le jeu d\u2019un tout-petit et suscitera son int\u00e9r\u00eat. Poursuivez en disant : \u00ab Est-ce qu&rsquo;on va courir dans le quartier ? Oh attends, je sais, c&rsquo;est l&rsquo;heure de la sieste\u00a0!\u00a0\u00bb Des suggestions idiotes peuvent les faire rire et d\u00e9clencher leur envie de vous corriger en disant : \u00ab Non, nous allons au <em>voiture<\/em>.\u00bb <\/p>\n<p>(Les r\u00e9sultats peuvent varier. Ils peuvent simplement vous jouer \u00e0 votre propre jeu et dire : \u00ab Maintenant, nous faisons caca. \u00bb Dans ce cas, passez \u00e0 la deuxi\u00e8me \u00e9tape.)<\/p>\n<h2 id=\"make-it-a-game\">Faites-en un jeu<\/h2>\n<p>Autant que vous puissiez le penser, <em>Je ne veux pas en faire un jeu, je veux juste qu&rsquo;ils le FONT<\/em>tout ce qui est amusant rend le tout-petit moins r\u00e9sistant. Dire : \u00ab Je pense que je peux y arriver plus vite que toi ! \u00bb peut enflammer leur sens du jeu et leur donner la satisfaction de crier\u00a0: \u00ab\u00a0Je gagne\u00a0!\u00a0\u00bb Mettre un jouet sp\u00e9cial dans la voiture la veille et leur demander de deviner de quoi il s&rsquo;agit peut rapidement les inciter \u00e0 entrer dans le v\u00e9hicule pour d\u00e9couvrir la surprise.<\/p>\n<p>  (D&rsquo;autres moyens de susciter l&rsquo;enthousiasme incluent : \u00e9couter leur musique pr\u00e9f\u00e9r\u00e9e, jouer \u00e0 I Spy, compter les autobus scolaires ou une \u00ab\u00a0chasse aux camions avec tondeuse \u00e0 gazon\u00a0\u00bb o\u00f9 vous faites de votre mieux pour trouver un camion d&rsquo;am\u00e9nagement paysager &#8211; ou tout ce qui les obs\u00e8de actuellement &#8211; et arr\u00eatez-vous pour regarder pendant une minute.)<\/p>\n<h2 id=\"give-them-choices\">Donnez-leur des choix<\/h2>\n<p>Comme nous tous, les tout-petits veulent simplement avoir le sentiment d\u2019avoir un certain pouvoir et une certaine autonomie. En leur posant des questions sur des choses sans importance comme l&rsquo;ordre de marche\u00a0: \u00ab\u00a0Voulez-vous commencer en premier ou en deuxi\u00e8me\u00a0?\u00a0\u00bb ce qu&rsquo;ils aimeraient apporter\u00a0: \u00ab\u00a0Voulez-vous tel camion ou tel camion\u00a0?\u00a0\u00bb ou comment ils veulent monter dans la voiture : \u00ab Veux-tu monter toi-m\u00eame ou veux-tu que je te fasse monter ? peut leur donner l\u2019impression qu\u2019ils dirigent le spectacle. <\/p>\n<h2 id=\"give-them-a-job\">Donnez-leur un travail<\/h2>\n<p>Les laisser participer les aide \u00e0 se sentir capables, ce qui peut freiner leur envie de se mettre en col\u00e8re contre la machine (vous). Ils peuvent \u00eatre le \u00ab v\u00e9rificateur de cl\u00e9s \u00bb officiel (en s&rsquo;assurant que vous avez vos cl\u00e9s avant de partir) ou le \u00ab cliqueur de boucle \u00bb une fois dans leur si\u00e8ge auto. Tout ce qui leur donne un sentiment d\u2019utilit\u00e9 et de contribution peut conduire \u00e0 une meilleure coop\u00e9ration. <\/p>\n<h2 id=\"empathize\">Faire preuve d&#8217;empathie<\/h2>\n<p>  Prenez un moment pour comprendre leur situation. Si quelqu&rsquo;un vous pr\u00e9cipitait pour vous pr\u00e9parer tous les jours alors que vous vouliez simplement jouer et prenait l&rsquo;\u00e9crasante majorit\u00e9 des d\u00e9cisions qui affectaient votre vie, ne seriez-vous pas un peu \u00e9nerv\u00e9 aussi ? Reliez-vous \u00e0 leurs \u00e9motions. Dites quelque chose comme : \u00ab Je sais que vous ne voulez pas vous asseoir. Je vois que tu es en col\u00e8re. Laissez cette v\u00e9ritable compassion s&rsquo;impr\u00e9gner de vous. Ensuite, poursuivez en disant : \u00ab\u00a0Mais si nous ne nous asseyons pas, nous ne pouvons aller nulle part pour nous amuser.\u00a0\u00bb <\/p>\n<h2 id=\"blame-someone-anyone-else\">Bl\u00e2mer quelqu&rsquo;un, n&rsquo;importe qui d&rsquo;autre<\/h2>\n<p>Lorsqu\u2019un tout-petit vous consid\u00e8re comme un ennemi, les t\u00e2ches fondamentales de la vie quotidienne deviennent bien plus difficiles. Dire que ce n&rsquo;est pas vous qui prenez la d\u00e9cision peut aider \u00e0 r\u00e9duire leurs col\u00e8res. Par exemple, \u00ab Le m\u00e9decin dit que nous devons nous asseoir \u00e0 votre place pour que vous restiez en s\u00e9curit\u00e9 \u00bb (b\u00e9nin) ou \u00ab Si je ne vous attache pas, j&rsquo;aurai des ennuis avec la police \u00bb (un peu m\u00e9chant, mais toujours vrai). !) peut les aider \u00e0 reporter le bl\u00e2me, au moins jusqu&rsquo;\u00e0 demain. <\/p>\n<h2 id=\"stay-calm-yet-firm\">Restez calme, mais ferme <\/h2>\n<p>Certes, cette partie est dure quand l&rsquo;enfant crie, se d\u00e9bat, glisse comme une m\u00e9duse molle. <em>en bas du<\/em> <em>si\u00e8ge<\/em> et faire des planches compl\u00e8tes pour \u00e9viter d&rsquo;\u00eatre attach\u00e9. Lorsque vous avez envie de crier : \u00ab Montez simplement dans le si\u00e8ge auto GD ou nous restons \u00e0 l&rsquo;int\u00e9rieur pour toujours \u00bb, respirez.<\/p>\n<p>Prenez litt\u00e9ralement du recul. Respirez \u00e0 nouveau. Mutter jure \u00e0 mi-voix s&rsquo;il le faut. Mais d\u00e8s que vous faites sauter un joint, vous revenez \u00e0 la case d\u00e9part. Faites appel \u00e0 toute votre ma\u00eetrise de soi et dites : \u00ab Nous ne pouvons aller nulle part tant que vous n&rsquo;\u00eates pas \u00e0 votre place. \u00bb Certains jours, cela m\u00e8nera \u00e0 une v\u00e9ritable impasse. Ils se l\u00e8vent. Vous vous levez. Et vous attendez tous les deux de voir qui cassera en premier. C\u2019est pour cela que les smartphones ont \u00e9t\u00e9 con\u00e7us. Dites-leur : \u00ab Je vais m&rsquo;asseoir ; fais-moi savoir quand tu es pr\u00eat \u00bb et fais d\u00e9filer tes grands sentiments en attendant qu&rsquo;ils s&rsquo;ennuient. <\/p>\n<h2 id=\"tell-them-the-alternative\">Dites-leur l&rsquo;alternative<\/h2>\n<p>Lorsque vous avez \u00e9puis\u00e9 les autres outils de votre arsenal (ou que vous devez vraiment partir parce que votre patron attend ces rapports \u00e0 9 heures du matin), vous pouvez choisir \u00ab OK. Si vous ne vous asseyez pas, je vais vous asseoir. Veux-tu le faire toi-m\u00eame ou veux-tu que je le fasse ? Quand ils tirent le pouvoir ultime et marchent plus loin <em>loin<\/em> de votre part, racontez ce qui va se passer : \u00ab OK, je vais te chercher maintenant\u2026 \u00bb Le bambin t\u00eatu, sentant sa victoire lui \u00e9chapper, peut alors se mettre \u00e0 sa place simplement parce qu&rsquo;il sera damn\u00e9 s&rsquo;il vous leur enlevez tout ce pour quoi ils se sont battus ce matin. <\/p>\n<h2 id=\"consequences-and-bribery\">Cons\u00e9quences et corruption<\/h2>\n<p>Bien qu&rsquo;aucun expert en parentalit\u00e9 ne soit probablement d&rsquo;accord, tous les parents connaissent l&rsquo;efficacit\u00e9 rapide d&rsquo;un message d\u00e9sesp\u00e9r\u00e9 : \u00ab Si vous ne montez pas dans la voiture, pas de friandise plus tard. \u00bb M\u00eame si les deux choses n&rsquo;ont absolument aucun rapport et que vous les oublierez presque certainement et leur offrirez une friandise plus tard de toute fa\u00e7on, cela n&rsquo;a pas d&rsquo;importance. Parce qu&rsquo;une fois la menace d&rsquo;une soir\u00e9e sans biscuits sur la table, votre tout-petit sera dans ce si\u00e8ge auto avant que vous puissiez dire : \u00ab Il est cinq heures quelque part. \u00bb<\/p>\n<p>Alternativement, vous pouvez ignorer tout cela et utiliser le Almighty Snack. Laissez-les prendre tout ce que vous ne leur donneriez pas normalement \u00e0 8h30 du matin et creusez. Comme un adulte qui introduit des bonbons dans la salle de cin\u00e9ma, ils se sentiront victorieux. Et remplis de cette joie suffisante, ils daigneront probablement acc\u00e9der \u00e0 votre demande de si\u00e8ge auto. <\/p>\n<p><\/p>\n","protected":false},"excerpt":{"rendered":"<p>Laissez-moi vous proposer neuf strat\u00e9gies diff\u00e9rentes, car vous en aurez presque certainement toutes besoin. Vous avez d\u00e9j\u00e0 achet\u00e9 des sous-v\u00eatements, des pantalons et une chemise<\/p>\n","protected":false},"author":1,"featured_media":4070,"comment_status":"","ping_status":"","sticky":false,"template":"","format":"standard","meta":{"footnotes":""},"categories":[37],"tags":[3204,44,166,4519,4518,800,4517,1678,8],"class_list":["post-4069","post","type-post","status-publish","format-standard","has-post-thumbnail","hentry","category-famille","tag-amener","tag-comment","tag-dans","tag-dauto","tag-siege","tag-son","tag-tetu","tag-toutpetit","tag-votre","generate-columns","tablet-grid-50","mobile-grid-100","grid-parent","grid-33"],"yoast_head":"<!-- This site is optimized with the Yoast SEO plugin v24.0 - https:\/\/yoast.com\/wordpress\/plugins\/seo\/ -->\n<title>Comment amener votre tout-petit t\u00eatu dans son si\u00e8ge d&#039;auto | Vie Associative<\/title>\n<meta name=\"robots\" content=\"index, follow, max-snippet:-1, max-image-preview:large, max-video-preview:-1\" \/>\n<link rel=\"canonical\" href=\"https:\/\/vieassociative.be\/actualites\/comment-amener-votre-tout-petit-tetu-dans-son-siege-dauto\/\" \/>\n<meta property=\"og:locale\" content=\"fr_FR\" \/>\n<meta property=\"og:type\" content=\"article\" \/>\n<meta property=\"og:title\" content=\"Comment amener votre tout-petit t\u00eatu dans son si\u00e8ge d&#039;auto | Vie Associative\" \/>\n<meta property=\"og:description\" content=\"Laissez-moi vous proposer neuf strat\u00e9gies diff\u00e9rentes, car vous en aurez presque certainement toutes besoin. Vous avez d\u00e9j\u00e0 achet\u00e9 des sous-v\u00eatements, des pantalons et une chemise\" \/>\n<meta property=\"og:url\" content=\"https:\/\/vieassociative.be\/actualites\/comment-amener-votre-tout-petit-tetu-dans-son-siege-dauto\/\" \/>\n<meta property=\"og:site_name\" content=\"Vie Associative\" \/>\n<meta property=\"article:published_time\" content=\"2025-01-05T11:18:09+00:00\" \/>\n<meta property=\"og:image\" content=\"https:\/\/vieassociative.be\/actualites\/wp-content\/uploads\/2024\/09\/header_backgroundk-01-e1726694325946.png\" \/>\n\t<meta property=\"og:image:width\" content=\"279\" \/>\n\t<meta property=\"og:image:height\" content=\"92\" \/>\n\t<meta property=\"og:image:type\" content=\"image\/png\" \/>\n<meta name=\"author\" content=\"Julien\" \/>\n<meta name=\"twitter:card\" content=\"summary_large_image\" \/>\n<meta name=\"twitter:label1\" content=\"\u00c9crit par\" \/>\n\t<meta name=\"twitter:data1\" content=\"Julien\" \/>\n\t<meta name=\"twitter:label2\" content=\"Dur\u00e9e de lecture est.\" \/>\n\t<meta name=\"twitter:data2\" content=\"6 minutes\" \/>\n<script type=\"application\/ld+json\" class=\"yoast-schema-graph\">{\"@context\":\"https:\/\/schema.org\",\"@graph\":[{\"@type\":\"Article\",\"@id\":\"https:\/\/vieassociative.be\/actualites\/comment-amener-votre-tout-petit-tetu-dans-son-siege-dauto\/#article\",\"isPartOf\":{\"@id\":\"https:\/\/vieassociative.be\/actualites\/comment-amener-votre-tout-petit-tetu-dans-son-siege-dauto\/\"},\"author\":{\"name\":\"Julien\",\"@id\":\"https:\/\/vieassociative.be\/actualites\/#\/schema\/person\/b87ac4f82f9d4e7b7cec7395b679edc4\"},\"headline\":\"Comment amener votre tout-petit t\u00eatu dans son si\u00e8ge d&rsquo;auto\",\"datePublished\":\"2025-01-05T11:18:09+00:00\",\"dateModified\":\"2025-01-05T11:18:09+00:00\",\"mainEntityOfPage\":{\"@id\":\"https:\/\/vieassociative.be\/actualites\/comment-amener-votre-tout-petit-tetu-dans-son-siege-dauto\/\"},\"wordCount\":1306,\"publisher\":{\"@id\":\"https:\/\/vieassociative.be\/actualites\/#organization\"},\"image\":{\"@id\":\"https:\/\/vieassociative.be\/actualites\/comment-amener-votre-tout-petit-tetu-dans-son-siege-dauto\/#primaryimage\"},\"thumbnailUrl\":\"https:\/\/vieassociative.be\/actualites\/wp-content\/uploads\/2025\/01\/Comment-amener-votre-tout-petit-tetu-dans-son-siege-dauto.jpg\",\"keywords\":[\"amener\",\"Comment\",\"dans\",\"dauto\",\"si\u00e8ge\",\"son\",\"t\u00eatu\",\"toutpetit\",\"votre\"],\"articleSection\":[\"Famille\"],\"inLanguage\":\"fr-BE\"},{\"@type\":\"WebPage\",\"@id\":\"https:\/\/vieassociative.be\/actualites\/comment-amener-votre-tout-petit-tetu-dans-son-siege-dauto\/\",\"url\":\"https:\/\/vieassociative.be\/actualites\/comment-amener-votre-tout-petit-tetu-dans-son-siege-dauto\/\",\"name\":\"Comment amener votre tout-petit t\u00eatu dans son si\u00e8ge d'auto | Vie Associative\",\"isPartOf\":{\"@id\":\"https:\/\/vieassociative.be\/actualites\/#website\"},\"primaryImageOfPage\":{\"@id\":\"https:\/\/vieassociative.be\/actualites\/comment-amener-votre-tout-petit-tetu-dans-son-siege-dauto\/#primaryimage\"},\"image\":{\"@id\":\"https:\/\/vieassociative.be\/actualites\/comment-amener-votre-tout-petit-tetu-dans-son-siege-dauto\/#primaryimage\"},\"thumbnailUrl\":\"https:\/\/vieassociative.be\/actualites\/wp-content\/uploads\/2025\/01\/Comment-amener-votre-tout-petit-tetu-dans-son-siege-dauto.jpg\",\"datePublished\":\"2025-01-05T11:18:09+00:00\",\"dateModified\":\"2025-01-05T11:18:09+00:00\",\"breadcrumb\":{\"@id\":\"https:\/\/vieassociative.be\/actualites\/comment-amener-votre-tout-petit-tetu-dans-son-siege-dauto\/#breadcrumb\"},\"inLanguage\":\"fr-BE\",\"potentialAction\":[{\"@type\":\"ReadAction\",\"target\":[\"https:\/\/vieassociative.be\/actualites\/comment-amener-votre-tout-petit-tetu-dans-son-siege-dauto\/\"]}]},{\"@type\":\"ImageObject\",\"inLanguage\":\"fr-BE\",\"@id\":\"https:\/\/vieassociative.be\/actualites\/comment-amener-votre-tout-petit-tetu-dans-son-siege-dauto\/#primaryimage\",\"url\":\"https:\/\/vieassociative.be\/actualites\/wp-content\/uploads\/2025\/01\/Comment-amener-votre-tout-petit-tetu-dans-son-siege-dauto.jpg\",\"contentUrl\":\"https:\/\/vieassociative.be\/actualites\/wp-content\/uploads\/2025\/01\/Comment-amener-votre-tout-petit-tetu-dans-son-siege-dauto.jpg\",\"width\":1200,\"height\":675,\"caption\":\"Comment amener votre tout-petit t\u00eatu dans son si\u00e8ge d'auto\"},{\"@type\":\"BreadcrumbList\",\"@id\":\"https:\/\/vieassociative.be\/actualites\/comment-amener-votre-tout-petit-tetu-dans-son-siege-dauto\/#breadcrumb\",\"itemListElement\":[{\"@type\":\"ListItem\",\"position\":1,\"name\":\"Accueil\",\"item\":\"https:\/\/vieassociative.be\/actualites\/\"},{\"@type\":\"ListItem\",\"position\":2,\"name\":\"Comment amener votre tout-petit t\u00eatu dans son si\u00e8ge d&rsquo;auto\"}]},{\"@type\":\"WebSite\",\"@id\":\"https:\/\/vieassociative.be\/actualites\/#website\",\"url\":\"https:\/\/vieassociative.be\/actualites\/\",\"name\":\"Vie Associative\",\"description\":\"\",\"publisher\":{\"@id\":\"https:\/\/vieassociative.be\/actualites\/#organization\"},\"potentialAction\":[{\"@type\":\"SearchAction\",\"target\":{\"@type\":\"EntryPoint\",\"urlTemplate\":\"https:\/\/vieassociative.be\/actualites\/?s={search_term_string}\"},\"query-input\":{\"@type\":\"PropertyValueSpecification\",\"valueRequired\":true,\"valueName\":\"search_term_string\"}}],\"inLanguage\":\"fr-BE\"},{\"@type\":\"Organization\",\"@id\":\"https:\/\/vieassociative.be\/actualites\/#organization\",\"name\":\"Vie Associative\",\"url\":\"https:\/\/vieassociative.be\/actualites\/\",\"logo\":{\"@type\":\"ImageObject\",\"inLanguage\":\"fr-BE\",\"@id\":\"https:\/\/vieassociative.be\/actualites\/#\/schema\/logo\/image\/\",\"url\":\"https:\/\/vieassociative.be\/actualites\/wp-content\/uploads\/2024\/09\/cropped-vieassociative_favicon.ico.png\",\"contentUrl\":\"https:\/\/vieassociative.be\/actualites\/wp-content\/uploads\/2024\/09\/cropped-vieassociative_favicon.ico.png\",\"width\":512,\"height\":512,\"caption\":\"Vie Associative\"},\"image\":{\"@id\":\"https:\/\/vieassociative.be\/actualites\/#\/schema\/logo\/image\/\"}},{\"@type\":\"Person\",\"@id\":\"https:\/\/vieassociative.be\/actualites\/#\/schema\/person\/b87ac4f82f9d4e7b7cec7395b679edc4\",\"name\":\"Julien\",\"image\":{\"@type\":\"ImageObject\",\"inLanguage\":\"fr-BE\",\"@id\":\"https:\/\/vieassociative.be\/actualites\/#\/schema\/person\/image\/\",\"url\":\"https:\/\/vieassociative.be\/actualites\/wp-content\/uploads\/2024\/09\/vie-associative-1-150x150.jpg\",\"contentUrl\":\"https:\/\/vieassociative.be\/actualites\/wp-content\/uploads\/2024\/09\/vie-associative-1-150x150.jpg\",\"caption\":\"Julien\"},\"description\":\"Je suis Julien, r\u00e9dacteur pour Vie Associative. Passionn\u00e9 par le monde associatif depuis plus de 10 ans, j'ai \u00e0 c\u0153ur de partager des histoires inspirantes et de mettre en lumi\u00e8re les initiatives locales. Mon objectif est de sensibiliser et d'encourager l'engagement communautaire \u00e0 travers mes articles.\",\"sameAs\":[\"https:\/\/vieassociative.be\/\"]}]}<\/script>\n<!-- \/ Yoast SEO plugin. -->","yoast_head_json":{"title":"Comment amener votre tout-petit t\u00eatu dans son si\u00e8ge d'auto | Vie Associative","robots":{"index":"index","follow":"follow","max-snippet":"max-snippet:-1","max-image-preview":"max-image-preview:large","max-video-preview":"max-video-preview:-1"},"canonical":"https:\/\/vieassociative.be\/actualites\/comment-amener-votre-tout-petit-tetu-dans-son-siege-dauto\/","og_locale":"fr_FR","og_type":"article","og_title":"Comment amener votre tout-petit t\u00eatu dans son si\u00e8ge d'auto | Vie Associative","og_description":"Laissez-moi vous proposer neuf strat\u00e9gies diff\u00e9rentes, car vous en aurez presque certainement toutes besoin. Vous avez d\u00e9j\u00e0 achet\u00e9 des sous-v\u00eatements, des pantalons et une chemise","og_url":"https:\/\/vieassociative.be\/actualites\/comment-amener-votre-tout-petit-tetu-dans-son-siege-dauto\/","og_site_name":"Vie Associative","article_published_time":"2025-01-05T11:18:09+00:00","og_image":[{"width":279,"height":92,"url":"https:\/\/vieassociative.be\/actualites\/wp-content\/uploads\/2024\/09\/header_backgroundk-01-e1726694325946.png","type":"image\/png"}],"author":"Julien","twitter_card":"summary_large_image","twitter_misc":{"\u00c9crit par":"Julien","Dur\u00e9e de lecture est.":"6 minutes"},"schema":{"@context":"https:\/\/schema.org","@graph":[{"@type":"Article","@id":"https:\/\/vieassociative.be\/actualites\/comment-amener-votre-tout-petit-tetu-dans-son-siege-dauto\/#article","isPartOf":{"@id":"https:\/\/vieassociative.be\/actualites\/comment-amener-votre-tout-petit-tetu-dans-son-siege-dauto\/"},"author":{"name":"Julien","@id":"https:\/\/vieassociative.be\/actualites\/#\/schema\/person\/b87ac4f82f9d4e7b7cec7395b679edc4"},"headline":"Comment amener votre tout-petit t\u00eatu dans son si\u00e8ge d&rsquo;auto","datePublished":"2025-01-05T11:18:09+00:00","dateModified":"2025-01-05T11:18:09+00:00","mainEntityOfPage":{"@id":"https:\/\/vieassociative.be\/actualites\/comment-amener-votre-tout-petit-tetu-dans-son-siege-dauto\/"},"wordCount":1306,"publisher":{"@id":"https:\/\/vieassociative.be\/actualites\/#organization"},"image":{"@id":"https:\/\/vieassociative.be\/actualites\/comment-amener-votre-tout-petit-tetu-dans-son-siege-dauto\/#primaryimage"},"thumbnailUrl":"https:\/\/vieassociative.be\/actualites\/wp-content\/uploads\/2025\/01\/Comment-amener-votre-tout-petit-tetu-dans-son-siege-dauto.jpg","keywords":["amener","Comment","dans","dauto","si\u00e8ge","son","t\u00eatu","toutpetit","votre"],"articleSection":["Famille"],"inLanguage":"fr-BE"},{"@type":"WebPage","@id":"https:\/\/vieassociative.be\/actualites\/comment-amener-votre-tout-petit-tetu-dans-son-siege-dauto\/","url":"https:\/\/vieassociative.be\/actualites\/comment-amener-votre-tout-petit-tetu-dans-son-siege-dauto\/","name":"Comment amener votre tout-petit t\u00eatu dans son si\u00e8ge d'auto | Vie Associative","isPartOf":{"@id":"https:\/\/vieassociative.be\/actualites\/#website"},"primaryImageOfPage":{"@id":"https:\/\/vieassociative.be\/actualites\/comment-amener-votre-tout-petit-tetu-dans-son-siege-dauto\/#primaryimage"},"image":{"@id":"https:\/\/vieassociative.be\/actualites\/comment-amener-votre-tout-petit-tetu-dans-son-siege-dauto\/#primaryimage"},"thumbnailUrl":"https:\/\/vieassociative.be\/actualites\/wp-content\/uploads\/2025\/01\/Comment-amener-votre-tout-petit-tetu-dans-son-siege-dauto.jpg","datePublished":"2025-01-05T11:18:09+00:00","dateModified":"2025-01-05T11:18:09+00:00","breadcrumb":{"@id":"https:\/\/vieassociative.be\/actualites\/comment-amener-votre-tout-petit-tetu-dans-son-siege-dauto\/#breadcrumb"},"inLanguage":"fr-BE","potentialAction":[{"@type":"ReadAction","target":["https:\/\/vieassociative.be\/actualites\/comment-amener-votre-tout-petit-tetu-dans-son-siege-dauto\/"]}]},{"@type":"ImageObject","inLanguage":"fr-BE","@id":"https:\/\/vieassociative.be\/actualites\/comment-amener-votre-tout-petit-tetu-dans-son-siege-dauto\/#primaryimage","url":"https:\/\/vieassociative.be\/actualites\/wp-content\/uploads\/2025\/01\/Comment-amener-votre-tout-petit-tetu-dans-son-siege-dauto.jpg","contentUrl":"https:\/\/vieassociative.be\/actualites\/wp-content\/uploads\/2025\/01\/Comment-amener-votre-tout-petit-tetu-dans-son-siege-dauto.jpg","width":1200,"height":675,"caption":"Comment amener votre tout-petit t\u00eatu dans son si\u00e8ge d'auto"},{"@type":"BreadcrumbList","@id":"https:\/\/vieassociative.be\/actualites\/comment-amener-votre-tout-petit-tetu-dans-son-siege-dauto\/#breadcrumb","itemListElement":[{"@type":"ListItem","position":1,"name":"Accueil","item":"https:\/\/vieassociative.be\/actualites\/"},{"@type":"ListItem","position":2,"name":"Comment amener votre tout-petit t\u00eatu dans son si\u00e8ge d&rsquo;auto"}]},{"@type":"WebSite","@id":"https:\/\/vieassociative.be\/actualites\/#website","url":"https:\/\/vieassociative.be\/actualites\/","name":"Vie Associative","description":"","publisher":{"@id":"https:\/\/vieassociative.be\/actualites\/#organization"},"potentialAction":[{"@type":"SearchAction","target":{"@type":"EntryPoint","urlTemplate":"https:\/\/vieassociative.be\/actualites\/?s={search_term_string}"},"query-input":{"@type":"PropertyValueSpecification","valueRequired":true,"valueName":"search_term_string"}}],"inLanguage":"fr-BE"},{"@type":"Organization","@id":"https:\/\/vieassociative.be\/actualites\/#organization","name":"Vie Associative","url":"https:\/\/vieassociative.be\/actualites\/","logo":{"@type":"ImageObject","inLanguage":"fr-BE","@id":"https:\/\/vieassociative.be\/actualites\/#\/schema\/logo\/image\/","url":"https:\/\/vieassociative.be\/actualites\/wp-content\/uploads\/2024\/09\/cropped-vieassociative_favicon.ico.png","contentUrl":"https:\/\/vieassociative.be\/actualites\/wp-content\/uploads\/2024\/09\/cropped-vieassociative_favicon.ico.png","width":512,"height":512,"caption":"Vie Associative"},"image":{"@id":"https:\/\/vieassociative.be\/actualites\/#\/schema\/logo\/image\/"}},{"@type":"Person","@id":"https:\/\/vieassociative.be\/actualites\/#\/schema\/person\/b87ac4f82f9d4e7b7cec7395b679edc4","name":"Julien","image":{"@type":"ImageObject","inLanguage":"fr-BE","@id":"https:\/\/vieassociative.be\/actualites\/#\/schema\/person\/image\/","url":"https:\/\/vieassociative.be\/actualites\/wp-content\/uploads\/2024\/09\/vie-associative-1-150x150.jpg","contentUrl":"https:\/\/vieassociative.be\/actualites\/wp-content\/uploads\/2024\/09\/vie-associative-1-150x150.jpg","caption":"Julien"},"description":"Je suis Julien, r\u00e9dacteur pour Vie Associative. Passionn\u00e9 par le monde associatif depuis plus de 10 ans, j'ai \u00e0 c\u0153ur de partager des histoires inspirantes et de mettre en lumi\u00e8re les initiatives locales. Mon objectif est de sensibiliser et d'encourager l'engagement communautaire \u00e0 travers mes articles.","sameAs":["https:\/\/vieassociative.be\/"]}]}},"_links":{"self":[{"href":"https:\/\/vieassociative.be\/actualites\/wp-json\/wp\/v2\/posts\/4069"}],"collection":[{"href":"https:\/\/vieassociative.be\/actualites\/wp-json\/wp\/v2\/posts"}],"about":[{"href":"https:\/\/vieassociative.be\/actualites\/wp-json\/wp\/v2\/types\/post"}],"author":[{"embeddable":true,"href":"https:\/\/vieassociative.be\/actualites\/wp-json\/wp\/v2\/users\/1"}],"replies":[{"embeddable":true,"href":"https:\/\/vieassociative.be\/actualites\/wp-json\/wp\/v2\/comments?post=4069"}],"version-history":[{"count":0,"href":"https:\/\/vieassociative.be\/actualites\/wp-json\/wp\/v2\/posts\/4069\/revisions"}],"wp:featuredmedia":[{"embeddable":true,"href":"https:\/\/vieassociative.be\/actualites\/wp-json\/wp\/v2\/media\/4070"}],"wp:attachment":[{"href":"https:\/\/vieassociative.be\/actualites\/wp-json\/wp\/v2\/media?parent=4069"}],"wp:term":[{"taxonomy":"category","embeddable":true,"href":"https:\/\/vieassociative.be\/actualites\/wp-json\/wp\/v2\/categories?post=4069"},{"taxonomy":"post_tag","embeddable":true,"href":"https:\/\/vieassociative.be\/actualites\/wp-json\/wp\/v2\/tags?post=4069"}],"curies":[{"name":"wp","href":"https:\/\/api.w.org\/{rel}","templated":true}]}}