{"id":4066,"date":"2025-01-05T09:18:55","date_gmt":"2025-01-05T08:18:55","guid":{"rendered":"https:\/\/vieassociative.be\/actualites\/beaucoup-deloges-pour-vincent-kompany-apres-six-mois-a-la-tete-du-bayern-stefan-effenberg-est-ravi\/"},"modified":"2025-01-05T09:18:55","modified_gmt":"2025-01-05T08:18:55","slug":"beaucoup-deloges-pour-vincent-kompany-apres-six-mois-a-la-tete-du-bayern-stefan-effenberg-est-ravi","status":"publish","type":"post","link":"https:\/\/vieassociative.be\/actualites\/beaucoup-deloges-pour-vincent-kompany-apres-six-mois-a-la-tete-du-bayern-stefan-effenberg-est-ravi\/","title":{"rendered":"Beaucoup d\u2019\u00e9loges pour Vincent Kompany apr\u00e8s six mois \u00e0 la t\u00eate du Bayern \u2013 Stefan Effenberg est ravi"},"content":{"rendered":"<p><strong>Apr\u00e8s seulement neuf jours de pr\u00e9paration, les choses vont redevenir s\u00e9rieuses pour le FC Bayern en Bundesliga en 2025. Voil\u00e0 \u00e0 quoi ressemble au d\u00e9but le calendrier de Munich.<\/strong><\/p>\n<p><span id=\"more-405340\"><\/span>Le FC Bayern Munich a d\u00e9but\u00e9 la nouvelle ann\u00e9e footballistique avec l&rsquo;entra\u00eenement de l&rsquo;\u00e9quipe premi\u00e8re le 2 janvier. Le 3 janvier, l&rsquo;\u00e9quipe de l&rsquo;entra\u00eeneur Vincent Kompany a tenu une s\u00e9ance publique devant les supporters dans la S\u00e4bener Stra\u00dfe. Certains joueurs encore en r\u00e9\u00e9ducation apr\u00e8s une blessure avaient d\u00e9j\u00e0 effectu\u00e9 des s\u00e9ances individuelles entre les vacances.<\/p>\n<p>Le favori bavarois est en r\u00e9p\u00e9tition g\u00e9n\u00e9rale pour le d\u00e9but du match de comp\u00e9tition le 6 janvier (18h00) contre le FC Red Bull Salzbourg, 17 fois champion d&rsquo;Autriche. Le 11 janvier (18h30), les choses vont redevenir s\u00e9rieuses pour Jamal Musiala &#038; Co. en Bundesliga contre le Borussia M\u00f6nchengladbach.<\/p>\n<div id=\"attachment_359170\" class=\"wp-caption alignleft\" style=\"max-width: 300px\"><img fetchpriority=\"high\" decoding=\"async\" class=\"wp-image-359170 size-medium\" src=\"https:\/\/vieassociative.be\/actualites\/wp-content\/uploads\/2025\/01\/Beaucoup-deloges-pour-Vincent-Kompany-apres-six-mois-a-la.jpg\" alt=\"\" width=\"300\" height=\"190\"  ><\/p>\n<p class=\"wp-caption-text\">29 octobre 2019, Rh\u00e9nanie du Nord-Westphalie, Bochum : Stefan Effenberg est sur la touche en tant qu&rsquo;expert en t\u00e9l\u00e9vision. Photo : Guido Kirchner\/dpa<\/p>\n<\/div>\n<p>L\u2019\u00e9quipe munichoise ne participe plus \u00e0 la Coupe DFB. En Ligue des champions, ils visent une place parmi les huit premiers lors des duels au Feyenoord Rotterdam (22 janvier) et \u00e0 domicile contre le Slovan Bratislava (29 janvier) pour acc\u00e9der directement aux huiti\u00e8mes de finale.<\/p>\n<p>Selon Stefan Effenberg, Vincent Kompany est l&rsquo;une des principales raisons pour lesquelles les choses se passent \u00e0 nouveau bien au FC Bayern. L&rsquo;ancien joueur national explique ce qu&rsquo;il aime particuli\u00e8rement chez le Belge. Effenberg est enthousiasm\u00e9 par Vincent Kompany comme entra\u00eeneur-chef du FC Bayern apr\u00e8s ses six premiers mois. \u00ab\u00a0Il fait son travail au club mondial du Bayern Munich avec calme et s\u00e9rieux \u2013 dans les victoires comme dans les d\u00e9faites\u00a0\u00bb, a \u00e9crit l&rsquo;ancien footballeur national dans sa chronique pour le portail d&rsquo;information \u00ab\u00a0t-online\u00a0\u00bb. \u00ab\u00a0Apr\u00e8s les derni\u00e8res saisons mouvement\u00e9es, Kompany s&rsquo;est av\u00e9r\u00e9 \u00eatre exactement l&rsquo;entra\u00eeneur dont Munich avait besoin.\u00a0\u00bb<\/p>\n<p>Le Belge allie autorit\u00e9 naturelle et connaissances sp\u00e9cialis\u00e9es, a d\u00e9clar\u00e9 Effenberg. \u00ab\u00a0Il va toujours droit au but, tout en gardant le calme n\u00e9cessaire, on retrouve enfin une philosophie de jeu claire \u2013 c&rsquo;est ainsi que le champion du record allemand doit \u00eatre g\u00e9r\u00e9 par Kompany qui profite du fait qu&rsquo;il a \u00e9t\u00e9 un joueur de premier plan.\u00a0\u00bb ans en tant que professionnel et sous Pep Guardiola, Manchester City a appris, a \u00e9crit l&rsquo;ancien professionnel du Bayern. (dpa)<\/p>\n","protected":false},"excerpt":{"rendered":"<p>Apr\u00e8s seulement neuf jours de pr\u00e9paration, les choses vont redevenir s\u00e9rieuses pour le FC Bayern en Bundesliga en 2025. Voil\u00e0 \u00e0 quoi ressemble au d\u00e9but<\/p>\n","protected":false},"author":1,"featured_media":4067,"comment_status":"","ping_status":"","sticky":false,"template":"","format":"standard","meta":{"footnotes":""},"categories":[298],"tags":[472,2298,1118,4512,4515,76,4024,232,81,4516,4514,2699,4513],"class_list":["post-4066","post","type-post","status-publish","format-standard","has-post-thumbnail","hentry","category-belgique","tag-apres","tag-bayern","tag-beaucoup","tag-deloges","tag-effenberg","tag-est","tag-kompany","tag-mois","tag-pour","tag-ravi","tag-stefan","tag-tete","tag-vincent","generate-columns","tablet-grid-50","mobile-grid-100","grid-parent","grid-33"],"yoast_head":"<!-- This site is optimized with the Yoast SEO plugin v24.0 - https:\/\/yoast.com\/wordpress\/plugins\/seo\/ -->\n<title>Beaucoup d\u2019\u00e9loges pour Vincent Kompany apr\u00e8s six mois \u00e0 la t\u00eate du Bayern \u2013 Stefan Effenberg est ravi | Vie Associative<\/title>\n<meta name=\"robots\" content=\"index, follow, max-snippet:-1, max-image-preview:large, max-video-preview:-1\" \/>\n<link rel=\"canonical\" href=\"https:\/\/vieassociative.be\/actualites\/beaucoup-deloges-pour-vincent-kompany-apres-six-mois-a-la-tete-du-bayern-stefan-effenberg-est-ravi\/\" \/>\n<meta property=\"og:locale\" content=\"fr_FR\" \/>\n<meta property=\"og:type\" content=\"article\" \/>\n<meta property=\"og:title\" content=\"Beaucoup d\u2019\u00e9loges pour Vincent Kompany apr\u00e8s six mois \u00e0 la t\u00eate du Bayern \u2013 Stefan Effenberg est ravi | Vie Associative\" \/>\n<meta property=\"og:description\" content=\"Apr\u00e8s seulement neuf jours de pr\u00e9paration, les choses vont redevenir s\u00e9rieuses pour le FC Bayern en Bundesliga en 2025. Voil\u00e0 \u00e0 quoi ressemble au d\u00e9but\" \/>\n<meta property=\"og:url\" content=\"https:\/\/vieassociative.be\/actualites\/beaucoup-deloges-pour-vincent-kompany-apres-six-mois-a-la-tete-du-bayern-stefan-effenberg-est-ravi\/\" \/>\n<meta property=\"og:site_name\" content=\"Vie Associative\" \/>\n<meta property=\"article:published_time\" content=\"2025-01-05T08:18:55+00:00\" \/>\n<meta property=\"og:image\" content=\"https:\/\/vieassociative.be\/actualites\/wp-content\/uploads\/2024\/09\/header_backgroundk-01-e1726694325946.png\" \/>\n\t<meta property=\"og:image:width\" content=\"279\" \/>\n\t<meta property=\"og:image:height\" content=\"92\" \/>\n\t<meta property=\"og:image:type\" content=\"image\/png\" \/>\n<meta name=\"author\" content=\"Julien\" \/>\n<meta name=\"twitter:card\" content=\"summary_large_image\" \/>\n<meta name=\"twitter:label1\" content=\"\u00c9crit par\" \/>\n\t<meta name=\"twitter:data1\" content=\"Julien\" \/>\n\t<meta name=\"twitter:label2\" content=\"Dur\u00e9e de lecture est.\" \/>\n\t<meta name=\"twitter:data2\" content=\"2 minutes\" \/>\n<script type=\"application\/ld+json\" class=\"yoast-schema-graph\">{\"@context\":\"https:\/\/schema.org\",\"@graph\":[{\"@type\":\"Article\",\"@id\":\"https:\/\/vieassociative.be\/actualites\/beaucoup-deloges-pour-vincent-kompany-apres-six-mois-a-la-tete-du-bayern-stefan-effenberg-est-ravi\/#article\",\"isPartOf\":{\"@id\":\"https:\/\/vieassociative.be\/actualites\/beaucoup-deloges-pour-vincent-kompany-apres-six-mois-a-la-tete-du-bayern-stefan-effenberg-est-ravi\/\"},\"author\":{\"name\":\"Julien\",\"@id\":\"https:\/\/vieassociative.be\/actualites\/#\/schema\/person\/b87ac4f82f9d4e7b7cec7395b679edc4\"},\"headline\":\"Beaucoup d\u2019\u00e9loges pour Vincent Kompany apr\u00e8s six mois \u00e0 la t\u00eate du Bayern \u2013 Stefan Effenberg est ravi\",\"datePublished\":\"2025-01-05T08:18:55+00:00\",\"dateModified\":\"2025-01-05T08:18:55+00:00\",\"mainEntityOfPage\":{\"@id\":\"https:\/\/vieassociative.be\/actualites\/beaucoup-deloges-pour-vincent-kompany-apres-six-mois-a-la-tete-du-bayern-stefan-effenberg-est-ravi\/\"},\"wordCount\":438,\"publisher\":{\"@id\":\"https:\/\/vieassociative.be\/actualites\/#organization\"},\"image\":{\"@id\":\"https:\/\/vieassociative.be\/actualites\/beaucoup-deloges-pour-vincent-kompany-apres-six-mois-a-la-tete-du-bayern-stefan-effenberg-est-ravi\/#primaryimage\"},\"thumbnailUrl\":\"https:\/\/vieassociative.be\/actualites\/wp-content\/uploads\/2025\/01\/1736065136_Beaucoup-deloges-pour-Vincent-Kompany-apres-six-mois-a-la.jpg\",\"keywords\":[\"Apr\u00e8s\",\"Bayern\",\"beaucoup\",\"d\u00e9loges\",\"Effenberg\",\"est\",\"Kompany\",\"mois\",\"pour\",\"ravi\",\"Stefan\",\"t\u00eate\",\"Vincent\"],\"articleSection\":[\"Belgique\"],\"inLanguage\":\"fr-BE\"},{\"@type\":\"WebPage\",\"@id\":\"https:\/\/vieassociative.be\/actualites\/beaucoup-deloges-pour-vincent-kompany-apres-six-mois-a-la-tete-du-bayern-stefan-effenberg-est-ravi\/\",\"url\":\"https:\/\/vieassociative.be\/actualites\/beaucoup-deloges-pour-vincent-kompany-apres-six-mois-a-la-tete-du-bayern-stefan-effenberg-est-ravi\/\",\"name\":\"Beaucoup d\u2019\u00e9loges pour Vincent Kompany apr\u00e8s six mois \u00e0 la t\u00eate du Bayern \u2013 Stefan Effenberg est ravi | Vie Associative\",\"isPartOf\":{\"@id\":\"https:\/\/vieassociative.be\/actualites\/#website\"},\"primaryImageOfPage\":{\"@id\":\"https:\/\/vieassociative.be\/actualites\/beaucoup-deloges-pour-vincent-kompany-apres-six-mois-a-la-tete-du-bayern-stefan-effenberg-est-ravi\/#primaryimage\"},\"image\":{\"@id\":\"https:\/\/vieassociative.be\/actualites\/beaucoup-deloges-pour-vincent-kompany-apres-six-mois-a-la-tete-du-bayern-stefan-effenberg-est-ravi\/#primaryimage\"},\"thumbnailUrl\":\"https:\/\/vieassociative.be\/actualites\/wp-content\/uploads\/2025\/01\/1736065136_Beaucoup-deloges-pour-Vincent-Kompany-apres-six-mois-a-la.jpg\",\"datePublished\":\"2025-01-05T08:18:55+00:00\",\"dateModified\":\"2025-01-05T08:18:55+00:00\",\"breadcrumb\":{\"@id\":\"https:\/\/vieassociative.be\/actualites\/beaucoup-deloges-pour-vincent-kompany-apres-six-mois-a-la-tete-du-bayern-stefan-effenberg-est-ravi\/#breadcrumb\"},\"inLanguage\":\"fr-BE\",\"potentialAction\":[{\"@type\":\"ReadAction\",\"target\":[\"https:\/\/vieassociative.be\/actualites\/beaucoup-deloges-pour-vincent-kompany-apres-six-mois-a-la-tete-du-bayern-stefan-effenberg-est-ravi\/\"]}]},{\"@type\":\"ImageObject\",\"inLanguage\":\"fr-BE\",\"@id\":\"https:\/\/vieassociative.be\/actualites\/beaucoup-deloges-pour-vincent-kompany-apres-six-mois-a-la-tete-du-bayern-stefan-effenberg-est-ravi\/#primaryimage\",\"url\":\"https:\/\/vieassociative.be\/actualites\/wp-content\/uploads\/2025\/01\/1736065136_Beaucoup-deloges-pour-Vincent-Kompany-apres-six-mois-a-la.jpg\",\"contentUrl\":\"https:\/\/vieassociative.be\/actualites\/wp-content\/uploads\/2025\/01\/1736065136_Beaucoup-deloges-pour-Vincent-Kompany-apres-six-mois-a-la.jpg\",\"width\":1200,\"height\":800,\"caption\":\"Beaucoup d\u2019\u00e9loges pour Vincent Kompany apr\u00e8s six mois \u00e0 la t\u00eate du Bayern \u2013 Stefan Effenberg est ravi\"},{\"@type\":\"BreadcrumbList\",\"@id\":\"https:\/\/vieassociative.be\/actualites\/beaucoup-deloges-pour-vincent-kompany-apres-six-mois-a-la-tete-du-bayern-stefan-effenberg-est-ravi\/#breadcrumb\",\"itemListElement\":[{\"@type\":\"ListItem\",\"position\":1,\"name\":\"Accueil\",\"item\":\"https:\/\/vieassociative.be\/actualites\/\"},{\"@type\":\"ListItem\",\"position\":2,\"name\":\"Beaucoup d\u2019\u00e9loges pour Vincent Kompany apr\u00e8s six mois \u00e0 la t\u00eate du Bayern \u2013 Stefan Effenberg est ravi\"}]},{\"@type\":\"WebSite\",\"@id\":\"https:\/\/vieassociative.be\/actualites\/#website\",\"url\":\"https:\/\/vieassociative.be\/actualites\/\",\"name\":\"Vie Associative\",\"description\":\"\",\"publisher\":{\"@id\":\"https:\/\/vieassociative.be\/actualites\/#organization\"},\"potentialAction\":[{\"@type\":\"SearchAction\",\"target\":{\"@type\":\"EntryPoint\",\"urlTemplate\":\"https:\/\/vieassociative.be\/actualites\/?s={search_term_string}\"},\"query-input\":{\"@type\":\"PropertyValueSpecification\",\"valueRequired\":true,\"valueName\":\"search_term_string\"}}],\"inLanguage\":\"fr-BE\"},{\"@type\":\"Organization\",\"@id\":\"https:\/\/vieassociative.be\/actualites\/#organization\",\"name\":\"Vie Associative\",\"url\":\"https:\/\/vieassociative.be\/actualites\/\",\"logo\":{\"@type\":\"ImageObject\",\"inLanguage\":\"fr-BE\",\"@id\":\"https:\/\/vieassociative.be\/actualites\/#\/schema\/logo\/image\/\",\"url\":\"https:\/\/vieassociative.be\/actualites\/wp-content\/uploads\/2024\/09\/cropped-vieassociative_favicon.ico.png\",\"contentUrl\":\"https:\/\/vieassociative.be\/actualites\/wp-content\/uploads\/2024\/09\/cropped-vieassociative_favicon.ico.png\",\"width\":512,\"height\":512,\"caption\":\"Vie Associative\"},\"image\":{\"@id\":\"https:\/\/vieassociative.be\/actualites\/#\/schema\/logo\/image\/\"}},{\"@type\":\"Person\",\"@id\":\"https:\/\/vieassociative.be\/actualites\/#\/schema\/person\/b87ac4f82f9d4e7b7cec7395b679edc4\",\"name\":\"Julien\",\"image\":{\"@type\":\"ImageObject\",\"inLanguage\":\"fr-BE\",\"@id\":\"https:\/\/vieassociative.be\/actualites\/#\/schema\/person\/image\/\",\"url\":\"https:\/\/vieassociative.be\/actualites\/wp-content\/uploads\/2024\/09\/vie-associative-1-150x150.jpg\",\"contentUrl\":\"https:\/\/vieassociative.be\/actualites\/wp-content\/uploads\/2024\/09\/vie-associative-1-150x150.jpg\",\"caption\":\"Julien\"},\"description\":\"Je suis Julien, r\u00e9dacteur pour Vie Associative. Passionn\u00e9 par le monde associatif depuis plus de 10 ans, j'ai \u00e0 c\u0153ur de partager des histoires inspirantes et de mettre en lumi\u00e8re les initiatives locales. Mon objectif est de sensibiliser et d'encourager l'engagement communautaire \u00e0 travers mes articles.\",\"sameAs\":[\"https:\/\/vieassociative.be\/\"]}]}<\/script>\n<!-- \/ Yoast SEO plugin. -->","yoast_head_json":{"title":"Beaucoup d\u2019\u00e9loges pour Vincent Kompany apr\u00e8s six mois \u00e0 la t\u00eate du Bayern \u2013 Stefan Effenberg est ravi | Vie Associative","robots":{"index":"index","follow":"follow","max-snippet":"max-snippet:-1","max-image-preview":"max-image-preview:large","max-video-preview":"max-video-preview:-1"},"canonical":"https:\/\/vieassociative.be\/actualites\/beaucoup-deloges-pour-vincent-kompany-apres-six-mois-a-la-tete-du-bayern-stefan-effenberg-est-ravi\/","og_locale":"fr_FR","og_type":"article","og_title":"Beaucoup d\u2019\u00e9loges pour Vincent Kompany apr\u00e8s six mois \u00e0 la t\u00eate du Bayern \u2013 Stefan Effenberg est ravi | Vie Associative","og_description":"Apr\u00e8s seulement neuf jours de pr\u00e9paration, les choses vont redevenir s\u00e9rieuses pour le FC Bayern en Bundesliga en 2025. Voil\u00e0 \u00e0 quoi ressemble au d\u00e9but","og_url":"https:\/\/vieassociative.be\/actualites\/beaucoup-deloges-pour-vincent-kompany-apres-six-mois-a-la-tete-du-bayern-stefan-effenberg-est-ravi\/","og_site_name":"Vie Associative","article_published_time":"2025-01-05T08:18:55+00:00","og_image":[{"width":279,"height":92,"url":"https:\/\/vieassociative.be\/actualites\/wp-content\/uploads\/2024\/09\/header_backgroundk-01-e1726694325946.png","type":"image\/png"}],"author":"Julien","twitter_card":"summary_large_image","twitter_misc":{"\u00c9crit par":"Julien","Dur\u00e9e de lecture est.":"2 minutes"},"schema":{"@context":"https:\/\/schema.org","@graph":[{"@type":"Article","@id":"https:\/\/vieassociative.be\/actualites\/beaucoup-deloges-pour-vincent-kompany-apres-six-mois-a-la-tete-du-bayern-stefan-effenberg-est-ravi\/#article","isPartOf":{"@id":"https:\/\/vieassociative.be\/actualites\/beaucoup-deloges-pour-vincent-kompany-apres-six-mois-a-la-tete-du-bayern-stefan-effenberg-est-ravi\/"},"author":{"name":"Julien","@id":"https:\/\/vieassociative.be\/actualites\/#\/schema\/person\/b87ac4f82f9d4e7b7cec7395b679edc4"},"headline":"Beaucoup d\u2019\u00e9loges pour Vincent Kompany apr\u00e8s six mois \u00e0 la t\u00eate du Bayern \u2013 Stefan Effenberg est ravi","datePublished":"2025-01-05T08:18:55+00:00","dateModified":"2025-01-05T08:18:55+00:00","mainEntityOfPage":{"@id":"https:\/\/vieassociative.be\/actualites\/beaucoup-deloges-pour-vincent-kompany-apres-six-mois-a-la-tete-du-bayern-stefan-effenberg-est-ravi\/"},"wordCount":438,"publisher":{"@id":"https:\/\/vieassociative.be\/actualites\/#organization"},"image":{"@id":"https:\/\/vieassociative.be\/actualites\/beaucoup-deloges-pour-vincent-kompany-apres-six-mois-a-la-tete-du-bayern-stefan-effenberg-est-ravi\/#primaryimage"},"thumbnailUrl":"https:\/\/vieassociative.be\/actualites\/wp-content\/uploads\/2025\/01\/1736065136_Beaucoup-deloges-pour-Vincent-Kompany-apres-six-mois-a-la.jpg","keywords":["Apr\u00e8s","Bayern","beaucoup","d\u00e9loges","Effenberg","est","Kompany","mois","pour","ravi","Stefan","t\u00eate","Vincent"],"articleSection":["Belgique"],"inLanguage":"fr-BE"},{"@type":"WebPage","@id":"https:\/\/vieassociative.be\/actualites\/beaucoup-deloges-pour-vincent-kompany-apres-six-mois-a-la-tete-du-bayern-stefan-effenberg-est-ravi\/","url":"https:\/\/vieassociative.be\/actualites\/beaucoup-deloges-pour-vincent-kompany-apres-six-mois-a-la-tete-du-bayern-stefan-effenberg-est-ravi\/","name":"Beaucoup d\u2019\u00e9loges pour Vincent Kompany apr\u00e8s six mois \u00e0 la t\u00eate du Bayern \u2013 Stefan Effenberg est ravi | Vie Associative","isPartOf":{"@id":"https:\/\/vieassociative.be\/actualites\/#website"},"primaryImageOfPage":{"@id":"https:\/\/vieassociative.be\/actualites\/beaucoup-deloges-pour-vincent-kompany-apres-six-mois-a-la-tete-du-bayern-stefan-effenberg-est-ravi\/#primaryimage"},"image":{"@id":"https:\/\/vieassociative.be\/actualites\/beaucoup-deloges-pour-vincent-kompany-apres-six-mois-a-la-tete-du-bayern-stefan-effenberg-est-ravi\/#primaryimage"},"thumbnailUrl":"https:\/\/vieassociative.be\/actualites\/wp-content\/uploads\/2025\/01\/1736065136_Beaucoup-deloges-pour-Vincent-Kompany-apres-six-mois-a-la.jpg","datePublished":"2025-01-05T08:18:55+00:00","dateModified":"2025-01-05T08:18:55+00:00","breadcrumb":{"@id":"https:\/\/vieassociative.be\/actualites\/beaucoup-deloges-pour-vincent-kompany-apres-six-mois-a-la-tete-du-bayern-stefan-effenberg-est-ravi\/#breadcrumb"},"inLanguage":"fr-BE","potentialAction":[{"@type":"ReadAction","target":["https:\/\/vieassociative.be\/actualites\/beaucoup-deloges-pour-vincent-kompany-apres-six-mois-a-la-tete-du-bayern-stefan-effenberg-est-ravi\/"]}]},{"@type":"ImageObject","inLanguage":"fr-BE","@id":"https:\/\/vieassociative.be\/actualites\/beaucoup-deloges-pour-vincent-kompany-apres-six-mois-a-la-tete-du-bayern-stefan-effenberg-est-ravi\/#primaryimage","url":"https:\/\/vieassociative.be\/actualites\/wp-content\/uploads\/2025\/01\/1736065136_Beaucoup-deloges-pour-Vincent-Kompany-apres-six-mois-a-la.jpg","contentUrl":"https:\/\/vieassociative.be\/actualites\/wp-content\/uploads\/2025\/01\/1736065136_Beaucoup-deloges-pour-Vincent-Kompany-apres-six-mois-a-la.jpg","width":1200,"height":800,"caption":"Beaucoup d\u2019\u00e9loges pour Vincent Kompany apr\u00e8s six mois \u00e0 la t\u00eate du Bayern \u2013 Stefan Effenberg est ravi"},{"@type":"BreadcrumbList","@id":"https:\/\/vieassociative.be\/actualites\/beaucoup-deloges-pour-vincent-kompany-apres-six-mois-a-la-tete-du-bayern-stefan-effenberg-est-ravi\/#breadcrumb","itemListElement":[{"@type":"ListItem","position":1,"name":"Accueil","item":"https:\/\/vieassociative.be\/actualites\/"},{"@type":"ListItem","position":2,"name":"Beaucoup d\u2019\u00e9loges pour Vincent Kompany apr\u00e8s six mois \u00e0 la t\u00eate du Bayern \u2013 Stefan Effenberg est ravi"}]},{"@type":"WebSite","@id":"https:\/\/vieassociative.be\/actualites\/#website","url":"https:\/\/vieassociative.be\/actualites\/","name":"Vie Associative","description":"","publisher":{"@id":"https:\/\/vieassociative.be\/actualites\/#organization"},"potentialAction":[{"@type":"SearchAction","target":{"@type":"EntryPoint","urlTemplate":"https:\/\/vieassociative.be\/actualites\/?s={search_term_string}"},"query-input":{"@type":"PropertyValueSpecification","valueRequired":true,"valueName":"search_term_string"}}],"inLanguage":"fr-BE"},{"@type":"Organization","@id":"https:\/\/vieassociative.be\/actualites\/#organization","name":"Vie Associative","url":"https:\/\/vieassociative.be\/actualites\/","logo":{"@type":"ImageObject","inLanguage":"fr-BE","@id":"https:\/\/vieassociative.be\/actualites\/#\/schema\/logo\/image\/","url":"https:\/\/vieassociative.be\/actualites\/wp-content\/uploads\/2024\/09\/cropped-vieassociative_favicon.ico.png","contentUrl":"https:\/\/vieassociative.be\/actualites\/wp-content\/uploads\/2024\/09\/cropped-vieassociative_favicon.ico.png","width":512,"height":512,"caption":"Vie Associative"},"image":{"@id":"https:\/\/vieassociative.be\/actualites\/#\/schema\/logo\/image\/"}},{"@type":"Person","@id":"https:\/\/vieassociative.be\/actualites\/#\/schema\/person\/b87ac4f82f9d4e7b7cec7395b679edc4","name":"Julien","image":{"@type":"ImageObject","inLanguage":"fr-BE","@id":"https:\/\/vieassociative.be\/actualites\/#\/schema\/person\/image\/","url":"https:\/\/vieassociative.be\/actualites\/wp-content\/uploads\/2024\/09\/vie-associative-1-150x150.jpg","contentUrl":"https:\/\/vieassociative.be\/actualites\/wp-content\/uploads\/2024\/09\/vie-associative-1-150x150.jpg","caption":"Julien"},"description":"Je suis Julien, r\u00e9dacteur pour Vie Associative. Passionn\u00e9 par le monde associatif depuis plus de 10 ans, j'ai \u00e0 c\u0153ur de partager des histoires inspirantes et de mettre en lumi\u00e8re les initiatives locales. Mon objectif est de sensibiliser et d'encourager l'engagement communautaire \u00e0 travers mes articles.","sameAs":["https:\/\/vieassociative.be\/"]}]}},"_links":{"self":[{"href":"https:\/\/vieassociative.be\/actualites\/wp-json\/wp\/v2\/posts\/4066"}],"collection":[{"href":"https:\/\/vieassociative.be\/actualites\/wp-json\/wp\/v2\/posts"}],"about":[{"href":"https:\/\/vieassociative.be\/actualites\/wp-json\/wp\/v2\/types\/post"}],"author":[{"embeddable":true,"href":"https:\/\/vieassociative.be\/actualites\/wp-json\/wp\/v2\/users\/1"}],"replies":[{"embeddable":true,"href":"https:\/\/vieassociative.be\/actualites\/wp-json\/wp\/v2\/comments?post=4066"}],"version-history":[{"count":0,"href":"https:\/\/vieassociative.be\/actualites\/wp-json\/wp\/v2\/posts\/4066\/revisions"}],"wp:featuredmedia":[{"embeddable":true,"href":"https:\/\/vieassociative.be\/actualites\/wp-json\/wp\/v2\/media\/4067"}],"wp:attachment":[{"href":"https:\/\/vieassociative.be\/actualites\/wp-json\/wp\/v2\/media?parent=4066"}],"wp:term":[{"taxonomy":"category","embeddable":true,"href":"https:\/\/vieassociative.be\/actualites\/wp-json\/wp\/v2\/categories?post=4066"},{"taxonomy":"post_tag","embeddable":true,"href":"https:\/\/vieassociative.be\/actualites\/wp-json\/wp\/v2\/tags?post=4066"}],"curies":[{"name":"wp","href":"https:\/\/api.w.org\/{rel}","templated":true}]}}