{"id":4064,"date":"2025-01-05T08:20:09","date_gmt":"2025-01-05T07:20:09","guid":{"rendered":"https:\/\/vieassociative.be\/actualites\/cette-montre-samsung-est-actuellement-a-son-prix-le-plus-bas\/"},"modified":"2025-01-05T08:20:09","modified_gmt":"2025-01-05T07:20:09","slug":"cette-montre-samsung-est-actuellement-a-son-prix-le-plus-bas","status":"publish","type":"post","link":"https:\/\/vieassociative.be\/actualites\/cette-montre-samsung-est-actuellement-a-son-prix-le-plus-bas\/","title":{"rendered":"Cette montre Samsung est actuellement \u00e0 son prix le plus bas"},"content":{"rendered":"<div class=\"mt-4 leading-6 md:mb-8\">Cette montre intelligente \u00e9conomique offre de nombreuses fonctionnalit\u00e9s.<\/div>\n<p><\/p>\n<p>La Samsung Galaxy Watch FE, couronn\u00e9e \u00ab\u00a0la meilleure montre intelligente Android de 2024\u00a0\u00bb par PCMag, est actuellement au prix de 199,99\u00a0$ (contre 249,99\u00a0$), le prix le plus bas jamais atteint, selon les trackers de prix). Con\u00e7ue exclusivement pour les utilisateurs d&rsquo;Android (Android 10 ou plus r\u00e9cent), il s&rsquo;agit d&rsquo;une montre intelligente compacte de 40 mm dot\u00e9e d&rsquo;un \u00e9cran Super AMOLED de 1,19 pouces. Cela dit, ses cadres sont un peu gros, ce qui pourrait ne pas plaire \u00e0 tout le monde. Sa configuration est simple mais n\u00e9cessite quelques applications suppl\u00e9mentaires. Vous aurez besoin de Galaxy Wearable pour commencer, de Samsung Health pour acc\u00e9der \u00e0 des mesures de sant\u00e9 d\u00e9taill\u00e9es et de Samsung Health Monitor pour les ECG. C&rsquo;est un peu compliqu\u00e9 mais g\u00e9rable si vous \u00eates d\u00e9j\u00e0 dans l&rsquo;\u00e9cosyst\u00e8me de Samsung.<\/p>\n<div class=\"pogoClear mb-12 mt-10 rounded-md border-2 border-gray-100 py-7 shadow-xl md:py-6\">\n<div class=\"flex flex-wrap justify-between px-7 text-black no-underline md:flex-nowrap md:px-8\">\n<div class=\"order-1 mx-auto flex flex-col justify-center md:order-2 md:ml-4 md:w-full md:grow\">\n<div class=\"block cursor-pointer text-center font-akshar text-2xl font-medium leading-7 text-brand-green duration-200 ease-in-out hover:text-brand-green-700 md:text-left md:text-xl md:leading-6\">SAMSUNG Galaxy Watch FE 40 mm LTE AI Smartwatch avec suivi de la condition physique, capteur BIA, zones HR personnalis\u00e9es, suivi de la fr\u00e9quence cardiaque, moniteur de sommeil, 2024, noir (version am\u00e9ricaine, garantie fabricant 1 an)\n                <\/div>\n<div class=\"mt-4 hidden md:flex md:justify-between\">\n<div class=\"self-end\">\n<div class=\"mb-0 h-11 md:flex md:flex-col md:justify-center\">\n<div class=\" font-sans leading-4 text-black\">\n<div class=\"flex flex-wrap items-center justify-center gap-x-1 md:justify-start\">\n        <span class=\"font-bold\"><\/p>\n<p>            199,99\u00a0$<br \/>\n                            <span class=\"font-medium\">chez Amazon<\/span><br \/>\n                    <\/span><br \/>\n                    <img decoding=\"async\" class=\"mt-0 h-(15px)\" src=\"https:\/\/vieassociative.be\/actualites\/wp-content\/uploads\/2025\/01\/Cette-montre-Samsung-est-actuellement-a-son-prix-le-plus.svg.svg+xml\" title=\"Amazon Premier\" alt=\"Amazon Premier\">\n            <\/div>\n<div class=\"flex items-center justify-center gap-x-1 font-bold md:justify-start\">\n            <span class=\"text-sm line-through\">249,99\u00a0$<\/span><br \/>\n            <span class=\"text-sm text-brand-green\">\u00c9conomisez 50,00\u00a0$<\/span>\n        <\/div>\n<\/p><\/div>\n<\/p><\/div>\n<\/p><\/div>\n<div class=\"w-44 self-end\">\n                            <button class=\"flex justify-center items-center w-full bg-brand-green text-white text-base font-sans font-medium rounded-md hover:bg-brand-green-700 hover:cursor-pointer md:text-sm h-11\"><\/p>\n<p>    Obtenez une offre<br \/>\n<\/button>\n                        <\/div>\n<\/p><\/div>\n<\/p><\/div>\n<div class=\"order-2 mt-5 h-auto w-full md:order-1 md:mt-0 md:hidden\">\n<div class=\"flex aspect-video items-center justify-center\">\n                                            <img decoding=\"async\" class=\"m-0 max-h-full max-w-full rounded-md\" src=\"https:\/\/vieassociative.be\/actualites\/wp-content\/uploads\/2025\/01\/Cette-montre-Samsung-est-actuellement-a-son-prix-le-plus.jpg\" alt=\"SAMSUNG Galaxy Watch FE 40 mm LTE AI Smartwatch avec suivi de la condition physique, capteur BIA, zones HR personnalis\u00e9es, suivi de la fr\u00e9quence cardiaque, moniteur de sommeil, 2024, noir (version am\u00e9ricaine, garantie fabricant 1 an)\" width=\"auto\" height=\"auto\" loading=\"lazy\">\n                                    <\/div>\n<\/p><\/div>\n<div class=\"order-2 ml-2 hidden w-32 shrink-0 items-center md:order-1 md:ml-0 md:flex\">\n<div class=\"flex aspect-video items-center justify-center\">\n                                            <img decoding=\"async\" class=\"m-0 max-h-full max-w-full rounded-md\" src=\"https:\/\/vieassociative.be\/actualites\/wp-content\/uploads\/2025\/01\/Cette-montre-Samsung-est-actuellement-a-son-prix-le-plus.jpg\" alt=\"SAMSUNG Galaxy Watch FE 40 mm LTE AI Smartwatch avec suivi de la condition physique, capteur BIA, zones HR personnalis\u00e9es, suivi de la fr\u00e9quence cardiaque, moniteur de sommeil, 2024, noir (version am\u00e9ricaine, garantie fabricant 1 an)\" width=\"auto\" height=\"auto\" loading=\"lazy\">\n                                    <\/div>\n<\/p><\/div>\n<div class=\"order-3 flex grow flex-wrap md:hidden md:grow-0\">\n<div class=\"mt-4 w-full\">\n                        <button class=\"flex justify-center items-center w-full bg-brand-green text-white text-base font-sans font-medium rounded-md hover:bg-brand-green-700 hover:cursor-pointer md:text-sm h-11\"><\/p>\n<p>    Obtenez une offre<br \/>\n<\/button>\n                    <\/div>\n<div class=\"mx-2 mt-4 w-full\">\n<div class=\" font-sans leading-4 text-black\">\n<div class=\"flex flex-wrap items-center justify-center gap-x-1 md:justify-start\">\n        <span class=\"font-bold\"><\/p>\n<p>            199,99\u00a0$<br \/>\n                            <span class=\"font-medium\">chez Amazon<\/span><br \/>\n                    <\/span><br \/>\n                    <img decoding=\"async\" class=\"mt-0 h-(15px)\" src=\"https:\/\/vieassociative.be\/actualites\/wp-content\/uploads\/2025\/01\/Cette-montre-Samsung-est-actuellement-a-son-prix-le-plus.svg.svg+xml\" title=\"Amazon Premier\" alt=\"Amazon Premier\">\n            <\/div>\n<div class=\"flex items-center justify-center gap-x-1 font-bold md:justify-start\">\n            <span class=\"text-sm line-through\">249,99\u00a0$<\/span><br \/>\n            <span class=\"text-sm text-brand-green\">\u00c9conomisez 50,00\u00a0$<\/span>\n        <\/div>\n<\/p><\/div>\n<\/p><\/div>\n<\/p><\/div>\n<\/p><\/div>\n<\/div>\n<p>La Galaxy Watch FE couvre l\u2019essentiel en mati\u00e8re de sant\u00e9, en suivant la fr\u00e9quence cardiaque, les phases de sommeil, les niveaux d\u2019oxyg\u00e8ne dans le sang et les mesures de composition corporelle telles que le pourcentage de graisse corporelle et l\u2019IMC. La d\u00e9tection des ronflements est \u00e9galement disponible, mais uniquement si vous utilisez un t\u00e9l\u00e9phone Samsung. Cependant, il lui manque quelques fonctionnalit\u00e9s haut de gamme telles que la d\u00e9tection de l\u2019apn\u00e9e du sommeil, les capteurs de temp\u00e9rature cutan\u00e9e et Galaxy AI. C\u00f4t\u00e9 lifestyle, \u00e7a tient le coup. Vous aurez acc\u00e8s \u00e0 une vari\u00e9t\u00e9 d&rsquo;applications tierces via le Google Play Store, avec des options populaires telles que Audible, Calm, Spotify et WhatsApp facilement disponibles. La montre vous permet \u00e9galement de passer des appels, d&rsquo;envoyer des SMS et de recevoir des notifications, ce qui en fait un compagnon pratique au quotidien.<\/p>\n<p>Disponible en noir, argent et or rose, la Galaxy Watch FE est l\u00e9g\u00e8re (\u00e0 peine 0,9 once), mais elle est con\u00e7ue pour durer. Avec un indice IP68, une r\u00e9sistance \u00e0 l&rsquo;eau de 5 ATM et une certification MIL-STD-810H, il est suffisamment robuste pour r\u00e9sister \u00e0 la poussi\u00e8re, \u00e0 l&rsquo;immersion et aux temp\u00e9ratures extr\u00eames. La dur\u00e9e de vie de la batterie de la Watch FE est correcte, mais pas r\u00e9volutionnaire. Vous pouvez vous attendre \u00e0 27 heures d&rsquo;utilisation avec l&rsquo;affichage permanent, ou \u00e0 40 heures avec celui-ci \u00e9teint, selon cette revue PCMag. Si une dur\u00e9e de vie plus longue de la batterie est indispensable, la OnePlus Watch 2, actuellement au prix de 249,95 $ (contre 299,99 $), pourrait \u00eatre une meilleure solution.<\/p>\n","protected":false},"excerpt":{"rendered":"<p>Cette montre intelligente \u00e9conomique offre de nombreuses fonctionnalit\u00e9s. La Samsung Galaxy Watch FE, couronn\u00e9e \u00ab\u00a0la meilleure montre intelligente Android de 2024\u00a0\u00bb par PCMag, est actuellement<\/p>\n","protected":false},"author":1,"featured_media":4065,"comment_status":"","ping_status":"","sticky":false,"template":"","format":"standard","meta":{"footnotes":""},"categories":[13],"tags":[19,700,206,76,1252,1399,1878,800],"class_list":["post-4064","post","type-post","status-publish","format-standard","has-post-thumbnail","hentry","category-technologie","tag-actuellement","tag-bas","tag-cette","tag-est","tag-montre","tag-prix","tag-samsung","tag-son","generate-columns","tablet-grid-50","mobile-grid-100","grid-parent","grid-33"],"yoast_head":"<!-- This site is optimized with the Yoast SEO plugin v24.0 - https:\/\/yoast.com\/wordpress\/plugins\/seo\/ -->\n<title>Cette montre Samsung est actuellement \u00e0 son prix le plus bas | Vie Associative<\/title>\n<meta name=\"robots\" content=\"index, follow, max-snippet:-1, max-image-preview:large, max-video-preview:-1\" \/>\n<link rel=\"canonical\" href=\"https:\/\/vieassociative.be\/actualites\/cette-montre-samsung-est-actuellement-a-son-prix-le-plus-bas\/\" \/>\n<meta property=\"og:locale\" content=\"fr_FR\" \/>\n<meta property=\"og:type\" content=\"article\" \/>\n<meta property=\"og:title\" content=\"Cette montre Samsung est actuellement \u00e0 son prix le plus bas | Vie Associative\" \/>\n<meta property=\"og:description\" content=\"Cette montre intelligente \u00e9conomique offre de nombreuses fonctionnalit\u00e9s. La Samsung Galaxy Watch FE, couronn\u00e9e \u00ab\u00a0la meilleure montre intelligente Android de 2024\u00a0\u00bb par PCMag, est actuellement\" \/>\n<meta property=\"og:url\" content=\"https:\/\/vieassociative.be\/actualites\/cette-montre-samsung-est-actuellement-a-son-prix-le-plus-bas\/\" \/>\n<meta property=\"og:site_name\" content=\"Vie Associative\" \/>\n<meta property=\"article:published_time\" content=\"2025-01-05T07:20:09+00:00\" \/>\n<meta property=\"og:image\" content=\"https:\/\/vieassociative.be\/actualites\/wp-content\/uploads\/2025\/01\/Cette-montre-Samsung-est-actuellement-a-son-prix-le-plus.svg.svg+xml\" \/>\n<meta name=\"author\" content=\"Julien\" \/>\n<meta name=\"twitter:card\" content=\"summary_large_image\" \/>\n<meta name=\"twitter:label1\" content=\"\u00c9crit par\" \/>\n\t<meta name=\"twitter:data1\" content=\"Julien\" \/>\n\t<meta name=\"twitter:label2\" content=\"Dur\u00e9e de lecture est.\" \/>\n\t<meta name=\"twitter:data2\" content=\"2 minutes\" \/>\n<script type=\"application\/ld+json\" class=\"yoast-schema-graph\">{\"@context\":\"https:\/\/schema.org\",\"@graph\":[{\"@type\":\"Article\",\"@id\":\"https:\/\/vieassociative.be\/actualites\/cette-montre-samsung-est-actuellement-a-son-prix-le-plus-bas\/#article\",\"isPartOf\":{\"@id\":\"https:\/\/vieassociative.be\/actualites\/cette-montre-samsung-est-actuellement-a-son-prix-le-plus-bas\/\"},\"author\":{\"name\":\"Julien\",\"@id\":\"https:\/\/vieassociative.be\/actualites\/#\/schema\/person\/b87ac4f82f9d4e7b7cec7395b679edc4\"},\"headline\":\"Cette montre Samsung est actuellement \u00e0 son prix le plus bas\",\"datePublished\":\"2025-01-05T07:20:09+00:00\",\"dateModified\":\"2025-01-05T07:20:09+00:00\",\"mainEntityOfPage\":{\"@id\":\"https:\/\/vieassociative.be\/actualites\/cette-montre-samsung-est-actuellement-a-son-prix-le-plus-bas\/\"},\"wordCount\":487,\"publisher\":{\"@id\":\"https:\/\/vieassociative.be\/actualites\/#organization\"},\"image\":{\"@id\":\"https:\/\/vieassociative.be\/actualites\/cette-montre-samsung-est-actuellement-a-son-prix-le-plus-bas\/#primaryimage\"},\"thumbnailUrl\":\"https:\/\/vieassociative.be\/actualites\/wp-content\/uploads\/2025\/01\/Cette-montre-Samsung-est-actuellement-a-son-prix-le-plus.png\",\"keywords\":[\"actuellement\",\"bas\",\"cette\",\"est\",\"montre\",\"prix\",\"Samsung\",\"son\"],\"articleSection\":[\"Technologie\"],\"inLanguage\":\"fr-BE\"},{\"@type\":\"WebPage\",\"@id\":\"https:\/\/vieassociative.be\/actualites\/cette-montre-samsung-est-actuellement-a-son-prix-le-plus-bas\/\",\"url\":\"https:\/\/vieassociative.be\/actualites\/cette-montre-samsung-est-actuellement-a-son-prix-le-plus-bas\/\",\"name\":\"Cette montre Samsung est actuellement \u00e0 son prix le plus bas | Vie Associative\",\"isPartOf\":{\"@id\":\"https:\/\/vieassociative.be\/actualites\/#website\"},\"primaryImageOfPage\":{\"@id\":\"https:\/\/vieassociative.be\/actualites\/cette-montre-samsung-est-actuellement-a-son-prix-le-plus-bas\/#primaryimage\"},\"image\":{\"@id\":\"https:\/\/vieassociative.be\/actualites\/cette-montre-samsung-est-actuellement-a-son-prix-le-plus-bas\/#primaryimage\"},\"thumbnailUrl\":\"https:\/\/vieassociative.be\/actualites\/wp-content\/uploads\/2025\/01\/Cette-montre-Samsung-est-actuellement-a-son-prix-le-plus.png\",\"datePublished\":\"2025-01-05T07:20:09+00:00\",\"dateModified\":\"2025-01-05T07:20:09+00:00\",\"breadcrumb\":{\"@id\":\"https:\/\/vieassociative.be\/actualites\/cette-montre-samsung-est-actuellement-a-son-prix-le-plus-bas\/#breadcrumb\"},\"inLanguage\":\"fr-BE\",\"potentialAction\":[{\"@type\":\"ReadAction\",\"target\":[\"https:\/\/vieassociative.be\/actualites\/cette-montre-samsung-est-actuellement-a-son-prix-le-plus-bas\/\"]}]},{\"@type\":\"ImageObject\",\"inLanguage\":\"fr-BE\",\"@id\":\"https:\/\/vieassociative.be\/actualites\/cette-montre-samsung-est-actuellement-a-son-prix-le-plus-bas\/#primaryimage\",\"url\":\"https:\/\/vieassociative.be\/actualites\/wp-content\/uploads\/2025\/01\/Cette-montre-Samsung-est-actuellement-a-son-prix-le-plus.png\",\"contentUrl\":\"https:\/\/vieassociative.be\/actualites\/wp-content\/uploads\/2025\/01\/Cette-montre-Samsung-est-actuellement-a-son-prix-le-plus.png\",\"width\":1200,\"height\":675,\"caption\":\"Cette montre Samsung est actuellement \u00e0 son prix le plus bas\"},{\"@type\":\"BreadcrumbList\",\"@id\":\"https:\/\/vieassociative.be\/actualites\/cette-montre-samsung-est-actuellement-a-son-prix-le-plus-bas\/#breadcrumb\",\"itemListElement\":[{\"@type\":\"ListItem\",\"position\":1,\"name\":\"Accueil\",\"item\":\"https:\/\/vieassociative.be\/actualites\/\"},{\"@type\":\"ListItem\",\"position\":2,\"name\":\"Cette montre Samsung est actuellement \u00e0 son prix le plus bas\"}]},{\"@type\":\"WebSite\",\"@id\":\"https:\/\/vieassociative.be\/actualites\/#website\",\"url\":\"https:\/\/vieassociative.be\/actualites\/\",\"name\":\"Vie Associative\",\"description\":\"\",\"publisher\":{\"@id\":\"https:\/\/vieassociative.be\/actualites\/#organization\"},\"potentialAction\":[{\"@type\":\"SearchAction\",\"target\":{\"@type\":\"EntryPoint\",\"urlTemplate\":\"https:\/\/vieassociative.be\/actualites\/?s={search_term_string}\"},\"query-input\":{\"@type\":\"PropertyValueSpecification\",\"valueRequired\":true,\"valueName\":\"search_term_string\"}}],\"inLanguage\":\"fr-BE\"},{\"@type\":\"Organization\",\"@id\":\"https:\/\/vieassociative.be\/actualites\/#organization\",\"name\":\"Vie Associative\",\"url\":\"https:\/\/vieassociative.be\/actualites\/\",\"logo\":{\"@type\":\"ImageObject\",\"inLanguage\":\"fr-BE\",\"@id\":\"https:\/\/vieassociative.be\/actualites\/#\/schema\/logo\/image\/\",\"url\":\"https:\/\/vieassociative.be\/actualites\/wp-content\/uploads\/2024\/09\/cropped-vieassociative_favicon.ico.png\",\"contentUrl\":\"https:\/\/vieassociative.be\/actualites\/wp-content\/uploads\/2024\/09\/cropped-vieassociative_favicon.ico.png\",\"width\":512,\"height\":512,\"caption\":\"Vie Associative\"},\"image\":{\"@id\":\"https:\/\/vieassociative.be\/actualites\/#\/schema\/logo\/image\/\"}},{\"@type\":\"Person\",\"@id\":\"https:\/\/vieassociative.be\/actualites\/#\/schema\/person\/b87ac4f82f9d4e7b7cec7395b679edc4\",\"name\":\"Julien\",\"image\":{\"@type\":\"ImageObject\",\"inLanguage\":\"fr-BE\",\"@id\":\"https:\/\/vieassociative.be\/actualites\/#\/schema\/person\/image\/\",\"url\":\"https:\/\/vieassociative.be\/actualites\/wp-content\/uploads\/2024\/09\/vie-associative-1-150x150.jpg\",\"contentUrl\":\"https:\/\/vieassociative.be\/actualites\/wp-content\/uploads\/2024\/09\/vie-associative-1-150x150.jpg\",\"caption\":\"Julien\"},\"description\":\"Je suis Julien, r\u00e9dacteur pour Vie Associative. Passionn\u00e9 par le monde associatif depuis plus de 10 ans, j'ai \u00e0 c\u0153ur de partager des histoires inspirantes et de mettre en lumi\u00e8re les initiatives locales. Mon objectif est de sensibiliser et d'encourager l'engagement communautaire \u00e0 travers mes articles.\",\"sameAs\":[\"https:\/\/vieassociative.be\/\"]}]}<\/script>\n<!-- \/ Yoast SEO plugin. -->","yoast_head_json":{"title":"Cette montre Samsung est actuellement \u00e0 son prix le plus bas | Vie Associative","robots":{"index":"index","follow":"follow","max-snippet":"max-snippet:-1","max-image-preview":"max-image-preview:large","max-video-preview":"max-video-preview:-1"},"canonical":"https:\/\/vieassociative.be\/actualites\/cette-montre-samsung-est-actuellement-a-son-prix-le-plus-bas\/","og_locale":"fr_FR","og_type":"article","og_title":"Cette montre Samsung est actuellement \u00e0 son prix le plus bas | Vie Associative","og_description":"Cette montre intelligente \u00e9conomique offre de nombreuses fonctionnalit\u00e9s. La Samsung Galaxy Watch FE, couronn\u00e9e \u00ab\u00a0la meilleure montre intelligente Android de 2024\u00a0\u00bb par PCMag, est actuellement","og_url":"https:\/\/vieassociative.be\/actualites\/cette-montre-samsung-est-actuellement-a-son-prix-le-plus-bas\/","og_site_name":"Vie Associative","article_published_time":"2025-01-05T07:20:09+00:00","og_image":[{"url":"https:\/\/vieassociative.be\/actualites\/wp-content\/uploads\/2025\/01\/Cette-montre-Samsung-est-actuellement-a-son-prix-le-plus.svg.svg+xml","type":"","width":"","height":""}],"author":"Julien","twitter_card":"summary_large_image","twitter_misc":{"\u00c9crit par":"Julien","Dur\u00e9e de lecture est.":"2 minutes"},"schema":{"@context":"https:\/\/schema.org","@graph":[{"@type":"Article","@id":"https:\/\/vieassociative.be\/actualites\/cette-montre-samsung-est-actuellement-a-son-prix-le-plus-bas\/#article","isPartOf":{"@id":"https:\/\/vieassociative.be\/actualites\/cette-montre-samsung-est-actuellement-a-son-prix-le-plus-bas\/"},"author":{"name":"Julien","@id":"https:\/\/vieassociative.be\/actualites\/#\/schema\/person\/b87ac4f82f9d4e7b7cec7395b679edc4"},"headline":"Cette montre Samsung est actuellement \u00e0 son prix le plus bas","datePublished":"2025-01-05T07:20:09+00:00","dateModified":"2025-01-05T07:20:09+00:00","mainEntityOfPage":{"@id":"https:\/\/vieassociative.be\/actualites\/cette-montre-samsung-est-actuellement-a-son-prix-le-plus-bas\/"},"wordCount":487,"publisher":{"@id":"https:\/\/vieassociative.be\/actualites\/#organization"},"image":{"@id":"https:\/\/vieassociative.be\/actualites\/cette-montre-samsung-est-actuellement-a-son-prix-le-plus-bas\/#primaryimage"},"thumbnailUrl":"https:\/\/vieassociative.be\/actualites\/wp-content\/uploads\/2025\/01\/Cette-montre-Samsung-est-actuellement-a-son-prix-le-plus.png","keywords":["actuellement","bas","cette","est","montre","prix","Samsung","son"],"articleSection":["Technologie"],"inLanguage":"fr-BE"},{"@type":"WebPage","@id":"https:\/\/vieassociative.be\/actualites\/cette-montre-samsung-est-actuellement-a-son-prix-le-plus-bas\/","url":"https:\/\/vieassociative.be\/actualites\/cette-montre-samsung-est-actuellement-a-son-prix-le-plus-bas\/","name":"Cette montre Samsung est actuellement \u00e0 son prix le plus bas | Vie Associative","isPartOf":{"@id":"https:\/\/vieassociative.be\/actualites\/#website"},"primaryImageOfPage":{"@id":"https:\/\/vieassociative.be\/actualites\/cette-montre-samsung-est-actuellement-a-son-prix-le-plus-bas\/#primaryimage"},"image":{"@id":"https:\/\/vieassociative.be\/actualites\/cette-montre-samsung-est-actuellement-a-son-prix-le-plus-bas\/#primaryimage"},"thumbnailUrl":"https:\/\/vieassociative.be\/actualites\/wp-content\/uploads\/2025\/01\/Cette-montre-Samsung-est-actuellement-a-son-prix-le-plus.png","datePublished":"2025-01-05T07:20:09+00:00","dateModified":"2025-01-05T07:20:09+00:00","breadcrumb":{"@id":"https:\/\/vieassociative.be\/actualites\/cette-montre-samsung-est-actuellement-a-son-prix-le-plus-bas\/#breadcrumb"},"inLanguage":"fr-BE","potentialAction":[{"@type":"ReadAction","target":["https:\/\/vieassociative.be\/actualites\/cette-montre-samsung-est-actuellement-a-son-prix-le-plus-bas\/"]}]},{"@type":"ImageObject","inLanguage":"fr-BE","@id":"https:\/\/vieassociative.be\/actualites\/cette-montre-samsung-est-actuellement-a-son-prix-le-plus-bas\/#primaryimage","url":"https:\/\/vieassociative.be\/actualites\/wp-content\/uploads\/2025\/01\/Cette-montre-Samsung-est-actuellement-a-son-prix-le-plus.png","contentUrl":"https:\/\/vieassociative.be\/actualites\/wp-content\/uploads\/2025\/01\/Cette-montre-Samsung-est-actuellement-a-son-prix-le-plus.png","width":1200,"height":675,"caption":"Cette montre Samsung est actuellement \u00e0 son prix le plus bas"},{"@type":"BreadcrumbList","@id":"https:\/\/vieassociative.be\/actualites\/cette-montre-samsung-est-actuellement-a-son-prix-le-plus-bas\/#breadcrumb","itemListElement":[{"@type":"ListItem","position":1,"name":"Accueil","item":"https:\/\/vieassociative.be\/actualites\/"},{"@type":"ListItem","position":2,"name":"Cette montre Samsung est actuellement \u00e0 son prix le plus bas"}]},{"@type":"WebSite","@id":"https:\/\/vieassociative.be\/actualites\/#website","url":"https:\/\/vieassociative.be\/actualites\/","name":"Vie Associative","description":"","publisher":{"@id":"https:\/\/vieassociative.be\/actualites\/#organization"},"potentialAction":[{"@type":"SearchAction","target":{"@type":"EntryPoint","urlTemplate":"https:\/\/vieassociative.be\/actualites\/?s={search_term_string}"},"query-input":{"@type":"PropertyValueSpecification","valueRequired":true,"valueName":"search_term_string"}}],"inLanguage":"fr-BE"},{"@type":"Organization","@id":"https:\/\/vieassociative.be\/actualites\/#organization","name":"Vie Associative","url":"https:\/\/vieassociative.be\/actualites\/","logo":{"@type":"ImageObject","inLanguage":"fr-BE","@id":"https:\/\/vieassociative.be\/actualites\/#\/schema\/logo\/image\/","url":"https:\/\/vieassociative.be\/actualites\/wp-content\/uploads\/2024\/09\/cropped-vieassociative_favicon.ico.png","contentUrl":"https:\/\/vieassociative.be\/actualites\/wp-content\/uploads\/2024\/09\/cropped-vieassociative_favicon.ico.png","width":512,"height":512,"caption":"Vie Associative"},"image":{"@id":"https:\/\/vieassociative.be\/actualites\/#\/schema\/logo\/image\/"}},{"@type":"Person","@id":"https:\/\/vieassociative.be\/actualites\/#\/schema\/person\/b87ac4f82f9d4e7b7cec7395b679edc4","name":"Julien","image":{"@type":"ImageObject","inLanguage":"fr-BE","@id":"https:\/\/vieassociative.be\/actualites\/#\/schema\/person\/image\/","url":"https:\/\/vieassociative.be\/actualites\/wp-content\/uploads\/2024\/09\/vie-associative-1-150x150.jpg","contentUrl":"https:\/\/vieassociative.be\/actualites\/wp-content\/uploads\/2024\/09\/vie-associative-1-150x150.jpg","caption":"Julien"},"description":"Je suis Julien, r\u00e9dacteur pour Vie Associative. Passionn\u00e9 par le monde associatif depuis plus de 10 ans, j'ai \u00e0 c\u0153ur de partager des histoires inspirantes et de mettre en lumi\u00e8re les initiatives locales. Mon objectif est de sensibiliser et d'encourager l'engagement communautaire \u00e0 travers mes articles.","sameAs":["https:\/\/vieassociative.be\/"]}]}},"_links":{"self":[{"href":"https:\/\/vieassociative.be\/actualites\/wp-json\/wp\/v2\/posts\/4064"}],"collection":[{"href":"https:\/\/vieassociative.be\/actualites\/wp-json\/wp\/v2\/posts"}],"about":[{"href":"https:\/\/vieassociative.be\/actualites\/wp-json\/wp\/v2\/types\/post"}],"author":[{"embeddable":true,"href":"https:\/\/vieassociative.be\/actualites\/wp-json\/wp\/v2\/users\/1"}],"replies":[{"embeddable":true,"href":"https:\/\/vieassociative.be\/actualites\/wp-json\/wp\/v2\/comments?post=4064"}],"version-history":[{"count":0,"href":"https:\/\/vieassociative.be\/actualites\/wp-json\/wp\/v2\/posts\/4064\/revisions"}],"wp:featuredmedia":[{"embeddable":true,"href":"https:\/\/vieassociative.be\/actualites\/wp-json\/wp\/v2\/media\/4065"}],"wp:attachment":[{"href":"https:\/\/vieassociative.be\/actualites\/wp-json\/wp\/v2\/media?parent=4064"}],"wp:term":[{"taxonomy":"category","embeddable":true,"href":"https:\/\/vieassociative.be\/actualites\/wp-json\/wp\/v2\/categories?post=4064"},{"taxonomy":"post_tag","embeddable":true,"href":"https:\/\/vieassociative.be\/actualites\/wp-json\/wp\/v2\/tags?post=4064"}],"curies":[{"name":"wp","href":"https:\/\/api.w.org\/{rel}","templated":true}]}}