{"id":4060,"date":"2025-01-05T06:17:51","date_gmt":"2025-01-05T05:17:51","guid":{"rendered":"https:\/\/vieassociative.be\/actualites\/pourquoi-avez-vous-besoin-dune-adresse-e-mail-familiale\/"},"modified":"2025-01-05T06:17:51","modified_gmt":"2025-01-05T05:17:51","slug":"pourquoi-avez-vous-besoin-dune-adresse-e-mail-familiale","status":"publish","type":"post","link":"https:\/\/vieassociative.be\/actualites\/pourquoi-avez-vous-besoin-dune-adresse-e-mail-familiale\/","title":{"rendered":"Pourquoi avez-vous besoin d&rsquo;une \u00ab adresse e-mail familiale \u00bb"},"content":{"rendered":"<div class=\"mt-4 leading-6 md:mb-8\">Centraliser toutes les communications num\u00e9riques li\u00e9es aux enfants peut \u00eatre une bou\u00e9e de sauvetage.<\/div>\n<p><\/p>\n<p>Permettez-moi de commencer par dire : je n\u2019ai jamais \u00e9t\u00e9 du genre \u00e0 partager une adresse e-mail ou (hal\u00e8tement) un compte Facebook avec un proche. Je ne crois pas que les couples aient besoin de \u00ab tout partager \u00bb, surtout pas un profil de r\u00e9seau social commun rempli de photos de leurs orteils m\u00e9lang\u00e9s \u00e0 la plage.<\/p>\n<p>Cependant, lorsque plusieurs enfants \u2014 et toutes leurs 6 732 activit\u00e9s parascolaires, rendez-vous chez le m\u00e9decin et le dentiste, relev\u00e9s de facturation et pour l&rsquo;amour du b\u00e9b\u00e9 J\u00e9sus, <em>e-mails scolaires quotidiens<\/em>&#8211; entrez en sc\u00e8ne, les choses changent.<\/p>\n<p>J&rsquo;ai r\u00e9alis\u00e9 la folie de mes mani\u00e8res et maintenant je <em>pleurer<\/em> pendant toutes les ann\u00e9es, je n&rsquo;ai pas utilis\u00e9 cette technique simple mais brillante pour partager toutes les informations. Parce qu&rsquo;il y en a tellement, tellement. Voulez-vous \u00eatre le seul gardien de cet horrible tr\u00e9sor de longs e-mails de \u00ab rappels de transport \u00bb et d\u2019\u00ab inscription au repas scolaire \u00bb, jusqu\u2019\u00e0 ce que vos enfants obtiennent leur dipl\u00f4me ? Je suis votre futur, et je suis l\u00e0 pour vous dire : Non. Non, bon sang, ce n&rsquo;est pas le cas. <\/p>\n<p>Id\u00e9alement, une adresse e-mail familiale servira \u00e0 informer de mani\u00e8re \u00e9gale les deux parents des processus, des mises \u00e0 jour, des r\u00e9unions, des demandes de fournitures scolaires, etc., afin qu&rsquo;ils puissent g\u00e9rer \u00e9quitablement la charge de travail qui en d\u00e9coule. En r\u00e9alit\u00e9, cela peut ressembler davantage \u00e0 la personne qui g\u00e8re g\u00e9n\u00e9ralement la majorit\u00e9 de la coordination logistique, mais qui peut maintenant lancer un \u00ab Vous avez les m\u00eames informations que moi \u00bb exasp\u00e9r\u00e9 lorsqu&rsquo;elle a besoin de faire une pause dans son r\u00f4le de bureau d&rsquo;information\/ Directeur de croisi\u00e8re. Et \u00e7a va aussi. <\/p>\n<p>L&rsquo;e-mail familial peut toujours aider \u00e0 lutter contre la surcharge d&rsquo;informations et le ressentiment envers le \u00ab parent principal \u00bb tout en aidant son partenaire \u00e0 se sentir plus inclus et inform\u00e9. Et c&rsquo;est une technique particuli\u00e8rement utile pour les coparents qui ne vivent plus ensemble, pour s&rsquo;assurer que toutes les informations pertinentes parviennent aux deux parties.<\/p>\n<h2 id=\"how-to-make-a-family-email-address-work-for-you\">Comment faire en sorte qu&rsquo;une adresse e-mail familiale fonctionne pour vous<\/h2>\n<p>Tout d\u2019abord, choisissez une adresse e-mail simple qui indique clairement qui vous \u00eates, comme : \u00ab (e-mail prot\u00e9g\u00e9) \u00bb ou \u00ab (e-mail prot\u00e9g\u00e9) \u00bb. Ensuite, pour \u00e9viter d&rsquo;avoir \u00e0 v\u00e9rifier chaque jour une adresse e-mail distincte ou la possibilit\u00e9 qu&rsquo;un e-mail important soit accidentellement supprim\u00e9 par l&rsquo;un des parents, faites transf\u00e9rer ces e-mails vers votre adresse e-mail principale afin de ne rien manquer. <\/p>\n<p>(Vous pouvez m\u00eame configurer des filtres pour que seuls les e-mails du domaine de l&rsquo;\u00e9cole soient transf\u00e9r\u00e9s vers votre adresse e-mail principale, si ceux-ci sont jug\u00e9s les plus importants.)<\/p>\n<h2 id=\"the-benefits\">Les avantages<\/h2>\n<p>Vous pensez peut-\u00eatre : \u00ab Ne pouvons-nous pas simplement envoyer deux adresses e-mail \u00e0 l&rsquo;\u00e9cole (ou ailleurs) et ils les saisiront toutes les deux dans le syst\u00e8me ? Et la r\u00e9ponse est : Peut-\u00eatre. Parfois, cela fonctionne, mais ce n&rsquo;est pas un syst\u00e8me infaillible. Les demandes se perdent, vous devrez peut-\u00eatre faire un suivi, les logiciels \u00e0 l&rsquo;\u00e9chelle du district peuvent \u00eatre anciens et d\u00e9fectueux. Sans oublier, souhaitez-vous passer par le rigamarole \u00ab veuillez mettre ces deux adresses e-mail sur le compte \u00bb avec chaque organisation qui exige un e-mail parental jusqu&rsquo;\u00e0 ce que votre enfant ait 18 ans\u00a0?<\/p>\n<h2 id=\"potential-pitfalls\">Pi\u00e8ges potentiels<\/h2>\n<p>La confusion peut surgir si une personne r\u00e9pond par inadvertance, s&rsquo;inscrit ou d\u00e9marre une conversation avec un enseignant \u00e0 partir de son adresse e-mail personnelle sans mettre en copie l&rsquo;autre parent. Une autre chose qui peut devenir plus obscure concerne les e-mails que vous n\u2019avez pas encore lus. Dans votre bo\u00eete de r\u00e9ception personnelle, la mise en gras de tous les e-mails non lus constitue un signal visuel puissant. Dans une bo\u00eete de r\u00e9ception commune, si votre partenaire a d\u00e9j\u00e0 ouvert l&rsquo;e-mail, il sera plus difficile de d\u00e9tecter ce que vous n&rsquo;avez pas encore vu. Cela n\u00e9cessite une attention plus approfondie pour \u00eatre s\u00fbr de ne rien manquer. <\/p>\n<p>Une communication d\u00e9cente et une tentative de bonne foi de prendre l&rsquo;habitude constructive de toujours copier les r\u00e9ponses de votre partenaire ou coparent peuvent aider \u00e0 att\u00e9nuer ces probl\u00e8mes potentiels. (Et si cela ne fonctionne pas, vous pouvez supprimer le transfert vers votre bo\u00eete de r\u00e9ception personnelle et conserver toute la correspondance dans le compte familial.) Bonne coordination ! (Aucun parent n\u2019a jamais dit). <\/p>\n<p><\/p>\n","protected":false},"excerpt":{"rendered":"<p>Centraliser toutes les communications num\u00e9riques li\u00e9es aux enfants peut \u00eatre une bou\u00e9e de sauvetage. Permettez-moi de commencer par dire : je n\u2019ai jamais \u00e9t\u00e9 du<\/p>\n","protected":false},"author":1,"featured_media":4061,"comment_status":"","ping_status":"","sticky":false,"template":"","format":"standard","meta":{"footnotes":""},"categories":[37],"tags":[4471,1113,259,698,1832,4510,734],"class_list":["post-4060","post","type-post","status-publish","format-standard","has-post-thumbnail","hentry","category-famille","tag-adresse","tag-avezvous","tag-besoin","tag-dune","tag-email","tag-familiale","tag-pourquoi","generate-columns","tablet-grid-50","mobile-grid-100","grid-parent","grid-33"],"yoast_head":"<!-- This site is optimized with the Yoast SEO plugin v24.0 - https:\/\/yoast.com\/wordpress\/plugins\/seo\/ -->\n<title>Pourquoi avez-vous besoin d&#039;une \u00ab adresse e-mail familiale \u00bb | Vie Associative<\/title>\n<meta name=\"robots\" content=\"index, follow, max-snippet:-1, max-image-preview:large, max-video-preview:-1\" \/>\n<link rel=\"canonical\" href=\"https:\/\/vieassociative.be\/actualites\/pourquoi-avez-vous-besoin-dune-adresse-e-mail-familiale\/\" \/>\n<meta property=\"og:locale\" content=\"fr_FR\" \/>\n<meta property=\"og:type\" content=\"article\" \/>\n<meta property=\"og:title\" content=\"Pourquoi avez-vous besoin d&#039;une \u00ab adresse e-mail familiale \u00bb | Vie Associative\" \/>\n<meta property=\"og:description\" content=\"Centraliser toutes les communications num\u00e9riques li\u00e9es aux enfants peut \u00eatre une bou\u00e9e de sauvetage. Permettez-moi de commencer par dire : je n\u2019ai jamais \u00e9t\u00e9 du\" \/>\n<meta property=\"og:url\" content=\"https:\/\/vieassociative.be\/actualites\/pourquoi-avez-vous-besoin-dune-adresse-e-mail-familiale\/\" \/>\n<meta property=\"og:site_name\" content=\"Vie Associative\" \/>\n<meta property=\"article:published_time\" content=\"2025-01-05T05:17:51+00:00\" \/>\n<meta property=\"og:image\" content=\"https:\/\/vieassociative.be\/actualites\/wp-content\/uploads\/2024\/09\/header_backgroundk-01-e1726694325946.png\" \/>\n\t<meta property=\"og:image:width\" content=\"279\" \/>\n\t<meta property=\"og:image:height\" content=\"92\" \/>\n\t<meta property=\"og:image:type\" content=\"image\/png\" \/>\n<meta name=\"author\" content=\"Julien\" \/>\n<meta name=\"twitter:card\" content=\"summary_large_image\" \/>\n<meta name=\"twitter:label1\" content=\"\u00c9crit par\" \/>\n\t<meta name=\"twitter:data1\" content=\"Julien\" \/>\n\t<meta name=\"twitter:label2\" content=\"Dur\u00e9e de lecture est.\" \/>\n\t<meta name=\"twitter:data2\" content=\"4 minutes\" \/>\n<script type=\"application\/ld+json\" class=\"yoast-schema-graph\">{\"@context\":\"https:\/\/schema.org\",\"@graph\":[{\"@type\":\"Article\",\"@id\":\"https:\/\/vieassociative.be\/actualites\/pourquoi-avez-vous-besoin-dune-adresse-e-mail-familiale\/#article\",\"isPartOf\":{\"@id\":\"https:\/\/vieassociative.be\/actualites\/pourquoi-avez-vous-besoin-dune-adresse-e-mail-familiale\/\"},\"author\":{\"name\":\"Julien\",\"@id\":\"https:\/\/vieassociative.be\/actualites\/#\/schema\/person\/b87ac4f82f9d4e7b7cec7395b679edc4\"},\"headline\":\"Pourquoi avez-vous besoin d&rsquo;une \u00ab adresse e-mail familiale \u00bb\",\"datePublished\":\"2025-01-05T05:17:51+00:00\",\"dateModified\":\"2025-01-05T05:17:51+00:00\",\"mainEntityOfPage\":{\"@id\":\"https:\/\/vieassociative.be\/actualites\/pourquoi-avez-vous-besoin-dune-adresse-e-mail-familiale\/\"},\"wordCount\":789,\"publisher\":{\"@id\":\"https:\/\/vieassociative.be\/actualites\/#organization\"},\"image\":{\"@id\":\"https:\/\/vieassociative.be\/actualites\/pourquoi-avez-vous-besoin-dune-adresse-e-mail-familiale\/#primaryimage\"},\"thumbnailUrl\":\"https:\/\/vieassociative.be\/actualites\/wp-content\/uploads\/2025\/01\/Pourquoi-avez-vous-besoin-dune-adresse-e-mail-familiale.jpg\",\"keywords\":[\"adresse\",\"avezvous\",\"besoin\",\"dune\",\"email\",\"familiale\",\"Pourquoi\"],\"articleSection\":[\"Famille\"],\"inLanguage\":\"fr-BE\"},{\"@type\":\"WebPage\",\"@id\":\"https:\/\/vieassociative.be\/actualites\/pourquoi-avez-vous-besoin-dune-adresse-e-mail-familiale\/\",\"url\":\"https:\/\/vieassociative.be\/actualites\/pourquoi-avez-vous-besoin-dune-adresse-e-mail-familiale\/\",\"name\":\"Pourquoi avez-vous besoin d'une \u00ab adresse e-mail familiale \u00bb | Vie Associative\",\"isPartOf\":{\"@id\":\"https:\/\/vieassociative.be\/actualites\/#website\"},\"primaryImageOfPage\":{\"@id\":\"https:\/\/vieassociative.be\/actualites\/pourquoi-avez-vous-besoin-dune-adresse-e-mail-familiale\/#primaryimage\"},\"image\":{\"@id\":\"https:\/\/vieassociative.be\/actualites\/pourquoi-avez-vous-besoin-dune-adresse-e-mail-familiale\/#primaryimage\"},\"thumbnailUrl\":\"https:\/\/vieassociative.be\/actualites\/wp-content\/uploads\/2025\/01\/Pourquoi-avez-vous-besoin-dune-adresse-e-mail-familiale.jpg\",\"datePublished\":\"2025-01-05T05:17:51+00:00\",\"dateModified\":\"2025-01-05T05:17:51+00:00\",\"breadcrumb\":{\"@id\":\"https:\/\/vieassociative.be\/actualites\/pourquoi-avez-vous-besoin-dune-adresse-e-mail-familiale\/#breadcrumb\"},\"inLanguage\":\"fr-BE\",\"potentialAction\":[{\"@type\":\"ReadAction\",\"target\":[\"https:\/\/vieassociative.be\/actualites\/pourquoi-avez-vous-besoin-dune-adresse-e-mail-familiale\/\"]}]},{\"@type\":\"ImageObject\",\"inLanguage\":\"fr-BE\",\"@id\":\"https:\/\/vieassociative.be\/actualites\/pourquoi-avez-vous-besoin-dune-adresse-e-mail-familiale\/#primaryimage\",\"url\":\"https:\/\/vieassociative.be\/actualites\/wp-content\/uploads\/2025\/01\/Pourquoi-avez-vous-besoin-dune-adresse-e-mail-familiale.jpg\",\"contentUrl\":\"https:\/\/vieassociative.be\/actualites\/wp-content\/uploads\/2025\/01\/Pourquoi-avez-vous-besoin-dune-adresse-e-mail-familiale.jpg\",\"width\":1200,\"height\":675,\"caption\":\"Pourquoi avez-vous besoin d'une \u00ab adresse e-mail familiale \u00bb\"},{\"@type\":\"BreadcrumbList\",\"@id\":\"https:\/\/vieassociative.be\/actualites\/pourquoi-avez-vous-besoin-dune-adresse-e-mail-familiale\/#breadcrumb\",\"itemListElement\":[{\"@type\":\"ListItem\",\"position\":1,\"name\":\"Accueil\",\"item\":\"https:\/\/vieassociative.be\/actualites\/\"},{\"@type\":\"ListItem\",\"position\":2,\"name\":\"Pourquoi avez-vous besoin d&rsquo;une \u00ab adresse e-mail familiale \u00bb\"}]},{\"@type\":\"WebSite\",\"@id\":\"https:\/\/vieassociative.be\/actualites\/#website\",\"url\":\"https:\/\/vieassociative.be\/actualites\/\",\"name\":\"Vie Associative\",\"description\":\"\",\"publisher\":{\"@id\":\"https:\/\/vieassociative.be\/actualites\/#organization\"},\"potentialAction\":[{\"@type\":\"SearchAction\",\"target\":{\"@type\":\"EntryPoint\",\"urlTemplate\":\"https:\/\/vieassociative.be\/actualites\/?s={search_term_string}\"},\"query-input\":{\"@type\":\"PropertyValueSpecification\",\"valueRequired\":true,\"valueName\":\"search_term_string\"}}],\"inLanguage\":\"fr-BE\"},{\"@type\":\"Organization\",\"@id\":\"https:\/\/vieassociative.be\/actualites\/#organization\",\"name\":\"Vie Associative\",\"url\":\"https:\/\/vieassociative.be\/actualites\/\",\"logo\":{\"@type\":\"ImageObject\",\"inLanguage\":\"fr-BE\",\"@id\":\"https:\/\/vieassociative.be\/actualites\/#\/schema\/logo\/image\/\",\"url\":\"https:\/\/vieassociative.be\/actualites\/wp-content\/uploads\/2024\/09\/cropped-vieassociative_favicon.ico.png\",\"contentUrl\":\"https:\/\/vieassociative.be\/actualites\/wp-content\/uploads\/2024\/09\/cropped-vieassociative_favicon.ico.png\",\"width\":512,\"height\":512,\"caption\":\"Vie Associative\"},\"image\":{\"@id\":\"https:\/\/vieassociative.be\/actualites\/#\/schema\/logo\/image\/\"}},{\"@type\":\"Person\",\"@id\":\"https:\/\/vieassociative.be\/actualites\/#\/schema\/person\/b87ac4f82f9d4e7b7cec7395b679edc4\",\"name\":\"Julien\",\"image\":{\"@type\":\"ImageObject\",\"inLanguage\":\"fr-BE\",\"@id\":\"https:\/\/vieassociative.be\/actualites\/#\/schema\/person\/image\/\",\"url\":\"https:\/\/vieassociative.be\/actualites\/wp-content\/uploads\/2024\/09\/vie-associative-1-150x150.jpg\",\"contentUrl\":\"https:\/\/vieassociative.be\/actualites\/wp-content\/uploads\/2024\/09\/vie-associative-1-150x150.jpg\",\"caption\":\"Julien\"},\"description\":\"Je suis Julien, r\u00e9dacteur pour Vie Associative. Passionn\u00e9 par le monde associatif depuis plus de 10 ans, j'ai \u00e0 c\u0153ur de partager des histoires inspirantes et de mettre en lumi\u00e8re les initiatives locales. Mon objectif est de sensibiliser et d'encourager l'engagement communautaire \u00e0 travers mes articles.\",\"sameAs\":[\"https:\/\/vieassociative.be\/\"]}]}<\/script>\n<!-- \/ Yoast SEO plugin. -->","yoast_head_json":{"title":"Pourquoi avez-vous besoin d'une \u00ab adresse e-mail familiale \u00bb | Vie Associative","robots":{"index":"index","follow":"follow","max-snippet":"max-snippet:-1","max-image-preview":"max-image-preview:large","max-video-preview":"max-video-preview:-1"},"canonical":"https:\/\/vieassociative.be\/actualites\/pourquoi-avez-vous-besoin-dune-adresse-e-mail-familiale\/","og_locale":"fr_FR","og_type":"article","og_title":"Pourquoi avez-vous besoin d'une \u00ab adresse e-mail familiale \u00bb | Vie Associative","og_description":"Centraliser toutes les communications num\u00e9riques li\u00e9es aux enfants peut \u00eatre une bou\u00e9e de sauvetage. Permettez-moi de commencer par dire : je n\u2019ai jamais \u00e9t\u00e9 du","og_url":"https:\/\/vieassociative.be\/actualites\/pourquoi-avez-vous-besoin-dune-adresse-e-mail-familiale\/","og_site_name":"Vie Associative","article_published_time":"2025-01-05T05:17:51+00:00","og_image":[{"width":279,"height":92,"url":"https:\/\/vieassociative.be\/actualites\/wp-content\/uploads\/2024\/09\/header_backgroundk-01-e1726694325946.png","type":"image\/png"}],"author":"Julien","twitter_card":"summary_large_image","twitter_misc":{"\u00c9crit par":"Julien","Dur\u00e9e de lecture est.":"4 minutes"},"schema":{"@context":"https:\/\/schema.org","@graph":[{"@type":"Article","@id":"https:\/\/vieassociative.be\/actualites\/pourquoi-avez-vous-besoin-dune-adresse-e-mail-familiale\/#article","isPartOf":{"@id":"https:\/\/vieassociative.be\/actualites\/pourquoi-avez-vous-besoin-dune-adresse-e-mail-familiale\/"},"author":{"name":"Julien","@id":"https:\/\/vieassociative.be\/actualites\/#\/schema\/person\/b87ac4f82f9d4e7b7cec7395b679edc4"},"headline":"Pourquoi avez-vous besoin d&rsquo;une \u00ab adresse e-mail familiale \u00bb","datePublished":"2025-01-05T05:17:51+00:00","dateModified":"2025-01-05T05:17:51+00:00","mainEntityOfPage":{"@id":"https:\/\/vieassociative.be\/actualites\/pourquoi-avez-vous-besoin-dune-adresse-e-mail-familiale\/"},"wordCount":789,"publisher":{"@id":"https:\/\/vieassociative.be\/actualites\/#organization"},"image":{"@id":"https:\/\/vieassociative.be\/actualites\/pourquoi-avez-vous-besoin-dune-adresse-e-mail-familiale\/#primaryimage"},"thumbnailUrl":"https:\/\/vieassociative.be\/actualites\/wp-content\/uploads\/2025\/01\/Pourquoi-avez-vous-besoin-dune-adresse-e-mail-familiale.jpg","keywords":["adresse","avezvous","besoin","dune","email","familiale","Pourquoi"],"articleSection":["Famille"],"inLanguage":"fr-BE"},{"@type":"WebPage","@id":"https:\/\/vieassociative.be\/actualites\/pourquoi-avez-vous-besoin-dune-adresse-e-mail-familiale\/","url":"https:\/\/vieassociative.be\/actualites\/pourquoi-avez-vous-besoin-dune-adresse-e-mail-familiale\/","name":"Pourquoi avez-vous besoin d'une \u00ab adresse e-mail familiale \u00bb | Vie Associative","isPartOf":{"@id":"https:\/\/vieassociative.be\/actualites\/#website"},"primaryImageOfPage":{"@id":"https:\/\/vieassociative.be\/actualites\/pourquoi-avez-vous-besoin-dune-adresse-e-mail-familiale\/#primaryimage"},"image":{"@id":"https:\/\/vieassociative.be\/actualites\/pourquoi-avez-vous-besoin-dune-adresse-e-mail-familiale\/#primaryimage"},"thumbnailUrl":"https:\/\/vieassociative.be\/actualites\/wp-content\/uploads\/2025\/01\/Pourquoi-avez-vous-besoin-dune-adresse-e-mail-familiale.jpg","datePublished":"2025-01-05T05:17:51+00:00","dateModified":"2025-01-05T05:17:51+00:00","breadcrumb":{"@id":"https:\/\/vieassociative.be\/actualites\/pourquoi-avez-vous-besoin-dune-adresse-e-mail-familiale\/#breadcrumb"},"inLanguage":"fr-BE","potentialAction":[{"@type":"ReadAction","target":["https:\/\/vieassociative.be\/actualites\/pourquoi-avez-vous-besoin-dune-adresse-e-mail-familiale\/"]}]},{"@type":"ImageObject","inLanguage":"fr-BE","@id":"https:\/\/vieassociative.be\/actualites\/pourquoi-avez-vous-besoin-dune-adresse-e-mail-familiale\/#primaryimage","url":"https:\/\/vieassociative.be\/actualites\/wp-content\/uploads\/2025\/01\/Pourquoi-avez-vous-besoin-dune-adresse-e-mail-familiale.jpg","contentUrl":"https:\/\/vieassociative.be\/actualites\/wp-content\/uploads\/2025\/01\/Pourquoi-avez-vous-besoin-dune-adresse-e-mail-familiale.jpg","width":1200,"height":675,"caption":"Pourquoi avez-vous besoin d'une \u00ab adresse e-mail familiale \u00bb"},{"@type":"BreadcrumbList","@id":"https:\/\/vieassociative.be\/actualites\/pourquoi-avez-vous-besoin-dune-adresse-e-mail-familiale\/#breadcrumb","itemListElement":[{"@type":"ListItem","position":1,"name":"Accueil","item":"https:\/\/vieassociative.be\/actualites\/"},{"@type":"ListItem","position":2,"name":"Pourquoi avez-vous besoin d&rsquo;une \u00ab adresse e-mail familiale \u00bb"}]},{"@type":"WebSite","@id":"https:\/\/vieassociative.be\/actualites\/#website","url":"https:\/\/vieassociative.be\/actualites\/","name":"Vie Associative","description":"","publisher":{"@id":"https:\/\/vieassociative.be\/actualites\/#organization"},"potentialAction":[{"@type":"SearchAction","target":{"@type":"EntryPoint","urlTemplate":"https:\/\/vieassociative.be\/actualites\/?s={search_term_string}"},"query-input":{"@type":"PropertyValueSpecification","valueRequired":true,"valueName":"search_term_string"}}],"inLanguage":"fr-BE"},{"@type":"Organization","@id":"https:\/\/vieassociative.be\/actualites\/#organization","name":"Vie Associative","url":"https:\/\/vieassociative.be\/actualites\/","logo":{"@type":"ImageObject","inLanguage":"fr-BE","@id":"https:\/\/vieassociative.be\/actualites\/#\/schema\/logo\/image\/","url":"https:\/\/vieassociative.be\/actualites\/wp-content\/uploads\/2024\/09\/cropped-vieassociative_favicon.ico.png","contentUrl":"https:\/\/vieassociative.be\/actualites\/wp-content\/uploads\/2024\/09\/cropped-vieassociative_favicon.ico.png","width":512,"height":512,"caption":"Vie Associative"},"image":{"@id":"https:\/\/vieassociative.be\/actualites\/#\/schema\/logo\/image\/"}},{"@type":"Person","@id":"https:\/\/vieassociative.be\/actualites\/#\/schema\/person\/b87ac4f82f9d4e7b7cec7395b679edc4","name":"Julien","image":{"@type":"ImageObject","inLanguage":"fr-BE","@id":"https:\/\/vieassociative.be\/actualites\/#\/schema\/person\/image\/","url":"https:\/\/vieassociative.be\/actualites\/wp-content\/uploads\/2024\/09\/vie-associative-1-150x150.jpg","contentUrl":"https:\/\/vieassociative.be\/actualites\/wp-content\/uploads\/2024\/09\/vie-associative-1-150x150.jpg","caption":"Julien"},"description":"Je suis Julien, r\u00e9dacteur pour Vie Associative. Passionn\u00e9 par le monde associatif depuis plus de 10 ans, j'ai \u00e0 c\u0153ur de partager des histoires inspirantes et de mettre en lumi\u00e8re les initiatives locales. Mon objectif est de sensibiliser et d'encourager l'engagement communautaire \u00e0 travers mes articles.","sameAs":["https:\/\/vieassociative.be\/"]}]}},"_links":{"self":[{"href":"https:\/\/vieassociative.be\/actualites\/wp-json\/wp\/v2\/posts\/4060"}],"collection":[{"href":"https:\/\/vieassociative.be\/actualites\/wp-json\/wp\/v2\/posts"}],"about":[{"href":"https:\/\/vieassociative.be\/actualites\/wp-json\/wp\/v2\/types\/post"}],"author":[{"embeddable":true,"href":"https:\/\/vieassociative.be\/actualites\/wp-json\/wp\/v2\/users\/1"}],"replies":[{"embeddable":true,"href":"https:\/\/vieassociative.be\/actualites\/wp-json\/wp\/v2\/comments?post=4060"}],"version-history":[{"count":0,"href":"https:\/\/vieassociative.be\/actualites\/wp-json\/wp\/v2\/posts\/4060\/revisions"}],"wp:featuredmedia":[{"embeddable":true,"href":"https:\/\/vieassociative.be\/actualites\/wp-json\/wp\/v2\/media\/4061"}],"wp:attachment":[{"href":"https:\/\/vieassociative.be\/actualites\/wp-json\/wp\/v2\/media?parent=4060"}],"wp:term":[{"taxonomy":"category","embeddable":true,"href":"https:\/\/vieassociative.be\/actualites\/wp-json\/wp\/v2\/categories?post=4060"},{"taxonomy":"post_tag","embeddable":true,"href":"https:\/\/vieassociative.be\/actualites\/wp-json\/wp\/v2\/tags?post=4060"}],"curies":[{"name":"wp","href":"https:\/\/api.w.org\/{rel}","templated":true}]}}