{"id":4057,"date":"2025-01-05T03:17:46","date_gmt":"2025-01-05T02:17:46","guid":{"rendered":"https:\/\/vieassociative.be\/actualites\/probablement-la-personne-la-plus-agee-une-japonaise-est-decedee-a-116-ans\/"},"modified":"2025-01-05T03:17:46","modified_gmt":"2025-01-05T02:17:46","slug":"probablement-la-personne-la-plus-agee-une-japonaise-est-decedee-a-116-ans","status":"publish","type":"post","link":"https:\/\/vieassociative.be\/actualites\/probablement-la-personne-la-plus-agee-une-japonaise-est-decedee-a-116-ans\/","title":{"rendered":"Probablement la personne la plus \u00e2g\u00e9e : une Japonaise est d\u00e9c\u00e9d\u00e9e \u00e0 116 ans"},"content":{"rendered":"<p><strong>Le Japon est l\u2019une des soci\u00e9t\u00e9s qui vieillissent le plus rapidement au monde. Aujourd&rsquo;hui, celui qui \u00e9tait consid\u00e9r\u00e9 comme le plus \u00e2g\u00e9 du monde y est d\u00e9c\u00e9d\u00e9.<\/strong><\/p>\n<p><span id=\"more-405353\"><\/span>Selon le Livre Guinness des Records, elle \u00e9tait consid\u00e9r\u00e9e comme la personne la plus \u00e2g\u00e9e du monde : la Japonaise Tomiko Itooka est d\u00e9c\u00e9d\u00e9e \u00e0 l&rsquo;\u00e2ge de 116 ans, comme l&rsquo;a rapport\u00e9 la cha\u00eene de t\u00e9l\u00e9vision publique japonaise NHK, citant la municipalit\u00e9 de sa ville natale d&rsquo;Ashiya, dans la pr\u00e9fecture de Hyogo. . Itooka y vivait dans une maison de retraite en bonne sant\u00e9. Le 29 d\u00e9cembre 2024, elle y est d\u00e9c\u00e9d\u00e9e de vieillesse, comme on le sait seulement maintenant.<\/p>\n<p>Selon la NHK, Itooka est n\u00e9 \u00e0 Osaka le 23 mai 1908, l&rsquo;a\u00een\u00e9 d&rsquo;une famille de trois fr\u00e8res et s\u0153urs, et a d\u00e9m\u00e9nag\u00e9 \u00e0 Ashiya il y a environ 30 ans. \u00ab Durant sa longue vie, elle nous a donn\u00e9 beaucoup de courage et d&rsquo;espoir. \u00ab\u00a0Nous la remercions encore et exprimons nos sinc\u00e8res condol\u00e9ances \u00e0 sa famille et \u00e0 ses proches\u00a0\u00bb, a d\u00e9clar\u00e9 le maire de la ville, cit\u00e9 par la cha\u00eene de t\u00e9l\u00e9vision.<\/p>\n<p>La soci\u00e9t\u00e9 japonaise vieillit rapidement. En septembre de l&rsquo;ann\u00e9e derni\u00e8re, le pays comptait un nombre record de plus de 95 100 personnes \u00e2g\u00e9es de 100 ans ou plus. Cela signifie que le nombre de centenaires a augment\u00e9 pour la 54e ann\u00e9e cons\u00e9cutive. (dpa)<\/p>\n","protected":false},"excerpt":{"rendered":"<p>Le Japon est l\u2019une des soci\u00e9t\u00e9s qui vieillissent le plus rapidement au monde. Aujourd&rsquo;hui, celui qui \u00e9tait consid\u00e9r\u00e9 comme le plus \u00e2g\u00e9 du monde y<\/p>\n","protected":false},"author":1,"featured_media":4058,"comment_status":"","ping_status":"","sticky":false,"template":"","format":"standard","meta":{"footnotes":""},"categories":[298],"tags":[4507,584,4509,76,4508,1110,419,110],"class_list":["post-4057","post","type-post","status-publish","format-standard","has-post-thumbnail","hentry","category-belgique","tag-agee","tag-ans","tag-decedee","tag-est","tag-japonaise","tag-personne","tag-probablement","tag-une","generate-columns","tablet-grid-50","mobile-grid-100","grid-parent","grid-33"],"yoast_head":"<!-- This site is optimized with the Yoast SEO plugin v24.0 - https:\/\/yoast.com\/wordpress\/plugins\/seo\/ -->\n<title>Probablement la personne la plus \u00e2g\u00e9e : une Japonaise est d\u00e9c\u00e9d\u00e9e \u00e0 116 ans | Vie Associative<\/title>\n<meta name=\"robots\" content=\"index, follow, max-snippet:-1, max-image-preview:large, max-video-preview:-1\" \/>\n<link rel=\"canonical\" href=\"https:\/\/vieassociative.be\/actualites\/probablement-la-personne-la-plus-agee-une-japonaise-est-decedee-a-116-ans\/\" \/>\n<meta property=\"og:locale\" content=\"fr_FR\" \/>\n<meta property=\"og:type\" content=\"article\" \/>\n<meta property=\"og:title\" content=\"Probablement la personne la plus \u00e2g\u00e9e : une Japonaise est d\u00e9c\u00e9d\u00e9e \u00e0 116 ans | Vie Associative\" \/>\n<meta property=\"og:description\" content=\"Le Japon est l\u2019une des soci\u00e9t\u00e9s qui vieillissent le plus rapidement au monde. Aujourd&rsquo;hui, celui qui \u00e9tait consid\u00e9r\u00e9 comme le plus \u00e2g\u00e9 du monde y\" \/>\n<meta property=\"og:url\" content=\"https:\/\/vieassociative.be\/actualites\/probablement-la-personne-la-plus-agee-une-japonaise-est-decedee-a-116-ans\/\" \/>\n<meta property=\"og:site_name\" content=\"Vie Associative\" \/>\n<meta property=\"article:published_time\" content=\"2025-01-05T02:17:46+00:00\" \/>\n<meta property=\"og:image\" content=\"https:\/\/vieassociative.be\/actualites\/wp-content\/uploads\/2024\/09\/header_backgroundk-01-e1726694325946.png\" \/>\n\t<meta property=\"og:image:width\" content=\"279\" \/>\n\t<meta property=\"og:image:height\" content=\"92\" \/>\n\t<meta property=\"og:image:type\" content=\"image\/png\" \/>\n<meta name=\"author\" content=\"Julien\" \/>\n<meta name=\"twitter:card\" content=\"summary_large_image\" \/>\n<meta name=\"twitter:label1\" content=\"\u00c9crit par\" \/>\n\t<meta name=\"twitter:data1\" content=\"Julien\" \/>\n\t<meta name=\"twitter:label2\" content=\"Dur\u00e9e de lecture est.\" \/>\n\t<meta name=\"twitter:data2\" content=\"1 minute\" \/>\n<script type=\"application\/ld+json\" class=\"yoast-schema-graph\">{\"@context\":\"https:\/\/schema.org\",\"@graph\":[{\"@type\":\"Article\",\"@id\":\"https:\/\/vieassociative.be\/actualites\/probablement-la-personne-la-plus-agee-une-japonaise-est-decedee-a-116-ans\/#article\",\"isPartOf\":{\"@id\":\"https:\/\/vieassociative.be\/actualites\/probablement-la-personne-la-plus-agee-une-japonaise-est-decedee-a-116-ans\/\"},\"author\":{\"name\":\"Julien\",\"@id\":\"https:\/\/vieassociative.be\/actualites\/#\/schema\/person\/b87ac4f82f9d4e7b7cec7395b679edc4\"},\"headline\":\"Probablement la personne la plus \u00e2g\u00e9e : une Japonaise est d\u00e9c\u00e9d\u00e9e \u00e0 116 ans\",\"datePublished\":\"2025-01-05T02:17:46+00:00\",\"dateModified\":\"2025-01-05T02:17:46+00:00\",\"mainEntityOfPage\":{\"@id\":\"https:\/\/vieassociative.be\/actualites\/probablement-la-personne-la-plus-agee-une-japonaise-est-decedee-a-116-ans\/\"},\"wordCount\":267,\"publisher\":{\"@id\":\"https:\/\/vieassociative.be\/actualites\/#organization\"},\"image\":{\"@id\":\"https:\/\/vieassociative.be\/actualites\/probablement-la-personne-la-plus-agee-une-japonaise-est-decedee-a-116-ans\/#primaryimage\"},\"thumbnailUrl\":\"https:\/\/vieassociative.be\/actualites\/wp-content\/uploads\/2025\/01\/Probablement-la-personne-la-plus-agee-une-Japonaise-est.jpg\",\"keywords\":[\"\u00e2g\u00e9e\",\"ans\",\"d\u00e9c\u00e9d\u00e9e\",\"est\",\"Japonaise\",\"personne\",\"probablement\",\"une\"],\"articleSection\":[\"Belgique\"],\"inLanguage\":\"fr-BE\"},{\"@type\":\"WebPage\",\"@id\":\"https:\/\/vieassociative.be\/actualites\/probablement-la-personne-la-plus-agee-une-japonaise-est-decedee-a-116-ans\/\",\"url\":\"https:\/\/vieassociative.be\/actualites\/probablement-la-personne-la-plus-agee-une-japonaise-est-decedee-a-116-ans\/\",\"name\":\"Probablement la personne la plus \u00e2g\u00e9e : une Japonaise est d\u00e9c\u00e9d\u00e9e \u00e0 116 ans | Vie Associative\",\"isPartOf\":{\"@id\":\"https:\/\/vieassociative.be\/actualites\/#website\"},\"primaryImageOfPage\":{\"@id\":\"https:\/\/vieassociative.be\/actualites\/probablement-la-personne-la-plus-agee-une-japonaise-est-decedee-a-116-ans\/#primaryimage\"},\"image\":{\"@id\":\"https:\/\/vieassociative.be\/actualites\/probablement-la-personne-la-plus-agee-une-japonaise-est-decedee-a-116-ans\/#primaryimage\"},\"thumbnailUrl\":\"https:\/\/vieassociative.be\/actualites\/wp-content\/uploads\/2025\/01\/Probablement-la-personne-la-plus-agee-une-Japonaise-est.jpg\",\"datePublished\":\"2025-01-05T02:17:46+00:00\",\"dateModified\":\"2025-01-05T02:17:46+00:00\",\"breadcrumb\":{\"@id\":\"https:\/\/vieassociative.be\/actualites\/probablement-la-personne-la-plus-agee-une-japonaise-est-decedee-a-116-ans\/#breadcrumb\"},\"inLanguage\":\"fr-BE\",\"potentialAction\":[{\"@type\":\"ReadAction\",\"target\":[\"https:\/\/vieassociative.be\/actualites\/probablement-la-personne-la-plus-agee-une-japonaise-est-decedee-a-116-ans\/\"]}]},{\"@type\":\"ImageObject\",\"inLanguage\":\"fr-BE\",\"@id\":\"https:\/\/vieassociative.be\/actualites\/probablement-la-personne-la-plus-agee-une-japonaise-est-decedee-a-116-ans\/#primaryimage\",\"url\":\"https:\/\/vieassociative.be\/actualites\/wp-content\/uploads\/2025\/01\/Probablement-la-personne-la-plus-agee-une-Japonaise-est.jpg\",\"contentUrl\":\"https:\/\/vieassociative.be\/actualites\/wp-content\/uploads\/2025\/01\/Probablement-la-personne-la-plus-agee-une-Japonaise-est.jpg\",\"width\":1200,\"height\":800,\"caption\":\"Probablement la personne la plus \u00e2g\u00e9e : une Japonaise est d\u00e9c\u00e9d\u00e9e \u00e0 116 ans\"},{\"@type\":\"BreadcrumbList\",\"@id\":\"https:\/\/vieassociative.be\/actualites\/probablement-la-personne-la-plus-agee-une-japonaise-est-decedee-a-116-ans\/#breadcrumb\",\"itemListElement\":[{\"@type\":\"ListItem\",\"position\":1,\"name\":\"Accueil\",\"item\":\"https:\/\/vieassociative.be\/actualites\/\"},{\"@type\":\"ListItem\",\"position\":2,\"name\":\"Probablement la personne la plus \u00e2g\u00e9e : une Japonaise est d\u00e9c\u00e9d\u00e9e \u00e0 116 ans\"}]},{\"@type\":\"WebSite\",\"@id\":\"https:\/\/vieassociative.be\/actualites\/#website\",\"url\":\"https:\/\/vieassociative.be\/actualites\/\",\"name\":\"Vie Associative\",\"description\":\"\",\"publisher\":{\"@id\":\"https:\/\/vieassociative.be\/actualites\/#organization\"},\"potentialAction\":[{\"@type\":\"SearchAction\",\"target\":{\"@type\":\"EntryPoint\",\"urlTemplate\":\"https:\/\/vieassociative.be\/actualites\/?s={search_term_string}\"},\"query-input\":{\"@type\":\"PropertyValueSpecification\",\"valueRequired\":true,\"valueName\":\"search_term_string\"}}],\"inLanguage\":\"fr-BE\"},{\"@type\":\"Organization\",\"@id\":\"https:\/\/vieassociative.be\/actualites\/#organization\",\"name\":\"Vie Associative\",\"url\":\"https:\/\/vieassociative.be\/actualites\/\",\"logo\":{\"@type\":\"ImageObject\",\"inLanguage\":\"fr-BE\",\"@id\":\"https:\/\/vieassociative.be\/actualites\/#\/schema\/logo\/image\/\",\"url\":\"https:\/\/vieassociative.be\/actualites\/wp-content\/uploads\/2024\/09\/cropped-vieassociative_favicon.ico.png\",\"contentUrl\":\"https:\/\/vieassociative.be\/actualites\/wp-content\/uploads\/2024\/09\/cropped-vieassociative_favicon.ico.png\",\"width\":512,\"height\":512,\"caption\":\"Vie Associative\"},\"image\":{\"@id\":\"https:\/\/vieassociative.be\/actualites\/#\/schema\/logo\/image\/\"}},{\"@type\":\"Person\",\"@id\":\"https:\/\/vieassociative.be\/actualites\/#\/schema\/person\/b87ac4f82f9d4e7b7cec7395b679edc4\",\"name\":\"Julien\",\"image\":{\"@type\":\"ImageObject\",\"inLanguage\":\"fr-BE\",\"@id\":\"https:\/\/vieassociative.be\/actualites\/#\/schema\/person\/image\/\",\"url\":\"https:\/\/vieassociative.be\/actualites\/wp-content\/uploads\/2024\/09\/vie-associative-1-150x150.jpg\",\"contentUrl\":\"https:\/\/vieassociative.be\/actualites\/wp-content\/uploads\/2024\/09\/vie-associative-1-150x150.jpg\",\"caption\":\"Julien\"},\"description\":\"Je suis Julien, r\u00e9dacteur pour Vie Associative. Passionn\u00e9 par le monde associatif depuis plus de 10 ans, j'ai \u00e0 c\u0153ur de partager des histoires inspirantes et de mettre en lumi\u00e8re les initiatives locales. Mon objectif est de sensibiliser et d'encourager l'engagement communautaire \u00e0 travers mes articles.\",\"sameAs\":[\"https:\/\/vieassociative.be\/\"]}]}<\/script>\n<!-- \/ Yoast SEO plugin. -->","yoast_head_json":{"title":"Probablement la personne la plus \u00e2g\u00e9e : une Japonaise est d\u00e9c\u00e9d\u00e9e \u00e0 116 ans | Vie Associative","robots":{"index":"index","follow":"follow","max-snippet":"max-snippet:-1","max-image-preview":"max-image-preview:large","max-video-preview":"max-video-preview:-1"},"canonical":"https:\/\/vieassociative.be\/actualites\/probablement-la-personne-la-plus-agee-une-japonaise-est-decedee-a-116-ans\/","og_locale":"fr_FR","og_type":"article","og_title":"Probablement la personne la plus \u00e2g\u00e9e : une Japonaise est d\u00e9c\u00e9d\u00e9e \u00e0 116 ans | Vie Associative","og_description":"Le Japon est l\u2019une des soci\u00e9t\u00e9s qui vieillissent le plus rapidement au monde. Aujourd&rsquo;hui, celui qui \u00e9tait consid\u00e9r\u00e9 comme le plus \u00e2g\u00e9 du monde y","og_url":"https:\/\/vieassociative.be\/actualites\/probablement-la-personne-la-plus-agee-une-japonaise-est-decedee-a-116-ans\/","og_site_name":"Vie Associative","article_published_time":"2025-01-05T02:17:46+00:00","og_image":[{"width":279,"height":92,"url":"https:\/\/vieassociative.be\/actualites\/wp-content\/uploads\/2024\/09\/header_backgroundk-01-e1726694325946.png","type":"image\/png"}],"author":"Julien","twitter_card":"summary_large_image","twitter_misc":{"\u00c9crit par":"Julien","Dur\u00e9e de lecture est.":"1 minute"},"schema":{"@context":"https:\/\/schema.org","@graph":[{"@type":"Article","@id":"https:\/\/vieassociative.be\/actualites\/probablement-la-personne-la-plus-agee-une-japonaise-est-decedee-a-116-ans\/#article","isPartOf":{"@id":"https:\/\/vieassociative.be\/actualites\/probablement-la-personne-la-plus-agee-une-japonaise-est-decedee-a-116-ans\/"},"author":{"name":"Julien","@id":"https:\/\/vieassociative.be\/actualites\/#\/schema\/person\/b87ac4f82f9d4e7b7cec7395b679edc4"},"headline":"Probablement la personne la plus \u00e2g\u00e9e : une Japonaise est d\u00e9c\u00e9d\u00e9e \u00e0 116 ans","datePublished":"2025-01-05T02:17:46+00:00","dateModified":"2025-01-05T02:17:46+00:00","mainEntityOfPage":{"@id":"https:\/\/vieassociative.be\/actualites\/probablement-la-personne-la-plus-agee-une-japonaise-est-decedee-a-116-ans\/"},"wordCount":267,"publisher":{"@id":"https:\/\/vieassociative.be\/actualites\/#organization"},"image":{"@id":"https:\/\/vieassociative.be\/actualites\/probablement-la-personne-la-plus-agee-une-japonaise-est-decedee-a-116-ans\/#primaryimage"},"thumbnailUrl":"https:\/\/vieassociative.be\/actualites\/wp-content\/uploads\/2025\/01\/Probablement-la-personne-la-plus-agee-une-Japonaise-est.jpg","keywords":["\u00e2g\u00e9e","ans","d\u00e9c\u00e9d\u00e9e","est","Japonaise","personne","probablement","une"],"articleSection":["Belgique"],"inLanguage":"fr-BE"},{"@type":"WebPage","@id":"https:\/\/vieassociative.be\/actualites\/probablement-la-personne-la-plus-agee-une-japonaise-est-decedee-a-116-ans\/","url":"https:\/\/vieassociative.be\/actualites\/probablement-la-personne-la-plus-agee-une-japonaise-est-decedee-a-116-ans\/","name":"Probablement la personne la plus \u00e2g\u00e9e : une Japonaise est d\u00e9c\u00e9d\u00e9e \u00e0 116 ans | Vie Associative","isPartOf":{"@id":"https:\/\/vieassociative.be\/actualites\/#website"},"primaryImageOfPage":{"@id":"https:\/\/vieassociative.be\/actualites\/probablement-la-personne-la-plus-agee-une-japonaise-est-decedee-a-116-ans\/#primaryimage"},"image":{"@id":"https:\/\/vieassociative.be\/actualites\/probablement-la-personne-la-plus-agee-une-japonaise-est-decedee-a-116-ans\/#primaryimage"},"thumbnailUrl":"https:\/\/vieassociative.be\/actualites\/wp-content\/uploads\/2025\/01\/Probablement-la-personne-la-plus-agee-une-Japonaise-est.jpg","datePublished":"2025-01-05T02:17:46+00:00","dateModified":"2025-01-05T02:17:46+00:00","breadcrumb":{"@id":"https:\/\/vieassociative.be\/actualites\/probablement-la-personne-la-plus-agee-une-japonaise-est-decedee-a-116-ans\/#breadcrumb"},"inLanguage":"fr-BE","potentialAction":[{"@type":"ReadAction","target":["https:\/\/vieassociative.be\/actualites\/probablement-la-personne-la-plus-agee-une-japonaise-est-decedee-a-116-ans\/"]}]},{"@type":"ImageObject","inLanguage":"fr-BE","@id":"https:\/\/vieassociative.be\/actualites\/probablement-la-personne-la-plus-agee-une-japonaise-est-decedee-a-116-ans\/#primaryimage","url":"https:\/\/vieassociative.be\/actualites\/wp-content\/uploads\/2025\/01\/Probablement-la-personne-la-plus-agee-une-Japonaise-est.jpg","contentUrl":"https:\/\/vieassociative.be\/actualites\/wp-content\/uploads\/2025\/01\/Probablement-la-personne-la-plus-agee-une-Japonaise-est.jpg","width":1200,"height":800,"caption":"Probablement la personne la plus \u00e2g\u00e9e : une Japonaise est d\u00e9c\u00e9d\u00e9e \u00e0 116 ans"},{"@type":"BreadcrumbList","@id":"https:\/\/vieassociative.be\/actualites\/probablement-la-personne-la-plus-agee-une-japonaise-est-decedee-a-116-ans\/#breadcrumb","itemListElement":[{"@type":"ListItem","position":1,"name":"Accueil","item":"https:\/\/vieassociative.be\/actualites\/"},{"@type":"ListItem","position":2,"name":"Probablement la personne la plus \u00e2g\u00e9e : une Japonaise est d\u00e9c\u00e9d\u00e9e \u00e0 116 ans"}]},{"@type":"WebSite","@id":"https:\/\/vieassociative.be\/actualites\/#website","url":"https:\/\/vieassociative.be\/actualites\/","name":"Vie Associative","description":"","publisher":{"@id":"https:\/\/vieassociative.be\/actualites\/#organization"},"potentialAction":[{"@type":"SearchAction","target":{"@type":"EntryPoint","urlTemplate":"https:\/\/vieassociative.be\/actualites\/?s={search_term_string}"},"query-input":{"@type":"PropertyValueSpecification","valueRequired":true,"valueName":"search_term_string"}}],"inLanguage":"fr-BE"},{"@type":"Organization","@id":"https:\/\/vieassociative.be\/actualites\/#organization","name":"Vie Associative","url":"https:\/\/vieassociative.be\/actualites\/","logo":{"@type":"ImageObject","inLanguage":"fr-BE","@id":"https:\/\/vieassociative.be\/actualites\/#\/schema\/logo\/image\/","url":"https:\/\/vieassociative.be\/actualites\/wp-content\/uploads\/2024\/09\/cropped-vieassociative_favicon.ico.png","contentUrl":"https:\/\/vieassociative.be\/actualites\/wp-content\/uploads\/2024\/09\/cropped-vieassociative_favicon.ico.png","width":512,"height":512,"caption":"Vie Associative"},"image":{"@id":"https:\/\/vieassociative.be\/actualites\/#\/schema\/logo\/image\/"}},{"@type":"Person","@id":"https:\/\/vieassociative.be\/actualites\/#\/schema\/person\/b87ac4f82f9d4e7b7cec7395b679edc4","name":"Julien","image":{"@type":"ImageObject","inLanguage":"fr-BE","@id":"https:\/\/vieassociative.be\/actualites\/#\/schema\/person\/image\/","url":"https:\/\/vieassociative.be\/actualites\/wp-content\/uploads\/2024\/09\/vie-associative-1-150x150.jpg","contentUrl":"https:\/\/vieassociative.be\/actualites\/wp-content\/uploads\/2024\/09\/vie-associative-1-150x150.jpg","caption":"Julien"},"description":"Je suis Julien, r\u00e9dacteur pour Vie Associative. Passionn\u00e9 par le monde associatif depuis plus de 10 ans, j'ai \u00e0 c\u0153ur de partager des histoires inspirantes et de mettre en lumi\u00e8re les initiatives locales. Mon objectif est de sensibiliser et d'encourager l'engagement communautaire \u00e0 travers mes articles.","sameAs":["https:\/\/vieassociative.be\/"]}]}},"_links":{"self":[{"href":"https:\/\/vieassociative.be\/actualites\/wp-json\/wp\/v2\/posts\/4057"}],"collection":[{"href":"https:\/\/vieassociative.be\/actualites\/wp-json\/wp\/v2\/posts"}],"about":[{"href":"https:\/\/vieassociative.be\/actualites\/wp-json\/wp\/v2\/types\/post"}],"author":[{"embeddable":true,"href":"https:\/\/vieassociative.be\/actualites\/wp-json\/wp\/v2\/users\/1"}],"replies":[{"embeddable":true,"href":"https:\/\/vieassociative.be\/actualites\/wp-json\/wp\/v2\/comments?post=4057"}],"version-history":[{"count":0,"href":"https:\/\/vieassociative.be\/actualites\/wp-json\/wp\/v2\/posts\/4057\/revisions"}],"wp:featuredmedia":[{"embeddable":true,"href":"https:\/\/vieassociative.be\/actualites\/wp-json\/wp\/v2\/media\/4058"}],"wp:attachment":[{"href":"https:\/\/vieassociative.be\/actualites\/wp-json\/wp\/v2\/media?parent=4057"}],"wp:term":[{"taxonomy":"category","embeddable":true,"href":"https:\/\/vieassociative.be\/actualites\/wp-json\/wp\/v2\/categories?post=4057"},{"taxonomy":"post_tag","embeddable":true,"href":"https:\/\/vieassociative.be\/actualites\/wp-json\/wp\/v2\/tags?post=4057"}],"curies":[{"name":"wp","href":"https:\/\/api.w.org\/{rel}","templated":true}]}}