{"id":4053,"date":"2025-01-05T00:18:44","date_gmt":"2025-01-04T23:18:44","guid":{"rendered":"https:\/\/vieassociative.be\/actualites\/comment-preparer-un-dejeuner-scolaire-sain-que-votre-enfant-mangera-reellement\/"},"modified":"2025-01-05T00:18:44","modified_gmt":"2025-01-04T23:18:44","slug":"comment-preparer-un-dejeuner-scolaire-sain-que-votre-enfant-mangera-reellement","status":"publish","type":"post","link":"https:\/\/vieassociative.be\/actualites\/comment-preparer-un-dejeuner-scolaire-sain-que-votre-enfant-mangera-reellement\/","title":{"rendered":"Comment pr\u00e9parer un d\u00e9jeuner scolaire sain que votre enfant mangera r\u00e9ellement"},"content":{"rendered":"<div class=\"mt-4 leading-6 md:mb-8\">Si vous manquez de pratique, voici un rappel sur la fa\u00e7on de pr\u00e9parer un d\u00e9jeuner simple et copieux.<\/div>\n<p><\/p>\n<p>La pand\u00e9mie a non seulement modifi\u00e9 la fa\u00e7on dont nos enfants apprennent, mais elle a \u00e9galement modifi\u00e9 leur fa\u00e7on de manger. Fini l\u2019\u00e9poque o\u00f9 il fallait pr\u00e9parer les d\u00e9jeuners la veille ou le matin de l\u2019\u00e9cole\u00a0: nous pr\u00e9parions d\u00e9sormais plus de trois repas par jour \u00e0 la vol\u00e9e, m\u00eame si nous \u00e9quilibrions l\u2019apprentissage virtuel et le travail \u00e0 domicile. Mais maintenant que de nombreux districts reviennent \u00e0 l&rsquo;apprentissage en personne, les enfants mettent une fois de plus l&rsquo;accent sur l&rsquo;\u00e9cole, laissant les parents se demander\u00a0: est-ce que nous pouvons vraiment <em>souviens-toi<\/em> comment pr\u00e9parer un repas scolaire ?<\/p>\n<p>\u00abJe suis tomb\u00e9e dans ce sch\u00e9ma o\u00f9 nous faisions un brunch ou un d\u00e9jeuner comme nous le ferions le week-end, plus un d\u00eener r\u00e9gulier\u00bb, explique Stephanie Conner, animatrice de <em>le podcast prim\u00e9 Kiddos in the Kitchen.<\/em> \u00ab Si quelqu\u2019un avait faim auparavant, tout le monde sait o\u00f9 se trouvent les collations. Je ne pouvais pas supporter trois repas par jour.<\/p>\n<p>Mais maintenant, nous devons changer de mentalit\u00e9 une fois de plus, en anticipant non seulement ce que nos enfants feront r\u00e9ellement. <em>manger <\/em>\u00e0 un moment donn\u00e9, mais ce qui leur donnera l&rsquo;\u00e9nergie dont ils ont besoin pour passer la journ\u00e9e scolaire, restera frais et sera en suffisamment bonne sant\u00e9.<\/p>\n<p>Conner, qui \u00e9crit \u00e9galement sur la fa\u00e7on dont elle aide son fils, qui souffre d&rsquo;allergies alimentaires, notamment aux produits laitiers, aux arachides et au soja, \u00e0 \u00e9tablir une relation saine avec la nourriture. <em>son blog Kiddos Cook<\/em>partage quelques conseils pour pr\u00e9parer un d\u00e9jeuner sain afin que cela ne devienne pas une corv\u00e9e.<\/p>\n<h2 id=\"keep-school-lunches-simple-and-include-a-note\">Gardez les repas scolaires simples (et incluez une note)<\/h2>\n<p>Lorsque l&rsquo;apprentissage en personne a repris pour son fils, ce fut un autre grand changement pour la famille de Conner. Ils ont d\u00fb \u00e0 nouveau restructurer leurs habitudes alimentaires. G\u00e9n\u00e9ralement, au d\u00e9but de l&rsquo;ann\u00e9e scolaire, Conner passait le week-end \u00e0 pr\u00e9parer un d\u00e9jeuner comme du poulet et du riz ou des spaghettis dans un thermos.<\/p>\n<p>Mais quand son fils rentra de l\u2019\u00e9cole, elle remarqua qu\u2019il l\u2019avait \u00e0 peine mang\u00e9. Ce n&rsquo;\u00e9tait pas qu&rsquo;il n&rsquo;aimait pas ce qu&rsquo;elle pr\u00e9parait ; Gr\u00e2ce aux pr\u00e9cautions en cas de pand\u00e9mie, l&rsquo;\u00e9cole de son fils a consid\u00e9rablement r\u00e9duit son temps de repas.<\/p>\n<p>\u00ab Il n&rsquo;avait vraiment pas faim au d\u00e9jeuner et il n&rsquo;a que 15 minutes pour manger \u00bb, dit-elle. \u00ab\u00a0C&rsquo;\u00e9tait plus que ce qu&rsquo;il pouvait manger dans le d\u00e9lai imparti.\u00a0\u00bb<\/p>\n<p>Elle cherchait des moyens de pr\u00e9parer des repas qui seraient non seulement faciles \u00e0 pr\u00e9parer chaque matin, mais qui seraient \u00e9galement quelque chose que son fils pourrait manger dans le peu de temps dont il disposait. Elle ajoute que votre enfant ne se souviendra probablement pas du temps que vous avez pass\u00e9 \u00e0 pr\u00e9parer son d\u00e9jeuner : ce sont les petites choses que vous faites qui le rendent sp\u00e9cial.<\/p>\n<p>\u00abSi vous pr\u00e9voyez consacrer plus de temps au d\u00e9jeuner, \u00e9crivez un mot \u00e0 votre enfant\u00bb, dit-elle. \u00ab Mon enfant adore recevoir des notes pour son d\u00e9jeuner. J&rsquo;avais perdu cette habitude et maintenant il me demande pourquoi je ne le fais plus.<\/p>\n<h2 id=\"snacky-foods-and-leftovers-are-your-friend\"><strong>Les collations et les restes sont vos amis<\/strong><\/h2>\n<p>Il est facile pour les parents de consid\u00e9rer le d\u00e9jeuner comme le d\u00eener et de mettre une prot\u00e9ine au milieu de l&rsquo;assiette. Mais Conner dit qu&rsquo;une chose qui a fonctionn\u00e9 pour elle lors de la pr\u00e9paration du d\u00e9jeuner de son fils le matin est de pr\u00e9parer sa nourriture comme un Oscar Mayer Lunchables, mais en plus sain. Elle r\u00e9serve un segment aux prot\u00e9ines, comme le pepperoni ou le jambon. Elle en remplit un autre de fruits frais et un autre d&rsquo;une collation comme des craquelins ou des bretzels.<\/p>\n<p>\u00ab\u00a0C&rsquo;est juste une simple combinaison de quelque chose qu&rsquo;il peut r\u00e9ellement terminer, et je peux toujours le m\u00e9langer pour obtenir quelque chose de diff\u00e9rent chaque jour\u00a0\u00bb, dit-elle.<\/p>\n<p>Et comme Conner passe du d\u00e9jeuner au petit-d\u00e9jeuner et au d\u00eener, il reste g\u00e9n\u00e9ralement des restes qui constituent un excellent repas de midi le lendemain.<\/p>\n<p>\u00ab Des plats comme du poulet froid ou de la pizza sont parfaits pour le d\u00e9jeuner \u00bb, dit-elle.<\/p>\n<h2 id=\"let-kids-help-choose-and-prepare-their-lunch\"><strong>Laissez les enfants vous aider \u00e0 choisir et \u00e0 pr\u00e9parer leur d\u00e9jeuner<\/strong><\/h2>\n<p>Il y a certains jours o\u00f9 Conner met un jus ou une collation pr\u00e9emball\u00e9e dans le d\u00e9jeuner de son fils, ce qui le rend tout aussi excit\u00e9 que lorsqu&rsquo;il trouve un mot d&rsquo;elle.<\/p>\n<p>Elle recommande \u00e9galement aux parents de demander \u00e0 leurs enfants de les aider \u00e0 pr\u00e9parer leurs d\u00e9jeuners la veille ou de les accompagner lors d&rsquo;une visite \u00e0 l&rsquo;\u00e9picerie pour les aider \u00e0 choisir ce qu&rsquo;ils aimeraient manger pour le d\u00e9jeuner ou les autres repas de la semaine.<\/p>\n<p>\u00ab Il pourrait choisir quelque chose que je ne pensais pas lui plaire \u00bb, dit-elle. \u00ab Qu&rsquo;il s&rsquo;agisse de les aider \u00e0 choisir des choses pour leur d\u00e9jeuner ou n&rsquo;importe quel repas, leur donner cette libert\u00e9 d&rsquo;action est si simple et puissant. Ils peuvent voir d&rsquo;o\u00f9 vient leur nourriture et avoir un certain contr\u00f4le sur ce qu&rsquo;ils vont manger cette semaine-l\u00e0. Le contr\u00f4le, c\u2019est ce qu\u2019ils veulent.<\/p>\n<p>Bien s\u00fbr, si vous pr\u00e9f\u00e9rez \u00e9viter compl\u00e8tement cette corv\u00e9e, sachez que le minist\u00e8re am\u00e9ricain de l&rsquo;Agriculture (USDA) a prolong\u00e9 les programmes de repas gratuits pour tous les enfants jusqu&rsquo;en juin 2022.<\/p>\n<p><\/p>\n","protected":false},"excerpt":{"rendered":"<p>Si vous manquez de pratique, voici un rappel sur la fa\u00e7on de pr\u00e9parer un d\u00e9jeuner simple et copieux. La pand\u00e9mie a non seulement modifi\u00e9 la<\/p>\n","protected":false},"author":1,"featured_media":4054,"comment_status":"","ping_status":"","sticky":false,"template":"","format":"standard","meta":{"footnotes":""},"categories":[37],"tags":[44,1854,295,4505,702,85,4504,349,8],"class_list":["post-4053","post","type-post","status-publish","format-standard","has-post-thumbnail","hentry","category-famille","tag-comment","tag-dejeuner","tag-enfant","tag-mangera","tag-preparer","tag-reellement","tag-sain","tag-scolaire","tag-votre","generate-columns","tablet-grid-50","mobile-grid-100","grid-parent","grid-33"],"yoast_head":"<!-- This site is optimized with the Yoast SEO plugin v24.0 - https:\/\/yoast.com\/wordpress\/plugins\/seo\/ -->\n<title>Comment pr\u00e9parer un d\u00e9jeuner scolaire sain que votre enfant mangera r\u00e9ellement | Vie Associative<\/title>\n<meta name=\"robots\" content=\"index, follow, max-snippet:-1, max-image-preview:large, max-video-preview:-1\" \/>\n<link rel=\"canonical\" href=\"https:\/\/vieassociative.be\/actualites\/comment-preparer-un-dejeuner-scolaire-sain-que-votre-enfant-mangera-reellement\/\" \/>\n<meta property=\"og:locale\" content=\"fr_FR\" \/>\n<meta property=\"og:type\" content=\"article\" \/>\n<meta property=\"og:title\" content=\"Comment pr\u00e9parer un d\u00e9jeuner scolaire sain que votre enfant mangera r\u00e9ellement | Vie Associative\" \/>\n<meta property=\"og:description\" content=\"Si vous manquez de pratique, voici un rappel sur la fa\u00e7on de pr\u00e9parer un d\u00e9jeuner simple et copieux. La pand\u00e9mie a non seulement modifi\u00e9 la\" \/>\n<meta property=\"og:url\" content=\"https:\/\/vieassociative.be\/actualites\/comment-preparer-un-dejeuner-scolaire-sain-que-votre-enfant-mangera-reellement\/\" \/>\n<meta property=\"og:site_name\" content=\"Vie Associative\" \/>\n<meta property=\"article:published_time\" content=\"2025-01-04T23:18:44+00:00\" \/>\n<meta property=\"og:image\" content=\"https:\/\/vieassociative.be\/actualites\/wp-content\/uploads\/2024\/09\/header_backgroundk-01-e1726694325946.png\" \/>\n\t<meta property=\"og:image:width\" content=\"279\" \/>\n\t<meta property=\"og:image:height\" content=\"92\" \/>\n\t<meta property=\"og:image:type\" content=\"image\/png\" \/>\n<meta name=\"author\" content=\"Julien\" \/>\n<meta name=\"twitter:card\" content=\"summary_large_image\" \/>\n<meta name=\"twitter:label1\" content=\"\u00c9crit par\" \/>\n\t<meta name=\"twitter:data1\" content=\"Julien\" \/>\n\t<meta name=\"twitter:label2\" content=\"Dur\u00e9e de lecture est.\" \/>\n\t<meta name=\"twitter:data2\" content=\"5 minutes\" \/>\n<script type=\"application\/ld+json\" class=\"yoast-schema-graph\">{\"@context\":\"https:\/\/schema.org\",\"@graph\":[{\"@type\":\"Article\",\"@id\":\"https:\/\/vieassociative.be\/actualites\/comment-preparer-un-dejeuner-scolaire-sain-que-votre-enfant-mangera-reellement\/#article\",\"isPartOf\":{\"@id\":\"https:\/\/vieassociative.be\/actualites\/comment-preparer-un-dejeuner-scolaire-sain-que-votre-enfant-mangera-reellement\/\"},\"author\":{\"name\":\"Julien\",\"@id\":\"https:\/\/vieassociative.be\/actualites\/#\/schema\/person\/b87ac4f82f9d4e7b7cec7395b679edc4\"},\"headline\":\"Comment pr\u00e9parer un d\u00e9jeuner scolaire sain que votre enfant mangera r\u00e9ellement\",\"datePublished\":\"2025-01-04T23:18:44+00:00\",\"dateModified\":\"2025-01-04T23:18:44+00:00\",\"mainEntityOfPage\":{\"@id\":\"https:\/\/vieassociative.be\/actualites\/comment-preparer-un-dejeuner-scolaire-sain-que-votre-enfant-mangera-reellement\/\"},\"wordCount\":985,\"publisher\":{\"@id\":\"https:\/\/vieassociative.be\/actualites\/#organization\"},\"image\":{\"@id\":\"https:\/\/vieassociative.be\/actualites\/comment-preparer-un-dejeuner-scolaire-sain-que-votre-enfant-mangera-reellement\/#primaryimage\"},\"thumbnailUrl\":\"https:\/\/vieassociative.be\/actualites\/wp-content\/uploads\/2025\/01\/Comment-preparer-un-dejeuner-scolaire-sain-que-votre-enfant-mangera.jpg\",\"keywords\":[\"Comment\",\"d\u00e9jeuner\",\"enfant\",\"mangera\",\"pr\u00e9parer\",\"r\u00e9ellement\",\"sain\",\"scolaire\",\"votre\"],\"articleSection\":[\"Famille\"],\"inLanguage\":\"fr-BE\"},{\"@type\":\"WebPage\",\"@id\":\"https:\/\/vieassociative.be\/actualites\/comment-preparer-un-dejeuner-scolaire-sain-que-votre-enfant-mangera-reellement\/\",\"url\":\"https:\/\/vieassociative.be\/actualites\/comment-preparer-un-dejeuner-scolaire-sain-que-votre-enfant-mangera-reellement\/\",\"name\":\"Comment pr\u00e9parer un d\u00e9jeuner scolaire sain que votre enfant mangera r\u00e9ellement | Vie Associative\",\"isPartOf\":{\"@id\":\"https:\/\/vieassociative.be\/actualites\/#website\"},\"primaryImageOfPage\":{\"@id\":\"https:\/\/vieassociative.be\/actualites\/comment-preparer-un-dejeuner-scolaire-sain-que-votre-enfant-mangera-reellement\/#primaryimage\"},\"image\":{\"@id\":\"https:\/\/vieassociative.be\/actualites\/comment-preparer-un-dejeuner-scolaire-sain-que-votre-enfant-mangera-reellement\/#primaryimage\"},\"thumbnailUrl\":\"https:\/\/vieassociative.be\/actualites\/wp-content\/uploads\/2025\/01\/Comment-preparer-un-dejeuner-scolaire-sain-que-votre-enfant-mangera.jpg\",\"datePublished\":\"2025-01-04T23:18:44+00:00\",\"dateModified\":\"2025-01-04T23:18:44+00:00\",\"breadcrumb\":{\"@id\":\"https:\/\/vieassociative.be\/actualites\/comment-preparer-un-dejeuner-scolaire-sain-que-votre-enfant-mangera-reellement\/#breadcrumb\"},\"inLanguage\":\"fr-BE\",\"potentialAction\":[{\"@type\":\"ReadAction\",\"target\":[\"https:\/\/vieassociative.be\/actualites\/comment-preparer-un-dejeuner-scolaire-sain-que-votre-enfant-mangera-reellement\/\"]}]},{\"@type\":\"ImageObject\",\"inLanguage\":\"fr-BE\",\"@id\":\"https:\/\/vieassociative.be\/actualites\/comment-preparer-un-dejeuner-scolaire-sain-que-votre-enfant-mangera-reellement\/#primaryimage\",\"url\":\"https:\/\/vieassociative.be\/actualites\/wp-content\/uploads\/2025\/01\/Comment-preparer-un-dejeuner-scolaire-sain-que-votre-enfant-mangera.jpg\",\"contentUrl\":\"https:\/\/vieassociative.be\/actualites\/wp-content\/uploads\/2025\/01\/Comment-preparer-un-dejeuner-scolaire-sain-que-votre-enfant-mangera.jpg\",\"width\":1200,\"height\":675,\"caption\":\"Comment pr\u00e9parer un d\u00e9jeuner scolaire sain que votre enfant mangera r\u00e9ellement\"},{\"@type\":\"BreadcrumbList\",\"@id\":\"https:\/\/vieassociative.be\/actualites\/comment-preparer-un-dejeuner-scolaire-sain-que-votre-enfant-mangera-reellement\/#breadcrumb\",\"itemListElement\":[{\"@type\":\"ListItem\",\"position\":1,\"name\":\"Accueil\",\"item\":\"https:\/\/vieassociative.be\/actualites\/\"},{\"@type\":\"ListItem\",\"position\":2,\"name\":\"Comment pr\u00e9parer un d\u00e9jeuner scolaire sain que votre enfant mangera r\u00e9ellement\"}]},{\"@type\":\"WebSite\",\"@id\":\"https:\/\/vieassociative.be\/actualites\/#website\",\"url\":\"https:\/\/vieassociative.be\/actualites\/\",\"name\":\"Vie Associative\",\"description\":\"\",\"publisher\":{\"@id\":\"https:\/\/vieassociative.be\/actualites\/#organization\"},\"potentialAction\":[{\"@type\":\"SearchAction\",\"target\":{\"@type\":\"EntryPoint\",\"urlTemplate\":\"https:\/\/vieassociative.be\/actualites\/?s={search_term_string}\"},\"query-input\":{\"@type\":\"PropertyValueSpecification\",\"valueRequired\":true,\"valueName\":\"search_term_string\"}}],\"inLanguage\":\"fr-BE\"},{\"@type\":\"Organization\",\"@id\":\"https:\/\/vieassociative.be\/actualites\/#organization\",\"name\":\"Vie Associative\",\"url\":\"https:\/\/vieassociative.be\/actualites\/\",\"logo\":{\"@type\":\"ImageObject\",\"inLanguage\":\"fr-BE\",\"@id\":\"https:\/\/vieassociative.be\/actualites\/#\/schema\/logo\/image\/\",\"url\":\"https:\/\/vieassociative.be\/actualites\/wp-content\/uploads\/2024\/09\/cropped-vieassociative_favicon.ico.png\",\"contentUrl\":\"https:\/\/vieassociative.be\/actualites\/wp-content\/uploads\/2024\/09\/cropped-vieassociative_favicon.ico.png\",\"width\":512,\"height\":512,\"caption\":\"Vie Associative\"},\"image\":{\"@id\":\"https:\/\/vieassociative.be\/actualites\/#\/schema\/logo\/image\/\"}},{\"@type\":\"Person\",\"@id\":\"https:\/\/vieassociative.be\/actualites\/#\/schema\/person\/b87ac4f82f9d4e7b7cec7395b679edc4\",\"name\":\"Julien\",\"image\":{\"@type\":\"ImageObject\",\"inLanguage\":\"fr-BE\",\"@id\":\"https:\/\/vieassociative.be\/actualites\/#\/schema\/person\/image\/\",\"url\":\"https:\/\/vieassociative.be\/actualites\/wp-content\/uploads\/2024\/09\/vie-associative-1-150x150.jpg\",\"contentUrl\":\"https:\/\/vieassociative.be\/actualites\/wp-content\/uploads\/2024\/09\/vie-associative-1-150x150.jpg\",\"caption\":\"Julien\"},\"description\":\"Je suis Julien, r\u00e9dacteur pour Vie Associative. Passionn\u00e9 par le monde associatif depuis plus de 10 ans, j'ai \u00e0 c\u0153ur de partager des histoires inspirantes et de mettre en lumi\u00e8re les initiatives locales. Mon objectif est de sensibiliser et d'encourager l'engagement communautaire \u00e0 travers mes articles.\",\"sameAs\":[\"https:\/\/vieassociative.be\/\"]}]}<\/script>\n<!-- \/ Yoast SEO plugin. -->","yoast_head_json":{"title":"Comment pr\u00e9parer un d\u00e9jeuner scolaire sain que votre enfant mangera r\u00e9ellement | Vie Associative","robots":{"index":"index","follow":"follow","max-snippet":"max-snippet:-1","max-image-preview":"max-image-preview:large","max-video-preview":"max-video-preview:-1"},"canonical":"https:\/\/vieassociative.be\/actualites\/comment-preparer-un-dejeuner-scolaire-sain-que-votre-enfant-mangera-reellement\/","og_locale":"fr_FR","og_type":"article","og_title":"Comment pr\u00e9parer un d\u00e9jeuner scolaire sain que votre enfant mangera r\u00e9ellement | Vie Associative","og_description":"Si vous manquez de pratique, voici un rappel sur la fa\u00e7on de pr\u00e9parer un d\u00e9jeuner simple et copieux. La pand\u00e9mie a non seulement modifi\u00e9 la","og_url":"https:\/\/vieassociative.be\/actualites\/comment-preparer-un-dejeuner-scolaire-sain-que-votre-enfant-mangera-reellement\/","og_site_name":"Vie Associative","article_published_time":"2025-01-04T23:18:44+00:00","og_image":[{"width":279,"height":92,"url":"https:\/\/vieassociative.be\/actualites\/wp-content\/uploads\/2024\/09\/header_backgroundk-01-e1726694325946.png","type":"image\/png"}],"author":"Julien","twitter_card":"summary_large_image","twitter_misc":{"\u00c9crit par":"Julien","Dur\u00e9e de lecture est.":"5 minutes"},"schema":{"@context":"https:\/\/schema.org","@graph":[{"@type":"Article","@id":"https:\/\/vieassociative.be\/actualites\/comment-preparer-un-dejeuner-scolaire-sain-que-votre-enfant-mangera-reellement\/#article","isPartOf":{"@id":"https:\/\/vieassociative.be\/actualites\/comment-preparer-un-dejeuner-scolaire-sain-que-votre-enfant-mangera-reellement\/"},"author":{"name":"Julien","@id":"https:\/\/vieassociative.be\/actualites\/#\/schema\/person\/b87ac4f82f9d4e7b7cec7395b679edc4"},"headline":"Comment pr\u00e9parer un d\u00e9jeuner scolaire sain que votre enfant mangera r\u00e9ellement","datePublished":"2025-01-04T23:18:44+00:00","dateModified":"2025-01-04T23:18:44+00:00","mainEntityOfPage":{"@id":"https:\/\/vieassociative.be\/actualites\/comment-preparer-un-dejeuner-scolaire-sain-que-votre-enfant-mangera-reellement\/"},"wordCount":985,"publisher":{"@id":"https:\/\/vieassociative.be\/actualites\/#organization"},"image":{"@id":"https:\/\/vieassociative.be\/actualites\/comment-preparer-un-dejeuner-scolaire-sain-que-votre-enfant-mangera-reellement\/#primaryimage"},"thumbnailUrl":"https:\/\/vieassociative.be\/actualites\/wp-content\/uploads\/2025\/01\/Comment-preparer-un-dejeuner-scolaire-sain-que-votre-enfant-mangera.jpg","keywords":["Comment","d\u00e9jeuner","enfant","mangera","pr\u00e9parer","r\u00e9ellement","sain","scolaire","votre"],"articleSection":["Famille"],"inLanguage":"fr-BE"},{"@type":"WebPage","@id":"https:\/\/vieassociative.be\/actualites\/comment-preparer-un-dejeuner-scolaire-sain-que-votre-enfant-mangera-reellement\/","url":"https:\/\/vieassociative.be\/actualites\/comment-preparer-un-dejeuner-scolaire-sain-que-votre-enfant-mangera-reellement\/","name":"Comment pr\u00e9parer un d\u00e9jeuner scolaire sain que votre enfant mangera r\u00e9ellement | Vie Associative","isPartOf":{"@id":"https:\/\/vieassociative.be\/actualites\/#website"},"primaryImageOfPage":{"@id":"https:\/\/vieassociative.be\/actualites\/comment-preparer-un-dejeuner-scolaire-sain-que-votre-enfant-mangera-reellement\/#primaryimage"},"image":{"@id":"https:\/\/vieassociative.be\/actualites\/comment-preparer-un-dejeuner-scolaire-sain-que-votre-enfant-mangera-reellement\/#primaryimage"},"thumbnailUrl":"https:\/\/vieassociative.be\/actualites\/wp-content\/uploads\/2025\/01\/Comment-preparer-un-dejeuner-scolaire-sain-que-votre-enfant-mangera.jpg","datePublished":"2025-01-04T23:18:44+00:00","dateModified":"2025-01-04T23:18:44+00:00","breadcrumb":{"@id":"https:\/\/vieassociative.be\/actualites\/comment-preparer-un-dejeuner-scolaire-sain-que-votre-enfant-mangera-reellement\/#breadcrumb"},"inLanguage":"fr-BE","potentialAction":[{"@type":"ReadAction","target":["https:\/\/vieassociative.be\/actualites\/comment-preparer-un-dejeuner-scolaire-sain-que-votre-enfant-mangera-reellement\/"]}]},{"@type":"ImageObject","inLanguage":"fr-BE","@id":"https:\/\/vieassociative.be\/actualites\/comment-preparer-un-dejeuner-scolaire-sain-que-votre-enfant-mangera-reellement\/#primaryimage","url":"https:\/\/vieassociative.be\/actualites\/wp-content\/uploads\/2025\/01\/Comment-preparer-un-dejeuner-scolaire-sain-que-votre-enfant-mangera.jpg","contentUrl":"https:\/\/vieassociative.be\/actualites\/wp-content\/uploads\/2025\/01\/Comment-preparer-un-dejeuner-scolaire-sain-que-votre-enfant-mangera.jpg","width":1200,"height":675,"caption":"Comment pr\u00e9parer un d\u00e9jeuner scolaire sain que votre enfant mangera r\u00e9ellement"},{"@type":"BreadcrumbList","@id":"https:\/\/vieassociative.be\/actualites\/comment-preparer-un-dejeuner-scolaire-sain-que-votre-enfant-mangera-reellement\/#breadcrumb","itemListElement":[{"@type":"ListItem","position":1,"name":"Accueil","item":"https:\/\/vieassociative.be\/actualites\/"},{"@type":"ListItem","position":2,"name":"Comment pr\u00e9parer un d\u00e9jeuner scolaire sain que votre enfant mangera r\u00e9ellement"}]},{"@type":"WebSite","@id":"https:\/\/vieassociative.be\/actualites\/#website","url":"https:\/\/vieassociative.be\/actualites\/","name":"Vie Associative","description":"","publisher":{"@id":"https:\/\/vieassociative.be\/actualites\/#organization"},"potentialAction":[{"@type":"SearchAction","target":{"@type":"EntryPoint","urlTemplate":"https:\/\/vieassociative.be\/actualites\/?s={search_term_string}"},"query-input":{"@type":"PropertyValueSpecification","valueRequired":true,"valueName":"search_term_string"}}],"inLanguage":"fr-BE"},{"@type":"Organization","@id":"https:\/\/vieassociative.be\/actualites\/#organization","name":"Vie Associative","url":"https:\/\/vieassociative.be\/actualites\/","logo":{"@type":"ImageObject","inLanguage":"fr-BE","@id":"https:\/\/vieassociative.be\/actualites\/#\/schema\/logo\/image\/","url":"https:\/\/vieassociative.be\/actualites\/wp-content\/uploads\/2024\/09\/cropped-vieassociative_favicon.ico.png","contentUrl":"https:\/\/vieassociative.be\/actualites\/wp-content\/uploads\/2024\/09\/cropped-vieassociative_favicon.ico.png","width":512,"height":512,"caption":"Vie Associative"},"image":{"@id":"https:\/\/vieassociative.be\/actualites\/#\/schema\/logo\/image\/"}},{"@type":"Person","@id":"https:\/\/vieassociative.be\/actualites\/#\/schema\/person\/b87ac4f82f9d4e7b7cec7395b679edc4","name":"Julien","image":{"@type":"ImageObject","inLanguage":"fr-BE","@id":"https:\/\/vieassociative.be\/actualites\/#\/schema\/person\/image\/","url":"https:\/\/vieassociative.be\/actualites\/wp-content\/uploads\/2024\/09\/vie-associative-1-150x150.jpg","contentUrl":"https:\/\/vieassociative.be\/actualites\/wp-content\/uploads\/2024\/09\/vie-associative-1-150x150.jpg","caption":"Julien"},"description":"Je suis Julien, r\u00e9dacteur pour Vie Associative. Passionn\u00e9 par le monde associatif depuis plus de 10 ans, j'ai \u00e0 c\u0153ur de partager des histoires inspirantes et de mettre en lumi\u00e8re les initiatives locales. Mon objectif est de sensibiliser et d'encourager l'engagement communautaire \u00e0 travers mes articles.","sameAs":["https:\/\/vieassociative.be\/"]}]}},"_links":{"self":[{"href":"https:\/\/vieassociative.be\/actualites\/wp-json\/wp\/v2\/posts\/4053"}],"collection":[{"href":"https:\/\/vieassociative.be\/actualites\/wp-json\/wp\/v2\/posts"}],"about":[{"href":"https:\/\/vieassociative.be\/actualites\/wp-json\/wp\/v2\/types\/post"}],"author":[{"embeddable":true,"href":"https:\/\/vieassociative.be\/actualites\/wp-json\/wp\/v2\/users\/1"}],"replies":[{"embeddable":true,"href":"https:\/\/vieassociative.be\/actualites\/wp-json\/wp\/v2\/comments?post=4053"}],"version-history":[{"count":0,"href":"https:\/\/vieassociative.be\/actualites\/wp-json\/wp\/v2\/posts\/4053\/revisions"}],"wp:featuredmedia":[{"embeddable":true,"href":"https:\/\/vieassociative.be\/actualites\/wp-json\/wp\/v2\/media\/4054"}],"wp:attachment":[{"href":"https:\/\/vieassociative.be\/actualites\/wp-json\/wp\/v2\/media?parent=4053"}],"wp:term":[{"taxonomy":"category","embeddable":true,"href":"https:\/\/vieassociative.be\/actualites\/wp-json\/wp\/v2\/categories?post=4053"},{"taxonomy":"post_tag","embeddable":true,"href":"https:\/\/vieassociative.be\/actualites\/wp-json\/wp\/v2\/tags?post=4053"}],"curies":[{"name":"wp","href":"https:\/\/api.w.org\/{rel}","templated":true}]}}