{"id":4050,"date":"2025-01-04T21:19:22","date_gmt":"2025-01-04T20:19:22","guid":{"rendered":"https:\/\/vieassociative.be\/actualites\/poignee-de-main-reservee-aux-hommes-lors-de-la-visite-dannalena-baerbock-au-leader-islamiste\/"},"modified":"2025-01-04T21:19:22","modified_gmt":"2025-01-04T20:19:22","slug":"poignee-de-main-reservee-aux-hommes-lors-de-la-visite-dannalena-baerbock-au-leader-islamiste","status":"publish","type":"post","link":"https:\/\/vieassociative.be\/actualites\/poignee-de-main-reservee-aux-hommes-lors-de-la-visite-dannalena-baerbock-au-leader-islamiste\/","title":{"rendered":"Poign\u00e9e de main r\u00e9serv\u00e9e aux hommes lors de la visite d&rsquo;Annalena Baerbock au leader islamiste"},"content":{"rendered":"<p><strong>Un islamiste class\u00e9 terroriste est le nouvel homme fort de la Syrie. Un homme politique allemand qui lutte pour les droits des femmes vient lui rendre visite. La salutation ne sera pas simple.<\/strong><\/p>\n<p><span id=\"more-405357\"><\/span>Politique \u00e9trang\u00e8re f\u00e9ministe \u2013 selon Annalena Baerbock, c\u2019est le fil conducteur qui traverse la diplomatie allemande. Lors de votre visite en Syrie, o\u00f9 les islamistes sont au pouvoir depuis quatre semaines, vous avez compris comment les droits des femmes y sont per\u00e7us.<\/p>\n<p>Le dirigeant Ahmed al-Sharaa, qui jusqu&rsquo;\u00e0 r\u00e9cemment \u00e9tait ostracis\u00e9 comme terroriste en Occident, n&rsquo;a pas salu\u00e9 le ministre des Affaires \u00e9trang\u00e8res avec une poign\u00e9e de main, mais a tendu la main \u00e0 son coll\u00e8gue fran\u00e7ais Jean-No\u00ebl Barrot. Barrot lui rendit son geste, quoique avec h\u00e9sitation. Tout ce que Baerbock pouvait faire, c&rsquo;\u00e9tait serrer les mains et hocher la t\u00eate.<\/p>\n<p>\u00ab Vive la politique \u00e9trang\u00e8re f\u00e9ministe ! \u00bb, a comment\u00e9 la dirigeante de l\u2019AfD, Alice Weidel, \u00e0 propos de l\u2019accueil houleux de cette soir\u00e9e. Et le compte parodique satirique sur<\/p>\n<\/p>\n<div id=\"attachment_405359\" class=\"wp-caption alignleft\" style=\"max-width: 300px\"><img fetchpriority=\"high\" decoding=\"async\" class=\"wp-image-405359 size-medium\" src=\"https:\/\/vieassociative.be\/actualites\/wp-content\/uploads\/2025\/01\/Poignee-de-main-reservee-aux-hommes-lors-de-la-visite.jpg\" alt=\"\" width=\"300\" height=\"211\"  ><\/p>\n<p class=\"wp-caption-text\">3 janvier 2025, Syrie, Damas : sur cette photo publi\u00e9e par l&rsquo;agence de presse officielle syrienne SANA, la ministre des Affaires \u00e9trang\u00e8res Annalena Baerbock (\u00e0 gauche) et son homologue fran\u00e7ais Jean-No\u00ebl Barrot (\u00e0 droite) rencontrent le nouveau dirigeant syrien Ahmed al-Sharaa. Photo : -\/SANA\/AP\/dpa<\/p>\n<\/div>\n<p><strong>\u2013 Baerbock se doutait d\u00e9j\u00e0 qu\u2019il n\u2019y aurait pas de poign\u00e9e de main :<\/strong><br \/>\n Le comportement de l\u2019islamiste al-Sharaa, qui a r\u00e9cemment commenc\u00e9 \u00e0 porter un costume au lieu d\u2019un uniforme militaire, est-il une expression de manque de respect envers l\u2019homme politique vert et sa misogynie en g\u00e9n\u00e9ral ?<\/p>\n<p>Ce n\u2019est pas aussi simple : une poign\u00e9e de main entre un homme et une femme \u00e9tranges est inhabituelle parmi les croyants des soci\u00e9t\u00e9s islamiques \u2013 et du point de vue de certains juristes, elle est m\u00eame interdite. Mais il n\u2019y a pas de r\u00e8gle claire ni de coutume religieuse dominante.<\/p>\n<p>Baerbock, qui ne portait pas de foulard lors de la r\u00e9union, a d\u00e9clar\u00e9 plus tard, interrog\u00e9e par un journaliste, qu&rsquo;il \u00e9tait clair pour elle d\u00e8s son arriv\u00e9e qu&rsquo;il n&rsquo;y aurait pas de poign\u00e9e de main. Lors de sa conversation avec al-Sharaa, elle a clairement indiqu\u00e9 que les droits des femmes sont un indicateur de la libert\u00e9 d&rsquo;une soci\u00e9t\u00e9. Il a \u00e9t\u00e9 entendu dans les cercles de la d\u00e9l\u00e9gation qu&rsquo;Al-Sharaa avait de nouveau tendu la main \u00e0 la fin de la conversation, mais qu&rsquo;il n&rsquo;y avait plus de poign\u00e9e de main.<\/p>\n<p><strong>\u2013 Pas d\u2019argent de l\u2019UE pour de nouvelles structures islamistes :<\/strong> Baerbock elle-m\u00eame, avec toute la politesse diplomatique, s&rsquo;est exprim\u00e9e ouvertement et publiquement lors de sa visite et a pos\u00e9 aux nouveaux dirigeants syriens des conditions claires pour le soutien de l&rsquo;Europe. \u00ab Nous avons d\u00e9sormais besoin d&rsquo;un dialogue politique impliquant tous les groupes ethniques et religieux, y compris tout le monde, en particulier les femmes de ce pays \u00bb, a-t-elle d\u00e9clar\u00e9. L\u2019Europe soutiendra la Syrie, mais ne deviendra pas un financier des nouvelles structures islamistes.<\/p>\n<p>Ce scepticisme semble justifi\u00e9 pour beaucoup : Al-Sharaa est le chef du groupe rebelle islamiste Haiat Tahrir al-Sham (HTS), qui a jou\u00e9 un r\u00f4le cl\u00e9 dans le renversement du dirigeant de longue date Bachar al-Assad. Il \u00e9tait autrefois connu sous son nom de guerre, Abu Mohammed al-Jolani. Le groupe HTS est issu du Front Al-Nosra, une \u00e9manation du r\u00e9seau terroriste Al-Qa\u00efda. (dpa)<\/p>\n","protected":false},"excerpt":{"rendered":"<p>Un islamiste class\u00e9 terroriste est le nouvel homme fort de la Syrie. Un homme politique allemand qui lutte pour les droits des femmes vient lui<\/p>\n","protected":false},"author":1,"featured_media":4051,"comment_status":"","ping_status":"","sticky":false,"template":"","format":"standard","meta":{"footnotes":""},"categories":[298],"tags":[289,3488,4501,1838,4503,4502,353,569,4499,4500,4452],"class_list":["post-4050","post","type-post","status-publish","format-standard","has-post-thumbnail","hentry","category-belgique","tag-aux","tag-baerbock","tag-dannalena","tag-hommes","tag-islamiste","tag-leader","tag-lors","tag-main","tag-poignee","tag-reservee","tag-visite","generate-columns","tablet-grid-50","mobile-grid-100","grid-parent","grid-33"],"yoast_head":"<!-- This site is optimized with the Yoast SEO plugin v24.0 - https:\/\/yoast.com\/wordpress\/plugins\/seo\/ -->\n<title>Poign\u00e9e de main r\u00e9serv\u00e9e aux hommes lors de la visite d&#039;Annalena Baerbock au leader islamiste | Vie Associative<\/title>\n<meta name=\"robots\" content=\"index, follow, max-snippet:-1, max-image-preview:large, max-video-preview:-1\" \/>\n<link rel=\"canonical\" href=\"https:\/\/vieassociative.be\/actualites\/poignee-de-main-reservee-aux-hommes-lors-de-la-visite-dannalena-baerbock-au-leader-islamiste\/\" \/>\n<meta property=\"og:locale\" content=\"fr_FR\" \/>\n<meta property=\"og:type\" content=\"article\" \/>\n<meta property=\"og:title\" content=\"Poign\u00e9e de main r\u00e9serv\u00e9e aux hommes lors de la visite d&#039;Annalena Baerbock au leader islamiste | Vie Associative\" \/>\n<meta property=\"og:description\" content=\"Un islamiste class\u00e9 terroriste est le nouvel homme fort de la Syrie. Un homme politique allemand qui lutte pour les droits des femmes vient lui\" \/>\n<meta property=\"og:url\" content=\"https:\/\/vieassociative.be\/actualites\/poignee-de-main-reservee-aux-hommes-lors-de-la-visite-dannalena-baerbock-au-leader-islamiste\/\" \/>\n<meta property=\"og:site_name\" content=\"Vie Associative\" \/>\n<meta property=\"article:published_time\" content=\"2025-01-04T20:19:22+00:00\" \/>\n<meta property=\"og:image\" content=\"https:\/\/vieassociative.be\/actualites\/wp-content\/uploads\/2024\/09\/header_backgroundk-01-e1726694325946.png\" \/>\n\t<meta property=\"og:image:width\" content=\"279\" \/>\n\t<meta property=\"og:image:height\" content=\"92\" \/>\n\t<meta property=\"og:image:type\" content=\"image\/png\" \/>\n<meta name=\"author\" content=\"Julien\" \/>\n<meta name=\"twitter:card\" content=\"summary_large_image\" \/>\n<meta name=\"twitter:label1\" content=\"\u00c9crit par\" \/>\n\t<meta name=\"twitter:data1\" content=\"Julien\" \/>\n\t<meta name=\"twitter:label2\" content=\"Dur\u00e9e de lecture est.\" \/>\n\t<meta name=\"twitter:data2\" content=\"3 minutes\" \/>\n<script type=\"application\/ld+json\" class=\"yoast-schema-graph\">{\"@context\":\"https:\/\/schema.org\",\"@graph\":[{\"@type\":\"Article\",\"@id\":\"https:\/\/vieassociative.be\/actualites\/poignee-de-main-reservee-aux-hommes-lors-de-la-visite-dannalena-baerbock-au-leader-islamiste\/#article\",\"isPartOf\":{\"@id\":\"https:\/\/vieassociative.be\/actualites\/poignee-de-main-reservee-aux-hommes-lors-de-la-visite-dannalena-baerbock-au-leader-islamiste\/\"},\"author\":{\"name\":\"Julien\",\"@id\":\"https:\/\/vieassociative.be\/actualites\/#\/schema\/person\/b87ac4f82f9d4e7b7cec7395b679edc4\"},\"headline\":\"Poign\u00e9e de main r\u00e9serv\u00e9e aux hommes lors de la visite d&rsquo;Annalena Baerbock au leader islamiste\",\"datePublished\":\"2025-01-04T20:19:22+00:00\",\"dateModified\":\"2025-01-04T20:19:22+00:00\",\"mainEntityOfPage\":{\"@id\":\"https:\/\/vieassociative.be\/actualites\/poignee-de-main-reservee-aux-hommes-lors-de-la-visite-dannalena-baerbock-au-leader-islamiste\/\"},\"wordCount\":615,\"publisher\":{\"@id\":\"https:\/\/vieassociative.be\/actualites\/#organization\"},\"image\":{\"@id\":\"https:\/\/vieassociative.be\/actualites\/poignee-de-main-reservee-aux-hommes-lors-de-la-visite-dannalena-baerbock-au-leader-islamiste\/#primaryimage\"},\"thumbnailUrl\":\"https:\/\/vieassociative.be\/actualites\/wp-content\/uploads\/2025\/01\/1736021962_Poignee-de-main-reservee-aux-hommes-lors-de-la-visite.jpg\",\"keywords\":[\"aux\",\"Baerbock\",\"dAnnalena\",\"hommes\",\"islamiste\",\"leader\",\"lors\",\"main\",\"Poign\u00e9e\",\"r\u00e9serv\u00e9e\",\"visite\"],\"articleSection\":[\"Belgique\"],\"inLanguage\":\"fr-BE\"},{\"@type\":\"WebPage\",\"@id\":\"https:\/\/vieassociative.be\/actualites\/poignee-de-main-reservee-aux-hommes-lors-de-la-visite-dannalena-baerbock-au-leader-islamiste\/\",\"url\":\"https:\/\/vieassociative.be\/actualites\/poignee-de-main-reservee-aux-hommes-lors-de-la-visite-dannalena-baerbock-au-leader-islamiste\/\",\"name\":\"Poign\u00e9e de main r\u00e9serv\u00e9e aux hommes lors de la visite d'Annalena Baerbock au leader islamiste | Vie Associative\",\"isPartOf\":{\"@id\":\"https:\/\/vieassociative.be\/actualites\/#website\"},\"primaryImageOfPage\":{\"@id\":\"https:\/\/vieassociative.be\/actualites\/poignee-de-main-reservee-aux-hommes-lors-de-la-visite-dannalena-baerbock-au-leader-islamiste\/#primaryimage\"},\"image\":{\"@id\":\"https:\/\/vieassociative.be\/actualites\/poignee-de-main-reservee-aux-hommes-lors-de-la-visite-dannalena-baerbock-au-leader-islamiste\/#primaryimage\"},\"thumbnailUrl\":\"https:\/\/vieassociative.be\/actualites\/wp-content\/uploads\/2025\/01\/1736021962_Poignee-de-main-reservee-aux-hommes-lors-de-la-visite.jpg\",\"datePublished\":\"2025-01-04T20:19:22+00:00\",\"dateModified\":\"2025-01-04T20:19:22+00:00\",\"breadcrumb\":{\"@id\":\"https:\/\/vieassociative.be\/actualites\/poignee-de-main-reservee-aux-hommes-lors-de-la-visite-dannalena-baerbock-au-leader-islamiste\/#breadcrumb\"},\"inLanguage\":\"fr-BE\",\"potentialAction\":[{\"@type\":\"ReadAction\",\"target\":[\"https:\/\/vieassociative.be\/actualites\/poignee-de-main-reservee-aux-hommes-lors-de-la-visite-dannalena-baerbock-au-leader-islamiste\/\"]}]},{\"@type\":\"ImageObject\",\"inLanguage\":\"fr-BE\",\"@id\":\"https:\/\/vieassociative.be\/actualites\/poignee-de-main-reservee-aux-hommes-lors-de-la-visite-dannalena-baerbock-au-leader-islamiste\/#primaryimage\",\"url\":\"https:\/\/vieassociative.be\/actualites\/wp-content\/uploads\/2025\/01\/1736021962_Poignee-de-main-reservee-aux-hommes-lors-de-la-visite.jpg\",\"contentUrl\":\"https:\/\/vieassociative.be\/actualites\/wp-content\/uploads\/2025\/01\/1736021962_Poignee-de-main-reservee-aux-hommes-lors-de-la-visite.jpg\",\"width\":1200,\"height\":801,\"caption\":\"Poign\u00e9e de main r\u00e9serv\u00e9e aux hommes lors de la visite d'Annalena Baerbock au leader islamiste\"},{\"@type\":\"BreadcrumbList\",\"@id\":\"https:\/\/vieassociative.be\/actualites\/poignee-de-main-reservee-aux-hommes-lors-de-la-visite-dannalena-baerbock-au-leader-islamiste\/#breadcrumb\",\"itemListElement\":[{\"@type\":\"ListItem\",\"position\":1,\"name\":\"Accueil\",\"item\":\"https:\/\/vieassociative.be\/actualites\/\"},{\"@type\":\"ListItem\",\"position\":2,\"name\":\"Poign\u00e9e de main r\u00e9serv\u00e9e aux hommes lors de la visite d&rsquo;Annalena Baerbock au leader islamiste\"}]},{\"@type\":\"WebSite\",\"@id\":\"https:\/\/vieassociative.be\/actualites\/#website\",\"url\":\"https:\/\/vieassociative.be\/actualites\/\",\"name\":\"Vie Associative\",\"description\":\"\",\"publisher\":{\"@id\":\"https:\/\/vieassociative.be\/actualites\/#organization\"},\"potentialAction\":[{\"@type\":\"SearchAction\",\"target\":{\"@type\":\"EntryPoint\",\"urlTemplate\":\"https:\/\/vieassociative.be\/actualites\/?s={search_term_string}\"},\"query-input\":{\"@type\":\"PropertyValueSpecification\",\"valueRequired\":true,\"valueName\":\"search_term_string\"}}],\"inLanguage\":\"fr-BE\"},{\"@type\":\"Organization\",\"@id\":\"https:\/\/vieassociative.be\/actualites\/#organization\",\"name\":\"Vie Associative\",\"url\":\"https:\/\/vieassociative.be\/actualites\/\",\"logo\":{\"@type\":\"ImageObject\",\"inLanguage\":\"fr-BE\",\"@id\":\"https:\/\/vieassociative.be\/actualites\/#\/schema\/logo\/image\/\",\"url\":\"https:\/\/vieassociative.be\/actualites\/wp-content\/uploads\/2024\/09\/cropped-vieassociative_favicon.ico.png\",\"contentUrl\":\"https:\/\/vieassociative.be\/actualites\/wp-content\/uploads\/2024\/09\/cropped-vieassociative_favicon.ico.png\",\"width\":512,\"height\":512,\"caption\":\"Vie Associative\"},\"image\":{\"@id\":\"https:\/\/vieassociative.be\/actualites\/#\/schema\/logo\/image\/\"}},{\"@type\":\"Person\",\"@id\":\"https:\/\/vieassociative.be\/actualites\/#\/schema\/person\/b87ac4f82f9d4e7b7cec7395b679edc4\",\"name\":\"Julien\",\"image\":{\"@type\":\"ImageObject\",\"inLanguage\":\"fr-BE\",\"@id\":\"https:\/\/vieassociative.be\/actualites\/#\/schema\/person\/image\/\",\"url\":\"https:\/\/vieassociative.be\/actualites\/wp-content\/uploads\/2024\/09\/vie-associative-1-150x150.jpg\",\"contentUrl\":\"https:\/\/vieassociative.be\/actualites\/wp-content\/uploads\/2024\/09\/vie-associative-1-150x150.jpg\",\"caption\":\"Julien\"},\"description\":\"Je suis Julien, r\u00e9dacteur pour Vie Associative. Passionn\u00e9 par le monde associatif depuis plus de 10 ans, j'ai \u00e0 c\u0153ur de partager des histoires inspirantes et de mettre en lumi\u00e8re les initiatives locales. Mon objectif est de sensibiliser et d'encourager l'engagement communautaire \u00e0 travers mes articles.\",\"sameAs\":[\"https:\/\/vieassociative.be\/\"]}]}<\/script>\n<!-- \/ Yoast SEO plugin. -->","yoast_head_json":{"title":"Poign\u00e9e de main r\u00e9serv\u00e9e aux hommes lors de la visite d'Annalena Baerbock au leader islamiste | Vie Associative","robots":{"index":"index","follow":"follow","max-snippet":"max-snippet:-1","max-image-preview":"max-image-preview:large","max-video-preview":"max-video-preview:-1"},"canonical":"https:\/\/vieassociative.be\/actualites\/poignee-de-main-reservee-aux-hommes-lors-de-la-visite-dannalena-baerbock-au-leader-islamiste\/","og_locale":"fr_FR","og_type":"article","og_title":"Poign\u00e9e de main r\u00e9serv\u00e9e aux hommes lors de la visite d'Annalena Baerbock au leader islamiste | Vie Associative","og_description":"Un islamiste class\u00e9 terroriste est le nouvel homme fort de la Syrie. Un homme politique allemand qui lutte pour les droits des femmes vient lui","og_url":"https:\/\/vieassociative.be\/actualites\/poignee-de-main-reservee-aux-hommes-lors-de-la-visite-dannalena-baerbock-au-leader-islamiste\/","og_site_name":"Vie Associative","article_published_time":"2025-01-04T20:19:22+00:00","og_image":[{"width":279,"height":92,"url":"https:\/\/vieassociative.be\/actualites\/wp-content\/uploads\/2024\/09\/header_backgroundk-01-e1726694325946.png","type":"image\/png"}],"author":"Julien","twitter_card":"summary_large_image","twitter_misc":{"\u00c9crit par":"Julien","Dur\u00e9e de lecture est.":"3 minutes"},"schema":{"@context":"https:\/\/schema.org","@graph":[{"@type":"Article","@id":"https:\/\/vieassociative.be\/actualites\/poignee-de-main-reservee-aux-hommes-lors-de-la-visite-dannalena-baerbock-au-leader-islamiste\/#article","isPartOf":{"@id":"https:\/\/vieassociative.be\/actualites\/poignee-de-main-reservee-aux-hommes-lors-de-la-visite-dannalena-baerbock-au-leader-islamiste\/"},"author":{"name":"Julien","@id":"https:\/\/vieassociative.be\/actualites\/#\/schema\/person\/b87ac4f82f9d4e7b7cec7395b679edc4"},"headline":"Poign\u00e9e de main r\u00e9serv\u00e9e aux hommes lors de la visite d&rsquo;Annalena Baerbock au leader islamiste","datePublished":"2025-01-04T20:19:22+00:00","dateModified":"2025-01-04T20:19:22+00:00","mainEntityOfPage":{"@id":"https:\/\/vieassociative.be\/actualites\/poignee-de-main-reservee-aux-hommes-lors-de-la-visite-dannalena-baerbock-au-leader-islamiste\/"},"wordCount":615,"publisher":{"@id":"https:\/\/vieassociative.be\/actualites\/#organization"},"image":{"@id":"https:\/\/vieassociative.be\/actualites\/poignee-de-main-reservee-aux-hommes-lors-de-la-visite-dannalena-baerbock-au-leader-islamiste\/#primaryimage"},"thumbnailUrl":"https:\/\/vieassociative.be\/actualites\/wp-content\/uploads\/2025\/01\/1736021962_Poignee-de-main-reservee-aux-hommes-lors-de-la-visite.jpg","keywords":["aux","Baerbock","dAnnalena","hommes","islamiste","leader","lors","main","Poign\u00e9e","r\u00e9serv\u00e9e","visite"],"articleSection":["Belgique"],"inLanguage":"fr-BE"},{"@type":"WebPage","@id":"https:\/\/vieassociative.be\/actualites\/poignee-de-main-reservee-aux-hommes-lors-de-la-visite-dannalena-baerbock-au-leader-islamiste\/","url":"https:\/\/vieassociative.be\/actualites\/poignee-de-main-reservee-aux-hommes-lors-de-la-visite-dannalena-baerbock-au-leader-islamiste\/","name":"Poign\u00e9e de main r\u00e9serv\u00e9e aux hommes lors de la visite d'Annalena Baerbock au leader islamiste | Vie Associative","isPartOf":{"@id":"https:\/\/vieassociative.be\/actualites\/#website"},"primaryImageOfPage":{"@id":"https:\/\/vieassociative.be\/actualites\/poignee-de-main-reservee-aux-hommes-lors-de-la-visite-dannalena-baerbock-au-leader-islamiste\/#primaryimage"},"image":{"@id":"https:\/\/vieassociative.be\/actualites\/poignee-de-main-reservee-aux-hommes-lors-de-la-visite-dannalena-baerbock-au-leader-islamiste\/#primaryimage"},"thumbnailUrl":"https:\/\/vieassociative.be\/actualites\/wp-content\/uploads\/2025\/01\/1736021962_Poignee-de-main-reservee-aux-hommes-lors-de-la-visite.jpg","datePublished":"2025-01-04T20:19:22+00:00","dateModified":"2025-01-04T20:19:22+00:00","breadcrumb":{"@id":"https:\/\/vieassociative.be\/actualites\/poignee-de-main-reservee-aux-hommes-lors-de-la-visite-dannalena-baerbock-au-leader-islamiste\/#breadcrumb"},"inLanguage":"fr-BE","potentialAction":[{"@type":"ReadAction","target":["https:\/\/vieassociative.be\/actualites\/poignee-de-main-reservee-aux-hommes-lors-de-la-visite-dannalena-baerbock-au-leader-islamiste\/"]}]},{"@type":"ImageObject","inLanguage":"fr-BE","@id":"https:\/\/vieassociative.be\/actualites\/poignee-de-main-reservee-aux-hommes-lors-de-la-visite-dannalena-baerbock-au-leader-islamiste\/#primaryimage","url":"https:\/\/vieassociative.be\/actualites\/wp-content\/uploads\/2025\/01\/1736021962_Poignee-de-main-reservee-aux-hommes-lors-de-la-visite.jpg","contentUrl":"https:\/\/vieassociative.be\/actualites\/wp-content\/uploads\/2025\/01\/1736021962_Poignee-de-main-reservee-aux-hommes-lors-de-la-visite.jpg","width":1200,"height":801,"caption":"Poign\u00e9e de main r\u00e9serv\u00e9e aux hommes lors de la visite d'Annalena Baerbock au leader islamiste"},{"@type":"BreadcrumbList","@id":"https:\/\/vieassociative.be\/actualites\/poignee-de-main-reservee-aux-hommes-lors-de-la-visite-dannalena-baerbock-au-leader-islamiste\/#breadcrumb","itemListElement":[{"@type":"ListItem","position":1,"name":"Accueil","item":"https:\/\/vieassociative.be\/actualites\/"},{"@type":"ListItem","position":2,"name":"Poign\u00e9e de main r\u00e9serv\u00e9e aux hommes lors de la visite d&rsquo;Annalena Baerbock au leader islamiste"}]},{"@type":"WebSite","@id":"https:\/\/vieassociative.be\/actualites\/#website","url":"https:\/\/vieassociative.be\/actualites\/","name":"Vie Associative","description":"","publisher":{"@id":"https:\/\/vieassociative.be\/actualites\/#organization"},"potentialAction":[{"@type":"SearchAction","target":{"@type":"EntryPoint","urlTemplate":"https:\/\/vieassociative.be\/actualites\/?s={search_term_string}"},"query-input":{"@type":"PropertyValueSpecification","valueRequired":true,"valueName":"search_term_string"}}],"inLanguage":"fr-BE"},{"@type":"Organization","@id":"https:\/\/vieassociative.be\/actualites\/#organization","name":"Vie Associative","url":"https:\/\/vieassociative.be\/actualites\/","logo":{"@type":"ImageObject","inLanguage":"fr-BE","@id":"https:\/\/vieassociative.be\/actualites\/#\/schema\/logo\/image\/","url":"https:\/\/vieassociative.be\/actualites\/wp-content\/uploads\/2024\/09\/cropped-vieassociative_favicon.ico.png","contentUrl":"https:\/\/vieassociative.be\/actualites\/wp-content\/uploads\/2024\/09\/cropped-vieassociative_favicon.ico.png","width":512,"height":512,"caption":"Vie Associative"},"image":{"@id":"https:\/\/vieassociative.be\/actualites\/#\/schema\/logo\/image\/"}},{"@type":"Person","@id":"https:\/\/vieassociative.be\/actualites\/#\/schema\/person\/b87ac4f82f9d4e7b7cec7395b679edc4","name":"Julien","image":{"@type":"ImageObject","inLanguage":"fr-BE","@id":"https:\/\/vieassociative.be\/actualites\/#\/schema\/person\/image\/","url":"https:\/\/vieassociative.be\/actualites\/wp-content\/uploads\/2024\/09\/vie-associative-1-150x150.jpg","contentUrl":"https:\/\/vieassociative.be\/actualites\/wp-content\/uploads\/2024\/09\/vie-associative-1-150x150.jpg","caption":"Julien"},"description":"Je suis Julien, r\u00e9dacteur pour Vie Associative. Passionn\u00e9 par le monde associatif depuis plus de 10 ans, j'ai \u00e0 c\u0153ur de partager des histoires inspirantes et de mettre en lumi\u00e8re les initiatives locales. Mon objectif est de sensibiliser et d'encourager l'engagement communautaire \u00e0 travers mes articles.","sameAs":["https:\/\/vieassociative.be\/"]}]}},"_links":{"self":[{"href":"https:\/\/vieassociative.be\/actualites\/wp-json\/wp\/v2\/posts\/4050"}],"collection":[{"href":"https:\/\/vieassociative.be\/actualites\/wp-json\/wp\/v2\/posts"}],"about":[{"href":"https:\/\/vieassociative.be\/actualites\/wp-json\/wp\/v2\/types\/post"}],"author":[{"embeddable":true,"href":"https:\/\/vieassociative.be\/actualites\/wp-json\/wp\/v2\/users\/1"}],"replies":[{"embeddable":true,"href":"https:\/\/vieassociative.be\/actualites\/wp-json\/wp\/v2\/comments?post=4050"}],"version-history":[{"count":0,"href":"https:\/\/vieassociative.be\/actualites\/wp-json\/wp\/v2\/posts\/4050\/revisions"}],"wp:featuredmedia":[{"embeddable":true,"href":"https:\/\/vieassociative.be\/actualites\/wp-json\/wp\/v2\/media\/4051"}],"wp:attachment":[{"href":"https:\/\/vieassociative.be\/actualites\/wp-json\/wp\/v2\/media?parent=4050"}],"wp:term":[{"taxonomy":"category","embeddable":true,"href":"https:\/\/vieassociative.be\/actualites\/wp-json\/wp\/v2\/categories?post=4050"},{"taxonomy":"post_tag","embeddable":true,"href":"https:\/\/vieassociative.be\/actualites\/wp-json\/wp\/v2\/tags?post=4050"}],"curies":[{"name":"wp","href":"https:\/\/api.w.org\/{rel}","templated":true}]}}