{"id":4048,"date":"2025-01-04T20:17:50","date_gmt":"2025-01-04T19:17:50","guid":{"rendered":"https:\/\/vieassociative.be\/actualites\/les-terribles-profils-dia-de-meta-deviennent-viraux\/"},"modified":"2025-01-04T20:17:50","modified_gmt":"2025-01-04T19:17:50","slug":"les-terribles-profils-dia-de-meta-deviennent-viraux","status":"publish","type":"post","link":"https:\/\/vieassociative.be\/actualites\/les-terribles-profils-dia-de-meta-deviennent-viraux\/","title":{"rendered":"Les terribles profils d&rsquo;IA de Meta deviennent viraux"},"content":{"rendered":"<div class=\"mt-4 leading-6 md:mb-8\">Ils ne sont pas nouveaux. Ils sont pourtant horribles.<\/div>\n<p><\/p>\n<p>Meta n\u2019est peut-\u00eatre pas la premi\u00e8re entreprise qui vient \u00e0 l\u2019esprit lorsque l\u2019on pense \u00e0 l\u2019IA g\u00e9n\u00e9rative, mais elle joue un r\u00f4le important dans la course actuelle \u00e0 l\u2019intelligence artificielle. La soci\u00e9t\u00e9 poss\u00e8de son propre mod\u00e8le d&rsquo;IA, Llama, et a ajout\u00e9 \u00ab Meta AI \u00bb \u00e0 tous ses gros produits, que cela vous plaise ou non (vous ne l&rsquo;aimez pas). Meta veut m\u00eame que vous essayiez de cr\u00e9er votre propre robot IA. On peut affirmer sans se tromper que l\u2019entreprise mise enti\u00e8rement sur l\u2019IA.<\/p>\n<p>Mais m\u00eame pour une entreprise aussi engag\u00e9e dans l\u2019IA, cette derni\u00e8re histoire est tout simplement bizarre. Il s&rsquo;av\u00e8re que l&rsquo;entreprise exp\u00e9rimente des comptes d&rsquo;utilisateurs g\u00e9n\u00e9r\u00e9s par l&rsquo;IA sur ses plateformes depuis 2023. Les versions Instagram de ces pages deviennent actuellement virales, mais elles sont \u00e9galement disponibles sur Facebook. Les comptes sont v\u00e9rifi\u00e9s et chacun est dot\u00e9 d&rsquo;une personnalit\u00e9 unique, mais ils sont compl\u00e8tement frauduleux. Chacun est enti\u00e8rement constitu\u00e9, avec des publications d&rsquo;images g\u00e9n\u00e9r\u00e9es par l&rsquo;IA. <\/p>\n<p>Tout cela est tr\u00e8s \u00e9trange, mais pas si nouveau non plus : les profils ont \u00e9t\u00e9 cr\u00e9\u00e9s il y a plus d&rsquo;un an et semblent avoir \u00e9t\u00e9 en grande partie abandonn\u00e9s. Et maintenant que les profils suscitent de nombreuses r\u00e9actions n\u00e9gatives en ligne, Meta supprime activement leur contenu.<\/p>\n<h2 id=\"metas-ai-users-are-an-off-putting-bunch\">Les utilisateurs d&rsquo;IA de Meta sont rebutants<\/h2>\n<p>Il n\u2019est pas difficile de comprendre pourquoi Internet a adopt\u00e9 la haine de ces fausses personnes. Prenez \u00ab Liv \u00bb (nom d\u2019utilisateur \u00ab himamaliv \u00bb), qui pr\u00e9tend \u00eatre une \u00ab fi\u00e8re maman queer noire de 2 enfants et qui raconte la v\u00e9rit\u00e9 \u00bb. Bien s\u00fbr, Liv n\u2019est pas r\u00e9elle, pas plus que la vie qu\u2019elle publie sur son Instagram. Mais cela n&rsquo;arr\u00eate pas Liv\u00a0: la cr\u00e9atrice a publi\u00e9 des articles sur l&rsquo;\u00e9ducation de filles fortes, le patinage sur glace avec sa famille et \u00ab\u00a0le fait de profiter de tout le soleil et de s&rsquo;amuser\u00a0\u00bb avec \u00ab\u00a0les enfants\u00a0\u00bb. Chaque message arbore une image correspondante \u2013 le message sur la plage montre des enfants jouant dans le sable, tandis que le message sur le patinage sur glace montre des patineurs sur une patinoire \u2013 mais toutes ces images sont g\u00e9n\u00e9r\u00e9es par l&rsquo;IA. <\/p>\n<p>Au cr\u00e9dit de Meta, chaque image arbore un filigrane Meta AI pour indiquer que l&rsquo;image n&rsquo;est pas r\u00e9ellement r\u00e9elle, mais cela ne rend pas ces publications moins effrayantes. Pourquoi une \u00ab m\u00e8re \u00bb g\u00e9n\u00e9r\u00e9e par l\u2019IA publie-t-elle une image g\u00e9n\u00e9r\u00e9e par l\u2019IA de ses \u00ab enfants \u00bb jouant \u00e0 la \u00ab plage \u00bb ? \u00c0 qui a profit\u00e9 la collecte de manteaux g\u00e9n\u00e9r\u00e9e par l\u2019IA dont elle est fi\u00e8re d\u2019avoir \u00e9t\u00e9 le fer de lance\u00a0?  <\/p>\n<div class=\"eloquent-imagery-image\">\n<div class=\"flex justify-center\">\n                    <img decoding=\"async\" class=\"border border-gray-100\" src=\"https:\/\/vieassociative.be\/actualites\/wp-content\/uploads\/2025\/01\/Les-terribles-profils-dIA-de-Meta-deviennent-viraux.jpg\" alt=\"le post effrayant de Liv sur la plage\" width=\"515\" height=\"750\" loading=\"lazy\"  >\n            <\/div>\n<\/p><\/div>\n<p>Dans son deuxi\u00e8me message le plus ancien, datant du 26 septembre 2023, elle d\u00e9clare : \u00ab Mon jardin est mon endroit heureux&#8230; J&rsquo;ai organis\u00e9 tellement de f\u00eates d&rsquo;anniversaire, de repas au restaurant et de soir\u00e9es entre filles dans cet espace que j&rsquo;en ai perdu le compte. reconnaissant pour la vie que je vis\u00a0\u00bb, compl\u00e9t\u00e9 par une image g\u00e9n\u00e9r\u00e9e par l&rsquo;IA d&rsquo;un pique-nique. Le fait est que Liv n\u2019a pas organis\u00e9 de f\u00eates d\u2019anniversaire, de repas au restaurant ou de soir\u00e9es entre filles dans cet espace. Cet espace n&rsquo;existe pas. La vie que Liv est si reconnaissante de vivre n\u2019existe pas.  <\/p>\n<p>Liv suit 18 comptes au moment de la r\u00e9daction de cet article. Treize d\u2019entre elles semblent \u00eatre des pages similaires g\u00e9n\u00e9r\u00e9es par l\u2019IA. Par exemple, il y a Becca (dogloverbecca), qui publie du contenu sur les chiens g\u00e9n\u00e9r\u00e9 par l&rsquo;IA\u00a0; Brian (bonjourgrandpabiran), qui se pr\u00e9sente comme \u00ab le grand-p\u00e8re de tout le monde \u00bb\u00a0; et Alvin l&rsquo;Alien (salutationsalvin), qui est, euh, un extraterrestre. <\/p>\n<p>Mais pas tous les posts <em>sont<\/em> G\u00e9n\u00e9r\u00e9 par l&rsquo;IA. Certains d\u2019entre eux ont \u00e9galement post\u00e9 des vid\u00e9os sur leurs comptes, et m\u00eame si les vid\u00e9os g\u00e9n\u00e9r\u00e9es par l\u2019IA peuvent certainement \u00eatre convaincantes de nos jours, je ne pense pas que ces vid\u00e9os soient g\u00e9n\u00e9r\u00e9es par l\u2019IA \u2013 du moins, pas toutes. Carter, le coach de rencontres en IA, avait une vid\u00e9o de cuisine de janvier 2024 qui semblait tout \u00e0 fait r\u00e9elle, mais il semble que Meta ait d\u00e9truit tout le contenu. Mais qui les a post\u00e9s ? Dans quel but ? <\/p>\n<h2 id=\"these-accounts-are-not-new-but-are-newly-going-viral\">Ces comptes ne sont pas nouveaux, mais deviennent viraux<\/h2>\n<p>Le plus \u00e9trange, c\u2019est que ces articles et pages ne sont pas nouveaux. Le dernier message de Liv, par exemple, date du 8 mars 2024, tout comme la plupart des messages de ces robots IA. (Carter semble avoir post\u00e9 une publication en juin.) Pour la plupart, leurs profils sont abandonn\u00e9s, bien que des badges de v\u00e9rification soient toujours appos\u00e9s sur chacun. Cela dit, au moment o\u00f9 j&rsquo;\u00e9cris ces lignes, Meta semble supprimer le contenu de chacune des pages Instagram. Les homologues de Facebook semblent toujours en ligne, mais j&rsquo;imagine qu&rsquo;ils dispara\u00eetront bient\u00f4t aussi. <\/p>\n<div class=\"eloquent-imagery-image\">\n<div class=\"flex justify-center\">\n                    <img decoding=\"async\" class=\"border border-gray-100\" src=\"https:\/\/vieassociative.be\/actualites\/wp-content\/uploads\/2025\/01\/Les-terribles-profils-dIA-de-Meta-deviennent-viraux.png\" alt=\"carters faux post d'IA\" width=\"2000\" height=\"1566\" loading=\"lazy\"  >\n            <\/div>\n<\/p><\/div>\n<p>Les pages sont en fait li\u00e9es aux chatbots d\u2019IA que Meta a d\u00e9velopp\u00e9s en 2023, alors qu\u2019elle mettait r\u00e9ellement en marche ses programmes d\u2019IA. Les gros titres se concentraient alors principalement sur une liste de chatbots IA de c\u00e9l\u00e9brit\u00e9s, qui vous permettaient de discuter avec \u00ab\u00a0Tom Brady\u00a0\u00bb, \u00ab\u00a0Kendall Jenner\u00a0\u00bb et \u00ab\u00a0Paris Hilton\u00a0\u00bb. Mais parmi cette liste de chatbots non c\u00e9l\u00e8bres d\u00e9ploy\u00e9s par Meta figuraient des noms comme Liv, Brian et Alvin the Alien. Vous pouvez toujours discuter avec eux si vous le souhaitez : visitez le profil de Liv et vous pourrez d\u00e9marrer une conversation. Mais comme avec tout autre chatbot IA, vous n\u2019irez probablement pas tr\u00e8s loin. <\/p>\n<p>On ne sait pas vraiment pourquoi ces comptes deviennent viraux maintenant, un an et demi apr\u00e8s leur lancement initial par Meta. Si je devais deviner, je dirais que c&rsquo;est parce qu&rsquo;ils sont vraiment si mauvais. Les r\u00e9cits sont \u00e9tranges, et leur bizarrerie comporte tellement de niveaux\u00a0: les personnalit\u00e9s d\u00e9velopp\u00e9es par Meta sont rebutantes (et \u00e0 la limite offensantes)\u00a0; les messages eux-m\u00eames sont effrayants (qui veut voir des photos IA d&rsquo;enfants de fausses personnes, accompagn\u00e9es d&rsquo;une histoire sur leur journ\u00e9e \u00e0 la plage ?) ; et le fait qu&rsquo;ils soient v\u00e9rifi\u00e9s va compl\u00e8tement \u00e0 l&rsquo;encontre de l&rsquo;objectif de la v\u00e9rification. <\/p>\n<p>En bref, les comptes datent peut-\u00eatre de 2023, mais ils refl\u00e8tent un ressentiment furieux \u00e0 l&rsquo;\u00e9gard de la n\u00e9gligence de l&rsquo;IA en 2025. Comme l&rsquo;\u00e9crit Jason Koebler de 404media sur Bluesky\u00a0:<\/p>\n<div class=\"raw-embed\">\n<blockquote class=\"bluesky-embed\" data-bluesky-uri=\"at:\/\/did:plc:cjfcz3t36f6nrprarkhkycxo\/app.bsky.feed.post\/3leu3l7fcas22\" data-bluesky-cid=\"bafyreihtj4veqhr6twuypuabyjp27zi7hdz2b5l2bhwzgxmzxwheha3cgu\">\n<p>Les profils Meta AI actuellement viraux sont anciens et sont d\u00e9j\u00e0 inactifs car ils ont constitu\u00e9 un \u00e9chec colossal et \u00e9taient impossibles \u00e0 distinguer du spam IA. Cet avenir \u00ab in\u00e9vitable \u00bb que Zuckerberg essaie de nous imposer est compl\u00e8tement rejet\u00e9 www.404media.co\/metas-ai-pro&#8230; (image ou int\u00e9gration)<\/p>\n<p>\u2013 Jason Koebler (@jasonkoebler.bsky.social) 3 janvier 2025 \u00e0 12h12<\/p><\/blockquote>\n<\/div>\n","protected":false},"excerpt":{"rendered":"<p>Ils ne sont pas nouveaux. Ils sont pourtant horribles. Meta n\u2019est peut-\u00eatre pas la premi\u00e8re entreprise qui vient \u00e0 l\u2019esprit lorsque l\u2019on pense \u00e0 l\u2019IA<\/p>\n","protected":false},"author":1,"featured_media":4049,"comment_status":"","ping_status":"","sticky":false,"template":"","format":"standard","meta":{"footnotes":""},"categories":[13],"tags":[1592,31,14,487,4497,2093,4498],"class_list":["post-4048","post","type-post","status-publish","format-standard","has-post-thumbnail","hentry","category-technologie","tag-deviennent","tag-dia","tag-les","tag-meta","tag-profils","tag-terribles","tag-viraux","generate-columns","tablet-grid-50","mobile-grid-100","grid-parent","grid-33"],"yoast_head":"<!-- This site is optimized with the Yoast SEO plugin v24.0 - https:\/\/yoast.com\/wordpress\/plugins\/seo\/ -->\n<title>Les terribles profils d&#039;IA de Meta deviennent viraux | Vie Associative<\/title>\n<meta name=\"robots\" content=\"index, follow, max-snippet:-1, max-image-preview:large, max-video-preview:-1\" \/>\n<link rel=\"canonical\" href=\"https:\/\/vieassociative.be\/actualites\/les-terribles-profils-dia-de-meta-deviennent-viraux\/\" \/>\n<meta property=\"og:locale\" content=\"fr_FR\" \/>\n<meta property=\"og:type\" content=\"article\" \/>\n<meta property=\"og:title\" content=\"Les terribles profils d&#039;IA de Meta deviennent viraux | Vie Associative\" \/>\n<meta property=\"og:description\" content=\"Ils ne sont pas nouveaux. Ils sont pourtant horribles. Meta n\u2019est peut-\u00eatre pas la premi\u00e8re entreprise qui vient \u00e0 l\u2019esprit lorsque l\u2019on pense \u00e0 l\u2019IA\" \/>\n<meta property=\"og:url\" content=\"https:\/\/vieassociative.be\/actualites\/les-terribles-profils-dia-de-meta-deviennent-viraux\/\" \/>\n<meta property=\"og:site_name\" content=\"Vie Associative\" \/>\n<meta property=\"article:published_time\" content=\"2025-01-04T19:17:50+00:00\" \/>\n<meta property=\"og:image\" content=\"https:\/\/vieassociative.be\/actualites\/wp-content\/uploads\/2025\/01\/Les-terribles-profils-dIA-de-Meta-deviennent-viraux.jpg\" \/>\n<meta name=\"author\" content=\"Julien\" \/>\n<meta name=\"twitter:card\" content=\"summary_large_image\" \/>\n<meta name=\"twitter:label1\" content=\"\u00c9crit par\" \/>\n\t<meta name=\"twitter:data1\" content=\"Julien\" \/>\n\t<meta name=\"twitter:label2\" content=\"Dur\u00e9e de lecture est.\" \/>\n\t<meta name=\"twitter:data2\" content=\"6 minutes\" \/>\n<script type=\"application\/ld+json\" class=\"yoast-schema-graph\">{\"@context\":\"https:\/\/schema.org\",\"@graph\":[{\"@type\":\"Article\",\"@id\":\"https:\/\/vieassociative.be\/actualites\/les-terribles-profils-dia-de-meta-deviennent-viraux\/#article\",\"isPartOf\":{\"@id\":\"https:\/\/vieassociative.be\/actualites\/les-terribles-profils-dia-de-meta-deviennent-viraux\/\"},\"author\":{\"name\":\"Julien\",\"@id\":\"https:\/\/vieassociative.be\/actualites\/#\/schema\/person\/b87ac4f82f9d4e7b7cec7395b679edc4\"},\"headline\":\"Les terribles profils d&rsquo;IA de Meta deviennent viraux\",\"datePublished\":\"2025-01-04T19:17:50+00:00\",\"dateModified\":\"2025-01-04T19:17:50+00:00\",\"mainEntityOfPage\":{\"@id\":\"https:\/\/vieassociative.be\/actualites\/les-terribles-profils-dia-de-meta-deviennent-viraux\/\"},\"wordCount\":1238,\"publisher\":{\"@id\":\"https:\/\/vieassociative.be\/actualites\/#organization\"},\"image\":{\"@id\":\"https:\/\/vieassociative.be\/actualites\/les-terribles-profils-dia-de-meta-deviennent-viraux\/#primaryimage\"},\"thumbnailUrl\":\"https:\/\/vieassociative.be\/actualites\/wp-content\/uploads\/2025\/01\/1736018270_Les-terribles-profils-dIA-de-Meta-deviennent-viraux.png\",\"keywords\":[\"deviennent\",\"dIA\",\"Les\",\"Meta\",\"profils\",\"terribles\",\"viraux\"],\"articleSection\":[\"Technologie\"],\"inLanguage\":\"fr-BE\"},{\"@type\":\"WebPage\",\"@id\":\"https:\/\/vieassociative.be\/actualites\/les-terribles-profils-dia-de-meta-deviennent-viraux\/\",\"url\":\"https:\/\/vieassociative.be\/actualites\/les-terribles-profils-dia-de-meta-deviennent-viraux\/\",\"name\":\"Les terribles profils d'IA de Meta deviennent viraux | Vie Associative\",\"isPartOf\":{\"@id\":\"https:\/\/vieassociative.be\/actualites\/#website\"},\"primaryImageOfPage\":{\"@id\":\"https:\/\/vieassociative.be\/actualites\/les-terribles-profils-dia-de-meta-deviennent-viraux\/#primaryimage\"},\"image\":{\"@id\":\"https:\/\/vieassociative.be\/actualites\/les-terribles-profils-dia-de-meta-deviennent-viraux\/#primaryimage\"},\"thumbnailUrl\":\"https:\/\/vieassociative.be\/actualites\/wp-content\/uploads\/2025\/01\/1736018270_Les-terribles-profils-dIA-de-Meta-deviennent-viraux.png\",\"datePublished\":\"2025-01-04T19:17:50+00:00\",\"dateModified\":\"2025-01-04T19:17:50+00:00\",\"breadcrumb\":{\"@id\":\"https:\/\/vieassociative.be\/actualites\/les-terribles-profils-dia-de-meta-deviennent-viraux\/#breadcrumb\"},\"inLanguage\":\"fr-BE\",\"potentialAction\":[{\"@type\":\"ReadAction\",\"target\":[\"https:\/\/vieassociative.be\/actualites\/les-terribles-profils-dia-de-meta-deviennent-viraux\/\"]}]},{\"@type\":\"ImageObject\",\"inLanguage\":\"fr-BE\",\"@id\":\"https:\/\/vieassociative.be\/actualites\/les-terribles-profils-dia-de-meta-deviennent-viraux\/#primaryimage\",\"url\":\"https:\/\/vieassociative.be\/actualites\/wp-content\/uploads\/2025\/01\/1736018270_Les-terribles-profils-dIA-de-Meta-deviennent-viraux.png\",\"contentUrl\":\"https:\/\/vieassociative.be\/actualites\/wp-content\/uploads\/2025\/01\/1736018270_Les-terribles-profils-dIA-de-Meta-deviennent-viraux.png\",\"width\":1200,\"height\":675,\"caption\":\"Les terribles profils d'IA de Meta deviennent viraux\"},{\"@type\":\"BreadcrumbList\",\"@id\":\"https:\/\/vieassociative.be\/actualites\/les-terribles-profils-dia-de-meta-deviennent-viraux\/#breadcrumb\",\"itemListElement\":[{\"@type\":\"ListItem\",\"position\":1,\"name\":\"Accueil\",\"item\":\"https:\/\/vieassociative.be\/actualites\/\"},{\"@type\":\"ListItem\",\"position\":2,\"name\":\"Les terribles profils d&rsquo;IA de Meta deviennent viraux\"}]},{\"@type\":\"WebSite\",\"@id\":\"https:\/\/vieassociative.be\/actualites\/#website\",\"url\":\"https:\/\/vieassociative.be\/actualites\/\",\"name\":\"Vie Associative\",\"description\":\"\",\"publisher\":{\"@id\":\"https:\/\/vieassociative.be\/actualites\/#organization\"},\"potentialAction\":[{\"@type\":\"SearchAction\",\"target\":{\"@type\":\"EntryPoint\",\"urlTemplate\":\"https:\/\/vieassociative.be\/actualites\/?s={search_term_string}\"},\"query-input\":{\"@type\":\"PropertyValueSpecification\",\"valueRequired\":true,\"valueName\":\"search_term_string\"}}],\"inLanguage\":\"fr-BE\"},{\"@type\":\"Organization\",\"@id\":\"https:\/\/vieassociative.be\/actualites\/#organization\",\"name\":\"Vie Associative\",\"url\":\"https:\/\/vieassociative.be\/actualites\/\",\"logo\":{\"@type\":\"ImageObject\",\"inLanguage\":\"fr-BE\",\"@id\":\"https:\/\/vieassociative.be\/actualites\/#\/schema\/logo\/image\/\",\"url\":\"https:\/\/vieassociative.be\/actualites\/wp-content\/uploads\/2024\/09\/cropped-vieassociative_favicon.ico.png\",\"contentUrl\":\"https:\/\/vieassociative.be\/actualites\/wp-content\/uploads\/2024\/09\/cropped-vieassociative_favicon.ico.png\",\"width\":512,\"height\":512,\"caption\":\"Vie Associative\"},\"image\":{\"@id\":\"https:\/\/vieassociative.be\/actualites\/#\/schema\/logo\/image\/\"}},{\"@type\":\"Person\",\"@id\":\"https:\/\/vieassociative.be\/actualites\/#\/schema\/person\/b87ac4f82f9d4e7b7cec7395b679edc4\",\"name\":\"Julien\",\"image\":{\"@type\":\"ImageObject\",\"inLanguage\":\"fr-BE\",\"@id\":\"https:\/\/vieassociative.be\/actualites\/#\/schema\/person\/image\/\",\"url\":\"https:\/\/vieassociative.be\/actualites\/wp-content\/uploads\/2024\/09\/vie-associative-1-150x150.jpg\",\"contentUrl\":\"https:\/\/vieassociative.be\/actualites\/wp-content\/uploads\/2024\/09\/vie-associative-1-150x150.jpg\",\"caption\":\"Julien\"},\"description\":\"Je suis Julien, r\u00e9dacteur pour Vie Associative. Passionn\u00e9 par le monde associatif depuis plus de 10 ans, j'ai \u00e0 c\u0153ur de partager des histoires inspirantes et de mettre en lumi\u00e8re les initiatives locales. Mon objectif est de sensibiliser et d'encourager l'engagement communautaire \u00e0 travers mes articles.\",\"sameAs\":[\"https:\/\/vieassociative.be\/\"]}]}<\/script>\n<!-- \/ Yoast SEO plugin. -->","yoast_head_json":{"title":"Les terribles profils d'IA de Meta deviennent viraux | Vie Associative","robots":{"index":"index","follow":"follow","max-snippet":"max-snippet:-1","max-image-preview":"max-image-preview:large","max-video-preview":"max-video-preview:-1"},"canonical":"https:\/\/vieassociative.be\/actualites\/les-terribles-profils-dia-de-meta-deviennent-viraux\/","og_locale":"fr_FR","og_type":"article","og_title":"Les terribles profils d'IA de Meta deviennent viraux | Vie Associative","og_description":"Ils ne sont pas nouveaux. Ils sont pourtant horribles. Meta n\u2019est peut-\u00eatre pas la premi\u00e8re entreprise qui vient \u00e0 l\u2019esprit lorsque l\u2019on pense \u00e0 l\u2019IA","og_url":"https:\/\/vieassociative.be\/actualites\/les-terribles-profils-dia-de-meta-deviennent-viraux\/","og_site_name":"Vie Associative","article_published_time":"2025-01-04T19:17:50+00:00","og_image":[{"url":"https:\/\/vieassociative.be\/actualites\/wp-content\/uploads\/2025\/01\/Les-terribles-profils-dIA-de-Meta-deviennent-viraux.jpg","type":"","width":"","height":""}],"author":"Julien","twitter_card":"summary_large_image","twitter_misc":{"\u00c9crit par":"Julien","Dur\u00e9e de lecture est.":"6 minutes"},"schema":{"@context":"https:\/\/schema.org","@graph":[{"@type":"Article","@id":"https:\/\/vieassociative.be\/actualites\/les-terribles-profils-dia-de-meta-deviennent-viraux\/#article","isPartOf":{"@id":"https:\/\/vieassociative.be\/actualites\/les-terribles-profils-dia-de-meta-deviennent-viraux\/"},"author":{"name":"Julien","@id":"https:\/\/vieassociative.be\/actualites\/#\/schema\/person\/b87ac4f82f9d4e7b7cec7395b679edc4"},"headline":"Les terribles profils d&rsquo;IA de Meta deviennent viraux","datePublished":"2025-01-04T19:17:50+00:00","dateModified":"2025-01-04T19:17:50+00:00","mainEntityOfPage":{"@id":"https:\/\/vieassociative.be\/actualites\/les-terribles-profils-dia-de-meta-deviennent-viraux\/"},"wordCount":1238,"publisher":{"@id":"https:\/\/vieassociative.be\/actualites\/#organization"},"image":{"@id":"https:\/\/vieassociative.be\/actualites\/les-terribles-profils-dia-de-meta-deviennent-viraux\/#primaryimage"},"thumbnailUrl":"https:\/\/vieassociative.be\/actualites\/wp-content\/uploads\/2025\/01\/1736018270_Les-terribles-profils-dIA-de-Meta-deviennent-viraux.png","keywords":["deviennent","dIA","Les","Meta","profils","terribles","viraux"],"articleSection":["Technologie"],"inLanguage":"fr-BE"},{"@type":"WebPage","@id":"https:\/\/vieassociative.be\/actualites\/les-terribles-profils-dia-de-meta-deviennent-viraux\/","url":"https:\/\/vieassociative.be\/actualites\/les-terribles-profils-dia-de-meta-deviennent-viraux\/","name":"Les terribles profils d'IA de Meta deviennent viraux | Vie Associative","isPartOf":{"@id":"https:\/\/vieassociative.be\/actualites\/#website"},"primaryImageOfPage":{"@id":"https:\/\/vieassociative.be\/actualites\/les-terribles-profils-dia-de-meta-deviennent-viraux\/#primaryimage"},"image":{"@id":"https:\/\/vieassociative.be\/actualites\/les-terribles-profils-dia-de-meta-deviennent-viraux\/#primaryimage"},"thumbnailUrl":"https:\/\/vieassociative.be\/actualites\/wp-content\/uploads\/2025\/01\/1736018270_Les-terribles-profils-dIA-de-Meta-deviennent-viraux.png","datePublished":"2025-01-04T19:17:50+00:00","dateModified":"2025-01-04T19:17:50+00:00","breadcrumb":{"@id":"https:\/\/vieassociative.be\/actualites\/les-terribles-profils-dia-de-meta-deviennent-viraux\/#breadcrumb"},"inLanguage":"fr-BE","potentialAction":[{"@type":"ReadAction","target":["https:\/\/vieassociative.be\/actualites\/les-terribles-profils-dia-de-meta-deviennent-viraux\/"]}]},{"@type":"ImageObject","inLanguage":"fr-BE","@id":"https:\/\/vieassociative.be\/actualites\/les-terribles-profils-dia-de-meta-deviennent-viraux\/#primaryimage","url":"https:\/\/vieassociative.be\/actualites\/wp-content\/uploads\/2025\/01\/1736018270_Les-terribles-profils-dIA-de-Meta-deviennent-viraux.png","contentUrl":"https:\/\/vieassociative.be\/actualites\/wp-content\/uploads\/2025\/01\/1736018270_Les-terribles-profils-dIA-de-Meta-deviennent-viraux.png","width":1200,"height":675,"caption":"Les terribles profils d'IA de Meta deviennent viraux"},{"@type":"BreadcrumbList","@id":"https:\/\/vieassociative.be\/actualites\/les-terribles-profils-dia-de-meta-deviennent-viraux\/#breadcrumb","itemListElement":[{"@type":"ListItem","position":1,"name":"Accueil","item":"https:\/\/vieassociative.be\/actualites\/"},{"@type":"ListItem","position":2,"name":"Les terribles profils d&rsquo;IA de Meta deviennent viraux"}]},{"@type":"WebSite","@id":"https:\/\/vieassociative.be\/actualites\/#website","url":"https:\/\/vieassociative.be\/actualites\/","name":"Vie Associative","description":"","publisher":{"@id":"https:\/\/vieassociative.be\/actualites\/#organization"},"potentialAction":[{"@type":"SearchAction","target":{"@type":"EntryPoint","urlTemplate":"https:\/\/vieassociative.be\/actualites\/?s={search_term_string}"},"query-input":{"@type":"PropertyValueSpecification","valueRequired":true,"valueName":"search_term_string"}}],"inLanguage":"fr-BE"},{"@type":"Organization","@id":"https:\/\/vieassociative.be\/actualites\/#organization","name":"Vie Associative","url":"https:\/\/vieassociative.be\/actualites\/","logo":{"@type":"ImageObject","inLanguage":"fr-BE","@id":"https:\/\/vieassociative.be\/actualites\/#\/schema\/logo\/image\/","url":"https:\/\/vieassociative.be\/actualites\/wp-content\/uploads\/2024\/09\/cropped-vieassociative_favicon.ico.png","contentUrl":"https:\/\/vieassociative.be\/actualites\/wp-content\/uploads\/2024\/09\/cropped-vieassociative_favicon.ico.png","width":512,"height":512,"caption":"Vie Associative"},"image":{"@id":"https:\/\/vieassociative.be\/actualites\/#\/schema\/logo\/image\/"}},{"@type":"Person","@id":"https:\/\/vieassociative.be\/actualites\/#\/schema\/person\/b87ac4f82f9d4e7b7cec7395b679edc4","name":"Julien","image":{"@type":"ImageObject","inLanguage":"fr-BE","@id":"https:\/\/vieassociative.be\/actualites\/#\/schema\/person\/image\/","url":"https:\/\/vieassociative.be\/actualites\/wp-content\/uploads\/2024\/09\/vie-associative-1-150x150.jpg","contentUrl":"https:\/\/vieassociative.be\/actualites\/wp-content\/uploads\/2024\/09\/vie-associative-1-150x150.jpg","caption":"Julien"},"description":"Je suis Julien, r\u00e9dacteur pour Vie Associative. Passionn\u00e9 par le monde associatif depuis plus de 10 ans, j'ai \u00e0 c\u0153ur de partager des histoires inspirantes et de mettre en lumi\u00e8re les initiatives locales. Mon objectif est de sensibiliser et d'encourager l'engagement communautaire \u00e0 travers mes articles.","sameAs":["https:\/\/vieassociative.be\/"]}]}},"_links":{"self":[{"href":"https:\/\/vieassociative.be\/actualites\/wp-json\/wp\/v2\/posts\/4048"}],"collection":[{"href":"https:\/\/vieassociative.be\/actualites\/wp-json\/wp\/v2\/posts"}],"about":[{"href":"https:\/\/vieassociative.be\/actualites\/wp-json\/wp\/v2\/types\/post"}],"author":[{"embeddable":true,"href":"https:\/\/vieassociative.be\/actualites\/wp-json\/wp\/v2\/users\/1"}],"replies":[{"embeddable":true,"href":"https:\/\/vieassociative.be\/actualites\/wp-json\/wp\/v2\/comments?post=4048"}],"version-history":[{"count":0,"href":"https:\/\/vieassociative.be\/actualites\/wp-json\/wp\/v2\/posts\/4048\/revisions"}],"wp:featuredmedia":[{"embeddable":true,"href":"https:\/\/vieassociative.be\/actualites\/wp-json\/wp\/v2\/media\/4049"}],"wp:attachment":[{"href":"https:\/\/vieassociative.be\/actualites\/wp-json\/wp\/v2\/media?parent=4048"}],"wp:term":[{"taxonomy":"category","embeddable":true,"href":"https:\/\/vieassociative.be\/actualites\/wp-json\/wp\/v2\/categories?post=4048"},{"taxonomy":"post_tag","embeddable":true,"href":"https:\/\/vieassociative.be\/actualites\/wp-json\/wp\/v2\/tags?post=4048"}],"curies":[{"name":"wp","href":"https:\/\/api.w.org\/{rel}","templated":true}]}}