{"id":4044,"date":"2025-01-04T18:18:43","date_gmt":"2025-01-04T17:18:43","guid":{"rendered":"https:\/\/vieassociative.be\/actualites\/comment-faire-en-sorte-que-votre-enfant-arrete-de-crier-lorsque-vous-lui-lavez-les-cheveux\/"},"modified":"2025-01-04T18:18:43","modified_gmt":"2025-01-04T17:18:43","slug":"comment-faire-en-sorte-que-votre-enfant-arrete-de-crier-lorsque-vous-lui-lavez-les-cheveux","status":"publish","type":"post","link":"https:\/\/vieassociative.be\/actualites\/comment-faire-en-sorte-que-votre-enfant-arrete-de-crier-lorsque-vous-lui-lavez-les-cheveux\/","title":{"rendered":"Comment faire en sorte que votre enfant arr\u00eate de crier lorsque vous lui lavez les cheveux"},"content":{"rendered":"<div class=\"mt-4 leading-6 md:mb-8\">Lorsque vous hurlez, l\u2019heure du bain peut \u00eatre un enfer. Voici comment y faire face.<\/div>\n<p><\/p>\n<p>Vous avez peut-\u00eatre un enfant qui adore l&rsquo;heure du bain du d\u00e9but \u00e0 la fin, qui rit aux bulles et cligne simplement des yeux lorsqu&rsquo;il est asperg\u00e9 de H20. Ou vous, cher lecteur, pourriez avoir un enfant qui hurle comme si on lui arrachait les ongles des pieds lorsque le shampoing touche sa t\u00eate.<\/p>\n<p>Pour les enfants qui sont pr\u00eats \u00e0 sauter \u00e0 la perche hors de la baignoire lorsque vous dites qu&rsquo;il est temps de se rincer, vous devrez utiliser des m\u00e9thodes sp\u00e9ciales afin de passer un bain sans Xanax ni tympan cass\u00e9. En voici quelques-uns qui peuvent minimiser les lamentations.<\/p>\n<h2 id=\"bathe-them-less-often\">Baignez-les moins souvent<\/h2>\n<p>Bien que cela puisse ne pas convenir aux personnes ultra-hygi\u00e9niques, il s&rsquo;av\u00e8re que <em>les enfants n&rsquo;ont pas besoin de se baigner tous les jours<\/em>. Les choses sont diff\u00e9rentes en \u00e9t\u00e9, lorsque la cr\u00e8me solaire, le chlore et la sueur sont omnipr\u00e9sents, mais pendant le reste de l&rsquo;ann\u00e9e, selon l&rsquo;American Academy of Pediatrics, se baigner un jour sur deux est parfaitement acceptable. Et comme un lavage excessif peut priver les cheveux de leurs huiles naturelles et ass\u00e9cher le cuir chevelu, un \u00e0 deux lavages de cheveux par semaine suffisent (avec un shampoing sans larmes, bien s\u00fbr). <\/p>\n<h2 id=\"use-the-right-props-to-keep-them-busy-and-distracted\">Utilisez les bons accessoires pour les occuper et les distraire<\/h2>\n<p>Gardez un miroir de poche \u00e0 proximit\u00e9 et laissez votre tout-petit jouer avec les \u00ab coiffures \u00bb tout en se lavant les cheveux. Ils peuvent fabriquer des mohawks, des \u00ab twisty-twirlies \u00bb (le terme technique) ou des cornes \u2013 tout ce qui leur donne un sentiment de jeu et maintient la circulation de la s\u00e9rotonine. Leur demander de laver et de rincer les cheveux d&rsquo;une poup\u00e9e pendant que vous faites les leurs est un excellent moyen de les distraire <em>la chose qu&rsquo;ils n&rsquo;aiment pas et qui se produit \u00e0 ce moment pr\u00e9cis<\/em>. <\/p>\n<h2 id=\"let-them-do-their-own-shampoo\">Laissez-les faire leur propre shampoing<\/h2>\n<p>Pour certains enfants, ce n&rsquo;est pas tant le rin\u00e7age qui est g\u00eanant que la sensation du shampoing frott\u00e9 sur leur cuir chevelu. Essayez de mettre le shampoing sur un gant de toilette et de l&rsquo;appliquer de cette fa\u00e7on, ou voyez si votre enfant souhaite masser lui-m\u00eame le shampoing. <\/p>\n<h2 id=\"play-whats-on-the-ceiling\">Jouez \u00e0 \u00ab\u00a0qu\u2019est-ce qu\u2019il y a au plafond\u00a0\u00bb<\/h2>\n<p>Tout en r\u00e9p\u00e9tant \u00ab regarde vers le haut\u2026 pas vers le bas\u2026 \u00bb<em>en haut!<\/em>\u00bb sur un ton de plus en plus frustr\u00e9 peut \u00eatre amusant, si vous souhaitez faire une pause, essayez de demander \u00e0 votre enfant ce qu&rsquo;il voit au plafond. Tout comme regarder des nuages, des taches d\u2019eau et de petites imperfections peuvent comme par magie devenir des \u00ab lapins violets \u00bb ou des \u00ab d\u00e9panneuses \u00bb pour un enfant dot\u00e9 d\u2019imagination. (Vous pouvez \u00e9galement placer quelques pansements sur le th\u00e8me des personnages au plafond et demander \u00e0 votre tout-petit de vous dire qui il voit.) <\/p>\n<h2 id=\"give-them-a-dry-wash-cloth-for-their-faces\">Donnez-leur un gant de toilette sec pour leur visage<\/h2>\n<p>Certains enfants se sentent beaucoup plus calmes lorsqu\u2019ils ont un gant de toilette sec \u00e0 placer sur leur visage. Ceci, combin\u00e9 \u00e0 la recherche (si possible), peut donner des r\u00e9sultats d\u00e9cents sans crier. Notez cependant que le chiffon lui-m\u00eame est parfois mouill\u00e9, ce qui va \u00e0 l&rsquo;encontre de l&rsquo;objectif d&rsquo;un visage sec. Mais ce qui est important, c&rsquo;est qu&rsquo;ils <em>se sentir en contr\u00f4le<\/em>m\u00eame s&rsquo;ils se font essentiellement du waterboarding. <\/p>\n<h2 id=\"get-a-shower-hat-or-goggles\">Procurez-vous un bonnet de douche ou des lunettes<\/h2>\n<p>En plus d&rsquo;utiliser un seau de douche avec un bord doux et profil\u00e9 pour rincer, vous pouvez toujours attacher une paire de lunettes pas trop serr\u00e9es pour \u00e9viter que l&rsquo;eau redout\u00e9e ne p\u00e9n\u00e8tre dans les yeux. (Bien s\u00fbr, pleurnicher \u00e0 cause d&rsquo;une sangle de lunettes serr\u00e9e pourrait aller \u00e0 l&rsquo;encontre de l&rsquo;objectif ici.) Et si votre enfant est heureux de ressembler \u00e0 un promeneur de centre commercial \u00e0 la retraite se dirigeant vers Early Bird Bingo, il y a toujours une visi\u00e8re de douche.<\/p>\n<h2 id=\"lie-them-down-or-use-a-shower-head-to-rinse\">Allongez-les ou utilisez une pomme de douche pour les rincer<\/h2>\n<p>Bien que certains enfants puissent r\u00e9sister compl\u00e8tement \u00e0 cela, s&rsquo;allonger et submerger tout sauf leur visage pour \u00ab\u00a0tourbillonner\u00a0\u00bb leurs cheveux dans l&rsquo;eau du bain fonctionne pour d&rsquo;autres. Pour les enfants aux cheveux plus longs, appelez cela \u00ab cheveux de sir\u00e8ne \u00bb et boum, c&rsquo;est une f\u00eate sous la mer. Alternativement, l\u2019utilisation d\u2019une pomme de douche \u00e0 main fix\u00e9e au robinet de votre baignoire peut rendre le rin\u00e7age des cheveux beaucoup moins bruyant. <\/p>\n<h2 id=\"also-seriously-consider-swim-lessons\">Pensez \u00e9galement s\u00e9rieusement aux cours de natation<\/h2>\n<p>La r\u00e9sistance \u00e0 l\u2019heure du bain n\u2019est souvent qu\u2019une peur d\u00e9guis\u00e9e en bruit. De nombreux enfants sont carr\u00e9ment terrifi\u00e9s \u00e0 l\u2019id\u00e9e que l\u2019eau leur frappe le visage. L\u2019un des meilleurs moyens \u00e0 long terme de surmonter cette peur est d\u2019augmenter le niveau de confort g\u00e9n\u00e9ral de votre enfant dans l\u2019eau. Bien que cela prenne un certain temps (et commencer quand ils n&rsquo;ont que quelques mois) est <em>chemin<\/em> plus facile que lorsqu&rsquo;ils ont trois ou quatre ans), apr\u00e8s avoir appris \u00e0 faire des bulles et \u00e0 immerger leur t\u00eate, ils remarqueront \u00e0 peine qu&rsquo;ils sont inond\u00e9s par un seau d&rsquo;eau dans le bain. <\/p>\n<p><\/p>\n","protected":false},"excerpt":{"rendered":"<p>Lorsque vous hurlez, l\u2019heure du bain peut \u00eatre un enfer. Voici comment y faire face. Vous avez peut-\u00eatre un enfant qui adore l&rsquo;heure du bain<\/p>\n","protected":false},"author":1,"featured_media":4045,"comment_status":"","ping_status":"","sticky":false,"template":"","format":"standard","meta":{"footnotes":""},"categories":[37],"tags":[3276,4495,44,1699,295,127,4494,14,559,1076,1062,8,4],"class_list":["post-4044","post","type-post","status-publish","format-standard","has-post-thumbnail","hentry","category-famille","tag-arrete","tag-cheveux","tag-comment","tag-crier","tag-enfant","tag-faire","tag-lavez","tag-les","tag-lorsque","tag-lui","tag-sorte","tag-votre","tag-vous","generate-columns","tablet-grid-50","mobile-grid-100","grid-parent","grid-33"],"yoast_head":"<!-- This site is optimized with the Yoast SEO plugin v24.0 - https:\/\/yoast.com\/wordpress\/plugins\/seo\/ -->\n<title>Comment faire en sorte que votre enfant arr\u00eate de crier lorsque vous lui lavez les cheveux | Vie Associative<\/title>\n<meta name=\"robots\" content=\"index, follow, max-snippet:-1, max-image-preview:large, max-video-preview:-1\" \/>\n<link rel=\"canonical\" href=\"https:\/\/vieassociative.be\/actualites\/comment-faire-en-sorte-que-votre-enfant-arrete-de-crier-lorsque-vous-lui-lavez-les-cheveux\/\" \/>\n<meta property=\"og:locale\" content=\"fr_FR\" \/>\n<meta property=\"og:type\" content=\"article\" \/>\n<meta property=\"og:title\" content=\"Comment faire en sorte que votre enfant arr\u00eate de crier lorsque vous lui lavez les cheveux | Vie Associative\" \/>\n<meta property=\"og:description\" content=\"Lorsque vous hurlez, l\u2019heure du bain peut \u00eatre un enfer. Voici comment y faire face. Vous avez peut-\u00eatre un enfant qui adore l&rsquo;heure du bain\" \/>\n<meta property=\"og:url\" content=\"https:\/\/vieassociative.be\/actualites\/comment-faire-en-sorte-que-votre-enfant-arrete-de-crier-lorsque-vous-lui-lavez-les-cheveux\/\" \/>\n<meta property=\"og:site_name\" content=\"Vie Associative\" \/>\n<meta property=\"article:published_time\" content=\"2025-01-04T17:18:43+00:00\" \/>\n<meta property=\"og:image\" content=\"https:\/\/vieassociative.be\/actualites\/wp-content\/uploads\/2024\/09\/header_backgroundk-01-e1726694325946.png\" \/>\n\t<meta property=\"og:image:width\" content=\"279\" \/>\n\t<meta property=\"og:image:height\" content=\"92\" \/>\n\t<meta property=\"og:image:type\" content=\"image\/png\" \/>\n<meta name=\"author\" content=\"Julien\" \/>\n<meta name=\"twitter:card\" content=\"summary_large_image\" \/>\n<meta name=\"twitter:label1\" content=\"\u00c9crit par\" \/>\n\t<meta name=\"twitter:data1\" content=\"Julien\" \/>\n\t<meta name=\"twitter:label2\" content=\"Dur\u00e9e de lecture est.\" \/>\n\t<meta name=\"twitter:data2\" content=\"4 minutes\" \/>\n<script type=\"application\/ld+json\" class=\"yoast-schema-graph\">{\"@context\":\"https:\/\/schema.org\",\"@graph\":[{\"@type\":\"Article\",\"@id\":\"https:\/\/vieassociative.be\/actualites\/comment-faire-en-sorte-que-votre-enfant-arrete-de-crier-lorsque-vous-lui-lavez-les-cheveux\/#article\",\"isPartOf\":{\"@id\":\"https:\/\/vieassociative.be\/actualites\/comment-faire-en-sorte-que-votre-enfant-arrete-de-crier-lorsque-vous-lui-lavez-les-cheveux\/\"},\"author\":{\"name\":\"Julien\",\"@id\":\"https:\/\/vieassociative.be\/actualites\/#\/schema\/person\/b87ac4f82f9d4e7b7cec7395b679edc4\"},\"headline\":\"Comment faire en sorte que votre enfant arr\u00eate de crier lorsque vous lui lavez les cheveux\",\"datePublished\":\"2025-01-04T17:18:43+00:00\",\"dateModified\":\"2025-01-04T17:18:43+00:00\",\"mainEntityOfPage\":{\"@id\":\"https:\/\/vieassociative.be\/actualites\/comment-faire-en-sorte-que-votre-enfant-arrete-de-crier-lorsque-vous-lui-lavez-les-cheveux\/\"},\"wordCount\":921,\"publisher\":{\"@id\":\"https:\/\/vieassociative.be\/actualites\/#organization\"},\"image\":{\"@id\":\"https:\/\/vieassociative.be\/actualites\/comment-faire-en-sorte-que-votre-enfant-arrete-de-crier-lorsque-vous-lui-lavez-les-cheveux\/#primaryimage\"},\"thumbnailUrl\":\"https:\/\/vieassociative.be\/actualites\/wp-content\/uploads\/2025\/01\/Comment-faire-en-sorte-que-votre-enfant-arrete-de-crier.jpg\",\"keywords\":[\"arr\u00eate\",\"cheveux\",\"Comment\",\"crier\",\"enfant\",\"faire\",\"lavez\",\"Les\",\"lorsque\",\"lui\",\"sorte\",\"votre\",\"Vous\"],\"articleSection\":[\"Famille\"],\"inLanguage\":\"fr-BE\"},{\"@type\":\"WebPage\",\"@id\":\"https:\/\/vieassociative.be\/actualites\/comment-faire-en-sorte-que-votre-enfant-arrete-de-crier-lorsque-vous-lui-lavez-les-cheveux\/\",\"url\":\"https:\/\/vieassociative.be\/actualites\/comment-faire-en-sorte-que-votre-enfant-arrete-de-crier-lorsque-vous-lui-lavez-les-cheveux\/\",\"name\":\"Comment faire en sorte que votre enfant arr\u00eate de crier lorsque vous lui lavez les cheveux | Vie Associative\",\"isPartOf\":{\"@id\":\"https:\/\/vieassociative.be\/actualites\/#website\"},\"primaryImageOfPage\":{\"@id\":\"https:\/\/vieassociative.be\/actualites\/comment-faire-en-sorte-que-votre-enfant-arrete-de-crier-lorsque-vous-lui-lavez-les-cheveux\/#primaryimage\"},\"image\":{\"@id\":\"https:\/\/vieassociative.be\/actualites\/comment-faire-en-sorte-que-votre-enfant-arrete-de-crier-lorsque-vous-lui-lavez-les-cheveux\/#primaryimage\"},\"thumbnailUrl\":\"https:\/\/vieassociative.be\/actualites\/wp-content\/uploads\/2025\/01\/Comment-faire-en-sorte-que-votre-enfant-arrete-de-crier.jpg\",\"datePublished\":\"2025-01-04T17:18:43+00:00\",\"dateModified\":\"2025-01-04T17:18:43+00:00\",\"breadcrumb\":{\"@id\":\"https:\/\/vieassociative.be\/actualites\/comment-faire-en-sorte-que-votre-enfant-arrete-de-crier-lorsque-vous-lui-lavez-les-cheveux\/#breadcrumb\"},\"inLanguage\":\"fr-BE\",\"potentialAction\":[{\"@type\":\"ReadAction\",\"target\":[\"https:\/\/vieassociative.be\/actualites\/comment-faire-en-sorte-que-votre-enfant-arrete-de-crier-lorsque-vous-lui-lavez-les-cheveux\/\"]}]},{\"@type\":\"ImageObject\",\"inLanguage\":\"fr-BE\",\"@id\":\"https:\/\/vieassociative.be\/actualites\/comment-faire-en-sorte-que-votre-enfant-arrete-de-crier-lorsque-vous-lui-lavez-les-cheveux\/#primaryimage\",\"url\":\"https:\/\/vieassociative.be\/actualites\/wp-content\/uploads\/2025\/01\/Comment-faire-en-sorte-que-votre-enfant-arrete-de-crier.jpg\",\"contentUrl\":\"https:\/\/vieassociative.be\/actualites\/wp-content\/uploads\/2025\/01\/Comment-faire-en-sorte-que-votre-enfant-arrete-de-crier.jpg\",\"width\":1200,\"height\":675,\"caption\":\"Comment faire en sorte que votre enfant arr\u00eate de crier lorsque vous lui lavez les cheveux\"},{\"@type\":\"BreadcrumbList\",\"@id\":\"https:\/\/vieassociative.be\/actualites\/comment-faire-en-sorte-que-votre-enfant-arrete-de-crier-lorsque-vous-lui-lavez-les-cheveux\/#breadcrumb\",\"itemListElement\":[{\"@type\":\"ListItem\",\"position\":1,\"name\":\"Accueil\",\"item\":\"https:\/\/vieassociative.be\/actualites\/\"},{\"@type\":\"ListItem\",\"position\":2,\"name\":\"Comment faire en sorte que votre enfant arr\u00eate de crier lorsque vous lui lavez les cheveux\"}]},{\"@type\":\"WebSite\",\"@id\":\"https:\/\/vieassociative.be\/actualites\/#website\",\"url\":\"https:\/\/vieassociative.be\/actualites\/\",\"name\":\"Vie Associative\",\"description\":\"\",\"publisher\":{\"@id\":\"https:\/\/vieassociative.be\/actualites\/#organization\"},\"potentialAction\":[{\"@type\":\"SearchAction\",\"target\":{\"@type\":\"EntryPoint\",\"urlTemplate\":\"https:\/\/vieassociative.be\/actualites\/?s={search_term_string}\"},\"query-input\":{\"@type\":\"PropertyValueSpecification\",\"valueRequired\":true,\"valueName\":\"search_term_string\"}}],\"inLanguage\":\"fr-BE\"},{\"@type\":\"Organization\",\"@id\":\"https:\/\/vieassociative.be\/actualites\/#organization\",\"name\":\"Vie Associative\",\"url\":\"https:\/\/vieassociative.be\/actualites\/\",\"logo\":{\"@type\":\"ImageObject\",\"inLanguage\":\"fr-BE\",\"@id\":\"https:\/\/vieassociative.be\/actualites\/#\/schema\/logo\/image\/\",\"url\":\"https:\/\/vieassociative.be\/actualites\/wp-content\/uploads\/2024\/09\/cropped-vieassociative_favicon.ico.png\",\"contentUrl\":\"https:\/\/vieassociative.be\/actualites\/wp-content\/uploads\/2024\/09\/cropped-vieassociative_favicon.ico.png\",\"width\":512,\"height\":512,\"caption\":\"Vie Associative\"},\"image\":{\"@id\":\"https:\/\/vieassociative.be\/actualites\/#\/schema\/logo\/image\/\"}},{\"@type\":\"Person\",\"@id\":\"https:\/\/vieassociative.be\/actualites\/#\/schema\/person\/b87ac4f82f9d4e7b7cec7395b679edc4\",\"name\":\"Julien\",\"image\":{\"@type\":\"ImageObject\",\"inLanguage\":\"fr-BE\",\"@id\":\"https:\/\/vieassociative.be\/actualites\/#\/schema\/person\/image\/\",\"url\":\"https:\/\/vieassociative.be\/actualites\/wp-content\/uploads\/2024\/09\/vie-associative-1-150x150.jpg\",\"contentUrl\":\"https:\/\/vieassociative.be\/actualites\/wp-content\/uploads\/2024\/09\/vie-associative-1-150x150.jpg\",\"caption\":\"Julien\"},\"description\":\"Je suis Julien, r\u00e9dacteur pour Vie Associative. Passionn\u00e9 par le monde associatif depuis plus de 10 ans, j'ai \u00e0 c\u0153ur de partager des histoires inspirantes et de mettre en lumi\u00e8re les initiatives locales. Mon objectif est de sensibiliser et d'encourager l'engagement communautaire \u00e0 travers mes articles.\",\"sameAs\":[\"https:\/\/vieassociative.be\/\"]}]}<\/script>\n<!-- \/ Yoast SEO plugin. -->","yoast_head_json":{"title":"Comment faire en sorte que votre enfant arr\u00eate de crier lorsque vous lui lavez les cheveux | Vie Associative","robots":{"index":"index","follow":"follow","max-snippet":"max-snippet:-1","max-image-preview":"max-image-preview:large","max-video-preview":"max-video-preview:-1"},"canonical":"https:\/\/vieassociative.be\/actualites\/comment-faire-en-sorte-que-votre-enfant-arrete-de-crier-lorsque-vous-lui-lavez-les-cheveux\/","og_locale":"fr_FR","og_type":"article","og_title":"Comment faire en sorte que votre enfant arr\u00eate de crier lorsque vous lui lavez les cheveux | Vie Associative","og_description":"Lorsque vous hurlez, l\u2019heure du bain peut \u00eatre un enfer. Voici comment y faire face. Vous avez peut-\u00eatre un enfant qui adore l&rsquo;heure du bain","og_url":"https:\/\/vieassociative.be\/actualites\/comment-faire-en-sorte-que-votre-enfant-arrete-de-crier-lorsque-vous-lui-lavez-les-cheveux\/","og_site_name":"Vie Associative","article_published_time":"2025-01-04T17:18:43+00:00","og_image":[{"width":279,"height":92,"url":"https:\/\/vieassociative.be\/actualites\/wp-content\/uploads\/2024\/09\/header_backgroundk-01-e1726694325946.png","type":"image\/png"}],"author":"Julien","twitter_card":"summary_large_image","twitter_misc":{"\u00c9crit par":"Julien","Dur\u00e9e de lecture est.":"4 minutes"},"schema":{"@context":"https:\/\/schema.org","@graph":[{"@type":"Article","@id":"https:\/\/vieassociative.be\/actualites\/comment-faire-en-sorte-que-votre-enfant-arrete-de-crier-lorsque-vous-lui-lavez-les-cheveux\/#article","isPartOf":{"@id":"https:\/\/vieassociative.be\/actualites\/comment-faire-en-sorte-que-votre-enfant-arrete-de-crier-lorsque-vous-lui-lavez-les-cheveux\/"},"author":{"name":"Julien","@id":"https:\/\/vieassociative.be\/actualites\/#\/schema\/person\/b87ac4f82f9d4e7b7cec7395b679edc4"},"headline":"Comment faire en sorte que votre enfant arr\u00eate de crier lorsque vous lui lavez les cheveux","datePublished":"2025-01-04T17:18:43+00:00","dateModified":"2025-01-04T17:18:43+00:00","mainEntityOfPage":{"@id":"https:\/\/vieassociative.be\/actualites\/comment-faire-en-sorte-que-votre-enfant-arrete-de-crier-lorsque-vous-lui-lavez-les-cheveux\/"},"wordCount":921,"publisher":{"@id":"https:\/\/vieassociative.be\/actualites\/#organization"},"image":{"@id":"https:\/\/vieassociative.be\/actualites\/comment-faire-en-sorte-que-votre-enfant-arrete-de-crier-lorsque-vous-lui-lavez-les-cheveux\/#primaryimage"},"thumbnailUrl":"https:\/\/vieassociative.be\/actualites\/wp-content\/uploads\/2025\/01\/Comment-faire-en-sorte-que-votre-enfant-arrete-de-crier.jpg","keywords":["arr\u00eate","cheveux","Comment","crier","enfant","faire","lavez","Les","lorsque","lui","sorte","votre","Vous"],"articleSection":["Famille"],"inLanguage":"fr-BE"},{"@type":"WebPage","@id":"https:\/\/vieassociative.be\/actualites\/comment-faire-en-sorte-que-votre-enfant-arrete-de-crier-lorsque-vous-lui-lavez-les-cheveux\/","url":"https:\/\/vieassociative.be\/actualites\/comment-faire-en-sorte-que-votre-enfant-arrete-de-crier-lorsque-vous-lui-lavez-les-cheveux\/","name":"Comment faire en sorte que votre enfant arr\u00eate de crier lorsque vous lui lavez les cheveux | Vie Associative","isPartOf":{"@id":"https:\/\/vieassociative.be\/actualites\/#website"},"primaryImageOfPage":{"@id":"https:\/\/vieassociative.be\/actualites\/comment-faire-en-sorte-que-votre-enfant-arrete-de-crier-lorsque-vous-lui-lavez-les-cheveux\/#primaryimage"},"image":{"@id":"https:\/\/vieassociative.be\/actualites\/comment-faire-en-sorte-que-votre-enfant-arrete-de-crier-lorsque-vous-lui-lavez-les-cheveux\/#primaryimage"},"thumbnailUrl":"https:\/\/vieassociative.be\/actualites\/wp-content\/uploads\/2025\/01\/Comment-faire-en-sorte-que-votre-enfant-arrete-de-crier.jpg","datePublished":"2025-01-04T17:18:43+00:00","dateModified":"2025-01-04T17:18:43+00:00","breadcrumb":{"@id":"https:\/\/vieassociative.be\/actualites\/comment-faire-en-sorte-que-votre-enfant-arrete-de-crier-lorsque-vous-lui-lavez-les-cheveux\/#breadcrumb"},"inLanguage":"fr-BE","potentialAction":[{"@type":"ReadAction","target":["https:\/\/vieassociative.be\/actualites\/comment-faire-en-sorte-que-votre-enfant-arrete-de-crier-lorsque-vous-lui-lavez-les-cheveux\/"]}]},{"@type":"ImageObject","inLanguage":"fr-BE","@id":"https:\/\/vieassociative.be\/actualites\/comment-faire-en-sorte-que-votre-enfant-arrete-de-crier-lorsque-vous-lui-lavez-les-cheveux\/#primaryimage","url":"https:\/\/vieassociative.be\/actualites\/wp-content\/uploads\/2025\/01\/Comment-faire-en-sorte-que-votre-enfant-arrete-de-crier.jpg","contentUrl":"https:\/\/vieassociative.be\/actualites\/wp-content\/uploads\/2025\/01\/Comment-faire-en-sorte-que-votre-enfant-arrete-de-crier.jpg","width":1200,"height":675,"caption":"Comment faire en sorte que votre enfant arr\u00eate de crier lorsque vous lui lavez les cheveux"},{"@type":"BreadcrumbList","@id":"https:\/\/vieassociative.be\/actualites\/comment-faire-en-sorte-que-votre-enfant-arrete-de-crier-lorsque-vous-lui-lavez-les-cheveux\/#breadcrumb","itemListElement":[{"@type":"ListItem","position":1,"name":"Accueil","item":"https:\/\/vieassociative.be\/actualites\/"},{"@type":"ListItem","position":2,"name":"Comment faire en sorte que votre enfant arr\u00eate de crier lorsque vous lui lavez les cheveux"}]},{"@type":"WebSite","@id":"https:\/\/vieassociative.be\/actualites\/#website","url":"https:\/\/vieassociative.be\/actualites\/","name":"Vie Associative","description":"","publisher":{"@id":"https:\/\/vieassociative.be\/actualites\/#organization"},"potentialAction":[{"@type":"SearchAction","target":{"@type":"EntryPoint","urlTemplate":"https:\/\/vieassociative.be\/actualites\/?s={search_term_string}"},"query-input":{"@type":"PropertyValueSpecification","valueRequired":true,"valueName":"search_term_string"}}],"inLanguage":"fr-BE"},{"@type":"Organization","@id":"https:\/\/vieassociative.be\/actualites\/#organization","name":"Vie Associative","url":"https:\/\/vieassociative.be\/actualites\/","logo":{"@type":"ImageObject","inLanguage":"fr-BE","@id":"https:\/\/vieassociative.be\/actualites\/#\/schema\/logo\/image\/","url":"https:\/\/vieassociative.be\/actualites\/wp-content\/uploads\/2024\/09\/cropped-vieassociative_favicon.ico.png","contentUrl":"https:\/\/vieassociative.be\/actualites\/wp-content\/uploads\/2024\/09\/cropped-vieassociative_favicon.ico.png","width":512,"height":512,"caption":"Vie Associative"},"image":{"@id":"https:\/\/vieassociative.be\/actualites\/#\/schema\/logo\/image\/"}},{"@type":"Person","@id":"https:\/\/vieassociative.be\/actualites\/#\/schema\/person\/b87ac4f82f9d4e7b7cec7395b679edc4","name":"Julien","image":{"@type":"ImageObject","inLanguage":"fr-BE","@id":"https:\/\/vieassociative.be\/actualites\/#\/schema\/person\/image\/","url":"https:\/\/vieassociative.be\/actualites\/wp-content\/uploads\/2024\/09\/vie-associative-1-150x150.jpg","contentUrl":"https:\/\/vieassociative.be\/actualites\/wp-content\/uploads\/2024\/09\/vie-associative-1-150x150.jpg","caption":"Julien"},"description":"Je suis Julien, r\u00e9dacteur pour Vie Associative. Passionn\u00e9 par le monde associatif depuis plus de 10 ans, j'ai \u00e0 c\u0153ur de partager des histoires inspirantes et de mettre en lumi\u00e8re les initiatives locales. Mon objectif est de sensibiliser et d'encourager l'engagement communautaire \u00e0 travers mes articles.","sameAs":["https:\/\/vieassociative.be\/"]}]}},"_links":{"self":[{"href":"https:\/\/vieassociative.be\/actualites\/wp-json\/wp\/v2\/posts\/4044"}],"collection":[{"href":"https:\/\/vieassociative.be\/actualites\/wp-json\/wp\/v2\/posts"}],"about":[{"href":"https:\/\/vieassociative.be\/actualites\/wp-json\/wp\/v2\/types\/post"}],"author":[{"embeddable":true,"href":"https:\/\/vieassociative.be\/actualites\/wp-json\/wp\/v2\/users\/1"}],"replies":[{"embeddable":true,"href":"https:\/\/vieassociative.be\/actualites\/wp-json\/wp\/v2\/comments?post=4044"}],"version-history":[{"count":0,"href":"https:\/\/vieassociative.be\/actualites\/wp-json\/wp\/v2\/posts\/4044\/revisions"}],"wp:featuredmedia":[{"embeddable":true,"href":"https:\/\/vieassociative.be\/actualites\/wp-json\/wp\/v2\/media\/4045"}],"wp:attachment":[{"href":"https:\/\/vieassociative.be\/actualites\/wp-json\/wp\/v2\/media?parent=4044"}],"wp:term":[{"taxonomy":"category","embeddable":true,"href":"https:\/\/vieassociative.be\/actualites\/wp-json\/wp\/v2\/categories?post=4044"},{"taxonomy":"post_tag","embeddable":true,"href":"https:\/\/vieassociative.be\/actualites\/wp-json\/wp\/v2\/tags?post=4044"}],"curies":[{"name":"wp","href":"https:\/\/api.w.org\/{rel}","templated":true}]}}