{"id":4041,"date":"2025-01-04T14:17:05","date_gmt":"2025-01-04T13:17:05","guid":{"rendered":"https:\/\/vieassociative.be\/actualites\/ces-etageres-a-plusieurs-niveaux-mont-aide-a-enfin-morganiser\/"},"modified":"2025-01-04T14:17:05","modified_gmt":"2025-01-04T13:17:05","slug":"ces-etageres-a-plusieurs-niveaux-mont-aide-a-enfin-morganiser","status":"publish","type":"post","link":"https:\/\/vieassociative.be\/actualites\/ces-etageres-a-plusieurs-niveaux-mont-aide-a-enfin-morganiser\/","title":{"rendered":"Ces \u00e9tag\u00e8res \u00e0 plusieurs niveaux m&rsquo;ont aid\u00e9 \u00e0 enfin m&rsquo;organiser"},"content":{"rendered":"<div class=\"mt-4 leading-6 md:mb-8\">Un simple changement a fait une grande diff\u00e9rence.<\/div>\n<p><\/p>\n<p>Je poss\u00e8de beaucoup trop de choses, mais je m&rsquo;efforce toujours de d\u00e9sencombrer et de rationaliser ce que j&rsquo;ai. Ironiquement, ma qu\u00eate pour organiser les articles que je d\u00e9cide de conserver implique souvent l\u2019achat de quelque chose de nouveau \u2013 et un achat r\u00e9cent s\u2019est av\u00e9r\u00e9 vraiment b\u00e9n\u00e9fique. Il est temps de parler de la fa\u00e7on dont le stockage hi\u00e9rarchis\u00e9 a chang\u00e9 ma vie d&rsquo;organisatrice.<\/p>\n<h2 id=\"how-i-use-tiered-storage-to-organize-everything\">Comment j&rsquo;utilise le stockage hi\u00e9rarchis\u00e9 pour tout organiser<\/h2>\n<p>J&rsquo;ai d\u00e9j\u00e0 \u00e9crit \u00e0 quel point j&rsquo;aime les organisateurs en acrylique pour ranger des objets comme le maquillage, car ils gardent tous les petits objets en ordre et faciles \u00e0 atteindre. J&rsquo;en ai command\u00e9 tellement, mes applications d&rsquo;achat ont pris en compte mes penchants, et il y a quelques semaines, l&rsquo;une d&rsquo;elles a propos\u00e9 quelque chose de diff\u00e9rent : des mini-\u00e9tag\u00e8res en acrylique \u00e0 plusieurs niveaux. <\/p>\n<p>L\u2019algorithme sait toujours ce que je veux, avant m\u00eame que je le fasse, et cette fois-ci, il n\u2019avait pas tort. J&rsquo;ai consciencieusement ajout\u00e9 au panier. Lorsque les petites unit\u00e9s sont arriv\u00e9es, j\u2019ai commenc\u00e9 \u00e0 r\u00e9organiser mon \u00e9tag\u00e8re \u00e0 parfums pour les tester. J&rsquo;ai fini par aimer le r\u00e9sultat et en acheter plus. D\u00e9sormais, je peux tout voir dans mon armoire sans rien retirer et y acc\u00e9der sans rien renverser. <\/p>\n<div class=\"eloquent-imagery-image\">\n<div class=\"flex justify-center\">\n                    <img decoding=\"async\" class=\"border border-gray-100\" src=\"https:\/\/vieassociative.be\/actualites\/wp-content\/uploads\/2025\/01\/Ces-etageres-a-plusieurs-niveaux-mont-aide-a-enfin-morganiser.png\" alt=\"\u00c9tag\u00e8res \u00e0 plusieurs niveaux\" width=\"688\" height=\"750\" loading=\"lazy\"  >\n            <\/div>\n<\/p><\/div>\n<p>Ce que j&rsquo;aime vraiment dans les \u00e9tag\u00e8res de rangement \u00e0 plusieurs niveaux &#8211; et pourquoi je pense que vous devriez en ajouter quelques-unes &#8211; c&rsquo;est qu&rsquo;elles m&rsquo;aident \u00e0 suivre les r\u00e8gles du triangle organisationnel sur lesquelles j&rsquo;\u00e9cris toujours. Plus pr\u00e9cis\u00e9ment, les r\u00e8gles conseillent que tous les objets similaires doivent \u00eatre stock\u00e9s ensemble et que tout doit avoir sa place. Cela signifie g\u00e9n\u00e9ralement utiliser des conteneurs pour regrouper les \u00e9l\u00e9ments en cat\u00e9gories. <\/p>\n<p>Cela fonctionne bien dans certains cas, mais pour des choses souvent utilis\u00e9es mais vari\u00e9es comme le maquillage, le parfum et les accessoires, j&rsquo;aime pouvoir <em>voir<\/em> ce que j&rsquo;ai pendant que je me pr\u00e9pare. Ouvrir un conteneur de stockage et le fouiller n\u2019est pas id\u00e9al. Le stockage \u00e0 plusieurs niveaux me permet non seulement de tout garder sur une \u00e9tag\u00e8re et regroup\u00e9, mais les rend faciles \u00e0 voir et \u00e0 acc\u00e9der.  <\/p>\n<p>Avant de ramasser ces petites \u00e9tag\u00e8res empil\u00e9es, j&rsquo;avais beaucoup de parfums align\u00e9s de mani\u00e8re pr\u00e9caire sur de petites bo\u00eetes pour cr\u00e9er mon propre effet hi\u00e9rarchis\u00e9. Ce n\u2019\u00e9tait pas exactement une configuration stable, et cela m\u2019a amen\u00e9 \u00e0 casser une bouteille bien-aim\u00e9e et loin d\u2019\u00eatre vide de Glossier You. (RIP.) Ces \u00e9tag\u00e8res plus robustes et sp\u00e9cifiques \u00e0 l&rsquo;utilisation m&#8217;emp\u00eacheront de commettre \u00e0 nouveau cette erreur. <\/p>\n<h2 id=\"my-favorite-tiered-storage-ideas\">Mes id\u00e9es de stockage hi\u00e9rarchis\u00e9es pr\u00e9f\u00e9r\u00e9es<\/h2>\n<p>J&rsquo;ai utilis\u00e9 ma premi\u00e8re s\u00e9rie d&rsquo;organisateurs \u00e0 plusieurs niveaux pour g\u00e9rer les d\u00e9licates bouteilles en verre de ma collection de parfums, mais vous pouvez les utiliser de nombreuses fa\u00e7ons. Ils sont parfaits pour organiser les \u00e9pices dans une armoire, exposer des objets sentimentaux ou des collections de bibelots, g\u00e9rer les fournitures de bureau qui jonchent un bureau ou m\u00eame stocker des condiments dans le r\u00e9frig\u00e9rateur. Tout ce dont vous disposez en abondance et que vous ne voulez pas parcourir alors que vous n\u2019en avez besoin que d\u2019un seul est candidat au stockage \u00e0 plusieurs niveaux. Parce qu&rsquo;elles utilisent l&rsquo;espace vertical autrement gaspill\u00e9, ces \u00e9tag\u00e8res offrent une meilleure organisation dans un encombrement relativement r\u00e9duit, alors n&rsquo;h\u00e9sitez pas \u00e0 faire preuve de cr\u00e9ativit\u00e9.<\/p>\n<p>Un autre avantage des \u00e9tag\u00e8res \u00e0 plusieurs niveaux est qu\u2019elles ne sont g\u00e9n\u00e9ralement pas tr\u00e8s ch\u00e8res. Consid\u00e9rez ce support \u00e9l\u00e9vateur \u00e0 trois niveaux pour 6,99 $\u00a0: <\/p>\n<div class=\"pogoClear mb-12 mt-10 rounded-md border-2 border-gray-100 py-7 shadow-xl md:py-6\">\n<div class=\"flex flex-wrap justify-between px-7 text-black no-underline md:flex-nowrap md:px-8\">\n<div class=\"order-1 mx-auto flex flex-col justify-center md:order-2 md:ml-4 md:w-full md:grow\">\n<div class=\"block cursor-pointer text-center font-akshar text-2xl font-medium leading-7 text-brand-green duration-200 ease-in-out hover:text-brand-green-700 md:text-left md:text-xl md:leading-6\">HENABLE Grands supports d&rsquo;affichage en acrylique\n                <\/div>\n<div class=\"mt-4 hidden md:flex md:justify-between\">\n<div class=\"self-end\">\n<div class=\"mb-0 h-11 md:flex md:flex-col md:justify-center\">\n<div class=\" font-sans leading-4 text-black\">\n<div class=\"flex flex-wrap items-center justify-center gap-x-1 md:justify-start\">\n        <span class=\"font-bold\"><\/p>\n<p>            6,99\u00a0$<br \/>\n                            <span class=\"font-medium\">chez Amazon<\/span><br \/>\n                    <\/span><br \/>\n                    <img decoding=\"async\" class=\"mt-0 h-(15px)\" src=\"https:\/\/vieassociative.be\/actualites\/wp-content\/uploads\/2025\/01\/Ces-etageres-a-plusieurs-niveaux-mont-aide-a-enfin-morganiser.svg.svg+xml\" title=\"Amazon Premier\" alt=\"Amazon Premier\">\n            <\/div>\n<div class=\"flex items-center justify-center gap-x-1 font-bold md:justify-start\">\n            <span class=\"text-sm line-through\">8,73\u00a0$<\/span><br \/>\n            <span class=\"text-sm text-brand-green\">\u00c9conomisez 1,74\u00a0$<\/span>\n        <\/div>\n<\/p><\/div>\n<\/p><\/div>\n<\/p><\/div>\n<div class=\"w-44 self-end\">\n                            <button class=\"flex justify-center items-center w-full bg-brand-green text-white text-base font-sans font-medium rounded-md hover:bg-brand-green-700 hover:cursor-pointer md:text-sm h-11\"><\/p>\n<p>    Achetez maintenant<br \/>\n<\/button>\n                        <\/div>\n<\/p><\/div>\n<\/p><\/div>\n<div class=\"order-2 mt-5 h-auto w-full md:order-1 md:mt-0 md:hidden\">\n<div class=\"flex aspect-video items-center justify-center\">\n                                            <img decoding=\"async\" class=\"m-0 max-h-full max-w-full rounded-md\" src=\"https:\/\/vieassociative.be\/actualites\/wp-content\/uploads\/2025\/01\/1735996625_96_Ces-etageres-a-plusieurs-niveaux-mont-aide-a-enfin-morganiser.png\" alt=\"Support \u00e9l\u00e9vateur transparent\" width=\"auto\" height=\"auto\" loading=\"lazy\">\n                                    <\/div>\n<\/p><\/div>\n<div class=\"order-2 ml-2 hidden w-32 shrink-0 items-center md:order-1 md:ml-0 md:flex\">\n<div class=\"flex aspect-video items-center justify-center\">\n                                            <img decoding=\"async\" class=\"m-0 max-h-full max-w-full rounded-md\" src=\"https:\/\/vieassociative.be\/actualites\/wp-content\/uploads\/2025\/01\/1735996625_96_Ces-etageres-a-plusieurs-niveaux-mont-aide-a-enfin-morganiser.png\" alt=\"Support \u00e9l\u00e9vateur transparent\" width=\"auto\" height=\"auto\" loading=\"lazy\">\n                                    <\/div>\n<\/p><\/div>\n<div class=\"order-3 flex grow flex-wrap md:hidden md:grow-0\">\n<div class=\"mt-4 w-full\">\n                        <button class=\"flex justify-center items-center w-full bg-brand-green text-white text-base font-sans font-medium rounded-md hover:bg-brand-green-700 hover:cursor-pointer md:text-sm h-11\"><\/p>\n<p>    Achetez maintenant<br \/>\n<\/button>\n                    <\/div>\n<div class=\"mx-2 mt-4 w-full\">\n<div class=\" font-sans leading-4 text-black\">\n<div class=\"flex flex-wrap items-center justify-center gap-x-1 md:justify-start\">\n        <span class=\"font-bold\"><\/p>\n<p>            6,99\u00a0$<br \/>\n                            <span class=\"font-medium\">chez Amazon<\/span><br \/>\n                    <\/span><br \/>\n                    <img decoding=\"async\" class=\"mt-0 h-(15px)\" src=\"https:\/\/vieassociative.be\/actualites\/wp-content\/uploads\/2025\/01\/Ces-etageres-a-plusieurs-niveaux-mont-aide-a-enfin-morganiser.svg.svg+xml\" title=\"Amazon Premier\" alt=\"Amazon Premier\">\n            <\/div>\n<div class=\"flex items-center justify-center gap-x-1 font-bold md:justify-start\">\n            <span class=\"text-sm line-through\">8,73\u00a0$<\/span><br \/>\n            <span class=\"text-sm text-brand-green\">\u00c9conomisez 1,74\u00a0$<\/span>\n        <\/div>\n<\/p><\/div>\n<\/p><\/div>\n<\/p><\/div>\n<\/p><\/div>\n<\/div>\n<p>Vous pouvez en obtenir un avec quatre niveaux pour 12,99 $. Si vous voulez quelque chose de plus \u00e9l\u00e9gant que l\u2019acrylique transparent, vous avez de nombreuses options : <\/p>\n<ul>\n<li>\n<p>Plateformes rondes, noires et circulaires dispos\u00e9es en cercle \u00e0 plusieurs niveaux avec un espace de stockage pour les objets plus gros au milieu (16,90 $)<\/p>\n<\/li>\n<li>\n<p>Un support en bois \u00e0 quatre niveaux qui serait parfait dans une cuisine (16,99 $)<\/p>\n<\/li>\n<li>\n<p>Un stand d\u00e9coratif et artistique avec trois plates-formes \u00e0 niveaux (14,99 $)<\/p>\n<\/li>\n<li>\n<p>Un support en acrylique transparent et noir avec des niveaux circulaires pour ajouter de la dimension (deux pour 22,99\u00a0$)<\/p>\n<\/li>\n<\/ul>\n<p>Quel que soit votre choix, vous appr\u00e9cierez certainement de pouvoir voir (et utiliser) tous les objets que vous avez achet\u00e9s pour les mettre. <\/p>\n","protected":false},"excerpt":{"rendered":"<p>Un simple changement a fait une grande diff\u00e9rence. Je poss\u00e8de beaucoup trop de choses, mais je m&rsquo;efforce toujours de d\u00e9sencombrer et de rationaliser ce que<\/p>\n","protected":false},"author":1,"featured_media":4042,"comment_status":"","ping_status":"","sticky":false,"template":"","format":"standard","meta":{"footnotes":""},"categories":[40],"tags":[4332,248,545,4491,2448,4493,4492,3320],"class_list":["post-4041","post","type-post","status-publish","format-standard","has-post-thumbnail","hentry","category-maison","tag-aide","tag-ces","tag-enfin","tag-etageres","tag-mont","tag-morganiser","tag-niveaux","tag-plusieurs","generate-columns","tablet-grid-50","mobile-grid-100","grid-parent","grid-33"],"yoast_head":"<!-- This site is optimized with the Yoast SEO plugin v24.0 - https:\/\/yoast.com\/wordpress\/plugins\/seo\/ -->\n<title>Ces \u00e9tag\u00e8res \u00e0 plusieurs niveaux m&#039;ont aid\u00e9 \u00e0 enfin m&#039;organiser | Vie Associative<\/title>\n<meta name=\"robots\" content=\"index, follow, max-snippet:-1, max-image-preview:large, max-video-preview:-1\" \/>\n<link rel=\"canonical\" href=\"https:\/\/vieassociative.be\/actualites\/ces-etageres-a-plusieurs-niveaux-mont-aide-a-enfin-morganiser\/\" \/>\n<meta property=\"og:locale\" content=\"fr_FR\" \/>\n<meta property=\"og:type\" content=\"article\" \/>\n<meta property=\"og:title\" content=\"Ces \u00e9tag\u00e8res \u00e0 plusieurs niveaux m&#039;ont aid\u00e9 \u00e0 enfin m&#039;organiser | Vie Associative\" \/>\n<meta property=\"og:description\" content=\"Un simple changement a fait une grande diff\u00e9rence. Je poss\u00e8de beaucoup trop de choses, mais je m&rsquo;efforce toujours de d\u00e9sencombrer et de rationaliser ce que\" \/>\n<meta property=\"og:url\" content=\"https:\/\/vieassociative.be\/actualites\/ces-etageres-a-plusieurs-niveaux-mont-aide-a-enfin-morganiser\/\" \/>\n<meta property=\"og:site_name\" content=\"Vie Associative\" \/>\n<meta property=\"article:published_time\" content=\"2025-01-04T13:17:05+00:00\" \/>\n<meta property=\"og:image\" content=\"https:\/\/vieassociative.be\/actualites\/wp-content\/uploads\/2025\/01\/Ces-etageres-a-plusieurs-niveaux-mont-aide-a-enfin-morganiser.png\" \/>\n<meta name=\"author\" content=\"Julien\" \/>\n<meta name=\"twitter:card\" content=\"summary_large_image\" \/>\n<meta name=\"twitter:label1\" content=\"\u00c9crit par\" \/>\n\t<meta name=\"twitter:data1\" content=\"Julien\" \/>\n\t<meta name=\"twitter:label2\" content=\"Dur\u00e9e de lecture est.\" \/>\n\t<meta name=\"twitter:data2\" content=\"4 minutes\" \/>\n<script type=\"application\/ld+json\" class=\"yoast-schema-graph\">{\"@context\":\"https:\/\/schema.org\",\"@graph\":[{\"@type\":\"Article\",\"@id\":\"https:\/\/vieassociative.be\/actualites\/ces-etageres-a-plusieurs-niveaux-mont-aide-a-enfin-morganiser\/#article\",\"isPartOf\":{\"@id\":\"https:\/\/vieassociative.be\/actualites\/ces-etageres-a-plusieurs-niveaux-mont-aide-a-enfin-morganiser\/\"},\"author\":{\"name\":\"Julien\",\"@id\":\"https:\/\/vieassociative.be\/actualites\/#\/schema\/person\/b87ac4f82f9d4e7b7cec7395b679edc4\"},\"headline\":\"Ces \u00e9tag\u00e8res \u00e0 plusieurs niveaux m&rsquo;ont aid\u00e9 \u00e0 enfin m&rsquo;organiser\",\"datePublished\":\"2025-01-04T13:17:05+00:00\",\"dateModified\":\"2025-01-04T13:17:05+00:00\",\"mainEntityOfPage\":{\"@id\":\"https:\/\/vieassociative.be\/actualites\/ces-etageres-a-plusieurs-niveaux-mont-aide-a-enfin-morganiser\/\"},\"wordCount\":811,\"publisher\":{\"@id\":\"https:\/\/vieassociative.be\/actualites\/#organization\"},\"image\":{\"@id\":\"https:\/\/vieassociative.be\/actualites\/ces-etageres-a-plusieurs-niveaux-mont-aide-a-enfin-morganiser\/#primaryimage\"},\"thumbnailUrl\":\"https:\/\/vieassociative.be\/actualites\/wp-content\/uploads\/2025\/01\/1735996625_Ces-etageres-a-plusieurs-niveaux-mont-aide-a-enfin-morganiser.png\",\"keywords\":[\"aid\u00e9\",\"ces\",\"enfin\",\"\u00e9tag\u00e8res\",\"Mont\",\"morganiser\",\"niveaux\",\"Plusieurs\"],\"articleSection\":[\"Maison\"],\"inLanguage\":\"fr-BE\"},{\"@type\":\"WebPage\",\"@id\":\"https:\/\/vieassociative.be\/actualites\/ces-etageres-a-plusieurs-niveaux-mont-aide-a-enfin-morganiser\/\",\"url\":\"https:\/\/vieassociative.be\/actualites\/ces-etageres-a-plusieurs-niveaux-mont-aide-a-enfin-morganiser\/\",\"name\":\"Ces \u00e9tag\u00e8res \u00e0 plusieurs niveaux m'ont aid\u00e9 \u00e0 enfin m'organiser | Vie Associative\",\"isPartOf\":{\"@id\":\"https:\/\/vieassociative.be\/actualites\/#website\"},\"primaryImageOfPage\":{\"@id\":\"https:\/\/vieassociative.be\/actualites\/ces-etageres-a-plusieurs-niveaux-mont-aide-a-enfin-morganiser\/#primaryimage\"},\"image\":{\"@id\":\"https:\/\/vieassociative.be\/actualites\/ces-etageres-a-plusieurs-niveaux-mont-aide-a-enfin-morganiser\/#primaryimage\"},\"thumbnailUrl\":\"https:\/\/vieassociative.be\/actualites\/wp-content\/uploads\/2025\/01\/1735996625_Ces-etageres-a-plusieurs-niveaux-mont-aide-a-enfin-morganiser.png\",\"datePublished\":\"2025-01-04T13:17:05+00:00\",\"dateModified\":\"2025-01-04T13:17:05+00:00\",\"breadcrumb\":{\"@id\":\"https:\/\/vieassociative.be\/actualites\/ces-etageres-a-plusieurs-niveaux-mont-aide-a-enfin-morganiser\/#breadcrumb\"},\"inLanguage\":\"fr-BE\",\"potentialAction\":[{\"@type\":\"ReadAction\",\"target\":[\"https:\/\/vieassociative.be\/actualites\/ces-etageres-a-plusieurs-niveaux-mont-aide-a-enfin-morganiser\/\"]}]},{\"@type\":\"ImageObject\",\"inLanguage\":\"fr-BE\",\"@id\":\"https:\/\/vieassociative.be\/actualites\/ces-etageres-a-plusieurs-niveaux-mont-aide-a-enfin-morganiser\/#primaryimage\",\"url\":\"https:\/\/vieassociative.be\/actualites\/wp-content\/uploads\/2025\/01\/1735996625_Ces-etageres-a-plusieurs-niveaux-mont-aide-a-enfin-morganiser.png\",\"contentUrl\":\"https:\/\/vieassociative.be\/actualites\/wp-content\/uploads\/2025\/01\/1735996625_Ces-etageres-a-plusieurs-niveaux-mont-aide-a-enfin-morganiser.png\",\"width\":1200,\"height\":675,\"caption\":\"Ces \u00e9tag\u00e8res \u00e0 plusieurs niveaux m'ont aid\u00e9 \u00e0 enfin m'organiser\"},{\"@type\":\"BreadcrumbList\",\"@id\":\"https:\/\/vieassociative.be\/actualites\/ces-etageres-a-plusieurs-niveaux-mont-aide-a-enfin-morganiser\/#breadcrumb\",\"itemListElement\":[{\"@type\":\"ListItem\",\"position\":1,\"name\":\"Accueil\",\"item\":\"https:\/\/vieassociative.be\/actualites\/\"},{\"@type\":\"ListItem\",\"position\":2,\"name\":\"Ces \u00e9tag\u00e8res \u00e0 plusieurs niveaux m&rsquo;ont aid\u00e9 \u00e0 enfin m&rsquo;organiser\"}]},{\"@type\":\"WebSite\",\"@id\":\"https:\/\/vieassociative.be\/actualites\/#website\",\"url\":\"https:\/\/vieassociative.be\/actualites\/\",\"name\":\"Vie Associative\",\"description\":\"\",\"publisher\":{\"@id\":\"https:\/\/vieassociative.be\/actualites\/#organization\"},\"potentialAction\":[{\"@type\":\"SearchAction\",\"target\":{\"@type\":\"EntryPoint\",\"urlTemplate\":\"https:\/\/vieassociative.be\/actualites\/?s={search_term_string}\"},\"query-input\":{\"@type\":\"PropertyValueSpecification\",\"valueRequired\":true,\"valueName\":\"search_term_string\"}}],\"inLanguage\":\"fr-BE\"},{\"@type\":\"Organization\",\"@id\":\"https:\/\/vieassociative.be\/actualites\/#organization\",\"name\":\"Vie Associative\",\"url\":\"https:\/\/vieassociative.be\/actualites\/\",\"logo\":{\"@type\":\"ImageObject\",\"inLanguage\":\"fr-BE\",\"@id\":\"https:\/\/vieassociative.be\/actualites\/#\/schema\/logo\/image\/\",\"url\":\"https:\/\/vieassociative.be\/actualites\/wp-content\/uploads\/2024\/09\/cropped-vieassociative_favicon.ico.png\",\"contentUrl\":\"https:\/\/vieassociative.be\/actualites\/wp-content\/uploads\/2024\/09\/cropped-vieassociative_favicon.ico.png\",\"width\":512,\"height\":512,\"caption\":\"Vie Associative\"},\"image\":{\"@id\":\"https:\/\/vieassociative.be\/actualites\/#\/schema\/logo\/image\/\"}},{\"@type\":\"Person\",\"@id\":\"https:\/\/vieassociative.be\/actualites\/#\/schema\/person\/b87ac4f82f9d4e7b7cec7395b679edc4\",\"name\":\"Julien\",\"image\":{\"@type\":\"ImageObject\",\"inLanguage\":\"fr-BE\",\"@id\":\"https:\/\/vieassociative.be\/actualites\/#\/schema\/person\/image\/\",\"url\":\"https:\/\/vieassociative.be\/actualites\/wp-content\/uploads\/2024\/09\/vie-associative-1-150x150.jpg\",\"contentUrl\":\"https:\/\/vieassociative.be\/actualites\/wp-content\/uploads\/2024\/09\/vie-associative-1-150x150.jpg\",\"caption\":\"Julien\"},\"description\":\"Je suis Julien, r\u00e9dacteur pour Vie Associative. Passionn\u00e9 par le monde associatif depuis plus de 10 ans, j'ai \u00e0 c\u0153ur de partager des histoires inspirantes et de mettre en lumi\u00e8re les initiatives locales. Mon objectif est de sensibiliser et d'encourager l'engagement communautaire \u00e0 travers mes articles.\",\"sameAs\":[\"https:\/\/vieassociative.be\/\"]}]}<\/script>\n<!-- \/ Yoast SEO plugin. -->","yoast_head_json":{"title":"Ces \u00e9tag\u00e8res \u00e0 plusieurs niveaux m'ont aid\u00e9 \u00e0 enfin m'organiser | Vie Associative","robots":{"index":"index","follow":"follow","max-snippet":"max-snippet:-1","max-image-preview":"max-image-preview:large","max-video-preview":"max-video-preview:-1"},"canonical":"https:\/\/vieassociative.be\/actualites\/ces-etageres-a-plusieurs-niveaux-mont-aide-a-enfin-morganiser\/","og_locale":"fr_FR","og_type":"article","og_title":"Ces \u00e9tag\u00e8res \u00e0 plusieurs niveaux m'ont aid\u00e9 \u00e0 enfin m'organiser | Vie Associative","og_description":"Un simple changement a fait une grande diff\u00e9rence. Je poss\u00e8de beaucoup trop de choses, mais je m&rsquo;efforce toujours de d\u00e9sencombrer et de rationaliser ce que","og_url":"https:\/\/vieassociative.be\/actualites\/ces-etageres-a-plusieurs-niveaux-mont-aide-a-enfin-morganiser\/","og_site_name":"Vie Associative","article_published_time":"2025-01-04T13:17:05+00:00","og_image":[{"url":"https:\/\/vieassociative.be\/actualites\/wp-content\/uploads\/2025\/01\/Ces-etageres-a-plusieurs-niveaux-mont-aide-a-enfin-morganiser.png","type":"","width":"","height":""}],"author":"Julien","twitter_card":"summary_large_image","twitter_misc":{"\u00c9crit par":"Julien","Dur\u00e9e de lecture est.":"4 minutes"},"schema":{"@context":"https:\/\/schema.org","@graph":[{"@type":"Article","@id":"https:\/\/vieassociative.be\/actualites\/ces-etageres-a-plusieurs-niveaux-mont-aide-a-enfin-morganiser\/#article","isPartOf":{"@id":"https:\/\/vieassociative.be\/actualites\/ces-etageres-a-plusieurs-niveaux-mont-aide-a-enfin-morganiser\/"},"author":{"name":"Julien","@id":"https:\/\/vieassociative.be\/actualites\/#\/schema\/person\/b87ac4f82f9d4e7b7cec7395b679edc4"},"headline":"Ces \u00e9tag\u00e8res \u00e0 plusieurs niveaux m&rsquo;ont aid\u00e9 \u00e0 enfin m&rsquo;organiser","datePublished":"2025-01-04T13:17:05+00:00","dateModified":"2025-01-04T13:17:05+00:00","mainEntityOfPage":{"@id":"https:\/\/vieassociative.be\/actualites\/ces-etageres-a-plusieurs-niveaux-mont-aide-a-enfin-morganiser\/"},"wordCount":811,"publisher":{"@id":"https:\/\/vieassociative.be\/actualites\/#organization"},"image":{"@id":"https:\/\/vieassociative.be\/actualites\/ces-etageres-a-plusieurs-niveaux-mont-aide-a-enfin-morganiser\/#primaryimage"},"thumbnailUrl":"https:\/\/vieassociative.be\/actualites\/wp-content\/uploads\/2025\/01\/1735996625_Ces-etageres-a-plusieurs-niveaux-mont-aide-a-enfin-morganiser.png","keywords":["aid\u00e9","ces","enfin","\u00e9tag\u00e8res","Mont","morganiser","niveaux","Plusieurs"],"articleSection":["Maison"],"inLanguage":"fr-BE"},{"@type":"WebPage","@id":"https:\/\/vieassociative.be\/actualites\/ces-etageres-a-plusieurs-niveaux-mont-aide-a-enfin-morganiser\/","url":"https:\/\/vieassociative.be\/actualites\/ces-etageres-a-plusieurs-niveaux-mont-aide-a-enfin-morganiser\/","name":"Ces \u00e9tag\u00e8res \u00e0 plusieurs niveaux m'ont aid\u00e9 \u00e0 enfin m'organiser | Vie Associative","isPartOf":{"@id":"https:\/\/vieassociative.be\/actualites\/#website"},"primaryImageOfPage":{"@id":"https:\/\/vieassociative.be\/actualites\/ces-etageres-a-plusieurs-niveaux-mont-aide-a-enfin-morganiser\/#primaryimage"},"image":{"@id":"https:\/\/vieassociative.be\/actualites\/ces-etageres-a-plusieurs-niveaux-mont-aide-a-enfin-morganiser\/#primaryimage"},"thumbnailUrl":"https:\/\/vieassociative.be\/actualites\/wp-content\/uploads\/2025\/01\/1735996625_Ces-etageres-a-plusieurs-niveaux-mont-aide-a-enfin-morganiser.png","datePublished":"2025-01-04T13:17:05+00:00","dateModified":"2025-01-04T13:17:05+00:00","breadcrumb":{"@id":"https:\/\/vieassociative.be\/actualites\/ces-etageres-a-plusieurs-niveaux-mont-aide-a-enfin-morganiser\/#breadcrumb"},"inLanguage":"fr-BE","potentialAction":[{"@type":"ReadAction","target":["https:\/\/vieassociative.be\/actualites\/ces-etageres-a-plusieurs-niveaux-mont-aide-a-enfin-morganiser\/"]}]},{"@type":"ImageObject","inLanguage":"fr-BE","@id":"https:\/\/vieassociative.be\/actualites\/ces-etageres-a-plusieurs-niveaux-mont-aide-a-enfin-morganiser\/#primaryimage","url":"https:\/\/vieassociative.be\/actualites\/wp-content\/uploads\/2025\/01\/1735996625_Ces-etageres-a-plusieurs-niveaux-mont-aide-a-enfin-morganiser.png","contentUrl":"https:\/\/vieassociative.be\/actualites\/wp-content\/uploads\/2025\/01\/1735996625_Ces-etageres-a-plusieurs-niveaux-mont-aide-a-enfin-morganiser.png","width":1200,"height":675,"caption":"Ces \u00e9tag\u00e8res \u00e0 plusieurs niveaux m'ont aid\u00e9 \u00e0 enfin m'organiser"},{"@type":"BreadcrumbList","@id":"https:\/\/vieassociative.be\/actualites\/ces-etageres-a-plusieurs-niveaux-mont-aide-a-enfin-morganiser\/#breadcrumb","itemListElement":[{"@type":"ListItem","position":1,"name":"Accueil","item":"https:\/\/vieassociative.be\/actualites\/"},{"@type":"ListItem","position":2,"name":"Ces \u00e9tag\u00e8res \u00e0 plusieurs niveaux m&rsquo;ont aid\u00e9 \u00e0 enfin m&rsquo;organiser"}]},{"@type":"WebSite","@id":"https:\/\/vieassociative.be\/actualites\/#website","url":"https:\/\/vieassociative.be\/actualites\/","name":"Vie Associative","description":"","publisher":{"@id":"https:\/\/vieassociative.be\/actualites\/#organization"},"potentialAction":[{"@type":"SearchAction","target":{"@type":"EntryPoint","urlTemplate":"https:\/\/vieassociative.be\/actualites\/?s={search_term_string}"},"query-input":{"@type":"PropertyValueSpecification","valueRequired":true,"valueName":"search_term_string"}}],"inLanguage":"fr-BE"},{"@type":"Organization","@id":"https:\/\/vieassociative.be\/actualites\/#organization","name":"Vie Associative","url":"https:\/\/vieassociative.be\/actualites\/","logo":{"@type":"ImageObject","inLanguage":"fr-BE","@id":"https:\/\/vieassociative.be\/actualites\/#\/schema\/logo\/image\/","url":"https:\/\/vieassociative.be\/actualites\/wp-content\/uploads\/2024\/09\/cropped-vieassociative_favicon.ico.png","contentUrl":"https:\/\/vieassociative.be\/actualites\/wp-content\/uploads\/2024\/09\/cropped-vieassociative_favicon.ico.png","width":512,"height":512,"caption":"Vie Associative"},"image":{"@id":"https:\/\/vieassociative.be\/actualites\/#\/schema\/logo\/image\/"}},{"@type":"Person","@id":"https:\/\/vieassociative.be\/actualites\/#\/schema\/person\/b87ac4f82f9d4e7b7cec7395b679edc4","name":"Julien","image":{"@type":"ImageObject","inLanguage":"fr-BE","@id":"https:\/\/vieassociative.be\/actualites\/#\/schema\/person\/image\/","url":"https:\/\/vieassociative.be\/actualites\/wp-content\/uploads\/2024\/09\/vie-associative-1-150x150.jpg","contentUrl":"https:\/\/vieassociative.be\/actualites\/wp-content\/uploads\/2024\/09\/vie-associative-1-150x150.jpg","caption":"Julien"},"description":"Je suis Julien, r\u00e9dacteur pour Vie Associative. Passionn\u00e9 par le monde associatif depuis plus de 10 ans, j'ai \u00e0 c\u0153ur de partager des histoires inspirantes et de mettre en lumi\u00e8re les initiatives locales. Mon objectif est de sensibiliser et d'encourager l'engagement communautaire \u00e0 travers mes articles.","sameAs":["https:\/\/vieassociative.be\/"]}]}},"_links":{"self":[{"href":"https:\/\/vieassociative.be\/actualites\/wp-json\/wp\/v2\/posts\/4041"}],"collection":[{"href":"https:\/\/vieassociative.be\/actualites\/wp-json\/wp\/v2\/posts"}],"about":[{"href":"https:\/\/vieassociative.be\/actualites\/wp-json\/wp\/v2\/types\/post"}],"author":[{"embeddable":true,"href":"https:\/\/vieassociative.be\/actualites\/wp-json\/wp\/v2\/users\/1"}],"replies":[{"embeddable":true,"href":"https:\/\/vieassociative.be\/actualites\/wp-json\/wp\/v2\/comments?post=4041"}],"version-history":[{"count":0,"href":"https:\/\/vieassociative.be\/actualites\/wp-json\/wp\/v2\/posts\/4041\/revisions"}],"wp:featuredmedia":[{"embeddable":true,"href":"https:\/\/vieassociative.be\/actualites\/wp-json\/wp\/v2\/media\/4042"}],"wp:attachment":[{"href":"https:\/\/vieassociative.be\/actualites\/wp-json\/wp\/v2\/media?parent=4041"}],"wp:term":[{"taxonomy":"category","embeddable":true,"href":"https:\/\/vieassociative.be\/actualites\/wp-json\/wp\/v2\/categories?post=4041"},{"taxonomy":"post_tag","embeddable":true,"href":"https:\/\/vieassociative.be\/actualites\/wp-json\/wp\/v2\/tags?post=4041"}],"curies":[{"name":"wp","href":"https:\/\/api.w.org\/{rel}","templated":true}]}}