{"id":4034,"date":"2025-01-04T09:17:01","date_gmt":"2025-01-04T08:17:01","guid":{"rendered":"https:\/\/vieassociative.be\/actualites\/les-adieux-amers-a-joe-biden-en-tant-que-president-americain\/"},"modified":"2025-01-04T09:17:01","modified_gmt":"2025-01-04T08:17:01","slug":"les-adieux-amers-a-joe-biden-en-tant-que-president-americain","status":"publish","type":"post","link":"https:\/\/vieassociative.be\/actualites\/les-adieux-amers-a-joe-biden-en-tant-que-president-americain\/","title":{"rendered":"Les adieux amers \u00e0 Joe Biden en tant que pr\u00e9sident am\u00e9ricain"},"content":{"rendered":"<p><strong>Pour Joe Biden, la pr\u00e9sidence \u00e9tait cens\u00e9e \u00eatre le point culminant glamour d\u2019une carri\u00e8re de plusieurs d\u00e9cennies. Mais cela se termine par un drame et une controverse. L&rsquo;homme de 82 ans repart d\u00e9sormais avec un lourd fardeau.<\/strong><\/p>\n<p><span id=\"more-405258\"><\/span>Joe Biden s\u2019appr\u00eate \u00e0 quitter la Maison Blanche, ce qui ne pourrait \u00eatre plus amer. Le fait que le d\u00e9mocrate doive c\u00e9der le 20 janvier les r\u00eanes du pouvoir \u00e0 son pr\u00e9d\u00e9cesseur r\u00e9publicain Donald Trump est extr\u00eamement douloureux pour l&rsquo;homme de 82 ans.<\/p>\n<p>Parmi tous, celui qui a chass\u00e9 Trump de la pr\u00e9sidence en 2020 a ouvert la voie \u00e0 son retour. Son adversaire utilisera probablement \u00e9galement le deuxi\u00e8me mandat pour d\u00e9manteler l\u2019h\u00e9ritage politique de Biden \u2013 ou ce qu\u2019il en reste apr\u00e8s son d\u00e9part sans gloire.<\/p>\n<div id=\"attachment_392013\" class=\"wp-caption alignleft\" style=\"max-width: 300px\"><img decoding=\"async\" class=\"wp-image-392013 size-medium\" src=\"https:\/\/vieassociative.be\/actualites\/wp-content\/uploads\/2024\/11\/1730794625_410_Election-presidentielle-americaine-Kamala-Harris-meilleure-pour-lEurope-que.jpg\" alt=\"\" width=\"300\" height=\"150\"><\/p>\n<p class=\"wp-caption-text\">5 juillet 2024, \u00c9tats-Unis, Washington : le pr\u00e9sident am\u00e9ricain Joe Biden l\u00e8ve la main du vice-pr\u00e9sident am\u00e9ricain Kamala Harris apr\u00e8s avoir regard\u00e9 les feux d&rsquo;artifice du jour de l&rsquo;ind\u00e9pendance depuis le balcon de la Maison Blanche. Photo : Evan Vucci\/AP\/dpa<\/p>\n<\/div>\n<p><b>\u2013 Le bilan politique : <\/b>Biden aurait pu entrer dans l&rsquo;histoire comme le pr\u00e9sident qui a remplac\u00e9 Trump apr\u00e8s un mandat et stabilis\u00e9 le pays, qui a sorti les \u00c9tats-Unis de la crise du Corona, qui a relanc\u00e9 l&rsquo;\u00e9conomie, qui a initi\u00e9 des investissements sans pr\u00e9c\u00e9dent dans la protection du climat et les infrastructures et, de mani\u00e8re g\u00e9n\u00e9rale. , un ordre du jour assez progressiste pr\u00e9sent\u00e9.<\/p>\n<p>En termes de politique \u00e9trang\u00e8re, Biden a r\u00e9par\u00e9 les relations endommag\u00e9es avec un certain nombre d\u2019alli\u00e9s, r\u00e9par\u00e9 les alliances internationales et tent\u00e9 intensivement d\u2019\u00e9tendre l\u2019influence am\u00e9ricaine dans la r\u00e9gion indo-pacifique. Mais il est \u00e9galement responsable d\u2019un retrait militaire chaotique d\u2019Afghanistan et n\u2019a pas pu emp\u00eacher le d\u00e9clenchement de deux nouvelles guerres pendant son mandat : \u200b\u200ben Ukraine et dans la bande de Gaza.<\/p>\n<p>Biden a jou\u00e9 un r\u00f4le cl\u00e9 dans la coordination d\u2019un \u00e9norme soutien international \u00e0 Kiev dans sa d\u00e9fense contre la Russie \u2013 mais, selon les critiques, il \u00e9tait trop h\u00e9sitant. Il n\u2019a pas pu aider l\u2019Ukraine \u00e0 gagner ou \u00e0 mettre fin \u00e0 la guerre d\u2019une autre mani\u00e8re. M\u00eame l\u2019homme le plus puissant du monde n\u2019a pas pu arr\u00eater l\u2019effusion de sang au Moyen-Orient.<\/p>\n<\/p>\n<div id=\"attachment_401737\" class=\"wp-caption alignleft\" style=\"max-width: 300px\"><img fetchpriority=\"high\" decoding=\"async\" class=\"wp-image-401737 size-medium\" src=\"https:\/\/vieassociative.be\/actualites\/wp-content\/uploads\/2024\/11\/Biden-accueille-Trump-a-la-Maison-Blanche-\u2013-Musk-en.jpg\" alt=\"\" width=\"300\" height=\"200\"><\/p>\n<p class=\"wp-caption-text\">13 novembre 2024, \u00c9tats-Unis, Washington : le pr\u00e9sident am\u00e9ricain Joe Biden (r) rencontre le pr\u00e9sident \u00e9lu am\u00e9ricain Donald Trump dans le Bureau ovale de la Maison Blanche. Photo : Evan Vucci\/AP\/dpa<\/p>\n<\/div>\n<p>Le d\u00e9mocrate laisse derri\u00e8re lui un bilan mitig\u00e9. Il ne peut pas faire grand-chose les jours restants. Et de nombreux succ\u00e8s substantiels ont d\u00e9j\u00e0 \u00e9t\u00e9 \u00e9clips\u00e9s par d\u2019autres choses pendant de nombreux mois de pr\u00e9sidence.<\/p>\n<p><b>\u2013 Le truc avec l\u2019\u00e2ge : <\/b>L&rsquo;\u00e2ge de Biden est un probl\u00e8me depuis le d\u00e9but de son mandat. Il a acc\u00e9d\u00e9 \u00e0 la Maison Blanche en tant que pr\u00e9sident am\u00e9ricain le plus \u00e2g\u00e9 de tous les temps. Les lapsus embarrassants, les erreurs, les rat\u00e9s, les tr\u00e9buchements et les chutes ont continu\u00e9 \u00e0 se multiplier au fil des ann\u00e9es et ont finalement domin\u00e9 la couverture m\u00e9diatique de lui. Le fait qu\u2019il ait fallu une r\u00e9bellion publique de son parti pour le forcer \u00e0 se retirer de la campagne pour un second mandat a fait de tout cela un spectacle indigne.<\/p>\n<p>D\u00e9sormais, Biden restera dans l&rsquo;histoire comme quelqu&rsquo;un qui a beaucoup tr\u00e9buch\u00e9 \u00e0 la fin, mais qui n&rsquo;a toujours pas voulu l\u00e2cher prise &#8211; et a ainsi finalement apport\u00e9 une contribution d\u00e9cisive au retour de Trump \u00e0 la Maison Blanche. En cons\u00e9quence, cela signifie \u00e9galement que nombre de ses initiatives et projets ne dureront pas. Trump est susceptible de revenir sur de nombreuses mesures ou de les bloquer d\u00e8s qu\u2019il sera au pouvoir.<\/p>\n<p><b>\u2013 Le seul objectif : <\/b>Biden a consacr\u00e9 une grande partie de sa vie \u00e0 la politique. Il a \u00e9t\u00e9 s\u00e9nateur pendant plus de trois d\u00e9cennies et vice-pr\u00e9sident pendant huit ans. Ce n\u2019est qu\u2019\u00e0 la troisi\u00e8me tentative qu\u2019il parvient \u00e0 acc\u00e9der \u00e0 la plus haute fonction. Peut-\u00eatre que le fait qu\u2019il ait \u00e9t\u00e9 si difficile d\u2019y arriver rendait plus difficile de l\u00e2cher prise. Le d\u00e9mocrate lui-m\u00eame a affirm\u00e9 qu\u2019il avait d\u00e9cid\u00e9 de se pr\u00e9senter aux \u00e9lections uniquement par sens des responsabilit\u00e9s. Jusqu\u2019au bout, il a affirm\u00e9 qu\u2019il n\u2019y avait personne dans le pays mieux adapt\u00e9 \u00e0 ce poste qui pourrait vaincre Trump. Cela s\u2019est av\u00e9r\u00e9 pr\u00e9somptueux et a longtemps r\u00e9sonn\u00e9.<\/p>\n<\/p>\n<div id=\"attachment_403083\" class=\"wp-caption alignleft\" style=\"max-width: 300px\"><img decoding=\"async\" class=\"wp-image-403083 size-medium\" src=\"https:\/\/vieassociative.be\/actualites\/wp-content\/uploads\/2025\/01\/Les-adieux-amers-a-Joe-Biden-en-tant-que-president.jpg\" alt=\"\" width=\"300\" height=\"200\"><\/p>\n<p class=\"wp-caption-text\">07\/27\/2024, \u00c9tats-Unis, Washington : le pr\u00e9sident am\u00e9ricain Joe Biden, portant une veste Team USA et marchant avec son fils Hunter Biden, se dirige vers Marine One sur la pelouse sud de la Maison Blanche \u00e0 Washington, le 26 juillet 2024 . Susan Walsh\/AP\/dpa<\/p>\n<\/div>\n<p><b>\u2013 La culpabilit\u00e9 politique :<\/b><br \/>\n Biden est personnellement responsable du fait que son parti n\u2019avait pas de candidat alternatif et a d\u00fb, apr\u00e8s sa sortie de derni\u00e8re minute, s\u2019appuyer sur sa adjointe Kamala Harris, qui n\u2019a pas pu gagner contre Trump. En 2020, Biden s\u2019est pr\u00e9sent\u00e9 comme candidat \u00e0 la transition \u2013 pour battre Trump et ensuite le transmettre \u00e0 la g\u00e9n\u00e9ration suivante. Mais il n\u2019a pas renonc\u00e9 au pouvoir, s\u2019est accroch\u00e9 \u00e0 son poste et n\u2019a pas r\u00e9ussi \u00e0 pr\u00e9parer syst\u00e9matiquement un successeur. Cela s&rsquo;est veng\u00e9.<\/p>\n<p>Ce n\u2019est qu\u2019apr\u00e8s avoir quitt\u00e9 la campagne \u00e9lectorale que Biden s\u2019est souvenu de son engagement d\u2019alors et s\u2019est d\u00e9crit comme pr\u00e9sident par int\u00e9rim dans une interview en septembre. Concernant son retrait, il a d\u00e9clar\u00e9 : \u00ab Je suis en paix avec ma d\u00e9cision. \u00bb Aucune trace d&rsquo;autocritique.<\/p>\n<p>Entre tous, celui-l\u00e0 m\u00eame qui parle souvent publiquement de vertus telles que la responsabilit\u00e9, la d\u00e9cence et l&rsquo;int\u00e9grit\u00e9 politique doit accepter l&rsquo;accusation d&rsquo;avoir perdu tout cela de vue vers la fin. Cela se voit \u00e9galement ailleurs.<\/p>\n<p><b>\u2013 Une d\u00e9cision controvers\u00e9e \u00e0 la fin : <\/b>Peu avant de quitter ses fonctions, Biden a \u00e9tonnamment graci\u00e9 son fils Hunter afin d&rsquo;\u00e9viter \u00e0 l&rsquo;homme de 54 ans une punition de derni\u00e8re minute apr\u00e8s deux condamnations. Le fils du pr\u00e9sident a \u00e9t\u00e9 reconnu coupable de violations des lois sur les armes et sur les imp\u00f4ts. Pendant des mois, Biden avait affirm\u00e9 qu\u2019il n\u2019interviendrait pas dans le syst\u00e8me judiciaire et qu\u2019il ne gracierait en aucun cas son fils. Il a rompu la promesse.<\/p>\n<div id=\"attachment_383035\" class=\"wp-caption alignleft\" style=\"max-width: 300px\"><img loading=\"lazy\" decoding=\"async\" class=\"wp-image-383035 size-medium\" src=\"https:\/\/vieassociative.be\/actualites\/wp-content\/uploads\/2025\/01\/1735978621_58_Les-adieux-amers-a-Joe-Biden-en-tant-que-president.jpg\" alt=\"\" width=\"300\" height=\"200\"><\/p>\n<p class=\"wp-caption-text\">21 septembre 2023, \u00c9tats-Unis, Washington : le pr\u00e9sident am\u00e9ricain Joe Biden (r) lors d&rsquo;une r\u00e9union avec son homologue ukrainien Volodymyr Zelenskyj \u00e0 Washington en septembre 2023. Photo : Evan Vucci\/AP\/dpa<\/p>\n<\/div>\n<p>Biden a \u00e9voqu\u00e9 son r\u00f4le de p\u00e8re et a accord\u00e9 une gr\u00e2ce d\u2019une ampleur inhabituelle \u00e0 son fils. Cela prot\u00e8ge Hunter Biden d\u2019une \u00e9ventuelle inculpation au niveau f\u00e9d\u00e9ral pour d\u2019\u00e9ventuelles infractions survenues au cours des onze derni\u00e8res ann\u00e9es. La gr\u00e2ce va bien au-del\u00e0 des all\u00e9gations sp\u00e9cifiques qui ont \u00e9t\u00e9 port\u00e9es contre lui jusqu&rsquo;\u00e0 pr\u00e9sent. Cela soul\u00e8ve des questions suppl\u00e9mentaires sur ce que Hunter Biden pourrait avoir d\u2019autre \u00e0 cacher.<\/p>\n<p>Cette d\u00e9cision prise \u00e0 la fin de sa pr\u00e9sidence a valu \u00e0 Biden de nombreuses critiques \u2013 et des accusations d\u2019hypocrisie. Son argument selon lequel les opposants politiques avaient utilis\u00e9 le pouvoir judiciaire comme une arme contre son fils et donc contre lui rappelait \u00e9galement de mani\u00e8re frappante les r\u00e9actions de Trump \u00e0 toute poursuite p\u00e9nale contre lui. Le pardon laisse un arri\u00e8re-go\u00fbt amer.<\/p>\n<p><b>\u2013 Et maintenant, Joe Biden ? <\/b>Apr\u00e8s une carri\u00e8re politique de plusieurs d\u00e9cennies et un travail \u00e0 haut rythme sur la sc\u00e8ne mondiale, Biden ne trouvera peut-\u00eatre pas facile de se calmer. L&rsquo;homme de 82 ans a r\u00e9cemment d\u00e9clar\u00e9 dans une interview qu&rsquo;il souhaitait continuer \u00e0 travailler en politique \u2013 dans deux universit\u00e9s et dans une fondation. Biden est avant tout un p\u00e8re de famille. Il a sept petits-enfants, dont il est proche pour la plupart. Sa petite-fille a\u00een\u00e9e a v\u00e9cu temporairement avec lui \u00e0 la Maison Blanche et attend un b\u00e9b\u00e9. Le pr\u00e9sident sortant deviendra bient\u00f4t pour la premi\u00e8re fois arri\u00e8re-grand-p\u00e8re. Cela pourrait ajouter \u00e0 la distraction. (dpa)<\/p>\n","protected":false},"excerpt":{"rendered":"<p>Pour Joe Biden, la pr\u00e9sidence \u00e9tait cens\u00e9e \u00eatre le point culminant glamour d\u2019une carri\u00e8re de plusieurs d\u00e9cennies. Mais cela se termine par un drame et<\/p>\n","protected":false},"author":1,"featured_media":4035,"comment_status":"","ping_status":"","sticky":false,"template":"","format":"standard","meta":{"footnotes":""},"categories":[298],"tags":[4485,10,4486,3147,255,14,3075,1745],"class_list":["post-4034","post","type-post","status-publish","format-standard","has-post-thumbnail","hentry","category-belgique","tag-adieux","tag-americain","tag-amers","tag-biden","tag-joe","tag-les","tag-president","tag-tant","generate-columns","tablet-grid-50","mobile-grid-100","grid-parent","grid-33"],"yoast_head":"<!-- This site is optimized with the Yoast SEO plugin v24.0 - https:\/\/yoast.com\/wordpress\/plugins\/seo\/ -->\n<title>Les adieux amers \u00e0 Joe Biden en tant que pr\u00e9sident am\u00e9ricain | Vie Associative<\/title>\n<meta name=\"robots\" content=\"index, follow, max-snippet:-1, max-image-preview:large, max-video-preview:-1\" \/>\n<link rel=\"canonical\" href=\"https:\/\/vieassociative.be\/actualites\/les-adieux-amers-a-joe-biden-en-tant-que-president-americain\/\" \/>\n<meta property=\"og:locale\" content=\"fr_FR\" \/>\n<meta property=\"og:type\" content=\"article\" \/>\n<meta property=\"og:title\" content=\"Les adieux amers \u00e0 Joe Biden en tant que pr\u00e9sident am\u00e9ricain | Vie Associative\" \/>\n<meta property=\"og:description\" content=\"Pour Joe Biden, la pr\u00e9sidence \u00e9tait cens\u00e9e \u00eatre le point culminant glamour d\u2019une carri\u00e8re de plusieurs d\u00e9cennies. Mais cela se termine par un drame et\" \/>\n<meta property=\"og:url\" content=\"https:\/\/vieassociative.be\/actualites\/les-adieux-amers-a-joe-biden-en-tant-que-president-americain\/\" \/>\n<meta property=\"og:site_name\" content=\"Vie Associative\" \/>\n<meta property=\"article:published_time\" content=\"2025-01-04T08:17:01+00:00\" \/>\n<meta property=\"og:image\" content=\"https:\/\/vieassociative.be\/actualites\/wp-content\/uploads\/2024\/09\/header_backgroundk-01-e1726694325946.png\" \/>\n\t<meta property=\"og:image:width\" content=\"279\" \/>\n\t<meta property=\"og:image:height\" content=\"92\" \/>\n\t<meta property=\"og:image:type\" content=\"image\/png\" \/>\n<meta name=\"author\" content=\"Julien\" \/>\n<meta name=\"twitter:card\" content=\"summary_large_image\" \/>\n<meta name=\"twitter:label1\" content=\"\u00c9crit par\" \/>\n\t<meta name=\"twitter:data1\" content=\"Julien\" \/>\n\t<meta name=\"twitter:label2\" content=\"Dur\u00e9e de lecture est.\" \/>\n\t<meta name=\"twitter:data2\" content=\"7 minutes\" \/>\n<script type=\"application\/ld+json\" class=\"yoast-schema-graph\">{\"@context\":\"https:\/\/schema.org\",\"@graph\":[{\"@type\":\"Article\",\"@id\":\"https:\/\/vieassociative.be\/actualites\/les-adieux-amers-a-joe-biden-en-tant-que-president-americain\/#article\",\"isPartOf\":{\"@id\":\"https:\/\/vieassociative.be\/actualites\/les-adieux-amers-a-joe-biden-en-tant-que-president-americain\/\"},\"author\":{\"name\":\"Julien\",\"@id\":\"https:\/\/vieassociative.be\/actualites\/#\/schema\/person\/b87ac4f82f9d4e7b7cec7395b679edc4\"},\"headline\":\"Les adieux amers \u00e0 Joe Biden en tant que pr\u00e9sident am\u00e9ricain\",\"datePublished\":\"2025-01-04T08:17:01+00:00\",\"dateModified\":\"2025-01-04T08:17:01+00:00\",\"mainEntityOfPage\":{\"@id\":\"https:\/\/vieassociative.be\/actualites\/les-adieux-amers-a-joe-biden-en-tant-que-president-americain\/\"},\"wordCount\":1440,\"publisher\":{\"@id\":\"https:\/\/vieassociative.be\/actualites\/#organization\"},\"image\":{\"@id\":\"https:\/\/vieassociative.be\/actualites\/les-adieux-amers-a-joe-biden-en-tant-que-president-americain\/#primaryimage\"},\"thumbnailUrl\":\"https:\/\/vieassociative.be\/actualites\/wp-content\/uploads\/2025\/01\/1735978621_Les-adieux-amers-a-Joe-Biden-en-tant-que-president.jpg\",\"keywords\":[\"adieux\",\"am\u00e9ricain\",\"amers\",\"Biden\",\"Joe\",\"Les\",\"pr\u00e9sident\",\"tant\"],\"articleSection\":[\"Belgique\"],\"inLanguage\":\"fr-BE\"},{\"@type\":\"WebPage\",\"@id\":\"https:\/\/vieassociative.be\/actualites\/les-adieux-amers-a-joe-biden-en-tant-que-president-americain\/\",\"url\":\"https:\/\/vieassociative.be\/actualites\/les-adieux-amers-a-joe-biden-en-tant-que-president-americain\/\",\"name\":\"Les adieux amers \u00e0 Joe Biden en tant que pr\u00e9sident am\u00e9ricain | Vie Associative\",\"isPartOf\":{\"@id\":\"https:\/\/vieassociative.be\/actualites\/#website\"},\"primaryImageOfPage\":{\"@id\":\"https:\/\/vieassociative.be\/actualites\/les-adieux-amers-a-joe-biden-en-tant-que-president-americain\/#primaryimage\"},\"image\":{\"@id\":\"https:\/\/vieassociative.be\/actualites\/les-adieux-amers-a-joe-biden-en-tant-que-president-americain\/#primaryimage\"},\"thumbnailUrl\":\"https:\/\/vieassociative.be\/actualites\/wp-content\/uploads\/2025\/01\/1735978621_Les-adieux-amers-a-Joe-Biden-en-tant-que-president.jpg\",\"datePublished\":\"2025-01-04T08:17:01+00:00\",\"dateModified\":\"2025-01-04T08:17:01+00:00\",\"breadcrumb\":{\"@id\":\"https:\/\/vieassociative.be\/actualites\/les-adieux-amers-a-joe-biden-en-tant-que-president-americain\/#breadcrumb\"},\"inLanguage\":\"fr-BE\",\"potentialAction\":[{\"@type\":\"ReadAction\",\"target\":[\"https:\/\/vieassociative.be\/actualites\/les-adieux-amers-a-joe-biden-en-tant-que-president-americain\/\"]}]},{\"@type\":\"ImageObject\",\"inLanguage\":\"fr-BE\",\"@id\":\"https:\/\/vieassociative.be\/actualites\/les-adieux-amers-a-joe-biden-en-tant-que-president-americain\/#primaryimage\",\"url\":\"https:\/\/vieassociative.be\/actualites\/wp-content\/uploads\/2025\/01\/1735978621_Les-adieux-amers-a-Joe-Biden-en-tant-que-president.jpg\",\"contentUrl\":\"https:\/\/vieassociative.be\/actualites\/wp-content\/uploads\/2025\/01\/1735978621_Les-adieux-amers-a-Joe-Biden-en-tant-que-president.jpg\",\"width\":1200,\"height\":800,\"caption\":\"Les adieux amers \u00e0 Joe Biden en tant que pr\u00e9sident am\u00e9ricain\"},{\"@type\":\"BreadcrumbList\",\"@id\":\"https:\/\/vieassociative.be\/actualites\/les-adieux-amers-a-joe-biden-en-tant-que-president-americain\/#breadcrumb\",\"itemListElement\":[{\"@type\":\"ListItem\",\"position\":1,\"name\":\"Accueil\",\"item\":\"https:\/\/vieassociative.be\/actualites\/\"},{\"@type\":\"ListItem\",\"position\":2,\"name\":\"Les adieux amers \u00e0 Joe Biden en tant que pr\u00e9sident am\u00e9ricain\"}]},{\"@type\":\"WebSite\",\"@id\":\"https:\/\/vieassociative.be\/actualites\/#website\",\"url\":\"https:\/\/vieassociative.be\/actualites\/\",\"name\":\"Vie Associative\",\"description\":\"\",\"publisher\":{\"@id\":\"https:\/\/vieassociative.be\/actualites\/#organization\"},\"potentialAction\":[{\"@type\":\"SearchAction\",\"target\":{\"@type\":\"EntryPoint\",\"urlTemplate\":\"https:\/\/vieassociative.be\/actualites\/?s={search_term_string}\"},\"query-input\":{\"@type\":\"PropertyValueSpecification\",\"valueRequired\":true,\"valueName\":\"search_term_string\"}}],\"inLanguage\":\"fr-BE\"},{\"@type\":\"Organization\",\"@id\":\"https:\/\/vieassociative.be\/actualites\/#organization\",\"name\":\"Vie Associative\",\"url\":\"https:\/\/vieassociative.be\/actualites\/\",\"logo\":{\"@type\":\"ImageObject\",\"inLanguage\":\"fr-BE\",\"@id\":\"https:\/\/vieassociative.be\/actualites\/#\/schema\/logo\/image\/\",\"url\":\"https:\/\/vieassociative.be\/actualites\/wp-content\/uploads\/2024\/09\/cropped-vieassociative_favicon.ico.png\",\"contentUrl\":\"https:\/\/vieassociative.be\/actualites\/wp-content\/uploads\/2024\/09\/cropped-vieassociative_favicon.ico.png\",\"width\":512,\"height\":512,\"caption\":\"Vie Associative\"},\"image\":{\"@id\":\"https:\/\/vieassociative.be\/actualites\/#\/schema\/logo\/image\/\"}},{\"@type\":\"Person\",\"@id\":\"https:\/\/vieassociative.be\/actualites\/#\/schema\/person\/b87ac4f82f9d4e7b7cec7395b679edc4\",\"name\":\"Julien\",\"image\":{\"@type\":\"ImageObject\",\"inLanguage\":\"fr-BE\",\"@id\":\"https:\/\/vieassociative.be\/actualites\/#\/schema\/person\/image\/\",\"url\":\"https:\/\/vieassociative.be\/actualites\/wp-content\/uploads\/2024\/09\/vie-associative-1-150x150.jpg\",\"contentUrl\":\"https:\/\/vieassociative.be\/actualites\/wp-content\/uploads\/2024\/09\/vie-associative-1-150x150.jpg\",\"caption\":\"Julien\"},\"description\":\"Je suis Julien, r\u00e9dacteur pour Vie Associative. Passionn\u00e9 par le monde associatif depuis plus de 10 ans, j'ai \u00e0 c\u0153ur de partager des histoires inspirantes et de mettre en lumi\u00e8re les initiatives locales. Mon objectif est de sensibiliser et d'encourager l'engagement communautaire \u00e0 travers mes articles.\",\"sameAs\":[\"https:\/\/vieassociative.be\/\"]}]}<\/script>\n<!-- \/ Yoast SEO plugin. -->","yoast_head_json":{"title":"Les adieux amers \u00e0 Joe Biden en tant que pr\u00e9sident am\u00e9ricain | Vie Associative","robots":{"index":"index","follow":"follow","max-snippet":"max-snippet:-1","max-image-preview":"max-image-preview:large","max-video-preview":"max-video-preview:-1"},"canonical":"https:\/\/vieassociative.be\/actualites\/les-adieux-amers-a-joe-biden-en-tant-que-president-americain\/","og_locale":"fr_FR","og_type":"article","og_title":"Les adieux amers \u00e0 Joe Biden en tant que pr\u00e9sident am\u00e9ricain | Vie Associative","og_description":"Pour Joe Biden, la pr\u00e9sidence \u00e9tait cens\u00e9e \u00eatre le point culminant glamour d\u2019une carri\u00e8re de plusieurs d\u00e9cennies. Mais cela se termine par un drame et","og_url":"https:\/\/vieassociative.be\/actualites\/les-adieux-amers-a-joe-biden-en-tant-que-president-americain\/","og_site_name":"Vie Associative","article_published_time":"2025-01-04T08:17:01+00:00","og_image":[{"width":279,"height":92,"url":"https:\/\/vieassociative.be\/actualites\/wp-content\/uploads\/2024\/09\/header_backgroundk-01-e1726694325946.png","type":"image\/png"}],"author":"Julien","twitter_card":"summary_large_image","twitter_misc":{"\u00c9crit par":"Julien","Dur\u00e9e de lecture est.":"7 minutes"},"schema":{"@context":"https:\/\/schema.org","@graph":[{"@type":"Article","@id":"https:\/\/vieassociative.be\/actualites\/les-adieux-amers-a-joe-biden-en-tant-que-president-americain\/#article","isPartOf":{"@id":"https:\/\/vieassociative.be\/actualites\/les-adieux-amers-a-joe-biden-en-tant-que-president-americain\/"},"author":{"name":"Julien","@id":"https:\/\/vieassociative.be\/actualites\/#\/schema\/person\/b87ac4f82f9d4e7b7cec7395b679edc4"},"headline":"Les adieux amers \u00e0 Joe Biden en tant que pr\u00e9sident am\u00e9ricain","datePublished":"2025-01-04T08:17:01+00:00","dateModified":"2025-01-04T08:17:01+00:00","mainEntityOfPage":{"@id":"https:\/\/vieassociative.be\/actualites\/les-adieux-amers-a-joe-biden-en-tant-que-president-americain\/"},"wordCount":1440,"publisher":{"@id":"https:\/\/vieassociative.be\/actualites\/#organization"},"image":{"@id":"https:\/\/vieassociative.be\/actualites\/les-adieux-amers-a-joe-biden-en-tant-que-president-americain\/#primaryimage"},"thumbnailUrl":"https:\/\/vieassociative.be\/actualites\/wp-content\/uploads\/2025\/01\/1735978621_Les-adieux-amers-a-Joe-Biden-en-tant-que-president.jpg","keywords":["adieux","am\u00e9ricain","amers","Biden","Joe","Les","pr\u00e9sident","tant"],"articleSection":["Belgique"],"inLanguage":"fr-BE"},{"@type":"WebPage","@id":"https:\/\/vieassociative.be\/actualites\/les-adieux-amers-a-joe-biden-en-tant-que-president-americain\/","url":"https:\/\/vieassociative.be\/actualites\/les-adieux-amers-a-joe-biden-en-tant-que-president-americain\/","name":"Les adieux amers \u00e0 Joe Biden en tant que pr\u00e9sident am\u00e9ricain | Vie Associative","isPartOf":{"@id":"https:\/\/vieassociative.be\/actualites\/#website"},"primaryImageOfPage":{"@id":"https:\/\/vieassociative.be\/actualites\/les-adieux-amers-a-joe-biden-en-tant-que-president-americain\/#primaryimage"},"image":{"@id":"https:\/\/vieassociative.be\/actualites\/les-adieux-amers-a-joe-biden-en-tant-que-president-americain\/#primaryimage"},"thumbnailUrl":"https:\/\/vieassociative.be\/actualites\/wp-content\/uploads\/2025\/01\/1735978621_Les-adieux-amers-a-Joe-Biden-en-tant-que-president.jpg","datePublished":"2025-01-04T08:17:01+00:00","dateModified":"2025-01-04T08:17:01+00:00","breadcrumb":{"@id":"https:\/\/vieassociative.be\/actualites\/les-adieux-amers-a-joe-biden-en-tant-que-president-americain\/#breadcrumb"},"inLanguage":"fr-BE","potentialAction":[{"@type":"ReadAction","target":["https:\/\/vieassociative.be\/actualites\/les-adieux-amers-a-joe-biden-en-tant-que-president-americain\/"]}]},{"@type":"ImageObject","inLanguage":"fr-BE","@id":"https:\/\/vieassociative.be\/actualites\/les-adieux-amers-a-joe-biden-en-tant-que-president-americain\/#primaryimage","url":"https:\/\/vieassociative.be\/actualites\/wp-content\/uploads\/2025\/01\/1735978621_Les-adieux-amers-a-Joe-Biden-en-tant-que-president.jpg","contentUrl":"https:\/\/vieassociative.be\/actualites\/wp-content\/uploads\/2025\/01\/1735978621_Les-adieux-amers-a-Joe-Biden-en-tant-que-president.jpg","width":1200,"height":800,"caption":"Les adieux amers \u00e0 Joe Biden en tant que pr\u00e9sident am\u00e9ricain"},{"@type":"BreadcrumbList","@id":"https:\/\/vieassociative.be\/actualites\/les-adieux-amers-a-joe-biden-en-tant-que-president-americain\/#breadcrumb","itemListElement":[{"@type":"ListItem","position":1,"name":"Accueil","item":"https:\/\/vieassociative.be\/actualites\/"},{"@type":"ListItem","position":2,"name":"Les adieux amers \u00e0 Joe Biden en tant que pr\u00e9sident am\u00e9ricain"}]},{"@type":"WebSite","@id":"https:\/\/vieassociative.be\/actualites\/#website","url":"https:\/\/vieassociative.be\/actualites\/","name":"Vie Associative","description":"","publisher":{"@id":"https:\/\/vieassociative.be\/actualites\/#organization"},"potentialAction":[{"@type":"SearchAction","target":{"@type":"EntryPoint","urlTemplate":"https:\/\/vieassociative.be\/actualites\/?s={search_term_string}"},"query-input":{"@type":"PropertyValueSpecification","valueRequired":true,"valueName":"search_term_string"}}],"inLanguage":"fr-BE"},{"@type":"Organization","@id":"https:\/\/vieassociative.be\/actualites\/#organization","name":"Vie Associative","url":"https:\/\/vieassociative.be\/actualites\/","logo":{"@type":"ImageObject","inLanguage":"fr-BE","@id":"https:\/\/vieassociative.be\/actualites\/#\/schema\/logo\/image\/","url":"https:\/\/vieassociative.be\/actualites\/wp-content\/uploads\/2024\/09\/cropped-vieassociative_favicon.ico.png","contentUrl":"https:\/\/vieassociative.be\/actualites\/wp-content\/uploads\/2024\/09\/cropped-vieassociative_favicon.ico.png","width":512,"height":512,"caption":"Vie Associative"},"image":{"@id":"https:\/\/vieassociative.be\/actualites\/#\/schema\/logo\/image\/"}},{"@type":"Person","@id":"https:\/\/vieassociative.be\/actualites\/#\/schema\/person\/b87ac4f82f9d4e7b7cec7395b679edc4","name":"Julien","image":{"@type":"ImageObject","inLanguage":"fr-BE","@id":"https:\/\/vieassociative.be\/actualites\/#\/schema\/person\/image\/","url":"https:\/\/vieassociative.be\/actualites\/wp-content\/uploads\/2024\/09\/vie-associative-1-150x150.jpg","contentUrl":"https:\/\/vieassociative.be\/actualites\/wp-content\/uploads\/2024\/09\/vie-associative-1-150x150.jpg","caption":"Julien"},"description":"Je suis Julien, r\u00e9dacteur pour Vie Associative. Passionn\u00e9 par le monde associatif depuis plus de 10 ans, j'ai \u00e0 c\u0153ur de partager des histoires inspirantes et de mettre en lumi\u00e8re les initiatives locales. Mon objectif est de sensibiliser et d'encourager l'engagement communautaire \u00e0 travers mes articles.","sameAs":["https:\/\/vieassociative.be\/"]}]}},"_links":{"self":[{"href":"https:\/\/vieassociative.be\/actualites\/wp-json\/wp\/v2\/posts\/4034"}],"collection":[{"href":"https:\/\/vieassociative.be\/actualites\/wp-json\/wp\/v2\/posts"}],"about":[{"href":"https:\/\/vieassociative.be\/actualites\/wp-json\/wp\/v2\/types\/post"}],"author":[{"embeddable":true,"href":"https:\/\/vieassociative.be\/actualites\/wp-json\/wp\/v2\/users\/1"}],"replies":[{"embeddable":true,"href":"https:\/\/vieassociative.be\/actualites\/wp-json\/wp\/v2\/comments?post=4034"}],"version-history":[{"count":0,"href":"https:\/\/vieassociative.be\/actualites\/wp-json\/wp\/v2\/posts\/4034\/revisions"}],"wp:featuredmedia":[{"embeddable":true,"href":"https:\/\/vieassociative.be\/actualites\/wp-json\/wp\/v2\/media\/4035"}],"wp:attachment":[{"href":"https:\/\/vieassociative.be\/actualites\/wp-json\/wp\/v2\/media?parent=4034"}],"wp:term":[{"taxonomy":"category","embeddable":true,"href":"https:\/\/vieassociative.be\/actualites\/wp-json\/wp\/v2\/categories?post=4034"},{"taxonomy":"post_tag","embeddable":true,"href":"https:\/\/vieassociative.be\/actualites\/wp-json\/wp\/v2\/tags?post=4034"}],"curies":[{"name":"wp","href":"https:\/\/api.w.org\/{rel}","templated":true}]}}