{"id":4032,"date":"2025-01-04T08:18:41","date_gmt":"2025-01-04T07:18:41","guid":{"rendered":"https:\/\/vieassociative.be\/actualites\/utilisez-cette-liste-de-controle-pour-desencombrer-la-nouvelle-annee\/"},"modified":"2025-01-04T08:18:41","modified_gmt":"2025-01-04T07:18:41","slug":"utilisez-cette-liste-de-controle-pour-desencombrer-la-nouvelle-annee","status":"publish","type":"post","link":"https:\/\/vieassociative.be\/actualites\/utilisez-cette-liste-de-controle-pour-desencombrer-la-nouvelle-annee\/","title":{"rendered":"Utilisez cette liste de contr\u00f4le pour d\u00e9sencombrer la nouvelle ann\u00e9e"},"content":{"rendered":"<div class=\"mt-4 leading-6 md:mb-8\">Organisez vos plans d\u2019organisation 2025.<\/div>\n<p><\/p>\n<p>Le d\u00e9sencombrement est une forme d\u2019art \u00e0 part enti\u00e8re. Vous devez le faire de mani\u00e8re suffisamment coh\u00e9rente pour que cela devienne une habitude, et vous obtiendrez plus de succ\u00e8s si vous souscrivez \u00e0 une approche ou \u00e0 une technique de d\u00e9sencombrement particuli\u00e8re qui vous aide \u00e0 \u00e9valuer constamment les choses que vous poss\u00e9dez, \u00e0 d\u00e9terminer si vous devez les conserver et \u00e0 si oui, o\u00f9 vous les mettrez.<\/p>\n<p>Cependant, avant de pouvoir vous organiser sur le long terme, vous avez besoin d\u2019un point de d\u00e9part. Je vous recommande de commencer la nouvelle ann\u00e9e en donnant un coup d\u2019\u0153il \u00e0 toute votre maison en utilisant la liste de contr\u00f4le de d\u00e9sencombrement ci-dessous. <\/p>\n<h2 id=\"your-new-year-decluttering-checklist\">Votre liste de contr\u00f4le pour le d\u00e9sencombrement du Nouvel An<\/h2>\n<p>Le v\u00e9ritable d\u00e9sencombrement est un processus qui se d\u00e9roule sur des semaines ou des mois. Vous devez prendre l\u2019habitude de vous d\u00e9barrasser de ce qui ne vous sert plus et d\u2019organiser constamment ce que vous choisissez de conserver. Mais avant que tout cela ne se produise, vous pourriez \u00eatre confront\u00e9 \u00e0 une surabondance de d\u00e9chets qui rend difficile de savoir par o\u00f9 commencer. <\/p>\n<p>Cela vaut la peine de consacrer du temps \u00e0 une vaste analyse, en se concentrant sur certains domaines cl\u00e9s. Lorsque vous commencez, jetez ou donnez n\u2019importe quoi dans ces cat\u00e9gories\u00a0:<\/p>\n<ul>\n<li>\n<p><strong>D\u00e9barrassez-vous de tout ce qui est d\u00e9fectueux, d\u00e9fectueux ou obsol\u00e8te.<\/strong> Cela inclut les objets cass\u00e9s que vous aviez jur\u00e9 de r\u00e9parer, ainsi que les bric-\u00e0-brac comme les chargeurs d&rsquo;appareils al\u00e9atoires et les cordons obstruant le tiroir \u00e0 d\u00e9chets. Si vous n&rsquo;avez pas utilis\u00e9 cet ancien chargeur MacBook depuis 2011, vous n&rsquo;en aurez probablement plus besoin.<\/p>\n<\/li>\n<li>\n<p><strong>D\u00e9barrassez-vous de tous les doublons. <\/strong>Pensez aux ustensiles de cuisine redondants, \u00e0 ce sac fourre-tout rempli de sacs fourre-tout ou \u00e0 tout autre objet pouvant \u00eatre consolid\u00e9.<\/p>\n<\/li>\n<li>\n<p><strong>Jetez tout ce qui a expir\u00e9<\/strong>des \u00e9pices au maquillage en passant par les cartes-cadeaux, et soyez assur\u00e9 que si jamais vous avez \u00e0 nouveau besoin de cette chose exacte, vous pouvez en obtenir une nouvelle.<\/p>\n<\/li>\n<li>\n<p><strong>Faites don de v\u00eatements ou de linge de maison<\/strong> vous n&rsquo;avez pas port\u00e9 ou utilis\u00e9 de m\u00e9moire r\u00e9cente. <\/p>\n<\/li>\n<li>\n<p><strong>Jetez tous les vieux papiers ou documents que vous trouvez<\/strong>des cartes de v\u0153ux aux relev\u00e9s bancaires vieux de plusieurs ann\u00e9es. Prenez d&rsquo;abord des photos de tout ce qui est essentiel ou rangez-les dans votre classeur. (Vous gardez toujours un classeur physique, n&rsquo;est-ce pas ? Vous devriez.)<\/p>\n<\/li>\n<li>\n<p><strong>Jetez ou donnez tout ce qui ne correspond pas<\/strong>comme une tasse sans soucoupe ou une chaussette sans compagnon. Vous le retrouverez peut-\u00eatre plus tard, mais cela ne vaut probablement pas la peine de le garder jusqu&rsquo;\u00e0 ce que vous le fassiez.<\/p>\n<\/li>\n<li>\n<p><strong>Faites don de tous les objets \u00e0 usage unique que vous n&rsquo;utilisez pas<\/strong>comme les fournitures artistiques, les articles de sport ou les ustensiles de cuisine.<\/p>\n<\/li>\n<\/ul>\n<p>Tout cela peut sembler du bon sens, mais c\u2019est aussi le genre de choses que nous avons tous tendance \u00e0 garder, et c\u2019est ce qui constitue le d\u00e9sordre dans nos maisons. <\/p>\n<h2 id=\"next-find-your-personal-decluttering-method\">Ensuite, trouvez votre m\u00e9thode personnelle de d\u00e9sencombrement<\/h2>\n<p>De nombreuses techniques de d\u00e9sencombrement encouragent \u00e0 se lancer dans le processus, \u00e0 d\u00e9battre de ce dont vous avez besoin et si cela suscite de la joie. Je ne pense pas n\u00e9cessairement que ce soit utile, car cela vous donne un peu trop de marge pour trouver des excuses sur les raisons pour lesquelles vous \u00ab devez \u00bb vous accrocher \u00e0 quelque chose dont vous n&rsquo;avez pas r\u00e9ellement besoin, et je suis particuli\u00e8rement contre si vous avez fait du d\u00e9sencombrement. votre r\u00e9solution du nouvel an.<\/p>\n<p>Il n\u2019y a pas de meilleur moment que le d\u00e9but d\u2019une nouvelle ann\u00e9e pour s\u2019engager \u00e0 prendre des d\u00e9cisions rapides et objectives sur ce qui reste et ce qui va. Capitalisez sur ces vibrations \u00ab nouvelle ann\u00e9e, nouveau vous \u00bb en \u00e9tant d\u00e9cisif et en vous lib\u00e9rant de ce qui ne vous sert plus. <\/p>\n<p>Cela dit, apr\u00e8s votre premier balayage, vous devez faire du d\u00e9sencombrement une habitude, et le moyen le plus simple est de trouver une m\u00e9thode qui vous convient. En l\u2019honneur de la nouvelle ann\u00e9e, je pr\u00e9conise l\u2019\u00e9tablissement d\u2019un \u00e9tat d\u2019esprit \u00ab un entr\u00e9, un sorti \u00bb. R\u00e9solvez que pour tout ce que vous achetez, vous jeterez un (ou plusieurs) articles similaires. <\/p>\n<p>J&rsquo;ai eu beaucoup de chance l&rsquo;ann\u00e9e derni\u00e8re d&rsquo;adopter cette philosophie avec ma garde-robe : lorsque je voulais quelque chose de nouveau, je mettais en vente son homologue correspondant dans ma collection existante, puis je me permettais d&rsquo;acheter le nouveau seulement une fois l&rsquo;ancien vendu (en bonus). , c&rsquo;\u00e9tait aussi comme obtenir une r\u00e9duction sur le nouvel article). Cela m&rsquo;a emp\u00each\u00e9 de collectionner une surabondance de pulls, de sacs \u00e0 main et de chaussures, a gard\u00e9 mon look frais et m&rsquo;a permis de partager avec d&rsquo;autres certaines pi\u00e8ces ch\u00e9ries mais dont je ne voulais plus. Tu ne le fais pas <em>avoir<\/em> vendre les choses dont vous vous d\u00e9barrassez, mais engagez-vous \u00e0 ne pas racheter les choses que vous poss\u00e9dez d\u00e9j\u00e0. Sinon, vous vous retrouverez l\u00e0 o\u00f9 vous avez commenc\u00e9 \u00e0 cette \u00e9poque l\u2019ann\u00e9e prochaine. <\/p>\n","protected":false},"excerpt":{"rendered":"<p>Organisez vos plans d\u2019organisation 2025. Le d\u00e9sencombrement est une forme d\u2019art \u00e0 part enti\u00e8re. Vous devez le faire de mani\u00e8re suffisamment coh\u00e9rente pour que cela<\/p>\n","protected":false},"author":1,"featured_media":4033,"comment_status":"","ping_status":"","sticky":false,"template":"","format":"standard","meta":{"footnotes":""},"categories":[40],"tags":[549,206,360,1069,2987,491,81,105],"class_list":["post-4032","post","type-post","status-publish","format-standard","has-post-thumbnail","hentry","category-maison","tag-annee","tag-cette","tag-controle","tag-desencombrer","tag-liste","tag-nouvelle","tag-pour","tag-utilisez","generate-columns","tablet-grid-50","mobile-grid-100","grid-parent","grid-33"],"yoast_head":"<!-- This site is optimized with the Yoast SEO plugin v24.0 - https:\/\/yoast.com\/wordpress\/plugins\/seo\/ -->\n<title>Utilisez cette liste de contr\u00f4le pour d\u00e9sencombrer la nouvelle ann\u00e9e | Vie Associative<\/title>\n<meta name=\"robots\" content=\"index, follow, max-snippet:-1, max-image-preview:large, max-video-preview:-1\" \/>\n<link rel=\"canonical\" href=\"https:\/\/vieassociative.be\/actualites\/utilisez-cette-liste-de-controle-pour-desencombrer-la-nouvelle-annee\/\" \/>\n<meta property=\"og:locale\" content=\"fr_FR\" \/>\n<meta property=\"og:type\" content=\"article\" \/>\n<meta property=\"og:title\" content=\"Utilisez cette liste de contr\u00f4le pour d\u00e9sencombrer la nouvelle ann\u00e9e | Vie Associative\" \/>\n<meta property=\"og:description\" content=\"Organisez vos plans d\u2019organisation 2025. Le d\u00e9sencombrement est une forme d\u2019art \u00e0 part enti\u00e8re. Vous devez le faire de mani\u00e8re suffisamment coh\u00e9rente pour que cela\" \/>\n<meta property=\"og:url\" content=\"https:\/\/vieassociative.be\/actualites\/utilisez-cette-liste-de-controle-pour-desencombrer-la-nouvelle-annee\/\" \/>\n<meta property=\"og:site_name\" content=\"Vie Associative\" \/>\n<meta property=\"article:published_time\" content=\"2025-01-04T07:18:41+00:00\" \/>\n<meta property=\"og:image\" content=\"https:\/\/vieassociative.be\/actualites\/wp-content\/uploads\/2024\/09\/header_backgroundk-01-e1726694325946.png\" \/>\n\t<meta property=\"og:image:width\" content=\"279\" \/>\n\t<meta property=\"og:image:height\" content=\"92\" \/>\n\t<meta property=\"og:image:type\" content=\"image\/png\" \/>\n<meta name=\"author\" content=\"Julien\" \/>\n<meta name=\"twitter:card\" content=\"summary_large_image\" \/>\n<meta name=\"twitter:label1\" content=\"\u00c9crit par\" \/>\n\t<meta name=\"twitter:data1\" content=\"Julien\" \/>\n\t<meta name=\"twitter:label2\" content=\"Dur\u00e9e de lecture est.\" \/>\n\t<meta name=\"twitter:data2\" content=\"4 minutes\" \/>\n<script type=\"application\/ld+json\" class=\"yoast-schema-graph\">{\"@context\":\"https:\/\/schema.org\",\"@graph\":[{\"@type\":\"Article\",\"@id\":\"https:\/\/vieassociative.be\/actualites\/utilisez-cette-liste-de-controle-pour-desencombrer-la-nouvelle-annee\/#article\",\"isPartOf\":{\"@id\":\"https:\/\/vieassociative.be\/actualites\/utilisez-cette-liste-de-controle-pour-desencombrer-la-nouvelle-annee\/\"},\"author\":{\"name\":\"Julien\",\"@id\":\"https:\/\/vieassociative.be\/actualites\/#\/schema\/person\/b87ac4f82f9d4e7b7cec7395b679edc4\"},\"headline\":\"Utilisez cette liste de contr\u00f4le pour d\u00e9sencombrer la nouvelle ann\u00e9e\",\"datePublished\":\"2025-01-04T07:18:41+00:00\",\"dateModified\":\"2025-01-04T07:18:41+00:00\",\"mainEntityOfPage\":{\"@id\":\"https:\/\/vieassociative.be\/actualites\/utilisez-cette-liste-de-controle-pour-desencombrer-la-nouvelle-annee\/\"},\"wordCount\":922,\"publisher\":{\"@id\":\"https:\/\/vieassociative.be\/actualites\/#organization\"},\"image\":{\"@id\":\"https:\/\/vieassociative.be\/actualites\/utilisez-cette-liste-de-controle-pour-desencombrer-la-nouvelle-annee\/#primaryimage\"},\"thumbnailUrl\":\"https:\/\/vieassociative.be\/actualites\/wp-content\/uploads\/2025\/01\/Utilisez-cette-liste-de-controle-pour-desencombrer-la-nouvelle-annee.png\",\"keywords\":[\"ann\u00e9e\",\"cette\",\"contr\u00f4le\",\"d\u00e9sencombrer\",\"liste\",\"nouvelle\",\"pour\",\"Utilisez\"],\"articleSection\":[\"Maison\"],\"inLanguage\":\"fr-BE\"},{\"@type\":\"WebPage\",\"@id\":\"https:\/\/vieassociative.be\/actualites\/utilisez-cette-liste-de-controle-pour-desencombrer-la-nouvelle-annee\/\",\"url\":\"https:\/\/vieassociative.be\/actualites\/utilisez-cette-liste-de-controle-pour-desencombrer-la-nouvelle-annee\/\",\"name\":\"Utilisez cette liste de contr\u00f4le pour d\u00e9sencombrer la nouvelle ann\u00e9e | Vie Associative\",\"isPartOf\":{\"@id\":\"https:\/\/vieassociative.be\/actualites\/#website\"},\"primaryImageOfPage\":{\"@id\":\"https:\/\/vieassociative.be\/actualites\/utilisez-cette-liste-de-controle-pour-desencombrer-la-nouvelle-annee\/#primaryimage\"},\"image\":{\"@id\":\"https:\/\/vieassociative.be\/actualites\/utilisez-cette-liste-de-controle-pour-desencombrer-la-nouvelle-annee\/#primaryimage\"},\"thumbnailUrl\":\"https:\/\/vieassociative.be\/actualites\/wp-content\/uploads\/2025\/01\/Utilisez-cette-liste-de-controle-pour-desencombrer-la-nouvelle-annee.png\",\"datePublished\":\"2025-01-04T07:18:41+00:00\",\"dateModified\":\"2025-01-04T07:18:41+00:00\",\"breadcrumb\":{\"@id\":\"https:\/\/vieassociative.be\/actualites\/utilisez-cette-liste-de-controle-pour-desencombrer-la-nouvelle-annee\/#breadcrumb\"},\"inLanguage\":\"fr-BE\",\"potentialAction\":[{\"@type\":\"ReadAction\",\"target\":[\"https:\/\/vieassociative.be\/actualites\/utilisez-cette-liste-de-controle-pour-desencombrer-la-nouvelle-annee\/\"]}]},{\"@type\":\"ImageObject\",\"inLanguage\":\"fr-BE\",\"@id\":\"https:\/\/vieassociative.be\/actualites\/utilisez-cette-liste-de-controle-pour-desencombrer-la-nouvelle-annee\/#primaryimage\",\"url\":\"https:\/\/vieassociative.be\/actualites\/wp-content\/uploads\/2025\/01\/Utilisez-cette-liste-de-controle-pour-desencombrer-la-nouvelle-annee.png\",\"contentUrl\":\"https:\/\/vieassociative.be\/actualites\/wp-content\/uploads\/2025\/01\/Utilisez-cette-liste-de-controle-pour-desencombrer-la-nouvelle-annee.png\",\"width\":1200,\"height\":675,\"caption\":\"Utilisez cette liste de contr\u00f4le pour d\u00e9sencombrer la nouvelle ann\u00e9e\"},{\"@type\":\"BreadcrumbList\",\"@id\":\"https:\/\/vieassociative.be\/actualites\/utilisez-cette-liste-de-controle-pour-desencombrer-la-nouvelle-annee\/#breadcrumb\",\"itemListElement\":[{\"@type\":\"ListItem\",\"position\":1,\"name\":\"Accueil\",\"item\":\"https:\/\/vieassociative.be\/actualites\/\"},{\"@type\":\"ListItem\",\"position\":2,\"name\":\"Utilisez cette liste de contr\u00f4le pour d\u00e9sencombrer la nouvelle ann\u00e9e\"}]},{\"@type\":\"WebSite\",\"@id\":\"https:\/\/vieassociative.be\/actualites\/#website\",\"url\":\"https:\/\/vieassociative.be\/actualites\/\",\"name\":\"Vie Associative\",\"description\":\"\",\"publisher\":{\"@id\":\"https:\/\/vieassociative.be\/actualites\/#organization\"},\"potentialAction\":[{\"@type\":\"SearchAction\",\"target\":{\"@type\":\"EntryPoint\",\"urlTemplate\":\"https:\/\/vieassociative.be\/actualites\/?s={search_term_string}\"},\"query-input\":{\"@type\":\"PropertyValueSpecification\",\"valueRequired\":true,\"valueName\":\"search_term_string\"}}],\"inLanguage\":\"fr-BE\"},{\"@type\":\"Organization\",\"@id\":\"https:\/\/vieassociative.be\/actualites\/#organization\",\"name\":\"Vie Associative\",\"url\":\"https:\/\/vieassociative.be\/actualites\/\",\"logo\":{\"@type\":\"ImageObject\",\"inLanguage\":\"fr-BE\",\"@id\":\"https:\/\/vieassociative.be\/actualites\/#\/schema\/logo\/image\/\",\"url\":\"https:\/\/vieassociative.be\/actualites\/wp-content\/uploads\/2024\/09\/cropped-vieassociative_favicon.ico.png\",\"contentUrl\":\"https:\/\/vieassociative.be\/actualites\/wp-content\/uploads\/2024\/09\/cropped-vieassociative_favicon.ico.png\",\"width\":512,\"height\":512,\"caption\":\"Vie Associative\"},\"image\":{\"@id\":\"https:\/\/vieassociative.be\/actualites\/#\/schema\/logo\/image\/\"}},{\"@type\":\"Person\",\"@id\":\"https:\/\/vieassociative.be\/actualites\/#\/schema\/person\/b87ac4f82f9d4e7b7cec7395b679edc4\",\"name\":\"Julien\",\"image\":{\"@type\":\"ImageObject\",\"inLanguage\":\"fr-BE\",\"@id\":\"https:\/\/vieassociative.be\/actualites\/#\/schema\/person\/image\/\",\"url\":\"https:\/\/vieassociative.be\/actualites\/wp-content\/uploads\/2024\/09\/vie-associative-1-150x150.jpg\",\"contentUrl\":\"https:\/\/vieassociative.be\/actualites\/wp-content\/uploads\/2024\/09\/vie-associative-1-150x150.jpg\",\"caption\":\"Julien\"},\"description\":\"Je suis Julien, r\u00e9dacteur pour Vie Associative. Passionn\u00e9 par le monde associatif depuis plus de 10 ans, j'ai \u00e0 c\u0153ur de partager des histoires inspirantes et de mettre en lumi\u00e8re les initiatives locales. Mon objectif est de sensibiliser et d'encourager l'engagement communautaire \u00e0 travers mes articles.\",\"sameAs\":[\"https:\/\/vieassociative.be\/\"]}]}<\/script>\n<!-- \/ Yoast SEO plugin. -->","yoast_head_json":{"title":"Utilisez cette liste de contr\u00f4le pour d\u00e9sencombrer la nouvelle ann\u00e9e | Vie Associative","robots":{"index":"index","follow":"follow","max-snippet":"max-snippet:-1","max-image-preview":"max-image-preview:large","max-video-preview":"max-video-preview:-1"},"canonical":"https:\/\/vieassociative.be\/actualites\/utilisez-cette-liste-de-controle-pour-desencombrer-la-nouvelle-annee\/","og_locale":"fr_FR","og_type":"article","og_title":"Utilisez cette liste de contr\u00f4le pour d\u00e9sencombrer la nouvelle ann\u00e9e | Vie Associative","og_description":"Organisez vos plans d\u2019organisation 2025. Le d\u00e9sencombrement est une forme d\u2019art \u00e0 part enti\u00e8re. Vous devez le faire de mani\u00e8re suffisamment coh\u00e9rente pour que cela","og_url":"https:\/\/vieassociative.be\/actualites\/utilisez-cette-liste-de-controle-pour-desencombrer-la-nouvelle-annee\/","og_site_name":"Vie Associative","article_published_time":"2025-01-04T07:18:41+00:00","og_image":[{"width":279,"height":92,"url":"https:\/\/vieassociative.be\/actualites\/wp-content\/uploads\/2024\/09\/header_backgroundk-01-e1726694325946.png","type":"image\/png"}],"author":"Julien","twitter_card":"summary_large_image","twitter_misc":{"\u00c9crit par":"Julien","Dur\u00e9e de lecture est.":"4 minutes"},"schema":{"@context":"https:\/\/schema.org","@graph":[{"@type":"Article","@id":"https:\/\/vieassociative.be\/actualites\/utilisez-cette-liste-de-controle-pour-desencombrer-la-nouvelle-annee\/#article","isPartOf":{"@id":"https:\/\/vieassociative.be\/actualites\/utilisez-cette-liste-de-controle-pour-desencombrer-la-nouvelle-annee\/"},"author":{"name":"Julien","@id":"https:\/\/vieassociative.be\/actualites\/#\/schema\/person\/b87ac4f82f9d4e7b7cec7395b679edc4"},"headline":"Utilisez cette liste de contr\u00f4le pour d\u00e9sencombrer la nouvelle ann\u00e9e","datePublished":"2025-01-04T07:18:41+00:00","dateModified":"2025-01-04T07:18:41+00:00","mainEntityOfPage":{"@id":"https:\/\/vieassociative.be\/actualites\/utilisez-cette-liste-de-controle-pour-desencombrer-la-nouvelle-annee\/"},"wordCount":922,"publisher":{"@id":"https:\/\/vieassociative.be\/actualites\/#organization"},"image":{"@id":"https:\/\/vieassociative.be\/actualites\/utilisez-cette-liste-de-controle-pour-desencombrer-la-nouvelle-annee\/#primaryimage"},"thumbnailUrl":"https:\/\/vieassociative.be\/actualites\/wp-content\/uploads\/2025\/01\/Utilisez-cette-liste-de-controle-pour-desencombrer-la-nouvelle-annee.png","keywords":["ann\u00e9e","cette","contr\u00f4le","d\u00e9sencombrer","liste","nouvelle","pour","Utilisez"],"articleSection":["Maison"],"inLanguage":"fr-BE"},{"@type":"WebPage","@id":"https:\/\/vieassociative.be\/actualites\/utilisez-cette-liste-de-controle-pour-desencombrer-la-nouvelle-annee\/","url":"https:\/\/vieassociative.be\/actualites\/utilisez-cette-liste-de-controle-pour-desencombrer-la-nouvelle-annee\/","name":"Utilisez cette liste de contr\u00f4le pour d\u00e9sencombrer la nouvelle ann\u00e9e | Vie Associative","isPartOf":{"@id":"https:\/\/vieassociative.be\/actualites\/#website"},"primaryImageOfPage":{"@id":"https:\/\/vieassociative.be\/actualites\/utilisez-cette-liste-de-controle-pour-desencombrer-la-nouvelle-annee\/#primaryimage"},"image":{"@id":"https:\/\/vieassociative.be\/actualites\/utilisez-cette-liste-de-controle-pour-desencombrer-la-nouvelle-annee\/#primaryimage"},"thumbnailUrl":"https:\/\/vieassociative.be\/actualites\/wp-content\/uploads\/2025\/01\/Utilisez-cette-liste-de-controle-pour-desencombrer-la-nouvelle-annee.png","datePublished":"2025-01-04T07:18:41+00:00","dateModified":"2025-01-04T07:18:41+00:00","breadcrumb":{"@id":"https:\/\/vieassociative.be\/actualites\/utilisez-cette-liste-de-controle-pour-desencombrer-la-nouvelle-annee\/#breadcrumb"},"inLanguage":"fr-BE","potentialAction":[{"@type":"ReadAction","target":["https:\/\/vieassociative.be\/actualites\/utilisez-cette-liste-de-controle-pour-desencombrer-la-nouvelle-annee\/"]}]},{"@type":"ImageObject","inLanguage":"fr-BE","@id":"https:\/\/vieassociative.be\/actualites\/utilisez-cette-liste-de-controle-pour-desencombrer-la-nouvelle-annee\/#primaryimage","url":"https:\/\/vieassociative.be\/actualites\/wp-content\/uploads\/2025\/01\/Utilisez-cette-liste-de-controle-pour-desencombrer-la-nouvelle-annee.png","contentUrl":"https:\/\/vieassociative.be\/actualites\/wp-content\/uploads\/2025\/01\/Utilisez-cette-liste-de-controle-pour-desencombrer-la-nouvelle-annee.png","width":1200,"height":675,"caption":"Utilisez cette liste de contr\u00f4le pour d\u00e9sencombrer la nouvelle ann\u00e9e"},{"@type":"BreadcrumbList","@id":"https:\/\/vieassociative.be\/actualites\/utilisez-cette-liste-de-controle-pour-desencombrer-la-nouvelle-annee\/#breadcrumb","itemListElement":[{"@type":"ListItem","position":1,"name":"Accueil","item":"https:\/\/vieassociative.be\/actualites\/"},{"@type":"ListItem","position":2,"name":"Utilisez cette liste de contr\u00f4le pour d\u00e9sencombrer la nouvelle ann\u00e9e"}]},{"@type":"WebSite","@id":"https:\/\/vieassociative.be\/actualites\/#website","url":"https:\/\/vieassociative.be\/actualites\/","name":"Vie Associative","description":"","publisher":{"@id":"https:\/\/vieassociative.be\/actualites\/#organization"},"potentialAction":[{"@type":"SearchAction","target":{"@type":"EntryPoint","urlTemplate":"https:\/\/vieassociative.be\/actualites\/?s={search_term_string}"},"query-input":{"@type":"PropertyValueSpecification","valueRequired":true,"valueName":"search_term_string"}}],"inLanguage":"fr-BE"},{"@type":"Organization","@id":"https:\/\/vieassociative.be\/actualites\/#organization","name":"Vie Associative","url":"https:\/\/vieassociative.be\/actualites\/","logo":{"@type":"ImageObject","inLanguage":"fr-BE","@id":"https:\/\/vieassociative.be\/actualites\/#\/schema\/logo\/image\/","url":"https:\/\/vieassociative.be\/actualites\/wp-content\/uploads\/2024\/09\/cropped-vieassociative_favicon.ico.png","contentUrl":"https:\/\/vieassociative.be\/actualites\/wp-content\/uploads\/2024\/09\/cropped-vieassociative_favicon.ico.png","width":512,"height":512,"caption":"Vie Associative"},"image":{"@id":"https:\/\/vieassociative.be\/actualites\/#\/schema\/logo\/image\/"}},{"@type":"Person","@id":"https:\/\/vieassociative.be\/actualites\/#\/schema\/person\/b87ac4f82f9d4e7b7cec7395b679edc4","name":"Julien","image":{"@type":"ImageObject","inLanguage":"fr-BE","@id":"https:\/\/vieassociative.be\/actualites\/#\/schema\/person\/image\/","url":"https:\/\/vieassociative.be\/actualites\/wp-content\/uploads\/2024\/09\/vie-associative-1-150x150.jpg","contentUrl":"https:\/\/vieassociative.be\/actualites\/wp-content\/uploads\/2024\/09\/vie-associative-1-150x150.jpg","caption":"Julien"},"description":"Je suis Julien, r\u00e9dacteur pour Vie Associative. Passionn\u00e9 par le monde associatif depuis plus de 10 ans, j'ai \u00e0 c\u0153ur de partager des histoires inspirantes et de mettre en lumi\u00e8re les initiatives locales. Mon objectif est de sensibiliser et d'encourager l'engagement communautaire \u00e0 travers mes articles.","sameAs":["https:\/\/vieassociative.be\/"]}]}},"_links":{"self":[{"href":"https:\/\/vieassociative.be\/actualites\/wp-json\/wp\/v2\/posts\/4032"}],"collection":[{"href":"https:\/\/vieassociative.be\/actualites\/wp-json\/wp\/v2\/posts"}],"about":[{"href":"https:\/\/vieassociative.be\/actualites\/wp-json\/wp\/v2\/types\/post"}],"author":[{"embeddable":true,"href":"https:\/\/vieassociative.be\/actualites\/wp-json\/wp\/v2\/users\/1"}],"replies":[{"embeddable":true,"href":"https:\/\/vieassociative.be\/actualites\/wp-json\/wp\/v2\/comments?post=4032"}],"version-history":[{"count":0,"href":"https:\/\/vieassociative.be\/actualites\/wp-json\/wp\/v2\/posts\/4032\/revisions"}],"wp:featuredmedia":[{"embeddable":true,"href":"https:\/\/vieassociative.be\/actualites\/wp-json\/wp\/v2\/media\/4033"}],"wp:attachment":[{"href":"https:\/\/vieassociative.be\/actualites\/wp-json\/wp\/v2\/media?parent=4032"}],"wp:term":[{"taxonomy":"category","embeddable":true,"href":"https:\/\/vieassociative.be\/actualites\/wp-json\/wp\/v2\/categories?post=4032"},{"taxonomy":"post_tag","embeddable":true,"href":"https:\/\/vieassociative.be\/actualites\/wp-json\/wp\/v2\/tags?post=4032"}],"curies":[{"name":"wp","href":"https:\/\/api.w.org\/{rel}","templated":true}]}}