{"id":4029,"date":"2025-01-04T07:17:53","date_gmt":"2025-01-04T06:17:53","guid":{"rendered":"https:\/\/vieassociative.be\/actualites\/voici-quels-cancers-sont-lies-a-lalcool-et-dans-quelle-mesure-la-consommation-dalcool-augmente-votre-risque\/"},"modified":"2025-01-04T07:17:53","modified_gmt":"2025-01-04T06:17:53","slug":"voici-quels-cancers-sont-lies-a-lalcool-et-dans-quelle-mesure-la-consommation-dalcool-augmente-votre-risque","status":"publish","type":"post","link":"https:\/\/vieassociative.be\/actualites\/voici-quels-cancers-sont-lies-a-lalcool-et-dans-quelle-mesure-la-consommation-dalcool-augmente-votre-risque\/","title":{"rendered":"Voici quels cancers sont li\u00e9s \u00e0 l&rsquo;alcool et dans quelle mesure la consommation d&rsquo;alcool augmente votre risque"},"content":{"rendered":"<div class=\"mt-4 leading-6 md:mb-8\">Il est rare que des scientifiques affirment ouvertement que quelque chose provoque le cancer, mais nous y sommes.<\/div>\n<p><\/p>\n<p>La plupart des gens ne savent pas que l\u2019alcool contribue au cancer, mais c\u2019est un fait connu des m\u00e9decins et des chercheurs en canc\u00e9rologie depuis des ann\u00e9es. Aujourd&rsquo;hui, le chirurgien g\u00e9n\u00e9ral a publi\u00e9 un rapport contenant des statistiques et des recommandations pour r\u00e9duire le risque de cancer li\u00e9 \u00e0 la consommation d&rsquo;alcool. Voici ce que vous devez savoir. <\/p>\n<h2 id=\"yes-alcohol-is-widely-agreed-to-be-a-cause-of-cancer\">Oui, il est largement admis que l\u2019alcool est une cause de cancer<\/h2>\n<p>Il est rare que des scientifiques affirment clairement que quelque chose \u00ab provoque \u00bb le cancer (au lieu, disons, \u00ab augmente le risque de \u00bb), mais dans le cas de l&rsquo;alcool, vous ne trouverez pas beaucoup de timidit\u00e9 \u00e0 ce sujet. Des mots comme \u00ab cause \u00bb et \u00ab causal \u00bb apparaissent 49 fois dans le nouveau rapport.<\/p>\n<p>Le Centre international de recherche sur le cancer, le m\u00eame groupe qui a qualifi\u00e9 l&rsquo;aspartame de \u00ab possiblement \u00bb canc\u00e9rig\u00e8ne (groupe 2B) et la viande rouge de \u00ab probablement \u00bb canc\u00e9rig\u00e8ne (groupe 2A), a plac\u00e9 les boissons alcoolis\u00e9es dans le groupe 1, les canc\u00e9rog\u00e8nes purs et simples, aux c\u00f4t\u00e9s des cigarettes. et les rayonnements ionisants. Ils d\u00e9clarent : \u00ab La relation entre la consommation d\u2019alcool et le risque de cancer est connue depuis le d\u00e9but du 20e si\u00e8cle. \u00bb<\/p>\n<p>La fiche d&rsquo;information sur l&rsquo;alcool du National Cancer Institute indique qu&rsquo;\u00ab il existe un fort consensus scientifique selon lequel la consommation d&rsquo;alcool peut provoquer plusieurs types de cancer \u00bb. Ils notent que les sous-produits m\u00e9taboliques de l&rsquo;alcool sont eux-m\u00eames canc\u00e9rig\u00e8nes, que l&rsquo;alcool augmente l&rsquo;oxydation, que l&rsquo;alcool peut augmenter les taux sanguins d&rsquo;\u0153strog\u00e8nes, li\u00e9s au cancer du sein, et que l&rsquo;alcool interf\u00e8re avec notre capacit\u00e9 \u00e0 absorber les vitamines et les nutriments qui prot\u00e8gent contre le cancer. <\/p>\n<p>L&rsquo;image compl\u00e8te de <em>exactement<\/em> La mani\u00e8re dont l&rsquo;alcool provoque chaque type de cancer n&rsquo;est pas enti\u00e8rement comprise, mais le lien est suffisamment clair pour que le Surgeon General estime qu&rsquo;il y a 100 000 cas de cancers li\u00e9s \u00e0 l&rsquo;alcool aux \u00c9tats-Unis chaque ann\u00e9e, dont 20 000 d\u00e9c\u00e8s. C&rsquo;est plus que les 13 500 d\u00e9c\u00e8s li\u00e9s \u00e0 l&rsquo;alcool chaque ann\u00e9e. <\/p>\n<h2 id=\"seven-cancers-are-linked-to-alcohol\">Sept cancers sont li\u00e9s \u00e0 l&rsquo;alcool<\/h2>\n<p>Il existe sept types de cancers largement reconnus comme \u00e9tant li\u00e9s \u00e0 l\u2019alcool\u00a0: <\/p>\n<ul>\n<li>\n<p>Sein<\/p>\n<\/li>\n<li>\n<p>Colorectum<\/p>\n<\/li>\n<li>\n<p>\u0152sophage<\/p>\n<\/li>\n<li>\n<p>Foie<\/p>\n<\/li>\n<li>\n<p>Bouche<\/p>\n<\/li>\n<li>\n<p>Gorge<\/p>\n<\/li>\n<li>\n<p>Larynx (bo\u00eete vocale)<\/p>\n<\/li>\n<\/ul>\n<p>Dans le cas du cancer du sein, on estime que plus de 16 % des cancers du sein sont caus\u00e9s par la consommation d\u2019alcool. Pour tous ces cancers, le risque augmente avec la quantit\u00e9 que vous buvez r\u00e9guli\u00e8rement.<\/p>\n<h2 id=\"how-much-alcohol-does-it-take-to-raise-your-risk-of-cancer\">Quelle quantit\u00e9 d\u2019alcool faut-il pour augmenter le risque de cancer ? <\/h2>\n<p>Il n\u2019y a pas de seuil de risque, pas de chiffre pr\u00e9cis auquel on peut dire \u00ab si je bois moins que cela, tout ira bien \u00bb. Cela dit, ce r\u00e9sum\u00e9 des donn\u00e9es probantes de l\u2019Universit\u00e9 de Floride souligne que\u00a0: <\/p>\n<ul>\n<li>\n<p><strong>Boire l\u00e9g\u00e8rement<\/strong> (g\u00e9n\u00e9ralement d\u00e9fini comme un verre par jour, ou un peu plus) augmente le risque de cancer de l&rsquo;\u0153sophage de 160 % et de cancer du sein de 104 %<\/p>\n<\/li>\n<li>\n<p><strong>Consommation mod\u00e9r\u00e9e<\/strong> (g\u00e9n\u00e9ralement d\u00e9fini comme environ deux verres par jour) augmente le risque de cancer de la bouche de 180 %, de cancer de la gorge de 140 %, de cancer colorectal de 120 % et de cancer du sein de 123 %.<\/p>\n<\/li>\n<li>\n<p><strong>Boire beaucoup<\/strong> (g\u00e9n\u00e9ralement d\u00e9fini comme environ 3,5 verres par jour) augmente le risque de cancer de la bouche de 500 %, de cancer de la gorge de 260 %, de cancer de l&rsquo;\u0153sophage de 500 %, de certains types de cancer du foie de 200 %, de cancer colorectal de 150 % et de cancer du sein. de 160 %.<\/p>\n<\/li>\n<\/ul>\n<p>Si vous vous souvenez avoir entendu dire qu\u2019une consommation l\u00e9g\u00e8re d\u2019alcool pourrait \u00eatre bonne pour vous, cela n\u2019est pas n\u00e9cessairement en contradiction avec ces r\u00e9sultats. Des recherches ont montr\u00e9 qu&rsquo;une consommation l\u00e9g\u00e8re d&rsquo;alcool r\u00e9duisait le risque de maladie cardiaque, c&rsquo;est pourquoi elle est incluse dans le r\u00e9gime m\u00e9diterran\u00e9en. Mais rappelez-vous que ce r\u00e9gime \u00e9tait bas\u00e9 sur ce que mangeaient et buvaient les habitants de certaines populations m\u00e9diterran\u00e9ennes et qu\u2019il a \u00e9t\u00e9 adopt\u00e9 sous forme d\u2019accord global, plut\u00f4t que d\u2019habitudes dont nous savons avec certitude qu\u2019elles sont saines. <\/p>\n<p>Le conseil du chirurgien g\u00e9n\u00e9ral et d\u2019autres organismes de sant\u00e9 publique est que si vous buvez d\u00e9j\u00e0, vous voudrez peut-\u00eatre r\u00e9duire votre consommation d\u2019alcool. Et si vous ne buvez pas d\u00e9j\u00e0, vous ne devriez probablement pas commencer. Si vous pensez que vous buvez trop, le CDC dispose d&rsquo;un outil pour \u00e9valuer vos habitudes de consommation d&rsquo;alcool et la Substance Abuse and Mental Health Services Administration dispose d&rsquo;une ligne d&rsquo;assistance t\u00e9l\u00e9phonique pour en savoir plus sur le traitement. <\/p>\n","protected":false},"excerpt":{"rendered":"<p>Il est rare que des scientifiques affirment ouvertement que quelque chose provoque le cancer, mais nous y sommes. La plupart des gens ne savent pas<\/p>\n","protected":false},"author":1,"featured_media":4030,"comment_status":"","ping_status":"","sticky":false,"template":"","format":"standard","meta":{"footnotes":""},"categories":[38],"tags":[2803,4481,4483,4484,166,3533,4482,1412,1411,3384,2800,18,529,8],"class_list":["post-4029","post","type-post","status-publish","format-standard","has-post-thumbnail","hentry","category-sante","tag-augmente","tag-cancers","tag-consommation","tag-dalcool","tag-dans","tag-lalcool","tag-lies","tag-mesure","tag-quelle","tag-quels","tag-risque","tag-sont","tag-voici","tag-votre","generate-columns","tablet-grid-50","mobile-grid-100","grid-parent","grid-33"],"yoast_head":"<!-- This site is optimized with the Yoast SEO plugin v24.0 - https:\/\/yoast.com\/wordpress\/plugins\/seo\/ -->\n<title>Voici quels cancers sont li\u00e9s \u00e0 l&#039;alcool et dans quelle mesure la consommation d&#039;alcool augmente votre risque | Vie Associative<\/title>\n<meta name=\"robots\" content=\"index, follow, max-snippet:-1, max-image-preview:large, max-video-preview:-1\" \/>\n<link rel=\"canonical\" href=\"https:\/\/vieassociative.be\/actualites\/voici-quels-cancers-sont-lies-a-lalcool-et-dans-quelle-mesure-la-consommation-dalcool-augmente-votre-risque\/\" \/>\n<meta property=\"og:locale\" content=\"fr_FR\" \/>\n<meta property=\"og:type\" content=\"article\" \/>\n<meta property=\"og:title\" content=\"Voici quels cancers sont li\u00e9s \u00e0 l&#039;alcool et dans quelle mesure la consommation d&#039;alcool augmente votre risque | Vie Associative\" \/>\n<meta property=\"og:description\" content=\"Il est rare que des scientifiques affirment ouvertement que quelque chose provoque le cancer, mais nous y sommes. La plupart des gens ne savent pas\" \/>\n<meta property=\"og:url\" content=\"https:\/\/vieassociative.be\/actualites\/voici-quels-cancers-sont-lies-a-lalcool-et-dans-quelle-mesure-la-consommation-dalcool-augmente-votre-risque\/\" \/>\n<meta property=\"og:site_name\" content=\"Vie Associative\" \/>\n<meta property=\"article:published_time\" content=\"2025-01-04T06:17:53+00:00\" \/>\n<meta property=\"og:image\" content=\"https:\/\/vieassociative.be\/actualites\/wp-content\/uploads\/2024\/09\/header_backgroundk-01-e1726694325946.png\" \/>\n\t<meta property=\"og:image:width\" content=\"279\" \/>\n\t<meta property=\"og:image:height\" content=\"92\" \/>\n\t<meta property=\"og:image:type\" content=\"image\/png\" \/>\n<meta name=\"author\" content=\"Julien\" \/>\n<meta name=\"twitter:card\" content=\"summary_large_image\" \/>\n<meta name=\"twitter:label1\" content=\"\u00c9crit par\" \/>\n\t<meta name=\"twitter:data1\" content=\"Julien\" \/>\n\t<meta name=\"twitter:label2\" content=\"Dur\u00e9e de lecture est.\" \/>\n\t<meta name=\"twitter:data2\" content=\"4 minutes\" \/>\n<script type=\"application\/ld+json\" class=\"yoast-schema-graph\">{\"@context\":\"https:\/\/schema.org\",\"@graph\":[{\"@type\":\"Article\",\"@id\":\"https:\/\/vieassociative.be\/actualites\/voici-quels-cancers-sont-lies-a-lalcool-et-dans-quelle-mesure-la-consommation-dalcool-augmente-votre-risque\/#article\",\"isPartOf\":{\"@id\":\"https:\/\/vieassociative.be\/actualites\/voici-quels-cancers-sont-lies-a-lalcool-et-dans-quelle-mesure-la-consommation-dalcool-augmente-votre-risque\/\"},\"author\":{\"name\":\"Julien\",\"@id\":\"https:\/\/vieassociative.be\/actualites\/#\/schema\/person\/b87ac4f82f9d4e7b7cec7395b679edc4\"},\"headline\":\"Voici quels cancers sont li\u00e9s \u00e0 l&rsquo;alcool et dans quelle mesure la consommation d&rsquo;alcool augmente votre risque\",\"datePublished\":\"2025-01-04T06:17:53+00:00\",\"dateModified\":\"2025-01-04T06:17:53+00:00\",\"mainEntityOfPage\":{\"@id\":\"https:\/\/vieassociative.be\/actualites\/voici-quels-cancers-sont-lies-a-lalcool-et-dans-quelle-mesure-la-consommation-dalcool-augmente-votre-risque\/\"},\"wordCount\":864,\"publisher\":{\"@id\":\"https:\/\/vieassociative.be\/actualites\/#organization\"},\"image\":{\"@id\":\"https:\/\/vieassociative.be\/actualites\/voici-quels-cancers-sont-lies-a-lalcool-et-dans-quelle-mesure-la-consommation-dalcool-augmente-votre-risque\/#primaryimage\"},\"thumbnailUrl\":\"https:\/\/vieassociative.be\/actualites\/wp-content\/uploads\/2025\/01\/Voici-quels-cancers-sont-lies-a-lalcool-et-dans-quelle.jpg\",\"keywords\":[\"augmente\",\"cancers\",\"consommation\",\"dalcool\",\"dans\",\"lalcool\",\"li\u00e9s\",\"mesure\",\"quelle\",\"quels\",\"risque\",\"sont\",\"Voici\",\"votre\"],\"articleSection\":[\"Sant\u00e9\"],\"inLanguage\":\"fr-BE\"},{\"@type\":\"WebPage\",\"@id\":\"https:\/\/vieassociative.be\/actualites\/voici-quels-cancers-sont-lies-a-lalcool-et-dans-quelle-mesure-la-consommation-dalcool-augmente-votre-risque\/\",\"url\":\"https:\/\/vieassociative.be\/actualites\/voici-quels-cancers-sont-lies-a-lalcool-et-dans-quelle-mesure-la-consommation-dalcool-augmente-votre-risque\/\",\"name\":\"Voici quels cancers sont li\u00e9s \u00e0 l'alcool et dans quelle mesure la consommation d'alcool augmente votre risque | Vie Associative\",\"isPartOf\":{\"@id\":\"https:\/\/vieassociative.be\/actualites\/#website\"},\"primaryImageOfPage\":{\"@id\":\"https:\/\/vieassociative.be\/actualites\/voici-quels-cancers-sont-lies-a-lalcool-et-dans-quelle-mesure-la-consommation-dalcool-augmente-votre-risque\/#primaryimage\"},\"image\":{\"@id\":\"https:\/\/vieassociative.be\/actualites\/voici-quels-cancers-sont-lies-a-lalcool-et-dans-quelle-mesure-la-consommation-dalcool-augmente-votre-risque\/#primaryimage\"},\"thumbnailUrl\":\"https:\/\/vieassociative.be\/actualites\/wp-content\/uploads\/2025\/01\/Voici-quels-cancers-sont-lies-a-lalcool-et-dans-quelle.jpg\",\"datePublished\":\"2025-01-04T06:17:53+00:00\",\"dateModified\":\"2025-01-04T06:17:53+00:00\",\"breadcrumb\":{\"@id\":\"https:\/\/vieassociative.be\/actualites\/voici-quels-cancers-sont-lies-a-lalcool-et-dans-quelle-mesure-la-consommation-dalcool-augmente-votre-risque\/#breadcrumb\"},\"inLanguage\":\"fr-BE\",\"potentialAction\":[{\"@type\":\"ReadAction\",\"target\":[\"https:\/\/vieassociative.be\/actualites\/voici-quels-cancers-sont-lies-a-lalcool-et-dans-quelle-mesure-la-consommation-dalcool-augmente-votre-risque\/\"]}]},{\"@type\":\"ImageObject\",\"inLanguage\":\"fr-BE\",\"@id\":\"https:\/\/vieassociative.be\/actualites\/voici-quels-cancers-sont-lies-a-lalcool-et-dans-quelle-mesure-la-consommation-dalcool-augmente-votre-risque\/#primaryimage\",\"url\":\"https:\/\/vieassociative.be\/actualites\/wp-content\/uploads\/2025\/01\/Voici-quels-cancers-sont-lies-a-lalcool-et-dans-quelle.jpg\",\"contentUrl\":\"https:\/\/vieassociative.be\/actualites\/wp-content\/uploads\/2025\/01\/Voici-quels-cancers-sont-lies-a-lalcool-et-dans-quelle.jpg\",\"width\":1200,\"height\":675,\"caption\":\"Voici quels cancers sont li\u00e9s \u00e0 l'alcool et dans quelle mesure la consommation d'alcool augmente votre risque\"},{\"@type\":\"BreadcrumbList\",\"@id\":\"https:\/\/vieassociative.be\/actualites\/voici-quels-cancers-sont-lies-a-lalcool-et-dans-quelle-mesure-la-consommation-dalcool-augmente-votre-risque\/#breadcrumb\",\"itemListElement\":[{\"@type\":\"ListItem\",\"position\":1,\"name\":\"Accueil\",\"item\":\"https:\/\/vieassociative.be\/actualites\/\"},{\"@type\":\"ListItem\",\"position\":2,\"name\":\"Voici quels cancers sont li\u00e9s \u00e0 l&rsquo;alcool et dans quelle mesure la consommation d&rsquo;alcool augmente votre risque\"}]},{\"@type\":\"WebSite\",\"@id\":\"https:\/\/vieassociative.be\/actualites\/#website\",\"url\":\"https:\/\/vieassociative.be\/actualites\/\",\"name\":\"Vie Associative\",\"description\":\"\",\"publisher\":{\"@id\":\"https:\/\/vieassociative.be\/actualites\/#organization\"},\"potentialAction\":[{\"@type\":\"SearchAction\",\"target\":{\"@type\":\"EntryPoint\",\"urlTemplate\":\"https:\/\/vieassociative.be\/actualites\/?s={search_term_string}\"},\"query-input\":{\"@type\":\"PropertyValueSpecification\",\"valueRequired\":true,\"valueName\":\"search_term_string\"}}],\"inLanguage\":\"fr-BE\"},{\"@type\":\"Organization\",\"@id\":\"https:\/\/vieassociative.be\/actualites\/#organization\",\"name\":\"Vie Associative\",\"url\":\"https:\/\/vieassociative.be\/actualites\/\",\"logo\":{\"@type\":\"ImageObject\",\"inLanguage\":\"fr-BE\",\"@id\":\"https:\/\/vieassociative.be\/actualites\/#\/schema\/logo\/image\/\",\"url\":\"https:\/\/vieassociative.be\/actualites\/wp-content\/uploads\/2024\/09\/cropped-vieassociative_favicon.ico.png\",\"contentUrl\":\"https:\/\/vieassociative.be\/actualites\/wp-content\/uploads\/2024\/09\/cropped-vieassociative_favicon.ico.png\",\"width\":512,\"height\":512,\"caption\":\"Vie Associative\"},\"image\":{\"@id\":\"https:\/\/vieassociative.be\/actualites\/#\/schema\/logo\/image\/\"}},{\"@type\":\"Person\",\"@id\":\"https:\/\/vieassociative.be\/actualites\/#\/schema\/person\/b87ac4f82f9d4e7b7cec7395b679edc4\",\"name\":\"Julien\",\"image\":{\"@type\":\"ImageObject\",\"inLanguage\":\"fr-BE\",\"@id\":\"https:\/\/vieassociative.be\/actualites\/#\/schema\/person\/image\/\",\"url\":\"https:\/\/vieassociative.be\/actualites\/wp-content\/uploads\/2024\/09\/vie-associative-1-150x150.jpg\",\"contentUrl\":\"https:\/\/vieassociative.be\/actualites\/wp-content\/uploads\/2024\/09\/vie-associative-1-150x150.jpg\",\"caption\":\"Julien\"},\"description\":\"Je suis Julien, r\u00e9dacteur pour Vie Associative. Passionn\u00e9 par le monde associatif depuis plus de 10 ans, j'ai \u00e0 c\u0153ur de partager des histoires inspirantes et de mettre en lumi\u00e8re les initiatives locales. Mon objectif est de sensibiliser et d'encourager l'engagement communautaire \u00e0 travers mes articles.\",\"sameAs\":[\"https:\/\/vieassociative.be\/\"]}]}<\/script>\n<!-- \/ Yoast SEO plugin. -->","yoast_head_json":{"title":"Voici quels cancers sont li\u00e9s \u00e0 l'alcool et dans quelle mesure la consommation d'alcool augmente votre risque | Vie Associative","robots":{"index":"index","follow":"follow","max-snippet":"max-snippet:-1","max-image-preview":"max-image-preview:large","max-video-preview":"max-video-preview:-1"},"canonical":"https:\/\/vieassociative.be\/actualites\/voici-quels-cancers-sont-lies-a-lalcool-et-dans-quelle-mesure-la-consommation-dalcool-augmente-votre-risque\/","og_locale":"fr_FR","og_type":"article","og_title":"Voici quels cancers sont li\u00e9s \u00e0 l'alcool et dans quelle mesure la consommation d'alcool augmente votre risque | Vie Associative","og_description":"Il est rare que des scientifiques affirment ouvertement que quelque chose provoque le cancer, mais nous y sommes. La plupart des gens ne savent pas","og_url":"https:\/\/vieassociative.be\/actualites\/voici-quels-cancers-sont-lies-a-lalcool-et-dans-quelle-mesure-la-consommation-dalcool-augmente-votre-risque\/","og_site_name":"Vie Associative","article_published_time":"2025-01-04T06:17:53+00:00","og_image":[{"width":279,"height":92,"url":"https:\/\/vieassociative.be\/actualites\/wp-content\/uploads\/2024\/09\/header_backgroundk-01-e1726694325946.png","type":"image\/png"}],"author":"Julien","twitter_card":"summary_large_image","twitter_misc":{"\u00c9crit par":"Julien","Dur\u00e9e de lecture est.":"4 minutes"},"schema":{"@context":"https:\/\/schema.org","@graph":[{"@type":"Article","@id":"https:\/\/vieassociative.be\/actualites\/voici-quels-cancers-sont-lies-a-lalcool-et-dans-quelle-mesure-la-consommation-dalcool-augmente-votre-risque\/#article","isPartOf":{"@id":"https:\/\/vieassociative.be\/actualites\/voici-quels-cancers-sont-lies-a-lalcool-et-dans-quelle-mesure-la-consommation-dalcool-augmente-votre-risque\/"},"author":{"name":"Julien","@id":"https:\/\/vieassociative.be\/actualites\/#\/schema\/person\/b87ac4f82f9d4e7b7cec7395b679edc4"},"headline":"Voici quels cancers sont li\u00e9s \u00e0 l&rsquo;alcool et dans quelle mesure la consommation d&rsquo;alcool augmente votre risque","datePublished":"2025-01-04T06:17:53+00:00","dateModified":"2025-01-04T06:17:53+00:00","mainEntityOfPage":{"@id":"https:\/\/vieassociative.be\/actualites\/voici-quels-cancers-sont-lies-a-lalcool-et-dans-quelle-mesure-la-consommation-dalcool-augmente-votre-risque\/"},"wordCount":864,"publisher":{"@id":"https:\/\/vieassociative.be\/actualites\/#organization"},"image":{"@id":"https:\/\/vieassociative.be\/actualites\/voici-quels-cancers-sont-lies-a-lalcool-et-dans-quelle-mesure-la-consommation-dalcool-augmente-votre-risque\/#primaryimage"},"thumbnailUrl":"https:\/\/vieassociative.be\/actualites\/wp-content\/uploads\/2025\/01\/Voici-quels-cancers-sont-lies-a-lalcool-et-dans-quelle.jpg","keywords":["augmente","cancers","consommation","dalcool","dans","lalcool","li\u00e9s","mesure","quelle","quels","risque","sont","Voici","votre"],"articleSection":["Sant\u00e9"],"inLanguage":"fr-BE"},{"@type":"WebPage","@id":"https:\/\/vieassociative.be\/actualites\/voici-quels-cancers-sont-lies-a-lalcool-et-dans-quelle-mesure-la-consommation-dalcool-augmente-votre-risque\/","url":"https:\/\/vieassociative.be\/actualites\/voici-quels-cancers-sont-lies-a-lalcool-et-dans-quelle-mesure-la-consommation-dalcool-augmente-votre-risque\/","name":"Voici quels cancers sont li\u00e9s \u00e0 l'alcool et dans quelle mesure la consommation d'alcool augmente votre risque | Vie Associative","isPartOf":{"@id":"https:\/\/vieassociative.be\/actualites\/#website"},"primaryImageOfPage":{"@id":"https:\/\/vieassociative.be\/actualites\/voici-quels-cancers-sont-lies-a-lalcool-et-dans-quelle-mesure-la-consommation-dalcool-augmente-votre-risque\/#primaryimage"},"image":{"@id":"https:\/\/vieassociative.be\/actualites\/voici-quels-cancers-sont-lies-a-lalcool-et-dans-quelle-mesure-la-consommation-dalcool-augmente-votre-risque\/#primaryimage"},"thumbnailUrl":"https:\/\/vieassociative.be\/actualites\/wp-content\/uploads\/2025\/01\/Voici-quels-cancers-sont-lies-a-lalcool-et-dans-quelle.jpg","datePublished":"2025-01-04T06:17:53+00:00","dateModified":"2025-01-04T06:17:53+00:00","breadcrumb":{"@id":"https:\/\/vieassociative.be\/actualites\/voici-quels-cancers-sont-lies-a-lalcool-et-dans-quelle-mesure-la-consommation-dalcool-augmente-votre-risque\/#breadcrumb"},"inLanguage":"fr-BE","potentialAction":[{"@type":"ReadAction","target":["https:\/\/vieassociative.be\/actualites\/voici-quels-cancers-sont-lies-a-lalcool-et-dans-quelle-mesure-la-consommation-dalcool-augmente-votre-risque\/"]}]},{"@type":"ImageObject","inLanguage":"fr-BE","@id":"https:\/\/vieassociative.be\/actualites\/voici-quels-cancers-sont-lies-a-lalcool-et-dans-quelle-mesure-la-consommation-dalcool-augmente-votre-risque\/#primaryimage","url":"https:\/\/vieassociative.be\/actualites\/wp-content\/uploads\/2025\/01\/Voici-quels-cancers-sont-lies-a-lalcool-et-dans-quelle.jpg","contentUrl":"https:\/\/vieassociative.be\/actualites\/wp-content\/uploads\/2025\/01\/Voici-quels-cancers-sont-lies-a-lalcool-et-dans-quelle.jpg","width":1200,"height":675,"caption":"Voici quels cancers sont li\u00e9s \u00e0 l'alcool et dans quelle mesure la consommation d'alcool augmente votre risque"},{"@type":"BreadcrumbList","@id":"https:\/\/vieassociative.be\/actualites\/voici-quels-cancers-sont-lies-a-lalcool-et-dans-quelle-mesure-la-consommation-dalcool-augmente-votre-risque\/#breadcrumb","itemListElement":[{"@type":"ListItem","position":1,"name":"Accueil","item":"https:\/\/vieassociative.be\/actualites\/"},{"@type":"ListItem","position":2,"name":"Voici quels cancers sont li\u00e9s \u00e0 l&rsquo;alcool et dans quelle mesure la consommation d&rsquo;alcool augmente votre risque"}]},{"@type":"WebSite","@id":"https:\/\/vieassociative.be\/actualites\/#website","url":"https:\/\/vieassociative.be\/actualites\/","name":"Vie Associative","description":"","publisher":{"@id":"https:\/\/vieassociative.be\/actualites\/#organization"},"potentialAction":[{"@type":"SearchAction","target":{"@type":"EntryPoint","urlTemplate":"https:\/\/vieassociative.be\/actualites\/?s={search_term_string}"},"query-input":{"@type":"PropertyValueSpecification","valueRequired":true,"valueName":"search_term_string"}}],"inLanguage":"fr-BE"},{"@type":"Organization","@id":"https:\/\/vieassociative.be\/actualites\/#organization","name":"Vie Associative","url":"https:\/\/vieassociative.be\/actualites\/","logo":{"@type":"ImageObject","inLanguage":"fr-BE","@id":"https:\/\/vieassociative.be\/actualites\/#\/schema\/logo\/image\/","url":"https:\/\/vieassociative.be\/actualites\/wp-content\/uploads\/2024\/09\/cropped-vieassociative_favicon.ico.png","contentUrl":"https:\/\/vieassociative.be\/actualites\/wp-content\/uploads\/2024\/09\/cropped-vieassociative_favicon.ico.png","width":512,"height":512,"caption":"Vie Associative"},"image":{"@id":"https:\/\/vieassociative.be\/actualites\/#\/schema\/logo\/image\/"}},{"@type":"Person","@id":"https:\/\/vieassociative.be\/actualites\/#\/schema\/person\/b87ac4f82f9d4e7b7cec7395b679edc4","name":"Julien","image":{"@type":"ImageObject","inLanguage":"fr-BE","@id":"https:\/\/vieassociative.be\/actualites\/#\/schema\/person\/image\/","url":"https:\/\/vieassociative.be\/actualites\/wp-content\/uploads\/2024\/09\/vie-associative-1-150x150.jpg","contentUrl":"https:\/\/vieassociative.be\/actualites\/wp-content\/uploads\/2024\/09\/vie-associative-1-150x150.jpg","caption":"Julien"},"description":"Je suis Julien, r\u00e9dacteur pour Vie Associative. Passionn\u00e9 par le monde associatif depuis plus de 10 ans, j'ai \u00e0 c\u0153ur de partager des histoires inspirantes et de mettre en lumi\u00e8re les initiatives locales. Mon objectif est de sensibiliser et d'encourager l'engagement communautaire \u00e0 travers mes articles.","sameAs":["https:\/\/vieassociative.be\/"]}]}},"_links":{"self":[{"href":"https:\/\/vieassociative.be\/actualites\/wp-json\/wp\/v2\/posts\/4029"}],"collection":[{"href":"https:\/\/vieassociative.be\/actualites\/wp-json\/wp\/v2\/posts"}],"about":[{"href":"https:\/\/vieassociative.be\/actualites\/wp-json\/wp\/v2\/types\/post"}],"author":[{"embeddable":true,"href":"https:\/\/vieassociative.be\/actualites\/wp-json\/wp\/v2\/users\/1"}],"replies":[{"embeddable":true,"href":"https:\/\/vieassociative.be\/actualites\/wp-json\/wp\/v2\/comments?post=4029"}],"version-history":[{"count":0,"href":"https:\/\/vieassociative.be\/actualites\/wp-json\/wp\/v2\/posts\/4029\/revisions"}],"wp:featuredmedia":[{"embeddable":true,"href":"https:\/\/vieassociative.be\/actualites\/wp-json\/wp\/v2\/media\/4030"}],"wp:attachment":[{"href":"https:\/\/vieassociative.be\/actualites\/wp-json\/wp\/v2\/media?parent=4029"}],"wp:term":[{"taxonomy":"category","embeddable":true,"href":"https:\/\/vieassociative.be\/actualites\/wp-json\/wp\/v2\/categories?post=4029"},{"taxonomy":"post_tag","embeddable":true,"href":"https:\/\/vieassociative.be\/actualites\/wp-json\/wp\/v2\/tags?post=4029"}],"curies":[{"name":"wp","href":"https:\/\/api.w.org\/{rel}","templated":true}]}}