{"id":4027,"date":"2025-01-04T06:17:34","date_gmt":"2025-01-04T05:17:34","guid":{"rendered":"https:\/\/vieassociative.be\/actualites\/ce-que-vous-devriez-dire-aux-enfants-au-lieu-de-bon-travail\/"},"modified":"2025-01-04T06:17:34","modified_gmt":"2025-01-04T05:17:34","slug":"ce-que-vous-devriez-dire-aux-enfants-au-lieu-de-bon-travail","status":"publish","type":"post","link":"https:\/\/vieassociative.be\/actualites\/ce-que-vous-devriez-dire-aux-enfants-au-lieu-de-bon-travail\/","title":{"rendered":"Ce que vous devriez dire aux enfants au lieu de \u00ab bon travail \u00bb"},"content":{"rendered":"<div class=\"mt-4 leading-6 md:mb-8\">Les \u00e9loges vides de sens sont termin\u00e9s. Voici comment poser des questions et f\u00e9liciter vos efforts.<\/div>\n<p><\/p>\n<p>Nous l&rsquo;avons tous dit. Lorsque notre enfant escalade une paroi rocheuse pour la premi\u00e8re fois, fait la roue ou rapporte \u00e0 la maison des \u0153uvres d&rsquo;art peu recommandables, il est presque instinctif de lancer un \u00ab Bon travail ! \u00bb enthousiaste ! Et m\u00eame s\u2019il semble que nous fassions la bonne chose \u2013 en offrant des encouragements et du renforcement positif \u2013 les experts en parentalit\u00e9 pr\u00e9viennent qu\u2019avec le temps, une litanie de commentaires impulsive et non sp\u00e9cifique \u00ab bon travail \u00bb peut faire plus de mal que de bien.<\/p>\n<p>L&rsquo;auteur et conf\u00e9rencier parental Alfie Kohn d\u00e9clare\u00a0: <\/p>\n<blockquote>\n<p>Plut\u00f4t que de renforcer l&rsquo;estime de soi d&rsquo;un enfant, les compliments peuvent accro\u00eetre sa d\u00e9pendance \u00e0 notre \u00e9gard. Plus nous disons : \u00ab J\u2019aime la fa\u00e7on dont tu\u2026 \u00bb. ou \u00abBien ______ing\u00bb, plus les enfants comptent sur <\/p>\n<p>notre<\/p>\n<p>  \u00e9valuations, <\/p>\n<p>notre<\/p>\n<p>  prendre des d\u00e9cisions sur ce qui est bon ou mauvais, plut\u00f4t que d&rsquo;apprendre \u00e0 former leur propre jugement. Cela les am\u00e8ne \u00e0 mesurer leur valeur en fonction de ce qui les m\u00e8nera <\/p>\n<p>nous<\/p>\n<p>  pour sourire et distribuer encore plus d&rsquo;approbation.<\/p>\n<\/blockquote>\n<p>Kohn souligne que cette expression, bien que bien intentionn\u00e9e, peut involontairement \u00eatre utilis\u00e9e pour contr\u00f4ler le comportement de nos enfants, exploiter leur d\u00e9sir d&rsquo;approbation et \u00e9ventuellement contribuer \u00e0 cr\u00e9er des accros aux \u00e9loges qui accomplissent des t\u00e2ches uniquement pour obtenir des distinctions. \u00c0 long terme, cette d\u00e9pendance \u00e0 l\u2019\u00e9gard de la motivation et de l\u2019approbation externes peut diluer leur joie et leur faire perdre tout int\u00e9r\u00eat pour les activit\u00e9s qu\u2019ils appr\u00e9ciaient auparavant.<\/p>\n<p>Mary Budd Rowe, chercheuse \u00e0 l&rsquo;Universit\u00e9 de Floride, a \u00e9galement constat\u00e9 que les \u00e9tudiants qui recevaient de nombreux \u00e9loges de la part de leurs professeurs r\u00e9agissaient avec plus de prudence et pr\u00e9sentaient leurs r\u00e9ponses sur un ton interrogateur. Craignant l\u2019\u00e9chec, ils ne partageaient pas leurs id\u00e9es et ne persistaient pas aussi facilement dans des t\u00e2ches difficiles.<\/p>\n<p>Kohn conclut : \u00ab En bref, \u00ab\u00a0Bon travail\u00a0!\u00a0\u00bb ne rassure pas les enfants ; en fin de compte, cela les rend moins en s\u00e9curit\u00e9. Alors que dire \u00e0 la place ? Voici quelques alternatives.<\/p>\n<h2 id=\"describe-what-you-see\">D\u00e9crivez ce que vous voyez<\/h2>\n<p>M\u00eame si cela peut sembler g\u00eanant au d\u00e9but (nous sommes tellement habitu\u00e9s \u00e0 faire des \u00e9loges, apr\u00e8s tout), essayez une d\u00e9claration simple, sans aucune \u00e9valuation ou jugement. Des phrases telles que \u00ab\u00a0Vous vous \u00eates bross\u00e9 les dents tout seul\u00a0!\u00a0\u00bb ou \u00ab\u00a0Vous l&rsquo;avez fait!\u00a0\u00bb faites savoir \u00e0 votre enfant que vous avez remarqu\u00e9 sa r\u00e9ussite et invitez-le \u00e0 en \u00eatre fier. <\/p>\n<h2 id=\"state-the-features-of-their-work\">Pr\u00e9senter les caract\u00e9ristiques de leur travail<\/h2>\n<p>Lorsqu&rsquo;un enfant vous montre son art, commentez les couleurs qu&rsquo;il a utilis\u00e9es ou les caract\u00e9ristiques dominantes. \u00ab\u00a0Ce soleil porte des lunettes de soleil !\u00a0\u00bb ou \u00ab\u00a0Wow, je vois que tu as utilis\u00e9 beaucoup de bleu aujourd&rsquo;hui.\u00a0\u00bb<\/p>\n<h2 id=\"ask-questions\">Posez des questions<\/h2>\n<p>Tandis qu\u2019un v\u00e9ritable \u00ab J\u2019adore \u00e7a ! C&rsquo;est tellement beau \u00bb, cela ne va certainement pas effrayer nos enfants \u00e0 vie, il est \u00e9galement b\u00e9n\u00e9fique d&rsquo;incorporer des questions. \u00ab\u00a0Quelle a \u00e9t\u00e9 la partie la plus difficile dans la r\u00e9alisation de cette structure Lego\u00a0?\u00a0\u00bb ou \u00ab\u00a0Comment avez-vous choisi cette couleur pour la maison?\u00a0\u00bb <\/p>\n<h2 id=\"praise-effort-not-results\">Louez les efforts, pas les r\u00e9sultats<\/h2>\n<p>Louer les r\u00e9sultats peut amener un enfant \u00e0 croire que la seule chose qui compte est le r\u00e9sultat de son travail. Cependant, la reconnaissance de leurs efforts conduit \u00e0 ce que la psychologue de Stanford, Carol Dweck, appelle une \u00ab mentalit\u00e9 de croissance \u00bb\u00a0; la conviction que la pers\u00e9v\u00e9rance et la pratique leur permettront de faire des choses difficiles. Des observations telles que \u00ab Vous \u00eates vraiment concentr\u00e9 \u00bb ou \u00ab Vous avez couru si fort pour marquer ce but \u00bb rel\u00e8vent toutes deux de cette cat\u00e9gorie.  <\/p>\n<h2 id=\"point-out-their-effect-on-other-people\">Soulignez leur effet sur les autres<\/h2>\n<p>Si votre enfant fait quelque chose de bienveillant envers une autre personne, plut\u00f4t que de souligner \u00e0 quel point <em>nous<\/em> ressentent cela (\u00ab Je suis si heureuse que tu aies fait \u00e7a \u00bb), portent leur attention sur l&rsquo;effet que leur acte de bienveillance a eu sur quelqu&rsquo;un d&rsquo;autre. \u00ab\u00a0Wow, Max a l&rsquo;air si heureux que tu aies partag\u00e9 avec lui!\u00a0\u00bb Cela les am\u00e8ne \u00e0 remarquer et \u00e0 appr\u00e9cier l\u2019impact positif de leurs actions sur les autres. <\/p>\n<h2 id=\"a-short-list-of-additional-phrases\">Une courte liste de phrases suppl\u00e9mentaires\u00a0:<\/h2>\n<ul>\n<li>\n<p>Vous avez travaill\u00e9 si dur l\u00e0-dessus.<\/p>\n<\/li>\n<li>\n<p>Tu deviens vraiment bon dans&#8230; (tenant ton crayon)<\/p>\n<\/li>\n<li>\n<p>C&rsquo;est tellement cr\u00e9atif \/ Cela a demand\u00e9 beaucoup d&rsquo;imagination.<\/p>\n<\/li>\n<li>\n<p>J&rsquo;ai remarqu\u00e9 que ton lit \u00e9tait si bien fait aujourd&rsquo;hui.<\/p>\n<\/li>\n<li>\n<p>Vous avez l&rsquo;air excit\u00e9\u00a0!<\/p>\n<\/li>\n<li>\n<p>Quelle est votre partie pr\u00e9f\u00e9r\u00e9e de ce que vous avez fait ? <\/p>\n<\/li>\n<li>\n<p>Merci d&rsquo;avoir \u00e9t\u00e9 si patient.<\/p>\n<\/li>\n<li>\n<p>C&rsquo;\u00e9tait tr\u00e8s r\u00e9fl\u00e9chi\/courageux.<\/p>\n<\/li>\n<li>\n<p>Cela a demand\u00e9 beaucoup de force.<\/p>\n<\/li>\n<li>\n<p>Je vois que vous essayez vraiment de faire un bon choix.<\/p>\n<\/li>\n<li>\n<p>Vous avez consacr\u00e9 tellement d\u2019efforts \u00e0 cela.<\/p>\n<\/li>\n<li>\n<p>Je n&rsquo;aurais pas pu faire \u00e7a sans toi.<\/p>\n<\/li>\n<li>\n<p>Vous avez fait \u00e7a tout seul\u00a0!<\/p>\n<\/li>\n<\/ul>\n<p>Bien entendu, il est important de garder \u00e0 l&rsquo;esprit que quelques \u00ab bons emplois \u00bb ne causeront pas de tort permanent \u00e0 nos enfants. Nous n\u2019avons pas non plus besoin d\u2019aborder nos enfants comme des andro\u00efdes sans \u00e9motion. Mais si nous nous concentrons sur leurs efforts, leurs qualit\u00e9s personnelles et faisons des observations non \u00e9valuatives de ce qu\u2019ils font, ils seront peut-\u00eatre mieux \u00e9quip\u00e9s pour se sentir ind\u00e9pendants, en s\u00e9curit\u00e9 et confiants dans leurs talents, qu\u2019ils soient approuv\u00e9s ou non. <\/p>\n<p><\/p>\n","protected":false},"excerpt":{"rendered":"<p>Les \u00e9loges vides de sens sont termin\u00e9s. Voici comment poser des questions et f\u00e9liciter vos efforts. Nous l&rsquo;avons tous dit. Lorsque notre enfant escalade une<\/p>\n","protected":false},"author":1,"featured_media":4028,"comment_status":"","ping_status":"","sticky":false,"template":"","format":"standard","meta":{"footnotes":""},"categories":[37],"tags":[289,1036,636,1074,324,1541,504,4],"class_list":["post-4027","post","type-post","status-publish","format-standard","has-post-thumbnail","hentry","category-famille","tag-aux","tag-bon","tag-devriez","tag-dire","tag-enfants","tag-lieu","tag-travail","tag-vous","generate-columns","tablet-grid-50","mobile-grid-100","grid-parent","grid-33"],"yoast_head":"<!-- This site is optimized with the Yoast SEO plugin v24.0 - https:\/\/yoast.com\/wordpress\/plugins\/seo\/ -->\n<title>Ce que vous devriez dire aux enfants au lieu de \u00ab bon travail \u00bb | Vie Associative<\/title>\n<meta name=\"robots\" content=\"index, follow, max-snippet:-1, max-image-preview:large, max-video-preview:-1\" \/>\n<link rel=\"canonical\" href=\"https:\/\/vieassociative.be\/actualites\/ce-que-vous-devriez-dire-aux-enfants-au-lieu-de-bon-travail\/\" \/>\n<meta property=\"og:locale\" content=\"fr_FR\" \/>\n<meta property=\"og:type\" content=\"article\" \/>\n<meta property=\"og:title\" content=\"Ce que vous devriez dire aux enfants au lieu de \u00ab bon travail \u00bb | Vie Associative\" \/>\n<meta property=\"og:description\" content=\"Les \u00e9loges vides de sens sont termin\u00e9s. Voici comment poser des questions et f\u00e9liciter vos efforts. Nous l&rsquo;avons tous dit. Lorsque notre enfant escalade une\" \/>\n<meta property=\"og:url\" content=\"https:\/\/vieassociative.be\/actualites\/ce-que-vous-devriez-dire-aux-enfants-au-lieu-de-bon-travail\/\" \/>\n<meta property=\"og:site_name\" content=\"Vie Associative\" \/>\n<meta property=\"article:published_time\" content=\"2025-01-04T05:17:34+00:00\" \/>\n<meta property=\"og:image\" content=\"https:\/\/vieassociative.be\/actualites\/wp-content\/uploads\/2024\/09\/header_backgroundk-01-e1726694325946.png\" \/>\n\t<meta property=\"og:image:width\" content=\"279\" \/>\n\t<meta property=\"og:image:height\" content=\"92\" \/>\n\t<meta property=\"og:image:type\" content=\"image\/png\" \/>\n<meta name=\"author\" content=\"Julien\" \/>\n<meta name=\"twitter:card\" content=\"summary_large_image\" \/>\n<meta name=\"twitter:label1\" content=\"\u00c9crit par\" \/>\n\t<meta name=\"twitter:data1\" content=\"Julien\" \/>\n\t<meta name=\"twitter:label2\" content=\"Dur\u00e9e de lecture est.\" \/>\n\t<meta name=\"twitter:data2\" content=\"5 minutes\" \/>\n<script type=\"application\/ld+json\" class=\"yoast-schema-graph\">{\"@context\":\"https:\/\/schema.org\",\"@graph\":[{\"@type\":\"Article\",\"@id\":\"https:\/\/vieassociative.be\/actualites\/ce-que-vous-devriez-dire-aux-enfants-au-lieu-de-bon-travail\/#article\",\"isPartOf\":{\"@id\":\"https:\/\/vieassociative.be\/actualites\/ce-que-vous-devriez-dire-aux-enfants-au-lieu-de-bon-travail\/\"},\"author\":{\"name\":\"Julien\",\"@id\":\"https:\/\/vieassociative.be\/actualites\/#\/schema\/person\/b87ac4f82f9d4e7b7cec7395b679edc4\"},\"headline\":\"Ce que vous devriez dire aux enfants au lieu de \u00ab bon travail \u00bb\",\"datePublished\":\"2025-01-04T05:17:34+00:00\",\"dateModified\":\"2025-01-04T05:17:34+00:00\",\"mainEntityOfPage\":{\"@id\":\"https:\/\/vieassociative.be\/actualites\/ce-que-vous-devriez-dire-aux-enfants-au-lieu-de-bon-travail\/\"},\"wordCount\":952,\"publisher\":{\"@id\":\"https:\/\/vieassociative.be\/actualites\/#organization\"},\"image\":{\"@id\":\"https:\/\/vieassociative.be\/actualites\/ce-que-vous-devriez-dire-aux-enfants-au-lieu-de-bon-travail\/#primaryimage\"},\"thumbnailUrl\":\"https:\/\/vieassociative.be\/actualites\/wp-content\/uploads\/2025\/01\/Ce-que-vous-devriez-dire-aux-enfants-au-lieu-de.jpg\",\"keywords\":[\"aux\",\"bon\",\"devriez\",\"dire\",\"enfants\",\"lieu\",\"travail\",\"Vous\"],\"articleSection\":[\"Famille\"],\"inLanguage\":\"fr-BE\"},{\"@type\":\"WebPage\",\"@id\":\"https:\/\/vieassociative.be\/actualites\/ce-que-vous-devriez-dire-aux-enfants-au-lieu-de-bon-travail\/\",\"url\":\"https:\/\/vieassociative.be\/actualites\/ce-que-vous-devriez-dire-aux-enfants-au-lieu-de-bon-travail\/\",\"name\":\"Ce que vous devriez dire aux enfants au lieu de \u00ab bon travail \u00bb | Vie Associative\",\"isPartOf\":{\"@id\":\"https:\/\/vieassociative.be\/actualites\/#website\"},\"primaryImageOfPage\":{\"@id\":\"https:\/\/vieassociative.be\/actualites\/ce-que-vous-devriez-dire-aux-enfants-au-lieu-de-bon-travail\/#primaryimage\"},\"image\":{\"@id\":\"https:\/\/vieassociative.be\/actualites\/ce-que-vous-devriez-dire-aux-enfants-au-lieu-de-bon-travail\/#primaryimage\"},\"thumbnailUrl\":\"https:\/\/vieassociative.be\/actualites\/wp-content\/uploads\/2025\/01\/Ce-que-vous-devriez-dire-aux-enfants-au-lieu-de.jpg\",\"datePublished\":\"2025-01-04T05:17:34+00:00\",\"dateModified\":\"2025-01-04T05:17:34+00:00\",\"breadcrumb\":{\"@id\":\"https:\/\/vieassociative.be\/actualites\/ce-que-vous-devriez-dire-aux-enfants-au-lieu-de-bon-travail\/#breadcrumb\"},\"inLanguage\":\"fr-BE\",\"potentialAction\":[{\"@type\":\"ReadAction\",\"target\":[\"https:\/\/vieassociative.be\/actualites\/ce-que-vous-devriez-dire-aux-enfants-au-lieu-de-bon-travail\/\"]}]},{\"@type\":\"ImageObject\",\"inLanguage\":\"fr-BE\",\"@id\":\"https:\/\/vieassociative.be\/actualites\/ce-que-vous-devriez-dire-aux-enfants-au-lieu-de-bon-travail\/#primaryimage\",\"url\":\"https:\/\/vieassociative.be\/actualites\/wp-content\/uploads\/2025\/01\/Ce-que-vous-devriez-dire-aux-enfants-au-lieu-de.jpg\",\"contentUrl\":\"https:\/\/vieassociative.be\/actualites\/wp-content\/uploads\/2025\/01\/Ce-que-vous-devriez-dire-aux-enfants-au-lieu-de.jpg\",\"width\":1200,\"height\":675,\"caption\":\"Ce que vous devriez dire aux enfants au lieu de \u00ab bon travail \u00bb\"},{\"@type\":\"BreadcrumbList\",\"@id\":\"https:\/\/vieassociative.be\/actualites\/ce-que-vous-devriez-dire-aux-enfants-au-lieu-de-bon-travail\/#breadcrumb\",\"itemListElement\":[{\"@type\":\"ListItem\",\"position\":1,\"name\":\"Accueil\",\"item\":\"https:\/\/vieassociative.be\/actualites\/\"},{\"@type\":\"ListItem\",\"position\":2,\"name\":\"Ce que vous devriez dire aux enfants au lieu de \u00ab bon travail \u00bb\"}]},{\"@type\":\"WebSite\",\"@id\":\"https:\/\/vieassociative.be\/actualites\/#website\",\"url\":\"https:\/\/vieassociative.be\/actualites\/\",\"name\":\"Vie Associative\",\"description\":\"\",\"publisher\":{\"@id\":\"https:\/\/vieassociative.be\/actualites\/#organization\"},\"potentialAction\":[{\"@type\":\"SearchAction\",\"target\":{\"@type\":\"EntryPoint\",\"urlTemplate\":\"https:\/\/vieassociative.be\/actualites\/?s={search_term_string}\"},\"query-input\":{\"@type\":\"PropertyValueSpecification\",\"valueRequired\":true,\"valueName\":\"search_term_string\"}}],\"inLanguage\":\"fr-BE\"},{\"@type\":\"Organization\",\"@id\":\"https:\/\/vieassociative.be\/actualites\/#organization\",\"name\":\"Vie Associative\",\"url\":\"https:\/\/vieassociative.be\/actualites\/\",\"logo\":{\"@type\":\"ImageObject\",\"inLanguage\":\"fr-BE\",\"@id\":\"https:\/\/vieassociative.be\/actualites\/#\/schema\/logo\/image\/\",\"url\":\"https:\/\/vieassociative.be\/actualites\/wp-content\/uploads\/2024\/09\/cropped-vieassociative_favicon.ico.png\",\"contentUrl\":\"https:\/\/vieassociative.be\/actualites\/wp-content\/uploads\/2024\/09\/cropped-vieassociative_favicon.ico.png\",\"width\":512,\"height\":512,\"caption\":\"Vie Associative\"},\"image\":{\"@id\":\"https:\/\/vieassociative.be\/actualites\/#\/schema\/logo\/image\/\"}},{\"@type\":\"Person\",\"@id\":\"https:\/\/vieassociative.be\/actualites\/#\/schema\/person\/b87ac4f82f9d4e7b7cec7395b679edc4\",\"name\":\"Julien\",\"image\":{\"@type\":\"ImageObject\",\"inLanguage\":\"fr-BE\",\"@id\":\"https:\/\/vieassociative.be\/actualites\/#\/schema\/person\/image\/\",\"url\":\"https:\/\/vieassociative.be\/actualites\/wp-content\/uploads\/2024\/09\/vie-associative-1-150x150.jpg\",\"contentUrl\":\"https:\/\/vieassociative.be\/actualites\/wp-content\/uploads\/2024\/09\/vie-associative-1-150x150.jpg\",\"caption\":\"Julien\"},\"description\":\"Je suis Julien, r\u00e9dacteur pour Vie Associative. Passionn\u00e9 par le monde associatif depuis plus de 10 ans, j'ai \u00e0 c\u0153ur de partager des histoires inspirantes et de mettre en lumi\u00e8re les initiatives locales. Mon objectif est de sensibiliser et d'encourager l'engagement communautaire \u00e0 travers mes articles.\",\"sameAs\":[\"https:\/\/vieassociative.be\/\"]}]}<\/script>\n<!-- \/ Yoast SEO plugin. -->","yoast_head_json":{"title":"Ce que vous devriez dire aux enfants au lieu de \u00ab bon travail \u00bb | Vie Associative","robots":{"index":"index","follow":"follow","max-snippet":"max-snippet:-1","max-image-preview":"max-image-preview:large","max-video-preview":"max-video-preview:-1"},"canonical":"https:\/\/vieassociative.be\/actualites\/ce-que-vous-devriez-dire-aux-enfants-au-lieu-de-bon-travail\/","og_locale":"fr_FR","og_type":"article","og_title":"Ce que vous devriez dire aux enfants au lieu de \u00ab bon travail \u00bb | Vie Associative","og_description":"Les \u00e9loges vides de sens sont termin\u00e9s. Voici comment poser des questions et f\u00e9liciter vos efforts. Nous l&rsquo;avons tous dit. Lorsque notre enfant escalade une","og_url":"https:\/\/vieassociative.be\/actualites\/ce-que-vous-devriez-dire-aux-enfants-au-lieu-de-bon-travail\/","og_site_name":"Vie Associative","article_published_time":"2025-01-04T05:17:34+00:00","og_image":[{"width":279,"height":92,"url":"https:\/\/vieassociative.be\/actualites\/wp-content\/uploads\/2024\/09\/header_backgroundk-01-e1726694325946.png","type":"image\/png"}],"author":"Julien","twitter_card":"summary_large_image","twitter_misc":{"\u00c9crit par":"Julien","Dur\u00e9e de lecture est.":"5 minutes"},"schema":{"@context":"https:\/\/schema.org","@graph":[{"@type":"Article","@id":"https:\/\/vieassociative.be\/actualites\/ce-que-vous-devriez-dire-aux-enfants-au-lieu-de-bon-travail\/#article","isPartOf":{"@id":"https:\/\/vieassociative.be\/actualites\/ce-que-vous-devriez-dire-aux-enfants-au-lieu-de-bon-travail\/"},"author":{"name":"Julien","@id":"https:\/\/vieassociative.be\/actualites\/#\/schema\/person\/b87ac4f82f9d4e7b7cec7395b679edc4"},"headline":"Ce que vous devriez dire aux enfants au lieu de \u00ab bon travail \u00bb","datePublished":"2025-01-04T05:17:34+00:00","dateModified":"2025-01-04T05:17:34+00:00","mainEntityOfPage":{"@id":"https:\/\/vieassociative.be\/actualites\/ce-que-vous-devriez-dire-aux-enfants-au-lieu-de-bon-travail\/"},"wordCount":952,"publisher":{"@id":"https:\/\/vieassociative.be\/actualites\/#organization"},"image":{"@id":"https:\/\/vieassociative.be\/actualites\/ce-que-vous-devriez-dire-aux-enfants-au-lieu-de-bon-travail\/#primaryimage"},"thumbnailUrl":"https:\/\/vieassociative.be\/actualites\/wp-content\/uploads\/2025\/01\/Ce-que-vous-devriez-dire-aux-enfants-au-lieu-de.jpg","keywords":["aux","bon","devriez","dire","enfants","lieu","travail","Vous"],"articleSection":["Famille"],"inLanguage":"fr-BE"},{"@type":"WebPage","@id":"https:\/\/vieassociative.be\/actualites\/ce-que-vous-devriez-dire-aux-enfants-au-lieu-de-bon-travail\/","url":"https:\/\/vieassociative.be\/actualites\/ce-que-vous-devriez-dire-aux-enfants-au-lieu-de-bon-travail\/","name":"Ce que vous devriez dire aux enfants au lieu de \u00ab bon travail \u00bb | Vie Associative","isPartOf":{"@id":"https:\/\/vieassociative.be\/actualites\/#website"},"primaryImageOfPage":{"@id":"https:\/\/vieassociative.be\/actualites\/ce-que-vous-devriez-dire-aux-enfants-au-lieu-de-bon-travail\/#primaryimage"},"image":{"@id":"https:\/\/vieassociative.be\/actualites\/ce-que-vous-devriez-dire-aux-enfants-au-lieu-de-bon-travail\/#primaryimage"},"thumbnailUrl":"https:\/\/vieassociative.be\/actualites\/wp-content\/uploads\/2025\/01\/Ce-que-vous-devriez-dire-aux-enfants-au-lieu-de.jpg","datePublished":"2025-01-04T05:17:34+00:00","dateModified":"2025-01-04T05:17:34+00:00","breadcrumb":{"@id":"https:\/\/vieassociative.be\/actualites\/ce-que-vous-devriez-dire-aux-enfants-au-lieu-de-bon-travail\/#breadcrumb"},"inLanguage":"fr-BE","potentialAction":[{"@type":"ReadAction","target":["https:\/\/vieassociative.be\/actualites\/ce-que-vous-devriez-dire-aux-enfants-au-lieu-de-bon-travail\/"]}]},{"@type":"ImageObject","inLanguage":"fr-BE","@id":"https:\/\/vieassociative.be\/actualites\/ce-que-vous-devriez-dire-aux-enfants-au-lieu-de-bon-travail\/#primaryimage","url":"https:\/\/vieassociative.be\/actualites\/wp-content\/uploads\/2025\/01\/Ce-que-vous-devriez-dire-aux-enfants-au-lieu-de.jpg","contentUrl":"https:\/\/vieassociative.be\/actualites\/wp-content\/uploads\/2025\/01\/Ce-que-vous-devriez-dire-aux-enfants-au-lieu-de.jpg","width":1200,"height":675,"caption":"Ce que vous devriez dire aux enfants au lieu de \u00ab bon travail \u00bb"},{"@type":"BreadcrumbList","@id":"https:\/\/vieassociative.be\/actualites\/ce-que-vous-devriez-dire-aux-enfants-au-lieu-de-bon-travail\/#breadcrumb","itemListElement":[{"@type":"ListItem","position":1,"name":"Accueil","item":"https:\/\/vieassociative.be\/actualites\/"},{"@type":"ListItem","position":2,"name":"Ce que vous devriez dire aux enfants au lieu de \u00ab bon travail \u00bb"}]},{"@type":"WebSite","@id":"https:\/\/vieassociative.be\/actualites\/#website","url":"https:\/\/vieassociative.be\/actualites\/","name":"Vie Associative","description":"","publisher":{"@id":"https:\/\/vieassociative.be\/actualites\/#organization"},"potentialAction":[{"@type":"SearchAction","target":{"@type":"EntryPoint","urlTemplate":"https:\/\/vieassociative.be\/actualites\/?s={search_term_string}"},"query-input":{"@type":"PropertyValueSpecification","valueRequired":true,"valueName":"search_term_string"}}],"inLanguage":"fr-BE"},{"@type":"Organization","@id":"https:\/\/vieassociative.be\/actualites\/#organization","name":"Vie Associative","url":"https:\/\/vieassociative.be\/actualites\/","logo":{"@type":"ImageObject","inLanguage":"fr-BE","@id":"https:\/\/vieassociative.be\/actualites\/#\/schema\/logo\/image\/","url":"https:\/\/vieassociative.be\/actualites\/wp-content\/uploads\/2024\/09\/cropped-vieassociative_favicon.ico.png","contentUrl":"https:\/\/vieassociative.be\/actualites\/wp-content\/uploads\/2024\/09\/cropped-vieassociative_favicon.ico.png","width":512,"height":512,"caption":"Vie Associative"},"image":{"@id":"https:\/\/vieassociative.be\/actualites\/#\/schema\/logo\/image\/"}},{"@type":"Person","@id":"https:\/\/vieassociative.be\/actualites\/#\/schema\/person\/b87ac4f82f9d4e7b7cec7395b679edc4","name":"Julien","image":{"@type":"ImageObject","inLanguage":"fr-BE","@id":"https:\/\/vieassociative.be\/actualites\/#\/schema\/person\/image\/","url":"https:\/\/vieassociative.be\/actualites\/wp-content\/uploads\/2024\/09\/vie-associative-1-150x150.jpg","contentUrl":"https:\/\/vieassociative.be\/actualites\/wp-content\/uploads\/2024\/09\/vie-associative-1-150x150.jpg","caption":"Julien"},"description":"Je suis Julien, r\u00e9dacteur pour Vie Associative. Passionn\u00e9 par le monde associatif depuis plus de 10 ans, j'ai \u00e0 c\u0153ur de partager des histoires inspirantes et de mettre en lumi\u00e8re les initiatives locales. Mon objectif est de sensibiliser et d'encourager l'engagement communautaire \u00e0 travers mes articles.","sameAs":["https:\/\/vieassociative.be\/"]}]}},"_links":{"self":[{"href":"https:\/\/vieassociative.be\/actualites\/wp-json\/wp\/v2\/posts\/4027"}],"collection":[{"href":"https:\/\/vieassociative.be\/actualites\/wp-json\/wp\/v2\/posts"}],"about":[{"href":"https:\/\/vieassociative.be\/actualites\/wp-json\/wp\/v2\/types\/post"}],"author":[{"embeddable":true,"href":"https:\/\/vieassociative.be\/actualites\/wp-json\/wp\/v2\/users\/1"}],"replies":[{"embeddable":true,"href":"https:\/\/vieassociative.be\/actualites\/wp-json\/wp\/v2\/comments?post=4027"}],"version-history":[{"count":0,"href":"https:\/\/vieassociative.be\/actualites\/wp-json\/wp\/v2\/posts\/4027\/revisions"}],"wp:featuredmedia":[{"embeddable":true,"href":"https:\/\/vieassociative.be\/actualites\/wp-json\/wp\/v2\/media\/4028"}],"wp:attachment":[{"href":"https:\/\/vieassociative.be\/actualites\/wp-json\/wp\/v2\/media?parent=4027"}],"wp:term":[{"taxonomy":"category","embeddable":true,"href":"https:\/\/vieassociative.be\/actualites\/wp-json\/wp\/v2\/categories?post=4027"},{"taxonomy":"post_tag","embeddable":true,"href":"https:\/\/vieassociative.be\/actualites\/wp-json\/wp\/v2\/tags?post=4027"}],"curies":[{"name":"wp","href":"https:\/\/api.w.org\/{rel}","templated":true}]}}