{"id":4025,"date":"2025-01-04T03:19:27","date_gmt":"2025-01-04T02:19:27","guid":{"rendered":"https:\/\/vieassociative.be\/actualites\/lhomme-qui-a-tire-avec-une-arme-de-poing-sur-la-klotzerbahn-a-eupen-le-soir-du-nouvel-an-a-ete-identifie\/"},"modified":"2025-01-04T03:19:27","modified_gmt":"2025-01-04T02:19:27","slug":"lhomme-qui-a-tire-avec-une-arme-de-poing-sur-la-klotzerbahn-a-eupen-le-soir-du-nouvel-an-a-ete-identifie","status":"publish","type":"post","link":"https:\/\/vieassociative.be\/actualites\/lhomme-qui-a-tire-avec-une-arme-de-poing-sur-la-klotzerbahn-a-eupen-le-soir-du-nouvel-an-a-ete-identifie\/","title":{"rendered":"L&rsquo;homme qui a tir\u00e9 avec une arme de poing sur la Kl\u00f6tzerbahn \u00e0 Eupen le soir du Nouvel An a \u00e9t\u00e9 identifi\u00e9"},"content":{"rendered":"<p><strong>La zone de police de Weser-G\u00f6hl a diffus\u00e9 vendredi apr\u00e8s-midi des informations d&rsquo;actualit\u00e9 concernant un homme qui a tir\u00e9 \u00e0 plusieurs reprises sur la Kl\u00f6tzerbahn \u00e0 Eupen la veille du Nouvel An.<\/strong><\/p>\n<p><span id=\"more-405278\"><\/span>Une vid\u00e9o circule sur les r\u00e9seaux sociaux montrant un homme tirant plusieurs fois en l&rsquo;air avec une arme de poing \u00e0 Eupen, le soir du Nouvel An. L&rsquo;homme a \u00e9t\u00e9 identifi\u00e9 par la police judiciaire locale de la zone de police de Weser-G\u00f6hl.<\/p>\n<p>Comme le rapporte \u00e9galement la zone de police de Weser-G\u00f6hl, une perquisition a \u00e9t\u00e9 effectu\u00e9e au domicile de l&rsquo;homme et l&rsquo;arme en question a \u00e9t\u00e9 trouv\u00e9e et saisie. Il s&rsquo;agit d&rsquo;un pistolet \u00e0 tir \u00e0 blanc.<\/p>\n<p>Le parquet d&rsquo;Eupen a ouvert une proc\u00e9dure contre l&rsquo;homme.<\/p>\n","protected":false},"excerpt":{"rendered":"<p>La zone de police de Weser-G\u00f6hl a diffus\u00e9 vendredi apr\u00e8s-midi des informations d&rsquo;actualit\u00e9 concernant un homme qui a tir\u00e9 \u00e0 plusieurs reprises sur la Kl\u00f6tzerbahn<\/p>\n","protected":false},"author":1,"featured_media":2282,"comment_status":"","ping_status":"","sticky":false,"template":"","format":"standard","meta":{"footnotes":""},"categories":[298],"tags":[4477,61,217,2329,4480,4479,4475,929,4478,99,1795,33,4476,110],"class_list":["post-4025","post","type-post","status-publish","format-standard","has-post-thumbnail","hentry","category-belgique","tag-arme","tag-avec","tag-ete","tag-eupen","tag-identifie","tag-klotzerbahn","tag-lhomme","tag-nouvel","tag-poing","tag-qui","tag-soir","tag-sur","tag-tire","tag-une","generate-columns","tablet-grid-50","mobile-grid-100","grid-parent","grid-33"],"yoast_head":"<!-- This site is optimized with the Yoast SEO plugin v24.0 - https:\/\/yoast.com\/wordpress\/plugins\/seo\/ -->\n<title>L&#039;homme qui a tir\u00e9 avec une arme de poing sur la Kl\u00f6tzerbahn \u00e0 Eupen le soir du Nouvel An a \u00e9t\u00e9 identifi\u00e9 | Vie Associative<\/title>\n<meta name=\"robots\" content=\"index, follow, max-snippet:-1, max-image-preview:large, max-video-preview:-1\" \/>\n<link rel=\"canonical\" href=\"https:\/\/vieassociative.be\/actualites\/lhomme-qui-a-tire-avec-une-arme-de-poing-sur-la-klotzerbahn-a-eupen-le-soir-du-nouvel-an-a-ete-identifie\/\" \/>\n<meta property=\"og:locale\" content=\"fr_FR\" \/>\n<meta property=\"og:type\" content=\"article\" \/>\n<meta property=\"og:title\" content=\"L&#039;homme qui a tir\u00e9 avec une arme de poing sur la Kl\u00f6tzerbahn \u00e0 Eupen le soir du Nouvel An a \u00e9t\u00e9 identifi\u00e9 | Vie Associative\" \/>\n<meta property=\"og:description\" content=\"La zone de police de Weser-G\u00f6hl a diffus\u00e9 vendredi apr\u00e8s-midi des informations d&rsquo;actualit\u00e9 concernant un homme qui a tir\u00e9 \u00e0 plusieurs reprises sur la Kl\u00f6tzerbahn\" \/>\n<meta property=\"og:url\" content=\"https:\/\/vieassociative.be\/actualites\/lhomme-qui-a-tire-avec-une-arme-de-poing-sur-la-klotzerbahn-a-eupen-le-soir-du-nouvel-an-a-ete-identifie\/\" \/>\n<meta property=\"og:site_name\" content=\"Vie Associative\" \/>\n<meta property=\"article:published_time\" content=\"2025-01-04T02:19:27+00:00\" \/>\n<meta property=\"og:image\" content=\"https:\/\/vieassociative.be\/actualites\/wp-content\/uploads\/2024\/09\/header_backgroundk-01-e1726694325946.png\" \/>\n\t<meta property=\"og:image:width\" content=\"279\" \/>\n\t<meta property=\"og:image:height\" content=\"92\" \/>\n\t<meta property=\"og:image:type\" content=\"image\/png\" \/>\n<meta name=\"author\" content=\"Julien\" \/>\n<meta name=\"twitter:card\" content=\"summary_large_image\" \/>\n<meta name=\"twitter:label1\" content=\"\u00c9crit par\" \/>\n\t<meta name=\"twitter:data1\" content=\"Julien\" \/>\n\t<meta name=\"twitter:label2\" content=\"Dur\u00e9e de lecture est.\" \/>\n\t<meta name=\"twitter:data2\" content=\"1 minute\" \/>\n<script type=\"application\/ld+json\" class=\"yoast-schema-graph\">{\"@context\":\"https:\/\/schema.org\",\"@graph\":[{\"@type\":\"Article\",\"@id\":\"https:\/\/vieassociative.be\/actualites\/lhomme-qui-a-tire-avec-une-arme-de-poing-sur-la-klotzerbahn-a-eupen-le-soir-du-nouvel-an-a-ete-identifie\/#article\",\"isPartOf\":{\"@id\":\"https:\/\/vieassociative.be\/actualites\/lhomme-qui-a-tire-avec-une-arme-de-poing-sur-la-klotzerbahn-a-eupen-le-soir-du-nouvel-an-a-ete-identifie\/\"},\"author\":{\"name\":\"Julien\",\"@id\":\"https:\/\/vieassociative.be\/actualites\/#\/schema\/person\/b87ac4f82f9d4e7b7cec7395b679edc4\"},\"headline\":\"L&rsquo;homme qui a tir\u00e9 avec une arme de poing sur la Kl\u00f6tzerbahn \u00e0 Eupen le soir du Nouvel An a \u00e9t\u00e9 identifi\u00e9\",\"datePublished\":\"2025-01-04T02:19:27+00:00\",\"dateModified\":\"2025-01-04T02:19:27+00:00\",\"mainEntityOfPage\":{\"@id\":\"https:\/\/vieassociative.be\/actualites\/lhomme-qui-a-tire-avec-une-arme-de-poing-sur-la-klotzerbahn-a-eupen-le-soir-du-nouvel-an-a-ete-identifie\/\"},\"wordCount\":157,\"publisher\":{\"@id\":\"https:\/\/vieassociative.be\/actualites\/#organization\"},\"image\":{\"@id\":\"https:\/\/vieassociative.be\/actualites\/lhomme-qui-a-tire-avec-une-arme-de-poing-sur-la-klotzerbahn-a-eupen-le-soir-du-nouvel-an-a-ete-identifie\/#primaryimage\"},\"thumbnailUrl\":\"https:\/\/vieassociative.be\/actualites\/wp-content\/uploads\/2024\/11\/Berloz-Un-enfant-de-quatre-ans-retrouve-mort-la.jpg\",\"keywords\":[\"arme\",\"avec\",\"\u00e9t\u00e9\",\"Eupen\",\"identifi\u00e9\",\"Kl\u00f6tzerbahn\",\"Lhomme\",\"nouvel\",\"poing\",\"qui\",\"soir\",\"sur\",\"tir\u00e9\",\"une\"],\"articleSection\":[\"Belgique\"],\"inLanguage\":\"fr-BE\"},{\"@type\":\"WebPage\",\"@id\":\"https:\/\/vieassociative.be\/actualites\/lhomme-qui-a-tire-avec-une-arme-de-poing-sur-la-klotzerbahn-a-eupen-le-soir-du-nouvel-an-a-ete-identifie\/\",\"url\":\"https:\/\/vieassociative.be\/actualites\/lhomme-qui-a-tire-avec-une-arme-de-poing-sur-la-klotzerbahn-a-eupen-le-soir-du-nouvel-an-a-ete-identifie\/\",\"name\":\"L'homme qui a tir\u00e9 avec une arme de poing sur la Kl\u00f6tzerbahn \u00e0 Eupen le soir du Nouvel An a \u00e9t\u00e9 identifi\u00e9 | Vie Associative\",\"isPartOf\":{\"@id\":\"https:\/\/vieassociative.be\/actualites\/#website\"},\"primaryImageOfPage\":{\"@id\":\"https:\/\/vieassociative.be\/actualites\/lhomme-qui-a-tire-avec-une-arme-de-poing-sur-la-klotzerbahn-a-eupen-le-soir-du-nouvel-an-a-ete-identifie\/#primaryimage\"},\"image\":{\"@id\":\"https:\/\/vieassociative.be\/actualites\/lhomme-qui-a-tire-avec-une-arme-de-poing-sur-la-klotzerbahn-a-eupen-le-soir-du-nouvel-an-a-ete-identifie\/#primaryimage\"},\"thumbnailUrl\":\"https:\/\/vieassociative.be\/actualites\/wp-content\/uploads\/2024\/11\/Berloz-Un-enfant-de-quatre-ans-retrouve-mort-la.jpg\",\"datePublished\":\"2025-01-04T02:19:27+00:00\",\"dateModified\":\"2025-01-04T02:19:27+00:00\",\"breadcrumb\":{\"@id\":\"https:\/\/vieassociative.be\/actualites\/lhomme-qui-a-tire-avec-une-arme-de-poing-sur-la-klotzerbahn-a-eupen-le-soir-du-nouvel-an-a-ete-identifie\/#breadcrumb\"},\"inLanguage\":\"fr-BE\",\"potentialAction\":[{\"@type\":\"ReadAction\",\"target\":[\"https:\/\/vieassociative.be\/actualites\/lhomme-qui-a-tire-avec-une-arme-de-poing-sur-la-klotzerbahn-a-eupen-le-soir-du-nouvel-an-a-ete-identifie\/\"]}]},{\"@type\":\"ImageObject\",\"inLanguage\":\"fr-BE\",\"@id\":\"https:\/\/vieassociative.be\/actualites\/lhomme-qui-a-tire-avec-une-arme-de-poing-sur-la-klotzerbahn-a-eupen-le-soir-du-nouvel-an-a-ete-identifie\/#primaryimage\",\"url\":\"https:\/\/vieassociative.be\/actualites\/wp-content\/uploads\/2024\/11\/Berloz-Un-enfant-de-quatre-ans-retrouve-mort-la.jpg\",\"contentUrl\":\"https:\/\/vieassociative.be\/actualites\/wp-content\/uploads\/2024\/11\/Berloz-Un-enfant-de-quatre-ans-retrouve-mort-la.jpg\",\"width\":1200,\"height\":800,\"caption\":\"Berloz : Un enfant de quatre ans retrouv\u00e9 mort, la gorge tranch\u00e9e - parents en garde \u00e0 vue\"},{\"@type\":\"BreadcrumbList\",\"@id\":\"https:\/\/vieassociative.be\/actualites\/lhomme-qui-a-tire-avec-une-arme-de-poing-sur-la-klotzerbahn-a-eupen-le-soir-du-nouvel-an-a-ete-identifie\/#breadcrumb\",\"itemListElement\":[{\"@type\":\"ListItem\",\"position\":1,\"name\":\"Accueil\",\"item\":\"https:\/\/vieassociative.be\/actualites\/\"},{\"@type\":\"ListItem\",\"position\":2,\"name\":\"L&rsquo;homme qui a tir\u00e9 avec une arme de poing sur la Kl\u00f6tzerbahn \u00e0 Eupen le soir du Nouvel An a \u00e9t\u00e9 identifi\u00e9\"}]},{\"@type\":\"WebSite\",\"@id\":\"https:\/\/vieassociative.be\/actualites\/#website\",\"url\":\"https:\/\/vieassociative.be\/actualites\/\",\"name\":\"Vie Associative\",\"description\":\"\",\"publisher\":{\"@id\":\"https:\/\/vieassociative.be\/actualites\/#organization\"},\"potentialAction\":[{\"@type\":\"SearchAction\",\"target\":{\"@type\":\"EntryPoint\",\"urlTemplate\":\"https:\/\/vieassociative.be\/actualites\/?s={search_term_string}\"},\"query-input\":{\"@type\":\"PropertyValueSpecification\",\"valueRequired\":true,\"valueName\":\"search_term_string\"}}],\"inLanguage\":\"fr-BE\"},{\"@type\":\"Organization\",\"@id\":\"https:\/\/vieassociative.be\/actualites\/#organization\",\"name\":\"Vie Associative\",\"url\":\"https:\/\/vieassociative.be\/actualites\/\",\"logo\":{\"@type\":\"ImageObject\",\"inLanguage\":\"fr-BE\",\"@id\":\"https:\/\/vieassociative.be\/actualites\/#\/schema\/logo\/image\/\",\"url\":\"https:\/\/vieassociative.be\/actualites\/wp-content\/uploads\/2024\/09\/cropped-vieassociative_favicon.ico.png\",\"contentUrl\":\"https:\/\/vieassociative.be\/actualites\/wp-content\/uploads\/2024\/09\/cropped-vieassociative_favicon.ico.png\",\"width\":512,\"height\":512,\"caption\":\"Vie Associative\"},\"image\":{\"@id\":\"https:\/\/vieassociative.be\/actualites\/#\/schema\/logo\/image\/\"}},{\"@type\":\"Person\",\"@id\":\"https:\/\/vieassociative.be\/actualites\/#\/schema\/person\/b87ac4f82f9d4e7b7cec7395b679edc4\",\"name\":\"Julien\",\"image\":{\"@type\":\"ImageObject\",\"inLanguage\":\"fr-BE\",\"@id\":\"https:\/\/vieassociative.be\/actualites\/#\/schema\/person\/image\/\",\"url\":\"https:\/\/vieassociative.be\/actualites\/wp-content\/uploads\/2024\/09\/vie-associative-1-150x150.jpg\",\"contentUrl\":\"https:\/\/vieassociative.be\/actualites\/wp-content\/uploads\/2024\/09\/vie-associative-1-150x150.jpg\",\"caption\":\"Julien\"},\"description\":\"Je suis Julien, r\u00e9dacteur pour Vie Associative. Passionn\u00e9 par le monde associatif depuis plus de 10 ans, j'ai \u00e0 c\u0153ur de partager des histoires inspirantes et de mettre en lumi\u00e8re les initiatives locales. Mon objectif est de sensibiliser et d'encourager l'engagement communautaire \u00e0 travers mes articles.\",\"sameAs\":[\"https:\/\/vieassociative.be\/\"]}]}<\/script>\n<!-- \/ Yoast SEO plugin. -->","yoast_head_json":{"title":"L'homme qui a tir\u00e9 avec une arme de poing sur la Kl\u00f6tzerbahn \u00e0 Eupen le soir du Nouvel An a \u00e9t\u00e9 identifi\u00e9 | Vie Associative","robots":{"index":"index","follow":"follow","max-snippet":"max-snippet:-1","max-image-preview":"max-image-preview:large","max-video-preview":"max-video-preview:-1"},"canonical":"https:\/\/vieassociative.be\/actualites\/lhomme-qui-a-tire-avec-une-arme-de-poing-sur-la-klotzerbahn-a-eupen-le-soir-du-nouvel-an-a-ete-identifie\/","og_locale":"fr_FR","og_type":"article","og_title":"L'homme qui a tir\u00e9 avec une arme de poing sur la Kl\u00f6tzerbahn \u00e0 Eupen le soir du Nouvel An a \u00e9t\u00e9 identifi\u00e9 | Vie Associative","og_description":"La zone de police de Weser-G\u00f6hl a diffus\u00e9 vendredi apr\u00e8s-midi des informations d&rsquo;actualit\u00e9 concernant un homme qui a tir\u00e9 \u00e0 plusieurs reprises sur la Kl\u00f6tzerbahn","og_url":"https:\/\/vieassociative.be\/actualites\/lhomme-qui-a-tire-avec-une-arme-de-poing-sur-la-klotzerbahn-a-eupen-le-soir-du-nouvel-an-a-ete-identifie\/","og_site_name":"Vie Associative","article_published_time":"2025-01-04T02:19:27+00:00","og_image":[{"width":279,"height":92,"url":"https:\/\/vieassociative.be\/actualites\/wp-content\/uploads\/2024\/09\/header_backgroundk-01-e1726694325946.png","type":"image\/png"}],"author":"Julien","twitter_card":"summary_large_image","twitter_misc":{"\u00c9crit par":"Julien","Dur\u00e9e de lecture est.":"1 minute"},"schema":{"@context":"https:\/\/schema.org","@graph":[{"@type":"Article","@id":"https:\/\/vieassociative.be\/actualites\/lhomme-qui-a-tire-avec-une-arme-de-poing-sur-la-klotzerbahn-a-eupen-le-soir-du-nouvel-an-a-ete-identifie\/#article","isPartOf":{"@id":"https:\/\/vieassociative.be\/actualites\/lhomme-qui-a-tire-avec-une-arme-de-poing-sur-la-klotzerbahn-a-eupen-le-soir-du-nouvel-an-a-ete-identifie\/"},"author":{"name":"Julien","@id":"https:\/\/vieassociative.be\/actualites\/#\/schema\/person\/b87ac4f82f9d4e7b7cec7395b679edc4"},"headline":"L&rsquo;homme qui a tir\u00e9 avec une arme de poing sur la Kl\u00f6tzerbahn \u00e0 Eupen le soir du Nouvel An a \u00e9t\u00e9 identifi\u00e9","datePublished":"2025-01-04T02:19:27+00:00","dateModified":"2025-01-04T02:19:27+00:00","mainEntityOfPage":{"@id":"https:\/\/vieassociative.be\/actualites\/lhomme-qui-a-tire-avec-une-arme-de-poing-sur-la-klotzerbahn-a-eupen-le-soir-du-nouvel-an-a-ete-identifie\/"},"wordCount":157,"publisher":{"@id":"https:\/\/vieassociative.be\/actualites\/#organization"},"image":{"@id":"https:\/\/vieassociative.be\/actualites\/lhomme-qui-a-tire-avec-une-arme-de-poing-sur-la-klotzerbahn-a-eupen-le-soir-du-nouvel-an-a-ete-identifie\/#primaryimage"},"thumbnailUrl":"https:\/\/vieassociative.be\/actualites\/wp-content\/uploads\/2024\/11\/Berloz-Un-enfant-de-quatre-ans-retrouve-mort-la.jpg","keywords":["arme","avec","\u00e9t\u00e9","Eupen","identifi\u00e9","Kl\u00f6tzerbahn","Lhomme","nouvel","poing","qui","soir","sur","tir\u00e9","une"],"articleSection":["Belgique"],"inLanguage":"fr-BE"},{"@type":"WebPage","@id":"https:\/\/vieassociative.be\/actualites\/lhomme-qui-a-tire-avec-une-arme-de-poing-sur-la-klotzerbahn-a-eupen-le-soir-du-nouvel-an-a-ete-identifie\/","url":"https:\/\/vieassociative.be\/actualites\/lhomme-qui-a-tire-avec-une-arme-de-poing-sur-la-klotzerbahn-a-eupen-le-soir-du-nouvel-an-a-ete-identifie\/","name":"L'homme qui a tir\u00e9 avec une arme de poing sur la Kl\u00f6tzerbahn \u00e0 Eupen le soir du Nouvel An a \u00e9t\u00e9 identifi\u00e9 | Vie Associative","isPartOf":{"@id":"https:\/\/vieassociative.be\/actualites\/#website"},"primaryImageOfPage":{"@id":"https:\/\/vieassociative.be\/actualites\/lhomme-qui-a-tire-avec-une-arme-de-poing-sur-la-klotzerbahn-a-eupen-le-soir-du-nouvel-an-a-ete-identifie\/#primaryimage"},"image":{"@id":"https:\/\/vieassociative.be\/actualites\/lhomme-qui-a-tire-avec-une-arme-de-poing-sur-la-klotzerbahn-a-eupen-le-soir-du-nouvel-an-a-ete-identifie\/#primaryimage"},"thumbnailUrl":"https:\/\/vieassociative.be\/actualites\/wp-content\/uploads\/2024\/11\/Berloz-Un-enfant-de-quatre-ans-retrouve-mort-la.jpg","datePublished":"2025-01-04T02:19:27+00:00","dateModified":"2025-01-04T02:19:27+00:00","breadcrumb":{"@id":"https:\/\/vieassociative.be\/actualites\/lhomme-qui-a-tire-avec-une-arme-de-poing-sur-la-klotzerbahn-a-eupen-le-soir-du-nouvel-an-a-ete-identifie\/#breadcrumb"},"inLanguage":"fr-BE","potentialAction":[{"@type":"ReadAction","target":["https:\/\/vieassociative.be\/actualites\/lhomme-qui-a-tire-avec-une-arme-de-poing-sur-la-klotzerbahn-a-eupen-le-soir-du-nouvel-an-a-ete-identifie\/"]}]},{"@type":"ImageObject","inLanguage":"fr-BE","@id":"https:\/\/vieassociative.be\/actualites\/lhomme-qui-a-tire-avec-une-arme-de-poing-sur-la-klotzerbahn-a-eupen-le-soir-du-nouvel-an-a-ete-identifie\/#primaryimage","url":"https:\/\/vieassociative.be\/actualites\/wp-content\/uploads\/2024\/11\/Berloz-Un-enfant-de-quatre-ans-retrouve-mort-la.jpg","contentUrl":"https:\/\/vieassociative.be\/actualites\/wp-content\/uploads\/2024\/11\/Berloz-Un-enfant-de-quatre-ans-retrouve-mort-la.jpg","width":1200,"height":800,"caption":"Berloz : Un enfant de quatre ans retrouv\u00e9 mort, la gorge tranch\u00e9e - parents en garde \u00e0 vue"},{"@type":"BreadcrumbList","@id":"https:\/\/vieassociative.be\/actualites\/lhomme-qui-a-tire-avec-une-arme-de-poing-sur-la-klotzerbahn-a-eupen-le-soir-du-nouvel-an-a-ete-identifie\/#breadcrumb","itemListElement":[{"@type":"ListItem","position":1,"name":"Accueil","item":"https:\/\/vieassociative.be\/actualites\/"},{"@type":"ListItem","position":2,"name":"L&rsquo;homme qui a tir\u00e9 avec une arme de poing sur la Kl\u00f6tzerbahn \u00e0 Eupen le soir du Nouvel An a \u00e9t\u00e9 identifi\u00e9"}]},{"@type":"WebSite","@id":"https:\/\/vieassociative.be\/actualites\/#website","url":"https:\/\/vieassociative.be\/actualites\/","name":"Vie Associative","description":"","publisher":{"@id":"https:\/\/vieassociative.be\/actualites\/#organization"},"potentialAction":[{"@type":"SearchAction","target":{"@type":"EntryPoint","urlTemplate":"https:\/\/vieassociative.be\/actualites\/?s={search_term_string}"},"query-input":{"@type":"PropertyValueSpecification","valueRequired":true,"valueName":"search_term_string"}}],"inLanguage":"fr-BE"},{"@type":"Organization","@id":"https:\/\/vieassociative.be\/actualites\/#organization","name":"Vie Associative","url":"https:\/\/vieassociative.be\/actualites\/","logo":{"@type":"ImageObject","inLanguage":"fr-BE","@id":"https:\/\/vieassociative.be\/actualites\/#\/schema\/logo\/image\/","url":"https:\/\/vieassociative.be\/actualites\/wp-content\/uploads\/2024\/09\/cropped-vieassociative_favicon.ico.png","contentUrl":"https:\/\/vieassociative.be\/actualites\/wp-content\/uploads\/2024\/09\/cropped-vieassociative_favicon.ico.png","width":512,"height":512,"caption":"Vie Associative"},"image":{"@id":"https:\/\/vieassociative.be\/actualites\/#\/schema\/logo\/image\/"}},{"@type":"Person","@id":"https:\/\/vieassociative.be\/actualites\/#\/schema\/person\/b87ac4f82f9d4e7b7cec7395b679edc4","name":"Julien","image":{"@type":"ImageObject","inLanguage":"fr-BE","@id":"https:\/\/vieassociative.be\/actualites\/#\/schema\/person\/image\/","url":"https:\/\/vieassociative.be\/actualites\/wp-content\/uploads\/2024\/09\/vie-associative-1-150x150.jpg","contentUrl":"https:\/\/vieassociative.be\/actualites\/wp-content\/uploads\/2024\/09\/vie-associative-1-150x150.jpg","caption":"Julien"},"description":"Je suis Julien, r\u00e9dacteur pour Vie Associative. Passionn\u00e9 par le monde associatif depuis plus de 10 ans, j'ai \u00e0 c\u0153ur de partager des histoires inspirantes et de mettre en lumi\u00e8re les initiatives locales. Mon objectif est de sensibiliser et d'encourager l'engagement communautaire \u00e0 travers mes articles.","sameAs":["https:\/\/vieassociative.be\/"]}]}},"_links":{"self":[{"href":"https:\/\/vieassociative.be\/actualites\/wp-json\/wp\/v2\/posts\/4025"}],"collection":[{"href":"https:\/\/vieassociative.be\/actualites\/wp-json\/wp\/v2\/posts"}],"about":[{"href":"https:\/\/vieassociative.be\/actualites\/wp-json\/wp\/v2\/types\/post"}],"author":[{"embeddable":true,"href":"https:\/\/vieassociative.be\/actualites\/wp-json\/wp\/v2\/users\/1"}],"replies":[{"embeddable":true,"href":"https:\/\/vieassociative.be\/actualites\/wp-json\/wp\/v2\/comments?post=4025"}],"version-history":[{"count":0,"href":"https:\/\/vieassociative.be\/actualites\/wp-json\/wp\/v2\/posts\/4025\/revisions"}],"wp:featuredmedia":[{"embeddable":true,"href":"https:\/\/vieassociative.be\/actualites\/wp-json\/wp\/v2\/media\/2282"}],"wp:attachment":[{"href":"https:\/\/vieassociative.be\/actualites\/wp-json\/wp\/v2\/media?parent=4025"}],"wp:term":[{"taxonomy":"category","embeddable":true,"href":"https:\/\/vieassociative.be\/actualites\/wp-json\/wp\/v2\/categories?post=4025"},{"taxonomy":"post_tag","embeddable":true,"href":"https:\/\/vieassociative.be\/actualites\/wp-json\/wp\/v2\/tags?post=4025"}],"curies":[{"name":"wp","href":"https:\/\/api.w.org\/{rel}","templated":true}]}}