{"id":4016,"date":"2025-01-03T21:17:29","date_gmt":"2025-01-03T20:17:29","guid":{"rendered":"https:\/\/vieassociative.be\/actualites\/seulement-eupen-au-lieu-de-kettenis-et-eupen-les-panneaux-aux-entrees-de-la-ville-suscitent-a-nouveau-un-certain-mecontentement\/"},"modified":"2025-01-03T21:17:29","modified_gmt":"2025-01-03T20:17:29","slug":"seulement-eupen-au-lieu-de-kettenis-et-eupen-les-panneaux-aux-entrees-de-la-ville-suscitent-a-nouveau-un-certain-mecontentement","status":"publish","type":"post","link":"https:\/\/vieassociative.be\/actualites\/seulement-eupen-au-lieu-de-kettenis-et-eupen-les-panneaux-aux-entrees-de-la-ville-suscitent-a-nouveau-un-certain-mecontentement\/","title":{"rendered":"Seulement EUPEN au lieu de KETTENIS et EUPEN : les panneaux aux entr\u00e9es de la ville suscitent \u00e0 nouveau un certain m\u00e9contentement"},"content":{"rendered":"<p><strong>La Ketteniser Claudia Niessen n&rsquo;est plus maire d&rsquo;EUPEN-KETTENIS et les panneaux aux entr\u00e9es de la ville ne disent plus grand KETTENIS et petit EUPEN, comme c&rsquo;\u00e9tait le cas auparavant, mais seulement EUPEN. Co\u00efncidence?<\/strong><\/p>\n<p><span id=\"more-405289\"><\/span>Vendredi, quelques lecteurs de Kettenis ont contact\u00e9 \u00ab Ostbelgien Direkt \u00bb par email. Il disait : \u00ab Au cours de notre promenade, nous avons remarqu\u00e9 que les panneaux d&rsquo;entr\u00e9e et de sortie de la ville avaient \u00e9t\u00e9 remplac\u00e9s. Maintenant, il est simplement \u00e9crit EUPEN !!! Y a-t-il une raison \u00e0 cela ? Ce n&rsquo;est pas le cas dans d&rsquo;autres communaut\u00e9s. Vous ne voulez plus voir le nom KETTENIS sur les panneaux ?<\/p>\n<p>Le couple de lecteurs nous a envoy\u00e9 deux photos (voir ci-joint). Vendredi en fin d&rsquo;apr\u00e8s-midi, OD \u00e9tait convaincu que le nom KETTENIS avait bel et bien disparu aux entr\u00e9es de la ville.<\/p>\n<p>Ce n&rsquo;est d&rsquo;ailleurs pas la premi\u00e8re fois qu&rsquo;un diff\u00e9rend surgit entre EUPEN et l&rsquo;ancienne commune de KETTENIS, qui formaient une unit\u00e9 depuis la fusion communale du 1er janvier 1977, au sujet des panneaux municipaux. D\u00e8s 2007, les Kettenisers ont protest\u00e9 contre le fait que KETTENIS ait \u00e9t\u00e9 retir\u00e9 des panneaux de la ville.<\/p>\n<p>OD sollicitera une r\u00e9ponse de la ville d&rsquo;Eupen dans les plus brefs d\u00e9lais. (cr\u00e9er)<\/p>\n","protected":false},"excerpt":{"rendered":"<p>La Ketteniser Claudia Niessen n&rsquo;est plus maire d&rsquo;EUPEN-KETTENIS et les panneaux aux entr\u00e9es de la ville ne disent plus grand KETTENIS et petit EUPEN, comme<\/p>\n","protected":false},"author":1,"featured_media":4017,"comment_status":"","ping_status":"","sticky":false,"template":"","format":"standard","meta":{"footnotes":""},"categories":[298],"tags":[289,3321,2329,4467,14,1541,4470,553,4468,2583,4469,684],"class_list":["post-4016","post","type-post","status-publish","format-standard","has-post-thumbnail","hentry","category-belgique","tag-aux","tag-entrees","tag-eupen","tag-kettenis","tag-les","tag-lieu","tag-mecontentement","tag-nouveau","tag-panneaux","tag-seulement","tag-suscitent","tag-ville","generate-columns","tablet-grid-50","mobile-grid-100","grid-parent","grid-33"],"yoast_head":"<!-- This site is optimized with the Yoast SEO plugin v24.0 - https:\/\/yoast.com\/wordpress\/plugins\/seo\/ -->\n<title>Seulement EUPEN au lieu de KETTENIS et EUPEN : les panneaux aux entr\u00e9es de la ville suscitent \u00e0 nouveau un certain m\u00e9contentement | Vie Associative<\/title>\n<meta name=\"robots\" content=\"index, follow, max-snippet:-1, max-image-preview:large, max-video-preview:-1\" \/>\n<link rel=\"canonical\" href=\"https:\/\/vieassociative.be\/actualites\/seulement-eupen-au-lieu-de-kettenis-et-eupen-les-panneaux-aux-entrees-de-la-ville-suscitent-a-nouveau-un-certain-mecontentement\/\" \/>\n<meta property=\"og:locale\" content=\"fr_FR\" \/>\n<meta property=\"og:type\" content=\"article\" \/>\n<meta property=\"og:title\" content=\"Seulement EUPEN au lieu de KETTENIS et EUPEN : les panneaux aux entr\u00e9es de la ville suscitent \u00e0 nouveau un certain m\u00e9contentement | Vie Associative\" \/>\n<meta property=\"og:description\" content=\"La Ketteniser Claudia Niessen n&rsquo;est plus maire d&rsquo;EUPEN-KETTENIS et les panneaux aux entr\u00e9es de la ville ne disent plus grand KETTENIS et petit EUPEN, comme\" \/>\n<meta property=\"og:url\" content=\"https:\/\/vieassociative.be\/actualites\/seulement-eupen-au-lieu-de-kettenis-et-eupen-les-panneaux-aux-entrees-de-la-ville-suscitent-a-nouveau-un-certain-mecontentement\/\" \/>\n<meta property=\"og:site_name\" content=\"Vie Associative\" \/>\n<meta property=\"article:published_time\" content=\"2025-01-03T20:17:29+00:00\" \/>\n<meta property=\"og:image\" content=\"https:\/\/vieassociative.be\/actualites\/wp-content\/uploads\/2024\/09\/header_backgroundk-01-e1726694325946.png\" \/>\n\t<meta property=\"og:image:width\" content=\"279\" \/>\n\t<meta property=\"og:image:height\" content=\"92\" \/>\n\t<meta property=\"og:image:type\" content=\"image\/png\" \/>\n<meta name=\"author\" content=\"Julien\" \/>\n<meta name=\"twitter:card\" content=\"summary_large_image\" \/>\n<meta name=\"twitter:label1\" content=\"\u00c9crit par\" \/>\n\t<meta name=\"twitter:data1\" content=\"Julien\" \/>\n\t<meta name=\"twitter:label2\" content=\"Dur\u00e9e de lecture est.\" \/>\n\t<meta name=\"twitter:data2\" content=\"1 minute\" \/>\n<script type=\"application\/ld+json\" class=\"yoast-schema-graph\">{\"@context\":\"https:\/\/schema.org\",\"@graph\":[{\"@type\":\"Article\",\"@id\":\"https:\/\/vieassociative.be\/actualites\/seulement-eupen-au-lieu-de-kettenis-et-eupen-les-panneaux-aux-entrees-de-la-ville-suscitent-a-nouveau-un-certain-mecontentement\/#article\",\"isPartOf\":{\"@id\":\"https:\/\/vieassociative.be\/actualites\/seulement-eupen-au-lieu-de-kettenis-et-eupen-les-panneaux-aux-entrees-de-la-ville-suscitent-a-nouveau-un-certain-mecontentement\/\"},\"author\":{\"name\":\"Julien\",\"@id\":\"https:\/\/vieassociative.be\/actualites\/#\/schema\/person\/b87ac4f82f9d4e7b7cec7395b679edc4\"},\"headline\":\"Seulement EUPEN au lieu de KETTENIS et EUPEN : les panneaux aux entr\u00e9es de la ville suscitent \u00e0 nouveau un certain m\u00e9contentement\",\"datePublished\":\"2025-01-03T20:17:29+00:00\",\"dateModified\":\"2025-01-03T20:17:29+00:00\",\"mainEntityOfPage\":{\"@id\":\"https:\/\/vieassociative.be\/actualites\/seulement-eupen-au-lieu-de-kettenis-et-eupen-les-panneaux-aux-entrees-de-la-ville-suscitent-a-nouveau-un-certain-mecontentement\/\"},\"wordCount\":241,\"publisher\":{\"@id\":\"https:\/\/vieassociative.be\/actualites\/#organization\"},\"image\":{\"@id\":\"https:\/\/vieassociative.be\/actualites\/seulement-eupen-au-lieu-de-kettenis-et-eupen-les-panneaux-aux-entrees-de-la-ville-suscitent-a-nouveau-un-certain-mecontentement\/#primaryimage\"},\"thumbnailUrl\":\"https:\/\/vieassociative.be\/actualites\/wp-content\/uploads\/2025\/01\/Seulement-EUPEN-au-lieu-de-KETTENIS-et-EUPEN-les.jpg\",\"keywords\":[\"aux\",\"entr\u00e9es\",\"Eupen\",\"KETTENIS\",\"Les\",\"lieu\",\"m\u00e9contentement\",\"nouveau\",\"panneaux\",\"seulement\",\"suscitent\",\"ville\"],\"articleSection\":[\"Belgique\"],\"inLanguage\":\"fr-BE\"},{\"@type\":\"WebPage\",\"@id\":\"https:\/\/vieassociative.be\/actualites\/seulement-eupen-au-lieu-de-kettenis-et-eupen-les-panneaux-aux-entrees-de-la-ville-suscitent-a-nouveau-un-certain-mecontentement\/\",\"url\":\"https:\/\/vieassociative.be\/actualites\/seulement-eupen-au-lieu-de-kettenis-et-eupen-les-panneaux-aux-entrees-de-la-ville-suscitent-a-nouveau-un-certain-mecontentement\/\",\"name\":\"Seulement EUPEN au lieu de KETTENIS et EUPEN : les panneaux aux entr\u00e9es de la ville suscitent \u00e0 nouveau un certain m\u00e9contentement | Vie Associative\",\"isPartOf\":{\"@id\":\"https:\/\/vieassociative.be\/actualites\/#website\"},\"primaryImageOfPage\":{\"@id\":\"https:\/\/vieassociative.be\/actualites\/seulement-eupen-au-lieu-de-kettenis-et-eupen-les-panneaux-aux-entrees-de-la-ville-suscitent-a-nouveau-un-certain-mecontentement\/#primaryimage\"},\"image\":{\"@id\":\"https:\/\/vieassociative.be\/actualites\/seulement-eupen-au-lieu-de-kettenis-et-eupen-les-panneaux-aux-entrees-de-la-ville-suscitent-a-nouveau-un-certain-mecontentement\/#primaryimage\"},\"thumbnailUrl\":\"https:\/\/vieassociative.be\/actualites\/wp-content\/uploads\/2025\/01\/Seulement-EUPEN-au-lieu-de-KETTENIS-et-EUPEN-les.jpg\",\"datePublished\":\"2025-01-03T20:17:29+00:00\",\"dateModified\":\"2025-01-03T20:17:29+00:00\",\"breadcrumb\":{\"@id\":\"https:\/\/vieassociative.be\/actualites\/seulement-eupen-au-lieu-de-kettenis-et-eupen-les-panneaux-aux-entrees-de-la-ville-suscitent-a-nouveau-un-certain-mecontentement\/#breadcrumb\"},\"inLanguage\":\"fr-BE\",\"potentialAction\":[{\"@type\":\"ReadAction\",\"target\":[\"https:\/\/vieassociative.be\/actualites\/seulement-eupen-au-lieu-de-kettenis-et-eupen-les-panneaux-aux-entrees-de-la-ville-suscitent-a-nouveau-un-certain-mecontentement\/\"]}]},{\"@type\":\"ImageObject\",\"inLanguage\":\"fr-BE\",\"@id\":\"https:\/\/vieassociative.be\/actualites\/seulement-eupen-au-lieu-de-kettenis-et-eupen-les-panneaux-aux-entrees-de-la-ville-suscitent-a-nouveau-un-certain-mecontentement\/#primaryimage\",\"url\":\"https:\/\/vieassociative.be\/actualites\/wp-content\/uploads\/2025\/01\/Seulement-EUPEN-au-lieu-de-KETTENIS-et-EUPEN-les.jpg\",\"contentUrl\":\"https:\/\/vieassociative.be\/actualites\/wp-content\/uploads\/2025\/01\/Seulement-EUPEN-au-lieu-de-KETTENIS-et-EUPEN-les.jpg\",\"width\":900,\"height\":300,\"caption\":\"Seulement EUPEN au lieu de KETTENIS et EUPEN : les panneaux aux entr\u00e9es de la ville suscitent \u00e0 nouveau un certain m\u00e9contentement\"},{\"@type\":\"BreadcrumbList\",\"@id\":\"https:\/\/vieassociative.be\/actualites\/seulement-eupen-au-lieu-de-kettenis-et-eupen-les-panneaux-aux-entrees-de-la-ville-suscitent-a-nouveau-un-certain-mecontentement\/#breadcrumb\",\"itemListElement\":[{\"@type\":\"ListItem\",\"position\":1,\"name\":\"Accueil\",\"item\":\"https:\/\/vieassociative.be\/actualites\/\"},{\"@type\":\"ListItem\",\"position\":2,\"name\":\"Seulement EUPEN au lieu de KETTENIS et EUPEN : les panneaux aux entr\u00e9es de la ville suscitent \u00e0 nouveau un certain m\u00e9contentement\"}]},{\"@type\":\"WebSite\",\"@id\":\"https:\/\/vieassociative.be\/actualites\/#website\",\"url\":\"https:\/\/vieassociative.be\/actualites\/\",\"name\":\"Vie Associative\",\"description\":\"\",\"publisher\":{\"@id\":\"https:\/\/vieassociative.be\/actualites\/#organization\"},\"potentialAction\":[{\"@type\":\"SearchAction\",\"target\":{\"@type\":\"EntryPoint\",\"urlTemplate\":\"https:\/\/vieassociative.be\/actualites\/?s={search_term_string}\"},\"query-input\":{\"@type\":\"PropertyValueSpecification\",\"valueRequired\":true,\"valueName\":\"search_term_string\"}}],\"inLanguage\":\"fr-BE\"},{\"@type\":\"Organization\",\"@id\":\"https:\/\/vieassociative.be\/actualites\/#organization\",\"name\":\"Vie Associative\",\"url\":\"https:\/\/vieassociative.be\/actualites\/\",\"logo\":{\"@type\":\"ImageObject\",\"inLanguage\":\"fr-BE\",\"@id\":\"https:\/\/vieassociative.be\/actualites\/#\/schema\/logo\/image\/\",\"url\":\"https:\/\/vieassociative.be\/actualites\/wp-content\/uploads\/2024\/09\/cropped-vieassociative_favicon.ico.png\",\"contentUrl\":\"https:\/\/vieassociative.be\/actualites\/wp-content\/uploads\/2024\/09\/cropped-vieassociative_favicon.ico.png\",\"width\":512,\"height\":512,\"caption\":\"Vie Associative\"},\"image\":{\"@id\":\"https:\/\/vieassociative.be\/actualites\/#\/schema\/logo\/image\/\"}},{\"@type\":\"Person\",\"@id\":\"https:\/\/vieassociative.be\/actualites\/#\/schema\/person\/b87ac4f82f9d4e7b7cec7395b679edc4\",\"name\":\"Julien\",\"image\":{\"@type\":\"ImageObject\",\"inLanguage\":\"fr-BE\",\"@id\":\"https:\/\/vieassociative.be\/actualites\/#\/schema\/person\/image\/\",\"url\":\"https:\/\/vieassociative.be\/actualites\/wp-content\/uploads\/2024\/09\/vie-associative-1-150x150.jpg\",\"contentUrl\":\"https:\/\/vieassociative.be\/actualites\/wp-content\/uploads\/2024\/09\/vie-associative-1-150x150.jpg\",\"caption\":\"Julien\"},\"description\":\"Je suis Julien, r\u00e9dacteur pour Vie Associative. Passionn\u00e9 par le monde associatif depuis plus de 10 ans, j'ai \u00e0 c\u0153ur de partager des histoires inspirantes et de mettre en lumi\u00e8re les initiatives locales. Mon objectif est de sensibiliser et d'encourager l'engagement communautaire \u00e0 travers mes articles.\",\"sameAs\":[\"https:\/\/vieassociative.be\/\"]}]}<\/script>\n<!-- \/ Yoast SEO plugin. -->","yoast_head_json":{"title":"Seulement EUPEN au lieu de KETTENIS et EUPEN : les panneaux aux entr\u00e9es de la ville suscitent \u00e0 nouveau un certain m\u00e9contentement | Vie Associative","robots":{"index":"index","follow":"follow","max-snippet":"max-snippet:-1","max-image-preview":"max-image-preview:large","max-video-preview":"max-video-preview:-1"},"canonical":"https:\/\/vieassociative.be\/actualites\/seulement-eupen-au-lieu-de-kettenis-et-eupen-les-panneaux-aux-entrees-de-la-ville-suscitent-a-nouveau-un-certain-mecontentement\/","og_locale":"fr_FR","og_type":"article","og_title":"Seulement EUPEN au lieu de KETTENIS et EUPEN : les panneaux aux entr\u00e9es de la ville suscitent \u00e0 nouveau un certain m\u00e9contentement | Vie Associative","og_description":"La Ketteniser Claudia Niessen n&rsquo;est plus maire d&rsquo;EUPEN-KETTENIS et les panneaux aux entr\u00e9es de la ville ne disent plus grand KETTENIS et petit EUPEN, comme","og_url":"https:\/\/vieassociative.be\/actualites\/seulement-eupen-au-lieu-de-kettenis-et-eupen-les-panneaux-aux-entrees-de-la-ville-suscitent-a-nouveau-un-certain-mecontentement\/","og_site_name":"Vie Associative","article_published_time":"2025-01-03T20:17:29+00:00","og_image":[{"width":279,"height":92,"url":"https:\/\/vieassociative.be\/actualites\/wp-content\/uploads\/2024\/09\/header_backgroundk-01-e1726694325946.png","type":"image\/png"}],"author":"Julien","twitter_card":"summary_large_image","twitter_misc":{"\u00c9crit par":"Julien","Dur\u00e9e de lecture est.":"1 minute"},"schema":{"@context":"https:\/\/schema.org","@graph":[{"@type":"Article","@id":"https:\/\/vieassociative.be\/actualites\/seulement-eupen-au-lieu-de-kettenis-et-eupen-les-panneaux-aux-entrees-de-la-ville-suscitent-a-nouveau-un-certain-mecontentement\/#article","isPartOf":{"@id":"https:\/\/vieassociative.be\/actualites\/seulement-eupen-au-lieu-de-kettenis-et-eupen-les-panneaux-aux-entrees-de-la-ville-suscitent-a-nouveau-un-certain-mecontentement\/"},"author":{"name":"Julien","@id":"https:\/\/vieassociative.be\/actualites\/#\/schema\/person\/b87ac4f82f9d4e7b7cec7395b679edc4"},"headline":"Seulement EUPEN au lieu de KETTENIS et EUPEN : les panneaux aux entr\u00e9es de la ville suscitent \u00e0 nouveau un certain m\u00e9contentement","datePublished":"2025-01-03T20:17:29+00:00","dateModified":"2025-01-03T20:17:29+00:00","mainEntityOfPage":{"@id":"https:\/\/vieassociative.be\/actualites\/seulement-eupen-au-lieu-de-kettenis-et-eupen-les-panneaux-aux-entrees-de-la-ville-suscitent-a-nouveau-un-certain-mecontentement\/"},"wordCount":241,"publisher":{"@id":"https:\/\/vieassociative.be\/actualites\/#organization"},"image":{"@id":"https:\/\/vieassociative.be\/actualites\/seulement-eupen-au-lieu-de-kettenis-et-eupen-les-panneaux-aux-entrees-de-la-ville-suscitent-a-nouveau-un-certain-mecontentement\/#primaryimage"},"thumbnailUrl":"https:\/\/vieassociative.be\/actualites\/wp-content\/uploads\/2025\/01\/Seulement-EUPEN-au-lieu-de-KETTENIS-et-EUPEN-les.jpg","keywords":["aux","entr\u00e9es","Eupen","KETTENIS","Les","lieu","m\u00e9contentement","nouveau","panneaux","seulement","suscitent","ville"],"articleSection":["Belgique"],"inLanguage":"fr-BE"},{"@type":"WebPage","@id":"https:\/\/vieassociative.be\/actualites\/seulement-eupen-au-lieu-de-kettenis-et-eupen-les-panneaux-aux-entrees-de-la-ville-suscitent-a-nouveau-un-certain-mecontentement\/","url":"https:\/\/vieassociative.be\/actualites\/seulement-eupen-au-lieu-de-kettenis-et-eupen-les-panneaux-aux-entrees-de-la-ville-suscitent-a-nouveau-un-certain-mecontentement\/","name":"Seulement EUPEN au lieu de KETTENIS et EUPEN : les panneaux aux entr\u00e9es de la ville suscitent \u00e0 nouveau un certain m\u00e9contentement | Vie Associative","isPartOf":{"@id":"https:\/\/vieassociative.be\/actualites\/#website"},"primaryImageOfPage":{"@id":"https:\/\/vieassociative.be\/actualites\/seulement-eupen-au-lieu-de-kettenis-et-eupen-les-panneaux-aux-entrees-de-la-ville-suscitent-a-nouveau-un-certain-mecontentement\/#primaryimage"},"image":{"@id":"https:\/\/vieassociative.be\/actualites\/seulement-eupen-au-lieu-de-kettenis-et-eupen-les-panneaux-aux-entrees-de-la-ville-suscitent-a-nouveau-un-certain-mecontentement\/#primaryimage"},"thumbnailUrl":"https:\/\/vieassociative.be\/actualites\/wp-content\/uploads\/2025\/01\/Seulement-EUPEN-au-lieu-de-KETTENIS-et-EUPEN-les.jpg","datePublished":"2025-01-03T20:17:29+00:00","dateModified":"2025-01-03T20:17:29+00:00","breadcrumb":{"@id":"https:\/\/vieassociative.be\/actualites\/seulement-eupen-au-lieu-de-kettenis-et-eupen-les-panneaux-aux-entrees-de-la-ville-suscitent-a-nouveau-un-certain-mecontentement\/#breadcrumb"},"inLanguage":"fr-BE","potentialAction":[{"@type":"ReadAction","target":["https:\/\/vieassociative.be\/actualites\/seulement-eupen-au-lieu-de-kettenis-et-eupen-les-panneaux-aux-entrees-de-la-ville-suscitent-a-nouveau-un-certain-mecontentement\/"]}]},{"@type":"ImageObject","inLanguage":"fr-BE","@id":"https:\/\/vieassociative.be\/actualites\/seulement-eupen-au-lieu-de-kettenis-et-eupen-les-panneaux-aux-entrees-de-la-ville-suscitent-a-nouveau-un-certain-mecontentement\/#primaryimage","url":"https:\/\/vieassociative.be\/actualites\/wp-content\/uploads\/2025\/01\/Seulement-EUPEN-au-lieu-de-KETTENIS-et-EUPEN-les.jpg","contentUrl":"https:\/\/vieassociative.be\/actualites\/wp-content\/uploads\/2025\/01\/Seulement-EUPEN-au-lieu-de-KETTENIS-et-EUPEN-les.jpg","width":900,"height":300,"caption":"Seulement EUPEN au lieu de KETTENIS et EUPEN : les panneaux aux entr\u00e9es de la ville suscitent \u00e0 nouveau un certain m\u00e9contentement"},{"@type":"BreadcrumbList","@id":"https:\/\/vieassociative.be\/actualites\/seulement-eupen-au-lieu-de-kettenis-et-eupen-les-panneaux-aux-entrees-de-la-ville-suscitent-a-nouveau-un-certain-mecontentement\/#breadcrumb","itemListElement":[{"@type":"ListItem","position":1,"name":"Accueil","item":"https:\/\/vieassociative.be\/actualites\/"},{"@type":"ListItem","position":2,"name":"Seulement EUPEN au lieu de KETTENIS et EUPEN : les panneaux aux entr\u00e9es de la ville suscitent \u00e0 nouveau un certain m\u00e9contentement"}]},{"@type":"WebSite","@id":"https:\/\/vieassociative.be\/actualites\/#website","url":"https:\/\/vieassociative.be\/actualites\/","name":"Vie Associative","description":"","publisher":{"@id":"https:\/\/vieassociative.be\/actualites\/#organization"},"potentialAction":[{"@type":"SearchAction","target":{"@type":"EntryPoint","urlTemplate":"https:\/\/vieassociative.be\/actualites\/?s={search_term_string}"},"query-input":{"@type":"PropertyValueSpecification","valueRequired":true,"valueName":"search_term_string"}}],"inLanguage":"fr-BE"},{"@type":"Organization","@id":"https:\/\/vieassociative.be\/actualites\/#organization","name":"Vie Associative","url":"https:\/\/vieassociative.be\/actualites\/","logo":{"@type":"ImageObject","inLanguage":"fr-BE","@id":"https:\/\/vieassociative.be\/actualites\/#\/schema\/logo\/image\/","url":"https:\/\/vieassociative.be\/actualites\/wp-content\/uploads\/2024\/09\/cropped-vieassociative_favicon.ico.png","contentUrl":"https:\/\/vieassociative.be\/actualites\/wp-content\/uploads\/2024\/09\/cropped-vieassociative_favicon.ico.png","width":512,"height":512,"caption":"Vie Associative"},"image":{"@id":"https:\/\/vieassociative.be\/actualites\/#\/schema\/logo\/image\/"}},{"@type":"Person","@id":"https:\/\/vieassociative.be\/actualites\/#\/schema\/person\/b87ac4f82f9d4e7b7cec7395b679edc4","name":"Julien","image":{"@type":"ImageObject","inLanguage":"fr-BE","@id":"https:\/\/vieassociative.be\/actualites\/#\/schema\/person\/image\/","url":"https:\/\/vieassociative.be\/actualites\/wp-content\/uploads\/2024\/09\/vie-associative-1-150x150.jpg","contentUrl":"https:\/\/vieassociative.be\/actualites\/wp-content\/uploads\/2024\/09\/vie-associative-1-150x150.jpg","caption":"Julien"},"description":"Je suis Julien, r\u00e9dacteur pour Vie Associative. Passionn\u00e9 par le monde associatif depuis plus de 10 ans, j'ai \u00e0 c\u0153ur de partager des histoires inspirantes et de mettre en lumi\u00e8re les initiatives locales. Mon objectif est de sensibiliser et d'encourager l'engagement communautaire \u00e0 travers mes articles.","sameAs":["https:\/\/vieassociative.be\/"]}]}},"_links":{"self":[{"href":"https:\/\/vieassociative.be\/actualites\/wp-json\/wp\/v2\/posts\/4016"}],"collection":[{"href":"https:\/\/vieassociative.be\/actualites\/wp-json\/wp\/v2\/posts"}],"about":[{"href":"https:\/\/vieassociative.be\/actualites\/wp-json\/wp\/v2\/types\/post"}],"author":[{"embeddable":true,"href":"https:\/\/vieassociative.be\/actualites\/wp-json\/wp\/v2\/users\/1"}],"replies":[{"embeddable":true,"href":"https:\/\/vieassociative.be\/actualites\/wp-json\/wp\/v2\/comments?post=4016"}],"version-history":[{"count":0,"href":"https:\/\/vieassociative.be\/actualites\/wp-json\/wp\/v2\/posts\/4016\/revisions"}],"wp:featuredmedia":[{"embeddable":true,"href":"https:\/\/vieassociative.be\/actualites\/wp-json\/wp\/v2\/media\/4017"}],"wp:attachment":[{"href":"https:\/\/vieassociative.be\/actualites\/wp-json\/wp\/v2\/media?parent=4016"}],"wp:term":[{"taxonomy":"category","embeddable":true,"href":"https:\/\/vieassociative.be\/actualites\/wp-json\/wp\/v2\/categories?post=4016"},{"taxonomy":"post_tag","embeddable":true,"href":"https:\/\/vieassociative.be\/actualites\/wp-json\/wp\/v2\/tags?post=4016"}],"curies":[{"name":"wp","href":"https:\/\/api.w.org\/{rel}","templated":true}]}}