{"id":4008,"date":"2025-01-03T14:18:03","date_gmt":"2025-01-03T13:18:03","guid":{"rendered":"https:\/\/vieassociative.be\/actualites\/mes-solutions-de-stockage-preferees-pour-les-locataires-et-qui-ne-laisseront-aucune-trace\/"},"modified":"2025-01-03T14:18:03","modified_gmt":"2025-01-03T13:18:03","slug":"mes-solutions-de-stockage-preferees-pour-les-locataires-et-qui-ne-laisseront-aucune-trace","status":"publish","type":"post","link":"https:\/\/vieassociative.be\/actualites\/mes-solutions-de-stockage-preferees-pour-les-locataires-et-qui-ne-laisseront-aucune-trace\/","title":{"rendered":"Mes solutions de stockage pr\u00e9f\u00e9r\u00e9es pour les locataires et qui ne laisseront aucune trace"},"content":{"rendered":"<div class=\"mt-4 leading-6 md:mb-8\">Vous ne pouvez pas r\u00e9nover totalement un endroit qui ne vous appartient pas.<\/div>\n<p><\/p>\n<p>Lorsque vous louez, l&rsquo;espace est votre maison mais ce n&rsquo;est pas le cas <em>ton<\/em> \u00e0 la maison, tu sais ? Vous souhaitez \u00e9videmment le garder bien rang\u00e9 et organis\u00e9, non seulement pour votre propre b\u00e9n\u00e9fice, mais aussi pour ne pas finir par perdre un d\u00e9p\u00f4t de garantie \u00e0 un moment donn\u00e9. Le vrai probl\u00e8me entre en jeu lorsqu\u2019il s\u2019agit de d\u00e9cider comment proc\u00e9der. Dans la plupart des cas, vous ne pouvez pas r\u00e9nover ou apporter des modifications permanentes, mais vous n&rsquo;\u00eates pas sans options : voici les meilleures solutions organisationnelles (non destructives) pour les locataires. <\/p>\n<h2 id=\"always-opt-for-expanders-or-tension-rods\">Optez toujours pour des extenseurs ou des tiges de tension<\/h2>\n<p>Beaucoup de gens vissent des \u00e9tag\u00e8res et des tringles dans les murs de leur location, sachant qu&rsquo;ils peuvent colmater les trous avant de partir, mais ce n&rsquo;est toujours pas id\u00e9al. Le jour du d\u00e9m\u00e9nagement, vous avez assez de choses \u00e0 faire, vous ne voudrez peut-\u00eatre pas devenir bricoleur \u00e0 un moment o\u00f9 vous devez d\u00e9j\u00e0 d\u00e9m\u00e9nager et d\u00e9baller vos affaires ailleurs. Les organisateurs extensibles sont globalement une bien meilleure option. <\/p>\n<p>Les s\u00e9parateurs de tiroirs extensibles (huit pour 29,99 $) sont excellents car ils vous aident \u00e0 suivre les r\u00e8gles du triangle organisationnel. Concr\u00e8tement, ils vous permettent de diviser les tiroirs et les \u00e9tag\u00e8res afin de disposer d&rsquo;espaces de rangement hyper sp\u00e9cifiques pour toutes vos cat\u00e9gories d&rsquo;articles. C\u2019est vraiment important pour que tout reste en ordre, mais vous pouvez le faire sans rien installer de fa\u00e7on permanente. Il en va de m\u00eame pour ces supports de tension extensibles (24,95 $), qui produisent un espace de rangement suppl\u00e9mentaire l\u00e0 o\u00f9 vous en avez besoin. <\/p>\n<p>\u00c9videmment, essayez d&rsquo;utiliser des tiges de tension standard dans la mesure du possible, qu&rsquo;il s&rsquo;agisse de suspendre des rideaux ou de cr\u00e9er une barre pour ranger des v\u00eatements suppl\u00e9mentaires ou un sac \u00e0 main, mais envisagez \u00e9galement des paniers de douche bas\u00e9s sur la tension. S&rsquo;il y a un endroit o\u00f9 vous ne devriez vraiment pas apporter de changements permanents, c&rsquo;est bien n&rsquo;importe quel endroit avec du carrelage ou de la c\u00e9ramique. C&rsquo;est donc votre option la plus s\u00fbre pour laisser la salle de bain exactement telle que vous l&rsquo;avez trouv\u00e9e. Vous pouvez obtenir un chariot \u00e0 quatre niveaux pour moins de 20 dollars. <\/p>\n<h2 id=\"the-best-shelving-for-renters\">Les meilleures \u00e9tag\u00e8res pour les locataires<\/h2>\n<p>Au cours de mes nombreuses ann\u00e9es en tant que locataire, j\u2019ai essay\u00e9 toutes sortes d\u2019\u00e9tag\u00e8res. Mon probl\u00e8me est que j&rsquo;ai besoin de beaucoup d&rsquo;espace de stockage, donc m\u00eame si j&rsquo;aime vraiment les squats qui ne prennent pas beaucoup de place, ils ne me sont tout simplement pas tr\u00e8s utiles et finissent toujours par \u00eatre tr\u00e8s encombr\u00e9s. J&rsquo;en ai besoin de gros, mais ils doivent \u00eatre juste de la bonne taille. S&rsquo;ils sont trop lourds ou trop l\u00e9gers, ils doivent \u00eatre fix\u00e9s au mur, et ce n&rsquo;est tout simplement pas ce que j&rsquo;essaie de faire dans un espace qui ne me appartient pas. <\/p>\n<p>J&rsquo;adore cette \u00e9tag\u00e8re \u00e0 quatre niveaux de Furinno (32,99 $), que je poss\u00e8de depuis quatre ans et avec laquelle je n&rsquo;ai eu aucun probl\u00e8me. D&rsquo;autres unit\u00e9s que j&rsquo;ai essay\u00e9es auparavant n&rsquo;\u00e9taient pas de la bonne taille et s&rsquo;effondreraient ou tomberaient. Ceux-ci sont juste suffisamment robustes et stables pour tenir debout sans renfort. Pas une fois en quatre ans ils n&rsquo;ont fait quoi que ce soit pour me d\u00e9plaire <em>ou <\/em>risquer mon d\u00e9p\u00f4t de garantie.<\/p>\n<div class=\"pogoClear mb-12 mt-10 rounded-md border-2 border-gray-100 py-7 shadow-xl md:py-6\">\n<div class=\"flex flex-wrap justify-between px-7 text-black no-underline md:flex-nowrap md:px-8\">\n<div class=\"order-1 mx-auto flex flex-col justify-center md:order-2 md:ml-4 md:w-full md:grow\">\n<div class=\"block cursor-pointer text-center font-akshar text-2xl font-medium leading-7 text-brand-green duration-200 ease-in-out hover:text-brand-green-700 md:text-left md:text-xl md:leading-6\">Furinno Turn-N-Tube Pr\u00e9sentoir polyvalent \u00e0 4 niveaux, tubes ronds, rose\/blanc\n                <\/div>\n<div class=\"mt-4 hidden md:flex md:justify-between\">\n<div class=\"self-end\">\n<div class=\"mb-0 h-11 md:flex md:flex-col md:justify-center\">\n<div class=\" font-sans leading-4 text-black\">\n<div class=\"flex flex-wrap items-center justify-center gap-x-1 md:justify-start\">\n        <span class=\"font-bold\"><\/p>\n<p>            32,99\u00a0$<br \/>\n                            <span class=\"font-medium\">chez Amazon<\/span><br \/>\n                    <\/span><br \/>\n                    <img decoding=\"async\" class=\"mt-0 h-(15px)\" src=\"https:\/\/vieassociative.be\/actualites\/wp-content\/uploads\/2025\/01\/Mes-solutions-de-stockage-preferees-pour-les-locataires-et-qui.svg.svg+xml\" title=\"Amazon Premier\" alt=\"Amazon Premier\">\n            <\/div>\n<div class=\"flex items-center justify-center gap-x-1 font-bold md:justify-start\">\n            <span class=\"text-sm line-through\">35,99\u00a0$<\/span><br \/>\n            <span class=\"text-sm text-brand-green\">\u00c9conomisez 3,00\u00a0$<\/span>\n        <\/div>\n<\/p><\/div>\n<\/p><\/div>\n<\/p><\/div>\n<div class=\"w-44 self-end\">\n                            <button class=\"flex justify-center items-center w-full bg-brand-green text-white text-base font-sans font-medium rounded-md hover:bg-brand-green-700 hover:cursor-pointer md:text-sm h-11\"><\/p>\n<p>    Achetez maintenant<br \/>\n<\/button>\n                        <\/div>\n<\/p><\/div>\n<\/p><\/div>\n<div class=\"order-2 mt-5 h-auto w-full md:order-1 md:mt-0 md:hidden\">\n<div class=\"flex aspect-video items-center justify-center\">\n                                            <img decoding=\"async\" class=\"m-0 max-h-full max-w-full rounded-md\" src=\"https:\/\/vieassociative.be\/actualites\/wp-content\/uploads\/2025\/01\/Mes-solutions-de-stockage-preferees-pour-les-locataires-et-qui.jpg\" alt=\"Furinno Turn-N-Tube Pr\u00e9sentoir polyvalent \u00e0 4 niveaux, tubes ronds, rose\/blanc\" width=\"auto\" height=\"auto\" loading=\"lazy\">\n                                    <\/div>\n<\/p><\/div>\n<div class=\"order-2 ml-2 hidden w-32 shrink-0 items-center md:order-1 md:ml-0 md:flex\">\n<div class=\"flex aspect-video items-center justify-center\">\n                                            <img decoding=\"async\" class=\"m-0 max-h-full max-w-full rounded-md\" src=\"https:\/\/vieassociative.be\/actualites\/wp-content\/uploads\/2025\/01\/Mes-solutions-de-stockage-preferees-pour-les-locataires-et-qui.jpg\" alt=\"Furinno Turn-N-Tube Pr\u00e9sentoir polyvalent \u00e0 4 niveaux, tubes ronds, rose\/blanc\" width=\"auto\" height=\"auto\" loading=\"lazy\">\n                                    <\/div>\n<\/p><\/div>\n<div class=\"order-3 flex grow flex-wrap md:hidden md:grow-0\">\n<div class=\"mt-4 w-full\">\n                        <button class=\"flex justify-center items-center w-full bg-brand-green text-white text-base font-sans font-medium rounded-md hover:bg-brand-green-700 hover:cursor-pointer md:text-sm h-11\"><\/p>\n<p>    Achetez maintenant<br \/>\n<\/button>\n                    <\/div>\n<div class=\"mx-2 mt-4 w-full\">\n<div class=\" font-sans leading-4 text-black\">\n<div class=\"flex flex-wrap items-center justify-center gap-x-1 md:justify-start\">\n        <span class=\"font-bold\"><\/p>\n<p>            32,99\u00a0$<br \/>\n                            <span class=\"font-medium\">chez Amazon<\/span><br \/>\n                    <\/span><br \/>\n                    <img decoding=\"async\" class=\"mt-0 h-(15px)\" src=\"https:\/\/vieassociative.be\/actualites\/wp-content\/uploads\/2025\/01\/Mes-solutions-de-stockage-preferees-pour-les-locataires-et-qui.svg.svg+xml\" title=\"Amazon Premier\" alt=\"Amazon Premier\">\n            <\/div>\n<div class=\"flex items-center justify-center gap-x-1 font-bold md:justify-start\">\n            <span class=\"text-sm line-through\">35,99\u00a0$<\/span><br \/>\n            <span class=\"text-sm text-brand-green\">\u00c9conomisez 3,00\u00a0$<\/span>\n        <\/div>\n<\/p><\/div>\n<\/p><\/div>\n<\/p><\/div>\n<\/p><\/div>\n<\/div>\n<p>Je suis \u00e9galement un fervent partisan du stockage cubique. Les \u00e9tag\u00e8res carr\u00e9es comportent des trous plus petits, vous devez donc \u00eatre plus pr\u00e9cis et intentionnel quant aux cat\u00e9gories que vous stockez, mais le poids est uniform\u00e9ment r\u00e9parti et elles sont suffisamment basses par rapport au sol pour que, encore une fois, elles n&rsquo;aient pas besoin d&rsquo;\u00eatre renforc\u00e9es. Mon meilleur conseil, en tant que personne ayant trop d&rsquo;exp\u00e9rience, est d&rsquo;obtenir ceux que vous devez visser ensemble, pas ceux qui glissent dans des supports externes. Ceux-ci sont trop l\u00e9gers et instables. Ils vont s&rsquo;effondrer. Ceux que vous vissez ensemble, comme ceux de Furinno (29,99 $ pour cinq unit\u00e9s), sont beaucoup plus stables. <\/p>\n<h2 id=\"quality-adhesive-is-the-renters-friend\">Un adh\u00e9sif de qualit\u00e9 est l\u2019ami du locataire<\/h2>\n<p>J&rsquo;ai toutes sortes d&rsquo;organisateurs sympas dans ma maison, fix\u00e9s aux murs et sous les armoires. Ils sont fix\u00e9s par adh\u00e9sif, ce qui signifie que le jour de mon d\u00e9part, je pourrai simplement les tirer vers le bas. Je les ai beaucoup d\u00e9plac\u00e9s et r\u00e9organis\u00e9s et je n&rsquo;ai jamais remarqu\u00e9 qu&rsquo;ils tiraient sur les cloisons s\u00e8ches. C&rsquo;est parce que j&rsquo;utilise un adh\u00e9sif de qualit\u00e9. Je pr\u00e9f\u00e8re 3M \u00e0 Command, qui, j&rsquo;ai remarqu\u00e9, a tendance \u00e0 tomber davantage. Vous pouvez obtenir plus de 16 pieds d\u2019adh\u00e9sif pour 12,99 $.<\/p>\n<p>Quant \u00e0 l\u2019utilisation que je fais de ce produit, permettez-moi d\u2019en compter les fa\u00e7ons. J&rsquo;ai tout un \u00ab\u00a0mur organisationnel\u00a0\u00bb qui comprend des supports de lunettes de soleil individuels, des supports pour ceintures et chapeaux, ainsi qu&rsquo;un stockage de bouteilles pour des \u00e9l\u00e9ments comme de la cr\u00e8me solaire et de la laque. J&rsquo;utilise \u00e9galement des crochets adh\u00e9sifs dans tout l&rsquo;appartement, ainsi que des range-serviettes et ustensiles adh\u00e9sifs dans la cuisine. <\/p>\n<p>Tous ces \u00e9l\u00e9ments sont peu co\u00fbteux, co\u00fbtant moins de 20 $, et me donnent des options d&rsquo;organisation hyper sp\u00e9cifiques pour toutes les choses que je dois stocker sans endommager la propri\u00e9t\u00e9. Cela dit, je ne recommande pas l&rsquo;adh\u00e9sif <em>rayonnage<\/em>. Toute grande \u00e9tag\u00e8re que vous devez coller au mur risque de s\u2019effondrer. Cela n&rsquo;en vaut pas la peine pour moi, alors je m&rsquo;en tiens aux \u00e9tag\u00e8res et aux petits outils d&rsquo;organisation muraux. <\/p>\n","protected":false},"excerpt":{"rendered":"<p>Vous ne pouvez pas r\u00e9nover totalement un endroit qui ne vous appartient pas. Lorsque vous louez, l&rsquo;espace est votre maison mais ce n&rsquo;est pas le<\/p>\n","protected":false},"author":1,"featured_media":4009,"comment_status":"","ping_status":"","sticky":false,"template":"","format":"standard","meta":{"footnotes":""},"categories":[40],"tags":[4102,4461,14,4411,87,81,116,99,1436,3486,4462],"class_list":["post-4008","post","type-post","status-publish","format-standard","has-post-thumbnail","hentry","category-maison","tag-aucune","tag-laisseront","tag-les","tag-locataires","tag-mes","tag-pour","tag-preferees","tag-qui","tag-solutions","tag-stockage","tag-trace","generate-columns","tablet-grid-50","mobile-grid-100","grid-parent","grid-33"],"yoast_head":"<!-- This site is optimized with the Yoast SEO plugin v24.0 - https:\/\/yoast.com\/wordpress\/plugins\/seo\/ -->\n<title>Mes solutions de stockage pr\u00e9f\u00e9r\u00e9es pour les locataires et qui ne laisseront aucune trace | Vie Associative<\/title>\n<meta name=\"robots\" content=\"index, follow, max-snippet:-1, max-image-preview:large, max-video-preview:-1\" \/>\n<link rel=\"canonical\" href=\"https:\/\/vieassociative.be\/actualites\/mes-solutions-de-stockage-preferees-pour-les-locataires-et-qui-ne-laisseront-aucune-trace\/\" \/>\n<meta property=\"og:locale\" content=\"fr_FR\" \/>\n<meta property=\"og:type\" content=\"article\" \/>\n<meta property=\"og:title\" content=\"Mes solutions de stockage pr\u00e9f\u00e9r\u00e9es pour les locataires et qui ne laisseront aucune trace | Vie Associative\" \/>\n<meta property=\"og:description\" content=\"Vous ne pouvez pas r\u00e9nover totalement un endroit qui ne vous appartient pas. Lorsque vous louez, l&rsquo;espace est votre maison mais ce n&rsquo;est pas le\" \/>\n<meta property=\"og:url\" content=\"https:\/\/vieassociative.be\/actualites\/mes-solutions-de-stockage-preferees-pour-les-locataires-et-qui-ne-laisseront-aucune-trace\/\" \/>\n<meta property=\"og:site_name\" content=\"Vie Associative\" \/>\n<meta property=\"article:published_time\" content=\"2025-01-03T13:18:03+00:00\" \/>\n<meta property=\"og:image\" content=\"https:\/\/vieassociative.be\/actualites\/wp-content\/uploads\/2025\/01\/Mes-solutions-de-stockage-preferees-pour-les-locataires-et-qui.svg.svg+xml\" \/>\n<meta name=\"author\" content=\"Julien\" \/>\n<meta name=\"twitter:card\" content=\"summary_large_image\" \/>\n<meta name=\"twitter:label1\" content=\"\u00c9crit par\" \/>\n\t<meta name=\"twitter:data1\" content=\"Julien\" \/>\n\t<meta name=\"twitter:label2\" content=\"Dur\u00e9e de lecture est.\" \/>\n\t<meta name=\"twitter:data2\" content=\"5 minutes\" \/>\n<script type=\"application\/ld+json\" class=\"yoast-schema-graph\">{\"@context\":\"https:\/\/schema.org\",\"@graph\":[{\"@type\":\"Article\",\"@id\":\"https:\/\/vieassociative.be\/actualites\/mes-solutions-de-stockage-preferees-pour-les-locataires-et-qui-ne-laisseront-aucune-trace\/#article\",\"isPartOf\":{\"@id\":\"https:\/\/vieassociative.be\/actualites\/mes-solutions-de-stockage-preferees-pour-les-locataires-et-qui-ne-laisseront-aucune-trace\/\"},\"author\":{\"name\":\"Julien\",\"@id\":\"https:\/\/vieassociative.be\/actualites\/#\/schema\/person\/b87ac4f82f9d4e7b7cec7395b679edc4\"},\"headline\":\"Mes solutions de stockage pr\u00e9f\u00e9r\u00e9es pour les locataires et qui ne laisseront aucune trace\",\"datePublished\":\"2025-01-03T13:18:03+00:00\",\"dateModified\":\"2025-01-03T13:18:03+00:00\",\"mainEntityOfPage\":{\"@id\":\"https:\/\/vieassociative.be\/actualites\/mes-solutions-de-stockage-preferees-pour-les-locataires-et-qui-ne-laisseront-aucune-trace\/\"},\"wordCount\":1070,\"publisher\":{\"@id\":\"https:\/\/vieassociative.be\/actualites\/#organization\"},\"image\":{\"@id\":\"https:\/\/vieassociative.be\/actualites\/mes-solutions-de-stockage-preferees-pour-les-locataires-et-qui-ne-laisseront-aucune-trace\/#primaryimage\"},\"thumbnailUrl\":\"https:\/\/vieassociative.be\/actualites\/wp-content\/uploads\/2025\/01\/Mes-solutions-de-stockage-preferees-pour-les-locataires-et-qui.png\",\"keywords\":[\"Aucune\",\"laisseront\",\"Les\",\"locataires\",\"Mes\",\"pour\",\"pr\u00e9f\u00e9r\u00e9es\",\"qui\",\"solutions\",\"stockage\",\"trace\"],\"articleSection\":[\"Maison\"],\"inLanguage\":\"fr-BE\"},{\"@type\":\"WebPage\",\"@id\":\"https:\/\/vieassociative.be\/actualites\/mes-solutions-de-stockage-preferees-pour-les-locataires-et-qui-ne-laisseront-aucune-trace\/\",\"url\":\"https:\/\/vieassociative.be\/actualites\/mes-solutions-de-stockage-preferees-pour-les-locataires-et-qui-ne-laisseront-aucune-trace\/\",\"name\":\"Mes solutions de stockage pr\u00e9f\u00e9r\u00e9es pour les locataires et qui ne laisseront aucune trace | Vie Associative\",\"isPartOf\":{\"@id\":\"https:\/\/vieassociative.be\/actualites\/#website\"},\"primaryImageOfPage\":{\"@id\":\"https:\/\/vieassociative.be\/actualites\/mes-solutions-de-stockage-preferees-pour-les-locataires-et-qui-ne-laisseront-aucune-trace\/#primaryimage\"},\"image\":{\"@id\":\"https:\/\/vieassociative.be\/actualites\/mes-solutions-de-stockage-preferees-pour-les-locataires-et-qui-ne-laisseront-aucune-trace\/#primaryimage\"},\"thumbnailUrl\":\"https:\/\/vieassociative.be\/actualites\/wp-content\/uploads\/2025\/01\/Mes-solutions-de-stockage-preferees-pour-les-locataires-et-qui.png\",\"datePublished\":\"2025-01-03T13:18:03+00:00\",\"dateModified\":\"2025-01-03T13:18:03+00:00\",\"breadcrumb\":{\"@id\":\"https:\/\/vieassociative.be\/actualites\/mes-solutions-de-stockage-preferees-pour-les-locataires-et-qui-ne-laisseront-aucune-trace\/#breadcrumb\"},\"inLanguage\":\"fr-BE\",\"potentialAction\":[{\"@type\":\"ReadAction\",\"target\":[\"https:\/\/vieassociative.be\/actualites\/mes-solutions-de-stockage-preferees-pour-les-locataires-et-qui-ne-laisseront-aucune-trace\/\"]}]},{\"@type\":\"ImageObject\",\"inLanguage\":\"fr-BE\",\"@id\":\"https:\/\/vieassociative.be\/actualites\/mes-solutions-de-stockage-preferees-pour-les-locataires-et-qui-ne-laisseront-aucune-trace\/#primaryimage\",\"url\":\"https:\/\/vieassociative.be\/actualites\/wp-content\/uploads\/2025\/01\/Mes-solutions-de-stockage-preferees-pour-les-locataires-et-qui.png\",\"contentUrl\":\"https:\/\/vieassociative.be\/actualites\/wp-content\/uploads\/2025\/01\/Mes-solutions-de-stockage-preferees-pour-les-locataires-et-qui.png\",\"width\":1200,\"height\":675,\"caption\":\"Mes solutions de stockage pr\u00e9f\u00e9r\u00e9es pour les locataires et qui ne laisseront aucune trace\"},{\"@type\":\"BreadcrumbList\",\"@id\":\"https:\/\/vieassociative.be\/actualites\/mes-solutions-de-stockage-preferees-pour-les-locataires-et-qui-ne-laisseront-aucune-trace\/#breadcrumb\",\"itemListElement\":[{\"@type\":\"ListItem\",\"position\":1,\"name\":\"Accueil\",\"item\":\"https:\/\/vieassociative.be\/actualites\/\"},{\"@type\":\"ListItem\",\"position\":2,\"name\":\"Mes solutions de stockage pr\u00e9f\u00e9r\u00e9es pour les locataires et qui ne laisseront aucune trace\"}]},{\"@type\":\"WebSite\",\"@id\":\"https:\/\/vieassociative.be\/actualites\/#website\",\"url\":\"https:\/\/vieassociative.be\/actualites\/\",\"name\":\"Vie Associative\",\"description\":\"\",\"publisher\":{\"@id\":\"https:\/\/vieassociative.be\/actualites\/#organization\"},\"potentialAction\":[{\"@type\":\"SearchAction\",\"target\":{\"@type\":\"EntryPoint\",\"urlTemplate\":\"https:\/\/vieassociative.be\/actualites\/?s={search_term_string}\"},\"query-input\":{\"@type\":\"PropertyValueSpecification\",\"valueRequired\":true,\"valueName\":\"search_term_string\"}}],\"inLanguage\":\"fr-BE\"},{\"@type\":\"Organization\",\"@id\":\"https:\/\/vieassociative.be\/actualites\/#organization\",\"name\":\"Vie Associative\",\"url\":\"https:\/\/vieassociative.be\/actualites\/\",\"logo\":{\"@type\":\"ImageObject\",\"inLanguage\":\"fr-BE\",\"@id\":\"https:\/\/vieassociative.be\/actualites\/#\/schema\/logo\/image\/\",\"url\":\"https:\/\/vieassociative.be\/actualites\/wp-content\/uploads\/2024\/09\/cropped-vieassociative_favicon.ico.png\",\"contentUrl\":\"https:\/\/vieassociative.be\/actualites\/wp-content\/uploads\/2024\/09\/cropped-vieassociative_favicon.ico.png\",\"width\":512,\"height\":512,\"caption\":\"Vie Associative\"},\"image\":{\"@id\":\"https:\/\/vieassociative.be\/actualites\/#\/schema\/logo\/image\/\"}},{\"@type\":\"Person\",\"@id\":\"https:\/\/vieassociative.be\/actualites\/#\/schema\/person\/b87ac4f82f9d4e7b7cec7395b679edc4\",\"name\":\"Julien\",\"image\":{\"@type\":\"ImageObject\",\"inLanguage\":\"fr-BE\",\"@id\":\"https:\/\/vieassociative.be\/actualites\/#\/schema\/person\/image\/\",\"url\":\"https:\/\/vieassociative.be\/actualites\/wp-content\/uploads\/2024\/09\/vie-associative-1-150x150.jpg\",\"contentUrl\":\"https:\/\/vieassociative.be\/actualites\/wp-content\/uploads\/2024\/09\/vie-associative-1-150x150.jpg\",\"caption\":\"Julien\"},\"description\":\"Je suis Julien, r\u00e9dacteur pour Vie Associative. Passionn\u00e9 par le monde associatif depuis plus de 10 ans, j'ai \u00e0 c\u0153ur de partager des histoires inspirantes et de mettre en lumi\u00e8re les initiatives locales. Mon objectif est de sensibiliser et d'encourager l'engagement communautaire \u00e0 travers mes articles.\",\"sameAs\":[\"https:\/\/vieassociative.be\/\"]}]}<\/script>\n<!-- \/ Yoast SEO plugin. -->","yoast_head_json":{"title":"Mes solutions de stockage pr\u00e9f\u00e9r\u00e9es pour les locataires et qui ne laisseront aucune trace | Vie Associative","robots":{"index":"index","follow":"follow","max-snippet":"max-snippet:-1","max-image-preview":"max-image-preview:large","max-video-preview":"max-video-preview:-1"},"canonical":"https:\/\/vieassociative.be\/actualites\/mes-solutions-de-stockage-preferees-pour-les-locataires-et-qui-ne-laisseront-aucune-trace\/","og_locale":"fr_FR","og_type":"article","og_title":"Mes solutions de stockage pr\u00e9f\u00e9r\u00e9es pour les locataires et qui ne laisseront aucune trace | Vie Associative","og_description":"Vous ne pouvez pas r\u00e9nover totalement un endroit qui ne vous appartient pas. Lorsque vous louez, l&rsquo;espace est votre maison mais ce n&rsquo;est pas le","og_url":"https:\/\/vieassociative.be\/actualites\/mes-solutions-de-stockage-preferees-pour-les-locataires-et-qui-ne-laisseront-aucune-trace\/","og_site_name":"Vie Associative","article_published_time":"2025-01-03T13:18:03+00:00","og_image":[{"url":"https:\/\/vieassociative.be\/actualites\/wp-content\/uploads\/2025\/01\/Mes-solutions-de-stockage-preferees-pour-les-locataires-et-qui.svg.svg+xml","type":"","width":"","height":""}],"author":"Julien","twitter_card":"summary_large_image","twitter_misc":{"\u00c9crit par":"Julien","Dur\u00e9e de lecture est.":"5 minutes"},"schema":{"@context":"https:\/\/schema.org","@graph":[{"@type":"Article","@id":"https:\/\/vieassociative.be\/actualites\/mes-solutions-de-stockage-preferees-pour-les-locataires-et-qui-ne-laisseront-aucune-trace\/#article","isPartOf":{"@id":"https:\/\/vieassociative.be\/actualites\/mes-solutions-de-stockage-preferees-pour-les-locataires-et-qui-ne-laisseront-aucune-trace\/"},"author":{"name":"Julien","@id":"https:\/\/vieassociative.be\/actualites\/#\/schema\/person\/b87ac4f82f9d4e7b7cec7395b679edc4"},"headline":"Mes solutions de stockage pr\u00e9f\u00e9r\u00e9es pour les locataires et qui ne laisseront aucune trace","datePublished":"2025-01-03T13:18:03+00:00","dateModified":"2025-01-03T13:18:03+00:00","mainEntityOfPage":{"@id":"https:\/\/vieassociative.be\/actualites\/mes-solutions-de-stockage-preferees-pour-les-locataires-et-qui-ne-laisseront-aucune-trace\/"},"wordCount":1070,"publisher":{"@id":"https:\/\/vieassociative.be\/actualites\/#organization"},"image":{"@id":"https:\/\/vieassociative.be\/actualites\/mes-solutions-de-stockage-preferees-pour-les-locataires-et-qui-ne-laisseront-aucune-trace\/#primaryimage"},"thumbnailUrl":"https:\/\/vieassociative.be\/actualites\/wp-content\/uploads\/2025\/01\/Mes-solutions-de-stockage-preferees-pour-les-locataires-et-qui.png","keywords":["Aucune","laisseront","Les","locataires","Mes","pour","pr\u00e9f\u00e9r\u00e9es","qui","solutions","stockage","trace"],"articleSection":["Maison"],"inLanguage":"fr-BE"},{"@type":"WebPage","@id":"https:\/\/vieassociative.be\/actualites\/mes-solutions-de-stockage-preferees-pour-les-locataires-et-qui-ne-laisseront-aucune-trace\/","url":"https:\/\/vieassociative.be\/actualites\/mes-solutions-de-stockage-preferees-pour-les-locataires-et-qui-ne-laisseront-aucune-trace\/","name":"Mes solutions de stockage pr\u00e9f\u00e9r\u00e9es pour les locataires et qui ne laisseront aucune trace | Vie Associative","isPartOf":{"@id":"https:\/\/vieassociative.be\/actualites\/#website"},"primaryImageOfPage":{"@id":"https:\/\/vieassociative.be\/actualites\/mes-solutions-de-stockage-preferees-pour-les-locataires-et-qui-ne-laisseront-aucune-trace\/#primaryimage"},"image":{"@id":"https:\/\/vieassociative.be\/actualites\/mes-solutions-de-stockage-preferees-pour-les-locataires-et-qui-ne-laisseront-aucune-trace\/#primaryimage"},"thumbnailUrl":"https:\/\/vieassociative.be\/actualites\/wp-content\/uploads\/2025\/01\/Mes-solutions-de-stockage-preferees-pour-les-locataires-et-qui.png","datePublished":"2025-01-03T13:18:03+00:00","dateModified":"2025-01-03T13:18:03+00:00","breadcrumb":{"@id":"https:\/\/vieassociative.be\/actualites\/mes-solutions-de-stockage-preferees-pour-les-locataires-et-qui-ne-laisseront-aucune-trace\/#breadcrumb"},"inLanguage":"fr-BE","potentialAction":[{"@type":"ReadAction","target":["https:\/\/vieassociative.be\/actualites\/mes-solutions-de-stockage-preferees-pour-les-locataires-et-qui-ne-laisseront-aucune-trace\/"]}]},{"@type":"ImageObject","inLanguage":"fr-BE","@id":"https:\/\/vieassociative.be\/actualites\/mes-solutions-de-stockage-preferees-pour-les-locataires-et-qui-ne-laisseront-aucune-trace\/#primaryimage","url":"https:\/\/vieassociative.be\/actualites\/wp-content\/uploads\/2025\/01\/Mes-solutions-de-stockage-preferees-pour-les-locataires-et-qui.png","contentUrl":"https:\/\/vieassociative.be\/actualites\/wp-content\/uploads\/2025\/01\/Mes-solutions-de-stockage-preferees-pour-les-locataires-et-qui.png","width":1200,"height":675,"caption":"Mes solutions de stockage pr\u00e9f\u00e9r\u00e9es pour les locataires et qui ne laisseront aucune trace"},{"@type":"BreadcrumbList","@id":"https:\/\/vieassociative.be\/actualites\/mes-solutions-de-stockage-preferees-pour-les-locataires-et-qui-ne-laisseront-aucune-trace\/#breadcrumb","itemListElement":[{"@type":"ListItem","position":1,"name":"Accueil","item":"https:\/\/vieassociative.be\/actualites\/"},{"@type":"ListItem","position":2,"name":"Mes solutions de stockage pr\u00e9f\u00e9r\u00e9es pour les locataires et qui ne laisseront aucune trace"}]},{"@type":"WebSite","@id":"https:\/\/vieassociative.be\/actualites\/#website","url":"https:\/\/vieassociative.be\/actualites\/","name":"Vie Associative","description":"","publisher":{"@id":"https:\/\/vieassociative.be\/actualites\/#organization"},"potentialAction":[{"@type":"SearchAction","target":{"@type":"EntryPoint","urlTemplate":"https:\/\/vieassociative.be\/actualites\/?s={search_term_string}"},"query-input":{"@type":"PropertyValueSpecification","valueRequired":true,"valueName":"search_term_string"}}],"inLanguage":"fr-BE"},{"@type":"Organization","@id":"https:\/\/vieassociative.be\/actualites\/#organization","name":"Vie Associative","url":"https:\/\/vieassociative.be\/actualites\/","logo":{"@type":"ImageObject","inLanguage":"fr-BE","@id":"https:\/\/vieassociative.be\/actualites\/#\/schema\/logo\/image\/","url":"https:\/\/vieassociative.be\/actualites\/wp-content\/uploads\/2024\/09\/cropped-vieassociative_favicon.ico.png","contentUrl":"https:\/\/vieassociative.be\/actualites\/wp-content\/uploads\/2024\/09\/cropped-vieassociative_favicon.ico.png","width":512,"height":512,"caption":"Vie Associative"},"image":{"@id":"https:\/\/vieassociative.be\/actualites\/#\/schema\/logo\/image\/"}},{"@type":"Person","@id":"https:\/\/vieassociative.be\/actualites\/#\/schema\/person\/b87ac4f82f9d4e7b7cec7395b679edc4","name":"Julien","image":{"@type":"ImageObject","inLanguage":"fr-BE","@id":"https:\/\/vieassociative.be\/actualites\/#\/schema\/person\/image\/","url":"https:\/\/vieassociative.be\/actualites\/wp-content\/uploads\/2024\/09\/vie-associative-1-150x150.jpg","contentUrl":"https:\/\/vieassociative.be\/actualites\/wp-content\/uploads\/2024\/09\/vie-associative-1-150x150.jpg","caption":"Julien"},"description":"Je suis Julien, r\u00e9dacteur pour Vie Associative. Passionn\u00e9 par le monde associatif depuis plus de 10 ans, j'ai \u00e0 c\u0153ur de partager des histoires inspirantes et de mettre en lumi\u00e8re les initiatives locales. Mon objectif est de sensibiliser et d'encourager l'engagement communautaire \u00e0 travers mes articles.","sameAs":["https:\/\/vieassociative.be\/"]}]}},"_links":{"self":[{"href":"https:\/\/vieassociative.be\/actualites\/wp-json\/wp\/v2\/posts\/4008"}],"collection":[{"href":"https:\/\/vieassociative.be\/actualites\/wp-json\/wp\/v2\/posts"}],"about":[{"href":"https:\/\/vieassociative.be\/actualites\/wp-json\/wp\/v2\/types\/post"}],"author":[{"embeddable":true,"href":"https:\/\/vieassociative.be\/actualites\/wp-json\/wp\/v2\/users\/1"}],"replies":[{"embeddable":true,"href":"https:\/\/vieassociative.be\/actualites\/wp-json\/wp\/v2\/comments?post=4008"}],"version-history":[{"count":0,"href":"https:\/\/vieassociative.be\/actualites\/wp-json\/wp\/v2\/posts\/4008\/revisions"}],"wp:featuredmedia":[{"embeddable":true,"href":"https:\/\/vieassociative.be\/actualites\/wp-json\/wp\/v2\/media\/4009"}],"wp:attachment":[{"href":"https:\/\/vieassociative.be\/actualites\/wp-json\/wp\/v2\/media?parent=4008"}],"wp:term":[{"taxonomy":"category","embeddable":true,"href":"https:\/\/vieassociative.be\/actualites\/wp-json\/wp\/v2\/categories?post=4008"},{"taxonomy":"post_tag","embeddable":true,"href":"https:\/\/vieassociative.be\/actualites\/wp-json\/wp\/v2\/tags?post=4008"}],"curies":[{"name":"wp","href":"https:\/\/api.w.org\/{rel}","templated":true}]}}