{"id":4004,"date":"2025-01-03T12:17:47","date_gmt":"2025-01-03T11:17:47","guid":{"rendered":"https:\/\/vieassociative.be\/actualites\/pourquoi-les-enfants-ne-veulent-pas-parler-de-leur-journee-et-comment-les-amener-a-souvrir-quand-meme\/"},"modified":"2025-01-03T12:17:47","modified_gmt":"2025-01-03T11:17:47","slug":"pourquoi-les-enfants-ne-veulent-pas-parler-de-leur-journee-et-comment-les-amener-a-souvrir-quand-meme","status":"publish","type":"post","link":"https:\/\/vieassociative.be\/actualites\/pourquoi-les-enfants-ne-veulent-pas-parler-de-leur-journee-et-comment-les-amener-a-souvrir-quand-meme\/","title":{"rendered":"Pourquoi les enfants ne veulent pas parler de leur journ\u00e9e (et comment les amener \u00e0 s&rsquo;ouvrir quand m\u00eame)"},"content":{"rendered":"<div class=\"mt-4 leading-6 md:mb-8\">Comment s&rsquo;est pass\u00e9e l&rsquo;\u00e9cole ? Bien. Qu&rsquo;avez-vous appris ? Rien.<\/div>\n<p><\/p>\n<p>Le retour de l\u2019\u00e9cole peut ressembler \u00e0 une bataille de volont\u00e9s avec mon fils a\u00een\u00e9. Quand je d\u00e9marre la voiture, il est un concentr\u00e9 d&rsquo;\u00e9nergie extatique. Mais quand je commence \u00e0 lui poser des questions sur sa journ\u00e9e, son sourire dispara\u00eet et il ferme la bouche comme un coffre-fort. Le reste du voyage est plus angoissant qu&rsquo;un \u00e9pisode de<em> Loi et ordre <\/em>alors que j&rsquo;\u00e9coute tout indice qui l&rsquo;am\u00e8nera \u00e0 s&rsquo;ouvrir \u00e0 moi.<\/p>\n<p>Ma femme et moi avons partag\u00e9 l&rsquo;enthousiasme de notre fils \u00e0 l&rsquo;id\u00e9e de commencer la maternelle cette ann\u00e9e. Mais depuis plusieurs semaines, il nous est difficile de mesurer son enthousiasme. Et en tant que personne qui trouve difficile la socialisation \u00e0 l&rsquo;\u00e9cole, je crains toujours que d&rsquo;autres enfants ne l&rsquo;intimident ou qu&rsquo;il ait du mal \u00e0 suivre le programme.<\/p>\n<p>Mais amener les enfants \u00e0 parler de leur journ\u00e9e est un combat pour les parents depuis des g\u00e9n\u00e9rations. Et \u00e0 en juger par la pl\u00e9thore d\u2019articles traitant de ce sujet, la lutte pour savoir ce qui se passe \u00e0 l\u2019\u00e9cole continuera encore longtemps \u00e0 se mener dans les mini-fourgonnettes et autour des tables des salles \u00e0 manger.<\/p>\n<p>Pour nous aider dans la lutte, nous avons fait des recherches <em>pourquoi<\/em> les enfants ne parlent pas de ce qui se passe apr\u00e8s que nous les ayons d\u00e9pos\u00e9s et partagent quelques strat\u00e9gies et questions qui pourraient encourager les enfants \u00e0 s&rsquo;ouvrir. <\/p>\n<h2 id=\"kids-need-to-decompress-after-school\"><strong>Les enfants ont besoin de d\u00e9compresser apr\u00e8s l&rsquo;\u00e9cole<\/strong><\/h2>\n<p>M\u00eame lorsque les adultes rentrent du travail, nous avons souvent besoin (ou aimerions avoir) quelques instants pour d\u00e9compresser et permettre \u00e0 notre cerveau de passer du \u00ab mode travail \u00bb au \u00ab mode soignant \u00bb. Et au lieu de cela, lorsque nous sommes confront\u00e9s \u00e0 un d\u00e9luge de questions et de demandes&#8230;<em>Qu&rsquo;est-ce qu&rsquo;il y a pour le d\u00eener ? Pouah, encore du pain de viande ?<\/em>cela peut nous rendre un peu exasp\u00e9r\u00e9s. <\/p>\n<p>Selon cet article de Meghan Leahy du Washington Post, les jeunes enfants ont \u00e9galement besoin d&rsquo;un moment pour passer de l&rsquo;\u00e9cole \u00e0 la \u00ab maison \u00bb. Mais comme ils sont plus jeunes, il est plus difficile pour les enfants de faire ce changement\u00a0:<\/p>\n<blockquote>\n<p>(B)<\/p>\n<p>Parce que les enfants sont jeunes et immatures, leur cerveau n\u2019est pas apte \u00e0 g\u00e9rer la transition du \u00ab travail \u00bb \u00e0 la maison. Lorsqu\u2019ils sont d\u00e9bord\u00e9s, leur cerveau est grill\u00e9. Les enfants ne peuvent pas conserver leur maturit\u00e9 lorsqu\u2019ils sont si fatigu\u00e9s. Pour ajouter \u00e0 cette dynamique, les enfants extr\u00eamement sensibles peuvent montrer encore plus de signes de d\u00e9passement.<\/p>\n<\/blockquote>\n<p>Leahy recommande de donner aux enfants quelques instants pour d\u00e9compresser et d&rsquo;attendre qu&rsquo;ils s&rsquo;ouvrent. Et lorsqu\u2019ils parlent enfin de leur journ\u00e9e, \u00e9coutez attentivement ce qu\u2019ils ont \u00e0 dire : \u00ab Voyez ce qui se passe lorsque vous ne laissez pas votre besoin d\u2019en savoir plus sur (leur) journ\u00e9e consommer de l\u2019espace et de l\u2019\u00e9nergie. Concentrez-vous \u00e0 100 pour cent sur l\u2019\u00e9coute.<\/p>\n<h2 id=\"young-kids-dont-recall-the-days-events-the-same-way-you-do\">Les jeunes enfants ne se souviennent pas des \u00e9v\u00e9nements de la journ\u00e9e de la m\u00eame fa\u00e7on que vous.<\/h2>\n<p>L\u2019une des raisons pour lesquelles votre enfant vous fait obstacle lorsque vous lui posez des questions sur sa journ\u00e9e est en r\u00e9alit\u00e9 plus biologique que psychologique. La premi\u00e8re \u00e9tape importante du d\u00e9veloppement c\u00e9r\u00e9bral se produit entre deux et sept ans. \u00c0 cet \u00e2ge, la neuropsychologue pour enfants Alison Gopnik \u00e9crit dans son livre\u00a0: <em>Le b\u00e9b\u00e9 philosophique\u00a0: ce que l&rsquo;esprit des enfants nous dit sur la v\u00e9rit\u00e9, l&rsquo;amour et le sens de la vie<\/em>que lorsqu&rsquo;on les interroge sur leur journ\u00e9e en termes g\u00e9n\u00e9raux, les enfants sont incapables de s&rsquo;impliquer parce que leur cerveau ne peut pas se souvenir de souvenirs de la m\u00eame mani\u00e8re que les adultes ou m\u00eame les enfants plus \u00e2g\u00e9s.<\/p>\n<p>Aussi frustrant qu&rsquo;il soit d&rsquo;obtenir une r\u00e9ponse standard de votre enfant, il ne r\u00e9siste pas \u00e0 vos questions. Une m\u00e9thode pour les amener \u00e0 s&rsquo;ouvrir consiste \u00e0 utiliser l&rsquo;itin\u00e9raire de ce qui se passe au cours d&rsquo;une journ\u00e9e scolaire typique que la plupart des \u00e9coles maternelles et des enseignants donnent aux parents au d\u00e9but de l&rsquo;ann\u00e9e scolaire. Gopnik sugg\u00e8re que cela puisse vous guider en posant des questions qui aident les enfants \u00e0 se souvenir de souvenirs sp\u00e9cifiques de ce qui s&rsquo;est pass\u00e9 au cours de leur journ\u00e9e et pourraient d\u00e9clencher une conversation plus longue. <\/p>\n<h2 id=\"tell-them-about-your-day-first\"><strong>Parlez-leur <em>ton<\/em> premier jour<\/strong><\/h2>\n<p>\u00c0 moins que vous ne soyez une star de cin\u00e9ma ou, je ne sais pas, Jeff Bezos, il y a de fortes chances que votre journ\u00e9e de travail typique soit ennuyeuse et monotone \u2013 et il y a de fortes chances que votre enfant ressente la m\u00eame chose \u00e0 propos de sa journ\u00e9e. Peut-\u00eatre que les d\u00e9tails sur l&rsquo;apprentissage d&rsquo;une division longue ou sur qui \u00e9tait assis \u00e0 c\u00f4t\u00e9 de qui au d\u00e9jeuner semblent trop banals pour \u00eatre r\u00e9capitul\u00e9s. Mais <em>Sara Ackerman \u00e9crit pour le Washington Post<\/em> que quand elle<em> <\/em>commenc\u00e9 \u00e0 partager <em>son<\/em> journ\u00e9e avec sa fille, sa fille lui a rendu la pareille\u00a0:<\/p>\n<blockquote>\n<p>Peu importe que vous soyez un d\u00e9veloppeur de logiciels, un caissier, un blogueur, un m\u00e9decin, un chauffeur de bus ou un parent au foyer, car il ne s&rsquo;agit pas des moindres d\u00e9tails du travail. Il s&rsquo;agit de partager ce qui nous fait rire et ce qui nous ennuie, les erreurs que nous faisons et ce qui est difficile pour nous, les personnes int\u00e9ressantes que nous rencontrons. Lorsque je mod\u00e9lise cela pour ma fille, elle est plus dispos\u00e9e \u00e0 partager la m\u00eame chose avec moi.<\/p>\n<\/blockquote>\n<h2 id=\"what-if-you-think-they-are-being-bullied\">Et si vous pensez qu&rsquo;ils sont victimes d&rsquo;intimidation ?<\/h2>\n<p>Un enfant sur cinq est victime d&rsquo;intimidation, et entre 25 et 60 % d&rsquo;entre eux ne le signalent pas \u00e0 un parent ou \u00e0 une figure d&rsquo;autorit\u00e9. Aussi surprenantes que soient ces statistiques, les parents n&rsquo;arr\u00eateront probablement pas la tendance en demandant directement \u00e0 leurs enfants s&rsquo;ils sont harcel\u00e9s \u00e0 l&rsquo;\u00e9cole.<\/p>\n<p>Si vous pensez que votre enfant est victime d\u2019intimidation, il existe des moyens de l\u2019amener \u00e0 s\u2019ouvrir. <em>Selon le HuffPost<\/em>les parents devraient commencer \u00e0 poser des questions simples et pointues sur les personnes avec qui ils jouent et comment \u00e7a se passe. Par exemple: <em>Avec qui as-tu jou\u00e9 aujourd\u2019hui ? Comment c\u2019\u00e9tait ? Quelles sont les choses que vous aimez faire avec d\u2019autres enfants ? Quelles sont les choses que vous n\u2019aimez pas tellement ?<\/em><\/p>\n<p>Si cela ne fonctionne pas, vous pouvez utiliser des livres, des films et des \u00e9missions de t\u00e9l\u00e9vision qui traitent de l&rsquo;intimidation comme outil pour aider les enfants \u00e0 s&rsquo;ouvrir ou \u00e0 entamer une conversation sur la fa\u00e7on dont les enfants socialisent avec leurs pairs. M\u00eame si votre enfant n&rsquo;est pas victime d&rsquo;intimidation, engager ces conversations lui montrera qu&rsquo;il peut vous parler de ces probl\u00e8mes. <\/p>\n","protected":false},"excerpt":{"rendered":"<p>Comment s&rsquo;est pass\u00e9e l&rsquo;\u00e9cole ? Bien. Qu&rsquo;avez-vous appris ? Rien. Le retour de l\u2019\u00e9cole peut ressembler \u00e0 une bataille de volont\u00e9s avec mon fils a\u00een\u00e9.<\/p>\n","protected":false},"author":1,"featured_media":4005,"comment_status":"","ping_status":"","sticky":false,"template":"","format":"standard","meta":{"footnotes":""},"categories":[37],"tags":[3204,44,324,2877,14,958,891,438,126,734,123,4458,4105],"class_list":["post-4004","post","type-post","status-publish","format-standard","has-post-thumbnail","hentry","category-famille","tag-amener","tag-comment","tag-enfants","tag-journee","tag-les","tag-leur","tag-meme","tag-parler","tag-pas","tag-pourquoi","tag-quand","tag-souvrir","tag-veulent","generate-columns","tablet-grid-50","mobile-grid-100","grid-parent","grid-33"],"yoast_head":"<!-- This site is optimized with the Yoast SEO plugin v24.0 - https:\/\/yoast.com\/wordpress\/plugins\/seo\/ -->\n<title>Pourquoi les enfants ne veulent pas parler de leur journ\u00e9e (et comment les amener \u00e0 s&#039;ouvrir quand m\u00eame) | Vie Associative<\/title>\n<meta name=\"robots\" content=\"index, follow, max-snippet:-1, max-image-preview:large, max-video-preview:-1\" \/>\n<link rel=\"canonical\" href=\"https:\/\/vieassociative.be\/actualites\/pourquoi-les-enfants-ne-veulent-pas-parler-de-leur-journee-et-comment-les-amener-a-souvrir-quand-meme\/\" \/>\n<meta property=\"og:locale\" content=\"fr_FR\" \/>\n<meta property=\"og:type\" content=\"article\" \/>\n<meta property=\"og:title\" content=\"Pourquoi les enfants ne veulent pas parler de leur journ\u00e9e (et comment les amener \u00e0 s&#039;ouvrir quand m\u00eame) | Vie Associative\" \/>\n<meta property=\"og:description\" content=\"Comment s&rsquo;est pass\u00e9e l&rsquo;\u00e9cole ? Bien. Qu&rsquo;avez-vous appris ? Rien. Le retour de l\u2019\u00e9cole peut ressembler \u00e0 une bataille de volont\u00e9s avec mon fils a\u00een\u00e9.\" \/>\n<meta property=\"og:url\" content=\"https:\/\/vieassociative.be\/actualites\/pourquoi-les-enfants-ne-veulent-pas-parler-de-leur-journee-et-comment-les-amener-a-souvrir-quand-meme\/\" \/>\n<meta property=\"og:site_name\" content=\"Vie Associative\" \/>\n<meta property=\"article:published_time\" content=\"2025-01-03T11:17:47+00:00\" \/>\n<meta property=\"og:image\" content=\"https:\/\/vieassociative.be\/actualites\/wp-content\/uploads\/2024\/09\/header_backgroundk-01-e1726694325946.png\" \/>\n\t<meta property=\"og:image:width\" content=\"279\" \/>\n\t<meta property=\"og:image:height\" content=\"92\" \/>\n\t<meta property=\"og:image:type\" content=\"image\/png\" \/>\n<meta name=\"author\" content=\"Julien\" \/>\n<meta name=\"twitter:card\" content=\"summary_large_image\" \/>\n<meta name=\"twitter:label1\" content=\"\u00c9crit par\" \/>\n\t<meta name=\"twitter:data1\" content=\"Julien\" \/>\n\t<meta name=\"twitter:label2\" content=\"Dur\u00e9e de lecture est.\" \/>\n\t<meta name=\"twitter:data2\" content=\"6 minutes\" \/>\n<script type=\"application\/ld+json\" class=\"yoast-schema-graph\">{\"@context\":\"https:\/\/schema.org\",\"@graph\":[{\"@type\":\"Article\",\"@id\":\"https:\/\/vieassociative.be\/actualites\/pourquoi-les-enfants-ne-veulent-pas-parler-de-leur-journee-et-comment-les-amener-a-souvrir-quand-meme\/#article\",\"isPartOf\":{\"@id\":\"https:\/\/vieassociative.be\/actualites\/pourquoi-les-enfants-ne-veulent-pas-parler-de-leur-journee-et-comment-les-amener-a-souvrir-quand-meme\/\"},\"author\":{\"name\":\"Julien\",\"@id\":\"https:\/\/vieassociative.be\/actualites\/#\/schema\/person\/b87ac4f82f9d4e7b7cec7395b679edc4\"},\"headline\":\"Pourquoi les enfants ne veulent pas parler de leur journ\u00e9e (et comment les amener \u00e0 s&rsquo;ouvrir quand m\u00eame)\",\"datePublished\":\"2025-01-03T11:17:47+00:00\",\"dateModified\":\"2025-01-03T11:17:47+00:00\",\"mainEntityOfPage\":{\"@id\":\"https:\/\/vieassociative.be\/actualites\/pourquoi-les-enfants-ne-veulent-pas-parler-de-leur-journee-et-comment-les-amener-a-souvrir-quand-meme\/\"},\"wordCount\":1222,\"publisher\":{\"@id\":\"https:\/\/vieassociative.be\/actualites\/#organization\"},\"image\":{\"@id\":\"https:\/\/vieassociative.be\/actualites\/pourquoi-les-enfants-ne-veulent-pas-parler-de-leur-journee-et-comment-les-amener-a-souvrir-quand-meme\/#primaryimage\"},\"thumbnailUrl\":\"https:\/\/vieassociative.be\/actualites\/wp-content\/uploads\/2025\/01\/Pourquoi-les-enfants-ne-veulent-pas-parler-de-leur-journee.jpg\",\"keywords\":[\"amener\",\"Comment\",\"enfants\",\"journ\u00e9e\",\"Les\",\"leur\",\"m\u00eame\",\"parler\",\"pas\",\"Pourquoi\",\"Quand\",\"souvrir\",\"veulent\"],\"articleSection\":[\"Famille\"],\"inLanguage\":\"fr-BE\"},{\"@type\":\"WebPage\",\"@id\":\"https:\/\/vieassociative.be\/actualites\/pourquoi-les-enfants-ne-veulent-pas-parler-de-leur-journee-et-comment-les-amener-a-souvrir-quand-meme\/\",\"url\":\"https:\/\/vieassociative.be\/actualites\/pourquoi-les-enfants-ne-veulent-pas-parler-de-leur-journee-et-comment-les-amener-a-souvrir-quand-meme\/\",\"name\":\"Pourquoi les enfants ne veulent pas parler de leur journ\u00e9e (et comment les amener \u00e0 s'ouvrir quand m\u00eame) | Vie Associative\",\"isPartOf\":{\"@id\":\"https:\/\/vieassociative.be\/actualites\/#website\"},\"primaryImageOfPage\":{\"@id\":\"https:\/\/vieassociative.be\/actualites\/pourquoi-les-enfants-ne-veulent-pas-parler-de-leur-journee-et-comment-les-amener-a-souvrir-quand-meme\/#primaryimage\"},\"image\":{\"@id\":\"https:\/\/vieassociative.be\/actualites\/pourquoi-les-enfants-ne-veulent-pas-parler-de-leur-journee-et-comment-les-amener-a-souvrir-quand-meme\/#primaryimage\"},\"thumbnailUrl\":\"https:\/\/vieassociative.be\/actualites\/wp-content\/uploads\/2025\/01\/Pourquoi-les-enfants-ne-veulent-pas-parler-de-leur-journee.jpg\",\"datePublished\":\"2025-01-03T11:17:47+00:00\",\"dateModified\":\"2025-01-03T11:17:47+00:00\",\"breadcrumb\":{\"@id\":\"https:\/\/vieassociative.be\/actualites\/pourquoi-les-enfants-ne-veulent-pas-parler-de-leur-journee-et-comment-les-amener-a-souvrir-quand-meme\/#breadcrumb\"},\"inLanguage\":\"fr-BE\",\"potentialAction\":[{\"@type\":\"ReadAction\",\"target\":[\"https:\/\/vieassociative.be\/actualites\/pourquoi-les-enfants-ne-veulent-pas-parler-de-leur-journee-et-comment-les-amener-a-souvrir-quand-meme\/\"]}]},{\"@type\":\"ImageObject\",\"inLanguage\":\"fr-BE\",\"@id\":\"https:\/\/vieassociative.be\/actualites\/pourquoi-les-enfants-ne-veulent-pas-parler-de-leur-journee-et-comment-les-amener-a-souvrir-quand-meme\/#primaryimage\",\"url\":\"https:\/\/vieassociative.be\/actualites\/wp-content\/uploads\/2025\/01\/Pourquoi-les-enfants-ne-veulent-pas-parler-de-leur-journee.jpg\",\"contentUrl\":\"https:\/\/vieassociative.be\/actualites\/wp-content\/uploads\/2025\/01\/Pourquoi-les-enfants-ne-veulent-pas-parler-de-leur-journee.jpg\",\"width\":1200,\"height\":675,\"caption\":\"Pourquoi les enfants ne veulent pas parler de leur journ\u00e9e (et comment les amener \u00e0 s'ouvrir quand m\u00eame)\"},{\"@type\":\"BreadcrumbList\",\"@id\":\"https:\/\/vieassociative.be\/actualites\/pourquoi-les-enfants-ne-veulent-pas-parler-de-leur-journee-et-comment-les-amener-a-souvrir-quand-meme\/#breadcrumb\",\"itemListElement\":[{\"@type\":\"ListItem\",\"position\":1,\"name\":\"Accueil\",\"item\":\"https:\/\/vieassociative.be\/actualites\/\"},{\"@type\":\"ListItem\",\"position\":2,\"name\":\"Pourquoi les enfants ne veulent pas parler de leur journ\u00e9e (et comment les amener \u00e0 s&rsquo;ouvrir quand m\u00eame)\"}]},{\"@type\":\"WebSite\",\"@id\":\"https:\/\/vieassociative.be\/actualites\/#website\",\"url\":\"https:\/\/vieassociative.be\/actualites\/\",\"name\":\"Vie Associative\",\"description\":\"\",\"publisher\":{\"@id\":\"https:\/\/vieassociative.be\/actualites\/#organization\"},\"potentialAction\":[{\"@type\":\"SearchAction\",\"target\":{\"@type\":\"EntryPoint\",\"urlTemplate\":\"https:\/\/vieassociative.be\/actualites\/?s={search_term_string}\"},\"query-input\":{\"@type\":\"PropertyValueSpecification\",\"valueRequired\":true,\"valueName\":\"search_term_string\"}}],\"inLanguage\":\"fr-BE\"},{\"@type\":\"Organization\",\"@id\":\"https:\/\/vieassociative.be\/actualites\/#organization\",\"name\":\"Vie Associative\",\"url\":\"https:\/\/vieassociative.be\/actualites\/\",\"logo\":{\"@type\":\"ImageObject\",\"inLanguage\":\"fr-BE\",\"@id\":\"https:\/\/vieassociative.be\/actualites\/#\/schema\/logo\/image\/\",\"url\":\"https:\/\/vieassociative.be\/actualites\/wp-content\/uploads\/2024\/09\/cropped-vieassociative_favicon.ico.png\",\"contentUrl\":\"https:\/\/vieassociative.be\/actualites\/wp-content\/uploads\/2024\/09\/cropped-vieassociative_favicon.ico.png\",\"width\":512,\"height\":512,\"caption\":\"Vie Associative\"},\"image\":{\"@id\":\"https:\/\/vieassociative.be\/actualites\/#\/schema\/logo\/image\/\"}},{\"@type\":\"Person\",\"@id\":\"https:\/\/vieassociative.be\/actualites\/#\/schema\/person\/b87ac4f82f9d4e7b7cec7395b679edc4\",\"name\":\"Julien\",\"image\":{\"@type\":\"ImageObject\",\"inLanguage\":\"fr-BE\",\"@id\":\"https:\/\/vieassociative.be\/actualites\/#\/schema\/person\/image\/\",\"url\":\"https:\/\/vieassociative.be\/actualites\/wp-content\/uploads\/2024\/09\/vie-associative-1-150x150.jpg\",\"contentUrl\":\"https:\/\/vieassociative.be\/actualites\/wp-content\/uploads\/2024\/09\/vie-associative-1-150x150.jpg\",\"caption\":\"Julien\"},\"description\":\"Je suis Julien, r\u00e9dacteur pour Vie Associative. Passionn\u00e9 par le monde associatif depuis plus de 10 ans, j'ai \u00e0 c\u0153ur de partager des histoires inspirantes et de mettre en lumi\u00e8re les initiatives locales. Mon objectif est de sensibiliser et d'encourager l'engagement communautaire \u00e0 travers mes articles.\",\"sameAs\":[\"https:\/\/vieassociative.be\/\"]}]}<\/script>\n<!-- \/ Yoast SEO plugin. -->","yoast_head_json":{"title":"Pourquoi les enfants ne veulent pas parler de leur journ\u00e9e (et comment les amener \u00e0 s'ouvrir quand m\u00eame) | Vie Associative","robots":{"index":"index","follow":"follow","max-snippet":"max-snippet:-1","max-image-preview":"max-image-preview:large","max-video-preview":"max-video-preview:-1"},"canonical":"https:\/\/vieassociative.be\/actualites\/pourquoi-les-enfants-ne-veulent-pas-parler-de-leur-journee-et-comment-les-amener-a-souvrir-quand-meme\/","og_locale":"fr_FR","og_type":"article","og_title":"Pourquoi les enfants ne veulent pas parler de leur journ\u00e9e (et comment les amener \u00e0 s'ouvrir quand m\u00eame) | Vie Associative","og_description":"Comment s&rsquo;est pass\u00e9e l&rsquo;\u00e9cole ? Bien. Qu&rsquo;avez-vous appris ? Rien. Le retour de l\u2019\u00e9cole peut ressembler \u00e0 une bataille de volont\u00e9s avec mon fils a\u00een\u00e9.","og_url":"https:\/\/vieassociative.be\/actualites\/pourquoi-les-enfants-ne-veulent-pas-parler-de-leur-journee-et-comment-les-amener-a-souvrir-quand-meme\/","og_site_name":"Vie Associative","article_published_time":"2025-01-03T11:17:47+00:00","og_image":[{"width":279,"height":92,"url":"https:\/\/vieassociative.be\/actualites\/wp-content\/uploads\/2024\/09\/header_backgroundk-01-e1726694325946.png","type":"image\/png"}],"author":"Julien","twitter_card":"summary_large_image","twitter_misc":{"\u00c9crit par":"Julien","Dur\u00e9e de lecture est.":"6 minutes"},"schema":{"@context":"https:\/\/schema.org","@graph":[{"@type":"Article","@id":"https:\/\/vieassociative.be\/actualites\/pourquoi-les-enfants-ne-veulent-pas-parler-de-leur-journee-et-comment-les-amener-a-souvrir-quand-meme\/#article","isPartOf":{"@id":"https:\/\/vieassociative.be\/actualites\/pourquoi-les-enfants-ne-veulent-pas-parler-de-leur-journee-et-comment-les-amener-a-souvrir-quand-meme\/"},"author":{"name":"Julien","@id":"https:\/\/vieassociative.be\/actualites\/#\/schema\/person\/b87ac4f82f9d4e7b7cec7395b679edc4"},"headline":"Pourquoi les enfants ne veulent pas parler de leur journ\u00e9e (et comment les amener \u00e0 s&rsquo;ouvrir quand m\u00eame)","datePublished":"2025-01-03T11:17:47+00:00","dateModified":"2025-01-03T11:17:47+00:00","mainEntityOfPage":{"@id":"https:\/\/vieassociative.be\/actualites\/pourquoi-les-enfants-ne-veulent-pas-parler-de-leur-journee-et-comment-les-amener-a-souvrir-quand-meme\/"},"wordCount":1222,"publisher":{"@id":"https:\/\/vieassociative.be\/actualites\/#organization"},"image":{"@id":"https:\/\/vieassociative.be\/actualites\/pourquoi-les-enfants-ne-veulent-pas-parler-de-leur-journee-et-comment-les-amener-a-souvrir-quand-meme\/#primaryimage"},"thumbnailUrl":"https:\/\/vieassociative.be\/actualites\/wp-content\/uploads\/2025\/01\/Pourquoi-les-enfants-ne-veulent-pas-parler-de-leur-journee.jpg","keywords":["amener","Comment","enfants","journ\u00e9e","Les","leur","m\u00eame","parler","pas","Pourquoi","Quand","souvrir","veulent"],"articleSection":["Famille"],"inLanguage":"fr-BE"},{"@type":"WebPage","@id":"https:\/\/vieassociative.be\/actualites\/pourquoi-les-enfants-ne-veulent-pas-parler-de-leur-journee-et-comment-les-amener-a-souvrir-quand-meme\/","url":"https:\/\/vieassociative.be\/actualites\/pourquoi-les-enfants-ne-veulent-pas-parler-de-leur-journee-et-comment-les-amener-a-souvrir-quand-meme\/","name":"Pourquoi les enfants ne veulent pas parler de leur journ\u00e9e (et comment les amener \u00e0 s'ouvrir quand m\u00eame) | Vie Associative","isPartOf":{"@id":"https:\/\/vieassociative.be\/actualites\/#website"},"primaryImageOfPage":{"@id":"https:\/\/vieassociative.be\/actualites\/pourquoi-les-enfants-ne-veulent-pas-parler-de-leur-journee-et-comment-les-amener-a-souvrir-quand-meme\/#primaryimage"},"image":{"@id":"https:\/\/vieassociative.be\/actualites\/pourquoi-les-enfants-ne-veulent-pas-parler-de-leur-journee-et-comment-les-amener-a-souvrir-quand-meme\/#primaryimage"},"thumbnailUrl":"https:\/\/vieassociative.be\/actualites\/wp-content\/uploads\/2025\/01\/Pourquoi-les-enfants-ne-veulent-pas-parler-de-leur-journee.jpg","datePublished":"2025-01-03T11:17:47+00:00","dateModified":"2025-01-03T11:17:47+00:00","breadcrumb":{"@id":"https:\/\/vieassociative.be\/actualites\/pourquoi-les-enfants-ne-veulent-pas-parler-de-leur-journee-et-comment-les-amener-a-souvrir-quand-meme\/#breadcrumb"},"inLanguage":"fr-BE","potentialAction":[{"@type":"ReadAction","target":["https:\/\/vieassociative.be\/actualites\/pourquoi-les-enfants-ne-veulent-pas-parler-de-leur-journee-et-comment-les-amener-a-souvrir-quand-meme\/"]}]},{"@type":"ImageObject","inLanguage":"fr-BE","@id":"https:\/\/vieassociative.be\/actualites\/pourquoi-les-enfants-ne-veulent-pas-parler-de-leur-journee-et-comment-les-amener-a-souvrir-quand-meme\/#primaryimage","url":"https:\/\/vieassociative.be\/actualites\/wp-content\/uploads\/2025\/01\/Pourquoi-les-enfants-ne-veulent-pas-parler-de-leur-journee.jpg","contentUrl":"https:\/\/vieassociative.be\/actualites\/wp-content\/uploads\/2025\/01\/Pourquoi-les-enfants-ne-veulent-pas-parler-de-leur-journee.jpg","width":1200,"height":675,"caption":"Pourquoi les enfants ne veulent pas parler de leur journ\u00e9e (et comment les amener \u00e0 s'ouvrir quand m\u00eame)"},{"@type":"BreadcrumbList","@id":"https:\/\/vieassociative.be\/actualites\/pourquoi-les-enfants-ne-veulent-pas-parler-de-leur-journee-et-comment-les-amener-a-souvrir-quand-meme\/#breadcrumb","itemListElement":[{"@type":"ListItem","position":1,"name":"Accueil","item":"https:\/\/vieassociative.be\/actualites\/"},{"@type":"ListItem","position":2,"name":"Pourquoi les enfants ne veulent pas parler de leur journ\u00e9e (et comment les amener \u00e0 s&rsquo;ouvrir quand m\u00eame)"}]},{"@type":"WebSite","@id":"https:\/\/vieassociative.be\/actualites\/#website","url":"https:\/\/vieassociative.be\/actualites\/","name":"Vie Associative","description":"","publisher":{"@id":"https:\/\/vieassociative.be\/actualites\/#organization"},"potentialAction":[{"@type":"SearchAction","target":{"@type":"EntryPoint","urlTemplate":"https:\/\/vieassociative.be\/actualites\/?s={search_term_string}"},"query-input":{"@type":"PropertyValueSpecification","valueRequired":true,"valueName":"search_term_string"}}],"inLanguage":"fr-BE"},{"@type":"Organization","@id":"https:\/\/vieassociative.be\/actualites\/#organization","name":"Vie Associative","url":"https:\/\/vieassociative.be\/actualites\/","logo":{"@type":"ImageObject","inLanguage":"fr-BE","@id":"https:\/\/vieassociative.be\/actualites\/#\/schema\/logo\/image\/","url":"https:\/\/vieassociative.be\/actualites\/wp-content\/uploads\/2024\/09\/cropped-vieassociative_favicon.ico.png","contentUrl":"https:\/\/vieassociative.be\/actualites\/wp-content\/uploads\/2024\/09\/cropped-vieassociative_favicon.ico.png","width":512,"height":512,"caption":"Vie Associative"},"image":{"@id":"https:\/\/vieassociative.be\/actualites\/#\/schema\/logo\/image\/"}},{"@type":"Person","@id":"https:\/\/vieassociative.be\/actualites\/#\/schema\/person\/b87ac4f82f9d4e7b7cec7395b679edc4","name":"Julien","image":{"@type":"ImageObject","inLanguage":"fr-BE","@id":"https:\/\/vieassociative.be\/actualites\/#\/schema\/person\/image\/","url":"https:\/\/vieassociative.be\/actualites\/wp-content\/uploads\/2024\/09\/vie-associative-1-150x150.jpg","contentUrl":"https:\/\/vieassociative.be\/actualites\/wp-content\/uploads\/2024\/09\/vie-associative-1-150x150.jpg","caption":"Julien"},"description":"Je suis Julien, r\u00e9dacteur pour Vie Associative. Passionn\u00e9 par le monde associatif depuis plus de 10 ans, j'ai \u00e0 c\u0153ur de partager des histoires inspirantes et de mettre en lumi\u00e8re les initiatives locales. Mon objectif est de sensibiliser et d'encourager l'engagement communautaire \u00e0 travers mes articles.","sameAs":["https:\/\/vieassociative.be\/"]}]}},"_links":{"self":[{"href":"https:\/\/vieassociative.be\/actualites\/wp-json\/wp\/v2\/posts\/4004"}],"collection":[{"href":"https:\/\/vieassociative.be\/actualites\/wp-json\/wp\/v2\/posts"}],"about":[{"href":"https:\/\/vieassociative.be\/actualites\/wp-json\/wp\/v2\/types\/post"}],"author":[{"embeddable":true,"href":"https:\/\/vieassociative.be\/actualites\/wp-json\/wp\/v2\/users\/1"}],"replies":[{"embeddable":true,"href":"https:\/\/vieassociative.be\/actualites\/wp-json\/wp\/v2\/comments?post=4004"}],"version-history":[{"count":0,"href":"https:\/\/vieassociative.be\/actualites\/wp-json\/wp\/v2\/posts\/4004\/revisions"}],"wp:featuredmedia":[{"embeddable":true,"href":"https:\/\/vieassociative.be\/actualites\/wp-json\/wp\/v2\/media\/4005"}],"wp:attachment":[{"href":"https:\/\/vieassociative.be\/actualites\/wp-json\/wp\/v2\/media?parent=4004"}],"wp:term":[{"taxonomy":"category","embeddable":true,"href":"https:\/\/vieassociative.be\/actualites\/wp-json\/wp\/v2\/categories?post=4004"},{"taxonomy":"post_tag","embeddable":true,"href":"https:\/\/vieassociative.be\/actualites\/wp-json\/wp\/v2\/tags?post=4004"}],"curies":[{"name":"wp","href":"https:\/\/api.w.org\/{rel}","templated":true}]}}