{"id":3999,"date":"2025-01-03T07:17:54","date_gmt":"2025-01-03T06:17:54","guid":{"rendered":"https:\/\/vieassociative.be\/actualites\/ce-que-signifie-reellement-lestimation-du-temps-de-recuperation-de-garmin\/"},"modified":"2025-01-03T07:17:54","modified_gmt":"2025-01-03T06:17:54","slug":"ce-que-signifie-reellement-lestimation-du-temps-de-recuperation-de-garmin","status":"publish","type":"post","link":"https:\/\/vieassociative.be\/actualites\/ce-que-signifie-reellement-lestimation-du-temps-de-recuperation-de-garmin\/","title":{"rendered":"Ce que signifie r\u00e9ellement l&rsquo;estimation du \u00ab temps de r\u00e9cup\u00e9ration \u00bb de Garmin"},"content":{"rendered":"<div class=\"mt-4 leading-6 md:mb-8\">Est-ce que \u00e7a va vraiment me prendre 38 heures pour r\u00e9cup\u00e9rer de cet entra\u00eenement ?<\/div>\n<p><\/p>\n<p>Alors que je suis assis ici en train de taper, ma montre Garmin m&rsquo;indique qu&rsquo;il me reste 21 heures avant d&rsquo;avoir compl\u00e8tement r\u00e9cup\u00e9r\u00e9 de l&rsquo;entra\u00eenement que j&rsquo;ai fait plus t\u00f4t dans la journ\u00e9e. Ce n\u2019\u00e9tait m\u00eame pas un entra\u00eenement difficile, mais je m\u2019attends \u00e0 de longues estimations de r\u00e9cup\u00e9ration de la part de Garmin \u2013 et je ne laisserai pas ce chiffre m\u2019emp\u00eacher de faire une course facile le matin. Le temps de r\u00e9cup\u00e9ration ne signifie pas ce que vous pourriez penser. <\/p>\n<h2 id=\"what-is-the-recovery-time-feature-and-where-can-you-see-it\">Qu&rsquo;est-ce que la fonctionnalit\u00e9 de temps de r\u00e9cup\u00e9ration et o\u00f9 pouvez-vous la voir\u00a0? <\/h2>\n<p>La plupart des montres de sport Garmin calculent un temps de r\u00e9cup\u00e9ration apr\u00e8s chaque entra\u00eenement. Vous verrez ce num\u00e9ro dans le r\u00e9sum\u00e9 de fin d\u2019entra\u00eenement que vous recevrez juste apr\u00e8s avoir termin\u00e9. Il est \u00e9galement disponible \u00e0 partir de l&rsquo;aper\u00e7u de l&rsquo;\u00e9tat de l&rsquo;entra\u00eenement si vous l&rsquo;avez, ou de la vignette Pr\u00e9paration \u00e0 l&rsquo;entra\u00eenement dans l&rsquo;application Garmin Connect si vous l&rsquo;avez. Sur ma Forerunner 265S, je peux m\u00eame la d\u00e9finir comme l&rsquo;une des petites complications sur le cadran principal de ma montre. <\/p>\n<div class=\"pogoClear mb-12 mt-10 rounded-md border-2 border-gray-100 py-7 shadow-xl md:py-6\">\n<div class=\"flex flex-wrap justify-between px-7 text-black no-underline md:flex-nowrap md:px-8\">\n<div class=\"order-1 mx-auto flex flex-col justify-center md:order-2 md:ml-4 md:w-full md:grow\">\n<div class=\"block cursor-pointer text-center font-akshar text-2xl font-medium leading-7 text-brand-green duration-200 ease-in-out hover:text-brand-green-700 md:text-left md:text-xl md:leading-6\">Montre intelligente de course Garmin Forerunner 265S (noir\/jaune)\n                <\/div>\n<div class=\"mt-4 hidden md:flex md:justify-between\">\n<div class=\"self-end\">\n<div class=\"mb-0 h-11 md:flex md:flex-col md:justify-center\">\n<div class=\" font-sans leading-4 text-black\">\n<div class=\"flex flex-wrap items-center justify-center gap-x-1 md:justify-start\">\n        <span class=\"font-bold\"><\/p>\n<p>            422,00\u00a0$<br \/>\n                            <span class=\"font-medium\">chez Amazon<\/span><br \/>\n                    <\/span>\n            <\/div>\n<div class=\"flex items-center justify-center gap-x-1 font-bold md:justify-start\">\n            <span class=\"text-sm line-through\">449,99\u00a0$<\/span><br \/>\n            <span class=\"text-sm text-brand-green\">\u00c9conomisez 27,99 $<\/span>\n        <\/div>\n<\/p><\/div>\n<\/p><\/div>\n<\/p><\/div>\n<div class=\"w-44 self-end\">\n                            <button class=\"flex justify-center items-center w-full bg-brand-green text-white text-base font-sans font-medium rounded-md hover:bg-brand-green-700 hover:cursor-pointer md:text-sm h-11\"><\/p>\n<p>    Obtenez une offre<br \/>\n<\/button>\n                        <\/div>\n<\/p><\/div>\n<\/p><\/div>\n<div class=\"order-2 mt-5 h-auto w-full md:order-1 md:mt-0 md:hidden\">\n<div class=\"flex aspect-video items-center justify-center\">\n                                            <img decoding=\"async\" class=\"m-0 max-h-full max-w-full rounded-md\" src=\"https:\/\/vieassociative.be\/actualites\/wp-content\/uploads\/2025\/01\/Ce-que-signifie-reellement-lestimation-du-temps-de-recuperation.jpg\" alt=\"Montre intelligente de course Garmin Forerunner 265S (noir\/jaune)\" width=\"auto\" height=\"auto\" loading=\"lazy\">\n                                    <\/div>\n<\/p><\/div>\n<div class=\"order-2 ml-2 hidden w-32 shrink-0 items-center md:order-1 md:ml-0 md:flex\">\n<div class=\"flex aspect-video items-center justify-center\">\n                                            <img decoding=\"async\" class=\"m-0 max-h-full max-w-full rounded-md\" src=\"https:\/\/vieassociative.be\/actualites\/wp-content\/uploads\/2025\/01\/Ce-que-signifie-reellement-lestimation-du-temps-de-recuperation.jpg\" alt=\"Montre intelligente de course Garmin Forerunner 265S (noir\/jaune)\" width=\"auto\" height=\"auto\" loading=\"lazy\">\n                                    <\/div>\n<\/p><\/div>\n<div class=\"order-3 flex grow flex-wrap md:hidden md:grow-0\">\n<div class=\"mt-4 w-full\">\n                        <button class=\"flex justify-center items-center w-full bg-brand-green text-white text-base font-sans font-medium rounded-md hover:bg-brand-green-700 hover:cursor-pointer md:text-sm h-11\"><\/p>\n<p>    Obtenez une offre<br \/>\n<\/button>\n                    <\/div>\n<div class=\"mx-2 mt-4 w-full\">\n<div class=\" font-sans leading-4 text-black\">\n<div class=\"flex flex-wrap items-center justify-center gap-x-1 md:justify-start\">\n        <span class=\"font-bold\"><\/p>\n<p>            422,00\u00a0$<br \/>\n                            <span class=\"font-medium\">chez Amazon<\/span><br \/>\n                    <\/span>\n            <\/div>\n<div class=\"flex items-center justify-center gap-x-1 font-bold md:justify-start\">\n            <span class=\"text-sm line-through\">449,99\u00a0$<\/span><br \/>\n            <span class=\"text-sm text-brand-green\">\u00c9conomisez 27,99 $<\/span>\n        <\/div>\n<\/p><\/div>\n<\/p><\/div>\n<\/p><\/div>\n<\/p><\/div>\n<\/div>\n<p>Garmin d\u00e9finit le temps de r\u00e9cup\u00e9ration comme \u00ab une estimation du temps qu&rsquo;il vous faudra pour r\u00e9cup\u00e9rer compl\u00e8tement et \u00eatre pr\u00eat pour votre prochain entra\u00eenement de m\u00eame intensit\u00e9 \u00bb. Notez cette phrase, <em>pleinement<\/em> r\u00e9cup\u00e9rer. Aucun athl\u00e8te n&rsquo;est <em>pleinement<\/em> r\u00e9cup\u00e9r\u00e9 au d\u00e9but de chaque s\u00e9ance d\u2019entra\u00eenement; on porte parfois un peu de fatigue d&rsquo;une s\u00e9ance \u00e0 l&rsquo;autre. Ce nombre vous donne simplement une id\u00e9e de la dur\u00e9e pendant laquelle vous ressentirez les effets de cet entra\u00eenement. <\/p>\n<p>La fonction de temps de r\u00e9cup\u00e9ration est disponible sur la plupart des montres Enduro, Epix, Fenix, Forerunner, Instinct, Venu et Vivoactive, entre autres (Garmin a une liste compl\u00e8te ici). <\/p>\n<h2 id=\"do-you-have-to-wait-until-the-recovery-time-hits-zero-before-working-out-again\">Faut-il attendre que le temps de r\u00e9cup\u00e9ration atteigne z\u00e9ro avant de recommencer \u00e0 s&rsquo;entra\u00eener ? <\/h2>\n<p>Non! C\u2019est probablement l\u2019id\u00e9e fausse la plus r\u00e9pandue \u00e0 propos de cette fonctionnalit\u00e9 (et elle explique pourquoi les temps de r\u00e9cup\u00e9ration peuvent \u00eatre si longs : jusqu\u2019\u00e0 quatre jours). L\u2019id\u00e9e n\u2019est pas de devoir pourrir au lit jusqu\u2019\u00e0 ce que le temps soit \u00e9coul\u00e9. C&rsquo;est juste que, d&rsquo;ici \u00e0 ce que le chronom\u00e8tre atteigne z\u00e9ro, vous fonctionnerez avec au moins un peu plus de fatigue que d&rsquo;habitude. <\/p>\n<p>Vous pouvez lire l&rsquo;explication de Garmin ici. Ils disent : \u00ab\u00a0Lorsque votre chronom\u00e8tre atteint z\u00e9ro, cela signifie que vous \u00eates pr\u00eat \u00e0 tirer le meilleur parti de votre prochain entra\u00eenement intensif de type am\u00e9lioration de la forme physique (c&rsquo;est-\u00e0-dire, effet d&rsquo;entra\u00eenement : 3,0+).\u00a0\u00bb<\/p>\n<p>Donc, si j&rsquo;obtiens un temps de r\u00e9cup\u00e9ration de 38 heures apr\u00e8s un entra\u00eenement intensif, c&rsquo;est simplement le signe que je ne serai pas en pleine forme demain. Si je planifiais l&rsquo;entra\u00eenement le plus dur de ma semaine pour demain, je voudrais peut-\u00eatre envisager de retarder cet entra\u00eenement afin de pouvoir le faire plus tard avec des jambes fra\u00eeches. Mais si je pr\u00e9vois plut\u00f4t de faire une course de r\u00e9cup\u00e9ration, il n\u2019est pas n\u00e9cessaire de modifier mes plans. <\/p>\n<h2 id=\"should-you-ignore-garmins-recovery-time\">Faut-il ignorer le temps de r\u00e9cup\u00e9ration de Garmin ? <\/h2>\n<p>Je veux dire, il y a un argument pour ignorer <em>n&rsquo;importe lequel<\/em> m\u00e9trique qu&rsquo;une montre vous donne, au moins de temps en temps. Vous n&rsquo;avez pas besoin de laisser le temps de r\u00e9cup\u00e9ration de Garmin g\u00e9rer votre vie. Si vous souhaitez toujours vous entra\u00eener et que vous vous sentez pr\u00eat, n&rsquo;h\u00e9sitez pas \u00e0 ignorer les chiffres de r\u00e9cup\u00e9ration.<\/p>\n<p>Cela dit, je trouve le temps de r\u00e9cup\u00e9ration utile pour v\u00e9rifier l\u2019intestin. Si j&rsquo;obtiens un long temps de r\u00e9cup\u00e9ration, cela me rappelle que je <em>a fait<\/em> en fait, je travaille assez dur et je dois m&rsquo;assurer que mes efforts sont \u00e9quilibr\u00e9s au fil du temps avec des journ\u00e9es faciles et difficiles. De toute fa\u00e7on, tout bon programme d\u2019entra\u00eenement gardera cela \u00e0 l\u2019esprit \u2013 avec ou sans montre indiquant un num\u00e9ro.<\/p>\n<h2 id=\"why-does-my-recovery-time-keep-changing\">Pourquoi mon temps de r\u00e9cup\u00e9ration continue-t-il de changer\u00a0?<\/h2>\n<p>Garmin met constamment \u00e0 jour son estimation de la distance qui vous s\u00e9pare d&rsquo;une r\u00e9cup\u00e9ration compl\u00e8te. Si vous effectuez un autre entra\u00eenement avant que le chronom\u00e8tre n&rsquo;atteigne z\u00e9ro, le nombre augmentera \u00e0 nouveau car vous vous \u00eates donn\u00e9 plus de travail pour r\u00e9cup\u00e9rer. <\/p>\n<p>D\u2019un autre c\u00f4t\u00e9, si vous avez pass\u00e9 une bonne nuit de sommeil, vous constaterez peut-\u00eatre que le nombre a diminu\u00e9 plus que pr\u00e9vu au cours de la nuit. Encore une fois, vous ne voulez pas trop lire dans ce num\u00e9ro\u00a0; ce n&rsquo;est qu&rsquo;une estimation, apr\u00e8s tout. Mais c&rsquo;est bon signe si vous constatez que vous r\u00e9cup\u00e9rez rapidement de vos durs entra\u00eenements. <\/p>\n","protected":false},"excerpt":{"rendered":"<p>Est-ce que \u00e7a va vraiment me prendre 38 heures pour r\u00e9cup\u00e9rer de cet entra\u00eenement ? Alors que je suis assis ici en train de taper,<\/p>\n","protected":false},"author":1,"featured_media":4000,"comment_status":"","ping_status":"","sticky":false,"template":"","format":"standard","meta":{"footnotes":""},"categories":[38],"tags":[3685,4454,4455,85,1872,790],"class_list":["post-3999","post","type-post","status-publish","format-standard","has-post-thumbnail","hentry","category-sante","tag-garmin","tag-lestimation","tag-recuperation","tag-reellement","tag-signifie","tag-temps","generate-columns","tablet-grid-50","mobile-grid-100","grid-parent","grid-33"],"yoast_head":"<!-- This site is optimized with the Yoast SEO plugin v24.0 - https:\/\/yoast.com\/wordpress\/plugins\/seo\/ -->\n<title>Ce que signifie r\u00e9ellement l&#039;estimation du \u00ab temps de r\u00e9cup\u00e9ration \u00bb de Garmin | Vie Associative<\/title>\n<meta name=\"robots\" content=\"index, follow, max-snippet:-1, max-image-preview:large, max-video-preview:-1\" \/>\n<link rel=\"canonical\" href=\"https:\/\/vieassociative.be\/actualites\/ce-que-signifie-reellement-lestimation-du-temps-de-recuperation-de-garmin\/\" \/>\n<meta property=\"og:locale\" content=\"fr_FR\" \/>\n<meta property=\"og:type\" content=\"article\" \/>\n<meta property=\"og:title\" content=\"Ce que signifie r\u00e9ellement l&#039;estimation du \u00ab temps de r\u00e9cup\u00e9ration \u00bb de Garmin | Vie Associative\" \/>\n<meta property=\"og:description\" content=\"Est-ce que \u00e7a va vraiment me prendre 38 heures pour r\u00e9cup\u00e9rer de cet entra\u00eenement ? Alors que je suis assis ici en train de taper,\" \/>\n<meta property=\"og:url\" content=\"https:\/\/vieassociative.be\/actualites\/ce-que-signifie-reellement-lestimation-du-temps-de-recuperation-de-garmin\/\" \/>\n<meta property=\"og:site_name\" content=\"Vie Associative\" \/>\n<meta property=\"article:published_time\" content=\"2025-01-03T06:17:54+00:00\" \/>\n<meta property=\"og:image\" content=\"https:\/\/vieassociative.be\/actualites\/wp-content\/uploads\/2025\/01\/Ce-que-signifie-reellement-lestimation-du-temps-de-recuperation.jpg\" \/>\n<meta name=\"author\" content=\"Julien\" \/>\n<meta name=\"twitter:card\" content=\"summary_large_image\" \/>\n<meta name=\"twitter:label1\" content=\"\u00c9crit par\" \/>\n\t<meta name=\"twitter:data1\" content=\"Julien\" \/>\n\t<meta name=\"twitter:label2\" content=\"Dur\u00e9e de lecture est.\" \/>\n\t<meta name=\"twitter:data2\" content=\"4 minutes\" \/>\n<script type=\"application\/ld+json\" class=\"yoast-schema-graph\">{\"@context\":\"https:\/\/schema.org\",\"@graph\":[{\"@type\":\"Article\",\"@id\":\"https:\/\/vieassociative.be\/actualites\/ce-que-signifie-reellement-lestimation-du-temps-de-recuperation-de-garmin\/#article\",\"isPartOf\":{\"@id\":\"https:\/\/vieassociative.be\/actualites\/ce-que-signifie-reellement-lestimation-du-temps-de-recuperation-de-garmin\/\"},\"author\":{\"name\":\"Julien\",\"@id\":\"https:\/\/vieassociative.be\/actualites\/#\/schema\/person\/b87ac4f82f9d4e7b7cec7395b679edc4\"},\"headline\":\"Ce que signifie r\u00e9ellement l&rsquo;estimation du \u00ab temps de r\u00e9cup\u00e9ration \u00bb de Garmin\",\"datePublished\":\"2025-01-03T06:17:54+00:00\",\"dateModified\":\"2025-01-03T06:17:54+00:00\",\"mainEntityOfPage\":{\"@id\":\"https:\/\/vieassociative.be\/actualites\/ce-que-signifie-reellement-lestimation-du-temps-de-recuperation-de-garmin\/\"},\"wordCount\":937,\"publisher\":{\"@id\":\"https:\/\/vieassociative.be\/actualites\/#organization\"},\"image\":{\"@id\":\"https:\/\/vieassociative.be\/actualites\/ce-que-signifie-reellement-lestimation-du-temps-de-recuperation-de-garmin\/#primaryimage\"},\"thumbnailUrl\":\"https:\/\/vieassociative.be\/actualites\/wp-content\/uploads\/2025\/01\/1735885075_Ce-que-signifie-reellement-lestimation-du-temps-de-recuperation.jpg\",\"keywords\":[\"Garmin\",\"lestimation\",\"r\u00e9cup\u00e9ration\",\"r\u00e9ellement\",\"signifie\",\"temps\"],\"articleSection\":[\"Sant\u00e9\"],\"inLanguage\":\"fr-BE\"},{\"@type\":\"WebPage\",\"@id\":\"https:\/\/vieassociative.be\/actualites\/ce-que-signifie-reellement-lestimation-du-temps-de-recuperation-de-garmin\/\",\"url\":\"https:\/\/vieassociative.be\/actualites\/ce-que-signifie-reellement-lestimation-du-temps-de-recuperation-de-garmin\/\",\"name\":\"Ce que signifie r\u00e9ellement l'estimation du \u00ab temps de r\u00e9cup\u00e9ration \u00bb de Garmin | Vie Associative\",\"isPartOf\":{\"@id\":\"https:\/\/vieassociative.be\/actualites\/#website\"},\"primaryImageOfPage\":{\"@id\":\"https:\/\/vieassociative.be\/actualites\/ce-que-signifie-reellement-lestimation-du-temps-de-recuperation-de-garmin\/#primaryimage\"},\"image\":{\"@id\":\"https:\/\/vieassociative.be\/actualites\/ce-que-signifie-reellement-lestimation-du-temps-de-recuperation-de-garmin\/#primaryimage\"},\"thumbnailUrl\":\"https:\/\/vieassociative.be\/actualites\/wp-content\/uploads\/2025\/01\/1735885075_Ce-que-signifie-reellement-lestimation-du-temps-de-recuperation.jpg\",\"datePublished\":\"2025-01-03T06:17:54+00:00\",\"dateModified\":\"2025-01-03T06:17:54+00:00\",\"breadcrumb\":{\"@id\":\"https:\/\/vieassociative.be\/actualites\/ce-que-signifie-reellement-lestimation-du-temps-de-recuperation-de-garmin\/#breadcrumb\"},\"inLanguage\":\"fr-BE\",\"potentialAction\":[{\"@type\":\"ReadAction\",\"target\":[\"https:\/\/vieassociative.be\/actualites\/ce-que-signifie-reellement-lestimation-du-temps-de-recuperation-de-garmin\/\"]}]},{\"@type\":\"ImageObject\",\"inLanguage\":\"fr-BE\",\"@id\":\"https:\/\/vieassociative.be\/actualites\/ce-que-signifie-reellement-lestimation-du-temps-de-recuperation-de-garmin\/#primaryimage\",\"url\":\"https:\/\/vieassociative.be\/actualites\/wp-content\/uploads\/2025\/01\/1735885075_Ce-que-signifie-reellement-lestimation-du-temps-de-recuperation.jpg\",\"contentUrl\":\"https:\/\/vieassociative.be\/actualites\/wp-content\/uploads\/2025\/01\/1735885075_Ce-que-signifie-reellement-lestimation-du-temps-de-recuperation.jpg\",\"width\":1200,\"height\":675,\"caption\":\"Ce que signifie r\u00e9ellement l'estimation du \u00ab temps de r\u00e9cup\u00e9ration \u00bb de Garmin\"},{\"@type\":\"BreadcrumbList\",\"@id\":\"https:\/\/vieassociative.be\/actualites\/ce-que-signifie-reellement-lestimation-du-temps-de-recuperation-de-garmin\/#breadcrumb\",\"itemListElement\":[{\"@type\":\"ListItem\",\"position\":1,\"name\":\"Accueil\",\"item\":\"https:\/\/vieassociative.be\/actualites\/\"},{\"@type\":\"ListItem\",\"position\":2,\"name\":\"Ce que signifie r\u00e9ellement l&rsquo;estimation du \u00ab temps de r\u00e9cup\u00e9ration \u00bb de Garmin\"}]},{\"@type\":\"WebSite\",\"@id\":\"https:\/\/vieassociative.be\/actualites\/#website\",\"url\":\"https:\/\/vieassociative.be\/actualites\/\",\"name\":\"Vie Associative\",\"description\":\"\",\"publisher\":{\"@id\":\"https:\/\/vieassociative.be\/actualites\/#organization\"},\"potentialAction\":[{\"@type\":\"SearchAction\",\"target\":{\"@type\":\"EntryPoint\",\"urlTemplate\":\"https:\/\/vieassociative.be\/actualites\/?s={search_term_string}\"},\"query-input\":{\"@type\":\"PropertyValueSpecification\",\"valueRequired\":true,\"valueName\":\"search_term_string\"}}],\"inLanguage\":\"fr-BE\"},{\"@type\":\"Organization\",\"@id\":\"https:\/\/vieassociative.be\/actualites\/#organization\",\"name\":\"Vie Associative\",\"url\":\"https:\/\/vieassociative.be\/actualites\/\",\"logo\":{\"@type\":\"ImageObject\",\"inLanguage\":\"fr-BE\",\"@id\":\"https:\/\/vieassociative.be\/actualites\/#\/schema\/logo\/image\/\",\"url\":\"https:\/\/vieassociative.be\/actualites\/wp-content\/uploads\/2024\/09\/cropped-vieassociative_favicon.ico.png\",\"contentUrl\":\"https:\/\/vieassociative.be\/actualites\/wp-content\/uploads\/2024\/09\/cropped-vieassociative_favicon.ico.png\",\"width\":512,\"height\":512,\"caption\":\"Vie Associative\"},\"image\":{\"@id\":\"https:\/\/vieassociative.be\/actualites\/#\/schema\/logo\/image\/\"}},{\"@type\":\"Person\",\"@id\":\"https:\/\/vieassociative.be\/actualites\/#\/schema\/person\/b87ac4f82f9d4e7b7cec7395b679edc4\",\"name\":\"Julien\",\"image\":{\"@type\":\"ImageObject\",\"inLanguage\":\"fr-BE\",\"@id\":\"https:\/\/vieassociative.be\/actualites\/#\/schema\/person\/image\/\",\"url\":\"https:\/\/vieassociative.be\/actualites\/wp-content\/uploads\/2024\/09\/vie-associative-1-150x150.jpg\",\"contentUrl\":\"https:\/\/vieassociative.be\/actualites\/wp-content\/uploads\/2024\/09\/vie-associative-1-150x150.jpg\",\"caption\":\"Julien\"},\"description\":\"Je suis Julien, r\u00e9dacteur pour Vie Associative. Passionn\u00e9 par le monde associatif depuis plus de 10 ans, j'ai \u00e0 c\u0153ur de partager des histoires inspirantes et de mettre en lumi\u00e8re les initiatives locales. Mon objectif est de sensibiliser et d'encourager l'engagement communautaire \u00e0 travers mes articles.\",\"sameAs\":[\"https:\/\/vieassociative.be\/\"]}]}<\/script>\n<!-- \/ Yoast SEO plugin. -->","yoast_head_json":{"title":"Ce que signifie r\u00e9ellement l'estimation du \u00ab temps de r\u00e9cup\u00e9ration \u00bb de Garmin | Vie Associative","robots":{"index":"index","follow":"follow","max-snippet":"max-snippet:-1","max-image-preview":"max-image-preview:large","max-video-preview":"max-video-preview:-1"},"canonical":"https:\/\/vieassociative.be\/actualites\/ce-que-signifie-reellement-lestimation-du-temps-de-recuperation-de-garmin\/","og_locale":"fr_FR","og_type":"article","og_title":"Ce que signifie r\u00e9ellement l'estimation du \u00ab temps de r\u00e9cup\u00e9ration \u00bb de Garmin | Vie Associative","og_description":"Est-ce que \u00e7a va vraiment me prendre 38 heures pour r\u00e9cup\u00e9rer de cet entra\u00eenement ? Alors que je suis assis ici en train de taper,","og_url":"https:\/\/vieassociative.be\/actualites\/ce-que-signifie-reellement-lestimation-du-temps-de-recuperation-de-garmin\/","og_site_name":"Vie Associative","article_published_time":"2025-01-03T06:17:54+00:00","og_image":[{"url":"https:\/\/vieassociative.be\/actualites\/wp-content\/uploads\/2025\/01\/Ce-que-signifie-reellement-lestimation-du-temps-de-recuperation.jpg","type":"","width":"","height":""}],"author":"Julien","twitter_card":"summary_large_image","twitter_misc":{"\u00c9crit par":"Julien","Dur\u00e9e de lecture est.":"4 minutes"},"schema":{"@context":"https:\/\/schema.org","@graph":[{"@type":"Article","@id":"https:\/\/vieassociative.be\/actualites\/ce-que-signifie-reellement-lestimation-du-temps-de-recuperation-de-garmin\/#article","isPartOf":{"@id":"https:\/\/vieassociative.be\/actualites\/ce-que-signifie-reellement-lestimation-du-temps-de-recuperation-de-garmin\/"},"author":{"name":"Julien","@id":"https:\/\/vieassociative.be\/actualites\/#\/schema\/person\/b87ac4f82f9d4e7b7cec7395b679edc4"},"headline":"Ce que signifie r\u00e9ellement l&rsquo;estimation du \u00ab temps de r\u00e9cup\u00e9ration \u00bb de Garmin","datePublished":"2025-01-03T06:17:54+00:00","dateModified":"2025-01-03T06:17:54+00:00","mainEntityOfPage":{"@id":"https:\/\/vieassociative.be\/actualites\/ce-que-signifie-reellement-lestimation-du-temps-de-recuperation-de-garmin\/"},"wordCount":937,"publisher":{"@id":"https:\/\/vieassociative.be\/actualites\/#organization"},"image":{"@id":"https:\/\/vieassociative.be\/actualites\/ce-que-signifie-reellement-lestimation-du-temps-de-recuperation-de-garmin\/#primaryimage"},"thumbnailUrl":"https:\/\/vieassociative.be\/actualites\/wp-content\/uploads\/2025\/01\/1735885075_Ce-que-signifie-reellement-lestimation-du-temps-de-recuperation.jpg","keywords":["Garmin","lestimation","r\u00e9cup\u00e9ration","r\u00e9ellement","signifie","temps"],"articleSection":["Sant\u00e9"],"inLanguage":"fr-BE"},{"@type":"WebPage","@id":"https:\/\/vieassociative.be\/actualites\/ce-que-signifie-reellement-lestimation-du-temps-de-recuperation-de-garmin\/","url":"https:\/\/vieassociative.be\/actualites\/ce-que-signifie-reellement-lestimation-du-temps-de-recuperation-de-garmin\/","name":"Ce que signifie r\u00e9ellement l'estimation du \u00ab temps de r\u00e9cup\u00e9ration \u00bb de Garmin | Vie Associative","isPartOf":{"@id":"https:\/\/vieassociative.be\/actualites\/#website"},"primaryImageOfPage":{"@id":"https:\/\/vieassociative.be\/actualites\/ce-que-signifie-reellement-lestimation-du-temps-de-recuperation-de-garmin\/#primaryimage"},"image":{"@id":"https:\/\/vieassociative.be\/actualites\/ce-que-signifie-reellement-lestimation-du-temps-de-recuperation-de-garmin\/#primaryimage"},"thumbnailUrl":"https:\/\/vieassociative.be\/actualites\/wp-content\/uploads\/2025\/01\/1735885075_Ce-que-signifie-reellement-lestimation-du-temps-de-recuperation.jpg","datePublished":"2025-01-03T06:17:54+00:00","dateModified":"2025-01-03T06:17:54+00:00","breadcrumb":{"@id":"https:\/\/vieassociative.be\/actualites\/ce-que-signifie-reellement-lestimation-du-temps-de-recuperation-de-garmin\/#breadcrumb"},"inLanguage":"fr-BE","potentialAction":[{"@type":"ReadAction","target":["https:\/\/vieassociative.be\/actualites\/ce-que-signifie-reellement-lestimation-du-temps-de-recuperation-de-garmin\/"]}]},{"@type":"ImageObject","inLanguage":"fr-BE","@id":"https:\/\/vieassociative.be\/actualites\/ce-que-signifie-reellement-lestimation-du-temps-de-recuperation-de-garmin\/#primaryimage","url":"https:\/\/vieassociative.be\/actualites\/wp-content\/uploads\/2025\/01\/1735885075_Ce-que-signifie-reellement-lestimation-du-temps-de-recuperation.jpg","contentUrl":"https:\/\/vieassociative.be\/actualites\/wp-content\/uploads\/2025\/01\/1735885075_Ce-que-signifie-reellement-lestimation-du-temps-de-recuperation.jpg","width":1200,"height":675,"caption":"Ce que signifie r\u00e9ellement l'estimation du \u00ab temps de r\u00e9cup\u00e9ration \u00bb de Garmin"},{"@type":"BreadcrumbList","@id":"https:\/\/vieassociative.be\/actualites\/ce-que-signifie-reellement-lestimation-du-temps-de-recuperation-de-garmin\/#breadcrumb","itemListElement":[{"@type":"ListItem","position":1,"name":"Accueil","item":"https:\/\/vieassociative.be\/actualites\/"},{"@type":"ListItem","position":2,"name":"Ce que signifie r\u00e9ellement l&rsquo;estimation du \u00ab temps de r\u00e9cup\u00e9ration \u00bb de Garmin"}]},{"@type":"WebSite","@id":"https:\/\/vieassociative.be\/actualites\/#website","url":"https:\/\/vieassociative.be\/actualites\/","name":"Vie Associative","description":"","publisher":{"@id":"https:\/\/vieassociative.be\/actualites\/#organization"},"potentialAction":[{"@type":"SearchAction","target":{"@type":"EntryPoint","urlTemplate":"https:\/\/vieassociative.be\/actualites\/?s={search_term_string}"},"query-input":{"@type":"PropertyValueSpecification","valueRequired":true,"valueName":"search_term_string"}}],"inLanguage":"fr-BE"},{"@type":"Organization","@id":"https:\/\/vieassociative.be\/actualites\/#organization","name":"Vie Associative","url":"https:\/\/vieassociative.be\/actualites\/","logo":{"@type":"ImageObject","inLanguage":"fr-BE","@id":"https:\/\/vieassociative.be\/actualites\/#\/schema\/logo\/image\/","url":"https:\/\/vieassociative.be\/actualites\/wp-content\/uploads\/2024\/09\/cropped-vieassociative_favicon.ico.png","contentUrl":"https:\/\/vieassociative.be\/actualites\/wp-content\/uploads\/2024\/09\/cropped-vieassociative_favicon.ico.png","width":512,"height":512,"caption":"Vie Associative"},"image":{"@id":"https:\/\/vieassociative.be\/actualites\/#\/schema\/logo\/image\/"}},{"@type":"Person","@id":"https:\/\/vieassociative.be\/actualites\/#\/schema\/person\/b87ac4f82f9d4e7b7cec7395b679edc4","name":"Julien","image":{"@type":"ImageObject","inLanguage":"fr-BE","@id":"https:\/\/vieassociative.be\/actualites\/#\/schema\/person\/image\/","url":"https:\/\/vieassociative.be\/actualites\/wp-content\/uploads\/2024\/09\/vie-associative-1-150x150.jpg","contentUrl":"https:\/\/vieassociative.be\/actualites\/wp-content\/uploads\/2024\/09\/vie-associative-1-150x150.jpg","caption":"Julien"},"description":"Je suis Julien, r\u00e9dacteur pour Vie Associative. Passionn\u00e9 par le monde associatif depuis plus de 10 ans, j'ai \u00e0 c\u0153ur de partager des histoires inspirantes et de mettre en lumi\u00e8re les initiatives locales. Mon objectif est de sensibiliser et d'encourager l'engagement communautaire \u00e0 travers mes articles.","sameAs":["https:\/\/vieassociative.be\/"]}]}},"_links":{"self":[{"href":"https:\/\/vieassociative.be\/actualites\/wp-json\/wp\/v2\/posts\/3999"}],"collection":[{"href":"https:\/\/vieassociative.be\/actualites\/wp-json\/wp\/v2\/posts"}],"about":[{"href":"https:\/\/vieassociative.be\/actualites\/wp-json\/wp\/v2\/types\/post"}],"author":[{"embeddable":true,"href":"https:\/\/vieassociative.be\/actualites\/wp-json\/wp\/v2\/users\/1"}],"replies":[{"embeddable":true,"href":"https:\/\/vieassociative.be\/actualites\/wp-json\/wp\/v2\/comments?post=3999"}],"version-history":[{"count":0,"href":"https:\/\/vieassociative.be\/actualites\/wp-json\/wp\/v2\/posts\/3999\/revisions"}],"wp:featuredmedia":[{"embeddable":true,"href":"https:\/\/vieassociative.be\/actualites\/wp-json\/wp\/v2\/media\/4000"}],"wp:attachment":[{"href":"https:\/\/vieassociative.be\/actualites\/wp-json\/wp\/v2\/media?parent=3999"}],"wp:term":[{"taxonomy":"category","embeddable":true,"href":"https:\/\/vieassociative.be\/actualites\/wp-json\/wp\/v2\/categories?post=3999"},{"taxonomy":"post_tag","embeddable":true,"href":"https:\/\/vieassociative.be\/actualites\/wp-json\/wp\/v2\/tags?post=3999"}],"curies":[{"name":"wp","href":"https:\/\/api.w.org\/{rel}","templated":true}]}}