{"id":3997,"date":"2025-01-03T06:21:07","date_gmt":"2025-01-03T05:21:07","guid":{"rendered":"https:\/\/vieassociative.be\/actualites\/traitez-une-visite-chez-le-veterinaire-comme-une-visite-chez-le-mecanicien\/"},"modified":"2025-01-03T06:21:07","modified_gmt":"2025-01-03T05:21:07","slug":"traitez-une-visite-chez-le-veterinaire-comme-une-visite-chez-le-mecanicien","status":"publish","type":"post","link":"https:\/\/vieassociative.be\/actualites\/traitez-une-visite-chez-le-veterinaire-comme-une-visite-chez-le-mecanicien\/","title":{"rendered":"Traitez une visite chez le v\u00e9t\u00e9rinaire comme une visite chez le m\u00e9canicien"},"content":{"rendered":"<div class=\"mt-4 leading-6 md:mb-8\">Consid\u00e9rez votre v\u00e9t\u00e9rinaire comme un m\u00e9canicien pour animaux de compagnie\u00a0: il s&rsquo;agit avant tout de poser les bonnes questions.<\/div>\n<p><\/p>\n<p>Les v\u00e9t\u00e9rinaires et les m\u00e9caniciens automobiles ont de nombreux points communs. Ils r\u00e9solvent tous les deux des probl\u00e8mes urgents pour des personnes qui n&rsquo;ont souvent aucune id\u00e9e de ce qui se passe et ne sont jamais contentes de recevoir une grosse facture.<\/p>\n<p>Le choc des autocollants est r\u00e9el, mais cela ne signifie pas que chaque visite co\u00fbteuse chez le v\u00e9t\u00e9rinaire est une arnaque. Poss\u00e9der un animal de compagnie consiste en partie \u00e0 payer ses soins m\u00e9dicaux, et ces soins sont souvent co\u00fbteux. Malheureusement, il est \u00e9galement vrai que la \u00ab vente incitative \u00bb est courante dans l&rsquo;industrie v\u00e9t\u00e9rinaire. Si vous voulez \u00e9viter de payer pour des choses dont vous et votre animal de compagnie n&rsquo;avez pas besoin, il est utile de vous rendre chez le v\u00e9t\u00e9rinaire avec la m\u00eame attitude que vous adopteriez dans un atelier automobile. Voici comment. <\/p>\n<h2 id=\"bring-a-buddy-or-take-notes\">Amenez un ami (ou prenez des notes)<\/h2>\n<p>Avoir quelqu&rsquo;un d&rsquo;autre dans la pi\u00e8ce n&rsquo;est pas seulement une question de soutien moral : il est difficile d&rsquo;absorber et de retenir des informations compliqu\u00e9es lorsque vous \u00eates stress\u00e9. Votre conjoint ou ami pourrait poser des questions que vous n&rsquo;auriez peut-\u00eatre pas pens\u00e9 \u00e0 poser, et ils peuvent vous aider \u00e0 vous rappeler ce que le v\u00e9t\u00e9rinaire a r\u00e9ellement dit. <\/p>\n<p>Bien entendu, cela n\u2019est peut-\u00eatre pas une option pour le moment. Les pr\u00e9cautions de s\u00e9curit\u00e9 li\u00e9es au COVID-19 vous emp\u00eacheront probablement d&rsquo;entrer dans le b\u00e2timent, et encore moins d&rsquo;amener une deuxi\u00e8me personne \u00e0 votre rendez-vous chez le v\u00e9t\u00e9rinaire. Dans ce cas, apportez un bloc-notes et un stylo pour pouvoir noter. <\/p>\n<h2 id=\"ask-the-right-questions\">Posez les bonnes questions<\/h2>\n<p>La plupart des propri\u00e9taires d\u2019animaux ne connaissent pas grand-chose \u00e0 la m\u00e9decine v\u00e9t\u00e9rinaire, ce qui signifie que chaque rendez-vous chez le v\u00e9t\u00e9rinaire est une opportunit\u00e9 d\u2019apprentissage. Si vous posez les bonnes questions, vous repartirez avec une meilleure compr\u00e9hension de la sant\u00e9 de votre animal et vous \u00e9viterez peut-\u00eatre m\u00eame de payer pour une proc\u00e9dure dont il n&rsquo;a pas besoin.<\/p>\n<p>Deux questions simples : \u00ab\u00a0Pourquoi\u00a0?\u00a0\u00bb et \u00ab\u00a0Combien\u00a0?\u00a0\u00bb \u2013 allez tr\u00e8s loin. Chaque fois que votre v\u00e9t\u00e9rinaire sugg\u00e8re un test ou une proc\u00e9dure, demandez pourquoi. S&rsquo;ils ne donnent pas de d\u00e9tails, soyez plus pr\u00e9cis\u00a0: quelles informations obtiendront-ils de ce test et en quoi cela modifiera-t-il leur plan\u00a0? Qu\u2019est-ce qui les a pouss\u00e9s \u00e0 recommander cette proc\u00e9dure plut\u00f4t qu\u2019une autre\u00a0? Enfin, demandez toujours combien co\u00fbte quelque chose avant de l\u2019accepter. <\/p>\n<p>L&rsquo;attitude est tout ici. Vous ne voulez pas \u00eatre hostile ou impoli, mais vous ne devriez pas non plus abandonner jusqu&rsquo;\u00e0 ce que vous obteniez des r\u00e9ponses logiques. Ce n\u2019est pas un \u00e9quilibre facile \u00e0 trouver : essayez d\u2019\u00eatre aussi patient et poli que possible.<\/p>\n<h2 id=\"take-care-of-the-absolute-basics-yourself\">Prenez soin vous-m\u00eame des bases absolues<\/h2>\n<p>La meilleure fa\u00e7on d\u2019\u00e9viter les factures v\u00e9t\u00e9rinaires inattendues est de garder vos animaux en bonne sant\u00e9 physique et \u00e9motionnelle. Si vous \u00eates d\u00e9j\u00e0 en route chez le v\u00e9t\u00e9rinaire, ce conseil est \u00e9videmment assez inutile, mais une fois tout le monde rentr\u00e9 \u00e0 la maison, \u00e9valuez la routine quotidienne de votre animal. Leur donnez-vous tout ce dont ils ont besoin ? <\/p>\n<p>Chaque animal est diff\u00e9rent, mais ces trois choses sont totalement \u00e9videntes\u00a0:<\/p>\n<ul>\n<li>\n<p><strong>Gardez leur poids sous contr\u00f4le\u00a0:<\/strong> Porter un poids suppl\u00e9mentaire est dur pour les animaux de toutes tailles, alors assurez-vous de ne pas les suralimenter. Une balance de cuisine num\u00e9rique facilite grandement la r\u00e9partition des repas. <\/p>\n<\/li>\n<li>\n<p><strong>Brossez-leur les dents :<\/strong> Celui-ci est un peu plus d\u00e9licat pour les animaux adultes, mais si vous commencez t\u00f4t, un brossage r\u00e9gulier des dents peut \u00e9viter des proc\u00e9dures dentaires co\u00fbteuses.<\/p>\n<\/li>\n<li>\n<p><strong>Prenez leurs besoins \u00e9motionnels au s\u00e9rieux\u00a0:<\/strong> Les probl\u00e8mes de comportement peuvent \u00eatre caus\u00e9s par une maladie ou une blessure, mais la plupart du temps, votre animal essaie simplement de vous dire ce qu&rsquo;il ressent, alors faites attention. <\/p>\n<\/li>\n<\/ul>\n<p>L&rsquo;adaptation \u00e0 une nouvelle routine peut prendre un certain temps, mais l&rsquo;effort en vaut la peine : rester au courant des choses simples gardera votre animal en meilleure sant\u00e9 \u00e0 long terme, et c&rsquo;est de cela qu&rsquo;il s&rsquo;agit. <\/p>\n<p><\/p>\n","protected":false},"excerpt":{"rendered":"<p>Consid\u00e9rez votre v\u00e9t\u00e9rinaire comme un m\u00e9canicien pour animaux de compagnie\u00a0: il s&rsquo;agit avant tout de poser les bonnes questions. Les v\u00e9t\u00e9rinaires et les m\u00e9caniciens automobiles<\/p>\n","protected":false},"author":1,"featured_media":3998,"comment_status":"","ping_status":"","sticky":false,"template":"","format":"standard","meta":{"footnotes":""},"categories":[37],"tags":[1287,1254,4453,4451,110,3393,4452],"class_list":["post-3997","post","type-post","status-publish","format-standard","has-post-thumbnail","hentry","category-famille","tag-chez","tag-comme","tag-mecanicien","tag-traitez","tag-une","tag-veterinaire","tag-visite","generate-columns","tablet-grid-50","mobile-grid-100","grid-parent","grid-33"],"yoast_head":"<!-- This site is optimized with the Yoast SEO plugin v24.0 - https:\/\/yoast.com\/wordpress\/plugins\/seo\/ -->\n<title>Traitez une visite chez le v\u00e9t\u00e9rinaire comme une visite chez le m\u00e9canicien | Vie Associative<\/title>\n<meta name=\"robots\" content=\"index, follow, max-snippet:-1, max-image-preview:large, max-video-preview:-1\" \/>\n<link rel=\"canonical\" href=\"https:\/\/vieassociative.be\/actualites\/traitez-une-visite-chez-le-veterinaire-comme-une-visite-chez-le-mecanicien\/\" \/>\n<meta property=\"og:locale\" content=\"fr_FR\" \/>\n<meta property=\"og:type\" content=\"article\" \/>\n<meta property=\"og:title\" content=\"Traitez une visite chez le v\u00e9t\u00e9rinaire comme une visite chez le m\u00e9canicien | Vie Associative\" \/>\n<meta property=\"og:description\" content=\"Consid\u00e9rez votre v\u00e9t\u00e9rinaire comme un m\u00e9canicien pour animaux de compagnie\u00a0: il s&rsquo;agit avant tout de poser les bonnes questions. Les v\u00e9t\u00e9rinaires et les m\u00e9caniciens automobiles\" \/>\n<meta property=\"og:url\" content=\"https:\/\/vieassociative.be\/actualites\/traitez-une-visite-chez-le-veterinaire-comme-une-visite-chez-le-mecanicien\/\" \/>\n<meta property=\"og:site_name\" content=\"Vie Associative\" \/>\n<meta property=\"article:published_time\" content=\"2025-01-03T05:21:07+00:00\" \/>\n<meta property=\"og:image\" content=\"https:\/\/vieassociative.be\/actualites\/wp-content\/uploads\/2024\/09\/header_backgroundk-01-e1726694325946.png\" \/>\n\t<meta property=\"og:image:width\" content=\"279\" \/>\n\t<meta property=\"og:image:height\" content=\"92\" \/>\n\t<meta property=\"og:image:type\" content=\"image\/png\" \/>\n<meta name=\"author\" content=\"Julien\" \/>\n<meta name=\"twitter:card\" content=\"summary_large_image\" \/>\n<meta name=\"twitter:label1\" content=\"\u00c9crit par\" \/>\n\t<meta name=\"twitter:data1\" content=\"Julien\" \/>\n\t<meta name=\"twitter:label2\" content=\"Dur\u00e9e de lecture est.\" \/>\n\t<meta name=\"twitter:data2\" content=\"4 minutes\" \/>\n<script type=\"application\/ld+json\" class=\"yoast-schema-graph\">{\"@context\":\"https:\/\/schema.org\",\"@graph\":[{\"@type\":\"Article\",\"@id\":\"https:\/\/vieassociative.be\/actualites\/traitez-une-visite-chez-le-veterinaire-comme-une-visite-chez-le-mecanicien\/#article\",\"isPartOf\":{\"@id\":\"https:\/\/vieassociative.be\/actualites\/traitez-une-visite-chez-le-veterinaire-comme-une-visite-chez-le-mecanicien\/\"},\"author\":{\"name\":\"Julien\",\"@id\":\"https:\/\/vieassociative.be\/actualites\/#\/schema\/person\/b87ac4f82f9d4e7b7cec7395b679edc4\"},\"headline\":\"Traitez une visite chez le v\u00e9t\u00e9rinaire comme une visite chez le m\u00e9canicien\",\"datePublished\":\"2025-01-03T05:21:07+00:00\",\"dateModified\":\"2025-01-03T05:21:07+00:00\",\"mainEntityOfPage\":{\"@id\":\"https:\/\/vieassociative.be\/actualites\/traitez-une-visite-chez-le-veterinaire-comme-une-visite-chez-le-mecanicien\/\"},\"wordCount\":772,\"publisher\":{\"@id\":\"https:\/\/vieassociative.be\/actualites\/#organization\"},\"image\":{\"@id\":\"https:\/\/vieassociative.be\/actualites\/traitez-une-visite-chez-le-veterinaire-comme-une-visite-chez-le-mecanicien\/#primaryimage\"},\"thumbnailUrl\":\"https:\/\/vieassociative.be\/actualites\/wp-content\/uploads\/2025\/01\/Traitez-une-visite-chez-le-veterinaire-comme-une-visite-chez.jpg\",\"keywords\":[\"chez\",\"comme\",\"m\u00e9canicien\",\"Traitez\",\"une\",\"v\u00e9t\u00e9rinaire\",\"visite\"],\"articleSection\":[\"Famille\"],\"inLanguage\":\"fr-BE\"},{\"@type\":\"WebPage\",\"@id\":\"https:\/\/vieassociative.be\/actualites\/traitez-une-visite-chez-le-veterinaire-comme-une-visite-chez-le-mecanicien\/\",\"url\":\"https:\/\/vieassociative.be\/actualites\/traitez-une-visite-chez-le-veterinaire-comme-une-visite-chez-le-mecanicien\/\",\"name\":\"Traitez une visite chez le v\u00e9t\u00e9rinaire comme une visite chez le m\u00e9canicien | Vie Associative\",\"isPartOf\":{\"@id\":\"https:\/\/vieassociative.be\/actualites\/#website\"},\"primaryImageOfPage\":{\"@id\":\"https:\/\/vieassociative.be\/actualites\/traitez-une-visite-chez-le-veterinaire-comme-une-visite-chez-le-mecanicien\/#primaryimage\"},\"image\":{\"@id\":\"https:\/\/vieassociative.be\/actualites\/traitez-une-visite-chez-le-veterinaire-comme-une-visite-chez-le-mecanicien\/#primaryimage\"},\"thumbnailUrl\":\"https:\/\/vieassociative.be\/actualites\/wp-content\/uploads\/2025\/01\/Traitez-une-visite-chez-le-veterinaire-comme-une-visite-chez.jpg\",\"datePublished\":\"2025-01-03T05:21:07+00:00\",\"dateModified\":\"2025-01-03T05:21:07+00:00\",\"breadcrumb\":{\"@id\":\"https:\/\/vieassociative.be\/actualites\/traitez-une-visite-chez-le-veterinaire-comme-une-visite-chez-le-mecanicien\/#breadcrumb\"},\"inLanguage\":\"fr-BE\",\"potentialAction\":[{\"@type\":\"ReadAction\",\"target\":[\"https:\/\/vieassociative.be\/actualites\/traitez-une-visite-chez-le-veterinaire-comme-une-visite-chez-le-mecanicien\/\"]}]},{\"@type\":\"ImageObject\",\"inLanguage\":\"fr-BE\",\"@id\":\"https:\/\/vieassociative.be\/actualites\/traitez-une-visite-chez-le-veterinaire-comme-une-visite-chez-le-mecanicien\/#primaryimage\",\"url\":\"https:\/\/vieassociative.be\/actualites\/wp-content\/uploads\/2025\/01\/Traitez-une-visite-chez-le-veterinaire-comme-une-visite-chez.jpg\",\"contentUrl\":\"https:\/\/vieassociative.be\/actualites\/wp-content\/uploads\/2025\/01\/Traitez-une-visite-chez-le-veterinaire-comme-une-visite-chez.jpg\",\"width\":1200,\"height\":675,\"caption\":\"Traitez une visite chez le v\u00e9t\u00e9rinaire comme une visite chez le m\u00e9canicien\"},{\"@type\":\"BreadcrumbList\",\"@id\":\"https:\/\/vieassociative.be\/actualites\/traitez-une-visite-chez-le-veterinaire-comme-une-visite-chez-le-mecanicien\/#breadcrumb\",\"itemListElement\":[{\"@type\":\"ListItem\",\"position\":1,\"name\":\"Accueil\",\"item\":\"https:\/\/vieassociative.be\/actualites\/\"},{\"@type\":\"ListItem\",\"position\":2,\"name\":\"Traitez une visite chez le v\u00e9t\u00e9rinaire comme une visite chez le m\u00e9canicien\"}]},{\"@type\":\"WebSite\",\"@id\":\"https:\/\/vieassociative.be\/actualites\/#website\",\"url\":\"https:\/\/vieassociative.be\/actualites\/\",\"name\":\"Vie Associative\",\"description\":\"\",\"publisher\":{\"@id\":\"https:\/\/vieassociative.be\/actualites\/#organization\"},\"potentialAction\":[{\"@type\":\"SearchAction\",\"target\":{\"@type\":\"EntryPoint\",\"urlTemplate\":\"https:\/\/vieassociative.be\/actualites\/?s={search_term_string}\"},\"query-input\":{\"@type\":\"PropertyValueSpecification\",\"valueRequired\":true,\"valueName\":\"search_term_string\"}}],\"inLanguage\":\"fr-BE\"},{\"@type\":\"Organization\",\"@id\":\"https:\/\/vieassociative.be\/actualites\/#organization\",\"name\":\"Vie Associative\",\"url\":\"https:\/\/vieassociative.be\/actualites\/\",\"logo\":{\"@type\":\"ImageObject\",\"inLanguage\":\"fr-BE\",\"@id\":\"https:\/\/vieassociative.be\/actualites\/#\/schema\/logo\/image\/\",\"url\":\"https:\/\/vieassociative.be\/actualites\/wp-content\/uploads\/2024\/09\/cropped-vieassociative_favicon.ico.png\",\"contentUrl\":\"https:\/\/vieassociative.be\/actualites\/wp-content\/uploads\/2024\/09\/cropped-vieassociative_favicon.ico.png\",\"width\":512,\"height\":512,\"caption\":\"Vie Associative\"},\"image\":{\"@id\":\"https:\/\/vieassociative.be\/actualites\/#\/schema\/logo\/image\/\"}},{\"@type\":\"Person\",\"@id\":\"https:\/\/vieassociative.be\/actualites\/#\/schema\/person\/b87ac4f82f9d4e7b7cec7395b679edc4\",\"name\":\"Julien\",\"image\":{\"@type\":\"ImageObject\",\"inLanguage\":\"fr-BE\",\"@id\":\"https:\/\/vieassociative.be\/actualites\/#\/schema\/person\/image\/\",\"url\":\"https:\/\/vieassociative.be\/actualites\/wp-content\/uploads\/2024\/09\/vie-associative-1-150x150.jpg\",\"contentUrl\":\"https:\/\/vieassociative.be\/actualites\/wp-content\/uploads\/2024\/09\/vie-associative-1-150x150.jpg\",\"caption\":\"Julien\"},\"description\":\"Je suis Julien, r\u00e9dacteur pour Vie Associative. Passionn\u00e9 par le monde associatif depuis plus de 10 ans, j'ai \u00e0 c\u0153ur de partager des histoires inspirantes et de mettre en lumi\u00e8re les initiatives locales. Mon objectif est de sensibiliser et d'encourager l'engagement communautaire \u00e0 travers mes articles.\",\"sameAs\":[\"https:\/\/vieassociative.be\/\"]}]}<\/script>\n<!-- \/ Yoast SEO plugin. -->","yoast_head_json":{"title":"Traitez une visite chez le v\u00e9t\u00e9rinaire comme une visite chez le m\u00e9canicien | Vie Associative","robots":{"index":"index","follow":"follow","max-snippet":"max-snippet:-1","max-image-preview":"max-image-preview:large","max-video-preview":"max-video-preview:-1"},"canonical":"https:\/\/vieassociative.be\/actualites\/traitez-une-visite-chez-le-veterinaire-comme-une-visite-chez-le-mecanicien\/","og_locale":"fr_FR","og_type":"article","og_title":"Traitez une visite chez le v\u00e9t\u00e9rinaire comme une visite chez le m\u00e9canicien | Vie Associative","og_description":"Consid\u00e9rez votre v\u00e9t\u00e9rinaire comme un m\u00e9canicien pour animaux de compagnie\u00a0: il s&rsquo;agit avant tout de poser les bonnes questions. Les v\u00e9t\u00e9rinaires et les m\u00e9caniciens automobiles","og_url":"https:\/\/vieassociative.be\/actualites\/traitez-une-visite-chez-le-veterinaire-comme-une-visite-chez-le-mecanicien\/","og_site_name":"Vie Associative","article_published_time":"2025-01-03T05:21:07+00:00","og_image":[{"width":279,"height":92,"url":"https:\/\/vieassociative.be\/actualites\/wp-content\/uploads\/2024\/09\/header_backgroundk-01-e1726694325946.png","type":"image\/png"}],"author":"Julien","twitter_card":"summary_large_image","twitter_misc":{"\u00c9crit par":"Julien","Dur\u00e9e de lecture est.":"4 minutes"},"schema":{"@context":"https:\/\/schema.org","@graph":[{"@type":"Article","@id":"https:\/\/vieassociative.be\/actualites\/traitez-une-visite-chez-le-veterinaire-comme-une-visite-chez-le-mecanicien\/#article","isPartOf":{"@id":"https:\/\/vieassociative.be\/actualites\/traitez-une-visite-chez-le-veterinaire-comme-une-visite-chez-le-mecanicien\/"},"author":{"name":"Julien","@id":"https:\/\/vieassociative.be\/actualites\/#\/schema\/person\/b87ac4f82f9d4e7b7cec7395b679edc4"},"headline":"Traitez une visite chez le v\u00e9t\u00e9rinaire comme une visite chez le m\u00e9canicien","datePublished":"2025-01-03T05:21:07+00:00","dateModified":"2025-01-03T05:21:07+00:00","mainEntityOfPage":{"@id":"https:\/\/vieassociative.be\/actualites\/traitez-une-visite-chez-le-veterinaire-comme-une-visite-chez-le-mecanicien\/"},"wordCount":772,"publisher":{"@id":"https:\/\/vieassociative.be\/actualites\/#organization"},"image":{"@id":"https:\/\/vieassociative.be\/actualites\/traitez-une-visite-chez-le-veterinaire-comme-une-visite-chez-le-mecanicien\/#primaryimage"},"thumbnailUrl":"https:\/\/vieassociative.be\/actualites\/wp-content\/uploads\/2025\/01\/Traitez-une-visite-chez-le-veterinaire-comme-une-visite-chez.jpg","keywords":["chez","comme","m\u00e9canicien","Traitez","une","v\u00e9t\u00e9rinaire","visite"],"articleSection":["Famille"],"inLanguage":"fr-BE"},{"@type":"WebPage","@id":"https:\/\/vieassociative.be\/actualites\/traitez-une-visite-chez-le-veterinaire-comme-une-visite-chez-le-mecanicien\/","url":"https:\/\/vieassociative.be\/actualites\/traitez-une-visite-chez-le-veterinaire-comme-une-visite-chez-le-mecanicien\/","name":"Traitez une visite chez le v\u00e9t\u00e9rinaire comme une visite chez le m\u00e9canicien | Vie Associative","isPartOf":{"@id":"https:\/\/vieassociative.be\/actualites\/#website"},"primaryImageOfPage":{"@id":"https:\/\/vieassociative.be\/actualites\/traitez-une-visite-chez-le-veterinaire-comme-une-visite-chez-le-mecanicien\/#primaryimage"},"image":{"@id":"https:\/\/vieassociative.be\/actualites\/traitez-une-visite-chez-le-veterinaire-comme-une-visite-chez-le-mecanicien\/#primaryimage"},"thumbnailUrl":"https:\/\/vieassociative.be\/actualites\/wp-content\/uploads\/2025\/01\/Traitez-une-visite-chez-le-veterinaire-comme-une-visite-chez.jpg","datePublished":"2025-01-03T05:21:07+00:00","dateModified":"2025-01-03T05:21:07+00:00","breadcrumb":{"@id":"https:\/\/vieassociative.be\/actualites\/traitez-une-visite-chez-le-veterinaire-comme-une-visite-chez-le-mecanicien\/#breadcrumb"},"inLanguage":"fr-BE","potentialAction":[{"@type":"ReadAction","target":["https:\/\/vieassociative.be\/actualites\/traitez-une-visite-chez-le-veterinaire-comme-une-visite-chez-le-mecanicien\/"]}]},{"@type":"ImageObject","inLanguage":"fr-BE","@id":"https:\/\/vieassociative.be\/actualites\/traitez-une-visite-chez-le-veterinaire-comme-une-visite-chez-le-mecanicien\/#primaryimage","url":"https:\/\/vieassociative.be\/actualites\/wp-content\/uploads\/2025\/01\/Traitez-une-visite-chez-le-veterinaire-comme-une-visite-chez.jpg","contentUrl":"https:\/\/vieassociative.be\/actualites\/wp-content\/uploads\/2025\/01\/Traitez-une-visite-chez-le-veterinaire-comme-une-visite-chez.jpg","width":1200,"height":675,"caption":"Traitez une visite chez le v\u00e9t\u00e9rinaire comme une visite chez le m\u00e9canicien"},{"@type":"BreadcrumbList","@id":"https:\/\/vieassociative.be\/actualites\/traitez-une-visite-chez-le-veterinaire-comme-une-visite-chez-le-mecanicien\/#breadcrumb","itemListElement":[{"@type":"ListItem","position":1,"name":"Accueil","item":"https:\/\/vieassociative.be\/actualites\/"},{"@type":"ListItem","position":2,"name":"Traitez une visite chez le v\u00e9t\u00e9rinaire comme une visite chez le m\u00e9canicien"}]},{"@type":"WebSite","@id":"https:\/\/vieassociative.be\/actualites\/#website","url":"https:\/\/vieassociative.be\/actualites\/","name":"Vie Associative","description":"","publisher":{"@id":"https:\/\/vieassociative.be\/actualites\/#organization"},"potentialAction":[{"@type":"SearchAction","target":{"@type":"EntryPoint","urlTemplate":"https:\/\/vieassociative.be\/actualites\/?s={search_term_string}"},"query-input":{"@type":"PropertyValueSpecification","valueRequired":true,"valueName":"search_term_string"}}],"inLanguage":"fr-BE"},{"@type":"Organization","@id":"https:\/\/vieassociative.be\/actualites\/#organization","name":"Vie Associative","url":"https:\/\/vieassociative.be\/actualites\/","logo":{"@type":"ImageObject","inLanguage":"fr-BE","@id":"https:\/\/vieassociative.be\/actualites\/#\/schema\/logo\/image\/","url":"https:\/\/vieassociative.be\/actualites\/wp-content\/uploads\/2024\/09\/cropped-vieassociative_favicon.ico.png","contentUrl":"https:\/\/vieassociative.be\/actualites\/wp-content\/uploads\/2024\/09\/cropped-vieassociative_favicon.ico.png","width":512,"height":512,"caption":"Vie Associative"},"image":{"@id":"https:\/\/vieassociative.be\/actualites\/#\/schema\/logo\/image\/"}},{"@type":"Person","@id":"https:\/\/vieassociative.be\/actualites\/#\/schema\/person\/b87ac4f82f9d4e7b7cec7395b679edc4","name":"Julien","image":{"@type":"ImageObject","inLanguage":"fr-BE","@id":"https:\/\/vieassociative.be\/actualites\/#\/schema\/person\/image\/","url":"https:\/\/vieassociative.be\/actualites\/wp-content\/uploads\/2024\/09\/vie-associative-1-150x150.jpg","contentUrl":"https:\/\/vieassociative.be\/actualites\/wp-content\/uploads\/2024\/09\/vie-associative-1-150x150.jpg","caption":"Julien"},"description":"Je suis Julien, r\u00e9dacteur pour Vie Associative. Passionn\u00e9 par le monde associatif depuis plus de 10 ans, j'ai \u00e0 c\u0153ur de partager des histoires inspirantes et de mettre en lumi\u00e8re les initiatives locales. Mon objectif est de sensibiliser et d'encourager l'engagement communautaire \u00e0 travers mes articles.","sameAs":["https:\/\/vieassociative.be\/"]}]}},"_links":{"self":[{"href":"https:\/\/vieassociative.be\/actualites\/wp-json\/wp\/v2\/posts\/3997"}],"collection":[{"href":"https:\/\/vieassociative.be\/actualites\/wp-json\/wp\/v2\/posts"}],"about":[{"href":"https:\/\/vieassociative.be\/actualites\/wp-json\/wp\/v2\/types\/post"}],"author":[{"embeddable":true,"href":"https:\/\/vieassociative.be\/actualites\/wp-json\/wp\/v2\/users\/1"}],"replies":[{"embeddable":true,"href":"https:\/\/vieassociative.be\/actualites\/wp-json\/wp\/v2\/comments?post=3997"}],"version-history":[{"count":0,"href":"https:\/\/vieassociative.be\/actualites\/wp-json\/wp\/v2\/posts\/3997\/revisions"}],"wp:featuredmedia":[{"embeddable":true,"href":"https:\/\/vieassociative.be\/actualites\/wp-json\/wp\/v2\/media\/3998"}],"wp:attachment":[{"href":"https:\/\/vieassociative.be\/actualites\/wp-json\/wp\/v2\/media?parent=3997"}],"wp:term":[{"taxonomy":"category","embeddable":true,"href":"https:\/\/vieassociative.be\/actualites\/wp-json\/wp\/v2\/categories?post=3997"},{"taxonomy":"post_tag","embeddable":true,"href":"https:\/\/vieassociative.be\/actualites\/wp-json\/wp\/v2\/tags?post=3997"}],"curies":[{"name":"wp","href":"https:\/\/api.w.org\/{rel}","templated":true}]}}