{"id":3994,"date":"2025-01-03T02:18:12","date_gmt":"2025-01-03T01:18:12","guid":{"rendered":"https:\/\/vieassociative.be\/actualites\/apple-pourrait-vous-devoir-de-largent-pour-avoir-laisse-siri-vous-espionner\/"},"modified":"2025-01-03T02:18:12","modified_gmt":"2025-01-03T01:18:12","slug":"apple-pourrait-vous-devoir-de-largent-pour-avoir-laisse-siri-vous-espionner","status":"publish","type":"post","link":"https:\/\/vieassociative.be\/actualites\/apple-pourrait-vous-devoir-de-largent-pour-avoir-laisse-siri-vous-espionner\/","title":{"rendered":"Apple pourrait vous devoir de l&rsquo;argent pour avoir laiss\u00e9 Siri vous espionner"},"content":{"rendered":"<div class=\"mt-4 leading-6 md:mb-8\">Si Siri a partag\u00e9 vos conversations, vous avez droit \u00e0 une compensation.<\/div>\n<p><\/p>\n<p>Si vous utilisez des appareils Apple, en particulier des appareils compatibles Siri, vous pourriez avoir de l&rsquo;argent \u00e0 votre disposition. C&rsquo;est parce qu&rsquo;Apple vient d&rsquo;accepter un r\u00e8glement de 95 millions de dollars pour r\u00e9soudre un recours collectif. Le diff\u00e9rend ? Le tristement c\u00e9l\u00e8bre assistant intelligent d&rsquo;Apple, Siri, a viol\u00e9 la vie priv\u00e9e des utilisateurs.<\/p>\n<h2 id=\"wait-what-did-siri-do\">Attendez, qu&rsquo;a fait Siri ?<\/h2>\n<p>En 2019, nous avons appris que Siri espionnait par inadvertance beaucoup d\u2019entre nous. Cela a \u00e0 voir avec la fa\u00e7on dont Apple formait et am\u00e9liorait son assistant. Comme vous le savez probablement, pour d\u00e9clencher Siri, vous dites \u00ab Hey Siri \u00bb (de nos jours, vous pouvez simplement dire \u00ab Siri \u00bb) et l&rsquo;assistant se r\u00e9veille et r\u00e9pond (ou tente de r\u00e9pondre) \u00e0 votre question ou demande. C&rsquo;est ce qu&rsquo;on appelle le \u00ab mot d&rsquo;\u00e9veil \u00bb. Le probl\u00e8me est que parfois l&rsquo;assistant entend mal ce qui est dit et, croyant qu&rsquo;il s&rsquo;agit du mot d&rsquo;activation, s&rsquo;allume, ce qui fait que vous entendez parfois\u00a0: \u00ab\u00a0Je suis d\u00e9sol\u00e9, je n&rsquo;ai pas compris\u00a0\u00bb alors qu&rsquo;en fait, vous, Je n&rsquo;ai jamais demand\u00e9 l&rsquo;aide de Siri en premier lieu.     <\/p>\n<p>Afin d&rsquo;am\u00e9liorer Siri, Apple envoyait occasionnellement des extraits d&rsquo;enregistrements audio d&rsquo;appareils compatibles Siri \u00e0 des sous-traitants tiers, en partie pour \u00e9valuer si un d\u00e9clencheur Siri \u00e9tait justifi\u00e9 ou non dans ce cas sp\u00e9cifique. Apple a d\u00e9clar\u00e9 qu&rsquo;il enverrait moins de 1 % des enregistrements \u00e0 des sous-traitants et qu&rsquo;aucun des enregistrements n&rsquo;\u00e9tait li\u00e9 aux identifiants Apple des utilisateurs dont ils provenaient, mais cela ne suffisait pas pour pr\u00e9server leur vie priv\u00e9e. Gr\u00e2ce \u00e0 cette politique de formation, les entrepreneurs \u00e9taient au courant de \u00ab\u00a0discussions priv\u00e9es entre m\u00e9decins et patients, d&rsquo;accords commerciaux, de transactions apparemment criminelles, de rencontres sexuelles, etc.\u00a0\u00bb. Et m\u00eame si l&rsquo;identifiant Apple de l&rsquo;utilisateur n&rsquo;accompagnait peut-\u00eatre pas l&rsquo;enregistrement, les sous-traitants avaient acc\u00e8s \u00e0 l&#8217;emplacement, aux coordonn\u00e9es et aux donn\u00e9es de l&rsquo;application de l&rsquo;utilisateur.<\/p>\n<p>Apple a cr\u00e9\u00e9 une situation dans laquelle si votre iPhone, iPad, Apple Watch, Mac, HomePod, iPod touch ou Apple TV pensait que vous disiez \u00ab\u00a0Hey Siri\u00a0\u00bb, il y avait une petite chance que ce que vous faisiez \u00e0 ce moment-l\u00e0 soit partag\u00e9 avec un tiers. -entrepreneur quelque part dans le monde. Cependant, Apple n&rsquo;est pas unique ici : Google et Amazon ont \u00e9t\u00e9 accus\u00e9s de la m\u00eame mani\u00e8re, et Google est actuellement engag\u00e9 dans un proc\u00e8s similaire. Peu de temps apr\u00e8s ces rapports, Apple a rendu possible la d\u00e9sactivation du partage des enregistrements Siri, puis a compl\u00e8tement arr\u00eat\u00e9 de stocker les enregistrements. <\/p>\n<h2 id=\"there-might-be-a-slice-of-95-million-waiting-for-you\">Il y a peut-\u00eatre une tranche de 95 millions de dollars qui vous attend <\/h2>\n<p>Le proc\u00e8s qu&rsquo;Apple vient de r\u00e9gler s&rsquo;\u00e9tend entre le 17 septembre 2014 et le 31 d\u00e9cembre 2024, p\u00e9riode pendant laquelle \u00ab Hey Siri \u00bb \u00e9tait une option sur les appareils Apple. Si vous pouvez attester que votre appareil Apple a accidentellement d\u00e9clench\u00e9 Siri lors d&rsquo;une conversation priv\u00e9e, vous avez droit \u00e0 un paiement. Cela repr\u00e9sente 20 $ par appareil compatible Siri, avec une limite de cinq appareils. En th\u00e9orie, vous pourriez repartir avec 100 $ de ce proc\u00e8s, mais si trop de membres du groupe se manifestent, ces 20 $ initiaux pourraient chuter.<\/p>\n<p>Pour \u00eatre clair, Apple a ni\u00e9 tout acte r\u00e9pr\u00e9hensible dans cette affaire, m\u00eame si la soci\u00e9t\u00e9 s&rsquo;est excus\u00e9e pour la d\u00e9b\u00e2cle de Siri il y a des ann\u00e9es. En outre, ce r\u00e8glement doit encore \u00eatre approuv\u00e9 par le juge de district am\u00e9ricain Jeffrey White. Jusque-l\u00e0, les paiements ne sont pas officiels.<\/p>\n<p>Comme le souligne Reuters, 95 millions de dollars repr\u00e9sentent environ neuf heures de profit pour Apple. Justice.<\/p>\n","protected":false},"excerpt":{"rendered":"<p>Si Siri a partag\u00e9 vos conversations, vous avez droit \u00e0 une compensation. Si vous utilisez des appareils Apple, en particulier des appareils compatibles Siri, vous<\/p>\n","protected":false},"author":1,"featured_media":3995,"comment_status":"","ping_status":"","sticky":false,"template":"","format":"standard","meta":{"footnotes":""},"categories":[13],"tags":[54,224,4449,4450,3225,498,81,1041,589,4],"class_list":["post-3994","post","type-post","status-publish","format-standard","has-post-thumbnail","hentry","category-technologie","tag-apple","tag-avoir","tag-devoir","tag-espionner","tag-laisse","tag-largent","tag-pour","tag-pourrait","tag-siri","tag-vous","generate-columns","tablet-grid-50","mobile-grid-100","grid-parent","grid-33"],"yoast_head":"<!-- This site is optimized with the Yoast SEO plugin v24.0 - https:\/\/yoast.com\/wordpress\/plugins\/seo\/ -->\n<title>Apple pourrait vous devoir de l&#039;argent pour avoir laiss\u00e9 Siri vous espionner | Vie Associative<\/title>\n<meta name=\"robots\" content=\"index, follow, max-snippet:-1, max-image-preview:large, max-video-preview:-1\" \/>\n<link rel=\"canonical\" href=\"https:\/\/vieassociative.be\/actualites\/apple-pourrait-vous-devoir-de-largent-pour-avoir-laisse-siri-vous-espionner\/\" \/>\n<meta property=\"og:locale\" content=\"fr_FR\" \/>\n<meta property=\"og:type\" content=\"article\" \/>\n<meta property=\"og:title\" content=\"Apple pourrait vous devoir de l&#039;argent pour avoir laiss\u00e9 Siri vous espionner | Vie Associative\" \/>\n<meta property=\"og:description\" content=\"Si Siri a partag\u00e9 vos conversations, vous avez droit \u00e0 une compensation. Si vous utilisez des appareils Apple, en particulier des appareils compatibles Siri, vous\" \/>\n<meta property=\"og:url\" content=\"https:\/\/vieassociative.be\/actualites\/apple-pourrait-vous-devoir-de-largent-pour-avoir-laisse-siri-vous-espionner\/\" \/>\n<meta property=\"og:site_name\" content=\"Vie Associative\" \/>\n<meta property=\"article:published_time\" content=\"2025-01-03T01:18:12+00:00\" \/>\n<meta property=\"og:image\" content=\"https:\/\/vieassociative.be\/actualites\/wp-content\/uploads\/2024\/09\/header_backgroundk-01-e1726694325946.png\" \/>\n\t<meta property=\"og:image:width\" content=\"279\" \/>\n\t<meta property=\"og:image:height\" content=\"92\" \/>\n\t<meta property=\"og:image:type\" content=\"image\/png\" \/>\n<meta name=\"author\" content=\"Julien\" \/>\n<meta name=\"twitter:card\" content=\"summary_large_image\" \/>\n<meta name=\"twitter:label1\" content=\"\u00c9crit par\" \/>\n\t<meta name=\"twitter:data1\" content=\"Julien\" \/>\n\t<meta name=\"twitter:label2\" content=\"Dur\u00e9e de lecture est.\" \/>\n\t<meta name=\"twitter:data2\" content=\"3 minutes\" \/>\n<script type=\"application\/ld+json\" class=\"yoast-schema-graph\">{\"@context\":\"https:\/\/schema.org\",\"@graph\":[{\"@type\":\"Article\",\"@id\":\"https:\/\/vieassociative.be\/actualites\/apple-pourrait-vous-devoir-de-largent-pour-avoir-laisse-siri-vous-espionner\/#article\",\"isPartOf\":{\"@id\":\"https:\/\/vieassociative.be\/actualites\/apple-pourrait-vous-devoir-de-largent-pour-avoir-laisse-siri-vous-espionner\/\"},\"author\":{\"name\":\"Julien\",\"@id\":\"https:\/\/vieassociative.be\/actualites\/#\/schema\/person\/b87ac4f82f9d4e7b7cec7395b679edc4\"},\"headline\":\"Apple pourrait vous devoir de l&rsquo;argent pour avoir laiss\u00e9 Siri vous espionner\",\"datePublished\":\"2025-01-03T01:18:12+00:00\",\"dateModified\":\"2025-01-03T01:18:12+00:00\",\"mainEntityOfPage\":{\"@id\":\"https:\/\/vieassociative.be\/actualites\/apple-pourrait-vous-devoir-de-largent-pour-avoir-laisse-siri-vous-espionner\/\"},\"wordCount\":668,\"publisher\":{\"@id\":\"https:\/\/vieassociative.be\/actualites\/#organization\"},\"image\":{\"@id\":\"https:\/\/vieassociative.be\/actualites\/apple-pourrait-vous-devoir-de-largent-pour-avoir-laisse-siri-vous-espionner\/#primaryimage\"},\"thumbnailUrl\":\"https:\/\/vieassociative.be\/actualites\/wp-content\/uploads\/2025\/01\/Apple-pourrait-vous-devoir-de-largent-pour-avoir-laisse-Siri.jpg\",\"keywords\":[\"Apple\",\"avoir\",\"devoir\",\"espionner\",\"laisse\",\"largent\",\"pour\",\"pourrait\",\"Siri\",\"Vous\"],\"articleSection\":[\"Technologie\"],\"inLanguage\":\"fr-BE\"},{\"@type\":\"WebPage\",\"@id\":\"https:\/\/vieassociative.be\/actualites\/apple-pourrait-vous-devoir-de-largent-pour-avoir-laisse-siri-vous-espionner\/\",\"url\":\"https:\/\/vieassociative.be\/actualites\/apple-pourrait-vous-devoir-de-largent-pour-avoir-laisse-siri-vous-espionner\/\",\"name\":\"Apple pourrait vous devoir de l'argent pour avoir laiss\u00e9 Siri vous espionner | Vie Associative\",\"isPartOf\":{\"@id\":\"https:\/\/vieassociative.be\/actualites\/#website\"},\"primaryImageOfPage\":{\"@id\":\"https:\/\/vieassociative.be\/actualites\/apple-pourrait-vous-devoir-de-largent-pour-avoir-laisse-siri-vous-espionner\/#primaryimage\"},\"image\":{\"@id\":\"https:\/\/vieassociative.be\/actualites\/apple-pourrait-vous-devoir-de-largent-pour-avoir-laisse-siri-vous-espionner\/#primaryimage\"},\"thumbnailUrl\":\"https:\/\/vieassociative.be\/actualites\/wp-content\/uploads\/2025\/01\/Apple-pourrait-vous-devoir-de-largent-pour-avoir-laisse-Siri.jpg\",\"datePublished\":\"2025-01-03T01:18:12+00:00\",\"dateModified\":\"2025-01-03T01:18:12+00:00\",\"breadcrumb\":{\"@id\":\"https:\/\/vieassociative.be\/actualites\/apple-pourrait-vous-devoir-de-largent-pour-avoir-laisse-siri-vous-espionner\/#breadcrumb\"},\"inLanguage\":\"fr-BE\",\"potentialAction\":[{\"@type\":\"ReadAction\",\"target\":[\"https:\/\/vieassociative.be\/actualites\/apple-pourrait-vous-devoir-de-largent-pour-avoir-laisse-siri-vous-espionner\/\"]}]},{\"@type\":\"ImageObject\",\"inLanguage\":\"fr-BE\",\"@id\":\"https:\/\/vieassociative.be\/actualites\/apple-pourrait-vous-devoir-de-largent-pour-avoir-laisse-siri-vous-espionner\/#primaryimage\",\"url\":\"https:\/\/vieassociative.be\/actualites\/wp-content\/uploads\/2025\/01\/Apple-pourrait-vous-devoir-de-largent-pour-avoir-laisse-Siri.jpg\",\"contentUrl\":\"https:\/\/vieassociative.be\/actualites\/wp-content\/uploads\/2025\/01\/Apple-pourrait-vous-devoir-de-largent-pour-avoir-laisse-Siri.jpg\",\"width\":1200,\"height\":675,\"caption\":\"Apple pourrait vous devoir de l'argent pour avoir laiss\u00e9 Siri vous espionner\"},{\"@type\":\"BreadcrumbList\",\"@id\":\"https:\/\/vieassociative.be\/actualites\/apple-pourrait-vous-devoir-de-largent-pour-avoir-laisse-siri-vous-espionner\/#breadcrumb\",\"itemListElement\":[{\"@type\":\"ListItem\",\"position\":1,\"name\":\"Accueil\",\"item\":\"https:\/\/vieassociative.be\/actualites\/\"},{\"@type\":\"ListItem\",\"position\":2,\"name\":\"Apple pourrait vous devoir de l&rsquo;argent pour avoir laiss\u00e9 Siri vous espionner\"}]},{\"@type\":\"WebSite\",\"@id\":\"https:\/\/vieassociative.be\/actualites\/#website\",\"url\":\"https:\/\/vieassociative.be\/actualites\/\",\"name\":\"Vie Associative\",\"description\":\"\",\"publisher\":{\"@id\":\"https:\/\/vieassociative.be\/actualites\/#organization\"},\"potentialAction\":[{\"@type\":\"SearchAction\",\"target\":{\"@type\":\"EntryPoint\",\"urlTemplate\":\"https:\/\/vieassociative.be\/actualites\/?s={search_term_string}\"},\"query-input\":{\"@type\":\"PropertyValueSpecification\",\"valueRequired\":true,\"valueName\":\"search_term_string\"}}],\"inLanguage\":\"fr-BE\"},{\"@type\":\"Organization\",\"@id\":\"https:\/\/vieassociative.be\/actualites\/#organization\",\"name\":\"Vie Associative\",\"url\":\"https:\/\/vieassociative.be\/actualites\/\",\"logo\":{\"@type\":\"ImageObject\",\"inLanguage\":\"fr-BE\",\"@id\":\"https:\/\/vieassociative.be\/actualites\/#\/schema\/logo\/image\/\",\"url\":\"https:\/\/vieassociative.be\/actualites\/wp-content\/uploads\/2024\/09\/cropped-vieassociative_favicon.ico.png\",\"contentUrl\":\"https:\/\/vieassociative.be\/actualites\/wp-content\/uploads\/2024\/09\/cropped-vieassociative_favicon.ico.png\",\"width\":512,\"height\":512,\"caption\":\"Vie Associative\"},\"image\":{\"@id\":\"https:\/\/vieassociative.be\/actualites\/#\/schema\/logo\/image\/\"}},{\"@type\":\"Person\",\"@id\":\"https:\/\/vieassociative.be\/actualites\/#\/schema\/person\/b87ac4f82f9d4e7b7cec7395b679edc4\",\"name\":\"Julien\",\"image\":{\"@type\":\"ImageObject\",\"inLanguage\":\"fr-BE\",\"@id\":\"https:\/\/vieassociative.be\/actualites\/#\/schema\/person\/image\/\",\"url\":\"https:\/\/vieassociative.be\/actualites\/wp-content\/uploads\/2024\/09\/vie-associative-1-150x150.jpg\",\"contentUrl\":\"https:\/\/vieassociative.be\/actualites\/wp-content\/uploads\/2024\/09\/vie-associative-1-150x150.jpg\",\"caption\":\"Julien\"},\"description\":\"Je suis Julien, r\u00e9dacteur pour Vie Associative. Passionn\u00e9 par le monde associatif depuis plus de 10 ans, j'ai \u00e0 c\u0153ur de partager des histoires inspirantes et de mettre en lumi\u00e8re les initiatives locales. Mon objectif est de sensibiliser et d'encourager l'engagement communautaire \u00e0 travers mes articles.\",\"sameAs\":[\"https:\/\/vieassociative.be\/\"]}]}<\/script>\n<!-- \/ Yoast SEO plugin. -->","yoast_head_json":{"title":"Apple pourrait vous devoir de l'argent pour avoir laiss\u00e9 Siri vous espionner | Vie Associative","robots":{"index":"index","follow":"follow","max-snippet":"max-snippet:-1","max-image-preview":"max-image-preview:large","max-video-preview":"max-video-preview:-1"},"canonical":"https:\/\/vieassociative.be\/actualites\/apple-pourrait-vous-devoir-de-largent-pour-avoir-laisse-siri-vous-espionner\/","og_locale":"fr_FR","og_type":"article","og_title":"Apple pourrait vous devoir de l'argent pour avoir laiss\u00e9 Siri vous espionner | Vie Associative","og_description":"Si Siri a partag\u00e9 vos conversations, vous avez droit \u00e0 une compensation. Si vous utilisez des appareils Apple, en particulier des appareils compatibles Siri, vous","og_url":"https:\/\/vieassociative.be\/actualites\/apple-pourrait-vous-devoir-de-largent-pour-avoir-laisse-siri-vous-espionner\/","og_site_name":"Vie Associative","article_published_time":"2025-01-03T01:18:12+00:00","og_image":[{"width":279,"height":92,"url":"https:\/\/vieassociative.be\/actualites\/wp-content\/uploads\/2024\/09\/header_backgroundk-01-e1726694325946.png","type":"image\/png"}],"author":"Julien","twitter_card":"summary_large_image","twitter_misc":{"\u00c9crit par":"Julien","Dur\u00e9e de lecture est.":"3 minutes"},"schema":{"@context":"https:\/\/schema.org","@graph":[{"@type":"Article","@id":"https:\/\/vieassociative.be\/actualites\/apple-pourrait-vous-devoir-de-largent-pour-avoir-laisse-siri-vous-espionner\/#article","isPartOf":{"@id":"https:\/\/vieassociative.be\/actualites\/apple-pourrait-vous-devoir-de-largent-pour-avoir-laisse-siri-vous-espionner\/"},"author":{"name":"Julien","@id":"https:\/\/vieassociative.be\/actualites\/#\/schema\/person\/b87ac4f82f9d4e7b7cec7395b679edc4"},"headline":"Apple pourrait vous devoir de l&rsquo;argent pour avoir laiss\u00e9 Siri vous espionner","datePublished":"2025-01-03T01:18:12+00:00","dateModified":"2025-01-03T01:18:12+00:00","mainEntityOfPage":{"@id":"https:\/\/vieassociative.be\/actualites\/apple-pourrait-vous-devoir-de-largent-pour-avoir-laisse-siri-vous-espionner\/"},"wordCount":668,"publisher":{"@id":"https:\/\/vieassociative.be\/actualites\/#organization"},"image":{"@id":"https:\/\/vieassociative.be\/actualites\/apple-pourrait-vous-devoir-de-largent-pour-avoir-laisse-siri-vous-espionner\/#primaryimage"},"thumbnailUrl":"https:\/\/vieassociative.be\/actualites\/wp-content\/uploads\/2025\/01\/Apple-pourrait-vous-devoir-de-largent-pour-avoir-laisse-Siri.jpg","keywords":["Apple","avoir","devoir","espionner","laisse","largent","pour","pourrait","Siri","Vous"],"articleSection":["Technologie"],"inLanguage":"fr-BE"},{"@type":"WebPage","@id":"https:\/\/vieassociative.be\/actualites\/apple-pourrait-vous-devoir-de-largent-pour-avoir-laisse-siri-vous-espionner\/","url":"https:\/\/vieassociative.be\/actualites\/apple-pourrait-vous-devoir-de-largent-pour-avoir-laisse-siri-vous-espionner\/","name":"Apple pourrait vous devoir de l'argent pour avoir laiss\u00e9 Siri vous espionner | Vie Associative","isPartOf":{"@id":"https:\/\/vieassociative.be\/actualites\/#website"},"primaryImageOfPage":{"@id":"https:\/\/vieassociative.be\/actualites\/apple-pourrait-vous-devoir-de-largent-pour-avoir-laisse-siri-vous-espionner\/#primaryimage"},"image":{"@id":"https:\/\/vieassociative.be\/actualites\/apple-pourrait-vous-devoir-de-largent-pour-avoir-laisse-siri-vous-espionner\/#primaryimage"},"thumbnailUrl":"https:\/\/vieassociative.be\/actualites\/wp-content\/uploads\/2025\/01\/Apple-pourrait-vous-devoir-de-largent-pour-avoir-laisse-Siri.jpg","datePublished":"2025-01-03T01:18:12+00:00","dateModified":"2025-01-03T01:18:12+00:00","breadcrumb":{"@id":"https:\/\/vieassociative.be\/actualites\/apple-pourrait-vous-devoir-de-largent-pour-avoir-laisse-siri-vous-espionner\/#breadcrumb"},"inLanguage":"fr-BE","potentialAction":[{"@type":"ReadAction","target":["https:\/\/vieassociative.be\/actualites\/apple-pourrait-vous-devoir-de-largent-pour-avoir-laisse-siri-vous-espionner\/"]}]},{"@type":"ImageObject","inLanguage":"fr-BE","@id":"https:\/\/vieassociative.be\/actualites\/apple-pourrait-vous-devoir-de-largent-pour-avoir-laisse-siri-vous-espionner\/#primaryimage","url":"https:\/\/vieassociative.be\/actualites\/wp-content\/uploads\/2025\/01\/Apple-pourrait-vous-devoir-de-largent-pour-avoir-laisse-Siri.jpg","contentUrl":"https:\/\/vieassociative.be\/actualites\/wp-content\/uploads\/2025\/01\/Apple-pourrait-vous-devoir-de-largent-pour-avoir-laisse-Siri.jpg","width":1200,"height":675,"caption":"Apple pourrait vous devoir de l'argent pour avoir laiss\u00e9 Siri vous espionner"},{"@type":"BreadcrumbList","@id":"https:\/\/vieassociative.be\/actualites\/apple-pourrait-vous-devoir-de-largent-pour-avoir-laisse-siri-vous-espionner\/#breadcrumb","itemListElement":[{"@type":"ListItem","position":1,"name":"Accueil","item":"https:\/\/vieassociative.be\/actualites\/"},{"@type":"ListItem","position":2,"name":"Apple pourrait vous devoir de l&rsquo;argent pour avoir laiss\u00e9 Siri vous espionner"}]},{"@type":"WebSite","@id":"https:\/\/vieassociative.be\/actualites\/#website","url":"https:\/\/vieassociative.be\/actualites\/","name":"Vie Associative","description":"","publisher":{"@id":"https:\/\/vieassociative.be\/actualites\/#organization"},"potentialAction":[{"@type":"SearchAction","target":{"@type":"EntryPoint","urlTemplate":"https:\/\/vieassociative.be\/actualites\/?s={search_term_string}"},"query-input":{"@type":"PropertyValueSpecification","valueRequired":true,"valueName":"search_term_string"}}],"inLanguage":"fr-BE"},{"@type":"Organization","@id":"https:\/\/vieassociative.be\/actualites\/#organization","name":"Vie Associative","url":"https:\/\/vieassociative.be\/actualites\/","logo":{"@type":"ImageObject","inLanguage":"fr-BE","@id":"https:\/\/vieassociative.be\/actualites\/#\/schema\/logo\/image\/","url":"https:\/\/vieassociative.be\/actualites\/wp-content\/uploads\/2024\/09\/cropped-vieassociative_favicon.ico.png","contentUrl":"https:\/\/vieassociative.be\/actualites\/wp-content\/uploads\/2024\/09\/cropped-vieassociative_favicon.ico.png","width":512,"height":512,"caption":"Vie Associative"},"image":{"@id":"https:\/\/vieassociative.be\/actualites\/#\/schema\/logo\/image\/"}},{"@type":"Person","@id":"https:\/\/vieassociative.be\/actualites\/#\/schema\/person\/b87ac4f82f9d4e7b7cec7395b679edc4","name":"Julien","image":{"@type":"ImageObject","inLanguage":"fr-BE","@id":"https:\/\/vieassociative.be\/actualites\/#\/schema\/person\/image\/","url":"https:\/\/vieassociative.be\/actualites\/wp-content\/uploads\/2024\/09\/vie-associative-1-150x150.jpg","contentUrl":"https:\/\/vieassociative.be\/actualites\/wp-content\/uploads\/2024\/09\/vie-associative-1-150x150.jpg","caption":"Julien"},"description":"Je suis Julien, r\u00e9dacteur pour Vie Associative. Passionn\u00e9 par le monde associatif depuis plus de 10 ans, j'ai \u00e0 c\u0153ur de partager des histoires inspirantes et de mettre en lumi\u00e8re les initiatives locales. Mon objectif est de sensibiliser et d'encourager l'engagement communautaire \u00e0 travers mes articles.","sameAs":["https:\/\/vieassociative.be\/"]}]}},"_links":{"self":[{"href":"https:\/\/vieassociative.be\/actualites\/wp-json\/wp\/v2\/posts\/3994"}],"collection":[{"href":"https:\/\/vieassociative.be\/actualites\/wp-json\/wp\/v2\/posts"}],"about":[{"href":"https:\/\/vieassociative.be\/actualites\/wp-json\/wp\/v2\/types\/post"}],"author":[{"embeddable":true,"href":"https:\/\/vieassociative.be\/actualites\/wp-json\/wp\/v2\/users\/1"}],"replies":[{"embeddable":true,"href":"https:\/\/vieassociative.be\/actualites\/wp-json\/wp\/v2\/comments?post=3994"}],"version-history":[{"count":0,"href":"https:\/\/vieassociative.be\/actualites\/wp-json\/wp\/v2\/posts\/3994\/revisions"}],"wp:featuredmedia":[{"embeddable":true,"href":"https:\/\/vieassociative.be\/actualites\/wp-json\/wp\/v2\/media\/3995"}],"wp:attachment":[{"href":"https:\/\/vieassociative.be\/actualites\/wp-json\/wp\/v2\/media?parent=3994"}],"wp:term":[{"taxonomy":"category","embeddable":true,"href":"https:\/\/vieassociative.be\/actualites\/wp-json\/wp\/v2\/categories?post=3994"},{"taxonomy":"post_tag","embeddable":true,"href":"https:\/\/vieassociative.be\/actualites\/wp-json\/wp\/v2\/tags?post=3994"}],"curies":[{"name":"wp","href":"https:\/\/api.w.org\/{rel}","templated":true}]}}