{"id":3991,"date":"2025-01-02T21:17:52","date_gmt":"2025-01-02T20:17:52","guid":{"rendered":"https:\/\/vieassociative.be\/actualites\/cela-signifie-que-les-jours-feries-et-les-vacances-scolaires-tomberont-en-2025-a-la-dg\/"},"modified":"2025-01-02T21:17:52","modified_gmt":"2025-01-02T20:17:52","slug":"cela-signifie-que-les-jours-feries-et-les-vacances-scolaires-tomberont-en-2025-a-la-dg","status":"publish","type":"post","link":"https:\/\/vieassociative.be\/actualites\/cela-signifie-que-les-jours-feries-et-les-vacances-scolaires-tomberont-en-2025-a-la-dg\/","title":{"rendered":"Cela signifie que les jours f\u00e9ri\u00e9s et les vacances scolaires tomberont en 2025 \u00e0 la DG."},"content":{"rendered":"<p><b>Lorsqu&rsquo;une nouvelle ann\u00e9e commence, les gens aiment jeter un \u0153il au calendrier annuel pour voir comment tombent les vacances et quand ont lieu les vacances scolaires. En 2025, seuls la Toussaint (samedi 1er novembre 2025) et la Journ\u00e9e de la DG (samedi 15 novembre 2025), qui n&rsquo;est pas un jour f\u00e9ri\u00e9 pour tout le monde, tombent un week-end.<\/b><\/p>\n<p><span id=\"more-405233\"><\/span>Pour l&rsquo;ann\u00e9e 2025, les jours f\u00e9ri\u00e9s dans l&rsquo;Est de la Belgique seront les suivants :<\/p>\n<ul>\n<li><b>Nouvelle ann\u00e9e:<\/b> mercredi 1er janvier 2025<\/li>\n<li><b>Lundi des Roses\u00a0:<\/b> lundi 3 mars 2025<\/li>\n<li><b><\/b> Lundi de P\u00e2ques :<\/li>\n<li><b>Lundi 21 avril 2025<\/b> F\u00eate du travail:<\/li>\n<li><b>Jeudi 1er mai 2025<\/b> Ascension du Christ :<\/li>\n<li><b>Jeudi 29 mai 2025<\/b> Lundi de Pentec\u00f4te :<\/li>\n<li><b>Lundi 9 juin 2025<\/b> F\u00eate nationale :<\/li>\n<li><b>lundi 21 juillet 2025<\/b> Jour de l&rsquo;Assomption :<\/li>\n<li><b>Vendredi 15 ao\u00fbt 2025<\/b> F\u00eate de la Toussaint :<\/li>\n<li><b>samedi 1er novembre 2025<\/b> Armistice:<\/li>\n<li><b>mardi 11 novembre 2025 <\/b>Journ\u00e9e de c\u00e9l\u00e9bration du DG\u00a0:<\/li>\n<li><b>Samedi 15 novembre 2025 (**)<\/b> No\u00ebl:<\/li>\n<li><b>Jeudi 25 d\u00e9cembre 2025<\/b> 2\u00e8me jour de No\u00ebl :<\/li>\n<\/ul>\n<p><em>Vendredi 26 d\u00e9cembre 2025<\/em><br \/>\n<em><\/em><\/p>\n<\/p>\n<ul>\n<li><b>Ce n&rsquo;est pas un jour f\u00e9ri\u00e9 g\u00e9n\u00e9ral, mais \u00e0 la DG, c&rsquo;est un jour de cong\u00e9 sur base volontaire.<\/b> (**) Il ne s&rsquo;agit pas d&rsquo;un jour f\u00e9ri\u00e9 g\u00e9n\u00e9ral, mais d&rsquo;un jour de cong\u00e9 dans les \u00e9coles et l&rsquo;administration publique de la DG.<\/li>\n<li><b>Les vacances scolaires en DG 2025 seront les suivantes :<\/b> Vacances de carnaval :<\/li>\n<li><b>Du lundi 3 mars 2025 au vendredi 7 mars 2025 <\/b>Vacances de P\u00e2ques :<\/li>\n<li><b>Du lundi 21 avril 2025 au vendredi 2 mai 2025<\/b> Vacances d&rsquo;\u00e9t\u00e9 :<\/li>\n<li><b>Du mardi 1er juillet 2025 au dimanche 31 ao\u00fbt 2025<\/b> Vacances d&rsquo;automne :<\/li>\n<\/ul>\n<p>Du lundi 27 octobre 2025 au vendredi 31 octobre 2025Vacances de No\u00ebl :Du lundi 22 d\u00e9cembre 2025 au vendredi 2 janvier 2026<\/p>\n","protected":false},"excerpt":{"rendered":"<p>Lorsqu&rsquo;une nouvelle ann\u00e9e commence, les gens aiment jeter un \u0153il au calendrier annuel pour voir comment tombent les vacances et quand ont lieu les vacances<\/p>\n","protected":false},"author":1,"featured_media":3992,"comment_status":"","ping_status":"","sticky":false,"template":"","format":"standard","meta":{"footnotes":""},"categories":[298],"tags":[1610,4447,937,14,3431,1872,4448,561],"class_list":["post-3991","post","type-post","status-publish","format-standard","has-post-thumbnail","hentry","category-belgique","tag-cela","tag-feries","tag-jours","tag-les","tag-scolaires","tag-signifie","tag-tomberont","tag-vacances","generate-columns","tablet-grid-50","mobile-grid-100","grid-parent","grid-33"],"yoast_head":"<!-- This site is optimized with the Yoast SEO plugin v24.0 - https:\/\/yoast.com\/wordpress\/plugins\/seo\/ -->\n<title>Cela signifie que les jours f\u00e9ri\u00e9s et les vacances scolaires tomberont en 2025 \u00e0 la DG. | Vie Associative<\/title>\n<meta name=\"robots\" content=\"index, follow, max-snippet:-1, max-image-preview:large, max-video-preview:-1\" \/>\n<link rel=\"canonical\" href=\"https:\/\/vieassociative.be\/actualites\/cela-signifie-que-les-jours-feries-et-les-vacances-scolaires-tomberont-en-2025-a-la-dg\/\" \/>\n<meta property=\"og:locale\" content=\"fr_FR\" \/>\n<meta property=\"og:type\" content=\"article\" \/>\n<meta property=\"og:title\" content=\"Cela signifie que les jours f\u00e9ri\u00e9s et les vacances scolaires tomberont en 2025 \u00e0 la DG. | Vie Associative\" \/>\n<meta property=\"og:description\" content=\"Lorsqu&rsquo;une nouvelle ann\u00e9e commence, les gens aiment jeter un \u0153il au calendrier annuel pour voir comment tombent les vacances et quand ont lieu les vacances\" \/>\n<meta property=\"og:url\" content=\"https:\/\/vieassociative.be\/actualites\/cela-signifie-que-les-jours-feries-et-les-vacances-scolaires-tomberont-en-2025-a-la-dg\/\" \/>\n<meta property=\"og:site_name\" content=\"Vie Associative\" \/>\n<meta property=\"article:published_time\" content=\"2025-01-02T20:17:52+00:00\" \/>\n<meta property=\"og:image\" content=\"https:\/\/vieassociative.be\/actualites\/wp-content\/uploads\/2024\/09\/header_backgroundk-01-e1726694325946.png\" \/>\n\t<meta property=\"og:image:width\" content=\"279\" \/>\n\t<meta property=\"og:image:height\" content=\"92\" \/>\n\t<meta property=\"og:image:type\" content=\"image\/png\" \/>\n<meta name=\"author\" content=\"Julien\" \/>\n<meta name=\"twitter:card\" content=\"summary_large_image\" \/>\n<meta name=\"twitter:label1\" content=\"\u00c9crit par\" \/>\n\t<meta name=\"twitter:data1\" content=\"Julien\" \/>\n\t<meta name=\"twitter:label2\" content=\"Dur\u00e9e de lecture est.\" \/>\n\t<meta name=\"twitter:data2\" content=\"1 minute\" \/>\n<script type=\"application\/ld+json\" class=\"yoast-schema-graph\">{\"@context\":\"https:\/\/schema.org\",\"@graph\":[{\"@type\":\"Article\",\"@id\":\"https:\/\/vieassociative.be\/actualites\/cela-signifie-que-les-jours-feries-et-les-vacances-scolaires-tomberont-en-2025-a-la-dg\/#article\",\"isPartOf\":{\"@id\":\"https:\/\/vieassociative.be\/actualites\/cela-signifie-que-les-jours-feries-et-les-vacances-scolaires-tomberont-en-2025-a-la-dg\/\"},\"author\":{\"name\":\"Julien\",\"@id\":\"https:\/\/vieassociative.be\/actualites\/#\/schema\/person\/b87ac4f82f9d4e7b7cec7395b679edc4\"},\"headline\":\"Cela signifie que les jours f\u00e9ri\u00e9s et les vacances scolaires tomberont en 2025 \u00e0 la DG.\",\"datePublished\":\"2025-01-02T20:17:52+00:00\",\"dateModified\":\"2025-01-02T20:17:52+00:00\",\"mainEntityOfPage\":{\"@id\":\"https:\/\/vieassociative.be\/actualites\/cela-signifie-que-les-jours-feries-et-les-vacances-scolaires-tomberont-en-2025-a-la-dg\/\"},\"wordCount\":284,\"publisher\":{\"@id\":\"https:\/\/vieassociative.be\/actualites\/#organization\"},\"image\":{\"@id\":\"https:\/\/vieassociative.be\/actualites\/cela-signifie-que-les-jours-feries-et-les-vacances-scolaires-tomberont-en-2025-a-la-dg\/#primaryimage\"},\"thumbnailUrl\":\"https:\/\/vieassociative.be\/actualites\/wp-content\/uploads\/2025\/01\/Cela-signifie-que-les-jours-feries-et-les-vacances-scolaires.jpg\",\"keywords\":[\"cela\",\"f\u00e9ri\u00e9s\",\"jours\",\"Les\",\"scolaires\",\"signifie\",\"tomberont\",\"vacances\"],\"articleSection\":[\"Belgique\"],\"inLanguage\":\"fr-BE\"},{\"@type\":\"WebPage\",\"@id\":\"https:\/\/vieassociative.be\/actualites\/cela-signifie-que-les-jours-feries-et-les-vacances-scolaires-tomberont-en-2025-a-la-dg\/\",\"url\":\"https:\/\/vieassociative.be\/actualites\/cela-signifie-que-les-jours-feries-et-les-vacances-scolaires-tomberont-en-2025-a-la-dg\/\",\"name\":\"Cela signifie que les jours f\u00e9ri\u00e9s et les vacances scolaires tomberont en 2025 \u00e0 la DG. | Vie Associative\",\"isPartOf\":{\"@id\":\"https:\/\/vieassociative.be\/actualites\/#website\"},\"primaryImageOfPage\":{\"@id\":\"https:\/\/vieassociative.be\/actualites\/cela-signifie-que-les-jours-feries-et-les-vacances-scolaires-tomberont-en-2025-a-la-dg\/#primaryimage\"},\"image\":{\"@id\":\"https:\/\/vieassociative.be\/actualites\/cela-signifie-que-les-jours-feries-et-les-vacances-scolaires-tomberont-en-2025-a-la-dg\/#primaryimage\"},\"thumbnailUrl\":\"https:\/\/vieassociative.be\/actualites\/wp-content\/uploads\/2025\/01\/Cela-signifie-que-les-jours-feries-et-les-vacances-scolaires.jpg\",\"datePublished\":\"2025-01-02T20:17:52+00:00\",\"dateModified\":\"2025-01-02T20:17:52+00:00\",\"breadcrumb\":{\"@id\":\"https:\/\/vieassociative.be\/actualites\/cela-signifie-que-les-jours-feries-et-les-vacances-scolaires-tomberont-en-2025-a-la-dg\/#breadcrumb\"},\"inLanguage\":\"fr-BE\",\"potentialAction\":[{\"@type\":\"ReadAction\",\"target\":[\"https:\/\/vieassociative.be\/actualites\/cela-signifie-que-les-jours-feries-et-les-vacances-scolaires-tomberont-en-2025-a-la-dg\/\"]}]},{\"@type\":\"ImageObject\",\"inLanguage\":\"fr-BE\",\"@id\":\"https:\/\/vieassociative.be\/actualites\/cela-signifie-que-les-jours-feries-et-les-vacances-scolaires-tomberont-en-2025-a-la-dg\/#primaryimage\",\"url\":\"https:\/\/vieassociative.be\/actualites\/wp-content\/uploads\/2025\/01\/Cela-signifie-que-les-jours-feries-et-les-vacances-scolaires.jpg\",\"contentUrl\":\"https:\/\/vieassociative.be\/actualites\/wp-content\/uploads\/2025\/01\/Cela-signifie-que-les-jours-feries-et-les-vacances-scolaires.jpg\",\"width\":1200,\"height\":700,\"caption\":\"Cela signifie que les jours f\u00e9ri\u00e9s et les vacances scolaires tomberont en 2025 \u00e0 la DG.\"},{\"@type\":\"BreadcrumbList\",\"@id\":\"https:\/\/vieassociative.be\/actualites\/cela-signifie-que-les-jours-feries-et-les-vacances-scolaires-tomberont-en-2025-a-la-dg\/#breadcrumb\",\"itemListElement\":[{\"@type\":\"ListItem\",\"position\":1,\"name\":\"Accueil\",\"item\":\"https:\/\/vieassociative.be\/actualites\/\"},{\"@type\":\"ListItem\",\"position\":2,\"name\":\"Cela signifie que les jours f\u00e9ri\u00e9s et les vacances scolaires tomberont en 2025 \u00e0 la DG.\"}]},{\"@type\":\"WebSite\",\"@id\":\"https:\/\/vieassociative.be\/actualites\/#website\",\"url\":\"https:\/\/vieassociative.be\/actualites\/\",\"name\":\"Vie Associative\",\"description\":\"\",\"publisher\":{\"@id\":\"https:\/\/vieassociative.be\/actualites\/#organization\"},\"potentialAction\":[{\"@type\":\"SearchAction\",\"target\":{\"@type\":\"EntryPoint\",\"urlTemplate\":\"https:\/\/vieassociative.be\/actualites\/?s={search_term_string}\"},\"query-input\":{\"@type\":\"PropertyValueSpecification\",\"valueRequired\":true,\"valueName\":\"search_term_string\"}}],\"inLanguage\":\"fr-BE\"},{\"@type\":\"Organization\",\"@id\":\"https:\/\/vieassociative.be\/actualites\/#organization\",\"name\":\"Vie Associative\",\"url\":\"https:\/\/vieassociative.be\/actualites\/\",\"logo\":{\"@type\":\"ImageObject\",\"inLanguage\":\"fr-BE\",\"@id\":\"https:\/\/vieassociative.be\/actualites\/#\/schema\/logo\/image\/\",\"url\":\"https:\/\/vieassociative.be\/actualites\/wp-content\/uploads\/2024\/09\/cropped-vieassociative_favicon.ico.png\",\"contentUrl\":\"https:\/\/vieassociative.be\/actualites\/wp-content\/uploads\/2024\/09\/cropped-vieassociative_favicon.ico.png\",\"width\":512,\"height\":512,\"caption\":\"Vie Associative\"},\"image\":{\"@id\":\"https:\/\/vieassociative.be\/actualites\/#\/schema\/logo\/image\/\"}},{\"@type\":\"Person\",\"@id\":\"https:\/\/vieassociative.be\/actualites\/#\/schema\/person\/b87ac4f82f9d4e7b7cec7395b679edc4\",\"name\":\"Julien\",\"image\":{\"@type\":\"ImageObject\",\"inLanguage\":\"fr-BE\",\"@id\":\"https:\/\/vieassociative.be\/actualites\/#\/schema\/person\/image\/\",\"url\":\"https:\/\/vieassociative.be\/actualites\/wp-content\/uploads\/2024\/09\/vie-associative-1-150x150.jpg\",\"contentUrl\":\"https:\/\/vieassociative.be\/actualites\/wp-content\/uploads\/2024\/09\/vie-associative-1-150x150.jpg\",\"caption\":\"Julien\"},\"description\":\"Je suis Julien, r\u00e9dacteur pour Vie Associative. Passionn\u00e9 par le monde associatif depuis plus de 10 ans, j'ai \u00e0 c\u0153ur de partager des histoires inspirantes et de mettre en lumi\u00e8re les initiatives locales. Mon objectif est de sensibiliser et d'encourager l'engagement communautaire \u00e0 travers mes articles.\",\"sameAs\":[\"https:\/\/vieassociative.be\/\"]}]}<\/script>\n<!-- \/ Yoast SEO plugin. -->","yoast_head_json":{"title":"Cela signifie que les jours f\u00e9ri\u00e9s et les vacances scolaires tomberont en 2025 \u00e0 la DG. | Vie Associative","robots":{"index":"index","follow":"follow","max-snippet":"max-snippet:-1","max-image-preview":"max-image-preview:large","max-video-preview":"max-video-preview:-1"},"canonical":"https:\/\/vieassociative.be\/actualites\/cela-signifie-que-les-jours-feries-et-les-vacances-scolaires-tomberont-en-2025-a-la-dg\/","og_locale":"fr_FR","og_type":"article","og_title":"Cela signifie que les jours f\u00e9ri\u00e9s et les vacances scolaires tomberont en 2025 \u00e0 la DG. | Vie Associative","og_description":"Lorsqu&rsquo;une nouvelle ann\u00e9e commence, les gens aiment jeter un \u0153il au calendrier annuel pour voir comment tombent les vacances et quand ont lieu les vacances","og_url":"https:\/\/vieassociative.be\/actualites\/cela-signifie-que-les-jours-feries-et-les-vacances-scolaires-tomberont-en-2025-a-la-dg\/","og_site_name":"Vie Associative","article_published_time":"2025-01-02T20:17:52+00:00","og_image":[{"width":279,"height":92,"url":"https:\/\/vieassociative.be\/actualites\/wp-content\/uploads\/2024\/09\/header_backgroundk-01-e1726694325946.png","type":"image\/png"}],"author":"Julien","twitter_card":"summary_large_image","twitter_misc":{"\u00c9crit par":"Julien","Dur\u00e9e de lecture est.":"1 minute"},"schema":{"@context":"https:\/\/schema.org","@graph":[{"@type":"Article","@id":"https:\/\/vieassociative.be\/actualites\/cela-signifie-que-les-jours-feries-et-les-vacances-scolaires-tomberont-en-2025-a-la-dg\/#article","isPartOf":{"@id":"https:\/\/vieassociative.be\/actualites\/cela-signifie-que-les-jours-feries-et-les-vacances-scolaires-tomberont-en-2025-a-la-dg\/"},"author":{"name":"Julien","@id":"https:\/\/vieassociative.be\/actualites\/#\/schema\/person\/b87ac4f82f9d4e7b7cec7395b679edc4"},"headline":"Cela signifie que les jours f\u00e9ri\u00e9s et les vacances scolaires tomberont en 2025 \u00e0 la DG.","datePublished":"2025-01-02T20:17:52+00:00","dateModified":"2025-01-02T20:17:52+00:00","mainEntityOfPage":{"@id":"https:\/\/vieassociative.be\/actualites\/cela-signifie-que-les-jours-feries-et-les-vacances-scolaires-tomberont-en-2025-a-la-dg\/"},"wordCount":284,"publisher":{"@id":"https:\/\/vieassociative.be\/actualites\/#organization"},"image":{"@id":"https:\/\/vieassociative.be\/actualites\/cela-signifie-que-les-jours-feries-et-les-vacances-scolaires-tomberont-en-2025-a-la-dg\/#primaryimage"},"thumbnailUrl":"https:\/\/vieassociative.be\/actualites\/wp-content\/uploads\/2025\/01\/Cela-signifie-que-les-jours-feries-et-les-vacances-scolaires.jpg","keywords":["cela","f\u00e9ri\u00e9s","jours","Les","scolaires","signifie","tomberont","vacances"],"articleSection":["Belgique"],"inLanguage":"fr-BE"},{"@type":"WebPage","@id":"https:\/\/vieassociative.be\/actualites\/cela-signifie-que-les-jours-feries-et-les-vacances-scolaires-tomberont-en-2025-a-la-dg\/","url":"https:\/\/vieassociative.be\/actualites\/cela-signifie-que-les-jours-feries-et-les-vacances-scolaires-tomberont-en-2025-a-la-dg\/","name":"Cela signifie que les jours f\u00e9ri\u00e9s et les vacances scolaires tomberont en 2025 \u00e0 la DG. | Vie Associative","isPartOf":{"@id":"https:\/\/vieassociative.be\/actualites\/#website"},"primaryImageOfPage":{"@id":"https:\/\/vieassociative.be\/actualites\/cela-signifie-que-les-jours-feries-et-les-vacances-scolaires-tomberont-en-2025-a-la-dg\/#primaryimage"},"image":{"@id":"https:\/\/vieassociative.be\/actualites\/cela-signifie-que-les-jours-feries-et-les-vacances-scolaires-tomberont-en-2025-a-la-dg\/#primaryimage"},"thumbnailUrl":"https:\/\/vieassociative.be\/actualites\/wp-content\/uploads\/2025\/01\/Cela-signifie-que-les-jours-feries-et-les-vacances-scolaires.jpg","datePublished":"2025-01-02T20:17:52+00:00","dateModified":"2025-01-02T20:17:52+00:00","breadcrumb":{"@id":"https:\/\/vieassociative.be\/actualites\/cela-signifie-que-les-jours-feries-et-les-vacances-scolaires-tomberont-en-2025-a-la-dg\/#breadcrumb"},"inLanguage":"fr-BE","potentialAction":[{"@type":"ReadAction","target":["https:\/\/vieassociative.be\/actualites\/cela-signifie-que-les-jours-feries-et-les-vacances-scolaires-tomberont-en-2025-a-la-dg\/"]}]},{"@type":"ImageObject","inLanguage":"fr-BE","@id":"https:\/\/vieassociative.be\/actualites\/cela-signifie-que-les-jours-feries-et-les-vacances-scolaires-tomberont-en-2025-a-la-dg\/#primaryimage","url":"https:\/\/vieassociative.be\/actualites\/wp-content\/uploads\/2025\/01\/Cela-signifie-que-les-jours-feries-et-les-vacances-scolaires.jpg","contentUrl":"https:\/\/vieassociative.be\/actualites\/wp-content\/uploads\/2025\/01\/Cela-signifie-que-les-jours-feries-et-les-vacances-scolaires.jpg","width":1200,"height":700,"caption":"Cela signifie que les jours f\u00e9ri\u00e9s et les vacances scolaires tomberont en 2025 \u00e0 la DG."},{"@type":"BreadcrumbList","@id":"https:\/\/vieassociative.be\/actualites\/cela-signifie-que-les-jours-feries-et-les-vacances-scolaires-tomberont-en-2025-a-la-dg\/#breadcrumb","itemListElement":[{"@type":"ListItem","position":1,"name":"Accueil","item":"https:\/\/vieassociative.be\/actualites\/"},{"@type":"ListItem","position":2,"name":"Cela signifie que les jours f\u00e9ri\u00e9s et les vacances scolaires tomberont en 2025 \u00e0 la DG."}]},{"@type":"WebSite","@id":"https:\/\/vieassociative.be\/actualites\/#website","url":"https:\/\/vieassociative.be\/actualites\/","name":"Vie Associative","description":"","publisher":{"@id":"https:\/\/vieassociative.be\/actualites\/#organization"},"potentialAction":[{"@type":"SearchAction","target":{"@type":"EntryPoint","urlTemplate":"https:\/\/vieassociative.be\/actualites\/?s={search_term_string}"},"query-input":{"@type":"PropertyValueSpecification","valueRequired":true,"valueName":"search_term_string"}}],"inLanguage":"fr-BE"},{"@type":"Organization","@id":"https:\/\/vieassociative.be\/actualites\/#organization","name":"Vie Associative","url":"https:\/\/vieassociative.be\/actualites\/","logo":{"@type":"ImageObject","inLanguage":"fr-BE","@id":"https:\/\/vieassociative.be\/actualites\/#\/schema\/logo\/image\/","url":"https:\/\/vieassociative.be\/actualites\/wp-content\/uploads\/2024\/09\/cropped-vieassociative_favicon.ico.png","contentUrl":"https:\/\/vieassociative.be\/actualites\/wp-content\/uploads\/2024\/09\/cropped-vieassociative_favicon.ico.png","width":512,"height":512,"caption":"Vie Associative"},"image":{"@id":"https:\/\/vieassociative.be\/actualites\/#\/schema\/logo\/image\/"}},{"@type":"Person","@id":"https:\/\/vieassociative.be\/actualites\/#\/schema\/person\/b87ac4f82f9d4e7b7cec7395b679edc4","name":"Julien","image":{"@type":"ImageObject","inLanguage":"fr-BE","@id":"https:\/\/vieassociative.be\/actualites\/#\/schema\/person\/image\/","url":"https:\/\/vieassociative.be\/actualites\/wp-content\/uploads\/2024\/09\/vie-associative-1-150x150.jpg","contentUrl":"https:\/\/vieassociative.be\/actualites\/wp-content\/uploads\/2024\/09\/vie-associative-1-150x150.jpg","caption":"Julien"},"description":"Je suis Julien, r\u00e9dacteur pour Vie Associative. Passionn\u00e9 par le monde associatif depuis plus de 10 ans, j'ai \u00e0 c\u0153ur de partager des histoires inspirantes et de mettre en lumi\u00e8re les initiatives locales. Mon objectif est de sensibiliser et d'encourager l'engagement communautaire \u00e0 travers mes articles.","sameAs":["https:\/\/vieassociative.be\/"]}]}},"_links":{"self":[{"href":"https:\/\/vieassociative.be\/actualites\/wp-json\/wp\/v2\/posts\/3991"}],"collection":[{"href":"https:\/\/vieassociative.be\/actualites\/wp-json\/wp\/v2\/posts"}],"about":[{"href":"https:\/\/vieassociative.be\/actualites\/wp-json\/wp\/v2\/types\/post"}],"author":[{"embeddable":true,"href":"https:\/\/vieassociative.be\/actualites\/wp-json\/wp\/v2\/users\/1"}],"replies":[{"embeddable":true,"href":"https:\/\/vieassociative.be\/actualites\/wp-json\/wp\/v2\/comments?post=3991"}],"version-history":[{"count":0,"href":"https:\/\/vieassociative.be\/actualites\/wp-json\/wp\/v2\/posts\/3991\/revisions"}],"wp:featuredmedia":[{"embeddable":true,"href":"https:\/\/vieassociative.be\/actualites\/wp-json\/wp\/v2\/media\/3992"}],"wp:attachment":[{"href":"https:\/\/vieassociative.be\/actualites\/wp-json\/wp\/v2\/media?parent=3991"}],"wp:term":[{"taxonomy":"category","embeddable":true,"href":"https:\/\/vieassociative.be\/actualites\/wp-json\/wp\/v2\/categories?post=3991"},{"taxonomy":"post_tag","embeddable":true,"href":"https:\/\/vieassociative.be\/actualites\/wp-json\/wp\/v2\/tags?post=3991"}],"curies":[{"name":"wp","href":"https:\/\/api.w.org\/{rel}","templated":true}]}}