{"id":399,"date":"2024-09-24T09:22:07","date_gmt":"2024-09-24T07:22:07","guid":{"rendered":"https:\/\/vieassociative.be\/actualites\/comment-enfin-terminer-vos-etudes-universitaires-selon-un-doyen-duniversite\/"},"modified":"2024-09-24T09:22:07","modified_gmt":"2024-09-24T07:22:07","slug":"comment-enfin-terminer-vos-etudes-universitaires-selon-un-doyen-duniversite","status":"publish","type":"post","link":"https:\/\/vieassociative.be\/actualites\/comment-enfin-terminer-vos-etudes-universitaires-selon-un-doyen-duniversite\/","title":{"rendered":"Comment (enfin) terminer vos \u00e9tudes universitaires, selon un doyen d&rsquo;universit\u00e9"},"content":{"rendered":"<div class=\"mt-4 leading-6 md:mb-8\">Appliquez tout ce que vous avez appris en tant que professionnel \u00e0 votre exp\u00e9rience de rentr\u00e9e scolaire et vous irez loin.<\/div>\n<p><\/p>\n<p>Si vous faites partie de la g\u00e9n\u00e9ration X ou de la g\u00e9n\u00e9ration Y, vous vous souvenez d\u2019une \u00e9poque o\u00f9 l\u2019universit\u00e9 vous \u00e9tait pr\u00e9sent\u00e9e comme une valeur ajout\u00e9e plut\u00f4t qu\u2019une d\u00e9pense n\u00e9cessaire. Nous savons tous comment cela s\u2019est termin\u00e9. Et m\u00eame si beaucoup d\u2019entre nous ont obtenu leur dipl\u00f4me et, esp\u00e9rons-le, l\u2019ont mis \u00e0 profit, selon EducationData.org, jusqu\u2019\u00e0 40 millions d\u2019Am\u00e9ricains \u00e9taient consid\u00e9r\u00e9s comme des d\u00e9crocheurs universitaires en juillet 2021 \u2013 des personnes qui s\u2019\u00e9taient inscrites dans l\u2019enseignement sup\u00e9rieur mais avaient quitt\u00e9 leurs \u00e9tudes avant d\u2019obtenir leur dipl\u00f4me. <\/p>\n<p>De nombreuses personnes, toutes g\u00e9n\u00e9rations confondues, quittent l&rsquo;\u00e9cole avant d&rsquo;avoir obtenu leur dipl\u00f4me, pour des raisons qui vont de l&rsquo;aspect financier \u00e0 l&rsquo;aspect personnel. Mais m\u00eame apr\u00e8s \u00eatre entr\u00e9 dans le monde du travail sans dipl\u00f4me, retourner \u00e0 l&rsquo;\u00e9cole pour terminer le v\u00f4tre peut \u00eatre une d\u00e9cision judicieuse. Si vous avez d\u00e9j\u00e0 accumul\u00e9 un bon nombre de cr\u00e9dits de formation g\u00e9n\u00e9rale, par exemple, l&rsquo;\u00e9quivalent d&rsquo;une ann\u00e9e, en th\u00e9orie, vous devriez pouvoir les appliquer \u00e0 un nouveau dipl\u00f4me dans un nouveau domaine qui refl\u00e8te vos ambitions actuelles, et non celles de votre adolescence. <\/p>\n<p>Pour de nombreux adultes, retourner aux \u00e9tudes peut sembler intimidant, mais terminer ses \u00e9tudes pourrait vous permettre d&rsquo;obtenir des salaires plus \u00e9lev\u00e9s et davantage d&rsquo;opportunit\u00e9s, ou vous mettre sur la voie d&rsquo;une carri\u00e8re compl\u00e8tement diff\u00e9rente. J&rsquo;ai discut\u00e9 avec un expert pour obtenir des conseils sur la fa\u00e7on dont vous pouvez appliquer votre exp\u00e9rience de vie pour reprendre l\u00e0 o\u00f9 vous vous \u00eates arr\u00eat\u00e9, et partager des strat\u00e9gies proactives pour enfin terminer vos \u00e9tudes. <\/p>\n<h2 id=\"take-stock-of-your-scholarly-assets\">Faites le point sur votre patrimoine (scientifique)<\/h2>\n<p>Que vous ayez quitt\u00e9 l&rsquo;\u00e9cole depuis un an ou vingt ans, il est difficile de se souvenir exactement de ce qui figure sur votre relev\u00e9 de notes. La collecte de vos relev\u00e9s de notes est une \u00e9tape importante du processus de rentr\u00e9e scolaire, alors commencez par l\u00e0. M\u00eame si vous envisagez de fr\u00e9quenter l&rsquo;\u00e9cole que vous avez quitt\u00e9e, il est essentiel de savoir o\u00f9 vous en \u00eates.<\/p>\n<p>En proc\u00e9dant ainsi, vous \u00e9viterez les d\u00e9ceptions et les surprises en vous donnant une meilleure id\u00e9e de ce que vous avez \u00e0 votre actif. Quand vous \u00e9tiez enfant, le processus de candidature \u00e0 l&rsquo;universit\u00e9 semblait complexe et difficile, mais quand vous avez la trentaine et que vous avez \u00e9t\u00e9 licenci\u00e9 plusieurs fois, ce n&rsquo;est vraiment pas plus compliqu\u00e9 qu&rsquo;une demande d&#8217;emploi. <\/p>\n<p>Les relev\u00e9s de notes universitaires sont un moyen important de faire le point sur vos cr\u00e9dits et leur contenu, mais vous pourriez \u00e9galement avoir besoin de vos relev\u00e9s de notes du lyc\u00e9e si vous allez fr\u00e9quenter une autre \u00e9cole ou si cela fait si longtemps que votre \u00e9cole pr\u00e9c\u00e9dente ne dispose plus de ces dossiers. La premi\u00e8re \u00e9tape consiste \u00e0 appeler, envoyer des e-mails et remplir des formulaires, mais des services payants comme Parchment peuvent vous aider dans certaines d\u00e9marches.<\/p>\n<p>J&rsquo;ai demand\u00e9 au Dr Bri Newland, doyen adjoint de la Division des \u00e9tudes appliqu\u00e9es de premier cycle de la School of Professional Studies de l&rsquo;Universit\u00e9 de New York (NYU SPS DAUS), par o\u00f9 commencer pour d\u00e9terminer votre statut de cr\u00e9dit. <\/p>\n<p><strong><em>\u00ab<\/em><\/strong>\u00ab La plupart des politiques de programme sur le transfert de cr\u00e9dits pr\u00e9voient g\u00e9n\u00e9ralement une limite maximale de 10 ans \u00bb, a-t-elle d\u00e9clar\u00e9. \u00ab Cependant, il est essentiel de planifier une r\u00e9union avec un conseiller p\u00e9dagogique exp\u00e9riment\u00e9 qui \u00e9valuera minutieusement vos relev\u00e9s de notes \u00e0 vos c\u00f4t\u00e9s, que vous ayez ou non acquis ces cr\u00e9dits au-del\u00e0 de la p\u00e9riode sp\u00e9cifi\u00e9e. \u00bb<\/p>\n<p>Il y a d&rsquo;autres facteurs en jeu que lorsque vous avez arr\u00eat\u00e9 vos \u00e9tudes. Si vous avez suivi d&rsquo;autres formations techniques ou obtenu des certifications, rassemblez ces documents au cas o\u00f9 il existerait des \u00e9quivalences professionnelles qui pourraient vous permettre d&rsquo;obtenir des cr\u00e9dits plus importants.  <\/p>\n<p>\u00ab Le (NYU SPS DAUS) \u00e9value \u00e9galement les acquis ant\u00e9rieurs par le biais d&rsquo;autres exp\u00e9riences au-del\u00e0 des cr\u00e9dits universitaires \u00bb, a not\u00e9 le Dr Newland. \u00ab Par exemple, l&rsquo;exp\u00e9rience militaire peut \u00eatre prise en compte pour les cr\u00e9dits universitaires, ainsi que l&rsquo;exp\u00e9rience professionnelle et les apprentissages ant\u00e9rieurs. \u00bb<\/p>\n<p>Les coll\u00e8ges et les universit\u00e9s sont certes des lieux d&rsquo;enseignement sup\u00e9rieur, mais ce sont aussi des entreprises et elles souhaitent que vous continuiez (et obteniez votre dipl\u00f4me) pour pr\u00e9server leur r\u00e9putation d&rsquo;excellence. Elles sont donc g\u00e9n\u00e9ralement dispos\u00e9es \u00e0 travailler avec vous. \u00c9conomisez de l&rsquo;argent et du temps en obtenant autant de cr\u00e9dits \u00e9quivalents que possible.<\/p>\n<p>Le Dr Newland a donn\u00e9 un exemple de la fa\u00e7on dont cela fonctionne \u00e0 l&rsquo;Universit\u00e9 de New York. \u00ab Pour les dipl\u00f4mes d&rsquo;associ\u00e9, les \u00e9tudiants peuvent transf\u00e9rer jusqu&rsquo;\u00e0 30 cr\u00e9dits, tandis que pour les dipl\u00f4mes de licence, 80 cr\u00e9dits peuvent \u00eatre transf\u00e9r\u00e9s \u00bb, a-t-elle d\u00e9clar\u00e9. \u00ab Cette flexibilit\u00e9 permet aux \u00e9tudiants de s&rsquo;appuyer sur leurs acquis et d&rsquo;acc\u00e9l\u00e9rer leur parcours vers l&rsquo;obtention du dipl\u00f4me. \u00bb <\/p>\n<h2 id=\"reach-out-to-your-alma-mater\">Contactez votre alma mater<\/h2>\n<p>Appelez les responsables des admissions de votre ancienne \u00e9cole. Le printemps est le moment id\u00e9al pour les \u00e9tudiants adultes, car la plupart des dipl\u00f4m\u00e9s du secondaire ont d\u00e9j\u00e0 pris leur d\u00e9cision d&rsquo;inscription. Dans de nombreuses universit\u00e9s, les candidats adultes peuvent remplir leur dossier de candidature quand ils le souhaitent, surtout s&rsquo;il s&rsquo;agit d&rsquo;une \u00e9cole qu&rsquo;ils ont d\u00e9j\u00e0 fr\u00e9quent\u00e9e. <\/p>\n<p>Les conseillers d&rsquo;admission peuvent tout faire, depuis la pr\u00e9paration de votre dossier jusqu&rsquo;\u00e0 la v\u00e9rification de votre dossier pour vous assurer que vous disposez des \u00e9l\u00e9ments n\u00e9cessaires pour pr\u00e9senter une nouvelle demande, et m\u00eame vous orienter vers d&rsquo;autres services scolaires susceptibles de faciliter le processus. Les services aux anciens \u00e9l\u00e8ves servent de marketing post-inscription, vous incitant \u00e0 revenir et peut-\u00eatre m\u00eame vous aidant \u00e0 atteindre cet objectif en vous mettant en contact avec des ressources financi\u00e8res.<\/p>\n<p>Si vous \u00eates un professionnel en activit\u00e9, les conseillers peuvent \u00e9galement vous aider \u00e0 d\u00e9terminer si votre ancienne \u00e9cole peut s&rsquo;adapter \u00e0 votre emploi du temps. Si vous faites partie des centaines de milliers de personnes licenci\u00e9es en ce moment, vous devriez demander une aide financi\u00e8re d\u00e8s maintenant, pendant que vous \u00eates entre deux emplois. <\/p>\n<h2 id=\"how-to-pay-for-it\">Comment le payer<\/h2>\n<p>Si vous occupez un emploi stable et que votre entreprise ne fournit pas d\u00e9j\u00e0 syst\u00e9matiquement des ressources p\u00e9dagogiques, il n&rsquo;y a pas de mal \u00e0 demander. La formation continue fait souvent partie des r\u00e9mun\u00e9rations comp\u00e9titives, et vous devriez en tirer parti. Les lieux de travail ax\u00e9s sur l&rsquo;\u00e9ducation, en particulier dans les secteurs de la technologie et de la sant\u00e9, vous permettront parfois m\u00eame de vous absenter du travail pour vous concentrer sur ces activit\u00e9s.<\/p>\n<p>L\u2019universit\u00e9 de New York consacre une partie enti\u00e8re de son programme aux apprenants tout au long de leur vie, a d\u00e9clar\u00e9 le Dr Newland. Les programmes d\u2019\u00e9ducation pour adultes et de formation continue de nombreuses \u00e9coles adoptent \u00e9galement une approche diff\u00e9rente du travail scolaire. \u00ab Par exemple, gr\u00e2ce \u00e0 des projets pratiques, des \u00e9tudes de cas r\u00e9els et des collaborations avec l\u2019industrie, les \u00e9tudiants du programme SPS DAUS de l\u2019universit\u00e9 de New York acqui\u00e8rent une exp\u00e9rience pratique et d\u00e9veloppent les outils et les strat\u00e9gies n\u00e9cessaires pour s\u2019attaquer \u00e0 des probl\u00e8mes complexes et stimuler l\u2019innovation dans leurs domaines, a-t-elle not\u00e9. \u00bb<\/p>\n<p>Pour les ch\u00f4meurs ou les personnes sous-employ\u00e9es, vous pouvez suivre le m\u00eame chemin que lorsque vous \u00e9tiez au lyc\u00e9e : demander une aide financi\u00e8re, sous toutes ses formes. Il est plus facile que jamais de trouver des pr\u00eats et des bourses, et vous pouvez vous lancer dans le processus en ayant les yeux ouverts et les connaissances financi\u00e8res d&rsquo;un adulte. Les subventions, les programmes de remboursement et m\u00eame les pr\u00eats \u00e0 faible co\u00fbt peuvent offrir juste assez pour couvrir la poign\u00e9e de cr\u00e9dits dont vous avez besoin pour terminer si vous \u00eates sur le point de terminer, tandis qu&rsquo;une bourse peut couvrir une ann\u00e9e ou plus.<\/p>\n<h2 id=\"use-all-the-tools-at-your-disposal\">Utilisez tous les outils \u00e0 votre disposition<\/h2>\n<p>Je ne dis pas que vous devriez utiliser l&rsquo;IA pour r\u00e9diger une lettre de motivation ou terminer vos travaux de recherche apr\u00e8s le travail, mais imaginez si vous aviez ChatGPT pour v\u00e9rifier votre grammaire et votre orthographe il y a 15 ans. Les calendriers num\u00e9riques, la prise de notes num\u00e9rique et d&rsquo;autres outils p\u00e9dagogiques ont beaucoup \u00e9volu\u00e9 ces derni\u00e8res ann\u00e9es, et vous devriez les utiliser pour vous aider \u00e0 franchir la ligne d&rsquo;arriv\u00e9e de vos \u00e9tudes, o\u00f9 qu&rsquo;elles se trouvent. Par exemple, des logiciels comme Otter.ai peuvent prendre des notes \u00e0 votre place, et vous pouvez les r\u00e9sumer avec OpenAI et suivre vos projets sur Monday.com.<\/p>\n<p>L&rsquo;apprentissage \u00e0 distance n&rsquo;est plus consid\u00e9r\u00e9 comme une exp\u00e9rience marginale ou de moindre importance dans l&rsquo;enseignement sup\u00e9rieur. Les cours en ligne peuvent \u00eatre votre seule m\u00e9thode de scolarisation, et vous n&rsquo;\u00eates pas oblig\u00e9 de choisir une \u00e9cole exclusivement en ligne pour obtenir un dipl\u00f4me \u00e0 distance.<\/p>\n<p>Si vous avez besoin de plus d&rsquo;am\u00e9nagements que ceux dont vous aviez besoin (ou qui \u00e9taient disponibles) \u00e0 l&rsquo;universit\u00e9, renseignez-vous \u00e9galement sur ces derniers : de nos jours, chaque universit\u00e9 dispose d&rsquo;un bureau consacr\u00e9 \u00e0 aider les personnes handicap\u00e9es \u00e0 faire de leur mieux dans le milieu universitaire. La neurodivergence, la maladie mentale ou les capacit\u00e9s physiques ne doivent pas \u00eatre un obstacle dans l&rsquo;environnement \u00e9ducatif actuel. Les services scolaires peuvent vous aider \u00e0 cr\u00e9er un plan de r\u00e9ussite, et les attitudes sociales ont chang\u00e9 pour rendre cette aide plus courante et plus facile d&rsquo;acc\u00e8s. <\/p>\n<p>Appliquez tout ce que vous avez appris en tant que professionnel \u00e0 votre exp\u00e9rience de rentr\u00e9e scolaire, et vous pourrez enfin obtenir ce morceau de papier (tr\u00e8s cher, mais tout aussi pr\u00e9cieux, esp\u00e9rons-le). <\/p>\n","protected":false},"excerpt":{"rendered":"<p>Appliquez tout ce que vous avez appris en tant que professionnel \u00e0 votre exp\u00e9rience de rentr\u00e9e scolaire et vous irez loin. Si vous faites partie<\/p>\n","protected":false},"author":1,"featured_media":400,"comment_status":"","ping_status":"","sticky":false,"template":"","format":"standard","meta":{"footnotes":""},"categories":[37],"tags":[44,642,262,545,199,507,640,641,27],"class_list":["post-399","post","type-post","status-publish","format-standard","has-post-thumbnail","hentry","category-famille","tag-comment","tag-doyen","tag-duniversite","tag-enfin","tag-etudes","tag-selon","tag-terminer","tag-universitaires","tag-vos","generate-columns","tablet-grid-50","mobile-grid-100","grid-parent","grid-33"],"yoast_head":"<!-- This site is optimized with the Yoast SEO plugin v24.0 - https:\/\/yoast.com\/wordpress\/plugins\/seo\/ -->\n<title>Comment (enfin) terminer vos \u00e9tudes universitaires, selon un doyen d&#039;universit\u00e9 | Vie Associative<\/title>\n<meta name=\"robots\" content=\"index, follow, max-snippet:-1, max-image-preview:large, max-video-preview:-1\" \/>\n<link rel=\"canonical\" href=\"https:\/\/vieassociative.be\/actualites\/comment-enfin-terminer-vos-etudes-universitaires-selon-un-doyen-duniversite\/\" \/>\n<meta property=\"og:locale\" content=\"fr_FR\" \/>\n<meta property=\"og:type\" content=\"article\" \/>\n<meta property=\"og:title\" content=\"Comment (enfin) terminer vos \u00e9tudes universitaires, selon un doyen d&#039;universit\u00e9 | Vie Associative\" \/>\n<meta property=\"og:description\" content=\"Appliquez tout ce que vous avez appris en tant que professionnel \u00e0 votre exp\u00e9rience de rentr\u00e9e scolaire et vous irez loin. Si vous faites partie\" \/>\n<meta property=\"og:url\" content=\"https:\/\/vieassociative.be\/actualites\/comment-enfin-terminer-vos-etudes-universitaires-selon-un-doyen-duniversite\/\" \/>\n<meta property=\"og:site_name\" content=\"Vie Associative\" \/>\n<meta property=\"article:published_time\" content=\"2024-09-24T07:22:07+00:00\" \/>\n<meta property=\"og:image\" content=\"https:\/\/vieassociative.be\/actualites\/wp-content\/uploads\/2024\/09\/header_backgroundk-01-e1726694325946.png\" \/>\n\t<meta property=\"og:image:width\" content=\"279\" \/>\n\t<meta property=\"og:image:height\" content=\"92\" \/>\n\t<meta property=\"og:image:type\" content=\"image\/png\" \/>\n<meta name=\"author\" content=\"Julien\" \/>\n<meta name=\"twitter:card\" content=\"summary_large_image\" \/>\n<meta name=\"twitter:label1\" content=\"\u00c9crit par\" \/>\n\t<meta name=\"twitter:data1\" content=\"Julien\" \/>\n\t<meta name=\"twitter:label2\" content=\"Dur\u00e9e de lecture est.\" \/>\n\t<meta name=\"twitter:data2\" content=\"9 minutes\" \/>\n<script type=\"application\/ld+json\" class=\"yoast-schema-graph\">{\"@context\":\"https:\/\/schema.org\",\"@graph\":[{\"@type\":\"Article\",\"@id\":\"https:\/\/vieassociative.be\/actualites\/comment-enfin-terminer-vos-etudes-universitaires-selon-un-doyen-duniversite\/#article\",\"isPartOf\":{\"@id\":\"https:\/\/vieassociative.be\/actualites\/comment-enfin-terminer-vos-etudes-universitaires-selon-un-doyen-duniversite\/\"},\"author\":{\"name\":\"Julien\",\"@id\":\"https:\/\/vieassociative.be\/actualites\/#\/schema\/person\/b87ac4f82f9d4e7b7cec7395b679edc4\"},\"headline\":\"Comment (enfin) terminer vos \u00e9tudes universitaires, selon un doyen d&rsquo;universit\u00e9\",\"datePublished\":\"2024-09-24T07:22:07+00:00\",\"dateModified\":\"2024-09-24T07:22:07+00:00\",\"mainEntityOfPage\":{\"@id\":\"https:\/\/vieassociative.be\/actualites\/comment-enfin-terminer-vos-etudes-universitaires-selon-un-doyen-duniversite\/\"},\"wordCount\":1796,\"publisher\":{\"@id\":\"https:\/\/vieassociative.be\/actualites\/#organization\"},\"image\":{\"@id\":\"https:\/\/vieassociative.be\/actualites\/comment-enfin-terminer-vos-etudes-universitaires-selon-un-doyen-duniversite\/#primaryimage\"},\"thumbnailUrl\":\"https:\/\/vieassociative.be\/actualites\/wp-content\/uploads\/2024\/09\/Comment-enfin-terminer-vos-etudes-universitaires-selon-un-doyen-duniversite.jpg\",\"keywords\":[\"Comment\",\"doyen\",\"duniversit\u00e9\",\"enfin\",\"\u00e9tudes\",\"selon\",\"terminer\",\"universitaires\",\"vos\"],\"articleSection\":[\"Famille\"],\"inLanguage\":\"fr-BE\"},{\"@type\":\"WebPage\",\"@id\":\"https:\/\/vieassociative.be\/actualites\/comment-enfin-terminer-vos-etudes-universitaires-selon-un-doyen-duniversite\/\",\"url\":\"https:\/\/vieassociative.be\/actualites\/comment-enfin-terminer-vos-etudes-universitaires-selon-un-doyen-duniversite\/\",\"name\":\"Comment (enfin) terminer vos \u00e9tudes universitaires, selon un doyen d'universit\u00e9 | Vie Associative\",\"isPartOf\":{\"@id\":\"https:\/\/vieassociative.be\/actualites\/#website\"},\"primaryImageOfPage\":{\"@id\":\"https:\/\/vieassociative.be\/actualites\/comment-enfin-terminer-vos-etudes-universitaires-selon-un-doyen-duniversite\/#primaryimage\"},\"image\":{\"@id\":\"https:\/\/vieassociative.be\/actualites\/comment-enfin-terminer-vos-etudes-universitaires-selon-un-doyen-duniversite\/#primaryimage\"},\"thumbnailUrl\":\"https:\/\/vieassociative.be\/actualites\/wp-content\/uploads\/2024\/09\/Comment-enfin-terminer-vos-etudes-universitaires-selon-un-doyen-duniversite.jpg\",\"datePublished\":\"2024-09-24T07:22:07+00:00\",\"dateModified\":\"2024-09-24T07:22:07+00:00\",\"breadcrumb\":{\"@id\":\"https:\/\/vieassociative.be\/actualites\/comment-enfin-terminer-vos-etudes-universitaires-selon-un-doyen-duniversite\/#breadcrumb\"},\"inLanguage\":\"fr-BE\",\"potentialAction\":[{\"@type\":\"ReadAction\",\"target\":[\"https:\/\/vieassociative.be\/actualites\/comment-enfin-terminer-vos-etudes-universitaires-selon-un-doyen-duniversite\/\"]}]},{\"@type\":\"ImageObject\",\"inLanguage\":\"fr-BE\",\"@id\":\"https:\/\/vieassociative.be\/actualites\/comment-enfin-terminer-vos-etudes-universitaires-selon-un-doyen-duniversite\/#primaryimage\",\"url\":\"https:\/\/vieassociative.be\/actualites\/wp-content\/uploads\/2024\/09\/Comment-enfin-terminer-vos-etudes-universitaires-selon-un-doyen-duniversite.jpg\",\"contentUrl\":\"https:\/\/vieassociative.be\/actualites\/wp-content\/uploads\/2024\/09\/Comment-enfin-terminer-vos-etudes-universitaires-selon-un-doyen-duniversite.jpg\",\"width\":1200,\"height\":675,\"caption\":\"Comment (enfin) terminer vos \u00e9tudes universitaires, selon un doyen d'universit\u00e9\"},{\"@type\":\"BreadcrumbList\",\"@id\":\"https:\/\/vieassociative.be\/actualites\/comment-enfin-terminer-vos-etudes-universitaires-selon-un-doyen-duniversite\/#breadcrumb\",\"itemListElement\":[{\"@type\":\"ListItem\",\"position\":1,\"name\":\"Accueil\",\"item\":\"https:\/\/vieassociative.be\/actualites\/\"},{\"@type\":\"ListItem\",\"position\":2,\"name\":\"Comment (enfin) terminer vos \u00e9tudes universitaires, selon un doyen d&rsquo;universit\u00e9\"}]},{\"@type\":\"WebSite\",\"@id\":\"https:\/\/vieassociative.be\/actualites\/#website\",\"url\":\"https:\/\/vieassociative.be\/actualites\/\",\"name\":\"Vie Associative\",\"description\":\"\",\"publisher\":{\"@id\":\"https:\/\/vieassociative.be\/actualites\/#organization\"},\"potentialAction\":[{\"@type\":\"SearchAction\",\"target\":{\"@type\":\"EntryPoint\",\"urlTemplate\":\"https:\/\/vieassociative.be\/actualites\/?s={search_term_string}\"},\"query-input\":{\"@type\":\"PropertyValueSpecification\",\"valueRequired\":true,\"valueName\":\"search_term_string\"}}],\"inLanguage\":\"fr-BE\"},{\"@type\":\"Organization\",\"@id\":\"https:\/\/vieassociative.be\/actualites\/#organization\",\"name\":\"Vie Associative\",\"url\":\"https:\/\/vieassociative.be\/actualites\/\",\"logo\":{\"@type\":\"ImageObject\",\"inLanguage\":\"fr-BE\",\"@id\":\"https:\/\/vieassociative.be\/actualites\/#\/schema\/logo\/image\/\",\"url\":\"https:\/\/vieassociative.be\/actualites\/wp-content\/uploads\/2024\/09\/cropped-vieassociative_favicon.ico.png\",\"contentUrl\":\"https:\/\/vieassociative.be\/actualites\/wp-content\/uploads\/2024\/09\/cropped-vieassociative_favicon.ico.png\",\"width\":512,\"height\":512,\"caption\":\"Vie Associative\"},\"image\":{\"@id\":\"https:\/\/vieassociative.be\/actualites\/#\/schema\/logo\/image\/\"}},{\"@type\":\"Person\",\"@id\":\"https:\/\/vieassociative.be\/actualites\/#\/schema\/person\/b87ac4f82f9d4e7b7cec7395b679edc4\",\"name\":\"Julien\",\"image\":{\"@type\":\"ImageObject\",\"inLanguage\":\"fr-BE\",\"@id\":\"https:\/\/vieassociative.be\/actualites\/#\/schema\/person\/image\/\",\"url\":\"https:\/\/vieassociative.be\/actualites\/wp-content\/uploads\/2024\/09\/vie-associative-1-150x150.jpg\",\"contentUrl\":\"https:\/\/vieassociative.be\/actualites\/wp-content\/uploads\/2024\/09\/vie-associative-1-150x150.jpg\",\"caption\":\"Julien\"},\"description\":\"Je suis Julien, r\u00e9dacteur pour Vie Associative. Passionn\u00e9 par le monde associatif depuis plus de 10 ans, j'ai \u00e0 c\u0153ur de partager des histoires inspirantes et de mettre en lumi\u00e8re les initiatives locales. Mon objectif est de sensibiliser et d'encourager l'engagement communautaire \u00e0 travers mes articles.\",\"sameAs\":[\"https:\/\/vieassociative.be\/\"]}]}<\/script>\n<!-- \/ Yoast SEO plugin. -->","yoast_head_json":{"title":"Comment (enfin) terminer vos \u00e9tudes universitaires, selon un doyen d'universit\u00e9 | Vie Associative","robots":{"index":"index","follow":"follow","max-snippet":"max-snippet:-1","max-image-preview":"max-image-preview:large","max-video-preview":"max-video-preview:-1"},"canonical":"https:\/\/vieassociative.be\/actualites\/comment-enfin-terminer-vos-etudes-universitaires-selon-un-doyen-duniversite\/","og_locale":"fr_FR","og_type":"article","og_title":"Comment (enfin) terminer vos \u00e9tudes universitaires, selon un doyen d'universit\u00e9 | Vie Associative","og_description":"Appliquez tout ce que vous avez appris en tant que professionnel \u00e0 votre exp\u00e9rience de rentr\u00e9e scolaire et vous irez loin. Si vous faites partie","og_url":"https:\/\/vieassociative.be\/actualites\/comment-enfin-terminer-vos-etudes-universitaires-selon-un-doyen-duniversite\/","og_site_name":"Vie Associative","article_published_time":"2024-09-24T07:22:07+00:00","og_image":[{"width":279,"height":92,"url":"https:\/\/vieassociative.be\/actualites\/wp-content\/uploads\/2024\/09\/header_backgroundk-01-e1726694325946.png","type":"image\/png"}],"author":"Julien","twitter_card":"summary_large_image","twitter_misc":{"\u00c9crit par":"Julien","Dur\u00e9e de lecture est.":"9 minutes"},"schema":{"@context":"https:\/\/schema.org","@graph":[{"@type":"Article","@id":"https:\/\/vieassociative.be\/actualites\/comment-enfin-terminer-vos-etudes-universitaires-selon-un-doyen-duniversite\/#article","isPartOf":{"@id":"https:\/\/vieassociative.be\/actualites\/comment-enfin-terminer-vos-etudes-universitaires-selon-un-doyen-duniversite\/"},"author":{"name":"Julien","@id":"https:\/\/vieassociative.be\/actualites\/#\/schema\/person\/b87ac4f82f9d4e7b7cec7395b679edc4"},"headline":"Comment (enfin) terminer vos \u00e9tudes universitaires, selon un doyen d&rsquo;universit\u00e9","datePublished":"2024-09-24T07:22:07+00:00","dateModified":"2024-09-24T07:22:07+00:00","mainEntityOfPage":{"@id":"https:\/\/vieassociative.be\/actualites\/comment-enfin-terminer-vos-etudes-universitaires-selon-un-doyen-duniversite\/"},"wordCount":1796,"publisher":{"@id":"https:\/\/vieassociative.be\/actualites\/#organization"},"image":{"@id":"https:\/\/vieassociative.be\/actualites\/comment-enfin-terminer-vos-etudes-universitaires-selon-un-doyen-duniversite\/#primaryimage"},"thumbnailUrl":"https:\/\/vieassociative.be\/actualites\/wp-content\/uploads\/2024\/09\/Comment-enfin-terminer-vos-etudes-universitaires-selon-un-doyen-duniversite.jpg","keywords":["Comment","doyen","duniversit\u00e9","enfin","\u00e9tudes","selon","terminer","universitaires","vos"],"articleSection":["Famille"],"inLanguage":"fr-BE"},{"@type":"WebPage","@id":"https:\/\/vieassociative.be\/actualites\/comment-enfin-terminer-vos-etudes-universitaires-selon-un-doyen-duniversite\/","url":"https:\/\/vieassociative.be\/actualites\/comment-enfin-terminer-vos-etudes-universitaires-selon-un-doyen-duniversite\/","name":"Comment (enfin) terminer vos \u00e9tudes universitaires, selon un doyen d'universit\u00e9 | Vie Associative","isPartOf":{"@id":"https:\/\/vieassociative.be\/actualites\/#website"},"primaryImageOfPage":{"@id":"https:\/\/vieassociative.be\/actualites\/comment-enfin-terminer-vos-etudes-universitaires-selon-un-doyen-duniversite\/#primaryimage"},"image":{"@id":"https:\/\/vieassociative.be\/actualites\/comment-enfin-terminer-vos-etudes-universitaires-selon-un-doyen-duniversite\/#primaryimage"},"thumbnailUrl":"https:\/\/vieassociative.be\/actualites\/wp-content\/uploads\/2024\/09\/Comment-enfin-terminer-vos-etudes-universitaires-selon-un-doyen-duniversite.jpg","datePublished":"2024-09-24T07:22:07+00:00","dateModified":"2024-09-24T07:22:07+00:00","breadcrumb":{"@id":"https:\/\/vieassociative.be\/actualites\/comment-enfin-terminer-vos-etudes-universitaires-selon-un-doyen-duniversite\/#breadcrumb"},"inLanguage":"fr-BE","potentialAction":[{"@type":"ReadAction","target":["https:\/\/vieassociative.be\/actualites\/comment-enfin-terminer-vos-etudes-universitaires-selon-un-doyen-duniversite\/"]}]},{"@type":"ImageObject","inLanguage":"fr-BE","@id":"https:\/\/vieassociative.be\/actualites\/comment-enfin-terminer-vos-etudes-universitaires-selon-un-doyen-duniversite\/#primaryimage","url":"https:\/\/vieassociative.be\/actualites\/wp-content\/uploads\/2024\/09\/Comment-enfin-terminer-vos-etudes-universitaires-selon-un-doyen-duniversite.jpg","contentUrl":"https:\/\/vieassociative.be\/actualites\/wp-content\/uploads\/2024\/09\/Comment-enfin-terminer-vos-etudes-universitaires-selon-un-doyen-duniversite.jpg","width":1200,"height":675,"caption":"Comment (enfin) terminer vos \u00e9tudes universitaires, selon un doyen d'universit\u00e9"},{"@type":"BreadcrumbList","@id":"https:\/\/vieassociative.be\/actualites\/comment-enfin-terminer-vos-etudes-universitaires-selon-un-doyen-duniversite\/#breadcrumb","itemListElement":[{"@type":"ListItem","position":1,"name":"Accueil","item":"https:\/\/vieassociative.be\/actualites\/"},{"@type":"ListItem","position":2,"name":"Comment (enfin) terminer vos \u00e9tudes universitaires, selon un doyen d&rsquo;universit\u00e9"}]},{"@type":"WebSite","@id":"https:\/\/vieassociative.be\/actualites\/#website","url":"https:\/\/vieassociative.be\/actualites\/","name":"Vie Associative","description":"","publisher":{"@id":"https:\/\/vieassociative.be\/actualites\/#organization"},"potentialAction":[{"@type":"SearchAction","target":{"@type":"EntryPoint","urlTemplate":"https:\/\/vieassociative.be\/actualites\/?s={search_term_string}"},"query-input":{"@type":"PropertyValueSpecification","valueRequired":true,"valueName":"search_term_string"}}],"inLanguage":"fr-BE"},{"@type":"Organization","@id":"https:\/\/vieassociative.be\/actualites\/#organization","name":"Vie Associative","url":"https:\/\/vieassociative.be\/actualites\/","logo":{"@type":"ImageObject","inLanguage":"fr-BE","@id":"https:\/\/vieassociative.be\/actualites\/#\/schema\/logo\/image\/","url":"https:\/\/vieassociative.be\/actualites\/wp-content\/uploads\/2024\/09\/cropped-vieassociative_favicon.ico.png","contentUrl":"https:\/\/vieassociative.be\/actualites\/wp-content\/uploads\/2024\/09\/cropped-vieassociative_favicon.ico.png","width":512,"height":512,"caption":"Vie Associative"},"image":{"@id":"https:\/\/vieassociative.be\/actualites\/#\/schema\/logo\/image\/"}},{"@type":"Person","@id":"https:\/\/vieassociative.be\/actualites\/#\/schema\/person\/b87ac4f82f9d4e7b7cec7395b679edc4","name":"Julien","image":{"@type":"ImageObject","inLanguage":"fr-BE","@id":"https:\/\/vieassociative.be\/actualites\/#\/schema\/person\/image\/","url":"https:\/\/vieassociative.be\/actualites\/wp-content\/uploads\/2024\/09\/vie-associative-1-150x150.jpg","contentUrl":"https:\/\/vieassociative.be\/actualites\/wp-content\/uploads\/2024\/09\/vie-associative-1-150x150.jpg","caption":"Julien"},"description":"Je suis Julien, r\u00e9dacteur pour Vie Associative. Passionn\u00e9 par le monde associatif depuis plus de 10 ans, j'ai \u00e0 c\u0153ur de partager des histoires inspirantes et de mettre en lumi\u00e8re les initiatives locales. Mon objectif est de sensibiliser et d'encourager l'engagement communautaire \u00e0 travers mes articles.","sameAs":["https:\/\/vieassociative.be\/"]}]}},"_links":{"self":[{"href":"https:\/\/vieassociative.be\/actualites\/wp-json\/wp\/v2\/posts\/399"}],"collection":[{"href":"https:\/\/vieassociative.be\/actualites\/wp-json\/wp\/v2\/posts"}],"about":[{"href":"https:\/\/vieassociative.be\/actualites\/wp-json\/wp\/v2\/types\/post"}],"author":[{"embeddable":true,"href":"https:\/\/vieassociative.be\/actualites\/wp-json\/wp\/v2\/users\/1"}],"replies":[{"embeddable":true,"href":"https:\/\/vieassociative.be\/actualites\/wp-json\/wp\/v2\/comments?post=399"}],"version-history":[{"count":0,"href":"https:\/\/vieassociative.be\/actualites\/wp-json\/wp\/v2\/posts\/399\/revisions"}],"wp:featuredmedia":[{"embeddable":true,"href":"https:\/\/vieassociative.be\/actualites\/wp-json\/wp\/v2\/media\/400"}],"wp:attachment":[{"href":"https:\/\/vieassociative.be\/actualites\/wp-json\/wp\/v2\/media?parent=399"}],"wp:term":[{"taxonomy":"category","embeddable":true,"href":"https:\/\/vieassociative.be\/actualites\/wp-json\/wp\/v2\/categories?post=399"},{"taxonomy":"post_tag","embeddable":true,"href":"https:\/\/vieassociative.be\/actualites\/wp-json\/wp\/v2\/tags?post=399"}],"curies":[{"name":"wp","href":"https:\/\/api.w.org\/{rel}","templated":true}]}}