{"id":3989,"date":"2025-01-02T20:17:57","date_gmt":"2025-01-02T19:17:57","guid":{"rendered":"https:\/\/vieassociative.be\/actualites\/utilisez-le-triangle-organisationnel-pour-garder-votre-maison-plus-propre\/"},"modified":"2025-01-02T20:17:57","modified_gmt":"2025-01-02T19:17:57","slug":"utilisez-le-triangle-organisationnel-pour-garder-votre-maison-plus-propre","status":"publish","type":"post","link":"https:\/\/vieassociative.be\/actualites\/utilisez-le-triangle-organisationnel-pour-garder-votre-maison-plus-propre\/","title":{"rendered":"Utilisez le \u00ab\u00a0triangle organisationnel\u00a0\u00bb pour garder votre maison plus propre"},"content":{"rendered":"<div class=\"mt-4 leading-6 md:mb-8\">Il ne s\u2019agit pas seulement de d\u00e9sencombrer une fois, mais de garder les choses d\u00e9sencombr\u00e9es pour de bon.<\/div>\n<p><\/p>\n<p>Lorsque vous d\u00e9cidez enfin de d\u00e9sencombrer et d&rsquo;organiser votre maison, le nettoyage et la restructuration initiale sont importants (et donc satisfaisants), mais garder les choses en ordre \u00e0 l&rsquo;avenir posera un plus grand d\u00e9fi. Pour mener une vie plus organis\u00e9e et plus \u00e9pur\u00e9e sur le long terme, concentrez-vous sur les trois piliers qui forment le Triangle Organisationnel. Une fois que vous ma\u00eetriserez ces r\u00e8gles, votre maison restera en bien meilleur \u00e9tat et, \u00e9ventuellement, cela deviendra une habitude.<\/p>\n<h2 id=\"what-is-the-organizational-triangle\">Qu&rsquo;est-ce que le triangle organisationnel ?<\/h2>\n<p>Le Triangle Organisationnel a \u00e9t\u00e9 conceptualis\u00e9 par l&rsquo;organisateur professionnel Andrew Mellen, l&rsquo;esprit derri\u00e8re <em>Le guide du d\u00e9m\u00e9nagement de l&rsquo;homme le plus organis\u00e9 d&rsquo;Am\u00e9rique<\/em><em> <\/em>et <em>D\u00e9compressez votre vie\u00a0: \u00e9liminez l&rsquo;habitude du d\u00e9sordre et organisez compl\u00e8tement votre vie pour de bon<\/em>. Alors que Mellen \u00e9crit et parle de toutes sortes d&rsquo;organisation et de d\u00e9sencombrement, il d\u00e9crit le Triangle organisationnel comme \u00ab le fondement \u00bb de tout son travail \u2013 et ayant moi-m\u00eame suivi ces r\u00e8gles au cours des six derniers mois, je peux absolument dire qu&rsquo;ils sont le fondement. de ma maison, maintenant aussi. Cette approche \u00e0 trois niveaux fournit un processus simple pour maintenir une maison sans encombrement\u00a0: <\/p>\n<ul>\n<li>\n<p>Chaque objet a besoin d&rsquo;une maison<\/p>\n<\/li>\n<li>\n<p>Continuez comme avec comme<\/p>\n<\/li>\n<li>\n<p>Utilisez une approche quelque chose dedans, quelque chose dehors<\/p>\n<\/li>\n<\/ul>\n<p>Gardez ces trois principes \u00e0 l&rsquo;esprit lors de votre d\u00e9sencombrement initial, ainsi qu&rsquo;\u00e0 l&rsquo;avenir, afin que votre logement reste propre et ne n\u00e9cessite pas un autre grand nettoyage dans environ un an. Voici un aper\u00e7u plus approfondi de ce qu\u2019implique chaque \u00e9tape.<\/p>\n<h2 id=\"organizational-triangle-step-1-every-item-needs-a-home\">Triangle organisationnel, \u00e9tape\u00a01\u00a0: Chaque article a besoin d&rsquo;une maison<\/h2>\n<p>Cette \u00e9tape est cruciale lorsque l\u2019on d\u00e9bute. Quelle que soit la technique de nettoyage que vous choisissez de suivre, vous finirez presque certainement par classer vos biens selon que vous souhaitez les conserver, les jeter, les donner ou les vendre. Lorsque vous alignez votre d\u00e9gagement sur les locataires du Triangle Organisationnel, vous devrez \u00e9valuer attentivement tout ce que vous d\u00e9cidez de conserver. <\/p>\n<p>En effet, chaque objet de votre maison doit avoir son espace d\u00e9sign\u00e9, qu&rsquo;il s&rsquo;agisse d&rsquo;un tiroir, d&rsquo;une armoire, d&rsquo;un panier ou d&rsquo;une \u00e9tag\u00e8re. Si vous ne pouvez pas penser \u00e0 un foyer permanent pour quelque chose, vous devez soit en cr\u00e9er un, soit vous en d\u00e9barrasser. Rien ne devrait flotter, se d\u00e9placer d\u2019un espace \u00e0 l\u2019autre ou \u00eatre sans abri dans votre maison. La raison en est simple : tout ce \u00e0 quoi vous souhaitez acc\u00e9der doit se trouver \u00e0 un endroit o\u00f9 vous saurez o\u00f9 le chercher. Il ne doit se trouver que dans l&rsquo;un des deux endroits suivants\u00a0: \u00e0 l&rsquo;endroit d\u00e9sign\u00e9 ou entre vos mains. Le d\u00e9sencombrement est inutile si les objets qui restent finissent entass\u00e9s sur une table ou ne sont pas faciles \u00e0 trouver lorsque vous en avez r\u00e9ellement besoin. <\/p>\n<div class=\"pogoClear mb-12 mt-10 rounded-md border-2 border-gray-100 py-7 shadow-xl md:py-6\">\n<div class=\"flex flex-wrap justify-between px-7 text-black no-underline md:flex-nowrap md:px-8\">\n<div class=\"order-1 mx-auto flex flex-col justify-center md:order-2 md:ml-4 md:w-full md:grow\">\n<div class=\"block cursor-pointer text-center font-akshar text-2xl font-medium leading-7 text-brand-green duration-200 ease-in-out hover:text-brand-green-700 md:text-left md:text-xl md:leading-6\">Organisateur de tiroir Kootek, paquet de 16\n                <\/div>\n<div class=\"mt-4 hidden md:flex md:justify-between\">\n<div class=\"self-end\">\n<div class=\"mb-0 h-11 md:flex md:flex-col md:justify-center\">\n<div class=\" font-sans leading-4 text-black\">\n<div class=\"flex flex-wrap items-center justify-center gap-x-1 md:justify-start\">\n        <span class=\"font-bold\"><\/p>\n<p>            21,99\u00a0$<br \/>\n                            <span class=\"font-medium\">chez Amazon<\/span><br \/>\n                    <\/span>\n            <\/div>\n<div class=\"flex items-center justify-center gap-x-1 font-bold md:justify-start\">\n            <span class=\"text-sm line-through\">29,99\u00a0$<\/span><br \/>\n            <span class=\"text-sm text-brand-green\">\u00c9conomisez 8,00\u00a0$<\/span>\n        <\/div>\n<\/p><\/div>\n<\/p><\/div>\n<\/p><\/div>\n<div class=\"w-44 self-end\">\n                            <button class=\"flex justify-center items-center w-full bg-brand-green text-white text-base font-sans font-medium rounded-md hover:bg-brand-green-700 hover:cursor-pointer md:text-sm h-11\"><\/p>\n<p>    Achetez maintenant<br \/>\n<\/button>\n                        <\/div>\n<\/p><\/div>\n<\/p><\/div>\n<div class=\"order-2 mt-5 h-auto w-full md:order-1 md:mt-0 md:hidden\">\n<div class=\"flex aspect-video items-center justify-center\">\n                                            <img decoding=\"async\" class=\"m-0 max-h-full max-w-full rounded-md\" src=\"https:\/\/vieassociative.be\/actualites\/wp-content\/uploads\/2025\/01\/Utilisez-le-triangle-organisationnel-pour-garder-votre-maison-plus-propre.jpg\" alt=\"Kootek Lot de 16 organiseurs de tiroirs pour v\u00eatements, organisateurs de tiroirs de commode pour v\u00eatements, organisateurs de placard pliables et bacs de rangement pour v\u00eatements de b\u00e9b\u00e9, chambre d'enfant, sous-v\u00eatements, soutiens-gorge, chaussettes\" width=\"auto\" height=\"auto\" loading=\"lazy\">\n                                    <\/div>\n<\/p><\/div>\n<div class=\"order-2 ml-2 hidden w-32 shrink-0 items-center md:order-1 md:ml-0 md:flex\">\n<div class=\"flex aspect-video items-center justify-center\">\n                                            <img decoding=\"async\" class=\"m-0 max-h-full max-w-full rounded-md\" src=\"https:\/\/vieassociative.be\/actualites\/wp-content\/uploads\/2025\/01\/Utilisez-le-triangle-organisationnel-pour-garder-votre-maison-plus-propre.jpg\" alt=\"Kootek Lot de 16 organiseurs de tiroirs pour v\u00eatements, organisateurs de tiroirs de commode pour v\u00eatements, organisateurs de placard pliables et bacs de rangement pour v\u00eatements de b\u00e9b\u00e9, chambre d'enfant, sous-v\u00eatements, soutiens-gorge, chaussettes\" width=\"auto\" height=\"auto\" loading=\"lazy\">\n                                    <\/div>\n<\/p><\/div>\n<div class=\"order-3 flex grow flex-wrap md:hidden md:grow-0\">\n<div class=\"mt-4 w-full\">\n                        <button class=\"flex justify-center items-center w-full bg-brand-green text-white text-base font-sans font-medium rounded-md hover:bg-brand-green-700 hover:cursor-pointer md:text-sm h-11\"><\/p>\n<p>    Achetez maintenant<br \/>\n<\/button>\n                    <\/div>\n<div class=\"mx-2 mt-4 w-full\">\n<div class=\" font-sans leading-4 text-black\">\n<div class=\"flex flex-wrap items-center justify-center gap-x-1 md:justify-start\">\n        <span class=\"font-bold\"><\/p>\n<p>            21,99\u00a0$<br \/>\n                            <span class=\"font-medium\">chez Amazon<\/span><br \/>\n                    <\/span>\n            <\/div>\n<div class=\"flex items-center justify-center gap-x-1 font-bold md:justify-start\">\n            <span class=\"text-sm line-through\">29,99\u00a0$<\/span><br \/>\n            <span class=\"text-sm text-brand-green\">\u00c9conomisez 8,00\u00a0$<\/span>\n        <\/div>\n<\/p><\/div>\n<\/p><\/div>\n<\/p><\/div>\n<\/p><\/div>\n<\/div>\n<h2 id=\"step-2-keep-like-with-like\">\u00c9tape\u00a02\u00a0:\u00a0Conservez les likes avec les likes<\/h2>\n<p>La deuxi\u00e8me \u00e9tape consiste \u00e0 r\u00e9organiser votre espace pour garder toujours les m\u00eames choses ensemble. Par exemple, ne gardez pas certains tournevis dans le garage et d&rsquo;autres dans la cuisine, m\u00eame s&rsquo;il semble intuitif d&rsquo;imaginer que lorsque vous avez besoin d&rsquo;un tournevis pour effectuer un travail \u00e0 l&rsquo;int\u00e9rieur, il sera plus pratique d&rsquo;en avoir un plus pr\u00e8s de chez vous. Ne gardez pas un panier de piles dans chaque pi\u00e8ce ; rassemblez-les tous. Etc. <\/p>\n<p>Si vous avez des piles AA dans un tiroir de votre salon au cas o\u00f9 vous en auriez besoin pour la t\u00e9l\u00e9commande, mais que toutes vos autres piles sont dans un panier dans une armoire de cuisine, vous ne vous souviendrez peut-\u00eatre pas o\u00f9 trouver ces piles AA lorsque la t\u00e9l\u00e9commande du ventilateur dans ta chambre, il sort. Vous irez chercher dans le panier de la cuisine, vous ne trouverez rien et vous ach\u00e8terez des piles AA au magasin, gaspillant ainsi de l&rsquo;argent. Pendant ce temps, les batteries du salon seront encore plus encombr\u00e9es. <\/p>\n<div class=\"pogoClear mb-12 mt-10 rounded-md border-2 border-gray-100 py-7 shadow-xl md:py-6\">\n<div class=\"flex flex-wrap justify-between px-7 text-black no-underline md:flex-nowrap md:px-8\">\n<div class=\"order-1 mx-auto flex flex-col justify-center md:order-2 md:ml-4 md:w-full md:grow\">\n<div class=\"block cursor-pointer text-center font-akshar text-2xl font-medium leading-7 text-brand-green duration-200 ease-in-out hover:text-brand-green-700 md:text-left md:text-xl md:leading-6\">Rappels m\u00e9nagers r\u00e9utilisables, 48\n                <\/div>\n<div class=\"mt-4 hidden md:flex md:justify-between\">\n<div class=\"self-end\">\n<div class=\"mb-0 h-11 md:flex md:flex-col md:justify-center\">\n<div class=\" font-sans leading-4 text-black\">\n<div class=\"flex flex-wrap items-center justify-center gap-x-1 md:justify-start\">\n        <span class=\"font-bold\"><\/p>\n<p>            29,99\u00a0$<br \/>\n                            <span class=\"font-medium\">chez Amazon<\/span><br \/>\n                    <\/span><br \/>\n                    <img decoding=\"async\" class=\"mt-0 h-(15px)\" src=\"https:\/\/vieassociative.be\/actualites\/wp-content\/uploads\/2025\/01\/Utilisez-le-triangle-organisationnel-pour-garder-votre-maison-plus-propre.svg.svg+xml\" title=\"Amazon Premier\" alt=\"Amazon Premier\">\n            <\/div>\n<\/p><\/div>\n<\/p><\/div>\n<\/p><\/div>\n<div class=\"w-44 self-end\">\n                            <button class=\"flex justify-center items-center w-full bg-brand-green text-white text-base font-sans font-medium rounded-md hover:bg-brand-green-700 hover:cursor-pointer md:text-sm h-11\"><\/p>\n<p>    Achetez maintenant<br \/>\n<\/button>\n                        <\/div>\n<\/p><\/div>\n<\/p><\/div>\n<div class=\"order-2 mt-5 h-auto w-full md:order-1 md:mt-0 md:hidden\">\n<div class=\"flex aspect-video items-center justify-center\">\n                                            <img decoding=\"async\" class=\"m-0 max-h-full max-w-full rounded-md\" src=\"https:\/\/vieassociative.be\/actualites\/wp-content\/uploads\/2025\/01\/1735845476_936_Utilisez-le-triangle-organisationnel-pour-garder-votre-maison-plus-propre.jpg\" alt=\"MC Squares Rappels m\u00e9nagers et notes autocollantes r\u00e9utilisables et effa\u00e7ables avec marqueur Tackie sans taches | Accrochez-vous \u00e0 l'acier inoxydable et au verre | Fabriqu\u00e9 aux \u00c9tats-Unis\" width=\"auto\" height=\"auto\" loading=\"lazy\">\n                                    <\/div>\n<\/p><\/div>\n<div class=\"order-2 ml-2 hidden w-32 shrink-0 items-center md:order-1 md:ml-0 md:flex\">\n<div class=\"flex aspect-video items-center justify-center\">\n                                            <img decoding=\"async\" class=\"m-0 max-h-full max-w-full rounded-md\" src=\"https:\/\/vieassociative.be\/actualites\/wp-content\/uploads\/2025\/01\/1735845476_936_Utilisez-le-triangle-organisationnel-pour-garder-votre-maison-plus-propre.jpg\" alt=\"MC Squares Rappels m\u00e9nagers et notes autocollantes r\u00e9utilisables et effa\u00e7ables avec marqueur Tackie sans taches | Accrochez-vous \u00e0 l'acier inoxydable et au verre | Fabriqu\u00e9 aux \u00c9tats-Unis\" width=\"auto\" height=\"auto\" loading=\"lazy\">\n                                    <\/div>\n<\/p><\/div>\n<div class=\"order-3 flex grow flex-wrap md:hidden md:grow-0\">\n<div class=\"mt-4 w-full\">\n                        <button class=\"flex justify-center items-center w-full bg-brand-green text-white text-base font-sans font-medium rounded-md hover:bg-brand-green-700 hover:cursor-pointer md:text-sm h-11\"><\/p>\n<p>    Achetez maintenant<br \/>\n<\/button>\n                    <\/div>\n<div class=\"mx-2 mt-4 w-full\">\n<div class=\" font-sans leading-4 text-black\">\n<div class=\"flex flex-wrap items-center justify-center gap-x-1 md:justify-start\">\n        <span class=\"font-bold\"><\/p>\n<p>            29,99\u00a0$<br \/>\n                            <span class=\"font-medium\">chez Amazon<\/span><br \/>\n                    <\/span><br \/>\n                    <img decoding=\"async\" class=\"mt-0 h-(15px)\" src=\"https:\/\/vieassociative.be\/actualites\/wp-content\/uploads\/2025\/01\/Utilisez-le-triangle-organisationnel-pour-garder-votre-maison-plus-propre.svg.svg+xml\" title=\"Amazon Premier\" alt=\"Amazon Premier\">\n            <\/div>\n<\/p><\/div>\n<\/p><\/div>\n<\/p><\/div>\n<\/p><\/div>\n<\/div>\n<h2 id=\"step-3-something-in-something-out\">\u00c9tape 3\u00a0: Quelque chose entrant, quelque chose sortant<\/h2>\n<p>Quelque chose dedans, quelque chose de dehors est une m\u00e9thode d&rsquo;organisation \u00e9prouv\u00e9e que vous ne devriez utiliser qu&rsquo;une fois que vous avez termin\u00e9 une premi\u00e8re phase de d\u00e9sencombrement et que vous avancez vers un style de vie plus organis\u00e9. Mais c&rsquo;est assez basique : lorsque vous obtenez quelque chose de nouveau, d\u00e9barrassez-vous de quelque chose d&rsquo;ancien pour lui faire de la place. Si vous suivez les r\u00e8gles du Triangle Organisationnel, vous savez qu&rsquo;il doit y avoir une place pour tout, mais l&rsquo;espace est limit\u00e9. N&rsquo;entassez pas trop vos \u00e9tag\u00e8res et vos tiroirs, sinon ils finiront \u00e9galement par \u00eatre encombr\u00e9s. <\/p>\n<p>Si de nombreux objets rentrent dans un espace, c&rsquo;est tr\u00e8s bien, mais dans la plupart des cas, vous devez \u00eatre strat\u00e9gique quant \u00e0 la quantit\u00e9 d&rsquo;objets que vous accumulez. Si vous ne pouvez utiliser qu&rsquo;un seul objet \u00e0 la fois et que vous vous engagez \u00e0 suivre les r\u00e8gles ci-dessus concernant la remise de chaque \u00e9l\u00e9ment \u00e0 sa place lorsque vous avez fini de l&rsquo;utiliser, cela ne sert \u00e0 rien d&rsquo;en avoir plus d&rsquo;un. Accumuler des multiples d\u2019objets ne fait que vous permettre de rel\u00e2cher plus facilement la r\u00e8gle consistant \u00e0 remettre les objets \u00e0 leur place apr\u00e8s utilisation. Suivre une r\u00e8gle de quelque chose dedans, quelque chose de dehors peut \u00e9galement servir \u00e0 contr\u00f4ler votre habitude d&rsquo;achat impulsif, puisque vous saurez qu&rsquo;acheter quelque chose de nouveau signifie se d\u00e9barrasser de quelque chose de vieux.<\/p>\n<div class=\"pogoClear mb-12 mt-10 rounded-md border-2 border-gray-100 py-7 shadow-xl md:py-6\">\n<div class=\"flex flex-wrap justify-between px-7 text-black no-underline md:flex-nowrap md:px-8\">\n<div class=\"order-1 mx-auto flex flex-col justify-center md:order-2 md:ml-4 md:w-full md:grow\">\n<div class=\"block cursor-pointer text-center font-akshar text-2xl font-medium leading-7 text-brand-green duration-200 ease-in-out hover:text-brand-green-700 md:text-left md:text-xl md:leading-6\">HOMZ Bacs de rangement pour jouets empilables en plastique modulaire robuste de 31 litres\n                <\/div>\n<div class=\"mt-4 hidden md:flex md:justify-between\">\n<div class=\"self-end\">\n<div class=\"mb-0 h-11 md:flex md:flex-col md:justify-center\">\n<div class=\" font-sans leading-4 text-black\">\n<div class=\"flex flex-wrap items-center justify-center gap-x-1 md:justify-start\">\n        <span class=\"font-bold\"><\/p>\n<p>            44,99\u00a0$<br \/>\n                            <span class=\"font-medium\">chez Amazon<\/span><br \/>\n                    <\/span>\n            <\/div>\n<\/p><\/div>\n<\/p><\/div>\n<\/p><\/div>\n<div class=\"w-44 self-end\">\n                            <button class=\"flex justify-center items-center w-full bg-brand-green text-white text-base font-sans font-medium rounded-md hover:bg-brand-green-700 hover:cursor-pointer md:text-sm h-11\"><\/p>\n<p>    Achetez maintenant<br \/>\n<\/button>\n                        <\/div>\n<\/p><\/div>\n<\/p><\/div>\n<div class=\"order-2 mt-5 h-auto w-full md:order-1 md:mt-0 md:hidden\">\n<div class=\"flex aspect-video items-center justify-center\">\n                                            <img decoding=\"async\" class=\"m-0 max-h-full max-w-full rounded-md\" src=\"https:\/\/vieassociative.be\/actualites\/wp-content\/uploads\/2025\/01\/1735845477_948_Utilisez-le-triangle-organisationnel-pour-garder-votre-maison-plus-propre.jpg\" alt=\"HOMZ Bac de rangement empilable en plastique transparent de 31 litres avec couvercle et poign\u00e9es de verrouillage pour l'organisation du garage \u00e0 domicile, transparent (lot de 4)\" width=\"auto\" height=\"auto\" loading=\"lazy\">\n                                    <\/div>\n<\/p><\/div>\n<div class=\"order-2 ml-2 hidden w-32 shrink-0 items-center md:order-1 md:ml-0 md:flex\">\n<div class=\"flex aspect-video items-center justify-center\">\n                                            <img decoding=\"async\" class=\"m-0 max-h-full max-w-full rounded-md\" src=\"https:\/\/vieassociative.be\/actualites\/wp-content\/uploads\/2025\/01\/1735845477_948_Utilisez-le-triangle-organisationnel-pour-garder-votre-maison-plus-propre.jpg\" alt=\"HOMZ Bac de rangement empilable en plastique transparent de 31 litres avec couvercle et poign\u00e9es de verrouillage pour l'organisation du garage \u00e0 domicile, transparent (lot de 4)\" width=\"auto\" height=\"auto\" loading=\"lazy\">\n                                    <\/div>\n<\/p><\/div>\n<div class=\"order-3 flex grow flex-wrap md:hidden md:grow-0\">\n<div class=\"mt-4 w-full\">\n                        <button class=\"flex justify-center items-center w-full bg-brand-green text-white text-base font-sans font-medium rounded-md hover:bg-brand-green-700 hover:cursor-pointer md:text-sm h-11\"><\/p>\n<p>    Achetez maintenant<br \/>\n<\/button>\n                    <\/div>\n<div class=\"mx-2 mt-4 w-full\">\n<div class=\" font-sans leading-4 text-black\">\n<div class=\"flex flex-wrap items-center justify-center gap-x-1 md:justify-start\">\n        <span class=\"font-bold\"><\/p>\n<p>            44,99\u00a0$<br \/>\n                            <span class=\"font-medium\">chez Amazon<\/span><br \/>\n                    <\/span>\n            <\/div>\n<\/p><\/div>\n<\/p><\/div>\n<\/p><\/div>\n<\/p><\/div>\n<\/div>\n","protected":false},"excerpt":{"rendered":"<p>Il ne s\u2019agit pas seulement de d\u00e9sencombrer une fois, mais de garder les choses d\u00e9sencombr\u00e9es pour de bon. Lorsque vous d\u00e9cidez enfin de d\u00e9sencombrer et<\/p>\n","protected":false},"author":1,"featured_media":3990,"comment_status":"","ping_status":"","sticky":false,"template":"","format":"standard","meta":{"footnotes":""},"categories":[40],"tags":[263,560,4446,81,2292,4445,105,8],"class_list":["post-3989","post","type-post","status-publish","format-standard","has-post-thumbnail","hentry","category-maison","tag-garder","tag-maison","tag-organisationnel","tag-pour","tag-propre","tag-triangle","tag-utilisez","tag-votre","generate-columns","tablet-grid-50","mobile-grid-100","grid-parent","grid-33"],"yoast_head":"<!-- This site is optimized with the Yoast SEO plugin v24.0 - https:\/\/yoast.com\/wordpress\/plugins\/seo\/ -->\n<title>Utilisez le \u00ab\u00a0triangle organisationnel\u00a0\u00bb pour garder votre maison plus propre | Vie Associative<\/title>\n<meta name=\"robots\" content=\"index, follow, max-snippet:-1, max-image-preview:large, max-video-preview:-1\" \/>\n<link rel=\"canonical\" href=\"https:\/\/vieassociative.be\/actualites\/utilisez-le-triangle-organisationnel-pour-garder-votre-maison-plus-propre\/\" \/>\n<meta property=\"og:locale\" content=\"fr_FR\" \/>\n<meta property=\"og:type\" content=\"article\" \/>\n<meta property=\"og:title\" content=\"Utilisez le \u00ab\u00a0triangle organisationnel\u00a0\u00bb pour garder votre maison plus propre | Vie Associative\" \/>\n<meta property=\"og:description\" content=\"Il ne s\u2019agit pas seulement de d\u00e9sencombrer une fois, mais de garder les choses d\u00e9sencombr\u00e9es pour de bon. Lorsque vous d\u00e9cidez enfin de d\u00e9sencombrer et\" \/>\n<meta property=\"og:url\" content=\"https:\/\/vieassociative.be\/actualites\/utilisez-le-triangle-organisationnel-pour-garder-votre-maison-plus-propre\/\" \/>\n<meta property=\"og:site_name\" content=\"Vie Associative\" \/>\n<meta property=\"article:published_time\" content=\"2025-01-02T19:17:57+00:00\" \/>\n<meta property=\"og:image\" content=\"https:\/\/vieassociative.be\/actualites\/wp-content\/uploads\/2025\/01\/Utilisez-le-triangle-organisationnel-pour-garder-votre-maison-plus-propre.jpg\" \/>\n<meta name=\"author\" content=\"Julien\" \/>\n<meta name=\"twitter:card\" content=\"summary_large_image\" \/>\n<meta name=\"twitter:label1\" content=\"\u00c9crit par\" \/>\n\t<meta name=\"twitter:data1\" content=\"Julien\" \/>\n\t<meta name=\"twitter:label2\" content=\"Dur\u00e9e de lecture est.\" \/>\n\t<meta name=\"twitter:data2\" content=\"5 minutes\" \/>\n<script type=\"application\/ld+json\" class=\"yoast-schema-graph\">{\"@context\":\"https:\/\/schema.org\",\"@graph\":[{\"@type\":\"Article\",\"@id\":\"https:\/\/vieassociative.be\/actualites\/utilisez-le-triangle-organisationnel-pour-garder-votre-maison-plus-propre\/#article\",\"isPartOf\":{\"@id\":\"https:\/\/vieassociative.be\/actualites\/utilisez-le-triangle-organisationnel-pour-garder-votre-maison-plus-propre\/\"},\"author\":{\"name\":\"Julien\",\"@id\":\"https:\/\/vieassociative.be\/actualites\/#\/schema\/person\/b87ac4f82f9d4e7b7cec7395b679edc4\"},\"headline\":\"Utilisez le \u00ab\u00a0triangle organisationnel\u00a0\u00bb pour garder votre maison plus propre\",\"datePublished\":\"2025-01-02T19:17:57+00:00\",\"dateModified\":\"2025-01-02T19:17:57+00:00\",\"mainEntityOfPage\":{\"@id\":\"https:\/\/vieassociative.be\/actualites\/utilisez-le-triangle-organisationnel-pour-garder-votre-maison-plus-propre\/\"},\"wordCount\":1043,\"publisher\":{\"@id\":\"https:\/\/vieassociative.be\/actualites\/#organization\"},\"image\":{\"@id\":\"https:\/\/vieassociative.be\/actualites\/utilisez-le-triangle-organisationnel-pour-garder-votre-maison-plus-propre\/#primaryimage\"},\"thumbnailUrl\":\"https:\/\/vieassociative.be\/actualites\/wp-content\/uploads\/2025\/01\/1735845477_Utilisez-le-triangle-organisationnel-pour-garder-votre-maison-plus-propre.jpg\",\"keywords\":[\"garder\",\"maison\",\"organisationnel\",\"pour\",\"propre\",\"triangle\",\"Utilisez\",\"votre\"],\"articleSection\":[\"Maison\"],\"inLanguage\":\"fr-BE\"},{\"@type\":\"WebPage\",\"@id\":\"https:\/\/vieassociative.be\/actualites\/utilisez-le-triangle-organisationnel-pour-garder-votre-maison-plus-propre\/\",\"url\":\"https:\/\/vieassociative.be\/actualites\/utilisez-le-triangle-organisationnel-pour-garder-votre-maison-plus-propre\/\",\"name\":\"Utilisez le \u00ab\u00a0triangle organisationnel\u00a0\u00bb pour garder votre maison plus propre | Vie Associative\",\"isPartOf\":{\"@id\":\"https:\/\/vieassociative.be\/actualites\/#website\"},\"primaryImageOfPage\":{\"@id\":\"https:\/\/vieassociative.be\/actualites\/utilisez-le-triangle-organisationnel-pour-garder-votre-maison-plus-propre\/#primaryimage\"},\"image\":{\"@id\":\"https:\/\/vieassociative.be\/actualites\/utilisez-le-triangle-organisationnel-pour-garder-votre-maison-plus-propre\/#primaryimage\"},\"thumbnailUrl\":\"https:\/\/vieassociative.be\/actualites\/wp-content\/uploads\/2025\/01\/1735845477_Utilisez-le-triangle-organisationnel-pour-garder-votre-maison-plus-propre.jpg\",\"datePublished\":\"2025-01-02T19:17:57+00:00\",\"dateModified\":\"2025-01-02T19:17:57+00:00\",\"breadcrumb\":{\"@id\":\"https:\/\/vieassociative.be\/actualites\/utilisez-le-triangle-organisationnel-pour-garder-votre-maison-plus-propre\/#breadcrumb\"},\"inLanguage\":\"fr-BE\",\"potentialAction\":[{\"@type\":\"ReadAction\",\"target\":[\"https:\/\/vieassociative.be\/actualites\/utilisez-le-triangle-organisationnel-pour-garder-votre-maison-plus-propre\/\"]}]},{\"@type\":\"ImageObject\",\"inLanguage\":\"fr-BE\",\"@id\":\"https:\/\/vieassociative.be\/actualites\/utilisez-le-triangle-organisationnel-pour-garder-votre-maison-plus-propre\/#primaryimage\",\"url\":\"https:\/\/vieassociative.be\/actualites\/wp-content\/uploads\/2025\/01\/1735845477_Utilisez-le-triangle-organisationnel-pour-garder-votre-maison-plus-propre.jpg\",\"contentUrl\":\"https:\/\/vieassociative.be\/actualites\/wp-content\/uploads\/2025\/01\/1735845477_Utilisez-le-triangle-organisationnel-pour-garder-votre-maison-plus-propre.jpg\",\"width\":1200,\"height\":675,\"caption\":\"Utilisez le \u00ab\u00a0triangle organisationnel\u00a0\u00bb pour garder votre maison plus propre\"},{\"@type\":\"BreadcrumbList\",\"@id\":\"https:\/\/vieassociative.be\/actualites\/utilisez-le-triangle-organisationnel-pour-garder-votre-maison-plus-propre\/#breadcrumb\",\"itemListElement\":[{\"@type\":\"ListItem\",\"position\":1,\"name\":\"Accueil\",\"item\":\"https:\/\/vieassociative.be\/actualites\/\"},{\"@type\":\"ListItem\",\"position\":2,\"name\":\"Utilisez le \u00ab\u00a0triangle organisationnel\u00a0\u00bb pour garder votre maison plus propre\"}]},{\"@type\":\"WebSite\",\"@id\":\"https:\/\/vieassociative.be\/actualites\/#website\",\"url\":\"https:\/\/vieassociative.be\/actualites\/\",\"name\":\"Vie Associative\",\"description\":\"\",\"publisher\":{\"@id\":\"https:\/\/vieassociative.be\/actualites\/#organization\"},\"potentialAction\":[{\"@type\":\"SearchAction\",\"target\":{\"@type\":\"EntryPoint\",\"urlTemplate\":\"https:\/\/vieassociative.be\/actualites\/?s={search_term_string}\"},\"query-input\":{\"@type\":\"PropertyValueSpecification\",\"valueRequired\":true,\"valueName\":\"search_term_string\"}}],\"inLanguage\":\"fr-BE\"},{\"@type\":\"Organization\",\"@id\":\"https:\/\/vieassociative.be\/actualites\/#organization\",\"name\":\"Vie Associative\",\"url\":\"https:\/\/vieassociative.be\/actualites\/\",\"logo\":{\"@type\":\"ImageObject\",\"inLanguage\":\"fr-BE\",\"@id\":\"https:\/\/vieassociative.be\/actualites\/#\/schema\/logo\/image\/\",\"url\":\"https:\/\/vieassociative.be\/actualites\/wp-content\/uploads\/2024\/09\/cropped-vieassociative_favicon.ico.png\",\"contentUrl\":\"https:\/\/vieassociative.be\/actualites\/wp-content\/uploads\/2024\/09\/cropped-vieassociative_favicon.ico.png\",\"width\":512,\"height\":512,\"caption\":\"Vie Associative\"},\"image\":{\"@id\":\"https:\/\/vieassociative.be\/actualites\/#\/schema\/logo\/image\/\"}},{\"@type\":\"Person\",\"@id\":\"https:\/\/vieassociative.be\/actualites\/#\/schema\/person\/b87ac4f82f9d4e7b7cec7395b679edc4\",\"name\":\"Julien\",\"image\":{\"@type\":\"ImageObject\",\"inLanguage\":\"fr-BE\",\"@id\":\"https:\/\/vieassociative.be\/actualites\/#\/schema\/person\/image\/\",\"url\":\"https:\/\/vieassociative.be\/actualites\/wp-content\/uploads\/2024\/09\/vie-associative-1-150x150.jpg\",\"contentUrl\":\"https:\/\/vieassociative.be\/actualites\/wp-content\/uploads\/2024\/09\/vie-associative-1-150x150.jpg\",\"caption\":\"Julien\"},\"description\":\"Je suis Julien, r\u00e9dacteur pour Vie Associative. Passionn\u00e9 par le monde associatif depuis plus de 10 ans, j'ai \u00e0 c\u0153ur de partager des histoires inspirantes et de mettre en lumi\u00e8re les initiatives locales. Mon objectif est de sensibiliser et d'encourager l'engagement communautaire \u00e0 travers mes articles.\",\"sameAs\":[\"https:\/\/vieassociative.be\/\"]}]}<\/script>\n<!-- \/ Yoast SEO plugin. -->","yoast_head_json":{"title":"Utilisez le \u00ab\u00a0triangle organisationnel\u00a0\u00bb pour garder votre maison plus propre | Vie Associative","robots":{"index":"index","follow":"follow","max-snippet":"max-snippet:-1","max-image-preview":"max-image-preview:large","max-video-preview":"max-video-preview:-1"},"canonical":"https:\/\/vieassociative.be\/actualites\/utilisez-le-triangle-organisationnel-pour-garder-votre-maison-plus-propre\/","og_locale":"fr_FR","og_type":"article","og_title":"Utilisez le \u00ab\u00a0triangle organisationnel\u00a0\u00bb pour garder votre maison plus propre | Vie Associative","og_description":"Il ne s\u2019agit pas seulement de d\u00e9sencombrer une fois, mais de garder les choses d\u00e9sencombr\u00e9es pour de bon. Lorsque vous d\u00e9cidez enfin de d\u00e9sencombrer et","og_url":"https:\/\/vieassociative.be\/actualites\/utilisez-le-triangle-organisationnel-pour-garder-votre-maison-plus-propre\/","og_site_name":"Vie Associative","article_published_time":"2025-01-02T19:17:57+00:00","og_image":[{"url":"https:\/\/vieassociative.be\/actualites\/wp-content\/uploads\/2025\/01\/Utilisez-le-triangle-organisationnel-pour-garder-votre-maison-plus-propre.jpg","type":"","width":"","height":""}],"author":"Julien","twitter_card":"summary_large_image","twitter_misc":{"\u00c9crit par":"Julien","Dur\u00e9e de lecture est.":"5 minutes"},"schema":{"@context":"https:\/\/schema.org","@graph":[{"@type":"Article","@id":"https:\/\/vieassociative.be\/actualites\/utilisez-le-triangle-organisationnel-pour-garder-votre-maison-plus-propre\/#article","isPartOf":{"@id":"https:\/\/vieassociative.be\/actualites\/utilisez-le-triangle-organisationnel-pour-garder-votre-maison-plus-propre\/"},"author":{"name":"Julien","@id":"https:\/\/vieassociative.be\/actualites\/#\/schema\/person\/b87ac4f82f9d4e7b7cec7395b679edc4"},"headline":"Utilisez le \u00ab\u00a0triangle organisationnel\u00a0\u00bb pour garder votre maison plus propre","datePublished":"2025-01-02T19:17:57+00:00","dateModified":"2025-01-02T19:17:57+00:00","mainEntityOfPage":{"@id":"https:\/\/vieassociative.be\/actualites\/utilisez-le-triangle-organisationnel-pour-garder-votre-maison-plus-propre\/"},"wordCount":1043,"publisher":{"@id":"https:\/\/vieassociative.be\/actualites\/#organization"},"image":{"@id":"https:\/\/vieassociative.be\/actualites\/utilisez-le-triangle-organisationnel-pour-garder-votre-maison-plus-propre\/#primaryimage"},"thumbnailUrl":"https:\/\/vieassociative.be\/actualites\/wp-content\/uploads\/2025\/01\/1735845477_Utilisez-le-triangle-organisationnel-pour-garder-votre-maison-plus-propre.jpg","keywords":["garder","maison","organisationnel","pour","propre","triangle","Utilisez","votre"],"articleSection":["Maison"],"inLanguage":"fr-BE"},{"@type":"WebPage","@id":"https:\/\/vieassociative.be\/actualites\/utilisez-le-triangle-organisationnel-pour-garder-votre-maison-plus-propre\/","url":"https:\/\/vieassociative.be\/actualites\/utilisez-le-triangle-organisationnel-pour-garder-votre-maison-plus-propre\/","name":"Utilisez le \u00ab\u00a0triangle organisationnel\u00a0\u00bb pour garder votre maison plus propre | Vie Associative","isPartOf":{"@id":"https:\/\/vieassociative.be\/actualites\/#website"},"primaryImageOfPage":{"@id":"https:\/\/vieassociative.be\/actualites\/utilisez-le-triangle-organisationnel-pour-garder-votre-maison-plus-propre\/#primaryimage"},"image":{"@id":"https:\/\/vieassociative.be\/actualites\/utilisez-le-triangle-organisationnel-pour-garder-votre-maison-plus-propre\/#primaryimage"},"thumbnailUrl":"https:\/\/vieassociative.be\/actualites\/wp-content\/uploads\/2025\/01\/1735845477_Utilisez-le-triangle-organisationnel-pour-garder-votre-maison-plus-propre.jpg","datePublished":"2025-01-02T19:17:57+00:00","dateModified":"2025-01-02T19:17:57+00:00","breadcrumb":{"@id":"https:\/\/vieassociative.be\/actualites\/utilisez-le-triangle-organisationnel-pour-garder-votre-maison-plus-propre\/#breadcrumb"},"inLanguage":"fr-BE","potentialAction":[{"@type":"ReadAction","target":["https:\/\/vieassociative.be\/actualites\/utilisez-le-triangle-organisationnel-pour-garder-votre-maison-plus-propre\/"]}]},{"@type":"ImageObject","inLanguage":"fr-BE","@id":"https:\/\/vieassociative.be\/actualites\/utilisez-le-triangle-organisationnel-pour-garder-votre-maison-plus-propre\/#primaryimage","url":"https:\/\/vieassociative.be\/actualites\/wp-content\/uploads\/2025\/01\/1735845477_Utilisez-le-triangle-organisationnel-pour-garder-votre-maison-plus-propre.jpg","contentUrl":"https:\/\/vieassociative.be\/actualites\/wp-content\/uploads\/2025\/01\/1735845477_Utilisez-le-triangle-organisationnel-pour-garder-votre-maison-plus-propre.jpg","width":1200,"height":675,"caption":"Utilisez le \u00ab\u00a0triangle organisationnel\u00a0\u00bb pour garder votre maison plus propre"},{"@type":"BreadcrumbList","@id":"https:\/\/vieassociative.be\/actualites\/utilisez-le-triangle-organisationnel-pour-garder-votre-maison-plus-propre\/#breadcrumb","itemListElement":[{"@type":"ListItem","position":1,"name":"Accueil","item":"https:\/\/vieassociative.be\/actualites\/"},{"@type":"ListItem","position":2,"name":"Utilisez le \u00ab\u00a0triangle organisationnel\u00a0\u00bb pour garder votre maison plus propre"}]},{"@type":"WebSite","@id":"https:\/\/vieassociative.be\/actualites\/#website","url":"https:\/\/vieassociative.be\/actualites\/","name":"Vie Associative","description":"","publisher":{"@id":"https:\/\/vieassociative.be\/actualites\/#organization"},"potentialAction":[{"@type":"SearchAction","target":{"@type":"EntryPoint","urlTemplate":"https:\/\/vieassociative.be\/actualites\/?s={search_term_string}"},"query-input":{"@type":"PropertyValueSpecification","valueRequired":true,"valueName":"search_term_string"}}],"inLanguage":"fr-BE"},{"@type":"Organization","@id":"https:\/\/vieassociative.be\/actualites\/#organization","name":"Vie Associative","url":"https:\/\/vieassociative.be\/actualites\/","logo":{"@type":"ImageObject","inLanguage":"fr-BE","@id":"https:\/\/vieassociative.be\/actualites\/#\/schema\/logo\/image\/","url":"https:\/\/vieassociative.be\/actualites\/wp-content\/uploads\/2024\/09\/cropped-vieassociative_favicon.ico.png","contentUrl":"https:\/\/vieassociative.be\/actualites\/wp-content\/uploads\/2024\/09\/cropped-vieassociative_favicon.ico.png","width":512,"height":512,"caption":"Vie Associative"},"image":{"@id":"https:\/\/vieassociative.be\/actualites\/#\/schema\/logo\/image\/"}},{"@type":"Person","@id":"https:\/\/vieassociative.be\/actualites\/#\/schema\/person\/b87ac4f82f9d4e7b7cec7395b679edc4","name":"Julien","image":{"@type":"ImageObject","inLanguage":"fr-BE","@id":"https:\/\/vieassociative.be\/actualites\/#\/schema\/person\/image\/","url":"https:\/\/vieassociative.be\/actualites\/wp-content\/uploads\/2024\/09\/vie-associative-1-150x150.jpg","contentUrl":"https:\/\/vieassociative.be\/actualites\/wp-content\/uploads\/2024\/09\/vie-associative-1-150x150.jpg","caption":"Julien"},"description":"Je suis Julien, r\u00e9dacteur pour Vie Associative. Passionn\u00e9 par le monde associatif depuis plus de 10 ans, j'ai \u00e0 c\u0153ur de partager des histoires inspirantes et de mettre en lumi\u00e8re les initiatives locales. Mon objectif est de sensibiliser et d'encourager l'engagement communautaire \u00e0 travers mes articles.","sameAs":["https:\/\/vieassociative.be\/"]}]}},"_links":{"self":[{"href":"https:\/\/vieassociative.be\/actualites\/wp-json\/wp\/v2\/posts\/3989"}],"collection":[{"href":"https:\/\/vieassociative.be\/actualites\/wp-json\/wp\/v2\/posts"}],"about":[{"href":"https:\/\/vieassociative.be\/actualites\/wp-json\/wp\/v2\/types\/post"}],"author":[{"embeddable":true,"href":"https:\/\/vieassociative.be\/actualites\/wp-json\/wp\/v2\/users\/1"}],"replies":[{"embeddable":true,"href":"https:\/\/vieassociative.be\/actualites\/wp-json\/wp\/v2\/comments?post=3989"}],"version-history":[{"count":0,"href":"https:\/\/vieassociative.be\/actualites\/wp-json\/wp\/v2\/posts\/3989\/revisions"}],"wp:featuredmedia":[{"embeddable":true,"href":"https:\/\/vieassociative.be\/actualites\/wp-json\/wp\/v2\/media\/3990"}],"wp:attachment":[{"href":"https:\/\/vieassociative.be\/actualites\/wp-json\/wp\/v2\/media?parent=3989"}],"wp:term":[{"taxonomy":"category","embeddable":true,"href":"https:\/\/vieassociative.be\/actualites\/wp-json\/wp\/v2\/categories?post=3989"},{"taxonomy":"post_tag","embeddable":true,"href":"https:\/\/vieassociative.be\/actualites\/wp-json\/wp\/v2\/tags?post=3989"}],"curies":[{"name":"wp","href":"https:\/\/api.w.org\/{rel}","templated":true}]}}