{"id":3985,"date":"2025-01-02T18:22:58","date_gmt":"2025-01-02T17:22:58","guid":{"rendered":"https:\/\/vieassociative.be\/actualites\/le-guide-de-la-culture-des-enfants-pour-les-adultes-deconnectes-pourquoi-la-generation-z-developpe-t-elle-un-tic\/"},"modified":"2025-01-02T18:22:58","modified_gmt":"2025-01-02T17:22:58","slug":"le-guide-de-la-culture-des-enfants-pour-les-adultes-deconnectes-pourquoi-la-generation-z-developpe-t-elle-un-tic","status":"publish","type":"post","link":"https:\/\/vieassociative.be\/actualites\/le-guide-de-la-culture-des-enfants-pour-les-adultes-deconnectes-pourquoi-la-generation-z-developpe-t-elle-un-tic\/","title":{"rendered":"Le guide de la culture des enfants pour les adultes d\u00e9connect\u00e9s\u00a0: pourquoi la g\u00e9n\u00e9ration Z d\u00e9veloppe-t-elle un tic\u00a0?"},"content":{"rendered":"<div class=\"mt-4 leading-6 md:mb-8\">Les r\u00e9seaux sociaux sont-ils responsables de la propagation du trouble de la Tourette\u00a0?<\/div>\n<p><\/p>\n<p>Cette semaine, les enfants propagent un tic sur les r\u00e9seaux sociaux, font semblant de se faire arr\u00eater et utilisent le porno furry pour lutter contre la d\u00e9sinformation li\u00e9e au COVID. Tout est extr\u00eamement normal.<\/p>\n<h2 id=\"this-week-in-mystery-ailments-gen-z-girls-are-developing-tics-and-no-one-knows-why\"><strong>Cette semaine dans des maladies myst\u00e9rieuses\u00a0: les filles de la g\u00e9n\u00e9ration Z d\u00e9veloppent des tics et personne ne sait pourquoi<\/strong><\/h2>\n<p>La g\u00e9n\u00e9ration Z d\u00e9veloppe des \u00ab tics de type Tourette \u00bb \u00e0 un rythme alarmant, et personne ne sait vraiment pourquoi. Ces comportements semblables \u00e0 des tics \u00e0 apparition rapide sont si r\u00e9pandus que les chercheurs les qualifient de \u00ab pand\u00e9mie parall\u00e8le \u00bb. <\/p>\n<p>Contrairement au syndrome de Tourette traditionnel, dont souffrent majoritairement les hommes et qui se manifeste g\u00e9n\u00e9ralement vers l&rsquo;\u00e2ge de six ans, les sujets de cette nouvelle maladie sont presque exclusivement des filles et des femmes entre 12 et 25 ans. Elles pr\u00e9sentent \u00e9galement des tics plus complexes que la plupart des personnes atteintes du syndrome de Tourette, y compris \u00ab\u00a0se frapper\/se frapper ou frapper des membres de sa famille, cliquer, siffler, r\u00e9p\u00e9ter un large \u00e9ventail de mots ou d&rsquo;expressions al\u00e9atoires et\/ou bizarres et laisser \u00e9chapper des obsc\u00e9nit\u00e9s\u00a0\u00bb.<\/p>\n<p>Beaucoup pensent qu\u2019il s\u2019agit d\u2019une sorte de maladie sociog\u00e9nique de masse (on aurait autrefois appel\u00e9 \u00ab l\u2019hyst\u00e9rie de masse \u00bb). La th\u00e9orie est que les habitants de TikTok et de YouTube r\u00e9alisent des vid\u00e9os d\u2019eux-m\u00eames en train de ticter, puis les t\u00e9l\u00e9spectateurs d\u00e9veloppent ces m\u00eames tics. De nombreux tics de TicTokers incluent le fait de laisser \u00e9chapper le mot \u00ab haricots \u00bb, un comportement observ\u00e9 pour la premi\u00e8re fois sur le TikTok de l&rsquo;influenceuse Evie Field, une influenceuse c\u00e9l\u00e8bre sur Internet pour avoir d\u00e9taill\u00e9 les sympt\u00f4mes et les troubles \u00e9pileptiques de sa Tourette. Selon les experts, 18 mois de s\u00e9jour \u00e0 l\u2019int\u00e9rieur, plus le stress du COVID, peuvent \u00e9galement \u00eatre des facteurs contributifs.<\/p>\n<p>Si vous voulez plonger dans le terrier du lapin de ce qui pourrait \u00eatre une maladie sociog\u00e8ne de masse propag\u00e9e via les m\u00e9dias sociaux ou des enfants qui se comportent mal pour les clics (l&rsquo;opinion de ma ni\u00e8ce adolescente), jetez un \u0153il \u00e0 certains de ces hashtags \u00ab TicTok \u00bb &#8211; \u00e0 moins que vous Vous avez peur (des haricots) de d\u00e9velopper vos propres tics.<\/p>\n<h2 id=\"tiktok-trend-of-the-week-white-dudes-pretending-to-be-arrested\"><strong>Tendance TikTok de la semaine : des mecs blancs faisant semblant d&rsquo;\u00eatre arr\u00eat\u00e9s<\/strong><\/h2>\n<p>Pendant que les demoiselles de TikTok se transmettent des tics, les jeunes messieurs font semblant de se faire arr\u00eater. Tout a commenc\u00e9 avec TikToker Gage Bills, un \u00ab pi\u00e8ge \u00e0 soif \u00bb. (Les pi\u00e8ges \u00e0 soif sont un truc dans lequel de beaux mecs font des vid\u00e9os sur lesquelles les femmes peuvent baver, comme une version post-moderne d&rsquo;une \u00e9mission de t\u00e9l\u00e9vision des ann\u00e9es 1950. <em>Le Continental.)  <\/em>Dans la vid\u00e9o, Bills<em> <\/em>reconstitue une sc\u00e8ne de Netflix <em>Banques ext\u00e9rieures<\/em>. V\u00eatu d&rsquo;un d\u00e9bardeur, Gage est plaqu\u00e9 contre un mur pendant que les lumi\u00e8res clignotent, il regarde ensuite fixement la cam\u00e9ra et dit \u00ab\u00a0Je t&rsquo;aime\u00a0\u00bb.<\/p>\n<p>Que cela soit \u00e9rotique ou effrayant d\u00e9pend de votre point de vue, mais quoi qu&rsquo;il en soit, plus de 21 millions de personnes l&rsquo;ont regard\u00e9. Cela a conduit \u00e0 des imitations, des parodies et une tonne de commentaires \u00ab OMG, vous \u00eates tellement ringards \u00bb.<\/p>\n<p>En plus de r\u00e9v\u00e9ler l&rsquo;insipidit\u00e9 et l&rsquo;inconscience des mecs blancs en mati\u00e8re de privil\u00e8ges de classe\/race, la tendance aux arrestations en POV r\u00e9v\u00e8le \u00e9galement l&rsquo;\u00e9norme foss\u00e9 de talent entre les acteurs en activit\u00e9 et les influenceurs en ligne. Je suis content qu&rsquo;ils aient un passe-temps, mais ces mecs de TikTok n&rsquo;ont pas pu d\u00e9crocher un poste dans un feuilleton canadien.<\/p>\n<h2 id=\"this-week-on-reddit-anti-vax-sub-banned-furry-porn-destroys-ivermectin-ghouls-celebrate-covid\"><strong>Cette semaine sur Reddit\u00a0: les anti-vax sont interdits, le porno \u00e0 fourrure d\u00e9truit l&rsquo;ivermectine, les goules c\u00e9l\u00e8brent le COVID<\/strong><\/h2>\n<p>Il y a tellement de drames li\u00e9s au COVID sur Reddit. La semaine derni\u00e8re, les utilisateurs et les mod\u00e9rateurs ont appel\u00e9 \u00e0 l\u2019interdiction de la d\u00e9sinformation sur les vaccins (subreddit r\/nonewnormal). Reddit a r\u00e9pondu en disant qu&rsquo;il n&rsquo;interdirait pas le conseil d&rsquo;administration pour pr\u00e9server d&rsquo;importantes \u00ab dissidences et d\u00e9bats \u00bb. Cette semaine, Reddit a tir\u00e9 un 180, interdit NNN et a clarifi\u00e9 sa politique sur le d\u00e9ni du COVID. Vraiment fid\u00e8le \u00e0 vos id\u00e9aux, Reddit.<\/p>\n<p>Dans d&rsquo;autres actualit\u00e9s Reddit-COVID\u00a0: r\/ivermectin, un forum d\u00e9di\u00e9 \u00e0 l&rsquo;id\u00e9e selon laquelle les gens devraient lutter contre le COVID en prenant un m\u00e9dicament vermifuge habituellement administr\u00e9 au b\u00e9tail, a \u00e9t\u00e9 envahi par les utilisateurs publiant des images pornographiques de chevaux, de cavaliers et de cavali\u00e8res sexy. L\u2019afflux de porno furry a noy\u00e9 toutes les dissidences et d\u00e9bats sains, a valu au sous-marin la d\u00e9signation de \u00ab\u00a0non s\u00fbr pour le travail\u00a0\u00bb, et finalement une quarantaine \u00e0 l\u2019\u00e9chelle du site. Il s&rsquo;agit d&rsquo;une victoire pour la majorit\u00e9 en col\u00e8re du pays \u00ab Faites-vous d\u00e9j\u00e0 vacciner, esp\u00e8ce d&rsquo;idiots \u00bb ainsi que pour les furries du monde entier.<\/p>\n<p>Pendant ce temps, le subreddit COVID \u00ab Herman Cain Award \u00bb explose sur Reddit. Le forum est une c\u00e9l\u00e9bration du \u00ab Je vous l\u2019avais dit \u00bb avec des utilisateurs soumettant joyeusement les publications Facebook anti-masque et vaccinale des n\u00e9gationnistes du COVID, suivies de leurs avis de d\u00e9c\u00e8s dus au coronavirus. C&rsquo;est sombre, morbide et triste, mais je dois admettre que c&rsquo;est dr\u00f4le que 90 % des n\u00e9gationnistes morts du COVID sont des hommes blancs en surpoids avec des ballonnements et le syndrome d&rsquo;Oakley.<\/p>\n<h2 id=\"more-covid-news-joe-rogan-tests-poz\"><strong>Plus d\u2019actualit\u00e9s COVID\u00a0: Joe Rogan teste Poz<\/strong><\/h2>\n<p>Dans un karma instantan\u00e9 connexe, apr\u00e8s avoir publiquement minimis\u00e9 la n\u00e9cessit\u00e9 du vaccin dans le pass\u00e9, l\u2019animateur de podcast idiot Joe Rogan a annonc\u00e9 qu\u2019il \u00e9tait atteint du COVID.<\/p>\n<p>\u00ab Juste par mesure de prudence, je me suis s\u00e9par\u00e9 de ma famille, j&rsquo;ai dormi dans une autre partie de la maison et toute la nuit j&rsquo;ai eu de la fi\u00e8vre et des sueurs. Et je savais ce qui se passait \u00bb, a d\u00e9clar\u00e9 Rogan dans une vid\u00e9o publi\u00e9e sur Instagram. \u00ab\u00a0Alors je me suis lev\u00e9 le matin, j&rsquo;ai fait un test et il s&rsquo;est av\u00e9r\u00e9 que j&rsquo;avais contract\u00e9 le covid.\u00a0\u00bb<\/p>\n<p>Sans surprendre personne, Rogan a r\u00e9v\u00e9l\u00e9 qu&rsquo;il traitait la maladie avec des m\u00e9dicaments vermifuges pour chevaux ainsi que d&rsquo;autres m\u00e9dicaments, une pratique \u00e0 laquelle la communaut\u00e9 m\u00e9dicale a cat\u00e9goriquement dit \u00ab hennir \u00bb.<\/p>\n<h2 id=\"viral-video-of-the-week-milk-crate-challenge-meets-gender-reveal\"><strong>Vid\u00e9o virale de la semaine\u00a0: le d\u00e9fi des caisses de lait rencontre la r\u00e9v\u00e9lation du genre<\/strong><\/h2>\n<p>Une vid\u00e9o publi\u00e9e par @SamSanders sur Twitter cette semaine m\u00e9lange deux genres viraux r\u00e9cents \u2013 les r\u00e9v\u00e9lations de genre et le d\u00e9fi des caisses de lait \u2013 avec <a rel=\"nofollow noopener\" href=\"https:\/\/twitter.com\/samsanders\/status\/1430947169310101504\" target=\"_blank\" title=\"open in a new window\">des r\u00e9sultats hilarants et d\u00e9sastreux<\/a>. Comme on peut s&rsquo;y attendre dans le genre, le casse-cou escalade son Everest personnel pour tomber, renversant la poudre bleue partout et r\u00e9v\u00e9lant qu&rsquo;il s&rsquo;agira d&rsquo;un gar\u00e7on. Sentant une embrouille, j&rsquo;ai transmis le clip \u00e0 ma femme, qui sait tout.<\/p>\n<p>\u00ab\u00a0En tant que costumi\u00e8re professionnelle et maman, je suis s\u00fbre que le ventre de grossesse de cette femme n&rsquo;est pas r\u00e9el\u00a0\u00bb, a-t-elle d\u00e9clar\u00e9. \u00ab Tout cela est \u00e9videmment faux. Mais, en tant que com\u00e9dien, cette vid\u00e9o est hilarante.<\/p>\n<h2 id=\"this-week-in-personal-opinions-dababy-still-exists\"><strong>Cette semaine en avis personnels : DaBaby existe toujours<\/strong><\/h2>\n<p>Je n&rsquo;ai pas de place pour cela dans ma chronique, mais je voulais vous signaler cette vid\u00e9o de la vid\u00e9o \u00ab Essence \u00bb de DaBaby. Si je n&rsquo;avais pas parcouru la terre \u00e0 la recherche de choses que les enfants aiment, DaBaby m&rsquo;aurait probablement compl\u00e8tement manqu\u00e9 \u2013 je suis certainement en dehors du march\u00e9 cible. Mais je ne veux pas que \u00e7a t&rsquo;arrive.<\/p>\n<p><\/p>\n<p><script async src=\"https:\/\/platform.twitter.com\/widgets.js\" charset=\"utf-8\"><\/script><script async src=\"\/\/www.tiktok.com\/embed.js\"><\/script><\/p>\n","protected":false},"excerpt":{"rendered":"<p>Les r\u00e9seaux sociaux sont-ils responsables de la propagation du trouble de la Tourette\u00a0? Cette semaine, les enfants propagent un tic sur les r\u00e9seaux sociaux, font<\/p>\n","protected":false},"author":1,"featured_media":3986,"comment_status":"","ping_status":"","sticky":false,"template":"","format":"standard","meta":{"footnotes":""},"categories":[37],"tags":[899,2805,2806,29,4442,324,2328,461,14,81,734,4443],"class_list":["post-3985","post","type-post","status-publish","format-standard","has-post-thumbnail","hentry","category-famille","tag-adultes","tag-culture","tag-deconnectes","tag-des","tag-developpetelle","tag-enfants","tag-generation","tag-guide","tag-les","tag-pour","tag-pourquoi","tag-tic","generate-columns","tablet-grid-50","mobile-grid-100","grid-parent","grid-33"],"yoast_head":"<!-- This site is optimized with the Yoast SEO plugin v24.0 - https:\/\/yoast.com\/wordpress\/plugins\/seo\/ -->\n<title>Le guide de la culture des enfants pour les adultes d\u00e9connect\u00e9s\u00a0: pourquoi la g\u00e9n\u00e9ration Z d\u00e9veloppe-t-elle un tic\u00a0? | Vie Associative<\/title>\n<meta name=\"robots\" content=\"index, follow, max-snippet:-1, max-image-preview:large, max-video-preview:-1\" \/>\n<link rel=\"canonical\" href=\"https:\/\/vieassociative.be\/actualites\/le-guide-de-la-culture-des-enfants-pour-les-adultes-deconnectes-pourquoi-la-generation-z-developpe-t-elle-un-tic\/\" \/>\n<meta property=\"og:locale\" content=\"fr_FR\" \/>\n<meta property=\"og:type\" content=\"article\" \/>\n<meta property=\"og:title\" content=\"Le guide de la culture des enfants pour les adultes d\u00e9connect\u00e9s\u00a0: pourquoi la g\u00e9n\u00e9ration Z d\u00e9veloppe-t-elle un tic\u00a0? | Vie Associative\" \/>\n<meta property=\"og:description\" content=\"Les r\u00e9seaux sociaux sont-ils responsables de la propagation du trouble de la Tourette\u00a0? Cette semaine, les enfants propagent un tic sur les r\u00e9seaux sociaux, font\" \/>\n<meta property=\"og:url\" content=\"https:\/\/vieassociative.be\/actualites\/le-guide-de-la-culture-des-enfants-pour-les-adultes-deconnectes-pourquoi-la-generation-z-developpe-t-elle-un-tic\/\" \/>\n<meta property=\"og:site_name\" content=\"Vie Associative\" \/>\n<meta property=\"article:published_time\" content=\"2025-01-02T17:22:58+00:00\" \/>\n<meta property=\"og:image\" content=\"https:\/\/vieassociative.be\/actualites\/wp-content\/uploads\/2024\/09\/header_backgroundk-01-e1726694325946.png\" \/>\n\t<meta property=\"og:image:width\" content=\"279\" \/>\n\t<meta property=\"og:image:height\" content=\"92\" \/>\n\t<meta property=\"og:image:type\" content=\"image\/png\" \/>\n<meta name=\"author\" content=\"Julien\" \/>\n<meta name=\"twitter:card\" content=\"summary_large_image\" \/>\n<meta name=\"twitter:label1\" content=\"\u00c9crit par\" \/>\n\t<meta name=\"twitter:data1\" content=\"Julien\" \/>\n\t<meta name=\"twitter:label2\" content=\"Dur\u00e9e de lecture est.\" \/>\n\t<meta name=\"twitter:data2\" content=\"7 minutes\" \/>\n<script type=\"application\/ld+json\" class=\"yoast-schema-graph\">{\"@context\":\"https:\/\/schema.org\",\"@graph\":[{\"@type\":\"Article\",\"@id\":\"https:\/\/vieassociative.be\/actualites\/le-guide-de-la-culture-des-enfants-pour-les-adultes-deconnectes-pourquoi-la-generation-z-developpe-t-elle-un-tic\/#article\",\"isPartOf\":{\"@id\":\"https:\/\/vieassociative.be\/actualites\/le-guide-de-la-culture-des-enfants-pour-les-adultes-deconnectes-pourquoi-la-generation-z-developpe-t-elle-un-tic\/\"},\"author\":{\"name\":\"Julien\",\"@id\":\"https:\/\/vieassociative.be\/actualites\/#\/schema\/person\/b87ac4f82f9d4e7b7cec7395b679edc4\"},\"headline\":\"Le guide de la culture des enfants pour les adultes d\u00e9connect\u00e9s\u00a0: pourquoi la g\u00e9n\u00e9ration Z d\u00e9veloppe-t-elle un tic\u00a0?\",\"datePublished\":\"2025-01-02T17:22:58+00:00\",\"dateModified\":\"2025-01-02T17:22:58+00:00\",\"mainEntityOfPage\":{\"@id\":\"https:\/\/vieassociative.be\/actualites\/le-guide-de-la-culture-des-enfants-pour-les-adultes-deconnectes-pourquoi-la-generation-z-developpe-t-elle-un-tic\/\"},\"wordCount\":1383,\"publisher\":{\"@id\":\"https:\/\/vieassociative.be\/actualites\/#organization\"},\"image\":{\"@id\":\"https:\/\/vieassociative.be\/actualites\/le-guide-de-la-culture-des-enfants-pour-les-adultes-deconnectes-pourquoi-la-generation-z-developpe-t-elle-un-tic\/#primaryimage\"},\"thumbnailUrl\":\"https:\/\/vieassociative.be\/actualites\/wp-content\/uploads\/2025\/01\/1735838579_Le-guide-de-la-culture-des-enfants-pour-les-adultes.jpg\",\"keywords\":[\"adultes\",\"culture\",\"d\u00e9connect\u00e9s\",\"Des\",\"d\u00e9veloppetelle\",\"enfants\",\"g\u00e9n\u00e9ration\",\"Guide\",\"Les\",\"pour\",\"Pourquoi\",\"tic\"],\"articleSection\":[\"Famille\"],\"inLanguage\":\"fr-BE\"},{\"@type\":\"WebPage\",\"@id\":\"https:\/\/vieassociative.be\/actualites\/le-guide-de-la-culture-des-enfants-pour-les-adultes-deconnectes-pourquoi-la-generation-z-developpe-t-elle-un-tic\/\",\"url\":\"https:\/\/vieassociative.be\/actualites\/le-guide-de-la-culture-des-enfants-pour-les-adultes-deconnectes-pourquoi-la-generation-z-developpe-t-elle-un-tic\/\",\"name\":\"Le guide de la culture des enfants pour les adultes d\u00e9connect\u00e9s\u00a0: pourquoi la g\u00e9n\u00e9ration Z d\u00e9veloppe-t-elle un tic\u00a0? | Vie Associative\",\"isPartOf\":{\"@id\":\"https:\/\/vieassociative.be\/actualites\/#website\"},\"primaryImageOfPage\":{\"@id\":\"https:\/\/vieassociative.be\/actualites\/le-guide-de-la-culture-des-enfants-pour-les-adultes-deconnectes-pourquoi-la-generation-z-developpe-t-elle-un-tic\/#primaryimage\"},\"image\":{\"@id\":\"https:\/\/vieassociative.be\/actualites\/le-guide-de-la-culture-des-enfants-pour-les-adultes-deconnectes-pourquoi-la-generation-z-developpe-t-elle-un-tic\/#primaryimage\"},\"thumbnailUrl\":\"https:\/\/vieassociative.be\/actualites\/wp-content\/uploads\/2025\/01\/1735838579_Le-guide-de-la-culture-des-enfants-pour-les-adultes.jpg\",\"datePublished\":\"2025-01-02T17:22:58+00:00\",\"dateModified\":\"2025-01-02T17:22:58+00:00\",\"breadcrumb\":{\"@id\":\"https:\/\/vieassociative.be\/actualites\/le-guide-de-la-culture-des-enfants-pour-les-adultes-deconnectes-pourquoi-la-generation-z-developpe-t-elle-un-tic\/#breadcrumb\"},\"inLanguage\":\"fr-BE\",\"potentialAction\":[{\"@type\":\"ReadAction\",\"target\":[\"https:\/\/vieassociative.be\/actualites\/le-guide-de-la-culture-des-enfants-pour-les-adultes-deconnectes-pourquoi-la-generation-z-developpe-t-elle-un-tic\/\"]}]},{\"@type\":\"ImageObject\",\"inLanguage\":\"fr-BE\",\"@id\":\"https:\/\/vieassociative.be\/actualites\/le-guide-de-la-culture-des-enfants-pour-les-adultes-deconnectes-pourquoi-la-generation-z-developpe-t-elle-un-tic\/#primaryimage\",\"url\":\"https:\/\/vieassociative.be\/actualites\/wp-content\/uploads\/2025\/01\/1735838579_Le-guide-de-la-culture-des-enfants-pour-les-adultes.jpg\",\"contentUrl\":\"https:\/\/vieassociative.be\/actualites\/wp-content\/uploads\/2025\/01\/1735838579_Le-guide-de-la-culture-des-enfants-pour-les-adultes.jpg\",\"width\":1200,\"height\":675,\"caption\":\"Le guide de la culture des enfants pour les adultes d\u00e9connect\u00e9s\u00a0: pourquoi la g\u00e9n\u00e9ration Z d\u00e9veloppe-t-elle un tic\u00a0?\"},{\"@type\":\"BreadcrumbList\",\"@id\":\"https:\/\/vieassociative.be\/actualites\/le-guide-de-la-culture-des-enfants-pour-les-adultes-deconnectes-pourquoi-la-generation-z-developpe-t-elle-un-tic\/#breadcrumb\",\"itemListElement\":[{\"@type\":\"ListItem\",\"position\":1,\"name\":\"Accueil\",\"item\":\"https:\/\/vieassociative.be\/actualites\/\"},{\"@type\":\"ListItem\",\"position\":2,\"name\":\"Le guide de la culture des enfants pour les adultes d\u00e9connect\u00e9s\u00a0: pourquoi la g\u00e9n\u00e9ration Z d\u00e9veloppe-t-elle un tic\u00a0?\"}]},{\"@type\":\"WebSite\",\"@id\":\"https:\/\/vieassociative.be\/actualites\/#website\",\"url\":\"https:\/\/vieassociative.be\/actualites\/\",\"name\":\"Vie Associative\",\"description\":\"\",\"publisher\":{\"@id\":\"https:\/\/vieassociative.be\/actualites\/#organization\"},\"potentialAction\":[{\"@type\":\"SearchAction\",\"target\":{\"@type\":\"EntryPoint\",\"urlTemplate\":\"https:\/\/vieassociative.be\/actualites\/?s={search_term_string}\"},\"query-input\":{\"@type\":\"PropertyValueSpecification\",\"valueRequired\":true,\"valueName\":\"search_term_string\"}}],\"inLanguage\":\"fr-BE\"},{\"@type\":\"Organization\",\"@id\":\"https:\/\/vieassociative.be\/actualites\/#organization\",\"name\":\"Vie Associative\",\"url\":\"https:\/\/vieassociative.be\/actualites\/\",\"logo\":{\"@type\":\"ImageObject\",\"inLanguage\":\"fr-BE\",\"@id\":\"https:\/\/vieassociative.be\/actualites\/#\/schema\/logo\/image\/\",\"url\":\"https:\/\/vieassociative.be\/actualites\/wp-content\/uploads\/2024\/09\/cropped-vieassociative_favicon.ico.png\",\"contentUrl\":\"https:\/\/vieassociative.be\/actualites\/wp-content\/uploads\/2024\/09\/cropped-vieassociative_favicon.ico.png\",\"width\":512,\"height\":512,\"caption\":\"Vie Associative\"},\"image\":{\"@id\":\"https:\/\/vieassociative.be\/actualites\/#\/schema\/logo\/image\/\"}},{\"@type\":\"Person\",\"@id\":\"https:\/\/vieassociative.be\/actualites\/#\/schema\/person\/b87ac4f82f9d4e7b7cec7395b679edc4\",\"name\":\"Julien\",\"image\":{\"@type\":\"ImageObject\",\"inLanguage\":\"fr-BE\",\"@id\":\"https:\/\/vieassociative.be\/actualites\/#\/schema\/person\/image\/\",\"url\":\"https:\/\/vieassociative.be\/actualites\/wp-content\/uploads\/2024\/09\/vie-associative-1-150x150.jpg\",\"contentUrl\":\"https:\/\/vieassociative.be\/actualites\/wp-content\/uploads\/2024\/09\/vie-associative-1-150x150.jpg\",\"caption\":\"Julien\"},\"description\":\"Je suis Julien, r\u00e9dacteur pour Vie Associative. Passionn\u00e9 par le monde associatif depuis plus de 10 ans, j'ai \u00e0 c\u0153ur de partager des histoires inspirantes et de mettre en lumi\u00e8re les initiatives locales. Mon objectif est de sensibiliser et d'encourager l'engagement communautaire \u00e0 travers mes articles.\",\"sameAs\":[\"https:\/\/vieassociative.be\/\"]}]}<\/script>\n<!-- \/ Yoast SEO plugin. -->","yoast_head_json":{"title":"Le guide de la culture des enfants pour les adultes d\u00e9connect\u00e9s\u00a0: pourquoi la g\u00e9n\u00e9ration Z d\u00e9veloppe-t-elle un tic\u00a0? | Vie Associative","robots":{"index":"index","follow":"follow","max-snippet":"max-snippet:-1","max-image-preview":"max-image-preview:large","max-video-preview":"max-video-preview:-1"},"canonical":"https:\/\/vieassociative.be\/actualites\/le-guide-de-la-culture-des-enfants-pour-les-adultes-deconnectes-pourquoi-la-generation-z-developpe-t-elle-un-tic\/","og_locale":"fr_FR","og_type":"article","og_title":"Le guide de la culture des enfants pour les adultes d\u00e9connect\u00e9s\u00a0: pourquoi la g\u00e9n\u00e9ration Z d\u00e9veloppe-t-elle un tic\u00a0? | Vie Associative","og_description":"Les r\u00e9seaux sociaux sont-ils responsables de la propagation du trouble de la Tourette\u00a0? Cette semaine, les enfants propagent un tic sur les r\u00e9seaux sociaux, font","og_url":"https:\/\/vieassociative.be\/actualites\/le-guide-de-la-culture-des-enfants-pour-les-adultes-deconnectes-pourquoi-la-generation-z-developpe-t-elle-un-tic\/","og_site_name":"Vie Associative","article_published_time":"2025-01-02T17:22:58+00:00","og_image":[{"width":279,"height":92,"url":"https:\/\/vieassociative.be\/actualites\/wp-content\/uploads\/2024\/09\/header_backgroundk-01-e1726694325946.png","type":"image\/png"}],"author":"Julien","twitter_card":"summary_large_image","twitter_misc":{"\u00c9crit par":"Julien","Dur\u00e9e de lecture est.":"7 minutes"},"schema":{"@context":"https:\/\/schema.org","@graph":[{"@type":"Article","@id":"https:\/\/vieassociative.be\/actualites\/le-guide-de-la-culture-des-enfants-pour-les-adultes-deconnectes-pourquoi-la-generation-z-developpe-t-elle-un-tic\/#article","isPartOf":{"@id":"https:\/\/vieassociative.be\/actualites\/le-guide-de-la-culture-des-enfants-pour-les-adultes-deconnectes-pourquoi-la-generation-z-developpe-t-elle-un-tic\/"},"author":{"name":"Julien","@id":"https:\/\/vieassociative.be\/actualites\/#\/schema\/person\/b87ac4f82f9d4e7b7cec7395b679edc4"},"headline":"Le guide de la culture des enfants pour les adultes d\u00e9connect\u00e9s\u00a0: pourquoi la g\u00e9n\u00e9ration Z d\u00e9veloppe-t-elle un tic\u00a0?","datePublished":"2025-01-02T17:22:58+00:00","dateModified":"2025-01-02T17:22:58+00:00","mainEntityOfPage":{"@id":"https:\/\/vieassociative.be\/actualites\/le-guide-de-la-culture-des-enfants-pour-les-adultes-deconnectes-pourquoi-la-generation-z-developpe-t-elle-un-tic\/"},"wordCount":1383,"publisher":{"@id":"https:\/\/vieassociative.be\/actualites\/#organization"},"image":{"@id":"https:\/\/vieassociative.be\/actualites\/le-guide-de-la-culture-des-enfants-pour-les-adultes-deconnectes-pourquoi-la-generation-z-developpe-t-elle-un-tic\/#primaryimage"},"thumbnailUrl":"https:\/\/vieassociative.be\/actualites\/wp-content\/uploads\/2025\/01\/1735838579_Le-guide-de-la-culture-des-enfants-pour-les-adultes.jpg","keywords":["adultes","culture","d\u00e9connect\u00e9s","Des","d\u00e9veloppetelle","enfants","g\u00e9n\u00e9ration","Guide","Les","pour","Pourquoi","tic"],"articleSection":["Famille"],"inLanguage":"fr-BE"},{"@type":"WebPage","@id":"https:\/\/vieassociative.be\/actualites\/le-guide-de-la-culture-des-enfants-pour-les-adultes-deconnectes-pourquoi-la-generation-z-developpe-t-elle-un-tic\/","url":"https:\/\/vieassociative.be\/actualites\/le-guide-de-la-culture-des-enfants-pour-les-adultes-deconnectes-pourquoi-la-generation-z-developpe-t-elle-un-tic\/","name":"Le guide de la culture des enfants pour les adultes d\u00e9connect\u00e9s\u00a0: pourquoi la g\u00e9n\u00e9ration Z d\u00e9veloppe-t-elle un tic\u00a0? | Vie Associative","isPartOf":{"@id":"https:\/\/vieassociative.be\/actualites\/#website"},"primaryImageOfPage":{"@id":"https:\/\/vieassociative.be\/actualites\/le-guide-de-la-culture-des-enfants-pour-les-adultes-deconnectes-pourquoi-la-generation-z-developpe-t-elle-un-tic\/#primaryimage"},"image":{"@id":"https:\/\/vieassociative.be\/actualites\/le-guide-de-la-culture-des-enfants-pour-les-adultes-deconnectes-pourquoi-la-generation-z-developpe-t-elle-un-tic\/#primaryimage"},"thumbnailUrl":"https:\/\/vieassociative.be\/actualites\/wp-content\/uploads\/2025\/01\/1735838579_Le-guide-de-la-culture-des-enfants-pour-les-adultes.jpg","datePublished":"2025-01-02T17:22:58+00:00","dateModified":"2025-01-02T17:22:58+00:00","breadcrumb":{"@id":"https:\/\/vieassociative.be\/actualites\/le-guide-de-la-culture-des-enfants-pour-les-adultes-deconnectes-pourquoi-la-generation-z-developpe-t-elle-un-tic\/#breadcrumb"},"inLanguage":"fr-BE","potentialAction":[{"@type":"ReadAction","target":["https:\/\/vieassociative.be\/actualites\/le-guide-de-la-culture-des-enfants-pour-les-adultes-deconnectes-pourquoi-la-generation-z-developpe-t-elle-un-tic\/"]}]},{"@type":"ImageObject","inLanguage":"fr-BE","@id":"https:\/\/vieassociative.be\/actualites\/le-guide-de-la-culture-des-enfants-pour-les-adultes-deconnectes-pourquoi-la-generation-z-developpe-t-elle-un-tic\/#primaryimage","url":"https:\/\/vieassociative.be\/actualites\/wp-content\/uploads\/2025\/01\/1735838579_Le-guide-de-la-culture-des-enfants-pour-les-adultes.jpg","contentUrl":"https:\/\/vieassociative.be\/actualites\/wp-content\/uploads\/2025\/01\/1735838579_Le-guide-de-la-culture-des-enfants-pour-les-adultes.jpg","width":1200,"height":675,"caption":"Le guide de la culture des enfants pour les adultes d\u00e9connect\u00e9s\u00a0: pourquoi la g\u00e9n\u00e9ration Z d\u00e9veloppe-t-elle un tic\u00a0?"},{"@type":"BreadcrumbList","@id":"https:\/\/vieassociative.be\/actualites\/le-guide-de-la-culture-des-enfants-pour-les-adultes-deconnectes-pourquoi-la-generation-z-developpe-t-elle-un-tic\/#breadcrumb","itemListElement":[{"@type":"ListItem","position":1,"name":"Accueil","item":"https:\/\/vieassociative.be\/actualites\/"},{"@type":"ListItem","position":2,"name":"Le guide de la culture des enfants pour les adultes d\u00e9connect\u00e9s\u00a0: pourquoi la g\u00e9n\u00e9ration Z d\u00e9veloppe-t-elle un tic\u00a0?"}]},{"@type":"WebSite","@id":"https:\/\/vieassociative.be\/actualites\/#website","url":"https:\/\/vieassociative.be\/actualites\/","name":"Vie Associative","description":"","publisher":{"@id":"https:\/\/vieassociative.be\/actualites\/#organization"},"potentialAction":[{"@type":"SearchAction","target":{"@type":"EntryPoint","urlTemplate":"https:\/\/vieassociative.be\/actualites\/?s={search_term_string}"},"query-input":{"@type":"PropertyValueSpecification","valueRequired":true,"valueName":"search_term_string"}}],"inLanguage":"fr-BE"},{"@type":"Organization","@id":"https:\/\/vieassociative.be\/actualites\/#organization","name":"Vie Associative","url":"https:\/\/vieassociative.be\/actualites\/","logo":{"@type":"ImageObject","inLanguage":"fr-BE","@id":"https:\/\/vieassociative.be\/actualites\/#\/schema\/logo\/image\/","url":"https:\/\/vieassociative.be\/actualites\/wp-content\/uploads\/2024\/09\/cropped-vieassociative_favicon.ico.png","contentUrl":"https:\/\/vieassociative.be\/actualites\/wp-content\/uploads\/2024\/09\/cropped-vieassociative_favicon.ico.png","width":512,"height":512,"caption":"Vie Associative"},"image":{"@id":"https:\/\/vieassociative.be\/actualites\/#\/schema\/logo\/image\/"}},{"@type":"Person","@id":"https:\/\/vieassociative.be\/actualites\/#\/schema\/person\/b87ac4f82f9d4e7b7cec7395b679edc4","name":"Julien","image":{"@type":"ImageObject","inLanguage":"fr-BE","@id":"https:\/\/vieassociative.be\/actualites\/#\/schema\/person\/image\/","url":"https:\/\/vieassociative.be\/actualites\/wp-content\/uploads\/2024\/09\/vie-associative-1-150x150.jpg","contentUrl":"https:\/\/vieassociative.be\/actualites\/wp-content\/uploads\/2024\/09\/vie-associative-1-150x150.jpg","caption":"Julien"},"description":"Je suis Julien, r\u00e9dacteur pour Vie Associative. Passionn\u00e9 par le monde associatif depuis plus de 10 ans, j'ai \u00e0 c\u0153ur de partager des histoires inspirantes et de mettre en lumi\u00e8re les initiatives locales. Mon objectif est de sensibiliser et d'encourager l'engagement communautaire \u00e0 travers mes articles.","sameAs":["https:\/\/vieassociative.be\/"]}]}},"_links":{"self":[{"href":"https:\/\/vieassociative.be\/actualites\/wp-json\/wp\/v2\/posts\/3985"}],"collection":[{"href":"https:\/\/vieassociative.be\/actualites\/wp-json\/wp\/v2\/posts"}],"about":[{"href":"https:\/\/vieassociative.be\/actualites\/wp-json\/wp\/v2\/types\/post"}],"author":[{"embeddable":true,"href":"https:\/\/vieassociative.be\/actualites\/wp-json\/wp\/v2\/users\/1"}],"replies":[{"embeddable":true,"href":"https:\/\/vieassociative.be\/actualites\/wp-json\/wp\/v2\/comments?post=3985"}],"version-history":[{"count":0,"href":"https:\/\/vieassociative.be\/actualites\/wp-json\/wp\/v2\/posts\/3985\/revisions"}],"wp:featuredmedia":[{"embeddable":true,"href":"https:\/\/vieassociative.be\/actualites\/wp-json\/wp\/v2\/media\/3986"}],"wp:attachment":[{"href":"https:\/\/vieassociative.be\/actualites\/wp-json\/wp\/v2\/media?parent=3985"}],"wp:term":[{"taxonomy":"category","embeddable":true,"href":"https:\/\/vieassociative.be\/actualites\/wp-json\/wp\/v2\/categories?post=3985"},{"taxonomy":"post_tag","embeddable":true,"href":"https:\/\/vieassociative.be\/actualites\/wp-json\/wp\/v2\/tags?post=3985"}],"curies":[{"name":"wp","href":"https:\/\/api.w.org\/{rel}","templated":true}]}}