{"id":3981,"date":"2025-01-02T15:17:35","date_gmt":"2025-01-02T14:17:35","guid":{"rendered":"https:\/\/vieassociative.be\/actualites\/nouvelles-tendances-pour-la-nouvelle-annee-cuisine-mexicaine-concombres-et-vallee-de-lahr-ce-qui-pourrait-etre-populaire-en-2025\/"},"modified":"2025-01-02T15:17:35","modified_gmt":"2025-01-02T14:17:35","slug":"nouvelles-tendances-pour-la-nouvelle-annee-cuisine-mexicaine-concombres-et-vallee-de-lahr-ce-qui-pourrait-etre-populaire-en-2025","status":"publish","type":"post","link":"https:\/\/vieassociative.be\/actualites\/nouvelles-tendances-pour-la-nouvelle-annee-cuisine-mexicaine-concombres-et-vallee-de-lahr-ce-qui-pourrait-etre-populaire-en-2025\/","title":{"rendered":"Nouvelles tendances pour la nouvelle ann\u00e9e \u2013 Cuisine mexicaine, concombres et vall\u00e9e de l\u2019Ahr : ce qui pourrait \u00eatre populaire en 2025"},"content":{"rendered":"<p><strong>Nouvelle ann\u00e9e, nouvelles tendances : Dry January sera-t-il \u00e9tendu \u00e0 toute l\u2019ann\u00e9e ? Quelle couleur est \u00ab \u00e0 la mode \u00bb ? Est-ce que nous mangeons tous beaucoup de concombres ? Et o\u00f9 voyagent r\u00e9ellement les cr\u00e9ateurs de tendances ?<\/strong><\/p>\n<p><span id=\"more-405220\"><\/span>Fini la bi\u00e8re pression dans les trains longue distance, les ports de chargement USB-C obligatoires pour les smartphones et d\u00e9sormais la version v\u00e9g\u00e9talienne du Nutella dans les supermarch\u00e9s : ce ne sont l\u00e0 que quelques exemples des \u00e9volutions que la nouvelle ann\u00e9e apporte. \u00c0 quelles autres grandes tendances peut-on s\u2019attendre ? Qu\u2019est-ce qui pourrait \u00eatre populaire en 2025 dans diff\u00e9rents domaines de la vie ? Voici une s\u00e9lection :<\/p>\n<p><b>\u2013 Abstinence : <\/b>La Nutrition Society a modifi\u00e9 ses recommandations en 2024 et a soulign\u00e9 qu\u2019il n\u2019existe pas de quantit\u00e9 sans risque pour une consommation d\u2019alcool sans danger. Il existe depuis longtemps un mouvement croissant en faveur de la sobri\u00e9t\u00e9 dans le monde et dans ce pays, qui consid\u00e8re l&rsquo;alcool comme une neurotoxine.<\/p>\n<div id=\"attachment_405226\" class=\"wp-caption alignleft\" style=\"max-width: 300px\"><img fetchpriority=\"high\" decoding=\"async\" class=\"wp-image-405226 size-medium\" src=\"https:\/\/vieassociative.be\/actualites\/wp-content\/uploads\/2025\/01\/Nouvelles-tendances-pour-la-nouvelle-annee-\u2013-Cuisine-mexicaine-concombres.jpg\" alt=\"\" width=\"300\" height=\"200\"><\/p>\n<p class=\"wp-caption-text\">13 juillet 2022, Rh\u00e9nanie-Palatinat, Dernau : des vignobles verdoyants entourent le village de Dernau an der Ahr. Les traces de l\u2019inondation de 2021 sont encore clairement visibles dans la commune. Photo : Boris Roessler\/dpa<\/p>\n<\/div>\n<p>Le mois de janvier sec est \u00e0 nouveau promu au cours de la nouvelle ann\u00e9e. Il existe \u00e9galement actuellement le nouveau livre \u00ab Pourquoi je ne bois plus d\u2019alcool \u00bb de l\u2019auteur \u00e0 succ\u00e8s Bas Kast (\u00ab The Nutritional Compass \u00bb, \u00ab Compass for the Soul \u00bb).<\/p>\n<p>Cela pourrait inciter davantage de personnes \u00e0 repenser leur relation avec l\u2019alcool en tant que lubrifiant social. Dans ce pays en particulier, l\u2019alcool est souvent banalis\u00e9 et les gens ont tendance \u00e0 ignorer \u00e0 quel point il peut \u00eatre nocif. Et la consommation d\u2019alcool est m\u00eame exag\u00e9r\u00e9e en tant que bien culturel.<\/p>\n<p><b>\u2013 Voyages et tourisme : <\/b>La marque de magazine internationale \u00ab Cond\u00e9 Nast Traveler \u00bb a r\u00e9cemment \u00e9t\u00e9 lanc\u00e9e. Il a annonc\u00e9 les meilleurs endroits o\u00f9 aller au monde en 2025, notamment la C\u00f4te d&rsquo;\u00c9meraude au Nicaragua, H\u00f4 Chi Minh-Ville au Vietnam et les \u00eeles F\u00e9ro\u00e9.<\/p>\n<p>L&rsquo;une des principales destinations en 2025 est la vall\u00e9e de l&rsquo;Ahr en Rh\u00e9nanie-Palatinat, qui a \u00e9t\u00e9 en grande partie d\u00e9truite en juillet 2021. Le slogan \u00ab We AHR open \u00bb montre que les h\u00f4tes sont \u00e0 nouveau les bienvenus depuis longtemps &#8211; m\u00eame si la vall\u00e9e de l&rsquo;Ahr n&rsquo;est pas encore enti\u00e8rement construite.<\/p>\n<p>Pour le guide de voyage \u00ab\u00a0Lonely Planet\u00a0\u00bb, la Bavi\u00e8re fait partie des dix meilleures r\u00e9gions de vacances au monde. Dans le livre \u00ab\u00a0Lonely Planets Best in Travel 2025\u00a0\u00bb, l&rsquo;\u00c9tat allemand figure parmi les meilleures r\u00e9gions, aux c\u00f4t\u00e9s du Valais, en Suisse. Chemnitz, en tant que capitale culturelle de l&rsquo;Europe, pourrait \u00e9galement conna\u00eetre un petit boom des voyages.<\/p>\n<div id=\"attachment_405224\" class=\"wp-caption alignleft\" style=\"max-width: 300px\"><img decoding=\"async\" class=\"wp-image-405224 size-medium\" src=\"https:\/\/vieassociative.be\/actualites\/wp-content\/uploads\/2025\/01\/1735827455_0_Nouvelles-tendances-pour-la-nouvelle-annee-\u2013-Cuisine-mexicaine-concombres.jpg\" alt=\"\" width=\"300\" height=\"200\"><\/p>\n<p class=\"wp-caption-text\">05\/15\/2024, Mexique, Mexico : un client presse du jus de citron vert sur ses tacos au stand Tacos El Califa de Le\u00f3n. Photo : Fernando Llano\/AP\/dpa<\/p>\n<\/div>\n<p><b>Gastronomie: <\/b>Aller dans un restaurant italien, japonais ou indien ? Syrien ou G\u00e9orgien ? Vous mangez encore de la pizza ou des hamburgers ? Bien, mais les cr\u00e9ateurs de tendances peuvent trouver cela d\u00e9mod\u00e9. La cuisine mexicaine est \u00e0 nouveau populaire et son secret r\u00e9side dans sa capacit\u00e9 d&rsquo;adaptation (par exemple en termes d&rsquo;assaisonnement ou de lourdeur de viande).<\/p>\n<p>Apr\u00e8s une premi\u00e8re vague de produits alimentaires Cal-Tex ou Tex-Mex au d\u00e9but des ann\u00e9es 1990 avec la cr\u00e9ation de cha\u00eenes comme Sausalitos, certains attendent avec impatience le lancement de la cha\u00eene am\u00e9ricaine Taco Bell, report\u00e9 \u00e0 2025.<\/p>\n<p>La cuisine mexicaine correspond \u00e9galement \u00e0 la tendance \u00e0 vouloir manger plus de l\u00e9gumes frais, de fruits et surtout de haricots et d\u2019aliments moins transform\u00e9s. De nombreuses personnes trouvent \u00e9galement que les c\u00e9r\u00e9ales comme le ma\u00efs ou l\u2019amarante sont plus digestibles que le bl\u00e9.<\/p>\n<p><strong>\u2013 Les gourmands :<\/strong> D\u2019un autre c\u00f4t\u00e9, un aliment que Pinterest souhaite faire reconna\u00eetre comme un aliment tendance est typiquement allemand : le cornichon. Les recherches sur la plateforme d&rsquo;inspiration en mati\u00e8re de nutrition, d&rsquo;ameublement et de style ont tellement augment\u00e9 ces derni\u00e8res ann\u00e9es que les analystes s&rsquo;attendent d\u00e9sormais \u00e0 une v\u00e9ritable tendance cornichon pour 2025.<\/p>\n<p>Mais bien s\u00fbr, pas seulement le vieux cornichon, mais toujours le bon cornichon : les gens recherchent des recettes de margaritas aux cornichons, de frites aux cornichons et de g\u00e2teaux aux cornichons.<\/p>\n<div id=\"attachment_405227\" class=\"wp-caption alignleft\" style=\"max-width: 300px\"><img decoding=\"async\" class=\"wp-image-405227 size-medium\" src=\"https:\/\/vieassociative.be\/actualites\/wp-content\/uploads\/2025\/01\/1735827455_719_Nouvelles-tendances-pour-la-nouvelle-annee-\u2013-Cuisine-mexicaine-concombres.jpg\" alt=\"\" width=\"300\" height=\"200\"><\/p>\n<p class=\"wp-caption-text\">Diverses gommes aux fruits. Les couleurs acidul\u00e9es pourraient \u00eatre populaires dans divers domaines en 2025. Photo : S\u00e9bastien Kahnert\/dpa<\/p>\n<\/div>\n<p><strong>\u2013 Amour, sexe et tendresse :<\/strong> L\u2019application de rencontres Tinder proclame : \u00ab Les situations difficiles appartiennent au pass\u00e9. \u00bb La clart\u00e9 et les d\u00e9cisions conscientes sont populaires &#8211; avec de nouvelles tendances telles que \u00ab Loud Looking \u00bb (rencontres avec une communication tr\u00e8s claire ; \u00e9crire \u00ab Looking for\u2026 \u00bb et faire des annonces claires) ou \u00ab Nano-Ships \u00bb. Qu&rsquo;est-ce que c&rsquo;est cens\u00e9 \u00eatre d\u00e9j\u00e0 ? Eh bien, la r\u00e9ponse est : m\u00eame les plus petites connexions devraient compter. \u00ab\u00a0Les c\u00e9libataires d\u00e9couvrent une grande signification dans ces micro-moments \u2013 les \u00ab\u00a0Nano-Ships\u00a0\u00bb prouvent que toutes les connexions ne doivent pas n\u00e9cessairement \u00eatre grandes pour \u00eatre r\u00e9elles.\u00a0\u00bb<\/p>\n<p>Dans le Parship Dating Compass pour 2025, on parle de \u00ab Baywatching \u00bb : cela n&rsquo;a rien \u00e0 voir avec les s\u00e9ries am\u00e9ricaines des ann\u00e9es 1990, mais plut\u00f4t la prise de conscience de ses propres besoins. Il faut donc garder un \u0153il sur sa propre baie et la prot\u00e9ger (surveiller).<\/p>\n<p><b>&#8211; Couleurs : <\/b>L\u2019ann\u00e9e 2025 sera \u2013 du moins selon une entreprise de peinture am\u00e9ricaine \u2013 de couleur \u00ab mousse moka \u00bb. Le marron, avec sa \u00ab chaleur sensuelle et r\u00e9confortante, a \u00e9t\u00e9 choisi comme couleur d\u00e9terminante de l\u2019ann\u00e9e \u00bb, explique Pantone. Chaque ann\u00e9e, l&rsquo;entreprise publie ce qu&rsquo;elle consid\u00e8re comme une couleur d\u00e9terminante pour l&rsquo;ann\u00e9e, qui est ensuite destin\u00e9e \u00e0 servir d&rsquo;inspiration aux designers lors de la conception de meubles et de v\u00eatements.<\/p>\n<p>Une autre entreprise qui normalise les tons de couleur est \u00e9galement de la partie : les tendances NCS pour 2025 incluent une palette de couleurs aux tons terreux cens\u00e9s nous procurer une sensation de confort, de chaleur et de joie. Le Fashion Institute propose une teinte appel\u00e9e \u00ab\u00a0Glamouflage\u00a0: un m\u00e9lange de bronze chatoyant et de vert olive.<\/p>\n<div id=\"attachment_405229\" class=\"wp-caption alignleft\" style=\"max-width: 300px\"><img loading=\"lazy\" decoding=\"async\" class=\"wp-image-405229 size-medium\" src=\"https:\/\/vieassociative.be\/actualites\/wp-content\/uploads\/2025\/01\/1735827455_185_Nouvelles-tendances-pour-la-nouvelle-annee-\u2013-Cuisine-mexicaine-concombres.jpg\" alt=\"\" width=\"300\" height=\"212\"  ><\/p>\n<p class=\"wp-caption-text\">\u00e0 partir du 2 mai 2018, Gr\u00e8ce, Corfou : un moka grec servi sur une table dans une auberge et un h\u00f4tel ruraux. Photo : Frank Rumpenhorst\/dpa<\/p>\n<\/div>\n<p><b>\u2013 attitude face \u00e0 la vie : <\/b>Des couleurs acidul\u00e9es ? Une \u00e9vasion heureuse ? Dans cette optique, Pinterest proclame l\u2019esth\u00e9tique des poup\u00e9es comme une tendance. G\u00e9n.<\/p>\n<p>La jeune g\u00e9n\u00e9ration Z (1995-2010) et en m\u00eame temps les baby-boomers plus \u00e2g\u00e9s (1950-64) cherchent l&rsquo;inspiration pour transformer les pi\u00e8ces en oasis color\u00e9es et ludiques. Note des experts Pinterest : \u00ab L\u2019\u00e2ge adulte est surfait. En 2025, nous laissons sortir notre enfant int\u00e9rieur.<\/p>\n<p><b> \u2013 <\/b><b>Mode: <\/b>Enfin! Bien s\u00fbr, vous avez toujours eu le droit de le faire, mais maintenant, m\u00eame tous ceux qui pensent que vous ne pouvez pas vous promener comme \u00e7a peuvent le faire : le look de la femme \u00e9ternellement \u00e9chevel\u00e9e et l\u00e9g\u00e8rement d\u00e9pass\u00e9e est m\u00eame une tendance de la mode. Ce que porte la \u00ab Frazzled English Woman \u00bb est bas\u00e9 sur le look des protagonistes adorables et g\u00e2t\u00e9s de films comme \u00ab Bridget Jones \u00bb \u2013 dont la suite tant attendue sortira en salles en f\u00e9vrier 2025.<\/p>\n<p>\u00ab Candy Culture \u00bb est le nom d&rsquo;une tendance parmi les lunettes : selon le conseil d&rsquo;administration de Good Vision, les montures aux riches couleurs bonbons ou aux tons pastel d\u00e9licats seront populaires en 2025. Une tendance couleur qui joue avec les souvenirs d&rsquo;enfance et le charme nostalgique. \u00c0 propos, ces bordures accrocheuses semblent associ\u00e9es \u00e0 la principale tendance de couleur de l\u2019ann\u00e9e, les tons marron. (dpa)<\/p>\n","protected":false},"excerpt":{"rendered":"<p>Nouvelle ann\u00e9e, nouvelles tendances : Dry January sera-t-il \u00e9tendu \u00e0 toute l\u2019ann\u00e9e ? Quelle couleur est \u00ab \u00e0 la mode \u00bb ? Est-ce que nous<\/p>\n","protected":false},"author":1,"featured_media":3982,"comment_status":"","ping_status":"","sticky":false,"template":"","format":"standard","meta":{"footnotes":""},"categories":[298],"tags":[549,4440,1937,23,4441,4439,491,1215,4115,81,1041,99,4438,3604],"class_list":["post-3981","post","type-post","status-publish","format-standard","has-post-thumbnail","hentry","category-belgique","tag-annee","tag-concombres","tag-cuisine","tag-etre","tag-lahr","tag-mexicaine","tag-nouvelle","tag-nouvelles","tag-populaire","tag-pour","tag-pourrait","tag-qui","tag-tendances","tag-vallee","generate-columns","tablet-grid-50","mobile-grid-100","grid-parent","grid-33"],"yoast_head":"<!-- This site is optimized with the Yoast SEO plugin v24.0 - https:\/\/yoast.com\/wordpress\/plugins\/seo\/ -->\n<title>Nouvelles tendances pour la nouvelle ann\u00e9e \u2013 Cuisine mexicaine, concombres et vall\u00e9e de l\u2019Ahr : ce qui pourrait \u00eatre populaire en 2025 | Vie Associative<\/title>\n<meta name=\"robots\" content=\"index, follow, max-snippet:-1, max-image-preview:large, max-video-preview:-1\" \/>\n<link rel=\"canonical\" href=\"https:\/\/vieassociative.be\/actualites\/nouvelles-tendances-pour-la-nouvelle-annee-cuisine-mexicaine-concombres-et-vallee-de-lahr-ce-qui-pourrait-etre-populaire-en-2025\/\" \/>\n<meta property=\"og:locale\" content=\"fr_FR\" \/>\n<meta property=\"og:type\" content=\"article\" \/>\n<meta property=\"og:title\" content=\"Nouvelles tendances pour la nouvelle ann\u00e9e \u2013 Cuisine mexicaine, concombres et vall\u00e9e de l\u2019Ahr : ce qui pourrait \u00eatre populaire en 2025 | Vie Associative\" \/>\n<meta property=\"og:description\" content=\"Nouvelle ann\u00e9e, nouvelles tendances : Dry January sera-t-il \u00e9tendu \u00e0 toute l\u2019ann\u00e9e ? Quelle couleur est \u00ab \u00e0 la mode \u00bb ? Est-ce que nous\" \/>\n<meta property=\"og:url\" content=\"https:\/\/vieassociative.be\/actualites\/nouvelles-tendances-pour-la-nouvelle-annee-cuisine-mexicaine-concombres-et-vallee-de-lahr-ce-qui-pourrait-etre-populaire-en-2025\/\" \/>\n<meta property=\"og:site_name\" content=\"Vie Associative\" \/>\n<meta property=\"article:published_time\" content=\"2025-01-02T14:17:35+00:00\" \/>\n<meta property=\"og:image\" content=\"https:\/\/vieassociative.be\/actualites\/wp-content\/uploads\/2024\/09\/header_backgroundk-01-e1726694325946.png\" \/>\n\t<meta property=\"og:image:width\" content=\"279\" \/>\n\t<meta property=\"og:image:height\" content=\"92\" \/>\n\t<meta property=\"og:image:type\" content=\"image\/png\" \/>\n<meta name=\"author\" content=\"Julien\" \/>\n<meta name=\"twitter:card\" content=\"summary_large_image\" \/>\n<meta name=\"twitter:label1\" content=\"\u00c9crit par\" \/>\n\t<meta name=\"twitter:data1\" content=\"Julien\" \/>\n\t<meta name=\"twitter:label2\" content=\"Dur\u00e9e de lecture est.\" \/>\n\t<meta name=\"twitter:data2\" content=\"6 minutes\" \/>\n<script type=\"application\/ld+json\" class=\"yoast-schema-graph\">{\"@context\":\"https:\/\/schema.org\",\"@graph\":[{\"@type\":\"Article\",\"@id\":\"https:\/\/vieassociative.be\/actualites\/nouvelles-tendances-pour-la-nouvelle-annee-cuisine-mexicaine-concombres-et-vallee-de-lahr-ce-qui-pourrait-etre-populaire-en-2025\/#article\",\"isPartOf\":{\"@id\":\"https:\/\/vieassociative.be\/actualites\/nouvelles-tendances-pour-la-nouvelle-annee-cuisine-mexicaine-concombres-et-vallee-de-lahr-ce-qui-pourrait-etre-populaire-en-2025\/\"},\"author\":{\"name\":\"Julien\",\"@id\":\"https:\/\/vieassociative.be\/actualites\/#\/schema\/person\/b87ac4f82f9d4e7b7cec7395b679edc4\"},\"headline\":\"Nouvelles tendances pour la nouvelle ann\u00e9e \u2013 Cuisine mexicaine, concombres et vall\u00e9e de l\u2019Ahr : ce qui pourrait \u00eatre populaire en 2025\",\"datePublished\":\"2025-01-02T14:17:35+00:00\",\"dateModified\":\"2025-01-02T14:17:35+00:00\",\"mainEntityOfPage\":{\"@id\":\"https:\/\/vieassociative.be\/actualites\/nouvelles-tendances-pour-la-nouvelle-annee-cuisine-mexicaine-concombres-et-vallee-de-lahr-ce-qui-pourrait-etre-populaire-en-2025\/\"},\"wordCount\":1332,\"publisher\":{\"@id\":\"https:\/\/vieassociative.be\/actualites\/#organization\"},\"image\":{\"@id\":\"https:\/\/vieassociative.be\/actualites\/nouvelles-tendances-pour-la-nouvelle-annee-cuisine-mexicaine-concombres-et-vallee-de-lahr-ce-qui-pourrait-etre-populaire-en-2025\/#primaryimage\"},\"thumbnailUrl\":\"https:\/\/vieassociative.be\/actualites\/wp-content\/uploads\/2025\/01\/1735827456_Nouvelles-tendances-pour-la-nouvelle-annee-\u2013-Cuisine-mexicaine-concombres.jpg\",\"keywords\":[\"ann\u00e9e\",\"concombres\",\"cuisine\",\"\u00eatre\",\"lAhr\",\"mexicaine\",\"nouvelle\",\"nouvelles\",\"populaire\",\"pour\",\"pourrait\",\"qui\",\"tendances\",\"vall\u00e9e\"],\"articleSection\":[\"Belgique\"],\"inLanguage\":\"fr-BE\"},{\"@type\":\"WebPage\",\"@id\":\"https:\/\/vieassociative.be\/actualites\/nouvelles-tendances-pour-la-nouvelle-annee-cuisine-mexicaine-concombres-et-vallee-de-lahr-ce-qui-pourrait-etre-populaire-en-2025\/\",\"url\":\"https:\/\/vieassociative.be\/actualites\/nouvelles-tendances-pour-la-nouvelle-annee-cuisine-mexicaine-concombres-et-vallee-de-lahr-ce-qui-pourrait-etre-populaire-en-2025\/\",\"name\":\"Nouvelles tendances pour la nouvelle ann\u00e9e \u2013 Cuisine mexicaine, concombres et vall\u00e9e de l\u2019Ahr : ce qui pourrait \u00eatre populaire en 2025 | Vie Associative\",\"isPartOf\":{\"@id\":\"https:\/\/vieassociative.be\/actualites\/#website\"},\"primaryImageOfPage\":{\"@id\":\"https:\/\/vieassociative.be\/actualites\/nouvelles-tendances-pour-la-nouvelle-annee-cuisine-mexicaine-concombres-et-vallee-de-lahr-ce-qui-pourrait-etre-populaire-en-2025\/#primaryimage\"},\"image\":{\"@id\":\"https:\/\/vieassociative.be\/actualites\/nouvelles-tendances-pour-la-nouvelle-annee-cuisine-mexicaine-concombres-et-vallee-de-lahr-ce-qui-pourrait-etre-populaire-en-2025\/#primaryimage\"},\"thumbnailUrl\":\"https:\/\/vieassociative.be\/actualites\/wp-content\/uploads\/2025\/01\/1735827456_Nouvelles-tendances-pour-la-nouvelle-annee-\u2013-Cuisine-mexicaine-concombres.jpg\",\"datePublished\":\"2025-01-02T14:17:35+00:00\",\"dateModified\":\"2025-01-02T14:17:35+00:00\",\"breadcrumb\":{\"@id\":\"https:\/\/vieassociative.be\/actualites\/nouvelles-tendances-pour-la-nouvelle-annee-cuisine-mexicaine-concombres-et-vallee-de-lahr-ce-qui-pourrait-etre-populaire-en-2025\/#breadcrumb\"},\"inLanguage\":\"fr-BE\",\"potentialAction\":[{\"@type\":\"ReadAction\",\"target\":[\"https:\/\/vieassociative.be\/actualites\/nouvelles-tendances-pour-la-nouvelle-annee-cuisine-mexicaine-concombres-et-vallee-de-lahr-ce-qui-pourrait-etre-populaire-en-2025\/\"]}]},{\"@type\":\"ImageObject\",\"inLanguage\":\"fr-BE\",\"@id\":\"https:\/\/vieassociative.be\/actualites\/nouvelles-tendances-pour-la-nouvelle-annee-cuisine-mexicaine-concombres-et-vallee-de-lahr-ce-qui-pourrait-etre-populaire-en-2025\/#primaryimage\",\"url\":\"https:\/\/vieassociative.be\/actualites\/wp-content\/uploads\/2025\/01\/1735827456_Nouvelles-tendances-pour-la-nouvelle-annee-\u2013-Cuisine-mexicaine-concombres.jpg\",\"contentUrl\":\"https:\/\/vieassociative.be\/actualites\/wp-content\/uploads\/2025\/01\/1735827456_Nouvelles-tendances-pour-la-nouvelle-annee-\u2013-Cuisine-mexicaine-concombres.jpg\",\"width\":1200,\"height\":792,\"caption\":\"Nouvelles tendances pour la nouvelle ann\u00e9e \u2013 Cuisine mexicaine, concombres et vall\u00e9e de l\u2019Ahr : ce qui pourrait \u00eatre populaire en 2025\"},{\"@type\":\"BreadcrumbList\",\"@id\":\"https:\/\/vieassociative.be\/actualites\/nouvelles-tendances-pour-la-nouvelle-annee-cuisine-mexicaine-concombres-et-vallee-de-lahr-ce-qui-pourrait-etre-populaire-en-2025\/#breadcrumb\",\"itemListElement\":[{\"@type\":\"ListItem\",\"position\":1,\"name\":\"Accueil\",\"item\":\"https:\/\/vieassociative.be\/actualites\/\"},{\"@type\":\"ListItem\",\"position\":2,\"name\":\"Nouvelles tendances pour la nouvelle ann\u00e9e \u2013 Cuisine mexicaine, concombres et vall\u00e9e de l\u2019Ahr : ce qui pourrait \u00eatre populaire en 2025\"}]},{\"@type\":\"WebSite\",\"@id\":\"https:\/\/vieassociative.be\/actualites\/#website\",\"url\":\"https:\/\/vieassociative.be\/actualites\/\",\"name\":\"Vie Associative\",\"description\":\"\",\"publisher\":{\"@id\":\"https:\/\/vieassociative.be\/actualites\/#organization\"},\"potentialAction\":[{\"@type\":\"SearchAction\",\"target\":{\"@type\":\"EntryPoint\",\"urlTemplate\":\"https:\/\/vieassociative.be\/actualites\/?s={search_term_string}\"},\"query-input\":{\"@type\":\"PropertyValueSpecification\",\"valueRequired\":true,\"valueName\":\"search_term_string\"}}],\"inLanguage\":\"fr-BE\"},{\"@type\":\"Organization\",\"@id\":\"https:\/\/vieassociative.be\/actualites\/#organization\",\"name\":\"Vie Associative\",\"url\":\"https:\/\/vieassociative.be\/actualites\/\",\"logo\":{\"@type\":\"ImageObject\",\"inLanguage\":\"fr-BE\",\"@id\":\"https:\/\/vieassociative.be\/actualites\/#\/schema\/logo\/image\/\",\"url\":\"https:\/\/vieassociative.be\/actualites\/wp-content\/uploads\/2024\/09\/cropped-vieassociative_favicon.ico.png\",\"contentUrl\":\"https:\/\/vieassociative.be\/actualites\/wp-content\/uploads\/2024\/09\/cropped-vieassociative_favicon.ico.png\",\"width\":512,\"height\":512,\"caption\":\"Vie Associative\"},\"image\":{\"@id\":\"https:\/\/vieassociative.be\/actualites\/#\/schema\/logo\/image\/\"}},{\"@type\":\"Person\",\"@id\":\"https:\/\/vieassociative.be\/actualites\/#\/schema\/person\/b87ac4f82f9d4e7b7cec7395b679edc4\",\"name\":\"Julien\",\"image\":{\"@type\":\"ImageObject\",\"inLanguage\":\"fr-BE\",\"@id\":\"https:\/\/vieassociative.be\/actualites\/#\/schema\/person\/image\/\",\"url\":\"https:\/\/vieassociative.be\/actualites\/wp-content\/uploads\/2024\/09\/vie-associative-1-150x150.jpg\",\"contentUrl\":\"https:\/\/vieassociative.be\/actualites\/wp-content\/uploads\/2024\/09\/vie-associative-1-150x150.jpg\",\"caption\":\"Julien\"},\"description\":\"Je suis Julien, r\u00e9dacteur pour Vie Associative. Passionn\u00e9 par le monde associatif depuis plus de 10 ans, j'ai \u00e0 c\u0153ur de partager des histoires inspirantes et de mettre en lumi\u00e8re les initiatives locales. Mon objectif est de sensibiliser et d'encourager l'engagement communautaire \u00e0 travers mes articles.\",\"sameAs\":[\"https:\/\/vieassociative.be\/\"]}]}<\/script>\n<!-- \/ Yoast SEO plugin. -->","yoast_head_json":{"title":"Nouvelles tendances pour la nouvelle ann\u00e9e \u2013 Cuisine mexicaine, concombres et vall\u00e9e de l\u2019Ahr : ce qui pourrait \u00eatre populaire en 2025 | Vie Associative","robots":{"index":"index","follow":"follow","max-snippet":"max-snippet:-1","max-image-preview":"max-image-preview:large","max-video-preview":"max-video-preview:-1"},"canonical":"https:\/\/vieassociative.be\/actualites\/nouvelles-tendances-pour-la-nouvelle-annee-cuisine-mexicaine-concombres-et-vallee-de-lahr-ce-qui-pourrait-etre-populaire-en-2025\/","og_locale":"fr_FR","og_type":"article","og_title":"Nouvelles tendances pour la nouvelle ann\u00e9e \u2013 Cuisine mexicaine, concombres et vall\u00e9e de l\u2019Ahr : ce qui pourrait \u00eatre populaire en 2025 | Vie Associative","og_description":"Nouvelle ann\u00e9e, nouvelles tendances : Dry January sera-t-il \u00e9tendu \u00e0 toute l\u2019ann\u00e9e ? Quelle couleur est \u00ab \u00e0 la mode \u00bb ? Est-ce que nous","og_url":"https:\/\/vieassociative.be\/actualites\/nouvelles-tendances-pour-la-nouvelle-annee-cuisine-mexicaine-concombres-et-vallee-de-lahr-ce-qui-pourrait-etre-populaire-en-2025\/","og_site_name":"Vie Associative","article_published_time":"2025-01-02T14:17:35+00:00","og_image":[{"width":279,"height":92,"url":"https:\/\/vieassociative.be\/actualites\/wp-content\/uploads\/2024\/09\/header_backgroundk-01-e1726694325946.png","type":"image\/png"}],"author":"Julien","twitter_card":"summary_large_image","twitter_misc":{"\u00c9crit par":"Julien","Dur\u00e9e de lecture est.":"6 minutes"},"schema":{"@context":"https:\/\/schema.org","@graph":[{"@type":"Article","@id":"https:\/\/vieassociative.be\/actualites\/nouvelles-tendances-pour-la-nouvelle-annee-cuisine-mexicaine-concombres-et-vallee-de-lahr-ce-qui-pourrait-etre-populaire-en-2025\/#article","isPartOf":{"@id":"https:\/\/vieassociative.be\/actualites\/nouvelles-tendances-pour-la-nouvelle-annee-cuisine-mexicaine-concombres-et-vallee-de-lahr-ce-qui-pourrait-etre-populaire-en-2025\/"},"author":{"name":"Julien","@id":"https:\/\/vieassociative.be\/actualites\/#\/schema\/person\/b87ac4f82f9d4e7b7cec7395b679edc4"},"headline":"Nouvelles tendances pour la nouvelle ann\u00e9e \u2013 Cuisine mexicaine, concombres et vall\u00e9e de l\u2019Ahr : ce qui pourrait \u00eatre populaire en 2025","datePublished":"2025-01-02T14:17:35+00:00","dateModified":"2025-01-02T14:17:35+00:00","mainEntityOfPage":{"@id":"https:\/\/vieassociative.be\/actualites\/nouvelles-tendances-pour-la-nouvelle-annee-cuisine-mexicaine-concombres-et-vallee-de-lahr-ce-qui-pourrait-etre-populaire-en-2025\/"},"wordCount":1332,"publisher":{"@id":"https:\/\/vieassociative.be\/actualites\/#organization"},"image":{"@id":"https:\/\/vieassociative.be\/actualites\/nouvelles-tendances-pour-la-nouvelle-annee-cuisine-mexicaine-concombres-et-vallee-de-lahr-ce-qui-pourrait-etre-populaire-en-2025\/#primaryimage"},"thumbnailUrl":"https:\/\/vieassociative.be\/actualites\/wp-content\/uploads\/2025\/01\/1735827456_Nouvelles-tendances-pour-la-nouvelle-annee-\u2013-Cuisine-mexicaine-concombres.jpg","keywords":["ann\u00e9e","concombres","cuisine","\u00eatre","lAhr","mexicaine","nouvelle","nouvelles","populaire","pour","pourrait","qui","tendances","vall\u00e9e"],"articleSection":["Belgique"],"inLanguage":"fr-BE"},{"@type":"WebPage","@id":"https:\/\/vieassociative.be\/actualites\/nouvelles-tendances-pour-la-nouvelle-annee-cuisine-mexicaine-concombres-et-vallee-de-lahr-ce-qui-pourrait-etre-populaire-en-2025\/","url":"https:\/\/vieassociative.be\/actualites\/nouvelles-tendances-pour-la-nouvelle-annee-cuisine-mexicaine-concombres-et-vallee-de-lahr-ce-qui-pourrait-etre-populaire-en-2025\/","name":"Nouvelles tendances pour la nouvelle ann\u00e9e \u2013 Cuisine mexicaine, concombres et vall\u00e9e de l\u2019Ahr : ce qui pourrait \u00eatre populaire en 2025 | Vie Associative","isPartOf":{"@id":"https:\/\/vieassociative.be\/actualites\/#website"},"primaryImageOfPage":{"@id":"https:\/\/vieassociative.be\/actualites\/nouvelles-tendances-pour-la-nouvelle-annee-cuisine-mexicaine-concombres-et-vallee-de-lahr-ce-qui-pourrait-etre-populaire-en-2025\/#primaryimage"},"image":{"@id":"https:\/\/vieassociative.be\/actualites\/nouvelles-tendances-pour-la-nouvelle-annee-cuisine-mexicaine-concombres-et-vallee-de-lahr-ce-qui-pourrait-etre-populaire-en-2025\/#primaryimage"},"thumbnailUrl":"https:\/\/vieassociative.be\/actualites\/wp-content\/uploads\/2025\/01\/1735827456_Nouvelles-tendances-pour-la-nouvelle-annee-\u2013-Cuisine-mexicaine-concombres.jpg","datePublished":"2025-01-02T14:17:35+00:00","dateModified":"2025-01-02T14:17:35+00:00","breadcrumb":{"@id":"https:\/\/vieassociative.be\/actualites\/nouvelles-tendances-pour-la-nouvelle-annee-cuisine-mexicaine-concombres-et-vallee-de-lahr-ce-qui-pourrait-etre-populaire-en-2025\/#breadcrumb"},"inLanguage":"fr-BE","potentialAction":[{"@type":"ReadAction","target":["https:\/\/vieassociative.be\/actualites\/nouvelles-tendances-pour-la-nouvelle-annee-cuisine-mexicaine-concombres-et-vallee-de-lahr-ce-qui-pourrait-etre-populaire-en-2025\/"]}]},{"@type":"ImageObject","inLanguage":"fr-BE","@id":"https:\/\/vieassociative.be\/actualites\/nouvelles-tendances-pour-la-nouvelle-annee-cuisine-mexicaine-concombres-et-vallee-de-lahr-ce-qui-pourrait-etre-populaire-en-2025\/#primaryimage","url":"https:\/\/vieassociative.be\/actualites\/wp-content\/uploads\/2025\/01\/1735827456_Nouvelles-tendances-pour-la-nouvelle-annee-\u2013-Cuisine-mexicaine-concombres.jpg","contentUrl":"https:\/\/vieassociative.be\/actualites\/wp-content\/uploads\/2025\/01\/1735827456_Nouvelles-tendances-pour-la-nouvelle-annee-\u2013-Cuisine-mexicaine-concombres.jpg","width":1200,"height":792,"caption":"Nouvelles tendances pour la nouvelle ann\u00e9e \u2013 Cuisine mexicaine, concombres et vall\u00e9e de l\u2019Ahr : ce qui pourrait \u00eatre populaire en 2025"},{"@type":"BreadcrumbList","@id":"https:\/\/vieassociative.be\/actualites\/nouvelles-tendances-pour-la-nouvelle-annee-cuisine-mexicaine-concombres-et-vallee-de-lahr-ce-qui-pourrait-etre-populaire-en-2025\/#breadcrumb","itemListElement":[{"@type":"ListItem","position":1,"name":"Accueil","item":"https:\/\/vieassociative.be\/actualites\/"},{"@type":"ListItem","position":2,"name":"Nouvelles tendances pour la nouvelle ann\u00e9e \u2013 Cuisine mexicaine, concombres et vall\u00e9e de l\u2019Ahr : ce qui pourrait \u00eatre populaire en 2025"}]},{"@type":"WebSite","@id":"https:\/\/vieassociative.be\/actualites\/#website","url":"https:\/\/vieassociative.be\/actualites\/","name":"Vie Associative","description":"","publisher":{"@id":"https:\/\/vieassociative.be\/actualites\/#organization"},"potentialAction":[{"@type":"SearchAction","target":{"@type":"EntryPoint","urlTemplate":"https:\/\/vieassociative.be\/actualites\/?s={search_term_string}"},"query-input":{"@type":"PropertyValueSpecification","valueRequired":true,"valueName":"search_term_string"}}],"inLanguage":"fr-BE"},{"@type":"Organization","@id":"https:\/\/vieassociative.be\/actualites\/#organization","name":"Vie Associative","url":"https:\/\/vieassociative.be\/actualites\/","logo":{"@type":"ImageObject","inLanguage":"fr-BE","@id":"https:\/\/vieassociative.be\/actualites\/#\/schema\/logo\/image\/","url":"https:\/\/vieassociative.be\/actualites\/wp-content\/uploads\/2024\/09\/cropped-vieassociative_favicon.ico.png","contentUrl":"https:\/\/vieassociative.be\/actualites\/wp-content\/uploads\/2024\/09\/cropped-vieassociative_favicon.ico.png","width":512,"height":512,"caption":"Vie Associative"},"image":{"@id":"https:\/\/vieassociative.be\/actualites\/#\/schema\/logo\/image\/"}},{"@type":"Person","@id":"https:\/\/vieassociative.be\/actualites\/#\/schema\/person\/b87ac4f82f9d4e7b7cec7395b679edc4","name":"Julien","image":{"@type":"ImageObject","inLanguage":"fr-BE","@id":"https:\/\/vieassociative.be\/actualites\/#\/schema\/person\/image\/","url":"https:\/\/vieassociative.be\/actualites\/wp-content\/uploads\/2024\/09\/vie-associative-1-150x150.jpg","contentUrl":"https:\/\/vieassociative.be\/actualites\/wp-content\/uploads\/2024\/09\/vie-associative-1-150x150.jpg","caption":"Julien"},"description":"Je suis Julien, r\u00e9dacteur pour Vie Associative. Passionn\u00e9 par le monde associatif depuis plus de 10 ans, j'ai \u00e0 c\u0153ur de partager des histoires inspirantes et de mettre en lumi\u00e8re les initiatives locales. Mon objectif est de sensibiliser et d'encourager l'engagement communautaire \u00e0 travers mes articles.","sameAs":["https:\/\/vieassociative.be\/"]}]}},"_links":{"self":[{"href":"https:\/\/vieassociative.be\/actualites\/wp-json\/wp\/v2\/posts\/3981"}],"collection":[{"href":"https:\/\/vieassociative.be\/actualites\/wp-json\/wp\/v2\/posts"}],"about":[{"href":"https:\/\/vieassociative.be\/actualites\/wp-json\/wp\/v2\/types\/post"}],"author":[{"embeddable":true,"href":"https:\/\/vieassociative.be\/actualites\/wp-json\/wp\/v2\/users\/1"}],"replies":[{"embeddable":true,"href":"https:\/\/vieassociative.be\/actualites\/wp-json\/wp\/v2\/comments?post=3981"}],"version-history":[{"count":0,"href":"https:\/\/vieassociative.be\/actualites\/wp-json\/wp\/v2\/posts\/3981\/revisions"}],"wp:featuredmedia":[{"embeddable":true,"href":"https:\/\/vieassociative.be\/actualites\/wp-json\/wp\/v2\/media\/3982"}],"wp:attachment":[{"href":"https:\/\/vieassociative.be\/actualites\/wp-json\/wp\/v2\/media?parent=3981"}],"wp:term":[{"taxonomy":"category","embeddable":true,"href":"https:\/\/vieassociative.be\/actualites\/wp-json\/wp\/v2\/categories?post=3981"},{"taxonomy":"post_tag","embeddable":true,"href":"https:\/\/vieassociative.be\/actualites\/wp-json\/wp\/v2\/tags?post=3981"}],"curies":[{"name":"wp","href":"https:\/\/api.w.org\/{rel}","templated":true}]}}