{"id":3979,"date":"2025-01-02T14:17:18","date_gmt":"2025-01-02T13:17:18","guid":{"rendered":"https:\/\/vieassociative.be\/actualites\/vous-pouvez-combattre-et-eviter-les-frais-de-menage-de-votre-proprietaire\/"},"modified":"2025-01-02T14:17:18","modified_gmt":"2025-01-02T13:17:18","slug":"vous-pouvez-combattre-et-eviter-les-frais-de-menage-de-votre-proprietaire","status":"publish","type":"post","link":"https:\/\/vieassociative.be\/actualites\/vous-pouvez-combattre-et-eviter-les-frais-de-menage-de-votre-proprietaire\/","title":{"rendered":"Vous pouvez combattre (et \u00e9viter) les frais de m\u00e9nage de votre propri\u00e9taire"},"content":{"rendered":"<div class=\"mt-4 leading-6 md:mb-8\">Ne laissez pas votre propri\u00e9taire vous imposer des frais de m\u00e9nage \u00e9normes qui grugent votre d\u00e9p\u00f4t de garantie.<\/div>\n<p><\/p>\n<p>Si vous louez, vous savez que le d\u00e9p\u00f4t de garantie est tr\u00e8s important : d\u00e8s que vous d\u00e9cidez de d\u00e9m\u00e9nager, la priorit\u00e9 absolue est de r\u00e9cup\u00e9rer cet argent. Bien qu&rsquo;il s&rsquo;agisse g\u00e9n\u00e9ralement d&rsquo;un processus assez simple : vous d\u00e9m\u00e9nagez vos affaires, nettoyez les lieux en profondeur et vous r\u00e9cup\u00e9rez votre argent.<\/p>\n<p>Malheureusement, les choses ne se passent pas toujours aussi bien. Il y a beaucoup de mauvais propri\u00e9taires et vous pourriez avoir une mauvaise surprise lorsque vous d\u00e9m\u00e9nagez sous la forme de frais de m\u00e9nage surprise\u00a0: vous avez tous d\u00e9m\u00e9nag\u00e9 et l&rsquo;appartement semble en bon \u00e9tat, mais votre propri\u00e9taire d\u00e9duit plusieurs centaines d&rsquo;euros. des dollars de votre d\u00e9p\u00f4t de garantie pour le nettoyage de toute fa\u00e7on.<\/p>\n<p>Les propri\u00e9taires ont la possibilit\u00e9 de d\u00e9duire des frais raisonnables de votre d\u00e9p\u00f4t de garantie \u2013 c&rsquo;est pourquoi cela existe. Mais cela ne veut pas dire qu\u2019ils peuvent simplement inventer des raisons pour vous facturer. Voici ce que vous pouvez faire si cela se produit et ce que vous <em>devrait<\/em> faites-le lorsque vous emm\u00e9nagerez dans votre prochaine location pour vous assurer que cela ne se reproduise plus.<\/p>\n<h2 id=\"know-that-youre-not-responsible-for-wear-and-tear\">Sachez que vous n&rsquo;\u00eates pas responsable de l&rsquo;usure<\/h2>\n<p>En tant que locataire, vous n&rsquo;\u00eates g\u00e9n\u00e9ralement pas responsable de ce que l&rsquo;on appelle \u00ab l&rsquo;usure normale \u00bb de l&rsquo;espace de vie. Il s\u2019agit des dommages normaux qui surviennent simplement \u00e0 cause d\u2019un espace occup\u00e9, comme la peinture qui s\u2019\u00e9caille, les fissures dues au tassement ou l\u2019amincissement des tapis suite \u00e0 l\u2019utilisation. Le minist\u00e8re du Logement et du D\u00e9veloppement urbain (HUD) dispose d&rsquo;une liste officielle des \u00e9l\u00e9ments d&rsquo;usure et d\u00e9clare explicitement que \u00ab les co\u00fbts qu&rsquo;un propri\u00e9taire engage pour le nettoyage de base et la r\u00e9paration de ces \u00e9l\u00e9ments n\u00e9cessaires pour rendre une unit\u00e9 pr\u00eate \u00e0 \u00eatre occup\u00e9e d&rsquo;ici le prochain \u00bb. le locataire fait partie des co\u00fbts li\u00e9s \u00e0 l\u2019exploitation des affaires. Cela contraste avec ce qui est consid\u00e9r\u00e9 comme des \u00ab dommages caus\u00e9s aux locataires \u00bb, qui incluent des \u00e9l\u00e9ments tels que des trous dans les murs, des sols creus\u00e9s ou des luminaires manquants.<\/p>\n<p>Cela dit, lisez toujours attentivement votre bail et comprenez les d\u00e9tails concernant votre d\u00e9p\u00f4t de garantie et les frais que le propri\u00e9taire peut facturer pour le nettoyage, ainsi que la mani\u00e8re dont il d\u00e9finit \u00ab l&rsquo;usure \u00bb. En r\u00e8gle g\u00e9n\u00e9rale, votre propri\u00e9taire ne peut pas simplement d\u00e9duire les frais de m\u00e9nage de routine de votre d\u00e9p\u00f4t de garantie, mais les termes que vous avez accept\u00e9s dans votre bail peuvent compliquer les choses. \u00catre conscient de toute langue potentiellement probl\u00e9matique dans le bail avant de d\u00e9m\u00e9nager peut vous aider \u00e0 \u00e9viter les probl\u00e8mes.<\/p>\n<h2 id=\"document-and-clean\">Documenter et nettoyer<\/h2>\n<p>Une fois que vous connaissez la diff\u00e9rence entre l\u2019usure et les dommages caus\u00e9s par les locataires, votre prochaine \u00e9tape consiste \u00e0 documenter l\u2019\u00e9tat de votre appartement. Le meilleur des cas est de commencer ce processus avant d\u2019emm\u00e9nager en cr\u00e9ant une vid\u00e9o d\u00e9taill\u00e9e de la maison qui montre l\u2019\u00e9tat de chaque aspect de l\u2019espace. Si les murs sont \u00e9rafl\u00e9s, par exemple, il sera crucial d\u2019avoir la preuve qu\u2019ils \u00e9taient ainsi avant d\u2019emm\u00e9nager.<\/p>\n<p>Une fois que vous avez document\u00e9 l&rsquo;\u00e9tat des lieux, la meilleure fa\u00e7on d&rsquo;\u00e9viter des frais de m\u00e9nage surprises est de <em>faire le m\u00e9nage<\/em>. Un nettoyage r\u00e9gulier emp\u00eache la salet\u00e9 de s&rsquo;accumuler et de se transformer en une corv\u00e9e monumentale, ce qui permettra de donner \u00e0 l&rsquo;espace une forme pr\u00e9sentable beaucoup plus facilement lorsque vous d\u00e9m\u00e9nagerez.<\/p>\n<p>Si vous engagez des professionnels du nettoyage ou si vous devez aller au-del\u00e0 de vos attentes pour nettoyer les lieux, continuez \u00e0 documenter vos efforts : conservez les re\u00e7us et les copies de toute correspondance avec votre propri\u00e9taire concernant les probl\u00e8mes de nettoyage. Si vous constatez des \u00e9l\u00e9ments d&rsquo;usure ou des probl\u00e8mes de propret\u00e9 pr\u00e9existants dont vous ne devriez pas \u00eatre responsable, assurez-vous d&rsquo;en informer votre propri\u00e9taire et de conserver une trace de cette communication.<\/p>\n<p>Enfin, lors de votre d\u00e9m\u00e9nagement, documentez votre m\u00e9nage et l&rsquo;\u00e9tat final de l&rsquo;appartement au moment de votre d\u00e9part dans une autre vid\u00e9o.<\/p>\n<h2 id=\"if-youre-charged-with-a-cleaning-fee\">Si des frais de m\u00e9nage vous sont factur\u00e9s<\/h2>\n<p>Si, malgr\u00e9 tous vos efforts, vous \u00eates toujours confront\u00e9 \u00e0 des frais de m\u00e9nage surprise lorsque vous d\u00e9m\u00e9nagez et que vous jugez injuste, voici quelques mesures que vous pouvez prendre :<\/p>\n<ul>\n<li>\n<p><strong>Rassemblez des preuves.<\/strong> Assurez-vous d&rsquo;avoir acc\u00e8s \u00e0 vos preuves de l&rsquo;\u00e9tat original et final de l&rsquo;espace, et rassemblez tous les re\u00e7us ou communications li\u00e9s au nettoyage.<\/p>\n<\/li>\n<li>\n<p><strong>Demander des d\u00e9tails.<\/strong> Demandez \u00e0 votre propri\u00e9taire une ventilation des co\u00fbts et demandez des copies des re\u00e7us s&rsquo;il pr\u00e9tend avoir embauch\u00e9 des femmes de m\u00e9nage.<\/p>\n<\/li>\n<li>\n<p><strong>\u00c9crivez une lettre de contestation.<\/strong> Envoyez \u00e0 votre propri\u00e9taire une lettre par courrier certifi\u00e9 d\u00e9taillant les frais inappropri\u00e9s. Incluez des d\u00e9tails tels que le montant de votre d\u00e9p\u00f4t de garantie total, le montant d\u00e9duit pour le nettoyage, la raison pour laquelle le montant est injustifi\u00e9 et une date limite pour recevoir l&rsquo;argent. Il est utile de rechercher les lois de votre \u00c9tat concernant le retour des d\u00e9p\u00f4ts de garantie et d&rsquo;inclure \u00e9galement ces d\u00e9tails. Vous pouvez voir un exemple de lettre ici.<\/p>\n<\/li>\n<li>\n<p><strong>Contactez une organisation de d\u00e9fense des droits des locataires.<\/strong> Il existe probablement une organisation locale de d\u00e9fense des droits des locataires dans votre r\u00e9gion qui peut vous aider \u00e0 g\u00e9rer la situation en vous fournissant des conseils et des ressources. Si vous n&rsquo;en trouvez pas, Renters Rising peut vous aider \u00e0 identifier un groupe local.<\/p>\n<\/li>\n<li>\n<p><strong>Cour des petites cr\u00e9ances ou m\u00e9diation.<\/strong> Si tout le reste \u00e9choue, vous pouvez poursuivre votre propri\u00e9taire devant la Cour des petites cr\u00e9ances, \u00e0 moins que votre d\u00e9p\u00f4t de garantie ne soit astronomiquement \u00e9lev\u00e9 (plus de 10 000 $). Vous pouvez \u00e9galement trouver un m\u00e9diateur professionnel pour vous aider \u00e0 parvenir \u00e0 un accord sur le diff\u00e9rend (l&rsquo;American Arbitration Association peut vous aider \u00e0 en trouver un dans votre r\u00e9gion) si votre propri\u00e9taire est d&rsquo;accord.<\/p>\n<\/li>\n<\/ul>\n","protected":false},"excerpt":{"rendered":"<p>Ne laissez pas votre propri\u00e9taire vous imposer des frais de m\u00e9nage \u00e9normes qui grugent votre d\u00e9p\u00f4t de garantie. Si vous louez, vous savez que le<\/p>\n","protected":false},"author":1,"featured_media":3980,"comment_status":"","ping_status":"","sticky":false,"template":"","format":"standard","meta":{"footnotes":""},"categories":[41],"tags":[1599,45,1857,14,4437,5,2057,8,4],"class_list":["post-3979","post","type-post","status-publish","format-standard","has-post-thumbnail","hentry","category-argent","tag-combattre","tag-eviter","tag-frais","tag-les","tag-menage","tag-pouvez","tag-proprietaire","tag-votre","tag-vous","generate-columns","tablet-grid-50","mobile-grid-100","grid-parent","grid-33"],"yoast_head":"<!-- This site is optimized with the Yoast SEO plugin v24.0 - https:\/\/yoast.com\/wordpress\/plugins\/seo\/ -->\n<title>Vous pouvez combattre (et \u00e9viter) les frais de m\u00e9nage de votre propri\u00e9taire | Vie Associative<\/title>\n<meta name=\"robots\" content=\"index, follow, max-snippet:-1, max-image-preview:large, max-video-preview:-1\" \/>\n<link rel=\"canonical\" href=\"https:\/\/vieassociative.be\/actualites\/vous-pouvez-combattre-et-eviter-les-frais-de-menage-de-votre-proprietaire\/\" \/>\n<meta property=\"og:locale\" content=\"fr_FR\" \/>\n<meta property=\"og:type\" content=\"article\" \/>\n<meta property=\"og:title\" content=\"Vous pouvez combattre (et \u00e9viter) les frais de m\u00e9nage de votre propri\u00e9taire | Vie Associative\" \/>\n<meta property=\"og:description\" content=\"Ne laissez pas votre propri\u00e9taire vous imposer des frais de m\u00e9nage \u00e9normes qui grugent votre d\u00e9p\u00f4t de garantie. Si vous louez, vous savez que le\" \/>\n<meta property=\"og:url\" content=\"https:\/\/vieassociative.be\/actualites\/vous-pouvez-combattre-et-eviter-les-frais-de-menage-de-votre-proprietaire\/\" \/>\n<meta property=\"og:site_name\" content=\"Vie Associative\" \/>\n<meta property=\"article:published_time\" content=\"2025-01-02T13:17:18+00:00\" \/>\n<meta property=\"og:image\" content=\"https:\/\/vieassociative.be\/actualites\/wp-content\/uploads\/2024\/09\/header_backgroundk-01-e1726694325946.png\" \/>\n\t<meta property=\"og:image:width\" content=\"279\" \/>\n\t<meta property=\"og:image:height\" content=\"92\" \/>\n\t<meta property=\"og:image:type\" content=\"image\/png\" \/>\n<meta name=\"author\" content=\"Julien\" \/>\n<meta name=\"twitter:card\" content=\"summary_large_image\" \/>\n<meta name=\"twitter:label1\" content=\"\u00c9crit par\" \/>\n\t<meta name=\"twitter:data1\" content=\"Julien\" \/>\n\t<meta name=\"twitter:label2\" content=\"Dur\u00e9e de lecture est.\" \/>\n\t<meta name=\"twitter:data2\" content=\"6 minutes\" \/>\n<script type=\"application\/ld+json\" class=\"yoast-schema-graph\">{\"@context\":\"https:\/\/schema.org\",\"@graph\":[{\"@type\":\"Article\",\"@id\":\"https:\/\/vieassociative.be\/actualites\/vous-pouvez-combattre-et-eviter-les-frais-de-menage-de-votre-proprietaire\/#article\",\"isPartOf\":{\"@id\":\"https:\/\/vieassociative.be\/actualites\/vous-pouvez-combattre-et-eviter-les-frais-de-menage-de-votre-proprietaire\/\"},\"author\":{\"name\":\"Julien\",\"@id\":\"https:\/\/vieassociative.be\/actualites\/#\/schema\/person\/b87ac4f82f9d4e7b7cec7395b679edc4\"},\"headline\":\"Vous pouvez combattre (et \u00e9viter) les frais de m\u00e9nage de votre propri\u00e9taire\",\"datePublished\":\"2025-01-02T13:17:18+00:00\",\"dateModified\":\"2025-01-02T13:17:18+00:00\",\"mainEntityOfPage\":{\"@id\":\"https:\/\/vieassociative.be\/actualites\/vous-pouvez-combattre-et-eviter-les-frais-de-menage-de-votre-proprietaire\/\"},\"wordCount\":1144,\"publisher\":{\"@id\":\"https:\/\/vieassociative.be\/actualites\/#organization\"},\"image\":{\"@id\":\"https:\/\/vieassociative.be\/actualites\/vous-pouvez-combattre-et-eviter-les-frais-de-menage-de-votre-proprietaire\/#primaryimage\"},\"thumbnailUrl\":\"https:\/\/vieassociative.be\/actualites\/wp-content\/uploads\/2025\/01\/Vous-pouvez-combattre-et-eviter-les-frais-de-menage-de.jpg\",\"keywords\":[\"combattre\",\"\u00e9viter\",\"frais\",\"Les\",\"m\u00e9nage\",\"pouvez\",\"propri\u00e9taire\",\"votre\",\"Vous\"],\"articleSection\":[\"Argent\"],\"inLanguage\":\"fr-BE\"},{\"@type\":\"WebPage\",\"@id\":\"https:\/\/vieassociative.be\/actualites\/vous-pouvez-combattre-et-eviter-les-frais-de-menage-de-votre-proprietaire\/\",\"url\":\"https:\/\/vieassociative.be\/actualites\/vous-pouvez-combattre-et-eviter-les-frais-de-menage-de-votre-proprietaire\/\",\"name\":\"Vous pouvez combattre (et \u00e9viter) les frais de m\u00e9nage de votre propri\u00e9taire | Vie Associative\",\"isPartOf\":{\"@id\":\"https:\/\/vieassociative.be\/actualites\/#website\"},\"primaryImageOfPage\":{\"@id\":\"https:\/\/vieassociative.be\/actualites\/vous-pouvez-combattre-et-eviter-les-frais-de-menage-de-votre-proprietaire\/#primaryimage\"},\"image\":{\"@id\":\"https:\/\/vieassociative.be\/actualites\/vous-pouvez-combattre-et-eviter-les-frais-de-menage-de-votre-proprietaire\/#primaryimage\"},\"thumbnailUrl\":\"https:\/\/vieassociative.be\/actualites\/wp-content\/uploads\/2025\/01\/Vous-pouvez-combattre-et-eviter-les-frais-de-menage-de.jpg\",\"datePublished\":\"2025-01-02T13:17:18+00:00\",\"dateModified\":\"2025-01-02T13:17:18+00:00\",\"breadcrumb\":{\"@id\":\"https:\/\/vieassociative.be\/actualites\/vous-pouvez-combattre-et-eviter-les-frais-de-menage-de-votre-proprietaire\/#breadcrumb\"},\"inLanguage\":\"fr-BE\",\"potentialAction\":[{\"@type\":\"ReadAction\",\"target\":[\"https:\/\/vieassociative.be\/actualites\/vous-pouvez-combattre-et-eviter-les-frais-de-menage-de-votre-proprietaire\/\"]}]},{\"@type\":\"ImageObject\",\"inLanguage\":\"fr-BE\",\"@id\":\"https:\/\/vieassociative.be\/actualites\/vous-pouvez-combattre-et-eviter-les-frais-de-menage-de-votre-proprietaire\/#primaryimage\",\"url\":\"https:\/\/vieassociative.be\/actualites\/wp-content\/uploads\/2025\/01\/Vous-pouvez-combattre-et-eviter-les-frais-de-menage-de.jpg\",\"contentUrl\":\"https:\/\/vieassociative.be\/actualites\/wp-content\/uploads\/2025\/01\/Vous-pouvez-combattre-et-eviter-les-frais-de-menage-de.jpg\",\"width\":1200,\"height\":675,\"caption\":\"Vous pouvez combattre (et \u00e9viter) les frais de m\u00e9nage de votre propri\u00e9taire\"},{\"@type\":\"BreadcrumbList\",\"@id\":\"https:\/\/vieassociative.be\/actualites\/vous-pouvez-combattre-et-eviter-les-frais-de-menage-de-votre-proprietaire\/#breadcrumb\",\"itemListElement\":[{\"@type\":\"ListItem\",\"position\":1,\"name\":\"Accueil\",\"item\":\"https:\/\/vieassociative.be\/actualites\/\"},{\"@type\":\"ListItem\",\"position\":2,\"name\":\"Vous pouvez combattre (et \u00e9viter) les frais de m\u00e9nage de votre propri\u00e9taire\"}]},{\"@type\":\"WebSite\",\"@id\":\"https:\/\/vieassociative.be\/actualites\/#website\",\"url\":\"https:\/\/vieassociative.be\/actualites\/\",\"name\":\"Vie Associative\",\"description\":\"\",\"publisher\":{\"@id\":\"https:\/\/vieassociative.be\/actualites\/#organization\"},\"potentialAction\":[{\"@type\":\"SearchAction\",\"target\":{\"@type\":\"EntryPoint\",\"urlTemplate\":\"https:\/\/vieassociative.be\/actualites\/?s={search_term_string}\"},\"query-input\":{\"@type\":\"PropertyValueSpecification\",\"valueRequired\":true,\"valueName\":\"search_term_string\"}}],\"inLanguage\":\"fr-BE\"},{\"@type\":\"Organization\",\"@id\":\"https:\/\/vieassociative.be\/actualites\/#organization\",\"name\":\"Vie Associative\",\"url\":\"https:\/\/vieassociative.be\/actualites\/\",\"logo\":{\"@type\":\"ImageObject\",\"inLanguage\":\"fr-BE\",\"@id\":\"https:\/\/vieassociative.be\/actualites\/#\/schema\/logo\/image\/\",\"url\":\"https:\/\/vieassociative.be\/actualites\/wp-content\/uploads\/2024\/09\/cropped-vieassociative_favicon.ico.png\",\"contentUrl\":\"https:\/\/vieassociative.be\/actualites\/wp-content\/uploads\/2024\/09\/cropped-vieassociative_favicon.ico.png\",\"width\":512,\"height\":512,\"caption\":\"Vie Associative\"},\"image\":{\"@id\":\"https:\/\/vieassociative.be\/actualites\/#\/schema\/logo\/image\/\"}},{\"@type\":\"Person\",\"@id\":\"https:\/\/vieassociative.be\/actualites\/#\/schema\/person\/b87ac4f82f9d4e7b7cec7395b679edc4\",\"name\":\"Julien\",\"image\":{\"@type\":\"ImageObject\",\"inLanguage\":\"fr-BE\",\"@id\":\"https:\/\/vieassociative.be\/actualites\/#\/schema\/person\/image\/\",\"url\":\"https:\/\/vieassociative.be\/actualites\/wp-content\/uploads\/2024\/09\/vie-associative-1-150x150.jpg\",\"contentUrl\":\"https:\/\/vieassociative.be\/actualites\/wp-content\/uploads\/2024\/09\/vie-associative-1-150x150.jpg\",\"caption\":\"Julien\"},\"description\":\"Je suis Julien, r\u00e9dacteur pour Vie Associative. Passionn\u00e9 par le monde associatif depuis plus de 10 ans, j'ai \u00e0 c\u0153ur de partager des histoires inspirantes et de mettre en lumi\u00e8re les initiatives locales. Mon objectif est de sensibiliser et d'encourager l'engagement communautaire \u00e0 travers mes articles.\",\"sameAs\":[\"https:\/\/vieassociative.be\/\"]}]}<\/script>\n<!-- \/ Yoast SEO plugin. -->","yoast_head_json":{"title":"Vous pouvez combattre (et \u00e9viter) les frais de m\u00e9nage de votre propri\u00e9taire | Vie Associative","robots":{"index":"index","follow":"follow","max-snippet":"max-snippet:-1","max-image-preview":"max-image-preview:large","max-video-preview":"max-video-preview:-1"},"canonical":"https:\/\/vieassociative.be\/actualites\/vous-pouvez-combattre-et-eviter-les-frais-de-menage-de-votre-proprietaire\/","og_locale":"fr_FR","og_type":"article","og_title":"Vous pouvez combattre (et \u00e9viter) les frais de m\u00e9nage de votre propri\u00e9taire | Vie Associative","og_description":"Ne laissez pas votre propri\u00e9taire vous imposer des frais de m\u00e9nage \u00e9normes qui grugent votre d\u00e9p\u00f4t de garantie. Si vous louez, vous savez que le","og_url":"https:\/\/vieassociative.be\/actualites\/vous-pouvez-combattre-et-eviter-les-frais-de-menage-de-votre-proprietaire\/","og_site_name":"Vie Associative","article_published_time":"2025-01-02T13:17:18+00:00","og_image":[{"width":279,"height":92,"url":"https:\/\/vieassociative.be\/actualites\/wp-content\/uploads\/2024\/09\/header_backgroundk-01-e1726694325946.png","type":"image\/png"}],"author":"Julien","twitter_card":"summary_large_image","twitter_misc":{"\u00c9crit par":"Julien","Dur\u00e9e de lecture est.":"6 minutes"},"schema":{"@context":"https:\/\/schema.org","@graph":[{"@type":"Article","@id":"https:\/\/vieassociative.be\/actualites\/vous-pouvez-combattre-et-eviter-les-frais-de-menage-de-votre-proprietaire\/#article","isPartOf":{"@id":"https:\/\/vieassociative.be\/actualites\/vous-pouvez-combattre-et-eviter-les-frais-de-menage-de-votre-proprietaire\/"},"author":{"name":"Julien","@id":"https:\/\/vieassociative.be\/actualites\/#\/schema\/person\/b87ac4f82f9d4e7b7cec7395b679edc4"},"headline":"Vous pouvez combattre (et \u00e9viter) les frais de m\u00e9nage de votre propri\u00e9taire","datePublished":"2025-01-02T13:17:18+00:00","dateModified":"2025-01-02T13:17:18+00:00","mainEntityOfPage":{"@id":"https:\/\/vieassociative.be\/actualites\/vous-pouvez-combattre-et-eviter-les-frais-de-menage-de-votre-proprietaire\/"},"wordCount":1144,"publisher":{"@id":"https:\/\/vieassociative.be\/actualites\/#organization"},"image":{"@id":"https:\/\/vieassociative.be\/actualites\/vous-pouvez-combattre-et-eviter-les-frais-de-menage-de-votre-proprietaire\/#primaryimage"},"thumbnailUrl":"https:\/\/vieassociative.be\/actualites\/wp-content\/uploads\/2025\/01\/Vous-pouvez-combattre-et-eviter-les-frais-de-menage-de.jpg","keywords":["combattre","\u00e9viter","frais","Les","m\u00e9nage","pouvez","propri\u00e9taire","votre","Vous"],"articleSection":["Argent"],"inLanguage":"fr-BE"},{"@type":"WebPage","@id":"https:\/\/vieassociative.be\/actualites\/vous-pouvez-combattre-et-eviter-les-frais-de-menage-de-votre-proprietaire\/","url":"https:\/\/vieassociative.be\/actualites\/vous-pouvez-combattre-et-eviter-les-frais-de-menage-de-votre-proprietaire\/","name":"Vous pouvez combattre (et \u00e9viter) les frais de m\u00e9nage de votre propri\u00e9taire | Vie Associative","isPartOf":{"@id":"https:\/\/vieassociative.be\/actualites\/#website"},"primaryImageOfPage":{"@id":"https:\/\/vieassociative.be\/actualites\/vous-pouvez-combattre-et-eviter-les-frais-de-menage-de-votre-proprietaire\/#primaryimage"},"image":{"@id":"https:\/\/vieassociative.be\/actualites\/vous-pouvez-combattre-et-eviter-les-frais-de-menage-de-votre-proprietaire\/#primaryimage"},"thumbnailUrl":"https:\/\/vieassociative.be\/actualites\/wp-content\/uploads\/2025\/01\/Vous-pouvez-combattre-et-eviter-les-frais-de-menage-de.jpg","datePublished":"2025-01-02T13:17:18+00:00","dateModified":"2025-01-02T13:17:18+00:00","breadcrumb":{"@id":"https:\/\/vieassociative.be\/actualites\/vous-pouvez-combattre-et-eviter-les-frais-de-menage-de-votre-proprietaire\/#breadcrumb"},"inLanguage":"fr-BE","potentialAction":[{"@type":"ReadAction","target":["https:\/\/vieassociative.be\/actualites\/vous-pouvez-combattre-et-eviter-les-frais-de-menage-de-votre-proprietaire\/"]}]},{"@type":"ImageObject","inLanguage":"fr-BE","@id":"https:\/\/vieassociative.be\/actualites\/vous-pouvez-combattre-et-eviter-les-frais-de-menage-de-votre-proprietaire\/#primaryimage","url":"https:\/\/vieassociative.be\/actualites\/wp-content\/uploads\/2025\/01\/Vous-pouvez-combattre-et-eviter-les-frais-de-menage-de.jpg","contentUrl":"https:\/\/vieassociative.be\/actualites\/wp-content\/uploads\/2025\/01\/Vous-pouvez-combattre-et-eviter-les-frais-de-menage-de.jpg","width":1200,"height":675,"caption":"Vous pouvez combattre (et \u00e9viter) les frais de m\u00e9nage de votre propri\u00e9taire"},{"@type":"BreadcrumbList","@id":"https:\/\/vieassociative.be\/actualites\/vous-pouvez-combattre-et-eviter-les-frais-de-menage-de-votre-proprietaire\/#breadcrumb","itemListElement":[{"@type":"ListItem","position":1,"name":"Accueil","item":"https:\/\/vieassociative.be\/actualites\/"},{"@type":"ListItem","position":2,"name":"Vous pouvez combattre (et \u00e9viter) les frais de m\u00e9nage de votre propri\u00e9taire"}]},{"@type":"WebSite","@id":"https:\/\/vieassociative.be\/actualites\/#website","url":"https:\/\/vieassociative.be\/actualites\/","name":"Vie Associative","description":"","publisher":{"@id":"https:\/\/vieassociative.be\/actualites\/#organization"},"potentialAction":[{"@type":"SearchAction","target":{"@type":"EntryPoint","urlTemplate":"https:\/\/vieassociative.be\/actualites\/?s={search_term_string}"},"query-input":{"@type":"PropertyValueSpecification","valueRequired":true,"valueName":"search_term_string"}}],"inLanguage":"fr-BE"},{"@type":"Organization","@id":"https:\/\/vieassociative.be\/actualites\/#organization","name":"Vie Associative","url":"https:\/\/vieassociative.be\/actualites\/","logo":{"@type":"ImageObject","inLanguage":"fr-BE","@id":"https:\/\/vieassociative.be\/actualites\/#\/schema\/logo\/image\/","url":"https:\/\/vieassociative.be\/actualites\/wp-content\/uploads\/2024\/09\/cropped-vieassociative_favicon.ico.png","contentUrl":"https:\/\/vieassociative.be\/actualites\/wp-content\/uploads\/2024\/09\/cropped-vieassociative_favicon.ico.png","width":512,"height":512,"caption":"Vie Associative"},"image":{"@id":"https:\/\/vieassociative.be\/actualites\/#\/schema\/logo\/image\/"}},{"@type":"Person","@id":"https:\/\/vieassociative.be\/actualites\/#\/schema\/person\/b87ac4f82f9d4e7b7cec7395b679edc4","name":"Julien","image":{"@type":"ImageObject","inLanguage":"fr-BE","@id":"https:\/\/vieassociative.be\/actualites\/#\/schema\/person\/image\/","url":"https:\/\/vieassociative.be\/actualites\/wp-content\/uploads\/2024\/09\/vie-associative-1-150x150.jpg","contentUrl":"https:\/\/vieassociative.be\/actualites\/wp-content\/uploads\/2024\/09\/vie-associative-1-150x150.jpg","caption":"Julien"},"description":"Je suis Julien, r\u00e9dacteur pour Vie Associative. Passionn\u00e9 par le monde associatif depuis plus de 10 ans, j'ai \u00e0 c\u0153ur de partager des histoires inspirantes et de mettre en lumi\u00e8re les initiatives locales. Mon objectif est de sensibiliser et d'encourager l'engagement communautaire \u00e0 travers mes articles.","sameAs":["https:\/\/vieassociative.be\/"]}]}},"_links":{"self":[{"href":"https:\/\/vieassociative.be\/actualites\/wp-json\/wp\/v2\/posts\/3979"}],"collection":[{"href":"https:\/\/vieassociative.be\/actualites\/wp-json\/wp\/v2\/posts"}],"about":[{"href":"https:\/\/vieassociative.be\/actualites\/wp-json\/wp\/v2\/types\/post"}],"author":[{"embeddable":true,"href":"https:\/\/vieassociative.be\/actualites\/wp-json\/wp\/v2\/users\/1"}],"replies":[{"embeddable":true,"href":"https:\/\/vieassociative.be\/actualites\/wp-json\/wp\/v2\/comments?post=3979"}],"version-history":[{"count":0,"href":"https:\/\/vieassociative.be\/actualites\/wp-json\/wp\/v2\/posts\/3979\/revisions"}],"wp:featuredmedia":[{"embeddable":true,"href":"https:\/\/vieassociative.be\/actualites\/wp-json\/wp\/v2\/media\/3980"}],"wp:attachment":[{"href":"https:\/\/vieassociative.be\/actualites\/wp-json\/wp\/v2\/media?parent=3979"}],"wp:term":[{"taxonomy":"category","embeddable":true,"href":"https:\/\/vieassociative.be\/actualites\/wp-json\/wp\/v2\/categories?post=3979"},{"taxonomy":"post_tag","embeddable":true,"href":"https:\/\/vieassociative.be\/actualites\/wp-json\/wp\/v2\/tags?post=3979"}],"curies":[{"name":"wp","href":"https:\/\/api.w.org\/{rel}","templated":true}]}}